{"id":2948,"date":"2025-11-01T04:22:16","date_gmt":"2025-11-01T04:22:16","guid":{"rendered":"https:\/\/tardecit.com\/?p=2948"},"modified":"2025-11-06T11:37:13","modified_gmt":"2025-11-06T11:37:13","slug":"ciudades-con-mas-paro-de-espana","status":"publish","type":"post","link":"https:\/\/dudasytextos.com\/finanzas\/espana\/ciudades-con-mas-paro-de-espana\/","title":{"rendered":"Las ciudades espa\u00f1olas con mayor desempleo: \u00bfCu\u00e1les son las m\u00e1s afectadas?"},"content":{"rendered":"<p><a href=\"https:\/\/dudasytextos.com\/finanzas\/invertir\/donde-invertir-interes-compuesto-espana\/\">Espa\u00f1a<\/a> es un pa\u00eds con varias ciudades que experimentan altos \u00edndices de desempleo. Algunas de las ciudades con mayor tasa de paro incluyen Las Palmas de Gran Canaria, con una tasa de desempleo del 27,4%, seguida de C\u00e1diz con un 26,7% y Almer\u00eda con un 25,8%. Estas cifras reflejan la dif\u00edcil situaci\u00f3n laboral que enfrentan estas ciudades, lo que implica un reto importante para sus habitantes y las autoridades locales en la b\u00fasqueda de soluciones y oportunidades de empleo.<\/p>\n<div style=\"float: none;clear: both;width: 100%;position: relative;padding-bottom: 68%;padding-top: 25px;height: 0;\"><iframe style=\"position: absolute; top: 0; left: 0; width: 100%;height: 100%;\" src=\"https:\/\/www.youtube.com\/embed\/5jRQsT--vAE\" frameborder=\"0\" allowfullscreen=\"allowfullscreen\"><\/iframe><\/div>\n<p><\/p>\n<h2>\u00bfCu\u00e1l es la provincia espa\u00f1ola con la tasa de desempleo m\u00e1s alta?<\/h2>\n<p>La provincia de C\u00e1diz se posiciona como la provincia espa\u00f1ola con la tasa de desempleo m\u00e1s alta, alcanzando un preocupante 24,96% al cierre del primer trimestre del a\u00f1o. Esta situaci\u00f3n destaca la urgente necesidad de tomar medidas para impulsar el empleo en la regi\u00f3n y brindar oportunidades a sus habitantes.<\/p>\n<p>La situaci\u00f3n laboral en la provincia gaditana es alarmante, con una tasa de desempleo que supera el 24%. Es imperativo que se implementen medidas efectivas para fomentar el empleo y ofrecer opciones laborales a los habitantes de la regi\u00f3n.<\/p>\n<h2>\u00bfEn qu\u00e9 regi\u00f3n de Espa\u00f1a disminuye m\u00e1s el desempleo?<\/h2>\n<p>Seg\u00fan los \u00faltimos datos, el desempleo ha disminuido en 10 comunidades aut\u00f3nomas en Espa\u00f1a. Las cifras m\u00e1s notables se observan en Andaluc\u00eda, donde se registr\u00f3 una disminuci\u00f3n de 5.166 personas sin empleo, seguida de la Comunidad de Madrid con una bajada de 2.926 personas y Galicia con una disminuci\u00f3n de 1.579 desempleados. Estos datos indican una mejora en el mercado laboral en estas regiones, aunque es necesario seguir trabajando para reducir a\u00fan m\u00e1s el desempleo en todo el pa\u00eds.<\/p>\n<p>Seg\u00fan los \u00faltimos datos, el desempleo ha disminuido en 10 comunidades aut\u00f3nomas en Espa\u00f1a, destacando Andaluc\u00eda con una reducci\u00f3n de 5.166 personas sin empleo, seguida de la Comunidad de Madrid con 2.926 personas menos y Galicia con 1.579 desempleados menos. Estos datos reflejan una mejora en el mercado laboral regional, pero a\u00fan queda <a href=\"https:\/\/dudasytextos.com\/finanzas\/cuanto\/cuanto-tarda-en-llegar-una-inspeccion-de-trabajo\/\">trabajo<\/a> por hacer para reducir el desempleo a nivel nacional.<\/p>\n<h2>\u00bfCu\u00e1l es la provincia que tiene el menor \u00edndice de desempleo?<\/h2>\n<p>Seg\u00fan datos del cuarto trimestre de 2022, La Rioja se posiciona como la provincia con el menor \u00edndice de desempleo a nivel nacional, registrando menos del 9% de tasa de paro. Por otro lado, Andaluc\u00eda, as\u00ed como las ciudades aut\u00f3nomas de Melilla y Ceuta, presentan porcentajes de desempleo superiores al 19%. Estas cifras reflejan la disparidad en el panorama laboral de Espa\u00f1a y resaltan la importancia de implementar pol\u00edticas y medidas que fomenten la creaci\u00f3n de empleo en las regiones m\u00e1s afectadas.<\/p>\n<p>La provincia de La Rioja lidera a nivel nacional con la tasa de desempleo m\u00e1s baja, mientras que Andaluc\u00eda, Melilla y Ceuta presentan cifras preocupantes de desempleo, destacando la necesidad de implementar pol\u00edticas laborales efectivas en las regiones m\u00e1s afectadas.<\/p>\n<h2>Ciudades espa\u00f1olas con altas tasas de desempleo: un an\u00e1lisis exhaustivo<\/h2>\n<p>En este art\u00edculo realizaremos un an\u00e1lisis exhaustivo sobre las ciudades espa\u00f1olas con altas tasas de desempleo. Comenzaremos por examinar las causas de este fen\u00f3meno, como la falta de oportunidades laborales y la crisis econ\u00f3mica. Adem\u00e1s, exploraremos las consecuencias del desempleo en estas ciudades, como el aumento de la pobreza y la desigualdad. Tambi\u00e9n examinaremos las posibles soluciones para reducir el desempleo, como la creaci\u00f3n de programas de formaci\u00f3n y el fomento del emprendimiento. En definitiva, este art\u00edculo ofrecer\u00e1 una visi\u00f3n detallada de la situaci\u00f3n laboral en estas ciudades espa\u00f1olas y las posibles medidas a tomar.<\/p>\n<p>Adem\u00e1s de analizar las causas y consecuencias del desempleo en las ciudades espa\u00f1olas con altas tasas, tambi\u00e9n se explorar\u00e1n posibles soluciones para abordar este problema de manera efectiva.<\/p>\n<h2>El desaf\u00edo del desempleo en las principales ciudades espa\u00f1olas<\/h2>\n<p>El desempleo en las principales ciudades espa\u00f1olas sigue siendo un desaf\u00edo constante para la <a href=\"https:\/\/dudasytextos.com\/finanzas\/blog\/las-crisis-globales-demandan-expertos-en-filosofia-politica-y-economia\/\">econom\u00eda<\/a> del pa\u00eds. A pesar de los esfuerzos por generar empleo, la falta de oportunidades laborales contin\u00faa afectando a miles de personas. La tasa de desempleo en estas ciudades se mantiene alta, lo que pone en evidencia la necesidad de implementar pol\u00edticas y programas que fomenten la creaci\u00f3n de empleo y la formaci\u00f3n de los trabajadores. Es fundamental que se promueva la colaboraci\u00f3n entre los sectores p\u00fablico y privado para impulsar la econom\u00eda y reducir el desempleo en estas \u00e1reas urbanas.<\/p>\n<p>En las principales ciudades de Espa\u00f1a, el desempleo sigue siendo un reto para la econom\u00eda, a pesar de los esfuerzos por generar oportunidades laborales. La alta tasa de desempleo evidencia la necesidad de implementar pol\u00edticas y programas que impulsen la creaci\u00f3n de empleo y la formaci\u00f3n de los trabajadores, mediante la colaboraci\u00f3n entre el sector p\u00fablico y privado.<\/p>\n<h2>Las ciudades con m\u00e1s paro en Espa\u00f1a: una radiograf\u00eda de la situaci\u00f3n laboral<\/h2>\n<p>En Espa\u00f1a, el desempleo es un problema que afecta a muchas ciudades, pero algunas se destacan por tener una tasa de paro m\u00e1s alta que otras. Entre estas se encuentran C\u00e1diz, Badajoz y Ja\u00e9n, donde el desempleo supera el 20%. Estas ciudades se enfrentan a retos importantes en cuanto a la generaci\u00f3n de empleo y la mejora de la situaci\u00f3n laboral. Es fundamental analizar estas cifras para comprender la realidad econ\u00f3mica y social de cada lugar, y as\u00ed buscar soluciones efectivas para combatir el desempleo y promover el crecimiento econ\u00f3mico.<\/p>\n<p>En ciertas ciudades de Espa\u00f1a, como C\u00e1diz, Badajoz y Ja\u00e9n, se presenta una preocupante tasa de desempleo que supera el 20%. Estas localidades enfrentan desaf\u00edos significativos en t\u00e9rminos de generaci\u00f3n de empleo y mejora de la situaci\u00f3n laboral, lo cual requiere un an\u00e1lisis detallado para encontrar soluciones efectivas y promover el crecimiento econ\u00f3mico.<\/p>\n<h2>Desempleo urbano en Espa\u00f1a: las ciudades con mayores desaf\u00edos econ\u00f3micos<\/h2>\n<p>El desempleo urbano en Espa\u00f1a es uno de los mayores desaf\u00edos econ\u00f3micos a los que se enfrentan las ciudades. Con una tasa de desempleo que supera el promedio nacional, ciudades como Madrid, Barcelona y Valencia se encuentran entre las m\u00e1s afectadas. La falta de oportunidades laborales, especialmente para los j\u00f3venes, ha llevado a un aumento en la pobreza y la exclusi\u00f3n social. Es fundamental implementar pol\u00edticas y programas que fomenten la creaci\u00f3n de empleo y apoyen a aquellos que est\u00e1n en situaci\u00f3n de desempleo para revitalizar las econom\u00edas urbanas y mejorar la calidad de vida de sus habitantes.<\/p>\n<p>Aumentar la oferta laboral y brindar apoyo a los desempleados son acciones esenciales para combatir el desempleo urbano en Espa\u00f1a y mejorar la situaci\u00f3n econ\u00f3mica y social de las ciudades m\u00e1s afectadas como Madrid, Barcelona y Valencia.<\/p>\n<div style=\"float: none;clear: both;width: 100%;position: relative;padding-bottom: 68%;padding-top: 25px;height: 0;\"><iframe style=\"position: absolute; top: 0; left: 0; width: 100%;height: 100%;\" src=\"https:\/\/www.youtube.com\/embed\/We4RhNdTh-I\" frameborder=\"0\" allowfullscreen=\"allowfullscreen\"><\/iframe><\/div>\n<p><\/p>\n<p>En conclusi\u00f3n, las ciudades con mayor tasa de desempleo en Espa\u00f1a enfrentan desaf\u00edos econ\u00f3micos y sociales significativos. Estas \u00e1reas urbanas se caracterizan por una alta concentraci\u00f3n de desempleados, lo que impacta negativamente en la calidad de vida de sus habitantes, generando problemas de pobreza y exclusi\u00f3n social. Es crucial que tanto el gobierno central como los gobiernos regionales implementen pol\u00edticas y medidas efectivas para fomentar la creaci\u00f3n de empleo y revitalizar estas ciudades. La diversificaci\u00f3n de la econom\u00eda, la promoci\u00f3n del emprendimiento y la inversi\u00f3n en infraestructuras y sectores clave son algunas de las estrategias que podr\u00edan contribuir a reducir el desempleo y mejorar el panorama laboral en estas \u00e1reas. Adem\u00e1s, es fundamental fortalecer la formaci\u00f3n y capacitaci\u00f3n de los trabajadores, adapt\u00e1ndola a las necesidades del mercado laboral, para facilitar su inserci\u00f3n y movilidad laboral. Solo a trav\u00e9s de un enfoque integral y colaborativo se podr\u00e1 superar el desaf\u00edo del desempleo en estas ciudades y garantizar un futuro m\u00e1s pr\u00f3spero y equitativo para sus habitantes.<\/p>\n","protected":false},"excerpt":{"rendered":"<p>Espa\u00f1a es un pa\u00eds con varias ciudades que experimentan altos \u00edndices de desempleo. Algunas de las ciudades con mayor tasa de paro incluyen Las Palmas<\/p>\n","protected":false},"author":2,"featured_media":2949,"comment_status":"closed","ping_status":"closed","sticky":false,"template":"","format":"standard","meta":{"footnotes":""},"categories":[10],"tags":[],"class_list":["post-2948","post","type-post","status-publish","format-standard","has-post-thumbnail","hentry","category-espana"],"yoast_head":"<!-- This site is optimized with the Yoast SEO plugin v28.4 - https:\/\/yoast.com\/product\/yoast-seo-wordpress\/ -->\n<title>Las ciudades espa\u00f1olas con mayor desempleo: \u00bfCu\u00e1les son las m\u00e1s afectadas? [2026]<\/title>\n<meta name=\"description\" content=\"\u27a4 Las ciudades espa\u00f1olas con mayor desempleo: \u00bfCu\u00e1les son las m\u00e1s afectadas? \u261d Espa\u00f1a es un pa\u00eds con varias ciudades que experimentan altos \u00edndices de desempleo. Algunas de las ciudades con mayor tasa de paro incluyen Las Palmas de ... \u27a4\" \/>\n<meta name=\"robots\" content=\"index, follow, max-snippet:-1, max-image-preview:large, max-video-preview:-1\" \/>\n<link rel=\"canonical\" href=\"https:\/\/dudasytextos.com\/finanzas\/espana\/ciudades-con-mas-paro-de-espana\/\" \/>\n<meta property=\"og:locale\" content=\"es_ES\" \/>\n<meta property=\"og:type\" content=\"article\" \/>\n<meta property=\"og:title\" content=\"Las ciudades espa\u00f1olas con mayor desempleo: \u00bfCu\u00e1les son las m\u00e1s afectadas? [2026]\" \/>\n<meta property=\"og:description\" content=\"\u27a4 Las ciudades espa\u00f1olas con mayor desempleo: \u00bfCu\u00e1les son las m\u00e1s afectadas? \u261d Espa\u00f1a es un pa\u00eds con varias ciudades que experimentan altos \u00edndices de desempleo. Algunas de las ciudades con mayor tasa de paro incluyen Las Palmas de ... \u27a4\" \/>\n<meta property=\"og:url\" content=\"https:\/\/dudasytextos.com\/finanzas\/espana\/ciudades-con-mas-paro-de-espana\/\" \/>\n<meta property=\"og:site_name\" content=\"TARDECIT.COM\" \/>\n<meta property=\"article:published_time\" content=\"2025-11-01T04:22:16+00:00\" \/>\n<meta property=\"article:modified_time\" content=\"2025-11-06T11:37:13+00:00\" \/>\n<meta property=\"og:image\" content=\"https:\/\/dudasytextos.com\/finanzas\/wp-content\/uploads\/2023\/11\/5jRQsT-vAE.jpg\" \/>\n\t<meta property=\"og:image:width\" content=\"768\" \/>\n\t<meta property=\"og:image:height\" content=\"432\" \/>\n\t<meta property=\"og:image:type\" content=\"image\/jpeg\" \/>\n<meta name=\"author\" content=\"Mar\u00eda Garc\u00eda Mart\u00ednez\" \/>\n<meta name=\"twitter:card\" content=\"summary_large_image\" \/>\n<meta name=\"twitter:label1\" content=\"Escrito por\" \/>\n\t<meta name=\"twitter:data1\" content=\"Mar\u00eda Garc\u00eda Mart\u00ednez\" \/>\n\t<meta name=\"twitter:label2\" content=\"Tiempo de lectura\" \/>\n\t<meta name=\"twitter:data2\" content=\"7 minutos\" \/>\n<script type=\"application\/ld+json\" class=\"yoast-schema-graph\">{\"@context\":\"https:\\\/\\\/schema.org\",\"@graph\":[{\"@type\":\"Article\",\"@id\":\"https:\\\/\\\/dudasytextos.com\\\/finanzas\\\/espana\\\/ciudades-con-mas-paro-de-espana\\\/#article\",\"isPartOf\":{\"@id\":\"https:\\\/\\\/dudasytextos.com\\\/finanzas\\\/espana\\\/ciudades-con-mas-paro-de-espana\\\/\"},\"author\":{\"name\":\"Mar\u00eda Garc\u00eda Mart\u00ednez\",\"@id\":\"https:\\\/\\\/dudasytextos.com\\\/finanzas\\\/#\\\/schema\\\/person\\\/fb6ccd9f43b9c518802c61bc09cf23ff\"},\"headline\":\"Las ciudades espa\u00f1olas con mayor desempleo: \u00bfCu\u00e1les son las m\u00e1s afectadas?\",\"datePublished\":\"2025-11-01T04:22:16+00:00\",\"dateModified\":\"2025-11-06T11:37:13+00:00\",\"mainEntityOfPage\":{\"@id\":\"https:\\\/\\\/dudasytextos.com\\\/finanzas\\\/espana\\\/ciudades-con-mas-paro-de-espana\\\/\"},\"wordCount\":1370,\"publisher\":{\"@id\":\"https:\\\/\\\/dudasytextos.com\\\/finanzas\\\/#organization\"},\"image\":{\"@id\":\"https:\\\/\\\/dudasytextos.com\\\/finanzas\\\/espana\\\/ciudades-con-mas-paro-de-espana\\\/#primaryimage\"},\"thumbnailUrl\":\"https:\\\/\\\/dudasytextos.com\\\/finanzas\\\/wp-content\\\/uploads\\\/2023\\\/11\\\/5jRQsT-vAE.jpg\",\"articleSection\":[\"Espa\u00f1a\"],\"inLanguage\":\"es\"},{\"@type\":\"WebPage\",\"@id\":\"https:\\\/\\\/dudasytextos.com\\\/finanzas\\\/espana\\\/ciudades-con-mas-paro-de-espana\\\/\",\"url\":\"https:\\\/\\\/dudasytextos.com\\\/finanzas\\\/espana\\\/ciudades-con-mas-paro-de-espana\\\/\",\"name\":\"Las ciudades espa\u00f1olas con mayor desempleo: \u00bfCu\u00e1les son las m\u00e1s afectadas? [2026]\",\"isPartOf\":{\"@id\":\"https:\\\/\\\/dudasytextos.com\\\/finanzas\\\/#website\"},\"primaryImageOfPage\":{\"@id\":\"https:\\\/\\\/dudasytextos.com\\\/finanzas\\\/espana\\\/ciudades-con-mas-paro-de-espana\\\/#primaryimage\"},\"image\":{\"@id\":\"https:\\\/\\\/dudasytextos.com\\\/finanzas\\\/espana\\\/ciudades-con-mas-paro-de-espana\\\/#primaryimage\"},\"thumbnailUrl\":\"https:\\\/\\\/dudasytextos.com\\\/finanzas\\\/wp-content\\\/uploads\\\/2023\\\/11\\\/5jRQsT-vAE.jpg\",\"datePublished\":\"2025-11-01T04:22:16+00:00\",\"dateModified\":\"2025-11-06T11:37:13+00:00\",\"description\":\"\u27a4 Las ciudades espa\u00f1olas con mayor desempleo: \u00bfCu\u00e1les son las m\u00e1s afectadas? \u261d Espa\u00f1a es un pa\u00eds con varias ciudades que experimentan altos \u00edndices de desempleo. Algunas de las ciudades con mayor tasa de paro incluyen Las Palmas de ... \u27a4\",\"breadcrumb\":{\"@id\":\"https:\\\/\\\/dudasytextos.com\\\/finanzas\\\/espana\\\/ciudades-con-mas-paro-de-espana\\\/#breadcrumb\"},\"inLanguage\":\"es\",\"potentialAction\":[{\"@type\":\"ReadAction\",\"target\":[\"https:\\\/\\\/dudasytextos.com\\\/finanzas\\\/espana\\\/ciudades-con-mas-paro-de-espana\\\/\"]}]},{\"@type\":\"ImageObject\",\"inLanguage\":\"es\",\"@id\":\"https:\\\/\\\/dudasytextos.com\\\/finanzas\\\/espana\\\/ciudades-con-mas-paro-de-espana\\\/#primaryimage\",\"url\":\"https:\\\/\\\/dudasytextos.com\\\/finanzas\\\/wp-content\\\/uploads\\\/2023\\\/11\\\/5jRQsT-vAE.jpg\",\"contentUrl\":\"https:\\\/\\\/dudasytextos.com\\\/finanzas\\\/wp-content\\\/uploads\\\/2023\\\/11\\\/5jRQsT-vAE.jpg\",\"width\":768,\"height\":432},{\"@type\":\"BreadcrumbList\",\"@id\":\"https:\\\/\\\/dudasytextos.com\\\/finanzas\\\/espana\\\/ciudades-con-mas-paro-de-espana\\\/#breadcrumb\",\"itemListElement\":[{\"@type\":\"ListItem\",\"position\":1,\"name\":\"Portada\",\"item\":\"https:\\\/\\\/dudasytextos.com\\\/finanzas\\\/\"},{\"@type\":\"ListItem\",\"position\":2,\"name\":\"Las ciudades espa\u00f1olas con mayor desempleo: \u00bfCu\u00e1les son las m\u00e1s afectadas?\"}]},{\"@type\":\"WebSite\",\"@id\":\"https:\\\/\\\/dudasytextos.com\\\/finanzas\\\/#website\",\"url\":\"https:\\\/\\\/dudasytextos.com\\\/finanzas\\\/\",\"name\":\"TARDECIT.COM\",\"description\":\"\",\"publisher\":{\"@id\":\"https:\\\/\\\/dudasytextos.com\\\/finanzas\\\/#organization\"},\"potentialAction\":[{\"@type\":\"SearchAction\",\"target\":{\"@type\":\"EntryPoint\",\"urlTemplate\":\"https:\\\/\\\/dudasytextos.com\\\/finanzas\\\/?s={search_term_string}\"},\"query-input\":{\"@type\":\"PropertyValueSpecification\",\"valueRequired\":true,\"valueName\":\"search_term_string\"}}],\"inLanguage\":\"es\"},{\"@type\":\"Organization\",\"@id\":\"https:\\\/\\\/dudasytextos.com\\\/finanzas\\\/#organization\",\"name\":\"TARDECIT.COM\",\"url\":\"https:\\\/\\\/dudasytextos.com\\\/finanzas\\\/\",\"logo\":{\"@type\":\"ImageObject\",\"inLanguage\":\"es\",\"@id\":\"https:\\\/\\\/dudasytextos.com\\\/finanzas\\\/#\\\/schema\\\/logo\\\/image\\\/\",\"url\":\"https:\\\/\\\/dudasytextos.com\\\/finanzas\\\/wp-content\\\/uploads\\\/2023\\\/10\\\/mediano.jpg\",\"contentUrl\":\"https:\\\/\\\/dudasytextos.com\\\/finanzas\\\/wp-content\\\/uploads\\\/2023\\\/10\\\/mediano.jpg\",\"width\":75,\"height\":75,\"caption\":\"TARDECIT.COM\"},\"image\":{\"@id\":\"https:\\\/\\\/dudasytextos.com\\\/finanzas\\\/#\\\/schema\\\/logo\\\/image\\\/\"}},{\"@type\":\"Person\",\"@id\":\"https:\\\/\\\/dudasytextos.com\\\/finanzas\\\/#\\\/schema\\\/person\\\/fb6ccd9f43b9c518802c61bc09cf23ff\",\"name\":\"Mar\u00eda Garc\u00eda Mart\u00ednez\",\"image\":{\"@type\":\"ImageObject\",\"inLanguage\":\"es\",\"@id\":\"https:\\\/\\\/secure.gravatar.com\\\/avatar\\\/a81248c0fa5700b777791576c7000b13dec582c2178e0d6198cafa21f8dfdede?s=96&d=mm&r=g\",\"url\":\"https:\\\/\\\/secure.gravatar.com\\\/avatar\\\/a81248c0fa5700b777791576c7000b13dec582c2178e0d6198cafa21f8dfdede?s=96&d=mm&r=g\",\"contentUrl\":\"https:\\\/\\\/secure.gravatar.com\\\/avatar\\\/a81248c0fa5700b777791576c7000b13dec582c2178e0d6198cafa21f8dfdede?s=96&d=mm&r=g\",\"caption\":\"Mar\u00eda Garc\u00eda Mart\u00ednez\"},\"description\":\"Soy experta en finanzas personales y asesoramiento financiero. Ayudo a las personas a tomar decisiones inteligentes con su dinero y a alcanzar sus metas financieras. A lo largo de mi carrera, he trabajado con clientes de diversas situaciones econ\u00f3micas y he brindado soluciones personalizadas para cada uno de ellos. Mi pasi\u00f3n por las finanzas me impulsa a compartir mi conocimiento a trav\u00e9s de mi blog, proporcionando consejos pr\u00e1cticos y estrategias efectivas para alcanzar la independencia financiera.\"}]}<\/script>\n<!-- \/ Yoast SEO plugin. -->","yoast_head_json":{"title":"Las ciudades espa\u00f1olas con mayor desempleo: \u00bfCu\u00e1les son las m\u00e1s afectadas? [2026]","description":"\u27a4 Las ciudades espa\u00f1olas con mayor desempleo: \u00bfCu\u00e1les son las m\u00e1s afectadas? \u261d Espa\u00f1a es un pa\u00eds con varias ciudades que experimentan altos \u00edndices de desempleo. Algunas de las ciudades con mayor tasa de paro incluyen Las Palmas de ... \u27a4","robots":{"index":"index","follow":"follow","max-snippet":"max-snippet:-1","max-image-preview":"max-image-preview:large","max-video-preview":"max-video-preview:-1"},"canonical":"https:\/\/dudasytextos.com\/finanzas\/espana\/ciudades-con-mas-paro-de-espana\/","og_locale":"es_ES","og_type":"article","og_title":"Las ciudades espa\u00f1olas con mayor desempleo: \u00bfCu\u00e1les son las m\u00e1s afectadas? [2026]","og_description":"\u27a4 Las ciudades espa\u00f1olas con mayor desempleo: \u00bfCu\u00e1les son las m\u00e1s afectadas? \u261d Espa\u00f1a es un pa\u00eds con varias ciudades que experimentan altos \u00edndices de desempleo. Algunas de las ciudades con mayor tasa de paro incluyen Las Palmas de ... \u27a4","og_url":"https:\/\/dudasytextos.com\/finanzas\/espana\/ciudades-con-mas-paro-de-espana\/","og_site_name":"TARDECIT.COM","article_published_time":"2025-11-01T04:22:16+00:00","article_modified_time":"2025-11-06T11:37:13+00:00","og_image":[{"width":768,"height":432,"url":"https:\/\/dudasytextos.com\/finanzas\/wp-content\/uploads\/2023\/11\/5jRQsT-vAE.jpg","type":"image\/jpeg"}],"author":"Mar\u00eda Garc\u00eda Mart\u00ednez","twitter_card":"summary_large_image","twitter_misc":{"Escrito por":"Mar\u00eda Garc\u00eda Mart\u00ednez","Tiempo de lectura":"7 minutos"},"schema":{"@context":"https:\/\/schema.org","@graph":[{"@type":"Article","@id":"https:\/\/dudasytextos.com\/finanzas\/espana\/ciudades-con-mas-paro-de-espana\/#article","isPartOf":{"@id":"https:\/\/dudasytextos.com\/finanzas\/espana\/ciudades-con-mas-paro-de-espana\/"},"author":{"name":"Mar\u00eda Garc\u00eda Mart\u00ednez","@id":"https:\/\/dudasytextos.com\/finanzas\/#\/schema\/person\/fb6ccd9f43b9c518802c61bc09cf23ff"},"headline":"Las ciudades espa\u00f1olas con mayor desempleo: \u00bfCu\u00e1les son las m\u00e1s afectadas?","datePublished":"2025-11-01T04:22:16+00:00","dateModified":"2025-11-06T11:37:13+00:00","mainEntityOfPage":{"@id":"https:\/\/dudasytextos.com\/finanzas\/espana\/ciudades-con-mas-paro-de-espana\/"},"wordCount":1370,"publisher":{"@id":"https:\/\/dudasytextos.com\/finanzas\/#organization"},"image":{"@id":"https:\/\/dudasytextos.com\/finanzas\/espana\/ciudades-con-mas-paro-de-espana\/#primaryimage"},"thumbnailUrl":"https:\/\/dudasytextos.com\/finanzas\/wp-content\/uploads\/2023\/11\/5jRQsT-vAE.jpg","articleSection":["Espa\u00f1a"],"inLanguage":"es"},{"@type":"WebPage","@id":"https:\/\/dudasytextos.com\/finanzas\/espana\/ciudades-con-mas-paro-de-espana\/","url":"https:\/\/dudasytextos.com\/finanzas\/espana\/ciudades-con-mas-paro-de-espana\/","name":"Las ciudades espa\u00f1olas con mayor desempleo: \u00bfCu\u00e1les son las m\u00e1s afectadas? [2026]","isPartOf":{"@id":"https:\/\/dudasytextos.com\/finanzas\/#website"},"primaryImageOfPage":{"@id":"https:\/\/dudasytextos.com\/finanzas\/espana\/ciudades-con-mas-paro-de-espana\/#primaryimage"},"image":{"@id":"https:\/\/dudasytextos.com\/finanzas\/espana\/ciudades-con-mas-paro-de-espana\/#primaryimage"},"thumbnailUrl":"https:\/\/dudasytextos.com\/finanzas\/wp-content\/uploads\/2023\/11\/5jRQsT-vAE.jpg","datePublished":"2025-11-01T04:22:16+00:00","dateModified":"2025-11-06T11:37:13+00:00","description":"\u27a4 Las ciudades espa\u00f1olas con mayor desempleo: \u00bfCu\u00e1les son las m\u00e1s afectadas? \u261d Espa\u00f1a es un pa\u00eds con varias ciudades que experimentan altos \u00edndices de desempleo. Algunas de las ciudades con mayor tasa de paro incluyen Las Palmas de ... \u27a4","breadcrumb":{"@id":"https:\/\/dudasytextos.com\/finanzas\/espana\/ciudades-con-mas-paro-de-espana\/#breadcrumb"},"inLanguage":"es","potentialAction":[{"@type":"ReadAction","target":["https:\/\/dudasytextos.com\/finanzas\/espana\/ciudades-con-mas-paro-de-espana\/"]}]},{"@type":"ImageObject","inLanguage":"es","@id":"https:\/\/dudasytextos.com\/finanzas\/espana\/ciudades-con-mas-paro-de-espana\/#primaryimage","url":"https:\/\/dudasytextos.com\/finanzas\/wp-content\/uploads\/2023\/11\/5jRQsT-vAE.jpg","contentUrl":"https:\/\/dudasytextos.com\/finanzas\/wp-content\/uploads\/2023\/11\/5jRQsT-vAE.jpg","width":768,"height":432},{"@type":"BreadcrumbList","@id":"https:\/\/dudasytextos.com\/finanzas\/espana\/ciudades-con-mas-paro-de-espana\/#breadcrumb","itemListElement":[{"@type":"ListItem","position":1,"name":"Portada","item":"https:\/\/dudasytextos.com\/finanzas\/"},{"@type":"ListItem","position":2,"name":"Las ciudades espa\u00f1olas con mayor desempleo: \u00bfCu\u00e1les son las m\u00e1s afectadas?"}]},{"@type":"WebSite","@id":"https:\/\/dudasytextos.com\/finanzas\/#website","url":"https:\/\/dudasytextos.com\/finanzas\/","name":"TARDECIT.COM","description":"","publisher":{"@id":"https:\/\/dudasytextos.com\/finanzas\/#organization"},"potentialAction":[{"@type":"SearchAction","target":{"@type":"EntryPoint","urlTemplate":"https:\/\/dudasytextos.com\/finanzas\/?s={search_term_string}"},"query-input":{"@type":"PropertyValueSpecification","valueRequired":true,"valueName":"search_term_string"}}],"inLanguage":"es"},{"@type":"Organization","@id":"https:\/\/dudasytextos.com\/finanzas\/#organization","name":"TARDECIT.COM","url":"https:\/\/dudasytextos.com\/finanzas\/","logo":{"@type":"ImageObject","inLanguage":"es","@id":"https:\/\/dudasytextos.com\/finanzas\/#\/schema\/logo\/image\/","url":"https:\/\/dudasytextos.com\/finanzas\/wp-content\/uploads\/2023\/10\/mediano.jpg","contentUrl":"https:\/\/dudasytextos.com\/finanzas\/wp-content\/uploads\/2023\/10\/mediano.jpg","width":75,"height":75,"caption":"TARDECIT.COM"},"image":{"@id":"https:\/\/dudasytextos.com\/finanzas\/#\/schema\/logo\/image\/"}},{"@type":"Person","@id":"https:\/\/dudasytextos.com\/finanzas\/#\/schema\/person\/fb6ccd9f43b9c518802c61bc09cf23ff","name":"Mar\u00eda Garc\u00eda Mart\u00ednez","image":{"@type":"ImageObject","inLanguage":"es","@id":"https:\/\/secure.gravatar.com\/avatar\/a81248c0fa5700b777791576c7000b13dec582c2178e0d6198cafa21f8dfdede?s=96&d=mm&r=g","url":"https:\/\/secure.gravatar.com\/avatar\/a81248c0fa5700b777791576c7000b13dec582c2178e0d6198cafa21f8dfdede?s=96&d=mm&r=g","contentUrl":"https:\/\/secure.gravatar.com\/avatar\/a81248c0fa5700b777791576c7000b13dec582c2178e0d6198cafa21f8dfdede?s=96&d=mm&r=g","caption":"Mar\u00eda Garc\u00eda Mart\u00ednez"},"description":"Soy experta en finanzas personales y asesoramiento financiero. Ayudo a las personas a tomar decisiones inteligentes con su dinero y a alcanzar sus metas financieras. A lo largo de mi carrera, he trabajado con clientes de diversas situaciones econ\u00f3micas y he brindado soluciones personalizadas para cada uno de ellos. Mi pasi\u00f3n por las finanzas me impulsa a compartir mi conocimiento a trav\u00e9s de mi blog, proporcionando consejos pr\u00e1cticos y estrategias efectivas para alcanzar la independencia financiera."}]}},"_links":{"self":[{"href":"https:\/\/dudasytextos.com\/finanzas\/wp-json\/wp\/v2\/posts\/2948","targetHints":{"allow":["GET"]}}],"collection":[{"href":"https:\/\/dudasytextos.com\/finanzas\/wp-json\/wp\/v2\/posts"}],"about":[{"href":"https:\/\/dudasytextos.com\/finanzas\/wp-json\/wp\/v2\/types\/post"}],"author":[{"embeddable":true,"href":"https:\/\/dudasytextos.com\/finanzas\/wp-json\/wp\/v2\/users\/2"}],"replies":[{"embeddable":true,"href":"https:\/\/dudasytextos.com\/finanzas\/wp-json\/wp\/v2\/comments?post=2948"}],"version-history":[{"count":1,"href":"https:\/\/dudasytextos.com\/finanzas\/wp-json\/wp\/v2\/posts\/2948\/revisions"}],"predecessor-version":[{"id":3640,"href":"https:\/\/dudasytextos.com\/finanzas\/wp-json\/wp\/v2\/posts\/2948\/revisions\/3640"}],"wp:featuredmedia":[{"embeddable":true,"href":"https:\/\/dudasytextos.com\/finanzas\/wp-json\/wp\/v2\/media\/2949"}],"wp:attachment":[{"href":"https:\/\/dudasytextos.com\/finanzas\/wp-json\/wp\/v2\/media?parent=2948"}],"wp:term":[{"taxonomy":"category","embeddable":true,"href":"https:\/\/dudasytextos.com\/finanzas\/wp-json\/wp\/v2\/categories?post=2948"},{"taxonomy":"post_tag","embeddable":true,"href":"https:\/\/dudasytextos.com\/finanzas\/wp-json\/wp\/v2\/tags?post=2948"}],"curies":[{"name":"wp","href":"https:\/\/api.w.org\/{rel}","templated":true}]}}