{"id":3335,"date":"2025-10-26T15:21:14","date_gmt":"2025-10-26T15:21:14","guid":{"rendered":"https:\/\/tardecit.com\/blog\/cuanto-gasta-espana-en-politicos\/"},"modified":"2025-11-06T11:30:59","modified_gmt":"2025-11-06T11:30:59","slug":"cuanto-gasta-espana-en-politicos","status":"publish","type":"post","link":"https:\/\/dudasytextos.com\/finanzas\/cuanto\/cuanto-gasta-espana-en-politicos\/","title":{"rendered":"El impactante gasto de Espa\u00f1a en pol\u00edticos: \u00bfCu\u00e1nto nos cuesta realmente?"},"content":{"rendered":"<p>En <a href=\"https:\/\/dudasytextos.com\/finanzas\/invertir\/donde-invertir-interes-compuesto-espana\/\">Espa\u00f1a<\/a>, el gasto en pol\u00edticos es un tema de inter\u00e9s y debate. Seg\u00fan los presupuestos generales del Estado, en el a\u00f1o 2021, se destinaron alrededor de 4.000 millones de euros para el funcionamiento de las instituciones pol\u00edticas, incluyendo los salarios y gastos asociados de los pol\u00edticos. Cabe destacar que este gasto no solo incluye a los pol\u00edticos en cargos p\u00fablicos, sino tambi\u00e9n a los empleados y servicios necesarios para el funcionamiento de las instituciones democr\u00e1ticas.<\/p>\n<div style=\"float: none;clear: both;width: 100%;position: relative;padding-bottom: 68%;padding-top: 25px;height: 0;\"><iframe style=\"position: absolute; top: 0; left: 0; width: 100%;height: 100%;\" src=\"https:\/\/www.youtube.com\/embed\/LzY38H722MI\" frameborder=\"0\" allowfullscreen=\"allowfullscreen\"><\/iframe><\/div>\n<p><\/p>\n<h2>\u00bfCu\u00e1nto dinero destina Espa\u00f1a a los funcionarios?<\/h2>\n<p>En el a\u00f1o 2022, el gasto p\u00fablico en Espa\u00f1a ha experimentado un incremento significativo de 26.361 millones de euros, equivalente al 4,31%, alcanzando un total de 637.831 millones de euros (667.914,7 millones de d\u00f3lares). Esta cifra representa el 47,4% del Producto Interno Bruto (PIB), lo que supone una disminuci\u00f3n de 2,6 puntos en comparaci\u00f3n con el a\u00f1o anterior. En este contexto, resulta relevante analizar cu\u00e1nto dinero destina Espa\u00f1a a los funcionarios.<\/p>\n<p>El presupuesto destinado a los funcionarios p\u00fablicos en Espa\u00f1a ha experimentado un aumento proporcional al incremento del gasto p\u00fablico. Es importante destacar c\u00f3mo este aumento afecta al equilibrio econ\u00f3mico del pa\u00eds y c\u00f3mo se distribuye el dinero entre los diferentes sectores y servicios p\u00fablicos.<\/p>\n<h2>\u00bfQui\u00e9n es el pol\u00edtico que recibe el salario m\u00e1s alto en Espa\u00f1a?<\/h2>\n<p>Pere Aragon\u00e8s, presidente de Catalu\u00f1a, ostenta el t\u00edtulo del pol\u00edtico con el <a href=\"https:\/\/dudasytextos.com\/finanzas\/euros\/cuanto-son-16000-euros-brutos-en-neto\/\">sueldo<\/a> m\u00e1s alto en Espa\u00f1a, recibiendo un total de 130.250,60 euros al a\u00f1o. Esta cifra supera al sueldo anual del Presidente del Gobierno, Pedro S\u00e1nchez, que estaba estipulado en 90.010 euros en los Presupuestos Generales del Estado de 2023. Este dato revela la diferencia salarial entre los l\u00edderes pol\u00edticos de las diferentes comunidades aut\u00f3nomas en Espa\u00f1a.<\/p>\n<p>El presidente de Catalu\u00f1a, Pere Aragon\u00e8s, tiene el sueldo m\u00e1s alto entre los pol\u00edticos espa\u00f1oles, recibiendo m\u00e1s de 130.000 euros al a\u00f1o, superando al del presidente del Gobierno, Pedro S\u00e1nchez. Esta disparidad salarial entre los l\u00edderes pol\u00edticos de las comunidades aut\u00f3nomas revela una brecha significativa en Espa\u00f1a.<\/p>\n<h2>\u00bfCu\u00e1l es la definici\u00f3n de gasto p\u00fablico en Espa\u00f1a?<\/h2>\n<p>El t\u00e9rmino \u00abgasto p\u00fablico\u00bb se refiere a todas las erogaciones econ\u00f3micas realizadas por la Administraci\u00f3n en Espa\u00f1a. Esta incluye no solo los gastos corrientes, como los salarios del personal y los gastos operativos, sino tambi\u00e9n los gastos de inversi\u00f3n destinados a mejorar la infraestructura y el desarrollo del pa\u00eds. En resumen, el gasto p\u00fablico en Espa\u00f1a engloba todas las partidas econ\u00f3micas que el gobierno destina para satisfacer las necesidades de la sociedad y promover el crecimiento econ\u00f3mico.<\/p>\n<p>De los gastos corrientes y de inversi\u00f3n, el gasto p\u00fablico en Espa\u00f1a abarca todas las erogaciones econ\u00f3micas del gobierno para mejorar la infraestructura y satisfacer las necesidades de la sociedad, impulsando as\u00ed el crecimiento econ\u00f3mico.<\/p>\n<h2>El coste de la clase pol\u00edtica en Espa\u00f1a: Un an\u00e1lisis exhaustivo de los gastos<\/h2>\n<p>En Espa\u00f1a, el coste de la clase <a href=\"https:\/\/dudasytextos.com\/finanzas\/blog\/las-crisis-globales-demandan-expertos-en-filosofia-politica-y-economia\/\">pol\u00edtica<\/a> es un tema que ha generado numerosos debates y controversias. Un an\u00e1lisis exhaustivo de los gastos revela que el pa\u00eds destina una gran cantidad de recursos a mantener a sus representantes pol\u00edticos. Estos gastos incluyen sueldos, privilegios, pensiones e incluso indemnizaciones por cese. Aunque es necesario contar con una clase pol\u00edtica que represente los intereses de la ciudadan\u00eda, es importante evaluar si estos gastos son proporcionales y justificados en relaci\u00f3n a los beneficios que aportan.<\/p>\n<p>Debate y controversia se ha generado en Espa\u00f1a sobre el elevado coste de la clase pol\u00edtica y la necesidad de evaluar si estos gastos son proporcionales y justificados en relaci\u00f3n a los beneficios que aportan a la sociedad.<\/p>\n<h2>Desglose de los gastos pol\u00edticos en Espa\u00f1a: \u00bfCu\u00e1nto se destina realmente?<\/h2>\n<p>En Espa\u00f1a, existe una creciente demanda de transparencia en el desglose de los gastos pol\u00edticos. Los ciudadanos quieren saber en qu\u00e9 se invierte realmente su dinero y si los pol\u00edticos est\u00e1n haciendo un uso responsable de los recursos p\u00fablicos. Aunque se han realizado avances en este sentido, todav\u00eda queda mucho por hacer. Es fundamental que se establezcan mecanismos de control y se publiquen informes detallados que muestren de manera clara y accesible c\u00f3mo se destinan los fondos pol\u00edticos. Solo as\u00ed se podr\u00e1 garantizar una gesti\u00f3n eficiente y responsable de la financiaci\u00f3n pol\u00edtica en Espa\u00f1a.<\/p>\n<p>Los ciudadanos espa\u00f1oles exigen cada vez m\u00e1s transparencia en la gesti\u00f3n de los gastos pol\u00edticos, y es imprescindible establecer mecanismos de control y publicar informes detallados para garantizar una correcta utilizaci\u00f3n de los recursos p\u00fablicos.<\/p>\n<h2>El presupuesto pol\u00edtico en Espa\u00f1a: \u00bfCu\u00e1nto se invierte en nuestros representantes?<\/h2>\n<p>El presupuesto pol\u00edtico en Espa\u00f1a es un tema que ha generado gran controversia en los \u00faltimos a\u00f1os. Seg\u00fan diversos estudios, se estima que se invierten millones de euros en sueldos, dietas y gastos de representaci\u00f3n para nuestros representantes pol\u00edticos. Sin embargo, existe una gran opacidad en cuanto a la distribuci\u00f3n y utilizaci\u00f3n de estos fondos, lo que ha llevado a cuestionar la eficiencia y transparencia en el uso de los recursos p\u00fablicos. Es fundamental que se realice un an\u00e1lisis exhaustivo de c\u00f3mo se est\u00e1 invirtiendo el dinero de los contribuyentes para garantizar una gesti\u00f3n responsable y honesta de los presupuestos pol\u00edticos.<\/p>\n<p>Debate y controversia, se requiere una mayor transparencia y eficiencia en la gesti\u00f3n de los presupuestos pol\u00edticos en Espa\u00f1a.<\/p>\n<div style=\"float: none;clear: both;width: 100%;position: relative;padding-bottom: 68%;padding-top: 25px;height: 0;\"><iframe style=\"position: absolute; top: 0; left: 0; width: 100%;height: 100%;\" src=\"https:\/\/www.youtube.com\/embed\/OdoQbLK0VEg&#038;pp=ygUQI2Vjb25vbWlhaXJsYW5kYQ%3D%3D\" frameborder=\"0\" allowfullscreen=\"allowfullscreen\"><\/iframe><\/div>\n<p><\/p>\n<p>En conclusi\u00f3n, Espa\u00f1a destina un considerable presupuesto a la remuneraci\u00f3n y gastos asociados a sus pol\u00edticos. Aunque es importante reconocer que estos gastos son necesarios para el funcionamiento del sistema democr\u00e1tico, resulta fundamental establecer una mayor transparencia y control en la asignaci\u00f3n y utilizaci\u00f3n de estos recursos. Es imprescindible que se promueva una gesti\u00f3n eficiente y responsable de los fondos destinados a los pol\u00edticos, evitando as\u00ed el despilfarro y asegurando que se destinen a mejorar la calidad de vida de los ciudadanos. Adem\u00e1s, se requiere una revisi\u00f3n exhaustiva de las estructuras pol\u00edticas y administrativas para eliminar duplicidades y reducir el n\u00famero de cargos p\u00fablicos, lo que permitir\u00eda una notable disminuci\u00f3n de los gastos asociados. Es necesario que la sociedad civil y los organismos encargados de supervisar las cuentas p\u00fablicas est\u00e9n vigilantes y exijan una rendici\u00f3n de cuentas rigurosa por parte de los pol\u00edticos, asegurando as\u00ed que los recursos se utilicen de manera responsable y en beneficio de todos los ciudadanos.<\/p>\n","protected":false},"excerpt":{"rendered":"<p>En Espa\u00f1a, el gasto en pol\u00edticos es un tema de inter\u00e9s y debate. Seg\u00fan los presupuestos generales del Estado, en el a\u00f1o 2021, se destinaron<\/p>\n","protected":false},"author":2,"featured_media":0,"comment_status":"closed","ping_status":"closed","sticky":false,"template":"","format":"standard","meta":{"footnotes":""},"categories":[13],"tags":[],"class_list":["post-3335","post","type-post","status-publish","format-standard","hentry","category-cuanto"],"yoast_head":"<!-- This site is optimized with the Yoast SEO plugin v28.4 - https:\/\/yoast.com\/product\/yoast-seo-wordpress\/ -->\n<title>El impactante gasto de Espa\u00f1a en pol\u00edticos: \u00bfCu\u00e1nto nos cuesta realmente? [2026]<\/title>\n<meta name=\"description\" content=\"\u27a4 El impactante gasto de Espa\u00f1a en pol\u00edticos: \u00bfCu\u00e1nto nos cuesta realmente? \u261d En Espa\u00f1a, el gasto en pol\u00edticos es un tema de inter\u00e9s y debate. Seg\u00fan los presupuestos generales del Estado, en el a\u00f1o 2021, se destinaron alrededor de ... \u27a4\" \/>\n<meta name=\"robots\" content=\"index, follow, max-snippet:-1, max-image-preview:large, max-video-preview:-1\" \/>\n<link rel=\"canonical\" href=\"https:\/\/dudasytextos.com\/finanzas\/cuanto\/cuanto-gasta-espana-en-politicos\/\" \/>\n<meta property=\"og:locale\" content=\"es_ES\" \/>\n<meta property=\"og:type\" content=\"article\" \/>\n<meta property=\"og:title\" content=\"El impactante gasto de Espa\u00f1a en pol\u00edticos: \u00bfCu\u00e1nto nos cuesta realmente? [2026]\" \/>\n<meta property=\"og:description\" content=\"\u27a4 El impactante gasto de Espa\u00f1a en pol\u00edticos: \u00bfCu\u00e1nto nos cuesta realmente? \u261d En Espa\u00f1a, el gasto en pol\u00edticos es un tema de inter\u00e9s y debate. Seg\u00fan los presupuestos generales del Estado, en el a\u00f1o 2021, se destinaron alrededor de ... \u27a4\" \/>\n<meta property=\"og:url\" content=\"https:\/\/dudasytextos.com\/finanzas\/cuanto\/cuanto-gasta-espana-en-politicos\/\" \/>\n<meta property=\"og:site_name\" content=\"TARDECIT.COM\" \/>\n<meta property=\"article:published_time\" content=\"2025-10-26T15:21:14+00:00\" \/>\n<meta property=\"article:modified_time\" content=\"2025-11-06T11:30:59+00:00\" \/>\n<meta property=\"og:image\" content=\"https:\/\/dudasytextos.com\/finanzas\/wp-content\/uploads\/2023\/10\/mediano.jpg\" \/>\n\t<meta property=\"og:image:width\" content=\"75\" \/>\n\t<meta property=\"og:image:height\" content=\"75\" \/>\n\t<meta property=\"og:image:type\" content=\"image\/jpeg\" \/>\n<meta name=\"author\" content=\"Mar\u00eda Garc\u00eda Mart\u00ednez\" \/>\n<meta name=\"twitter:card\" content=\"summary_large_image\" \/>\n<meta name=\"twitter:label1\" content=\"Escrito por\" \/>\n\t<meta name=\"twitter:data1\" content=\"Mar\u00eda Garc\u00eda Mart\u00ednez\" \/>\n\t<meta name=\"twitter:label2\" content=\"Tiempo de lectura\" \/>\n\t<meta name=\"twitter:data2\" content=\"6 minutos\" \/>\n<script type=\"application\/ld+json\" class=\"yoast-schema-graph\">{\"@context\":\"https:\\\/\\\/schema.org\",\"@graph\":[{\"@type\":\"Article\",\"@id\":\"https:\\\/\\\/dudasytextos.com\\\/finanzas\\\/cuanto\\\/cuanto-gasta-espana-en-politicos\\\/#article\",\"isPartOf\":{\"@id\":\"https:\\\/\\\/dudasytextos.com\\\/finanzas\\\/cuanto\\\/cuanto-gasta-espana-en-politicos\\\/\"},\"author\":{\"name\":\"Mar\u00eda Garc\u00eda Mart\u00ednez\",\"@id\":\"https:\\\/\\\/dudasytextos.com\\\/finanzas\\\/#\\\/schema\\\/person\\\/fb6ccd9f43b9c518802c61bc09cf23ff\"},\"headline\":\"El impactante gasto de Espa\u00f1a en pol\u00edticos: \u00bfCu\u00e1nto nos cuesta realmente?\",\"datePublished\":\"2025-10-26T15:21:14+00:00\",\"dateModified\":\"2025-11-06T11:30:59+00:00\",\"mainEntityOfPage\":{\"@id\":\"https:\\\/\\\/dudasytextos.com\\\/finanzas\\\/cuanto\\\/cuanto-gasta-espana-en-politicos\\\/\"},\"wordCount\":1166,\"publisher\":{\"@id\":\"https:\\\/\\\/dudasytextos.com\\\/finanzas\\\/#organization\"},\"articleSection\":[\"Cu\u00e1nto\"],\"inLanguage\":\"es\"},{\"@type\":\"WebPage\",\"@id\":\"https:\\\/\\\/dudasytextos.com\\\/finanzas\\\/cuanto\\\/cuanto-gasta-espana-en-politicos\\\/\",\"url\":\"https:\\\/\\\/dudasytextos.com\\\/finanzas\\\/cuanto\\\/cuanto-gasta-espana-en-politicos\\\/\",\"name\":\"El impactante gasto de Espa\u00f1a en pol\u00edticos: \u00bfCu\u00e1nto nos cuesta realmente? [2026]\",\"isPartOf\":{\"@id\":\"https:\\\/\\\/dudasytextos.com\\\/finanzas\\\/#website\"},\"datePublished\":\"2025-10-26T15:21:14+00:00\",\"dateModified\":\"2025-11-06T11:30:59+00:00\",\"description\":\"\u27a4 El impactante gasto de Espa\u00f1a en pol\u00edticos: \u00bfCu\u00e1nto nos cuesta realmente? \u261d En Espa\u00f1a, el gasto en pol\u00edticos es un tema de inter\u00e9s y debate. Seg\u00fan los presupuestos generales del Estado, en el a\u00f1o 2021, se destinaron alrededor de ... \u27a4\",\"breadcrumb\":{\"@id\":\"https:\\\/\\\/dudasytextos.com\\\/finanzas\\\/cuanto\\\/cuanto-gasta-espana-en-politicos\\\/#breadcrumb\"},\"inLanguage\":\"es\",\"potentialAction\":[{\"@type\":\"ReadAction\",\"target\":[\"https:\\\/\\\/dudasytextos.com\\\/finanzas\\\/cuanto\\\/cuanto-gasta-espana-en-politicos\\\/\"]}]},{\"@type\":\"BreadcrumbList\",\"@id\":\"https:\\\/\\\/dudasytextos.com\\\/finanzas\\\/cuanto\\\/cuanto-gasta-espana-en-politicos\\\/#breadcrumb\",\"itemListElement\":[{\"@type\":\"ListItem\",\"position\":1,\"name\":\"Portada\",\"item\":\"https:\\\/\\\/dudasytextos.com\\\/finanzas\\\/\"},{\"@type\":\"ListItem\",\"position\":2,\"name\":\"El impactante gasto de Espa\u00f1a en pol\u00edticos: \u00bfCu\u00e1nto nos cuesta realmente?\"}]},{\"@type\":\"WebSite\",\"@id\":\"https:\\\/\\\/dudasytextos.com\\\/finanzas\\\/#website\",\"url\":\"https:\\\/\\\/dudasytextos.com\\\/finanzas\\\/\",\"name\":\"TARDECIT.COM\",\"description\":\"\",\"publisher\":{\"@id\":\"https:\\\/\\\/dudasytextos.com\\\/finanzas\\\/#organization\"},\"potentialAction\":[{\"@type\":\"SearchAction\",\"target\":{\"@type\":\"EntryPoint\",\"urlTemplate\":\"https:\\\/\\\/dudasytextos.com\\\/finanzas\\\/?s={search_term_string}\"},\"query-input\":{\"@type\":\"PropertyValueSpecification\",\"valueRequired\":true,\"valueName\":\"search_term_string\"}}],\"inLanguage\":\"es\"},{\"@type\":\"Organization\",\"@id\":\"https:\\\/\\\/dudasytextos.com\\\/finanzas\\\/#organization\",\"name\":\"TARDECIT.COM\",\"url\":\"https:\\\/\\\/dudasytextos.com\\\/finanzas\\\/\",\"logo\":{\"@type\":\"ImageObject\",\"inLanguage\":\"es\",\"@id\":\"https:\\\/\\\/dudasytextos.com\\\/finanzas\\\/#\\\/schema\\\/logo\\\/image\\\/\",\"url\":\"https:\\\/\\\/dudasytextos.com\\\/finanzas\\\/wp-content\\\/uploads\\\/2023\\\/10\\\/mediano.jpg\",\"contentUrl\":\"https:\\\/\\\/dudasytextos.com\\\/finanzas\\\/wp-content\\\/uploads\\\/2023\\\/10\\\/mediano.jpg\",\"width\":75,\"height\":75,\"caption\":\"TARDECIT.COM\"},\"image\":{\"@id\":\"https:\\\/\\\/dudasytextos.com\\\/finanzas\\\/#\\\/schema\\\/logo\\\/image\\\/\"}},{\"@type\":\"Person\",\"@id\":\"https:\\\/\\\/dudasytextos.com\\\/finanzas\\\/#\\\/schema\\\/person\\\/fb6ccd9f43b9c518802c61bc09cf23ff\",\"name\":\"Mar\u00eda Garc\u00eda Mart\u00ednez\",\"image\":{\"@type\":\"ImageObject\",\"inLanguage\":\"es\",\"@id\":\"https:\\\/\\\/secure.gravatar.com\\\/avatar\\\/a81248c0fa5700b777791576c7000b13dec582c2178e0d6198cafa21f8dfdede?s=96&d=mm&r=g\",\"url\":\"https:\\\/\\\/secure.gravatar.com\\\/avatar\\\/a81248c0fa5700b777791576c7000b13dec582c2178e0d6198cafa21f8dfdede?s=96&d=mm&r=g\",\"contentUrl\":\"https:\\\/\\\/secure.gravatar.com\\\/avatar\\\/a81248c0fa5700b777791576c7000b13dec582c2178e0d6198cafa21f8dfdede?s=96&d=mm&r=g\",\"caption\":\"Mar\u00eda Garc\u00eda Mart\u00ednez\"},\"description\":\"Soy experta en finanzas personales y asesoramiento financiero. Ayudo a las personas a tomar decisiones inteligentes con su dinero y a alcanzar sus metas financieras. A lo largo de mi carrera, he trabajado con clientes de diversas situaciones econ\u00f3micas y he brindado soluciones personalizadas para cada uno de ellos. Mi pasi\u00f3n por las finanzas me impulsa a compartir mi conocimiento a trav\u00e9s de mi blog, proporcionando consejos pr\u00e1cticos y estrategias efectivas para alcanzar la independencia financiera.\"}]}<\/script>\n<!-- \/ Yoast SEO plugin. -->","yoast_head_json":{"title":"El impactante gasto de Espa\u00f1a en pol\u00edticos: \u00bfCu\u00e1nto nos cuesta realmente? [2026]","description":"\u27a4 El impactante gasto de Espa\u00f1a en pol\u00edticos: \u00bfCu\u00e1nto nos cuesta realmente? \u261d En Espa\u00f1a, el gasto en pol\u00edticos es un tema de inter\u00e9s y debate. Seg\u00fan los presupuestos generales del Estado, en el a\u00f1o 2021, se destinaron alrededor de ... \u27a4","robots":{"index":"index","follow":"follow","max-snippet":"max-snippet:-1","max-image-preview":"max-image-preview:large","max-video-preview":"max-video-preview:-1"},"canonical":"https:\/\/dudasytextos.com\/finanzas\/cuanto\/cuanto-gasta-espana-en-politicos\/","og_locale":"es_ES","og_type":"article","og_title":"El impactante gasto de Espa\u00f1a en pol\u00edticos: \u00bfCu\u00e1nto nos cuesta realmente? [2026]","og_description":"\u27a4 El impactante gasto de Espa\u00f1a en pol\u00edticos: \u00bfCu\u00e1nto nos cuesta realmente? \u261d En Espa\u00f1a, el gasto en pol\u00edticos es un tema de inter\u00e9s y debate. Seg\u00fan los presupuestos generales del Estado, en el a\u00f1o 2021, se destinaron alrededor de ... \u27a4","og_url":"https:\/\/dudasytextos.com\/finanzas\/cuanto\/cuanto-gasta-espana-en-politicos\/","og_site_name":"TARDECIT.COM","article_published_time":"2025-10-26T15:21:14+00:00","article_modified_time":"2025-11-06T11:30:59+00:00","og_image":[{"width":75,"height":75,"url":"https:\/\/dudasytextos.com\/finanzas\/wp-content\/uploads\/2023\/10\/mediano.jpg","type":"image\/jpeg"}],"author":"Mar\u00eda Garc\u00eda Mart\u00ednez","twitter_card":"summary_large_image","twitter_misc":{"Escrito por":"Mar\u00eda Garc\u00eda Mart\u00ednez","Tiempo de lectura":"6 minutos"},"schema":{"@context":"https:\/\/schema.org","@graph":[{"@type":"Article","@id":"https:\/\/dudasytextos.com\/finanzas\/cuanto\/cuanto-gasta-espana-en-politicos\/#article","isPartOf":{"@id":"https:\/\/dudasytextos.com\/finanzas\/cuanto\/cuanto-gasta-espana-en-politicos\/"},"author":{"name":"Mar\u00eda Garc\u00eda Mart\u00ednez","@id":"https:\/\/dudasytextos.com\/finanzas\/#\/schema\/person\/fb6ccd9f43b9c518802c61bc09cf23ff"},"headline":"El impactante gasto de Espa\u00f1a en pol\u00edticos: \u00bfCu\u00e1nto nos cuesta realmente?","datePublished":"2025-10-26T15:21:14+00:00","dateModified":"2025-11-06T11:30:59+00:00","mainEntityOfPage":{"@id":"https:\/\/dudasytextos.com\/finanzas\/cuanto\/cuanto-gasta-espana-en-politicos\/"},"wordCount":1166,"publisher":{"@id":"https:\/\/dudasytextos.com\/finanzas\/#organization"},"articleSection":["Cu\u00e1nto"],"inLanguage":"es"},{"@type":"WebPage","@id":"https:\/\/dudasytextos.com\/finanzas\/cuanto\/cuanto-gasta-espana-en-politicos\/","url":"https:\/\/dudasytextos.com\/finanzas\/cuanto\/cuanto-gasta-espana-en-politicos\/","name":"El impactante gasto de Espa\u00f1a en pol\u00edticos: \u00bfCu\u00e1nto nos cuesta realmente? [2026]","isPartOf":{"@id":"https:\/\/dudasytextos.com\/finanzas\/#website"},"datePublished":"2025-10-26T15:21:14+00:00","dateModified":"2025-11-06T11:30:59+00:00","description":"\u27a4 El impactante gasto de Espa\u00f1a en pol\u00edticos: \u00bfCu\u00e1nto nos cuesta realmente? \u261d En Espa\u00f1a, el gasto en pol\u00edticos es un tema de inter\u00e9s y debate. Seg\u00fan los presupuestos generales del Estado, en el a\u00f1o 2021, se destinaron alrededor de ... \u27a4","breadcrumb":{"@id":"https:\/\/dudasytextos.com\/finanzas\/cuanto\/cuanto-gasta-espana-en-politicos\/#breadcrumb"},"inLanguage":"es","potentialAction":[{"@type":"ReadAction","target":["https:\/\/dudasytextos.com\/finanzas\/cuanto\/cuanto-gasta-espana-en-politicos\/"]}]},{"@type":"BreadcrumbList","@id":"https:\/\/dudasytextos.com\/finanzas\/cuanto\/cuanto-gasta-espana-en-politicos\/#breadcrumb","itemListElement":[{"@type":"ListItem","position":1,"name":"Portada","item":"https:\/\/dudasytextos.com\/finanzas\/"},{"@type":"ListItem","position":2,"name":"El impactante gasto de Espa\u00f1a en pol\u00edticos: \u00bfCu\u00e1nto nos cuesta realmente?"}]},{"@type":"WebSite","@id":"https:\/\/dudasytextos.com\/finanzas\/#website","url":"https:\/\/dudasytextos.com\/finanzas\/","name":"TARDECIT.COM","description":"","publisher":{"@id":"https:\/\/dudasytextos.com\/finanzas\/#organization"},"potentialAction":[{"@type":"SearchAction","target":{"@type":"EntryPoint","urlTemplate":"https:\/\/dudasytextos.com\/finanzas\/?s={search_term_string}"},"query-input":{"@type":"PropertyValueSpecification","valueRequired":true,"valueName":"search_term_string"}}],"inLanguage":"es"},{"@type":"Organization","@id":"https:\/\/dudasytextos.com\/finanzas\/#organization","name":"TARDECIT.COM","url":"https:\/\/dudasytextos.com\/finanzas\/","logo":{"@type":"ImageObject","inLanguage":"es","@id":"https:\/\/dudasytextos.com\/finanzas\/#\/schema\/logo\/image\/","url":"https:\/\/dudasytextos.com\/finanzas\/wp-content\/uploads\/2023\/10\/mediano.jpg","contentUrl":"https:\/\/dudasytextos.com\/finanzas\/wp-content\/uploads\/2023\/10\/mediano.jpg","width":75,"height":75,"caption":"TARDECIT.COM"},"image":{"@id":"https:\/\/dudasytextos.com\/finanzas\/#\/schema\/logo\/image\/"}},{"@type":"Person","@id":"https:\/\/dudasytextos.com\/finanzas\/#\/schema\/person\/fb6ccd9f43b9c518802c61bc09cf23ff","name":"Mar\u00eda Garc\u00eda Mart\u00ednez","image":{"@type":"ImageObject","inLanguage":"es","@id":"https:\/\/secure.gravatar.com\/avatar\/a81248c0fa5700b777791576c7000b13dec582c2178e0d6198cafa21f8dfdede?s=96&d=mm&r=g","url":"https:\/\/secure.gravatar.com\/avatar\/a81248c0fa5700b777791576c7000b13dec582c2178e0d6198cafa21f8dfdede?s=96&d=mm&r=g","contentUrl":"https:\/\/secure.gravatar.com\/avatar\/a81248c0fa5700b777791576c7000b13dec582c2178e0d6198cafa21f8dfdede?s=96&d=mm&r=g","caption":"Mar\u00eda Garc\u00eda Mart\u00ednez"},"description":"Soy experta en finanzas personales y asesoramiento financiero. Ayudo a las personas a tomar decisiones inteligentes con su dinero y a alcanzar sus metas financieras. A lo largo de mi carrera, he trabajado con clientes de diversas situaciones econ\u00f3micas y he brindado soluciones personalizadas para cada uno de ellos. Mi pasi\u00f3n por las finanzas me impulsa a compartir mi conocimiento a trav\u00e9s de mi blog, proporcionando consejos pr\u00e1cticos y estrategias efectivas para alcanzar la independencia financiera."}]}},"_links":{"self":[{"href":"https:\/\/dudasytextos.com\/finanzas\/wp-json\/wp\/v2\/posts\/3335","targetHints":{"allow":["GET"]}}],"collection":[{"href":"https:\/\/dudasytextos.com\/finanzas\/wp-json\/wp\/v2\/posts"}],"about":[{"href":"https:\/\/dudasytextos.com\/finanzas\/wp-json\/wp\/v2\/types\/post"}],"author":[{"embeddable":true,"href":"https:\/\/dudasytextos.com\/finanzas\/wp-json\/wp\/v2\/users\/2"}],"replies":[{"embeddable":true,"href":"https:\/\/dudasytextos.com\/finanzas\/wp-json\/wp\/v2\/comments?post=3335"}],"version-history":[{"count":0,"href":"https:\/\/dudasytextos.com\/finanzas\/wp-json\/wp\/v2\/posts\/3335\/revisions"}],"wp:attachment":[{"href":"https:\/\/dudasytextos.com\/finanzas\/wp-json\/wp\/v2\/media?parent=3335"}],"wp:term":[{"taxonomy":"category","embeddable":true,"href":"https:\/\/dudasytextos.com\/finanzas\/wp-json\/wp\/v2\/categories?post=3335"},{"taxonomy":"post_tag","embeddable":true,"href":"https:\/\/dudasytextos.com\/finanzas\/wp-json\/wp\/v2\/tags?post=3335"}],"curies":[{"name":"wp","href":"https:\/\/api.w.org\/{rel}","templated":true}]}}