{"id":3497,"date":"2025-10-21T15:00:43","date_gmt":"2025-10-21T15:00:43","guid":{"rendered":"https:\/\/tardecit.com\/blog\/medida-maleta-ryanair-sin-facturar\/"},"modified":"2025-11-06T11:40:24","modified_gmt":"2025-11-06T11:40:24","slug":"medida-maleta-ryanair-sin-facturar","status":"publish","type":"post","link":"https:\/\/dudasytextos.com\/finanzas\/otros\/medida-maleta-ryanair-sin-facturar\/","title":{"rendered":"\u00a1Ryanair cambia su pol\u00edtica! Descubre la nueva medida de maleta sin facturar"},"content":{"rendered":"<p>La medida permitida para una maleta de mano en Ryanair, sin necesidad de facturarla, es de 55x40x20 cm. Es importante tener en cuenta estas dimensiones para evitar cargos adicionales o tener que despachar la maleta en la bodega del avi\u00f3n.<\/p>\n<div style=\"float: none;clear: both;width: 100%;position: relative;padding-bottom: 68%;padding-top: 25px;height: 0;\"><iframe style=\"position: absolute; top: 0; left: 0; width: 100%;height: 100%;\" src=\"https:\/\/www.youtube.com\/embed\/vwd8yvxKItg\" frameborder=\"0\" allowfullscreen=\"allowfullscreen\"><\/iframe><\/div>\n<p><\/p>\n<h2>\u00bfCu\u00e1l es el tipo de equipaje de mano permitido en Ryanair sin necesidad de facturarlo?<\/h2>\n<p>Ryanair permite llevar a bordo una bolsa personal peque\u00f1a, como un bolso de mano o una funda de port\u00e1til, que no supere las dimensiones de 40 x 20 x 25 cm. Este tipo de equipaje de mano debe caber debajo del asiento delantero y est\u00e1 incluido en todas las tarifas de la aerol\u00ednea. De esta manera, los pasajeros pueden viajar de forma c\u00f3moda y pr\u00e1ctica sin necesidad de facturar su equipaje.<\/p>\n<p>Los pasajeros de Ryanair pueden llevar consigo una bolsa peque\u00f1a como bolso de mano o funda de port\u00e1til, siempre y cuando sus dimensiones no excedan los 40 x 20 x 25 cm. Este tipo de equipaje est\u00e1 incluido en todas las tarifas de la aerol\u00ednea y debe caber debajo del asiento delantero, ofreciendo comodidad y practicidad a los viajeros sin necesidad de facturar su equipaje.<\/p>\n<h2>\u00bfQu\u00e9 sucede si mi maleta tiene una medida mayor a los 55 cm?<\/h2>\n<p>Si te encuentras en la situaci\u00f3n de que tu maleta de cabina excede las medidas admitidas, debes tener en cuenta que la compa\u00f1\u00eda a\u00e9rea tiene la autoridad para obligarte a facturarla y enviarla a la bodega del avi\u00f3n. En la mayor\u00eda de los casos, esto implicar\u00e1 pagar una tarifa m\u00e1s alta que si hubieras optado por facturarla previamente online al comprar el billete de avi\u00f3n. Es importante recordar que cada compa\u00f1\u00eda tiene sus propias pol\u00edticas y tarifas en relaci\u00f3n a este tema, por lo que es fundamental informarse antes de viajar para evitar inconvenientes y gastos innecesarios.<\/p>\n<p>Las aerol\u00edneas tienen la potestad de hacer que los pasajeros facturen su maleta de mano si excede las medidas permitidas. Esto puede resultar en un costo m\u00e1s alto que si se hubiera facturado previamente. Es esencial conocer las pol\u00edticas y tarifas de cada compa\u00f1\u00eda antes de viajar para evitar problemas y gastos adicionales.<\/p>\n<h2>\u00bfCu\u00e1les son las dimensiones necesarias para que una maleta no tenga que ser facturada?<\/h2>\n<p>Seg\u00fan los principales fabricantes de aviones, las dimensiones ideales para evitar que una maleta deba ser facturada son de 55 x 35 x 20 cm, incluyendo ruedas, asas y bolsillos. Estas medidas garantizan que la maleta se ajuste a los compartimentos de cabina est\u00e1ndar y cumpla con las restricciones establecidas por las aerol\u00edneas. Es importante tener en cuenta estas dimensiones para evitar inconvenientes al viajar y asegurarse de que la maleta pueda ser llevada a bordo sin problemas.<\/p>\n<p>Las aerol\u00edneas exigen que las maletas de cabina tengan dimensiones de 55 x 35 x 20 cm, incluyendo ruedas y asas, para evitar tener que facturarlas. Cumplir con estas medidas garantiza que la maleta se ajuste a los compartimentos de cabina est\u00e1ndar y se pueda llevar a bordo sin inconvenientes.<\/p>\n<h2>Todo lo que necesitas saber sobre las medidas de la maleta de mano en Ryanair<\/h2>\n<p>A la hora de viajar con Ryanair, es fundamental conocer las medidas permitidas para la maleta de mano. La aerol\u00ednea europea establece un tama\u00f1o m\u00e1ximo de 55x40x20 cm y un peso m\u00e1ximo de 10 kg. Es importante tener en cuenta estas medidas para evitar problemas en el embarque y posibles cargos adicionales. Adem\u00e1s, es recomendable revisar las normas de seguridad de la compa\u00f1\u00eda para asegurarse de que no llevamos objetos prohibidos en el equipaje de mano.<\/p>\n<p>Antes de viajar con Ryanair, es esencial familiarizarse con las medidas permitidas para el equipaje de mano. Estas incluyen dimensiones m\u00e1ximas de 55x40x20 cm y un peso m\u00e1ximo de 10 kg. Cumplir con estas normas evita problemas en el embarque y cargos adicionales. Tambi\u00e9n es aconsejable revisar las regulaciones de seguridad para evitar llevar objetos prohibidos en el equipaje de mano.<\/p>\n<h2>Optimiza tu equipaje de mano en Ryanair con estas medidas permitidas<\/h2>\n<p>Si est\u00e1s planeando viajar con Ryanair, es importante que optimices tu equipaje de mano para cumplir con las medidas permitidas por la aerol\u00ednea. El tama\u00f1o m\u00e1ximo permitido para el equipaje de mano es de 55x40x20 cm y un peso m\u00e1ximo de 10 kg. Adem\u00e1s, puedes llevar contigo un art\u00edculo personal adicional, como un bolso o una mochila peque\u00f1a. Siguiendo estas pautas, podr\u00e1s viajar c\u00f3modamente sin tener que pagar cargos adicionales por equipaje.<\/p>\n<p>Cuando se planea viajar en Ryanair, es esencial optimizar el equipaje de mano y cumplir con las medidas y peso permitidos. Con un tama\u00f1o m\u00e1ximo de 55x40x20 cm y un peso de 10 kg, adem\u00e1s de un art\u00edculo personal adicional, se evitar\u00e1n cargos extras y se disfrutar\u00e1 de un viaje sin problemas.<\/p>\n<h2>Conoce las restricciones de tama\u00f1o de la maleta de mano en Ryanair y viaja sin problemas<\/h2>\n<p>Si est\u00e1s planeando viajar con Ryanair, es importante conocer las restricciones de tama\u00f1o de la maleta de mano para evitar problemas durante el embarque. La aerol\u00ednea permite una maleta de mano con dimensiones m\u00e1ximas de 55x40x20 cm y un peso m\u00e1ximo de 10 kg. Adem\u00e1s, se permite llevar una peque\u00f1a bolsa adicional de hasta 40x20x25 cm. Cumplir con estas medidas te garantizar\u00e1 un viaje sin contratiempos y evitar\u00e1 cargos adicionales por equipaje.<\/p>\n<p>Al planificar un viaje con Ryanair, es esencial familiarizarse con las restricciones de tama\u00f1o de la maleta de mano. La aerol\u00ednea permite una maleta de hasta 55x40x20 cm y 10 kg, junto con una peque\u00f1a bolsa adicional de hasta 40x20x25 cm. Conocer y cumplir estas medidas evitar\u00e1 problemas durante el embarque y cargos extra por equipaje.<\/p>\n<div style=\"float: none;clear: both;width: 100%;position: relative;padding-bottom: 68%;padding-top: 25px;height: 0;\"><iframe style=\"position: absolute; top: 0; left: 0; width: 100%;height: 100%;\" src=\"https:\/\/www.youtube.com\/embed\/Ot_kCejhjNM\" frameborder=\"0\" allowfullscreen=\"allowfullscreen\"><\/iframe><\/div>\n<p><\/p>\n<p>En conclusi\u00f3n, la medida de la maleta sin facturar en Ryanair es una de las pol\u00edticas m\u00e1s estrictas en cuanto al tama\u00f1o y peso permitidos. Si bien esto puede resultar inconveniente para algunos viajeros, especialmente aquellos que est\u00e1n acostumbrados a llevar m\u00e1s equipaje, es importante tener en cuenta que esta medida tiene sus ventajas. Al limitar el tama\u00f1o de la maleta, Ryanair puede garantizar un proceso de embarque m\u00e1s r\u00e1pido y eficiente, evitando demoras y facilitando el flujo de pasajeros. Adem\u00e1s, al no tener que facturar la maleta, los viajeros tambi\u00e9n pueden ahorrar <a href=\"https:\/\/dudasytextos.com\/finanzas\/espana\/en-portugal-es-la-misma-hora-que-en-espana\/\">tiempo<\/a> y dinero. Sin embargo, es esencial que los pasajeros se informen adecuadamente sobre las dimensiones y peso permitidos para evitar cargos adicionales por exceso de equipaje. En definitiva, la medida de la maleta sin facturar en Ryanair puede ser considerada como una estrategia para optimizar la experiencia de vuelo y ofrecer tarifas m\u00e1s competitivas.<\/p>\n","protected":false},"excerpt":{"rendered":"<p>La medida permitida para una maleta de mano en Ryanair, sin necesidad de facturarla, es de 55x40x20 cm. Es importante tener en cuenta estas dimensiones<\/p>\n","protected":false},"author":2,"featured_media":3498,"comment_status":"closed","ping_status":"closed","sticky":false,"template":"","format":"standard","meta":{"footnotes":""},"categories":[14],"tags":[],"class_list":["post-3497","post","type-post","status-publish","format-standard","has-post-thumbnail","hentry","category-otros"],"yoast_head":"<!-- This site is optimized with the Yoast SEO plugin v28.4 - https:\/\/yoast.com\/product\/yoast-seo-wordpress\/ -->\n<title>\u00a1Ryanair cambia su pol\u00edtica! Descubre la nueva medida de maleta sin facturar [2026]<\/title>\n<meta name=\"description\" content=\"\u27a4 \u00a1Ryanair cambia su pol\u00edtica! Descubre la nueva medida de maleta sin facturar \u261d La medida permitida para una maleta de mano en Ryanair, sin necesidad de facturarla, es de 55x40x20 cm. Es importante tener en cuenta estas dimensiones ... \u27a4\" \/>\n<meta name=\"robots\" content=\"index, follow, max-snippet:-1, max-image-preview:large, max-video-preview:-1\" \/>\n<link rel=\"canonical\" href=\"https:\/\/dudasytextos.com\/finanzas\/otros\/medida-maleta-ryanair-sin-facturar\/\" \/>\n<meta property=\"og:locale\" content=\"es_ES\" \/>\n<meta property=\"og:type\" content=\"article\" \/>\n<meta property=\"og:title\" content=\"\u00a1Ryanair cambia su pol\u00edtica! Descubre la nueva medida de maleta sin facturar [2026]\" \/>\n<meta property=\"og:description\" content=\"\u27a4 \u00a1Ryanair cambia su pol\u00edtica! Descubre la nueva medida de maleta sin facturar \u261d La medida permitida para una maleta de mano en Ryanair, sin necesidad de facturarla, es de 55x40x20 cm. Es importante tener en cuenta estas dimensiones ... \u27a4\" \/>\n<meta property=\"og:url\" content=\"https:\/\/dudasytextos.com\/finanzas\/otros\/medida-maleta-ryanair-sin-facturar\/\" \/>\n<meta property=\"og:site_name\" content=\"TARDECIT.COM\" \/>\n<meta property=\"article:published_time\" content=\"2025-10-21T15:00:43+00:00\" \/>\n<meta property=\"article:modified_time\" content=\"2025-11-06T11:40:24+00:00\" \/>\n<meta property=\"og:image\" content=\"https:\/\/dudasytextos.com\/finanzas\/wp-content\/uploads\/2023\/11\/vwd8yvxKItg.jpg\" \/>\n\t<meta property=\"og:image:width\" content=\"768\" \/>\n\t<meta property=\"og:image:height\" content=\"432\" \/>\n\t<meta property=\"og:image:type\" content=\"image\/jpeg\" \/>\n<meta name=\"author\" content=\"Mar\u00eda Garc\u00eda Mart\u00ednez\" \/>\n<meta name=\"twitter:card\" content=\"summary_large_image\" \/>\n<meta name=\"twitter:label1\" content=\"Escrito por\" \/>\n\t<meta name=\"twitter:data1\" content=\"Mar\u00eda Garc\u00eda Mart\u00ednez\" \/>\n\t<meta name=\"twitter:label2\" content=\"Tiempo de lectura\" \/>\n\t<meta name=\"twitter:data2\" content=\"6 minutos\" \/>\n<script type=\"application\/ld+json\" class=\"yoast-schema-graph\">{\"@context\":\"https:\\\/\\\/schema.org\",\"@graph\":[{\"@type\":\"Article\",\"@id\":\"https:\\\/\\\/dudasytextos.com\\\/finanzas\\\/otros\\\/medida-maleta-ryanair-sin-facturar\\\/#article\",\"isPartOf\":{\"@id\":\"https:\\\/\\\/dudasytextos.com\\\/finanzas\\\/otros\\\/medida-maleta-ryanair-sin-facturar\\\/\"},\"author\":{\"name\":\"Mar\u00eda Garc\u00eda Mart\u00ednez\",\"@id\":\"https:\\\/\\\/dudasytextos.com\\\/finanzas\\\/#\\\/schema\\\/person\\\/fb6ccd9f43b9c518802c61bc09cf23ff\"},\"headline\":\"\u00a1Ryanair cambia su pol\u00edtica! Descubre la nueva medida de maleta sin facturar\",\"datePublished\":\"2025-10-21T15:00:43+00:00\",\"dateModified\":\"2025-11-06T11:40:24+00:00\",\"mainEntityOfPage\":{\"@id\":\"https:\\\/\\\/dudasytextos.com\\\/finanzas\\\/otros\\\/medida-maleta-ryanair-sin-facturar\\\/\"},\"wordCount\":1155,\"publisher\":{\"@id\":\"https:\\\/\\\/dudasytextos.com\\\/finanzas\\\/#organization\"},\"image\":{\"@id\":\"https:\\\/\\\/dudasytextos.com\\\/finanzas\\\/otros\\\/medida-maleta-ryanair-sin-facturar\\\/#primaryimage\"},\"thumbnailUrl\":\"https:\\\/\\\/dudasytextos.com\\\/finanzas\\\/wp-content\\\/uploads\\\/2023\\\/11\\\/vwd8yvxKItg.jpg\",\"articleSection\":[\"Otros\"],\"inLanguage\":\"es\"},{\"@type\":\"WebPage\",\"@id\":\"https:\\\/\\\/dudasytextos.com\\\/finanzas\\\/otros\\\/medida-maleta-ryanair-sin-facturar\\\/\",\"url\":\"https:\\\/\\\/dudasytextos.com\\\/finanzas\\\/otros\\\/medida-maleta-ryanair-sin-facturar\\\/\",\"name\":\"\u00a1Ryanair cambia su pol\u00edtica! Descubre la nueva medida de maleta sin facturar [2026]\",\"isPartOf\":{\"@id\":\"https:\\\/\\\/dudasytextos.com\\\/finanzas\\\/#website\"},\"primaryImageOfPage\":{\"@id\":\"https:\\\/\\\/dudasytextos.com\\\/finanzas\\\/otros\\\/medida-maleta-ryanair-sin-facturar\\\/#primaryimage\"},\"image\":{\"@id\":\"https:\\\/\\\/dudasytextos.com\\\/finanzas\\\/otros\\\/medida-maleta-ryanair-sin-facturar\\\/#primaryimage\"},\"thumbnailUrl\":\"https:\\\/\\\/dudasytextos.com\\\/finanzas\\\/wp-content\\\/uploads\\\/2023\\\/11\\\/vwd8yvxKItg.jpg\",\"datePublished\":\"2025-10-21T15:00:43+00:00\",\"dateModified\":\"2025-11-06T11:40:24+00:00\",\"description\":\"\u27a4 \u00a1Ryanair cambia su pol\u00edtica! Descubre la nueva medida de maleta sin facturar \u261d La medida permitida para una maleta de mano en Ryanair, sin necesidad de facturarla, es de 55x40x20 cm. Es importante tener en cuenta estas dimensiones ... \u27a4\",\"breadcrumb\":{\"@id\":\"https:\\\/\\\/dudasytextos.com\\\/finanzas\\\/otros\\\/medida-maleta-ryanair-sin-facturar\\\/#breadcrumb\"},\"inLanguage\":\"es\",\"potentialAction\":[{\"@type\":\"ReadAction\",\"target\":[\"https:\\\/\\\/dudasytextos.com\\\/finanzas\\\/otros\\\/medida-maleta-ryanair-sin-facturar\\\/\"]}]},{\"@type\":\"ImageObject\",\"inLanguage\":\"es\",\"@id\":\"https:\\\/\\\/dudasytextos.com\\\/finanzas\\\/otros\\\/medida-maleta-ryanair-sin-facturar\\\/#primaryimage\",\"url\":\"https:\\\/\\\/dudasytextos.com\\\/finanzas\\\/wp-content\\\/uploads\\\/2023\\\/11\\\/vwd8yvxKItg.jpg\",\"contentUrl\":\"https:\\\/\\\/dudasytextos.com\\\/finanzas\\\/wp-content\\\/uploads\\\/2023\\\/11\\\/vwd8yvxKItg.jpg\",\"width\":768,\"height\":432},{\"@type\":\"BreadcrumbList\",\"@id\":\"https:\\\/\\\/dudasytextos.com\\\/finanzas\\\/otros\\\/medida-maleta-ryanair-sin-facturar\\\/#breadcrumb\",\"itemListElement\":[{\"@type\":\"ListItem\",\"position\":1,\"name\":\"Portada\",\"item\":\"https:\\\/\\\/dudasytextos.com\\\/finanzas\\\/\"},{\"@type\":\"ListItem\",\"position\":2,\"name\":\"\u00a1Ryanair cambia su pol\u00edtica! Descubre la nueva medida de maleta sin facturar\"}]},{\"@type\":\"WebSite\",\"@id\":\"https:\\\/\\\/dudasytextos.com\\\/finanzas\\\/#website\",\"url\":\"https:\\\/\\\/dudasytextos.com\\\/finanzas\\\/\",\"name\":\"TARDECIT.COM\",\"description\":\"\",\"publisher\":{\"@id\":\"https:\\\/\\\/dudasytextos.com\\\/finanzas\\\/#organization\"},\"potentialAction\":[{\"@type\":\"SearchAction\",\"target\":{\"@type\":\"EntryPoint\",\"urlTemplate\":\"https:\\\/\\\/dudasytextos.com\\\/finanzas\\\/?s={search_term_string}\"},\"query-input\":{\"@type\":\"PropertyValueSpecification\",\"valueRequired\":true,\"valueName\":\"search_term_string\"}}],\"inLanguage\":\"es\"},{\"@type\":\"Organization\",\"@id\":\"https:\\\/\\\/dudasytextos.com\\\/finanzas\\\/#organization\",\"name\":\"TARDECIT.COM\",\"url\":\"https:\\\/\\\/dudasytextos.com\\\/finanzas\\\/\",\"logo\":{\"@type\":\"ImageObject\",\"inLanguage\":\"es\",\"@id\":\"https:\\\/\\\/dudasytextos.com\\\/finanzas\\\/#\\\/schema\\\/logo\\\/image\\\/\",\"url\":\"https:\\\/\\\/dudasytextos.com\\\/finanzas\\\/wp-content\\\/uploads\\\/2023\\\/10\\\/mediano.jpg\",\"contentUrl\":\"https:\\\/\\\/dudasytextos.com\\\/finanzas\\\/wp-content\\\/uploads\\\/2023\\\/10\\\/mediano.jpg\",\"width\":75,\"height\":75,\"caption\":\"TARDECIT.COM\"},\"image\":{\"@id\":\"https:\\\/\\\/dudasytextos.com\\\/finanzas\\\/#\\\/schema\\\/logo\\\/image\\\/\"}},{\"@type\":\"Person\",\"@id\":\"https:\\\/\\\/dudasytextos.com\\\/finanzas\\\/#\\\/schema\\\/person\\\/fb6ccd9f43b9c518802c61bc09cf23ff\",\"name\":\"Mar\u00eda Garc\u00eda Mart\u00ednez\",\"image\":{\"@type\":\"ImageObject\",\"inLanguage\":\"es\",\"@id\":\"https:\\\/\\\/secure.gravatar.com\\\/avatar\\\/a81248c0fa5700b777791576c7000b13dec582c2178e0d6198cafa21f8dfdede?s=96&d=mm&r=g\",\"url\":\"https:\\\/\\\/secure.gravatar.com\\\/avatar\\\/a81248c0fa5700b777791576c7000b13dec582c2178e0d6198cafa21f8dfdede?s=96&d=mm&r=g\",\"contentUrl\":\"https:\\\/\\\/secure.gravatar.com\\\/avatar\\\/a81248c0fa5700b777791576c7000b13dec582c2178e0d6198cafa21f8dfdede?s=96&d=mm&r=g\",\"caption\":\"Mar\u00eda Garc\u00eda Mart\u00ednez\"},\"description\":\"Soy experta en finanzas personales y asesoramiento financiero. Ayudo a las personas a tomar decisiones inteligentes con su dinero y a alcanzar sus metas financieras. A lo largo de mi carrera, he trabajado con clientes de diversas situaciones econ\u00f3micas y he brindado soluciones personalizadas para cada uno de ellos. Mi pasi\u00f3n por las finanzas me impulsa a compartir mi conocimiento a trav\u00e9s de mi blog, proporcionando consejos pr\u00e1cticos y estrategias efectivas para alcanzar la independencia financiera.\"}]}<\/script>\n<!-- \/ Yoast SEO plugin. -->","yoast_head_json":{"title":"\u00a1Ryanair cambia su pol\u00edtica! Descubre la nueva medida de maleta sin facturar [2026]","description":"\u27a4 \u00a1Ryanair cambia su pol\u00edtica! Descubre la nueva medida de maleta sin facturar \u261d La medida permitida para una maleta de mano en Ryanair, sin necesidad de facturarla, es de 55x40x20 cm. Es importante tener en cuenta estas dimensiones ... \u27a4","robots":{"index":"index","follow":"follow","max-snippet":"max-snippet:-1","max-image-preview":"max-image-preview:large","max-video-preview":"max-video-preview:-1"},"canonical":"https:\/\/dudasytextos.com\/finanzas\/otros\/medida-maleta-ryanair-sin-facturar\/","og_locale":"es_ES","og_type":"article","og_title":"\u00a1Ryanair cambia su pol\u00edtica! Descubre la nueva medida de maleta sin facturar [2026]","og_description":"\u27a4 \u00a1Ryanair cambia su pol\u00edtica! Descubre la nueva medida de maleta sin facturar \u261d La medida permitida para una maleta de mano en Ryanair, sin necesidad de facturarla, es de 55x40x20 cm. Es importante tener en cuenta estas dimensiones ... \u27a4","og_url":"https:\/\/dudasytextos.com\/finanzas\/otros\/medida-maleta-ryanair-sin-facturar\/","og_site_name":"TARDECIT.COM","article_published_time":"2025-10-21T15:00:43+00:00","article_modified_time":"2025-11-06T11:40:24+00:00","og_image":[{"width":768,"height":432,"url":"https:\/\/dudasytextos.com\/finanzas\/wp-content\/uploads\/2023\/11\/vwd8yvxKItg.jpg","type":"image\/jpeg"}],"author":"Mar\u00eda Garc\u00eda Mart\u00ednez","twitter_card":"summary_large_image","twitter_misc":{"Escrito por":"Mar\u00eda Garc\u00eda Mart\u00ednez","Tiempo de lectura":"6 minutos"},"schema":{"@context":"https:\/\/schema.org","@graph":[{"@type":"Article","@id":"https:\/\/dudasytextos.com\/finanzas\/otros\/medida-maleta-ryanair-sin-facturar\/#article","isPartOf":{"@id":"https:\/\/dudasytextos.com\/finanzas\/otros\/medida-maleta-ryanair-sin-facturar\/"},"author":{"name":"Mar\u00eda Garc\u00eda Mart\u00ednez","@id":"https:\/\/dudasytextos.com\/finanzas\/#\/schema\/person\/fb6ccd9f43b9c518802c61bc09cf23ff"},"headline":"\u00a1Ryanair cambia su pol\u00edtica! Descubre la nueva medida de maleta sin facturar","datePublished":"2025-10-21T15:00:43+00:00","dateModified":"2025-11-06T11:40:24+00:00","mainEntityOfPage":{"@id":"https:\/\/dudasytextos.com\/finanzas\/otros\/medida-maleta-ryanair-sin-facturar\/"},"wordCount":1155,"publisher":{"@id":"https:\/\/dudasytextos.com\/finanzas\/#organization"},"image":{"@id":"https:\/\/dudasytextos.com\/finanzas\/otros\/medida-maleta-ryanair-sin-facturar\/#primaryimage"},"thumbnailUrl":"https:\/\/dudasytextos.com\/finanzas\/wp-content\/uploads\/2023\/11\/vwd8yvxKItg.jpg","articleSection":["Otros"],"inLanguage":"es"},{"@type":"WebPage","@id":"https:\/\/dudasytextos.com\/finanzas\/otros\/medida-maleta-ryanair-sin-facturar\/","url":"https:\/\/dudasytextos.com\/finanzas\/otros\/medida-maleta-ryanair-sin-facturar\/","name":"\u00a1Ryanair cambia su pol\u00edtica! Descubre la nueva medida de maleta sin facturar [2026]","isPartOf":{"@id":"https:\/\/dudasytextos.com\/finanzas\/#website"},"primaryImageOfPage":{"@id":"https:\/\/dudasytextos.com\/finanzas\/otros\/medida-maleta-ryanair-sin-facturar\/#primaryimage"},"image":{"@id":"https:\/\/dudasytextos.com\/finanzas\/otros\/medida-maleta-ryanair-sin-facturar\/#primaryimage"},"thumbnailUrl":"https:\/\/dudasytextos.com\/finanzas\/wp-content\/uploads\/2023\/11\/vwd8yvxKItg.jpg","datePublished":"2025-10-21T15:00:43+00:00","dateModified":"2025-11-06T11:40:24+00:00","description":"\u27a4 \u00a1Ryanair cambia su pol\u00edtica! Descubre la nueva medida de maleta sin facturar \u261d La medida permitida para una maleta de mano en Ryanair, sin necesidad de facturarla, es de 55x40x20 cm. Es importante tener en cuenta estas dimensiones ... \u27a4","breadcrumb":{"@id":"https:\/\/dudasytextos.com\/finanzas\/otros\/medida-maleta-ryanair-sin-facturar\/#breadcrumb"},"inLanguage":"es","potentialAction":[{"@type":"ReadAction","target":["https:\/\/dudasytextos.com\/finanzas\/otros\/medida-maleta-ryanair-sin-facturar\/"]}]},{"@type":"ImageObject","inLanguage":"es","@id":"https:\/\/dudasytextos.com\/finanzas\/otros\/medida-maleta-ryanair-sin-facturar\/#primaryimage","url":"https:\/\/dudasytextos.com\/finanzas\/wp-content\/uploads\/2023\/11\/vwd8yvxKItg.jpg","contentUrl":"https:\/\/dudasytextos.com\/finanzas\/wp-content\/uploads\/2023\/11\/vwd8yvxKItg.jpg","width":768,"height":432},{"@type":"BreadcrumbList","@id":"https:\/\/dudasytextos.com\/finanzas\/otros\/medida-maleta-ryanair-sin-facturar\/#breadcrumb","itemListElement":[{"@type":"ListItem","position":1,"name":"Portada","item":"https:\/\/dudasytextos.com\/finanzas\/"},{"@type":"ListItem","position":2,"name":"\u00a1Ryanair cambia su pol\u00edtica! Descubre la nueva medida de maleta sin facturar"}]},{"@type":"WebSite","@id":"https:\/\/dudasytextos.com\/finanzas\/#website","url":"https:\/\/dudasytextos.com\/finanzas\/","name":"TARDECIT.COM","description":"","publisher":{"@id":"https:\/\/dudasytextos.com\/finanzas\/#organization"},"potentialAction":[{"@type":"SearchAction","target":{"@type":"EntryPoint","urlTemplate":"https:\/\/dudasytextos.com\/finanzas\/?s={search_term_string}"},"query-input":{"@type":"PropertyValueSpecification","valueRequired":true,"valueName":"search_term_string"}}],"inLanguage":"es"},{"@type":"Organization","@id":"https:\/\/dudasytextos.com\/finanzas\/#organization","name":"TARDECIT.COM","url":"https:\/\/dudasytextos.com\/finanzas\/","logo":{"@type":"ImageObject","inLanguage":"es","@id":"https:\/\/dudasytextos.com\/finanzas\/#\/schema\/logo\/image\/","url":"https:\/\/dudasytextos.com\/finanzas\/wp-content\/uploads\/2023\/10\/mediano.jpg","contentUrl":"https:\/\/dudasytextos.com\/finanzas\/wp-content\/uploads\/2023\/10\/mediano.jpg","width":75,"height":75,"caption":"TARDECIT.COM"},"image":{"@id":"https:\/\/dudasytextos.com\/finanzas\/#\/schema\/logo\/image\/"}},{"@type":"Person","@id":"https:\/\/dudasytextos.com\/finanzas\/#\/schema\/person\/fb6ccd9f43b9c518802c61bc09cf23ff","name":"Mar\u00eda Garc\u00eda Mart\u00ednez","image":{"@type":"ImageObject","inLanguage":"es","@id":"https:\/\/secure.gravatar.com\/avatar\/a81248c0fa5700b777791576c7000b13dec582c2178e0d6198cafa21f8dfdede?s=96&d=mm&r=g","url":"https:\/\/secure.gravatar.com\/avatar\/a81248c0fa5700b777791576c7000b13dec582c2178e0d6198cafa21f8dfdede?s=96&d=mm&r=g","contentUrl":"https:\/\/secure.gravatar.com\/avatar\/a81248c0fa5700b777791576c7000b13dec582c2178e0d6198cafa21f8dfdede?s=96&d=mm&r=g","caption":"Mar\u00eda Garc\u00eda Mart\u00ednez"},"description":"Soy experta en finanzas personales y asesoramiento financiero. Ayudo a las personas a tomar decisiones inteligentes con su dinero y a alcanzar sus metas financieras. A lo largo de mi carrera, he trabajado con clientes de diversas situaciones econ\u00f3micas y he brindado soluciones personalizadas para cada uno de ellos. Mi pasi\u00f3n por las finanzas me impulsa a compartir mi conocimiento a trav\u00e9s de mi blog, proporcionando consejos pr\u00e1cticos y estrategias efectivas para alcanzar la independencia financiera."}]}},"_links":{"self":[{"href":"https:\/\/dudasytextos.com\/finanzas\/wp-json\/wp\/v2\/posts\/3497","targetHints":{"allow":["GET"]}}],"collection":[{"href":"https:\/\/dudasytextos.com\/finanzas\/wp-json\/wp\/v2\/posts"}],"about":[{"href":"https:\/\/dudasytextos.com\/finanzas\/wp-json\/wp\/v2\/types\/post"}],"author":[{"embeddable":true,"href":"https:\/\/dudasytextos.com\/finanzas\/wp-json\/wp\/v2\/users\/2"}],"replies":[{"embeddable":true,"href":"https:\/\/dudasytextos.com\/finanzas\/wp-json\/wp\/v2\/comments?post=3497"}],"version-history":[{"count":0,"href":"https:\/\/dudasytextos.com\/finanzas\/wp-json\/wp\/v2\/posts\/3497\/revisions"}],"wp:featuredmedia":[{"embeddable":true,"href":"https:\/\/dudasytextos.com\/finanzas\/wp-json\/wp\/v2\/media\/3498"}],"wp:attachment":[{"href":"https:\/\/dudasytextos.com\/finanzas\/wp-json\/wp\/v2\/media?parent=3497"}],"wp:term":[{"taxonomy":"category","embeddable":true,"href":"https:\/\/dudasytextos.com\/finanzas\/wp-json\/wp\/v2\/categories?post=3497"},{"taxonomy":"post_tag","embeddable":true,"href":"https:\/\/dudasytextos.com\/finanzas\/wp-json\/wp\/v2\/tags?post=3497"}],"curies":[{"name":"wp","href":"https:\/\/api.w.org\/{rel}","templated":true}]}}