{"id":3704,"date":"2025-11-01T21:43:05","date_gmt":"2025-11-01T21:43:05","guid":{"rendered":"https:\/\/tardecit.com\/blog\/sandra-ortega-mera-hijos\/"},"modified":"2025-11-06T11:38:07","modified_gmt":"2025-11-06T11:38:07","slug":"sandra-ortega-mera-hijos","status":"publish","type":"post","link":"https:\/\/dudasytextos.com\/finanzas\/otros\/sandra-ortega-mera-hijos\/","title":{"rendered":"Sandra Ortega Mera: el legado familiar de \u00e9xito y la crianza de sus hijos"},"content":{"rendered":"<p>Sandra Ortega Mera es una empresaria espa\u00f1ola, hija del fundador de Inditex, <a href=\"https:\/\/dudasytextos.com\/finanzas\/cuanto\/cuanto-gana-amancio-ortega-al-dia\/\">Amancio<\/a> Ortega. Aunque Sandra Ortega Mera es una figura muy reservada y poco se sabe sobre su vida personal, se sabe que tiene dos hijos. Sin embargo, no se dispone de informaci\u00f3n detallada sobre sus hijos ni se han revelado sus nombres en medios p\u00fablicos.<\/p>\n<div style=\"float: none;clear: both;width: 100%;position: relative;padding-bottom: 68%;padding-top: 25px;height: 0;\"><iframe style=\"position: absolute; top: 0; left: 0; width: 100%;height: 100%;\" src=\"https:\/\/www.youtube.com\/embed\/CKOM2Zc3CnI\" frameborder=\"0\" allowfullscreen=\"allowfullscreen\"><\/iframe><\/div>\n<p><\/p>\n<h2>\u00bfCu\u00e1l es el n\u00famero de hijos que tiene Sandra Ortega?<\/h2>\n<p>Sandra Ortega, reconocida empresaria y heredera del imperio textil Inditex, tiene tres hijos junto a su esposo Pablo G\u00f3mez. Marti\u00f1o, Ant\u00eda y Ux\u00eda conforman una familia numerosa y cercana, en la que la empresaria ha sabido combinar su exitosa carrera profesional con su papel de madre. Aunque Sandra Ortega es conocida por su discreci\u00f3n y su vida privada se mantiene en gran medida en el anonimato, su amor por sus tres hijos es innegable.<\/p>\n<p>Se destaca la discreci\u00f3n de Sandra Ortega en su vida privada, pero es innegable el amor que siente por sus tres hijos, a quienes ha sabido combinar perfectamente con su exitosa carrera profesional.<\/p>\n<h2>\u00bfCu\u00e1l es la discapacidad del hijo de Amancio Ortega?<\/h2>\n<p>Marcos, el hijo de Amancio Ortega, sufre de par\u00e1lisis cerebral, una condici\u00f3n que afecta su movilidad y coordinaci\u00f3n motora. A pesar de esta discapacidad, la familia Ortega ha demostrado un amor incondicional y un apoyo constante hacia Marcos, quien ha sido una fuente de inspiraci\u00f3n para ellos. A trav\u00e9s de su historia, podemos ver c\u00f3mo el \u00e9xito empresarial no est\u00e1 exento de desaf\u00edos personales, y c\u00f3mo el amor y la dedicaci\u00f3n pueden superar cualquier obst\u00e1culo.<\/p>\n<p>Se cree que el \u00e9xito empresarial es sin\u00f3nimo de una vida perfecta, pero la historia de Marcos Ortega demuestra que incluso las familias m\u00e1s exitosas enfrentan desaf\u00edos personales y encuentran fuerza en el amor y la dedicaci\u00f3n.<\/p>\n<h2>\u00bfCu\u00e1l es la hija mayor de Ortega?<\/h2>\n<p>Sandra Ortega Mera, nacida en julio de 1968, es la hija mayor de la reconocida familia Ortega, una de las m\u00e1s adineradas del pa\u00eds. Con una herencia millonaria a sus espaldas, Sandra ha sabido destacar por su labor filantr\u00f3pica y su incursi\u00f3n en el mundo empresarial. Su participaci\u00f3n en la fundaci\u00f3n Paideia y su gesti\u00f3n en la empresa Rosp Corunna demuestran su compromiso y habilidades como l\u00edder. Sin duda, Sandra Ortega Mera contin\u00faa el legado familiar con \u00e9xito y determinaci\u00f3n.<\/p>\n<p>Descendiente de la familia Ortega, Sandra Ortega Mera ha demostrado ser una destacada fil\u00e1ntropa y empresaria, involucr\u00e1ndose en la fundaci\u00f3n Paideia y dirigiendo Rosp Corunna. Su compromiso y liderazgo la convierten en una digna heredera del legado familiar.<\/p>\n<h2>La influencia de Sandra Ortega Mera en la crianza de sus hijos: una historia de \u00e9xito<\/h2>\n<p>Sandra Ortega Mera es reconocida por su exitosa carrera empresarial, pero su influencia tambi\u00e9n se destaca en la crianza de sus hijos. Como madre, ha sabido transmitirles valores fundamentales como el <a href=\"https:\/\/dudasytextos.com\/finanzas\/cuanto\/cuanto-tarda-en-llegar-una-inspeccion-de-trabajo\/\">trabajo<\/a> duro, la responsabilidad y el compromiso social. Su dedicaci\u00f3n y apoyo constante les ha permitido desarrollar habilidades y alcanzar sus metas. La historia de \u00e9xito de Sandra Ortega Mera no solo se limita al \u00e1mbito empresarial, sino que tambi\u00e9n se refleja en la crianza de sus hijos, quienes se han convertido en personas exitosas y comprometidas con la sociedad.<\/p>\n<p>Se reconoce a Sandra Ortega Mera por su destacada carrera empresarial, pero su influencia tambi\u00e9n se destaca en la crianza de sus hijos, transmiti\u00e9ndoles valores como el esfuerzo, la responsabilidad y el compromiso social. Su dedicaci\u00f3n y apoyo constante les ha permitido alcanzar el \u00e9xito y contribuir positivamente a la sociedad.<\/p>\n<h2>Sandra Ortega Mera y su enfoque \u00fanico en la educaci\u00f3n y desarrollo de sus hijos<\/h2>\n<p>Sandra Ortega Mera, reconocida empresaria y heredera de Inditex, ha destacado por su enfoque \u00fanico en la educaci\u00f3n y desarrollo de sus hijos. Consciente de la importancia de brindarles una formaci\u00f3n integral, ha apostado por una educaci\u00f3n basada en valores, fomentando su autonom\u00eda, responsabilidad y solidaridad. Adem\u00e1s, ha promovido la participaci\u00f3n de sus hijos en actividades culturales y deportivas, buscando potenciar sus talentos y habilidades. Con este enfoque, Sandra Ortega Mera ha logrado criar a hijos comprometidos con su entorno y preparados para enfrentar los desaf\u00edos del futuro.<\/p>\n<p>Se reconoce a Sandra Ortega Mera por su enfoque \u00fanico en la educaci\u00f3n y desarrollo de sus hijos, priorizando una formaci\u00f3n integral basada en valores, autonom\u00eda y solidaridad, as\u00ed como la participaci\u00f3n en actividades culturales y deportivas para potenciar sus talentos y habilidades. Como resultado, ha criado a hijos comprometidos y preparados para enfrentar el futuro.<\/p>\n<div style=\"float: none;clear: both;width: 100%;position: relative;padding-bottom: 68%;padding-top: 25px;height: 0;\"><iframe style=\"position: absolute; top: 0; left: 0; width: 100%;height: 100%;\" src=\"https:\/\/www.youtube.com\/embed\/TccgV1KhCC4\" frameborder=\"0\" allowfullscreen=\"allowfullscreen\"><\/iframe><\/div>\n<p><\/p>\n<p>En conclusi\u00f3n, Sandra Ortega Mera, reconocida empresaria y fil\u00e1ntropa espa\u00f1ola, ha demostrado ser un ejemplo de \u00e9xito y compromiso tanto en el \u00e1mbito empresarial como en su papel como madre. A trav\u00e9s de su liderazgo en el Grupo Inditex y sus esfuerzos por promover la sostenibilidad y la responsabilidad social corporativa, ha dejado una huella significativa en el mundo de los negocios. Sin embargo, no se ha limitado a su carrera profesional, sino que tambi\u00e9n ha dedicado <a href=\"https:\/\/dudasytextos.com\/finanzas\/espana\/en-portugal-es-la-misma-hora-que-en-espana\/\">tiempo<\/a> y recursos a su familia, criando a sus tres hijos con los valores de la integridad, la generosidad y el compromiso social. Con su influencia y ejemplo, ha demostrado que es posible tener \u00e9xito tanto en el \u00e1mbito profesional como personal, y que el equilibrio entre ambas facetas es fundamental para una vida plena y satisfactoria. En definitiva, Sandra Ortega Mera es un referente en el mundo empresarial y una inspiraci\u00f3n para todas las mujeres que buscan conciliar su vida profesional con su rol como madre.<\/p>\n","protected":false},"excerpt":{"rendered":"<p>Sandra Ortega Mera es una empresaria espa\u00f1ola, hija del fundador de Inditex, Amancio Ortega. Aunque Sandra Ortega Mera es una figura muy reservada y poco<\/p>\n","protected":false},"author":2,"featured_media":3705,"comment_status":"closed","ping_status":"closed","sticky":false,"template":"","format":"standard","meta":{"footnotes":""},"categories":[14],"tags":[],"class_list":["post-3704","post","type-post","status-publish","format-standard","has-post-thumbnail","hentry","category-otros"],"yoast_head":"<!-- This site is optimized with the Yoast SEO plugin v28.4 - https:\/\/yoast.com\/product\/yoast-seo-wordpress\/ -->\n<title>Sandra Ortega Mera: el legado familiar de \u00e9xito y la crianza de sus hijos [2026]<\/title>\n<meta name=\"description\" content=\"\u27a4 Sandra Ortega Mera: el legado familiar de \u00e9xito y la crianza de sus hijos \u261d Sandra Ortega Mera es una empresaria espa\u00f1ola, hija del fundador de Inditex, Amancio Ortega. Aunque Sandra Ortega Mera es una figura muy reservada y poco ... \u27a4\" \/>\n<meta name=\"robots\" content=\"index, follow, max-snippet:-1, max-image-preview:large, max-video-preview:-1\" \/>\n<link rel=\"canonical\" href=\"https:\/\/dudasytextos.com\/finanzas\/otros\/sandra-ortega-mera-hijos\/\" \/>\n<meta property=\"og:locale\" content=\"es_ES\" \/>\n<meta property=\"og:type\" content=\"article\" \/>\n<meta property=\"og:title\" content=\"Sandra Ortega Mera: el legado familiar de \u00e9xito y la crianza de sus hijos [2026]\" \/>\n<meta property=\"og:description\" content=\"\u27a4 Sandra Ortega Mera: el legado familiar de \u00e9xito y la crianza de sus hijos \u261d Sandra Ortega Mera es una empresaria espa\u00f1ola, hija del fundador de Inditex, Amancio Ortega. Aunque Sandra Ortega Mera es una figura muy reservada y poco ... \u27a4\" \/>\n<meta property=\"og:url\" content=\"https:\/\/dudasytextos.com\/finanzas\/otros\/sandra-ortega-mera-hijos\/\" \/>\n<meta property=\"og:site_name\" content=\"TARDECIT.COM\" \/>\n<meta property=\"article:published_time\" content=\"2025-11-01T21:43:05+00:00\" \/>\n<meta property=\"article:modified_time\" content=\"2025-11-06T11:38:07+00:00\" \/>\n<meta property=\"og:image\" content=\"https:\/\/dudasytextos.com\/finanzas\/wp-content\/uploads\/2023\/11\/CKOM2Zc3CnI.jpg\" \/>\n\t<meta property=\"og:image:width\" content=\"480\" \/>\n\t<meta property=\"og:image:height\" content=\"360\" \/>\n\t<meta property=\"og:image:type\" content=\"image\/jpeg\" \/>\n<meta name=\"author\" content=\"Mar\u00eda Garc\u00eda Mart\u00ednez\" \/>\n<meta name=\"twitter:card\" content=\"summary_large_image\" \/>\n<meta name=\"twitter:label1\" content=\"Escrito por\" \/>\n\t<meta name=\"twitter:data1\" content=\"Mar\u00eda Garc\u00eda Mart\u00ednez\" \/>\n\t<meta name=\"twitter:label2\" content=\"Tiempo de lectura\" \/>\n\t<meta name=\"twitter:data2\" content=\"5 minutos\" \/>\n<script type=\"application\/ld+json\" class=\"yoast-schema-graph\">{\"@context\":\"https:\\\/\\\/schema.org\",\"@graph\":[{\"@type\":\"Article\",\"@id\":\"https:\\\/\\\/dudasytextos.com\\\/finanzas\\\/otros\\\/sandra-ortega-mera-hijos\\\/#article\",\"isPartOf\":{\"@id\":\"https:\\\/\\\/dudasytextos.com\\\/finanzas\\\/otros\\\/sandra-ortega-mera-hijos\\\/\"},\"author\":{\"name\":\"Mar\u00eda Garc\u00eda Mart\u00ednez\",\"@id\":\"https:\\\/\\\/dudasytextos.com\\\/finanzas\\\/#\\\/schema\\\/person\\\/fb6ccd9f43b9c518802c61bc09cf23ff\"},\"headline\":\"Sandra Ortega Mera: el legado familiar de \u00e9xito y la crianza de sus hijos\",\"datePublished\":\"2025-11-01T21:43:05+00:00\",\"dateModified\":\"2025-11-06T11:38:07+00:00\",\"mainEntityOfPage\":{\"@id\":\"https:\\\/\\\/dudasytextos.com\\\/finanzas\\\/otros\\\/sandra-ortega-mera-hijos\\\/\"},\"wordCount\":978,\"publisher\":{\"@id\":\"https:\\\/\\\/dudasytextos.com\\\/finanzas\\\/#organization\"},\"image\":{\"@id\":\"https:\\\/\\\/dudasytextos.com\\\/finanzas\\\/otros\\\/sandra-ortega-mera-hijos\\\/#primaryimage\"},\"thumbnailUrl\":\"https:\\\/\\\/dudasytextos.com\\\/finanzas\\\/wp-content\\\/uploads\\\/2023\\\/11\\\/CKOM2Zc3CnI.jpg\",\"articleSection\":[\"Otros\"],\"inLanguage\":\"es\"},{\"@type\":\"WebPage\",\"@id\":\"https:\\\/\\\/dudasytextos.com\\\/finanzas\\\/otros\\\/sandra-ortega-mera-hijos\\\/\",\"url\":\"https:\\\/\\\/dudasytextos.com\\\/finanzas\\\/otros\\\/sandra-ortega-mera-hijos\\\/\",\"name\":\"Sandra Ortega Mera: el legado familiar de \u00e9xito y la crianza de sus hijos [2026]\",\"isPartOf\":{\"@id\":\"https:\\\/\\\/dudasytextos.com\\\/finanzas\\\/#website\"},\"primaryImageOfPage\":{\"@id\":\"https:\\\/\\\/dudasytextos.com\\\/finanzas\\\/otros\\\/sandra-ortega-mera-hijos\\\/#primaryimage\"},\"image\":{\"@id\":\"https:\\\/\\\/dudasytextos.com\\\/finanzas\\\/otros\\\/sandra-ortega-mera-hijos\\\/#primaryimage\"},\"thumbnailUrl\":\"https:\\\/\\\/dudasytextos.com\\\/finanzas\\\/wp-content\\\/uploads\\\/2023\\\/11\\\/CKOM2Zc3CnI.jpg\",\"datePublished\":\"2025-11-01T21:43:05+00:00\",\"dateModified\":\"2025-11-06T11:38:07+00:00\",\"description\":\"\u27a4 Sandra Ortega Mera: el legado familiar de \u00e9xito y la crianza de sus hijos \u261d Sandra Ortega Mera es una empresaria espa\u00f1ola, hija del fundador de Inditex, Amancio Ortega. Aunque Sandra Ortega Mera es una figura muy reservada y poco ... \u27a4\",\"breadcrumb\":{\"@id\":\"https:\\\/\\\/dudasytextos.com\\\/finanzas\\\/otros\\\/sandra-ortega-mera-hijos\\\/#breadcrumb\"},\"inLanguage\":\"es\",\"potentialAction\":[{\"@type\":\"ReadAction\",\"target\":[\"https:\\\/\\\/dudasytextos.com\\\/finanzas\\\/otros\\\/sandra-ortega-mera-hijos\\\/\"]}]},{\"@type\":\"ImageObject\",\"inLanguage\":\"es\",\"@id\":\"https:\\\/\\\/dudasytextos.com\\\/finanzas\\\/otros\\\/sandra-ortega-mera-hijos\\\/#primaryimage\",\"url\":\"https:\\\/\\\/dudasytextos.com\\\/finanzas\\\/wp-content\\\/uploads\\\/2023\\\/11\\\/CKOM2Zc3CnI.jpg\",\"contentUrl\":\"https:\\\/\\\/dudasytextos.com\\\/finanzas\\\/wp-content\\\/uploads\\\/2023\\\/11\\\/CKOM2Zc3CnI.jpg\",\"width\":480,\"height\":360},{\"@type\":\"BreadcrumbList\",\"@id\":\"https:\\\/\\\/dudasytextos.com\\\/finanzas\\\/otros\\\/sandra-ortega-mera-hijos\\\/#breadcrumb\",\"itemListElement\":[{\"@type\":\"ListItem\",\"position\":1,\"name\":\"Portada\",\"item\":\"https:\\\/\\\/dudasytextos.com\\\/finanzas\\\/\"},{\"@type\":\"ListItem\",\"position\":2,\"name\":\"Sandra Ortega Mera: el legado familiar de \u00e9xito y la crianza de sus hijos\"}]},{\"@type\":\"WebSite\",\"@id\":\"https:\\\/\\\/dudasytextos.com\\\/finanzas\\\/#website\",\"url\":\"https:\\\/\\\/dudasytextos.com\\\/finanzas\\\/\",\"name\":\"TARDECIT.COM\",\"description\":\"\",\"publisher\":{\"@id\":\"https:\\\/\\\/dudasytextos.com\\\/finanzas\\\/#organization\"},\"potentialAction\":[{\"@type\":\"SearchAction\",\"target\":{\"@type\":\"EntryPoint\",\"urlTemplate\":\"https:\\\/\\\/dudasytextos.com\\\/finanzas\\\/?s={search_term_string}\"},\"query-input\":{\"@type\":\"PropertyValueSpecification\",\"valueRequired\":true,\"valueName\":\"search_term_string\"}}],\"inLanguage\":\"es\"},{\"@type\":\"Organization\",\"@id\":\"https:\\\/\\\/dudasytextos.com\\\/finanzas\\\/#organization\",\"name\":\"TARDECIT.COM\",\"url\":\"https:\\\/\\\/dudasytextos.com\\\/finanzas\\\/\",\"logo\":{\"@type\":\"ImageObject\",\"inLanguage\":\"es\",\"@id\":\"https:\\\/\\\/dudasytextos.com\\\/finanzas\\\/#\\\/schema\\\/logo\\\/image\\\/\",\"url\":\"https:\\\/\\\/dudasytextos.com\\\/finanzas\\\/wp-content\\\/uploads\\\/2023\\\/10\\\/mediano.jpg\",\"contentUrl\":\"https:\\\/\\\/dudasytextos.com\\\/finanzas\\\/wp-content\\\/uploads\\\/2023\\\/10\\\/mediano.jpg\",\"width\":75,\"height\":75,\"caption\":\"TARDECIT.COM\"},\"image\":{\"@id\":\"https:\\\/\\\/dudasytextos.com\\\/finanzas\\\/#\\\/schema\\\/logo\\\/image\\\/\"}},{\"@type\":\"Person\",\"@id\":\"https:\\\/\\\/dudasytextos.com\\\/finanzas\\\/#\\\/schema\\\/person\\\/fb6ccd9f43b9c518802c61bc09cf23ff\",\"name\":\"Mar\u00eda Garc\u00eda Mart\u00ednez\",\"image\":{\"@type\":\"ImageObject\",\"inLanguage\":\"es\",\"@id\":\"https:\\\/\\\/secure.gravatar.com\\\/avatar\\\/a81248c0fa5700b777791576c7000b13dec582c2178e0d6198cafa21f8dfdede?s=96&d=mm&r=g\",\"url\":\"https:\\\/\\\/secure.gravatar.com\\\/avatar\\\/a81248c0fa5700b777791576c7000b13dec582c2178e0d6198cafa21f8dfdede?s=96&d=mm&r=g\",\"contentUrl\":\"https:\\\/\\\/secure.gravatar.com\\\/avatar\\\/a81248c0fa5700b777791576c7000b13dec582c2178e0d6198cafa21f8dfdede?s=96&d=mm&r=g\",\"caption\":\"Mar\u00eda Garc\u00eda Mart\u00ednez\"},\"description\":\"Soy experta en finanzas personales y asesoramiento financiero. Ayudo a las personas a tomar decisiones inteligentes con su dinero y a alcanzar sus metas financieras. A lo largo de mi carrera, he trabajado con clientes de diversas situaciones econ\u00f3micas y he brindado soluciones personalizadas para cada uno de ellos. Mi pasi\u00f3n por las finanzas me impulsa a compartir mi conocimiento a trav\u00e9s de mi blog, proporcionando consejos pr\u00e1cticos y estrategias efectivas para alcanzar la independencia financiera.\"}]}<\/script>\n<!-- \/ Yoast SEO plugin. -->","yoast_head_json":{"title":"Sandra Ortega Mera: el legado familiar de \u00e9xito y la crianza de sus hijos [2026]","description":"\u27a4 Sandra Ortega Mera: el legado familiar de \u00e9xito y la crianza de sus hijos \u261d Sandra Ortega Mera es una empresaria espa\u00f1ola, hija del fundador de Inditex, Amancio Ortega. Aunque Sandra Ortega Mera es una figura muy reservada y poco ... \u27a4","robots":{"index":"index","follow":"follow","max-snippet":"max-snippet:-1","max-image-preview":"max-image-preview:large","max-video-preview":"max-video-preview:-1"},"canonical":"https:\/\/dudasytextos.com\/finanzas\/otros\/sandra-ortega-mera-hijos\/","og_locale":"es_ES","og_type":"article","og_title":"Sandra Ortega Mera: el legado familiar de \u00e9xito y la crianza de sus hijos [2026]","og_description":"\u27a4 Sandra Ortega Mera: el legado familiar de \u00e9xito y la crianza de sus hijos \u261d Sandra Ortega Mera es una empresaria espa\u00f1ola, hija del fundador de Inditex, Amancio Ortega. Aunque Sandra Ortega Mera es una figura muy reservada y poco ... \u27a4","og_url":"https:\/\/dudasytextos.com\/finanzas\/otros\/sandra-ortega-mera-hijos\/","og_site_name":"TARDECIT.COM","article_published_time":"2025-11-01T21:43:05+00:00","article_modified_time":"2025-11-06T11:38:07+00:00","og_image":[{"width":480,"height":360,"url":"https:\/\/dudasytextos.com\/finanzas\/wp-content\/uploads\/2023\/11\/CKOM2Zc3CnI.jpg","type":"image\/jpeg"}],"author":"Mar\u00eda Garc\u00eda Mart\u00ednez","twitter_card":"summary_large_image","twitter_misc":{"Escrito por":"Mar\u00eda Garc\u00eda Mart\u00ednez","Tiempo de lectura":"5 minutos"},"schema":{"@context":"https:\/\/schema.org","@graph":[{"@type":"Article","@id":"https:\/\/dudasytextos.com\/finanzas\/otros\/sandra-ortega-mera-hijos\/#article","isPartOf":{"@id":"https:\/\/dudasytextos.com\/finanzas\/otros\/sandra-ortega-mera-hijos\/"},"author":{"name":"Mar\u00eda Garc\u00eda Mart\u00ednez","@id":"https:\/\/dudasytextos.com\/finanzas\/#\/schema\/person\/fb6ccd9f43b9c518802c61bc09cf23ff"},"headline":"Sandra Ortega Mera: el legado familiar de \u00e9xito y la crianza de sus hijos","datePublished":"2025-11-01T21:43:05+00:00","dateModified":"2025-11-06T11:38:07+00:00","mainEntityOfPage":{"@id":"https:\/\/dudasytextos.com\/finanzas\/otros\/sandra-ortega-mera-hijos\/"},"wordCount":978,"publisher":{"@id":"https:\/\/dudasytextos.com\/finanzas\/#organization"},"image":{"@id":"https:\/\/dudasytextos.com\/finanzas\/otros\/sandra-ortega-mera-hijos\/#primaryimage"},"thumbnailUrl":"https:\/\/dudasytextos.com\/finanzas\/wp-content\/uploads\/2023\/11\/CKOM2Zc3CnI.jpg","articleSection":["Otros"],"inLanguage":"es"},{"@type":"WebPage","@id":"https:\/\/dudasytextos.com\/finanzas\/otros\/sandra-ortega-mera-hijos\/","url":"https:\/\/dudasytextos.com\/finanzas\/otros\/sandra-ortega-mera-hijos\/","name":"Sandra Ortega Mera: el legado familiar de \u00e9xito y la crianza de sus hijos [2026]","isPartOf":{"@id":"https:\/\/dudasytextos.com\/finanzas\/#website"},"primaryImageOfPage":{"@id":"https:\/\/dudasytextos.com\/finanzas\/otros\/sandra-ortega-mera-hijos\/#primaryimage"},"image":{"@id":"https:\/\/dudasytextos.com\/finanzas\/otros\/sandra-ortega-mera-hijos\/#primaryimage"},"thumbnailUrl":"https:\/\/dudasytextos.com\/finanzas\/wp-content\/uploads\/2023\/11\/CKOM2Zc3CnI.jpg","datePublished":"2025-11-01T21:43:05+00:00","dateModified":"2025-11-06T11:38:07+00:00","description":"\u27a4 Sandra Ortega Mera: el legado familiar de \u00e9xito y la crianza de sus hijos \u261d Sandra Ortega Mera es una empresaria espa\u00f1ola, hija del fundador de Inditex, Amancio Ortega. Aunque Sandra Ortega Mera es una figura muy reservada y poco ... \u27a4","breadcrumb":{"@id":"https:\/\/dudasytextos.com\/finanzas\/otros\/sandra-ortega-mera-hijos\/#breadcrumb"},"inLanguage":"es","potentialAction":[{"@type":"ReadAction","target":["https:\/\/dudasytextos.com\/finanzas\/otros\/sandra-ortega-mera-hijos\/"]}]},{"@type":"ImageObject","inLanguage":"es","@id":"https:\/\/dudasytextos.com\/finanzas\/otros\/sandra-ortega-mera-hijos\/#primaryimage","url":"https:\/\/dudasytextos.com\/finanzas\/wp-content\/uploads\/2023\/11\/CKOM2Zc3CnI.jpg","contentUrl":"https:\/\/dudasytextos.com\/finanzas\/wp-content\/uploads\/2023\/11\/CKOM2Zc3CnI.jpg","width":480,"height":360},{"@type":"BreadcrumbList","@id":"https:\/\/dudasytextos.com\/finanzas\/otros\/sandra-ortega-mera-hijos\/#breadcrumb","itemListElement":[{"@type":"ListItem","position":1,"name":"Portada","item":"https:\/\/dudasytextos.com\/finanzas\/"},{"@type":"ListItem","position":2,"name":"Sandra Ortega Mera: el legado familiar de \u00e9xito y la crianza de sus hijos"}]},{"@type":"WebSite","@id":"https:\/\/dudasytextos.com\/finanzas\/#website","url":"https:\/\/dudasytextos.com\/finanzas\/","name":"TARDECIT.COM","description":"","publisher":{"@id":"https:\/\/dudasytextos.com\/finanzas\/#organization"},"potentialAction":[{"@type":"SearchAction","target":{"@type":"EntryPoint","urlTemplate":"https:\/\/dudasytextos.com\/finanzas\/?s={search_term_string}"},"query-input":{"@type":"PropertyValueSpecification","valueRequired":true,"valueName":"search_term_string"}}],"inLanguage":"es"},{"@type":"Organization","@id":"https:\/\/dudasytextos.com\/finanzas\/#organization","name":"TARDECIT.COM","url":"https:\/\/dudasytextos.com\/finanzas\/","logo":{"@type":"ImageObject","inLanguage":"es","@id":"https:\/\/dudasytextos.com\/finanzas\/#\/schema\/logo\/image\/","url":"https:\/\/dudasytextos.com\/finanzas\/wp-content\/uploads\/2023\/10\/mediano.jpg","contentUrl":"https:\/\/dudasytextos.com\/finanzas\/wp-content\/uploads\/2023\/10\/mediano.jpg","width":75,"height":75,"caption":"TARDECIT.COM"},"image":{"@id":"https:\/\/dudasytextos.com\/finanzas\/#\/schema\/logo\/image\/"}},{"@type":"Person","@id":"https:\/\/dudasytextos.com\/finanzas\/#\/schema\/person\/fb6ccd9f43b9c518802c61bc09cf23ff","name":"Mar\u00eda Garc\u00eda Mart\u00ednez","image":{"@type":"ImageObject","inLanguage":"es","@id":"https:\/\/secure.gravatar.com\/avatar\/a81248c0fa5700b777791576c7000b13dec582c2178e0d6198cafa21f8dfdede?s=96&d=mm&r=g","url":"https:\/\/secure.gravatar.com\/avatar\/a81248c0fa5700b777791576c7000b13dec582c2178e0d6198cafa21f8dfdede?s=96&d=mm&r=g","contentUrl":"https:\/\/secure.gravatar.com\/avatar\/a81248c0fa5700b777791576c7000b13dec582c2178e0d6198cafa21f8dfdede?s=96&d=mm&r=g","caption":"Mar\u00eda Garc\u00eda Mart\u00ednez"},"description":"Soy experta en finanzas personales y asesoramiento financiero. Ayudo a las personas a tomar decisiones inteligentes con su dinero y a alcanzar sus metas financieras. A lo largo de mi carrera, he trabajado con clientes de diversas situaciones econ\u00f3micas y he brindado soluciones personalizadas para cada uno de ellos. Mi pasi\u00f3n por las finanzas me impulsa a compartir mi conocimiento a trav\u00e9s de mi blog, proporcionando consejos pr\u00e1cticos y estrategias efectivas para alcanzar la independencia financiera."}]}},"_links":{"self":[{"href":"https:\/\/dudasytextos.com\/finanzas\/wp-json\/wp\/v2\/posts\/3704","targetHints":{"allow":["GET"]}}],"collection":[{"href":"https:\/\/dudasytextos.com\/finanzas\/wp-json\/wp\/v2\/posts"}],"about":[{"href":"https:\/\/dudasytextos.com\/finanzas\/wp-json\/wp\/v2\/types\/post"}],"author":[{"embeddable":true,"href":"https:\/\/dudasytextos.com\/finanzas\/wp-json\/wp\/v2\/users\/2"}],"replies":[{"embeddable":true,"href":"https:\/\/dudasytextos.com\/finanzas\/wp-json\/wp\/v2\/comments?post=3704"}],"version-history":[{"count":0,"href":"https:\/\/dudasytextos.com\/finanzas\/wp-json\/wp\/v2\/posts\/3704\/revisions"}],"wp:featuredmedia":[{"embeddable":true,"href":"https:\/\/dudasytextos.com\/finanzas\/wp-json\/wp\/v2\/media\/3705"}],"wp:attachment":[{"href":"https:\/\/dudasytextos.com\/finanzas\/wp-json\/wp\/v2\/media?parent=3704"}],"wp:term":[{"taxonomy":"category","embeddable":true,"href":"https:\/\/dudasytextos.com\/finanzas\/wp-json\/wp\/v2\/categories?post=3704"},{"taxonomy":"post_tag","embeddable":true,"href":"https:\/\/dudasytextos.com\/finanzas\/wp-json\/wp\/v2\/tags?post=3704"}],"curies":[{"name":"wp","href":"https:\/\/api.w.org\/{rel}","templated":true}]}}