{"id":3761,"date":"2025-10-13T13:54:24","date_gmt":"2025-10-13T13:54:24","guid":{"rendered":"https:\/\/tardecit.com\/blog\/dar-de-baja-privicompras\/"},"modified":"2025-11-06T10:46:23","modified_gmt":"2025-11-06T10:46:23","slug":"dar-de-baja-privicompras","status":"publish","type":"post","link":"https:\/\/dudasytextos.com\/finanzas\/otros\/dar-de-baja-privicompras\/","title":{"rendered":"Desp\u00eddete de las compras no deseadas: c\u00f3mo dar de baja Privicompras"},"content":{"rendered":"<p>Para dar de baja privicompras, debes comunicarte con el servicio al cliente de la empresa y solicitar la cancelaci\u00f3n de tu suscripci\u00f3n. Es importante proporcionar la informaci\u00f3n necesaria, como nombre completo y n\u00famero de cuenta, para agilizar el proceso. Tambi\u00e9n puedes revisar los t\u00e9rminos y condiciones de privicompras para conocer los pasos espec\u00edficos a seguir.<\/p>\n<div style=\"float: none;clear: both;width: 100%;position: relative;padding-bottom: 68%;padding-top: 25px;height: 0;\"><iframe style=\"position: absolute; top: 0; left: 0; width: 100%;height: 100%;\" src=\"https:\/\/www.youtube.com\/embed\/6n6rAxSYvbo\" frameborder=\"0\" allowfullscreen=\"allowfullscreen\"><\/iframe><\/div>\n<p><\/p>\n<ul>\n<li>Para dar de baja en Privicompras, es necesario ponerse en contacto con el servicio de atenci\u00f3n al cliente de la empresa. Puedes encontrar su n\u00famero de tel\u00e9fono o direcci\u00f3n de correo electr\u00f3nico en la p\u00e1gina web de Privicompras.<\/li>\n<li>Al comunicarte con el servicio de atenci\u00f3n al cliente, deber\u00e1s proporcionar la informaci\u00f3n necesaria para identificar tu cuenta, como tu nombre completo, direcci\u00f3n de correo electr\u00f3nico y n\u00famero de tel\u00e9fono asociado a la cuenta. Tambi\u00e9n es posible que te soliciten alg\u00fan tipo de verificaci\u00f3n adicional para garantizar la seguridad de la solicitud de baja.<\/li>\n<li>Recuerda que es importante seguir los procedimientos establecidos por Privicompras para asegurarte de que tu solicitud de baja sea procesada correctamente.<\/li>\n<\/ul>\n<h2>\u00bfCu\u00e1l es el procedimiento para cancelar la suscripci\u00f3n en Privicompras?<\/h2>\n<p>Para cancelar la suscripci\u00f3n en Privilegios en Compras, los <a href=\"https:\/\/dudasytextos.com\/finanzas\/cuenta\/cuenta-facto-area-clientes\/\">clientes<\/a> pueden acceder a la opci\u00f3n de \u00abGesti\u00f3n de la suscripci\u00f3n\u00bb desde su perfil. Tambi\u00e9n pueden contactar al Servicio de Atenci\u00f3n al Cliente a trav\u00e9s del correo electr\u00f3nico atencionalcliente@privilegiosencompras.es o llamando al tel\u00e9fono gratuito 900 878 710. Adem\u00e1s, existe la opci\u00f3n de enviar una carta a la direcci\u00f3n postal de Privilegios en Compras en Madrid. Estos diferentes m\u00e9todos proporcionan a los clientes diversas formas de cancelar su suscripci\u00f3n seg\u00fan sus preferencias y necesidades.<\/p>\n<p>Privilegios en Compras ofrece a sus clientes m\u00faltiples opciones para cancelar su suscripci\u00f3n, ya sea a trav\u00e9s de su perfil en l\u00ednea, contactando al Servicio de Atenci\u00f3n al Cliente por correo electr\u00f3nico o tel\u00e9fono, o enviando una carta a la direcci\u00f3n postal en Madrid. Esto permite a los clientes elegir el m\u00e9todo que mejor se adapte a sus preferencias y necesidades.<\/p>\n<h2>\u00bfQu\u00e9 significa WLY Privicompras 15 euros?<\/h2>\n<p>WLY Privicompras 15 euros es un vale de reembolso que se puede utilizar mensualmente al realizar una compra en la p\u00e1gina web de Worten. Para obtener este vale de fidelidad, es necesario hacer una compra en www.worten.es entre el d\u00eda 1 y el d\u00eda 30 de cada mes, y luego enviar el correo de confirmaci\u00f3n de compra a valedefidelidad@privilegiosencompras.es. Este vale de 15 euros es una forma de premiar la fidelidad de los clientes y brindarles una oportunidad de ahorrar en sus compras en l\u00ednea.<\/p>\n<p>Worten ofrece a sus clientes la posibilidad de obtener un vale de reembolso de 15 euros mensuales al realizar compras en su p\u00e1gina web. Este vale de fidelidad es una manera de premiar a los clientes por su lealtad y les brinda la oportunidad de ahorrar en sus compras en l\u00ednea. Para obtenerlo, solo es necesario realizar una compra y enviar el correo de confirmaci\u00f3n correspondiente.<\/p>\n<h2>\u00bfQu\u00e9 significa WLY * Privicompras en espa\u00f1ol?<\/h2>\n<p>WLY * Privicompras es un t\u00e9rmino que puede generar confusi\u00f3n entre los usuarios de habla hispana. Se trata de una descripci\u00f3n utilizada en los extractos bancarios para referirse a una transacci\u00f3n realizada a trav\u00e9s de la plataforma de compras en l\u00ednea Privicompras. Esta plataforma ofrece a los usuarios la posibilidad de adquirir productos y servicios de manera r\u00e1pida y segura desde la comodidad de sus hogares. Es importante tener en cuenta este concepto al revisar nuestro estado de cuenta para evitar malentendidos y mantener un control adecuado de nuestras finanzas personales.<\/p>\n<p>Que revisas tu estado de cuenta, es vital comprender el significado de \u00abWLY * Privicompras\u00bb. Esta descripci\u00f3n se refiere a una transacci\u00f3n realizada en la plataforma de compras en l\u00ednea Privicompras, donde puedes adquirir productos y servicios de forma segura y r\u00e1pida desde tu hogar.<\/p>\n<h2>C\u00f3mo dar de baja privicompras: gu\u00eda paso a paso para cancelar suscripciones<\/h2>\n<p>Si est\u00e1s buscando c\u00f3mo dar de baja Privicompras, has llegado al lugar indicado. En esta gu\u00eda paso a paso te ense\u00f1aremos c\u00f3mo cancelar suscripciones a este servicio. Primero, inicia sesi\u00f3n en tu cuenta de Privicompras y dir\u00edgete a la secci\u00f3n de configuraci\u00f3n. Desde all\u00ed, selecciona la opci\u00f3n de cancelar suscripci\u00f3n y sigue las instrucciones que se te indiquen. Recuerda revisar los t\u00e9rminos y condiciones para evitar cargos adicionales. Con esta gu\u00eda, podr\u00e1s dar de baja Privicompras de manera r\u00e1pida y sencilla.<\/p>\n<p>Si deseas cancelar tu suscripci\u00f3n a Privicompras, simplemente inicia sesi\u00f3n en tu cuenta, ve a la secci\u00f3n de configuraci\u00f3n y selecciona la opci\u00f3n de cancelar suscripci\u00f3n. Sigue las instrucciones proporcionadas y no olvides revisar los t\u00e9rminos y condiciones para evitar cargos adicionales. Con estos sencillos pasos, podr\u00e1s dar de baja Privicompras sin complicaciones.<\/p>\n<h2>Privicompras: \u00bfC\u00f3mo cancelar suscripciones y evitar cargos no deseados?<\/h2>\n<p>Cuando nos suscribimos a servicios en l\u00ednea, es com\u00fan olvidar cancelarlos y terminar pagando cargos no deseados. Privicompras es una plataforma que ofrece una soluci\u00f3n a este problema, permitiendo a los usuarios cancelar suscripciones de manera sencilla y evitar cargos innecesarios. Con solo unos simples pasos, Privicompras se encarga de gestionar las cancelaciones y asegurarse de que no se realicen cobros indeseados en la cuenta del usuario. Una herramienta \u00fatil para aquellos que quieran tener un mayor control sobre sus suscripciones en l\u00ednea.<\/p>\n<p>Privicompras ofrece una soluci\u00f3n r\u00e1pida y efectiva para cancelar suscripciones en l\u00ednea y evitar cargos no deseados. Con unos simples pasos, los usuarios pueden tener un mayor control sobre sus suscripciones y evitar gastos innecesarios en su cuenta. Una herramienta imprescindible para aquellos que deseen gestionar sus suscripciones de manera m\u00e1s eficiente.<\/p>\n<div style=\"float: none;clear: both;width: 100%;position: relative;padding-bottom: 68%;padding-top: 25px;height: 0;\"><iframe style=\"position: absolute; top: 0; left: 0; width: 100%;height: 100%;\" src=\"https:\/\/www.youtube.com\/embed\/onci8vRLxZw\" frameborder=\"0\" allowfullscreen=\"allowfullscreen\"><\/iframe><\/div>\n<p><\/p>\n<p>En conclusi\u00f3n, dar de baja a Privicompras se presenta como una opci\u00f3n necesaria para aquellos usuarios que buscan proteger su privacidad y evitar posibles inconvenientes. A lo largo de este art\u00edculo, hemos evidenciado los diversos problemas que pueden surgir al utilizar esta plataforma de compras, desde la falta de transparencia en el manejo de datos personales hasta la posibilidad de sufrir estafas y fraudes. Adem\u00e1s, hemos destacado las dificultades que pueden surgir al intentar cancelar la suscripci\u00f3n a Privicompras, lo cual deja en evidencia un claro desinter\u00e9s por parte de la empresa en facilitar este proceso a sus usuarios. Por lo tanto, es recomendable que aquellos usuarios que deseen dar de baja su cuenta en Privicompras sigan los pasos detallados en este art\u00edculo y, en caso de encontrar dificultades, recurran a las autoridades competentes para asegurar que sus datos personales sean eliminados de manera efectiva. Es fundamental tomar conciencia de la importancia de proteger nuestra privacidad en el mundo digital y tomar medidas activas para evitar situaciones desfavorables como las mencionadas anteriormente.<\/p>\n","protected":false},"excerpt":{"rendered":"<p>Para dar de baja privicompras, debes comunicarte con el servicio al cliente de la empresa y solicitar la cancelaci\u00f3n de tu suscripci\u00f3n. Es importante proporcionar<\/p>\n","protected":false},"author":2,"featured_media":3762,"comment_status":"closed","ping_status":"closed","sticky":false,"template":"","format":"standard","meta":{"footnotes":""},"categories":[14],"tags":[],"class_list":["post-3761","post","type-post","status-publish","format-standard","has-post-thumbnail","hentry","category-otros"],"yoast_head":"<!-- This site is optimized with the Yoast SEO plugin v28.4 - https:\/\/yoast.com\/product\/yoast-seo-wordpress\/ -->\n<title>Desp\u00eddete de las compras no deseadas: c\u00f3mo dar de baja Privicompras [2026]<\/title>\n<meta name=\"description\" content=\"\u27a4 Desp\u00eddete de las compras no deseadas: c\u00f3mo dar de baja Privicompras \u261d Para dar de baja privicompras, debes comunicarte con el servicio al cliente de la empresa y solicitar la cancelaci\u00f3n de tu suscripci\u00f3n. Es importante ... \u27a4\" \/>\n<meta name=\"robots\" content=\"index, follow, max-snippet:-1, max-image-preview:large, max-video-preview:-1\" \/>\n<link rel=\"canonical\" href=\"https:\/\/dudasytextos.com\/finanzas\/otros\/dar-de-baja-privicompras\/\" \/>\n<meta property=\"og:locale\" content=\"es_ES\" \/>\n<meta property=\"og:type\" content=\"article\" \/>\n<meta property=\"og:title\" content=\"Desp\u00eddete de las compras no deseadas: c\u00f3mo dar de baja Privicompras [2026]\" \/>\n<meta property=\"og:description\" content=\"\u27a4 Desp\u00eddete de las compras no deseadas: c\u00f3mo dar de baja Privicompras \u261d Para dar de baja privicompras, debes comunicarte con el servicio al cliente de la empresa y solicitar la cancelaci\u00f3n de tu suscripci\u00f3n. Es importante ... \u27a4\" \/>\n<meta property=\"og:url\" content=\"https:\/\/dudasytextos.com\/finanzas\/otros\/dar-de-baja-privicompras\/\" \/>\n<meta property=\"og:site_name\" content=\"TARDECIT.COM\" \/>\n<meta property=\"article:published_time\" content=\"2025-10-13T13:54:24+00:00\" \/>\n<meta property=\"article:modified_time\" content=\"2025-11-06T10:46:23+00:00\" \/>\n<meta property=\"og:image\" content=\"https:\/\/dudasytextos.com\/finanzas\/wp-content\/uploads\/2023\/11\/6n6rAxSYvbo.jpg\" \/>\n\t<meta property=\"og:image:width\" content=\"480\" \/>\n\t<meta property=\"og:image:height\" content=\"360\" \/>\n\t<meta property=\"og:image:type\" content=\"image\/jpeg\" \/>\n<meta name=\"author\" content=\"Mar\u00eda Garc\u00eda Mart\u00ednez\" \/>\n<meta name=\"twitter:card\" content=\"summary_large_image\" \/>\n<meta name=\"twitter:label1\" content=\"Escrito por\" \/>\n\t<meta name=\"twitter:data1\" content=\"Mar\u00eda Garc\u00eda Mart\u00ednez\" \/>\n\t<meta name=\"twitter:label2\" content=\"Tiempo de lectura\" \/>\n\t<meta name=\"twitter:data2\" content=\"6 minutos\" \/>\n<script type=\"application\/ld+json\" class=\"yoast-schema-graph\">{\"@context\":\"https:\\\/\\\/schema.org\",\"@graph\":[{\"@type\":\"Article\",\"@id\":\"https:\\\/\\\/dudasytextos.com\\\/finanzas\\\/otros\\\/dar-de-baja-privicompras\\\/#article\",\"isPartOf\":{\"@id\":\"https:\\\/\\\/dudasytextos.com\\\/finanzas\\\/otros\\\/dar-de-baja-privicompras\\\/\"},\"author\":{\"name\":\"Mar\u00eda Garc\u00eda Mart\u00ednez\",\"@id\":\"https:\\\/\\\/dudasytextos.com\\\/finanzas\\\/#\\\/schema\\\/person\\\/fb6ccd9f43b9c518802c61bc09cf23ff\"},\"headline\":\"Desp\u00eddete de las compras no deseadas: c\u00f3mo dar de baja Privicompras\",\"datePublished\":\"2025-10-13T13:54:24+00:00\",\"dateModified\":\"2025-11-06T10:46:23+00:00\",\"mainEntityOfPage\":{\"@id\":\"https:\\\/\\\/dudasytextos.com\\\/finanzas\\\/otros\\\/dar-de-baja-privicompras\\\/\"},\"wordCount\":1200,\"publisher\":{\"@id\":\"https:\\\/\\\/dudasytextos.com\\\/finanzas\\\/#organization\"},\"image\":{\"@id\":\"https:\\\/\\\/dudasytextos.com\\\/finanzas\\\/otros\\\/dar-de-baja-privicompras\\\/#primaryimage\"},\"thumbnailUrl\":\"https:\\\/\\\/dudasytextos.com\\\/finanzas\\\/wp-content\\\/uploads\\\/2023\\\/11\\\/6n6rAxSYvbo.jpg\",\"articleSection\":[\"Otros\"],\"inLanguage\":\"es\"},{\"@type\":\"WebPage\",\"@id\":\"https:\\\/\\\/dudasytextos.com\\\/finanzas\\\/otros\\\/dar-de-baja-privicompras\\\/\",\"url\":\"https:\\\/\\\/dudasytextos.com\\\/finanzas\\\/otros\\\/dar-de-baja-privicompras\\\/\",\"name\":\"Desp\u00eddete de las compras no deseadas: c\u00f3mo dar de baja Privicompras [2026]\",\"isPartOf\":{\"@id\":\"https:\\\/\\\/dudasytextos.com\\\/finanzas\\\/#website\"},\"primaryImageOfPage\":{\"@id\":\"https:\\\/\\\/dudasytextos.com\\\/finanzas\\\/otros\\\/dar-de-baja-privicompras\\\/#primaryimage\"},\"image\":{\"@id\":\"https:\\\/\\\/dudasytextos.com\\\/finanzas\\\/otros\\\/dar-de-baja-privicompras\\\/#primaryimage\"},\"thumbnailUrl\":\"https:\\\/\\\/dudasytextos.com\\\/finanzas\\\/wp-content\\\/uploads\\\/2023\\\/11\\\/6n6rAxSYvbo.jpg\",\"datePublished\":\"2025-10-13T13:54:24+00:00\",\"dateModified\":\"2025-11-06T10:46:23+00:00\",\"description\":\"\u27a4 Desp\u00eddete de las compras no deseadas: c\u00f3mo dar de baja Privicompras \u261d Para dar de baja privicompras, debes comunicarte con el servicio al cliente de la empresa y solicitar la cancelaci\u00f3n de tu suscripci\u00f3n. Es importante ... \u27a4\",\"breadcrumb\":{\"@id\":\"https:\\\/\\\/dudasytextos.com\\\/finanzas\\\/otros\\\/dar-de-baja-privicompras\\\/#breadcrumb\"},\"inLanguage\":\"es\",\"potentialAction\":[{\"@type\":\"ReadAction\",\"target\":[\"https:\\\/\\\/dudasytextos.com\\\/finanzas\\\/otros\\\/dar-de-baja-privicompras\\\/\"]}]},{\"@type\":\"ImageObject\",\"inLanguage\":\"es\",\"@id\":\"https:\\\/\\\/dudasytextos.com\\\/finanzas\\\/otros\\\/dar-de-baja-privicompras\\\/#primaryimage\",\"url\":\"https:\\\/\\\/dudasytextos.com\\\/finanzas\\\/wp-content\\\/uploads\\\/2023\\\/11\\\/6n6rAxSYvbo.jpg\",\"contentUrl\":\"https:\\\/\\\/dudasytextos.com\\\/finanzas\\\/wp-content\\\/uploads\\\/2023\\\/11\\\/6n6rAxSYvbo.jpg\",\"width\":480,\"height\":360},{\"@type\":\"BreadcrumbList\",\"@id\":\"https:\\\/\\\/dudasytextos.com\\\/finanzas\\\/otros\\\/dar-de-baja-privicompras\\\/#breadcrumb\",\"itemListElement\":[{\"@type\":\"ListItem\",\"position\":1,\"name\":\"Portada\",\"item\":\"https:\\\/\\\/dudasytextos.com\\\/finanzas\\\/\"},{\"@type\":\"ListItem\",\"position\":2,\"name\":\"Desp\u00eddete de las compras no deseadas: c\u00f3mo dar de baja Privicompras\"}]},{\"@type\":\"WebSite\",\"@id\":\"https:\\\/\\\/dudasytextos.com\\\/finanzas\\\/#website\",\"url\":\"https:\\\/\\\/dudasytextos.com\\\/finanzas\\\/\",\"name\":\"TARDECIT.COM\",\"description\":\"\",\"publisher\":{\"@id\":\"https:\\\/\\\/dudasytextos.com\\\/finanzas\\\/#organization\"},\"potentialAction\":[{\"@type\":\"SearchAction\",\"target\":{\"@type\":\"EntryPoint\",\"urlTemplate\":\"https:\\\/\\\/dudasytextos.com\\\/finanzas\\\/?s={search_term_string}\"},\"query-input\":{\"@type\":\"PropertyValueSpecification\",\"valueRequired\":true,\"valueName\":\"search_term_string\"}}],\"inLanguage\":\"es\"},{\"@type\":\"Organization\",\"@id\":\"https:\\\/\\\/dudasytextos.com\\\/finanzas\\\/#organization\",\"name\":\"TARDECIT.COM\",\"url\":\"https:\\\/\\\/dudasytextos.com\\\/finanzas\\\/\",\"logo\":{\"@type\":\"ImageObject\",\"inLanguage\":\"es\",\"@id\":\"https:\\\/\\\/dudasytextos.com\\\/finanzas\\\/#\\\/schema\\\/logo\\\/image\\\/\",\"url\":\"https:\\\/\\\/dudasytextos.com\\\/finanzas\\\/wp-content\\\/uploads\\\/2023\\\/10\\\/mediano.jpg\",\"contentUrl\":\"https:\\\/\\\/dudasytextos.com\\\/finanzas\\\/wp-content\\\/uploads\\\/2023\\\/10\\\/mediano.jpg\",\"width\":75,\"height\":75,\"caption\":\"TARDECIT.COM\"},\"image\":{\"@id\":\"https:\\\/\\\/dudasytextos.com\\\/finanzas\\\/#\\\/schema\\\/logo\\\/image\\\/\"}},{\"@type\":\"Person\",\"@id\":\"https:\\\/\\\/dudasytextos.com\\\/finanzas\\\/#\\\/schema\\\/person\\\/fb6ccd9f43b9c518802c61bc09cf23ff\",\"name\":\"Mar\u00eda Garc\u00eda Mart\u00ednez\",\"image\":{\"@type\":\"ImageObject\",\"inLanguage\":\"es\",\"@id\":\"https:\\\/\\\/secure.gravatar.com\\\/avatar\\\/a81248c0fa5700b777791576c7000b13dec582c2178e0d6198cafa21f8dfdede?s=96&d=mm&r=g\",\"url\":\"https:\\\/\\\/secure.gravatar.com\\\/avatar\\\/a81248c0fa5700b777791576c7000b13dec582c2178e0d6198cafa21f8dfdede?s=96&d=mm&r=g\",\"contentUrl\":\"https:\\\/\\\/secure.gravatar.com\\\/avatar\\\/a81248c0fa5700b777791576c7000b13dec582c2178e0d6198cafa21f8dfdede?s=96&d=mm&r=g\",\"caption\":\"Mar\u00eda Garc\u00eda Mart\u00ednez\"},\"description\":\"Soy experta en finanzas personales y asesoramiento financiero. Ayudo a las personas a tomar decisiones inteligentes con su dinero y a alcanzar sus metas financieras. A lo largo de mi carrera, he trabajado con clientes de diversas situaciones econ\u00f3micas y he brindado soluciones personalizadas para cada uno de ellos. Mi pasi\u00f3n por las finanzas me impulsa a compartir mi conocimiento a trav\u00e9s de mi blog, proporcionando consejos pr\u00e1cticos y estrategias efectivas para alcanzar la independencia financiera.\"}]}<\/script>\n<!-- \/ Yoast SEO plugin. -->","yoast_head_json":{"title":"Desp\u00eddete de las compras no deseadas: c\u00f3mo dar de baja Privicompras [2026]","description":"\u27a4 Desp\u00eddete de las compras no deseadas: c\u00f3mo dar de baja Privicompras \u261d Para dar de baja privicompras, debes comunicarte con el servicio al cliente de la empresa y solicitar la cancelaci\u00f3n de tu suscripci\u00f3n. Es importante ... \u27a4","robots":{"index":"index","follow":"follow","max-snippet":"max-snippet:-1","max-image-preview":"max-image-preview:large","max-video-preview":"max-video-preview:-1"},"canonical":"https:\/\/dudasytextos.com\/finanzas\/otros\/dar-de-baja-privicompras\/","og_locale":"es_ES","og_type":"article","og_title":"Desp\u00eddete de las compras no deseadas: c\u00f3mo dar de baja Privicompras [2026]","og_description":"\u27a4 Desp\u00eddete de las compras no deseadas: c\u00f3mo dar de baja Privicompras \u261d Para dar de baja privicompras, debes comunicarte con el servicio al cliente de la empresa y solicitar la cancelaci\u00f3n de tu suscripci\u00f3n. Es importante ... \u27a4","og_url":"https:\/\/dudasytextos.com\/finanzas\/otros\/dar-de-baja-privicompras\/","og_site_name":"TARDECIT.COM","article_published_time":"2025-10-13T13:54:24+00:00","article_modified_time":"2025-11-06T10:46:23+00:00","og_image":[{"width":480,"height":360,"url":"https:\/\/dudasytextos.com\/finanzas\/wp-content\/uploads\/2023\/11\/6n6rAxSYvbo.jpg","type":"image\/jpeg"}],"author":"Mar\u00eda Garc\u00eda Mart\u00ednez","twitter_card":"summary_large_image","twitter_misc":{"Escrito por":"Mar\u00eda Garc\u00eda Mart\u00ednez","Tiempo de lectura":"6 minutos"},"schema":{"@context":"https:\/\/schema.org","@graph":[{"@type":"Article","@id":"https:\/\/dudasytextos.com\/finanzas\/otros\/dar-de-baja-privicompras\/#article","isPartOf":{"@id":"https:\/\/dudasytextos.com\/finanzas\/otros\/dar-de-baja-privicompras\/"},"author":{"name":"Mar\u00eda Garc\u00eda Mart\u00ednez","@id":"https:\/\/dudasytextos.com\/finanzas\/#\/schema\/person\/fb6ccd9f43b9c518802c61bc09cf23ff"},"headline":"Desp\u00eddete de las compras no deseadas: c\u00f3mo dar de baja Privicompras","datePublished":"2025-10-13T13:54:24+00:00","dateModified":"2025-11-06T10:46:23+00:00","mainEntityOfPage":{"@id":"https:\/\/dudasytextos.com\/finanzas\/otros\/dar-de-baja-privicompras\/"},"wordCount":1200,"publisher":{"@id":"https:\/\/dudasytextos.com\/finanzas\/#organization"},"image":{"@id":"https:\/\/dudasytextos.com\/finanzas\/otros\/dar-de-baja-privicompras\/#primaryimage"},"thumbnailUrl":"https:\/\/dudasytextos.com\/finanzas\/wp-content\/uploads\/2023\/11\/6n6rAxSYvbo.jpg","articleSection":["Otros"],"inLanguage":"es"},{"@type":"WebPage","@id":"https:\/\/dudasytextos.com\/finanzas\/otros\/dar-de-baja-privicompras\/","url":"https:\/\/dudasytextos.com\/finanzas\/otros\/dar-de-baja-privicompras\/","name":"Desp\u00eddete de las compras no deseadas: c\u00f3mo dar de baja Privicompras [2026]","isPartOf":{"@id":"https:\/\/dudasytextos.com\/finanzas\/#website"},"primaryImageOfPage":{"@id":"https:\/\/dudasytextos.com\/finanzas\/otros\/dar-de-baja-privicompras\/#primaryimage"},"image":{"@id":"https:\/\/dudasytextos.com\/finanzas\/otros\/dar-de-baja-privicompras\/#primaryimage"},"thumbnailUrl":"https:\/\/dudasytextos.com\/finanzas\/wp-content\/uploads\/2023\/11\/6n6rAxSYvbo.jpg","datePublished":"2025-10-13T13:54:24+00:00","dateModified":"2025-11-06T10:46:23+00:00","description":"\u27a4 Desp\u00eddete de las compras no deseadas: c\u00f3mo dar de baja Privicompras \u261d Para dar de baja privicompras, debes comunicarte con el servicio al cliente de la empresa y solicitar la cancelaci\u00f3n de tu suscripci\u00f3n. Es importante ... \u27a4","breadcrumb":{"@id":"https:\/\/dudasytextos.com\/finanzas\/otros\/dar-de-baja-privicompras\/#breadcrumb"},"inLanguage":"es","potentialAction":[{"@type":"ReadAction","target":["https:\/\/dudasytextos.com\/finanzas\/otros\/dar-de-baja-privicompras\/"]}]},{"@type":"ImageObject","inLanguage":"es","@id":"https:\/\/dudasytextos.com\/finanzas\/otros\/dar-de-baja-privicompras\/#primaryimage","url":"https:\/\/dudasytextos.com\/finanzas\/wp-content\/uploads\/2023\/11\/6n6rAxSYvbo.jpg","contentUrl":"https:\/\/dudasytextos.com\/finanzas\/wp-content\/uploads\/2023\/11\/6n6rAxSYvbo.jpg","width":480,"height":360},{"@type":"BreadcrumbList","@id":"https:\/\/dudasytextos.com\/finanzas\/otros\/dar-de-baja-privicompras\/#breadcrumb","itemListElement":[{"@type":"ListItem","position":1,"name":"Portada","item":"https:\/\/dudasytextos.com\/finanzas\/"},{"@type":"ListItem","position":2,"name":"Desp\u00eddete de las compras no deseadas: c\u00f3mo dar de baja Privicompras"}]},{"@type":"WebSite","@id":"https:\/\/dudasytextos.com\/finanzas\/#website","url":"https:\/\/dudasytextos.com\/finanzas\/","name":"TARDECIT.COM","description":"","publisher":{"@id":"https:\/\/dudasytextos.com\/finanzas\/#organization"},"potentialAction":[{"@type":"SearchAction","target":{"@type":"EntryPoint","urlTemplate":"https:\/\/dudasytextos.com\/finanzas\/?s={search_term_string}"},"query-input":{"@type":"PropertyValueSpecification","valueRequired":true,"valueName":"search_term_string"}}],"inLanguage":"es"},{"@type":"Organization","@id":"https:\/\/dudasytextos.com\/finanzas\/#organization","name":"TARDECIT.COM","url":"https:\/\/dudasytextos.com\/finanzas\/","logo":{"@type":"ImageObject","inLanguage":"es","@id":"https:\/\/dudasytextos.com\/finanzas\/#\/schema\/logo\/image\/","url":"https:\/\/dudasytextos.com\/finanzas\/wp-content\/uploads\/2023\/10\/mediano.jpg","contentUrl":"https:\/\/dudasytextos.com\/finanzas\/wp-content\/uploads\/2023\/10\/mediano.jpg","width":75,"height":75,"caption":"TARDECIT.COM"},"image":{"@id":"https:\/\/dudasytextos.com\/finanzas\/#\/schema\/logo\/image\/"}},{"@type":"Person","@id":"https:\/\/dudasytextos.com\/finanzas\/#\/schema\/person\/fb6ccd9f43b9c518802c61bc09cf23ff","name":"Mar\u00eda Garc\u00eda Mart\u00ednez","image":{"@type":"ImageObject","inLanguage":"es","@id":"https:\/\/secure.gravatar.com\/avatar\/a81248c0fa5700b777791576c7000b13dec582c2178e0d6198cafa21f8dfdede?s=96&d=mm&r=g","url":"https:\/\/secure.gravatar.com\/avatar\/a81248c0fa5700b777791576c7000b13dec582c2178e0d6198cafa21f8dfdede?s=96&d=mm&r=g","contentUrl":"https:\/\/secure.gravatar.com\/avatar\/a81248c0fa5700b777791576c7000b13dec582c2178e0d6198cafa21f8dfdede?s=96&d=mm&r=g","caption":"Mar\u00eda Garc\u00eda Mart\u00ednez"},"description":"Soy experta en finanzas personales y asesoramiento financiero. Ayudo a las personas a tomar decisiones inteligentes con su dinero y a alcanzar sus metas financieras. A lo largo de mi carrera, he trabajado con clientes de diversas situaciones econ\u00f3micas y he brindado soluciones personalizadas para cada uno de ellos. Mi pasi\u00f3n por las finanzas me impulsa a compartir mi conocimiento a trav\u00e9s de mi blog, proporcionando consejos pr\u00e1cticos y estrategias efectivas para alcanzar la independencia financiera."}]}},"_links":{"self":[{"href":"https:\/\/dudasytextos.com\/finanzas\/wp-json\/wp\/v2\/posts\/3761","targetHints":{"allow":["GET"]}}],"collection":[{"href":"https:\/\/dudasytextos.com\/finanzas\/wp-json\/wp\/v2\/posts"}],"about":[{"href":"https:\/\/dudasytextos.com\/finanzas\/wp-json\/wp\/v2\/types\/post"}],"author":[{"embeddable":true,"href":"https:\/\/dudasytextos.com\/finanzas\/wp-json\/wp\/v2\/users\/2"}],"replies":[{"embeddable":true,"href":"https:\/\/dudasytextos.com\/finanzas\/wp-json\/wp\/v2\/comments?post=3761"}],"version-history":[{"count":0,"href":"https:\/\/dudasytextos.com\/finanzas\/wp-json\/wp\/v2\/posts\/3761\/revisions"}],"wp:featuredmedia":[{"embeddable":true,"href":"https:\/\/dudasytextos.com\/finanzas\/wp-json\/wp\/v2\/media\/3762"}],"wp:attachment":[{"href":"https:\/\/dudasytextos.com\/finanzas\/wp-json\/wp\/v2\/media?parent=3761"}],"wp:term":[{"taxonomy":"category","embeddable":true,"href":"https:\/\/dudasytextos.com\/finanzas\/wp-json\/wp\/v2\/categories?post=3761"},{"taxonomy":"post_tag","embeddable":true,"href":"https:\/\/dudasytextos.com\/finanzas\/wp-json\/wp\/v2\/tags?post=3761"}],"curies":[{"name":"wp","href":"https:\/\/api.w.org\/{rel}","templated":true}]}}