{"id":3832,"date":"2025-11-01T06:20:37","date_gmt":"2025-11-01T06:20:37","guid":{"rendered":"https:\/\/tardecit.com\/blog\/cuanto-ha-subido-el-salario-minimo\/"},"modified":"2025-11-06T11:28:53","modified_gmt":"2025-11-06T11:28:53","slug":"cuanto-ha-subido-el-salario-minimo","status":"publish","type":"post","link":"https:\/\/dudasytextos.com\/finanzas\/minimo\/cuanto-ha-subido-el-salario-minimo\/","title":{"rendered":"\u00a1Incre\u00edble aumento! El salario m\u00ednimo se dispara a nuevas alturas en el \u00faltimo a\u00f1o"},"content":{"rendered":"<p>El salario m\u00ednimo ha subido en diferentes pa\u00edses y en diferentes periodos de <a href=\"https:\/\/dudasytextos.com\/finanzas\/espana\/en-portugal-es-la-misma-hora-que-en-espana\/\">tiempo<\/a>. Por lo tanto, no hay una respuesta \u00fanica para cu\u00e1nto ha subido el salario m\u00ednimo. Es necesario evaluar la situaci\u00f3n espec\u00edfica de cada pa\u00eds y a\u00f1o en particular para determinar cu\u00e1nto ha aumentado.<\/p>\n<div style=\"float: none;clear: both;width: 100%;position: relative;padding-bottom: 68%;padding-top: 25px;height: 0;\"><iframe style=\"position: absolute; top: 0; left: 0; width: 100%;height: 100%;\" src=\"https:\/\/www.youtube.com\/embed\/L9pDnYYSGiM\" frameborder=\"0\" allowfullscreen=\"allowfullscreen\"><\/iframe><\/div>\n<p><\/p>\n<h3>Ventajas<\/h3>\n<ul>\n<li>Mejora del nivel de vida: El aumento del salario m\u00ednimo permite que las personas que perciben este ingreso b\u00e1sico puedan cubrir sus necesidades esenciales de manera m\u00e1s holgada, lo que se traduce en una mejora de su calidad de vida.<\/li>\n<li>Reducci\u00f3n de la desigualdad: Al aumentar el salario m\u00ednimo, se reduce la brecha salarial existente entre los trabajadores con ingresos m\u00e1s bajos y aquellos con mayores remuneraciones. Esto contribuye a disminuir la desigualdad econ\u00f3mica y a fomentar una sociedad m\u00e1s equitativa.<\/li>\n<li>Est\u00edmulo al consumo: Cuando las personas tienen m\u00e1s ingresos disponibles, tienden a gastar m\u00e1s en bienes y servicios, lo que impulsa la <a href=\"https:\/\/dudasytextos.com\/finanzas\/blog\/las-crisis-globales-demandan-expertos-en-filosofia-politica-y-economia\/\">econom\u00eda<\/a> local. El aumento del salario m\u00ednimo, por tanto, puede contribuir a dinamizar la actividad econ\u00f3mica y generar un efecto positivo en el comercio y los negocios locales.<\/li>\n<li>Mayor productividad y satisfacci\u00f3n laboral: Al mejorar la remuneraci\u00f3n de los trabajadores, se incentiva su motivaci\u00f3n y compromiso con su empleo. Esto puede traducirse en un aumento de la productividad y la calidad del <a href=\"https:\/\/dudasytextos.com\/finanzas\/cuanto\/cuanto-tarda-en-llegar-una-inspeccion-de-trabajo\/\">trabajo<\/a> realizado, lo que beneficia tanto a los empleados como a las empresas. Adem\u00e1s, un salario justo y adecuado tambi\u00e9n contribuye a mejorar la satisfacci\u00f3n laboral y el clima de trabajo.<\/li>\n<\/ul>\n<h3>Desventajas<\/h3>\n<ul>\n<li>Aumento del desempleo: Un incremento en el salario m\u00ednimo puede llevar a que las empresas no puedan costear el pago de salarios m\u00e1s altos y, como resultado, se vean obligadas a reducir su fuerza laboral. Esto puede resultar en un aumento del desempleo, ya que algunas empresas pueden no poder mantener a todos sus empleados con el nuevo salario m\u00ednimo.<\/li>\n<li>Inflaci\u00f3n: Un aumento en el salario m\u00ednimo puede provocar un aumento en los costos de producci\u00f3n para las empresas, lo cual puede llevar a un incremento en el precio de los bienes y servicios. Esto puede resultar en un aumento generalizado de los precios en la econom\u00eda, conocido como inflaci\u00f3n, lo que afectar\u00eda negativamente el poder adquisitivo de las personas y podr\u00eda generar un mayor desequilibrio econ\u00f3mico.<\/li>\n<\/ul>\n<h2>\u00bfCu\u00e1l ser\u00e1 el salario m\u00ednimo en Italia en 2023?<\/h2>\n<p>Seg\u00fan las proyecciones actuales, se espera que el salario m\u00ednimo en Italia en 2023 sea de alrededor de 1.000 euros al mes. Sin embargo, es importante tener en cuenta que esta cifra a\u00fan no ha sido confirmada oficialmente y puede estar sujeta a cambios. El aumento del salario m\u00ednimo en Italia refleja el compromiso del gobierno de mejorar las condiciones laborales y garantizar un nivel de vida digno para todos los trabajadores.<\/p>\n<p>Se espera que el salario m\u00ednimo en Italia aumente en 2023, llegando a alrededor de 1.000 euros mensuales, como parte de los esfuerzos del gobierno para mejorar las condiciones laborales y asegurar un nivel de vida adecuado para los trabajadores.<\/p>\n<h2>\u00bfC\u00f3mo se calcula el incremento salarial para el a\u00f1o 2023?<\/h2>\n<p>El c\u00e1lculo del incremento salarial para el a\u00f1o 2023 se realiza tomando en cuenta el incremento anual en la Unidad de Medida y Actualizaci\u00f3n (UMA), el cual se establece de acuerdo a la inflaci\u00f3n del a\u00f1o anterior. En el caso espec\u00edfico de este a\u00f1o, se ha registrado un aumento del 7.82%. Para calcular el incremento salarial anual, se debe multiplicar este porcentaje por el resultado mensual, y luego multiplicarlo por 12. De esta manera, se determina el ajuste salarial que se aplicar\u00e1 a partir del pr\u00f3ximo a\u00f1o.<\/p>\n<p>2023 trae consigo un incremento salarial que se calcula considerando el incremento anual de la UMA, el cual se determina seg\u00fan la inflaci\u00f3n del a\u00f1o anterior. En esta ocasi\u00f3n, el aumento registrado es del 7.82%. Para obtener el ajuste salarial anual, se multiplica este porcentaje por el resultado mensual y luego por 12, lo que determina el aumento que se aplicar\u00e1 a partir del pr\u00f3ximo a\u00f1o.<\/p>\n<h2>\u00bfCu\u00e1l es el salario m\u00ednimo en Espa\u00f1a para los extranjeros?<\/h2>\n<p>En <a href=\"https:\/\/dudasytextos.com\/finanzas\/invertir\/donde-invertir-interes-compuesto-espana\/\">Espa\u00f1a<\/a>, el salario m\u00ednimo para los extranjeros es el mismo que para los ciudadanos espa\u00f1oles, fijado en 1.000 euros al mes o 33,33 euros al d\u00eda, seg\u00fan el Real Decreto Ley 152\/2022. Esta medida busca garantizar una remuneraci\u00f3n justa y equitativa para todos los trabajadores, sin importar su nacionalidad. As\u00ed, se promueve la igualdad de condiciones laborales y se protege a los extranjeros que contribuyen al desarrollo econ\u00f3mico del pa\u00eds.<\/p>\n<p>El salario m\u00ednimo en Espa\u00f1a es igual para los extranjeros y los ciudadanos espa\u00f1oles, establecido en 1.000 euros mensuales o 33,33 euros diarios, de acuerdo con la legislaci\u00f3n vigente. Esta medida busca asegurar una compensaci\u00f3n justa y equitativa para todos los empleados, sin importar su origen, promoviendo as\u00ed la igualdad laboral y protegiendo a aquellos extranjeros que contribuyen al crecimiento econ\u00f3mico del pa\u00eds.<\/p>\n<h2>El incremento hist\u00f3rico del salario m\u00ednimo: Un an\u00e1lisis detallado de su impacto en la econom\u00eda<\/h2>\n<p>El incremento hist\u00f3rico del salario m\u00ednimo ha sido objeto de debate en la econom\u00eda actual. Un an\u00e1lisis detallado revela que si bien el aumento puede mejorar las condiciones econ\u00f3micas de los trabajadores de bajos ingresos, tambi\u00e9n puede tener efectos negativos en las empresas, como el aumento de los costos laborales y la reducci\u00f3n de la contrataci\u00f3n. Adem\u00e1s, se argumenta que un incremento excesivo puede generar inflaci\u00f3n y desequilibrios en la econom\u00eda. Por lo tanto, es necesario encontrar un equilibrio que permita mejorar el nivel de vida de los trabajadores sin perjudicar la salud econ\u00f3mica del pa\u00eds.<\/p>\n<p>Es fundamental encontrar un balance adecuado entre el incremento del salario m\u00ednimo y la estabilidad econ\u00f3mica, considerando tanto los beneficios para los trabajadores como los posibles impactos negativos en las empresas y la econom\u00eda en general.<\/p>\n<h2>La lucha por un salario digno: Un examen exhaustivo de las subidas del salario m\u00ednimo en los \u00faltimos a\u00f1os<\/h2>\n<p>En los \u00faltimos a\u00f1os, la lucha por un salario digno ha cobrado cada vez m\u00e1s relevancia. En este art\u00edculo, se examinar\u00e1 exhaustivamente las subidas del salario m\u00ednimo, analizando su impacto en la calidad de vida de los trabajadores. Se abordar\u00e1n las pol\u00edticas implementadas por los gobiernos y se evaluar\u00e1 si estas medidas han sido efectivas para garantizar un <a href=\"https:\/\/dudasytextos.com\/finanzas\/euros\/cuanto-son-16000-euros-brutos-en-neto\/\">sueldo<\/a> justo. Adem\u00e1s, se explorar\u00e1n las diferentes perspectivas de los actores involucrados, desde los sindicatos hasta los empresarios, para comprender mejor los desaf\u00edos y las oportunidades que enfrenta esta lucha en la actualidad.<\/p>\n<p>En este estudio, se analizar\u00e1 a fondo el impacto de las subidas del salario m\u00ednimo en la calidad de vida de los trabajadores, evaluando la efectividad de las pol\u00edticas implementadas por los gobiernos para garantizar un sueldo justo. Tambi\u00e9n se explorar\u00e1n las perspectivas de los sindicatos y empresarios para comprender mejor los desaf\u00edos y oportunidades de esta lucha.<\/p>\n<div style=\"float: none;clear: both;width: 100%;position: relative;padding-bottom: 68%;padding-top: 25px;height: 0;\"><iframe style=\"position: absolute; top: 0; left: 0; width: 100%;height: 100%;\" src=\"https:\/\/www.youtube.com\/embed\/2-EIXhOjIIs\" frameborder=\"0\" allowfullscreen=\"allowfullscreen\"><\/iframe><\/div>\n<p><\/p>\n<p>En conclusi\u00f3n, el incremento del salario m\u00ednimo ha sido un tema de debate y controversia en el \u00e1mbito econ\u00f3mico y pol\u00edtico. Si bien es cierto que su aumento busca promover la igualdad y mejorar la calidad de vida de los trabajadores de bajos ingresos, tambi\u00e9n puede tener efectos negativos en la econom\u00eda, como el aumento de los costos laborales para las empresas y la posible p\u00e9rdida de empleos. A pesar de ello, diversos estudios muestran que un aumento gradual y sostenible del salario m\u00ednimo puede tener impactos positivos, como la reducci\u00f3n de la pobreza y la desigualdad. Es importante considerar otras medidas complementarias, como pol\u00edticas de capacitaci\u00f3n laboral y fomento del emprendimiento, para garantizar un equilibrio entre el bienestar de los trabajadores y la sostenibilidad econ\u00f3mica. En resumen, el incremento del salario m\u00ednimo es un tema complejo y debe ser abordado con cautela y considerando todos los factores involucrados.<\/p>\n","protected":false},"excerpt":{"rendered":"<p>El salario m\u00ednimo ha subido en diferentes pa\u00edses y en diferentes periodos de tiempo. Por lo tanto, no hay una respuesta \u00fanica para cu\u00e1nto ha<\/p>\n","protected":false},"author":2,"featured_media":1800,"comment_status":"closed","ping_status":"closed","sticky":false,"template":"","format":"standard","meta":{"footnotes":""},"categories":[32],"tags":[],"class_list":["post-3832","post","type-post","status-publish","format-standard","has-post-thumbnail","hentry","category-minimo"],"yoast_head":"<!-- This site is optimized with the Yoast SEO plugin v28.3 - https:\/\/yoast.com\/product\/yoast-seo-wordpress\/ -->\n<title>\u00a1Incre\u00edble aumento! El salario m\u00ednimo se dispara a nuevas alturas en el \u00faltimo a\u00f1o [2026]<\/title>\n<meta name=\"description\" content=\"\u27a4 \u00a1Incre\u00edble aumento! El salario m\u00ednimo se dispara a nuevas alturas en el \u00faltimo a\u00f1o \u261d El salario m\u00ednimo ha subido en diferentes pa\u00edses y en diferentes periodos de tiempo. Por lo tanto, no hay una respuesta \u00fanica para cu\u00e1nto ha subido el ... \u27a4\" \/>\n<meta name=\"robots\" content=\"index, follow, max-snippet:-1, max-image-preview:large, max-video-preview:-1\" \/>\n<link rel=\"canonical\" href=\"https:\/\/dudasytextos.com\/finanzas\/minimo\/cuanto-ha-subido-el-salario-minimo\/\" \/>\n<meta property=\"og:locale\" content=\"es_ES\" \/>\n<meta property=\"og:type\" content=\"article\" \/>\n<meta property=\"og:title\" content=\"\u00a1Incre\u00edble aumento! El salario m\u00ednimo se dispara a nuevas alturas en el \u00faltimo a\u00f1o [2026]\" \/>\n<meta property=\"og:description\" content=\"\u27a4 \u00a1Incre\u00edble aumento! El salario m\u00ednimo se dispara a nuevas alturas en el \u00faltimo a\u00f1o \u261d El salario m\u00ednimo ha subido en diferentes pa\u00edses y en diferentes periodos de tiempo. Por lo tanto, no hay una respuesta \u00fanica para cu\u00e1nto ha subido el ... \u27a4\" \/>\n<meta property=\"og:url\" content=\"https:\/\/dudasytextos.com\/finanzas\/minimo\/cuanto-ha-subido-el-salario-minimo\/\" \/>\n<meta property=\"og:site_name\" content=\"TARDECIT.COM\" \/>\n<meta property=\"article:published_time\" content=\"2025-11-01T06:20:37+00:00\" \/>\n<meta property=\"article:modified_time\" content=\"2025-11-06T11:28:53+00:00\" \/>\n<meta property=\"og:image\" content=\"https:\/\/dudasytextos.com\/finanzas\/wp-content\/uploads\/2023\/10\/L9pDnYYSGiM.jpg\" \/>\n\t<meta property=\"og:image:width\" content=\"768\" \/>\n\t<meta property=\"og:image:height\" content=\"432\" \/>\n\t<meta property=\"og:image:type\" content=\"image\/jpeg\" \/>\n<meta name=\"author\" content=\"Mar\u00eda Garc\u00eda Mart\u00ednez\" \/>\n<meta name=\"twitter:card\" content=\"summary_large_image\" \/>\n<meta name=\"twitter:label1\" content=\"Escrito por\" \/>\n\t<meta name=\"twitter:data1\" content=\"Mar\u00eda Garc\u00eda Mart\u00ednez\" \/>\n\t<meta name=\"twitter:label2\" content=\"Tiempo de lectura\" \/>\n\t<meta name=\"twitter:data2\" content=\"7 minutos\" \/>\n<script type=\"application\/ld+json\" class=\"yoast-schema-graph\">{\"@context\":\"https:\\\/\\\/schema.org\",\"@graph\":[{\"@type\":\"Article\",\"@id\":\"https:\\\/\\\/dudasytextos.com\\\/finanzas\\\/minimo\\\/cuanto-ha-subido-el-salario-minimo\\\/#article\",\"isPartOf\":{\"@id\":\"https:\\\/\\\/dudasytextos.com\\\/finanzas\\\/minimo\\\/cuanto-ha-subido-el-salario-minimo\\\/\"},\"author\":{\"name\":\"Mar\u00eda Garc\u00eda Mart\u00ednez\",\"@id\":\"https:\\\/\\\/dudasytextos.com\\\/finanzas\\\/#\\\/schema\\\/person\\\/fb6ccd9f43b9c518802c61bc09cf23ff\"},\"headline\":\"\u00a1Incre\u00edble aumento! El salario m\u00ednimo se dispara a nuevas alturas en el \u00faltimo a\u00f1o\",\"datePublished\":\"2025-11-01T06:20:37+00:00\",\"dateModified\":\"2025-11-06T11:28:53+00:00\",\"mainEntityOfPage\":{\"@id\":\"https:\\\/\\\/dudasytextos.com\\\/finanzas\\\/minimo\\\/cuanto-ha-subido-el-salario-minimo\\\/\"},\"wordCount\":1395,\"publisher\":{\"@id\":\"https:\\\/\\\/dudasytextos.com\\\/finanzas\\\/#organization\"},\"image\":{\"@id\":\"https:\\\/\\\/dudasytextos.com\\\/finanzas\\\/minimo\\\/cuanto-ha-subido-el-salario-minimo\\\/#primaryimage\"},\"thumbnailUrl\":\"https:\\\/\\\/dudasytextos.com\\\/finanzas\\\/wp-content\\\/uploads\\\/2023\\\/10\\\/L9pDnYYSGiM.jpg\",\"articleSection\":[\"Minimo\"],\"inLanguage\":\"es\"},{\"@type\":\"WebPage\",\"@id\":\"https:\\\/\\\/dudasytextos.com\\\/finanzas\\\/minimo\\\/cuanto-ha-subido-el-salario-minimo\\\/\",\"url\":\"https:\\\/\\\/dudasytextos.com\\\/finanzas\\\/minimo\\\/cuanto-ha-subido-el-salario-minimo\\\/\",\"name\":\"\u00a1Incre\u00edble aumento! El salario m\u00ednimo se dispara a nuevas alturas en el \u00faltimo a\u00f1o [2026]\",\"isPartOf\":{\"@id\":\"https:\\\/\\\/dudasytextos.com\\\/finanzas\\\/#website\"},\"primaryImageOfPage\":{\"@id\":\"https:\\\/\\\/dudasytextos.com\\\/finanzas\\\/minimo\\\/cuanto-ha-subido-el-salario-minimo\\\/#primaryimage\"},\"image\":{\"@id\":\"https:\\\/\\\/dudasytextos.com\\\/finanzas\\\/minimo\\\/cuanto-ha-subido-el-salario-minimo\\\/#primaryimage\"},\"thumbnailUrl\":\"https:\\\/\\\/dudasytextos.com\\\/finanzas\\\/wp-content\\\/uploads\\\/2023\\\/10\\\/L9pDnYYSGiM.jpg\",\"datePublished\":\"2025-11-01T06:20:37+00:00\",\"dateModified\":\"2025-11-06T11:28:53+00:00\",\"description\":\"\u27a4 \u00a1Incre\u00edble aumento! El salario m\u00ednimo se dispara a nuevas alturas en el \u00faltimo a\u00f1o \u261d El salario m\u00ednimo ha subido en diferentes pa\u00edses y en diferentes periodos de tiempo. Por lo tanto, no hay una respuesta \u00fanica para cu\u00e1nto ha subido el ... \u27a4\",\"breadcrumb\":{\"@id\":\"https:\\\/\\\/dudasytextos.com\\\/finanzas\\\/minimo\\\/cuanto-ha-subido-el-salario-minimo\\\/#breadcrumb\"},\"inLanguage\":\"es\",\"potentialAction\":[{\"@type\":\"ReadAction\",\"target\":[\"https:\\\/\\\/dudasytextos.com\\\/finanzas\\\/minimo\\\/cuanto-ha-subido-el-salario-minimo\\\/\"]}]},{\"@type\":\"ImageObject\",\"inLanguage\":\"es\",\"@id\":\"https:\\\/\\\/dudasytextos.com\\\/finanzas\\\/minimo\\\/cuanto-ha-subido-el-salario-minimo\\\/#primaryimage\",\"url\":\"https:\\\/\\\/dudasytextos.com\\\/finanzas\\\/wp-content\\\/uploads\\\/2023\\\/10\\\/L9pDnYYSGiM.jpg\",\"contentUrl\":\"https:\\\/\\\/dudasytextos.com\\\/finanzas\\\/wp-content\\\/uploads\\\/2023\\\/10\\\/L9pDnYYSGiM.jpg\",\"width\":768,\"height\":432},{\"@type\":\"BreadcrumbList\",\"@id\":\"https:\\\/\\\/dudasytextos.com\\\/finanzas\\\/minimo\\\/cuanto-ha-subido-el-salario-minimo\\\/#breadcrumb\",\"itemListElement\":[{\"@type\":\"ListItem\",\"position\":1,\"name\":\"Portada\",\"item\":\"https:\\\/\\\/dudasytextos.com\\\/finanzas\\\/\"},{\"@type\":\"ListItem\",\"position\":2,\"name\":\"\u00a1Incre\u00edble aumento! El salario m\u00ednimo se dispara a nuevas alturas en el \u00faltimo a\u00f1o\"}]},{\"@type\":\"WebSite\",\"@id\":\"https:\\\/\\\/dudasytextos.com\\\/finanzas\\\/#website\",\"url\":\"https:\\\/\\\/dudasytextos.com\\\/finanzas\\\/\",\"name\":\"TARDECIT.COM\",\"description\":\"\",\"publisher\":{\"@id\":\"https:\\\/\\\/dudasytextos.com\\\/finanzas\\\/#organization\"},\"potentialAction\":[{\"@type\":\"SearchAction\",\"target\":{\"@type\":\"EntryPoint\",\"urlTemplate\":\"https:\\\/\\\/dudasytextos.com\\\/finanzas\\\/?s={search_term_string}\"},\"query-input\":{\"@type\":\"PropertyValueSpecification\",\"valueRequired\":true,\"valueName\":\"search_term_string\"}}],\"inLanguage\":\"es\"},{\"@type\":\"Organization\",\"@id\":\"https:\\\/\\\/dudasytextos.com\\\/finanzas\\\/#organization\",\"name\":\"TARDECIT.COM\",\"url\":\"https:\\\/\\\/dudasytextos.com\\\/finanzas\\\/\",\"logo\":{\"@type\":\"ImageObject\",\"inLanguage\":\"es\",\"@id\":\"https:\\\/\\\/dudasytextos.com\\\/finanzas\\\/#\\\/schema\\\/logo\\\/image\\\/\",\"url\":\"https:\\\/\\\/dudasytextos.com\\\/finanzas\\\/wp-content\\\/uploads\\\/2023\\\/10\\\/mediano.jpg\",\"contentUrl\":\"https:\\\/\\\/dudasytextos.com\\\/finanzas\\\/wp-content\\\/uploads\\\/2023\\\/10\\\/mediano.jpg\",\"width\":75,\"height\":75,\"caption\":\"TARDECIT.COM\"},\"image\":{\"@id\":\"https:\\\/\\\/dudasytextos.com\\\/finanzas\\\/#\\\/schema\\\/logo\\\/image\\\/\"}},{\"@type\":\"Person\",\"@id\":\"https:\\\/\\\/dudasytextos.com\\\/finanzas\\\/#\\\/schema\\\/person\\\/fb6ccd9f43b9c518802c61bc09cf23ff\",\"name\":\"Mar\u00eda Garc\u00eda Mart\u00ednez\",\"image\":{\"@type\":\"ImageObject\",\"inLanguage\":\"es\",\"@id\":\"https:\\\/\\\/secure.gravatar.com\\\/avatar\\\/a81248c0fa5700b777791576c7000b13dec582c2178e0d6198cafa21f8dfdede?s=96&d=mm&r=g\",\"url\":\"https:\\\/\\\/secure.gravatar.com\\\/avatar\\\/a81248c0fa5700b777791576c7000b13dec582c2178e0d6198cafa21f8dfdede?s=96&d=mm&r=g\",\"contentUrl\":\"https:\\\/\\\/secure.gravatar.com\\\/avatar\\\/a81248c0fa5700b777791576c7000b13dec582c2178e0d6198cafa21f8dfdede?s=96&d=mm&r=g\",\"caption\":\"Mar\u00eda Garc\u00eda Mart\u00ednez\"},\"description\":\"Soy experta en finanzas personales y asesoramiento financiero. Ayudo a las personas a tomar decisiones inteligentes con su dinero y a alcanzar sus metas financieras. A lo largo de mi carrera, he trabajado con clientes de diversas situaciones econ\u00f3micas y he brindado soluciones personalizadas para cada uno de ellos. Mi pasi\u00f3n por las finanzas me impulsa a compartir mi conocimiento a trav\u00e9s de mi blog, proporcionando consejos pr\u00e1cticos y estrategias efectivas para alcanzar la independencia financiera.\"}]}<\/script>\n<!-- \/ Yoast SEO plugin. -->","yoast_head_json":{"title":"\u00a1Incre\u00edble aumento! El salario m\u00ednimo se dispara a nuevas alturas en el \u00faltimo a\u00f1o [2026]","description":"\u27a4 \u00a1Incre\u00edble aumento! El salario m\u00ednimo se dispara a nuevas alturas en el \u00faltimo a\u00f1o \u261d El salario m\u00ednimo ha subido en diferentes pa\u00edses y en diferentes periodos de tiempo. Por lo tanto, no hay una respuesta \u00fanica para cu\u00e1nto ha subido el ... \u27a4","robots":{"index":"index","follow":"follow","max-snippet":"max-snippet:-1","max-image-preview":"max-image-preview:large","max-video-preview":"max-video-preview:-1"},"canonical":"https:\/\/dudasytextos.com\/finanzas\/minimo\/cuanto-ha-subido-el-salario-minimo\/","og_locale":"es_ES","og_type":"article","og_title":"\u00a1Incre\u00edble aumento! El salario m\u00ednimo se dispara a nuevas alturas en el \u00faltimo a\u00f1o [2026]","og_description":"\u27a4 \u00a1Incre\u00edble aumento! El salario m\u00ednimo se dispara a nuevas alturas en el \u00faltimo a\u00f1o \u261d El salario m\u00ednimo ha subido en diferentes pa\u00edses y en diferentes periodos de tiempo. Por lo tanto, no hay una respuesta \u00fanica para cu\u00e1nto ha subido el ... \u27a4","og_url":"https:\/\/dudasytextos.com\/finanzas\/minimo\/cuanto-ha-subido-el-salario-minimo\/","og_site_name":"TARDECIT.COM","article_published_time":"2025-11-01T06:20:37+00:00","article_modified_time":"2025-11-06T11:28:53+00:00","og_image":[{"width":768,"height":432,"url":"https:\/\/dudasytextos.com\/finanzas\/wp-content\/uploads\/2023\/10\/L9pDnYYSGiM.jpg","type":"image\/jpeg"}],"author":"Mar\u00eda Garc\u00eda Mart\u00ednez","twitter_card":"summary_large_image","twitter_misc":{"Escrito por":"Mar\u00eda Garc\u00eda Mart\u00ednez","Tiempo de lectura":"7 minutos"},"schema":{"@context":"https:\/\/schema.org","@graph":[{"@type":"Article","@id":"https:\/\/dudasytextos.com\/finanzas\/minimo\/cuanto-ha-subido-el-salario-minimo\/#article","isPartOf":{"@id":"https:\/\/dudasytextos.com\/finanzas\/minimo\/cuanto-ha-subido-el-salario-minimo\/"},"author":{"name":"Mar\u00eda Garc\u00eda Mart\u00ednez","@id":"https:\/\/dudasytextos.com\/finanzas\/#\/schema\/person\/fb6ccd9f43b9c518802c61bc09cf23ff"},"headline":"\u00a1Incre\u00edble aumento! El salario m\u00ednimo se dispara a nuevas alturas en el \u00faltimo a\u00f1o","datePublished":"2025-11-01T06:20:37+00:00","dateModified":"2025-11-06T11:28:53+00:00","mainEntityOfPage":{"@id":"https:\/\/dudasytextos.com\/finanzas\/minimo\/cuanto-ha-subido-el-salario-minimo\/"},"wordCount":1395,"publisher":{"@id":"https:\/\/dudasytextos.com\/finanzas\/#organization"},"image":{"@id":"https:\/\/dudasytextos.com\/finanzas\/minimo\/cuanto-ha-subido-el-salario-minimo\/#primaryimage"},"thumbnailUrl":"https:\/\/dudasytextos.com\/finanzas\/wp-content\/uploads\/2023\/10\/L9pDnYYSGiM.jpg","articleSection":["Minimo"],"inLanguage":"es"},{"@type":"WebPage","@id":"https:\/\/dudasytextos.com\/finanzas\/minimo\/cuanto-ha-subido-el-salario-minimo\/","url":"https:\/\/dudasytextos.com\/finanzas\/minimo\/cuanto-ha-subido-el-salario-minimo\/","name":"\u00a1Incre\u00edble aumento! El salario m\u00ednimo se dispara a nuevas alturas en el \u00faltimo a\u00f1o [2026]","isPartOf":{"@id":"https:\/\/dudasytextos.com\/finanzas\/#website"},"primaryImageOfPage":{"@id":"https:\/\/dudasytextos.com\/finanzas\/minimo\/cuanto-ha-subido-el-salario-minimo\/#primaryimage"},"image":{"@id":"https:\/\/dudasytextos.com\/finanzas\/minimo\/cuanto-ha-subido-el-salario-minimo\/#primaryimage"},"thumbnailUrl":"https:\/\/dudasytextos.com\/finanzas\/wp-content\/uploads\/2023\/10\/L9pDnYYSGiM.jpg","datePublished":"2025-11-01T06:20:37+00:00","dateModified":"2025-11-06T11:28:53+00:00","description":"\u27a4 \u00a1Incre\u00edble aumento! El salario m\u00ednimo se dispara a nuevas alturas en el \u00faltimo a\u00f1o \u261d El salario m\u00ednimo ha subido en diferentes pa\u00edses y en diferentes periodos de tiempo. Por lo tanto, no hay una respuesta \u00fanica para cu\u00e1nto ha subido el ... \u27a4","breadcrumb":{"@id":"https:\/\/dudasytextos.com\/finanzas\/minimo\/cuanto-ha-subido-el-salario-minimo\/#breadcrumb"},"inLanguage":"es","potentialAction":[{"@type":"ReadAction","target":["https:\/\/dudasytextos.com\/finanzas\/minimo\/cuanto-ha-subido-el-salario-minimo\/"]}]},{"@type":"ImageObject","inLanguage":"es","@id":"https:\/\/dudasytextos.com\/finanzas\/minimo\/cuanto-ha-subido-el-salario-minimo\/#primaryimage","url":"https:\/\/dudasytextos.com\/finanzas\/wp-content\/uploads\/2023\/10\/L9pDnYYSGiM.jpg","contentUrl":"https:\/\/dudasytextos.com\/finanzas\/wp-content\/uploads\/2023\/10\/L9pDnYYSGiM.jpg","width":768,"height":432},{"@type":"BreadcrumbList","@id":"https:\/\/dudasytextos.com\/finanzas\/minimo\/cuanto-ha-subido-el-salario-minimo\/#breadcrumb","itemListElement":[{"@type":"ListItem","position":1,"name":"Portada","item":"https:\/\/dudasytextos.com\/finanzas\/"},{"@type":"ListItem","position":2,"name":"\u00a1Incre\u00edble aumento! El salario m\u00ednimo se dispara a nuevas alturas en el \u00faltimo a\u00f1o"}]},{"@type":"WebSite","@id":"https:\/\/dudasytextos.com\/finanzas\/#website","url":"https:\/\/dudasytextos.com\/finanzas\/","name":"TARDECIT.COM","description":"","publisher":{"@id":"https:\/\/dudasytextos.com\/finanzas\/#organization"},"potentialAction":[{"@type":"SearchAction","target":{"@type":"EntryPoint","urlTemplate":"https:\/\/dudasytextos.com\/finanzas\/?s={search_term_string}"},"query-input":{"@type":"PropertyValueSpecification","valueRequired":true,"valueName":"search_term_string"}}],"inLanguage":"es"},{"@type":"Organization","@id":"https:\/\/dudasytextos.com\/finanzas\/#organization","name":"TARDECIT.COM","url":"https:\/\/dudasytextos.com\/finanzas\/","logo":{"@type":"ImageObject","inLanguage":"es","@id":"https:\/\/dudasytextos.com\/finanzas\/#\/schema\/logo\/image\/","url":"https:\/\/dudasytextos.com\/finanzas\/wp-content\/uploads\/2023\/10\/mediano.jpg","contentUrl":"https:\/\/dudasytextos.com\/finanzas\/wp-content\/uploads\/2023\/10\/mediano.jpg","width":75,"height":75,"caption":"TARDECIT.COM"},"image":{"@id":"https:\/\/dudasytextos.com\/finanzas\/#\/schema\/logo\/image\/"}},{"@type":"Person","@id":"https:\/\/dudasytextos.com\/finanzas\/#\/schema\/person\/fb6ccd9f43b9c518802c61bc09cf23ff","name":"Mar\u00eda Garc\u00eda Mart\u00ednez","image":{"@type":"ImageObject","inLanguage":"es","@id":"https:\/\/secure.gravatar.com\/avatar\/a81248c0fa5700b777791576c7000b13dec582c2178e0d6198cafa21f8dfdede?s=96&d=mm&r=g","url":"https:\/\/secure.gravatar.com\/avatar\/a81248c0fa5700b777791576c7000b13dec582c2178e0d6198cafa21f8dfdede?s=96&d=mm&r=g","contentUrl":"https:\/\/secure.gravatar.com\/avatar\/a81248c0fa5700b777791576c7000b13dec582c2178e0d6198cafa21f8dfdede?s=96&d=mm&r=g","caption":"Mar\u00eda Garc\u00eda Mart\u00ednez"},"description":"Soy experta en finanzas personales y asesoramiento financiero. Ayudo a las personas a tomar decisiones inteligentes con su dinero y a alcanzar sus metas financieras. A lo largo de mi carrera, he trabajado con clientes de diversas situaciones econ\u00f3micas y he brindado soluciones personalizadas para cada uno de ellos. Mi pasi\u00f3n por las finanzas me impulsa a compartir mi conocimiento a trav\u00e9s de mi blog, proporcionando consejos pr\u00e1cticos y estrategias efectivas para alcanzar la independencia financiera."}]}},"_links":{"self":[{"href":"https:\/\/dudasytextos.com\/finanzas\/wp-json\/wp\/v2\/posts\/3832","targetHints":{"allow":["GET"]}}],"collection":[{"href":"https:\/\/dudasytextos.com\/finanzas\/wp-json\/wp\/v2\/posts"}],"about":[{"href":"https:\/\/dudasytextos.com\/finanzas\/wp-json\/wp\/v2\/types\/post"}],"author":[{"embeddable":true,"href":"https:\/\/dudasytextos.com\/finanzas\/wp-json\/wp\/v2\/users\/2"}],"replies":[{"embeddable":true,"href":"https:\/\/dudasytextos.com\/finanzas\/wp-json\/wp\/v2\/comments?post=3832"}],"version-history":[{"count":0,"href":"https:\/\/dudasytextos.com\/finanzas\/wp-json\/wp\/v2\/posts\/3832\/revisions"}],"wp:featuredmedia":[{"embeddable":true,"href":"https:\/\/dudasytextos.com\/finanzas\/wp-json\/wp\/v2\/media\/1800"}],"wp:attachment":[{"href":"https:\/\/dudasytextos.com\/finanzas\/wp-json\/wp\/v2\/media?parent=3832"}],"wp:term":[{"taxonomy":"category","embeddable":true,"href":"https:\/\/dudasytextos.com\/finanzas\/wp-json\/wp\/v2\/categories?post=3832"},{"taxonomy":"post_tag","embeddable":true,"href":"https:\/\/dudasytextos.com\/finanzas\/wp-json\/wp\/v2\/tags?post=3832"}],"curies":[{"name":"wp","href":"https:\/\/api.w.org\/{rel}","templated":true}]}}