{"id":431,"date":"2025-10-30T20:31:11","date_gmt":"2025-10-30T20:31:11","guid":{"rendered":"https:\/\/tardecit.com\/?p=431"},"modified":"2025-11-06T10:59:59","modified_gmt":"2025-11-06T10:59:59","slug":"cuantos-anos-tiene-mario-conde","status":"publish","type":"post","link":"https:\/\/dudasytextos.com\/finanzas\/cuantos\/cuantos-anos-tiene-mario-conde\/","title":{"rendered":"Mario Conde: \u00bfCu\u00e1ntos a\u00f1os tiene el ic\u00f3nico empresario espa\u00f1ol?"},"content":{"rendered":"<p>Mario Conde, un reconocido empresario y pol\u00edtico espa\u00f1ol, ha sido objeto de controversia y admiraci\u00f3n a lo largo de los a\u00f1os. Con una carrera marcada por logros y esc\u00e1ndalos, Conde ha capturado la atenci\u00f3n del p\u00fablico y de los medios de comunicaci\u00f3n. Sin embargo, una pregunta que muchos se hacen es cu\u00e1ntos a\u00f1os tiene este enigm\u00e1tico personaje. Aunque la respuesta parece sencilla, la verdad es que existe cierta confusi\u00f3n en torno a la edad exacta de Mario Conde. Algunas fuentes afirman que naci\u00f3 en 1948, lo que lo situar\u00eda en la actualidad en sus setenta y tres a\u00f1os. Sin embargo, otros informes sugieren que su fecha de nacimiento es en realidad en 1949, lo que le dar\u00eda setenta y dos a\u00f1os. En este art\u00edculo, exploraremos la incertidumbre en torno a la edad de Mario Conde y analizaremos c\u00f3mo su experiencia y trayectoria han moldeado su vida y su impacto en la sociedad espa\u00f1ola.<\/p>\n<div style=\"float: none;clear: both;width: 100%;position: relative;padding-bottom: 68%;padding-top: 25px;height: 0;\"><iframe style=\"position: absolute; top: 0; left: 0; width: 100%;height: 100%;\" src=\"https:\/\/www.youtube.com\/embed\/oYdNMt6cK0Q\" frameborder=\"0\" allowfullscreen=\"allowfullscreen\"><\/iframe><\/div>\n<p><\/p>\n<ul>\n<li>Mario Conde tiene actualmente 73 a\u00f1os.<\/li>\n<li>Naci\u00f3 el 14 de septiembre de 1948 en Tui, Pontevedra, <a href=\"https:\/\/dudasytextos.com\/finanzas\/invertir\/donde-invertir-interes-compuesto-espana\/\">Espa\u00f1a<\/a>.<\/li>\n<li>Conde fue conocido principalmente por su papel como banquero y su pol\u00e9mica gesti\u00f3n al frente de la entidad financiera Banesto.<\/li>\n<li>En 1994, fue detenido y condenado por varios delitos relacionados con la gesti\u00f3n fraudulenta de Banesto, lo que le llev\u00f3 a pasar varios a\u00f1os en prisi\u00f3n.<\/li>\n<\/ul>\n<h2>\u00bfPor cu\u00e1nto tiempo ha estado Mario Conde?<\/h2>\n<p>Mario Conde estuvo en prisi\u00f3n durante cuatro a\u00f1os en la c\u00e1rcel de Alcal\u00e1-Meco, siendo liberado en 2006. Durante su estancia, se vio envuelto en la pol\u00e9mica debido a acusaciones de trato de favor, lo que llev\u00f3 al cese del director de la prisi\u00f3n.<\/p>\n<p>Mario Conde cumpli\u00f3 una condena de cuatro a\u00f1os en la c\u00e1rcel de Alcal\u00e1-Meco y su estancia estuvo marcada por acusaciones de trato de favor, lo que provoc\u00f3 la destituci\u00f3n del director de la prisi\u00f3n.<\/p>\n<h2>En la actualidad, \u00bfd\u00f3nde se encuentra Mario Conde?<\/h2>\n<p>Mario Conde, el ex banquero, ha optado por vivir pr\u00e1cticamente retirado del ojo p\u00fablico en su finca sevillana. All\u00ed, junto a su actual pareja, ha encontrado la tranquilidad y privacidad que tanto anhelaba. Tras a\u00f1os de turbulencia y controversia, Conde ha encontrado refugio en esta id\u00edlica ubicaci\u00f3n, alejado de los focos medi\u00e1ticos. Su vida en la actualidad transcurre en este oasis de paz, donde puede disfrutar de su retiro en completa serenidad.<\/p>\n<p>Se dice que Mario Conde, ex banquero, se ha retirado del ojo p\u00fablico y vive en su finca en Sevilla con su pareja, disfrutando de tranquilidad y privacidad. Despu\u00e9s de a\u00f1os de turbulencia y controversia, ahora encuentra refugio en este oasis de paz, lejos de los focos medi\u00e1ticos.<\/p>\n<h2>\u00bfEn qu\u00e9 momento ingres\u00f3 Mario Conde a la c\u00e1rcel?<\/h2>\n<p>Mario Conde ingres\u00f3 en prisi\u00f3n el 24 de diciembre de 1994, tras ser condenado por estafa y apropiaci\u00f3n indebida. Este acontecimiento fue destacado en la portada del peri\u00f3dico El Norte, marcando un hito en la historia del exbanquero espa\u00f1ol. Su ingreso a la c\u00e1rcel marc\u00f3 un antes y un despu\u00e9s en la percepci\u00f3n de la sociedad hacia la corrupci\u00f3n financiera y puso en evidencia la necesidad de una mayor transparencia y control en el \u00e1mbito econ\u00f3mico.<\/p>\n<p>Se considera que el ingreso de Mario Conde a prisi\u00f3n en 1994 cambi\u00f3 la forma en que la sociedad ve la corrupci\u00f3n financiera, destacando la importancia de la transparencia y el control econ\u00f3mico.<\/p>\n<h2>Mario Conde: Un repaso a la trayectoria de un ic\u00f3nico personaje espa\u00f1ol<\/h2>\n<p>Mario Conde es un ic\u00f3nico personaje espa\u00f1ol cuya trayectoria ha estado marcada por \u00e9xitos y controversias. Nacido en Tenerife en 1948, Conde se convirti\u00f3 en un destacado abogado y empresario, llegando a ser presidente del Banco Espa\u00f1ol de Cr\u00e9dito en la d\u00e9cada de 1980. Sin embargo, su carrera se vio empa\u00f1ada por acusaciones de fraude y malversaci\u00f3n de fondos, lo que lo llev\u00f3 a pasar varios a\u00f1os en prisi\u00f3n. A pesar de sus pol\u00e9micas, Conde sigue siendo un referente en la historia financiera de Espa\u00f1a.<\/p>\n<p>\u00c9xito y controversia, Mario Conde ha dejado una huella imborrable en la historia financiera de Espa\u00f1a. A pesar de sus logros como abogado y empresario, su reputaci\u00f3n se vio afectada por acusaciones de fraude y malversaci\u00f3n de fondos, lo que result\u00f3 en su encarcelamiento.<\/p>\n<h2>La vida y obra de Mario Conde: Un an\u00e1lisis de su influencia en el \u00e1mbito financiero<\/h2>\n<p>Mario Conde es reconocido como uno de los personajes m\u00e1s influyentes en el \u00e1mbito financiero en Espa\u00f1a. Su vida y obra han dejado una marca imborrable en la historia econ\u00f3mica del pa\u00eds. Desde su ascenso como presidente del Banco Espa\u00f1ol de Cr\u00e9dito hasta su posterior ca\u00edda y condena por malversaci\u00f3n de fondos, Conde ha sido objeto de controversia y admiraci\u00f3n. Este art\u00edculo analiza en detalle su influencia en el \u00e1mbito financiero y c\u00f3mo sus acciones han moldeado el panorama econ\u00f3mico actual.<\/p>\n<p>Ascenso y ca\u00edda, Mario Conde ha dejado una huella indeleble en la historia econ\u00f3mica de Espa\u00f1a, siendo reconocido como uno de los personajes m\u00e1s influyentes en el \u00e1mbito financiero del pa\u00eds. Su controvertida vida y obra han sido objeto de admiraci\u00f3n y controversia, y han moldeado el panorama econ\u00f3mico actual.<\/p>\n<h2>Mario Conde: Un hombre controvertido y su legado en la historia de Espa\u00f1a<\/h2>\n<p>Mario Conde es un personaje controvertido en la historia de Espa\u00f1a. Conocido por su papel como banquero y empresario, Conde ha sido objeto de admiraci\u00f3n y cr\u00edticas en igual medida. Su legado se centra en su participaci\u00f3n en el colapso del Banco Espa\u00f1ol de Cr\u00e9dito en la d\u00e9cada de 1990, lo que lo llev\u00f3 a ser condenado por malversaci\u00f3n de fondos. Sin embargo, algunos lo consideran un visionario que intent\u00f3 modernizar el sistema bancario espa\u00f1ol. A d\u00eda de hoy, su figura sigue siendo objeto de debate y su historia contin\u00faa siendo estudiada y analizada en los c\u00edrculos acad\u00e9micos y financieros.<\/p>\n<p>Elogios y cr\u00edticas, Mario Conde sigue siendo una figura pol\u00e9mica en la historia de Espa\u00f1a debido a su papel en el colapso del Banco Espa\u00f1ol de Cr\u00e9dito en los a\u00f1os 90 y su posterior condena por malversaci\u00f3n de fondos. Aunque algunos lo consideran un visionario en la modernizaci\u00f3n del sistema bancario espa\u00f1ol, su legado sigue siendo objeto de debate en el \u00e1mbito acad\u00e9mico y financiero.<\/p>\n<h2>La historia de Mario Conde: Descubriendo los secretos de su ascenso y ca\u00edda en el mundo empresarial<\/h2>\n<p>Mario Conde es una figura emblem\u00e1tica en la historia empresarial de Espa\u00f1a. Su ascenso mete\u00f3rico en el mundo financiero lo llev\u00f3 a convertirse en presidente de Banesto, uno de los bancos m\u00e1s importantes del pa\u00eds. Sin embargo, su \u00e9xito fue ef\u00edmero, ya que fue condenado por malversaci\u00f3n de fondos y estafa. El caso Conde revel\u00f3 los oscuros secretos y pr\u00e1cticas corruptas en el \u00e1mbito empresarial, dejando al descubierto la falta de \u00e9tica y transparencia en el sistema financiero espa\u00f1ol.<\/p>\n<p>Mario Conde se destac\u00f3 en el mundo financiero espa\u00f1ol, llegando a presidir Banesto, pero su \u00e9xito fue fugaz debido a su condena por malversaci\u00f3n de fondos y estafa, lo cual revel\u00f3 la falta de \u00e9tica y transparencia en el sistema financiero del pa\u00eds.<\/p>\n<div style=\"float: none;clear: both;width: 100%;position: relative;padding-bottom: 68%;padding-top: 25px;height: 0;\"><iframe style=\"position: absolute; top: 0; left: 0; width: 100%;height: 100%;\" src=\"https:\/\/www.youtube.com\/embed\/mVHcRziwokc\" frameborder=\"0\" allowfullscreen=\"allowfullscreen\"><\/iframe><\/div>\n<p><\/p>\n<p>En conclusi\u00f3n, Mario Conde, conocido por su destacado papel como banquero y empresario en Espa\u00f1a, ha vivido una vida llena de momentos destacables y controversias. A sus 73 a\u00f1os, ha dejado huella en el sector financiero y ha sido protagonista de diversos episodios judiciales que han marcado su trayectoria. Su ambici\u00f3n y determinaci\u00f3n lo llevaron a alcanzar grandes logros, pero tambi\u00e9n lo sumergieron en esc\u00e1ndalos y acusaciones de corrupci\u00f3n. A pesar de las adversidades, Conde ha demostrado una gran capacidad de resiliencia, reinvent\u00e1ndose constantemente y manteniendo su presencia en medios de comunicaci\u00f3n y en el \u00e1mbito empresarial. Su figura, pol\u00e9mica y controvertida, ha dejado un legado en la historia de la banca espa\u00f1ola, generando debates sobre la \u00e9tica y la responsabilidad en el mundo financiero. En definitiva, Mario Conde es un personaje que, independientemente de las opiniones que suscite, ha dejado una marca imborrable en la sociedad espa\u00f1ola y contin\u00faa siendo objeto de inter\u00e9s y estudio para aquellos interesados en el mundo de los negocios y la corrupci\u00f3n.<\/p>\n","protected":false},"excerpt":{"rendered":"<p>Mario Conde, un reconocido empresario y pol\u00edtico espa\u00f1ol, ha sido objeto de controversia y admiraci\u00f3n a lo largo de los a\u00f1os. Con una carrera marcada<\/p>\n","protected":false},"author":2,"featured_media":432,"comment_status":"closed","ping_status":"closed","sticky":false,"template":"","format":"standard","meta":{"footnotes":""},"categories":[37],"tags":[],"class_list":["post-431","post","type-post","status-publish","format-standard","has-post-thumbnail","hentry","category-cuantos"],"yoast_head":"<!-- This site is optimized with the Yoast SEO plugin v28.4 - https:\/\/yoast.com\/product\/yoast-seo-wordpress\/ -->\n<title>Mario Conde: \u00bfCu\u00e1ntos a\u00f1os tiene el ic\u00f3nico empresario espa\u00f1ol? [2026]<\/title>\n<meta name=\"description\" content=\"\u27a4 Mario Conde: \u00bfCu\u00e1ntos a\u00f1os tiene el ic\u00f3nico empresario espa\u00f1ol? \u261d Mario Conde, un reconocido empresario y pol\u00edtico espa\u00f1ol, ha sido objeto de controversia y admiraci\u00f3n a lo largo de los a\u00f1os. Con una carrera marcada por ... \u27a4\" \/>\n<meta name=\"robots\" content=\"index, follow, max-snippet:-1, max-image-preview:large, max-video-preview:-1\" \/>\n<link rel=\"canonical\" href=\"https:\/\/dudasytextos.com\/finanzas\/cuantos\/cuantos-anos-tiene-mario-conde\/\" \/>\n<meta property=\"og:locale\" content=\"es_ES\" \/>\n<meta property=\"og:type\" content=\"article\" \/>\n<meta property=\"og:title\" content=\"Mario Conde: \u00bfCu\u00e1ntos a\u00f1os tiene el ic\u00f3nico empresario espa\u00f1ol? [2026]\" \/>\n<meta property=\"og:description\" content=\"\u27a4 Mario Conde: \u00bfCu\u00e1ntos a\u00f1os tiene el ic\u00f3nico empresario espa\u00f1ol? \u261d Mario Conde, un reconocido empresario y pol\u00edtico espa\u00f1ol, ha sido objeto de controversia y admiraci\u00f3n a lo largo de los a\u00f1os. Con una carrera marcada por ... \u27a4\" \/>\n<meta property=\"og:url\" content=\"https:\/\/dudasytextos.com\/finanzas\/cuantos\/cuantos-anos-tiene-mario-conde\/\" \/>\n<meta property=\"og:site_name\" content=\"TARDECIT.COM\" \/>\n<meta property=\"article:published_time\" content=\"2025-10-30T20:31:11+00:00\" \/>\n<meta property=\"article:modified_time\" content=\"2025-11-06T10:59:59+00:00\" \/>\n<meta property=\"og:image\" content=\"https:\/\/dudasytextos.com\/finanzas\/wp-content\/uploads\/2023\/10\/oYdNMt6cK0Q.jpg\" \/>\n\t<meta property=\"og:image:width\" content=\"480\" \/>\n\t<meta property=\"og:image:height\" content=\"360\" \/>\n\t<meta property=\"og:image:type\" content=\"image\/jpeg\" \/>\n<meta name=\"author\" content=\"Mar\u00eda Garc\u00eda Mart\u00ednez\" \/>\n<meta name=\"twitter:card\" content=\"summary_large_image\" \/>\n<meta name=\"twitter:label1\" content=\"Escrito por\" \/>\n\t<meta name=\"twitter:data1\" content=\"Mar\u00eda Garc\u00eda Mart\u00ednez\" \/>\n\t<meta name=\"twitter:label2\" content=\"Tiempo de lectura\" \/>\n\t<meta name=\"twitter:data2\" content=\"7 minutos\" \/>\n<script type=\"application\/ld+json\" class=\"yoast-schema-graph\">{\"@context\":\"https:\\\/\\\/schema.org\",\"@graph\":[{\"@type\":\"Article\",\"@id\":\"https:\\\/\\\/dudasytextos.com\\\/finanzas\\\/cuantos\\\/cuantos-anos-tiene-mario-conde\\\/#article\",\"isPartOf\":{\"@id\":\"https:\\\/\\\/dudasytextos.com\\\/finanzas\\\/cuantos\\\/cuantos-anos-tiene-mario-conde\\\/\"},\"author\":{\"name\":\"Mar\u00eda Garc\u00eda Mart\u00ednez\",\"@id\":\"https:\\\/\\\/dudasytextos.com\\\/finanzas\\\/#\\\/schema\\\/person\\\/fb6ccd9f43b9c518802c61bc09cf23ff\"},\"headline\":\"Mario Conde: \u00bfCu\u00e1ntos a\u00f1os tiene el ic\u00f3nico empresario espa\u00f1ol?\",\"datePublished\":\"2025-10-30T20:31:11+00:00\",\"dateModified\":\"2025-11-06T10:59:59+00:00\",\"mainEntityOfPage\":{\"@id\":\"https:\\\/\\\/dudasytextos.com\\\/finanzas\\\/cuantos\\\/cuantos-anos-tiene-mario-conde\\\/\"},\"wordCount\":1468,\"publisher\":{\"@id\":\"https:\\\/\\\/dudasytextos.com\\\/finanzas\\\/#organization\"},\"image\":{\"@id\":\"https:\\\/\\\/dudasytextos.com\\\/finanzas\\\/cuantos\\\/cuantos-anos-tiene-mario-conde\\\/#primaryimage\"},\"thumbnailUrl\":\"https:\\\/\\\/dudasytextos.com\\\/finanzas\\\/wp-content\\\/uploads\\\/2023\\\/10\\\/oYdNMt6cK0Q.jpg\",\"articleSection\":[\"Cuantos\"],\"inLanguage\":\"es\"},{\"@type\":\"WebPage\",\"@id\":\"https:\\\/\\\/dudasytextos.com\\\/finanzas\\\/cuantos\\\/cuantos-anos-tiene-mario-conde\\\/\",\"url\":\"https:\\\/\\\/dudasytextos.com\\\/finanzas\\\/cuantos\\\/cuantos-anos-tiene-mario-conde\\\/\",\"name\":\"Mario Conde: \u00bfCu\u00e1ntos a\u00f1os tiene el ic\u00f3nico empresario espa\u00f1ol? [2026]\",\"isPartOf\":{\"@id\":\"https:\\\/\\\/dudasytextos.com\\\/finanzas\\\/#website\"},\"primaryImageOfPage\":{\"@id\":\"https:\\\/\\\/dudasytextos.com\\\/finanzas\\\/cuantos\\\/cuantos-anos-tiene-mario-conde\\\/#primaryimage\"},\"image\":{\"@id\":\"https:\\\/\\\/dudasytextos.com\\\/finanzas\\\/cuantos\\\/cuantos-anos-tiene-mario-conde\\\/#primaryimage\"},\"thumbnailUrl\":\"https:\\\/\\\/dudasytextos.com\\\/finanzas\\\/wp-content\\\/uploads\\\/2023\\\/10\\\/oYdNMt6cK0Q.jpg\",\"datePublished\":\"2025-10-30T20:31:11+00:00\",\"dateModified\":\"2025-11-06T10:59:59+00:00\",\"description\":\"\u27a4 Mario Conde: \u00bfCu\u00e1ntos a\u00f1os tiene el ic\u00f3nico empresario espa\u00f1ol? \u261d Mario Conde, un reconocido empresario y pol\u00edtico espa\u00f1ol, ha sido objeto de controversia y admiraci\u00f3n a lo largo de los a\u00f1os. Con una carrera marcada por ... \u27a4\",\"breadcrumb\":{\"@id\":\"https:\\\/\\\/dudasytextos.com\\\/finanzas\\\/cuantos\\\/cuantos-anos-tiene-mario-conde\\\/#breadcrumb\"},\"inLanguage\":\"es\",\"potentialAction\":[{\"@type\":\"ReadAction\",\"target\":[\"https:\\\/\\\/dudasytextos.com\\\/finanzas\\\/cuantos\\\/cuantos-anos-tiene-mario-conde\\\/\"]}]},{\"@type\":\"ImageObject\",\"inLanguage\":\"es\",\"@id\":\"https:\\\/\\\/dudasytextos.com\\\/finanzas\\\/cuantos\\\/cuantos-anos-tiene-mario-conde\\\/#primaryimage\",\"url\":\"https:\\\/\\\/dudasytextos.com\\\/finanzas\\\/wp-content\\\/uploads\\\/2023\\\/10\\\/oYdNMt6cK0Q.jpg\",\"contentUrl\":\"https:\\\/\\\/dudasytextos.com\\\/finanzas\\\/wp-content\\\/uploads\\\/2023\\\/10\\\/oYdNMt6cK0Q.jpg\",\"width\":480,\"height\":360},{\"@type\":\"BreadcrumbList\",\"@id\":\"https:\\\/\\\/dudasytextos.com\\\/finanzas\\\/cuantos\\\/cuantos-anos-tiene-mario-conde\\\/#breadcrumb\",\"itemListElement\":[{\"@type\":\"ListItem\",\"position\":1,\"name\":\"Portada\",\"item\":\"https:\\\/\\\/dudasytextos.com\\\/finanzas\\\/\"},{\"@type\":\"ListItem\",\"position\":2,\"name\":\"Mario Conde: \u00bfCu\u00e1ntos a\u00f1os tiene el ic\u00f3nico empresario espa\u00f1ol?\"}]},{\"@type\":\"WebSite\",\"@id\":\"https:\\\/\\\/dudasytextos.com\\\/finanzas\\\/#website\",\"url\":\"https:\\\/\\\/dudasytextos.com\\\/finanzas\\\/\",\"name\":\"TARDECIT.COM\",\"description\":\"\",\"publisher\":{\"@id\":\"https:\\\/\\\/dudasytextos.com\\\/finanzas\\\/#organization\"},\"potentialAction\":[{\"@type\":\"SearchAction\",\"target\":{\"@type\":\"EntryPoint\",\"urlTemplate\":\"https:\\\/\\\/dudasytextos.com\\\/finanzas\\\/?s={search_term_string}\"},\"query-input\":{\"@type\":\"PropertyValueSpecification\",\"valueRequired\":true,\"valueName\":\"search_term_string\"}}],\"inLanguage\":\"es\"},{\"@type\":\"Organization\",\"@id\":\"https:\\\/\\\/dudasytextos.com\\\/finanzas\\\/#organization\",\"name\":\"TARDECIT.COM\",\"url\":\"https:\\\/\\\/dudasytextos.com\\\/finanzas\\\/\",\"logo\":{\"@type\":\"ImageObject\",\"inLanguage\":\"es\",\"@id\":\"https:\\\/\\\/dudasytextos.com\\\/finanzas\\\/#\\\/schema\\\/logo\\\/image\\\/\",\"url\":\"https:\\\/\\\/dudasytextos.com\\\/finanzas\\\/wp-content\\\/uploads\\\/2023\\\/10\\\/mediano.jpg\",\"contentUrl\":\"https:\\\/\\\/dudasytextos.com\\\/finanzas\\\/wp-content\\\/uploads\\\/2023\\\/10\\\/mediano.jpg\",\"width\":75,\"height\":75,\"caption\":\"TARDECIT.COM\"},\"image\":{\"@id\":\"https:\\\/\\\/dudasytextos.com\\\/finanzas\\\/#\\\/schema\\\/logo\\\/image\\\/\"}},{\"@type\":\"Person\",\"@id\":\"https:\\\/\\\/dudasytextos.com\\\/finanzas\\\/#\\\/schema\\\/person\\\/fb6ccd9f43b9c518802c61bc09cf23ff\",\"name\":\"Mar\u00eda Garc\u00eda Mart\u00ednez\",\"image\":{\"@type\":\"ImageObject\",\"inLanguage\":\"es\",\"@id\":\"https:\\\/\\\/secure.gravatar.com\\\/avatar\\\/a81248c0fa5700b777791576c7000b13dec582c2178e0d6198cafa21f8dfdede?s=96&d=mm&r=g\",\"url\":\"https:\\\/\\\/secure.gravatar.com\\\/avatar\\\/a81248c0fa5700b777791576c7000b13dec582c2178e0d6198cafa21f8dfdede?s=96&d=mm&r=g\",\"contentUrl\":\"https:\\\/\\\/secure.gravatar.com\\\/avatar\\\/a81248c0fa5700b777791576c7000b13dec582c2178e0d6198cafa21f8dfdede?s=96&d=mm&r=g\",\"caption\":\"Mar\u00eda Garc\u00eda Mart\u00ednez\"},\"description\":\"Soy experta en finanzas personales y asesoramiento financiero. Ayudo a las personas a tomar decisiones inteligentes con su dinero y a alcanzar sus metas financieras. A lo largo de mi carrera, he trabajado con clientes de diversas situaciones econ\u00f3micas y he brindado soluciones personalizadas para cada uno de ellos. Mi pasi\u00f3n por las finanzas me impulsa a compartir mi conocimiento a trav\u00e9s de mi blog, proporcionando consejos pr\u00e1cticos y estrategias efectivas para alcanzar la independencia financiera.\"}]}<\/script>\n<!-- \/ Yoast SEO plugin. -->","yoast_head_json":{"title":"Mario Conde: \u00bfCu\u00e1ntos a\u00f1os tiene el ic\u00f3nico empresario espa\u00f1ol? [2026]","description":"\u27a4 Mario Conde: \u00bfCu\u00e1ntos a\u00f1os tiene el ic\u00f3nico empresario espa\u00f1ol? \u261d Mario Conde, un reconocido empresario y pol\u00edtico espa\u00f1ol, ha sido objeto de controversia y admiraci\u00f3n a lo largo de los a\u00f1os. Con una carrera marcada por ... \u27a4","robots":{"index":"index","follow":"follow","max-snippet":"max-snippet:-1","max-image-preview":"max-image-preview:large","max-video-preview":"max-video-preview:-1"},"canonical":"https:\/\/dudasytextos.com\/finanzas\/cuantos\/cuantos-anos-tiene-mario-conde\/","og_locale":"es_ES","og_type":"article","og_title":"Mario Conde: \u00bfCu\u00e1ntos a\u00f1os tiene el ic\u00f3nico empresario espa\u00f1ol? [2026]","og_description":"\u27a4 Mario Conde: \u00bfCu\u00e1ntos a\u00f1os tiene el ic\u00f3nico empresario espa\u00f1ol? \u261d Mario Conde, un reconocido empresario y pol\u00edtico espa\u00f1ol, ha sido objeto de controversia y admiraci\u00f3n a lo largo de los a\u00f1os. Con una carrera marcada por ... \u27a4","og_url":"https:\/\/dudasytextos.com\/finanzas\/cuantos\/cuantos-anos-tiene-mario-conde\/","og_site_name":"TARDECIT.COM","article_published_time":"2025-10-30T20:31:11+00:00","article_modified_time":"2025-11-06T10:59:59+00:00","og_image":[{"width":480,"height":360,"url":"https:\/\/dudasytextos.com\/finanzas\/wp-content\/uploads\/2023\/10\/oYdNMt6cK0Q.jpg","type":"image\/jpeg"}],"author":"Mar\u00eda Garc\u00eda Mart\u00ednez","twitter_card":"summary_large_image","twitter_misc":{"Escrito por":"Mar\u00eda Garc\u00eda Mart\u00ednez","Tiempo de lectura":"7 minutos"},"schema":{"@context":"https:\/\/schema.org","@graph":[{"@type":"Article","@id":"https:\/\/dudasytextos.com\/finanzas\/cuantos\/cuantos-anos-tiene-mario-conde\/#article","isPartOf":{"@id":"https:\/\/dudasytextos.com\/finanzas\/cuantos\/cuantos-anos-tiene-mario-conde\/"},"author":{"name":"Mar\u00eda Garc\u00eda Mart\u00ednez","@id":"https:\/\/dudasytextos.com\/finanzas\/#\/schema\/person\/fb6ccd9f43b9c518802c61bc09cf23ff"},"headline":"Mario Conde: \u00bfCu\u00e1ntos a\u00f1os tiene el ic\u00f3nico empresario espa\u00f1ol?","datePublished":"2025-10-30T20:31:11+00:00","dateModified":"2025-11-06T10:59:59+00:00","mainEntityOfPage":{"@id":"https:\/\/dudasytextos.com\/finanzas\/cuantos\/cuantos-anos-tiene-mario-conde\/"},"wordCount":1468,"publisher":{"@id":"https:\/\/dudasytextos.com\/finanzas\/#organization"},"image":{"@id":"https:\/\/dudasytextos.com\/finanzas\/cuantos\/cuantos-anos-tiene-mario-conde\/#primaryimage"},"thumbnailUrl":"https:\/\/dudasytextos.com\/finanzas\/wp-content\/uploads\/2023\/10\/oYdNMt6cK0Q.jpg","articleSection":["Cuantos"],"inLanguage":"es"},{"@type":"WebPage","@id":"https:\/\/dudasytextos.com\/finanzas\/cuantos\/cuantos-anos-tiene-mario-conde\/","url":"https:\/\/dudasytextos.com\/finanzas\/cuantos\/cuantos-anos-tiene-mario-conde\/","name":"Mario Conde: \u00bfCu\u00e1ntos a\u00f1os tiene el ic\u00f3nico empresario espa\u00f1ol? [2026]","isPartOf":{"@id":"https:\/\/dudasytextos.com\/finanzas\/#website"},"primaryImageOfPage":{"@id":"https:\/\/dudasytextos.com\/finanzas\/cuantos\/cuantos-anos-tiene-mario-conde\/#primaryimage"},"image":{"@id":"https:\/\/dudasytextos.com\/finanzas\/cuantos\/cuantos-anos-tiene-mario-conde\/#primaryimage"},"thumbnailUrl":"https:\/\/dudasytextos.com\/finanzas\/wp-content\/uploads\/2023\/10\/oYdNMt6cK0Q.jpg","datePublished":"2025-10-30T20:31:11+00:00","dateModified":"2025-11-06T10:59:59+00:00","description":"\u27a4 Mario Conde: \u00bfCu\u00e1ntos a\u00f1os tiene el ic\u00f3nico empresario espa\u00f1ol? \u261d Mario Conde, un reconocido empresario y pol\u00edtico espa\u00f1ol, ha sido objeto de controversia y admiraci\u00f3n a lo largo de los a\u00f1os. Con una carrera marcada por ... \u27a4","breadcrumb":{"@id":"https:\/\/dudasytextos.com\/finanzas\/cuantos\/cuantos-anos-tiene-mario-conde\/#breadcrumb"},"inLanguage":"es","potentialAction":[{"@type":"ReadAction","target":["https:\/\/dudasytextos.com\/finanzas\/cuantos\/cuantos-anos-tiene-mario-conde\/"]}]},{"@type":"ImageObject","inLanguage":"es","@id":"https:\/\/dudasytextos.com\/finanzas\/cuantos\/cuantos-anos-tiene-mario-conde\/#primaryimage","url":"https:\/\/dudasytextos.com\/finanzas\/wp-content\/uploads\/2023\/10\/oYdNMt6cK0Q.jpg","contentUrl":"https:\/\/dudasytextos.com\/finanzas\/wp-content\/uploads\/2023\/10\/oYdNMt6cK0Q.jpg","width":480,"height":360},{"@type":"BreadcrumbList","@id":"https:\/\/dudasytextos.com\/finanzas\/cuantos\/cuantos-anos-tiene-mario-conde\/#breadcrumb","itemListElement":[{"@type":"ListItem","position":1,"name":"Portada","item":"https:\/\/dudasytextos.com\/finanzas\/"},{"@type":"ListItem","position":2,"name":"Mario Conde: \u00bfCu\u00e1ntos a\u00f1os tiene el ic\u00f3nico empresario espa\u00f1ol?"}]},{"@type":"WebSite","@id":"https:\/\/dudasytextos.com\/finanzas\/#website","url":"https:\/\/dudasytextos.com\/finanzas\/","name":"TARDECIT.COM","description":"","publisher":{"@id":"https:\/\/dudasytextos.com\/finanzas\/#organization"},"potentialAction":[{"@type":"SearchAction","target":{"@type":"EntryPoint","urlTemplate":"https:\/\/dudasytextos.com\/finanzas\/?s={search_term_string}"},"query-input":{"@type":"PropertyValueSpecification","valueRequired":true,"valueName":"search_term_string"}}],"inLanguage":"es"},{"@type":"Organization","@id":"https:\/\/dudasytextos.com\/finanzas\/#organization","name":"TARDECIT.COM","url":"https:\/\/dudasytextos.com\/finanzas\/","logo":{"@type":"ImageObject","inLanguage":"es","@id":"https:\/\/dudasytextos.com\/finanzas\/#\/schema\/logo\/image\/","url":"https:\/\/dudasytextos.com\/finanzas\/wp-content\/uploads\/2023\/10\/mediano.jpg","contentUrl":"https:\/\/dudasytextos.com\/finanzas\/wp-content\/uploads\/2023\/10\/mediano.jpg","width":75,"height":75,"caption":"TARDECIT.COM"},"image":{"@id":"https:\/\/dudasytextos.com\/finanzas\/#\/schema\/logo\/image\/"}},{"@type":"Person","@id":"https:\/\/dudasytextos.com\/finanzas\/#\/schema\/person\/fb6ccd9f43b9c518802c61bc09cf23ff","name":"Mar\u00eda Garc\u00eda Mart\u00ednez","image":{"@type":"ImageObject","inLanguage":"es","@id":"https:\/\/secure.gravatar.com\/avatar\/a81248c0fa5700b777791576c7000b13dec582c2178e0d6198cafa21f8dfdede?s=96&d=mm&r=g","url":"https:\/\/secure.gravatar.com\/avatar\/a81248c0fa5700b777791576c7000b13dec582c2178e0d6198cafa21f8dfdede?s=96&d=mm&r=g","contentUrl":"https:\/\/secure.gravatar.com\/avatar\/a81248c0fa5700b777791576c7000b13dec582c2178e0d6198cafa21f8dfdede?s=96&d=mm&r=g","caption":"Mar\u00eda Garc\u00eda Mart\u00ednez"},"description":"Soy experta en finanzas personales y asesoramiento financiero. Ayudo a las personas a tomar decisiones inteligentes con su dinero y a alcanzar sus metas financieras. A lo largo de mi carrera, he trabajado con clientes de diversas situaciones econ\u00f3micas y he brindado soluciones personalizadas para cada uno de ellos. Mi pasi\u00f3n por las finanzas me impulsa a compartir mi conocimiento a trav\u00e9s de mi blog, proporcionando consejos pr\u00e1cticos y estrategias efectivas para alcanzar la independencia financiera."}]}},"_links":{"self":[{"href":"https:\/\/dudasytextos.com\/finanzas\/wp-json\/wp\/v2\/posts\/431","targetHints":{"allow":["GET"]}}],"collection":[{"href":"https:\/\/dudasytextos.com\/finanzas\/wp-json\/wp\/v2\/posts"}],"about":[{"href":"https:\/\/dudasytextos.com\/finanzas\/wp-json\/wp\/v2\/types\/post"}],"author":[{"embeddable":true,"href":"https:\/\/dudasytextos.com\/finanzas\/wp-json\/wp\/v2\/users\/2"}],"replies":[{"embeddable":true,"href":"https:\/\/dudasytextos.com\/finanzas\/wp-json\/wp\/v2\/comments?post=431"}],"version-history":[{"count":1,"href":"https:\/\/dudasytextos.com\/finanzas\/wp-json\/wp\/v2\/posts\/431\/revisions"}],"predecessor-version":[{"id":460,"href":"https:\/\/dudasytextos.com\/finanzas\/wp-json\/wp\/v2\/posts\/431\/revisions\/460"}],"wp:featuredmedia":[{"embeddable":true,"href":"https:\/\/dudasytextos.com\/finanzas\/wp-json\/wp\/v2\/media\/432"}],"wp:attachment":[{"href":"https:\/\/dudasytextos.com\/finanzas\/wp-json\/wp\/v2\/media?parent=431"}],"wp:term":[{"taxonomy":"category","embeddable":true,"href":"https:\/\/dudasytextos.com\/finanzas\/wp-json\/wp\/v2\/categories?post=431"},{"taxonomy":"post_tag","embeddable":true,"href":"https:\/\/dudasytextos.com\/finanzas\/wp-json\/wp\/v2\/tags?post=431"}],"curies":[{"name":"wp","href":"https:\/\/api.w.org\/{rel}","templated":true}]}}