{"id":642,"date":"2025-10-29T17:53:48","date_gmt":"2025-10-29T17:53:48","guid":{"rendered":"https:\/\/tardecit.com\/?p=642"},"modified":"2025-11-06T10:46:29","modified_gmt":"2025-11-06T10:46:29","slug":"como-se-calcula-la-poblacion-activa","status":"publish","type":"post","link":"https:\/\/dudasytextos.com\/finanzas\/otros\/como-se-calcula-la-poblacion-activa\/","title":{"rendered":"Descubre c\u00f3mo se calcula la poblaci\u00f3n activa y su impacto en la econom\u00eda"},"content":{"rendered":"<p>Cuando un usuario busca la keyword \u00abc\u00f3mo se calcula la poblaci\u00f3n activa\u00bb, su intenci\u00f3n es obtener informaci\u00f3n clara y concisa sobre el m\u00e9todo utilizado para determinar el n\u00famero de personas que forman parte de la fuerza laboral en un determinado pa\u00eds o regi\u00f3n. El usuario busca comprender los factores y criterios que se utilizan para definir qui\u00e9nes son considerados parte de la poblaci\u00f3n activa, as\u00ed como la manera en que se recopilan y analizan los datos necesarios para realizar este c\u00e1lculo.<\/p>\n<div style=\"float: none;clear: both;width: 100%;position: relative;padding-bottom: 68%;padding-top: 25px;height: 0;\"><iframe style=\"position: absolute; top: 0; left: 0; width: 100%;height: 100%;\" src=\"https:\/\/www.youtube.com\/embed\/dR29uu75PlM\" frameborder=\"0\" allowfullscreen=\"allowfullscreen\"><\/iframe><\/div>\n<p><\/p>\n<ul>\n<li>La poblaci\u00f3n activa se calcula sumando el n\u00famero de personas que est\u00e1n empleadas y las que se encuentran en b\u00fasqueda activa de empleo.<\/li>\n<li>Para determinar qui\u00e9nes son considerados como parte de la poblaci\u00f3n activa, se toma en cuenta la edad de <a href=\"https:\/\/dudasytextos.com\/finanzas\/cuanto\/cuanto-tarda-en-llegar-una-inspeccion-de-trabajo\/\">trabajo<\/a>, generalmente comprendida entre los 16 y 64 a\u00f1os.<\/li>\n<li>La tasa de actividad es un indicador que se utiliza para medir la proporci\u00f3n de la poblaci\u00f3n activa con respecto a la poblaci\u00f3n total en un determinado lugar y periodo de <a href=\"https:\/\/dudasytextos.com\/finanzas\/espana\/en-portugal-es-la-misma-hora-que-en-espana\/\">tiempo<\/a>. Se calcula dividiendo la poblaci\u00f3n activa entre la poblaci\u00f3n total y multiplicando el resultado por 100 para obtener el porcentaje.<\/li>\n<\/ul>\n<h2>\u00bfCu\u00e1l es el m\u00e9todo para calcular la poblaci\u00f3n activa en Espa\u00f1a?<\/h2>\n<p>En <a href=\"https:\/\/dudasytextos.com\/finanzas\/invertir\/donde-invertir-interes-compuesto-espana\/\">Espa\u00f1a<\/a>, el m\u00e9todo para calcular la poblaci\u00f3n activa se basa en la sumatoria de la poblaci\u00f3n ocupada y la desocupada. La tasa de actividad se obtiene dividiendo esta poblaci\u00f3n activa por el total de personas de 16 a\u00f1os en adelante. Este indicador es crucial para comprender la din\u00e1mica laboral del pa\u00eds y evaluar el nivel de participaci\u00f3n de la poblaci\u00f3n en la fuerza laboral. Conociendo esta cifra, se puede analizar de manera m\u00e1s precisa la situaci\u00f3n econ\u00f3mica y social de Espa\u00f1a.<\/p>\n<p>La tasa de actividad en Espa\u00f1a es un indicador fundamental para comprender la din\u00e1mica laboral del pa\u00eds y evaluar el nivel de participaci\u00f3n de la poblaci\u00f3n en la fuerza laboral. Conociendo esta cifra, se puede analizar de manera m\u00e1s precisa la situaci\u00f3n econ\u00f3mica y social de Espa\u00f1a.<\/p>\n<h2>\u00bfC\u00f3mo se determina la poblaci\u00f3n inactiva?<\/h2>\n<p>La poblaci\u00f3n inactiva se determina a trav\u00e9s de un c\u00e1lculo que toma en cuenta varios factores. Este c\u00e1lculo consiste en dividir la poblaci\u00f3n econ\u00f3micamente inactiva, es decir, aquellas personas que no realizan ninguna actividad laboral, entre la poblaci\u00f3n en edad de trabajar. Luego, se divide esta cifra entre la poblaci\u00f3n desocupada aspirante, que son aquellas personas en b\u00fasqueda de empleo por primera vez. Por \u00faltimo, se multiplica este resultado por cien para obtener el porcentaje de poblaci\u00f3n inactiva. De esta manera, se puede tener una estimaci\u00f3n de la cantidad de personas que no est\u00e1n participando en el mercado laboral.<\/p>\n<p>En resumen, el c\u00e1lculo de la poblaci\u00f3n inactiva se realiza dividiendo la poblaci\u00f3n econ\u00f3micamente inactiva entre la poblaci\u00f3n en edad de trabajar, y luego dividiendo este resultado entre la poblaci\u00f3n desocupada aspirante. Finalmente, se multiplica por cien para obtener el porcentaje de poblaci\u00f3n inactiva. Esto permite tener una aproximaci\u00f3n de la cantidad de personas que no se encuentran participando en el mercado laboral.<\/p>\n<h2>\u00bfCu\u00e1l es la definici\u00f3n de poblaci\u00f3n activa?<\/h2>\n<p>La poblaci\u00f3n activa, seg\u00fan los criterios de la Organizaci\u00f3n Internacional del Trabajo (OIT), est\u00e1 compuesta por aquellas personas que se encuentran ocupadas o desempleadas durante la semana de referencia. En otras palabras, se refiere a aquellos individuos que est\u00e1n trabajando o en b\u00fasqueda de empleo activamente. Esta definici\u00f3n es fundamental para comprender el mercado laboral y realizar an\u00e1lisis socioecon\u00f3micos, ya que permite determinar la proporci\u00f3n de personas que est\u00e1n contribuyendo a la <a href=\"https:\/\/dudasytextos.com\/finanzas\/blog\/las-crisis-globales-demandan-expertos-en-filosofia-politica-y-economia\/\">econom\u00eda<\/a> y aquellas que se encuentran en situaci\u00f3n de desempleo.<\/p>\n<p>La OIT define la poblaci\u00f3n activa como aquellos individuos que est\u00e1n ocupados o buscando activamente empleo. Esta definici\u00f3n es esencial para analizar el mercado laboral y la econom\u00eda, ya que nos permite conocer la proporci\u00f3n de personas que contribuyen al desarrollo econ\u00f3mico y las que se encuentran desempleadas.<\/p>\n<h2>M\u00e9todos de c\u00e1lculo de la poblaci\u00f3n activa: una mirada al mercado laboral<\/h2>\n<p>El c\u00e1lculo de la poblaci\u00f3n activa es fundamental para comprender la situaci\u00f3n del mercado laboral. Existen diferentes m\u00e9todos que se utilizan para determinar el n\u00famero de personas que se encuentran trabajando o buscando empleo en un pa\u00eds o regi\u00f3n. Estos m\u00e9todos incluyen encuestas de hogares, registros administrativos y modelos estad\u00edsticos, cada uno con sus ventajas y limitaciones. Analizar estos m\u00e9todos nos permite tener una visi\u00f3n m\u00e1s precisa de la din\u00e1mica laboral y tomar decisiones informadas en materia de pol\u00edticas p\u00fablicas y estrategias empresariales.<\/p>\n<p>Que el c\u00e1lculo de la poblaci\u00f3n activa es esencial para entender el mercado laboral, existen diversos m\u00e9todos para determinar el n\u00famero de personas trabajando o buscando empleo, como encuestas de hogares, registros administrativos y modelos estad\u00edsticos, cada uno con sus ventajas y limitaciones. Estos an\u00e1lisis permiten tener una visi\u00f3n precisa y tomar decisiones informadas en pol\u00edticas p\u00fablicas y estrategias empresariales.<\/p>\n<h2>\u00bfC\u00f3mo determinar la poblaci\u00f3n activa? Herramientas y t\u00e9cnicas de medici\u00f3n<\/h2>\n<p>Determinar la poblaci\u00f3n activa es fundamental para comprender la situaci\u00f3n econ\u00f3mica de un pa\u00eds. Existen diversas herramientas y t\u00e9cnicas de medici\u00f3n que permiten obtener datos precisos. Entre ellas se encuentran las encuestas de hogares, que recopilan informaci\u00f3n sobre la actividad laboral de los individuos, as\u00ed como los registros administrativos de empleo. Adem\u00e1s, se utilizan indicadores como la tasa de participaci\u00f3n y la tasa de desempleo para evaluar el nivel de actividad econ\u00f3mica y el mercado laboral. Estas herramientas son clave para tomar decisiones informadas y dise\u00f1ar pol\u00edticas adecuadas.<\/p>\n<p>El an\u00e1lisis de la poblaci\u00f3n activa es esencial para comprender la econom\u00eda de un pa\u00eds. Las encuestas de hogares y los registros administrativos de empleo son herramientas clave para obtener datos precisos, mientras que la tasa de participaci\u00f3n y de desempleo son indicadores fundamentales para evaluar la actividad econ\u00f3mica y el mercado laboral. Estos instrumentos son vitales para la toma de decisiones y el dise\u00f1o de pol\u00edticas adecuadas.<\/p>\n<h2>An\u00e1lisis de la poblaci\u00f3n activa: factores clave en su c\u00e1lculo y tendencias actuales<\/h2>\n<p>El an\u00e1lisis de la poblaci\u00f3n activa es fundamental para comprender la din\u00e1mica del mercado laboral. Para calcularla, se toman en cuenta diferentes factores clave, como la edad, el g\u00e9nero y la ocupaci\u00f3n de las personas en edad de trabajar. Adem\u00e1s, es importante considerar las tendencias actuales, como el aumento de la participaci\u00f3n de las mujeres en el mercado laboral y la migraci\u00f3n laboral. Estos datos son fundamentales para tomar decisiones pol\u00edticas y econ\u00f3micas que promuevan el empleo y el desarrollo sostenible.<\/p>\n<p>Seguimiento y an\u00e1lisis de la poblaci\u00f3n activa, es crucial para comprender el mercado laboral, incluyendo aspectos como edad, g\u00e9nero y ocupaci\u00f3n. Tambi\u00e9n se deben considerar las tendencias actuales, como la mayor participaci\u00f3n de las mujeres y la migraci\u00f3n laboral, para tomar decisiones que fomenten el empleo y el desarrollo sostenible.<\/p>\n<h2>El c\u00e1lculo de la poblaci\u00f3n activa: una aproximaci\u00f3n desde la demograf\u00eda y la econom\u00eda<\/h2>\n<p>El c\u00e1lculo de la poblaci\u00f3n activa es una tarea compleja que requiere una aproximaci\u00f3n desde la demograf\u00eda y la econom\u00eda. Desde el punto de vista demogr\u00e1fico, se considera a la poblaci\u00f3n activa como aquella en edad de trabajar, mientras que desde la perspectiva econ\u00f3mica se define como aquella que est\u00e1 empleada o buscando activamente empleo. Esta estimaci\u00f3n es fundamental para analizar la situaci\u00f3n laboral de un pa\u00eds, as\u00ed como para tomar decisiones pol\u00edticas y econ\u00f3micas que promuevan la creaci\u00f3n de empleo y el desarrollo socioecon\u00f3mico.<\/p>\n<p>Demograf\u00eda y econom\u00eda se encuentran diversas metodolog\u00edas para calcular la poblaci\u00f3n activa, con el objetivo de entender y mejorar la situaci\u00f3n laboral de un pa\u00eds.<\/p>\n<div style=\"float: none;clear: both;width: 100%;position: relative;padding-bottom: 68%;padding-top: 25px;height: 0;\"><iframe style=\"position: absolute; top: 0; left: 0; width: 100%;height: 100%;\" src=\"https:\/\/www.youtube.com\/embed\/lJALj7TokuI\" frameborder=\"0\" allowfullscreen=\"allowfullscreen\"><\/iframe><\/div>\n<p><\/p>\n<p>En conclusi\u00f3n, el c\u00e1lculo de la poblaci\u00f3n activa es de vital importancia para comprender la din\u00e1mica econ\u00f3mica y social de un pa\u00eds. A trav\u00e9s de esta medici\u00f3n, se puede determinar el n\u00famero de personas que est\u00e1n en edad y condiciones de trabajar, as\u00ed como su participaci\u00f3n en la fuerza laboral. Adem\u00e1s, permite analizar la distribuci\u00f3n de la poblaci\u00f3n activa por sectores y su evoluci\u00f3n a lo largo del tiempo, lo que resulta fundamental para la planificaci\u00f3n de pol\u00edticas p\u00fablicas en materia de empleo, educaci\u00f3n y desarrollo econ\u00f3mico. Sin embargo, es importante tener en cuenta que el c\u00e1lculo de la poblaci\u00f3n activa puede presentar desaf\u00edos metodol\u00f3gicos, especialmente en pa\u00edses donde la informalidad laboral es alta o donde existen diferencias socioecon\u00f3micas significativas. A pesar de estas dificultades, contar con datos precisos y actualizados sobre la poblaci\u00f3n activa es fundamental para la toma de decisiones informadas y para promover el bienestar y el desarrollo sostenible de una naci\u00f3n.<\/p>\n","protected":false},"excerpt":{"rendered":"<p>Cuando un usuario busca la keyword \u00abc\u00f3mo se calcula la poblaci\u00f3n activa\u00bb, su intenci\u00f3n es obtener informaci\u00f3n clara y concisa sobre el m\u00e9todo utilizado para<\/p>\n","protected":false},"author":2,"featured_media":643,"comment_status":"closed","ping_status":"closed","sticky":false,"template":"","format":"standard","meta":{"footnotes":""},"categories":[14],"tags":[],"class_list":["post-642","post","type-post","status-publish","format-standard","has-post-thumbnail","hentry","category-otros"],"yoast_head":"<!-- This site is optimized with the Yoast SEO plugin v28.4 - https:\/\/yoast.com\/product\/yoast-seo-wordpress\/ -->\n<title>Descubre c\u00f3mo se calcula la poblaci\u00f3n activa y su impacto en la econom\u00eda [2026]<\/title>\n<meta name=\"description\" content=\"\u27a4 Descubre c\u00f3mo se calcula la poblaci\u00f3n activa y su impacto en la econom\u00eda \u261d Cuando un usuario busca la keyword &quot;c\u00f3mo se calcula la poblaci\u00f3n activa&quot;, su intenci\u00f3n es obtener informaci\u00f3n clara y concisa sobre el m\u00e9todo utilizado ... \u27a4\" \/>\n<meta name=\"robots\" content=\"index, follow, max-snippet:-1, max-image-preview:large, max-video-preview:-1\" \/>\n<link rel=\"canonical\" href=\"https:\/\/dudasytextos.com\/finanzas\/otros\/como-se-calcula-la-poblacion-activa\/\" \/>\n<meta property=\"og:locale\" content=\"es_ES\" \/>\n<meta property=\"og:type\" content=\"article\" \/>\n<meta property=\"og:title\" content=\"Descubre c\u00f3mo se calcula la poblaci\u00f3n activa y su impacto en la econom\u00eda [2026]\" \/>\n<meta property=\"og:description\" content=\"\u27a4 Descubre c\u00f3mo se calcula la poblaci\u00f3n activa y su impacto en la econom\u00eda \u261d Cuando un usuario busca la keyword &quot;c\u00f3mo se calcula la poblaci\u00f3n activa&quot;, su intenci\u00f3n es obtener informaci\u00f3n clara y concisa sobre el m\u00e9todo utilizado ... \u27a4\" \/>\n<meta property=\"og:url\" content=\"https:\/\/dudasytextos.com\/finanzas\/otros\/como-se-calcula-la-poblacion-activa\/\" \/>\n<meta property=\"og:site_name\" content=\"TARDECIT.COM\" \/>\n<meta property=\"article:published_time\" content=\"2025-10-29T17:53:48+00:00\" \/>\n<meta property=\"article:modified_time\" content=\"2025-11-06T10:46:29+00:00\" \/>\n<meta property=\"og:image\" content=\"https:\/\/dudasytextos.com\/finanzas\/wp-content\/uploads\/2023\/10\/dR29uu75PlM.jpg\" \/>\n\t<meta property=\"og:image:width\" content=\"480\" \/>\n\t<meta property=\"og:image:height\" content=\"360\" \/>\n\t<meta property=\"og:image:type\" content=\"image\/jpeg\" \/>\n<meta name=\"author\" content=\"Mar\u00eda Garc\u00eda Mart\u00ednez\" \/>\n<meta name=\"twitter:card\" content=\"summary_large_image\" \/>\n<meta name=\"twitter:label1\" content=\"Escrito por\" \/>\n\t<meta name=\"twitter:data1\" content=\"Mar\u00eda Garc\u00eda Mart\u00ednez\" \/>\n\t<meta name=\"twitter:label2\" content=\"Tiempo de lectura\" \/>\n\t<meta name=\"twitter:data2\" content=\"8 minutos\" \/>\n<script type=\"application\/ld+json\" class=\"yoast-schema-graph\">{\"@context\":\"https:\\\/\\\/schema.org\",\"@graph\":[{\"@type\":\"Article\",\"@id\":\"https:\\\/\\\/dudasytextos.com\\\/finanzas\\\/otros\\\/como-se-calcula-la-poblacion-activa\\\/#article\",\"isPartOf\":{\"@id\":\"https:\\\/\\\/dudasytextos.com\\\/finanzas\\\/otros\\\/como-se-calcula-la-poblacion-activa\\\/\"},\"author\":{\"name\":\"Mar\u00eda Garc\u00eda Mart\u00ednez\",\"@id\":\"https:\\\/\\\/dudasytextos.com\\\/finanzas\\\/#\\\/schema\\\/person\\\/fb6ccd9f43b9c518802c61bc09cf23ff\"},\"headline\":\"Descubre c\u00f3mo se calcula la poblaci\u00f3n activa y su impacto en la econom\u00eda\",\"datePublished\":\"2025-10-29T17:53:48+00:00\",\"dateModified\":\"2025-11-06T10:46:29+00:00\",\"mainEntityOfPage\":{\"@id\":\"https:\\\/\\\/dudasytextos.com\\\/finanzas\\\/otros\\\/como-se-calcula-la-poblacion-activa\\\/\"},\"wordCount\":1602,\"publisher\":{\"@id\":\"https:\\\/\\\/dudasytextos.com\\\/finanzas\\\/#organization\"},\"image\":{\"@id\":\"https:\\\/\\\/dudasytextos.com\\\/finanzas\\\/otros\\\/como-se-calcula-la-poblacion-activa\\\/#primaryimage\"},\"thumbnailUrl\":\"https:\\\/\\\/dudasytextos.com\\\/finanzas\\\/wp-content\\\/uploads\\\/2023\\\/10\\\/dR29uu75PlM.jpg\",\"articleSection\":[\"Otros\"],\"inLanguage\":\"es\"},{\"@type\":\"WebPage\",\"@id\":\"https:\\\/\\\/dudasytextos.com\\\/finanzas\\\/otros\\\/como-se-calcula-la-poblacion-activa\\\/\",\"url\":\"https:\\\/\\\/dudasytextos.com\\\/finanzas\\\/otros\\\/como-se-calcula-la-poblacion-activa\\\/\",\"name\":\"Descubre c\u00f3mo se calcula la poblaci\u00f3n activa y su impacto en la econom\u00eda [2026]\",\"isPartOf\":{\"@id\":\"https:\\\/\\\/dudasytextos.com\\\/finanzas\\\/#website\"},\"primaryImageOfPage\":{\"@id\":\"https:\\\/\\\/dudasytextos.com\\\/finanzas\\\/otros\\\/como-se-calcula-la-poblacion-activa\\\/#primaryimage\"},\"image\":{\"@id\":\"https:\\\/\\\/dudasytextos.com\\\/finanzas\\\/otros\\\/como-se-calcula-la-poblacion-activa\\\/#primaryimage\"},\"thumbnailUrl\":\"https:\\\/\\\/dudasytextos.com\\\/finanzas\\\/wp-content\\\/uploads\\\/2023\\\/10\\\/dR29uu75PlM.jpg\",\"datePublished\":\"2025-10-29T17:53:48+00:00\",\"dateModified\":\"2025-11-06T10:46:29+00:00\",\"description\":\"\u27a4 Descubre c\u00f3mo se calcula la poblaci\u00f3n activa y su impacto en la econom\u00eda \u261d Cuando un usuario busca la keyword \\\"c\u00f3mo se calcula la poblaci\u00f3n activa\\\", su intenci\u00f3n es obtener informaci\u00f3n clara y concisa sobre el m\u00e9todo utilizado ... \u27a4\",\"breadcrumb\":{\"@id\":\"https:\\\/\\\/dudasytextos.com\\\/finanzas\\\/otros\\\/como-se-calcula-la-poblacion-activa\\\/#breadcrumb\"},\"inLanguage\":\"es\",\"potentialAction\":[{\"@type\":\"ReadAction\",\"target\":[\"https:\\\/\\\/dudasytextos.com\\\/finanzas\\\/otros\\\/como-se-calcula-la-poblacion-activa\\\/\"]}]},{\"@type\":\"ImageObject\",\"inLanguage\":\"es\",\"@id\":\"https:\\\/\\\/dudasytextos.com\\\/finanzas\\\/otros\\\/como-se-calcula-la-poblacion-activa\\\/#primaryimage\",\"url\":\"https:\\\/\\\/dudasytextos.com\\\/finanzas\\\/wp-content\\\/uploads\\\/2023\\\/10\\\/dR29uu75PlM.jpg\",\"contentUrl\":\"https:\\\/\\\/dudasytextos.com\\\/finanzas\\\/wp-content\\\/uploads\\\/2023\\\/10\\\/dR29uu75PlM.jpg\",\"width\":480,\"height\":360},{\"@type\":\"BreadcrumbList\",\"@id\":\"https:\\\/\\\/dudasytextos.com\\\/finanzas\\\/otros\\\/como-se-calcula-la-poblacion-activa\\\/#breadcrumb\",\"itemListElement\":[{\"@type\":\"ListItem\",\"position\":1,\"name\":\"Portada\",\"item\":\"https:\\\/\\\/dudasytextos.com\\\/finanzas\\\/\"},{\"@type\":\"ListItem\",\"position\":2,\"name\":\"Descubre c\u00f3mo se calcula la poblaci\u00f3n activa y su impacto en la econom\u00eda\"}]},{\"@type\":\"WebSite\",\"@id\":\"https:\\\/\\\/dudasytextos.com\\\/finanzas\\\/#website\",\"url\":\"https:\\\/\\\/dudasytextos.com\\\/finanzas\\\/\",\"name\":\"TARDECIT.COM\",\"description\":\"\",\"publisher\":{\"@id\":\"https:\\\/\\\/dudasytextos.com\\\/finanzas\\\/#organization\"},\"potentialAction\":[{\"@type\":\"SearchAction\",\"target\":{\"@type\":\"EntryPoint\",\"urlTemplate\":\"https:\\\/\\\/dudasytextos.com\\\/finanzas\\\/?s={search_term_string}\"},\"query-input\":{\"@type\":\"PropertyValueSpecification\",\"valueRequired\":true,\"valueName\":\"search_term_string\"}}],\"inLanguage\":\"es\"},{\"@type\":\"Organization\",\"@id\":\"https:\\\/\\\/dudasytextos.com\\\/finanzas\\\/#organization\",\"name\":\"TARDECIT.COM\",\"url\":\"https:\\\/\\\/dudasytextos.com\\\/finanzas\\\/\",\"logo\":{\"@type\":\"ImageObject\",\"inLanguage\":\"es\",\"@id\":\"https:\\\/\\\/dudasytextos.com\\\/finanzas\\\/#\\\/schema\\\/logo\\\/image\\\/\",\"url\":\"https:\\\/\\\/dudasytextos.com\\\/finanzas\\\/wp-content\\\/uploads\\\/2023\\\/10\\\/mediano.jpg\",\"contentUrl\":\"https:\\\/\\\/dudasytextos.com\\\/finanzas\\\/wp-content\\\/uploads\\\/2023\\\/10\\\/mediano.jpg\",\"width\":75,\"height\":75,\"caption\":\"TARDECIT.COM\"},\"image\":{\"@id\":\"https:\\\/\\\/dudasytextos.com\\\/finanzas\\\/#\\\/schema\\\/logo\\\/image\\\/\"}},{\"@type\":\"Person\",\"@id\":\"https:\\\/\\\/dudasytextos.com\\\/finanzas\\\/#\\\/schema\\\/person\\\/fb6ccd9f43b9c518802c61bc09cf23ff\",\"name\":\"Mar\u00eda Garc\u00eda Mart\u00ednez\",\"image\":{\"@type\":\"ImageObject\",\"inLanguage\":\"es\",\"@id\":\"https:\\\/\\\/secure.gravatar.com\\\/avatar\\\/a81248c0fa5700b777791576c7000b13dec582c2178e0d6198cafa21f8dfdede?s=96&d=mm&r=g\",\"url\":\"https:\\\/\\\/secure.gravatar.com\\\/avatar\\\/a81248c0fa5700b777791576c7000b13dec582c2178e0d6198cafa21f8dfdede?s=96&d=mm&r=g\",\"contentUrl\":\"https:\\\/\\\/secure.gravatar.com\\\/avatar\\\/a81248c0fa5700b777791576c7000b13dec582c2178e0d6198cafa21f8dfdede?s=96&d=mm&r=g\",\"caption\":\"Mar\u00eda Garc\u00eda Mart\u00ednez\"},\"description\":\"Soy experta en finanzas personales y asesoramiento financiero. Ayudo a las personas a tomar decisiones inteligentes con su dinero y a alcanzar sus metas financieras. A lo largo de mi carrera, he trabajado con clientes de diversas situaciones econ\u00f3micas y he brindado soluciones personalizadas para cada uno de ellos. Mi pasi\u00f3n por las finanzas me impulsa a compartir mi conocimiento a trav\u00e9s de mi blog, proporcionando consejos pr\u00e1cticos y estrategias efectivas para alcanzar la independencia financiera.\"}]}<\/script>\n<!-- \/ Yoast SEO plugin. -->","yoast_head_json":{"title":"Descubre c\u00f3mo se calcula la poblaci\u00f3n activa y su impacto en la econom\u00eda [2026]","description":"\u27a4 Descubre c\u00f3mo se calcula la poblaci\u00f3n activa y su impacto en la econom\u00eda \u261d Cuando un usuario busca la keyword \"c\u00f3mo se calcula la poblaci\u00f3n activa\", su intenci\u00f3n es obtener informaci\u00f3n clara y concisa sobre el m\u00e9todo utilizado ... \u27a4","robots":{"index":"index","follow":"follow","max-snippet":"max-snippet:-1","max-image-preview":"max-image-preview:large","max-video-preview":"max-video-preview:-1"},"canonical":"https:\/\/dudasytextos.com\/finanzas\/otros\/como-se-calcula-la-poblacion-activa\/","og_locale":"es_ES","og_type":"article","og_title":"Descubre c\u00f3mo se calcula la poblaci\u00f3n activa y su impacto en la econom\u00eda [2026]","og_description":"\u27a4 Descubre c\u00f3mo se calcula la poblaci\u00f3n activa y su impacto en la econom\u00eda \u261d Cuando un usuario busca la keyword \"c\u00f3mo se calcula la poblaci\u00f3n activa\", su intenci\u00f3n es obtener informaci\u00f3n clara y concisa sobre el m\u00e9todo utilizado ... \u27a4","og_url":"https:\/\/dudasytextos.com\/finanzas\/otros\/como-se-calcula-la-poblacion-activa\/","og_site_name":"TARDECIT.COM","article_published_time":"2025-10-29T17:53:48+00:00","article_modified_time":"2025-11-06T10:46:29+00:00","og_image":[{"width":480,"height":360,"url":"https:\/\/dudasytextos.com\/finanzas\/wp-content\/uploads\/2023\/10\/dR29uu75PlM.jpg","type":"image\/jpeg"}],"author":"Mar\u00eda Garc\u00eda Mart\u00ednez","twitter_card":"summary_large_image","twitter_misc":{"Escrito por":"Mar\u00eda Garc\u00eda Mart\u00ednez","Tiempo de lectura":"8 minutos"},"schema":{"@context":"https:\/\/schema.org","@graph":[{"@type":"Article","@id":"https:\/\/dudasytextos.com\/finanzas\/otros\/como-se-calcula-la-poblacion-activa\/#article","isPartOf":{"@id":"https:\/\/dudasytextos.com\/finanzas\/otros\/como-se-calcula-la-poblacion-activa\/"},"author":{"name":"Mar\u00eda Garc\u00eda Mart\u00ednez","@id":"https:\/\/dudasytextos.com\/finanzas\/#\/schema\/person\/fb6ccd9f43b9c518802c61bc09cf23ff"},"headline":"Descubre c\u00f3mo se calcula la poblaci\u00f3n activa y su impacto en la econom\u00eda","datePublished":"2025-10-29T17:53:48+00:00","dateModified":"2025-11-06T10:46:29+00:00","mainEntityOfPage":{"@id":"https:\/\/dudasytextos.com\/finanzas\/otros\/como-se-calcula-la-poblacion-activa\/"},"wordCount":1602,"publisher":{"@id":"https:\/\/dudasytextos.com\/finanzas\/#organization"},"image":{"@id":"https:\/\/dudasytextos.com\/finanzas\/otros\/como-se-calcula-la-poblacion-activa\/#primaryimage"},"thumbnailUrl":"https:\/\/dudasytextos.com\/finanzas\/wp-content\/uploads\/2023\/10\/dR29uu75PlM.jpg","articleSection":["Otros"],"inLanguage":"es"},{"@type":"WebPage","@id":"https:\/\/dudasytextos.com\/finanzas\/otros\/como-se-calcula-la-poblacion-activa\/","url":"https:\/\/dudasytextos.com\/finanzas\/otros\/como-se-calcula-la-poblacion-activa\/","name":"Descubre c\u00f3mo se calcula la poblaci\u00f3n activa y su impacto en la econom\u00eda [2026]","isPartOf":{"@id":"https:\/\/dudasytextos.com\/finanzas\/#website"},"primaryImageOfPage":{"@id":"https:\/\/dudasytextos.com\/finanzas\/otros\/como-se-calcula-la-poblacion-activa\/#primaryimage"},"image":{"@id":"https:\/\/dudasytextos.com\/finanzas\/otros\/como-se-calcula-la-poblacion-activa\/#primaryimage"},"thumbnailUrl":"https:\/\/dudasytextos.com\/finanzas\/wp-content\/uploads\/2023\/10\/dR29uu75PlM.jpg","datePublished":"2025-10-29T17:53:48+00:00","dateModified":"2025-11-06T10:46:29+00:00","description":"\u27a4 Descubre c\u00f3mo se calcula la poblaci\u00f3n activa y su impacto en la econom\u00eda \u261d Cuando un usuario busca la keyword \"c\u00f3mo se calcula la poblaci\u00f3n activa\", su intenci\u00f3n es obtener informaci\u00f3n clara y concisa sobre el m\u00e9todo utilizado ... \u27a4","breadcrumb":{"@id":"https:\/\/dudasytextos.com\/finanzas\/otros\/como-se-calcula-la-poblacion-activa\/#breadcrumb"},"inLanguage":"es","potentialAction":[{"@type":"ReadAction","target":["https:\/\/dudasytextos.com\/finanzas\/otros\/como-se-calcula-la-poblacion-activa\/"]}]},{"@type":"ImageObject","inLanguage":"es","@id":"https:\/\/dudasytextos.com\/finanzas\/otros\/como-se-calcula-la-poblacion-activa\/#primaryimage","url":"https:\/\/dudasytextos.com\/finanzas\/wp-content\/uploads\/2023\/10\/dR29uu75PlM.jpg","contentUrl":"https:\/\/dudasytextos.com\/finanzas\/wp-content\/uploads\/2023\/10\/dR29uu75PlM.jpg","width":480,"height":360},{"@type":"BreadcrumbList","@id":"https:\/\/dudasytextos.com\/finanzas\/otros\/como-se-calcula-la-poblacion-activa\/#breadcrumb","itemListElement":[{"@type":"ListItem","position":1,"name":"Portada","item":"https:\/\/dudasytextos.com\/finanzas\/"},{"@type":"ListItem","position":2,"name":"Descubre c\u00f3mo se calcula la poblaci\u00f3n activa y su impacto en la econom\u00eda"}]},{"@type":"WebSite","@id":"https:\/\/dudasytextos.com\/finanzas\/#website","url":"https:\/\/dudasytextos.com\/finanzas\/","name":"TARDECIT.COM","description":"","publisher":{"@id":"https:\/\/dudasytextos.com\/finanzas\/#organization"},"potentialAction":[{"@type":"SearchAction","target":{"@type":"EntryPoint","urlTemplate":"https:\/\/dudasytextos.com\/finanzas\/?s={search_term_string}"},"query-input":{"@type":"PropertyValueSpecification","valueRequired":true,"valueName":"search_term_string"}}],"inLanguage":"es"},{"@type":"Organization","@id":"https:\/\/dudasytextos.com\/finanzas\/#organization","name":"TARDECIT.COM","url":"https:\/\/dudasytextos.com\/finanzas\/","logo":{"@type":"ImageObject","inLanguage":"es","@id":"https:\/\/dudasytextos.com\/finanzas\/#\/schema\/logo\/image\/","url":"https:\/\/dudasytextos.com\/finanzas\/wp-content\/uploads\/2023\/10\/mediano.jpg","contentUrl":"https:\/\/dudasytextos.com\/finanzas\/wp-content\/uploads\/2023\/10\/mediano.jpg","width":75,"height":75,"caption":"TARDECIT.COM"},"image":{"@id":"https:\/\/dudasytextos.com\/finanzas\/#\/schema\/logo\/image\/"}},{"@type":"Person","@id":"https:\/\/dudasytextos.com\/finanzas\/#\/schema\/person\/fb6ccd9f43b9c518802c61bc09cf23ff","name":"Mar\u00eda Garc\u00eda Mart\u00ednez","image":{"@type":"ImageObject","inLanguage":"es","@id":"https:\/\/secure.gravatar.com\/avatar\/a81248c0fa5700b777791576c7000b13dec582c2178e0d6198cafa21f8dfdede?s=96&d=mm&r=g","url":"https:\/\/secure.gravatar.com\/avatar\/a81248c0fa5700b777791576c7000b13dec582c2178e0d6198cafa21f8dfdede?s=96&d=mm&r=g","contentUrl":"https:\/\/secure.gravatar.com\/avatar\/a81248c0fa5700b777791576c7000b13dec582c2178e0d6198cafa21f8dfdede?s=96&d=mm&r=g","caption":"Mar\u00eda Garc\u00eda Mart\u00ednez"},"description":"Soy experta en finanzas personales y asesoramiento financiero. Ayudo a las personas a tomar decisiones inteligentes con su dinero y a alcanzar sus metas financieras. A lo largo de mi carrera, he trabajado con clientes de diversas situaciones econ\u00f3micas y he brindado soluciones personalizadas para cada uno de ellos. Mi pasi\u00f3n por las finanzas me impulsa a compartir mi conocimiento a trav\u00e9s de mi blog, proporcionando consejos pr\u00e1cticos y estrategias efectivas para alcanzar la independencia financiera."}]}},"_links":{"self":[{"href":"https:\/\/dudasytextos.com\/finanzas\/wp-json\/wp\/v2\/posts\/642","targetHints":{"allow":["GET"]}}],"collection":[{"href":"https:\/\/dudasytextos.com\/finanzas\/wp-json\/wp\/v2\/posts"}],"about":[{"href":"https:\/\/dudasytextos.com\/finanzas\/wp-json\/wp\/v2\/types\/post"}],"author":[{"embeddable":true,"href":"https:\/\/dudasytextos.com\/finanzas\/wp-json\/wp\/v2\/users\/2"}],"replies":[{"embeddable":true,"href":"https:\/\/dudasytextos.com\/finanzas\/wp-json\/wp\/v2\/comments?post=642"}],"version-history":[{"count":1,"href":"https:\/\/dudasytextos.com\/finanzas\/wp-json\/wp\/v2\/posts\/642\/revisions"}],"predecessor-version":[{"id":721,"href":"https:\/\/dudasytextos.com\/finanzas\/wp-json\/wp\/v2\/posts\/642\/revisions\/721"}],"wp:featuredmedia":[{"embeddable":true,"href":"https:\/\/dudasytextos.com\/finanzas\/wp-json\/wp\/v2\/media\/643"}],"wp:attachment":[{"href":"https:\/\/dudasytextos.com\/finanzas\/wp-json\/wp\/v2\/media?parent=642"}],"wp:term":[{"taxonomy":"category","embeddable":true,"href":"https:\/\/dudasytextos.com\/finanzas\/wp-json\/wp\/v2\/categories?post=642"},{"taxonomy":"post_tag","embeddable":true,"href":"https:\/\/dudasytextos.com\/finanzas\/wp-json\/wp\/v2\/tags?post=642"}],"curies":[{"name":"wp","href":"https:\/\/api.w.org\/{rel}","templated":true}]}}