{"id":657,"date":"2025-10-10T01:22:13","date_gmt":"2025-10-10T01:22:13","guid":{"rendered":"https:\/\/tardecit.com\/blog\/que-dia-era-hace-13-semanas\/"},"modified":"2025-11-06T11:18:28","modified_gmt":"2025-11-06T11:18:28","slug":"que-dia-era-hace-13-semanas","status":"publish","type":"post","link":"https:\/\/dudasytextos.com\/finanzas\/otros\/que-dia-era-hace-13-semanas\/","title":{"rendered":"Hace 13 semanas: \u00bfRecuerdas qu\u00e9 d\u00eda era?"},"content":{"rendered":"<p>Cuando un usuario busca la keyword \u00ab\u00bfqu\u00e9 d\u00eda era hace 13 semanas?\u00bb, su intenci\u00f3n de b\u00fasqueda es obtener informaci\u00f3n precisa sobre la fecha que ocurri\u00f3 hace exactamente 13 semanas atr\u00e1s. El usuario est\u00e1 interesado en saber qu\u00e9 d\u00eda de la semana fue en particular, para poder recordar un evento o calcular una referencia temporal.<\/p>\n<div style=\"float: none;clear: both;width: 100%;position: relative;padding-bottom: 68%;padding-top: 25px;height: 0;\"><iframe style=\"position: absolute; top: 0; left: 0; width: 100%;height: 100%;\" src=\"https:\/\/www.youtube.com\/embed\/c82gXpM-J1I\" frameborder=\"0\" allowfullscreen=\"allowfullscreen\"><\/iframe><\/div>\n<p><\/p>\n<h2>\u00bfCu\u00e1ntos meses tiene 13 semanas?<\/h2>\n<p>La semana 13 de gestaci\u00f3n marca el comienzo del cuarto mes de embarazo. Es importante destacar que esta semana tambi\u00e9n marca el final del primer trimestre de embarazo. Es un hito significativo en el desarrollo del beb\u00e9 y un momento emocionante para los futuros padres. Aunque 13 semanas pueden parecer cerca de tres meses, es importante recordar que el embarazo se calcula en semanas y no en meses exactos. Para obtener m\u00e1s informaci\u00f3n sobre el embarazo de cuatro meses, puedes leer nuestro art\u00edculo aqu\u00ed: Cuatro meses de embarazo.<\/p>\n<p>La semana 13 de gestaci\u00f3n, marca el inicio del cuarto mes de embarazo y tambi\u00e9n el final del primer trimestre. Es un momento crucial en el desarrollo del beb\u00e9 y un hito emocionante para los futuros padres. Es importante recordar que el embarazo se calcula en semanas, no en meses exactos.<\/p>\n<h2>\u00bfEn qu\u00e9 fecha cae dentro de 14 semanas?<\/h2>\n<p>Una mujer que se encuentra en la mitad del cuarto mes de embarazo, espec\u00edficamente con 14 semanas de gestaci\u00f3n, puede calcular aproximadamente en qu\u00e9 fecha caer\u00e1 dentro de 14 semanas adicionales. Si consideramos que un embarazo normal tiene una duraci\u00f3n de 40 semanas, podemos estimar que la fecha de parto de esta mujer ser\u00e1 alrededor de la semana 28. Por lo tanto, dentro de 14 semanas, aproximadamente en el s\u00e9ptimo mes de embarazo, esta mujer podr\u00eda esperar dar a luz a su beb\u00e9.<\/p>\n<p>Una mujer en su cuarto mes de embarazo, con 14 semanas de gestaci\u00f3n, puede estimar que dar\u00e1 a luz en el s\u00e9ptimo mes de embarazo, dentro de aproximadamente 14 semanas adicionales. Teniendo en cuenta que un embarazo dura normalmente 40 semanas, se puede calcular que la fecha de parto ser\u00e1 alrededor de la semana 28.<\/p>\n<h2>\u00bfHace cu\u00e1nto tiempo fueron 12 semanas atr\u00e1s?<\/h2>\n<p>Hace exactamente tres meses, o lo que es lo mismo, 12 semanas atr\u00e1s, se produjo un acontecimiento que todav\u00eda hoy sigue siendo relevante. La medida del <a href=\"https:\/\/dudasytextos.com\/finanzas\/espana\/en-portugal-es-la-misma-hora-que-en-espana\/\">tiempo<\/a> es fundamental para nuestra organizaci\u00f3n y comprensi\u00f3n del mundo que nos rodea, y entender cu\u00e1nto tiempo ha pasado puede ser crucial en diversos contextos. Por tanto, saber cu\u00e1nto tiempo han transcurrido es una cuesti\u00f3n que nos permite poner en perspectiva cualquier acontecimiento y evaluar su impacto actual.<\/p>\n<p>Han pasado tres meses desde que ocurri\u00f3 un evento relevante que sigue siendo actual. La medici\u00f3n del tiempo es esencial para nuestra comprensi\u00f3n del mundo y nos permite evaluar el impacto de los acontecimientos en el presente.<\/p>\n<h2>Regresando al pasado: \u00bfQu\u00e9 d\u00eda era hace 13 semanas?<\/h2>\n<p>Para calcular qu\u00e9 d\u00eda era hace 13 semanas, simplemente debemos retroceder en el tiempo contando 13 semanas hacia atr\u00e1s desde la fecha actual. Dado que una semana tiene 7 d\u00edas, multiplicamos 13 por 7, lo que nos da un total de 91 d\u00edas. Por lo tanto, si hoy es jueves, hace 13 semanas fue un martes. Es interesante poder regresar al pasado y recordar qu\u00e9 d\u00eda era hace 13 semanas, ya que nos permite tener una perspectiva temporal y comparar c\u00f3mo ha pasado el tiempo.<\/p>\n<p>De calcular, retroceder, contar, semanas, fecha, actual, multiplicamos, total, jueves, martes, pasado, recordar, perspectiva, temporal, comparar. <\/p>\n<p>El c\u00e1lculo del d\u00eda correspondiente hace 13 semanas es una forma interesante de tener una perspectiva temporal y comparar c\u00f3mo ha transcurrido el tiempo. Al retroceder en el tiempo, contando las semanas y multiplicando por 7, podemos determinar qu\u00e9 d\u00eda era en ese momento. Esto nos permite recordar el pasado y reflexionar sobre los cambios ocurridos desde entonces.<\/p>\n<h2>Explorando el calendario: Descubriendo qu\u00e9 d\u00eda ca\u00eda hace 13 semanas<\/h2>\n<p>Explorar el calendario y descubrir qu\u00e9 d\u00eda ca\u00eda hace 13 semanas puede ser un ejercicio interesante para entender la din\u00e1mica del tiempo. Al retroceder en el calendario, nos encontramos con un d\u00eda que puede parecer lejano pero que en realidad forma parte de nuestra historia reciente. Observar qu\u00e9 d\u00eda era hace 13 semanas nos permite reflexionar sobre los eventos importantes que han ocurrido en ese lapso y nos invita a valorar el paso del tiempo y la oportunidad de aprendizaje que cada d\u00eda nos ofrece.<\/p>\n<p>De explorar el calendario, es interesante analizar qu\u00e9 acontecimientos relevantes sucedieron hace 13 semanas. Esto nos ayuda a comprender la evoluci\u00f3n del tiempo y a apreciar las lecciones que cada d\u00eda nos brinda.<\/p>\n<h2>Un viaje en el tiempo: Retrocediendo 13 semanas atr\u00e1s<\/h2>\n<p>En este art\u00edculo nos embarcamos en un emocionante viaje en el tiempo, retrocediendo exactamente 13 semanas atr\u00e1s. A trav\u00e9s de diferentes momentos y eventos clave, exploraremos c\u00f3mo ha evolucionado el mundo en tan poco tiempo. Desde cambios en la econom\u00eda y la <a href=\"https:\/\/dudasytextos.com\/finanzas\/blog\/las-crisis-globales-demandan-expertos-en-filosofia-politica-y-economia\/\">pol\u00edtica<\/a> hasta avances cient\u00edficos y sociales, descubriremos c\u00f3mo el pasado reciente ha moldeado nuestro presente y qu\u00e9 lecciones podemos aprender de ello. Prep\u00e1rate para sumergirte en un fascinante recorrido por el pasado y reflexionar sobre el impacto que puede tener en nuestro futuro.<\/p>\n<p>A medida que retrocedemos 13 semanas en el tiempo, exploramos los cambios econ\u00f3micos, pol\u00edticos, cient\u00edficos y sociales que han moldeado nuestro presente y nos invitan a reflexionar sobre nuestro futuro.<\/p>\n<h2>Analizando el pasado reciente: Identificando qu\u00e9 d\u00eda se vivi\u00f3 hace 13 semanas<\/h2>\n<p>En este art\u00edculo vamos a adentrarnos en el pasado reciente para identificar con precisi\u00f3n qu\u00e9 d\u00eda se vivi\u00f3 hace exactamente 13 semanas. A trav\u00e9s del an\u00e1lisis de fechas y d\u00edas de la semana, podremos determinar con certeza cu\u00e1l fue el acontecimiento que tuvo lugar en ese momento. Exploraremos diferentes m\u00e9todos de identificaci\u00f3n y c\u00e1lculo, brindando al lector las herramientas necesarias para comprender y ubicar temporalmente un evento espec\u00edfico en el pasado cercano.<\/p>\n<p>De identificar el d\u00eda exacto, analizaremos el contexto hist\u00f3rico y las implicaciones del suceso, proporcionando una visi\u00f3n m\u00e1s completa y enriquecedora de ese momento en particular. A trav\u00e9s de este an\u00e1lisis detallado, podremos apreciar la importancia y el impacto que tuvo dicho acontecimiento en nuestra sociedad.<\/p>\n<div style=\"float: none;clear: both;width: 100%;position: relative;padding-bottom: 68%;padding-top: 25px;height: 0;\"><iframe style=\"position: absolute; top: 0; left: 0; width: 100%;height: 100%;\" src=\"https:\/\/www.youtube.com\/embed\/YwRrfNFHyoI\" frameborder=\"0\" allowfullscreen=\"allowfullscreen\"><\/iframe><\/div>\n<p><\/p>\n<p>En conclusi\u00f3n, determinar qu\u00e9 d\u00eda era hace 13 semanas puede resultar \u00fatil en diversos contextos, ya sea para recordar eventos pasados, realizar c\u00e1lculos temporales o simplemente satisfacer nuestra curiosidad. A trav\u00e9s de herramientas como calendarios digitales, calculadoras en l\u00ednea o incluso aplicaciones m\u00f3viles, podemos obtener r\u00e1pidamente la respuesta a esta pregunta sin necesidad de realizar complicados c\u00e1lculos manuales. Adem\u00e1s, comprender c\u00f3mo contar las semanas hacia atr\u00e1s nos permite tener una mejor noci\u00f3n del tiempo y aprovecharlo de manera m\u00e1s eficiente. Aunque parezca un detalle insignificante, conocer qu\u00e9 d\u00eda era hace 13 semanas puede resultar \u00fatil en diferentes \u00e1mbitos de nuestra vida diaria, desde la organizaci\u00f3n de tareas hasta la planificaci\u00f3n de eventos futuros.<\/p>\n","protected":false},"excerpt":{"rendered":"<p>Cuando un usuario busca la keyword \u00ab\u00bfqu\u00e9 d\u00eda era hace 13 semanas?\u00bb, su intenci\u00f3n de b\u00fasqueda es obtener informaci\u00f3n precisa sobre la fecha que ocurri\u00f3<\/p>\n","protected":false},"author":2,"featured_media":658,"comment_status":"closed","ping_status":"closed","sticky":false,"template":"","format":"standard","meta":{"footnotes":""},"categories":[14],"tags":[],"class_list":["post-657","post","type-post","status-publish","format-standard","has-post-thumbnail","hentry","category-otros"],"yoast_head":"<!-- This site is optimized with the Yoast SEO plugin v28.4 - https:\/\/yoast.com\/product\/yoast-seo-wordpress\/ -->\n<title>Hace 13 semanas: \u00bfRecuerdas qu\u00e9 d\u00eda era? [2026]<\/title>\n<meta name=\"description\" content=\"\u27a4 Hace 13 semanas: \u00bfRecuerdas qu\u00e9 d\u00eda era? \u261d Cuando un usuario busca la keyword &quot;\u00bfqu\u00e9 d\u00eda era hace 13 semanas?&quot;, su intenci\u00f3n de b\u00fasqueda es obtener informaci\u00f3n precisa sobre la fecha que ocurri\u00f3 ... \u27a4\" \/>\n<meta name=\"robots\" content=\"index, follow, max-snippet:-1, max-image-preview:large, max-video-preview:-1\" \/>\n<link rel=\"canonical\" href=\"https:\/\/dudasytextos.com\/finanzas\/otros\/que-dia-era-hace-13-semanas\/\" \/>\n<meta property=\"og:locale\" content=\"es_ES\" \/>\n<meta property=\"og:type\" content=\"article\" \/>\n<meta property=\"og:title\" content=\"Hace 13 semanas: \u00bfRecuerdas qu\u00e9 d\u00eda era? [2026]\" \/>\n<meta property=\"og:description\" content=\"\u27a4 Hace 13 semanas: \u00bfRecuerdas qu\u00e9 d\u00eda era? \u261d Cuando un usuario busca la keyword &quot;\u00bfqu\u00e9 d\u00eda era hace 13 semanas?&quot;, su intenci\u00f3n de b\u00fasqueda es obtener informaci\u00f3n precisa sobre la fecha que ocurri\u00f3 ... \u27a4\" \/>\n<meta property=\"og:url\" content=\"https:\/\/dudasytextos.com\/finanzas\/otros\/que-dia-era-hace-13-semanas\/\" \/>\n<meta property=\"og:site_name\" content=\"TARDECIT.COM\" \/>\n<meta property=\"article:published_time\" content=\"2025-10-10T01:22:13+00:00\" \/>\n<meta property=\"article:modified_time\" content=\"2025-11-06T11:18:28+00:00\" \/>\n<meta property=\"og:image\" content=\"https:\/\/dudasytextos.com\/finanzas\/wp-content\/uploads\/2023\/10\/c82gXpM-J1I.jpg\" \/>\n\t<meta property=\"og:image:width\" content=\"768\" \/>\n\t<meta property=\"og:image:height\" content=\"432\" \/>\n\t<meta property=\"og:image:type\" content=\"image\/jpeg\" \/>\n<meta name=\"author\" content=\"Mar\u00eda Garc\u00eda Mart\u00ednez\" \/>\n<meta name=\"twitter:card\" content=\"summary_large_image\" \/>\n<meta name=\"twitter:label1\" content=\"Escrito por\" \/>\n\t<meta name=\"twitter:data1\" content=\"Mar\u00eda Garc\u00eda Mart\u00ednez\" \/>\n\t<meta name=\"twitter:label2\" content=\"Tiempo de lectura\" \/>\n\t<meta name=\"twitter:data2\" content=\"6 minutos\" \/>\n<script type=\"application\/ld+json\" class=\"yoast-schema-graph\">{\"@context\":\"https:\\\/\\\/schema.org\",\"@graph\":[{\"@type\":\"Article\",\"@id\":\"https:\\\/\\\/dudasytextos.com\\\/finanzas\\\/otros\\\/que-dia-era-hace-13-semanas\\\/#article\",\"isPartOf\":{\"@id\":\"https:\\\/\\\/dudasytextos.com\\\/finanzas\\\/otros\\\/que-dia-era-hace-13-semanas\\\/\"},\"author\":{\"name\":\"Mar\u00eda Garc\u00eda Mart\u00ednez\",\"@id\":\"https:\\\/\\\/dudasytextos.com\\\/finanzas\\\/#\\\/schema\\\/person\\\/fb6ccd9f43b9c518802c61bc09cf23ff\"},\"headline\":\"Hace 13 semanas: \u00bfRecuerdas qu\u00e9 d\u00eda era?\",\"datePublished\":\"2025-10-10T01:22:13+00:00\",\"dateModified\":\"2025-11-06T11:18:28+00:00\",\"mainEntityOfPage\":{\"@id\":\"https:\\\/\\\/dudasytextos.com\\\/finanzas\\\/otros\\\/que-dia-era-hace-13-semanas\\\/\"},\"wordCount\":1192,\"publisher\":{\"@id\":\"https:\\\/\\\/dudasytextos.com\\\/finanzas\\\/#organization\"},\"image\":{\"@id\":\"https:\\\/\\\/dudasytextos.com\\\/finanzas\\\/otros\\\/que-dia-era-hace-13-semanas\\\/#primaryimage\"},\"thumbnailUrl\":\"https:\\\/\\\/dudasytextos.com\\\/finanzas\\\/wp-content\\\/uploads\\\/2023\\\/10\\\/c82gXpM-J1I.jpg\",\"articleSection\":[\"Otros\"],\"inLanguage\":\"es\"},{\"@type\":\"WebPage\",\"@id\":\"https:\\\/\\\/dudasytextos.com\\\/finanzas\\\/otros\\\/que-dia-era-hace-13-semanas\\\/\",\"url\":\"https:\\\/\\\/dudasytextos.com\\\/finanzas\\\/otros\\\/que-dia-era-hace-13-semanas\\\/\",\"name\":\"Hace 13 semanas: \u00bfRecuerdas qu\u00e9 d\u00eda era? [2026]\",\"isPartOf\":{\"@id\":\"https:\\\/\\\/dudasytextos.com\\\/finanzas\\\/#website\"},\"primaryImageOfPage\":{\"@id\":\"https:\\\/\\\/dudasytextos.com\\\/finanzas\\\/otros\\\/que-dia-era-hace-13-semanas\\\/#primaryimage\"},\"image\":{\"@id\":\"https:\\\/\\\/dudasytextos.com\\\/finanzas\\\/otros\\\/que-dia-era-hace-13-semanas\\\/#primaryimage\"},\"thumbnailUrl\":\"https:\\\/\\\/dudasytextos.com\\\/finanzas\\\/wp-content\\\/uploads\\\/2023\\\/10\\\/c82gXpM-J1I.jpg\",\"datePublished\":\"2025-10-10T01:22:13+00:00\",\"dateModified\":\"2025-11-06T11:18:28+00:00\",\"description\":\"\u27a4 Hace 13 semanas: \u00bfRecuerdas qu\u00e9 d\u00eda era? \u261d Cuando un usuario busca la keyword \\\"\u00bfqu\u00e9 d\u00eda era hace 13 semanas?\\\", su intenci\u00f3n de b\u00fasqueda es obtener informaci\u00f3n precisa sobre la fecha que ocurri\u00f3 ... \u27a4\",\"breadcrumb\":{\"@id\":\"https:\\\/\\\/dudasytextos.com\\\/finanzas\\\/otros\\\/que-dia-era-hace-13-semanas\\\/#breadcrumb\"},\"inLanguage\":\"es\",\"potentialAction\":[{\"@type\":\"ReadAction\",\"target\":[\"https:\\\/\\\/dudasytextos.com\\\/finanzas\\\/otros\\\/que-dia-era-hace-13-semanas\\\/\"]}]},{\"@type\":\"ImageObject\",\"inLanguage\":\"es\",\"@id\":\"https:\\\/\\\/dudasytextos.com\\\/finanzas\\\/otros\\\/que-dia-era-hace-13-semanas\\\/#primaryimage\",\"url\":\"https:\\\/\\\/dudasytextos.com\\\/finanzas\\\/wp-content\\\/uploads\\\/2023\\\/10\\\/c82gXpM-J1I.jpg\",\"contentUrl\":\"https:\\\/\\\/dudasytextos.com\\\/finanzas\\\/wp-content\\\/uploads\\\/2023\\\/10\\\/c82gXpM-J1I.jpg\",\"width\":768,\"height\":432},{\"@type\":\"BreadcrumbList\",\"@id\":\"https:\\\/\\\/dudasytextos.com\\\/finanzas\\\/otros\\\/que-dia-era-hace-13-semanas\\\/#breadcrumb\",\"itemListElement\":[{\"@type\":\"ListItem\",\"position\":1,\"name\":\"Portada\",\"item\":\"https:\\\/\\\/dudasytextos.com\\\/finanzas\\\/\"},{\"@type\":\"ListItem\",\"position\":2,\"name\":\"Hace 13 semanas: \u00bfRecuerdas qu\u00e9 d\u00eda era?\"}]},{\"@type\":\"WebSite\",\"@id\":\"https:\\\/\\\/dudasytextos.com\\\/finanzas\\\/#website\",\"url\":\"https:\\\/\\\/dudasytextos.com\\\/finanzas\\\/\",\"name\":\"TARDECIT.COM\",\"description\":\"\",\"publisher\":{\"@id\":\"https:\\\/\\\/dudasytextos.com\\\/finanzas\\\/#organization\"},\"potentialAction\":[{\"@type\":\"SearchAction\",\"target\":{\"@type\":\"EntryPoint\",\"urlTemplate\":\"https:\\\/\\\/dudasytextos.com\\\/finanzas\\\/?s={search_term_string}\"},\"query-input\":{\"@type\":\"PropertyValueSpecification\",\"valueRequired\":true,\"valueName\":\"search_term_string\"}}],\"inLanguage\":\"es\"},{\"@type\":\"Organization\",\"@id\":\"https:\\\/\\\/dudasytextos.com\\\/finanzas\\\/#organization\",\"name\":\"TARDECIT.COM\",\"url\":\"https:\\\/\\\/dudasytextos.com\\\/finanzas\\\/\",\"logo\":{\"@type\":\"ImageObject\",\"inLanguage\":\"es\",\"@id\":\"https:\\\/\\\/dudasytextos.com\\\/finanzas\\\/#\\\/schema\\\/logo\\\/image\\\/\",\"url\":\"https:\\\/\\\/dudasytextos.com\\\/finanzas\\\/wp-content\\\/uploads\\\/2023\\\/10\\\/mediano.jpg\",\"contentUrl\":\"https:\\\/\\\/dudasytextos.com\\\/finanzas\\\/wp-content\\\/uploads\\\/2023\\\/10\\\/mediano.jpg\",\"width\":75,\"height\":75,\"caption\":\"TARDECIT.COM\"},\"image\":{\"@id\":\"https:\\\/\\\/dudasytextos.com\\\/finanzas\\\/#\\\/schema\\\/logo\\\/image\\\/\"}},{\"@type\":\"Person\",\"@id\":\"https:\\\/\\\/dudasytextos.com\\\/finanzas\\\/#\\\/schema\\\/person\\\/fb6ccd9f43b9c518802c61bc09cf23ff\",\"name\":\"Mar\u00eda Garc\u00eda Mart\u00ednez\",\"image\":{\"@type\":\"ImageObject\",\"inLanguage\":\"es\",\"@id\":\"https:\\\/\\\/secure.gravatar.com\\\/avatar\\\/a81248c0fa5700b777791576c7000b13dec582c2178e0d6198cafa21f8dfdede?s=96&d=mm&r=g\",\"url\":\"https:\\\/\\\/secure.gravatar.com\\\/avatar\\\/a81248c0fa5700b777791576c7000b13dec582c2178e0d6198cafa21f8dfdede?s=96&d=mm&r=g\",\"contentUrl\":\"https:\\\/\\\/secure.gravatar.com\\\/avatar\\\/a81248c0fa5700b777791576c7000b13dec582c2178e0d6198cafa21f8dfdede?s=96&d=mm&r=g\",\"caption\":\"Mar\u00eda Garc\u00eda Mart\u00ednez\"},\"description\":\"Soy experta en finanzas personales y asesoramiento financiero. Ayudo a las personas a tomar decisiones inteligentes con su dinero y a alcanzar sus metas financieras. A lo largo de mi carrera, he trabajado con clientes de diversas situaciones econ\u00f3micas y he brindado soluciones personalizadas para cada uno de ellos. Mi pasi\u00f3n por las finanzas me impulsa a compartir mi conocimiento a trav\u00e9s de mi blog, proporcionando consejos pr\u00e1cticos y estrategias efectivas para alcanzar la independencia financiera.\"}]}<\/script>\n<!-- \/ Yoast SEO plugin. -->","yoast_head_json":{"title":"Hace 13 semanas: \u00bfRecuerdas qu\u00e9 d\u00eda era? [2026]","description":"\u27a4 Hace 13 semanas: \u00bfRecuerdas qu\u00e9 d\u00eda era? \u261d Cuando un usuario busca la keyword \"\u00bfqu\u00e9 d\u00eda era hace 13 semanas?\", su intenci\u00f3n de b\u00fasqueda es obtener informaci\u00f3n precisa sobre la fecha que ocurri\u00f3 ... \u27a4","robots":{"index":"index","follow":"follow","max-snippet":"max-snippet:-1","max-image-preview":"max-image-preview:large","max-video-preview":"max-video-preview:-1"},"canonical":"https:\/\/dudasytextos.com\/finanzas\/otros\/que-dia-era-hace-13-semanas\/","og_locale":"es_ES","og_type":"article","og_title":"Hace 13 semanas: \u00bfRecuerdas qu\u00e9 d\u00eda era? [2026]","og_description":"\u27a4 Hace 13 semanas: \u00bfRecuerdas qu\u00e9 d\u00eda era? \u261d Cuando un usuario busca la keyword \"\u00bfqu\u00e9 d\u00eda era hace 13 semanas?\", su intenci\u00f3n de b\u00fasqueda es obtener informaci\u00f3n precisa sobre la fecha que ocurri\u00f3 ... \u27a4","og_url":"https:\/\/dudasytextos.com\/finanzas\/otros\/que-dia-era-hace-13-semanas\/","og_site_name":"TARDECIT.COM","article_published_time":"2025-10-10T01:22:13+00:00","article_modified_time":"2025-11-06T11:18:28+00:00","og_image":[{"width":768,"height":432,"url":"https:\/\/dudasytextos.com\/finanzas\/wp-content\/uploads\/2023\/10\/c82gXpM-J1I.jpg","type":"image\/jpeg"}],"author":"Mar\u00eda Garc\u00eda Mart\u00ednez","twitter_card":"summary_large_image","twitter_misc":{"Escrito por":"Mar\u00eda Garc\u00eda Mart\u00ednez","Tiempo de lectura":"6 minutos"},"schema":{"@context":"https:\/\/schema.org","@graph":[{"@type":"Article","@id":"https:\/\/dudasytextos.com\/finanzas\/otros\/que-dia-era-hace-13-semanas\/#article","isPartOf":{"@id":"https:\/\/dudasytextos.com\/finanzas\/otros\/que-dia-era-hace-13-semanas\/"},"author":{"name":"Mar\u00eda Garc\u00eda Mart\u00ednez","@id":"https:\/\/dudasytextos.com\/finanzas\/#\/schema\/person\/fb6ccd9f43b9c518802c61bc09cf23ff"},"headline":"Hace 13 semanas: \u00bfRecuerdas qu\u00e9 d\u00eda era?","datePublished":"2025-10-10T01:22:13+00:00","dateModified":"2025-11-06T11:18:28+00:00","mainEntityOfPage":{"@id":"https:\/\/dudasytextos.com\/finanzas\/otros\/que-dia-era-hace-13-semanas\/"},"wordCount":1192,"publisher":{"@id":"https:\/\/dudasytextos.com\/finanzas\/#organization"},"image":{"@id":"https:\/\/dudasytextos.com\/finanzas\/otros\/que-dia-era-hace-13-semanas\/#primaryimage"},"thumbnailUrl":"https:\/\/dudasytextos.com\/finanzas\/wp-content\/uploads\/2023\/10\/c82gXpM-J1I.jpg","articleSection":["Otros"],"inLanguage":"es"},{"@type":"WebPage","@id":"https:\/\/dudasytextos.com\/finanzas\/otros\/que-dia-era-hace-13-semanas\/","url":"https:\/\/dudasytextos.com\/finanzas\/otros\/que-dia-era-hace-13-semanas\/","name":"Hace 13 semanas: \u00bfRecuerdas qu\u00e9 d\u00eda era? [2026]","isPartOf":{"@id":"https:\/\/dudasytextos.com\/finanzas\/#website"},"primaryImageOfPage":{"@id":"https:\/\/dudasytextos.com\/finanzas\/otros\/que-dia-era-hace-13-semanas\/#primaryimage"},"image":{"@id":"https:\/\/dudasytextos.com\/finanzas\/otros\/que-dia-era-hace-13-semanas\/#primaryimage"},"thumbnailUrl":"https:\/\/dudasytextos.com\/finanzas\/wp-content\/uploads\/2023\/10\/c82gXpM-J1I.jpg","datePublished":"2025-10-10T01:22:13+00:00","dateModified":"2025-11-06T11:18:28+00:00","description":"\u27a4 Hace 13 semanas: \u00bfRecuerdas qu\u00e9 d\u00eda era? \u261d Cuando un usuario busca la keyword \"\u00bfqu\u00e9 d\u00eda era hace 13 semanas?\", su intenci\u00f3n de b\u00fasqueda es obtener informaci\u00f3n precisa sobre la fecha que ocurri\u00f3 ... \u27a4","breadcrumb":{"@id":"https:\/\/dudasytextos.com\/finanzas\/otros\/que-dia-era-hace-13-semanas\/#breadcrumb"},"inLanguage":"es","potentialAction":[{"@type":"ReadAction","target":["https:\/\/dudasytextos.com\/finanzas\/otros\/que-dia-era-hace-13-semanas\/"]}]},{"@type":"ImageObject","inLanguage":"es","@id":"https:\/\/dudasytextos.com\/finanzas\/otros\/que-dia-era-hace-13-semanas\/#primaryimage","url":"https:\/\/dudasytextos.com\/finanzas\/wp-content\/uploads\/2023\/10\/c82gXpM-J1I.jpg","contentUrl":"https:\/\/dudasytextos.com\/finanzas\/wp-content\/uploads\/2023\/10\/c82gXpM-J1I.jpg","width":768,"height":432},{"@type":"BreadcrumbList","@id":"https:\/\/dudasytextos.com\/finanzas\/otros\/que-dia-era-hace-13-semanas\/#breadcrumb","itemListElement":[{"@type":"ListItem","position":1,"name":"Portada","item":"https:\/\/dudasytextos.com\/finanzas\/"},{"@type":"ListItem","position":2,"name":"Hace 13 semanas: \u00bfRecuerdas qu\u00e9 d\u00eda era?"}]},{"@type":"WebSite","@id":"https:\/\/dudasytextos.com\/finanzas\/#website","url":"https:\/\/dudasytextos.com\/finanzas\/","name":"TARDECIT.COM","description":"","publisher":{"@id":"https:\/\/dudasytextos.com\/finanzas\/#organization"},"potentialAction":[{"@type":"SearchAction","target":{"@type":"EntryPoint","urlTemplate":"https:\/\/dudasytextos.com\/finanzas\/?s={search_term_string}"},"query-input":{"@type":"PropertyValueSpecification","valueRequired":true,"valueName":"search_term_string"}}],"inLanguage":"es"},{"@type":"Organization","@id":"https:\/\/dudasytextos.com\/finanzas\/#organization","name":"TARDECIT.COM","url":"https:\/\/dudasytextos.com\/finanzas\/","logo":{"@type":"ImageObject","inLanguage":"es","@id":"https:\/\/dudasytextos.com\/finanzas\/#\/schema\/logo\/image\/","url":"https:\/\/dudasytextos.com\/finanzas\/wp-content\/uploads\/2023\/10\/mediano.jpg","contentUrl":"https:\/\/dudasytextos.com\/finanzas\/wp-content\/uploads\/2023\/10\/mediano.jpg","width":75,"height":75,"caption":"TARDECIT.COM"},"image":{"@id":"https:\/\/dudasytextos.com\/finanzas\/#\/schema\/logo\/image\/"}},{"@type":"Person","@id":"https:\/\/dudasytextos.com\/finanzas\/#\/schema\/person\/fb6ccd9f43b9c518802c61bc09cf23ff","name":"Mar\u00eda Garc\u00eda Mart\u00ednez","image":{"@type":"ImageObject","inLanguage":"es","@id":"https:\/\/secure.gravatar.com\/avatar\/a81248c0fa5700b777791576c7000b13dec582c2178e0d6198cafa21f8dfdede?s=96&d=mm&r=g","url":"https:\/\/secure.gravatar.com\/avatar\/a81248c0fa5700b777791576c7000b13dec582c2178e0d6198cafa21f8dfdede?s=96&d=mm&r=g","contentUrl":"https:\/\/secure.gravatar.com\/avatar\/a81248c0fa5700b777791576c7000b13dec582c2178e0d6198cafa21f8dfdede?s=96&d=mm&r=g","caption":"Mar\u00eda Garc\u00eda Mart\u00ednez"},"description":"Soy experta en finanzas personales y asesoramiento financiero. Ayudo a las personas a tomar decisiones inteligentes con su dinero y a alcanzar sus metas financieras. A lo largo de mi carrera, he trabajado con clientes de diversas situaciones econ\u00f3micas y he brindado soluciones personalizadas para cada uno de ellos. Mi pasi\u00f3n por las finanzas me impulsa a compartir mi conocimiento a trav\u00e9s de mi blog, proporcionando consejos pr\u00e1cticos y estrategias efectivas para alcanzar la independencia financiera."}]}},"_links":{"self":[{"href":"https:\/\/dudasytextos.com\/finanzas\/wp-json\/wp\/v2\/posts\/657","targetHints":{"allow":["GET"]}}],"collection":[{"href":"https:\/\/dudasytextos.com\/finanzas\/wp-json\/wp\/v2\/posts"}],"about":[{"href":"https:\/\/dudasytextos.com\/finanzas\/wp-json\/wp\/v2\/types\/post"}],"author":[{"embeddable":true,"href":"https:\/\/dudasytextos.com\/finanzas\/wp-json\/wp\/v2\/users\/2"}],"replies":[{"embeddable":true,"href":"https:\/\/dudasytextos.com\/finanzas\/wp-json\/wp\/v2\/comments?post=657"}],"version-history":[{"count":0,"href":"https:\/\/dudasytextos.com\/finanzas\/wp-json\/wp\/v2\/posts\/657\/revisions"}],"wp:featuredmedia":[{"embeddable":true,"href":"https:\/\/dudasytextos.com\/finanzas\/wp-json\/wp\/v2\/media\/658"}],"wp:attachment":[{"href":"https:\/\/dudasytextos.com\/finanzas\/wp-json\/wp\/v2\/media?parent=657"}],"wp:term":[{"taxonomy":"category","embeddable":true,"href":"https:\/\/dudasytextos.com\/finanzas\/wp-json\/wp\/v2\/categories?post=657"},{"taxonomy":"post_tag","embeddable":true,"href":"https:\/\/dudasytextos.com\/finanzas\/wp-json\/wp\/v2\/tags?post=657"}],"curies":[{"name":"wp","href":"https:\/\/api.w.org\/{rel}","templated":true}]}}