{"id":697,"date":"2025-10-22T01:34:53","date_gmt":"2025-10-22T01:34:53","guid":{"rendered":"https:\/\/tardecit.com\/blog\/cuando-entra-en-vigor-el-nuevo-smi\/"},"modified":"2025-11-06T11:18:42","modified_gmt":"2025-11-06T11:18:42","slug":"cuando-entra-en-vigor-el-nuevo-smi","status":"publish","type":"post","link":"https:\/\/dudasytextos.com\/finanzas\/cuando\/cuando-entra-en-vigor-el-nuevo-smi\/","title":{"rendered":"\u00a1Atenci\u00f3n! El nuevo SMI comienza a regir desde hoy"},"content":{"rendered":"<p>La intenci\u00f3n de b\u00fasqueda de un usuario al buscar la keyword \u00abcuando entra en vigor el nuevo smi\u00bb es obtener informaci\u00f3n precisa y actualizada sobre la fecha en la que se implementar\u00e1 el nuevo Salario M\u00ednimo Interprofesional (SMI). El usuario busca conocer cu\u00e1ndo se aplicar\u00e1n los cambios en el salario m\u00ednimo y as\u00ed estar informado sobre las posibles mejoras en sus condiciones laborales o en el mercado laboral en general.<\/p>\n<div style=\"float: none;clear: both;width: 100%;position: relative;padding-bottom: 68%;padding-top: 25px;height: 0;\"><iframe style=\"position: absolute; top: 0; left: 0; width: 100%;height: 100%;\" src=\"https:\/\/www.youtube.com\/embed\/3brHj5CtAbU\" frameborder=\"0\" allowfullscreen=\"allowfullscreen\"><\/iframe><\/div>\n<p><\/p>\n<h2>\u00bfEn qu\u00e9 momento se aumentar\u00e1 el salario m\u00ednimo en Espa\u00f1a en el a\u00f1o 2023?<\/h2>\n<p>En el a\u00f1o 2023, el aumento del salario m\u00ednimo en <a href=\"https:\/\/dudasytextos.com\/finanzas\/invertir\/donde-invertir-interes-compuesto-espana\/\">Espa\u00f1a<\/a> se llevar\u00e1 a cabo a partir del 1 de enero. Este incremento, que asciende a un 8% con respecto al a\u00f1o anterior, ha sido acordado en febrero y se aplicar\u00e1 de manera retroactiva. De esta manera, el salario m\u00ednimo interprofesional quedar\u00e1 establecido en 1.080 euros <a href=\"https:\/\/dudasytextos.com\/finanzas\/euros\/cuanto-son-16000-euros-brutos-en-neto\/\">brutos<\/a> al mes en 14 pagas, lo que equivale a 15.120 euros brutos al a\u00f1o.<\/p>\n<p>Cada a\u00f1o se lleva a cabo un incremento en el salario m\u00ednimo en Espa\u00f1a. En el a\u00f1o 2023, este aumento ascender\u00e1 al 8% con respecto al a\u00f1o anterior, y se aplicar\u00e1 de forma retroactiva a partir del 1 de enero. El salario m\u00ednimo interprofesional se establecer\u00e1 en 1.080 euros brutos al mes en 14 pagas, lo que equivale a 15.120 euros brutos al a\u00f1o.<\/p>\n<h2>\u00bfCu\u00e1l es el salario m\u00ednimo en Italia en el a\u00f1o 2023?<\/h2>\n<p>En el a\u00f1o 2023, Italia contin\u00faa sin contar con una retribuci\u00f3n m\u00ednima establecida por Ley. A diferencia de otros pa\u00edses europeos como Suecia, Finlandia, Austria y Dinamarca, Italia no ha establecido un salario m\u00ednimo obligatorio para sus trabajadores. Esta situaci\u00f3n plantea diversos desaf\u00edos y debates en cuanto a la protecci\u00f3n y equidad laboral en el pa\u00eds. Sin embargo, es importante tener en cuenta que existen convenios colectivos y acuerdos sectoriales que establecen salarios m\u00ednimos para ciertas industrias y categor\u00edas laborales en Italia.<\/p>\n<p>En Europa, los pa\u00edses han establecido un salario m\u00ednimo obligatorio para sus trabajadores, sin embargo, Italia a\u00fan no ha implementado esta medida, lo cual plantea desaf\u00edos en cuanto a la protecci\u00f3n y equidad laboral en el pa\u00eds.<\/p>\n<h2>\u00bfCu\u00e1l es la f\u00f3rmula para calcular el incremento salarial en el a\u00f1o 2023?<\/h2>\n<p>La f\u00f3rmula para calcular el incremento salarial en el a\u00f1o 2023 es del 8% sobre el salario actual. Esto implica que la cantidad diaria se establece en 36 euros en general. Adem\u00e1s, este incremento se aplicar\u00e1 de manera retroactiva, por lo que aquellos que cobren sueldo m\u00ednimo en 14 pagas recibir\u00e1n 80 euros adicionales en la n\u00f3mina de febrero, correspondientes al mes de enero. Esta subida salarial representa una mejora significativa para los trabajadores en el a\u00f1o 2023.<\/p>\n<p>El incremento salarial del 8% en el a\u00f1o 2023 supone una mejora significativa para los trabajadores, ya que se aplicar\u00e1 de manera retroactiva. Aquellos que cobren sueldo m\u00ednimo en 14 pagas recibir\u00e1n 80 euros adicionales en la n\u00f3mina de febrero, correspondientes al mes de enero. Esta medida es una buena noticia para los empleados en general.<\/p>\n<h2>El nuevo salario m\u00ednimo: todo lo que debes saber sobre su entrada en vigor<\/h2>\n<p>La <a href=\"https:\/\/dudasytextos.com\/finanzas\/yelmo\/entrada-familiar-cine-yelmo\/\">entrada<\/a> en vigor del nuevo salario m\u00ednimo ha generado gran expectativa y debate. Este incremento supone un beneficio para los trabajadores, quienes ver\u00e1n un aumento en sus ingresos. Sin embargo, tambi\u00e9n ha generado preocupaci\u00f3n en algunos sectores empresariales, quienes argumentan que podr\u00eda afectar la estabilidad econ\u00f3mica de las empresas. Es importante destacar que este aumento no solo impacta en el salario m\u00ednimo, sino tambi\u00e9n en otros aspectos como las prestaciones sociales y los impuestos. En este art\u00edculo, analizaremos todas las implicaciones que tiene esta medida y c\u00f3mo afectar\u00e1 a diferentes sectores de la sociedad.<\/p>\n<p>El aumento del salario m\u00ednimo ha generado expectativas y debate, beneficiando a los trabajadores pero preocupando a algunos sectores empresariales por su impacto en la estabilidad econ\u00f3mica. Analizaremos las implicaciones de esta medida en distintos sectores de la sociedad.<\/p>\n<h2>Fechas clave: \u00bfcu\u00e1ndo se implementar\u00e1 el nuevo salario m\u00ednimo en Espa\u00f1a?<\/h2>\n<p>La implementaci\u00f3n del nuevo salario m\u00ednimo en Espa\u00f1a es una cuesti\u00f3n de gran relevancia. Seg\u00fan las fechas clave establecidas, se espera que esta medida entre en vigor a partir del pr\u00f3ximo mes de enero. Sin embargo, a\u00fan quedan por determinar algunos detalles como el monto exacto y las condiciones laborales en las que se aplicar\u00e1. Esta noticia ha generado expectativas y debates entre los trabajadores y los empresarios, quienes esperan conocer los detalles finales para poder adaptarse a esta nueva realidad salarial.<\/p>\n<p>Se espera que la implementaci\u00f3n del nuevo salario m\u00ednimo en Espa\u00f1a genere cambios significativos en el \u00e1mbito laboral, sin embargo, a\u00fan se desconoce el monto exacto y las condiciones en las que se aplicar\u00e1, lo que ha generado expectativas y debates entre trabajadores y empresarios.<\/p>\n<h2>El impacto del nuevo salario m\u00ednimo en la econom\u00eda espa\u00f1ola: an\u00e1lisis y perspectivas<\/h2>\n<p>El reciente aumento del salario m\u00ednimo en Espa\u00f1a ha generado un debate sobre su impacto en la <a href=\"https:\/\/dudasytextos.com\/finanzas\/blog\/las-crisis-globales-demandan-expertos-en-filosofia-politica-y-economia\/\">econom\u00eda<\/a> del pa\u00eds. Mientras algunos argumentan que esta medida beneficiar\u00e1 a los trabajadores y estimular\u00e1 el consumo, otros se\u00f1alan que podr\u00eda tener efectos negativos en la competitividad de las empresas y en la creaci\u00f3n de empleo. Aunque a\u00fan es pronto para evaluar completamente las consecuencias, es importante analizar cuidadosamente esta situaci\u00f3n y considerar las perspectivas a largo plazo.<\/p>\n<p>Debemos examinar minuciosamente las implicaciones a largo plazo del reciente incremento del salario m\u00ednimo en Espa\u00f1a, ya que existen argumentos a favor y en contra de esta medida, tanto en t\u00e9rminos de beneficios para los trabajadores como de posibles consecuencias negativas para la competitividad empresarial y la generaci\u00f3n de empleo.<\/p>\n<h2>\u00bfC\u00f3mo afectar\u00e1 la entrada en vigor del nuevo salario m\u00ednimo a los trabajadores y empleadores?<\/h2>\n<p>La entrada en vigor del nuevo salario m\u00ednimo tendr\u00e1 un impacto significativo tanto en los trabajadores como en los empleadores. Para los trabajadores, esto significa un aumento en sus ingresos y una mejora en su calidad de vida. Sin embargo, para los empleadores, esto puede suponer un incremento en los costos laborales y podr\u00eda afectar su capacidad para contratar a nuevos empleados o mantener a los existentes. Es importante que tanto los trabajadores como los empleadores se preparen y planifiquen adecuadamente para adaptarse a estos cambios.<\/p>\n<p>El incremento del salario m\u00ednimo impactar\u00e1 tanto a los trabajadores como a los empleadores, mejorando los ingresos y calidad de vida de los primeros, pero generando mayores costos laborales y posibles limitaciones en la contrataci\u00f3n para los segundos. La preparaci\u00f3n y planificaci\u00f3n adecuada ser\u00e1n clave para adaptarse a estos cambios.<\/p>\n<div style=\"float: none;clear: both;width: 100%;position: relative;padding-bottom: 68%;padding-top: 25px;height: 0;\"><iframe style=\"position: absolute; top: 0; left: 0; width: 100%;height: 100%;\" src=\"https:\/\/www.youtube.com\/embed\/L9pDnYYSGiM\" frameborder=\"0\" allowfullscreen=\"allowfullscreen\"><\/iframe><\/div>\n<p><\/p>\n<p>En conclusi\u00f3n, la entrada en vigor del nuevo Salario M\u00ednimo Interprofesional (SMI) es un tema de gran relevancia y debate en la sociedad actual. Si bien se espera que esta medida tenga efectos positivos en la econom\u00eda y en la calidad de vida de los trabajadores, tambi\u00e9n existen ciertas preocupaciones en cuanto a su implementaci\u00f3n y posibles consecuencias. Es importante destacar que el nuevo SMI busca garantizar una remuneraci\u00f3n justa y digna para los trabajadores, considerando factores como el costo de vida y la productividad. Sin embargo, es necesario evaluar de manera continua los efectos de esta medida y realizar ajustes si es necesario, para evitar posibles impactos negativos en el empleo y en la competitividad de las empresas. Adem\u00e1s, es fundamental que se promueva una mayor equidad salarial y se fomente el di\u00e1logo entre los diferentes actores involucrados, con el objetivo de lograr un consenso y una implementaci\u00f3n eficiente del nuevo SMI. En resumen, la entrada en vigor del nuevo SMI representa un avance en la protecci\u00f3n de los derechos laborales, pero tambi\u00e9n requiere de un an\u00e1lisis constante y una gesti\u00f3n adecuada para maximizar sus beneficios y minimizar sus posibles perjuicios.<\/p>\n","protected":false},"excerpt":{"rendered":"<p>La intenci\u00f3n de b\u00fasqueda de un usuario al buscar la keyword \u00abcuando entra en vigor el nuevo smi\u00bb es obtener informaci\u00f3n precisa y actualizada sobre<\/p>\n","protected":false},"author":2,"featured_media":698,"comment_status":"closed","ping_status":"closed","sticky":false,"template":"","format":"standard","meta":{"footnotes":""},"categories":[48],"tags":[],"class_list":["post-697","post","type-post","status-publish","format-standard","has-post-thumbnail","hentry","category-cuando"],"yoast_head":"<!-- This site is optimized with the Yoast SEO plugin v28.4 - https:\/\/yoast.com\/product\/yoast-seo-wordpress\/ -->\n<title>\u00a1Atenci\u00f3n! El nuevo SMI comienza a regir desde hoy [2026]<\/title>\n<meta name=\"description\" content=\"\u27a4 \u00a1Atenci\u00f3n! El nuevo SMI comienza a regir desde hoy \u261d La intenci\u00f3n de b\u00fasqueda de un usuario al buscar la keyword &quot;cuando entra en vigor el nuevo smi&quot; es obtener informaci\u00f3n precisa y actualizada sobre la ... \u27a4\" \/>\n<meta name=\"robots\" content=\"index, follow, max-snippet:-1, max-image-preview:large, max-video-preview:-1\" \/>\n<link rel=\"canonical\" href=\"https:\/\/dudasytextos.com\/finanzas\/cuando\/cuando-entra-en-vigor-el-nuevo-smi\/\" \/>\n<meta property=\"og:locale\" content=\"es_ES\" \/>\n<meta property=\"og:type\" content=\"article\" \/>\n<meta property=\"og:title\" content=\"\u00a1Atenci\u00f3n! El nuevo SMI comienza a regir desde hoy [2026]\" \/>\n<meta property=\"og:description\" content=\"\u27a4 \u00a1Atenci\u00f3n! El nuevo SMI comienza a regir desde hoy \u261d La intenci\u00f3n de b\u00fasqueda de un usuario al buscar la keyword &quot;cuando entra en vigor el nuevo smi&quot; es obtener informaci\u00f3n precisa y actualizada sobre la ... \u27a4\" \/>\n<meta property=\"og:url\" content=\"https:\/\/dudasytextos.com\/finanzas\/cuando\/cuando-entra-en-vigor-el-nuevo-smi\/\" \/>\n<meta property=\"og:site_name\" content=\"TARDECIT.COM\" \/>\n<meta property=\"article:published_time\" content=\"2025-10-22T01:34:53+00:00\" \/>\n<meta property=\"article:modified_time\" content=\"2025-11-06T11:18:42+00:00\" \/>\n<meta property=\"og:image\" content=\"https:\/\/dudasytextos.com\/finanzas\/wp-content\/uploads\/2023\/10\/3brHj5CtAbU.jpg\" \/>\n\t<meta property=\"og:image:width\" content=\"768\" \/>\n\t<meta property=\"og:image:height\" content=\"432\" \/>\n\t<meta property=\"og:image:type\" content=\"image\/jpeg\" \/>\n<meta name=\"author\" content=\"Mar\u00eda Garc\u00eda Mart\u00ednez\" \/>\n<meta name=\"twitter:card\" content=\"summary_large_image\" \/>\n<meta name=\"twitter:label1\" content=\"Escrito por\" \/>\n\t<meta name=\"twitter:data1\" content=\"Mar\u00eda Garc\u00eda Mart\u00ednez\" \/>\n\t<meta name=\"twitter:label2\" content=\"Tiempo de lectura\" \/>\n\t<meta name=\"twitter:data2\" content=\"7 minutos\" \/>\n<script type=\"application\/ld+json\" class=\"yoast-schema-graph\">{\"@context\":\"https:\\\/\\\/schema.org\",\"@graph\":[{\"@type\":\"Article\",\"@id\":\"https:\\\/\\\/dudasytextos.com\\\/finanzas\\\/cuando\\\/cuando-entra-en-vigor-el-nuevo-smi\\\/#article\",\"isPartOf\":{\"@id\":\"https:\\\/\\\/dudasytextos.com\\\/finanzas\\\/cuando\\\/cuando-entra-en-vigor-el-nuevo-smi\\\/\"},\"author\":{\"name\":\"Mar\u00eda Garc\u00eda Mart\u00ednez\",\"@id\":\"https:\\\/\\\/dudasytextos.com\\\/finanzas\\\/#\\\/schema\\\/person\\\/fb6ccd9f43b9c518802c61bc09cf23ff\"},\"headline\":\"\u00a1Atenci\u00f3n! El nuevo SMI comienza a regir desde hoy\",\"datePublished\":\"2025-10-22T01:34:53+00:00\",\"dateModified\":\"2025-11-06T11:18:42+00:00\",\"mainEntityOfPage\":{\"@id\":\"https:\\\/\\\/dudasytextos.com\\\/finanzas\\\/cuando\\\/cuando-entra-en-vigor-el-nuevo-smi\\\/\"},\"wordCount\":1371,\"publisher\":{\"@id\":\"https:\\\/\\\/dudasytextos.com\\\/finanzas\\\/#organization\"},\"image\":{\"@id\":\"https:\\\/\\\/dudasytextos.com\\\/finanzas\\\/cuando\\\/cuando-entra-en-vigor-el-nuevo-smi\\\/#primaryimage\"},\"thumbnailUrl\":\"https:\\\/\\\/dudasytextos.com\\\/finanzas\\\/wp-content\\\/uploads\\\/2023\\\/10\\\/3brHj5CtAbU.jpg\",\"articleSection\":[\"Cuando\"],\"inLanguage\":\"es\"},{\"@type\":\"WebPage\",\"@id\":\"https:\\\/\\\/dudasytextos.com\\\/finanzas\\\/cuando\\\/cuando-entra-en-vigor-el-nuevo-smi\\\/\",\"url\":\"https:\\\/\\\/dudasytextos.com\\\/finanzas\\\/cuando\\\/cuando-entra-en-vigor-el-nuevo-smi\\\/\",\"name\":\"\u00a1Atenci\u00f3n! El nuevo SMI comienza a regir desde hoy [2026]\",\"isPartOf\":{\"@id\":\"https:\\\/\\\/dudasytextos.com\\\/finanzas\\\/#website\"},\"primaryImageOfPage\":{\"@id\":\"https:\\\/\\\/dudasytextos.com\\\/finanzas\\\/cuando\\\/cuando-entra-en-vigor-el-nuevo-smi\\\/#primaryimage\"},\"image\":{\"@id\":\"https:\\\/\\\/dudasytextos.com\\\/finanzas\\\/cuando\\\/cuando-entra-en-vigor-el-nuevo-smi\\\/#primaryimage\"},\"thumbnailUrl\":\"https:\\\/\\\/dudasytextos.com\\\/finanzas\\\/wp-content\\\/uploads\\\/2023\\\/10\\\/3brHj5CtAbU.jpg\",\"datePublished\":\"2025-10-22T01:34:53+00:00\",\"dateModified\":\"2025-11-06T11:18:42+00:00\",\"description\":\"\u27a4 \u00a1Atenci\u00f3n! El nuevo SMI comienza a regir desde hoy \u261d La intenci\u00f3n de b\u00fasqueda de un usuario al buscar la keyword \\\"cuando entra en vigor el nuevo smi\\\" es obtener informaci\u00f3n precisa y actualizada sobre la ... \u27a4\",\"breadcrumb\":{\"@id\":\"https:\\\/\\\/dudasytextos.com\\\/finanzas\\\/cuando\\\/cuando-entra-en-vigor-el-nuevo-smi\\\/#breadcrumb\"},\"inLanguage\":\"es\",\"potentialAction\":[{\"@type\":\"ReadAction\",\"target\":[\"https:\\\/\\\/dudasytextos.com\\\/finanzas\\\/cuando\\\/cuando-entra-en-vigor-el-nuevo-smi\\\/\"]}]},{\"@type\":\"ImageObject\",\"inLanguage\":\"es\",\"@id\":\"https:\\\/\\\/dudasytextos.com\\\/finanzas\\\/cuando\\\/cuando-entra-en-vigor-el-nuevo-smi\\\/#primaryimage\",\"url\":\"https:\\\/\\\/dudasytextos.com\\\/finanzas\\\/wp-content\\\/uploads\\\/2023\\\/10\\\/3brHj5CtAbU.jpg\",\"contentUrl\":\"https:\\\/\\\/dudasytextos.com\\\/finanzas\\\/wp-content\\\/uploads\\\/2023\\\/10\\\/3brHj5CtAbU.jpg\",\"width\":768,\"height\":432},{\"@type\":\"BreadcrumbList\",\"@id\":\"https:\\\/\\\/dudasytextos.com\\\/finanzas\\\/cuando\\\/cuando-entra-en-vigor-el-nuevo-smi\\\/#breadcrumb\",\"itemListElement\":[{\"@type\":\"ListItem\",\"position\":1,\"name\":\"Portada\",\"item\":\"https:\\\/\\\/dudasytextos.com\\\/finanzas\\\/\"},{\"@type\":\"ListItem\",\"position\":2,\"name\":\"\u00a1Atenci\u00f3n! El nuevo SMI comienza a regir desde hoy\"}]},{\"@type\":\"WebSite\",\"@id\":\"https:\\\/\\\/dudasytextos.com\\\/finanzas\\\/#website\",\"url\":\"https:\\\/\\\/dudasytextos.com\\\/finanzas\\\/\",\"name\":\"TARDECIT.COM\",\"description\":\"\",\"publisher\":{\"@id\":\"https:\\\/\\\/dudasytextos.com\\\/finanzas\\\/#organization\"},\"potentialAction\":[{\"@type\":\"SearchAction\",\"target\":{\"@type\":\"EntryPoint\",\"urlTemplate\":\"https:\\\/\\\/dudasytextos.com\\\/finanzas\\\/?s={search_term_string}\"},\"query-input\":{\"@type\":\"PropertyValueSpecification\",\"valueRequired\":true,\"valueName\":\"search_term_string\"}}],\"inLanguage\":\"es\"},{\"@type\":\"Organization\",\"@id\":\"https:\\\/\\\/dudasytextos.com\\\/finanzas\\\/#organization\",\"name\":\"TARDECIT.COM\",\"url\":\"https:\\\/\\\/dudasytextos.com\\\/finanzas\\\/\",\"logo\":{\"@type\":\"ImageObject\",\"inLanguage\":\"es\",\"@id\":\"https:\\\/\\\/dudasytextos.com\\\/finanzas\\\/#\\\/schema\\\/logo\\\/image\\\/\",\"url\":\"https:\\\/\\\/dudasytextos.com\\\/finanzas\\\/wp-content\\\/uploads\\\/2023\\\/10\\\/mediano.jpg\",\"contentUrl\":\"https:\\\/\\\/dudasytextos.com\\\/finanzas\\\/wp-content\\\/uploads\\\/2023\\\/10\\\/mediano.jpg\",\"width\":75,\"height\":75,\"caption\":\"TARDECIT.COM\"},\"image\":{\"@id\":\"https:\\\/\\\/dudasytextos.com\\\/finanzas\\\/#\\\/schema\\\/logo\\\/image\\\/\"}},{\"@type\":\"Person\",\"@id\":\"https:\\\/\\\/dudasytextos.com\\\/finanzas\\\/#\\\/schema\\\/person\\\/fb6ccd9f43b9c518802c61bc09cf23ff\",\"name\":\"Mar\u00eda Garc\u00eda Mart\u00ednez\",\"image\":{\"@type\":\"ImageObject\",\"inLanguage\":\"es\",\"@id\":\"https:\\\/\\\/secure.gravatar.com\\\/avatar\\\/a81248c0fa5700b777791576c7000b13dec582c2178e0d6198cafa21f8dfdede?s=96&d=mm&r=g\",\"url\":\"https:\\\/\\\/secure.gravatar.com\\\/avatar\\\/a81248c0fa5700b777791576c7000b13dec582c2178e0d6198cafa21f8dfdede?s=96&d=mm&r=g\",\"contentUrl\":\"https:\\\/\\\/secure.gravatar.com\\\/avatar\\\/a81248c0fa5700b777791576c7000b13dec582c2178e0d6198cafa21f8dfdede?s=96&d=mm&r=g\",\"caption\":\"Mar\u00eda Garc\u00eda Mart\u00ednez\"},\"description\":\"Soy experta en finanzas personales y asesoramiento financiero. Ayudo a las personas a tomar decisiones inteligentes con su dinero y a alcanzar sus metas financieras. A lo largo de mi carrera, he trabajado con clientes de diversas situaciones econ\u00f3micas y he brindado soluciones personalizadas para cada uno de ellos. Mi pasi\u00f3n por las finanzas me impulsa a compartir mi conocimiento a trav\u00e9s de mi blog, proporcionando consejos pr\u00e1cticos y estrategias efectivas para alcanzar la independencia financiera.\"}]}<\/script>\n<!-- \/ Yoast SEO plugin. -->","yoast_head_json":{"title":"\u00a1Atenci\u00f3n! El nuevo SMI comienza a regir desde hoy [2026]","description":"\u27a4 \u00a1Atenci\u00f3n! El nuevo SMI comienza a regir desde hoy \u261d La intenci\u00f3n de b\u00fasqueda de un usuario al buscar la keyword \"cuando entra en vigor el nuevo smi\" es obtener informaci\u00f3n precisa y actualizada sobre la ... \u27a4","robots":{"index":"index","follow":"follow","max-snippet":"max-snippet:-1","max-image-preview":"max-image-preview:large","max-video-preview":"max-video-preview:-1"},"canonical":"https:\/\/dudasytextos.com\/finanzas\/cuando\/cuando-entra-en-vigor-el-nuevo-smi\/","og_locale":"es_ES","og_type":"article","og_title":"\u00a1Atenci\u00f3n! El nuevo SMI comienza a regir desde hoy [2026]","og_description":"\u27a4 \u00a1Atenci\u00f3n! El nuevo SMI comienza a regir desde hoy \u261d La intenci\u00f3n de b\u00fasqueda de un usuario al buscar la keyword \"cuando entra en vigor el nuevo smi\" es obtener informaci\u00f3n precisa y actualizada sobre la ... \u27a4","og_url":"https:\/\/dudasytextos.com\/finanzas\/cuando\/cuando-entra-en-vigor-el-nuevo-smi\/","og_site_name":"TARDECIT.COM","article_published_time":"2025-10-22T01:34:53+00:00","article_modified_time":"2025-11-06T11:18:42+00:00","og_image":[{"width":768,"height":432,"url":"https:\/\/dudasytextos.com\/finanzas\/wp-content\/uploads\/2023\/10\/3brHj5CtAbU.jpg","type":"image\/jpeg"}],"author":"Mar\u00eda Garc\u00eda Mart\u00ednez","twitter_card":"summary_large_image","twitter_misc":{"Escrito por":"Mar\u00eda Garc\u00eda Mart\u00ednez","Tiempo de lectura":"7 minutos"},"schema":{"@context":"https:\/\/schema.org","@graph":[{"@type":"Article","@id":"https:\/\/dudasytextos.com\/finanzas\/cuando\/cuando-entra-en-vigor-el-nuevo-smi\/#article","isPartOf":{"@id":"https:\/\/dudasytextos.com\/finanzas\/cuando\/cuando-entra-en-vigor-el-nuevo-smi\/"},"author":{"name":"Mar\u00eda Garc\u00eda Mart\u00ednez","@id":"https:\/\/dudasytextos.com\/finanzas\/#\/schema\/person\/fb6ccd9f43b9c518802c61bc09cf23ff"},"headline":"\u00a1Atenci\u00f3n! El nuevo SMI comienza a regir desde hoy","datePublished":"2025-10-22T01:34:53+00:00","dateModified":"2025-11-06T11:18:42+00:00","mainEntityOfPage":{"@id":"https:\/\/dudasytextos.com\/finanzas\/cuando\/cuando-entra-en-vigor-el-nuevo-smi\/"},"wordCount":1371,"publisher":{"@id":"https:\/\/dudasytextos.com\/finanzas\/#organization"},"image":{"@id":"https:\/\/dudasytextos.com\/finanzas\/cuando\/cuando-entra-en-vigor-el-nuevo-smi\/#primaryimage"},"thumbnailUrl":"https:\/\/dudasytextos.com\/finanzas\/wp-content\/uploads\/2023\/10\/3brHj5CtAbU.jpg","articleSection":["Cuando"],"inLanguage":"es"},{"@type":"WebPage","@id":"https:\/\/dudasytextos.com\/finanzas\/cuando\/cuando-entra-en-vigor-el-nuevo-smi\/","url":"https:\/\/dudasytextos.com\/finanzas\/cuando\/cuando-entra-en-vigor-el-nuevo-smi\/","name":"\u00a1Atenci\u00f3n! El nuevo SMI comienza a regir desde hoy [2026]","isPartOf":{"@id":"https:\/\/dudasytextos.com\/finanzas\/#website"},"primaryImageOfPage":{"@id":"https:\/\/dudasytextos.com\/finanzas\/cuando\/cuando-entra-en-vigor-el-nuevo-smi\/#primaryimage"},"image":{"@id":"https:\/\/dudasytextos.com\/finanzas\/cuando\/cuando-entra-en-vigor-el-nuevo-smi\/#primaryimage"},"thumbnailUrl":"https:\/\/dudasytextos.com\/finanzas\/wp-content\/uploads\/2023\/10\/3brHj5CtAbU.jpg","datePublished":"2025-10-22T01:34:53+00:00","dateModified":"2025-11-06T11:18:42+00:00","description":"\u27a4 \u00a1Atenci\u00f3n! El nuevo SMI comienza a regir desde hoy \u261d La intenci\u00f3n de b\u00fasqueda de un usuario al buscar la keyword \"cuando entra en vigor el nuevo smi\" es obtener informaci\u00f3n precisa y actualizada sobre la ... \u27a4","breadcrumb":{"@id":"https:\/\/dudasytextos.com\/finanzas\/cuando\/cuando-entra-en-vigor-el-nuevo-smi\/#breadcrumb"},"inLanguage":"es","potentialAction":[{"@type":"ReadAction","target":["https:\/\/dudasytextos.com\/finanzas\/cuando\/cuando-entra-en-vigor-el-nuevo-smi\/"]}]},{"@type":"ImageObject","inLanguage":"es","@id":"https:\/\/dudasytextos.com\/finanzas\/cuando\/cuando-entra-en-vigor-el-nuevo-smi\/#primaryimage","url":"https:\/\/dudasytextos.com\/finanzas\/wp-content\/uploads\/2023\/10\/3brHj5CtAbU.jpg","contentUrl":"https:\/\/dudasytextos.com\/finanzas\/wp-content\/uploads\/2023\/10\/3brHj5CtAbU.jpg","width":768,"height":432},{"@type":"BreadcrumbList","@id":"https:\/\/dudasytextos.com\/finanzas\/cuando\/cuando-entra-en-vigor-el-nuevo-smi\/#breadcrumb","itemListElement":[{"@type":"ListItem","position":1,"name":"Portada","item":"https:\/\/dudasytextos.com\/finanzas\/"},{"@type":"ListItem","position":2,"name":"\u00a1Atenci\u00f3n! El nuevo SMI comienza a regir desde hoy"}]},{"@type":"WebSite","@id":"https:\/\/dudasytextos.com\/finanzas\/#website","url":"https:\/\/dudasytextos.com\/finanzas\/","name":"TARDECIT.COM","description":"","publisher":{"@id":"https:\/\/dudasytextos.com\/finanzas\/#organization"},"potentialAction":[{"@type":"SearchAction","target":{"@type":"EntryPoint","urlTemplate":"https:\/\/dudasytextos.com\/finanzas\/?s={search_term_string}"},"query-input":{"@type":"PropertyValueSpecification","valueRequired":true,"valueName":"search_term_string"}}],"inLanguage":"es"},{"@type":"Organization","@id":"https:\/\/dudasytextos.com\/finanzas\/#organization","name":"TARDECIT.COM","url":"https:\/\/dudasytextos.com\/finanzas\/","logo":{"@type":"ImageObject","inLanguage":"es","@id":"https:\/\/dudasytextos.com\/finanzas\/#\/schema\/logo\/image\/","url":"https:\/\/dudasytextos.com\/finanzas\/wp-content\/uploads\/2023\/10\/mediano.jpg","contentUrl":"https:\/\/dudasytextos.com\/finanzas\/wp-content\/uploads\/2023\/10\/mediano.jpg","width":75,"height":75,"caption":"TARDECIT.COM"},"image":{"@id":"https:\/\/dudasytextos.com\/finanzas\/#\/schema\/logo\/image\/"}},{"@type":"Person","@id":"https:\/\/dudasytextos.com\/finanzas\/#\/schema\/person\/fb6ccd9f43b9c518802c61bc09cf23ff","name":"Mar\u00eda Garc\u00eda Mart\u00ednez","image":{"@type":"ImageObject","inLanguage":"es","@id":"https:\/\/secure.gravatar.com\/avatar\/a81248c0fa5700b777791576c7000b13dec582c2178e0d6198cafa21f8dfdede?s=96&d=mm&r=g","url":"https:\/\/secure.gravatar.com\/avatar\/a81248c0fa5700b777791576c7000b13dec582c2178e0d6198cafa21f8dfdede?s=96&d=mm&r=g","contentUrl":"https:\/\/secure.gravatar.com\/avatar\/a81248c0fa5700b777791576c7000b13dec582c2178e0d6198cafa21f8dfdede?s=96&d=mm&r=g","caption":"Mar\u00eda Garc\u00eda Mart\u00ednez"},"description":"Soy experta en finanzas personales y asesoramiento financiero. Ayudo a las personas a tomar decisiones inteligentes con su dinero y a alcanzar sus metas financieras. A lo largo de mi carrera, he trabajado con clientes de diversas situaciones econ\u00f3micas y he brindado soluciones personalizadas para cada uno de ellos. Mi pasi\u00f3n por las finanzas me impulsa a compartir mi conocimiento a trav\u00e9s de mi blog, proporcionando consejos pr\u00e1cticos y estrategias efectivas para alcanzar la independencia financiera."}]}},"_links":{"self":[{"href":"https:\/\/dudasytextos.com\/finanzas\/wp-json\/wp\/v2\/posts\/697","targetHints":{"allow":["GET"]}}],"collection":[{"href":"https:\/\/dudasytextos.com\/finanzas\/wp-json\/wp\/v2\/posts"}],"about":[{"href":"https:\/\/dudasytextos.com\/finanzas\/wp-json\/wp\/v2\/types\/post"}],"author":[{"embeddable":true,"href":"https:\/\/dudasytextos.com\/finanzas\/wp-json\/wp\/v2\/users\/2"}],"replies":[{"embeddable":true,"href":"https:\/\/dudasytextos.com\/finanzas\/wp-json\/wp\/v2\/comments?post=697"}],"version-history":[{"count":0,"href":"https:\/\/dudasytextos.com\/finanzas\/wp-json\/wp\/v2\/posts\/697\/revisions"}],"wp:featuredmedia":[{"embeddable":true,"href":"https:\/\/dudasytextos.com\/finanzas\/wp-json\/wp\/v2\/media\/698"}],"wp:attachment":[{"href":"https:\/\/dudasytextos.com\/finanzas\/wp-json\/wp\/v2\/media?parent=697"}],"wp:term":[{"taxonomy":"category","embeddable":true,"href":"https:\/\/dudasytextos.com\/finanzas\/wp-json\/wp\/v2\/categories?post=697"},{"taxonomy":"post_tag","embeddable":true,"href":"https:\/\/dudasytextos.com\/finanzas\/wp-json\/wp\/v2\/tags?post=697"}],"curies":[{"name":"wp","href":"https:\/\/api.w.org\/{rel}","templated":true}]}}