{"id":781,"date":"2025-11-03T09:03:07","date_gmt":"2025-11-03T09:03:07","guid":{"rendered":"https:\/\/tardecit.com\/blog\/que-hora-deberia-tener-espana\/"},"modified":"2025-11-06T11:27:11","modified_gmt":"2025-11-06T11:27:11","slug":"que-hora-deberia-tener-espana","status":"publish","type":"post","link":"https:\/\/dudasytextos.com\/finanzas\/espana\/que-hora-deberia-tener-espana\/","title":{"rendered":"La pol\u00e9mica sobre qu\u00e9 hora deber\u00eda tener Espa\u00f1a: \u00bfAtrasar o adelantar el reloj?"},"content":{"rendered":"<p>Cuando un usuario busca la keyword \u00abqu\u00e9 hora deber\u00eda tener <a href=\"https:\/\/dudasytextos.com\/finanzas\/invertir\/donde-invertir-interes-compuesto-espana\/\">Espa\u00f1a<\/a>\u00bb, es probable que est\u00e9 buscando informaci\u00f3n sobre la hora actual en Espa\u00f1a. Esta b\u00fasqueda indica que el usuario desea conocer la hora exacta en ese pa\u00eds, ya sea para sincronizar sus actividades o para obtener informaci\u00f3n precisa sobre el horario en Espa\u00f1a.<\/p>\n<div style=\"float: none;clear: both;width: 100%;position: relative;padding-bottom: 68%;padding-top: 25px;height: 0;\"><iframe style=\"position: absolute; top: 0; left: 0; width: 100%;height: 100%;\" src=\"https:\/\/www.youtube.com\/embed\/Xu3fya7vwjQ&#038;pp=ygUOI2NhbWJpb3NkZWhvcmE%3D\" frameborder=\"0\" allowfullscreen=\"allowfullscreen\"><\/iframe><\/div>\n<p><\/p>\n<h2>\u00bfQu\u00e9 hora debe ser en Espa\u00f1a?<\/h2>\n<p>Desde hace m\u00e1s de 80 a\u00f1os, Espa\u00f1a utiliza el horario basado en la hora europea central, en lugar de la hora occidental que corresponder\u00eda a su ubicaci\u00f3n geogr\u00e1fica junto a Portugal, Irlanda y Reino Unido. Esto ha generado debate sobre cu\u00e1l deber\u00eda ser la hora adecuada para nuestro pa\u00eds. Al considerar el mapa de usos horarios en base al meridiano de Greenwich, resulta evidente que Espa\u00f1a deber\u00eda seguir el horario de Londres.<\/p>\n<p>Se cree que Espa\u00f1a deber\u00eda ajustar su horario para estar m\u00e1s alineado con su ubicaci\u00f3n geogr\u00e1fica junto a Portugal, Irlanda y Reino Unido, en lugar de seguir el horario de la hora europea central.<\/p>\n<h2>\u00bfCu\u00e1l es la raz\u00f3n por la que Espa\u00f1a tiene una hora adicional?<\/h2>\n<p>La raz\u00f3n por la que Espa\u00f1a tiene una hora adicional en relaci\u00f3n a la hora de Londres se debe a la adopci\u00f3n de la Hora Europea Central, basada en la de Berl\u00edn. Esta diferencia de una hora en invierno y dos horas en verano implica que Espa\u00f1a se encuentra adelantada con respecto al sol. Aunque las Islas Canarias son la excepci\u00f3n, ya que siguen el horario de las Islas Canarias, que es una hora menos que el resto del pa\u00eds.<\/p>\n<p>Se adopta la Hora Europea Central en Espa\u00f1a, adelantando el reloj una hora en invierno y dos en verano. Sin embargo, las Islas Canarias siguen su propio horario, ubic\u00e1ndose una hora detr\u00e1s del resto del pa\u00eds.<\/p>\n<h2>\u00bfCu\u00e1ntas horas de diferencia hay entre Argentina y Espa\u00f1a en este momento?<\/h2>\n<p>En este momento, Argentina y Espa\u00f1a tienen una diferencia horaria de +5 horas en el horario de verano espa\u00f1ol y de +4 horas en el horario de invierno espa\u00f1ol. Esto se debe a que ambos pa\u00edses se encuentran en diferentes husos horarios o meridianos geogr\u00e1ficos. Es importante tener en cuenta esta diferencia al planificar reuniones o comunicarse con personas en el otro pa\u00eds para evitar confusiones y asegurar una comunicaci\u00f3n efectiva.<\/p>\n<p>Hay una diferencia horaria de +5 horas en verano y +4 horas en invierno entre Argentina y Espa\u00f1a debido a sus diferentes husos horarios. Esto es relevante al coordinar reuniones o comunicarse con personas en el otro pa\u00eds para evitar malentendidos y garantizar una comunicaci\u00f3n efectiva.<\/p>\n<h2>La eterna discusi\u00f3n: \u00bfQu\u00e9 hora deber\u00eda tener Espa\u00f1a?<\/h2>\n<p>La eterna discusi\u00f3n sobre qu\u00e9 hora deber\u00eda tener Espa\u00f1a contin\u00faa generando debate. Actualmente, el pa\u00eds se encuentra en el huso horario de Europa Central, lo que implica un desfase de una hora con respecto a su posici\u00f3n geogr\u00e1fica. Esto ha generado controversia debido a los efectos negativos en la salud y el rendimiento de las personas. Mientras algunos argumentan que deber\u00edamos adoptar el horario de Greenwich, otros defienden mantener el actual. Sin embargo, lo que est\u00e1 claro es que es necesario encontrar una soluci\u00f3n que beneficie a todos los ciudadanos.<\/p>\n<p>En resumen, la elecci\u00f3n del huso horario en Espa\u00f1a sigue siendo un tema debatido, ya que se ha demostrado que el desfase actual tiene efectos negativos en la salud y el rendimiento de las personas. Es imprescindible encontrar una soluci\u00f3n que beneficie a todos los ciudadanos.<\/p>\n<h2>Un debate sin fin: \u00bfCu\u00e1l es el huso horario ideal para Espa\u00f1a?<\/h2>\n<p>El debate sobre el huso horario ideal para Espa\u00f1a ha sido objeto de discusi\u00f3n durante a\u00f1os. Actualmente, Espa\u00f1a se encuentra en el huso horario de Europa Central, aunque geogr\u00e1ficamente se encuentra m\u00e1s cerca del huso horario de Europa Occidental. Algunos argumentan que cambiar al huso horario de Europa Occidental permitir\u00eda una mejor sincronizaci\u00f3n con los pa\u00edses vecinos y optimizar\u00eda la productividad. Sin embargo, otros defienden que mantener el actual huso horario evita desajustes en el ritmo biol\u00f3gico de las personas. En definitiva, el debate sigue sin resolverse y la decisi\u00f3n sobre el huso horario ideal para Espa\u00f1a sigue siendo un tema de discusi\u00f3n sin fin.<\/p>\n<p>El debate sobre el huso horario ideal para Espa\u00f1a contin\u00faa sin resolverse, ya que algunos argumentan que cambiar al huso horario de Europa Occidental mejorar\u00eda la sincronizaci\u00f3n con los pa\u00edses vecinos, mientras que otros defienden mantener el actual para evitar desajustes en el ritmo biol\u00f3gico de las personas.<\/p>\n<h2>Tiempo y tradici\u00f3n: Reflexiones sobre el horario en Espa\u00f1a<\/h2>\n<p>El tema del horario en Espa\u00f1a es un asunto que ha generado debate y reflexi\u00f3n en los \u00faltimos a\u00f1os. La tradici\u00f3n de tener un horario m\u00e1s tard\u00edo en comparaci\u00f3n con otros pa\u00edses europeos ha sido objeto de cr\u00edticas y propuestas de cambio. Sin embargo, tambi\u00e9n existen argumentos a favor de mantener esta tradici\u00f3n, argumentando que se ajusta mejor al estilo de vida y ritmo cultural del pa\u00eds. En definitiva, el horario en Espa\u00f1a es un tema complejo que requiere an\u00e1lisis y reflexi\u00f3n para encontrar un equilibrio que satisfaga a todos.<\/p>\n<p>El horario en Espa\u00f1a es un tema de debate en constante evoluci\u00f3n, que requiere un an\u00e1lisis profundo para encontrar un equilibrio que se ajuste tanto al estilo de vida como al ritmo cultural del pa\u00eds.<\/p>\n<div style=\"float: none;clear: both;width: 100%;position: relative;padding-bottom: 68%;padding-top: 25px;height: 0;\"><iframe style=\"position: absolute; top: 0; left: 0; width: 100%;height: 100%;\" src=\"https:\/\/www.youtube.com\/embed\/y6nKgnTUBL8\" frameborder=\"0\" allowfullscreen=\"allowfullscreen\"><\/iframe><\/div>\n<p><\/p>\n<p>En conclusi\u00f3n, la pregunta de qu\u00e9 hora deber\u00eda tener Espa\u00f1a es un tema de debate que involucra diversos factores. Si bien la adopci\u00f3n del horario GMT+2 en 1942 fue una medida impuesta por el r\u00e9gimen franquista con el objetivo de alinearse con Alemania, actualmente existe un consenso cada vez mayor en la necesidad de avanzar hacia un horario m\u00e1s acorde con la realidad geogr\u00e1fica y social del pa\u00eds. El cambio al horario GMT+1 en verano ha demostrado beneficios en t\u00e9rminos de ahorro energ\u00e9tico y bienestar de la poblaci\u00f3n, pero muchos consideran que deber\u00edamos ir m\u00e1s all\u00e1 y adoptar el horario GMT+0 todo el a\u00f1o. Esta medida permitir\u00eda una mayor sincronizaci\u00f3n con los pa\u00edses de nuestro entorno, facilitar\u00eda el comercio y las relaciones internacionales, y contribuir\u00eda a mejorar la calidad de vida de los ciudadanos al ajustar los horarios laborales y de ocio de manera m\u00e1s natural. En definitiva, es necesario un debate serio y profundo para encontrar la hora que mejor se ajuste a las necesidades y peculiaridades de Espa\u00f1a en el siglo XXI.<\/p>\n","protected":false},"excerpt":{"rendered":"<p>Cuando un usuario busca la keyword \u00abqu\u00e9 hora deber\u00eda tener Espa\u00f1a\u00bb, es probable que est\u00e9 buscando informaci\u00f3n sobre la hora actual en Espa\u00f1a. Esta b\u00fasqueda<\/p>\n","protected":false},"author":2,"featured_media":782,"comment_status":"closed","ping_status":"closed","sticky":false,"template":"","format":"standard","meta":{"footnotes":""},"categories":[10],"tags":[],"class_list":["post-781","post","type-post","status-publish","format-standard","has-post-thumbnail","hentry","category-espana"],"yoast_head":"<!-- This site is optimized with the Yoast SEO plugin v28.4 - https:\/\/yoast.com\/product\/yoast-seo-wordpress\/ -->\n<title>La pol\u00e9mica sobre qu\u00e9 hora deber\u00eda tener Espa\u00f1a: \u00bfAtrasar o adelantar el reloj? [2026]<\/title>\n<meta name=\"description\" content=\"\u27a4 La pol\u00e9mica sobre qu\u00e9 hora deber\u00eda tener Espa\u00f1a: \u00bfAtrasar o adelantar el reloj? \u261d Cuando un usuario busca la keyword &quot;qu\u00e9 hora deber\u00eda tener Espa\u00f1a&quot;, es probable que est\u00e9 buscando informaci\u00f3n sobre la hora actual en Espa\u00f1a. Esta ... \u27a4\" \/>\n<meta name=\"robots\" content=\"index, follow, max-snippet:-1, max-image-preview:large, max-video-preview:-1\" \/>\n<link rel=\"canonical\" href=\"https:\/\/dudasytextos.com\/finanzas\/espana\/que-hora-deberia-tener-espana\/\" \/>\n<meta property=\"og:locale\" content=\"es_ES\" \/>\n<meta property=\"og:type\" content=\"article\" \/>\n<meta property=\"og:title\" content=\"La pol\u00e9mica sobre qu\u00e9 hora deber\u00eda tener Espa\u00f1a: \u00bfAtrasar o adelantar el reloj? [2026]\" \/>\n<meta property=\"og:description\" content=\"\u27a4 La pol\u00e9mica sobre qu\u00e9 hora deber\u00eda tener Espa\u00f1a: \u00bfAtrasar o adelantar el reloj? \u261d Cuando un usuario busca la keyword &quot;qu\u00e9 hora deber\u00eda tener Espa\u00f1a&quot;, es probable que est\u00e9 buscando informaci\u00f3n sobre la hora actual en Espa\u00f1a. Esta ... \u27a4\" \/>\n<meta property=\"og:url\" content=\"https:\/\/dudasytextos.com\/finanzas\/espana\/que-hora-deberia-tener-espana\/\" \/>\n<meta property=\"og:site_name\" content=\"TARDECIT.COM\" \/>\n<meta property=\"article:published_time\" content=\"2025-11-03T09:03:07+00:00\" \/>\n<meta property=\"article:modified_time\" content=\"2025-11-06T11:27:11+00:00\" \/>\n<meta property=\"og:image\" content=\"https:\/\/dudasytextos.com\/finanzas\/wp-content\/uploads\/2023\/10\/Xu3fya7vwjQ.jpg\" \/>\n\t<meta property=\"og:image:width\" content=\"480\" \/>\n\t<meta property=\"og:image:height\" content=\"360\" \/>\n\t<meta property=\"og:image:type\" content=\"image\/jpeg\" \/>\n<meta name=\"author\" content=\"Mar\u00eda Garc\u00eda Mart\u00ednez\" \/>\n<meta name=\"twitter:card\" content=\"summary_large_image\" \/>\n<meta name=\"twitter:label1\" content=\"Escrito por\" \/>\n\t<meta name=\"twitter:data1\" content=\"Mar\u00eda Garc\u00eda Mart\u00ednez\" \/>\n\t<meta name=\"twitter:label2\" content=\"Tiempo de lectura\" \/>\n\t<meta name=\"twitter:data2\" content=\"6 minutos\" \/>\n<script type=\"application\/ld+json\" class=\"yoast-schema-graph\">{\"@context\":\"https:\\\/\\\/schema.org\",\"@graph\":[{\"@type\":\"Article\",\"@id\":\"https:\\\/\\\/dudasytextos.com\\\/finanzas\\\/espana\\\/que-hora-deberia-tener-espana\\\/#article\",\"isPartOf\":{\"@id\":\"https:\\\/\\\/dudasytextos.com\\\/finanzas\\\/espana\\\/que-hora-deberia-tener-espana\\\/\"},\"author\":{\"name\":\"Mar\u00eda Garc\u00eda Mart\u00ednez\",\"@id\":\"https:\\\/\\\/dudasytextos.com\\\/finanzas\\\/#\\\/schema\\\/person\\\/fb6ccd9f43b9c518802c61bc09cf23ff\"},\"headline\":\"La pol\u00e9mica sobre qu\u00e9 hora deber\u00eda tener Espa\u00f1a: \u00bfAtrasar o adelantar el reloj?\",\"datePublished\":\"2025-11-03T09:03:07+00:00\",\"dateModified\":\"2025-11-06T11:27:11+00:00\",\"mainEntityOfPage\":{\"@id\":\"https:\\\/\\\/dudasytextos.com\\\/finanzas\\\/espana\\\/que-hora-deberia-tener-espana\\\/\"},\"wordCount\":1180,\"publisher\":{\"@id\":\"https:\\\/\\\/dudasytextos.com\\\/finanzas\\\/#organization\"},\"image\":{\"@id\":\"https:\\\/\\\/dudasytextos.com\\\/finanzas\\\/espana\\\/que-hora-deberia-tener-espana\\\/#primaryimage\"},\"thumbnailUrl\":\"https:\\\/\\\/dudasytextos.com\\\/finanzas\\\/wp-content\\\/uploads\\\/2023\\\/10\\\/Xu3fya7vwjQ.jpg\",\"articleSection\":[\"Espa\u00f1a\"],\"inLanguage\":\"es\"},{\"@type\":\"WebPage\",\"@id\":\"https:\\\/\\\/dudasytextos.com\\\/finanzas\\\/espana\\\/que-hora-deberia-tener-espana\\\/\",\"url\":\"https:\\\/\\\/dudasytextos.com\\\/finanzas\\\/espana\\\/que-hora-deberia-tener-espana\\\/\",\"name\":\"La pol\u00e9mica sobre qu\u00e9 hora deber\u00eda tener Espa\u00f1a: \u00bfAtrasar o adelantar el reloj? [2026]\",\"isPartOf\":{\"@id\":\"https:\\\/\\\/dudasytextos.com\\\/finanzas\\\/#website\"},\"primaryImageOfPage\":{\"@id\":\"https:\\\/\\\/dudasytextos.com\\\/finanzas\\\/espana\\\/que-hora-deberia-tener-espana\\\/#primaryimage\"},\"image\":{\"@id\":\"https:\\\/\\\/dudasytextos.com\\\/finanzas\\\/espana\\\/que-hora-deberia-tener-espana\\\/#primaryimage\"},\"thumbnailUrl\":\"https:\\\/\\\/dudasytextos.com\\\/finanzas\\\/wp-content\\\/uploads\\\/2023\\\/10\\\/Xu3fya7vwjQ.jpg\",\"datePublished\":\"2025-11-03T09:03:07+00:00\",\"dateModified\":\"2025-11-06T11:27:11+00:00\",\"description\":\"\u27a4 La pol\u00e9mica sobre qu\u00e9 hora deber\u00eda tener Espa\u00f1a: \u00bfAtrasar o adelantar el reloj? \u261d Cuando un usuario busca la keyword \\\"qu\u00e9 hora deber\u00eda tener Espa\u00f1a\\\", es probable que est\u00e9 buscando informaci\u00f3n sobre la hora actual en Espa\u00f1a. Esta ... \u27a4\",\"breadcrumb\":{\"@id\":\"https:\\\/\\\/dudasytextos.com\\\/finanzas\\\/espana\\\/que-hora-deberia-tener-espana\\\/#breadcrumb\"},\"inLanguage\":\"es\",\"potentialAction\":[{\"@type\":\"ReadAction\",\"target\":[\"https:\\\/\\\/dudasytextos.com\\\/finanzas\\\/espana\\\/que-hora-deberia-tener-espana\\\/\"]}]},{\"@type\":\"ImageObject\",\"inLanguage\":\"es\",\"@id\":\"https:\\\/\\\/dudasytextos.com\\\/finanzas\\\/espana\\\/que-hora-deberia-tener-espana\\\/#primaryimage\",\"url\":\"https:\\\/\\\/dudasytextos.com\\\/finanzas\\\/wp-content\\\/uploads\\\/2023\\\/10\\\/Xu3fya7vwjQ.jpg\",\"contentUrl\":\"https:\\\/\\\/dudasytextos.com\\\/finanzas\\\/wp-content\\\/uploads\\\/2023\\\/10\\\/Xu3fya7vwjQ.jpg\",\"width\":480,\"height\":360},{\"@type\":\"BreadcrumbList\",\"@id\":\"https:\\\/\\\/dudasytextos.com\\\/finanzas\\\/espana\\\/que-hora-deberia-tener-espana\\\/#breadcrumb\",\"itemListElement\":[{\"@type\":\"ListItem\",\"position\":1,\"name\":\"Portada\",\"item\":\"https:\\\/\\\/dudasytextos.com\\\/finanzas\\\/\"},{\"@type\":\"ListItem\",\"position\":2,\"name\":\"La pol\u00e9mica sobre qu\u00e9 hora deber\u00eda tener Espa\u00f1a: \u00bfAtrasar o adelantar el reloj?\"}]},{\"@type\":\"WebSite\",\"@id\":\"https:\\\/\\\/dudasytextos.com\\\/finanzas\\\/#website\",\"url\":\"https:\\\/\\\/dudasytextos.com\\\/finanzas\\\/\",\"name\":\"TARDECIT.COM\",\"description\":\"\",\"publisher\":{\"@id\":\"https:\\\/\\\/dudasytextos.com\\\/finanzas\\\/#organization\"},\"potentialAction\":[{\"@type\":\"SearchAction\",\"target\":{\"@type\":\"EntryPoint\",\"urlTemplate\":\"https:\\\/\\\/dudasytextos.com\\\/finanzas\\\/?s={search_term_string}\"},\"query-input\":{\"@type\":\"PropertyValueSpecification\",\"valueRequired\":true,\"valueName\":\"search_term_string\"}}],\"inLanguage\":\"es\"},{\"@type\":\"Organization\",\"@id\":\"https:\\\/\\\/dudasytextos.com\\\/finanzas\\\/#organization\",\"name\":\"TARDECIT.COM\",\"url\":\"https:\\\/\\\/dudasytextos.com\\\/finanzas\\\/\",\"logo\":{\"@type\":\"ImageObject\",\"inLanguage\":\"es\",\"@id\":\"https:\\\/\\\/dudasytextos.com\\\/finanzas\\\/#\\\/schema\\\/logo\\\/image\\\/\",\"url\":\"https:\\\/\\\/dudasytextos.com\\\/finanzas\\\/wp-content\\\/uploads\\\/2023\\\/10\\\/mediano.jpg\",\"contentUrl\":\"https:\\\/\\\/dudasytextos.com\\\/finanzas\\\/wp-content\\\/uploads\\\/2023\\\/10\\\/mediano.jpg\",\"width\":75,\"height\":75,\"caption\":\"TARDECIT.COM\"},\"image\":{\"@id\":\"https:\\\/\\\/dudasytextos.com\\\/finanzas\\\/#\\\/schema\\\/logo\\\/image\\\/\"}},{\"@type\":\"Person\",\"@id\":\"https:\\\/\\\/dudasytextos.com\\\/finanzas\\\/#\\\/schema\\\/person\\\/fb6ccd9f43b9c518802c61bc09cf23ff\",\"name\":\"Mar\u00eda Garc\u00eda Mart\u00ednez\",\"image\":{\"@type\":\"ImageObject\",\"inLanguage\":\"es\",\"@id\":\"https:\\\/\\\/secure.gravatar.com\\\/avatar\\\/a81248c0fa5700b777791576c7000b13dec582c2178e0d6198cafa21f8dfdede?s=96&d=mm&r=g\",\"url\":\"https:\\\/\\\/secure.gravatar.com\\\/avatar\\\/a81248c0fa5700b777791576c7000b13dec582c2178e0d6198cafa21f8dfdede?s=96&d=mm&r=g\",\"contentUrl\":\"https:\\\/\\\/secure.gravatar.com\\\/avatar\\\/a81248c0fa5700b777791576c7000b13dec582c2178e0d6198cafa21f8dfdede?s=96&d=mm&r=g\",\"caption\":\"Mar\u00eda Garc\u00eda Mart\u00ednez\"},\"description\":\"Soy experta en finanzas personales y asesoramiento financiero. Ayudo a las personas a tomar decisiones inteligentes con su dinero y a alcanzar sus metas financieras. A lo largo de mi carrera, he trabajado con clientes de diversas situaciones econ\u00f3micas y he brindado soluciones personalizadas para cada uno de ellos. Mi pasi\u00f3n por las finanzas me impulsa a compartir mi conocimiento a trav\u00e9s de mi blog, proporcionando consejos pr\u00e1cticos y estrategias efectivas para alcanzar la independencia financiera.\"}]}<\/script>\n<!-- \/ Yoast SEO plugin. -->","yoast_head_json":{"title":"La pol\u00e9mica sobre qu\u00e9 hora deber\u00eda tener Espa\u00f1a: \u00bfAtrasar o adelantar el reloj? [2026]","description":"\u27a4 La pol\u00e9mica sobre qu\u00e9 hora deber\u00eda tener Espa\u00f1a: \u00bfAtrasar o adelantar el reloj? \u261d Cuando un usuario busca la keyword \"qu\u00e9 hora deber\u00eda tener Espa\u00f1a\", es probable que est\u00e9 buscando informaci\u00f3n sobre la hora actual en Espa\u00f1a. Esta ... \u27a4","robots":{"index":"index","follow":"follow","max-snippet":"max-snippet:-1","max-image-preview":"max-image-preview:large","max-video-preview":"max-video-preview:-1"},"canonical":"https:\/\/dudasytextos.com\/finanzas\/espana\/que-hora-deberia-tener-espana\/","og_locale":"es_ES","og_type":"article","og_title":"La pol\u00e9mica sobre qu\u00e9 hora deber\u00eda tener Espa\u00f1a: \u00bfAtrasar o adelantar el reloj? [2026]","og_description":"\u27a4 La pol\u00e9mica sobre qu\u00e9 hora deber\u00eda tener Espa\u00f1a: \u00bfAtrasar o adelantar el reloj? \u261d Cuando un usuario busca la keyword \"qu\u00e9 hora deber\u00eda tener Espa\u00f1a\", es probable que est\u00e9 buscando informaci\u00f3n sobre la hora actual en Espa\u00f1a. Esta ... \u27a4","og_url":"https:\/\/dudasytextos.com\/finanzas\/espana\/que-hora-deberia-tener-espana\/","og_site_name":"TARDECIT.COM","article_published_time":"2025-11-03T09:03:07+00:00","article_modified_time":"2025-11-06T11:27:11+00:00","og_image":[{"width":480,"height":360,"url":"https:\/\/dudasytextos.com\/finanzas\/wp-content\/uploads\/2023\/10\/Xu3fya7vwjQ.jpg","type":"image\/jpeg"}],"author":"Mar\u00eda Garc\u00eda Mart\u00ednez","twitter_card":"summary_large_image","twitter_misc":{"Escrito por":"Mar\u00eda Garc\u00eda Mart\u00ednez","Tiempo de lectura":"6 minutos"},"schema":{"@context":"https:\/\/schema.org","@graph":[{"@type":"Article","@id":"https:\/\/dudasytextos.com\/finanzas\/espana\/que-hora-deberia-tener-espana\/#article","isPartOf":{"@id":"https:\/\/dudasytextos.com\/finanzas\/espana\/que-hora-deberia-tener-espana\/"},"author":{"name":"Mar\u00eda Garc\u00eda Mart\u00ednez","@id":"https:\/\/dudasytextos.com\/finanzas\/#\/schema\/person\/fb6ccd9f43b9c518802c61bc09cf23ff"},"headline":"La pol\u00e9mica sobre qu\u00e9 hora deber\u00eda tener Espa\u00f1a: \u00bfAtrasar o adelantar el reloj?","datePublished":"2025-11-03T09:03:07+00:00","dateModified":"2025-11-06T11:27:11+00:00","mainEntityOfPage":{"@id":"https:\/\/dudasytextos.com\/finanzas\/espana\/que-hora-deberia-tener-espana\/"},"wordCount":1180,"publisher":{"@id":"https:\/\/dudasytextos.com\/finanzas\/#organization"},"image":{"@id":"https:\/\/dudasytextos.com\/finanzas\/espana\/que-hora-deberia-tener-espana\/#primaryimage"},"thumbnailUrl":"https:\/\/dudasytextos.com\/finanzas\/wp-content\/uploads\/2023\/10\/Xu3fya7vwjQ.jpg","articleSection":["Espa\u00f1a"],"inLanguage":"es"},{"@type":"WebPage","@id":"https:\/\/dudasytextos.com\/finanzas\/espana\/que-hora-deberia-tener-espana\/","url":"https:\/\/dudasytextos.com\/finanzas\/espana\/que-hora-deberia-tener-espana\/","name":"La pol\u00e9mica sobre qu\u00e9 hora deber\u00eda tener Espa\u00f1a: \u00bfAtrasar o adelantar el reloj? [2026]","isPartOf":{"@id":"https:\/\/dudasytextos.com\/finanzas\/#website"},"primaryImageOfPage":{"@id":"https:\/\/dudasytextos.com\/finanzas\/espana\/que-hora-deberia-tener-espana\/#primaryimage"},"image":{"@id":"https:\/\/dudasytextos.com\/finanzas\/espana\/que-hora-deberia-tener-espana\/#primaryimage"},"thumbnailUrl":"https:\/\/dudasytextos.com\/finanzas\/wp-content\/uploads\/2023\/10\/Xu3fya7vwjQ.jpg","datePublished":"2025-11-03T09:03:07+00:00","dateModified":"2025-11-06T11:27:11+00:00","description":"\u27a4 La pol\u00e9mica sobre qu\u00e9 hora deber\u00eda tener Espa\u00f1a: \u00bfAtrasar o adelantar el reloj? \u261d Cuando un usuario busca la keyword \"qu\u00e9 hora deber\u00eda tener Espa\u00f1a\", es probable que est\u00e9 buscando informaci\u00f3n sobre la hora actual en Espa\u00f1a. Esta ... \u27a4","breadcrumb":{"@id":"https:\/\/dudasytextos.com\/finanzas\/espana\/que-hora-deberia-tener-espana\/#breadcrumb"},"inLanguage":"es","potentialAction":[{"@type":"ReadAction","target":["https:\/\/dudasytextos.com\/finanzas\/espana\/que-hora-deberia-tener-espana\/"]}]},{"@type":"ImageObject","inLanguage":"es","@id":"https:\/\/dudasytextos.com\/finanzas\/espana\/que-hora-deberia-tener-espana\/#primaryimage","url":"https:\/\/dudasytextos.com\/finanzas\/wp-content\/uploads\/2023\/10\/Xu3fya7vwjQ.jpg","contentUrl":"https:\/\/dudasytextos.com\/finanzas\/wp-content\/uploads\/2023\/10\/Xu3fya7vwjQ.jpg","width":480,"height":360},{"@type":"BreadcrumbList","@id":"https:\/\/dudasytextos.com\/finanzas\/espana\/que-hora-deberia-tener-espana\/#breadcrumb","itemListElement":[{"@type":"ListItem","position":1,"name":"Portada","item":"https:\/\/dudasytextos.com\/finanzas\/"},{"@type":"ListItem","position":2,"name":"La pol\u00e9mica sobre qu\u00e9 hora deber\u00eda tener Espa\u00f1a: \u00bfAtrasar o adelantar el reloj?"}]},{"@type":"WebSite","@id":"https:\/\/dudasytextos.com\/finanzas\/#website","url":"https:\/\/dudasytextos.com\/finanzas\/","name":"TARDECIT.COM","description":"","publisher":{"@id":"https:\/\/dudasytextos.com\/finanzas\/#organization"},"potentialAction":[{"@type":"SearchAction","target":{"@type":"EntryPoint","urlTemplate":"https:\/\/dudasytextos.com\/finanzas\/?s={search_term_string}"},"query-input":{"@type":"PropertyValueSpecification","valueRequired":true,"valueName":"search_term_string"}}],"inLanguage":"es"},{"@type":"Organization","@id":"https:\/\/dudasytextos.com\/finanzas\/#organization","name":"TARDECIT.COM","url":"https:\/\/dudasytextos.com\/finanzas\/","logo":{"@type":"ImageObject","inLanguage":"es","@id":"https:\/\/dudasytextos.com\/finanzas\/#\/schema\/logo\/image\/","url":"https:\/\/dudasytextos.com\/finanzas\/wp-content\/uploads\/2023\/10\/mediano.jpg","contentUrl":"https:\/\/dudasytextos.com\/finanzas\/wp-content\/uploads\/2023\/10\/mediano.jpg","width":75,"height":75,"caption":"TARDECIT.COM"},"image":{"@id":"https:\/\/dudasytextos.com\/finanzas\/#\/schema\/logo\/image\/"}},{"@type":"Person","@id":"https:\/\/dudasytextos.com\/finanzas\/#\/schema\/person\/fb6ccd9f43b9c518802c61bc09cf23ff","name":"Mar\u00eda Garc\u00eda Mart\u00ednez","image":{"@type":"ImageObject","inLanguage":"es","@id":"https:\/\/secure.gravatar.com\/avatar\/a81248c0fa5700b777791576c7000b13dec582c2178e0d6198cafa21f8dfdede?s=96&d=mm&r=g","url":"https:\/\/secure.gravatar.com\/avatar\/a81248c0fa5700b777791576c7000b13dec582c2178e0d6198cafa21f8dfdede?s=96&d=mm&r=g","contentUrl":"https:\/\/secure.gravatar.com\/avatar\/a81248c0fa5700b777791576c7000b13dec582c2178e0d6198cafa21f8dfdede?s=96&d=mm&r=g","caption":"Mar\u00eda Garc\u00eda Mart\u00ednez"},"description":"Soy experta en finanzas personales y asesoramiento financiero. Ayudo a las personas a tomar decisiones inteligentes con su dinero y a alcanzar sus metas financieras. A lo largo de mi carrera, he trabajado con clientes de diversas situaciones econ\u00f3micas y he brindado soluciones personalizadas para cada uno de ellos. Mi pasi\u00f3n por las finanzas me impulsa a compartir mi conocimiento a trav\u00e9s de mi blog, proporcionando consejos pr\u00e1cticos y estrategias efectivas para alcanzar la independencia financiera."}]}},"_links":{"self":[{"href":"https:\/\/dudasytextos.com\/finanzas\/wp-json\/wp\/v2\/posts\/781","targetHints":{"allow":["GET"]}}],"collection":[{"href":"https:\/\/dudasytextos.com\/finanzas\/wp-json\/wp\/v2\/posts"}],"about":[{"href":"https:\/\/dudasytextos.com\/finanzas\/wp-json\/wp\/v2\/types\/post"}],"author":[{"embeddable":true,"href":"https:\/\/dudasytextos.com\/finanzas\/wp-json\/wp\/v2\/users\/2"}],"replies":[{"embeddable":true,"href":"https:\/\/dudasytextos.com\/finanzas\/wp-json\/wp\/v2\/comments?post=781"}],"version-history":[{"count":0,"href":"https:\/\/dudasytextos.com\/finanzas\/wp-json\/wp\/v2\/posts\/781\/revisions"}],"wp:featuredmedia":[{"embeddable":true,"href":"https:\/\/dudasytextos.com\/finanzas\/wp-json\/wp\/v2\/media\/782"}],"wp:attachment":[{"href":"https:\/\/dudasytextos.com\/finanzas\/wp-json\/wp\/v2\/media?parent=781"}],"wp:term":[{"taxonomy":"category","embeddable":true,"href":"https:\/\/dudasytextos.com\/finanzas\/wp-json\/wp\/v2\/categories?post=781"},{"taxonomy":"post_tag","embeddable":true,"href":"https:\/\/dudasytextos.com\/finanzas\/wp-json\/wp\/v2\/tags?post=781"}],"curies":[{"name":"wp","href":"https:\/\/api.w.org\/{rel}","templated":true}]}}