{"id":16274,"date":"2025-10-10T08:44:06","date_gmt":"2025-10-10T07:44:06","guid":{"rendered":"https:\/\/militaryarsenal.es\/blog\/prevencion-de-la-violencia-armada\/"},"modified":"2025-11-06T12:30:00","modified_gmt":"2025-11-06T11:30:00","slug":"prevencion-de-la-violencia-armada","status":"publish","type":"post","link":"https:\/\/dudasytextos.com\/militar\/prevencion\/prevencion-de-la-violencia-armada\/","title":{"rendered":"Prevenci\u00f3n de la Violencia Armada: Estrategias Efectivas"},"content":{"rendered":"<p>En la actualidad, la prevenci\u00f3n de la violencia armada se ha convertido en una prioridad global. Ante el aumento de la violencia y el impacto devastador que tiene en las comunidades, es fundamental implementar estrategias efectivas para prevenir y reducir este tipo de violencia. En este art\u00edculo, exploraremos diferentes enfoques y medidas que se pueden tomar para promover la prevenci\u00f3n de la violencia armada y construir un mundo m\u00e1s seguro y pac\u00edfico para todos.<\/p>\n<div style=\"float: none;clear: both;width: 100%;position: relative;padding-bottom: 68%;padding-top: 25px;height: 0;\"><iframe style=\"position: absolute; top: 0; left: 0; width: 100%;height: 100%;\" src=\"https:\/\/www.youtube.com\/embed\/46HmfugFnwk\" frameborder=\"0\" allowfullscreen=\"allowfullscreen\"><\/iframe><\/div>\n<p><\/p>\n<h2>\u00bfQu\u00e9 es la prevenci\u00f3n de la violencia armada?<\/h2>\n<p>La prevenci\u00f3n de la violencia armada se refiere a las medidas y acciones destinadas a evitar que las armas de fuego caigan en manos equivocadas y se utilicen para cometer actos violentos. Esto incluye el abogar en contra de leyes que buscan aumentar la presencia de armas en la sociedad, especialmente en lugares p\u00fablicos como escuelas, iglesias, aeropuertos y otros lugares.<\/p>\n<p>Adem\u00e1s, la prevenci\u00f3n de la violencia armada busca promover la conciencia sobre el uso responsable de las armas de fuego y la importancia de mantenerlas fuera del alcance de ni\u00f1os y personas con antecedentes de violencia o enfermedades mentales. Tambi\u00e9n implica trabajar en la educaci\u00f3n y la promoci\u00f3n de alternativas pac\u00edficas para resolver conflictos, as\u00ed como en la implementaci\u00f3n de leyes m\u00e1s estrictas para el control y la regulaci\u00f3n de la posesi\u00f3n y el uso de armas de fuego.<\/p>\n<p>En resumen, la prevenci\u00f3n de la violencia armada es un conjunto de acciones que buscan reducir la incidencia de actos violentos perpetrados con armas de fuego, a trav\u00e9s de la promoci\u00f3n de leyes m\u00e1s estrictas, la educaci\u00f3n sobre el uso responsable de las armas y la promoci\u00f3n de alternativas pac\u00edficas para resolver conflictos.<\/p>\n<h2>\u00bfQu\u00e9 es la violencia armada?<\/h2>\n<p>La violencia armada es el t\u00e9rmino ampliamente utilizado para describir el uso o amenaza de armas con el fin de causar da\u00f1o f\u00edsico, muerte o da\u00f1o psicol\u00f3gico. Seg\u00fan la OCDE (2011), este tipo de violencia no se limita \u00fanicamente al uso de armas de fuego, sino que abarca cualquier tipo de arma.<\/p>\n<h2>\u00bfC\u00f3mo prevenir la violencia?<\/h2>\n<p>La prevenci\u00f3n de la violencia es crucial para crear un mundo m\u00e1s seguro y equitativo. Es necesario un compromiso pol\u00edtico y la aplicaci\u00f3n de leyes que promuevan la igualdad de g\u00e9nero. Tambi\u00e9n es fundamental invertir en organizaciones que apoyen a las mujeres y abordar las diversas formas de discriminaci\u00f3n que enfrentan a diario.<\/p>\n<p>Adem\u00e1s, es importante educar a la sociedad sobre la violencia de g\u00e9nero y promover la igualdad en todos los \u00e1mbitos. La prevenci\u00f3n tambi\u00e9n implica empoderar a las mujeres y brindarles recursos para que puedan protegerse a s\u00ed mismas. Esto puede incluir programas de apoyo psicol\u00f3gico, asesoramiento legal y acceso a refugios seguros.<\/p>\n<p>La prevenci\u00f3n de la violencia requiere un enfoque integral que aborde las causas subyacentes y promueva un cambio cultural. Es necesario trabajar en conjunto para crear un entorno en el que todas las personas, independientemente de su g\u00e9nero, se sientan seguras y respetadas.<\/p>\n<h2>Det\u00e9n la violencia antes de que comience<\/h2>\n<p>Det\u00e9n la violencia antes de que comience. La prevenci\u00f3n es clave para evitar conflictos y promover la paz en nuestra sociedad. A trav\u00e9s de la educaci\u00f3n, la concienciaci\u00f3n y el di\u00e1logo, podemos construir un mundo m\u00e1s seguro y armonioso para todos. \u00a1Actuemos juntos para detener la violencia antes de que sea demasiado tarde!<\/p>\n<h2>Un enfoque innovador para la seguridad comunitaria<\/h2>\n<p>Descubre nuestra innovadora estrategia para mejorar la seguridad en tu comunidad. Nuestro enfoque se centra en la colaboraci\u00f3n entre vecinos, el uso de tecnolog\u00eda de vanguardia y la implementaci\u00f3n de programas de prevenci\u00f3n del delito. Con nuestra propuesta, podr\u00e1s sentirte m\u00e1s seguro en tu barrio y contribuir activamente a la protecci\u00f3n de tu entorno.<\/p>\n<p>Nuestra metodolog\u00eda revolucionaria busca empoderar a los residentes para que se conviertan en agentes activos de seguridad. A trav\u00e9s de la formaci\u00f3n en t\u00e9cnicas de autoprotecci\u00f3n y la creaci\u00f3n de redes de apoyo, promovemos un ambiente comunitario m\u00e1s seguro y solidario. \u00a1\u00danete a nosotros y juntos construyamos un futuro m\u00e1s seguro para todos!<\/p>\n<h2>Estrategias probadas para prevenir la violencia<\/h2>\n<p>La violencia es un problema grave que afecta a muchas comunidades en todo el mundo. Sin embargo, existen estrategias probadas que pueden ayudar a prevenirla. Una de ellas es fomentar la educaci\u00f3n y concienciaci\u00f3n sobre el tema desde una edad temprana, ense\u00f1ando a los j\u00f3venes a resolver conflictos de manera pac\u00edfica y a respetar a los dem\u00e1s. Otra estrategia efectiva es promover la igualdad de g\u00e9nero y combatir la discriminaci\u00f3n, ya que la violencia de g\u00e9nero es una de las formas m\u00e1s comunes de violencia en nuestra sociedad.<\/p>\n<p>Adem\u00e1s, es fundamental trabajar en la prevenci\u00f3n de la violencia a trav\u00e9s de pol\u00edticas p\u00fablicas y programas de intervenci\u00f3n comunitaria. Estas iniciativas pueden incluir la creaci\u00f3n de espacios seguros y accesibles para las v\u00edctimas, as\u00ed como la implementaci\u00f3n de campa\u00f1as de sensibilizaci\u00f3n y prevenci\u00f3n en colaboraci\u00f3n con organizaciones locales. Asimismo, es importante involucrar a toda la sociedad en la lucha contra la violencia, fomentando la participaci\u00f3n activa de la ciudadan\u00eda en la denuncia de situaciones de violencia y en la promoci\u00f3n de una cultura de paz y respeto.<\/p>\n<p>En resumen, la prevenci\u00f3n de la violencia requiere un enfoque integral y coordinado que abarque desde la educaci\u00f3n y concienciaci\u00f3n hasta la implementaci\u00f3n de pol\u00edticas p\u00fablicas efectivas. Al trabajar juntos y adoptar estrategias probadas, podemos crear comunidades m\u00e1s seguras y libres de violencia. Juntos, podemos hacer la diferencia y construir un mundo donde la violencia sea cosa del pasado. \u00a1No esperes m\u00e1s, \u00fanete a la lucha contra la violencia!<\/p>\n<h2>Un llamado a la acci\u00f3n contra la violencia armada<\/h2>\n<p>La violencia armada es un problema que afecta a comunidades de todo el mundo, cobrando vidas inocentes y sembrando el miedo en la sociedad. Es hora de tomar medidas concretas para poner fin a esta tragedia. Debemos unirnos como sociedad y exigir un cambio en las pol\u00edticas de control de armas, as\u00ed como promover la educaci\u00f3n y concienciaci\u00f3n sobre el uso responsable de las mismas. Es necesario un llamado a la acci\u00f3n contra la violencia armada, para proteger a nuestras familias y garantizar un futuro seguro para las generaciones venideras.<\/p>\n<p>Cada persona tiene el poder de marcar la diferencia en la lucha contra la violencia armada. Desde apoyar organizaciones que abogan por un mayor control de armas, hasta educar a nuestros hijos sobre los peligros de la violencia, todos podemos contribuir a construir un mundo m\u00e1s pac\u00edfico y seguro. Es momento de alzar la voz y exigir un cambio real en nuestras comunidades y en nuestras leyes. Juntos, podemos trabajar para erradicar la violencia armada y crear un futuro donde reine la paz y la armon\u00eda. \u00a1\u00danete al llamado a la acci\u00f3n contra la violencia armada y se parte del cambio que queremos ver en el mundo!<\/p>\n<div style=\"float: none;clear: both;width: 100%;position: relative;padding-bottom: 68%;padding-top: 25px;height: 0;\"><iframe style=\"position: absolute; top: 0; left: 0; width: 100%;height: 100%;\" src=\"https:\/\/www.youtube.com\/embed\/dKWWbd4UWfg\" frameborder=\"0\" allowfullscreen=\"allowfullscreen\"><\/iframe><\/div>\n<p><\/p>\n<p>En resumen, la prevenci\u00f3n de la violencia armada es crucial para garantizar la seguridad y el bienestar de las comunidades. A trav\u00e9s de estrategias efectivas de control de armas, apoyo a programas de intervenci\u00f3n temprana y promoci\u00f3n de la educaci\u00f3n y el di\u00e1logo, podemos trabajar juntos para crear entornos m\u00e1s seguros y pac\u00edficos para todos. Es fundamental que gobiernos, organizaciones y la sociedad en su conjunto se comprometan a tomar medidas concretas para abordar este problema y construir un futuro m\u00e1s seguro para las generaciones venideras.<\/p>\n","protected":false},"excerpt":{"rendered":"<p>En la actualidad, la prevenci\u00f3n de la violencia armada se ha convertido en una prioridad global. Ante el aumento de la violencia y el impacto devastador que tiene en las comunidades, es fundamental implementar estrategias efectivas para prevenir y reducir este tipo de violencia. En este art\u00edculo, exploraremos diferentes enfoques y medidas que se pueden &#8230; <a title=\"Prevenci\u00f3n de la Violencia Armada: Estrategias Efectivas\" class=\"read-more\" href=\"https:\/\/dudasytextos.com\/militar\/prevencion\/prevencion-de-la-violencia-armada\/\" aria-label=\"M\u00e1s en Prevenci\u00f3n de la Violencia Armada: Estrategias Efectivas\">Leer m\u00e1s<\/a><\/p>\n","protected":false},"author":1,"featured_media":16275,"comment_status":"closed","ping_status":"closed","sticky":false,"template":"","format":"standard","meta":{"footnotes":""},"categories":[87],"tags":[],"class_list":["post-16274","post","type-post","status-publish","format-standard","has-post-thumbnail","hentry","category-prevencion"],"yoast_head":"<!-- This site is optimized with the Yoast SEO plugin v28.4 - https:\/\/yoast.com\/product\/yoast-seo-wordpress\/ -->\n<title>\u25b7 Prevenci\u00f3n de la Violencia Armada: Estrategias Efectivas [2026]<\/title>\n<meta name=\"description\" content=\"\u27a4 Prevenci\u00f3n de la Violencia Armada: Estrategias Efectivas \u261d En la actualidad, la prevenci\u00f3n de la violencia armada se ha convertido en una prioridad global. Ante el aumento de la violencia y el impacto devastador ... \u27a4\" \/>\n<meta name=\"robots\" content=\"index, follow, max-snippet:-1, max-image-preview:large, max-video-preview:-1\" \/>\n<link rel=\"canonical\" href=\"https:\/\/dudasytextos.com\/militar\/prevencion\/prevencion-de-la-violencia-armada\/\" \/>\n<meta property=\"og:locale\" content=\"es_ES\" \/>\n<meta property=\"og:type\" content=\"article\" \/>\n<meta property=\"og:title\" content=\"\u25b7 Prevenci\u00f3n de la Violencia Armada: Estrategias Efectivas [2026]\" \/>\n<meta property=\"og:description\" content=\"\u27a4 Prevenci\u00f3n de la Violencia Armada: Estrategias Efectivas \u261d En la actualidad, la prevenci\u00f3n de la violencia armada se ha convertido en una prioridad global. Ante el aumento de la violencia y el impacto devastador ... \u27a4\" \/>\n<meta property=\"og:url\" content=\"https:\/\/dudasytextos.com\/militar\/prevencion\/prevencion-de-la-violencia-armada\/\" \/>\n<meta property=\"og:site_name\" content=\"Militar y Arsenal\" \/>\n<meta property=\"article:published_time\" content=\"2025-10-10T07:44:06+00:00\" \/>\n<meta property=\"article:modified_time\" content=\"2025-11-06T11:30:00+00:00\" \/>\n<meta property=\"og:image\" content=\"https:\/\/dudasytextos.com\/militar\/wp-content\/uploads\/2024\/02\/46HmfugFnwk.jpg\" \/>\n\t<meta property=\"og:image:width\" content=\"480\" \/>\n\t<meta property=\"og:image:height\" content=\"360\" \/>\n\t<meta property=\"og:image:type\" content=\"image\/jpeg\" \/>\n<meta name=\"author\" content=\"Manuel G\u00f3mez Sanchez\" \/>\n<meta name=\"twitter:card\" content=\"summary_large_image\" \/>\n<meta name=\"twitter:label1\" content=\"Escrito por\" \/>\n\t<meta name=\"twitter:data1\" content=\"Manuel G\u00f3mez Sanchez\" \/>\n\t<meta name=\"twitter:label2\" content=\"Tiempo de lectura\" \/>\n\t<meta name=\"twitter:data2\" content=\"7 minutos\" \/>\n<script type=\"application\/ld+json\" class=\"yoast-schema-graph\">{\"@context\":\"https:\\\/\\\/schema.org\",\"@graph\":[{\"@type\":\"Article\",\"@id\":\"https:\\\/\\\/dudasytextos.com\\\/militar\\\/prevencion\\\/prevencion-de-la-violencia-armada\\\/#article\",\"isPartOf\":{\"@id\":\"https:\\\/\\\/dudasytextos.com\\\/militar\\\/prevencion\\\/prevencion-de-la-violencia-armada\\\/\"},\"author\":{\"name\":\"Manuel G\u00f3mez Sanchez\",\"@id\":\"https:\\\/\\\/dudasytextos.com\\\/militar\\\/#\\\/schema\\\/person\\\/f29046a17154b6ebbc91e58a1e906222\"},\"headline\":\"Prevenci\u00f3n de la Violencia Armada: Estrategias Efectivas\",\"datePublished\":\"2025-10-10T07:44:06+00:00\",\"dateModified\":\"2025-11-06T11:30:00+00:00\",\"mainEntityOfPage\":{\"@id\":\"https:\\\/\\\/dudasytextos.com\\\/militar\\\/prevencion\\\/prevencion-de-la-violencia-armada\\\/\"},\"wordCount\":1330,\"image\":{\"@id\":\"https:\\\/\\\/dudasytextos.com\\\/militar\\\/prevencion\\\/prevencion-de-la-violencia-armada\\\/#primaryimage\"},\"thumbnailUrl\":\"https:\\\/\\\/dudasytextos.com\\\/militar\\\/wp-content\\\/uploads\\\/2024\\\/02\\\/46HmfugFnwk.jpg\",\"articleSection\":[\"Prevenci\u00f3n\"],\"inLanguage\":\"es\"},{\"@type\":\"WebPage\",\"@id\":\"https:\\\/\\\/dudasytextos.com\\\/militar\\\/prevencion\\\/prevencion-de-la-violencia-armada\\\/\",\"url\":\"https:\\\/\\\/dudasytextos.com\\\/militar\\\/prevencion\\\/prevencion-de-la-violencia-armada\\\/\",\"name\":\"\u25b7 Prevenci\u00f3n de la Violencia Armada: Estrategias Efectivas [2026]\",\"isPartOf\":{\"@id\":\"https:\\\/\\\/dudasytextos.com\\\/militar\\\/#website\"},\"primaryImageOfPage\":{\"@id\":\"https:\\\/\\\/dudasytextos.com\\\/militar\\\/prevencion\\\/prevencion-de-la-violencia-armada\\\/#primaryimage\"},\"image\":{\"@id\":\"https:\\\/\\\/dudasytextos.com\\\/militar\\\/prevencion\\\/prevencion-de-la-violencia-armada\\\/#primaryimage\"},\"thumbnailUrl\":\"https:\\\/\\\/dudasytextos.com\\\/militar\\\/wp-content\\\/uploads\\\/2024\\\/02\\\/46HmfugFnwk.jpg\",\"datePublished\":\"2025-10-10T07:44:06+00:00\",\"dateModified\":\"2025-11-06T11:30:00+00:00\",\"author\":{\"@id\":\"https:\\\/\\\/dudasytextos.com\\\/militar\\\/#\\\/schema\\\/person\\\/f29046a17154b6ebbc91e58a1e906222\"},\"description\":\"\u27a4 Prevenci\u00f3n de la Violencia Armada: Estrategias Efectivas \u261d En la actualidad, la prevenci\u00f3n de la violencia armada se ha convertido en una prioridad global. Ante el aumento de la violencia y el impacto devastador ... \u27a4\",\"breadcrumb\":{\"@id\":\"https:\\\/\\\/dudasytextos.com\\\/militar\\\/prevencion\\\/prevencion-de-la-violencia-armada\\\/#breadcrumb\"},\"inLanguage\":\"es\",\"potentialAction\":[{\"@type\":\"ReadAction\",\"target\":[\"https:\\\/\\\/dudasytextos.com\\\/militar\\\/prevencion\\\/prevencion-de-la-violencia-armada\\\/\"]}]},{\"@type\":\"ImageObject\",\"inLanguage\":\"es\",\"@id\":\"https:\\\/\\\/dudasytextos.com\\\/militar\\\/prevencion\\\/prevencion-de-la-violencia-armada\\\/#primaryimage\",\"url\":\"https:\\\/\\\/dudasytextos.com\\\/militar\\\/wp-content\\\/uploads\\\/2024\\\/02\\\/46HmfugFnwk.jpg\",\"contentUrl\":\"https:\\\/\\\/dudasytextos.com\\\/militar\\\/wp-content\\\/uploads\\\/2024\\\/02\\\/46HmfugFnwk.jpg\",\"width\":480,\"height\":360},{\"@type\":\"BreadcrumbList\",\"@id\":\"https:\\\/\\\/dudasytextos.com\\\/militar\\\/prevencion\\\/prevencion-de-la-violencia-armada\\\/#breadcrumb\",\"itemListElement\":[{\"@type\":\"ListItem\",\"position\":1,\"name\":\"Portada\",\"item\":\"https:\\\/\\\/dudasytextos.com\\\/militar\\\/\"},{\"@type\":\"ListItem\",\"position\":2,\"name\":\"Prevenci\u00f3n de la Violencia Armada: Estrategias Efectivas\"}]},{\"@type\":\"WebSite\",\"@id\":\"https:\\\/\\\/dudasytextos.com\\\/militar\\\/#website\",\"url\":\"https:\\\/\\\/dudasytextos.com\\\/militar\\\/\",\"name\":\"Militar y Arsenal\",\"description\":\"\",\"potentialAction\":[{\"@type\":\"SearchAction\",\"target\":{\"@type\":\"EntryPoint\",\"urlTemplate\":\"https:\\\/\\\/dudasytextos.com\\\/militar\\\/?s={search_term_string}\"},\"query-input\":{\"@type\":\"PropertyValueSpecification\",\"valueRequired\":true,\"valueName\":\"search_term_string\"}}],\"inLanguage\":\"es\"},{\"@type\":\"Person\",\"@id\":\"https:\\\/\\\/dudasytextos.com\\\/militar\\\/#\\\/schema\\\/person\\\/f29046a17154b6ebbc91e58a1e906222\",\"name\":\"Manuel G\u00f3mez Sanchez\",\"image\":{\"@type\":\"ImageObject\",\"inLanguage\":\"es\",\"@id\":\"https:\\\/\\\/secure.gravatar.com\\\/avatar\\\/b393c706812620f04315ff068fb5ec13d8d45aa77b88079cbac281f48db2e672?s=96&d=mm&r=g\",\"url\":\"https:\\\/\\\/secure.gravatar.com\\\/avatar\\\/b393c706812620f04315ff068fb5ec13d8d45aa77b88079cbac281f48db2e672?s=96&d=mm&r=g\",\"contentUrl\":\"https:\\\/\\\/secure.gravatar.com\\\/avatar\\\/b393c706812620f04315ff068fb5ec13d8d45aa77b88079cbac281f48db2e672?s=96&d=mm&r=g\",\"caption\":\"Manuel G\u00f3mez Sanchez\"},\"description\":\"Soy un apasionado militar con m\u00e1s de 10 a\u00f1os de experiencia en el campo. He servido en varias misiones internacionales y he adquirido habilidades en liderazgo, estrategia y trabajo en equipo. Mi objetivo con mi blog es compartir mis conocimientos y experiencias en el \u00e1mbito militar, as\u00ed como proporcionar consejos y recursos para aquellos interesados en seguir una carrera en las fuerzas armadas.\",\"sameAs\":[\"https:\\\/\\\/dudasytextos.com\\\/militar\"]}]}<\/script>\n<!-- \/ Yoast SEO plugin. -->","yoast_head_json":{"title":"\u25b7 Prevenci\u00f3n de la Violencia Armada: Estrategias Efectivas [2026]","description":"\u27a4 Prevenci\u00f3n de la Violencia Armada: Estrategias Efectivas \u261d En la actualidad, la prevenci\u00f3n de la violencia armada se ha convertido en una prioridad global. Ante el aumento de la violencia y el impacto devastador ... \u27a4","robots":{"index":"index","follow":"follow","max-snippet":"max-snippet:-1","max-image-preview":"max-image-preview:large","max-video-preview":"max-video-preview:-1"},"canonical":"https:\/\/dudasytextos.com\/militar\/prevencion\/prevencion-de-la-violencia-armada\/","og_locale":"es_ES","og_type":"article","og_title":"\u25b7 Prevenci\u00f3n de la Violencia Armada: Estrategias Efectivas [2026]","og_description":"\u27a4 Prevenci\u00f3n de la Violencia Armada: Estrategias Efectivas \u261d En la actualidad, la prevenci\u00f3n de la violencia armada se ha convertido en una prioridad global. Ante el aumento de la violencia y el impacto devastador ... \u27a4","og_url":"https:\/\/dudasytextos.com\/militar\/prevencion\/prevencion-de-la-violencia-armada\/","og_site_name":"Militar y Arsenal","article_published_time":"2025-10-10T07:44:06+00:00","article_modified_time":"2025-11-06T11:30:00+00:00","og_image":[{"width":480,"height":360,"url":"https:\/\/dudasytextos.com\/militar\/wp-content\/uploads\/2024\/02\/46HmfugFnwk.jpg","type":"image\/jpeg"}],"author":"Manuel G\u00f3mez Sanchez","twitter_card":"summary_large_image","twitter_misc":{"Escrito por":"Manuel G\u00f3mez Sanchez","Tiempo de lectura":"7 minutos"},"schema":{"@context":"https:\/\/schema.org","@graph":[{"@type":"Article","@id":"https:\/\/dudasytextos.com\/militar\/prevencion\/prevencion-de-la-violencia-armada\/#article","isPartOf":{"@id":"https:\/\/dudasytextos.com\/militar\/prevencion\/prevencion-de-la-violencia-armada\/"},"author":{"name":"Manuel G\u00f3mez Sanchez","@id":"https:\/\/dudasytextos.com\/militar\/#\/schema\/person\/f29046a17154b6ebbc91e58a1e906222"},"headline":"Prevenci\u00f3n de la Violencia Armada: Estrategias Efectivas","datePublished":"2025-10-10T07:44:06+00:00","dateModified":"2025-11-06T11:30:00+00:00","mainEntityOfPage":{"@id":"https:\/\/dudasytextos.com\/militar\/prevencion\/prevencion-de-la-violencia-armada\/"},"wordCount":1330,"image":{"@id":"https:\/\/dudasytextos.com\/militar\/prevencion\/prevencion-de-la-violencia-armada\/#primaryimage"},"thumbnailUrl":"https:\/\/dudasytextos.com\/militar\/wp-content\/uploads\/2024\/02\/46HmfugFnwk.jpg","articleSection":["Prevenci\u00f3n"],"inLanguage":"es"},{"@type":"WebPage","@id":"https:\/\/dudasytextos.com\/militar\/prevencion\/prevencion-de-la-violencia-armada\/","url":"https:\/\/dudasytextos.com\/militar\/prevencion\/prevencion-de-la-violencia-armada\/","name":"\u25b7 Prevenci\u00f3n de la Violencia Armada: Estrategias Efectivas [2026]","isPartOf":{"@id":"https:\/\/dudasytextos.com\/militar\/#website"},"primaryImageOfPage":{"@id":"https:\/\/dudasytextos.com\/militar\/prevencion\/prevencion-de-la-violencia-armada\/#primaryimage"},"image":{"@id":"https:\/\/dudasytextos.com\/militar\/prevencion\/prevencion-de-la-violencia-armada\/#primaryimage"},"thumbnailUrl":"https:\/\/dudasytextos.com\/militar\/wp-content\/uploads\/2024\/02\/46HmfugFnwk.jpg","datePublished":"2025-10-10T07:44:06+00:00","dateModified":"2025-11-06T11:30:00+00:00","author":{"@id":"https:\/\/dudasytextos.com\/militar\/#\/schema\/person\/f29046a17154b6ebbc91e58a1e906222"},"description":"\u27a4 Prevenci\u00f3n de la Violencia Armada: Estrategias Efectivas \u261d En la actualidad, la prevenci\u00f3n de la violencia armada se ha convertido en una prioridad global. Ante el aumento de la violencia y el impacto devastador ... \u27a4","breadcrumb":{"@id":"https:\/\/dudasytextos.com\/militar\/prevencion\/prevencion-de-la-violencia-armada\/#breadcrumb"},"inLanguage":"es","potentialAction":[{"@type":"ReadAction","target":["https:\/\/dudasytextos.com\/militar\/prevencion\/prevencion-de-la-violencia-armada\/"]}]},{"@type":"ImageObject","inLanguage":"es","@id":"https:\/\/dudasytextos.com\/militar\/prevencion\/prevencion-de-la-violencia-armada\/#primaryimage","url":"https:\/\/dudasytextos.com\/militar\/wp-content\/uploads\/2024\/02\/46HmfugFnwk.jpg","contentUrl":"https:\/\/dudasytextos.com\/militar\/wp-content\/uploads\/2024\/02\/46HmfugFnwk.jpg","width":480,"height":360},{"@type":"BreadcrumbList","@id":"https:\/\/dudasytextos.com\/militar\/prevencion\/prevencion-de-la-violencia-armada\/#breadcrumb","itemListElement":[{"@type":"ListItem","position":1,"name":"Portada","item":"https:\/\/dudasytextos.com\/militar\/"},{"@type":"ListItem","position":2,"name":"Prevenci\u00f3n de la Violencia Armada: Estrategias Efectivas"}]},{"@type":"WebSite","@id":"https:\/\/dudasytextos.com\/militar\/#website","url":"https:\/\/dudasytextos.com\/militar\/","name":"Militar y Arsenal","description":"","potentialAction":[{"@type":"SearchAction","target":{"@type":"EntryPoint","urlTemplate":"https:\/\/dudasytextos.com\/militar\/?s={search_term_string}"},"query-input":{"@type":"PropertyValueSpecification","valueRequired":true,"valueName":"search_term_string"}}],"inLanguage":"es"},{"@type":"Person","@id":"https:\/\/dudasytextos.com\/militar\/#\/schema\/person\/f29046a17154b6ebbc91e58a1e906222","name":"Manuel G\u00f3mez Sanchez","image":{"@type":"ImageObject","inLanguage":"es","@id":"https:\/\/secure.gravatar.com\/avatar\/b393c706812620f04315ff068fb5ec13d8d45aa77b88079cbac281f48db2e672?s=96&d=mm&r=g","url":"https:\/\/secure.gravatar.com\/avatar\/b393c706812620f04315ff068fb5ec13d8d45aa77b88079cbac281f48db2e672?s=96&d=mm&r=g","contentUrl":"https:\/\/secure.gravatar.com\/avatar\/b393c706812620f04315ff068fb5ec13d8d45aa77b88079cbac281f48db2e672?s=96&d=mm&r=g","caption":"Manuel G\u00f3mez Sanchez"},"description":"Soy un apasionado militar con m\u00e1s de 10 a\u00f1os de experiencia en el campo. He servido en varias misiones internacionales y he adquirido habilidades en liderazgo, estrategia y trabajo en equipo. Mi objetivo con mi blog es compartir mis conocimientos y experiencias en el \u00e1mbito militar, as\u00ed como proporcionar consejos y recursos para aquellos interesados en seguir una carrera en las fuerzas armadas.","sameAs":["https:\/\/dudasytextos.com\/militar"]}]}},"_links":{"self":[{"href":"https:\/\/dudasytextos.com\/militar\/wp-json\/wp\/v2\/posts\/16274","targetHints":{"allow":["GET"]}}],"collection":[{"href":"https:\/\/dudasytextos.com\/militar\/wp-json\/wp\/v2\/posts"}],"about":[{"href":"https:\/\/dudasytextos.com\/militar\/wp-json\/wp\/v2\/types\/post"}],"author":[{"embeddable":true,"href":"https:\/\/dudasytextos.com\/militar\/wp-json\/wp\/v2\/users\/1"}],"replies":[{"embeddable":true,"href":"https:\/\/dudasytextos.com\/militar\/wp-json\/wp\/v2\/comments?post=16274"}],"version-history":[{"count":0,"href":"https:\/\/dudasytextos.com\/militar\/wp-json\/wp\/v2\/posts\/16274\/revisions"}],"wp:featuredmedia":[{"embeddable":true,"href":"https:\/\/dudasytextos.com\/militar\/wp-json\/wp\/v2\/media\/16275"}],"wp:attachment":[{"href":"https:\/\/dudasytextos.com\/militar\/wp-json\/wp\/v2\/media?parent=16274"}],"wp:term":[{"taxonomy":"category","embeddable":true,"href":"https:\/\/dudasytextos.com\/militar\/wp-json\/wp\/v2\/categories?post=16274"},{"taxonomy":"post_tag","embeddable":true,"href":"https:\/\/dudasytextos.com\/militar\/wp-json\/wp\/v2\/tags?post=16274"}],"curies":[{"name":"wp","href":"https:\/\/api.w.org\/{rel}","templated":true}]}}