{"id":16555,"date":"2025-10-30T02:07:57","date_gmt":"2025-10-30T01:07:57","guid":{"rendered":"https:\/\/militaryarsenal.es\/blog\/desarrollo-de-operativos-en-protestas\/"},"modified":"2025-11-06T11:45:52","modified_gmt":"2025-11-06T10:45:52","slug":"desarrollo-de-operativos-en-protestas","status":"publish","type":"post","link":"https:\/\/dudasytextos.com\/militar\/blog\/desarrollo-de-operativos-en-protestas\/","title":{"rendered":"Mejora de operativos en protestas"},"content":{"rendered":"<p>En medio de las recientes protestas que han sacudido a la sociedad, el desarrollo de operativos policiales se ha convertido en un tema de gran relevancia. En este art\u00edculo, analizaremos c\u00f3mo se planifican y ejecutan estos operativos en el contexto de manifestaciones y marchas, as\u00ed como su impacto en la din\u00e1mica de las protestas. \u00a1Sigue leyendo para conocer m\u00e1s sobre este importante aspecto de la seguridad p\u00fablica!<\/p>\n<div style=\"float: none;clear: both;width: 100%;position: relative;padding-bottom: 68%;padding-top: 25px;height: 0;\"><iframe style=\"position: absolute; top: 0; left: 0; width: 100%;height: 100%;\" src=\"https:\/\/www.youtube.com\/embed\/Nmoqvo-ZzPQ\" frameborder=\"0\" allowfullscreen=\"allowfullscreen\"><\/iframe><\/div>\n<p><\/p>\n<h2>\u00bfCu\u00e1l es el procedimiento en caso de una protesta?<\/h2>\n<p>Si te encuentras en medio de una protesta, es importante mantener la calma y salir del lugar de manera ordenada. Una salida apresurada puede poner en peligro tu seguridad y la de los dem\u00e1s. Evita caer en provocaciones y no fomentes la violencia. Si tienes la oportunidad, intenta calmar los \u00e1nimos y ayudar a controlar cualquier brote de violencia que pueda surgir.<\/p>\n<p>Una vez fuera del lugar de la protesta, busca un lugar seguro y mantente informado de la situaci\u00f3n a trav\u00e9s de fuentes confiables. Evita difundir rumores o informaci\u00f3n no verificada que pueda causar p\u00e1nico o confusi\u00f3n. Mant\u00e9n la calma y espera a que la situaci\u00f3n se calme antes de regresar al lugar donde se lleva a cabo la protesta.<\/p>\n<p>Recuerda que tu seguridad es lo m\u00e1s importante. Si te sientes amenazado o inseguro, busca ayuda de las autoridades o de personas de confianza. Es importante actuar con responsabilidad y cuidado en situaciones de concentraciones masivas para evitar poner en riesgo tu integridad f\u00edsica.<\/p>\n<h2>\u00bfCu\u00e1les son las formas de protesta?<\/h2>\n<p>Existen diversas formas de protesta que pueden utilizarse para expresar descontento o reivindicar derechos. Algunas de las modalidades m\u00e1s comunes incluyen las movilizaciones, donde grandes grupos de personas se re\u00fanen para manifestarse en las calles; las asambleas, donde se discuten y toman decisiones de forma colectiva; las tomas, que implican la ocupaci\u00f3n de un espacio p\u00fablico o privado como forma de protesta; el piquete, que consiste en bloquear el acceso a un lugar estrat\u00e9gico; y la barricada, que implica la construcci\u00f3n de una barrera f\u00edsica para impedir el paso. Cada una de estas formas de protesta tiene sus propias caracter\u00edsticas y puede ser utilizada de acuerdo a las circunstancias y objetivos de la causa que se defiende.<\/p>\n<h2>\u00bfCu\u00e1l ha sido la protesta m\u00e1s grande del mundo?<\/h2>\n<p>El desfile de Roma, con m\u00e1s de tres millones de personas, es reconocido como la protesta m\u00e1s grande del mundo en el libro Guinness de r\u00e9cords mundiales. Esta manifestaci\u00f3n antiguerra marc\u00f3 un hito en la historia global, superando incluso las protestas en el Medio Oriente, que, a pesar de tener un alto \u00edndice de oposici\u00f3n a la guerra, fueron considerablemente m\u00e1s peque\u00f1as.<\/p>\n<h2>Estrategias efectivas para el control de multitudes<\/h2>\n<p>En situaciones de control de multitudes, es fundamental implementar estrategias efectivas para mantener el orden y la seguridad. Una de las t\u00e9cnicas m\u00e1s utilizadas es la comunicaci\u00f3n clara y directa con los participantes, estableciendo normas y l\u00edmites de forma respetuosa pero firme. Adem\u00e1s, es importante contar con un plan de acci\u00f3n previamente establecido que incluya la distribuci\u00f3n estrat\u00e9gica de personal de seguridad y la coordinaci\u00f3n con las autoridades correspondientes.<\/p>\n<p>Otra estrategia efectiva para el control de multitudes es el uso de barreras f\u00edsicas y controles de acceso para regular el flujo de personas. Estas medidas ayudan a evitar aglomeraciones y facilitan la identificaci\u00f3n de posibles disturbios o comportamientos inapropiados. Asimismo, es fundamental contar con personal capacitado en t\u00e9cnicas de contenci\u00f3n y manejo de situaciones de crisis, para poder responder de manera efectiva ante cualquier eventualidad.<\/p>\n<p>Por \u00faltimo, la prevenci\u00f3n y la anticipaci\u00f3n son clave en el control de multitudes. Es fundamental realizar un an\u00e1lisis de riesgos y evaluar las posibles amenazas antes de un evento masivo, para poder implementar medidas preventivas adecuadas. Asimismo, es importante mantener una comunicaci\u00f3n constante con el p\u00fablico asistente, brindando informaci\u00f3n clara sobre las normas de seguridad y las medidas de emergencia. Con estas estrategias en marcha, se puede garantizar un ambiente seguro y controlado en todo momento.<\/p>\n<h2>Optimizaci\u00f3n de recursos en situaciones de conflicto<\/h2>\n<p>En situaciones de conflicto es crucial optimizar los recursos disponibles para lograr resultados efectivos. Ya sea en un entorno laboral o personal, es fundamental identificar las prioridades y asignar los recursos de manera estrat\u00e9gica para maximizar su eficiencia. La planificaci\u00f3n cuidadosa y la gesti\u00f3n inteligente de los recursos pueden marcar la diferencia entre el \u00e9xito y el fracaso en situaciones de conflicto, permitiendo alcanzar soluciones efectivas y sostenibles.<\/p>\n<h2>Gesti\u00f3n de crisis en manifestaciones p\u00fablicas<\/h2>\n<p>En el mundo actual, la gesti\u00f3n de crisis en manifestaciones p\u00fablicas se ha vuelto m\u00e1s crucial que nunca. Es fundamental para las autoridades y organizaciones tener un plan de acci\u00f3n claro y efectivo para manejar situaciones de tensi\u00f3n y garantizar la seguridad de todos los involucrados. La comunicaci\u00f3n abierta y transparente, la colaboraci\u00f3n con las partes interesadas y la capacidad de respuesta r\u00e1pida son elementos clave para gestionar con \u00e9xito cualquier crisis que pueda surgir en manifestaciones p\u00fablicas.<\/p>\n<h2>Mejorando la seguridad en eventos de protesta<\/h2>\n<p>En la actualidad, es imperativo mejorar la seguridad en eventos de protesta para garantizar la integridad de los participantes y evitar situaciones de riesgo. La coordinaci\u00f3n entre las autoridades, organizadores y personal de seguridad es fundamental para establecer medidas preventivas eficaces y responder de manera r\u00e1pida y efectiva ante cualquier eventualidad.<\/p>\n<p>Implementar un plan de seguridad detallado que incluya la identificaci\u00f3n de posibles amenazas, la ubicaci\u00f3n estrat\u00e9gica de puntos de control y la capacitaci\u00f3n del personal en t\u00e9cnicas de gesti\u00f3n de multitudes, son acciones clave para garantizar la tranquilidad y protecci\u00f3n de todos los asistentes. Asimismo, es importante fomentar el di\u00e1logo y la comunicaci\u00f3n abierta entre los diferentes actores involucrados, para promover un ambiente de protesta pac\u00edfica y respetuosa.<\/p>\n<p>La seguridad en eventos de protesta no solo implica la prevenci\u00f3n de incidentes, sino tambi\u00e9n la protecci\u00f3n de los derechos fundamentales de los ciudadanos a expresar sus opiniones de manera libre y segura. Por tanto, es responsabilidad de todos trabajar juntos para mejorar los protocolos de seguridad, promover la cultura de la paz y garantizar que las manifestaciones p\u00fablicas se desarrollen en un ambiente seguro y democr\u00e1tico.<\/p>\n<div style=\"float: none;clear: both;width: 100%;position: relative;padding-bottom: 68%;padding-top: 25px;height: 0;\"><iframe style=\"position: absolute; top: 0; left: 0; width: 100%;height: 100%;\" src=\"https:\/\/www.youtube.com\/embed\/fzR2PufCBFA\" frameborder=\"0\" allowfullscreen=\"allowfullscreen\"><\/iframe><\/div>\n<p><\/p>\n<p>En resumen, el desarrollo de operativos en protestas es crucial para garantizar la seguridad de los ciudadanos y mantener el orden p\u00fablico. Es fundamental que las autoridades implementen estrategias eficaces que respeten los derechos humanos y promuevan el di\u00e1logo pac\u00edfico entre las partes involucradas. Solo a trav\u00e9s de un enfoque equilibrado y coordinado se podr\u00e1 lograr un manejo adecuado de las protestas, evitando la violencia y protegiendo la integridad de todos los involucrados.<\/p>\n","protected":false},"excerpt":{"rendered":"<p>En medio de las recientes protestas que han sacudido a la sociedad, el desarrollo de operativos policiales se ha convertido en un tema de gran relevancia. En este art\u00edculo, analizaremos c\u00f3mo se planifican y ejecutan estos operativos en el contexto de manifestaciones y marchas, as\u00ed como su impacto en la din\u00e1mica de las protestas. \u00a1Sigue &#8230; <a title=\"Mejora de operativos en protestas\" class=\"read-more\" href=\"https:\/\/dudasytextos.com\/militar\/blog\/desarrollo-de-operativos-en-protestas\/\" aria-label=\"M\u00e1s en Mejora de operativos en protestas\">Leer m\u00e1s<\/a><\/p>\n","protected":false},"author":1,"featured_media":16556,"comment_status":"closed","ping_status":"closed","sticky":false,"template":"","format":"standard","meta":{"footnotes":""},"categories":[2],"tags":[],"class_list":["post-16555","post","type-post","status-publish","format-standard","has-post-thumbnail","hentry","category-blog"],"yoast_head":"<!-- This site is optimized with the Yoast SEO plugin v28.4 - https:\/\/yoast.com\/product\/yoast-seo-wordpress\/ -->\n<title>\u25b7 Mejora de operativos en protestas [2026]<\/title>\n<meta name=\"description\" content=\"\u27a4 Mejora de operativos en protestas \u261d En medio de las recientes protestas que han sacudido a la sociedad, el desarrollo de operativos policiales se ha convertido en un tema de gran relevancia. ... \u27a4\" \/>\n<meta name=\"robots\" content=\"index, follow, max-snippet:-1, max-image-preview:large, max-video-preview:-1\" \/>\n<link rel=\"canonical\" href=\"https:\/\/dudasytextos.com\/militar\/blog\/desarrollo-de-operativos-en-protestas\/\" \/>\n<meta property=\"og:locale\" content=\"es_ES\" \/>\n<meta property=\"og:type\" content=\"article\" \/>\n<meta property=\"og:title\" content=\"\u25b7 Mejora de operativos en protestas [2026]\" \/>\n<meta property=\"og:description\" content=\"\u27a4 Mejora de operativos en protestas \u261d En medio de las recientes protestas que han sacudido a la sociedad, el desarrollo de operativos policiales se ha convertido en un tema de gran relevancia. ... \u27a4\" \/>\n<meta property=\"og:url\" content=\"https:\/\/dudasytextos.com\/militar\/blog\/desarrollo-de-operativos-en-protestas\/\" \/>\n<meta property=\"og:site_name\" content=\"Militar y Arsenal\" \/>\n<meta property=\"article:published_time\" content=\"2025-10-30T01:07:57+00:00\" \/>\n<meta property=\"article:modified_time\" content=\"2025-11-06T10:45:52+00:00\" \/>\n<meta property=\"og:image\" content=\"https:\/\/dudasytextos.com\/militar\/wp-content\/uploads\/2024\/02\/Nmoqvo-ZzPQ.jpg\" \/>\n\t<meta property=\"og:image:width\" content=\"768\" \/>\n\t<meta property=\"og:image:height\" content=\"432\" \/>\n\t<meta property=\"og:image:type\" content=\"image\/jpeg\" \/>\n<meta name=\"author\" content=\"Manuel G\u00f3mez Sanchez\" \/>\n<meta name=\"twitter:card\" content=\"summary_large_image\" \/>\n<meta name=\"twitter:label1\" content=\"Escrito por\" \/>\n\t<meta name=\"twitter:data1\" content=\"Manuel G\u00f3mez Sanchez\" \/>\n\t<meta name=\"twitter:label2\" content=\"Tiempo de lectura\" \/>\n\t<meta name=\"twitter:data2\" content=\"6 minutos\" \/>\n<script type=\"application\/ld+json\" class=\"yoast-schema-graph\">{\"@context\":\"https:\\\/\\\/schema.org\",\"@graph\":[{\"@type\":\"Article\",\"@id\":\"https:\\\/\\\/dudasytextos.com\\\/militar\\\/blog\\\/desarrollo-de-operativos-en-protestas\\\/#article\",\"isPartOf\":{\"@id\":\"https:\\\/\\\/dudasytextos.com\\\/militar\\\/blog\\\/desarrollo-de-operativos-en-protestas\\\/\"},\"author\":{\"name\":\"Manuel G\u00f3mez Sanchez\",\"@id\":\"https:\\\/\\\/dudasytextos.com\\\/militar\\\/#\\\/schema\\\/person\\\/f29046a17154b6ebbc91e58a1e906222\"},\"headline\":\"Mejora de operativos en protestas\",\"datePublished\":\"2025-10-30T01:07:57+00:00\",\"dateModified\":\"2025-11-06T10:45:52+00:00\",\"mainEntityOfPage\":{\"@id\":\"https:\\\/\\\/dudasytextos.com\\\/militar\\\/blog\\\/desarrollo-de-operativos-en-protestas\\\/\"},\"wordCount\":1173,\"image\":{\"@id\":\"https:\\\/\\\/dudasytextos.com\\\/militar\\\/blog\\\/desarrollo-de-operativos-en-protestas\\\/#primaryimage\"},\"thumbnailUrl\":\"https:\\\/\\\/dudasytextos.com\\\/militar\\\/wp-content\\\/uploads\\\/2024\\\/02\\\/Nmoqvo-ZzPQ.jpg\",\"articleSection\":[\"blog\"],\"inLanguage\":\"es\"},{\"@type\":\"WebPage\",\"@id\":\"https:\\\/\\\/dudasytextos.com\\\/militar\\\/blog\\\/desarrollo-de-operativos-en-protestas\\\/\",\"url\":\"https:\\\/\\\/dudasytextos.com\\\/militar\\\/blog\\\/desarrollo-de-operativos-en-protestas\\\/\",\"name\":\"\u25b7 Mejora de operativos en protestas [2026]\",\"isPartOf\":{\"@id\":\"https:\\\/\\\/dudasytextos.com\\\/militar\\\/#website\"},\"primaryImageOfPage\":{\"@id\":\"https:\\\/\\\/dudasytextos.com\\\/militar\\\/blog\\\/desarrollo-de-operativos-en-protestas\\\/#primaryimage\"},\"image\":{\"@id\":\"https:\\\/\\\/dudasytextos.com\\\/militar\\\/blog\\\/desarrollo-de-operativos-en-protestas\\\/#primaryimage\"},\"thumbnailUrl\":\"https:\\\/\\\/dudasytextos.com\\\/militar\\\/wp-content\\\/uploads\\\/2024\\\/02\\\/Nmoqvo-ZzPQ.jpg\",\"datePublished\":\"2025-10-30T01:07:57+00:00\",\"dateModified\":\"2025-11-06T10:45:52+00:00\",\"author\":{\"@id\":\"https:\\\/\\\/dudasytextos.com\\\/militar\\\/#\\\/schema\\\/person\\\/f29046a17154b6ebbc91e58a1e906222\"},\"description\":\"\u27a4 Mejora de operativos en protestas \u261d En medio de las recientes protestas que han sacudido a la sociedad, el desarrollo de operativos policiales se ha convertido en un tema de gran relevancia. ... \u27a4\",\"breadcrumb\":{\"@id\":\"https:\\\/\\\/dudasytextos.com\\\/militar\\\/blog\\\/desarrollo-de-operativos-en-protestas\\\/#breadcrumb\"},\"inLanguage\":\"es\",\"potentialAction\":[{\"@type\":\"ReadAction\",\"target\":[\"https:\\\/\\\/dudasytextos.com\\\/militar\\\/blog\\\/desarrollo-de-operativos-en-protestas\\\/\"]}]},{\"@type\":\"ImageObject\",\"inLanguage\":\"es\",\"@id\":\"https:\\\/\\\/dudasytextos.com\\\/militar\\\/blog\\\/desarrollo-de-operativos-en-protestas\\\/#primaryimage\",\"url\":\"https:\\\/\\\/dudasytextos.com\\\/militar\\\/wp-content\\\/uploads\\\/2024\\\/02\\\/Nmoqvo-ZzPQ.jpg\",\"contentUrl\":\"https:\\\/\\\/dudasytextos.com\\\/militar\\\/wp-content\\\/uploads\\\/2024\\\/02\\\/Nmoqvo-ZzPQ.jpg\",\"width\":768,\"height\":432},{\"@type\":\"BreadcrumbList\",\"@id\":\"https:\\\/\\\/dudasytextos.com\\\/militar\\\/blog\\\/desarrollo-de-operativos-en-protestas\\\/#breadcrumb\",\"itemListElement\":[{\"@type\":\"ListItem\",\"position\":1,\"name\":\"Portada\",\"item\":\"https:\\\/\\\/dudasytextos.com\\\/militar\\\/\"},{\"@type\":\"ListItem\",\"position\":2,\"name\":\"Mejora de operativos en protestas\"}]},{\"@type\":\"WebSite\",\"@id\":\"https:\\\/\\\/dudasytextos.com\\\/militar\\\/#website\",\"url\":\"https:\\\/\\\/dudasytextos.com\\\/militar\\\/\",\"name\":\"Militar y Arsenal\",\"description\":\"\",\"potentialAction\":[{\"@type\":\"SearchAction\",\"target\":{\"@type\":\"EntryPoint\",\"urlTemplate\":\"https:\\\/\\\/dudasytextos.com\\\/militar\\\/?s={search_term_string}\"},\"query-input\":{\"@type\":\"PropertyValueSpecification\",\"valueRequired\":true,\"valueName\":\"search_term_string\"}}],\"inLanguage\":\"es\"},{\"@type\":\"Person\",\"@id\":\"https:\\\/\\\/dudasytextos.com\\\/militar\\\/#\\\/schema\\\/person\\\/f29046a17154b6ebbc91e58a1e906222\",\"name\":\"Manuel G\u00f3mez Sanchez\",\"image\":{\"@type\":\"ImageObject\",\"inLanguage\":\"es\",\"@id\":\"https:\\\/\\\/secure.gravatar.com\\\/avatar\\\/b393c706812620f04315ff068fb5ec13d8d45aa77b88079cbac281f48db2e672?s=96&d=mm&r=g\",\"url\":\"https:\\\/\\\/secure.gravatar.com\\\/avatar\\\/b393c706812620f04315ff068fb5ec13d8d45aa77b88079cbac281f48db2e672?s=96&d=mm&r=g\",\"contentUrl\":\"https:\\\/\\\/secure.gravatar.com\\\/avatar\\\/b393c706812620f04315ff068fb5ec13d8d45aa77b88079cbac281f48db2e672?s=96&d=mm&r=g\",\"caption\":\"Manuel G\u00f3mez Sanchez\"},\"description\":\"Soy un apasionado militar con m\u00e1s de 10 a\u00f1os de experiencia en el campo. He servido en varias misiones internacionales y he adquirido habilidades en liderazgo, estrategia y trabajo en equipo. Mi objetivo con mi blog es compartir mis conocimientos y experiencias en el \u00e1mbito militar, as\u00ed como proporcionar consejos y recursos para aquellos interesados en seguir una carrera en las fuerzas armadas.\",\"sameAs\":[\"https:\\\/\\\/dudasytextos.com\\\/militar\"]}]}<\/script>\n<!-- \/ Yoast SEO plugin. -->","yoast_head_json":{"title":"\u25b7 Mejora de operativos en protestas [2026]","description":"\u27a4 Mejora de operativos en protestas \u261d En medio de las recientes protestas que han sacudido a la sociedad, el desarrollo de operativos policiales se ha convertido en un tema de gran relevancia. ... \u27a4","robots":{"index":"index","follow":"follow","max-snippet":"max-snippet:-1","max-image-preview":"max-image-preview:large","max-video-preview":"max-video-preview:-1"},"canonical":"https:\/\/dudasytextos.com\/militar\/blog\/desarrollo-de-operativos-en-protestas\/","og_locale":"es_ES","og_type":"article","og_title":"\u25b7 Mejora de operativos en protestas [2026]","og_description":"\u27a4 Mejora de operativos en protestas \u261d En medio de las recientes protestas que han sacudido a la sociedad, el desarrollo de operativos policiales se ha convertido en un tema de gran relevancia. ... \u27a4","og_url":"https:\/\/dudasytextos.com\/militar\/blog\/desarrollo-de-operativos-en-protestas\/","og_site_name":"Militar y Arsenal","article_published_time":"2025-10-30T01:07:57+00:00","article_modified_time":"2025-11-06T10:45:52+00:00","og_image":[{"width":768,"height":432,"url":"https:\/\/dudasytextos.com\/militar\/wp-content\/uploads\/2024\/02\/Nmoqvo-ZzPQ.jpg","type":"image\/jpeg"}],"author":"Manuel G\u00f3mez Sanchez","twitter_card":"summary_large_image","twitter_misc":{"Escrito por":"Manuel G\u00f3mez Sanchez","Tiempo de lectura":"6 minutos"},"schema":{"@context":"https:\/\/schema.org","@graph":[{"@type":"Article","@id":"https:\/\/dudasytextos.com\/militar\/blog\/desarrollo-de-operativos-en-protestas\/#article","isPartOf":{"@id":"https:\/\/dudasytextos.com\/militar\/blog\/desarrollo-de-operativos-en-protestas\/"},"author":{"name":"Manuel G\u00f3mez Sanchez","@id":"https:\/\/dudasytextos.com\/militar\/#\/schema\/person\/f29046a17154b6ebbc91e58a1e906222"},"headline":"Mejora de operativos en protestas","datePublished":"2025-10-30T01:07:57+00:00","dateModified":"2025-11-06T10:45:52+00:00","mainEntityOfPage":{"@id":"https:\/\/dudasytextos.com\/militar\/blog\/desarrollo-de-operativos-en-protestas\/"},"wordCount":1173,"image":{"@id":"https:\/\/dudasytextos.com\/militar\/blog\/desarrollo-de-operativos-en-protestas\/#primaryimage"},"thumbnailUrl":"https:\/\/dudasytextos.com\/militar\/wp-content\/uploads\/2024\/02\/Nmoqvo-ZzPQ.jpg","articleSection":["blog"],"inLanguage":"es"},{"@type":"WebPage","@id":"https:\/\/dudasytextos.com\/militar\/blog\/desarrollo-de-operativos-en-protestas\/","url":"https:\/\/dudasytextos.com\/militar\/blog\/desarrollo-de-operativos-en-protestas\/","name":"\u25b7 Mejora de operativos en protestas [2026]","isPartOf":{"@id":"https:\/\/dudasytextos.com\/militar\/#website"},"primaryImageOfPage":{"@id":"https:\/\/dudasytextos.com\/militar\/blog\/desarrollo-de-operativos-en-protestas\/#primaryimage"},"image":{"@id":"https:\/\/dudasytextos.com\/militar\/blog\/desarrollo-de-operativos-en-protestas\/#primaryimage"},"thumbnailUrl":"https:\/\/dudasytextos.com\/militar\/wp-content\/uploads\/2024\/02\/Nmoqvo-ZzPQ.jpg","datePublished":"2025-10-30T01:07:57+00:00","dateModified":"2025-11-06T10:45:52+00:00","author":{"@id":"https:\/\/dudasytextos.com\/militar\/#\/schema\/person\/f29046a17154b6ebbc91e58a1e906222"},"description":"\u27a4 Mejora de operativos en protestas \u261d En medio de las recientes protestas que han sacudido a la sociedad, el desarrollo de operativos policiales se ha convertido en un tema de gran relevancia. ... \u27a4","breadcrumb":{"@id":"https:\/\/dudasytextos.com\/militar\/blog\/desarrollo-de-operativos-en-protestas\/#breadcrumb"},"inLanguage":"es","potentialAction":[{"@type":"ReadAction","target":["https:\/\/dudasytextos.com\/militar\/blog\/desarrollo-de-operativos-en-protestas\/"]}]},{"@type":"ImageObject","inLanguage":"es","@id":"https:\/\/dudasytextos.com\/militar\/blog\/desarrollo-de-operativos-en-protestas\/#primaryimage","url":"https:\/\/dudasytextos.com\/militar\/wp-content\/uploads\/2024\/02\/Nmoqvo-ZzPQ.jpg","contentUrl":"https:\/\/dudasytextos.com\/militar\/wp-content\/uploads\/2024\/02\/Nmoqvo-ZzPQ.jpg","width":768,"height":432},{"@type":"BreadcrumbList","@id":"https:\/\/dudasytextos.com\/militar\/blog\/desarrollo-de-operativos-en-protestas\/#breadcrumb","itemListElement":[{"@type":"ListItem","position":1,"name":"Portada","item":"https:\/\/dudasytextos.com\/militar\/"},{"@type":"ListItem","position":2,"name":"Mejora de operativos en protestas"}]},{"@type":"WebSite","@id":"https:\/\/dudasytextos.com\/militar\/#website","url":"https:\/\/dudasytextos.com\/militar\/","name":"Militar y Arsenal","description":"","potentialAction":[{"@type":"SearchAction","target":{"@type":"EntryPoint","urlTemplate":"https:\/\/dudasytextos.com\/militar\/?s={search_term_string}"},"query-input":{"@type":"PropertyValueSpecification","valueRequired":true,"valueName":"search_term_string"}}],"inLanguage":"es"},{"@type":"Person","@id":"https:\/\/dudasytextos.com\/militar\/#\/schema\/person\/f29046a17154b6ebbc91e58a1e906222","name":"Manuel G\u00f3mez Sanchez","image":{"@type":"ImageObject","inLanguage":"es","@id":"https:\/\/secure.gravatar.com\/avatar\/b393c706812620f04315ff068fb5ec13d8d45aa77b88079cbac281f48db2e672?s=96&d=mm&r=g","url":"https:\/\/secure.gravatar.com\/avatar\/b393c706812620f04315ff068fb5ec13d8d45aa77b88079cbac281f48db2e672?s=96&d=mm&r=g","contentUrl":"https:\/\/secure.gravatar.com\/avatar\/b393c706812620f04315ff068fb5ec13d8d45aa77b88079cbac281f48db2e672?s=96&d=mm&r=g","caption":"Manuel G\u00f3mez Sanchez"},"description":"Soy un apasionado militar con m\u00e1s de 10 a\u00f1os de experiencia en el campo. He servido en varias misiones internacionales y he adquirido habilidades en liderazgo, estrategia y trabajo en equipo. Mi objetivo con mi blog es compartir mis conocimientos y experiencias en el \u00e1mbito militar, as\u00ed como proporcionar consejos y recursos para aquellos interesados en seguir una carrera en las fuerzas armadas.","sameAs":["https:\/\/dudasytextos.com\/militar"]}]}},"_links":{"self":[{"href":"https:\/\/dudasytextos.com\/militar\/wp-json\/wp\/v2\/posts\/16555","targetHints":{"allow":["GET"]}}],"collection":[{"href":"https:\/\/dudasytextos.com\/militar\/wp-json\/wp\/v2\/posts"}],"about":[{"href":"https:\/\/dudasytextos.com\/militar\/wp-json\/wp\/v2\/types\/post"}],"author":[{"embeddable":true,"href":"https:\/\/dudasytextos.com\/militar\/wp-json\/wp\/v2\/users\/1"}],"replies":[{"embeddable":true,"href":"https:\/\/dudasytextos.com\/militar\/wp-json\/wp\/v2\/comments?post=16555"}],"version-history":[{"count":0,"href":"https:\/\/dudasytextos.com\/militar\/wp-json\/wp\/v2\/posts\/16555\/revisions"}],"wp:featuredmedia":[{"embeddable":true,"href":"https:\/\/dudasytextos.com\/militar\/wp-json\/wp\/v2\/media\/16556"}],"wp:attachment":[{"href":"https:\/\/dudasytextos.com\/militar\/wp-json\/wp\/v2\/media?parent=16555"}],"wp:term":[{"taxonomy":"category","embeddable":true,"href":"https:\/\/dudasytextos.com\/militar\/wp-json\/wp\/v2\/categories?post=16555"},{"taxonomy":"post_tag","embeddable":true,"href":"https:\/\/dudasytextos.com\/militar\/wp-json\/wp\/v2\/tags?post=16555"}],"curies":[{"name":"wp","href":"https:\/\/api.w.org\/{rel}","templated":true}]}}