{"id":16925,"date":"2025-10-19T02:01:03","date_gmt":"2025-10-19T01:01:03","guid":{"rendered":"https:\/\/militaryarsenal.es\/blog\/proteccion-de-los-derechos-humanos\/"},"modified":"2025-11-06T11:55:02","modified_gmt":"2025-11-06T10:55:02","slug":"proteccion-de-los-derechos-humanos","status":"publish","type":"post","link":"https:\/\/dudasytextos.com\/militar\/proteccion\/proteccion-de-los-derechos-humanos\/","title":{"rendered":"Garantizando la Protecci\u00f3n de los Derechos Humanos"},"content":{"rendered":"<p>La protecci\u00f3n de los derechos humanos es un tema de vital importancia en la sociedad actual. En un mundo donde las injusticias y la violaci\u00f3n de los derechos fundamentales son una realidad, es crucial abogar por la protecci\u00f3n y el respeto de los derechos humanos en todas sus formas. En este art\u00edculo, exploraremos la importancia de la protecci\u00f3n de los derechos humanos, los desaf\u00edos que enfrenta y las medidas que se deben tomar para garantizar un mundo m\u00e1s justo y equitativo para todos.<\/p>\n<div style=\"float: none;clear: both;width: 100%;position: relative;padding-bottom: 68%;padding-top: 25px;height: 0;\"><iframe style=\"position: absolute; top: 0; left: 0; width: 100%;height: 100%;\" src=\"https:\/\/www.youtube.com\/embed\/tFwt--kR-qA\" frameborder=\"0\" allowfullscreen=\"allowfullscreen\"><\/iframe><\/div>\n<p><\/p>\n<h2>\u00bfCu\u00e1l es la protecci\u00f3n de los derechos humanos?<\/h2>\n<p>La protecci\u00f3n de los derechos humanos es la responsabilidad de los Estados de prevenir y detener los abusos contra los derechos fundamentales de las personas y grupos. Esto implica la adopci\u00f3n de medidas para garantizar que todos puedan disfrutar de sus derechos humanos b\u00e1sicos.<\/p>\n<p>Adem\u00e1s de prevenir los abusos, la protecci\u00f3n de los derechos humanos tambi\u00e9n implica la obligaci\u00f3n de los Estados de tomar medidas positivas para garantizar que las personas puedan ejercer sus derechos de manera efectiva. Esto incluye la implementaci\u00f3n de pol\u00edticas y programas que promuevan la igualdad y la justicia para todos.<\/p>\n<p>En resumen, la protecci\u00f3n de los derechos humanos implica tanto la prevenci\u00f3n de abusos como la promoci\u00f3n de medidas que faciliten el disfrute de los derechos fundamentales. Es una responsabilidad que recae en los Estados para garantizar que todos puedan vivir con dignidad y libertad.<\/p>\n<h2>\u00bfCu\u00e1l es el Sistema de Protecci\u00f3n de los derechos humanos?<\/h2>\n<p>El Sistema de Protecci\u00f3n de los Derechos Humanos es un conjunto de mecanismos surgidos en el marco de la ONU, que buscan proteger los derechos humanos a nivel universal. Este sistema engloba tanto mecanismos convencionales como no convencionales, con el objetivo de garantizar la protecci\u00f3n de los derechos fundamentales de todas las personas en el mundo.<\/p>\n<p>El Sistema Universal de Protecci\u00f3n de los Derechos Humanos (SUDH) es esencial para garantizar la protecci\u00f3n de los derechos fundamentales de todas las personas a nivel global. Surgido en el marco de la ONU, este sistema incluye una variedad de mecanismos, tanto convencionales como no convencionales, que trabajan en conjunto para asegurar el respeto y la protecci\u00f3n de los derechos humanos en todo el mundo.<\/p>\n<h2>\u00bfC\u00f3mo se protegen los derechos de las personas?<\/h2>\n<p>Los derechos de las personas se protegen a trav\u00e9s de tres mecanismos fundamentales: los sistemas jur\u00eddicos nacionales, internacionales y regionales. Estos mecanismos garantizan la defensa y el respeto de los derechos humanos a nivel local, global y en contextos espec\u00edficos, como la Uni\u00f3n Europea y la Organizaci\u00f3n de Estados Americanos.<\/p>\n<p>Los sistemas jur\u00eddicos nacionales, internacionales y regionales son vitales para proteger los derechos de las personas. Desde la defensa a nivel local hasta la protecci\u00f3n a escala global, estos mecanismos son fundamentales para asegurar el respeto y la garant\u00eda de los derechos humanos, como se observa en la Uni\u00f3n Europea y la Organizaci\u00f3n de Estados Americanos.<\/p>\n<h2>Defendiendo la dignidad de todos<\/h2>\n<p>En un mundo lleno de desaf\u00edos y adversidades, es fundamental defender la dignidad de todos. Cada persona merece ser tratada con respeto y compasi\u00f3n, sin importar su origen, g\u00e9nero o condici\u00f3n social. Es necesario unir fuerzas para proteger los derechos humanos y promover la igualdad en todas las esferas de la sociedad. Juntos, podemos crear un entorno donde cada individuo se sienta valorado y empoderado, contribuyendo as\u00ed a un mundo m\u00e1s justo y equitativo.<\/p>\n<p>La defensa de la dignidad de todos es un compromiso que no conoce fronteras ni limitaciones. Debemos trabajar arduamente para erradicar la discriminaci\u00f3n y la injusticia, y fomentar la inclusi\u00f3n y el respeto mutuo. Cada acci\u00f3n que tomamos en favor de la dignidad humana tiene un impacto significativo en la construcci\u00f3n de un futuro m\u00e1s humano y solidario. Es responsabilidad de cada uno de nosotros defender la dignidad de todos, y juntos podemos marcar la diferencia en la vida de las personas en todo el mundo.<\/p>\n<h2>Promoviendo la justicia y la igualdad<\/h2>\n<p>Nuestra misi\u00f3n es promover la justicia y la igualdad en todas las \u00e1reas de la sociedad. Creemos firmemente en la importancia de garantizar que todas las personas tengan acceso a los mismos derechos y oportunidades, independientemente de su origen, g\u00e9nero o situaci\u00f3n econ\u00f3mica. Trabajamos incansablemente para crear un mundo m\u00e1s equitativo, donde la justicia prevalezca y la igualdad sea una realidad para todos.<\/p>\n<p>En nuestro compromiso por promover la justicia y la igualdad, nos esforzamos por educar, sensibilizar y abogar por el cambio. Creemos que es fundamental que la sociedad entienda la importancia de la igualdad de derechos y oportunidades, y trabajamos para crear conciencia sobre las injusticias que a\u00fan persisten en nuestro entorno. A trav\u00e9s de nuestro trabajo, buscamos inspirar a otros a unirse a nuestra causa y juntos construir un mundo m\u00e1s justo y equitativo para las generaciones futuras.<\/p>\n<div style=\"float: none;clear: both;width: 100%;position: relative;padding-bottom: 68%;padding-top: 25px;height: 0;\"><iframe style=\"position: absolute; top: 0; left: 0; width: 100%;height: 100%;\" src=\"https:\/\/www.youtube.com\/embed\/sX7zVMvMBY8\" frameborder=\"0\" allowfullscreen=\"allowfullscreen\"><\/iframe><\/div>\n<p><\/p>\n<p>En resumen, queda patente la importancia crucial de la protecci\u00f3n de los derechos humanos en cualquier sociedad justa y equitativa. Es fundamental que se garantice el respeto y cumplimiento de estos derechos fundamentales para asegurar la dignidad y libertad de todas las personas. Es responsabilidad de todos trabajar juntos para promover y defender los derechos humanos en todo momento y en todas partes.<\/p>\n","protected":false},"excerpt":{"rendered":"<p>La protecci\u00f3n de los derechos humanos es un tema de vital importancia en la sociedad actual. En un mundo donde las injusticias y la violaci\u00f3n de los derechos fundamentales son una realidad, es crucial abogar por la protecci\u00f3n y el respeto de los derechos humanos en todas sus formas. En este art\u00edculo, exploraremos la importancia &#8230; <a title=\"Garantizando la Protecci\u00f3n de los Derechos Humanos\" class=\"read-more\" href=\"https:\/\/dudasytextos.com\/militar\/proteccion\/proteccion-de-los-derechos-humanos\/\" aria-label=\"M\u00e1s en Garantizando la Protecci\u00f3n de los Derechos Humanos\">Leer m\u00e1s<\/a><\/p>\n","protected":false},"author":1,"featured_media":16926,"comment_status":"closed","ping_status":"closed","sticky":false,"template":"","format":"standard","meta":{"footnotes":""},"categories":[81],"tags":[],"class_list":["post-16925","post","type-post","status-publish","format-standard","has-post-thumbnail","hentry","category-proteccion"],"yoast_head":"<!-- This site is optimized with the Yoast SEO plugin v28.3 - https:\/\/yoast.com\/product\/yoast-seo-wordpress\/ -->\n<title>\u25b7 Garantizando la Protecci\u00f3n de los Derechos Humanos [2026]<\/title>\n<meta name=\"description\" content=\"\u27a4 Garantizando la Protecci\u00f3n de los Derechos Humanos \u261d La protecci\u00f3n de los derechos humanos es un tema de vital importancia en la sociedad actual. En un mundo donde las injusticias y la violaci\u00f3n de los ... \u27a4\" \/>\n<meta name=\"robots\" content=\"index, follow, max-snippet:-1, max-image-preview:large, max-video-preview:-1\" \/>\n<link rel=\"canonical\" href=\"https:\/\/dudasytextos.com\/militar\/proteccion\/proteccion-de-los-derechos-humanos\/\" \/>\n<meta property=\"og:locale\" content=\"es_ES\" \/>\n<meta property=\"og:type\" content=\"article\" \/>\n<meta property=\"og:title\" content=\"\u25b7 Garantizando la Protecci\u00f3n de los Derechos Humanos [2026]\" \/>\n<meta property=\"og:description\" content=\"\u27a4 Garantizando la Protecci\u00f3n de los Derechos Humanos \u261d La protecci\u00f3n de los derechos humanos es un tema de vital importancia en la sociedad actual. En un mundo donde las injusticias y la violaci\u00f3n de los ... \u27a4\" \/>\n<meta property=\"og:url\" content=\"https:\/\/dudasytextos.com\/militar\/proteccion\/proteccion-de-los-derechos-humanos\/\" \/>\n<meta property=\"og:site_name\" content=\"Militar y Arsenal\" \/>\n<meta property=\"article:published_time\" content=\"2025-10-19T01:01:03+00:00\" \/>\n<meta property=\"article:modified_time\" content=\"2025-11-06T10:55:02+00:00\" \/>\n<meta property=\"og:image\" content=\"https:\/\/dudasytextos.com\/militar\/wp-content\/uploads\/2024\/02\/tFwt-kR-qA.jpg\" \/>\n\t<meta property=\"og:image:width\" content=\"768\" \/>\n\t<meta property=\"og:image:height\" content=\"432\" \/>\n\t<meta property=\"og:image:type\" content=\"image\/jpeg\" \/>\n<meta name=\"author\" content=\"Manuel G\u00f3mez Sanchez\" \/>\n<meta name=\"twitter:card\" content=\"summary_large_image\" \/>\n<meta name=\"twitter:label1\" content=\"Escrito por\" \/>\n\t<meta name=\"twitter:data1\" content=\"Manuel G\u00f3mez Sanchez\" \/>\n\t<meta name=\"twitter:label2\" content=\"Tiempo de lectura\" \/>\n\t<meta name=\"twitter:data2\" content=\"5 minutos\" \/>\n<script type=\"application\/ld+json\" class=\"yoast-schema-graph\">{\"@context\":\"https:\\\/\\\/schema.org\",\"@graph\":[{\"@type\":\"Article\",\"@id\":\"https:\\\/\\\/dudasytextos.com\\\/militar\\\/proteccion\\\/proteccion-de-los-derechos-humanos\\\/#article\",\"isPartOf\":{\"@id\":\"https:\\\/\\\/dudasytextos.com\\\/militar\\\/proteccion\\\/proteccion-de-los-derechos-humanos\\\/\"},\"author\":{\"name\":\"Manuel G\u00f3mez Sanchez\",\"@id\":\"https:\\\/\\\/dudasytextos.com\\\/militar\\\/#\\\/schema\\\/person\\\/f29046a17154b6ebbc91e58a1e906222\"},\"headline\":\"Garantizando la Protecci\u00f3n de los Derechos Humanos\",\"datePublished\":\"2025-10-19T01:01:03+00:00\",\"dateModified\":\"2025-11-06T10:55:02+00:00\",\"mainEntityOfPage\":{\"@id\":\"https:\\\/\\\/dudasytextos.com\\\/militar\\\/proteccion\\\/proteccion-de-los-derechos-humanos\\\/\"},\"wordCount\":917,\"image\":{\"@id\":\"https:\\\/\\\/dudasytextos.com\\\/militar\\\/proteccion\\\/proteccion-de-los-derechos-humanos\\\/#primaryimage\"},\"thumbnailUrl\":\"https:\\\/\\\/dudasytextos.com\\\/militar\\\/wp-content\\\/uploads\\\/2024\\\/02\\\/tFwt-kR-qA.jpg\",\"articleSection\":[\"Protecci\u00f3n\"],\"inLanguage\":\"es\"},{\"@type\":\"WebPage\",\"@id\":\"https:\\\/\\\/dudasytextos.com\\\/militar\\\/proteccion\\\/proteccion-de-los-derechos-humanos\\\/\",\"url\":\"https:\\\/\\\/dudasytextos.com\\\/militar\\\/proteccion\\\/proteccion-de-los-derechos-humanos\\\/\",\"name\":\"\u25b7 Garantizando la Protecci\u00f3n de los Derechos Humanos [2026]\",\"isPartOf\":{\"@id\":\"https:\\\/\\\/dudasytextos.com\\\/militar\\\/#website\"},\"primaryImageOfPage\":{\"@id\":\"https:\\\/\\\/dudasytextos.com\\\/militar\\\/proteccion\\\/proteccion-de-los-derechos-humanos\\\/#primaryimage\"},\"image\":{\"@id\":\"https:\\\/\\\/dudasytextos.com\\\/militar\\\/proteccion\\\/proteccion-de-los-derechos-humanos\\\/#primaryimage\"},\"thumbnailUrl\":\"https:\\\/\\\/dudasytextos.com\\\/militar\\\/wp-content\\\/uploads\\\/2024\\\/02\\\/tFwt-kR-qA.jpg\",\"datePublished\":\"2025-10-19T01:01:03+00:00\",\"dateModified\":\"2025-11-06T10:55:02+00:00\",\"author\":{\"@id\":\"https:\\\/\\\/dudasytextos.com\\\/militar\\\/#\\\/schema\\\/person\\\/f29046a17154b6ebbc91e58a1e906222\"},\"description\":\"\u27a4 Garantizando la Protecci\u00f3n de los Derechos Humanos \u261d La protecci\u00f3n de los derechos humanos es un tema de vital importancia en la sociedad actual. En un mundo donde las injusticias y la violaci\u00f3n de los ... \u27a4\",\"breadcrumb\":{\"@id\":\"https:\\\/\\\/dudasytextos.com\\\/militar\\\/proteccion\\\/proteccion-de-los-derechos-humanos\\\/#breadcrumb\"},\"inLanguage\":\"es\",\"potentialAction\":[{\"@type\":\"ReadAction\",\"target\":[\"https:\\\/\\\/dudasytextos.com\\\/militar\\\/proteccion\\\/proteccion-de-los-derechos-humanos\\\/\"]}]},{\"@type\":\"ImageObject\",\"inLanguage\":\"es\",\"@id\":\"https:\\\/\\\/dudasytextos.com\\\/militar\\\/proteccion\\\/proteccion-de-los-derechos-humanos\\\/#primaryimage\",\"url\":\"https:\\\/\\\/dudasytextos.com\\\/militar\\\/wp-content\\\/uploads\\\/2024\\\/02\\\/tFwt-kR-qA.jpg\",\"contentUrl\":\"https:\\\/\\\/dudasytextos.com\\\/militar\\\/wp-content\\\/uploads\\\/2024\\\/02\\\/tFwt-kR-qA.jpg\",\"width\":768,\"height\":432},{\"@type\":\"BreadcrumbList\",\"@id\":\"https:\\\/\\\/dudasytextos.com\\\/militar\\\/proteccion\\\/proteccion-de-los-derechos-humanos\\\/#breadcrumb\",\"itemListElement\":[{\"@type\":\"ListItem\",\"position\":1,\"name\":\"Portada\",\"item\":\"https:\\\/\\\/dudasytextos.com\\\/militar\\\/\"},{\"@type\":\"ListItem\",\"position\":2,\"name\":\"Garantizando la Protecci\u00f3n de los Derechos Humanos\"}]},{\"@type\":\"WebSite\",\"@id\":\"https:\\\/\\\/dudasytextos.com\\\/militar\\\/#website\",\"url\":\"https:\\\/\\\/dudasytextos.com\\\/militar\\\/\",\"name\":\"Militar y Arsenal\",\"description\":\"\",\"potentialAction\":[{\"@type\":\"SearchAction\",\"target\":{\"@type\":\"EntryPoint\",\"urlTemplate\":\"https:\\\/\\\/dudasytextos.com\\\/militar\\\/?s={search_term_string}\"},\"query-input\":{\"@type\":\"PropertyValueSpecification\",\"valueRequired\":true,\"valueName\":\"search_term_string\"}}],\"inLanguage\":\"es\"},{\"@type\":\"Person\",\"@id\":\"https:\\\/\\\/dudasytextos.com\\\/militar\\\/#\\\/schema\\\/person\\\/f29046a17154b6ebbc91e58a1e906222\",\"name\":\"Manuel G\u00f3mez Sanchez\",\"image\":{\"@type\":\"ImageObject\",\"inLanguage\":\"es\",\"@id\":\"https:\\\/\\\/secure.gravatar.com\\\/avatar\\\/b393c706812620f04315ff068fb5ec13d8d45aa77b88079cbac281f48db2e672?s=96&d=mm&r=g\",\"url\":\"https:\\\/\\\/secure.gravatar.com\\\/avatar\\\/b393c706812620f04315ff068fb5ec13d8d45aa77b88079cbac281f48db2e672?s=96&d=mm&r=g\",\"contentUrl\":\"https:\\\/\\\/secure.gravatar.com\\\/avatar\\\/b393c706812620f04315ff068fb5ec13d8d45aa77b88079cbac281f48db2e672?s=96&d=mm&r=g\",\"caption\":\"Manuel G\u00f3mez Sanchez\"},\"description\":\"Soy un apasionado militar con m\u00e1s de 10 a\u00f1os de experiencia en el campo. He servido en varias misiones internacionales y he adquirido habilidades en liderazgo, estrategia y trabajo en equipo. Mi objetivo con mi blog es compartir mis conocimientos y experiencias en el \u00e1mbito militar, as\u00ed como proporcionar consejos y recursos para aquellos interesados en seguir una carrera en las fuerzas armadas.\",\"sameAs\":[\"https:\\\/\\\/dudasytextos.com\\\/militar\"]}]}<\/script>\n<!-- \/ Yoast SEO plugin. -->","yoast_head_json":{"title":"\u25b7 Garantizando la Protecci\u00f3n de los Derechos Humanos [2026]","description":"\u27a4 Garantizando la Protecci\u00f3n de los Derechos Humanos \u261d La protecci\u00f3n de los derechos humanos es un tema de vital importancia en la sociedad actual. En un mundo donde las injusticias y la violaci\u00f3n de los ... \u27a4","robots":{"index":"index","follow":"follow","max-snippet":"max-snippet:-1","max-image-preview":"max-image-preview:large","max-video-preview":"max-video-preview:-1"},"canonical":"https:\/\/dudasytextos.com\/militar\/proteccion\/proteccion-de-los-derechos-humanos\/","og_locale":"es_ES","og_type":"article","og_title":"\u25b7 Garantizando la Protecci\u00f3n de los Derechos Humanos [2026]","og_description":"\u27a4 Garantizando la Protecci\u00f3n de los Derechos Humanos \u261d La protecci\u00f3n de los derechos humanos es un tema de vital importancia en la sociedad actual. En un mundo donde las injusticias y la violaci\u00f3n de los ... \u27a4","og_url":"https:\/\/dudasytextos.com\/militar\/proteccion\/proteccion-de-los-derechos-humanos\/","og_site_name":"Militar y Arsenal","article_published_time":"2025-10-19T01:01:03+00:00","article_modified_time":"2025-11-06T10:55:02+00:00","og_image":[{"width":768,"height":432,"url":"https:\/\/dudasytextos.com\/militar\/wp-content\/uploads\/2024\/02\/tFwt-kR-qA.jpg","type":"image\/jpeg"}],"author":"Manuel G\u00f3mez Sanchez","twitter_card":"summary_large_image","twitter_misc":{"Escrito por":"Manuel G\u00f3mez Sanchez","Tiempo de lectura":"5 minutos"},"schema":{"@context":"https:\/\/schema.org","@graph":[{"@type":"Article","@id":"https:\/\/dudasytextos.com\/militar\/proteccion\/proteccion-de-los-derechos-humanos\/#article","isPartOf":{"@id":"https:\/\/dudasytextos.com\/militar\/proteccion\/proteccion-de-los-derechos-humanos\/"},"author":{"name":"Manuel G\u00f3mez Sanchez","@id":"https:\/\/dudasytextos.com\/militar\/#\/schema\/person\/f29046a17154b6ebbc91e58a1e906222"},"headline":"Garantizando la Protecci\u00f3n de los Derechos Humanos","datePublished":"2025-10-19T01:01:03+00:00","dateModified":"2025-11-06T10:55:02+00:00","mainEntityOfPage":{"@id":"https:\/\/dudasytextos.com\/militar\/proteccion\/proteccion-de-los-derechos-humanos\/"},"wordCount":917,"image":{"@id":"https:\/\/dudasytextos.com\/militar\/proteccion\/proteccion-de-los-derechos-humanos\/#primaryimage"},"thumbnailUrl":"https:\/\/dudasytextos.com\/militar\/wp-content\/uploads\/2024\/02\/tFwt-kR-qA.jpg","articleSection":["Protecci\u00f3n"],"inLanguage":"es"},{"@type":"WebPage","@id":"https:\/\/dudasytextos.com\/militar\/proteccion\/proteccion-de-los-derechos-humanos\/","url":"https:\/\/dudasytextos.com\/militar\/proteccion\/proteccion-de-los-derechos-humanos\/","name":"\u25b7 Garantizando la Protecci\u00f3n de los Derechos Humanos [2026]","isPartOf":{"@id":"https:\/\/dudasytextos.com\/militar\/#website"},"primaryImageOfPage":{"@id":"https:\/\/dudasytextos.com\/militar\/proteccion\/proteccion-de-los-derechos-humanos\/#primaryimage"},"image":{"@id":"https:\/\/dudasytextos.com\/militar\/proteccion\/proteccion-de-los-derechos-humanos\/#primaryimage"},"thumbnailUrl":"https:\/\/dudasytextos.com\/militar\/wp-content\/uploads\/2024\/02\/tFwt-kR-qA.jpg","datePublished":"2025-10-19T01:01:03+00:00","dateModified":"2025-11-06T10:55:02+00:00","author":{"@id":"https:\/\/dudasytextos.com\/militar\/#\/schema\/person\/f29046a17154b6ebbc91e58a1e906222"},"description":"\u27a4 Garantizando la Protecci\u00f3n de los Derechos Humanos \u261d La protecci\u00f3n de los derechos humanos es un tema de vital importancia en la sociedad actual. En un mundo donde las injusticias y la violaci\u00f3n de los ... \u27a4","breadcrumb":{"@id":"https:\/\/dudasytextos.com\/militar\/proteccion\/proteccion-de-los-derechos-humanos\/#breadcrumb"},"inLanguage":"es","potentialAction":[{"@type":"ReadAction","target":["https:\/\/dudasytextos.com\/militar\/proteccion\/proteccion-de-los-derechos-humanos\/"]}]},{"@type":"ImageObject","inLanguage":"es","@id":"https:\/\/dudasytextos.com\/militar\/proteccion\/proteccion-de-los-derechos-humanos\/#primaryimage","url":"https:\/\/dudasytextos.com\/militar\/wp-content\/uploads\/2024\/02\/tFwt-kR-qA.jpg","contentUrl":"https:\/\/dudasytextos.com\/militar\/wp-content\/uploads\/2024\/02\/tFwt-kR-qA.jpg","width":768,"height":432},{"@type":"BreadcrumbList","@id":"https:\/\/dudasytextos.com\/militar\/proteccion\/proteccion-de-los-derechos-humanos\/#breadcrumb","itemListElement":[{"@type":"ListItem","position":1,"name":"Portada","item":"https:\/\/dudasytextos.com\/militar\/"},{"@type":"ListItem","position":2,"name":"Garantizando la Protecci\u00f3n de los Derechos Humanos"}]},{"@type":"WebSite","@id":"https:\/\/dudasytextos.com\/militar\/#website","url":"https:\/\/dudasytextos.com\/militar\/","name":"Militar y Arsenal","description":"","potentialAction":[{"@type":"SearchAction","target":{"@type":"EntryPoint","urlTemplate":"https:\/\/dudasytextos.com\/militar\/?s={search_term_string}"},"query-input":{"@type":"PropertyValueSpecification","valueRequired":true,"valueName":"search_term_string"}}],"inLanguage":"es"},{"@type":"Person","@id":"https:\/\/dudasytextos.com\/militar\/#\/schema\/person\/f29046a17154b6ebbc91e58a1e906222","name":"Manuel G\u00f3mez Sanchez","image":{"@type":"ImageObject","inLanguage":"es","@id":"https:\/\/secure.gravatar.com\/avatar\/b393c706812620f04315ff068fb5ec13d8d45aa77b88079cbac281f48db2e672?s=96&d=mm&r=g","url":"https:\/\/secure.gravatar.com\/avatar\/b393c706812620f04315ff068fb5ec13d8d45aa77b88079cbac281f48db2e672?s=96&d=mm&r=g","contentUrl":"https:\/\/secure.gravatar.com\/avatar\/b393c706812620f04315ff068fb5ec13d8d45aa77b88079cbac281f48db2e672?s=96&d=mm&r=g","caption":"Manuel G\u00f3mez Sanchez"},"description":"Soy un apasionado militar con m\u00e1s de 10 a\u00f1os de experiencia en el campo. He servido en varias misiones internacionales y he adquirido habilidades en liderazgo, estrategia y trabajo en equipo. Mi objetivo con mi blog es compartir mis conocimientos y experiencias en el \u00e1mbito militar, as\u00ed como proporcionar consejos y recursos para aquellos interesados en seguir una carrera en las fuerzas armadas.","sameAs":["https:\/\/dudasytextos.com\/militar"]}]}},"_links":{"self":[{"href":"https:\/\/dudasytextos.com\/militar\/wp-json\/wp\/v2\/posts\/16925","targetHints":{"allow":["GET"]}}],"collection":[{"href":"https:\/\/dudasytextos.com\/militar\/wp-json\/wp\/v2\/posts"}],"about":[{"href":"https:\/\/dudasytextos.com\/militar\/wp-json\/wp\/v2\/types\/post"}],"author":[{"embeddable":true,"href":"https:\/\/dudasytextos.com\/militar\/wp-json\/wp\/v2\/users\/1"}],"replies":[{"embeddable":true,"href":"https:\/\/dudasytextos.com\/militar\/wp-json\/wp\/v2\/comments?post=16925"}],"version-history":[{"count":0,"href":"https:\/\/dudasytextos.com\/militar\/wp-json\/wp\/v2\/posts\/16925\/revisions"}],"wp:featuredmedia":[{"embeddable":true,"href":"https:\/\/dudasytextos.com\/militar\/wp-json\/wp\/v2\/media\/16926"}],"wp:attachment":[{"href":"https:\/\/dudasytextos.com\/militar\/wp-json\/wp\/v2\/media?parent=16925"}],"wp:term":[{"taxonomy":"category","embeddable":true,"href":"https:\/\/dudasytextos.com\/militar\/wp-json\/wp\/v2\/categories?post=16925"},{"taxonomy":"post_tag","embeddable":true,"href":"https:\/\/dudasytextos.com\/militar\/wp-json\/wp\/v2\/tags?post=16925"}],"curies":[{"name":"wp","href":"https:\/\/api.w.org\/{rel}","templated":true}]}}