{"id":17516,"date":"2025-10-20T15:21:09","date_gmt":"2025-10-20T14:21:09","guid":{"rendered":"https:\/\/militaryarsenal.es\/blog\/politicas-de-control-de-armas\/"},"modified":"2025-11-06T12:09:02","modified_gmt":"2025-11-06T11:09:02","slug":"politicas-de-control-de-armas","status":"publish","type":"post","link":"https:\/\/dudasytextos.com\/militar\/armas\/politicas-de-control-de-armas\/","title":{"rendered":"Pol\u00edticas efectivas de control de armas: una necesidad urgente"},"content":{"rendered":"<p>Las pol\u00edticas de control de armas son un tema candente en la sociedad actual. Con el aumento de la violencia armada, se ha intensificado el debate sobre la necesidad de implementar medidas m\u00e1s estrictas para regular la posesi\u00f3n y el uso de armas de fuego. En este art\u00edculo, exploraremos las diferentes pol\u00edticas de control de armas que se est\u00e1n debatiendo en varios pa\u00edses, as\u00ed como los argumentos a favor y en contra de estas medidas.<\/p>\n<div style=\"float: none;clear: both;width: 100%;position: relative;padding-bottom: 68%;padding-top: 25px;height: 0;\"><iframe style=\"position: absolute; top: 0; left: 0; width: 100%;height: 100%;\" src=\"https:\/\/www.youtube.com\/embed\/f6pTM_77UI4\" frameborder=\"0\" allowfullscreen=\"allowfullscreen\"><\/iframe><\/div>\n<p><\/p>\n<h2>\u00bfQu\u00e9 es el control de un arma?<\/h2>\n<p>El control de armas es esencial para asegurar la seguridad de las personas y prevenir la violencia armada. Consiste en regular y limitar la producci\u00f3n, distribuci\u00f3n y uso de armas, con el fin de reducir la posibilidad de conflictos y cr\u00edmenes violentos. Este control puede ser llevado a cabo a nivel nacional, mediante leyes y regulaciones, as\u00ed como a nivel internacional, a trav\u00e9s de acuerdos entre distintos pa\u00edses.<\/p>\n<p>La implementaci\u00f3n efectiva del control de armas requiere la colaboraci\u00f3n y el compromiso de todos los pa\u00edses. Es necesario establecer normativas claras y efectivas que regulen la fabricaci\u00f3n, comercio y posesi\u00f3n de armas. Adem\u00e1s, es crucial que exista un monitoreo constante para prevenir la desviaci\u00f3n de armas hacia el mercado negro o su uso indebido por parte de grupos criminales o terroristas.<\/p>\n<p>En resumen, el control de armas es fundamental para promover la paz y la seguridad a nivel global. A trav\u00e9s de regulaciones y acuerdos internacionales, se busca reducir la proliferaci\u00f3n y el uso indiscriminado de armas, con el objetivo de proteger la vida y la integridad de las personas. Es una responsabilidad compartida que requiere el compromiso de la comunidad internacional para garantizar un mundo m\u00e1s seguro y pac\u00edfico.<\/p>\n<h2>\u00bfQui\u00e9n regula el uso de armas?<\/h2>\n<p>El Bur\u00f3 de Alcohol, Tabaco, Armas de Fuego y Explosivos (ATF) es la autoridad encargada de regular el uso de armas de fuego en Estados Unidos. Esta oficina gubernamental supervisa qui\u00e9n puede enviar, transportar, recibir y poseer armas de fuego y municiones, asegurando que se cumplan las leyes y regulaciones establecidas para su uso. Gracias a su labor, se busca garantizar la seguridad y el cumplimiento de las normativas relacionadas con el uso y posesi\u00f3n de armas.<\/p>\n<h2>\u00bfCu\u00e1ntas armas de fuego puede tener una persona?<\/h2>\n<p>Una persona puede tener un m\u00e1ximo de dos armas de fuego a su nombre, ya sea como persona natural o jur\u00eddica. Sin embargo, esta cantidad puede variar para vendedores autorizados, empresas de control de fauna y empresas de vigilantes privados, quienes pueden tener un n\u00famero mayor de armas.<\/p>\n<p>En resumen, la cantidad m\u00e1xima de armas de fuego que una persona puede poseer es de dos, a menos que se trate de vendedores autorizados, empresas de control de fauna o empresas de vigilantes privados, en cuyo caso se permite un n\u00famero mayor de armas.<\/p>\n<h2>Protegiendo vidas: Implementando medidas para el control de armas<\/h2>\n<p>En la actualidad, la violencia armada representa una amenaza para la seguridad de la sociedad. Es por ello que la implementaci\u00f3n de medidas para el control de armas se vuelve fundamental en la protecci\u00f3n de vidas. Establecer leyes m\u00e1s estrictas en cuanto a la posesi\u00f3n y uso de armas de fuego, as\u00ed como promover campa\u00f1as de concientizaci\u00f3n sobre el peligro que representan, son acciones necesarias para reducir la incidencia de tragedias relacionadas con armas.<\/p>\n<p>La regulaci\u00f3n de la venta de armas de fuego es un paso crucial en la protecci\u00f3n de vidas. Limitar el acceso a estas armas a trav\u00e9s de verificaciones exhaustivas de antecedentes y la prohibici\u00f3n de ciertos tipos de armamento contribuir\u00e1 a prevenir su uso en actos delictivos o violentos. Adem\u00e1s, promover la entrega voluntaria de armas y su destrucci\u00f3n puede ser una medida efectiva para reducir su presencia en la sociedad.<\/p>\n<p>Es fundamental que los gobiernos y las comunidades trabajen en conjunto para implementar estrategias que promuevan la seguridad y protecci\u00f3n de vidas. La educaci\u00f3n sobre el manejo responsable de armas y la promoci\u00f3n de alternativas pac\u00edficas para la resoluci\u00f3n de conflictos son tambi\u00e9n aspectos clave en la prevenci\u00f3n de la violencia armada. Proteger vidas a trav\u00e9s del control de armas es un compromiso que requiere de la colaboraci\u00f3n de todos los sectores de la sociedad.<\/p>\n<h2>Prioridad nacional: Estrategias efectivas para el control de armas<\/h2>\n<p>En un mundo donde la seguridad es una prioridad nacional, es fundamental implementar estrategias efectivas para el control de armas. La regulaci\u00f3n adecuada de la posesi\u00f3n y uso de armas de fuego puede contribuir significativamente a reducir la violencia y proteger a la poblaci\u00f3n. Es necesario promover medidas como verificaciones de antecedentes rigurosas, restricciones en la venta de armas de alto calibre y programas de educaci\u00f3n sobre el manejo seguro de armas para garantizar un ambiente m\u00e1s seguro para todos.<\/p>\n<p>Adem\u00e1s, es crucial fomentar la cooperaci\u00f3n internacional en la lucha contra el tr\u00e1fico il\u00edcito de armas, ya que este fen\u00f3meno representa una amenaza grave para la seguridad global. La implementaci\u00f3n de acuerdos y protocolos de control de armas a nivel internacional puede ayudar a prevenir la proliferaci\u00f3n de armas ilegales y reducir la incidencia de conflictos armados en todo el mundo. Solo a trav\u00e9s de una acci\u00f3n coordinada a nivel nacional e internacional podremos avanzar hacia un futuro m\u00e1s seguro y pac\u00edfico para todos.<\/p>\n<h2>Seguridad ciudadana: El impacto positivo de pol\u00edticas de control de armas<\/h2>\n<p>La implementaci\u00f3n de pol\u00edticas efectivas de control de armas ha demostrado tener un impacto positivo en la seguridad ciudadana. Estas medidas han contribuido a la reducci\u00f3n de la violencia armada, disminuyendo as\u00ed el riesgo de delitos y homicidios. Adem\u00e1s, al limitar el acceso a armas de fuego, se promueve un entorno m\u00e1s seguro y pac\u00edfico para la comunidad en general, fomentando la confianza y la tranquilidad de los ciudadanos.<\/p>\n<p>El control de armas no solo beneficia la seguridad ciudadana, sino que tambi\u00e9n tiene un impacto positivo en la salud p\u00fablica. La disminuci\u00f3n de la disponibilidad de armas de fuego ha demostrado correlacionarse con una reducci\u00f3n en los casos de suicidio y accidentes mortales. Al implementar pol\u00edticas de control de armas, se promueve un entorno m\u00e1s seguro y saludable para la sociedad en su conjunto, abordando de manera efectiva los riesgos asociados con la posesi\u00f3n y el uso irresponsable de armas de fuego.<\/p>\n<div style=\"float: none;clear: both;width: 100%;position: relative;padding-bottom: 68%;padding-top: 25px;height: 0;\"><iframe style=\"position: absolute; top: 0; left: 0; width: 100%;height: 100%;\" src=\"https:\/\/www.youtube.com\/embed\/ieIAxRAlVj4\" frameborder=\"0\" allowfullscreen=\"allowfullscreen\"><\/iframe><\/div>\n<p><\/p>\n<p>En resumen, las pol\u00edticas de control de armas son esenciales para garantizar la seguridad de la sociedad. Es necesario implementar medidas efectivas que regulen la posesi\u00f3n y uso de armas, con el fin de reducir la violencia y proteger la vida de los ciudadanos. Solo a trav\u00e9s de un enfoque integral y estricto en el control de armas, se podr\u00e1 avanzar hacia un futuro m\u00e1s seguro y pac\u00edfico para todos.<\/p>\n","protected":false},"excerpt":{"rendered":"<p>Las pol\u00edticas de control de armas son un tema candente en la sociedad actual. Con el aumento de la violencia armada, se ha intensificado el debate sobre la necesidad de implementar medidas m\u00e1s estrictas para regular la posesi\u00f3n y el uso de armas de fuego. En este art\u00edculo, exploraremos las diferentes pol\u00edticas de control de &#8230; <a title=\"Pol\u00edticas efectivas de control de armas: una necesidad urgente\" class=\"read-more\" href=\"https:\/\/dudasytextos.com\/militar\/armas\/politicas-de-control-de-armas\/\" aria-label=\"M\u00e1s en Pol\u00edticas efectivas de control de armas: una necesidad urgente\">Leer m\u00e1s<\/a><\/p>\n","protected":false},"author":1,"featured_media":17517,"comment_status":"closed","ping_status":"closed","sticky":false,"template":"","format":"standard","meta":{"footnotes":""},"categories":[90],"tags":[],"class_list":["post-17516","post","type-post","status-publish","format-standard","has-post-thumbnail","hentry","category-armas"],"yoast_head":"<!-- This site is optimized with the Yoast SEO plugin v28.4 - https:\/\/yoast.com\/product\/yoast-seo-wordpress\/ -->\n<title>\u25b7 Pol\u00edticas efectivas de control de armas: una necesidad urgente [2026]<\/title>\n<meta name=\"description\" content=\"\u27a4 Pol\u00edticas efectivas de control de armas: una necesidad urgente \u261d Las pol\u00edticas de control de armas son un tema candente en la sociedad actual. Con el aumento de la violencia armada, se ha intensificado el debate sobre ... \u27a4\" \/>\n<meta name=\"robots\" content=\"index, follow, max-snippet:-1, max-image-preview:large, max-video-preview:-1\" \/>\n<link rel=\"canonical\" href=\"https:\/\/dudasytextos.com\/militar\/armas\/politicas-de-control-de-armas\/\" \/>\n<meta property=\"og:locale\" content=\"es_ES\" \/>\n<meta property=\"og:type\" content=\"article\" \/>\n<meta property=\"og:title\" content=\"\u25b7 Pol\u00edticas efectivas de control de armas: una necesidad urgente [2026]\" \/>\n<meta property=\"og:description\" content=\"\u27a4 Pol\u00edticas efectivas de control de armas: una necesidad urgente \u261d Las pol\u00edticas de control de armas son un tema candente en la sociedad actual. Con el aumento de la violencia armada, se ha intensificado el debate sobre ... \u27a4\" \/>\n<meta property=\"og:url\" content=\"https:\/\/dudasytextos.com\/militar\/armas\/politicas-de-control-de-armas\/\" \/>\n<meta property=\"og:site_name\" content=\"Militar y Arsenal\" \/>\n<meta property=\"article:published_time\" content=\"2025-10-20T14:21:09+00:00\" \/>\n<meta property=\"article:modified_time\" content=\"2025-11-06T11:09:02+00:00\" \/>\n<meta property=\"og:image\" content=\"https:\/\/dudasytextos.com\/militar\/wp-content\/uploads\/2024\/02\/f6pTM_77UI4.jpg\" \/>\n\t<meta property=\"og:image:width\" content=\"480\" \/>\n\t<meta property=\"og:image:height\" content=\"360\" \/>\n\t<meta property=\"og:image:type\" content=\"image\/jpeg\" \/>\n<meta name=\"author\" content=\"Manuel G\u00f3mez Sanchez\" \/>\n<meta name=\"twitter:card\" content=\"summary_large_image\" \/>\n<meta name=\"twitter:label1\" content=\"Escrito por\" \/>\n\t<meta name=\"twitter:data1\" content=\"Manuel G\u00f3mez Sanchez\" \/>\n\t<meta name=\"twitter:label2\" content=\"Tiempo de lectura\" \/>\n\t<meta name=\"twitter:data2\" content=\"6 minutos\" \/>\n<script type=\"application\/ld+json\" class=\"yoast-schema-graph\">{\"@context\":\"https:\\\/\\\/schema.org\",\"@graph\":[{\"@type\":\"Article\",\"@id\":\"https:\\\/\\\/dudasytextos.com\\\/militar\\\/armas\\\/politicas-de-control-de-armas\\\/#article\",\"isPartOf\":{\"@id\":\"https:\\\/\\\/dudasytextos.com\\\/militar\\\/armas\\\/politicas-de-control-de-armas\\\/\"},\"author\":{\"name\":\"Manuel G\u00f3mez Sanchez\",\"@id\":\"https:\\\/\\\/dudasytextos.com\\\/militar\\\/#\\\/schema\\\/person\\\/f29046a17154b6ebbc91e58a1e906222\"},\"headline\":\"Pol\u00edticas efectivas de control de armas: una necesidad urgente\",\"datePublished\":\"2025-10-20T14:21:09+00:00\",\"dateModified\":\"2025-11-06T11:09:02+00:00\",\"mainEntityOfPage\":{\"@id\":\"https:\\\/\\\/dudasytextos.com\\\/militar\\\/armas\\\/politicas-de-control-de-armas\\\/\"},\"wordCount\":1198,\"image\":{\"@id\":\"https:\\\/\\\/dudasytextos.com\\\/militar\\\/armas\\\/politicas-de-control-de-armas\\\/#primaryimage\"},\"thumbnailUrl\":\"https:\\\/\\\/dudasytextos.com\\\/militar\\\/wp-content\\\/uploads\\\/2024\\\/02\\\/f6pTM_77UI4.jpg\",\"articleSection\":[\"Armas\"],\"inLanguage\":\"es\"},{\"@type\":\"WebPage\",\"@id\":\"https:\\\/\\\/dudasytextos.com\\\/militar\\\/armas\\\/politicas-de-control-de-armas\\\/\",\"url\":\"https:\\\/\\\/dudasytextos.com\\\/militar\\\/armas\\\/politicas-de-control-de-armas\\\/\",\"name\":\"\u25b7 Pol\u00edticas efectivas de control de armas: una necesidad urgente [2026]\",\"isPartOf\":{\"@id\":\"https:\\\/\\\/dudasytextos.com\\\/militar\\\/#website\"},\"primaryImageOfPage\":{\"@id\":\"https:\\\/\\\/dudasytextos.com\\\/militar\\\/armas\\\/politicas-de-control-de-armas\\\/#primaryimage\"},\"image\":{\"@id\":\"https:\\\/\\\/dudasytextos.com\\\/militar\\\/armas\\\/politicas-de-control-de-armas\\\/#primaryimage\"},\"thumbnailUrl\":\"https:\\\/\\\/dudasytextos.com\\\/militar\\\/wp-content\\\/uploads\\\/2024\\\/02\\\/f6pTM_77UI4.jpg\",\"datePublished\":\"2025-10-20T14:21:09+00:00\",\"dateModified\":\"2025-11-06T11:09:02+00:00\",\"author\":{\"@id\":\"https:\\\/\\\/dudasytextos.com\\\/militar\\\/#\\\/schema\\\/person\\\/f29046a17154b6ebbc91e58a1e906222\"},\"description\":\"\u27a4 Pol\u00edticas efectivas de control de armas: una necesidad urgente \u261d Las pol\u00edticas de control de armas son un tema candente en la sociedad actual. Con el aumento de la violencia armada, se ha intensificado el debate sobre ... \u27a4\",\"breadcrumb\":{\"@id\":\"https:\\\/\\\/dudasytextos.com\\\/militar\\\/armas\\\/politicas-de-control-de-armas\\\/#breadcrumb\"},\"inLanguage\":\"es\",\"potentialAction\":[{\"@type\":\"ReadAction\",\"target\":[\"https:\\\/\\\/dudasytextos.com\\\/militar\\\/armas\\\/politicas-de-control-de-armas\\\/\"]}]},{\"@type\":\"ImageObject\",\"inLanguage\":\"es\",\"@id\":\"https:\\\/\\\/dudasytextos.com\\\/militar\\\/armas\\\/politicas-de-control-de-armas\\\/#primaryimage\",\"url\":\"https:\\\/\\\/dudasytextos.com\\\/militar\\\/wp-content\\\/uploads\\\/2024\\\/02\\\/f6pTM_77UI4.jpg\",\"contentUrl\":\"https:\\\/\\\/dudasytextos.com\\\/militar\\\/wp-content\\\/uploads\\\/2024\\\/02\\\/f6pTM_77UI4.jpg\",\"width\":480,\"height\":360},{\"@type\":\"BreadcrumbList\",\"@id\":\"https:\\\/\\\/dudasytextos.com\\\/militar\\\/armas\\\/politicas-de-control-de-armas\\\/#breadcrumb\",\"itemListElement\":[{\"@type\":\"ListItem\",\"position\":1,\"name\":\"Portada\",\"item\":\"https:\\\/\\\/dudasytextos.com\\\/militar\\\/\"},{\"@type\":\"ListItem\",\"position\":2,\"name\":\"Pol\u00edticas efectivas de control de armas: una necesidad urgente\"}]},{\"@type\":\"WebSite\",\"@id\":\"https:\\\/\\\/dudasytextos.com\\\/militar\\\/#website\",\"url\":\"https:\\\/\\\/dudasytextos.com\\\/militar\\\/\",\"name\":\"Militar y Arsenal\",\"description\":\"\",\"potentialAction\":[{\"@type\":\"SearchAction\",\"target\":{\"@type\":\"EntryPoint\",\"urlTemplate\":\"https:\\\/\\\/dudasytextos.com\\\/militar\\\/?s={search_term_string}\"},\"query-input\":{\"@type\":\"PropertyValueSpecification\",\"valueRequired\":true,\"valueName\":\"search_term_string\"}}],\"inLanguage\":\"es\"},{\"@type\":\"Person\",\"@id\":\"https:\\\/\\\/dudasytextos.com\\\/militar\\\/#\\\/schema\\\/person\\\/f29046a17154b6ebbc91e58a1e906222\",\"name\":\"Manuel G\u00f3mez Sanchez\",\"image\":{\"@type\":\"ImageObject\",\"inLanguage\":\"es\",\"@id\":\"https:\\\/\\\/secure.gravatar.com\\\/avatar\\\/b393c706812620f04315ff068fb5ec13d8d45aa77b88079cbac281f48db2e672?s=96&d=mm&r=g\",\"url\":\"https:\\\/\\\/secure.gravatar.com\\\/avatar\\\/b393c706812620f04315ff068fb5ec13d8d45aa77b88079cbac281f48db2e672?s=96&d=mm&r=g\",\"contentUrl\":\"https:\\\/\\\/secure.gravatar.com\\\/avatar\\\/b393c706812620f04315ff068fb5ec13d8d45aa77b88079cbac281f48db2e672?s=96&d=mm&r=g\",\"caption\":\"Manuel G\u00f3mez Sanchez\"},\"description\":\"Soy un apasionado militar con m\u00e1s de 10 a\u00f1os de experiencia en el campo. He servido en varias misiones internacionales y he adquirido habilidades en liderazgo, estrategia y trabajo en equipo. Mi objetivo con mi blog es compartir mis conocimientos y experiencias en el \u00e1mbito militar, as\u00ed como proporcionar consejos y recursos para aquellos interesados en seguir una carrera en las fuerzas armadas.\",\"sameAs\":[\"https:\\\/\\\/dudasytextos.com\\\/militar\"]}]}<\/script>\n<!-- \/ Yoast SEO plugin. -->","yoast_head_json":{"title":"\u25b7 Pol\u00edticas efectivas de control de armas: una necesidad urgente [2026]","description":"\u27a4 Pol\u00edticas efectivas de control de armas: una necesidad urgente \u261d Las pol\u00edticas de control de armas son un tema candente en la sociedad actual. Con el aumento de la violencia armada, se ha intensificado el debate sobre ... \u27a4","robots":{"index":"index","follow":"follow","max-snippet":"max-snippet:-1","max-image-preview":"max-image-preview:large","max-video-preview":"max-video-preview:-1"},"canonical":"https:\/\/dudasytextos.com\/militar\/armas\/politicas-de-control-de-armas\/","og_locale":"es_ES","og_type":"article","og_title":"\u25b7 Pol\u00edticas efectivas de control de armas: una necesidad urgente [2026]","og_description":"\u27a4 Pol\u00edticas efectivas de control de armas: una necesidad urgente \u261d Las pol\u00edticas de control de armas son un tema candente en la sociedad actual. Con el aumento de la violencia armada, se ha intensificado el debate sobre ... \u27a4","og_url":"https:\/\/dudasytextos.com\/militar\/armas\/politicas-de-control-de-armas\/","og_site_name":"Militar y Arsenal","article_published_time":"2025-10-20T14:21:09+00:00","article_modified_time":"2025-11-06T11:09:02+00:00","og_image":[{"width":480,"height":360,"url":"https:\/\/dudasytextos.com\/militar\/wp-content\/uploads\/2024\/02\/f6pTM_77UI4.jpg","type":"image\/jpeg"}],"author":"Manuel G\u00f3mez Sanchez","twitter_card":"summary_large_image","twitter_misc":{"Escrito por":"Manuel G\u00f3mez Sanchez","Tiempo de lectura":"6 minutos"},"schema":{"@context":"https:\/\/schema.org","@graph":[{"@type":"Article","@id":"https:\/\/dudasytextos.com\/militar\/armas\/politicas-de-control-de-armas\/#article","isPartOf":{"@id":"https:\/\/dudasytextos.com\/militar\/armas\/politicas-de-control-de-armas\/"},"author":{"name":"Manuel G\u00f3mez Sanchez","@id":"https:\/\/dudasytextos.com\/militar\/#\/schema\/person\/f29046a17154b6ebbc91e58a1e906222"},"headline":"Pol\u00edticas efectivas de control de armas: una necesidad urgente","datePublished":"2025-10-20T14:21:09+00:00","dateModified":"2025-11-06T11:09:02+00:00","mainEntityOfPage":{"@id":"https:\/\/dudasytextos.com\/militar\/armas\/politicas-de-control-de-armas\/"},"wordCount":1198,"image":{"@id":"https:\/\/dudasytextos.com\/militar\/armas\/politicas-de-control-de-armas\/#primaryimage"},"thumbnailUrl":"https:\/\/dudasytextos.com\/militar\/wp-content\/uploads\/2024\/02\/f6pTM_77UI4.jpg","articleSection":["Armas"],"inLanguage":"es"},{"@type":"WebPage","@id":"https:\/\/dudasytextos.com\/militar\/armas\/politicas-de-control-de-armas\/","url":"https:\/\/dudasytextos.com\/militar\/armas\/politicas-de-control-de-armas\/","name":"\u25b7 Pol\u00edticas efectivas de control de armas: una necesidad urgente [2026]","isPartOf":{"@id":"https:\/\/dudasytextos.com\/militar\/#website"},"primaryImageOfPage":{"@id":"https:\/\/dudasytextos.com\/militar\/armas\/politicas-de-control-de-armas\/#primaryimage"},"image":{"@id":"https:\/\/dudasytextos.com\/militar\/armas\/politicas-de-control-de-armas\/#primaryimage"},"thumbnailUrl":"https:\/\/dudasytextos.com\/militar\/wp-content\/uploads\/2024\/02\/f6pTM_77UI4.jpg","datePublished":"2025-10-20T14:21:09+00:00","dateModified":"2025-11-06T11:09:02+00:00","author":{"@id":"https:\/\/dudasytextos.com\/militar\/#\/schema\/person\/f29046a17154b6ebbc91e58a1e906222"},"description":"\u27a4 Pol\u00edticas efectivas de control de armas: una necesidad urgente \u261d Las pol\u00edticas de control de armas son un tema candente en la sociedad actual. Con el aumento de la violencia armada, se ha intensificado el debate sobre ... \u27a4","breadcrumb":{"@id":"https:\/\/dudasytextos.com\/militar\/armas\/politicas-de-control-de-armas\/#breadcrumb"},"inLanguage":"es","potentialAction":[{"@type":"ReadAction","target":["https:\/\/dudasytextos.com\/militar\/armas\/politicas-de-control-de-armas\/"]}]},{"@type":"ImageObject","inLanguage":"es","@id":"https:\/\/dudasytextos.com\/militar\/armas\/politicas-de-control-de-armas\/#primaryimage","url":"https:\/\/dudasytextos.com\/militar\/wp-content\/uploads\/2024\/02\/f6pTM_77UI4.jpg","contentUrl":"https:\/\/dudasytextos.com\/militar\/wp-content\/uploads\/2024\/02\/f6pTM_77UI4.jpg","width":480,"height":360},{"@type":"BreadcrumbList","@id":"https:\/\/dudasytextos.com\/militar\/armas\/politicas-de-control-de-armas\/#breadcrumb","itemListElement":[{"@type":"ListItem","position":1,"name":"Portada","item":"https:\/\/dudasytextos.com\/militar\/"},{"@type":"ListItem","position":2,"name":"Pol\u00edticas efectivas de control de armas: una necesidad urgente"}]},{"@type":"WebSite","@id":"https:\/\/dudasytextos.com\/militar\/#website","url":"https:\/\/dudasytextos.com\/militar\/","name":"Militar y Arsenal","description":"","potentialAction":[{"@type":"SearchAction","target":{"@type":"EntryPoint","urlTemplate":"https:\/\/dudasytextos.com\/militar\/?s={search_term_string}"},"query-input":{"@type":"PropertyValueSpecification","valueRequired":true,"valueName":"search_term_string"}}],"inLanguage":"es"},{"@type":"Person","@id":"https:\/\/dudasytextos.com\/militar\/#\/schema\/person\/f29046a17154b6ebbc91e58a1e906222","name":"Manuel G\u00f3mez Sanchez","image":{"@type":"ImageObject","inLanguage":"es","@id":"https:\/\/secure.gravatar.com\/avatar\/b393c706812620f04315ff068fb5ec13d8d45aa77b88079cbac281f48db2e672?s=96&d=mm&r=g","url":"https:\/\/secure.gravatar.com\/avatar\/b393c706812620f04315ff068fb5ec13d8d45aa77b88079cbac281f48db2e672?s=96&d=mm&r=g","contentUrl":"https:\/\/secure.gravatar.com\/avatar\/b393c706812620f04315ff068fb5ec13d8d45aa77b88079cbac281f48db2e672?s=96&d=mm&r=g","caption":"Manuel G\u00f3mez Sanchez"},"description":"Soy un apasionado militar con m\u00e1s de 10 a\u00f1os de experiencia en el campo. He servido en varias misiones internacionales y he adquirido habilidades en liderazgo, estrategia y trabajo en equipo. Mi objetivo con mi blog es compartir mis conocimientos y experiencias en el \u00e1mbito militar, as\u00ed como proporcionar consejos y recursos para aquellos interesados en seguir una carrera en las fuerzas armadas.","sameAs":["https:\/\/dudasytextos.com\/militar"]}]}},"_links":{"self":[{"href":"https:\/\/dudasytextos.com\/militar\/wp-json\/wp\/v2\/posts\/17516","targetHints":{"allow":["GET"]}}],"collection":[{"href":"https:\/\/dudasytextos.com\/militar\/wp-json\/wp\/v2\/posts"}],"about":[{"href":"https:\/\/dudasytextos.com\/militar\/wp-json\/wp\/v2\/types\/post"}],"author":[{"embeddable":true,"href":"https:\/\/dudasytextos.com\/militar\/wp-json\/wp\/v2\/users\/1"}],"replies":[{"embeddable":true,"href":"https:\/\/dudasytextos.com\/militar\/wp-json\/wp\/v2\/comments?post=17516"}],"version-history":[{"count":0,"href":"https:\/\/dudasytextos.com\/militar\/wp-json\/wp\/v2\/posts\/17516\/revisions"}],"wp:featuredmedia":[{"embeddable":true,"href":"https:\/\/dudasytextos.com\/militar\/wp-json\/wp\/v2\/media\/17517"}],"wp:attachment":[{"href":"https:\/\/dudasytextos.com\/militar\/wp-json\/wp\/v2\/media?parent=17516"}],"wp:term":[{"taxonomy":"category","embeddable":true,"href":"https:\/\/dudasytextos.com\/militar\/wp-json\/wp\/v2\/categories?post=17516"},{"taxonomy":"post_tag","embeddable":true,"href":"https:\/\/dudasytextos.com\/militar\/wp-json\/wp\/v2\/tags?post=17516"}],"curies":[{"name":"wp","href":"https:\/\/api.w.org\/{rel}","templated":true}]}}