{"id":18578,"date":"2025-10-22T07:33:01","date_gmt":"2025-10-22T06:33:01","guid":{"rendered":"https:\/\/militaryarsenal.es\/blog\/terrorismo-y-conflicto-asimetrico\/"},"modified":"2025-11-06T12:44:08","modified_gmt":"2025-11-06T11:44:08","slug":"terrorismo-y-conflicto-asimetrico","status":"publish","type":"post","link":"https:\/\/dudasytextos.com\/militar\/blog\/terrorismo-y-conflicto-asimetrico\/","title":{"rendered":"Terrorismo y conflicto asim\u00e9trico: una mirada profunda"},"content":{"rendered":"<p>El terrorismo y el conflicto asim\u00e9trico son fen\u00f3menos que han marcado la historia reciente del mundo, generando un impacto significativo en la sociedad global. Estos desaf\u00edos representan una amenaza constante para la estabilidad y la seguridad, y su complejidad requiere un an\u00e1lisis exhaustivo. En este art\u00edculo, exploraremos las caracter\u00edsticas, las causas y las consecuencias de estos fen\u00f3menos, as\u00ed como las posibles estrategias para hacerles frente.<\/p>\n<div style=\"float: none;clear: both;width: 100%;position: relative;padding-bottom: 68%;padding-top: 25px;height: 0;\"><iframe style=\"position: absolute; top: 0; left: 0; width: 100%;height: 100%;\" src=\"https:\/\/www.youtube.com\/embed\/M_IWb0zt_w4\" frameborder=\"0\" allowfullscreen=\"allowfullscreen\"><\/iframe><\/div>\n<p><\/p>\n<h2>\u00bfCu\u00e1les son las principales caracter\u00edsticas del terrorismo y conflicto asim\u00e9trico?<\/h2>\n<p>El terrorismo y conflicto asim\u00e9trico se caracterizan por la utilizaci\u00f3n de t\u00e1cticas no convencionales y desequilibradas en t\u00e9rminos de poder y recursos. Estos conflictos suelen involucrar a actores no estatales que recurren a la violencia indiscriminada para causar miedo y desestabilizar a la poblaci\u00f3n. Adem\u00e1s, el terrorismo y conflicto asim\u00e9trico se distinguen por su naturaleza asim\u00e9trica, donde un grupo m\u00e1s d\u00e9bil busca enfrentarse a un adversario m\u00e1s fuerte, lo que conlleva a estrategias de guerrilla, ataques sorpresa y acciones encubiertas. Estas caracter\u00edsticas hacen que el terrorismo y conflicto asim\u00e9trico representen un desaf\u00edo \u00fanico para la seguridad internacional, ya que no siguen las reglas tradicionales de la guerra y presentan dificultades para su prevenci\u00f3n y resoluci\u00f3n.<\/p>\n<h2>\u00bfCu\u00e1l es la diferencia entre el terrorismo y conflicto asim\u00e9trico y otros tipos de conflictos armados?<\/h2>\n<p>El terrorismo y el conflicto asim\u00e9trico se diferencian de otros tipos de conflictos armados por su naturaleza no convencional y su enfoque en causar miedo y terror en la poblaci\u00f3n civil. Mientras que en un conflicto armado tradicional hay dos fuerzas militares enfrentadas, en el terrorismo y el conflicto asim\u00e9trico, un grupo m\u00e1s d\u00e9bil utiliza t\u00e1cticas no convencionales, como ataques sorpresa o atentados suicidas, para combatir a un enemigo m\u00e1s poderoso. Adem\u00e1s, el terrorismo tiende a tener objetivos pol\u00edticos o ideol\u00f3gicos, mientras que el conflicto asim\u00e9trico puede surgir por motivos \u00e9tnicos, religiosos o econ\u00f3micos. Ambos tipos de conflicto presentan desaf\u00edos \u00fanicos para la seguridad internacional y requieren respuestas adaptadas a su naturaleza no convencional.<\/p>\n<h2>Analizando las ra\u00edces del terrorismo<\/h2>\n<p>El terrorismo es un fen\u00f3meno complejo que ha existido a lo largo de la historia y que tiene ra\u00edces profundas en diferentes contextos pol\u00edticos, sociales y econ\u00f3micos. Es crucial analizar las causas subyacentes del terrorismo para poder abordar eficazmente este problema global. Desde la opresi\u00f3n pol\u00edtica hasta la desigualdad econ\u00f3mica, entender las ra\u00edces del terrorismo nos brinda la oportunidad de trabajar hacia soluciones sostenibles que aborden las injusticias fundamentales que alimentan este fen\u00f3meno.<\/p>\n<p>Al explorar las ra\u00edces del terrorismo, es fundamental considerar la diversidad de perspectivas y experiencias que influyen en su origen y perpetuaci\u00f3n. No podemos abordar eficazmente el terrorismo si no entendemos las complejas interconexiones de factores hist\u00f3ricos, culturales y sociales que lo alimentan. Este an\u00e1lisis profundo nos permite desarrollar estrategias m\u00e1s efectivas y compasivas que aborden las causas profundas del terrorismo, promoviendo la justicia, la igualdad y la paz a nivel mundial.<\/p>\n<h2>La lucha contra el terrorismo: desaf\u00edos actuales<\/h2>\n<p>En la actualidad, la lucha contra el terrorismo sigue siendo uno de los desaf\u00edos m\u00e1s importantes a nivel mundial. Con la evoluci\u00f3n de las tecnolog\u00edas y la globalizaci\u00f3n, los grupos terroristas han encontrado nuevas formas de operar y difundir su mensaje. Es crucial que la comunidad internacional trabaje en conjunto para combatir esta amenaza y proteger a los ciudadanos de todo el mundo.<\/p>\n<p>Los ataques terroristas pueden ocurrir en cualquier momento y en cualquier lugar, lo que hace que sea fundamental estar preparados y tener estrategias efectivas para prevenirlos. Adem\u00e1s, es importante abordar las causas subyacentes del terrorismo, como la desigualdad social, la falta de oportunidades y la radicalizaci\u00f3n. Solo abordando estas cuestiones de ra\u00edz podremos avanzar hacia un mundo m\u00e1s seguro y pac\u00edfico.<\/p>\n<p>La cooperaci\u00f3n entre los gobiernos, las agencias de seguridad y la sociedad civil es clave en la lucha contra el terrorismo. Es necesario compartir informaci\u00f3n, coordinar esfuerzos y trabajar juntos para identificar y neutralizar las amenazas. Al mismo tiempo, es fundamental respetar los derechos humanos y las libertades civiles en este proceso, para no caer en pr\u00e1cticas autoritarias que puedan afectar a la sociedad en su conjunto. Juntos, podemos enfrentar los desaf\u00edos actuales y construir un futuro m\u00e1s seguro para todos.<\/p>\n<h2>Estrategias para combatir el conflicto asim\u00e9trico<\/h2>\n<p>Para combatir el conflicto asim\u00e9trico, es fundamental implementar estrategias innovadoras y adaptables que permitan contrarrestar las t\u00e1cticas no convencionales empleadas por grupos insurgentes. Entre las estrategias m\u00e1s efectivas se encuentran el fortalecimiento de la inteligencia y la cooperaci\u00f3n internacional, el uso de tecnolog\u00eda avanzada para el reconocimiento y la neutralizaci\u00f3n de amenazas, y el desarrollo de capacidades de respuesta r\u00e1pida y flexibles. Asimismo, es crucial promover la participaci\u00f3n activa de la sociedad civil y fomentar la reconciliaci\u00f3n y la construcci\u00f3n de la paz como herramientas fundamentales para abordar las causas subyacentes del conflicto.<\/p>\n<h2>Reflexiones sobre el impacto del terrorismo en la sociedad<\/h2>\n<p>El terrorismo ha dejado una profunda huella en la sociedad, generando miedo, desconfianza y divisi\u00f3n entre las personas. Sus impactos se ven reflejados en la manera en que nos relacionamos con los dem\u00e1s y en la forma en que percibimos nuestro entorno. Es importante reflexionar sobre c\u00f3mo el terrorismo ha afectado nuestra convivencia y buscar formas de unirnos para superar sus consecuencias.<\/p>\n<p>La violencia terrorista ha provocado un cambio en la mentalidad de la sociedad, llev\u00e1ndonos a cuestionar nuestras libertades y derechos fundamentales. La seguridad se ha convertido en una preocupaci\u00f3n constante, oblig\u00e1ndonos a estar alerta y a tomar medidas para protegernos a nosotros mismos y a nuestros seres queridos. Es fundamental analizar c\u00f3mo podemos responder de manera colectiva ante esta amenaza y fortalecer nuestra resiliencia como sociedad.<\/p>\n<p>En medio del dolor y la incertidumbre, es necesario mantener la esperanza y la solidaridad como pilares fundamentales para afrontar el impacto del terrorismo. Unirnos en la diversidad, promover el di\u00e1logo y la tolerancia, y trabajar juntos para construir un futuro m\u00e1s pac\u00edfico y seguro son pasos esenciales para superar este desaf\u00edo. Solo a trav\u00e9s de la uni\u00f3n y la colaboraci\u00f3n podremos enfrentar el terrorismo y sus consecuencias en la sociedad.<\/p>\n<div style=\"float: none;clear: both;width: 100%;position: relative;padding-bottom: 68%;padding-top: 25px;height: 0;\"><iframe style=\"position: absolute; top: 0; left: 0; width: 100%;height: 100%;\" src=\"https:\/\/www.youtube.com\/embed\/_io0lOOmn_M\" frameborder=\"0\" allowfullscreen=\"allowfullscreen\"><\/iframe><\/div>\n<p><\/p>\n<p>En resumen, el terrorismo y el conflicto asim\u00e9trico contin\u00faan siendo desaf\u00edos significativos en la arena global. La complejidad de estos fen\u00f3menos requiere un enfoque multifac\u00e9tico que aborde tanto las causas subyacentes como las manifestaciones violentas. Es fundamental que la comunidad internacional trabaje en conjunto para desarrollar estrategias efectivas que promuevan la paz, la seguridad y la estabilidad en todo el mundo.<\/p>\n","protected":false},"excerpt":{"rendered":"<p>El terrorismo y el conflicto asim\u00e9trico son fen\u00f3menos que han marcado la historia reciente del mundo, generando un impacto significativo en la sociedad global. Estos desaf\u00edos representan una amenaza constante para la estabilidad y la seguridad, y su complejidad requiere un an\u00e1lisis exhaustivo. En este art\u00edculo, exploraremos las caracter\u00edsticas, las causas y las consecuencias de &#8230; <a title=\"Terrorismo y conflicto asim\u00e9trico: una mirada profunda\" class=\"read-more\" href=\"https:\/\/dudasytextos.com\/militar\/blog\/terrorismo-y-conflicto-asimetrico\/\" aria-label=\"M\u00e1s en Terrorismo y conflicto asim\u00e9trico: una mirada profunda\">Leer m\u00e1s<\/a><\/p>\n","protected":false},"author":1,"featured_media":18579,"comment_status":"closed","ping_status":"closed","sticky":false,"template":"","format":"standard","meta":{"footnotes":""},"categories":[2],"tags":[],"class_list":["post-18578","post","type-post","status-publish","format-standard","has-post-thumbnail","hentry","category-blog"],"yoast_head":"<!-- This site is optimized with the Yoast SEO plugin v28.4 - https:\/\/yoast.com\/product\/yoast-seo-wordpress\/ -->\n<title>\u25b7 Terrorismo y conflicto asim\u00e9trico: una mirada profunda [2026]<\/title>\n<meta name=\"description\" content=\"\u27a4 Terrorismo y conflicto asim\u00e9trico: una mirada profunda \u261d El terrorismo y el conflicto asim\u00e9trico son fen\u00f3menos que han marcado la historia reciente del mundo, generando un impacto significativo en la sociedad ... \u27a4\" \/>\n<meta name=\"robots\" content=\"index, follow, max-snippet:-1, max-image-preview:large, max-video-preview:-1\" \/>\n<link rel=\"canonical\" href=\"https:\/\/dudasytextos.com\/militar\/blog\/terrorismo-y-conflicto-asimetrico\/\" \/>\n<meta property=\"og:locale\" content=\"es_ES\" \/>\n<meta property=\"og:type\" content=\"article\" \/>\n<meta property=\"og:title\" content=\"\u25b7 Terrorismo y conflicto asim\u00e9trico: una mirada profunda [2026]\" \/>\n<meta property=\"og:description\" content=\"\u27a4 Terrorismo y conflicto asim\u00e9trico: una mirada profunda \u261d El terrorismo y el conflicto asim\u00e9trico son fen\u00f3menos que han marcado la historia reciente del mundo, generando un impacto significativo en la sociedad ... \u27a4\" \/>\n<meta property=\"og:url\" content=\"https:\/\/dudasytextos.com\/militar\/blog\/terrorismo-y-conflicto-asimetrico\/\" \/>\n<meta property=\"og:site_name\" content=\"Militar y Arsenal\" \/>\n<meta property=\"article:published_time\" content=\"2025-10-22T06:33:01+00:00\" \/>\n<meta property=\"article:modified_time\" content=\"2025-11-06T11:44:08+00:00\" \/>\n<meta property=\"og:image\" content=\"https:\/\/dudasytextos.com\/militar\/wp-content\/uploads\/2024\/02\/M_IWb0zt_w4.jpg\" \/>\n\t<meta property=\"og:image:width\" content=\"768\" \/>\n\t<meta property=\"og:image:height\" content=\"432\" \/>\n\t<meta property=\"og:image:type\" content=\"image\/jpeg\" \/>\n<meta name=\"author\" content=\"Manuel G\u00f3mez Sanchez\" \/>\n<meta name=\"twitter:card\" content=\"summary_large_image\" \/>\n<meta name=\"twitter:label1\" content=\"Escrito por\" \/>\n\t<meta name=\"twitter:data1\" content=\"Manuel G\u00f3mez Sanchez\" \/>\n\t<meta name=\"twitter:label2\" content=\"Tiempo de lectura\" \/>\n\t<meta name=\"twitter:data2\" content=\"6 minutos\" \/>\n<script type=\"application\/ld+json\" class=\"yoast-schema-graph\">{\"@context\":\"https:\\\/\\\/schema.org\",\"@graph\":[{\"@type\":\"Article\",\"@id\":\"https:\\\/\\\/dudasytextos.com\\\/militar\\\/blog\\\/terrorismo-y-conflicto-asimetrico\\\/#article\",\"isPartOf\":{\"@id\":\"https:\\\/\\\/dudasytextos.com\\\/militar\\\/blog\\\/terrorismo-y-conflicto-asimetrico\\\/\"},\"author\":{\"name\":\"Manuel G\u00f3mez Sanchez\",\"@id\":\"https:\\\/\\\/dudasytextos.com\\\/militar\\\/#\\\/schema\\\/person\\\/f29046a17154b6ebbc91e58a1e906222\"},\"headline\":\"Terrorismo y conflicto asim\u00e9trico: una mirada profunda\",\"datePublished\":\"2025-10-22T06:33:01+00:00\",\"dateModified\":\"2025-11-06T11:44:08+00:00\",\"mainEntityOfPage\":{\"@id\":\"https:\\\/\\\/dudasytextos.com\\\/militar\\\/blog\\\/terrorismo-y-conflicto-asimetrico\\\/\"},\"wordCount\":1160,\"image\":{\"@id\":\"https:\\\/\\\/dudasytextos.com\\\/militar\\\/blog\\\/terrorismo-y-conflicto-asimetrico\\\/#primaryimage\"},\"thumbnailUrl\":\"https:\\\/\\\/dudasytextos.com\\\/militar\\\/wp-content\\\/uploads\\\/2024\\\/02\\\/M_IWb0zt_w4.jpg\",\"articleSection\":[\"blog\"],\"inLanguage\":\"es\"},{\"@type\":\"WebPage\",\"@id\":\"https:\\\/\\\/dudasytextos.com\\\/militar\\\/blog\\\/terrorismo-y-conflicto-asimetrico\\\/\",\"url\":\"https:\\\/\\\/dudasytextos.com\\\/militar\\\/blog\\\/terrorismo-y-conflicto-asimetrico\\\/\",\"name\":\"\u25b7 Terrorismo y conflicto asim\u00e9trico: una mirada profunda [2026]\",\"isPartOf\":{\"@id\":\"https:\\\/\\\/dudasytextos.com\\\/militar\\\/#website\"},\"primaryImageOfPage\":{\"@id\":\"https:\\\/\\\/dudasytextos.com\\\/militar\\\/blog\\\/terrorismo-y-conflicto-asimetrico\\\/#primaryimage\"},\"image\":{\"@id\":\"https:\\\/\\\/dudasytextos.com\\\/militar\\\/blog\\\/terrorismo-y-conflicto-asimetrico\\\/#primaryimage\"},\"thumbnailUrl\":\"https:\\\/\\\/dudasytextos.com\\\/militar\\\/wp-content\\\/uploads\\\/2024\\\/02\\\/M_IWb0zt_w4.jpg\",\"datePublished\":\"2025-10-22T06:33:01+00:00\",\"dateModified\":\"2025-11-06T11:44:08+00:00\",\"author\":{\"@id\":\"https:\\\/\\\/dudasytextos.com\\\/militar\\\/#\\\/schema\\\/person\\\/f29046a17154b6ebbc91e58a1e906222\"},\"description\":\"\u27a4 Terrorismo y conflicto asim\u00e9trico: una mirada profunda \u261d El terrorismo y el conflicto asim\u00e9trico son fen\u00f3menos que han marcado la historia reciente del mundo, generando un impacto significativo en la sociedad ... \u27a4\",\"breadcrumb\":{\"@id\":\"https:\\\/\\\/dudasytextos.com\\\/militar\\\/blog\\\/terrorismo-y-conflicto-asimetrico\\\/#breadcrumb\"},\"inLanguage\":\"es\",\"potentialAction\":[{\"@type\":\"ReadAction\",\"target\":[\"https:\\\/\\\/dudasytextos.com\\\/militar\\\/blog\\\/terrorismo-y-conflicto-asimetrico\\\/\"]}]},{\"@type\":\"ImageObject\",\"inLanguage\":\"es\",\"@id\":\"https:\\\/\\\/dudasytextos.com\\\/militar\\\/blog\\\/terrorismo-y-conflicto-asimetrico\\\/#primaryimage\",\"url\":\"https:\\\/\\\/dudasytextos.com\\\/militar\\\/wp-content\\\/uploads\\\/2024\\\/02\\\/M_IWb0zt_w4.jpg\",\"contentUrl\":\"https:\\\/\\\/dudasytextos.com\\\/militar\\\/wp-content\\\/uploads\\\/2024\\\/02\\\/M_IWb0zt_w4.jpg\",\"width\":768,\"height\":432},{\"@type\":\"BreadcrumbList\",\"@id\":\"https:\\\/\\\/dudasytextos.com\\\/militar\\\/blog\\\/terrorismo-y-conflicto-asimetrico\\\/#breadcrumb\",\"itemListElement\":[{\"@type\":\"ListItem\",\"position\":1,\"name\":\"Portada\",\"item\":\"https:\\\/\\\/dudasytextos.com\\\/militar\\\/\"},{\"@type\":\"ListItem\",\"position\":2,\"name\":\"Terrorismo y conflicto asim\u00e9trico: una mirada profunda\"}]},{\"@type\":\"WebSite\",\"@id\":\"https:\\\/\\\/dudasytextos.com\\\/militar\\\/#website\",\"url\":\"https:\\\/\\\/dudasytextos.com\\\/militar\\\/\",\"name\":\"Militar y Arsenal\",\"description\":\"\",\"potentialAction\":[{\"@type\":\"SearchAction\",\"target\":{\"@type\":\"EntryPoint\",\"urlTemplate\":\"https:\\\/\\\/dudasytextos.com\\\/militar\\\/?s={search_term_string}\"},\"query-input\":{\"@type\":\"PropertyValueSpecification\",\"valueRequired\":true,\"valueName\":\"search_term_string\"}}],\"inLanguage\":\"es\"},{\"@type\":\"Person\",\"@id\":\"https:\\\/\\\/dudasytextos.com\\\/militar\\\/#\\\/schema\\\/person\\\/f29046a17154b6ebbc91e58a1e906222\",\"name\":\"Manuel G\u00f3mez Sanchez\",\"image\":{\"@type\":\"ImageObject\",\"inLanguage\":\"es\",\"@id\":\"https:\\\/\\\/secure.gravatar.com\\\/avatar\\\/b393c706812620f04315ff068fb5ec13d8d45aa77b88079cbac281f48db2e672?s=96&d=mm&r=g\",\"url\":\"https:\\\/\\\/secure.gravatar.com\\\/avatar\\\/b393c706812620f04315ff068fb5ec13d8d45aa77b88079cbac281f48db2e672?s=96&d=mm&r=g\",\"contentUrl\":\"https:\\\/\\\/secure.gravatar.com\\\/avatar\\\/b393c706812620f04315ff068fb5ec13d8d45aa77b88079cbac281f48db2e672?s=96&d=mm&r=g\",\"caption\":\"Manuel G\u00f3mez Sanchez\"},\"description\":\"Soy un apasionado militar con m\u00e1s de 10 a\u00f1os de experiencia en el campo. He servido en varias misiones internacionales y he adquirido habilidades en liderazgo, estrategia y trabajo en equipo. Mi objetivo con mi blog es compartir mis conocimientos y experiencias en el \u00e1mbito militar, as\u00ed como proporcionar consejos y recursos para aquellos interesados en seguir una carrera en las fuerzas armadas.\",\"sameAs\":[\"https:\\\/\\\/dudasytextos.com\\\/militar\"]}]}<\/script>\n<!-- \/ Yoast SEO plugin. -->","yoast_head_json":{"title":"\u25b7 Terrorismo y conflicto asim\u00e9trico: una mirada profunda [2026]","description":"\u27a4 Terrorismo y conflicto asim\u00e9trico: una mirada profunda \u261d El terrorismo y el conflicto asim\u00e9trico son fen\u00f3menos que han marcado la historia reciente del mundo, generando un impacto significativo en la sociedad ... \u27a4","robots":{"index":"index","follow":"follow","max-snippet":"max-snippet:-1","max-image-preview":"max-image-preview:large","max-video-preview":"max-video-preview:-1"},"canonical":"https:\/\/dudasytextos.com\/militar\/blog\/terrorismo-y-conflicto-asimetrico\/","og_locale":"es_ES","og_type":"article","og_title":"\u25b7 Terrorismo y conflicto asim\u00e9trico: una mirada profunda [2026]","og_description":"\u27a4 Terrorismo y conflicto asim\u00e9trico: una mirada profunda \u261d El terrorismo y el conflicto asim\u00e9trico son fen\u00f3menos que han marcado la historia reciente del mundo, generando un impacto significativo en la sociedad ... \u27a4","og_url":"https:\/\/dudasytextos.com\/militar\/blog\/terrorismo-y-conflicto-asimetrico\/","og_site_name":"Militar y Arsenal","article_published_time":"2025-10-22T06:33:01+00:00","article_modified_time":"2025-11-06T11:44:08+00:00","og_image":[{"width":768,"height":432,"url":"https:\/\/dudasytextos.com\/militar\/wp-content\/uploads\/2024\/02\/M_IWb0zt_w4.jpg","type":"image\/jpeg"}],"author":"Manuel G\u00f3mez Sanchez","twitter_card":"summary_large_image","twitter_misc":{"Escrito por":"Manuel G\u00f3mez Sanchez","Tiempo de lectura":"6 minutos"},"schema":{"@context":"https:\/\/schema.org","@graph":[{"@type":"Article","@id":"https:\/\/dudasytextos.com\/militar\/blog\/terrorismo-y-conflicto-asimetrico\/#article","isPartOf":{"@id":"https:\/\/dudasytextos.com\/militar\/blog\/terrorismo-y-conflicto-asimetrico\/"},"author":{"name":"Manuel G\u00f3mez Sanchez","@id":"https:\/\/dudasytextos.com\/militar\/#\/schema\/person\/f29046a17154b6ebbc91e58a1e906222"},"headline":"Terrorismo y conflicto asim\u00e9trico: una mirada profunda","datePublished":"2025-10-22T06:33:01+00:00","dateModified":"2025-11-06T11:44:08+00:00","mainEntityOfPage":{"@id":"https:\/\/dudasytextos.com\/militar\/blog\/terrorismo-y-conflicto-asimetrico\/"},"wordCount":1160,"image":{"@id":"https:\/\/dudasytextos.com\/militar\/blog\/terrorismo-y-conflicto-asimetrico\/#primaryimage"},"thumbnailUrl":"https:\/\/dudasytextos.com\/militar\/wp-content\/uploads\/2024\/02\/M_IWb0zt_w4.jpg","articleSection":["blog"],"inLanguage":"es"},{"@type":"WebPage","@id":"https:\/\/dudasytextos.com\/militar\/blog\/terrorismo-y-conflicto-asimetrico\/","url":"https:\/\/dudasytextos.com\/militar\/blog\/terrorismo-y-conflicto-asimetrico\/","name":"\u25b7 Terrorismo y conflicto asim\u00e9trico: una mirada profunda [2026]","isPartOf":{"@id":"https:\/\/dudasytextos.com\/militar\/#website"},"primaryImageOfPage":{"@id":"https:\/\/dudasytextos.com\/militar\/blog\/terrorismo-y-conflicto-asimetrico\/#primaryimage"},"image":{"@id":"https:\/\/dudasytextos.com\/militar\/blog\/terrorismo-y-conflicto-asimetrico\/#primaryimage"},"thumbnailUrl":"https:\/\/dudasytextos.com\/militar\/wp-content\/uploads\/2024\/02\/M_IWb0zt_w4.jpg","datePublished":"2025-10-22T06:33:01+00:00","dateModified":"2025-11-06T11:44:08+00:00","author":{"@id":"https:\/\/dudasytextos.com\/militar\/#\/schema\/person\/f29046a17154b6ebbc91e58a1e906222"},"description":"\u27a4 Terrorismo y conflicto asim\u00e9trico: una mirada profunda \u261d El terrorismo y el conflicto asim\u00e9trico son fen\u00f3menos que han marcado la historia reciente del mundo, generando un impacto significativo en la sociedad ... \u27a4","breadcrumb":{"@id":"https:\/\/dudasytextos.com\/militar\/blog\/terrorismo-y-conflicto-asimetrico\/#breadcrumb"},"inLanguage":"es","potentialAction":[{"@type":"ReadAction","target":["https:\/\/dudasytextos.com\/militar\/blog\/terrorismo-y-conflicto-asimetrico\/"]}]},{"@type":"ImageObject","inLanguage":"es","@id":"https:\/\/dudasytextos.com\/militar\/blog\/terrorismo-y-conflicto-asimetrico\/#primaryimage","url":"https:\/\/dudasytextos.com\/militar\/wp-content\/uploads\/2024\/02\/M_IWb0zt_w4.jpg","contentUrl":"https:\/\/dudasytextos.com\/militar\/wp-content\/uploads\/2024\/02\/M_IWb0zt_w4.jpg","width":768,"height":432},{"@type":"BreadcrumbList","@id":"https:\/\/dudasytextos.com\/militar\/blog\/terrorismo-y-conflicto-asimetrico\/#breadcrumb","itemListElement":[{"@type":"ListItem","position":1,"name":"Portada","item":"https:\/\/dudasytextos.com\/militar\/"},{"@type":"ListItem","position":2,"name":"Terrorismo y conflicto asim\u00e9trico: una mirada profunda"}]},{"@type":"WebSite","@id":"https:\/\/dudasytextos.com\/militar\/#website","url":"https:\/\/dudasytextos.com\/militar\/","name":"Militar y Arsenal","description":"","potentialAction":[{"@type":"SearchAction","target":{"@type":"EntryPoint","urlTemplate":"https:\/\/dudasytextos.com\/militar\/?s={search_term_string}"},"query-input":{"@type":"PropertyValueSpecification","valueRequired":true,"valueName":"search_term_string"}}],"inLanguage":"es"},{"@type":"Person","@id":"https:\/\/dudasytextos.com\/militar\/#\/schema\/person\/f29046a17154b6ebbc91e58a1e906222","name":"Manuel G\u00f3mez Sanchez","image":{"@type":"ImageObject","inLanguage":"es","@id":"https:\/\/secure.gravatar.com\/avatar\/b393c706812620f04315ff068fb5ec13d8d45aa77b88079cbac281f48db2e672?s=96&d=mm&r=g","url":"https:\/\/secure.gravatar.com\/avatar\/b393c706812620f04315ff068fb5ec13d8d45aa77b88079cbac281f48db2e672?s=96&d=mm&r=g","contentUrl":"https:\/\/secure.gravatar.com\/avatar\/b393c706812620f04315ff068fb5ec13d8d45aa77b88079cbac281f48db2e672?s=96&d=mm&r=g","caption":"Manuel G\u00f3mez Sanchez"},"description":"Soy un apasionado militar con m\u00e1s de 10 a\u00f1os de experiencia en el campo. He servido en varias misiones internacionales y he adquirido habilidades en liderazgo, estrategia y trabajo en equipo. Mi objetivo con mi blog es compartir mis conocimientos y experiencias en el \u00e1mbito militar, as\u00ed como proporcionar consejos y recursos para aquellos interesados en seguir una carrera en las fuerzas armadas.","sameAs":["https:\/\/dudasytextos.com\/militar"]}]}},"_links":{"self":[{"href":"https:\/\/dudasytextos.com\/militar\/wp-json\/wp\/v2\/posts\/18578","targetHints":{"allow":["GET"]}}],"collection":[{"href":"https:\/\/dudasytextos.com\/militar\/wp-json\/wp\/v2\/posts"}],"about":[{"href":"https:\/\/dudasytextos.com\/militar\/wp-json\/wp\/v2\/types\/post"}],"author":[{"embeddable":true,"href":"https:\/\/dudasytextos.com\/militar\/wp-json\/wp\/v2\/users\/1"}],"replies":[{"embeddable":true,"href":"https:\/\/dudasytextos.com\/militar\/wp-json\/wp\/v2\/comments?post=18578"}],"version-history":[{"count":0,"href":"https:\/\/dudasytextos.com\/militar\/wp-json\/wp\/v2\/posts\/18578\/revisions"}],"wp:featuredmedia":[{"embeddable":true,"href":"https:\/\/dudasytextos.com\/militar\/wp-json\/wp\/v2\/media\/18579"}],"wp:attachment":[{"href":"https:\/\/dudasytextos.com\/militar\/wp-json\/wp\/v2\/media?parent=18578"}],"wp:term":[{"taxonomy":"category","embeddable":true,"href":"https:\/\/dudasytextos.com\/militar\/wp-json\/wp\/v2\/categories?post=18578"},{"taxonomy":"post_tag","embeddable":true,"href":"https:\/\/dudasytextos.com\/militar\/wp-json\/wp\/v2\/tags?post=18578"}],"curies":[{"name":"wp","href":"https:\/\/api.w.org\/{rel}","templated":true}]}}