{"id":19467,"date":"2025-10-14T15:35:20","date_gmt":"2025-10-14T14:35:20","guid":{"rendered":"https:\/\/militaryarsenal.es\/blog\/capacitacion-policial-en-derechos-humanos\/"},"modified":"2025-11-06T11:56:37","modified_gmt":"2025-11-06T10:56:37","slug":"capacitacion-policial-en-derechos-humanos","status":"publish","type":"post","link":"https:\/\/dudasytextos.com\/militar\/policial\/capacitacion-policial-en-derechos-humanos\/","title":{"rendered":"Capacitaci\u00f3n policial en derechos humanos: clave para una sociedad justa"},"content":{"rendered":"<p>La capacitaci\u00f3n policial en derechos humanos juega un papel crucial en la promoci\u00f3n de una sociedad justa y respetuosa. En este art\u00edculo, exploraremos la importancia de formar a los agentes de seguridad en el respeto y protecci\u00f3n de los derechos fundamentales de todas las personas. Descubriremos c\u00f3mo una formaci\u00f3n adecuada puede contribuir a prevenir abusos de poder y mejorar la relaci\u00f3n entre la polic\u00eda y la comunidad. \u00a1Acomp\u00e1\u00f1anos en este viaje hacia una polic\u00eda m\u00e1s \u00e9tica y comprometida con los derechos humanos!<\/p>\n<div style=\"float: none;clear: both;width: 100%;position: relative;padding-bottom: 68%;padding-top: 25px;height: 0;\"><iframe style=\"position: absolute; top: 0; left: 0; width: 100%;height: 100%;\" src=\"https:\/\/www.youtube.com\/embed\/XcCIVcIDJRU\" frameborder=\"0\" allowfullscreen=\"allowfullscreen\"><\/iframe><\/div>\n<p><\/p>\n<h2>\u00bfCu\u00e1l es la funci\u00f3n de los derechos humanos en la polic\u00eda?<\/h2>\n<p>Los derechos humanos en la funci\u00f3n policial son principios fundamentales que garantizan el respeto a la dignidad y la libertad de todas las personas, incluso al momento de hacer cumplir la ley. Estos derechos protegen a la ciudadan\u00eda de abusos de poder y aseguran que la labor policial se realice de manera justa y equitativa. Es importante entender que los derechos humanos no limitan la labor de la polic\u00eda, sino que la orientan hacia un servicio m\u00e1s justo y respetuoso de los derechos de todos.<\/p>\n<p>Los derechos humanos en la funci\u00f3n policial son esenciales para asegurar la integridad de la labor policial y el respeto hacia la ciudadan\u00eda. Al operar dentro del marco de la ley y en colaboraci\u00f3n con defensores y defensoras de derechos humanos, la polic\u00eda puede garantizar la seguridad y el bienestar de la sociedad de manera efectiva y justa. Esta colaboraci\u00f3n permite que la labor policial sea m\u00e1s eficaz y respetuosa, beneficiando tanto a la comunidad como a los propios agentes policiales.<\/p>\n<h2>\u00bfQu\u00e9 son las 7 competencias en la funci\u00f3n policial?<\/h2>\n<p>Las 7 competencias en la funci\u00f3n policial son habilidades fundamentales que los agentes deben dominar para desempe\u00f1ar su labor de manera efectiva. Estas incluyen el acondicionamiento f\u00edsico, el uso adecuado de la fuerza y leg\u00edtima defensa, el manejo de armas y tiro policial, la conducci\u00f3n de veh\u00edculos policiales, la detenci\u00f3n y conducci\u00f3n de personas, el manejo del bast\u00f3n PR24, la operaci\u00f3n de equipos de radiocomunicaci\u00f3n y la capacidad de actuar como primer respondiente. Estas competencias son esenciales para garantizar la seguridad y el cumplimiento de la ley en la comunidad.<\/p>\n<h2>\u00bfQu\u00e9 se entiende por desarrollo humano policial?<\/h2>\n<p>El desarrollo humano policial es un concepto que abarca una serie de reglas y procesos estructurados que incluyen la formaci\u00f3n y profesionalizaci\u00f3n de los miembros de las fuerzas policiales, as\u00ed como la certificaci\u00f3n y el r\u00e9gimen disciplinario. Este enfoque integral busca mejorar la calidad de los servicios policiales y promover un desempe\u00f1o \u00e9tico y eficiente en el ejercicio de sus funciones.<\/p>\n<p>El objetivo principal del desarrollo humano policial es garantizar que los integrantes de las instituciones policiales cuenten con las habilidades, conocimientos y valores necesarios para desempe\u00f1ar su labor de manera efectiva y en l\u00ednea con los principios de respeto a los derechos humanos y la legalidad. Mediante la implementaci\u00f3n de programas de capacitaci\u00f3n, promoci\u00f3n de la \u00e9tica profesional y supervisi\u00f3n constante, se busca fortalecer la confianza de la ciudadan\u00eda en las fuerzas del orden y promover una cultura de transparencia y responsabilidad en el \u00e1mbito policial.<\/p>\n<h2>Formaci\u00f3n en derechos humanos: la base de una sociedad justa<\/h2>\n<p>La formaci\u00f3n en derechos humanos es fundamental para construir una sociedad justa y equitativa. Al conocer nuestros derechos y los de los dem\u00e1s, podemos promover la igualdad y la dignidad de todas las personas. La educaci\u00f3n en derechos humanos nos brinda las herramientas necesarias para luchar contra la discriminaci\u00f3n, la injusticia y la violencia, fomentando la convivencia pac\u00edfica y respetuosa en nuestra comunidad.<\/p>\n<p>Invertir en la formaci\u00f3n en derechos humanos es invertir en un futuro m\u00e1s justo y humano para todos. Al educarnos en la importancia de respetar los derechos fundamentales de cada individuo, estamos sentando las bases para una sociedad m\u00e1s inclusiva y solidaria. Solo a trav\u00e9s de la educaci\u00f3n y la concienciaci\u00f3n podremos construir un mundo donde la justicia y la igualdad sean una realidad para todos.<\/p>\n<h2>Entrenamiento policial en derechos humanos: construyendo un futuro m\u00e1s justo<\/h2>\n<p>El entrenamiento policial en derechos humanos es fundamental para construir un futuro m\u00e1s justo. Los agentes de la ley deben estar capacitados para proteger y respetar los derechos fundamentales de todas las personas, sin importar su origen, g\u00e9nero o creencias. Este tipo de formaci\u00f3n ayuda a prevenir abusos y garantiza un trato equitativo para todos los ciudadanos.<\/p>\n<p>La capacitaci\u00f3n en derechos humanos para la polic\u00eda es una herramienta poderosa para promover la justicia y la igualdad en la sociedad. Al entender la importancia de respetar la dignidad y la integridad de cada individuo, los agentes pueden desempe\u00f1ar su trabajo de manera m\u00e1s eficaz y \u00e9tica. Esto contribuye a fortalecer la confianza de la comunidad en las fuerzas del orden y a fomentar una convivencia pac\u00edfica y armoniosa.<\/p>\n<p>En resumen, el entrenamiento policial en derechos humanos es esencial para construir un futuro m\u00e1s justo y equitativo. Al garantizar que los agentes est\u00e9n debidamente preparados para proteger los derechos de todos los ciudadanos, se promueve un ambiente de respeto, tolerancia y justicia en la sociedad. Esta formaci\u00f3n contribuye a fortalecer el Estado de Derecho y a construir una sociedad m\u00e1s inclusiva y democr\u00e1tica.<\/p>\n<h2>Derechos humanos y polic\u00eda: un camino hacia la justicia social<\/h2>\n<p>Los derechos humanos son fundamentales para garantizar una sociedad justa y equitativa. Es responsabilidad de la polic\u00eda proteger y promover estos derechos en todas sus actuaciones. Sin embargo, para lograr un camino hacia la justicia social, es crucial que la polic\u00eda sea entrenada en el respeto y cumplimiento de los derechos humanos en su labor diaria. Solo a trav\u00e9s del compromiso con la protecci\u00f3n de los derechos fundamentales de todas las personas, la polic\u00eda podr\u00e1 contribuir a la construcci\u00f3n de una sociedad m\u00e1s justa y pac\u00edfica.<\/p>\n<p>El respeto a los derechos humanos por parte de la polic\u00eda es esencial para garantizar la confianza y cooperaci\u00f3n de la comunidad. Cuando la polic\u00eda act\u00faa con integridad y respeto hacia los derechos de todas las personas, se fortalece el tejido social y se fomenta la participaci\u00f3n ciudadana en la prevenci\u00f3n y resoluci\u00f3n de conflictos. De esta forma, la labor policial se convierte en un verdadero servicio a la comunidad, contribuyendo a la construcci\u00f3n de una sociedad m\u00e1s justa y pac\u00edfica.<\/p>\n<p>La formaci\u00f3n en derechos humanos para los miembros de la polic\u00eda es un paso fundamental en el camino hacia la justicia social. Esta formaci\u00f3n debe incluir el respeto a la diversidad, la no discriminaci\u00f3n, el uso proporcional de la fuerza y la protecci\u00f3n de los derechos de las personas en situaci\u00f3n de vulnerabilidad. Solo a trav\u00e9s de una polic\u00eda comprometida con la defensa de los derechos humanos se podr\u00e1 avanzar hacia una sociedad donde la justicia, la igualdad y el respeto sean una realidad para todos.<\/p>\n<div style=\"float: none;clear: both;width: 100%;position: relative;padding-bottom: 68%;padding-top: 25px;height: 0;\"><iframe style=\"position: absolute; top: 0; left: 0; width: 100%;height: 100%;\" src=\"https:\/\/www.youtube.com\/embed\/2Un7ZdzanuI\" frameborder=\"0\" allowfullscreen=\"allowfullscreen\"><\/iframe><\/div>\n<p><\/p>\n<p>En resumen, la capacitaci\u00f3n policial en derechos humanos es fundamental para garantizar que los agentes cumplan con su deber de proteger y respetar los derechos de todas las personas. A trav\u00e9s de programas de formaci\u00f3n continua, se puede promover una cultura de respeto, tolerancia y responsabilidad en las fuerzas de seguridad, contribuyendo as\u00ed a la construcci\u00f3n de una sociedad m\u00e1s justa y equitativa. La capacitaci\u00f3n en derechos humanos no solo beneficia a la poblaci\u00f3n, sino que tambi\u00e9n fortalece la labor policial y promueve la confianza y la colaboraci\u00f3n con la comunidad. Es imprescindible que las autoridades prioricen y apoyen estas iniciativas para asegurar que los derechos humanos sean respetados en todos los \u00e1mbitos de la sociedad.<\/p>\n","protected":false},"excerpt":{"rendered":"<p>La capacitaci\u00f3n policial en derechos humanos juega un papel crucial en la promoci\u00f3n de una sociedad justa y respetuosa. En este art\u00edculo, exploraremos la importancia de formar a los agentes de seguridad en el respeto y protecci\u00f3n de los derechos fundamentales de todas las personas. Descubriremos c\u00f3mo una formaci\u00f3n adecuada puede contribuir a prevenir abusos &#8230; <a title=\"Capacitaci\u00f3n policial en derechos humanos: clave para una sociedad justa\" class=\"read-more\" href=\"https:\/\/dudasytextos.com\/militar\/policial\/capacitacion-policial-en-derechos-humanos\/\" aria-label=\"M\u00e1s en Capacitaci\u00f3n policial en derechos humanos: clave para una sociedad justa\">Leer m\u00e1s<\/a><\/p>\n","protected":false},"author":1,"featured_media":19468,"comment_status":"closed","ping_status":"closed","sticky":false,"template":"","format":"standard","meta":{"footnotes":""},"categories":[86],"tags":[],"class_list":["post-19467","post","type-post","status-publish","format-standard","has-post-thumbnail","hentry","category-policial"],"yoast_head":"<!-- This site is optimized with the Yoast SEO plugin v28.4 - https:\/\/yoast.com\/product\/yoast-seo-wordpress\/ -->\n<title>\u25b7 Capacitaci\u00f3n policial en derechos humanos: clave para una sociedad justa [2026]<\/title>\n<meta name=\"description\" content=\"\u27a4 Capacitaci\u00f3n policial en derechos humanos: clave para una sociedad justa \u261d La capacitaci\u00f3n policial en derechos humanos juega un papel crucial en la promoci\u00f3n de una sociedad justa y respetuosa. En este art\u00edculo, exploraremos la ... \u27a4\" \/>\n<meta name=\"robots\" content=\"index, follow, max-snippet:-1, max-image-preview:large, max-video-preview:-1\" \/>\n<link rel=\"canonical\" href=\"https:\/\/dudasytextos.com\/militar\/policial\/capacitacion-policial-en-derechos-humanos\/\" \/>\n<meta property=\"og:locale\" content=\"es_ES\" \/>\n<meta property=\"og:type\" content=\"article\" \/>\n<meta property=\"og:title\" content=\"\u25b7 Capacitaci\u00f3n policial en derechos humanos: clave para una sociedad justa [2026]\" \/>\n<meta property=\"og:description\" content=\"\u27a4 Capacitaci\u00f3n policial en derechos humanos: clave para una sociedad justa \u261d La capacitaci\u00f3n policial en derechos humanos juega un papel crucial en la promoci\u00f3n de una sociedad justa y respetuosa. En este art\u00edculo, exploraremos la ... \u27a4\" \/>\n<meta property=\"og:url\" content=\"https:\/\/dudasytextos.com\/militar\/policial\/capacitacion-policial-en-derechos-humanos\/\" \/>\n<meta property=\"og:site_name\" content=\"Militar y Arsenal\" \/>\n<meta property=\"article:published_time\" content=\"2025-10-14T14:35:20+00:00\" \/>\n<meta property=\"article:modified_time\" content=\"2025-11-06T10:56:37+00:00\" \/>\n<meta property=\"og:image\" content=\"https:\/\/dudasytextos.com\/militar\/wp-content\/uploads\/2024\/02\/XcCIVcIDJRU.jpg\" \/>\n\t<meta property=\"og:image:width\" content=\"768\" \/>\n\t<meta property=\"og:image:height\" content=\"432\" \/>\n\t<meta property=\"og:image:type\" content=\"image\/jpeg\" \/>\n<meta name=\"author\" content=\"Manuel G\u00f3mez Sanchez\" \/>\n<meta name=\"twitter:card\" content=\"summary_large_image\" \/>\n<meta name=\"twitter:label1\" content=\"Escrito por\" \/>\n\t<meta name=\"twitter:data1\" content=\"Manuel G\u00f3mez Sanchez\" \/>\n\t<meta name=\"twitter:label2\" content=\"Tiempo de lectura\" \/>\n\t<meta name=\"twitter:data2\" content=\"7 minutos\" \/>\n<script type=\"application\/ld+json\" class=\"yoast-schema-graph\">{\"@context\":\"https:\\\/\\\/schema.org\",\"@graph\":[{\"@type\":\"Article\",\"@id\":\"https:\\\/\\\/dudasytextos.com\\\/militar\\\/policial\\\/capacitacion-policial-en-derechos-humanos\\\/#article\",\"isPartOf\":{\"@id\":\"https:\\\/\\\/dudasytextos.com\\\/militar\\\/policial\\\/capacitacion-policial-en-derechos-humanos\\\/\"},\"author\":{\"name\":\"Manuel G\u00f3mez Sanchez\",\"@id\":\"https:\\\/\\\/dudasytextos.com\\\/militar\\\/#\\\/schema\\\/person\\\/f29046a17154b6ebbc91e58a1e906222\"},\"headline\":\"Capacitaci\u00f3n policial en derechos humanos: clave para una sociedad justa\",\"datePublished\":\"2025-10-14T14:35:20+00:00\",\"dateModified\":\"2025-11-06T10:56:37+00:00\",\"mainEntityOfPage\":{\"@id\":\"https:\\\/\\\/dudasytextos.com\\\/militar\\\/policial\\\/capacitacion-policial-en-derechos-humanos\\\/\"},\"wordCount\":1350,\"image\":{\"@id\":\"https:\\\/\\\/dudasytextos.com\\\/militar\\\/policial\\\/capacitacion-policial-en-derechos-humanos\\\/#primaryimage\"},\"thumbnailUrl\":\"https:\\\/\\\/dudasytextos.com\\\/militar\\\/wp-content\\\/uploads\\\/2024\\\/02\\\/XcCIVcIDJRU.jpg\",\"articleSection\":[\"Policial\"],\"inLanguage\":\"es\"},{\"@type\":\"WebPage\",\"@id\":\"https:\\\/\\\/dudasytextos.com\\\/militar\\\/policial\\\/capacitacion-policial-en-derechos-humanos\\\/\",\"url\":\"https:\\\/\\\/dudasytextos.com\\\/militar\\\/policial\\\/capacitacion-policial-en-derechos-humanos\\\/\",\"name\":\"\u25b7 Capacitaci\u00f3n policial en derechos humanos: clave para una sociedad justa [2026]\",\"isPartOf\":{\"@id\":\"https:\\\/\\\/dudasytextos.com\\\/militar\\\/#website\"},\"primaryImageOfPage\":{\"@id\":\"https:\\\/\\\/dudasytextos.com\\\/militar\\\/policial\\\/capacitacion-policial-en-derechos-humanos\\\/#primaryimage\"},\"image\":{\"@id\":\"https:\\\/\\\/dudasytextos.com\\\/militar\\\/policial\\\/capacitacion-policial-en-derechos-humanos\\\/#primaryimage\"},\"thumbnailUrl\":\"https:\\\/\\\/dudasytextos.com\\\/militar\\\/wp-content\\\/uploads\\\/2024\\\/02\\\/XcCIVcIDJRU.jpg\",\"datePublished\":\"2025-10-14T14:35:20+00:00\",\"dateModified\":\"2025-11-06T10:56:37+00:00\",\"author\":{\"@id\":\"https:\\\/\\\/dudasytextos.com\\\/militar\\\/#\\\/schema\\\/person\\\/f29046a17154b6ebbc91e58a1e906222\"},\"description\":\"\u27a4 Capacitaci\u00f3n policial en derechos humanos: clave para una sociedad justa \u261d La capacitaci\u00f3n policial en derechos humanos juega un papel crucial en la promoci\u00f3n de una sociedad justa y respetuosa. En este art\u00edculo, exploraremos la ... \u27a4\",\"breadcrumb\":{\"@id\":\"https:\\\/\\\/dudasytextos.com\\\/militar\\\/policial\\\/capacitacion-policial-en-derechos-humanos\\\/#breadcrumb\"},\"inLanguage\":\"es\",\"potentialAction\":[{\"@type\":\"ReadAction\",\"target\":[\"https:\\\/\\\/dudasytextos.com\\\/militar\\\/policial\\\/capacitacion-policial-en-derechos-humanos\\\/\"]}]},{\"@type\":\"ImageObject\",\"inLanguage\":\"es\",\"@id\":\"https:\\\/\\\/dudasytextos.com\\\/militar\\\/policial\\\/capacitacion-policial-en-derechos-humanos\\\/#primaryimage\",\"url\":\"https:\\\/\\\/dudasytextos.com\\\/militar\\\/wp-content\\\/uploads\\\/2024\\\/02\\\/XcCIVcIDJRU.jpg\",\"contentUrl\":\"https:\\\/\\\/dudasytextos.com\\\/militar\\\/wp-content\\\/uploads\\\/2024\\\/02\\\/XcCIVcIDJRU.jpg\",\"width\":768,\"height\":432},{\"@type\":\"BreadcrumbList\",\"@id\":\"https:\\\/\\\/dudasytextos.com\\\/militar\\\/policial\\\/capacitacion-policial-en-derechos-humanos\\\/#breadcrumb\",\"itemListElement\":[{\"@type\":\"ListItem\",\"position\":1,\"name\":\"Portada\",\"item\":\"https:\\\/\\\/dudasytextos.com\\\/militar\\\/\"},{\"@type\":\"ListItem\",\"position\":2,\"name\":\"Capacitaci\u00f3n policial en derechos humanos: clave para una sociedad justa\"}]},{\"@type\":\"WebSite\",\"@id\":\"https:\\\/\\\/dudasytextos.com\\\/militar\\\/#website\",\"url\":\"https:\\\/\\\/dudasytextos.com\\\/militar\\\/\",\"name\":\"Militar y Arsenal\",\"description\":\"\",\"potentialAction\":[{\"@type\":\"SearchAction\",\"target\":{\"@type\":\"EntryPoint\",\"urlTemplate\":\"https:\\\/\\\/dudasytextos.com\\\/militar\\\/?s={search_term_string}\"},\"query-input\":{\"@type\":\"PropertyValueSpecification\",\"valueRequired\":true,\"valueName\":\"search_term_string\"}}],\"inLanguage\":\"es\"},{\"@type\":\"Person\",\"@id\":\"https:\\\/\\\/dudasytextos.com\\\/militar\\\/#\\\/schema\\\/person\\\/f29046a17154b6ebbc91e58a1e906222\",\"name\":\"Manuel G\u00f3mez Sanchez\",\"image\":{\"@type\":\"ImageObject\",\"inLanguage\":\"es\",\"@id\":\"https:\\\/\\\/secure.gravatar.com\\\/avatar\\\/b393c706812620f04315ff068fb5ec13d8d45aa77b88079cbac281f48db2e672?s=96&d=mm&r=g\",\"url\":\"https:\\\/\\\/secure.gravatar.com\\\/avatar\\\/b393c706812620f04315ff068fb5ec13d8d45aa77b88079cbac281f48db2e672?s=96&d=mm&r=g\",\"contentUrl\":\"https:\\\/\\\/secure.gravatar.com\\\/avatar\\\/b393c706812620f04315ff068fb5ec13d8d45aa77b88079cbac281f48db2e672?s=96&d=mm&r=g\",\"caption\":\"Manuel G\u00f3mez Sanchez\"},\"description\":\"Soy un apasionado militar con m\u00e1s de 10 a\u00f1os de experiencia en el campo. He servido en varias misiones internacionales y he adquirido habilidades en liderazgo, estrategia y trabajo en equipo. Mi objetivo con mi blog es compartir mis conocimientos y experiencias en el \u00e1mbito militar, as\u00ed como proporcionar consejos y recursos para aquellos interesados en seguir una carrera en las fuerzas armadas.\",\"sameAs\":[\"https:\\\/\\\/dudasytextos.com\\\/militar\"]}]}<\/script>\n<!-- \/ Yoast SEO plugin. -->","yoast_head_json":{"title":"\u25b7 Capacitaci\u00f3n policial en derechos humanos: clave para una sociedad justa [2026]","description":"\u27a4 Capacitaci\u00f3n policial en derechos humanos: clave para una sociedad justa \u261d La capacitaci\u00f3n policial en derechos humanos juega un papel crucial en la promoci\u00f3n de una sociedad justa y respetuosa. En este art\u00edculo, exploraremos la ... \u27a4","robots":{"index":"index","follow":"follow","max-snippet":"max-snippet:-1","max-image-preview":"max-image-preview:large","max-video-preview":"max-video-preview:-1"},"canonical":"https:\/\/dudasytextos.com\/militar\/policial\/capacitacion-policial-en-derechos-humanos\/","og_locale":"es_ES","og_type":"article","og_title":"\u25b7 Capacitaci\u00f3n policial en derechos humanos: clave para una sociedad justa [2026]","og_description":"\u27a4 Capacitaci\u00f3n policial en derechos humanos: clave para una sociedad justa \u261d La capacitaci\u00f3n policial en derechos humanos juega un papel crucial en la promoci\u00f3n de una sociedad justa y respetuosa. En este art\u00edculo, exploraremos la ... \u27a4","og_url":"https:\/\/dudasytextos.com\/militar\/policial\/capacitacion-policial-en-derechos-humanos\/","og_site_name":"Militar y Arsenal","article_published_time":"2025-10-14T14:35:20+00:00","article_modified_time":"2025-11-06T10:56:37+00:00","og_image":[{"width":768,"height":432,"url":"https:\/\/dudasytextos.com\/militar\/wp-content\/uploads\/2024\/02\/XcCIVcIDJRU.jpg","type":"image\/jpeg"}],"author":"Manuel G\u00f3mez Sanchez","twitter_card":"summary_large_image","twitter_misc":{"Escrito por":"Manuel G\u00f3mez Sanchez","Tiempo de lectura":"7 minutos"},"schema":{"@context":"https:\/\/schema.org","@graph":[{"@type":"Article","@id":"https:\/\/dudasytextos.com\/militar\/policial\/capacitacion-policial-en-derechos-humanos\/#article","isPartOf":{"@id":"https:\/\/dudasytextos.com\/militar\/policial\/capacitacion-policial-en-derechos-humanos\/"},"author":{"name":"Manuel G\u00f3mez Sanchez","@id":"https:\/\/dudasytextos.com\/militar\/#\/schema\/person\/f29046a17154b6ebbc91e58a1e906222"},"headline":"Capacitaci\u00f3n policial en derechos humanos: clave para una sociedad justa","datePublished":"2025-10-14T14:35:20+00:00","dateModified":"2025-11-06T10:56:37+00:00","mainEntityOfPage":{"@id":"https:\/\/dudasytextos.com\/militar\/policial\/capacitacion-policial-en-derechos-humanos\/"},"wordCount":1350,"image":{"@id":"https:\/\/dudasytextos.com\/militar\/policial\/capacitacion-policial-en-derechos-humanos\/#primaryimage"},"thumbnailUrl":"https:\/\/dudasytextos.com\/militar\/wp-content\/uploads\/2024\/02\/XcCIVcIDJRU.jpg","articleSection":["Policial"],"inLanguage":"es"},{"@type":"WebPage","@id":"https:\/\/dudasytextos.com\/militar\/policial\/capacitacion-policial-en-derechos-humanos\/","url":"https:\/\/dudasytextos.com\/militar\/policial\/capacitacion-policial-en-derechos-humanos\/","name":"\u25b7 Capacitaci\u00f3n policial en derechos humanos: clave para una sociedad justa [2026]","isPartOf":{"@id":"https:\/\/dudasytextos.com\/militar\/#website"},"primaryImageOfPage":{"@id":"https:\/\/dudasytextos.com\/militar\/policial\/capacitacion-policial-en-derechos-humanos\/#primaryimage"},"image":{"@id":"https:\/\/dudasytextos.com\/militar\/policial\/capacitacion-policial-en-derechos-humanos\/#primaryimage"},"thumbnailUrl":"https:\/\/dudasytextos.com\/militar\/wp-content\/uploads\/2024\/02\/XcCIVcIDJRU.jpg","datePublished":"2025-10-14T14:35:20+00:00","dateModified":"2025-11-06T10:56:37+00:00","author":{"@id":"https:\/\/dudasytextos.com\/militar\/#\/schema\/person\/f29046a17154b6ebbc91e58a1e906222"},"description":"\u27a4 Capacitaci\u00f3n policial en derechos humanos: clave para una sociedad justa \u261d La capacitaci\u00f3n policial en derechos humanos juega un papel crucial en la promoci\u00f3n de una sociedad justa y respetuosa. En este art\u00edculo, exploraremos la ... \u27a4","breadcrumb":{"@id":"https:\/\/dudasytextos.com\/militar\/policial\/capacitacion-policial-en-derechos-humanos\/#breadcrumb"},"inLanguage":"es","potentialAction":[{"@type":"ReadAction","target":["https:\/\/dudasytextos.com\/militar\/policial\/capacitacion-policial-en-derechos-humanos\/"]}]},{"@type":"ImageObject","inLanguage":"es","@id":"https:\/\/dudasytextos.com\/militar\/policial\/capacitacion-policial-en-derechos-humanos\/#primaryimage","url":"https:\/\/dudasytextos.com\/militar\/wp-content\/uploads\/2024\/02\/XcCIVcIDJRU.jpg","contentUrl":"https:\/\/dudasytextos.com\/militar\/wp-content\/uploads\/2024\/02\/XcCIVcIDJRU.jpg","width":768,"height":432},{"@type":"BreadcrumbList","@id":"https:\/\/dudasytextos.com\/militar\/policial\/capacitacion-policial-en-derechos-humanos\/#breadcrumb","itemListElement":[{"@type":"ListItem","position":1,"name":"Portada","item":"https:\/\/dudasytextos.com\/militar\/"},{"@type":"ListItem","position":2,"name":"Capacitaci\u00f3n policial en derechos humanos: clave para una sociedad justa"}]},{"@type":"WebSite","@id":"https:\/\/dudasytextos.com\/militar\/#website","url":"https:\/\/dudasytextos.com\/militar\/","name":"Militar y Arsenal","description":"","potentialAction":[{"@type":"SearchAction","target":{"@type":"EntryPoint","urlTemplate":"https:\/\/dudasytextos.com\/militar\/?s={search_term_string}"},"query-input":{"@type":"PropertyValueSpecification","valueRequired":true,"valueName":"search_term_string"}}],"inLanguage":"es"},{"@type":"Person","@id":"https:\/\/dudasytextos.com\/militar\/#\/schema\/person\/f29046a17154b6ebbc91e58a1e906222","name":"Manuel G\u00f3mez Sanchez","image":{"@type":"ImageObject","inLanguage":"es","@id":"https:\/\/secure.gravatar.com\/avatar\/b393c706812620f04315ff068fb5ec13d8d45aa77b88079cbac281f48db2e672?s=96&d=mm&r=g","url":"https:\/\/secure.gravatar.com\/avatar\/b393c706812620f04315ff068fb5ec13d8d45aa77b88079cbac281f48db2e672?s=96&d=mm&r=g","contentUrl":"https:\/\/secure.gravatar.com\/avatar\/b393c706812620f04315ff068fb5ec13d8d45aa77b88079cbac281f48db2e672?s=96&d=mm&r=g","caption":"Manuel G\u00f3mez Sanchez"},"description":"Soy un apasionado militar con m\u00e1s de 10 a\u00f1os de experiencia en el campo. He servido en varias misiones internacionales y he adquirido habilidades en liderazgo, estrategia y trabajo en equipo. Mi objetivo con mi blog es compartir mis conocimientos y experiencias en el \u00e1mbito militar, as\u00ed como proporcionar consejos y recursos para aquellos interesados en seguir una carrera en las fuerzas armadas.","sameAs":["https:\/\/dudasytextos.com\/militar"]}]}},"_links":{"self":[{"href":"https:\/\/dudasytextos.com\/militar\/wp-json\/wp\/v2\/posts\/19467","targetHints":{"allow":["GET"]}}],"collection":[{"href":"https:\/\/dudasytextos.com\/militar\/wp-json\/wp\/v2\/posts"}],"about":[{"href":"https:\/\/dudasytextos.com\/militar\/wp-json\/wp\/v2\/types\/post"}],"author":[{"embeddable":true,"href":"https:\/\/dudasytextos.com\/militar\/wp-json\/wp\/v2\/users\/1"}],"replies":[{"embeddable":true,"href":"https:\/\/dudasytextos.com\/militar\/wp-json\/wp\/v2\/comments?post=19467"}],"version-history":[{"count":0,"href":"https:\/\/dudasytextos.com\/militar\/wp-json\/wp\/v2\/posts\/19467\/revisions"}],"wp:featuredmedia":[{"embeddable":true,"href":"https:\/\/dudasytextos.com\/militar\/wp-json\/wp\/v2\/media\/19468"}],"wp:attachment":[{"href":"https:\/\/dudasytextos.com\/militar\/wp-json\/wp\/v2\/media?parent=19467"}],"wp:term":[{"taxonomy":"category","embeddable":true,"href":"https:\/\/dudasytextos.com\/militar\/wp-json\/wp\/v2\/categories?post=19467"},{"taxonomy":"post_tag","embeddable":true,"href":"https:\/\/dudasytextos.com\/militar\/wp-json\/wp\/v2\/tags?post=19467"}],"curies":[{"name":"wp","href":"https:\/\/api.w.org\/{rel}","templated":true}]}}