{"id":19801,"date":"2025-10-09T19:23:47","date_gmt":"2025-10-09T18:23:47","guid":{"rendered":"https:\/\/militaryarsenal.es\/blog\/proteccion-personal-y-el-uso-de-pistolas\/"},"modified":"2025-11-06T12:29:39","modified_gmt":"2025-11-06T11:29:39","slug":"proteccion-personal-y-el-uso-de-pistolas","status":"publish","type":"post","link":"https:\/\/dudasytextos.com\/militar\/proteccion\/proteccion-personal-y-el-uso-de-pistolas\/","title":{"rendered":"La protecci\u00f3n personal y el uso de pistolas: \u00bfnecesario o peligroso?"},"content":{"rendered":"<p>En la actualidad, la protecci\u00f3n personal es una preocupaci\u00f3n cada vez m\u00e1s presente en la sociedad. En este sentido, el uso de pistolas como herramienta de defensa ha generado un intenso debate. \u00bfQu\u00e9 dice la ley al respecto? \u00bfCu\u00e1l es la opini\u00f3n de los expertos en seguridad? Descubre en este art\u00edculo todo lo que necesitas saber sobre la protecci\u00f3n personal y el uso de pistolas. \u00a1No te lo pierdas!<\/p>\n<div style=\"float: none;clear: both;width: 100%;position: relative;padding-bottom: 68%;padding-top: 25px;height: 0;\"><iframe style=\"position: absolute; top: 0; left: 0; width: 100%;height: 100%;\" src=\"https:\/\/www.youtube.com\/embed\/yBOPl4zCI4Q\" frameborder=\"0\" allowfullscreen=\"allowfullscreen\"><\/iframe><\/div>\n<p><\/p>\n<h2>\u00bfQu\u00e9 est\u00e1 permitido para defensa personal?<\/h2>\n<p>Para la defensa personal, las mujeres pueden utilizar art\u00edculos que no sean considerados armas, como alarmas o silbatos para llamar la atenci\u00f3n en caso de agresi\u00f3n. Estos objetos son \u00fatiles para alertar a personas cercanas y disuadir al agresor de continuar con el ataque. Las linternas deslumbrantes y los llaveros tambi\u00e9n son opciones seguras y efectivas para protegerse en situaciones de riesgo.<\/p>\n<p>Es importante que las mujeres conozcan y tengan a mano estos art\u00edculos de defensa personal para poder actuar r\u00e1pidamente en caso de emergencia. Adem\u00e1s de llevar consigo estos objetos, es fundamental tambi\u00e9n tener en cuenta medidas de prevenci\u00f3n y autodefensa, como evitar lugares peligrosos y practicar t\u00e9cnicas b\u00e1sicas de defensa personal. La seguridad y bienestar de las mujeres es una prioridad, y contar con herramientas adecuadas para protegerse es fundamental en la sociedad actual.<\/p>\n<p>En resumen, las mujeres tienen a su disposici\u00f3n diversas opciones de defensa personal que no son consideradas armas, como alarmas, silbatos, linternas y llaveros. Estos art\u00edculos son \u00fatiles para disuadir a posibles agresores y llamar la atenci\u00f3n de personas cercanas en caso de peligro. Es importante estar preparadas y tener a mano estos objetos, as\u00ed como adoptar medidas de prevenci\u00f3n y autodefensa para garantizar la seguridad en todo momento.<\/p>\n<h2>\u00bfCu\u00e1les son los requisitos para el uso de armas por parte del personal de seguridad privada?<\/h2>\n<p>En los casos de uso de armas por el personal de seguridad privada, se exige que el personal porte uniforme, a excepci\u00f3n de los escoltas, y lleve consigo la credencial de identificaci\u00f3n vigente expedida por la Superintendencia de Vigilancia y Seguridad Privada. Es fundamental cumplir con estos requisitos para garantizar la transparencia y legalidad en el ejercicio de sus funciones, as\u00ed como para mantener la seguridad tanto del personal como de la comunidad en general. La correcta identificaci\u00f3n y portaci\u00f3n de documentos son elementos esenciales para el adecuado desempe\u00f1o de las labores de vigilancia y protecci\u00f3n.<\/p>\n<h2>\u00bfPistola o rev\u00f3lver, cu\u00e1l es mejor para defensa personal?<\/h2>\n<p>En t\u00e9rminos de defensa personal, la elecci\u00f3n entre una pistola y un rev\u00f3lver depende de las preferencias personales y la comodidad del usuario. Mientras que las pistolas suelen tener una mayor capacidad de munici\u00f3n y pueden recargarse m\u00e1s r\u00e1pidamente, los rev\u00f3lveres son conocidos por su simplicidad y fiabilidad. En \u00faltima instancia, la mejor opci\u00f3n ser\u00e1 aquella con la que el individuo se sienta m\u00e1s c\u00f3modo y seguro, teniendo en cuenta la pr\u00e1ctica y el entrenamiento necesarios para utilizar el arma de manera efectiva en situaciones de emergencia.<\/p>\n<h2>La verdad sobre la seguridad personal<\/h2>\n<p>\u00bfTe has preguntado qu\u00e9 es realmente la seguridad personal? La verdad es que la seguridad personal va m\u00e1s all\u00e1 de simplemente cerrar con llave las puertas de tu casa. Se trata de estar consciente de tu entorno, confiar en tus instintos y tomar medidas proactivas para protegerte a ti mismo y a tus seres queridos.<\/p>\n<p>La clave para la seguridad personal radica en la prevenci\u00f3n y la preparaci\u00f3n. Desde aprender habilidades de defensa personal hasta instalar sistemas de seguridad en tu hogar, existen numerosas formas de fortalecer tu seguridad personal. No te conformes con sentirte vulnerable, toma el control de tu seguridad y vive con tranquilidad.<\/p>\n<h2>\u00bfArma de defensa o amenaza?<\/h2>\n<p>En un mundo cada vez m\u00e1s inseguro, es fundamental reflexionar sobre el papel de las armas en nuestra sociedad. \u00bfSon realmente una herramienta de defensa o m\u00e1s bien una amenaza para la seguridad y la paz? Es importante cuestionar su verdadero prop\u00f3sito y evaluar si su uso se justifica en situaciones espec\u00edficas.<\/p>\n<p>Las armas, en manos equivocadas, pueden representar un peligro inminente para la sociedad. Por otro lado, en situaciones de leg\u00edtima defensa, pueden ser la \u00fanica opci\u00f3n para protegerse de una amenaza inminente. Es crucial encontrar un equilibrio entre el derecho a la autodefensa y la responsabilidad de garantizar la seguridad de todos los individuos.<\/p>\n<p>En definitiva, la discusi\u00f3n sobre si las armas son una herramienta de defensa o una amenaza es compleja y requiere un an\u00e1lisis profundo. Es fundamental promover el di\u00e1logo y la reflexi\u00f3n sobre este tema para buscar soluciones que garanticen la seguridad de todos los ciudadanos, sin comprometer la paz y la estabilidad de la sociedad.<\/p>\n<h2>Pistolas: \u00bfun aliado o un riesgo?<\/h2>\n<p>Las pistolas son un tema controversial que ha generado debate en todo el mundo. Algunas personas las ven como un aliado para protegerse, mientras que otros las consideran un riesgo para la sociedad. A pesar de la polarizaci\u00f3n de opiniones, es importante reflexionar sobre el impacto que las pistolas tienen en la seguridad p\u00fablica y en la prevenci\u00f3n de la violencia.<\/p>\n<p>Aunque las pistolas pueden ser utilizadas para protegerse en situaciones de peligro, tambi\u00e9n representan un riesgo debido a su potencial para caer en manos equivocadas. Es crucial considerar medidas de control y regulaci\u00f3n para minimizar el riesgo de que las pistolas contribuyan a la violencia. En \u00faltima instancia, es necesario encontrar un equilibrio entre el derecho a la autodefensa y la responsabilidad de mantener a salvo a la sociedad.<\/p>\n<h2>Protecci\u00f3n personal: \u00bfhasta d\u00f3nde es necesario?<\/h2>\n<p>La protecci\u00f3n personal es fundamental en todas las facetas de la vida, pero es importante reflexionar hasta d\u00f3nde es necesario para mantener un equilibrio. En un mundo lleno de amenazas y peligros, es crucial tomar medidas para salvaguardar nuestra integridad f\u00edsica y emocional, pero tambi\u00e9n es esencial no caer en la paranoia y vivir en constante miedo. En definitiva, encontrar el punto medio entre la prevenci\u00f3n y la libertad es la clave para una protecci\u00f3n personal efectiva y saludable.<\/p>\n<div style=\"float: none;clear: both;width: 100%;position: relative;padding-bottom: 68%;padding-top: 25px;height: 0;\"><iframe style=\"position: absolute; top: 0; left: 0; width: 100%;height: 100%;\" src=\"https:\/\/www.youtube.com\/embed\/Qla81yqI2jI\" frameborder=\"0\" allowfullscreen=\"allowfullscreen\"><\/iframe><\/div>\n<p><\/p>\n<p>En resumen, es fundamental tener en cuenta la importancia de la protecci\u00f3n personal y el uso responsable de pistolas. Al seguir las leyes y regulaciones establecidas, as\u00ed como capacitarse adecuadamente en el manejo de armas de fuego, se puede garantizar la seguridad tanto propia como de los dem\u00e1s. Es responsabilidad de cada individuo tomar las medidas necesarias para prevenir accidentes y tragedias, promoviendo as\u00ed un entorno seguro y pac\u00edfico para todos.<\/p>\n","protected":false},"excerpt":{"rendered":"<p>En la actualidad, la protecci\u00f3n personal es una preocupaci\u00f3n cada vez m\u00e1s presente en la sociedad. En este sentido, el uso de pistolas como herramienta de defensa ha generado un intenso debate. \u00bfQu\u00e9 dice la ley al respecto? \u00bfCu\u00e1l es la opini\u00f3n de los expertos en seguridad? Descubre en este art\u00edculo todo lo que necesitas &#8230; <a title=\"La protecci\u00f3n personal y el uso de pistolas: \u00bfnecesario o peligroso?\" class=\"read-more\" href=\"https:\/\/dudasytextos.com\/militar\/proteccion\/proteccion-personal-y-el-uso-de-pistolas\/\" aria-label=\"M\u00e1s en La protecci\u00f3n personal y el uso de pistolas: \u00bfnecesario o peligroso?\">Leer m\u00e1s<\/a><\/p>\n","protected":false},"author":1,"featured_media":19802,"comment_status":"closed","ping_status":"closed","sticky":false,"template":"","format":"standard","meta":{"footnotes":""},"categories":[81],"tags":[],"class_list":["post-19801","post","type-post","status-publish","format-standard","has-post-thumbnail","hentry","category-proteccion"],"yoast_head":"<!-- This site is optimized with the Yoast SEO plugin v28.4 - https:\/\/yoast.com\/product\/yoast-seo-wordpress\/ -->\n<title>\u25b7 La protecci\u00f3n personal y el uso de pistolas: \u00bfnecesario o peligroso? [2026]<\/title>\n<meta name=\"description\" content=\"\u27a4 La protecci\u00f3n personal y el uso de pistolas: \u00bfnecesario o peligroso? \u261d En la actualidad, la protecci\u00f3n personal es una preocupaci\u00f3n cada vez m\u00e1s presente en la sociedad. En este sentido, el uso de pistolas como herramienta de ... \u27a4\" \/>\n<meta name=\"robots\" content=\"index, follow, max-snippet:-1, max-image-preview:large, max-video-preview:-1\" \/>\n<link rel=\"canonical\" href=\"https:\/\/dudasytextos.com\/militar\/proteccion\/proteccion-personal-y-el-uso-de-pistolas\/\" \/>\n<meta property=\"og:locale\" content=\"es_ES\" \/>\n<meta property=\"og:type\" content=\"article\" \/>\n<meta property=\"og:title\" content=\"\u25b7 La protecci\u00f3n personal y el uso de pistolas: \u00bfnecesario o peligroso? [2026]\" \/>\n<meta property=\"og:description\" content=\"\u27a4 La protecci\u00f3n personal y el uso de pistolas: \u00bfnecesario o peligroso? \u261d En la actualidad, la protecci\u00f3n personal es una preocupaci\u00f3n cada vez m\u00e1s presente en la sociedad. En este sentido, el uso de pistolas como herramienta de ... \u27a4\" \/>\n<meta property=\"og:url\" content=\"https:\/\/dudasytextos.com\/militar\/proteccion\/proteccion-personal-y-el-uso-de-pistolas\/\" \/>\n<meta property=\"og:site_name\" content=\"Militar y Arsenal\" \/>\n<meta property=\"article:published_time\" content=\"2025-10-09T18:23:47+00:00\" \/>\n<meta property=\"article:modified_time\" content=\"2025-11-06T11:29:39+00:00\" \/>\n<meta property=\"og:image\" content=\"https:\/\/dudasytextos.com\/militar\/wp-content\/uploads\/2024\/02\/yBOPl4zCI4Q.jpg\" \/>\n\t<meta property=\"og:image:width\" content=\"768\" \/>\n\t<meta property=\"og:image:height\" content=\"432\" \/>\n\t<meta property=\"og:image:type\" content=\"image\/jpeg\" \/>\n<meta name=\"author\" content=\"Manuel G\u00f3mez Sanchez\" \/>\n<meta name=\"twitter:card\" content=\"summary_large_image\" \/>\n<meta name=\"twitter:label1\" content=\"Escrito por\" \/>\n\t<meta name=\"twitter:data1\" content=\"Manuel G\u00f3mez Sanchez\" \/>\n\t<meta name=\"twitter:label2\" content=\"Tiempo de lectura\" \/>\n\t<meta name=\"twitter:data2\" content=\"6 minutos\" \/>\n<script type=\"application\/ld+json\" class=\"yoast-schema-graph\">{\"@context\":\"https:\\\/\\\/schema.org\",\"@graph\":[{\"@type\":\"Article\",\"@id\":\"https:\\\/\\\/dudasytextos.com\\\/militar\\\/proteccion\\\/proteccion-personal-y-el-uso-de-pistolas\\\/#article\",\"isPartOf\":{\"@id\":\"https:\\\/\\\/dudasytextos.com\\\/militar\\\/proteccion\\\/proteccion-personal-y-el-uso-de-pistolas\\\/\"},\"author\":{\"name\":\"Manuel G\u00f3mez Sanchez\",\"@id\":\"https:\\\/\\\/dudasytextos.com\\\/militar\\\/#\\\/schema\\\/person\\\/f29046a17154b6ebbc91e58a1e906222\"},\"headline\":\"La protecci\u00f3n personal y el uso de pistolas: \u00bfnecesario o peligroso?\",\"datePublished\":\"2025-10-09T18:23:47+00:00\",\"dateModified\":\"2025-11-06T11:29:39+00:00\",\"mainEntityOfPage\":{\"@id\":\"https:\\\/\\\/dudasytextos.com\\\/militar\\\/proteccion\\\/proteccion-personal-y-el-uso-de-pistolas\\\/\"},\"wordCount\":1141,\"image\":{\"@id\":\"https:\\\/\\\/dudasytextos.com\\\/militar\\\/proteccion\\\/proteccion-personal-y-el-uso-de-pistolas\\\/#primaryimage\"},\"thumbnailUrl\":\"https:\\\/\\\/dudasytextos.com\\\/militar\\\/wp-content\\\/uploads\\\/2024\\\/02\\\/yBOPl4zCI4Q.jpg\",\"articleSection\":[\"Protecci\u00f3n\"],\"inLanguage\":\"es\"},{\"@type\":\"WebPage\",\"@id\":\"https:\\\/\\\/dudasytextos.com\\\/militar\\\/proteccion\\\/proteccion-personal-y-el-uso-de-pistolas\\\/\",\"url\":\"https:\\\/\\\/dudasytextos.com\\\/militar\\\/proteccion\\\/proteccion-personal-y-el-uso-de-pistolas\\\/\",\"name\":\"\u25b7 La protecci\u00f3n personal y el uso de pistolas: \u00bfnecesario o peligroso? [2026]\",\"isPartOf\":{\"@id\":\"https:\\\/\\\/dudasytextos.com\\\/militar\\\/#website\"},\"primaryImageOfPage\":{\"@id\":\"https:\\\/\\\/dudasytextos.com\\\/militar\\\/proteccion\\\/proteccion-personal-y-el-uso-de-pistolas\\\/#primaryimage\"},\"image\":{\"@id\":\"https:\\\/\\\/dudasytextos.com\\\/militar\\\/proteccion\\\/proteccion-personal-y-el-uso-de-pistolas\\\/#primaryimage\"},\"thumbnailUrl\":\"https:\\\/\\\/dudasytextos.com\\\/militar\\\/wp-content\\\/uploads\\\/2024\\\/02\\\/yBOPl4zCI4Q.jpg\",\"datePublished\":\"2025-10-09T18:23:47+00:00\",\"dateModified\":\"2025-11-06T11:29:39+00:00\",\"author\":{\"@id\":\"https:\\\/\\\/dudasytextos.com\\\/militar\\\/#\\\/schema\\\/person\\\/f29046a17154b6ebbc91e58a1e906222\"},\"description\":\"\u27a4 La protecci\u00f3n personal y el uso de pistolas: \u00bfnecesario o peligroso? \u261d En la actualidad, la protecci\u00f3n personal es una preocupaci\u00f3n cada vez m\u00e1s presente en la sociedad. En este sentido, el uso de pistolas como herramienta de ... \u27a4\",\"breadcrumb\":{\"@id\":\"https:\\\/\\\/dudasytextos.com\\\/militar\\\/proteccion\\\/proteccion-personal-y-el-uso-de-pistolas\\\/#breadcrumb\"},\"inLanguage\":\"es\",\"potentialAction\":[{\"@type\":\"ReadAction\",\"target\":[\"https:\\\/\\\/dudasytextos.com\\\/militar\\\/proteccion\\\/proteccion-personal-y-el-uso-de-pistolas\\\/\"]}]},{\"@type\":\"ImageObject\",\"inLanguage\":\"es\",\"@id\":\"https:\\\/\\\/dudasytextos.com\\\/militar\\\/proteccion\\\/proteccion-personal-y-el-uso-de-pistolas\\\/#primaryimage\",\"url\":\"https:\\\/\\\/dudasytextos.com\\\/militar\\\/wp-content\\\/uploads\\\/2024\\\/02\\\/yBOPl4zCI4Q.jpg\",\"contentUrl\":\"https:\\\/\\\/dudasytextos.com\\\/militar\\\/wp-content\\\/uploads\\\/2024\\\/02\\\/yBOPl4zCI4Q.jpg\",\"width\":768,\"height\":432},{\"@type\":\"BreadcrumbList\",\"@id\":\"https:\\\/\\\/dudasytextos.com\\\/militar\\\/proteccion\\\/proteccion-personal-y-el-uso-de-pistolas\\\/#breadcrumb\",\"itemListElement\":[{\"@type\":\"ListItem\",\"position\":1,\"name\":\"Portada\",\"item\":\"https:\\\/\\\/dudasytextos.com\\\/militar\\\/\"},{\"@type\":\"ListItem\",\"position\":2,\"name\":\"La protecci\u00f3n personal y el uso de pistolas: \u00bfnecesario o peligroso?\"}]},{\"@type\":\"WebSite\",\"@id\":\"https:\\\/\\\/dudasytextos.com\\\/militar\\\/#website\",\"url\":\"https:\\\/\\\/dudasytextos.com\\\/militar\\\/\",\"name\":\"Militar y Arsenal\",\"description\":\"\",\"potentialAction\":[{\"@type\":\"SearchAction\",\"target\":{\"@type\":\"EntryPoint\",\"urlTemplate\":\"https:\\\/\\\/dudasytextos.com\\\/militar\\\/?s={search_term_string}\"},\"query-input\":{\"@type\":\"PropertyValueSpecification\",\"valueRequired\":true,\"valueName\":\"search_term_string\"}}],\"inLanguage\":\"es\"},{\"@type\":\"Person\",\"@id\":\"https:\\\/\\\/dudasytextos.com\\\/militar\\\/#\\\/schema\\\/person\\\/f29046a17154b6ebbc91e58a1e906222\",\"name\":\"Manuel G\u00f3mez Sanchez\",\"image\":{\"@type\":\"ImageObject\",\"inLanguage\":\"es\",\"@id\":\"https:\\\/\\\/secure.gravatar.com\\\/avatar\\\/b393c706812620f04315ff068fb5ec13d8d45aa77b88079cbac281f48db2e672?s=96&d=mm&r=g\",\"url\":\"https:\\\/\\\/secure.gravatar.com\\\/avatar\\\/b393c706812620f04315ff068fb5ec13d8d45aa77b88079cbac281f48db2e672?s=96&d=mm&r=g\",\"contentUrl\":\"https:\\\/\\\/secure.gravatar.com\\\/avatar\\\/b393c706812620f04315ff068fb5ec13d8d45aa77b88079cbac281f48db2e672?s=96&d=mm&r=g\",\"caption\":\"Manuel G\u00f3mez Sanchez\"},\"description\":\"Soy un apasionado militar con m\u00e1s de 10 a\u00f1os de experiencia en el campo. He servido en varias misiones internacionales y he adquirido habilidades en liderazgo, estrategia y trabajo en equipo. Mi objetivo con mi blog es compartir mis conocimientos y experiencias en el \u00e1mbito militar, as\u00ed como proporcionar consejos y recursos para aquellos interesados en seguir una carrera en las fuerzas armadas.\",\"sameAs\":[\"https:\\\/\\\/dudasytextos.com\\\/militar\"]}]}<\/script>\n<!-- \/ Yoast SEO plugin. -->","yoast_head_json":{"title":"\u25b7 La protecci\u00f3n personal y el uso de pistolas: \u00bfnecesario o peligroso? [2026]","description":"\u27a4 La protecci\u00f3n personal y el uso de pistolas: \u00bfnecesario o peligroso? \u261d En la actualidad, la protecci\u00f3n personal es una preocupaci\u00f3n cada vez m\u00e1s presente en la sociedad. En este sentido, el uso de pistolas como herramienta de ... \u27a4","robots":{"index":"index","follow":"follow","max-snippet":"max-snippet:-1","max-image-preview":"max-image-preview:large","max-video-preview":"max-video-preview:-1"},"canonical":"https:\/\/dudasytextos.com\/militar\/proteccion\/proteccion-personal-y-el-uso-de-pistolas\/","og_locale":"es_ES","og_type":"article","og_title":"\u25b7 La protecci\u00f3n personal y el uso de pistolas: \u00bfnecesario o peligroso? [2026]","og_description":"\u27a4 La protecci\u00f3n personal y el uso de pistolas: \u00bfnecesario o peligroso? \u261d En la actualidad, la protecci\u00f3n personal es una preocupaci\u00f3n cada vez m\u00e1s presente en la sociedad. En este sentido, el uso de pistolas como herramienta de ... \u27a4","og_url":"https:\/\/dudasytextos.com\/militar\/proteccion\/proteccion-personal-y-el-uso-de-pistolas\/","og_site_name":"Militar y Arsenal","article_published_time":"2025-10-09T18:23:47+00:00","article_modified_time":"2025-11-06T11:29:39+00:00","og_image":[{"width":768,"height":432,"url":"https:\/\/dudasytextos.com\/militar\/wp-content\/uploads\/2024\/02\/yBOPl4zCI4Q.jpg","type":"image\/jpeg"}],"author":"Manuel G\u00f3mez Sanchez","twitter_card":"summary_large_image","twitter_misc":{"Escrito por":"Manuel G\u00f3mez Sanchez","Tiempo de lectura":"6 minutos"},"schema":{"@context":"https:\/\/schema.org","@graph":[{"@type":"Article","@id":"https:\/\/dudasytextos.com\/militar\/proteccion\/proteccion-personal-y-el-uso-de-pistolas\/#article","isPartOf":{"@id":"https:\/\/dudasytextos.com\/militar\/proteccion\/proteccion-personal-y-el-uso-de-pistolas\/"},"author":{"name":"Manuel G\u00f3mez Sanchez","@id":"https:\/\/dudasytextos.com\/militar\/#\/schema\/person\/f29046a17154b6ebbc91e58a1e906222"},"headline":"La protecci\u00f3n personal y el uso de pistolas: \u00bfnecesario o peligroso?","datePublished":"2025-10-09T18:23:47+00:00","dateModified":"2025-11-06T11:29:39+00:00","mainEntityOfPage":{"@id":"https:\/\/dudasytextos.com\/militar\/proteccion\/proteccion-personal-y-el-uso-de-pistolas\/"},"wordCount":1141,"image":{"@id":"https:\/\/dudasytextos.com\/militar\/proteccion\/proteccion-personal-y-el-uso-de-pistolas\/#primaryimage"},"thumbnailUrl":"https:\/\/dudasytextos.com\/militar\/wp-content\/uploads\/2024\/02\/yBOPl4zCI4Q.jpg","articleSection":["Protecci\u00f3n"],"inLanguage":"es"},{"@type":"WebPage","@id":"https:\/\/dudasytextos.com\/militar\/proteccion\/proteccion-personal-y-el-uso-de-pistolas\/","url":"https:\/\/dudasytextos.com\/militar\/proteccion\/proteccion-personal-y-el-uso-de-pistolas\/","name":"\u25b7 La protecci\u00f3n personal y el uso de pistolas: \u00bfnecesario o peligroso? [2026]","isPartOf":{"@id":"https:\/\/dudasytextos.com\/militar\/#website"},"primaryImageOfPage":{"@id":"https:\/\/dudasytextos.com\/militar\/proteccion\/proteccion-personal-y-el-uso-de-pistolas\/#primaryimage"},"image":{"@id":"https:\/\/dudasytextos.com\/militar\/proteccion\/proteccion-personal-y-el-uso-de-pistolas\/#primaryimage"},"thumbnailUrl":"https:\/\/dudasytextos.com\/militar\/wp-content\/uploads\/2024\/02\/yBOPl4zCI4Q.jpg","datePublished":"2025-10-09T18:23:47+00:00","dateModified":"2025-11-06T11:29:39+00:00","author":{"@id":"https:\/\/dudasytextos.com\/militar\/#\/schema\/person\/f29046a17154b6ebbc91e58a1e906222"},"description":"\u27a4 La protecci\u00f3n personal y el uso de pistolas: \u00bfnecesario o peligroso? \u261d En la actualidad, la protecci\u00f3n personal es una preocupaci\u00f3n cada vez m\u00e1s presente en la sociedad. En este sentido, el uso de pistolas como herramienta de ... \u27a4","breadcrumb":{"@id":"https:\/\/dudasytextos.com\/militar\/proteccion\/proteccion-personal-y-el-uso-de-pistolas\/#breadcrumb"},"inLanguage":"es","potentialAction":[{"@type":"ReadAction","target":["https:\/\/dudasytextos.com\/militar\/proteccion\/proteccion-personal-y-el-uso-de-pistolas\/"]}]},{"@type":"ImageObject","inLanguage":"es","@id":"https:\/\/dudasytextos.com\/militar\/proteccion\/proteccion-personal-y-el-uso-de-pistolas\/#primaryimage","url":"https:\/\/dudasytextos.com\/militar\/wp-content\/uploads\/2024\/02\/yBOPl4zCI4Q.jpg","contentUrl":"https:\/\/dudasytextos.com\/militar\/wp-content\/uploads\/2024\/02\/yBOPl4zCI4Q.jpg","width":768,"height":432},{"@type":"BreadcrumbList","@id":"https:\/\/dudasytextos.com\/militar\/proteccion\/proteccion-personal-y-el-uso-de-pistolas\/#breadcrumb","itemListElement":[{"@type":"ListItem","position":1,"name":"Portada","item":"https:\/\/dudasytextos.com\/militar\/"},{"@type":"ListItem","position":2,"name":"La protecci\u00f3n personal y el uso de pistolas: \u00bfnecesario o peligroso?"}]},{"@type":"WebSite","@id":"https:\/\/dudasytextos.com\/militar\/#website","url":"https:\/\/dudasytextos.com\/militar\/","name":"Militar y Arsenal","description":"","potentialAction":[{"@type":"SearchAction","target":{"@type":"EntryPoint","urlTemplate":"https:\/\/dudasytextos.com\/militar\/?s={search_term_string}"},"query-input":{"@type":"PropertyValueSpecification","valueRequired":true,"valueName":"search_term_string"}}],"inLanguage":"es"},{"@type":"Person","@id":"https:\/\/dudasytextos.com\/militar\/#\/schema\/person\/f29046a17154b6ebbc91e58a1e906222","name":"Manuel G\u00f3mez Sanchez","image":{"@type":"ImageObject","inLanguage":"es","@id":"https:\/\/secure.gravatar.com\/avatar\/b393c706812620f04315ff068fb5ec13d8d45aa77b88079cbac281f48db2e672?s=96&d=mm&r=g","url":"https:\/\/secure.gravatar.com\/avatar\/b393c706812620f04315ff068fb5ec13d8d45aa77b88079cbac281f48db2e672?s=96&d=mm&r=g","contentUrl":"https:\/\/secure.gravatar.com\/avatar\/b393c706812620f04315ff068fb5ec13d8d45aa77b88079cbac281f48db2e672?s=96&d=mm&r=g","caption":"Manuel G\u00f3mez Sanchez"},"description":"Soy un apasionado militar con m\u00e1s de 10 a\u00f1os de experiencia en el campo. He servido en varias misiones internacionales y he adquirido habilidades en liderazgo, estrategia y trabajo en equipo. Mi objetivo con mi blog es compartir mis conocimientos y experiencias en el \u00e1mbito militar, as\u00ed como proporcionar consejos y recursos para aquellos interesados en seguir una carrera en las fuerzas armadas.","sameAs":["https:\/\/dudasytextos.com\/militar"]}]}},"_links":{"self":[{"href":"https:\/\/dudasytextos.com\/militar\/wp-json\/wp\/v2\/posts\/19801","targetHints":{"allow":["GET"]}}],"collection":[{"href":"https:\/\/dudasytextos.com\/militar\/wp-json\/wp\/v2\/posts"}],"about":[{"href":"https:\/\/dudasytextos.com\/militar\/wp-json\/wp\/v2\/types\/post"}],"author":[{"embeddable":true,"href":"https:\/\/dudasytextos.com\/militar\/wp-json\/wp\/v2\/users\/1"}],"replies":[{"embeddable":true,"href":"https:\/\/dudasytextos.com\/militar\/wp-json\/wp\/v2\/comments?post=19801"}],"version-history":[{"count":0,"href":"https:\/\/dudasytextos.com\/militar\/wp-json\/wp\/v2\/posts\/19801\/revisions"}],"wp:featuredmedia":[{"embeddable":true,"href":"https:\/\/dudasytextos.com\/militar\/wp-json\/wp\/v2\/media\/19802"}],"wp:attachment":[{"href":"https:\/\/dudasytextos.com\/militar\/wp-json\/wp\/v2\/media?parent=19801"}],"wp:term":[{"taxonomy":"category","embeddable":true,"href":"https:\/\/dudasytextos.com\/militar\/wp-json\/wp\/v2\/categories?post=19801"},{"taxonomy":"post_tag","embeddable":true,"href":"https:\/\/dudasytextos.com\/militar\/wp-json\/wp\/v2\/tags?post=19801"}],"curies":[{"name":"wp","href":"https:\/\/api.w.org\/{rel}","templated":true}]}}