{"id":20527,"date":"2025-10-24T16:13:39","date_gmt":"2025-10-24T15:13:39","guid":{"rendered":"https:\/\/militaryarsenal.es\/blog\/proteccion-de-politicos-en-riesgo-3\/"},"modified":"2025-11-06T12:26:34","modified_gmt":"2025-11-06T11:26:34","slug":"proteccion-de-politicos-en-riesgo-3","status":"publish","type":"post","link":"https:\/\/dudasytextos.com\/militar\/proteccion\/proteccion-de-politicos-en-riesgo-3\/","title":{"rendered":"Protecci\u00f3n para pol\u00edticos en riesgo: estrategias y medidas"},"content":{"rendered":"<p>En el mundo de la pol\u00edtica, la protecci\u00f3n de pol\u00edticos en riesgo es un tema de suma importancia. Dada la naturaleza de su trabajo, los pol\u00edticos est\u00e1n constantemente expuestos a situaciones de peligro. En este art\u00edculo, exploraremos las diversas medidas de seguridad que se implementan para garantizar la integridad de estos individuos y c\u00f3mo se busca prevenir cualquier tipo de amenaza en su contra. \u00a1Sigue leyendo para conocer m\u00e1s sobre este crucial aspecto de la vida de los l\u00edderes pol\u00edticos!<\/p>\n<div style=\"float: none;clear: both;width: 100%;position: relative;padding-bottom: 68%;padding-top: 25px;height: 0;\"><iframe style=\"position: absolute; top: 0; left: 0; width: 100%;height: 100%;\" src=\"https:\/\/www.youtube.com\/embed\/yWvCZ4rgPhw\" frameborder=\"0\" allowfullscreen=\"allowfullscreen\"><\/iframe><\/div>\n<p><\/p>\n<h2>\u00bfCu\u00e1l es el riesgo de protecci\u00f3n?<\/h2>\n<p>Los factores de riesgo y de protecci\u00f3n son elementos clave que influyen en la probabilidad de que una persona experimente ciertos problemas. Los factores de riesgo aumentan la posibilidad de que ocurra un problema, mientras que los factores de protecci\u00f3n disminuyen esa posibilidad. Es importante identificar y abordar tanto los factores de riesgo como los factores de protecci\u00f3n para promover la salud y el bienestar.<\/p>\n<p>Es crucial entender que los factores de riesgo y de protecci\u00f3n pueden variar seg\u00fan la situaci\u00f3n y la persona. Al reconocer y comprender estos factores, podemos trabajar para minimizar los riesgos y fortalecer los factores de protecci\u00f3n, promoviendo as\u00ed un entorno m\u00e1s seguro y saludable para todos.<\/p>\n<h2>\u00bfCu\u00e1l es el riesgo en protecci\u00f3n civil?<\/h2>\n<p>El riesgo en protecci\u00f3n civil se refiere a la posibilidad de que ocurra un evento o fen\u00f3meno que pueda causar da\u00f1os a las personas o a la propiedad. Esta combinaci\u00f3n de la probabilidad de un evento y la vulnerabilidad de los elementos expuestos es lo que determina el nivel de riesgo en una determinada situaci\u00f3n.<\/p>\n<p>Es crucial entender que el riesgo en protecci\u00f3n civil no solo se basa en la probabilidad de que ocurra un evento, sino tambi\u00e9n en la vulnerabilidad de los elementos expuestos. Esto significa que se deben tomar medidas para reducir tanto la probabilidad de que ocurra un evento como la vulnerabilidad de la poblaci\u00f3n y de los bienes expuestos.<\/p>\n<p>En resumen, el riesgo en protecci\u00f3n civil es la combinaci\u00f3n de la probabilidad de un evento y la vulnerabilidad de los elementos expuestos, lo que puede resultar en efectos perjudiciales para las personas o p\u00e9rdidas de bienes. Es fundamental identificar y evaluar los riesgos para poder implementar medidas preventivas y de respuesta adecuadas para proteger a la poblaci\u00f3n y sus propiedades.<\/p>\n<h2>\u00bfCu\u00e1les son las instituciones encargadas de la prevenci\u00f3n de desastres?<\/h2>\n<p>El Centro Nacional de Prevenci\u00f3n de Desastres, Cenapred, es la instituci\u00f3n encargada de coordinar tecnolog\u00edas para la prevenci\u00f3n y mitigaci\u00f3n de desastres en M\u00e9xico. Su objetivo es promover la capacitaci\u00f3n y difusi\u00f3n de medidas de preparaci\u00f3n para enfrentar situaciones de emergencia. Adem\u00e1s, el Sistema Nacional de Protecci\u00f3n Civil (Sinaproc) tambi\u00e9n juega un papel importante en la prevenci\u00f3n de desastres, trabajando en conjunto con Cenapred para garantizar la seguridad de la poblaci\u00f3n.<\/p>\n<h2>Salvaguardando a los l\u00edderes: t\u00e1cticas efectivas de seguridad<\/h2>\n<p>Para salvaguardar a los l\u00edderes, es fundamental implementar t\u00e1cticas efectivas de seguridad que garanticen su protecci\u00f3n en todo momento. Desde la contrataci\u00f3n de personal de seguridad altamente capacitado hasta la instalaci\u00f3n de sistemas de vigilancia avanzados, es imprescindible tener un enfoque proactivo en la prevenci\u00f3n de posibles amenazas. Adem\u00e1s, la capacitaci\u00f3n constante en medidas de seguridad y la planificaci\u00f3n detallada de rutas y eventos son clave para garantizar la integridad de los l\u00edderes en todo momento. La seguridad de los l\u00edderes no solo es una responsabilidad, sino tambi\u00e9n una prioridad que debe abordarse con seriedad y eficacia.<\/p>\n<h2>Blindaje pol\u00edtico: defensas s\u00f3lidas contra amenazas<\/h2>\n<p>Con el fin de protegerse de las amenazas pol\u00edticas, es crucial implementar un blindaje pol\u00edtico s\u00f3lido que garantice la seguridad y estabilidad de un gobierno o l\u00edder. Esto implica la adopci\u00f3n de estrategias proactivas, como el fortalecimiento de alianzas internacionales, la transparencia en la gesti\u00f3n p\u00fablica y la implementaci\u00f3n de pol\u00edticas de seguridad efectivas. Asimismo, es fundamental contar con un equipo capacitado para anticipar y enfrentar posibles crisis, as\u00ed como establecer mecanismos de comunicaci\u00f3n claros y directos con la ciudadan\u00eda para generar confianza y legitimidad. El blindaje pol\u00edtico no solo implica la protecci\u00f3n de la figura pol\u00edtica, sino tambi\u00e9n la defensa de los valores democr\u00e1ticos y el bienestar de la sociedad en su conjunto.<\/p>\n<h2>Escudo de protecci\u00f3n: estrategias vitales para pol\u00edticos en peligro<\/h2>\n<p>Los pol\u00edticos en peligro deben implementar un escudo de protecci\u00f3n compuesto por estrategias vitales para salvaguardar su integridad f\u00edsica y pol\u00edtica. Es fundamental contar con un equipo de seguridad capacitado, mantener un perfil bajo en redes sociales y en eventos p\u00fablicos, as\u00ed como establecer alianzas estrat\u00e9gicas con otros pol\u00edticos y organismos de seguridad. Adem\u00e1s, es crucial estar alerta a posibles amenazas y actuar con prudencia en situaciones de riesgo, priorizando siempre la seguridad personal y la estabilidad pol\u00edtica.<\/p>\n<h2>Resguardando a los gobernantes: medidas esenciales de prevenci\u00f3n<\/h2>\n<p>En la actualidad, la protecci\u00f3n de los l\u00edderes pol\u00edticos es una prioridad crucial en todos los niveles de gobierno. Por ello, es fundamental implementar medidas esenciales de prevenci\u00f3n para resguardar a los gobernantes y garantizar su seguridad en todo momento. Estas medidas incluyen la capacitaci\u00f3n en seguridad, la implementaci\u00f3n de protocolos de emergencia y la vigilancia constante de posibles amenazas.<\/p>\n<p>Adem\u00e1s, es imprescindible establecer un equipo de seguridad altamente capacitado y equipado para responder de manera efectiva ante cualquier situaci\u00f3n de riesgo. Este equipo debe estar preparado para actuar r\u00e1pidamente en caso de emergencia y contar con la tecnolog\u00eda necesaria para monitorear de cerca a los gobernantes en todo momento. Asimismo, se deben realizar evaluaciones de riesgo peri\u00f3dicas para identificar posibles vulnerabilidades y tomar las medidas necesarias para mitigar cualquier amenaza potencial.<\/p>\n<p>En resumen, la protecci\u00f3n de los gobernantes es un aspecto fundamental para garantizar la estabilidad y el buen funcionamiento de cualquier gobierno. Mediante la implementaci\u00f3n de medidas de prevenci\u00f3n adecuadas y la formaci\u00f3n de un equipo de seguridad competente, es posible resguardar a los l\u00edderes pol\u00edticos y asegurar su integridad f\u00edsica en todo momento. Es responsabilidad de las autoridades competentes adoptar estas medidas para garantizar la seguridad y el bienestar de aquellos que est\u00e1n al servicio del pa\u00eds.<\/p>\n<div style=\"float: none;clear: both;width: 100%;position: relative;padding-bottom: 68%;padding-top: 25px;height: 0;\"><iframe style=\"position: absolute; top: 0; left: 0; width: 100%;height: 100%;\" src=\"https:\/\/www.youtube.com\/embed\/u54Gw6GDM4U\" frameborder=\"0\" allowfullscreen=\"allowfullscreen\"><\/iframe><\/div>\n<p><\/p>\n<p>En resumen, la protecci\u00f3n de pol\u00edticos en riesgo es una tarea crucial que debe ser abordada con urgencia y eficacia. Garantizar la seguridad de aquellos que representan a la ciudadan\u00eda es fundamental para el funcionamiento democr\u00e1tico de un pa\u00eds. Es responsabilidad de las autoridades y de la sociedad en su conjunto trabajar juntos para proteger a aquellos que est\u00e1n en peligro debido a su labor pol\u00edtica. La implementaci\u00f3n de medidas de seguridad adecuadas y el fortalecimiento de los mecanismos de protecci\u00f3n son pasos indispensables para asegurar la integridad de nuestros l\u00edderes y el buen desarrollo de la democracia.<\/p>\n","protected":false},"excerpt":{"rendered":"<p>En el mundo de la pol\u00edtica, la protecci\u00f3n de pol\u00edticos en riesgo es un tema de suma importancia. Dada la naturaleza de su trabajo, los pol\u00edticos est\u00e1n constantemente expuestos a situaciones de peligro. En este art\u00edculo, exploraremos las diversas medidas de seguridad que se implementan para garantizar la integridad de estos individuos y c\u00f3mo se &#8230; <a title=\"Protecci\u00f3n para pol\u00edticos en riesgo: estrategias y medidas\" class=\"read-more\" href=\"https:\/\/dudasytextos.com\/militar\/proteccion\/proteccion-de-politicos-en-riesgo-3\/\" aria-label=\"M\u00e1s en Protecci\u00f3n para pol\u00edticos en riesgo: estrategias y medidas\">Leer m\u00e1s<\/a><\/p>\n","protected":false},"author":1,"featured_media":20528,"comment_status":"closed","ping_status":"closed","sticky":false,"template":"","format":"standard","meta":{"footnotes":""},"categories":[81],"tags":[],"class_list":["post-20527","post","type-post","status-publish","format-standard","has-post-thumbnail","hentry","category-proteccion"],"yoast_head":"<!-- This site is optimized with the Yoast SEO plugin v28.3 - https:\/\/yoast.com\/product\/yoast-seo-wordpress\/ -->\n<title>\u25b7 Protecci\u00f3n para pol\u00edticos en riesgo: estrategias y medidas [2026]<\/title>\n<meta name=\"description\" content=\"\u27a4 Protecci\u00f3n para pol\u00edticos en riesgo: estrategias y medidas \u261d En el mundo de la pol\u00edtica, la protecci\u00f3n de pol\u00edticos en riesgo es un tema de suma importancia. Dada la naturaleza de su trabajo, los pol\u00edticos est\u00e1n ... \u27a4\" \/>\n<meta name=\"robots\" content=\"index, follow, max-snippet:-1, max-image-preview:large, max-video-preview:-1\" \/>\n<link rel=\"canonical\" href=\"https:\/\/dudasytextos.com\/militar\/proteccion\/proteccion-de-politicos-en-riesgo-3\/\" \/>\n<meta property=\"og:locale\" content=\"es_ES\" \/>\n<meta property=\"og:type\" content=\"article\" \/>\n<meta property=\"og:title\" content=\"\u25b7 Protecci\u00f3n para pol\u00edticos en riesgo: estrategias y medidas [2026]\" \/>\n<meta property=\"og:description\" content=\"\u27a4 Protecci\u00f3n para pol\u00edticos en riesgo: estrategias y medidas \u261d En el mundo de la pol\u00edtica, la protecci\u00f3n de pol\u00edticos en riesgo es un tema de suma importancia. Dada la naturaleza de su trabajo, los pol\u00edticos est\u00e1n ... \u27a4\" \/>\n<meta property=\"og:url\" content=\"https:\/\/dudasytextos.com\/militar\/proteccion\/proteccion-de-politicos-en-riesgo-3\/\" \/>\n<meta property=\"og:site_name\" content=\"Militar y Arsenal\" \/>\n<meta property=\"article:published_time\" content=\"2025-10-24T15:13:39+00:00\" \/>\n<meta property=\"article:modified_time\" content=\"2025-11-06T11:26:34+00:00\" \/>\n<meta property=\"og:image\" content=\"https:\/\/dudasytextos.com\/militar\/wp-content\/uploads\/2024\/02\/yWvCZ4rgPhw.jpg\" \/>\n\t<meta property=\"og:image:width\" content=\"768\" \/>\n\t<meta property=\"og:image:height\" content=\"432\" \/>\n\t<meta property=\"og:image:type\" content=\"image\/jpeg\" \/>\n<meta name=\"author\" content=\"Manuel G\u00f3mez Sanchez\" \/>\n<meta name=\"twitter:card\" content=\"summary_large_image\" \/>\n<meta name=\"twitter:label1\" content=\"Escrito por\" \/>\n\t<meta name=\"twitter:data1\" content=\"Manuel G\u00f3mez Sanchez\" \/>\n\t<meta name=\"twitter:label2\" content=\"Tiempo de lectura\" \/>\n\t<meta name=\"twitter:data2\" content=\"6 minutos\" \/>\n<script type=\"application\/ld+json\" class=\"yoast-schema-graph\">{\"@context\":\"https:\\\/\\\/schema.org\",\"@graph\":[{\"@type\":\"Article\",\"@id\":\"https:\\\/\\\/dudasytextos.com\\\/militar\\\/proteccion\\\/proteccion-de-politicos-en-riesgo-3\\\/#article\",\"isPartOf\":{\"@id\":\"https:\\\/\\\/dudasytextos.com\\\/militar\\\/proteccion\\\/proteccion-de-politicos-en-riesgo-3\\\/\"},\"author\":{\"name\":\"Manuel G\u00f3mez Sanchez\",\"@id\":\"https:\\\/\\\/dudasytextos.com\\\/militar\\\/#\\\/schema\\\/person\\\/f29046a17154b6ebbc91e58a1e906222\"},\"headline\":\"Protecci\u00f3n para pol\u00edticos en riesgo: estrategias y medidas\",\"datePublished\":\"2025-10-24T15:13:39+00:00\",\"dateModified\":\"2025-11-06T11:26:34+00:00\",\"mainEntityOfPage\":{\"@id\":\"https:\\\/\\\/dudasytextos.com\\\/militar\\\/proteccion\\\/proteccion-de-politicos-en-riesgo-3\\\/\"},\"wordCount\":1222,\"image\":{\"@id\":\"https:\\\/\\\/dudasytextos.com\\\/militar\\\/proteccion\\\/proteccion-de-politicos-en-riesgo-3\\\/#primaryimage\"},\"thumbnailUrl\":\"https:\\\/\\\/dudasytextos.com\\\/militar\\\/wp-content\\\/uploads\\\/2024\\\/02\\\/yWvCZ4rgPhw.jpg\",\"articleSection\":[\"Protecci\u00f3n\"],\"inLanguage\":\"es\"},{\"@type\":\"WebPage\",\"@id\":\"https:\\\/\\\/dudasytextos.com\\\/militar\\\/proteccion\\\/proteccion-de-politicos-en-riesgo-3\\\/\",\"url\":\"https:\\\/\\\/dudasytextos.com\\\/militar\\\/proteccion\\\/proteccion-de-politicos-en-riesgo-3\\\/\",\"name\":\"\u25b7 Protecci\u00f3n para pol\u00edticos en riesgo: estrategias y medidas [2026]\",\"isPartOf\":{\"@id\":\"https:\\\/\\\/dudasytextos.com\\\/militar\\\/#website\"},\"primaryImageOfPage\":{\"@id\":\"https:\\\/\\\/dudasytextos.com\\\/militar\\\/proteccion\\\/proteccion-de-politicos-en-riesgo-3\\\/#primaryimage\"},\"image\":{\"@id\":\"https:\\\/\\\/dudasytextos.com\\\/militar\\\/proteccion\\\/proteccion-de-politicos-en-riesgo-3\\\/#primaryimage\"},\"thumbnailUrl\":\"https:\\\/\\\/dudasytextos.com\\\/militar\\\/wp-content\\\/uploads\\\/2024\\\/02\\\/yWvCZ4rgPhw.jpg\",\"datePublished\":\"2025-10-24T15:13:39+00:00\",\"dateModified\":\"2025-11-06T11:26:34+00:00\",\"author\":{\"@id\":\"https:\\\/\\\/dudasytextos.com\\\/militar\\\/#\\\/schema\\\/person\\\/f29046a17154b6ebbc91e58a1e906222\"},\"description\":\"\u27a4 Protecci\u00f3n para pol\u00edticos en riesgo: estrategias y medidas \u261d En el mundo de la pol\u00edtica, la protecci\u00f3n de pol\u00edticos en riesgo es un tema de suma importancia. Dada la naturaleza de su trabajo, los pol\u00edticos est\u00e1n ... \u27a4\",\"breadcrumb\":{\"@id\":\"https:\\\/\\\/dudasytextos.com\\\/militar\\\/proteccion\\\/proteccion-de-politicos-en-riesgo-3\\\/#breadcrumb\"},\"inLanguage\":\"es\",\"potentialAction\":[{\"@type\":\"ReadAction\",\"target\":[\"https:\\\/\\\/dudasytextos.com\\\/militar\\\/proteccion\\\/proteccion-de-politicos-en-riesgo-3\\\/\"]}]},{\"@type\":\"ImageObject\",\"inLanguage\":\"es\",\"@id\":\"https:\\\/\\\/dudasytextos.com\\\/militar\\\/proteccion\\\/proteccion-de-politicos-en-riesgo-3\\\/#primaryimage\",\"url\":\"https:\\\/\\\/dudasytextos.com\\\/militar\\\/wp-content\\\/uploads\\\/2024\\\/02\\\/yWvCZ4rgPhw.jpg\",\"contentUrl\":\"https:\\\/\\\/dudasytextos.com\\\/militar\\\/wp-content\\\/uploads\\\/2024\\\/02\\\/yWvCZ4rgPhw.jpg\",\"width\":768,\"height\":432},{\"@type\":\"BreadcrumbList\",\"@id\":\"https:\\\/\\\/dudasytextos.com\\\/militar\\\/proteccion\\\/proteccion-de-politicos-en-riesgo-3\\\/#breadcrumb\",\"itemListElement\":[{\"@type\":\"ListItem\",\"position\":1,\"name\":\"Portada\",\"item\":\"https:\\\/\\\/dudasytextos.com\\\/militar\\\/\"},{\"@type\":\"ListItem\",\"position\":2,\"name\":\"Protecci\u00f3n para pol\u00edticos en riesgo: estrategias y medidas\"}]},{\"@type\":\"WebSite\",\"@id\":\"https:\\\/\\\/dudasytextos.com\\\/militar\\\/#website\",\"url\":\"https:\\\/\\\/dudasytextos.com\\\/militar\\\/\",\"name\":\"Militar y Arsenal\",\"description\":\"\",\"potentialAction\":[{\"@type\":\"SearchAction\",\"target\":{\"@type\":\"EntryPoint\",\"urlTemplate\":\"https:\\\/\\\/dudasytextos.com\\\/militar\\\/?s={search_term_string}\"},\"query-input\":{\"@type\":\"PropertyValueSpecification\",\"valueRequired\":true,\"valueName\":\"search_term_string\"}}],\"inLanguage\":\"es\"},{\"@type\":\"Person\",\"@id\":\"https:\\\/\\\/dudasytextos.com\\\/militar\\\/#\\\/schema\\\/person\\\/f29046a17154b6ebbc91e58a1e906222\",\"name\":\"Manuel G\u00f3mez Sanchez\",\"image\":{\"@type\":\"ImageObject\",\"inLanguage\":\"es\",\"@id\":\"https:\\\/\\\/secure.gravatar.com\\\/avatar\\\/b393c706812620f04315ff068fb5ec13d8d45aa77b88079cbac281f48db2e672?s=96&d=mm&r=g\",\"url\":\"https:\\\/\\\/secure.gravatar.com\\\/avatar\\\/b393c706812620f04315ff068fb5ec13d8d45aa77b88079cbac281f48db2e672?s=96&d=mm&r=g\",\"contentUrl\":\"https:\\\/\\\/secure.gravatar.com\\\/avatar\\\/b393c706812620f04315ff068fb5ec13d8d45aa77b88079cbac281f48db2e672?s=96&d=mm&r=g\",\"caption\":\"Manuel G\u00f3mez Sanchez\"},\"description\":\"Soy un apasionado militar con m\u00e1s de 10 a\u00f1os de experiencia en el campo. He servido en varias misiones internacionales y he adquirido habilidades en liderazgo, estrategia y trabajo en equipo. Mi objetivo con mi blog es compartir mis conocimientos y experiencias en el \u00e1mbito militar, as\u00ed como proporcionar consejos y recursos para aquellos interesados en seguir una carrera en las fuerzas armadas.\",\"sameAs\":[\"https:\\\/\\\/dudasytextos.com\\\/militar\"]}]}<\/script>\n<!-- \/ Yoast SEO plugin. -->","yoast_head_json":{"title":"\u25b7 Protecci\u00f3n para pol\u00edticos en riesgo: estrategias y medidas [2026]","description":"\u27a4 Protecci\u00f3n para pol\u00edticos en riesgo: estrategias y medidas \u261d En el mundo de la pol\u00edtica, la protecci\u00f3n de pol\u00edticos en riesgo es un tema de suma importancia. Dada la naturaleza de su trabajo, los pol\u00edticos est\u00e1n ... \u27a4","robots":{"index":"index","follow":"follow","max-snippet":"max-snippet:-1","max-image-preview":"max-image-preview:large","max-video-preview":"max-video-preview:-1"},"canonical":"https:\/\/dudasytextos.com\/militar\/proteccion\/proteccion-de-politicos-en-riesgo-3\/","og_locale":"es_ES","og_type":"article","og_title":"\u25b7 Protecci\u00f3n para pol\u00edticos en riesgo: estrategias y medidas [2026]","og_description":"\u27a4 Protecci\u00f3n para pol\u00edticos en riesgo: estrategias y medidas \u261d En el mundo de la pol\u00edtica, la protecci\u00f3n de pol\u00edticos en riesgo es un tema de suma importancia. Dada la naturaleza de su trabajo, los pol\u00edticos est\u00e1n ... \u27a4","og_url":"https:\/\/dudasytextos.com\/militar\/proteccion\/proteccion-de-politicos-en-riesgo-3\/","og_site_name":"Militar y Arsenal","article_published_time":"2025-10-24T15:13:39+00:00","article_modified_time":"2025-11-06T11:26:34+00:00","og_image":[{"width":768,"height":432,"url":"https:\/\/dudasytextos.com\/militar\/wp-content\/uploads\/2024\/02\/yWvCZ4rgPhw.jpg","type":"image\/jpeg"}],"author":"Manuel G\u00f3mez Sanchez","twitter_card":"summary_large_image","twitter_misc":{"Escrito por":"Manuel G\u00f3mez Sanchez","Tiempo de lectura":"6 minutos"},"schema":{"@context":"https:\/\/schema.org","@graph":[{"@type":"Article","@id":"https:\/\/dudasytextos.com\/militar\/proteccion\/proteccion-de-politicos-en-riesgo-3\/#article","isPartOf":{"@id":"https:\/\/dudasytextos.com\/militar\/proteccion\/proteccion-de-politicos-en-riesgo-3\/"},"author":{"name":"Manuel G\u00f3mez Sanchez","@id":"https:\/\/dudasytextos.com\/militar\/#\/schema\/person\/f29046a17154b6ebbc91e58a1e906222"},"headline":"Protecci\u00f3n para pol\u00edticos en riesgo: estrategias y medidas","datePublished":"2025-10-24T15:13:39+00:00","dateModified":"2025-11-06T11:26:34+00:00","mainEntityOfPage":{"@id":"https:\/\/dudasytextos.com\/militar\/proteccion\/proteccion-de-politicos-en-riesgo-3\/"},"wordCount":1222,"image":{"@id":"https:\/\/dudasytextos.com\/militar\/proteccion\/proteccion-de-politicos-en-riesgo-3\/#primaryimage"},"thumbnailUrl":"https:\/\/dudasytextos.com\/militar\/wp-content\/uploads\/2024\/02\/yWvCZ4rgPhw.jpg","articleSection":["Protecci\u00f3n"],"inLanguage":"es"},{"@type":"WebPage","@id":"https:\/\/dudasytextos.com\/militar\/proteccion\/proteccion-de-politicos-en-riesgo-3\/","url":"https:\/\/dudasytextos.com\/militar\/proteccion\/proteccion-de-politicos-en-riesgo-3\/","name":"\u25b7 Protecci\u00f3n para pol\u00edticos en riesgo: estrategias y medidas [2026]","isPartOf":{"@id":"https:\/\/dudasytextos.com\/militar\/#website"},"primaryImageOfPage":{"@id":"https:\/\/dudasytextos.com\/militar\/proteccion\/proteccion-de-politicos-en-riesgo-3\/#primaryimage"},"image":{"@id":"https:\/\/dudasytextos.com\/militar\/proteccion\/proteccion-de-politicos-en-riesgo-3\/#primaryimage"},"thumbnailUrl":"https:\/\/dudasytextos.com\/militar\/wp-content\/uploads\/2024\/02\/yWvCZ4rgPhw.jpg","datePublished":"2025-10-24T15:13:39+00:00","dateModified":"2025-11-06T11:26:34+00:00","author":{"@id":"https:\/\/dudasytextos.com\/militar\/#\/schema\/person\/f29046a17154b6ebbc91e58a1e906222"},"description":"\u27a4 Protecci\u00f3n para pol\u00edticos en riesgo: estrategias y medidas \u261d En el mundo de la pol\u00edtica, la protecci\u00f3n de pol\u00edticos en riesgo es un tema de suma importancia. Dada la naturaleza de su trabajo, los pol\u00edticos est\u00e1n ... \u27a4","breadcrumb":{"@id":"https:\/\/dudasytextos.com\/militar\/proteccion\/proteccion-de-politicos-en-riesgo-3\/#breadcrumb"},"inLanguage":"es","potentialAction":[{"@type":"ReadAction","target":["https:\/\/dudasytextos.com\/militar\/proteccion\/proteccion-de-politicos-en-riesgo-3\/"]}]},{"@type":"ImageObject","inLanguage":"es","@id":"https:\/\/dudasytextos.com\/militar\/proteccion\/proteccion-de-politicos-en-riesgo-3\/#primaryimage","url":"https:\/\/dudasytextos.com\/militar\/wp-content\/uploads\/2024\/02\/yWvCZ4rgPhw.jpg","contentUrl":"https:\/\/dudasytextos.com\/militar\/wp-content\/uploads\/2024\/02\/yWvCZ4rgPhw.jpg","width":768,"height":432},{"@type":"BreadcrumbList","@id":"https:\/\/dudasytextos.com\/militar\/proteccion\/proteccion-de-politicos-en-riesgo-3\/#breadcrumb","itemListElement":[{"@type":"ListItem","position":1,"name":"Portada","item":"https:\/\/dudasytextos.com\/militar\/"},{"@type":"ListItem","position":2,"name":"Protecci\u00f3n para pol\u00edticos en riesgo: estrategias y medidas"}]},{"@type":"WebSite","@id":"https:\/\/dudasytextos.com\/militar\/#website","url":"https:\/\/dudasytextos.com\/militar\/","name":"Militar y Arsenal","description":"","potentialAction":[{"@type":"SearchAction","target":{"@type":"EntryPoint","urlTemplate":"https:\/\/dudasytextos.com\/militar\/?s={search_term_string}"},"query-input":{"@type":"PropertyValueSpecification","valueRequired":true,"valueName":"search_term_string"}}],"inLanguage":"es"},{"@type":"Person","@id":"https:\/\/dudasytextos.com\/militar\/#\/schema\/person\/f29046a17154b6ebbc91e58a1e906222","name":"Manuel G\u00f3mez Sanchez","image":{"@type":"ImageObject","inLanguage":"es","@id":"https:\/\/secure.gravatar.com\/avatar\/b393c706812620f04315ff068fb5ec13d8d45aa77b88079cbac281f48db2e672?s=96&d=mm&r=g","url":"https:\/\/secure.gravatar.com\/avatar\/b393c706812620f04315ff068fb5ec13d8d45aa77b88079cbac281f48db2e672?s=96&d=mm&r=g","contentUrl":"https:\/\/secure.gravatar.com\/avatar\/b393c706812620f04315ff068fb5ec13d8d45aa77b88079cbac281f48db2e672?s=96&d=mm&r=g","caption":"Manuel G\u00f3mez Sanchez"},"description":"Soy un apasionado militar con m\u00e1s de 10 a\u00f1os de experiencia en el campo. He servido en varias misiones internacionales y he adquirido habilidades en liderazgo, estrategia y trabajo en equipo. Mi objetivo con mi blog es compartir mis conocimientos y experiencias en el \u00e1mbito militar, as\u00ed como proporcionar consejos y recursos para aquellos interesados en seguir una carrera en las fuerzas armadas.","sameAs":["https:\/\/dudasytextos.com\/militar"]}]}},"_links":{"self":[{"href":"https:\/\/dudasytextos.com\/militar\/wp-json\/wp\/v2\/posts\/20527","targetHints":{"allow":["GET"]}}],"collection":[{"href":"https:\/\/dudasytextos.com\/militar\/wp-json\/wp\/v2\/posts"}],"about":[{"href":"https:\/\/dudasytextos.com\/militar\/wp-json\/wp\/v2\/types\/post"}],"author":[{"embeddable":true,"href":"https:\/\/dudasytextos.com\/militar\/wp-json\/wp\/v2\/users\/1"}],"replies":[{"embeddable":true,"href":"https:\/\/dudasytextos.com\/militar\/wp-json\/wp\/v2\/comments?post=20527"}],"version-history":[{"count":0,"href":"https:\/\/dudasytextos.com\/militar\/wp-json\/wp\/v2\/posts\/20527\/revisions"}],"wp:featuredmedia":[{"embeddable":true,"href":"https:\/\/dudasytextos.com\/militar\/wp-json\/wp\/v2\/media\/20528"}],"wp:attachment":[{"href":"https:\/\/dudasytextos.com\/militar\/wp-json\/wp\/v2\/media?parent=20527"}],"wp:term":[{"taxonomy":"category","embeddable":true,"href":"https:\/\/dudasytextos.com\/militar\/wp-json\/wp\/v2\/categories?post=20527"},{"taxonomy":"post_tag","embeddable":true,"href":"https:\/\/dudasytextos.com\/militar\/wp-json\/wp\/v2\/tags?post=20527"}],"curies":[{"name":"wp","href":"https:\/\/api.w.org\/{rel}","templated":true}]}}