{"id":123627,"date":"2025-03-01T20:39:12","date_gmt":"2025-03-01T20:39:12","guid":{"rendered":"https:\/\/educacion.cc\/?p=123627"},"modified":"2025-03-12T16:01:23","modified_gmt":"2025-03-12T16:01:23","slug":"monos-flamencos-paso-a-paso","status":"publish","type":"post","link":"https:\/\/dudasytextos.com\/paso-a-paso\/monos-flamencos-paso-a-paso\/","title":{"rendered":"Mo\u00f1os flamencos paso a paso"},"content":{"rendered":"<div id=\"ez-toc-container\" class=\"ez-toc-v2_0_87 counter-hierarchy ez-toc-counter ez-toc-custom ez-toc-container-direction\">\n<div class=\"ez-toc-title-container\">\n<span class=\"ez-toc-title-toggle\"><\/span><\/div>\n<nav><ul class='ez-toc-list ez-toc-list-level-1 ' ><li class='ez-toc-page-1 ez-toc-heading-level-2'><a class=\"ez-toc-link ez-toc-heading-1\" href=\"https:\/\/dudasytextos.com\/paso-a-paso\/monos-flamencos-paso-a-paso\/#Monos_Flamencos_Paso_a_Paso\" >Mo\u00f1os Flamencos Paso a Paso<\/a><\/li><li class='ez-toc-page-1 ez-toc-heading-level-2'><a class=\"ez-toc-link ez-toc-heading-2\" href=\"https:\/\/dudasytextos.com\/paso-a-paso\/monos-flamencos-paso-a-paso\/#Curiosidades_sobre_los_Monos_Flamencos\" >Curiosidades sobre los Mo\u00f1os Flamencos<\/a><\/li><li class='ez-toc-page-1 ez-toc-heading-level-2'><a class=\"ez-toc-link ez-toc-heading-3\" href=\"https:\/\/dudasytextos.com\/paso-a-paso\/monos-flamencos-paso-a-paso\/#Mi_experiencia_personal_con_los_Monos_Flamencos\" >Mi experiencia personal con los Mo\u00f1os Flamencos<\/a><\/li><li class='ez-toc-page-1 ez-toc-heading-level-2'><a class=\"ez-toc-link ez-toc-heading-4\" href=\"https:\/\/dudasytextos.com\/paso-a-paso\/monos-flamencos-paso-a-paso\/#Como_hacer_un_Mono_Flamenco_Paso_a_Paso\" >C\u00f3mo hacer un Mo\u00f1o Flamenco Paso a Paso<\/a><\/li><li class='ez-toc-page-1 ez-toc-heading-level-2'><a class=\"ez-toc-link ez-toc-heading-5\" href=\"https:\/\/dudasytextos.com\/paso-a-paso\/monos-flamencos-paso-a-paso\/#Preguntas_frecuentes_sobre_los_Monos_Flamencos\" >Preguntas frecuentes sobre los Mo\u00f1os Flamencos<\/a><ul class='ez-toc-list-level-3' ><li class='ez-toc-heading-level-3'><a class=\"ez-toc-link ez-toc-heading-6\" href=\"https:\/\/dudasytextos.com\/paso-a-paso\/monos-flamencos-paso-a-paso\/#%C2%BFQue_materiales_necesito_para_hacer_un_mono_flamenco\" >\u00bfQu\u00e9 materiales necesito para hacer un mo\u00f1o flamenco?<\/a><\/li><li class='ez-toc-page-1 ez-toc-heading-level-3'><a class=\"ez-toc-link ez-toc-heading-7\" href=\"https:\/\/dudasytextos.com\/paso-a-paso\/monos-flamencos-paso-a-paso\/#%C2%BFCuanto_tiempo_se_tarda_en_hacer_un_mono_flamenco\" >\u00bfCu\u00e1nto tiempo se tarda en hacer un mo\u00f1o flamenco?<\/a><\/li><li class='ez-toc-page-1 ez-toc-heading-level-3'><a class=\"ez-toc-link ez-toc-heading-8\" href=\"https:\/\/dudasytextos.com\/paso-a-paso\/monos-flamencos-paso-a-paso\/#%C2%BFComo_puedo_personalizar_mi_mono_flamenco\" >\u00bfC\u00f3mo puedo personalizar mi mo\u00f1o flamenco?<\/a><\/li><\/ul><\/li><\/ul><\/nav><\/div>\n<h2><span class=\"ez-toc-section\" id=\"Monos_Flamencos_Paso_a_Paso\"><\/span>Mo\u00f1os Flamencos Paso a Paso<span class=\"ez-toc-section-end\"><\/span><\/h2>\n<section>\n<h2><span class=\"ez-toc-section\" id=\"Curiosidades_sobre_los_Monos_Flamencos\"><\/span>Curiosidades sobre los Mo\u00f1os Flamencos<span class=\"ez-toc-section-end\"><\/span><\/h2>\n<ul>\n<li>El origen del mo\u00f1o flamenco se remonta al siglo XIX, cuando las mujeres gitanas comenzaron a utilizarlo como parte de su vestimenta tradicional<\/li>\n<li>En la actualidad, los mo\u00f1os flamencos son una parte fundamental del traje de flamenca, que se utiliza en las ferias y fiestas andaluzas<\/li>\n<li>Existen diferentes tipos de mo\u00f1os flamencos, desde los m\u00e1s sencillos hasta los m\u00e1s elaborados, que pueden llevar horas de trabajo<\/li>\n<li>El mo\u00f1o flamenco suele ir acompa\u00f1ado de flores y peinetas, que se colocan estrat\u00e9gicamente para darle un toque elegante y sofisticado<\/li>\n<\/ul>\n<\/section>\n<section>\n<h2><span class=\"ez-toc-section\" id=\"Mi_experiencia_personal_con_los_Monos_Flamencos\"><\/span>Mi experiencia personal con los Mo\u00f1os Flamencos<span class=\"ez-toc-section-end\"><\/span><\/h2>\n<p>Desde que era peque\u00f1a, siempre me ha gustado el flamenco y todo lo que lo rodea. Recuerdo haber visto a mi abuela hacer mo\u00f1os flamencos para mi madre y para m\u00ed, y siempre me pareci\u00f3 algo m\u00e1gico y fascinante. Cuando empec\u00e9 a bailar flamenco, aprend\u00ed a hacer mo\u00f1os flamencos por mi cuenta, y aunque al principio me cost\u00f3 un poco, con la pr\u00e1ctica fui perfeccionando mi t\u00e9cnica hasta conseguir unos mo\u00f1os flamencos espectaculares.<\/p>\n<p>Hacer un mo\u00f1o flamenco es una tarea que requiere paciencia y habilidad manual, pero una vez que le coges el truco, se convierte en algo muy gratificante. Adem\u00e1s, el hecho de llevar un mo\u00f1o flamenco bien hecho te hace sentir muy elegante y sofisticada, y es una forma de destacar en cualquier evento al que asistas.<\/p>\n<\/section>\n<section>\n<h2><span class=\"ez-toc-section\" id=\"Como_hacer_un_Mono_Flamenco_Paso_a_Paso\"><\/span>C\u00f3mo hacer un Mo\u00f1o Flamenco Paso a Paso<span class=\"ez-toc-section-end\"><\/span><\/h2>\n<p>Antes de empezar, es importante tener en cuenta que existen diferentes t\u00e9cnicas y estilos para hacer un mo\u00f1o flamenco. En este tutorial, te explicar\u00e9 una de las t\u00e9cnicas m\u00e1s sencillas y b\u00e1sicas, que podr\u00e1s adaptar y personalizar seg\u00fan tus gustos y necesidades.<\/p>\n<ol>\n<li>Recoge tu cabello en una coleta baja y aseg\u00farala con una goma el\u00e1stica.<\/li>\n<li>Divide la coleta en dos partes iguales y enrosca cada parte en sentido contrario. Asegura los extremos con otra goma el\u00e1stica.<\/li>\n<li>Une las dos partes enroscadas en el centro y suj\u00e9talas con horquillas. Aseg\u00farate de que el mo\u00f1o quede bien redondeado y equilibrado.<\/li>\n<li>A\u00f1ade flores y peinetas al mo\u00f1o para darle un toque elegante y sofisticado.<\/li>\n<\/ol>\n<p>Recuerda que la clave para hacer un buen mo\u00f1o flamenco es practicar y experimentar con diferentes t\u00e9cnicas y estilos. No te desanimes si al principio no te sale perfecto, con el tiempo ir\u00e1s mejorando y conseguir\u00e1s unos mo\u00f1os flamencos espectaculares.<\/p>\n<\/section>\n<section>\n<h2><span class=\"ez-toc-section\" id=\"Preguntas_frecuentes_sobre_los_Monos_Flamencos\"><\/span>Preguntas frecuentes sobre los Mo\u00f1os Flamencos<span class=\"ez-toc-section-end\"><\/span><\/h2>\n<h3><span class=\"ez-toc-section\" id=\"%C2%BFQue_materiales_necesito_para_hacer_un_mono_flamenco\"><\/span>\u00bfQu\u00e9 materiales necesito para hacer un mo\u00f1o flamenco?<span class=\"ez-toc-section-end\"><\/span><\/h3>\n<p>Los materiales b\u00e1sicos que necesitas son una goma el\u00e1stica, horquillas, flores y peinetas. Tambi\u00e9n puedes utilizar otros accesorios como lazos, redes y pasadores, seg\u00fan el estilo que quieras conseguir.<\/p>\n<h3><span class=\"ez-toc-section\" id=\"%C2%BFCuanto_tiempo_se_tarda_en_hacer_un_mono_flamenco\"><\/span>\u00bfCu\u00e1nto tiempo se tarda en hacer un mo\u00f1o flamenco?<span class=\"ez-toc-section-end\"><\/span><\/h3>\n<p>El tiempo que se tarda en hacer un mo\u00f1o flamenco depende del estilo y la complejidad que quieras conseguir. Los mo\u00f1os m\u00e1s sencillos pueden tardar unos 10-15 minutos, mientras que los m\u00e1s elaborados pueden llevar horas de trabajo.<\/p>\n<h3><span class=\"ez-toc-section\" id=\"%C2%BFComo_puedo_personalizar_mi_mono_flamenco\"><\/span>\u00bfC\u00f3mo puedo personalizar mi mo\u00f1o flamenco?<span class=\"ez-toc-section-end\"><\/span><\/h3>\n<p>Para personalizar tu mo\u00f1o flamenco, puedes utilizar diferentes accesorios y t\u00e9cnicas. Por ejemplo, puedes a\u00f1adir flores de diferentes colores y tama\u00f1os, o utilizar diferentes peinetas y pasadores para darle un toque \u00fanico y original.<\/p>\n<\/section>\n<footer>\n<p>Por Ana Gonz\u00e1lez<\/p>\n<\/footer>\n","protected":false},"excerpt":{"rendered":"<p>Mo\u00f1os Flamencos Paso a Paso Curiosidades sobre los Mo\u00f1os Flamencos El origen del mo\u00f1o flamenco se remonta al siglo XIX, cuando las mujeres gitanas comenzaron a utilizarlo como parte de su vestimenta tradicional En la actualidad, los mo\u00f1os flamencos son una parte fundamental del traje de flamenca, que se utiliza en las ferias y fiestas &#8230; <a title=\"Mo\u00f1os flamencos paso a paso\" class=\"read-more\" href=\"https:\/\/dudasytextos.com\/paso-a-paso\/monos-flamencos-paso-a-paso\/\" aria-label=\"M\u00e1s en Mo\u00f1os flamencos paso a paso\">Leer m\u00e1s<\/a><\/p>\n","protected":false},"author":1,"featured_media":0,"comment_status":"open","ping_status":"open","sticky":false,"template":"","format":"standard","meta":{"footnotes":""},"categories":[3],"tags":[],"class_list":["post-123627","post","type-post","status-publish","format-standard","hentry","category-paso-a-paso"],"aioseo_notices":[],"aioseo_head":"\n\t\t<!-- All in One SEO 5.0.1.1 - aioseo.com -->\n\t<meta name=\"description\" content=\"Mo\u00f1os Flamencos Paso a Paso Curiosidades sobre los Mo\u00f1os Flamencos El origen del mo\u00f1o flamenco se remonta al siglo XIX, cuando las mujeres gitanas comenzaron a utilizarlo como parte de su vestimenta tradicional En la actualidad, los mo\u00f1os flamencos son una parte fundamental del traje de flamenca, que se utiliza en las ferias y fiestas\" \/>\n\t<meta name=\"robots\" content=\"max-snippet:-1, max-image-preview:large, max-video-preview:-1\" \/>\n\t<meta name=\"author\" content=\"Ana Gonz\u00e1lez\"\/>\n\t<link rel=\"canonical\" href=\"https:\/\/dudasytextos.com\/paso-a-paso\/monos-flamencos-paso-a-paso\/\" \/>\n\t<meta name=\"generator\" content=\"All in One SEO (AIOSEO) 5.0.1.1\" \/>\n\n\t\t<!-- Google tag (gtag.js) -->\n<script async src=\"https:\/\/www.googletagmanager.com\/gtag\/js?id=G-8CS13W8T8X\"><\/script>\n<script>\n  window.dataLayer = window.dataLayer || [];\n  function gtag(){dataLayer.push(arguments);}\n  gtag('js', new Date());\n\n  gtag('config', 'G-8CS13W8T8X');\n<\/script>\n<script async src=\"https:\/\/pagead2.googlesyndication.com\/pagead\/js\/adsbygoogle.js?client=ca-pub-3987500858204711\"\n     crossorigin=\"anonymous\"><\/script>\n\t\t<meta property=\"og:locale\" content=\"es_ES\" \/>\n\t\t<meta property=\"og:site_name\" content=\"Gu\u00edas Paso a Paso - Gu\u00edas Paso a Paso\" \/>\n\t\t<meta property=\"og:type\" content=\"article\" \/>\n\t\t<meta property=\"og:title\" content=\"Mo\u00f1os flamencos paso a paso (2026) Gu\u00edas Paso a Paso\" \/>\n\t\t<meta property=\"og:description\" content=\"Mo\u00f1os Flamencos Paso a Paso Curiosidades sobre los Mo\u00f1os Flamencos El origen del mo\u00f1o flamenco se remonta al siglo XIX, cuando las mujeres gitanas comenzaron a utilizarlo como parte de su vestimenta tradicional En la actualidad, los mo\u00f1os flamencos son una parte fundamental del traje de flamenca, que se utiliza en las ferias y fiestas\" \/>\n\t\t<meta property=\"og:url\" content=\"https:\/\/dudasytextos.com\/paso-a-paso\/monos-flamencos-paso-a-paso\/\" \/>\n\t\t<meta property=\"article:published_time\" content=\"2025-03-01T20:39:12+00:00\" \/>\n\t\t<meta property=\"article:modified_time\" content=\"2025-03-12T16:01:23+00:00\" \/>\n\t\t<meta name=\"twitter:card\" content=\"summary_large_image\" \/>\n\t\t<meta name=\"twitter:title\" content=\"Mo\u00f1os flamencos paso a paso (2026) Gu\u00edas Paso a Paso\" \/>\n\t\t<meta name=\"twitter:description\" content=\"Mo\u00f1os Flamencos Paso a Paso Curiosidades sobre los Mo\u00f1os Flamencos El origen del mo\u00f1o flamenco se remonta al siglo XIX, cuando las mujeres gitanas comenzaron a utilizarlo como parte de su vestimenta tradicional En la actualidad, los mo\u00f1os flamencos son una parte fundamental del traje de flamenca, que se utiliza en las ferias y fiestas\" \/>\n\t\t<script type=\"application\/ld+json\" class=\"aioseo-schema\">\n\t\t\t{\"@context\":\"https:\\\/\\\/schema.org\",\"@graph\":[{\"@type\":\"BlogPosting\",\"@id\":\"https:\\\/\\\/dudasytextos.com\\\/paso-a-paso\\\/monos-flamencos-paso-a-paso\\\/#blogposting\",\"name\":\"Mo\\u00f1os flamencos paso a paso (2026) Gu\\u00edas Paso a Paso\",\"headline\":\"Mo\\u00f1os flamencos paso a paso\",\"author\":{\"@id\":\"https:\\\/\\\/dudasytextos.com\\\/paso-a-paso\\\/author\\\/admin23\\\/#author\"},\"publisher\":{\"@id\":\"https:\\\/\\\/dudasytextos.com\\\/paso-a-paso\\\/#organization\"},\"datePublished\":\"2025-03-01T20:39:12+00:00\",\"dateModified\":\"2025-03-12T16:01:23+00:00\",\"inLanguage\":\"es-ES\",\"mainEntityOfPage\":{\"@id\":\"https:\\\/\\\/dudasytextos.com\\\/paso-a-paso\\\/monos-flamencos-paso-a-paso\\\/#webpage\"},\"isPartOf\":{\"@id\":\"https:\\\/\\\/dudasytextos.com\\\/paso-a-paso\\\/monos-flamencos-paso-a-paso\\\/#webpage\"},\"articleSection\":\"Paso a Paso\"},{\"@type\":\"BreadcrumbList\",\"@id\":\"https:\\\/\\\/dudasytextos.com\\\/paso-a-paso\\\/monos-flamencos-paso-a-paso\\\/#breadcrumblist\",\"itemListElement\":[{\"@type\":\"ListItem\",\"@id\":\"https:\\\/\\\/dudasytextos.com\\\/paso-a-paso#listItem\",\"position\":1,\"name\":\"Home\",\"item\":\"https:\\\/\\\/dudasytextos.com\\\/paso-a-paso\",\"nextItem\":{\"@type\":\"ListItem\",\"@id\":\"https:\\\/\\\/dudasytextos.com\\\/paso-a-paso\\\/category\\\/paso-a-paso\\\/#listItem\",\"name\":\"Paso a Paso\"}},{\"@type\":\"ListItem\",\"@id\":\"https:\\\/\\\/dudasytextos.com\\\/paso-a-paso\\\/category\\\/paso-a-paso\\\/#listItem\",\"position\":2,\"name\":\"Paso a Paso\",\"item\":\"https:\\\/\\\/dudasytextos.com\\\/paso-a-paso\\\/category\\\/paso-a-paso\\\/\",\"nextItem\":{\"@type\":\"ListItem\",\"@id\":\"https:\\\/\\\/dudasytextos.com\\\/paso-a-paso\\\/monos-flamencos-paso-a-paso\\\/#listItem\",\"name\":\"Mo\\u00f1os flamencos paso a paso\"},\"previousItem\":{\"@type\":\"ListItem\",\"@id\":\"https:\\\/\\\/dudasytextos.com\\\/paso-a-paso#listItem\",\"name\":\"Home\"}},{\"@type\":\"ListItem\",\"@id\":\"https:\\\/\\\/dudasytextos.com\\\/paso-a-paso\\\/monos-flamencos-paso-a-paso\\\/#listItem\",\"position\":3,\"name\":\"Mo\\u00f1os flamencos paso a paso\",\"previousItem\":{\"@type\":\"ListItem\",\"@id\":\"https:\\\/\\\/dudasytextos.com\\\/paso-a-paso\\\/category\\\/paso-a-paso\\\/#listItem\",\"name\":\"Paso a Paso\"}}]},{\"@type\":\"Organization\",\"@id\":\"https:\\\/\\\/dudasytextos.com\\\/paso-a-paso\\\/#organization\",\"name\":\"Recipes\",\"description\":\"Gu\\u00edas Paso a Paso\",\"url\":\"https:\\\/\\\/dudasytextos.com\\\/paso-a-paso\\\/\"},{\"@type\":\"Person\",\"@id\":\"https:\\\/\\\/dudasytextos.com\\\/paso-a-paso\\\/author\\\/admin23\\\/#author\",\"url\":\"https:\\\/\\\/dudasytextos.com\\\/paso-a-paso\\\/author\\\/admin23\\\/\",\"name\":\"Ana Gonz\\u00e1lez\"},{\"@type\":\"WebPage\",\"@id\":\"https:\\\/\\\/dudasytextos.com\\\/paso-a-paso\\\/monos-flamencos-paso-a-paso\\\/#webpage\",\"url\":\"https:\\\/\\\/dudasytextos.com\\\/paso-a-paso\\\/monos-flamencos-paso-a-paso\\\/\",\"name\":\"Mo\\u00f1os flamencos paso a paso (2026) Gu\\u00edas Paso a Paso\",\"description\":\"Mo\\u00f1os Flamencos Paso a Paso Curiosidades sobre los Mo\\u00f1os Flamencos El origen del mo\\u00f1o flamenco se remonta al siglo XIX, cuando las mujeres gitanas comenzaron a utilizarlo como parte de su vestimenta tradicional En la actualidad, los mo\\u00f1os flamencos son una parte fundamental del traje de flamenca, que se utiliza en las ferias y fiestas\",\"inLanguage\":\"es-ES\",\"isPartOf\":{\"@id\":\"https:\\\/\\\/dudasytextos.com\\\/paso-a-paso\\\/#website\"},\"breadcrumb\":{\"@id\":\"https:\\\/\\\/dudasytextos.com\\\/paso-a-paso\\\/monos-flamencos-paso-a-paso\\\/#breadcrumblist\"},\"author\":{\"@id\":\"https:\\\/\\\/dudasytextos.com\\\/paso-a-paso\\\/author\\\/admin23\\\/#author\"},\"creator\":{\"@id\":\"https:\\\/\\\/dudasytextos.com\\\/paso-a-paso\\\/author\\\/admin23\\\/#author\"},\"datePublished\":\"2025-03-01T20:39:12+00:00\",\"dateModified\":\"2025-03-12T16:01:23+00:00\"},{\"@type\":\"WebSite\",\"@id\":\"https:\\\/\\\/dudasytextos.com\\\/paso-a-paso\\\/#website\",\"url\":\"https:\\\/\\\/dudasytextos.com\\\/paso-a-paso\\\/\",\"name\":\"Recipes\",\"description\":\"Gu\\u00edas Paso a Paso\",\"inLanguage\":\"es-ES\",\"publisher\":{\"@id\":\"https:\\\/\\\/dudasytextos.com\\\/paso-a-paso\\\/#organization\"}}]}\n\t\t<\/script>\n\t\t<!-- All in One SEO -->\n\n","aioseo_head_json":{"title":"Mo\u00f1os flamencos paso a paso (2026) Gu\u00edas Paso a Paso","description":"Mo\u00f1os Flamencos Paso a Paso Curiosidades sobre los Mo\u00f1os Flamencos El origen del mo\u00f1o flamenco se remonta al siglo XIX, cuando las mujeres gitanas comenzaron a utilizarlo como parte de su vestimenta tradicional En la actualidad, los mo\u00f1os flamencos son una parte fundamental del traje de flamenca, que se utiliza en las ferias y fiestas","canonical_url":"https:\/\/dudasytextos.com\/paso-a-paso\/monos-flamencos-paso-a-paso\/","robots":"max-snippet:-1, max-image-preview:large, max-video-preview:-1","keywords":"","webmasterTools":{"miscellaneous":"&lt;!-- Google tag (gtag.js) --&gt;\n&lt;script async src=\"https:\/\/www.googletagmanager.com\/gtag\/js?id=G-8CS13W8T8X\"&gt;&lt;\/script&gt;\n&lt;script&gt;\n  window.dataLayer = window.dataLayer || [];\n  function gtag(){dataLayer.push(arguments);}\n  gtag('js', new Date());\n\n  gtag('config', 'G-8CS13W8T8X');\n&lt;\/script&gt;\n&lt;script async src=\"https:\/\/pagead2.googlesyndication.com\/pagead\/js\/adsbygoogle.js?client=ca-pub-3987500858204711\"\n     crossorigin=\"anonymous\"&gt;&lt;\/script&gt;"},"schema":{"@context":"https:\/\/schema.org","@graph":[{"@type":"BlogPosting","@id":"https:\/\/dudasytextos.com\/paso-a-paso\/monos-flamencos-paso-a-paso\/#blogposting","name":"Mo\u00f1os flamencos paso a paso (2026) Gu\u00edas Paso a Paso","headline":"Mo\u00f1os flamencos paso a paso","author":{"@id":"https:\/\/dudasytextos.com\/paso-a-paso\/author\/admin23\/#author"},"publisher":{"@id":"https:\/\/dudasytextos.com\/paso-a-paso\/#organization"},"datePublished":"2025-03-01T20:39:12+00:00","dateModified":"2025-03-12T16:01:23+00:00","inLanguage":"es-ES","mainEntityOfPage":{"@id":"https:\/\/dudasytextos.com\/paso-a-paso\/monos-flamencos-paso-a-paso\/#webpage"},"isPartOf":{"@id":"https:\/\/dudasytextos.com\/paso-a-paso\/monos-flamencos-paso-a-paso\/#webpage"},"articleSection":"Paso a Paso"},{"@type":"BreadcrumbList","@id":"https:\/\/dudasytextos.com\/paso-a-paso\/monos-flamencos-paso-a-paso\/#breadcrumblist","itemListElement":[{"@type":"ListItem","@id":"https:\/\/dudasytextos.com\/paso-a-paso#listItem","position":1,"name":"Home","item":"https:\/\/dudasytextos.com\/paso-a-paso","nextItem":{"@type":"ListItem","@id":"https:\/\/dudasytextos.com\/paso-a-paso\/category\/paso-a-paso\/#listItem","name":"Paso a Paso"}},{"@type":"ListItem","@id":"https:\/\/dudasytextos.com\/paso-a-paso\/category\/paso-a-paso\/#listItem","position":2,"name":"Paso a Paso","item":"https:\/\/dudasytextos.com\/paso-a-paso\/category\/paso-a-paso\/","nextItem":{"@type":"ListItem","@id":"https:\/\/dudasytextos.com\/paso-a-paso\/monos-flamencos-paso-a-paso\/#listItem","name":"Mo\u00f1os flamencos paso a paso"},"previousItem":{"@type":"ListItem","@id":"https:\/\/dudasytextos.com\/paso-a-paso#listItem","name":"Home"}},{"@type":"ListItem","@id":"https:\/\/dudasytextos.com\/paso-a-paso\/monos-flamencos-paso-a-paso\/#listItem","position":3,"name":"Mo\u00f1os flamencos paso a paso","previousItem":{"@type":"ListItem","@id":"https:\/\/dudasytextos.com\/paso-a-paso\/category\/paso-a-paso\/#listItem","name":"Paso a Paso"}}]},{"@type":"Organization","@id":"https:\/\/dudasytextos.com\/paso-a-paso\/#organization","name":"Recipes","description":"Gu\u00edas Paso a Paso","url":"https:\/\/dudasytextos.com\/paso-a-paso\/"},{"@type":"Person","@id":"https:\/\/dudasytextos.com\/paso-a-paso\/author\/admin23\/#author","url":"https:\/\/dudasytextos.com\/paso-a-paso\/author\/admin23\/","name":"Ana Gonz\u00e1lez"},{"@type":"WebPage","@id":"https:\/\/dudasytextos.com\/paso-a-paso\/monos-flamencos-paso-a-paso\/#webpage","url":"https:\/\/dudasytextos.com\/paso-a-paso\/monos-flamencos-paso-a-paso\/","name":"Mo\u00f1os flamencos paso a paso (2026) Gu\u00edas Paso a Paso","description":"Mo\u00f1os Flamencos Paso a Paso Curiosidades sobre los Mo\u00f1os Flamencos El origen del mo\u00f1o flamenco se remonta al siglo XIX, cuando las mujeres gitanas comenzaron a utilizarlo como parte de su vestimenta tradicional En la actualidad, los mo\u00f1os flamencos son una parte fundamental del traje de flamenca, que se utiliza en las ferias y fiestas","inLanguage":"es-ES","isPartOf":{"@id":"https:\/\/dudasytextos.com\/paso-a-paso\/#website"},"breadcrumb":{"@id":"https:\/\/dudasytextos.com\/paso-a-paso\/monos-flamencos-paso-a-paso\/#breadcrumblist"},"author":{"@id":"https:\/\/dudasytextos.com\/paso-a-paso\/author\/admin23\/#author"},"creator":{"@id":"https:\/\/dudasytextos.com\/paso-a-paso\/author\/admin23\/#author"},"datePublished":"2025-03-01T20:39:12+00:00","dateModified":"2025-03-12T16:01:23+00:00"},{"@type":"WebSite","@id":"https:\/\/dudasytextos.com\/paso-a-paso\/#website","url":"https:\/\/dudasytextos.com\/paso-a-paso\/","name":"Recipes","description":"Gu\u00edas Paso a Paso","inLanguage":"es-ES","publisher":{"@id":"https:\/\/dudasytextos.com\/paso-a-paso\/#organization"}}]},"og:locale":"es_ES","og:site_name":"Gu\u00edas Paso a Paso - Gu\u00edas Paso a Paso","og:type":"article","og:title":"Mo\u00f1os flamencos paso a paso (2026) Gu\u00edas Paso a Paso","og:description":"Mo\u00f1os Flamencos Paso a Paso Curiosidades sobre los Mo\u00f1os Flamencos El origen del mo\u00f1o flamenco se remonta al siglo XIX, cuando las mujeres gitanas comenzaron a utilizarlo como parte de su vestimenta tradicional En la actualidad, los mo\u00f1os flamencos son una parte fundamental del traje de flamenca, que se utiliza en las ferias y fiestas","og:url":"https:\/\/dudasytextos.com\/paso-a-paso\/monos-flamencos-paso-a-paso\/","article:published_time":"2025-03-01T20:39:12+00:00","article:modified_time":"2025-03-12T16:01:23+00:00","twitter:card":"summary_large_image","twitter:title":"Mo\u00f1os flamencos paso a paso (2026) Gu\u00edas Paso a Paso","twitter:description":"Mo\u00f1os Flamencos Paso a Paso Curiosidades sobre los Mo\u00f1os Flamencos El origen del mo\u00f1o flamenco se remonta al siglo XIX, cuando las mujeres gitanas comenzaron a utilizarlo como parte de su vestimenta tradicional En la actualidad, los mo\u00f1os flamencos son una parte fundamental del traje de flamenca, que se utiliza en las ferias y fiestas"},"aioseo_meta_data":{"post_id":"123627","title":null,"description":null,"keywords":null,"keyphrases":null,"primary_term":null,"canonical_url":null,"og_title":null,"og_description":null,"og_object_type":"default","og_image_type":"default","og_image_url":null,"og_image_width":null,"og_image_height":null,"og_image_custom_url":null,"og_image_custom_fields":null,"og_video":null,"og_custom_url":null,"og_article_section":null,"og_article_tags":null,"twitter_use_og":false,"twitter_card":"default","twitter_image_type":"default","twitter_image_url":null,"twitter_image_custom_url":null,"twitter_image_custom_fields":null,"twitter_title":null,"twitter_description":null,"schema":{"blockGraphs":[],"customGraphs":[],"default":{"data":{"Article":[],"Course":[],"Dataset":[],"FAQPage":[],"Movie":[],"Person":[],"Product":[],"ProductReview":[],"Car":[],"Recipe":[],"Service":[],"SoftwareApplication":[],"WebPage":[]},"graphName":"","isEnabled":true},"graphs":[]},"schema_type":"default","schema_type_options":null,"pillar_content":false,"robots_default":true,"robots_noindex":false,"robots_noarchive":false,"robots_nosnippet":false,"robots_nofollow":false,"robots_noimageindex":false,"robots_noodp":false,"robots_notranslate":false,"robots_max_snippet":null,"robots_max_videopreview":null,"robots_max_imagepreview":"large","priority":null,"frequency":null,"local_seo":null,"breadcrumb_settings":null,"limit_modified_date":false,"ai":null,"created":"2023-05-05 22:06:31","updated":"2025-06-04 10:18:41","seo_analyzer_scan_date":null,"focus_keyword":null,"additional_keywords":null,"truseo_locale":null},"aioseo_breadcrumb":"<div class=\"aioseo-breadcrumbs\"><span class=\"aioseo-breadcrumb\">\n\t\t\t<a href=\"https:\/\/dudasytextos.com\/paso-a-paso\" title=\"Home\">Home<\/a>\n\t\t<\/span><span class=\"aioseo-breadcrumb-separator\">&raquo;<\/span><span class=\"aioseo-breadcrumb\">\n\t\t\t<a href=\"https:\/\/dudasytextos.com\/paso-a-paso\/category\/paso-a-paso\/\" title=\"Paso a Paso\">Paso a Paso<\/a>\n\t\t<\/span><span class=\"aioseo-breadcrumb-separator\">&raquo;<\/span><span class=\"aioseo-breadcrumb\">\n\t\t\tMo\u00f1os flamencos paso a paso\n\t\t<\/span><\/div>","aioseo_breadcrumb_json":[{"label":"Home","link":"https:\/\/dudasytextos.com\/paso-a-paso"},{"label":"Paso a Paso","link":"https:\/\/dudasytextos.com\/paso-a-paso\/category\/paso-a-paso\/"},{"label":"Mo\u00f1os flamencos paso a paso","link":"https:\/\/dudasytextos.com\/paso-a-paso\/monos-flamencos-paso-a-paso\/"}],"_links":{"self":[{"href":"https:\/\/dudasytextos.com\/paso-a-paso\/wp-json\/wp\/v2\/posts\/123627","targetHints":{"allow":["GET"]}}],"collection":[{"href":"https:\/\/dudasytextos.com\/paso-a-paso\/wp-json\/wp\/v2\/posts"}],"about":[{"href":"https:\/\/dudasytextos.com\/paso-a-paso\/wp-json\/wp\/v2\/types\/post"}],"author":[{"embeddable":true,"href":"https:\/\/dudasytextos.com\/paso-a-paso\/wp-json\/wp\/v2\/users\/1"}],"replies":[{"embeddable":true,"href":"https:\/\/dudasytextos.com\/paso-a-paso\/wp-json\/wp\/v2\/comments?post=123627"}],"version-history":[{"count":1,"href":"https:\/\/dudasytextos.com\/paso-a-paso\/wp-json\/wp\/v2\/posts\/123627\/revisions"}],"predecessor-version":[{"id":129655,"href":"https:\/\/dudasytextos.com\/paso-a-paso\/wp-json\/wp\/v2\/posts\/123627\/revisions\/129655"}],"wp:attachment":[{"href":"https:\/\/dudasytextos.com\/paso-a-paso\/wp-json\/wp\/v2\/media?parent=123627"}],"wp:term":[{"taxonomy":"category","embeddable":true,"href":"https:\/\/dudasytextos.com\/paso-a-paso\/wp-json\/wp\/v2\/categories?post=123627"},{"taxonomy":"post_tag","embeddable":true,"href":"https:\/\/dudasytextos.com\/paso-a-paso\/wp-json\/wp\/v2\/tags?post=123627"}],"curies":[{"name":"wp","href":"https:\/\/api.w.org\/{rel}","templated":true}]}}