{"id":126462,"date":"2025-02-27T03:03:02","date_gmt":"2025-02-27T03:03:02","guid":{"rendered":"https:\/\/educacion.cc\/?p=126462"},"modified":"2025-03-12T16:15:09","modified_gmt":"2025-03-12T16:15:09","slug":"como-confeccionar-un-traje-de-flamenca-paso-a-paso","status":"publish","type":"post","link":"https:\/\/dudasytextos.com\/paso-a-paso\/como-confeccionar-un-traje-de-flamenca-paso-a-paso\/","title":{"rendered":"Como confeccionar un traje de flamenca paso a paso"},"content":{"rendered":"<div id=\"ez-toc-container\" class=\"ez-toc-v2_0_87 counter-hierarchy ez-toc-counter ez-toc-custom ez-toc-container-direction\">\n<div class=\"ez-toc-title-container\">\n<span class=\"ez-toc-title-toggle\"><\/span><\/div>\n<nav><ul class='ez-toc-list ez-toc-list-level-1 ' ><li class='ez-toc-page-1 ez-toc-heading-level-2'><a class=\"ez-toc-link ez-toc-heading-1\" href=\"https:\/\/dudasytextos.com\/paso-a-paso\/como-confeccionar-un-traje-de-flamenca-paso-a-paso\/#Como_Confeccionar_un_Traje_de_Flamenca_Paso_a_Paso_%E2%80%93_Guia_Completa\" >C\u00f3mo Confeccionar un Traje de Flamenca Paso a Paso &#8211; Gu\u00eda Completa<\/a><\/li><li class='ez-toc-page-1 ez-toc-heading-level-2'><a class=\"ez-toc-link ez-toc-heading-2\" href=\"https:\/\/dudasytextos.com\/paso-a-paso\/como-confeccionar-un-traje-de-flamenca-paso-a-paso\/#Por_Ana_Gonzalez\" >Por Ana Gonz\u00e1lez<\/a><\/li><li class='ez-toc-page-1 ez-toc-heading-level-2'><a class=\"ez-toc-link ez-toc-heading-3\" href=\"https:\/\/dudasytextos.com\/paso-a-paso\/como-confeccionar-un-traje-de-flamenca-paso-a-paso\/#Curiosidades_e_Informacion_Interesante\" >Curiosidades e Informaci\u00f3n Interesante<\/a><\/li><li class='ez-toc-page-1 ez-toc-heading-level-2'><a class=\"ez-toc-link ez-toc-heading-4\" href=\"https:\/\/dudasytextos.com\/paso-a-paso\/como-confeccionar-un-traje-de-flamenca-paso-a-paso\/#Introduccion\" >Introducci\u00f3n<\/a><\/li><li class='ez-toc-page-1 ez-toc-heading-level-2'><a class=\"ez-toc-link ez-toc-heading-5\" href=\"https:\/\/dudasytextos.com\/paso-a-paso\/como-confeccionar-un-traje-de-flamenca-paso-a-paso\/#Materiales_Necesarios\" >Materiales Necesarios<\/a><\/li><li class='ez-toc-page-1 ez-toc-heading-level-2'><a class=\"ez-toc-link ez-toc-heading-6\" href=\"https:\/\/dudasytextos.com\/paso-a-paso\/como-confeccionar-un-traje-de-flamenca-paso-a-paso\/#Paso_1_Toma_de_Medidas\" >Paso 1: Toma de Medidas<\/a><\/li><li class='ez-toc-page-1 ez-toc-heading-level-2'><a class=\"ez-toc-link ez-toc-heading-7\" href=\"https:\/\/dudasytextos.com\/paso-a-paso\/como-confeccionar-un-traje-de-flamenca-paso-a-paso\/#Paso_2_Corte_de_Telas\" >Paso 2: Corte de Telas<\/a><\/li><li class='ez-toc-page-1 ez-toc-heading-level-2'><a class=\"ez-toc-link ez-toc-heading-8\" href=\"https:\/\/dudasytextos.com\/paso-a-paso\/como-confeccionar-un-traje-de-flamenca-paso-a-paso\/#Paso_3_Confeccion_de_la_Blusa\" >Paso 3: Confecci\u00f3n de la Blusa<\/a><\/li><li class='ez-toc-page-1 ez-toc-heading-level-2'><a class=\"ez-toc-link ez-toc-heading-9\" href=\"https:\/\/dudasytextos.com\/paso-a-paso\/como-confeccionar-un-traje-de-flamenca-paso-a-paso\/#Paso_4_Confeccion_de_la_Falda\" >Paso 4: Confecci\u00f3n de la Falda<\/a><\/li><li class='ez-toc-page-1 ez-toc-heading-level-2'><a class=\"ez-toc-link ez-toc-heading-10\" href=\"https:\/\/dudasytextos.com\/paso-a-paso\/como-confeccionar-un-traje-de-flamenca-paso-a-paso\/#Paso_5_Complementos\" >Paso 5: Complementos<\/a><\/li><li class='ez-toc-page-1 ez-toc-heading-level-2'><a class=\"ez-toc-link ez-toc-heading-11\" href=\"https:\/\/dudasytextos.com\/paso-a-paso\/como-confeccionar-un-traje-de-flamenca-paso-a-paso\/#Mis_Experiencias_con_la_Confeccion_de_un_Traje_de_Flamenca\" >Mis Experiencias con la Confecci\u00f3n de un Traje de Flamenca<\/a><\/li><li class='ez-toc-page-1 ez-toc-heading-level-2'><a class=\"ez-toc-link ez-toc-heading-12\" href=\"https:\/\/dudasytextos.com\/paso-a-paso\/como-confeccionar-un-traje-de-flamenca-paso-a-paso\/#Preguntas_Frecuentes\" >Preguntas Frecuentes<\/a><ul class='ez-toc-list-level-3' ><li class='ez-toc-heading-level-3'><a class=\"ez-toc-link ez-toc-heading-13\" href=\"https:\/\/dudasytextos.com\/paso-a-paso\/como-confeccionar-un-traje-de-flamenca-paso-a-paso\/#%C2%BFNecesito_saber_coser_para_hacer_un_traje_de_flamenca\" >\u00bfNecesito saber coser para hacer un traje de flamenca?<\/a><\/li><li class='ez-toc-page-1 ez-toc-heading-level-3'><a class=\"ez-toc-link ez-toc-heading-14\" href=\"https:\/\/dudasytextos.com\/paso-a-paso\/como-confeccionar-un-traje-de-flamenca-paso-a-paso\/#%C2%BFCuanto_tiempo_se_tarda_en_confeccionar_un_traje_de_flamenca\" >\u00bfCu\u00e1nto tiempo se tarda en confeccionar un traje de flamenca?<\/a><\/li><li class='ez-toc-page-1 ez-toc-heading-level-3'><a class=\"ez-toc-link ez-toc-heading-15\" href=\"https:\/\/dudasytextos.com\/paso-a-paso\/como-confeccionar-un-traje-de-flamenca-paso-a-paso\/#%C2%BFCual_es_la_tela_recomendada_para_un_traje_de_flamenca\" >\u00bfCu\u00e1l es la tela recomendada para un traje de flamenca?<\/a><\/li><\/ul><\/li><\/ul><\/nav><\/div>\n<h2><span class=\"ez-toc-section\" id=\"Como_Confeccionar_un_Traje_de_Flamenca_Paso_a_Paso_%E2%80%93_Guia_Completa\"><\/span>C\u00f3mo Confeccionar un Traje de Flamenca Paso a Paso &#8211; Gu\u00eda Completa<span class=\"ez-toc-section-end\"><\/span><\/h2>\n<h2><span class=\"ez-toc-section\" id=\"Por_Ana_Gonzalez\"><\/span>Por Ana Gonz\u00e1lez<span class=\"ez-toc-section-end\"><\/span><\/h2>\n<section>\n<h2><span class=\"ez-toc-section\" id=\"Curiosidades_e_Informacion_Interesante\"><\/span>Curiosidades e Informaci\u00f3n Interesante<span class=\"ez-toc-section-end\"><\/span><\/h2>\n<ul>\n<li>El traje de flamenca tiene su origen en el traje regional andaluz del siglo XIX.<\/li>\n<li>El traje se compone de una blusa ajustada, una falda con mucho vuelo y volantes, y complementos como pendientes y peinetas.<\/li>\n<li>El traje de flamenca es un s\u00edmbolo de la cultura andaluza y se usa en muchas celebraciones y eventos, como la Feria de Abril en Sevilla.<\/li>\n<\/ul>\n<\/section>\n<section>\n<h2><span class=\"ez-toc-section\" id=\"Introduccion\"><\/span>Introducci\u00f3n<span class=\"ez-toc-section-end\"><\/span><\/h2>\n<p>Si eres amante del flamenco y te gustar\u00eda aprender a confeccionar tu propio traje de flamenca, est\u00e1s en el lugar correcto. En esta gu\u00eda paso a paso, te mostrar\u00e9 c\u00f3mo puedes crear tu propio traje de flamenca, desde la elecci\u00f3n de las telas hasta la confecci\u00f3n de los volantes. \u00a1Empecemos!<\/p>\n<\/section>\n<section>\n<h2><span class=\"ez-toc-section\" id=\"Materiales_Necesarios\"><\/span>Materiales Necesarios<span class=\"ez-toc-section-end\"><\/span><\/h2>\n<ul>\n<li>Tela de algod\u00f3n con un estampado alegre y colorido para la falda y la blusa.<\/li>\n<li>Tela de lunares para los volantes.<\/li>\n<li>Cinta de raso para la cintura.<\/li>\n<li>Hilo y aguja.<\/li>\n<li>Tijeras.<\/li>\n<li>Plancha.<\/li>\n<\/ul>\n<\/section>\n<section>\n<h2><span class=\"ez-toc-section\" id=\"Paso_1_Toma_de_Medidas\"><\/span>Paso 1: Toma de Medidas<span class=\"ez-toc-section-end\"><\/span><\/h2>\n<p>Lo primero que debes hacer es tomar tus medidas para crear un patr\u00f3n personalizado. Mide tu cintura, cadera, busto y la longitud desde la cintura hasta el suelo. Si no est\u00e1s segura de c\u00f3mo tomar tus medidas, busca tutoriales en l\u00ednea o pide ayuda a alguien.<\/p>\n<p>Una vez que tengas tus medidas, dibuja un patr\u00f3n en papel para la falda y la blusa. Aseg\u00farate de incluir suficiente margen de costura.<\/p>\n<\/section>\n<section>\n<h2><span class=\"ez-toc-section\" id=\"Paso_2_Corte_de_Telas\"><\/span>Paso 2: Corte de Telas<span class=\"ez-toc-section-end\"><\/span><\/h2>\n<p>Corta la tela de la falda y la blusa siguiendo tu patr\u00f3n. Aseg\u00farate de cortar la tela en la direcci\u00f3n correcta para que el estampado quede alineado. Tambi\u00e9n debes cortar los volantes de la falda en tela de lunares.<\/p>\n<\/section>\n<section>\n<h2><span class=\"ez-toc-section\" id=\"Paso_3_Confeccion_de_la_Blusa\"><\/span>Paso 3: Confecci\u00f3n de la Blusa<span class=\"ez-toc-section-end\"><\/span><\/h2>\n<p>Para la blusa, primero une las piezas delanteras y traseras por los hombros y los laterales. Despu\u00e9s, une las mangas y col\u00f3calas en los agujeros correspondientes. Por \u00faltimo, coloca la cinta de raso en la cintura y haz un nudo en la parte posterior.<\/p>\n<\/section>\n<section>\n<h2><span class=\"ez-toc-section\" id=\"Paso_4_Confeccion_de_la_Falda\"><\/span>Paso 4: Confecci\u00f3n de la Falda<span class=\"ez-toc-section-end\"><\/span><\/h2>\n<p>Para la falda, primero une las piezas delanteras y traseras por los laterales. Despu\u00e9s, une los volantes a la falda, empezando por el m\u00e1s grande en la parte inferior y luego los m\u00e1s peque\u00f1os. Aseg\u00farate de fruncir la tela para que quede con volumen. Por \u00faltimo, coloca la cinta de raso en la cintura y haz un nudo en la parte posterior.<\/p>\n<\/section>\n<section>\n<h2><span class=\"ez-toc-section\" id=\"Paso_5_Complementos\"><\/span>Paso 5: Complementos<span class=\"ez-toc-section-end\"><\/span><\/h2>\n<p>Para completar tu traje de flamenca, puedes agregar complementos como pendientes, una peineta y un mant\u00f3n. Estos complementos son opcionales, pero le dan un toque aut\u00e9ntico al traje.<\/p>\n<\/section>\n<section>\n<h2><span class=\"ez-toc-section\" id=\"Mis_Experiencias_con_la_Confeccion_de_un_Traje_de_Flamenca\"><\/span>Mis Experiencias con la Confecci\u00f3n de un Traje de Flamenca<span class=\"ez-toc-section-end\"><\/span><\/h2>\n<p>La primera vez que intent\u00e9 confeccionar un traje de flamenca, fue un desastre. No tom\u00e9 las medidas correctamente y la tela no qued\u00f3 bien fruncida. Pero aprend\u00ed de mis errores y en mi segundo intento, logr\u00e9 crear un traje hermoso que recibi\u00f3 muchos elogios. Prefiero utilizar telas de algod\u00f3n porque son f\u00e1ciles de trabajar y c\u00f3modas de usar.<\/p>\n<\/section>\n<section>\n<h2><span class=\"ez-toc-section\" id=\"Preguntas_Frecuentes\"><\/span>Preguntas Frecuentes<span class=\"ez-toc-section-end\"><\/span><\/h2>\n<h3><span class=\"ez-toc-section\" id=\"%C2%BFNecesito_saber_coser_para_hacer_un_traje_de_flamenca\"><\/span>\u00bfNecesito saber coser para hacer un traje de flamenca?<span class=\"ez-toc-section-end\"><\/span><\/h3>\n<p>S\u00ed, es necesario tener conocimientos b\u00e1sicos de costura para crear un traje de flamenca. Pero si eres principiante, puedes buscar tutoriales en l\u00ednea o tomar clases de costura.<\/p>\n<h3><span class=\"ez-toc-section\" id=\"%C2%BFCuanto_tiempo_se_tarda_en_confeccionar_un_traje_de_flamenca\"><\/span>\u00bfCu\u00e1nto tiempo se tarda en confeccionar un traje de flamenca?<span class=\"ez-toc-section-end\"><\/span><\/h3>\n<p>Depende de tu nivel de habilidad y la complejidad del dise\u00f1o. Pero en promedio, puede tomar alrededor de 20 horas de trabajo.<\/p>\n<h3><span class=\"ez-toc-section\" id=\"%C2%BFCual_es_la_tela_recomendada_para_un_traje_de_flamenca\"><\/span>\u00bfCu\u00e1l es la tela recomendada para un traje de flamenca?<span class=\"ez-toc-section-end\"><\/span><\/h3>\n<p>La tela de algod\u00f3n es la m\u00e1s com\u00fanmente utilizada para el traje de flamenca. Es f\u00e1cil de trabajar y c\u00f3moda de usar.<\/p>\n<\/section>\n<footer>\n<p>\u00a9 2023 Ana Gonz\u00e1lez. Todos los derechos reservados.<\/p>\n<\/footer>\n","protected":false},"excerpt":{"rendered":"<p>C\u00f3mo Confeccionar un Traje de Flamenca Paso a Paso &#8211; Gu\u00eda Completa Por Ana Gonz\u00e1lez Curiosidades e Informaci\u00f3n Interesante El traje de flamenca tiene su origen en el traje regional andaluz del siglo XIX. El traje se compone de una blusa ajustada, una falda con mucho vuelo y volantes, y complementos como pendientes y peinetas. &#8230; <a title=\"Como confeccionar un traje de flamenca paso a paso\" class=\"read-more\" href=\"https:\/\/dudasytextos.com\/paso-a-paso\/como-confeccionar-un-traje-de-flamenca-paso-a-paso\/\" aria-label=\"M\u00e1s en Como confeccionar un traje de flamenca paso a paso\">Leer m\u00e1s<\/a><\/p>\n","protected":false},"author":1,"featured_media":0,"comment_status":"open","ping_status":"open","sticky":false,"template":"","format":"standard","meta":{"footnotes":""},"categories":[3],"tags":[],"class_list":["post-126462","post","type-post","status-publish","format-standard","hentry","category-paso-a-paso"],"aioseo_notices":[],"aioseo_head":"\n\t\t<!-- All in One SEO 5.0.1.1 - aioseo.com -->\n\t<meta name=\"description\" content=\"C\u00f3mo Confeccionar un Traje de Flamenca Paso a Paso - Gu\u00eda Completa Por Ana Gonz\u00e1lez Curiosidades e Informaci\u00f3n Interesante El traje de flamenca tiene su origen en el traje regional andaluz del siglo XIX. El traje se compone de una blusa ajustada, una falda con mucho vuelo y volantes, y complementos como pendientes y peinetas.\" \/>\n\t<meta name=\"robots\" content=\"max-snippet:-1, max-image-preview:large, max-video-preview:-1\" \/>\n\t<meta name=\"author\" content=\"Ana Gonz\u00e1lez\"\/>\n\t<link rel=\"canonical\" href=\"https:\/\/dudasytextos.com\/paso-a-paso\/como-confeccionar-un-traje-de-flamenca-paso-a-paso\/\" \/>\n\t<meta name=\"generator\" content=\"All in One SEO (AIOSEO) 5.0.1.1\" \/>\n\n\t\t<!-- Google tag (gtag.js) -->\n<script async src=\"https:\/\/www.googletagmanager.com\/gtag\/js?id=G-8CS13W8T8X\"><\/script>\n<script>\n  window.dataLayer = window.dataLayer || [];\n  function gtag(){dataLayer.push(arguments);}\n  gtag('js', new Date());\n\n  gtag('config', 'G-8CS13W8T8X');\n<\/script>\n<script async src=\"https:\/\/pagead2.googlesyndication.com\/pagead\/js\/adsbygoogle.js?client=ca-pub-3987500858204711\"\n     crossorigin=\"anonymous\"><\/script>\n\t\t<meta property=\"og:locale\" content=\"es_ES\" \/>\n\t\t<meta property=\"og:site_name\" content=\"Gu\u00edas Paso a Paso - Gu\u00edas Paso a Paso\" \/>\n\t\t<meta property=\"og:type\" content=\"article\" \/>\n\t\t<meta property=\"og:title\" content=\"Como confeccionar un traje de flamenca paso a paso (2026) Gu\u00edas Paso a Paso\" \/>\n\t\t<meta property=\"og:description\" content=\"C\u00f3mo Confeccionar un Traje de Flamenca Paso a Paso - Gu\u00eda Completa Por Ana Gonz\u00e1lez Curiosidades e Informaci\u00f3n Interesante El traje de flamenca tiene su origen en el traje regional andaluz del siglo XIX. El traje se compone de una blusa ajustada, una falda con mucho vuelo y volantes, y complementos como pendientes y peinetas.\" \/>\n\t\t<meta property=\"og:url\" content=\"https:\/\/dudasytextos.com\/paso-a-paso\/como-confeccionar-un-traje-de-flamenca-paso-a-paso\/\" \/>\n\t\t<meta property=\"article:published_time\" content=\"2025-02-27T03:03:02+00:00\" \/>\n\t\t<meta property=\"article:modified_time\" content=\"2025-03-12T16:15:09+00:00\" \/>\n\t\t<meta name=\"twitter:card\" content=\"summary_large_image\" \/>\n\t\t<meta name=\"twitter:title\" content=\"Como confeccionar un traje de flamenca paso a paso (2026) Gu\u00edas Paso a Paso\" \/>\n\t\t<meta name=\"twitter:description\" content=\"C\u00f3mo Confeccionar un Traje de Flamenca Paso a Paso - Gu\u00eda Completa Por Ana Gonz\u00e1lez Curiosidades e Informaci\u00f3n Interesante El traje de flamenca tiene su origen en el traje regional andaluz del siglo XIX. El traje se compone de una blusa ajustada, una falda con mucho vuelo y volantes, y complementos como pendientes y peinetas.\" \/>\n\t\t<script type=\"application\/ld+json\" class=\"aioseo-schema\">\n\t\t\t{\"@context\":\"https:\\\/\\\/schema.org\",\"@graph\":[{\"@type\":\"BlogPosting\",\"@id\":\"https:\\\/\\\/dudasytextos.com\\\/paso-a-paso\\\/como-confeccionar-un-traje-de-flamenca-paso-a-paso\\\/#blogposting\",\"name\":\"Como confeccionar un traje de flamenca paso a paso (2026) Gu\\u00edas Paso a Paso\",\"headline\":\"Como confeccionar un traje de flamenca paso a paso\",\"author\":{\"@id\":\"https:\\\/\\\/dudasytextos.com\\\/paso-a-paso\\\/author\\\/admin23\\\/#author\"},\"publisher\":{\"@id\":\"https:\\\/\\\/dudasytextos.com\\\/paso-a-paso\\\/#organization\"},\"datePublished\":\"2025-02-27T03:03:02+00:00\",\"dateModified\":\"2025-03-12T16:15:09+00:00\",\"inLanguage\":\"es-ES\",\"mainEntityOfPage\":{\"@id\":\"https:\\\/\\\/dudasytextos.com\\\/paso-a-paso\\\/como-confeccionar-un-traje-de-flamenca-paso-a-paso\\\/#webpage\"},\"isPartOf\":{\"@id\":\"https:\\\/\\\/dudasytextos.com\\\/paso-a-paso\\\/como-confeccionar-un-traje-de-flamenca-paso-a-paso\\\/#webpage\"},\"articleSection\":\"Paso a Paso\"},{\"@type\":\"BreadcrumbList\",\"@id\":\"https:\\\/\\\/dudasytextos.com\\\/paso-a-paso\\\/como-confeccionar-un-traje-de-flamenca-paso-a-paso\\\/#breadcrumblist\",\"itemListElement\":[{\"@type\":\"ListItem\",\"@id\":\"https:\\\/\\\/dudasytextos.com\\\/paso-a-paso#listItem\",\"position\":1,\"name\":\"Home\",\"item\":\"https:\\\/\\\/dudasytextos.com\\\/paso-a-paso\",\"nextItem\":{\"@type\":\"ListItem\",\"@id\":\"https:\\\/\\\/dudasytextos.com\\\/paso-a-paso\\\/category\\\/paso-a-paso\\\/#listItem\",\"name\":\"Paso a Paso\"}},{\"@type\":\"ListItem\",\"@id\":\"https:\\\/\\\/dudasytextos.com\\\/paso-a-paso\\\/category\\\/paso-a-paso\\\/#listItem\",\"position\":2,\"name\":\"Paso a Paso\",\"item\":\"https:\\\/\\\/dudasytextos.com\\\/paso-a-paso\\\/category\\\/paso-a-paso\\\/\",\"nextItem\":{\"@type\":\"ListItem\",\"@id\":\"https:\\\/\\\/dudasytextos.com\\\/paso-a-paso\\\/como-confeccionar-un-traje-de-flamenca-paso-a-paso\\\/#listItem\",\"name\":\"Como confeccionar un traje de flamenca paso a paso\"},\"previousItem\":{\"@type\":\"ListItem\",\"@id\":\"https:\\\/\\\/dudasytextos.com\\\/paso-a-paso#listItem\",\"name\":\"Home\"}},{\"@type\":\"ListItem\",\"@id\":\"https:\\\/\\\/dudasytextos.com\\\/paso-a-paso\\\/como-confeccionar-un-traje-de-flamenca-paso-a-paso\\\/#listItem\",\"position\":3,\"name\":\"Como confeccionar un traje de flamenca paso a paso\",\"previousItem\":{\"@type\":\"ListItem\",\"@id\":\"https:\\\/\\\/dudasytextos.com\\\/paso-a-paso\\\/category\\\/paso-a-paso\\\/#listItem\",\"name\":\"Paso a Paso\"}}]},{\"@type\":\"Organization\",\"@id\":\"https:\\\/\\\/dudasytextos.com\\\/paso-a-paso\\\/#organization\",\"name\":\"Recipes\",\"description\":\"Gu\\u00edas Paso a Paso\",\"url\":\"https:\\\/\\\/dudasytextos.com\\\/paso-a-paso\\\/\"},{\"@type\":\"Person\",\"@id\":\"https:\\\/\\\/dudasytextos.com\\\/paso-a-paso\\\/author\\\/admin23\\\/#author\",\"url\":\"https:\\\/\\\/dudasytextos.com\\\/paso-a-paso\\\/author\\\/admin23\\\/\",\"name\":\"Ana Gonz\\u00e1lez\"},{\"@type\":\"WebPage\",\"@id\":\"https:\\\/\\\/dudasytextos.com\\\/paso-a-paso\\\/como-confeccionar-un-traje-de-flamenca-paso-a-paso\\\/#webpage\",\"url\":\"https:\\\/\\\/dudasytextos.com\\\/paso-a-paso\\\/como-confeccionar-un-traje-de-flamenca-paso-a-paso\\\/\",\"name\":\"Como confeccionar un traje de flamenca paso a paso (2026) Gu\\u00edas Paso a Paso\",\"description\":\"C\\u00f3mo Confeccionar un Traje de Flamenca Paso a Paso - Gu\\u00eda Completa Por Ana Gonz\\u00e1lez Curiosidades e Informaci\\u00f3n Interesante El traje de flamenca tiene su origen en el traje regional andaluz del siglo XIX. El traje se compone de una blusa ajustada, una falda con mucho vuelo y volantes, y complementos como pendientes y peinetas.\",\"inLanguage\":\"es-ES\",\"isPartOf\":{\"@id\":\"https:\\\/\\\/dudasytextos.com\\\/paso-a-paso\\\/#website\"},\"breadcrumb\":{\"@id\":\"https:\\\/\\\/dudasytextos.com\\\/paso-a-paso\\\/como-confeccionar-un-traje-de-flamenca-paso-a-paso\\\/#breadcrumblist\"},\"author\":{\"@id\":\"https:\\\/\\\/dudasytextos.com\\\/paso-a-paso\\\/author\\\/admin23\\\/#author\"},\"creator\":{\"@id\":\"https:\\\/\\\/dudasytextos.com\\\/paso-a-paso\\\/author\\\/admin23\\\/#author\"},\"datePublished\":\"2025-02-27T03:03:02+00:00\",\"dateModified\":\"2025-03-12T16:15:09+00:00\"},{\"@type\":\"WebSite\",\"@id\":\"https:\\\/\\\/dudasytextos.com\\\/paso-a-paso\\\/#website\",\"url\":\"https:\\\/\\\/dudasytextos.com\\\/paso-a-paso\\\/\",\"name\":\"Recipes\",\"description\":\"Gu\\u00edas Paso a Paso\",\"inLanguage\":\"es-ES\",\"publisher\":{\"@id\":\"https:\\\/\\\/dudasytextos.com\\\/paso-a-paso\\\/#organization\"}}]}\n\t\t<\/script>\n\t\t<!-- All in One SEO -->\n\n","aioseo_head_json":{"title":"Como confeccionar un traje de flamenca paso a paso (2026) Gu\u00edas Paso a Paso","description":"C\u00f3mo Confeccionar un Traje de Flamenca Paso a Paso - Gu\u00eda Completa Por Ana Gonz\u00e1lez Curiosidades e Informaci\u00f3n Interesante El traje de flamenca tiene su origen en el traje regional andaluz del siglo XIX. El traje se compone de una blusa ajustada, una falda con mucho vuelo y volantes, y complementos como pendientes y peinetas.","canonical_url":"https:\/\/dudasytextos.com\/paso-a-paso\/como-confeccionar-un-traje-de-flamenca-paso-a-paso\/","robots":"max-snippet:-1, max-image-preview:large, max-video-preview:-1","keywords":"","webmasterTools":{"miscellaneous":"&lt;!-- Google tag (gtag.js) --&gt;\n&lt;script async src=\"https:\/\/www.googletagmanager.com\/gtag\/js?id=G-8CS13W8T8X\"&gt;&lt;\/script&gt;\n&lt;script&gt;\n  window.dataLayer = window.dataLayer || [];\n  function gtag(){dataLayer.push(arguments);}\n  gtag('js', new Date());\n\n  gtag('config', 'G-8CS13W8T8X');\n&lt;\/script&gt;\n&lt;script async src=\"https:\/\/pagead2.googlesyndication.com\/pagead\/js\/adsbygoogle.js?client=ca-pub-3987500858204711\"\n     crossorigin=\"anonymous\"&gt;&lt;\/script&gt;"},"schema":{"@context":"https:\/\/schema.org","@graph":[{"@type":"BlogPosting","@id":"https:\/\/dudasytextos.com\/paso-a-paso\/como-confeccionar-un-traje-de-flamenca-paso-a-paso\/#blogposting","name":"Como confeccionar un traje de flamenca paso a paso (2026) Gu\u00edas Paso a Paso","headline":"Como confeccionar un traje de flamenca paso a paso","author":{"@id":"https:\/\/dudasytextos.com\/paso-a-paso\/author\/admin23\/#author"},"publisher":{"@id":"https:\/\/dudasytextos.com\/paso-a-paso\/#organization"},"datePublished":"2025-02-27T03:03:02+00:00","dateModified":"2025-03-12T16:15:09+00:00","inLanguage":"es-ES","mainEntityOfPage":{"@id":"https:\/\/dudasytextos.com\/paso-a-paso\/como-confeccionar-un-traje-de-flamenca-paso-a-paso\/#webpage"},"isPartOf":{"@id":"https:\/\/dudasytextos.com\/paso-a-paso\/como-confeccionar-un-traje-de-flamenca-paso-a-paso\/#webpage"},"articleSection":"Paso a Paso"},{"@type":"BreadcrumbList","@id":"https:\/\/dudasytextos.com\/paso-a-paso\/como-confeccionar-un-traje-de-flamenca-paso-a-paso\/#breadcrumblist","itemListElement":[{"@type":"ListItem","@id":"https:\/\/dudasytextos.com\/paso-a-paso#listItem","position":1,"name":"Home","item":"https:\/\/dudasytextos.com\/paso-a-paso","nextItem":{"@type":"ListItem","@id":"https:\/\/dudasytextos.com\/paso-a-paso\/category\/paso-a-paso\/#listItem","name":"Paso a Paso"}},{"@type":"ListItem","@id":"https:\/\/dudasytextos.com\/paso-a-paso\/category\/paso-a-paso\/#listItem","position":2,"name":"Paso a Paso","item":"https:\/\/dudasytextos.com\/paso-a-paso\/category\/paso-a-paso\/","nextItem":{"@type":"ListItem","@id":"https:\/\/dudasytextos.com\/paso-a-paso\/como-confeccionar-un-traje-de-flamenca-paso-a-paso\/#listItem","name":"Como confeccionar un traje de flamenca paso a paso"},"previousItem":{"@type":"ListItem","@id":"https:\/\/dudasytextos.com\/paso-a-paso#listItem","name":"Home"}},{"@type":"ListItem","@id":"https:\/\/dudasytextos.com\/paso-a-paso\/como-confeccionar-un-traje-de-flamenca-paso-a-paso\/#listItem","position":3,"name":"Como confeccionar un traje de flamenca paso a paso","previousItem":{"@type":"ListItem","@id":"https:\/\/dudasytextos.com\/paso-a-paso\/category\/paso-a-paso\/#listItem","name":"Paso a Paso"}}]},{"@type":"Organization","@id":"https:\/\/dudasytextos.com\/paso-a-paso\/#organization","name":"Recipes","description":"Gu\u00edas Paso a Paso","url":"https:\/\/dudasytextos.com\/paso-a-paso\/"},{"@type":"Person","@id":"https:\/\/dudasytextos.com\/paso-a-paso\/author\/admin23\/#author","url":"https:\/\/dudasytextos.com\/paso-a-paso\/author\/admin23\/","name":"Ana Gonz\u00e1lez"},{"@type":"WebPage","@id":"https:\/\/dudasytextos.com\/paso-a-paso\/como-confeccionar-un-traje-de-flamenca-paso-a-paso\/#webpage","url":"https:\/\/dudasytextos.com\/paso-a-paso\/como-confeccionar-un-traje-de-flamenca-paso-a-paso\/","name":"Como confeccionar un traje de flamenca paso a paso (2026) Gu\u00edas Paso a Paso","description":"C\u00f3mo Confeccionar un Traje de Flamenca Paso a Paso - Gu\u00eda Completa Por Ana Gonz\u00e1lez Curiosidades e Informaci\u00f3n Interesante El traje de flamenca tiene su origen en el traje regional andaluz del siglo XIX. El traje se compone de una blusa ajustada, una falda con mucho vuelo y volantes, y complementos como pendientes y peinetas.","inLanguage":"es-ES","isPartOf":{"@id":"https:\/\/dudasytextos.com\/paso-a-paso\/#website"},"breadcrumb":{"@id":"https:\/\/dudasytextos.com\/paso-a-paso\/como-confeccionar-un-traje-de-flamenca-paso-a-paso\/#breadcrumblist"},"author":{"@id":"https:\/\/dudasytextos.com\/paso-a-paso\/author\/admin23\/#author"},"creator":{"@id":"https:\/\/dudasytextos.com\/paso-a-paso\/author\/admin23\/#author"},"datePublished":"2025-02-27T03:03:02+00:00","dateModified":"2025-03-12T16:15:09+00:00"},{"@type":"WebSite","@id":"https:\/\/dudasytextos.com\/paso-a-paso\/#website","url":"https:\/\/dudasytextos.com\/paso-a-paso\/","name":"Recipes","description":"Gu\u00edas Paso a Paso","inLanguage":"es-ES","publisher":{"@id":"https:\/\/dudasytextos.com\/paso-a-paso\/#organization"}}]},"og:locale":"es_ES","og:site_name":"Gu\u00edas Paso a Paso - Gu\u00edas Paso a Paso","og:type":"article","og:title":"Como confeccionar un traje de flamenca paso a paso (2026) Gu\u00edas Paso a Paso","og:description":"C\u00f3mo Confeccionar un Traje de Flamenca Paso a Paso - Gu\u00eda Completa Por Ana Gonz\u00e1lez Curiosidades e Informaci\u00f3n Interesante El traje de flamenca tiene su origen en el traje regional andaluz del siglo XIX. El traje se compone de una blusa ajustada, una falda con mucho vuelo y volantes, y complementos como pendientes y peinetas.","og:url":"https:\/\/dudasytextos.com\/paso-a-paso\/como-confeccionar-un-traje-de-flamenca-paso-a-paso\/","article:published_time":"2025-02-27T03:03:02+00:00","article:modified_time":"2025-03-12T16:15:09+00:00","twitter:card":"summary_large_image","twitter:title":"Como confeccionar un traje de flamenca paso a paso (2026) Gu\u00edas Paso a Paso","twitter:description":"C\u00f3mo Confeccionar un Traje de Flamenca Paso a Paso - Gu\u00eda Completa Por Ana Gonz\u00e1lez Curiosidades e Informaci\u00f3n Interesante El traje de flamenca tiene su origen en el traje regional andaluz del siglo XIX. El traje se compone de una blusa ajustada, una falda con mucho vuelo y volantes, y complementos como pendientes y peinetas."},"aioseo_meta_data":{"post_id":"126462","title":null,"description":null,"keywords":null,"keyphrases":null,"primary_term":null,"canonical_url":null,"og_title":null,"og_description":null,"og_object_type":"default","og_image_type":"default","og_image_url":null,"og_image_width":null,"og_image_height":null,"og_image_custom_url":null,"og_image_custom_fields":null,"og_video":null,"og_custom_url":null,"og_article_section":null,"og_article_tags":null,"twitter_use_og":false,"twitter_card":"default","twitter_image_type":"default","twitter_image_url":null,"twitter_image_custom_url":null,"twitter_image_custom_fields":null,"twitter_title":null,"twitter_description":null,"schema":{"blockGraphs":[],"customGraphs":[],"default":{"data":{"Article":[],"Course":[],"Dataset":[],"FAQPage":[],"Movie":[],"Person":[],"Product":[],"ProductReview":[],"Car":[],"Recipe":[],"Service":[],"SoftwareApplication":[],"WebPage":[]},"graphName":"","isEnabled":true},"graphs":[]},"schema_type":"default","schema_type_options":null,"pillar_content":false,"robots_default":true,"robots_noindex":false,"robots_noarchive":false,"robots_nosnippet":false,"robots_nofollow":false,"robots_noimageindex":false,"robots_noodp":false,"robots_notranslate":false,"robots_max_snippet":null,"robots_max_videopreview":null,"robots_max_imagepreview":"large","priority":null,"frequency":null,"local_seo":null,"breadcrumb_settings":null,"limit_modified_date":false,"ai":null,"created":"2023-04-28 21:52:55","updated":"2025-06-04 07:38:25","seo_analyzer_scan_date":null,"focus_keyword":null,"additional_keywords":null,"truseo_locale":null},"aioseo_breadcrumb":"<div class=\"aioseo-breadcrumbs\"><span class=\"aioseo-breadcrumb\">\n\t\t\t<a href=\"https:\/\/dudasytextos.com\/paso-a-paso\" title=\"Home\">Home<\/a>\n\t\t<\/span><span class=\"aioseo-breadcrumb-separator\">&raquo;<\/span><span class=\"aioseo-breadcrumb\">\n\t\t\t<a href=\"https:\/\/dudasytextos.com\/paso-a-paso\/category\/paso-a-paso\/\" title=\"Paso a Paso\">Paso a Paso<\/a>\n\t\t<\/span><span class=\"aioseo-breadcrumb-separator\">&raquo;<\/span><span class=\"aioseo-breadcrumb\">\n\t\t\tComo confeccionar un traje de flamenca paso a paso\n\t\t<\/span><\/div>","aioseo_breadcrumb_json":[{"label":"Home","link":"https:\/\/dudasytextos.com\/paso-a-paso"},{"label":"Paso a Paso","link":"https:\/\/dudasytextos.com\/paso-a-paso\/category\/paso-a-paso\/"},{"label":"Como confeccionar un traje de flamenca paso a paso","link":"https:\/\/dudasytextos.com\/paso-a-paso\/como-confeccionar-un-traje-de-flamenca-paso-a-paso\/"}],"_links":{"self":[{"href":"https:\/\/dudasytextos.com\/paso-a-paso\/wp-json\/wp\/v2\/posts\/126462","targetHints":{"allow":["GET"]}}],"collection":[{"href":"https:\/\/dudasytextos.com\/paso-a-paso\/wp-json\/wp\/v2\/posts"}],"about":[{"href":"https:\/\/dudasytextos.com\/paso-a-paso\/wp-json\/wp\/v2\/types\/post"}],"author":[{"embeddable":true,"href":"https:\/\/dudasytextos.com\/paso-a-paso\/wp-json\/wp\/v2\/users\/1"}],"replies":[{"embeddable":true,"href":"https:\/\/dudasytextos.com\/paso-a-paso\/wp-json\/wp\/v2\/comments?post=126462"}],"version-history":[{"count":1,"href":"https:\/\/dudasytextos.com\/paso-a-paso\/wp-json\/wp\/v2\/posts\/126462\/revisions"}],"predecessor-version":[{"id":126819,"href":"https:\/\/dudasytextos.com\/paso-a-paso\/wp-json\/wp\/v2\/posts\/126462\/revisions\/126819"}],"wp:attachment":[{"href":"https:\/\/dudasytextos.com\/paso-a-paso\/wp-json\/wp\/v2\/media?parent=126462"}],"wp:term":[{"taxonomy":"category","embeddable":true,"href":"https:\/\/dudasytextos.com\/paso-a-paso\/wp-json\/wp\/v2\/categories?post=126462"},{"taxonomy":"post_tag","embeddable":true,"href":"https:\/\/dudasytextos.com\/paso-a-paso\/wp-json\/wp\/v2\/tags?post=126462"}],"curies":[{"name":"wp","href":"https:\/\/api.w.org\/{rel}","templated":true}]}}