{"id":128678,"date":"2025-03-01T12:36:47","date_gmt":"2025-03-01T12:36:47","guid":{"rendered":"https:\/\/educacion.cc\/?p=128678"},"modified":"2025-03-12T14:45:01","modified_gmt":"2025-03-12T14:45:01","slug":"porque-se-me-seca-la-boca-cuando-duermo","status":"publish","type":"post","link":"https:\/\/dudasytextos.com\/pregunta-por-que\/porque-se-me-seca-la-boca-cuando-duermo\/","title":{"rendered":"Porque se me seca la boca cuando duermo"},"content":{"rendered":"<div id=\"ez-toc-container\" class=\"ez-toc-v2_0_87 counter-hierarchy ez-toc-counter ez-toc-custom ez-toc-container-direction\">\n<div class=\"ez-toc-title-container\">\n<span class=\"ez-toc-title-toggle\"><\/span><\/div>\n<nav><ul class='ez-toc-list ez-toc-list-level-1 ' ><li class='ez-toc-page-1 ez-toc-heading-level-2'><a class=\"ez-toc-link ez-toc-heading-1\" href=\"https:\/\/dudasytextos.com\/pregunta-por-que\/porque-se-me-seca-la-boca-cuando-duermo\/#Por_que_se_me_seca_la_boca_cuando_duermo\" >Por qu\u00e9 se me seca la boca cuando duermo<\/a><\/li><li class='ez-toc-page-1 ez-toc-heading-level-2'><a class=\"ez-toc-link ez-toc-heading-2\" href=\"https:\/\/dudasytextos.com\/pregunta-por-que\/porque-se-me-seca-la-boca-cuando-duermo\/#Descubre_las_causas_y_soluciones_para_este_problema_nocturno\" >Descubre las causas y soluciones para este problema nocturno<\/a><\/li><li class='ez-toc-page-1 ez-toc-heading-level-2'><a class=\"ez-toc-link ez-toc-heading-3\" href=\"https:\/\/dudasytextos.com\/pregunta-por-que\/porque-se-me-seca-la-boca-cuando-duermo\/#Curiosidades_e_informacion_interesante\" >Curiosidades e informaci\u00f3n interesante<\/a><\/li><li class='ez-toc-page-1 ez-toc-heading-level-2'><a class=\"ez-toc-link ez-toc-heading-4\" href=\"https:\/\/dudasytextos.com\/pregunta-por-que\/porque-se-me-seca-la-boca-cuando-duermo\/#%C2%BFPor_que_se_me_seca_la_boca_cuando_duermo\" >\u00bfPor qu\u00e9 se me seca la boca cuando duermo?<\/a><\/li><li class='ez-toc-page-1 ez-toc-heading-level-2'><a class=\"ez-toc-link ez-toc-heading-5\" href=\"https:\/\/dudasytextos.com\/pregunta-por-que\/porque-se-me-seca-la-boca-cuando-duermo\/#%C2%BFComo_puedo_solucionar_la_sequedad_bucal\" >\u00bfC\u00f3mo puedo solucionar la sequedad bucal?<\/a><\/li><li class='ez-toc-page-1 ez-toc-heading-level-2'><a class=\"ez-toc-link ez-toc-heading-6\" href=\"https:\/\/dudasytextos.com\/pregunta-por-que\/porque-se-me-seca-la-boca-cuando-duermo\/#Mi_experiencia_personal\" >Mi experiencia personal<\/a><\/li><li class='ez-toc-page-1 ez-toc-heading-level-2'><a class=\"ez-toc-link ez-toc-heading-7\" href=\"https:\/\/dudasytextos.com\/pregunta-por-que\/porque-se-me-seca-la-boca-cuando-duermo\/#Preguntas_frecuentes\" >Preguntas frecuentes<\/a><ul class='ez-toc-list-level-3' ><li class='ez-toc-heading-level-3'><a class=\"ez-toc-link ez-toc-heading-8\" href=\"https:\/\/dudasytextos.com\/pregunta-por-que\/porque-se-me-seca-la-boca-cuando-duermo\/#%C2%BFEs_normal_despertar_con_la_boca_seca\" >\u00bfEs normal despertar con la boca seca?<\/a><\/li><li class='ez-toc-page-1 ez-toc-heading-level-3'><a class=\"ez-toc-link ez-toc-heading-9\" href=\"https:\/\/dudasytextos.com\/pregunta-por-que\/porque-se-me-seca-la-boca-cuando-duermo\/#%C2%BFEl_consumo_de_alcohol_y_tabaco_afecta_la_produccion_de_saliva\" >\u00bfEl consumo de alcohol y tabaco afecta la producci\u00f3n de saliva?<\/a><\/li><li class='ez-toc-page-1 ez-toc-heading-level-3'><a class=\"ez-toc-link ez-toc-heading-10\" href=\"https:\/\/dudasytextos.com\/pregunta-por-que\/porque-se-me-seca-la-boca-cuando-duermo\/#%C2%BFLos_medicamentos_pueden_causar_sequedad_bucal\" >\u00bfLos medicamentos pueden causar sequedad bucal?<\/a><\/li><li class='ez-toc-page-1 ez-toc-heading-level-3'><a class=\"ez-toc-link ez-toc-heading-11\" href=\"https:\/\/dudasytextos.com\/pregunta-por-que\/porque-se-me-seca-la-boca-cuando-duermo\/#%C2%BFQue_puedo_hacer_para_mantener_mi_boca_hidratada_durante_la_noche\" >\u00bfQu\u00e9 puedo hacer para mantener mi boca hidratada durante la noche?<\/a><\/li><\/ul><\/li><\/ul><\/nav><\/div>\n<h2><span class=\"ez-toc-section\" id=\"Por_que_se_me_seca_la_boca_cuando_duermo\"><\/span>Por qu\u00e9 se me seca la boca cuando duermo<span class=\"ez-toc-section-end\"><\/span><\/h2>\n<h2><span class=\"ez-toc-section\" id=\"Descubre_las_causas_y_soluciones_para_este_problema_nocturno\"><\/span>Descubre las causas y soluciones para este problema nocturno<span class=\"ez-toc-section-end\"><\/span><\/h2>\n<section>\n<h2><span class=\"ez-toc-section\" id=\"Curiosidades_e_informacion_interesante\"><\/span>Curiosidades e informaci\u00f3n interesante<span class=\"ez-toc-section-end\"><\/span><\/h2>\n<ul>\n<li>La sequedad bucal es un problema com\u00fan que afecta al 30% de la poblaci\u00f3n<\/li>\n<li>La saliva tiene la funci\u00f3n de mantener la boca h\u00fameda, neutralizar \u00e1cidos y prevenir infecciones<\/li>\n<li>La disminuci\u00f3n de la producci\u00f3n de saliva durante la noche es normal, pero en algunas personas puede ser excesiva<\/li>\n<\/ul>\n<\/section>\n<section>\n<h2><span class=\"ez-toc-section\" id=\"%C2%BFPor_que_se_me_seca_la_boca_cuando_duermo\"><\/span>\u00bfPor qu\u00e9 se me seca la boca cuando duermo?<span class=\"ez-toc-section-end\"><\/span><\/h2>\n<p>La falta de saliva puede deberse a diversas causas, entre ellas:<\/p>\n<ul>\n<li><strong>Fumar:<\/strong> El tabaco disminuye la producci\u00f3n de saliva<\/li>\n<li><strong>Medicamentos:<\/strong> Algunos medicamentos pueden reducir la producci\u00f3n de saliva, como los antidepresivos, antihistam\u00ednicos y diur\u00e9ticos<\/li>\n<li><strong>Respirar por la boca:<\/strong> Si tienes problemas de congesti\u00f3n nasal o roncas al dormir, es posible que respires por la boca y eso cause sequedad bucal<\/li>\n<li><strong>Deshidrataci\u00f3n:<\/strong> Si no bebes suficiente agua durante el d\u00eda, es posible que te despiertes con la boca seca<\/li>\n<li><strong>Envejecimiento:<\/strong> Con la edad, la producci\u00f3n de saliva disminuye<\/li>\n<\/ul>\n<\/section>\n<section>\n<h2><span class=\"ez-toc-section\" id=\"%C2%BFComo_puedo_solucionar_la_sequedad_bucal\"><\/span>\u00bfC\u00f3mo puedo solucionar la sequedad bucal?<span class=\"ez-toc-section-end\"><\/span><\/h2>\n<p>Existen varias soluciones para combatir la falta de saliva durante la noche:<\/p>\n<ul>\n<li><strong>Beber suficiente agua:<\/strong> Aseg\u00farate de tomar suficiente agua durante el d\u00eda para mantener tu cuerpo hidratado<\/li>\n<li><strong>Evitar el tabaco y el alcohol:<\/strong> Si fumas o bebes alcohol, es importante que reduzcas o evites su consumo<\/li>\n<li><strong>Usar humidificador:<\/strong> Si tienes problemas de sequedad bucal por respirar por la boca, puedes usar un humidificador en la habitaci\u00f3n para mantener el aire h\u00famedo<\/li>\n<li><strong>Chupar caramelos sin az\u00facar:<\/strong> Los caramelos sin az\u00facar estimulan la producci\u00f3n de saliva<\/li>\n<li><strong>Consultar con un m\u00e9dico:<\/strong> Si la sequedad bucal persiste, es importante que consultes con un m\u00e9dico para descartar problemas de salud subyacentes<\/li>\n<\/ul>\n<\/section>\n<section>\n<h2><span class=\"ez-toc-section\" id=\"Mi_experiencia_personal\"><\/span>Mi experiencia personal<span class=\"ez-toc-section-end\"><\/span><\/h2>\n<p>Personalmente, he sufrido de sequedad bucal durante mucho tiempo y he probado diferentes soluciones para combatirla. Lo que mejor me ha funcionado ha sido beber suficiente agua durante el d\u00eda y chupar caramelos sin az\u00facar antes de dormir. Tambi\u00e9n he notado que dormir con la boca cerrada ayuda a reducir la sequedad bucal.<\/p>\n<p>En mi opini\u00f3n, es importante consultar con un m\u00e9dico si la sequedad bucal es persistente, ya que puede ser indicio de problemas de salud m\u00e1s graves.<\/p>\n<\/section>\n<section>\n<h2><span class=\"ez-toc-section\" id=\"Preguntas_frecuentes\"><\/span>Preguntas frecuentes<span class=\"ez-toc-section-end\"><\/span><\/h2>\n<h3><span class=\"ez-toc-section\" id=\"%C2%BFEs_normal_despertar_con_la_boca_seca\"><\/span>\u00bfEs normal despertar con la boca seca?<span class=\"ez-toc-section-end\"><\/span><\/h3>\n<p>S\u00ed, es normal que la producci\u00f3n de saliva disminuya durante la noche, lo que puede causar sequedad bucal al despertar. Sin embargo, si la sequedad bucal es persistente, es importante consultar con un m\u00e9dico.<\/p>\n<h3><span class=\"ez-toc-section\" id=\"%C2%BFEl_consumo_de_alcohol_y_tabaco_afecta_la_produccion_de_saliva\"><\/span>\u00bfEl consumo de alcohol y tabaco afecta la producci\u00f3n de saliva?<span class=\"ez-toc-section-end\"><\/span><\/h3>\n<p>S\u00ed, tanto el consumo de alcohol como el tabaco pueden afectar la producci\u00f3n de saliva, lo que puede causar sequedad bucal. Es importante reducir o evitar su consumo para mejorar la salud bucal.<\/p>\n<h3><span class=\"ez-toc-section\" id=\"%C2%BFLos_medicamentos_pueden_causar_sequedad_bucal\"><\/span>\u00bfLos medicamentos pueden causar sequedad bucal?<span class=\"ez-toc-section-end\"><\/span><\/h3>\n<p>S\u00ed, algunos medicamentos pueden reducir la producci\u00f3n de saliva y causar sequedad bucal como efecto secundario. Si notas que un medicamento te est\u00e1 causando sequedad bucal, habla con tu m\u00e9dico para evaluar si es posible cambiar el tratamiento.<\/p>\n<h3><span class=\"ez-toc-section\" id=\"%C2%BFQue_puedo_hacer_para_mantener_mi_boca_hidratada_durante_la_noche\"><\/span>\u00bfQu\u00e9 puedo hacer para mantener mi boca hidratada durante la noche?<span class=\"ez-toc-section-end\"><\/span><\/h3>\n<p>Puedes beber suficiente agua durante el d\u00eda, evitar el consumo de tabaco y alcohol, usar un humidificador en la habitaci\u00f3n y chupar caramelos sin az\u00facar antes de dormir. Estas soluciones pueden ayudar a mantener la boca hidratada durante la noche.<\/p>\n<\/section>\n","protected":false},"excerpt":{"rendered":"<p>Por qu\u00e9 se me seca la boca cuando duermo Descubre las causas y soluciones para este problema nocturno Curiosidades e informaci\u00f3n interesante La sequedad bucal es un problema com\u00fan que afecta al 30% de la poblaci\u00f3n La saliva tiene la funci\u00f3n de mantener la boca h\u00fameda, neutralizar \u00e1cidos y prevenir infecciones La disminuci\u00f3n de la &#8230; <a title=\"Porque se me seca la boca cuando duermo\" class=\"read-more\" href=\"https:\/\/dudasytextos.com\/pregunta-por-que\/porque-se-me-seca-la-boca-cuando-duermo\/\" aria-label=\"M\u00e1s en Porque se me seca la boca cuando duermo\">Leer m\u00e1s<\/a><\/p>\n","protected":false},"author":1,"featured_media":0,"comment_status":"open","ping_status":"open","sticky":false,"template":"","format":"standard","meta":{"footnotes":""},"categories":[10,3],"tags":[],"class_list":["post-128678","post","type-post","status-publish","format-standard","hentry","category-boca","category-por-que"],"aioseo_notices":[],"aioseo_head":"\n\t\t<!-- All in One SEO 5.0.1.1 - aioseo.com -->\n\t<meta name=\"description\" content=\"Por qu\u00e9 se me seca la boca cuando duermo Descubre las causas y soluciones para este problema nocturno Curiosidades e informaci\u00f3n interesante La sequedad bucal es un problema com\u00fan que afecta al 30% de la poblaci\u00f3n La saliva tiene la funci\u00f3n de mantener la boca h\u00fameda, neutralizar \u00e1cidos y prevenir infecciones La disminuci\u00f3n de la\" \/>\n\t<meta name=\"robots\" content=\"max-snippet:-1, max-image-preview:large, max-video-preview:-1\" \/>\n\t<meta name=\"author\" content=\"Ana Gonz\u00e1lez\"\/>\n\t<link rel=\"canonical\" href=\"https:\/\/dudasytextos.com\/pregunta-por-que\/porque-se-me-seca-la-boca-cuando-duermo\/\" \/>\n\t<meta name=\"generator\" content=\"All in One SEO (AIOSEO) 5.0.1.1\" \/>\n\n\t\t<!-- Google tag (gtag.js) -->\n<script async src=\"https:\/\/www.googletagmanager.com\/gtag\/js?id=G-TTVH4WWKS1\"><\/script>\n<script>\n  window.dataLayer = window.dataLayer || [];\n  function gtag(){dataLayer.push(arguments);}\n  gtag('js', new Date());\n\n  gtag('config', 'G-TTVH4WWKS1');\n<\/script>\n<script async src=\"https:\/\/pagead2.googlesyndication.com\/pagead\/js\/adsbygoogle.js?client=ca-pub-3987500858204711\"\n     crossorigin=\"anonymous\"><\/script>\n\t\t<meta property=\"og:locale\" content=\"es_ES\" \/>\n\t\t<meta property=\"og:site_name\" content=\"\u00bfPor Qu\u00e9? - \u00bfPor Qu\u00e9?\" \/>\n\t\t<meta property=\"og:type\" content=\"article\" \/>\n\t\t<meta property=\"og:title\" content=\"Porque se me seca la boca cuando duermo (2026) \u00bfPor Qu\u00e9?\" \/>\n\t\t<meta property=\"og:description\" content=\"Por qu\u00e9 se me seca la boca cuando duermo Descubre las causas y soluciones para este problema nocturno Curiosidades e informaci\u00f3n interesante La sequedad bucal es un problema com\u00fan que afecta al 30% de la poblaci\u00f3n La saliva tiene la funci\u00f3n de mantener la boca h\u00fameda, neutralizar \u00e1cidos y prevenir infecciones La disminuci\u00f3n de la\" \/>\n\t\t<meta property=\"og:url\" content=\"https:\/\/dudasytextos.com\/pregunta-por-que\/porque-se-me-seca-la-boca-cuando-duermo\/\" \/>\n\t\t<meta property=\"article:published_time\" content=\"2025-03-01T12:36:47+00:00\" \/>\n\t\t<meta property=\"article:modified_time\" content=\"2025-03-12T14:45:01+00:00\" \/>\n\t\t<meta name=\"twitter:card\" content=\"summary_large_image\" \/>\n\t\t<meta name=\"twitter:title\" content=\"Porque se me seca la boca cuando duermo (2026) \u00bfPor Qu\u00e9?\" \/>\n\t\t<meta name=\"twitter:description\" content=\"Por qu\u00e9 se me seca la boca cuando duermo Descubre las causas y soluciones para este problema nocturno Curiosidades e informaci\u00f3n interesante La sequedad bucal es un problema com\u00fan que afecta al 30% de la poblaci\u00f3n La saliva tiene la funci\u00f3n de mantener la boca h\u00fameda, neutralizar \u00e1cidos y prevenir infecciones La disminuci\u00f3n de la\" \/>\n\t\t<script type=\"application\/ld+json\" class=\"aioseo-schema\">\n\t\t\t{\"@context\":\"https:\\\/\\\/schema.org\",\"@graph\":[{\"@type\":\"BlogPosting\",\"@id\":\"https:\\\/\\\/dudasytextos.com\\\/pregunta-por-que\\\/porque-se-me-seca-la-boca-cuando-duermo\\\/#blogposting\",\"name\":\"Porque se me seca la boca cuando duermo (2026) \\u00bfPor Qu\\u00e9?\",\"headline\":\"Porque se me seca la boca cuando duermo\",\"author\":{\"@id\":\"https:\\\/\\\/dudasytextos.com\\\/pregunta-por-que\\\/author\\\/admin23\\\/#author\"},\"publisher\":{\"@id\":\"https:\\\/\\\/dudasytextos.com\\\/pregunta-por-que\\\/#organization\"},\"datePublished\":\"2025-03-01T12:36:47+00:00\",\"dateModified\":\"2025-03-12T14:45:01+00:00\",\"inLanguage\":\"es-ES\",\"mainEntityOfPage\":{\"@id\":\"https:\\\/\\\/dudasytextos.com\\\/pregunta-por-que\\\/porque-se-me-seca-la-boca-cuando-duermo\\\/#webpage\"},\"isPartOf\":{\"@id\":\"https:\\\/\\\/dudasytextos.com\\\/pregunta-por-que\\\/porque-se-me-seca-la-boca-cuando-duermo\\\/#webpage\"},\"articleSection\":\"Boca, \\u00bfPor qu\\u00e9?\"},{\"@type\":\"BreadcrumbList\",\"@id\":\"https:\\\/\\\/dudasytextos.com\\\/pregunta-por-que\\\/porque-se-me-seca-la-boca-cuando-duermo\\\/#breadcrumblist\",\"itemListElement\":[{\"@type\":\"ListItem\",\"@id\":\"https:\\\/\\\/dudasytextos.com\\\/pregunta-por-que#listItem\",\"position\":1,\"name\":\"Home\",\"item\":\"https:\\\/\\\/dudasytextos.com\\\/pregunta-por-que\",\"nextItem\":{\"@type\":\"ListItem\",\"@id\":\"https:\\\/\\\/dudasytextos.com\\\/pregunta-por-que\\\/category\\\/por-que\\\/#listItem\",\"name\":\"\\u00bfPor qu\\u00e9?\"}},{\"@type\":\"ListItem\",\"@id\":\"https:\\\/\\\/dudasytextos.com\\\/pregunta-por-que\\\/category\\\/por-que\\\/#listItem\",\"position\":2,\"name\":\"\\u00bfPor qu\\u00e9?\",\"item\":\"https:\\\/\\\/dudasytextos.com\\\/pregunta-por-que\\\/category\\\/por-que\\\/\",\"nextItem\":{\"@type\":\"ListItem\",\"@id\":\"https:\\\/\\\/dudasytextos.com\\\/pregunta-por-que\\\/porque-se-me-seca-la-boca-cuando-duermo\\\/#listItem\",\"name\":\"Porque se me seca la boca cuando duermo\"},\"previousItem\":{\"@type\":\"ListItem\",\"@id\":\"https:\\\/\\\/dudasytextos.com\\\/pregunta-por-que#listItem\",\"name\":\"Home\"}},{\"@type\":\"ListItem\",\"@id\":\"https:\\\/\\\/dudasytextos.com\\\/pregunta-por-que\\\/porque-se-me-seca-la-boca-cuando-duermo\\\/#listItem\",\"position\":3,\"name\":\"Porque se me seca la boca cuando duermo\",\"previousItem\":{\"@type\":\"ListItem\",\"@id\":\"https:\\\/\\\/dudasytextos.com\\\/pregunta-por-que\\\/category\\\/por-que\\\/#listItem\",\"name\":\"\\u00bfPor qu\\u00e9?\"}}]},{\"@type\":\"Organization\",\"@id\":\"https:\\\/\\\/dudasytextos.com\\\/pregunta-por-que\\\/#organization\",\"name\":\"Recipes\",\"description\":\"\\u00bfPor Qu\\u00e9?\",\"url\":\"https:\\\/\\\/dudasytextos.com\\\/pregunta-por-que\\\/\"},{\"@type\":\"Person\",\"@id\":\"https:\\\/\\\/dudasytextos.com\\\/pregunta-por-que\\\/author\\\/admin23\\\/#author\",\"url\":\"https:\\\/\\\/dudasytextos.com\\\/pregunta-por-que\\\/author\\\/admin23\\\/\",\"name\":\"Ana Gonz\\u00e1lez\"},{\"@type\":\"WebPage\",\"@id\":\"https:\\\/\\\/dudasytextos.com\\\/pregunta-por-que\\\/porque-se-me-seca-la-boca-cuando-duermo\\\/#webpage\",\"url\":\"https:\\\/\\\/dudasytextos.com\\\/pregunta-por-que\\\/porque-se-me-seca-la-boca-cuando-duermo\\\/\",\"name\":\"Porque se me seca la boca cuando duermo (2026) \\u00bfPor Qu\\u00e9?\",\"description\":\"Por qu\\u00e9 se me seca la boca cuando duermo Descubre las causas y soluciones para este problema nocturno Curiosidades e informaci\\u00f3n interesante La sequedad bucal es un problema com\\u00fan que afecta al 30% de la poblaci\\u00f3n La saliva tiene la funci\\u00f3n de mantener la boca h\\u00fameda, neutralizar \\u00e1cidos y prevenir infecciones La disminuci\\u00f3n de la\",\"inLanguage\":\"es-ES\",\"isPartOf\":{\"@id\":\"https:\\\/\\\/dudasytextos.com\\\/pregunta-por-que\\\/#website\"},\"breadcrumb\":{\"@id\":\"https:\\\/\\\/dudasytextos.com\\\/pregunta-por-que\\\/porque-se-me-seca-la-boca-cuando-duermo\\\/#breadcrumblist\"},\"author\":{\"@id\":\"https:\\\/\\\/dudasytextos.com\\\/pregunta-por-que\\\/author\\\/admin23\\\/#author\"},\"creator\":{\"@id\":\"https:\\\/\\\/dudasytextos.com\\\/pregunta-por-que\\\/author\\\/admin23\\\/#author\"},\"datePublished\":\"2025-03-01T12:36:47+00:00\",\"dateModified\":\"2025-03-12T14:45:01+00:00\"},{\"@type\":\"WebSite\",\"@id\":\"https:\\\/\\\/dudasytextos.com\\\/pregunta-por-que\\\/#website\",\"url\":\"https:\\\/\\\/dudasytextos.com\\\/pregunta-por-que\\\/\",\"name\":\"Recipes\",\"description\":\"\\u00bfPor Qu\\u00e9?\",\"inLanguage\":\"es-ES\",\"publisher\":{\"@id\":\"https:\\\/\\\/dudasytextos.com\\\/pregunta-por-que\\\/#organization\"}}]}\n\t\t<\/script>\n\t\t<!-- All in One SEO -->\n\n","aioseo_head_json":{"title":"Porque se me seca la boca cuando duermo (2026) \u00bfPor Qu\u00e9?","description":"Por qu\u00e9 se me seca la boca cuando duermo Descubre las causas y soluciones para este problema nocturno Curiosidades e informaci\u00f3n interesante La sequedad bucal es un problema com\u00fan que afecta al 30% de la poblaci\u00f3n La saliva tiene la funci\u00f3n de mantener la boca h\u00fameda, neutralizar \u00e1cidos y prevenir infecciones La disminuci\u00f3n de la","canonical_url":"https:\/\/dudasytextos.com\/pregunta-por-que\/porque-se-me-seca-la-boca-cuando-duermo\/","robots":"max-snippet:-1, max-image-preview:large, max-video-preview:-1","keywords":"","webmasterTools":{"miscellaneous":"&lt;!-- Google tag (gtag.js) --&gt;\n&lt;script async src=\"https:\/\/www.googletagmanager.com\/gtag\/js?id=G-TTVH4WWKS1\"&gt;&lt;\/script&gt;\n&lt;script&gt;\n  window.dataLayer = window.dataLayer || [];\n  function gtag(){dataLayer.push(arguments);}\n  gtag('js', new Date());\n\n  gtag('config', 'G-TTVH4WWKS1');\n&lt;\/script&gt;\n&lt;script async src=\"https:\/\/pagead2.googlesyndication.com\/pagead\/js\/adsbygoogle.js?client=ca-pub-3987500858204711\"\n     crossorigin=\"anonymous\"&gt;&lt;\/script&gt;"},"schema":{"@context":"https:\/\/schema.org","@graph":[{"@type":"BlogPosting","@id":"https:\/\/dudasytextos.com\/pregunta-por-que\/porque-se-me-seca-la-boca-cuando-duermo\/#blogposting","name":"Porque se me seca la boca cuando duermo (2026) \u00bfPor Qu\u00e9?","headline":"Porque se me seca la boca cuando duermo","author":{"@id":"https:\/\/dudasytextos.com\/pregunta-por-que\/author\/admin23\/#author"},"publisher":{"@id":"https:\/\/dudasytextos.com\/pregunta-por-que\/#organization"},"datePublished":"2025-03-01T12:36:47+00:00","dateModified":"2025-03-12T14:45:01+00:00","inLanguage":"es-ES","mainEntityOfPage":{"@id":"https:\/\/dudasytextos.com\/pregunta-por-que\/porque-se-me-seca-la-boca-cuando-duermo\/#webpage"},"isPartOf":{"@id":"https:\/\/dudasytextos.com\/pregunta-por-que\/porque-se-me-seca-la-boca-cuando-duermo\/#webpage"},"articleSection":"Boca, \u00bfPor qu\u00e9?"},{"@type":"BreadcrumbList","@id":"https:\/\/dudasytextos.com\/pregunta-por-que\/porque-se-me-seca-la-boca-cuando-duermo\/#breadcrumblist","itemListElement":[{"@type":"ListItem","@id":"https:\/\/dudasytextos.com\/pregunta-por-que#listItem","position":1,"name":"Home","item":"https:\/\/dudasytextos.com\/pregunta-por-que","nextItem":{"@type":"ListItem","@id":"https:\/\/dudasytextos.com\/pregunta-por-que\/category\/por-que\/#listItem","name":"\u00bfPor qu\u00e9?"}},{"@type":"ListItem","@id":"https:\/\/dudasytextos.com\/pregunta-por-que\/category\/por-que\/#listItem","position":2,"name":"\u00bfPor qu\u00e9?","item":"https:\/\/dudasytextos.com\/pregunta-por-que\/category\/por-que\/","nextItem":{"@type":"ListItem","@id":"https:\/\/dudasytextos.com\/pregunta-por-que\/porque-se-me-seca-la-boca-cuando-duermo\/#listItem","name":"Porque se me seca la boca cuando duermo"},"previousItem":{"@type":"ListItem","@id":"https:\/\/dudasytextos.com\/pregunta-por-que#listItem","name":"Home"}},{"@type":"ListItem","@id":"https:\/\/dudasytextos.com\/pregunta-por-que\/porque-se-me-seca-la-boca-cuando-duermo\/#listItem","position":3,"name":"Porque se me seca la boca cuando duermo","previousItem":{"@type":"ListItem","@id":"https:\/\/dudasytextos.com\/pregunta-por-que\/category\/por-que\/#listItem","name":"\u00bfPor qu\u00e9?"}}]},{"@type":"Organization","@id":"https:\/\/dudasytextos.com\/pregunta-por-que\/#organization","name":"Recipes","description":"\u00bfPor Qu\u00e9?","url":"https:\/\/dudasytextos.com\/pregunta-por-que\/"},{"@type":"Person","@id":"https:\/\/dudasytextos.com\/pregunta-por-que\/author\/admin23\/#author","url":"https:\/\/dudasytextos.com\/pregunta-por-que\/author\/admin23\/","name":"Ana Gonz\u00e1lez"},{"@type":"WebPage","@id":"https:\/\/dudasytextos.com\/pregunta-por-que\/porque-se-me-seca-la-boca-cuando-duermo\/#webpage","url":"https:\/\/dudasytextos.com\/pregunta-por-que\/porque-se-me-seca-la-boca-cuando-duermo\/","name":"Porque se me seca la boca cuando duermo (2026) \u00bfPor Qu\u00e9?","description":"Por qu\u00e9 se me seca la boca cuando duermo Descubre las causas y soluciones para este problema nocturno Curiosidades e informaci\u00f3n interesante La sequedad bucal es un problema com\u00fan que afecta al 30% de la poblaci\u00f3n La saliva tiene la funci\u00f3n de mantener la boca h\u00fameda, neutralizar \u00e1cidos y prevenir infecciones La disminuci\u00f3n de la","inLanguage":"es-ES","isPartOf":{"@id":"https:\/\/dudasytextos.com\/pregunta-por-que\/#website"},"breadcrumb":{"@id":"https:\/\/dudasytextos.com\/pregunta-por-que\/porque-se-me-seca-la-boca-cuando-duermo\/#breadcrumblist"},"author":{"@id":"https:\/\/dudasytextos.com\/pregunta-por-que\/author\/admin23\/#author"},"creator":{"@id":"https:\/\/dudasytextos.com\/pregunta-por-que\/author\/admin23\/#author"},"datePublished":"2025-03-01T12:36:47+00:00","dateModified":"2025-03-12T14:45:01+00:00"},{"@type":"WebSite","@id":"https:\/\/dudasytextos.com\/pregunta-por-que\/#website","url":"https:\/\/dudasytextos.com\/pregunta-por-que\/","name":"Recipes","description":"\u00bfPor Qu\u00e9?","inLanguage":"es-ES","publisher":{"@id":"https:\/\/dudasytextos.com\/pregunta-por-que\/#organization"}}]},"og:locale":"es_ES","og:site_name":"\u00bfPor Qu\u00e9? - \u00bfPor Qu\u00e9?","og:type":"article","og:title":"Porque se me seca la boca cuando duermo (2026) \u00bfPor Qu\u00e9?","og:description":"Por qu\u00e9 se me seca la boca cuando duermo Descubre las causas y soluciones para este problema nocturno Curiosidades e informaci\u00f3n interesante La sequedad bucal es un problema com\u00fan que afecta al 30% de la poblaci\u00f3n La saliva tiene la funci\u00f3n de mantener la boca h\u00fameda, neutralizar \u00e1cidos y prevenir infecciones La disminuci\u00f3n de la","og:url":"https:\/\/dudasytextos.com\/pregunta-por-que\/porque-se-me-seca-la-boca-cuando-duermo\/","article:published_time":"2025-03-01T12:36:47+00:00","article:modified_time":"2025-03-12T14:45:01+00:00","twitter:card":"summary_large_image","twitter:title":"Porque se me seca la boca cuando duermo (2026) \u00bfPor Qu\u00e9?","twitter:description":"Por qu\u00e9 se me seca la boca cuando duermo Descubre las causas y soluciones para este problema nocturno Curiosidades e informaci\u00f3n interesante La sequedad bucal es un problema com\u00fan que afecta al 30% de la poblaci\u00f3n La saliva tiene la funci\u00f3n de mantener la boca h\u00fameda, neutralizar \u00e1cidos y prevenir infecciones La disminuci\u00f3n de la"},"aioseo_meta_data":{"post_id":"128678","title":null,"description":null,"keywords":null,"keyphrases":null,"primary_term":null,"canonical_url":null,"og_title":null,"og_description":null,"og_object_type":"default","og_image_type":"default","og_image_url":null,"og_image_width":null,"og_image_height":null,"og_image_custom_url":null,"og_image_custom_fields":null,"og_video":null,"og_custom_url":null,"og_article_section":null,"og_article_tags":null,"twitter_use_og":false,"twitter_card":"default","twitter_image_type":"default","twitter_image_url":null,"twitter_image_custom_url":null,"twitter_image_custom_fields":null,"twitter_title":null,"twitter_description":null,"schema":{"blockGraphs":[],"customGraphs":[],"default":{"data":{"Article":[],"Course":[],"Dataset":[],"FAQPage":[],"Movie":[],"Person":[],"Product":[],"ProductReview":[],"Car":[],"Recipe":[],"Service":[],"SoftwareApplication":[],"WebPage":[]},"graphName":"","isEnabled":true},"graphs":[]},"schema_type":"default","schema_type_options":null,"pillar_content":false,"robots_default":true,"robots_noindex":false,"robots_noarchive":false,"robots_nosnippet":false,"robots_nofollow":false,"robots_noimageindex":false,"robots_noodp":false,"robots_notranslate":false,"robots_max_snippet":null,"robots_max_videopreview":null,"robots_max_imagepreview":"large","priority":null,"frequency":null,"local_seo":null,"breadcrumb_settings":null,"limit_modified_date":false,"ai":null,"created":"2023-04-29 03:50:25","updated":"2025-06-04 08:08:10","seo_analyzer_scan_date":null,"focus_keyword":null,"additional_keywords":null,"truseo_locale":null},"aioseo_breadcrumb":"<div class=\"aioseo-breadcrumbs\"><span class=\"aioseo-breadcrumb\">\n\t\t\t<a href=\"https:\/\/dudasytextos.com\/pregunta-por-que\" title=\"Home\">Home<\/a>\n\t\t<\/span><span class=\"aioseo-breadcrumb-separator\">&raquo;<\/span><span class=\"aioseo-breadcrumb\">\n\t\t\t<a href=\"https:\/\/dudasytextos.com\/pregunta-por-que\/category\/por-que\/\" title=\"\u00bfPor qu\u00e9?\">\u00bfPor qu\u00e9?<\/a>\n\t\t<\/span><span class=\"aioseo-breadcrumb-separator\">&raquo;<\/span><span class=\"aioseo-breadcrumb\">\n\t\t\tPorque se me seca la boca cuando duermo\n\t\t<\/span><\/div>","aioseo_breadcrumb_json":[{"label":"Home","link":"https:\/\/dudasytextos.com\/pregunta-por-que"},{"label":"\u00bfPor qu\u00e9?","link":"https:\/\/dudasytextos.com\/pregunta-por-que\/category\/por-que\/"},{"label":"Porque se me seca la boca cuando duermo","link":"https:\/\/dudasytextos.com\/pregunta-por-que\/porque-se-me-seca-la-boca-cuando-duermo\/"}],"_links":{"self":[{"href":"https:\/\/dudasytextos.com\/pregunta-por-que\/wp-json\/wp\/v2\/posts\/128678","targetHints":{"allow":["GET"]}}],"collection":[{"href":"https:\/\/dudasytextos.com\/pregunta-por-que\/wp-json\/wp\/v2\/posts"}],"about":[{"href":"https:\/\/dudasytextos.com\/pregunta-por-que\/wp-json\/wp\/v2\/types\/post"}],"author":[{"embeddable":true,"href":"https:\/\/dudasytextos.com\/pregunta-por-que\/wp-json\/wp\/v2\/users\/1"}],"replies":[{"embeddable":true,"href":"https:\/\/dudasytextos.com\/pregunta-por-que\/wp-json\/wp\/v2\/comments?post=128678"}],"version-history":[{"count":1,"href":"https:\/\/dudasytextos.com\/pregunta-por-que\/wp-json\/wp\/v2\/posts\/128678\/revisions"}],"predecessor-version":[{"id":132264,"href":"https:\/\/dudasytextos.com\/pregunta-por-que\/wp-json\/wp\/v2\/posts\/128678\/revisions\/132264"}],"wp:attachment":[{"href":"https:\/\/dudasytextos.com\/pregunta-por-que\/wp-json\/wp\/v2\/media?parent=128678"}],"wp:term":[{"taxonomy":"category","embeddable":true,"href":"https:\/\/dudasytextos.com\/pregunta-por-que\/wp-json\/wp\/v2\/categories?post=128678"},{"taxonomy":"post_tag","embeddable":true,"href":"https:\/\/dudasytextos.com\/pregunta-por-que\/wp-json\/wp\/v2\/tags?post=128678"}],"curies":[{"name":"wp","href":"https:\/\/api.w.org\/{rel}","templated":true}]}}