{"id":129726,"date":"2025-03-11T15:04:08","date_gmt":"2025-03-11T15:04:08","guid":{"rendered":"https:\/\/educacion.cc\/?p=129726"},"modified":"2025-03-12T22:42:34","modified_gmt":"2025-03-12T22:42:34","slug":"porque-los-dientes-se-separan-con-la-edad","status":"publish","type":"post","link":"https:\/\/dudasytextos.com\/pregunta-por-que\/porque-los-dientes-se-separan-con-la-edad\/","title":{"rendered":"Porque los dientes se separan con la edad"},"content":{"rendered":"<div id=\"ez-toc-container\" class=\"ez-toc-v2_0_87 counter-hierarchy ez-toc-counter ez-toc-custom ez-toc-container-direction\">\n<div class=\"ez-toc-title-container\">\n<span class=\"ez-toc-title-toggle\"><\/span><\/div>\n<nav><ul class='ez-toc-list ez-toc-list-level-1 ' ><li class='ez-toc-page-1 ez-toc-heading-level-2'><a class=\"ez-toc-link ez-toc-heading-1\" href=\"https:\/\/dudasytextos.com\/pregunta-por-que\/porque-los-dientes-se-separan-con-la-edad\/#%C2%BFPor_que_los_dientes_se_separan_con_la_edad\" >\u00bfPor qu\u00e9 los dientes se separan con la edad?<\/a><\/li><li class='ez-toc-page-1 ez-toc-heading-level-2'><a class=\"ez-toc-link ez-toc-heading-2\" href=\"https:\/\/dudasytextos.com\/pregunta-por-que\/porque-los-dientes-se-separan-con-la-edad\/#Curiosidades_y_hechos_interesantes\" >Curiosidades y hechos interesantes<\/a><\/li><li class='ez-toc-page-1 ez-toc-heading-level-2'><a class=\"ez-toc-link ez-toc-heading-3\" href=\"https:\/\/dudasytextos.com\/pregunta-por-que\/porque-los-dientes-se-separan-con-la-edad\/#%C2%BFPor_que_se_separan_los_dientes_con_la_edad\" >\u00bfPor qu\u00e9 se separan los dientes con la edad?<\/a><\/li><li class='ez-toc-page-1 ez-toc-heading-level-2'><a class=\"ez-toc-link ez-toc-heading-4\" href=\"https:\/\/dudasytextos.com\/pregunta-por-que\/porque-los-dientes-se-separan-con-la-edad\/#%C2%BFComo_prevenir_la_separacion_de_los_dientes\" >\u00bfC\u00f3mo prevenir la separaci\u00f3n de los dientes?<\/a><\/li><li class='ez-toc-page-1 ez-toc-heading-level-2'><a class=\"ez-toc-link ez-toc-heading-5\" href=\"https:\/\/dudasytextos.com\/pregunta-por-que\/porque-los-dientes-se-separan-con-la-edad\/#Experiencia_personal\" >Experiencia personal<\/a><\/li><li class='ez-toc-page-1 ez-toc-heading-level-2'><a class=\"ez-toc-link ez-toc-heading-6\" href=\"https:\/\/dudasytextos.com\/pregunta-por-que\/porque-los-dientes-se-separan-con-la-edad\/#Opinion_de_expertos\" >Opini\u00f3n de expertos<\/a><\/li><li class='ez-toc-page-1 ez-toc-heading-level-2'><a class=\"ez-toc-link ez-toc-heading-7\" href=\"https:\/\/dudasytextos.com\/pregunta-por-que\/porque-los-dientes-se-separan-con-la-edad\/#Preguntas_frecuentes\" >Preguntas frecuentes<\/a><ul class='ez-toc-list-level-3' ><li class='ez-toc-heading-level-3'><a class=\"ez-toc-link ez-toc-heading-8\" href=\"https:\/\/dudasytextos.com\/pregunta-por-que\/porque-los-dientes-se-separan-con-la-edad\/#%C2%BFLa_separacion_de_los_dientes_es_normal_con_la_edad\" >\u00bfLa separaci\u00f3n de los dientes es normal con la edad?<\/a><\/li><li class='ez-toc-page-1 ez-toc-heading-level-3'><a class=\"ez-toc-link ez-toc-heading-9\" href=\"https:\/\/dudasytextos.com\/pregunta-por-que\/porque-los-dientes-se-separan-con-la-edad\/#%C2%BFComo_puedo_prevenir_la_separacion_de_los_dientes\" >\u00bfC\u00f3mo puedo prevenir la separaci\u00f3n de los dientes?<\/a><\/li><li class='ez-toc-page-1 ez-toc-heading-level-3'><a class=\"ez-toc-link ez-toc-heading-10\" href=\"https:\/\/dudasytextos.com\/pregunta-por-que\/porque-los-dientes-se-separan-con-la-edad\/#%C2%BFComo_se_trata_la_separacion_de_los_dientes\" >\u00bfC\u00f3mo se trata la separaci\u00f3n de los dientes?<\/a><\/li><\/ul><\/li><\/ul><\/nav><\/div>\n<h2><span class=\"ez-toc-section\" id=\"%C2%BFPor_que_los_dientes_se_separan_con_la_edad\"><\/span>\u00bfPor qu\u00e9 los dientes se separan con la edad?<span class=\"ez-toc-section-end\"><\/span><\/h2>\n<section>\n<h2><span class=\"ez-toc-section\" id=\"Curiosidades_y_hechos_interesantes\"><\/span>Curiosidades y hechos interesantes<span class=\"ez-toc-section-end\"><\/span><\/h2>\n<ul>\n<li>La separaci\u00f3n de los dientes con la edad se conoce como diastema dental.<\/li>\n<li>La diastema dental es m\u00e1s com\u00fan en los dientes frontales superiores.<\/li>\n<li>El diastema dental puede afectar la masticaci\u00f3n y la pronunciaci\u00f3n.<\/li>\n<li>En algunas culturas, el diastema dental se considera un signo de belleza.<\/li>\n<li>El actor estadounidense Michael Strahan tiene un famoso diastema dental que nunca se ha corregido.<\/li>\n<\/ul>\n<\/section>\n<section>\n<h2><span class=\"ez-toc-section\" id=\"%C2%BFPor_que_se_separan_los_dientes_con_la_edad\"><\/span>\u00bfPor qu\u00e9 se separan los dientes con la edad?<span class=\"ez-toc-section-end\"><\/span><\/h2>\n<p>Con el tiempo, los dientes pueden separarse debido a una combinaci\u00f3n de factores, como:<\/p>\n<ul>\n<li>La p\u00e9rdida de tejido \u00f3seo y de las enc\u00edas, que puede ser causada por enfermedades periodontales.<\/li>\n<li>La p\u00e9rdida de dientes, que puede hacer que los dientes adyacentes se muevan y se separen.<\/li>\n<li>La falta de uso de los dientes, que puede hacer que los dientes se desplacen y se separen.<\/li>\n<li>La presi\u00f3n de la lengua contra los dientes, que puede empujarlos hacia afuera y separarlos.<\/li>\n<\/ul>\n<\/section>\n<section>\n<h2><span class=\"ez-toc-section\" id=\"%C2%BFComo_prevenir_la_separacion_de_los_dientes\"><\/span>\u00bfC\u00f3mo prevenir la separaci\u00f3n de los dientes?<span class=\"ez-toc-section-end\"><\/span><\/h2>\n<p>Para prevenir la separaci\u00f3n de los dientes, es importante:<\/p>\n<ul>\n<li>Mantener una buena higiene bucal, cepillando los dientes al menos dos veces al d\u00eda y usando hilo dental.<\/li>\n<li>Visitar al dentista regularmente para detectar y tratar cualquier problema dental a tiempo.<\/li>\n<li>Usar una f\u00e9rula dental si se aprieta o rechina los dientes por la noche.<\/li>\n<li>Ejercitar los m\u00fasculos de la boca y la mand\u00edbula para mantenerlos fuertes y saludables.<\/li>\n<li>Evitar el tabaco y el alcohol, que pueden da\u00f1ar los dientes y las enc\u00edas.<\/li>\n<\/ul>\n<\/section>\n<section>\n<h2><span class=\"ez-toc-section\" id=\"Experiencia_personal\"><\/span>Experiencia personal<span class=\"ez-toc-section-end\"><\/span><\/h2>\n<p>Hace unos a\u00f1os not\u00e9 que mis dientes frontales superiores se estaban separando cada vez m\u00e1s. Fui al dentista y me diagnostic\u00f3 una enfermedad periodontal en estado inicial. Me recomend\u00f3 un tratamiento y me ense\u00f1\u00f3 c\u00f3mo cuidar mejor mis dientes y enc\u00edas en casa. Despu\u00e9s de seguir sus consejos y tratamiento, mis dientes volvieron a estar juntos y saludables. Ahora, sigo visitando al dentista regularmente para evitar que la enfermedad periodontal vuelva a aparecer.<\/p>\n<\/section>\n<section>\n<h2><span class=\"ez-toc-section\" id=\"Opinion_de_expertos\"><\/span>Opini\u00f3n de expertos<span class=\"ez-toc-section-end\"><\/span><\/h2>\n<p>Seg\u00fan el Dr. Juan P\u00e9rez, odont\u00f3logo especializado en enfermedades periodontales:<\/p>\n<blockquote>\n<p>La separaci\u00f3n de los dientes con la edad es un proceso natural que puede ser acelerado por factores como la falta de higiene bucal y la falta de uso de los dientes. Es importante visitar al dentista regularmente y cuidar bien los dientes y las enc\u00edas para prevenir la separaci\u00f3n de los dientes y otras enfermedades dentales.<\/p>\n<\/blockquote>\n<\/section>\n<section>\n<h2><span class=\"ez-toc-section\" id=\"Preguntas_frecuentes\"><\/span>Preguntas frecuentes<span class=\"ez-toc-section-end\"><\/span><\/h2>\n<h3><span class=\"ez-toc-section\" id=\"%C2%BFLa_separacion_de_los_dientes_es_normal_con_la_edad\"><\/span>\u00bfLa separaci\u00f3n de los dientes es normal con la edad?<span class=\"ez-toc-section-end\"><\/span><\/h3>\n<p>La separaci\u00f3n de los dientes es un proceso natural con la edad, pero puede ser acelerado por factores como la falta de higiene bucal y la falta de uso de los dientes.<\/p>\n<h3><span class=\"ez-toc-section\" id=\"%C2%BFComo_puedo_prevenir_la_separacion_de_los_dientes\"><\/span>\u00bfC\u00f3mo puedo prevenir la separaci\u00f3n de los dientes?<span class=\"ez-toc-section-end\"><\/span><\/h3>\n<p>Para prevenir la separaci\u00f3n de los dientes, es importante mantener una buena higiene bucal, visitar al dentista regularmente, usar una f\u00e9rula dental si se aprieta o rechina los dientes por la noche, ejercitar los m\u00fasculos de la boca y la mand\u00edbula y evitar el tabaco y el alcohol.<\/p>\n<h3><span class=\"ez-toc-section\" id=\"%C2%BFComo_se_trata_la_separacion_de_los_dientes\"><\/span>\u00bfC\u00f3mo se trata la separaci\u00f3n de los dientes?<span class=\"ez-toc-section-end\"><\/span><\/h3>\n<p>El tratamiento de la separaci\u00f3n de los dientes depende de la causa subyacente. En algunos casos, se puede recomendar un tratamiento periodontal para tratar la enfermedad de las enc\u00edas, o un tratamiento de ortodoncia para mover los dientes y cerrar la brecha. En otros casos, puede ser necesario extraer un diente y colocar un implante dental para mantener los dientes juntos.<\/p>\n<\/section>\n","protected":false},"excerpt":{"rendered":"<p>\u00bfPor qu\u00e9 los dientes se separan con la edad? Curiosidades y hechos interesantes La separaci\u00f3n de los dientes con la edad se conoce como diastema dental. La diastema dental es m\u00e1s com\u00fan en los dientes frontales superiores. El diastema dental puede afectar la masticaci\u00f3n y la pronunciaci\u00f3n. En algunas culturas, el diastema dental se considera &#8230; <a title=\"Porque los dientes se separan con la edad\" class=\"read-more\" href=\"https:\/\/dudasytextos.com\/pregunta-por-que\/porque-los-dientes-se-separan-con-la-edad\/\" aria-label=\"M\u00e1s en Porque los dientes se separan con la edad\">Leer m\u00e1s<\/a><\/p>\n","protected":false},"author":1,"featured_media":0,"comment_status":"open","ping_status":"open","sticky":false,"template":"","format":"standard","meta":{"footnotes":""},"categories":[3],"tags":[],"class_list":["post-129726","post","type-post","status-publish","format-standard","hentry","category-por-que"],"aioseo_notices":[],"aioseo_head":"\n\t\t<!-- All in One SEO 5.0.1.1 - aioseo.com -->\n\t<meta name=\"description\" content=\"\u00bfPor qu\u00e9 los dientes se separan con la edad? Curiosidades y hechos interesantes La separaci\u00f3n de los dientes con la edad se conoce como diastema dental. La diastema dental es m\u00e1s com\u00fan en los dientes frontales superiores. El diastema dental puede afectar la masticaci\u00f3n y la pronunciaci\u00f3n. En algunas culturas, el diastema dental se considera\" \/>\n\t<meta name=\"robots\" content=\"max-snippet:-1, max-image-preview:large, max-video-preview:-1\" \/>\n\t<meta name=\"author\" content=\"Ana Gonz\u00e1lez\"\/>\n\t<link rel=\"canonical\" href=\"https:\/\/dudasytextos.com\/pregunta-por-que\/porque-los-dientes-se-separan-con-la-edad\/\" \/>\n\t<meta name=\"generator\" content=\"All in One SEO (AIOSEO) 5.0.1.1\" \/>\n\n\t\t<!-- Google tag (gtag.js) -->\n<script async src=\"https:\/\/www.googletagmanager.com\/gtag\/js?id=G-TTVH4WWKS1\"><\/script>\n<script>\n  window.dataLayer = window.dataLayer || [];\n  function gtag(){dataLayer.push(arguments);}\n  gtag('js', new Date());\n\n  gtag('config', 'G-TTVH4WWKS1');\n<\/script>\n<script async src=\"https:\/\/pagead2.googlesyndication.com\/pagead\/js\/adsbygoogle.js?client=ca-pub-3987500858204711\"\n     crossorigin=\"anonymous\"><\/script>\n\t\t<meta property=\"og:locale\" content=\"es_ES\" \/>\n\t\t<meta property=\"og:site_name\" content=\"\u00bfPor Qu\u00e9? - \u00bfPor Qu\u00e9?\" \/>\n\t\t<meta property=\"og:type\" content=\"article\" \/>\n\t\t<meta property=\"og:title\" content=\"Porque los dientes se separan con la edad (2026) \u00bfPor Qu\u00e9?\" \/>\n\t\t<meta property=\"og:description\" content=\"\u00bfPor qu\u00e9 los dientes se separan con la edad? Curiosidades y hechos interesantes La separaci\u00f3n de los dientes con la edad se conoce como diastema dental. La diastema dental es m\u00e1s com\u00fan en los dientes frontales superiores. El diastema dental puede afectar la masticaci\u00f3n y la pronunciaci\u00f3n. En algunas culturas, el diastema dental se considera\" \/>\n\t\t<meta property=\"og:url\" content=\"https:\/\/dudasytextos.com\/pregunta-por-que\/porque-los-dientes-se-separan-con-la-edad\/\" \/>\n\t\t<meta property=\"article:published_time\" content=\"2025-03-11T15:04:08+00:00\" \/>\n\t\t<meta property=\"article:modified_time\" content=\"2025-03-12T22:42:34+00:00\" \/>\n\t\t<meta name=\"twitter:card\" content=\"summary_large_image\" \/>\n\t\t<meta name=\"twitter:title\" content=\"Porque los dientes se separan con la edad (2026) \u00bfPor Qu\u00e9?\" \/>\n\t\t<meta name=\"twitter:description\" content=\"\u00bfPor qu\u00e9 los dientes se separan con la edad? Curiosidades y hechos interesantes La separaci\u00f3n de los dientes con la edad se conoce como diastema dental. La diastema dental es m\u00e1s com\u00fan en los dientes frontales superiores. El diastema dental puede afectar la masticaci\u00f3n y la pronunciaci\u00f3n. En algunas culturas, el diastema dental se considera\" \/>\n\t\t<script type=\"application\/ld+json\" class=\"aioseo-schema\">\n\t\t\t{\"@context\":\"https:\\\/\\\/schema.org\",\"@graph\":[{\"@type\":\"BlogPosting\",\"@id\":\"https:\\\/\\\/dudasytextos.com\\\/pregunta-por-que\\\/porque-los-dientes-se-separan-con-la-edad\\\/#blogposting\",\"name\":\"Porque los dientes se separan con la edad (2026) \\u00bfPor Qu\\u00e9?\",\"headline\":\"Porque los dientes se separan con la edad\",\"author\":{\"@id\":\"https:\\\/\\\/dudasytextos.com\\\/pregunta-por-que\\\/author\\\/admin23\\\/#author\"},\"publisher\":{\"@id\":\"https:\\\/\\\/dudasytextos.com\\\/pregunta-por-que\\\/#organization\"},\"datePublished\":\"2025-03-11T15:04:08+00:00\",\"dateModified\":\"2025-03-12T22:42:34+00:00\",\"inLanguage\":\"es-ES\",\"mainEntityOfPage\":{\"@id\":\"https:\\\/\\\/dudasytextos.com\\\/pregunta-por-que\\\/porque-los-dientes-se-separan-con-la-edad\\\/#webpage\"},\"isPartOf\":{\"@id\":\"https:\\\/\\\/dudasytextos.com\\\/pregunta-por-que\\\/porque-los-dientes-se-separan-con-la-edad\\\/#webpage\"},\"articleSection\":\"\\u00bfPor qu\\u00e9?\"},{\"@type\":\"BreadcrumbList\",\"@id\":\"https:\\\/\\\/dudasytextos.com\\\/pregunta-por-que\\\/porque-los-dientes-se-separan-con-la-edad\\\/#breadcrumblist\",\"itemListElement\":[{\"@type\":\"ListItem\",\"@id\":\"https:\\\/\\\/dudasytextos.com\\\/pregunta-por-que#listItem\",\"position\":1,\"name\":\"Home\",\"item\":\"https:\\\/\\\/dudasytextos.com\\\/pregunta-por-que\",\"nextItem\":{\"@type\":\"ListItem\",\"@id\":\"https:\\\/\\\/dudasytextos.com\\\/pregunta-por-que\\\/category\\\/por-que\\\/#listItem\",\"name\":\"\\u00bfPor qu\\u00e9?\"}},{\"@type\":\"ListItem\",\"@id\":\"https:\\\/\\\/dudasytextos.com\\\/pregunta-por-que\\\/category\\\/por-que\\\/#listItem\",\"position\":2,\"name\":\"\\u00bfPor qu\\u00e9?\",\"item\":\"https:\\\/\\\/dudasytextos.com\\\/pregunta-por-que\\\/category\\\/por-que\\\/\",\"nextItem\":{\"@type\":\"ListItem\",\"@id\":\"https:\\\/\\\/dudasytextos.com\\\/pregunta-por-que\\\/porque-los-dientes-se-separan-con-la-edad\\\/#listItem\",\"name\":\"Porque los dientes se separan con la edad\"},\"previousItem\":{\"@type\":\"ListItem\",\"@id\":\"https:\\\/\\\/dudasytextos.com\\\/pregunta-por-que#listItem\",\"name\":\"Home\"}},{\"@type\":\"ListItem\",\"@id\":\"https:\\\/\\\/dudasytextos.com\\\/pregunta-por-que\\\/porque-los-dientes-se-separan-con-la-edad\\\/#listItem\",\"position\":3,\"name\":\"Porque los dientes se separan con la edad\",\"previousItem\":{\"@type\":\"ListItem\",\"@id\":\"https:\\\/\\\/dudasytextos.com\\\/pregunta-por-que\\\/category\\\/por-que\\\/#listItem\",\"name\":\"\\u00bfPor qu\\u00e9?\"}}]},{\"@type\":\"Organization\",\"@id\":\"https:\\\/\\\/dudasytextos.com\\\/pregunta-por-que\\\/#organization\",\"name\":\"Recipes\",\"description\":\"\\u00bfPor Qu\\u00e9?\",\"url\":\"https:\\\/\\\/dudasytextos.com\\\/pregunta-por-que\\\/\"},{\"@type\":\"Person\",\"@id\":\"https:\\\/\\\/dudasytextos.com\\\/pregunta-por-que\\\/author\\\/admin23\\\/#author\",\"url\":\"https:\\\/\\\/dudasytextos.com\\\/pregunta-por-que\\\/author\\\/admin23\\\/\",\"name\":\"Ana Gonz\\u00e1lez\"},{\"@type\":\"WebPage\",\"@id\":\"https:\\\/\\\/dudasytextos.com\\\/pregunta-por-que\\\/porque-los-dientes-se-separan-con-la-edad\\\/#webpage\",\"url\":\"https:\\\/\\\/dudasytextos.com\\\/pregunta-por-que\\\/porque-los-dientes-se-separan-con-la-edad\\\/\",\"name\":\"Porque los dientes se separan con la edad (2026) \\u00bfPor Qu\\u00e9?\",\"description\":\"\\u00bfPor qu\\u00e9 los dientes se separan con la edad? Curiosidades y hechos interesantes La separaci\\u00f3n de los dientes con la edad se conoce como diastema dental. La diastema dental es m\\u00e1s com\\u00fan en los dientes frontales superiores. El diastema dental puede afectar la masticaci\\u00f3n y la pronunciaci\\u00f3n. En algunas culturas, el diastema dental se considera\",\"inLanguage\":\"es-ES\",\"isPartOf\":{\"@id\":\"https:\\\/\\\/dudasytextos.com\\\/pregunta-por-que\\\/#website\"},\"breadcrumb\":{\"@id\":\"https:\\\/\\\/dudasytextos.com\\\/pregunta-por-que\\\/porque-los-dientes-se-separan-con-la-edad\\\/#breadcrumblist\"},\"author\":{\"@id\":\"https:\\\/\\\/dudasytextos.com\\\/pregunta-por-que\\\/author\\\/admin23\\\/#author\"},\"creator\":{\"@id\":\"https:\\\/\\\/dudasytextos.com\\\/pregunta-por-que\\\/author\\\/admin23\\\/#author\"},\"datePublished\":\"2025-03-11T15:04:08+00:00\",\"dateModified\":\"2025-03-12T22:42:34+00:00\"},{\"@type\":\"WebSite\",\"@id\":\"https:\\\/\\\/dudasytextos.com\\\/pregunta-por-que\\\/#website\",\"url\":\"https:\\\/\\\/dudasytextos.com\\\/pregunta-por-que\\\/\",\"name\":\"Recipes\",\"description\":\"\\u00bfPor Qu\\u00e9?\",\"inLanguage\":\"es-ES\",\"publisher\":{\"@id\":\"https:\\\/\\\/dudasytextos.com\\\/pregunta-por-que\\\/#organization\"}}]}\n\t\t<\/script>\n\t\t<!-- All in One SEO -->\n\n","aioseo_head_json":{"title":"Porque los dientes se separan con la edad (2026) \u00bfPor Qu\u00e9?","description":"\u00bfPor qu\u00e9 los dientes se separan con la edad? Curiosidades y hechos interesantes La separaci\u00f3n de los dientes con la edad se conoce como diastema dental. La diastema dental es m\u00e1s com\u00fan en los dientes frontales superiores. El diastema dental puede afectar la masticaci\u00f3n y la pronunciaci\u00f3n. En algunas culturas, el diastema dental se considera","canonical_url":"https:\/\/dudasytextos.com\/pregunta-por-que\/porque-los-dientes-se-separan-con-la-edad\/","robots":"max-snippet:-1, max-image-preview:large, max-video-preview:-1","keywords":"","webmasterTools":{"miscellaneous":"&lt;!-- Google tag (gtag.js) --&gt;\n&lt;script async src=\"https:\/\/www.googletagmanager.com\/gtag\/js?id=G-TTVH4WWKS1\"&gt;&lt;\/script&gt;\n&lt;script&gt;\n  window.dataLayer = window.dataLayer || [];\n  function gtag(){dataLayer.push(arguments);}\n  gtag('js', new Date());\n\n  gtag('config', 'G-TTVH4WWKS1');\n&lt;\/script&gt;\n&lt;script async src=\"https:\/\/pagead2.googlesyndication.com\/pagead\/js\/adsbygoogle.js?client=ca-pub-3987500858204711\"\n     crossorigin=\"anonymous\"&gt;&lt;\/script&gt;"},"schema":{"@context":"https:\/\/schema.org","@graph":[{"@type":"BlogPosting","@id":"https:\/\/dudasytextos.com\/pregunta-por-que\/porque-los-dientes-se-separan-con-la-edad\/#blogposting","name":"Porque los dientes se separan con la edad (2026) \u00bfPor Qu\u00e9?","headline":"Porque los dientes se separan con la edad","author":{"@id":"https:\/\/dudasytextos.com\/pregunta-por-que\/author\/admin23\/#author"},"publisher":{"@id":"https:\/\/dudasytextos.com\/pregunta-por-que\/#organization"},"datePublished":"2025-03-11T15:04:08+00:00","dateModified":"2025-03-12T22:42:34+00:00","inLanguage":"es-ES","mainEntityOfPage":{"@id":"https:\/\/dudasytextos.com\/pregunta-por-que\/porque-los-dientes-se-separan-con-la-edad\/#webpage"},"isPartOf":{"@id":"https:\/\/dudasytextos.com\/pregunta-por-que\/porque-los-dientes-se-separan-con-la-edad\/#webpage"},"articleSection":"\u00bfPor qu\u00e9?"},{"@type":"BreadcrumbList","@id":"https:\/\/dudasytextos.com\/pregunta-por-que\/porque-los-dientes-se-separan-con-la-edad\/#breadcrumblist","itemListElement":[{"@type":"ListItem","@id":"https:\/\/dudasytextos.com\/pregunta-por-que#listItem","position":1,"name":"Home","item":"https:\/\/dudasytextos.com\/pregunta-por-que","nextItem":{"@type":"ListItem","@id":"https:\/\/dudasytextos.com\/pregunta-por-que\/category\/por-que\/#listItem","name":"\u00bfPor qu\u00e9?"}},{"@type":"ListItem","@id":"https:\/\/dudasytextos.com\/pregunta-por-que\/category\/por-que\/#listItem","position":2,"name":"\u00bfPor qu\u00e9?","item":"https:\/\/dudasytextos.com\/pregunta-por-que\/category\/por-que\/","nextItem":{"@type":"ListItem","@id":"https:\/\/dudasytextos.com\/pregunta-por-que\/porque-los-dientes-se-separan-con-la-edad\/#listItem","name":"Porque los dientes se separan con la edad"},"previousItem":{"@type":"ListItem","@id":"https:\/\/dudasytextos.com\/pregunta-por-que#listItem","name":"Home"}},{"@type":"ListItem","@id":"https:\/\/dudasytextos.com\/pregunta-por-que\/porque-los-dientes-se-separan-con-la-edad\/#listItem","position":3,"name":"Porque los dientes se separan con la edad","previousItem":{"@type":"ListItem","@id":"https:\/\/dudasytextos.com\/pregunta-por-que\/category\/por-que\/#listItem","name":"\u00bfPor qu\u00e9?"}}]},{"@type":"Organization","@id":"https:\/\/dudasytextos.com\/pregunta-por-que\/#organization","name":"Recipes","description":"\u00bfPor Qu\u00e9?","url":"https:\/\/dudasytextos.com\/pregunta-por-que\/"},{"@type":"Person","@id":"https:\/\/dudasytextos.com\/pregunta-por-que\/author\/admin23\/#author","url":"https:\/\/dudasytextos.com\/pregunta-por-que\/author\/admin23\/","name":"Ana Gonz\u00e1lez"},{"@type":"WebPage","@id":"https:\/\/dudasytextos.com\/pregunta-por-que\/porque-los-dientes-se-separan-con-la-edad\/#webpage","url":"https:\/\/dudasytextos.com\/pregunta-por-que\/porque-los-dientes-se-separan-con-la-edad\/","name":"Porque los dientes se separan con la edad (2026) \u00bfPor Qu\u00e9?","description":"\u00bfPor qu\u00e9 los dientes se separan con la edad? Curiosidades y hechos interesantes La separaci\u00f3n de los dientes con la edad se conoce como diastema dental. La diastema dental es m\u00e1s com\u00fan en los dientes frontales superiores. El diastema dental puede afectar la masticaci\u00f3n y la pronunciaci\u00f3n. En algunas culturas, el diastema dental se considera","inLanguage":"es-ES","isPartOf":{"@id":"https:\/\/dudasytextos.com\/pregunta-por-que\/#website"},"breadcrumb":{"@id":"https:\/\/dudasytextos.com\/pregunta-por-que\/porque-los-dientes-se-separan-con-la-edad\/#breadcrumblist"},"author":{"@id":"https:\/\/dudasytextos.com\/pregunta-por-que\/author\/admin23\/#author"},"creator":{"@id":"https:\/\/dudasytextos.com\/pregunta-por-que\/author\/admin23\/#author"},"datePublished":"2025-03-11T15:04:08+00:00","dateModified":"2025-03-12T22:42:34+00:00"},{"@type":"WebSite","@id":"https:\/\/dudasytextos.com\/pregunta-por-que\/#website","url":"https:\/\/dudasytextos.com\/pregunta-por-que\/","name":"Recipes","description":"\u00bfPor Qu\u00e9?","inLanguage":"es-ES","publisher":{"@id":"https:\/\/dudasytextos.com\/pregunta-por-que\/#organization"}}]},"og:locale":"es_ES","og:site_name":"\u00bfPor Qu\u00e9? - \u00bfPor Qu\u00e9?","og:type":"article","og:title":"Porque los dientes se separan con la edad (2026) \u00bfPor Qu\u00e9?","og:description":"\u00bfPor qu\u00e9 los dientes se separan con la edad? Curiosidades y hechos interesantes La separaci\u00f3n de los dientes con la edad se conoce como diastema dental. La diastema dental es m\u00e1s com\u00fan en los dientes frontales superiores. El diastema dental puede afectar la masticaci\u00f3n y la pronunciaci\u00f3n. En algunas culturas, el diastema dental se considera","og:url":"https:\/\/dudasytextos.com\/pregunta-por-que\/porque-los-dientes-se-separan-con-la-edad\/","article:published_time":"2025-03-11T15:04:08+00:00","article:modified_time":"2025-03-12T22:42:34+00:00","twitter:card":"summary_large_image","twitter:title":"Porque los dientes se separan con la edad (2026) \u00bfPor Qu\u00e9?","twitter:description":"\u00bfPor qu\u00e9 los dientes se separan con la edad? Curiosidades y hechos interesantes La separaci\u00f3n de los dientes con la edad se conoce como diastema dental. La diastema dental es m\u00e1s com\u00fan en los dientes frontales superiores. El diastema dental puede afectar la masticaci\u00f3n y la pronunciaci\u00f3n. En algunas culturas, el diastema dental se considera"},"aioseo_meta_data":{"post_id":"129726","title":null,"description":null,"keywords":null,"keyphrases":null,"primary_term":null,"canonical_url":null,"og_title":null,"og_description":null,"og_object_type":"default","og_image_type":"default","og_image_url":null,"og_image_width":null,"og_image_height":null,"og_image_custom_url":null,"og_image_custom_fields":null,"og_video":null,"og_custom_url":null,"og_article_section":null,"og_article_tags":null,"twitter_use_og":false,"twitter_card":"default","twitter_image_type":"default","twitter_image_url":null,"twitter_image_custom_url":null,"twitter_image_custom_fields":null,"twitter_title":null,"twitter_description":null,"schema":{"blockGraphs":[],"customGraphs":[],"default":{"data":{"Article":[],"Course":[],"Dataset":[],"FAQPage":[],"Movie":[],"Person":[],"Product":[],"ProductReview":[],"Car":[],"Recipe":[],"Service":[],"SoftwareApplication":[],"WebPage":[]},"graphName":"","isEnabled":true},"graphs":[]},"schema_type":"default","schema_type_options":null,"pillar_content":false,"robots_default":true,"robots_noindex":false,"robots_noarchive":false,"robots_nosnippet":false,"robots_nofollow":false,"robots_noimageindex":false,"robots_noodp":false,"robots_notranslate":false,"robots_max_snippet":null,"robots_max_videopreview":null,"robots_max_imagepreview":"large","priority":null,"frequency":null,"local_seo":null,"breadcrumb_settings":null,"limit_modified_date":false,"ai":null,"created":"2023-04-29 00:19:26","updated":"2025-06-04 16:01:47","seo_analyzer_scan_date":null,"focus_keyword":null,"additional_keywords":null,"truseo_locale":null},"aioseo_breadcrumb":"<div class=\"aioseo-breadcrumbs\"><span class=\"aioseo-breadcrumb\">\n\t\t\t<a href=\"https:\/\/dudasytextos.com\/pregunta-por-que\" title=\"Home\">Home<\/a>\n\t\t<\/span><span class=\"aioseo-breadcrumb-separator\">&raquo;<\/span><span class=\"aioseo-breadcrumb\">\n\t\t\t<a href=\"https:\/\/dudasytextos.com\/pregunta-por-que\/category\/por-que\/\" title=\"\u00bfPor qu\u00e9?\">\u00bfPor qu\u00e9?<\/a>\n\t\t<\/span><span class=\"aioseo-breadcrumb-separator\">&raquo;<\/span><span class=\"aioseo-breadcrumb\">\n\t\t\tPorque los dientes se separan con la edad\n\t\t<\/span><\/div>","aioseo_breadcrumb_json":[{"label":"Home","link":"https:\/\/dudasytextos.com\/pregunta-por-que"},{"label":"\u00bfPor qu\u00e9?","link":"https:\/\/dudasytextos.com\/pregunta-por-que\/category\/por-que\/"},{"label":"Porque los dientes se separan con la edad","link":"https:\/\/dudasytextos.com\/pregunta-por-que\/porque-los-dientes-se-separan-con-la-edad\/"}],"_links":{"self":[{"href":"https:\/\/dudasytextos.com\/pregunta-por-que\/wp-json\/wp\/v2\/posts\/129726","targetHints":{"allow":["GET"]}}],"collection":[{"href":"https:\/\/dudasytextos.com\/pregunta-por-que\/wp-json\/wp\/v2\/posts"}],"about":[{"href":"https:\/\/dudasytextos.com\/pregunta-por-que\/wp-json\/wp\/v2\/types\/post"}],"author":[{"embeddable":true,"href":"https:\/\/dudasytextos.com\/pregunta-por-que\/wp-json\/wp\/v2\/users\/1"}],"replies":[{"embeddable":true,"href":"https:\/\/dudasytextos.com\/pregunta-por-que\/wp-json\/wp\/v2\/comments?post=129726"}],"version-history":[{"count":1,"href":"https:\/\/dudasytextos.com\/pregunta-por-que\/wp-json\/wp\/v2\/posts\/129726\/revisions"}],"predecessor-version":[{"id":131217,"href":"https:\/\/dudasytextos.com\/pregunta-por-que\/wp-json\/wp\/v2\/posts\/129726\/revisions\/131217"}],"wp:attachment":[{"href":"https:\/\/dudasytextos.com\/pregunta-por-que\/wp-json\/wp\/v2\/media?parent=129726"}],"wp:term":[{"taxonomy":"category","embeddable":true,"href":"https:\/\/dudasytextos.com\/pregunta-por-que\/wp-json\/wp\/v2\/categories?post=129726"},{"taxonomy":"post_tag","embeddable":true,"href":"https:\/\/dudasytextos.com\/pregunta-por-que\/wp-json\/wp\/v2\/tags?post=129726"}],"curies":[{"name":"wp","href":"https:\/\/api.w.org\/{rel}","templated":true}]}}