{"id":129920,"date":"2025-03-11T06:42:17","date_gmt":"2025-03-11T06:42:17","guid":{"rendered":"https:\/\/educacion.cc\/?p=129920"},"modified":"2025-03-12T17:46:23","modified_gmt":"2025-03-12T17:46:23","slug":"porque-se-tiene-mal-sabor-de-boca","status":"publish","type":"post","link":"https:\/\/dudasytextos.com\/pregunta-por-que\/porque-se-tiene-mal-sabor-de-boca\/","title":{"rendered":"Porque se tiene mal sabor de boca"},"content":{"rendered":"<div id=\"ez-toc-container\" class=\"ez-toc-v2_0_87 counter-hierarchy ez-toc-counter ez-toc-custom ez-toc-container-direction\">\n<div class=\"ez-toc-title-container\">\n<span class=\"ez-toc-title-toggle\"><\/span><\/div>\n<nav><ul class='ez-toc-list ez-toc-list-level-1 ' ><li class='ez-toc-page-1 ez-toc-heading-level-2'><a class=\"ez-toc-link ez-toc-heading-1\" href=\"https:\/\/dudasytextos.com\/pregunta-por-que\/porque-se-tiene-mal-sabor-de-boca\/#Por_que_se_tiene_mal_sabor_de_boca\" >Por qu\u00e9 se tiene mal sabor de boca<\/a><\/li><li class='ez-toc-page-1 ez-toc-heading-level-2'><a class=\"ez-toc-link ez-toc-heading-2\" href=\"https:\/\/dudasytextos.com\/pregunta-por-que\/porque-se-tiene-mal-sabor-de-boca\/#Curiosidades_sobre_el_mal_sabor_de_boca\" >Curiosidades sobre el mal sabor de boca<\/a><\/li><li class='ez-toc-page-1 ez-toc-heading-level-2'><a class=\"ez-toc-link ez-toc-heading-3\" href=\"https:\/\/dudasytextos.com\/pregunta-por-que\/porque-se-tiene-mal-sabor-de-boca\/#%C2%BFPor_que_se_tiene_mal_sabor_de_boca\" >\u00bfPor qu\u00e9 se tiene mal sabor de boca?<\/a><\/li><li class='ez-toc-page-1 ez-toc-heading-level-2'><a class=\"ez-toc-link ez-toc-heading-4\" href=\"https:\/\/dudasytextos.com\/pregunta-por-que\/porque-se-tiene-mal-sabor-de-boca\/#Mi_experiencia_personal_con_el_mal_sabor_de_boca\" >Mi experiencia personal con el mal sabor de boca<\/a><\/li><li class='ez-toc-page-1 ez-toc-heading-level-2'><a class=\"ez-toc-link ez-toc-heading-5\" href=\"https:\/\/dudasytextos.com\/pregunta-por-que\/porque-se-tiene-mal-sabor-de-boca\/#%C2%BFComo_puedo_prevenir_el_mal_sabor_de_boca\" >\u00bfC\u00f3mo puedo prevenir el mal sabor de boca?<\/a><\/li><li class='ez-toc-page-1 ez-toc-heading-level-2'><a class=\"ez-toc-link ez-toc-heading-6\" href=\"https:\/\/dudasytextos.com\/pregunta-por-que\/porque-se-tiene-mal-sabor-de-boca\/#Preguntas_frecuentes\" >Preguntas frecuentes<\/a><ul class='ez-toc-list-level-3' ><li class='ez-toc-heading-level-3'><a class=\"ez-toc-link ez-toc-heading-7\" href=\"https:\/\/dudasytextos.com\/pregunta-por-que\/porque-se-tiene-mal-sabor-de-boca\/#%C2%BFEl_mal_sabor_de_boca_es_peligroso\" >\u00bfEl mal sabor de boca es peligroso?<\/a><\/li><li class='ez-toc-page-1 ez-toc-heading-level-3'><a class=\"ez-toc-link ez-toc-heading-8\" href=\"https:\/\/dudasytextos.com\/pregunta-por-que\/porque-se-tiene-mal-sabor-de-boca\/#%C2%BFComo_se_trata_el_mal_sabor_de_boca\" >\u00bfC\u00f3mo se trata el mal sabor de boca?<\/a><\/li><li class='ez-toc-page-1 ez-toc-heading-level-3'><a class=\"ez-toc-link ez-toc-heading-9\" href=\"https:\/\/dudasytextos.com\/pregunta-por-que\/porque-se-tiene-mal-sabor-de-boca\/#%C2%BFEl_mal_sabor_de_boca_afecta_la_calidad_de_vida\" >\u00bfEl mal sabor de boca afecta la calidad de vida?<\/a><\/li><\/ul><\/li><\/ul><\/nav><\/div>\n<h2><span class=\"ez-toc-section\" id=\"Por_que_se_tiene_mal_sabor_de_boca\"><\/span>Por qu\u00e9 se tiene mal sabor de boca<span class=\"ez-toc-section-end\"><\/span><\/h2>\n<section>\n<h2><span class=\"ez-toc-section\" id=\"Curiosidades_sobre_el_mal_sabor_de_boca\"><\/span>Curiosidades sobre el mal sabor de boca<span class=\"ez-toc-section-end\"><\/span><\/h2>\n<ul>\n<li>El mal sabor de boca es una sensaci\u00f3n desagradable que puede ser causada por diversos factores.<\/li>\n<li>El sabor amargo es uno de los sabores m\u00e1s comunes cuando se tiene mal sabor de boca.<\/li>\n<li>El mal sabor de boca puede ser un s\u00edntoma de alguna enfermedad o trastorno de salud.<\/li>\n<li>La mayor\u00eda de las personas experimentan mal sabor de boca en alg\u00fan momento de sus vidas.<\/li>\n<\/ul>\n<\/section>\n<section>\n<h2><span class=\"ez-toc-section\" id=\"%C2%BFPor_que_se_tiene_mal_sabor_de_boca\"><\/span>\u00bfPor qu\u00e9 se tiene mal sabor de boca?<span class=\"ez-toc-section-end\"><\/span><\/h2>\n<p>A veces, el mal sabor de boca es simplemente una cuesti\u00f3n de higiene bucal. Si no te cepillas los dientes y no usas hilo dental regularmente, es probable que tengas mal sabor de boca. Pero hay muchas otras razones por las que puedes tener mal sabor de boca. Aqu\u00ed te presento algunas:<\/p>\n<ul>\n<li>Reflujo \u00e1cido: cuando el \u00e1cido del est\u00f3mago regresa al es\u00f3fago, puede causar mal sabor de boca.<\/li>\n<li>Infecciones en la boca: las infecciones bacterianas y f\u00fangicas pueden causar mal sabor de boca.<\/li>\n<li>Medicamentos: algunos medicamentos pueden causar mal sabor de boca como efecto secundario.<\/li>\n<li>Trastornos del gusto: algunos trastornos pueden afectar el sentido del gusto y causar mal sabor de boca.<\/li>\n<li>Enfermedades sist\u00e9micas: algunas enfermedades como la diabetes o las enfermedades del <a href=\"https:\/\/dudasytextos.com\/pregunta-por-que\/porque-la-plata-se-pone-negra-cuando-estas-mal-del-higado\/\">h\u00edgado<\/a> pueden causar mal sabor de boca.<\/li>\n<li>Tabaquismo: fumar puede causar mal sabor de boca.<\/li>\n<\/ul>\n<\/section>\n<section>\n<h2><span class=\"ez-toc-section\" id=\"Mi_experiencia_personal_con_el_mal_sabor_de_boca\"><\/span>Mi experiencia personal con el mal sabor de boca<span class=\"ez-toc-section-end\"><\/span><\/h2>\n<p>Recuerdo una \u00e9poca en la que ten\u00eda mal sabor de boca todo el tiempo. Prob\u00e9 varias cosas para solucionarlo, como enjuagues bucales y pastillas para el aliento fresco, pero nada parec\u00eda funcionar. Finalmente, fui al dentista y descubr\u00ed que ten\u00eda una infecci\u00f3n dental. Despu\u00e9s de tratarla, mi mal sabor de boca desapareci\u00f3.<\/p>\n<\/section>\n<section>\n<h2><span class=\"ez-toc-section\" id=\"%C2%BFComo_puedo_prevenir_el_mal_sabor_de_boca\"><\/span>\u00bfC\u00f3mo puedo prevenir el mal sabor de boca?<span class=\"ez-toc-section-end\"><\/span><\/h2>\n<p>Para prevenir el mal sabor de boca, es importante mantener una buena higiene bucal. Esto significa cepillarse los dientes dos veces al d\u00eda, usar hilo dental diariamente y visitar al dentista regularmente para chequeos y limpiezas. Tambi\u00e9n es importante evitar alimentos y bebidas que puedan causar mal sabor de boca, como el tabaco, el alcohol y los alimentos picantes o grasos.<\/p>\n<\/section>\n<section>\n<h2><span class=\"ez-toc-section\" id=\"Preguntas_frecuentes\"><\/span>Preguntas frecuentes<span class=\"ez-toc-section-end\"><\/span><\/h2>\n<h3><span class=\"ez-toc-section\" id=\"%C2%BFEl_mal_sabor_de_boca_es_peligroso\"><\/span>\u00bfEl mal sabor de boca es peligroso?<span class=\"ez-toc-section-end\"><\/span><\/h3>\n<p>No necesariamente. A veces, el mal sabor de boca es simplemente una cuesti\u00f3n de higiene bucal. Pero si tienes mal sabor de boca persistente o si va acompa\u00f1ado de otros s\u00edntomas, como dolor de cabeza o mareo, es posible que debas consultar a un m\u00e9dico o dentista.<\/p>\n<h3><span class=\"ez-toc-section\" id=\"%C2%BFComo_se_trata_el_mal_sabor_de_boca\"><\/span>\u00bfC\u00f3mo se trata el mal sabor de boca?<span class=\"ez-toc-section-end\"><\/span><\/h3>\n<p>El tratamiento del mal sabor de boca depende de la causa subyacente. Si se debe a una infecci\u00f3n dental, es posible que necesites un tratamiento dental. Si se debe a una enfermedad subyacente, es posible que necesites tratamiento m\u00e9dico para esa enfermedad.<\/p>\n<h3><span class=\"ez-toc-section\" id=\"%C2%BFEl_mal_sabor_de_boca_afecta_la_calidad_de_vida\"><\/span>\u00bfEl mal sabor de boca afecta la calidad de vida?<span class=\"ez-toc-section-end\"><\/span><\/h3>\n<p>S\u00ed, el mal sabor de boca puede ser muy frustrante y afectar la calidad de vida. Puede hacer que sea dif\u00edcil comer y beber, y puede afectar tu capacidad para socializar. Si tienes mal sabor de boca persistente, es importante buscar tratamiento para mejorar tu calidad de vida.<\/p>\n<\/section>\n<footer>\n<p>Escrito por Ana Gonz\u00e1lez<\/p>\n<p>\u00daltima actualizaci\u00f3n: 15 de julio de 2021<\/p>\n<\/footer>\n","protected":false},"excerpt":{"rendered":"<p>Por qu\u00e9 se tiene mal sabor de boca Curiosidades sobre el mal sabor de boca El mal sabor de boca es una sensaci\u00f3n desagradable que puede ser causada por diversos factores. El sabor amargo es uno de los sabores m\u00e1s comunes cuando se tiene mal sabor de boca. El mal sabor de boca puede ser &#8230; <a title=\"Porque se tiene mal sabor de boca\" class=\"read-more\" href=\"https:\/\/dudasytextos.com\/pregunta-por-que\/porque-se-tiene-mal-sabor-de-boca\/\" aria-label=\"M\u00e1s en Porque se tiene mal sabor de boca\">Leer m\u00e1s<\/a><\/p>\n","protected":false},"author":1,"featured_media":0,"comment_status":"open","ping_status":"open","sticky":false,"template":"","format":"standard","meta":{"footnotes":""},"categories":[10,3],"tags":[],"class_list":["post-129920","post","type-post","status-publish","format-standard","hentry","category-boca","category-por-que"],"aioseo_notices":[],"aioseo_head":"\n\t\t<!-- All in One SEO 5.0.1.1 - aioseo.com -->\n\t<meta name=\"description\" content=\"Por qu\u00e9 se tiene mal sabor de boca Curiosidades sobre el mal sabor de boca El mal sabor de boca es una sensaci\u00f3n desagradable que puede ser causada por diversos factores. El sabor amargo es uno de los sabores m\u00e1s comunes cuando se tiene mal sabor de boca. El mal sabor de boca puede ser\" \/>\n\t<meta name=\"robots\" content=\"max-snippet:-1, max-image-preview:large, max-video-preview:-1\" \/>\n\t<meta name=\"author\" content=\"Ana Gonz\u00e1lez\"\/>\n\t<link rel=\"canonical\" href=\"https:\/\/dudasytextos.com\/pregunta-por-que\/porque-se-tiene-mal-sabor-de-boca\/\" \/>\n\t<meta name=\"generator\" content=\"All in One SEO (AIOSEO) 5.0.1.1\" \/>\n\n\t\t<!-- Google tag (gtag.js) -->\n<script async src=\"https:\/\/www.googletagmanager.com\/gtag\/js?id=G-TTVH4WWKS1\"><\/script>\n<script>\n  window.dataLayer = window.dataLayer || [];\n  function gtag(){dataLayer.push(arguments);}\n  gtag('js', new Date());\n\n  gtag('config', 'G-TTVH4WWKS1');\n<\/script>\n<script async src=\"https:\/\/pagead2.googlesyndication.com\/pagead\/js\/adsbygoogle.js?client=ca-pub-3987500858204711\"\n     crossorigin=\"anonymous\"><\/script>\n\t\t<meta property=\"og:locale\" content=\"es_ES\" \/>\n\t\t<meta property=\"og:site_name\" content=\"\u00bfPor Qu\u00e9? - \u00bfPor Qu\u00e9?\" \/>\n\t\t<meta property=\"og:type\" content=\"article\" \/>\n\t\t<meta property=\"og:title\" content=\"Porque se tiene mal sabor de boca (2026) \u00bfPor Qu\u00e9?\" \/>\n\t\t<meta property=\"og:description\" content=\"Por qu\u00e9 se tiene mal sabor de boca Curiosidades sobre el mal sabor de boca El mal sabor de boca es una sensaci\u00f3n desagradable que puede ser causada por diversos factores. El sabor amargo es uno de los sabores m\u00e1s comunes cuando se tiene mal sabor de boca. El mal sabor de boca puede ser\" \/>\n\t\t<meta property=\"og:url\" content=\"https:\/\/dudasytextos.com\/pregunta-por-que\/porque-se-tiene-mal-sabor-de-boca\/\" \/>\n\t\t<meta property=\"article:published_time\" content=\"2025-03-11T06:42:17+00:00\" \/>\n\t\t<meta property=\"article:modified_time\" content=\"2025-03-12T17:46:23+00:00\" \/>\n\t\t<meta name=\"twitter:card\" content=\"summary_large_image\" \/>\n\t\t<meta name=\"twitter:title\" content=\"Porque se tiene mal sabor de boca (2026) \u00bfPor Qu\u00e9?\" \/>\n\t\t<meta name=\"twitter:description\" content=\"Por qu\u00e9 se tiene mal sabor de boca Curiosidades sobre el mal sabor de boca El mal sabor de boca es una sensaci\u00f3n desagradable que puede ser causada por diversos factores. El sabor amargo es uno de los sabores m\u00e1s comunes cuando se tiene mal sabor de boca. El mal sabor de boca puede ser\" \/>\n\t\t<script type=\"application\/ld+json\" class=\"aioseo-schema\">\n\t\t\t{\"@context\":\"https:\\\/\\\/schema.org\",\"@graph\":[{\"@type\":\"BlogPosting\",\"@id\":\"https:\\\/\\\/dudasytextos.com\\\/pregunta-por-que\\\/porque-se-tiene-mal-sabor-de-boca\\\/#blogposting\",\"name\":\"Porque se tiene mal sabor de boca (2026) \\u00bfPor Qu\\u00e9?\",\"headline\":\"Porque se tiene mal sabor de boca\",\"author\":{\"@id\":\"https:\\\/\\\/dudasytextos.com\\\/pregunta-por-que\\\/author\\\/admin23\\\/#author\"},\"publisher\":{\"@id\":\"https:\\\/\\\/dudasytextos.com\\\/pregunta-por-que\\\/#organization\"},\"datePublished\":\"2025-03-11T06:42:17+00:00\",\"dateModified\":\"2025-03-12T17:46:23+00:00\",\"inLanguage\":\"es-ES\",\"mainEntityOfPage\":{\"@id\":\"https:\\\/\\\/dudasytextos.com\\\/pregunta-por-que\\\/porque-se-tiene-mal-sabor-de-boca\\\/#webpage\"},\"isPartOf\":{\"@id\":\"https:\\\/\\\/dudasytextos.com\\\/pregunta-por-que\\\/porque-se-tiene-mal-sabor-de-boca\\\/#webpage\"},\"articleSection\":\"Boca, \\u00bfPor qu\\u00e9?\"},{\"@type\":\"BreadcrumbList\",\"@id\":\"https:\\\/\\\/dudasytextos.com\\\/pregunta-por-que\\\/porque-se-tiene-mal-sabor-de-boca\\\/#breadcrumblist\",\"itemListElement\":[{\"@type\":\"ListItem\",\"@id\":\"https:\\\/\\\/dudasytextos.com\\\/pregunta-por-que#listItem\",\"position\":1,\"name\":\"Home\",\"item\":\"https:\\\/\\\/dudasytextos.com\\\/pregunta-por-que\",\"nextItem\":{\"@type\":\"ListItem\",\"@id\":\"https:\\\/\\\/dudasytextos.com\\\/pregunta-por-que\\\/category\\\/por-que\\\/#listItem\",\"name\":\"\\u00bfPor qu\\u00e9?\"}},{\"@type\":\"ListItem\",\"@id\":\"https:\\\/\\\/dudasytextos.com\\\/pregunta-por-que\\\/category\\\/por-que\\\/#listItem\",\"position\":2,\"name\":\"\\u00bfPor qu\\u00e9?\",\"item\":\"https:\\\/\\\/dudasytextos.com\\\/pregunta-por-que\\\/category\\\/por-que\\\/\",\"nextItem\":{\"@type\":\"ListItem\",\"@id\":\"https:\\\/\\\/dudasytextos.com\\\/pregunta-por-que\\\/porque-se-tiene-mal-sabor-de-boca\\\/#listItem\",\"name\":\"Porque se tiene mal sabor de boca\"},\"previousItem\":{\"@type\":\"ListItem\",\"@id\":\"https:\\\/\\\/dudasytextos.com\\\/pregunta-por-que#listItem\",\"name\":\"Home\"}},{\"@type\":\"ListItem\",\"@id\":\"https:\\\/\\\/dudasytextos.com\\\/pregunta-por-que\\\/porque-se-tiene-mal-sabor-de-boca\\\/#listItem\",\"position\":3,\"name\":\"Porque se tiene mal sabor de boca\",\"previousItem\":{\"@type\":\"ListItem\",\"@id\":\"https:\\\/\\\/dudasytextos.com\\\/pregunta-por-que\\\/category\\\/por-que\\\/#listItem\",\"name\":\"\\u00bfPor qu\\u00e9?\"}}]},{\"@type\":\"Organization\",\"@id\":\"https:\\\/\\\/dudasytextos.com\\\/pregunta-por-que\\\/#organization\",\"name\":\"Recipes\",\"description\":\"\\u00bfPor Qu\\u00e9?\",\"url\":\"https:\\\/\\\/dudasytextos.com\\\/pregunta-por-que\\\/\"},{\"@type\":\"Person\",\"@id\":\"https:\\\/\\\/dudasytextos.com\\\/pregunta-por-que\\\/author\\\/admin23\\\/#author\",\"url\":\"https:\\\/\\\/dudasytextos.com\\\/pregunta-por-que\\\/author\\\/admin23\\\/\",\"name\":\"Ana Gonz\\u00e1lez\"},{\"@type\":\"WebPage\",\"@id\":\"https:\\\/\\\/dudasytextos.com\\\/pregunta-por-que\\\/porque-se-tiene-mal-sabor-de-boca\\\/#webpage\",\"url\":\"https:\\\/\\\/dudasytextos.com\\\/pregunta-por-que\\\/porque-se-tiene-mal-sabor-de-boca\\\/\",\"name\":\"Porque se tiene mal sabor de boca (2026) \\u00bfPor Qu\\u00e9?\",\"description\":\"Por qu\\u00e9 se tiene mal sabor de boca Curiosidades sobre el mal sabor de boca El mal sabor de boca es una sensaci\\u00f3n desagradable que puede ser causada por diversos factores. El sabor amargo es uno de los sabores m\\u00e1s comunes cuando se tiene mal sabor de boca. El mal sabor de boca puede ser\",\"inLanguage\":\"es-ES\",\"isPartOf\":{\"@id\":\"https:\\\/\\\/dudasytextos.com\\\/pregunta-por-que\\\/#website\"},\"breadcrumb\":{\"@id\":\"https:\\\/\\\/dudasytextos.com\\\/pregunta-por-que\\\/porque-se-tiene-mal-sabor-de-boca\\\/#breadcrumblist\"},\"author\":{\"@id\":\"https:\\\/\\\/dudasytextos.com\\\/pregunta-por-que\\\/author\\\/admin23\\\/#author\"},\"creator\":{\"@id\":\"https:\\\/\\\/dudasytextos.com\\\/pregunta-por-que\\\/author\\\/admin23\\\/#author\"},\"datePublished\":\"2025-03-11T06:42:17+00:00\",\"dateModified\":\"2025-03-12T17:46:23+00:00\"},{\"@type\":\"WebSite\",\"@id\":\"https:\\\/\\\/dudasytextos.com\\\/pregunta-por-que\\\/#website\",\"url\":\"https:\\\/\\\/dudasytextos.com\\\/pregunta-por-que\\\/\",\"name\":\"Recipes\",\"description\":\"\\u00bfPor Qu\\u00e9?\",\"inLanguage\":\"es-ES\",\"publisher\":{\"@id\":\"https:\\\/\\\/dudasytextos.com\\\/pregunta-por-que\\\/#organization\"}}]}\n\t\t<\/script>\n\t\t<!-- All in One SEO -->\n\n","aioseo_head_json":{"title":"Porque se tiene mal sabor de boca (2026) \u00bfPor Qu\u00e9?","description":"Por qu\u00e9 se tiene mal sabor de boca Curiosidades sobre el mal sabor de boca El mal sabor de boca es una sensaci\u00f3n desagradable que puede ser causada por diversos factores. El sabor amargo es uno de los sabores m\u00e1s comunes cuando se tiene mal sabor de boca. El mal sabor de boca puede ser","canonical_url":"https:\/\/dudasytextos.com\/pregunta-por-que\/porque-se-tiene-mal-sabor-de-boca\/","robots":"max-snippet:-1, max-image-preview:large, max-video-preview:-1","keywords":"","webmasterTools":{"miscellaneous":"&lt;!-- Google tag (gtag.js) --&gt;\n&lt;script async src=\"https:\/\/www.googletagmanager.com\/gtag\/js?id=G-TTVH4WWKS1\"&gt;&lt;\/script&gt;\n&lt;script&gt;\n  window.dataLayer = window.dataLayer || [];\n  function gtag(){dataLayer.push(arguments);}\n  gtag('js', new Date());\n\n  gtag('config', 'G-TTVH4WWKS1');\n&lt;\/script&gt;\n&lt;script async src=\"https:\/\/pagead2.googlesyndication.com\/pagead\/js\/adsbygoogle.js?client=ca-pub-3987500858204711\"\n     crossorigin=\"anonymous\"&gt;&lt;\/script&gt;"},"schema":{"@context":"https:\/\/schema.org","@graph":[{"@type":"BlogPosting","@id":"https:\/\/dudasytextos.com\/pregunta-por-que\/porque-se-tiene-mal-sabor-de-boca\/#blogposting","name":"Porque se tiene mal sabor de boca (2026) \u00bfPor Qu\u00e9?","headline":"Porque se tiene mal sabor de boca","author":{"@id":"https:\/\/dudasytextos.com\/pregunta-por-que\/author\/admin23\/#author"},"publisher":{"@id":"https:\/\/dudasytextos.com\/pregunta-por-que\/#organization"},"datePublished":"2025-03-11T06:42:17+00:00","dateModified":"2025-03-12T17:46:23+00:00","inLanguage":"es-ES","mainEntityOfPage":{"@id":"https:\/\/dudasytextos.com\/pregunta-por-que\/porque-se-tiene-mal-sabor-de-boca\/#webpage"},"isPartOf":{"@id":"https:\/\/dudasytextos.com\/pregunta-por-que\/porque-se-tiene-mal-sabor-de-boca\/#webpage"},"articleSection":"Boca, \u00bfPor qu\u00e9?"},{"@type":"BreadcrumbList","@id":"https:\/\/dudasytextos.com\/pregunta-por-que\/porque-se-tiene-mal-sabor-de-boca\/#breadcrumblist","itemListElement":[{"@type":"ListItem","@id":"https:\/\/dudasytextos.com\/pregunta-por-que#listItem","position":1,"name":"Home","item":"https:\/\/dudasytextos.com\/pregunta-por-que","nextItem":{"@type":"ListItem","@id":"https:\/\/dudasytextos.com\/pregunta-por-que\/category\/por-que\/#listItem","name":"\u00bfPor qu\u00e9?"}},{"@type":"ListItem","@id":"https:\/\/dudasytextos.com\/pregunta-por-que\/category\/por-que\/#listItem","position":2,"name":"\u00bfPor qu\u00e9?","item":"https:\/\/dudasytextos.com\/pregunta-por-que\/category\/por-que\/","nextItem":{"@type":"ListItem","@id":"https:\/\/dudasytextos.com\/pregunta-por-que\/porque-se-tiene-mal-sabor-de-boca\/#listItem","name":"Porque se tiene mal sabor de boca"},"previousItem":{"@type":"ListItem","@id":"https:\/\/dudasytextos.com\/pregunta-por-que#listItem","name":"Home"}},{"@type":"ListItem","@id":"https:\/\/dudasytextos.com\/pregunta-por-que\/porque-se-tiene-mal-sabor-de-boca\/#listItem","position":3,"name":"Porque se tiene mal sabor de boca","previousItem":{"@type":"ListItem","@id":"https:\/\/dudasytextos.com\/pregunta-por-que\/category\/por-que\/#listItem","name":"\u00bfPor qu\u00e9?"}}]},{"@type":"Organization","@id":"https:\/\/dudasytextos.com\/pregunta-por-que\/#organization","name":"Recipes","description":"\u00bfPor Qu\u00e9?","url":"https:\/\/dudasytextos.com\/pregunta-por-que\/"},{"@type":"Person","@id":"https:\/\/dudasytextos.com\/pregunta-por-que\/author\/admin23\/#author","url":"https:\/\/dudasytextos.com\/pregunta-por-que\/author\/admin23\/","name":"Ana Gonz\u00e1lez"},{"@type":"WebPage","@id":"https:\/\/dudasytextos.com\/pregunta-por-que\/porque-se-tiene-mal-sabor-de-boca\/#webpage","url":"https:\/\/dudasytextos.com\/pregunta-por-que\/porque-se-tiene-mal-sabor-de-boca\/","name":"Porque se tiene mal sabor de boca (2026) \u00bfPor Qu\u00e9?","description":"Por qu\u00e9 se tiene mal sabor de boca Curiosidades sobre el mal sabor de boca El mal sabor de boca es una sensaci\u00f3n desagradable que puede ser causada por diversos factores. El sabor amargo es uno de los sabores m\u00e1s comunes cuando se tiene mal sabor de boca. El mal sabor de boca puede ser","inLanguage":"es-ES","isPartOf":{"@id":"https:\/\/dudasytextos.com\/pregunta-por-que\/#website"},"breadcrumb":{"@id":"https:\/\/dudasytextos.com\/pregunta-por-que\/porque-se-tiene-mal-sabor-de-boca\/#breadcrumblist"},"author":{"@id":"https:\/\/dudasytextos.com\/pregunta-por-que\/author\/admin23\/#author"},"creator":{"@id":"https:\/\/dudasytextos.com\/pregunta-por-que\/author\/admin23\/#author"},"datePublished":"2025-03-11T06:42:17+00:00","dateModified":"2025-03-12T17:46:23+00:00"},{"@type":"WebSite","@id":"https:\/\/dudasytextos.com\/pregunta-por-que\/#website","url":"https:\/\/dudasytextos.com\/pregunta-por-que\/","name":"Recipes","description":"\u00bfPor Qu\u00e9?","inLanguage":"es-ES","publisher":{"@id":"https:\/\/dudasytextos.com\/pregunta-por-que\/#organization"}}]},"og:locale":"es_ES","og:site_name":"\u00bfPor Qu\u00e9? - \u00bfPor Qu\u00e9?","og:type":"article","og:title":"Porque se tiene mal sabor de boca (2026) \u00bfPor Qu\u00e9?","og:description":"Por qu\u00e9 se tiene mal sabor de boca Curiosidades sobre el mal sabor de boca El mal sabor de boca es una sensaci\u00f3n desagradable que puede ser causada por diversos factores. El sabor amargo es uno de los sabores m\u00e1s comunes cuando se tiene mal sabor de boca. El mal sabor de boca puede ser","og:url":"https:\/\/dudasytextos.com\/pregunta-por-que\/porque-se-tiene-mal-sabor-de-boca\/","article:published_time":"2025-03-11T06:42:17+00:00","article:modified_time":"2025-03-12T17:46:23+00:00","twitter:card":"summary_large_image","twitter:title":"Porque se tiene mal sabor de boca (2026) \u00bfPor Qu\u00e9?","twitter:description":"Por qu\u00e9 se tiene mal sabor de boca Curiosidades sobre el mal sabor de boca El mal sabor de boca es una sensaci\u00f3n desagradable que puede ser causada por diversos factores. El sabor amargo es uno de los sabores m\u00e1s comunes cuando se tiene mal sabor de boca. El mal sabor de boca puede ser"},"aioseo_meta_data":{"post_id":"129920","title":null,"description":null,"keywords":null,"keyphrases":null,"primary_term":null,"canonical_url":null,"og_title":null,"og_description":null,"og_object_type":"default","og_image_type":"default","og_image_url":null,"og_image_width":null,"og_image_height":null,"og_image_custom_url":null,"og_image_custom_fields":null,"og_video":null,"og_custom_url":null,"og_article_section":null,"og_article_tags":null,"twitter_use_og":false,"twitter_card":"default","twitter_image_type":"default","twitter_image_url":null,"twitter_image_custom_url":null,"twitter_image_custom_fields":null,"twitter_title":null,"twitter_description":null,"schema":{"blockGraphs":[],"customGraphs":[],"default":{"data":{"Article":[],"Course":[],"Dataset":[],"FAQPage":[],"Movie":[],"Person":[],"Product":[],"ProductReview":[],"Car":[],"Recipe":[],"Service":[],"SoftwareApplication":[],"WebPage":[]},"graphName":"","isEnabled":true},"graphs":[]},"schema_type":"default","schema_type_options":null,"pillar_content":false,"robots_default":true,"robots_noindex":false,"robots_noarchive":false,"robots_nosnippet":false,"robots_nofollow":false,"robots_noimageindex":false,"robots_noodp":false,"robots_notranslate":false,"robots_max_snippet":null,"robots_max_videopreview":null,"robots_max_imagepreview":"large","priority":null,"frequency":null,"local_seo":null,"breadcrumb_settings":null,"limit_modified_date":false,"ai":null,"created":"2023-04-28 23:06:58","updated":"2025-06-04 15:51:54","seo_analyzer_scan_date":null,"focus_keyword":null,"additional_keywords":null,"truseo_locale":null},"aioseo_breadcrumb":"<div class=\"aioseo-breadcrumbs\"><span class=\"aioseo-breadcrumb\">\n\t\t\t<a href=\"https:\/\/dudasytextos.com\/pregunta-por-que\" title=\"Home\">Home<\/a>\n\t\t<\/span><span class=\"aioseo-breadcrumb-separator\">&raquo;<\/span><span class=\"aioseo-breadcrumb\">\n\t\t\t<a href=\"https:\/\/dudasytextos.com\/pregunta-por-que\/category\/por-que\/\" title=\"\u00bfPor qu\u00e9?\">\u00bfPor qu\u00e9?<\/a>\n\t\t<\/span><span class=\"aioseo-breadcrumb-separator\">&raquo;<\/span><span class=\"aioseo-breadcrumb\">\n\t\t\tPorque se tiene mal sabor de boca\n\t\t<\/span><\/div>","aioseo_breadcrumb_json":[{"label":"Home","link":"https:\/\/dudasytextos.com\/pregunta-por-que"},{"label":"\u00bfPor qu\u00e9?","link":"https:\/\/dudasytextos.com\/pregunta-por-que\/category\/por-que\/"},{"label":"Porque se tiene mal sabor de boca","link":"https:\/\/dudasytextos.com\/pregunta-por-que\/porque-se-tiene-mal-sabor-de-boca\/"}],"_links":{"self":[{"href":"https:\/\/dudasytextos.com\/pregunta-por-que\/wp-json\/wp\/v2\/posts\/129920","targetHints":{"allow":["GET"]}}],"collection":[{"href":"https:\/\/dudasytextos.com\/pregunta-por-que\/wp-json\/wp\/v2\/posts"}],"about":[{"href":"https:\/\/dudasytextos.com\/pregunta-por-que\/wp-json\/wp\/v2\/types\/post"}],"author":[{"embeddable":true,"href":"https:\/\/dudasytextos.com\/pregunta-por-que\/wp-json\/wp\/v2\/users\/1"}],"replies":[{"embeddable":true,"href":"https:\/\/dudasytextos.com\/pregunta-por-que\/wp-json\/wp\/v2\/comments?post=129920"}],"version-history":[{"count":1,"href":"https:\/\/dudasytextos.com\/pregunta-por-que\/wp-json\/wp\/v2\/posts\/129920\/revisions"}],"predecessor-version":[{"id":131023,"href":"https:\/\/dudasytextos.com\/pregunta-por-que\/wp-json\/wp\/v2\/posts\/129920\/revisions\/131023"}],"wp:attachment":[{"href":"https:\/\/dudasytextos.com\/pregunta-por-que\/wp-json\/wp\/v2\/media?parent=129920"}],"wp:term":[{"taxonomy":"category","embeddable":true,"href":"https:\/\/dudasytextos.com\/pregunta-por-que\/wp-json\/wp\/v2\/categories?post=129920"},{"taxonomy":"post_tag","embeddable":true,"href":"https:\/\/dudasytextos.com\/pregunta-por-que\/wp-json\/wp\/v2\/tags?post=129920"}],"curies":[{"name":"wp","href":"https:\/\/api.w.org\/{rel}","templated":true}]}}