{"id":147796,"date":"2025-03-08T10:24:13","date_gmt":"2025-03-08T10:24:13","guid":{"rendered":"https:\/\/educacion.cc\/?p=147796"},"modified":"2025-03-13T12:10:10","modified_gmt":"2025-03-13T12:10:10","slug":"que-es-el-autismo-infantil","status":"publish","type":"post","link":"https:\/\/dudasytextos.com\/preguntaquees\/que-es-el-autismo-infantil\/","title":{"rendered":"Qu\u00e9 es el autismo infantil"},"content":{"rendered":"<div id=\"ez-toc-container\" class=\"ez-toc-v2_0_87 counter-hierarchy ez-toc-counter ez-toc-custom ez-toc-container-direction\">\n<div class=\"ez-toc-title-container\">\n<span class=\"ez-toc-title-toggle\"><\/span><\/div>\n<nav><ul class='ez-toc-list ez-toc-list-level-1 ' ><li class='ez-toc-page-1 ez-toc-heading-level-2'><a class=\"ez-toc-link ez-toc-heading-1\" href=\"https:\/\/dudasytextos.com\/preguntaquees\/que-es-el-autismo-infantil\/#%C2%BFQue_es_el_autismo_infantil\" >\u00bfQu\u00e9 es el autismo infantil?<\/a><\/li><li class='ez-toc-page-1 ez-toc-heading-level-2'><a class=\"ez-toc-link ez-toc-heading-2\" href=\"https:\/\/dudasytextos.com\/preguntaquees\/que-es-el-autismo-infantil\/#Curiosidades_y_datos_interesantes_sobre_el_autismo_infantil\" >Curiosidades y datos interesantes sobre el autismo infantil<\/a><\/li><li class='ez-toc-page-1 ez-toc-heading-level-2'><a class=\"ez-toc-link ez-toc-heading-3\" href=\"https:\/\/dudasytextos.com\/preguntaquees\/que-es-el-autismo-infantil\/#%C2%BFCuales_son_los_sintomas_del_autismo_infantil\" >\u00bfCu\u00e1les son los s\u00edntomas del autismo infantil?<\/a><\/li><li class='ez-toc-page-1 ez-toc-heading-level-2'><a class=\"ez-toc-link ez-toc-heading-4\" href=\"https:\/\/dudasytextos.com\/preguntaquees\/que-es-el-autismo-infantil\/#%C2%BFCuales_son_las_causas_del_autismo_infantil\" >\u00bfCu\u00e1les son las causas del autismo infantil?<\/a><\/li><li class='ez-toc-page-1 ez-toc-heading-level-2'><a class=\"ez-toc-link ez-toc-heading-5\" href=\"https:\/\/dudasytextos.com\/preguntaquees\/que-es-el-autismo-infantil\/#%C2%BFComo_se_trata_el_autismo_infantil\" >\u00bfC\u00f3mo se trata el autismo infantil?<\/a><\/li><li class='ez-toc-page-1 ez-toc-heading-level-2'><a class=\"ez-toc-link ez-toc-heading-6\" href=\"https:\/\/dudasytextos.com\/preguntaquees\/que-es-el-autismo-infantil\/#Experiencias_personales_sobre_el_autismo_infantil\" >Experiencias personales sobre el autismo infantil<\/a><\/li><li class='ez-toc-page-1 ez-toc-heading-level-2'><a class=\"ez-toc-link ez-toc-heading-7\" href=\"https:\/\/dudasytextos.com\/preguntaquees\/que-es-el-autismo-infantil\/#Preguntas_frecuentes_sobre_el_autismo_infantil\" >Preguntas frecuentes sobre el autismo infantil<\/a><ul class='ez-toc-list-level-3' ><li class='ez-toc-heading-level-3'><a class=\"ez-toc-link ez-toc-heading-8\" href=\"https:\/\/dudasytextos.com\/preguntaquees\/que-es-el-autismo-infantil\/#%C2%BFEl_autismo_es_una_discapacidad\" >\u00bfEl autismo es una discapacidad?<\/a><\/li><li class='ez-toc-page-1 ez-toc-heading-level-3'><a class=\"ez-toc-link ez-toc-heading-9\" href=\"https:\/\/dudasytextos.com\/preguntaquees\/que-es-el-autismo-infantil\/#%C2%BFEl_autismo_es_curable\" >\u00bfEl autismo es curable?<\/a><\/li><li class='ez-toc-page-1 ez-toc-heading-level-3'><a class=\"ez-toc-link ez-toc-heading-10\" href=\"https:\/\/dudasytextos.com\/preguntaquees\/que-es-el-autismo-infantil\/#%C2%BFLos_ninos_con_autismo_pueden_ir_a_la_escuela_regular\" >\u00bfLos ni\u00f1os con autismo pueden ir a la escuela regular?<\/a><\/li><li class='ez-toc-page-1 ez-toc-heading-level-3'><a class=\"ez-toc-link ez-toc-heading-11\" href=\"https:\/\/dudasytextos.com\/preguntaquees\/que-es-el-autismo-infantil\/#%C2%BFEl_autismo_es_hereditario\" >\u00bfEl autismo es hereditario?<\/a><\/li><li class='ez-toc-page-1 ez-toc-heading-level-3'><a class=\"ez-toc-link ez-toc-heading-12\" href=\"https:\/\/dudasytextos.com\/preguntaquees\/que-es-el-autismo-infantil\/#%C2%BFLos_ninos_con_autismo_tienen_intereses_limitados\" >\u00bfLos ni\u00f1os con autismo tienen intereses limitados?<\/a><\/li><\/ul><\/li><\/ul><\/nav><\/div>\n<h2><span class=\"ez-toc-section\" id=\"%C2%BFQue_es_el_autismo_infantil\"><\/span>\u00bfQu\u00e9 es el autismo infantil?<span class=\"ez-toc-section-end\"><\/span><\/h2>\n<p>Por Ana Gonz\u00e1lez<\/p>\n<section>\n<h2><span class=\"ez-toc-section\" id=\"Curiosidades_y_datos_interesantes_sobre_el_autismo_infantil\"><\/span>Curiosidades y datos interesantes sobre el autismo infantil<span class=\"ez-toc-section-end\"><\/span><\/h2>\n<ul>\n<li>El autismo es un trastorno del neurodesarrollo que afecta a la comunicaci\u00f3n y a la interacci\u00f3n social.<\/li>\n<li>Seg\u00fan la OMS, se estima que uno de cada 160 ni\u00f1os en todo el mundo tiene trastornos del espectro autista (TEA).<\/li>\n<li>El autismo es cuatro veces m\u00e1s com\u00fan en ni\u00f1os que en ni\u00f1as.<\/li>\n<li>Los s\u00edntomas del autismo pueden variar de leves a graves.<\/li>\n<li>El diagn\u00f3stico temprano y la intervenci\u00f3n temprana pueden mejorar significativamente el pron\u00f3stico del autismo.<\/li>\n<\/ul>\n<\/section>\n<section>\n<h2><span class=\"ez-toc-section\" id=\"%C2%BFCuales_son_los_sintomas_del_autismo_infantil\"><\/span>\u00bfCu\u00e1les son los s\u00edntomas del autismo infantil?<span class=\"ez-toc-section-end\"><\/span><\/h2>\n<p>Los s\u00edntomas del autismo pueden manifestarse antes de los 3 a\u00f1os de edad y pueden incluir:<\/p>\n<ul>\n<li>Dificultad para comunicarse y socializar con otros ni\u00f1os y adultos.<\/li>\n<li>Comportamientos repetitivos o estereotipados, como balanceo o movimientos de las manos.<\/li>\n<li>Dificultad para adaptarse a cambios en la rutina o en el entorno.<\/li>\n<li>Intereses limitados o fijos en ciertos temas o objetos.<\/li>\n<\/ul>\n<p>Es importante tener en cuenta que no todos los ni\u00f1os con autismo tienen los mismos s\u00edntomas y que los s\u00edntomas pueden variar en intensidad.<\/p>\n<\/section>\n<section>\n<h2><span class=\"ez-toc-section\" id=\"%C2%BFCuales_son_las_causas_del_autismo_infantil\"><\/span>\u00bfCu\u00e1les son las causas del autismo infantil?<span class=\"ez-toc-section-end\"><\/span><\/h2>\n<p>Aunque no se sabe exactamente qu\u00e9 causa el autismo, se cree que puede ser el resultado de una combinaci\u00f3n de factores gen\u00e9ticos y ambientales.<\/p>\n<p>Algunos estudios sugieren que ciertos genes pueden aumentar el riesgo de desarrollar autismo, pero a\u00fan se necesita m\u00e1s investigaci\u00f3n para comprender completamente la gen\u00e9tica del autismo.<\/p>\n<p>Los factores ambientales, como la exposici\u00f3n a toxinas y contaminantes, tambi\u00e9n pueden desempe\u00f1ar un papel en el desarrollo del autismo.<\/p>\n<\/section>\n<section>\n<h2><span class=\"ez-toc-section\" id=\"%C2%BFComo_se_trata_el_autismo_infantil\"><\/span>\u00bfC\u00f3mo se trata el autismo infantil?<span class=\"ez-toc-section-end\"><\/span><\/h2>\n<p>El tratamiento del autismo var\u00eda seg\u00fan las necesidades individuales del ni\u00f1o y puede incluir terapias conductuales, terapias del habla y del lenguaje, terapias ocupacionales y educaci\u00f3n especial.<\/p>\n<p>Es importante que el tratamiento del autismo se inicie lo antes posible para maximizar el impacto de la intervenci\u00f3n temprana.<\/p>\n<p>Adem\u00e1s, algunos medicamentos pueden ser \u00fatiles para tratar los s\u00edntomas asociados con el autismo, como la ansiedad y la hiperactividad.<\/p>\n<\/section>\n<section>\n<h2><span class=\"ez-toc-section\" id=\"Experiencias_personales_sobre_el_autismo_infantil\"><\/span>Experiencias personales sobre el autismo infantil<span class=\"ez-toc-section-end\"><\/span><\/h2>\n<p>Como madre de un ni\u00f1o con autismo, puedo decir que la vida puede ser un desaf\u00edo, pero tambi\u00e9n es incre\u00edblemente gratificante.<\/p>\n<p>Mi hijo tiene dificultades para comunicarse y socializar, pero tambi\u00e9n tiene intereses muy espec\u00edficos y una capacidad \u00fanica para ver el mundo de una manera diferente.<\/p>\n<p>Hice muchas investigaciones y pruebas para encontrar el tratamiento adecuado para mi hijo, pero finalmente encontramos un equipo de profesionales que nos ayud\u00f3 a mejorar su calidad de vida y la nuestra.<\/p>\n<p>Es importante recordar que cada ni\u00f1o con autismo es \u00fanico y tiene necesidades diferentes, pero tambi\u00e9n tiene el potencial de alcanzar grandes cosas con el apoyo adecuado.<\/p>\n<\/section>\n<section>\n<h2><span class=\"ez-toc-section\" id=\"Preguntas_frecuentes_sobre_el_autismo_infantil\"><\/span>Preguntas frecuentes sobre el autismo infantil<span class=\"ez-toc-section-end\"><\/span><\/h2>\n<h3><span class=\"ez-toc-section\" id=\"%C2%BFEl_autismo_es_una_discapacidad\"><\/span>\u00bfEl autismo es una discapacidad?<span class=\"ez-toc-section-end\"><\/span><\/h3>\n<p>S\u00ed, el autismo es considerado una discapacidad del desarrollo.<\/p>\n<h3><span class=\"ez-toc-section\" id=\"%C2%BFEl_autismo_es_curable\"><\/span>\u00bfEl autismo es curable?<span class=\"ez-toc-section-end\"><\/span><\/h3>\n<p>No hay cura para el autismo, pero el tratamiento temprano y la intervenci\u00f3n pueden mejorar significativamente el pron\u00f3stico del autismo.<\/p>\n<h3><span class=\"ez-toc-section\" id=\"%C2%BFLos_ninos_con_autismo_pueden_ir_a_la_escuela_regular\"><\/span>\u00bfLos ni\u00f1os con autismo pueden ir a la escuela regular?<span class=\"ez-toc-section-end\"><\/span><\/h3>\n<p>S\u00ed, muchos ni\u00f1os con autismo pueden ir a la escuela regular con el apoyo adecuado, como la educaci\u00f3n especial y la <a href=\"https:\/\/dudasytextos.com\/preguntaquees\/que-es-la-terapia-ocupacional\/\">terapia<\/a>.<\/p>\n<h3><span class=\"ez-toc-section\" id=\"%C2%BFEl_autismo_es_hereditario\"><\/span>\u00bfEl autismo es hereditario?<span class=\"ez-toc-section-end\"><\/span><\/h3>\n<p>La gen\u00e9tica puede desempe\u00f1ar un papel en el desarrollo del autismo, pero a\u00fan se necesita m\u00e1s investigaci\u00f3n para comprender completamente la gen\u00e9tica del autismo.<\/p>\n<h3><span class=\"ez-toc-section\" id=\"%C2%BFLos_ninos_con_autismo_tienen_intereses_limitados\"><\/span>\u00bfLos ni\u00f1os con autismo tienen intereses limitados?<span class=\"ez-toc-section-end\"><\/span><\/h3>\n<p>Los ni\u00f1os con autismo pueden tener intereses muy espec\u00edficos y fijos en ciertos temas o objetos, pero esto no significa necesariamente que sus intereses sean limitados.<\/p>\n<\/section>\n<footer>\n<p>\u00a9 2023 Ana Gonz\u00e1lez &#8211; Todos los derechos reservados<\/p>\n<\/footer>\n","protected":false},"excerpt":{"rendered":"<p>\u00bfQu\u00e9 es el autismo infantil? Por Ana Gonz\u00e1lez Curiosidades y datos interesantes sobre el autismo infantil El autismo es un trastorno del neurodesarrollo que afecta a la comunicaci\u00f3n y a la interacci\u00f3n social. Seg\u00fan la OMS, se estima que uno de cada 160 ni\u00f1os en todo el mundo tiene trastornos del espectro autista (TEA). El &#8230; <a title=\"Qu\u00e9 es el autismo infantil\" class=\"read-more\" href=\"https:\/\/dudasytextos.com\/preguntaquees\/que-es-el-autismo-infantil\/\" aria-label=\"M\u00e1s en Qu\u00e9 es el autismo infantil\">Leer m\u00e1s<\/a><\/p>\n","protected":false},"author":1,"featured_media":0,"comment_status":"open","ping_status":"open","sticky":false,"template":"","format":"standard","meta":{"footnotes":""},"categories":[4],"tags":[],"class_list":["post-147796","post","type-post","status-publish","format-standard","hentry","category-que-es"],"aioseo_notices":[],"aioseo_head":"\n\t\t<!-- All in One SEO 5.0.1.1 - aioseo.com -->\n\t<meta name=\"description\" content=\"\u00bfQu\u00e9 es el autismo infantil? Por Ana Gonz\u00e1lez Curiosidades y datos interesantes sobre el autismo infantil El autismo es un trastorno del neurodesarrollo que afecta a la comunicaci\u00f3n y a la interacci\u00f3n social. Seg\u00fan la OMS, se estima que uno de cada 160 ni\u00f1os en todo el mundo tiene trastornos del espectro autista (TEA). El\" \/>\n\t<meta name=\"robots\" content=\"max-snippet:-1, max-image-preview:large, max-video-preview:-1\" \/>\n\t<meta name=\"author\" content=\"Ana Gonz\u00e1lez\"\/>\n\t<link rel=\"canonical\" href=\"https:\/\/dudasytextos.com\/preguntaquees\/que-es-el-autismo-infantil\/\" \/>\n\t<meta name=\"generator\" content=\"All in One SEO (AIOSEO) 5.0.1.1\" \/>\n\n\t\t<!-- Google tag (gtag.js) -->\n<script async src=\"https:\/\/www.googletagmanager.com\/gtag\/js?id=G-QEZWJ7M6T7\"><\/script>\n<script>\n  window.dataLayer = window.dataLayer || [];\n  function gtag(){dataLayer.push(arguments);}\n  gtag('js', new Date());\n\n  gtag('config', 'G-QEZWJ7M6T7');\n<\/script>\n<script async src=\"https:\/\/pagead2.googlesyndication.com\/pagead\/js\/adsbygoogle.js?client=ca-pub-3987500858204711\"\n     crossorigin=\"anonymous\"><\/script>\n\t\t<meta property=\"og:locale\" content=\"es_ES\" \/>\n\t\t<meta property=\"og:site_name\" content=\"\u00bfQu\u00e9 es? - \u00bfQu\u00e9 es?\" \/>\n\t\t<meta property=\"og:type\" content=\"article\" \/>\n\t\t<meta property=\"og:title\" content=\"Qu\u00e9 es el autismo infantil (2026) \u00bfQu\u00e9 es?\" \/>\n\t\t<meta property=\"og:description\" content=\"\u00bfQu\u00e9 es el autismo infantil? Por Ana Gonz\u00e1lez Curiosidades y datos interesantes sobre el autismo infantil El autismo es un trastorno del neurodesarrollo que afecta a la comunicaci\u00f3n y a la interacci\u00f3n social. Seg\u00fan la OMS, se estima que uno de cada 160 ni\u00f1os en todo el mundo tiene trastornos del espectro autista (TEA). El\" \/>\n\t\t<meta property=\"og:url\" content=\"https:\/\/dudasytextos.com\/preguntaquees\/que-es-el-autismo-infantil\/\" \/>\n\t\t<meta property=\"article:published_time\" content=\"2025-03-08T10:24:13+00:00\" \/>\n\t\t<meta property=\"article:modified_time\" content=\"2025-03-13T12:10:10+00:00\" \/>\n\t\t<meta name=\"twitter:card\" content=\"summary_large_image\" \/>\n\t\t<meta name=\"twitter:title\" content=\"Qu\u00e9 es el autismo infantil (2026) \u00bfQu\u00e9 es?\" \/>\n\t\t<meta name=\"twitter:description\" content=\"\u00bfQu\u00e9 es el autismo infantil? Por Ana Gonz\u00e1lez Curiosidades y datos interesantes sobre el autismo infantil El autismo es un trastorno del neurodesarrollo que afecta a la comunicaci\u00f3n y a la interacci\u00f3n social. Seg\u00fan la OMS, se estima que uno de cada 160 ni\u00f1os en todo el mundo tiene trastornos del espectro autista (TEA). El\" \/>\n\t\t<script type=\"application\/ld+json\" class=\"aioseo-schema\">\n\t\t\t{\"@context\":\"https:\\\/\\\/schema.org\",\"@graph\":[{\"@type\":\"BlogPosting\",\"@id\":\"https:\\\/\\\/dudasytextos.com\\\/preguntaquees\\\/que-es-el-autismo-infantil\\\/#blogposting\",\"name\":\"Qu\\u00e9 es el autismo infantil (2026) \\u00bfQu\\u00e9 es?\",\"headline\":\"Qu\\u00e9 es el autismo infantil\",\"author\":{\"@id\":\"https:\\\/\\\/dudasytextos.com\\\/preguntaquees\\\/author\\\/admin44\\\/#author\"},\"publisher\":{\"@id\":\"https:\\\/\\\/dudasytextos.com\\\/preguntaquees\\\/#organization\"},\"datePublished\":\"2025-03-08T10:24:13+00:00\",\"dateModified\":\"2025-03-13T12:10:10+00:00\",\"inLanguage\":\"es-ES\",\"mainEntityOfPage\":{\"@id\":\"https:\\\/\\\/dudasytextos.com\\\/preguntaquees\\\/que-es-el-autismo-infantil\\\/#webpage\"},\"isPartOf\":{\"@id\":\"https:\\\/\\\/dudasytextos.com\\\/preguntaquees\\\/que-es-el-autismo-infantil\\\/#webpage\"},\"articleSection\":\"\\u00bfQu\\u00e9 es?\"},{\"@type\":\"BreadcrumbList\",\"@id\":\"https:\\\/\\\/dudasytextos.com\\\/preguntaquees\\\/que-es-el-autismo-infantil\\\/#breadcrumblist\",\"itemListElement\":[{\"@type\":\"ListItem\",\"@id\":\"https:\\\/\\\/dudasytextos.com\\\/preguntaquees#listItem\",\"position\":1,\"name\":\"Inicio\",\"item\":\"https:\\\/\\\/dudasytextos.com\\\/preguntaquees\",\"nextItem\":{\"@type\":\"ListItem\",\"@id\":\"https:\\\/\\\/dudasytextos.com\\\/preguntaquees\\\/category\\\/que-es\\\/#listItem\",\"name\":\"\\u00bfQu\\u00e9 es?\"}},{\"@type\":\"ListItem\",\"@id\":\"https:\\\/\\\/dudasytextos.com\\\/preguntaquees\\\/category\\\/que-es\\\/#listItem\",\"position\":2,\"name\":\"\\u00bfQu\\u00e9 es?\",\"item\":\"https:\\\/\\\/dudasytextos.com\\\/preguntaquees\\\/category\\\/que-es\\\/\",\"nextItem\":{\"@type\":\"ListItem\",\"@id\":\"https:\\\/\\\/dudasytextos.com\\\/preguntaquees\\\/que-es-el-autismo-infantil\\\/#listItem\",\"name\":\"Qu\\u00e9 es el autismo infantil\"},\"previousItem\":{\"@type\":\"ListItem\",\"@id\":\"https:\\\/\\\/dudasytextos.com\\\/preguntaquees#listItem\",\"name\":\"Inicio\"}},{\"@type\":\"ListItem\",\"@id\":\"https:\\\/\\\/dudasytextos.com\\\/preguntaquees\\\/que-es-el-autismo-infantil\\\/#listItem\",\"position\":3,\"name\":\"Qu\\u00e9 es el autismo infantil\",\"previousItem\":{\"@type\":\"ListItem\",\"@id\":\"https:\\\/\\\/dudasytextos.com\\\/preguntaquees\\\/category\\\/que-es\\\/#listItem\",\"name\":\"\\u00bfQu\\u00e9 es?\"}}]},{\"@type\":\"Organization\",\"@id\":\"https:\\\/\\\/dudasytextos.com\\\/preguntaquees\\\/#organization\",\"name\":\"\\u00bfC\\u00f3mo funciona?\",\"description\":\"\\u00bfQu\\u00e9 es?\",\"url\":\"https:\\\/\\\/dudasytextos.com\\\/preguntaquees\\\/\"},{\"@type\":\"Person\",\"@id\":\"https:\\\/\\\/dudasytextos.com\\\/preguntaquees\\\/author\\\/admin44\\\/#author\",\"url\":\"https:\\\/\\\/dudasytextos.com\\\/preguntaquees\\\/author\\\/admin44\\\/\",\"name\":\"Ana Gonz\\u00e1lez\"},{\"@type\":\"WebPage\",\"@id\":\"https:\\\/\\\/dudasytextos.com\\\/preguntaquees\\\/que-es-el-autismo-infantil\\\/#webpage\",\"url\":\"https:\\\/\\\/dudasytextos.com\\\/preguntaquees\\\/que-es-el-autismo-infantil\\\/\",\"name\":\"Qu\\u00e9 es el autismo infantil (2026) \\u00bfQu\\u00e9 es?\",\"description\":\"\\u00bfQu\\u00e9 es el autismo infantil? Por Ana Gonz\\u00e1lez Curiosidades y datos interesantes sobre el autismo infantil El autismo es un trastorno del neurodesarrollo que afecta a la comunicaci\\u00f3n y a la interacci\\u00f3n social. Seg\\u00fan la OMS, se estima que uno de cada 160 ni\\u00f1os en todo el mundo tiene trastornos del espectro autista (TEA). El\",\"inLanguage\":\"es-ES\",\"isPartOf\":{\"@id\":\"https:\\\/\\\/dudasytextos.com\\\/preguntaquees\\\/#website\"},\"breadcrumb\":{\"@id\":\"https:\\\/\\\/dudasytextos.com\\\/preguntaquees\\\/que-es-el-autismo-infantil\\\/#breadcrumblist\"},\"author\":{\"@id\":\"https:\\\/\\\/dudasytextos.com\\\/preguntaquees\\\/author\\\/admin44\\\/#author\"},\"creator\":{\"@id\":\"https:\\\/\\\/dudasytextos.com\\\/preguntaquees\\\/author\\\/admin44\\\/#author\"},\"datePublished\":\"2025-03-08T10:24:13+00:00\",\"dateModified\":\"2025-03-13T12:10:10+00:00\"},{\"@type\":\"WebSite\",\"@id\":\"https:\\\/\\\/dudasytextos.com\\\/preguntaquees\\\/#website\",\"url\":\"https:\\\/\\\/dudasytextos.com\\\/preguntaquees\\\/\",\"name\":\"\\u00bfC\\u00f3mo funciona?\",\"description\":\"\\u00bfQu\\u00e9 es?\",\"inLanguage\":\"es-ES\",\"publisher\":{\"@id\":\"https:\\\/\\\/dudasytextos.com\\\/preguntaquees\\\/#organization\"}}]}\n\t\t<\/script>\n\t\t<!-- All in One SEO -->\n\n","aioseo_head_json":{"title":"Qu\u00e9 es el autismo infantil (2026) \u00bfQu\u00e9 es?","description":"\u00bfQu\u00e9 es el autismo infantil? Por Ana Gonz\u00e1lez Curiosidades y datos interesantes sobre el autismo infantil El autismo es un trastorno del neurodesarrollo que afecta a la comunicaci\u00f3n y a la interacci\u00f3n social. Seg\u00fan la OMS, se estima que uno de cada 160 ni\u00f1os en todo el mundo tiene trastornos del espectro autista (TEA). El","canonical_url":"https:\/\/dudasytextos.com\/preguntaquees\/que-es-el-autismo-infantil\/","robots":"max-snippet:-1, max-image-preview:large, max-video-preview:-1","keywords":"","webmasterTools":{"miscellaneous":"&lt;!-- Google tag (gtag.js) --&gt;\n&lt;script async src=\"https:\/\/www.googletagmanager.com\/gtag\/js?id=G-QEZWJ7M6T7\"&gt;&lt;\/script&gt;\n&lt;script&gt;\n  window.dataLayer = window.dataLayer || [];\n  function gtag(){dataLayer.push(arguments);}\n  gtag('js', new Date());\n\n  gtag('config', 'G-QEZWJ7M6T7');\n&lt;\/script&gt;\n&lt;script async src=\"https:\/\/pagead2.googlesyndication.com\/pagead\/js\/adsbygoogle.js?client=ca-pub-3987500858204711\"\n     crossorigin=\"anonymous\"&gt;&lt;\/script&gt;"},"schema":{"@context":"https:\/\/schema.org","@graph":[{"@type":"BlogPosting","@id":"https:\/\/dudasytextos.com\/preguntaquees\/que-es-el-autismo-infantil\/#blogposting","name":"Qu\u00e9 es el autismo infantil (2026) \u00bfQu\u00e9 es?","headline":"Qu\u00e9 es el autismo infantil","author":{"@id":"https:\/\/dudasytextos.com\/preguntaquees\/author\/admin44\/#author"},"publisher":{"@id":"https:\/\/dudasytextos.com\/preguntaquees\/#organization"},"datePublished":"2025-03-08T10:24:13+00:00","dateModified":"2025-03-13T12:10:10+00:00","inLanguage":"es-ES","mainEntityOfPage":{"@id":"https:\/\/dudasytextos.com\/preguntaquees\/que-es-el-autismo-infantil\/#webpage"},"isPartOf":{"@id":"https:\/\/dudasytextos.com\/preguntaquees\/que-es-el-autismo-infantil\/#webpage"},"articleSection":"\u00bfQu\u00e9 es?"},{"@type":"BreadcrumbList","@id":"https:\/\/dudasytextos.com\/preguntaquees\/que-es-el-autismo-infantil\/#breadcrumblist","itemListElement":[{"@type":"ListItem","@id":"https:\/\/dudasytextos.com\/preguntaquees#listItem","position":1,"name":"Inicio","item":"https:\/\/dudasytextos.com\/preguntaquees","nextItem":{"@type":"ListItem","@id":"https:\/\/dudasytextos.com\/preguntaquees\/category\/que-es\/#listItem","name":"\u00bfQu\u00e9 es?"}},{"@type":"ListItem","@id":"https:\/\/dudasytextos.com\/preguntaquees\/category\/que-es\/#listItem","position":2,"name":"\u00bfQu\u00e9 es?","item":"https:\/\/dudasytextos.com\/preguntaquees\/category\/que-es\/","nextItem":{"@type":"ListItem","@id":"https:\/\/dudasytextos.com\/preguntaquees\/que-es-el-autismo-infantil\/#listItem","name":"Qu\u00e9 es el autismo infantil"},"previousItem":{"@type":"ListItem","@id":"https:\/\/dudasytextos.com\/preguntaquees#listItem","name":"Inicio"}},{"@type":"ListItem","@id":"https:\/\/dudasytextos.com\/preguntaquees\/que-es-el-autismo-infantil\/#listItem","position":3,"name":"Qu\u00e9 es el autismo infantil","previousItem":{"@type":"ListItem","@id":"https:\/\/dudasytextos.com\/preguntaquees\/category\/que-es\/#listItem","name":"\u00bfQu\u00e9 es?"}}]},{"@type":"Organization","@id":"https:\/\/dudasytextos.com\/preguntaquees\/#organization","name":"\u00bfC\u00f3mo funciona?","description":"\u00bfQu\u00e9 es?","url":"https:\/\/dudasytextos.com\/preguntaquees\/"},{"@type":"Person","@id":"https:\/\/dudasytextos.com\/preguntaquees\/author\/admin44\/#author","url":"https:\/\/dudasytextos.com\/preguntaquees\/author\/admin44\/","name":"Ana Gonz\u00e1lez"},{"@type":"WebPage","@id":"https:\/\/dudasytextos.com\/preguntaquees\/que-es-el-autismo-infantil\/#webpage","url":"https:\/\/dudasytextos.com\/preguntaquees\/que-es-el-autismo-infantil\/","name":"Qu\u00e9 es el autismo infantil (2026) \u00bfQu\u00e9 es?","description":"\u00bfQu\u00e9 es el autismo infantil? Por Ana Gonz\u00e1lez Curiosidades y datos interesantes sobre el autismo infantil El autismo es un trastorno del neurodesarrollo que afecta a la comunicaci\u00f3n y a la interacci\u00f3n social. Seg\u00fan la OMS, se estima que uno de cada 160 ni\u00f1os en todo el mundo tiene trastornos del espectro autista (TEA). El","inLanguage":"es-ES","isPartOf":{"@id":"https:\/\/dudasytextos.com\/preguntaquees\/#website"},"breadcrumb":{"@id":"https:\/\/dudasytextos.com\/preguntaquees\/que-es-el-autismo-infantil\/#breadcrumblist"},"author":{"@id":"https:\/\/dudasytextos.com\/preguntaquees\/author\/admin44\/#author"},"creator":{"@id":"https:\/\/dudasytextos.com\/preguntaquees\/author\/admin44\/#author"},"datePublished":"2025-03-08T10:24:13+00:00","dateModified":"2025-03-13T12:10:10+00:00"},{"@type":"WebSite","@id":"https:\/\/dudasytextos.com\/preguntaquees\/#website","url":"https:\/\/dudasytextos.com\/preguntaquees\/","name":"\u00bfC\u00f3mo funciona?","description":"\u00bfQu\u00e9 es?","inLanguage":"es-ES","publisher":{"@id":"https:\/\/dudasytextos.com\/preguntaquees\/#organization"}}]},"og:locale":"es_ES","og:site_name":"\u00bfQu\u00e9 es? - \u00bfQu\u00e9 es?","og:type":"article","og:title":"Qu\u00e9 es el autismo infantil (2026) \u00bfQu\u00e9 es?","og:description":"\u00bfQu\u00e9 es el autismo infantil? Por Ana Gonz\u00e1lez Curiosidades y datos interesantes sobre el autismo infantil El autismo es un trastorno del neurodesarrollo que afecta a la comunicaci\u00f3n y a la interacci\u00f3n social. Seg\u00fan la OMS, se estima que uno de cada 160 ni\u00f1os en todo el mundo tiene trastornos del espectro autista (TEA). El","og:url":"https:\/\/dudasytextos.com\/preguntaquees\/que-es-el-autismo-infantil\/","article:published_time":"2025-03-08T10:24:13+00:00","article:modified_time":"2025-03-13T12:10:10+00:00","twitter:card":"summary_large_image","twitter:title":"Qu\u00e9 es el autismo infantil (2026) \u00bfQu\u00e9 es?","twitter:description":"\u00bfQu\u00e9 es el autismo infantil? Por Ana Gonz\u00e1lez Curiosidades y datos interesantes sobre el autismo infantil El autismo es un trastorno del neurodesarrollo que afecta a la comunicaci\u00f3n y a la interacci\u00f3n social. Seg\u00fan la OMS, se estima que uno de cada 160 ni\u00f1os en todo el mundo tiene trastornos del espectro autista (TEA). El"},"aioseo_meta_data":{"post_id":"147796","title":null,"description":null,"keywords":null,"keyphrases":null,"primary_term":null,"canonical_url":null,"og_title":null,"og_description":null,"og_object_type":"default","og_image_type":"default","og_image_url":null,"og_image_width":null,"og_image_height":null,"og_image_custom_url":null,"og_image_custom_fields":null,"og_video":null,"og_custom_url":null,"og_article_section":null,"og_article_tags":null,"twitter_use_og":false,"twitter_card":"default","twitter_image_type":"default","twitter_image_url":null,"twitter_image_custom_url":null,"twitter_image_custom_fields":null,"twitter_title":null,"twitter_description":null,"schema":{"blockGraphs":[],"customGraphs":[],"default":{"data":{"Article":[],"Course":[],"Dataset":[],"FAQPage":[],"Movie":[],"Person":[],"Product":[],"ProductReview":[],"Car":[],"Recipe":[],"Service":[],"SoftwareApplication":[],"WebPage":[]},"graphName":"","isEnabled":true},"graphs":[]},"schema_type":"default","schema_type_options":null,"pillar_content":false,"robots_default":true,"robots_noindex":false,"robots_noarchive":false,"robots_nosnippet":false,"robots_nofollow":false,"robots_noimageindex":false,"robots_noodp":false,"robots_notranslate":false,"robots_max_snippet":null,"robots_max_videopreview":null,"robots_max_imagepreview":"large","priority":null,"frequency":null,"local_seo":null,"breadcrumb_settings":null,"limit_modified_date":false,"ai":null,"created":"2023-05-15 18:12:03","updated":"2025-06-04 08:06:35","seo_analyzer_scan_date":null,"focus_keyword":null,"additional_keywords":null,"truseo_locale":null},"aioseo_breadcrumb":"<div class=\"aioseo-breadcrumbs\"><span class=\"aioseo-breadcrumb\">\n\t\t\t<a href=\"https:\/\/dudasytextos.com\/preguntaquees\" title=\"Inicio\">Inicio<\/a>\n\t\t<\/span><span class=\"aioseo-breadcrumb-separator\">&raquo;<\/span><span class=\"aioseo-breadcrumb\">\n\t\t\t<a href=\"https:\/\/dudasytextos.com\/preguntaquees\/category\/que-es\/\" title=\"\u00bfQu\u00e9 es?\">\u00bfQu\u00e9 es?<\/a>\n\t\t<\/span><span class=\"aioseo-breadcrumb-separator\">&raquo;<\/span><span class=\"aioseo-breadcrumb\">\n\t\t\tQu\u00e9 es el autismo infantil\n\t\t<\/span><\/div>","aioseo_breadcrumb_json":[{"label":"Inicio","link":"https:\/\/dudasytextos.com\/preguntaquees"},{"label":"\u00bfQu\u00e9 es?","link":"https:\/\/dudasytextos.com\/preguntaquees\/category\/que-es\/"},{"label":"Qu\u00e9 es el autismo infantil","link":"https:\/\/dudasytextos.com\/preguntaquees\/que-es-el-autismo-infantil\/"}],"_links":{"self":[{"href":"https:\/\/dudasytextos.com\/preguntaquees\/wp-json\/wp\/v2\/posts\/147796","targetHints":{"allow":["GET"]}}],"collection":[{"href":"https:\/\/dudasytextos.com\/preguntaquees\/wp-json\/wp\/v2\/posts"}],"about":[{"href":"https:\/\/dudasytextos.com\/preguntaquees\/wp-json\/wp\/v2\/types\/post"}],"author":[{"embeddable":true,"href":"https:\/\/dudasytextos.com\/preguntaquees\/wp-json\/wp\/v2\/users\/1"}],"replies":[{"embeddable":true,"href":"https:\/\/dudasytextos.com\/preguntaquees\/wp-json\/wp\/v2\/comments?post=147796"}],"version-history":[{"count":1,"href":"https:\/\/dudasytextos.com\/preguntaquees\/wp-json\/wp\/v2\/posts\/147796\/revisions"}],"predecessor-version":[{"id":158121,"href":"https:\/\/dudasytextos.com\/preguntaquees\/wp-json\/wp\/v2\/posts\/147796\/revisions\/158121"}],"wp:attachment":[{"href":"https:\/\/dudasytextos.com\/preguntaquees\/wp-json\/wp\/v2\/media?parent=147796"}],"wp:term":[{"taxonomy":"category","embeddable":true,"href":"https:\/\/dudasytextos.com\/preguntaquees\/wp-json\/wp\/v2\/categories?post=147796"},{"taxonomy":"post_tag","embeddable":true,"href":"https:\/\/dudasytextos.com\/preguntaquees\/wp-json\/wp\/v2\/tags?post=147796"}],"curies":[{"name":"wp","href":"https:\/\/api.w.org\/{rel}","templated":true}]}}