{"id":147861,"date":"2025-02-16T00:45:18","date_gmt":"2025-02-16T00:45:18","guid":{"rendered":"https:\/\/educacion.cc\/?p=147861"},"modified":"2025-03-13T01:58:17","modified_gmt":"2025-03-13T01:58:17","slug":"que-es-el-deficit-calorico","status":"publish","type":"post","link":"https:\/\/dudasytextos.com\/preguntaquees\/que-es-el-deficit-calorico\/","title":{"rendered":"Qu\u00e9 es el deficit calorico"},"content":{"rendered":"<div id=\"ez-toc-container\" class=\"ez-toc-v2_0_87 counter-hierarchy ez-toc-counter ez-toc-custom ez-toc-container-direction\">\n<div class=\"ez-toc-title-container\">\n<span class=\"ez-toc-title-toggle\"><\/span><\/div>\n<nav><ul class='ez-toc-list ez-toc-list-level-1 ' ><li class='ez-toc-page-1 ez-toc-heading-level-2'><a class=\"ez-toc-link ez-toc-heading-1\" href=\"https:\/\/dudasytextos.com\/preguntaquees\/que-es-el-deficit-calorico\/#Que_es_el_deficit_calorico\" >Qu\u00e9 es el d\u00e9ficit cal\u00f3rico<\/a><\/li><li class='ez-toc-page-1 ez-toc-heading-level-2'><a class=\"ez-toc-link ez-toc-heading-2\" href=\"https:\/\/dudasytextos.com\/preguntaquees\/que-es-el-deficit-calorico\/#Curiosidades_sobre_el_deficit_calorico\" >Curiosidades sobre el d\u00e9ficit cal\u00f3rico<\/a><\/li><li class='ez-toc-page-1 ez-toc-heading-level-2'><a class=\"ez-toc-link ez-toc-heading-3\" href=\"https:\/\/dudasytextos.com\/preguntaquees\/que-es-el-deficit-calorico\/#Que_es_el_deficit_calorico-2\" >Qu\u00e9 es el d\u00e9ficit cal\u00f3rico<\/a><\/li><li class='ez-toc-page-1 ez-toc-heading-level-2'><a class=\"ez-toc-link ez-toc-heading-4\" href=\"https:\/\/dudasytextos.com\/preguntaquees\/que-es-el-deficit-calorico\/#Como_calcular_el_deficit_calorico\" >C\u00f3mo calcular el d\u00e9ficit cal\u00f3rico<\/a><\/li><li class='ez-toc-page-1 ez-toc-heading-level-2'><a class=\"ez-toc-link ez-toc-heading-5\" href=\"https:\/\/dudasytextos.com\/preguntaquees\/que-es-el-deficit-calorico\/#Como_aplicar_el_deficit_calorico_en_tu_rutina_diaria\" >C\u00f3mo aplicar el d\u00e9ficit cal\u00f3rico en tu rutina diaria<\/a><\/li><li class='ez-toc-page-1 ez-toc-heading-level-2'><a class=\"ez-toc-link ez-toc-heading-6\" href=\"https:\/\/dudasytextos.com\/preguntaquees\/que-es-el-deficit-calorico\/#Mi_experiencia_personal_con_el_deficit_calorico\" >Mi experiencia personal con el d\u00e9ficit cal\u00f3rico<\/a><\/li><li class='ez-toc-page-1 ez-toc-heading-level-2'><a class=\"ez-toc-link ez-toc-heading-7\" href=\"https:\/\/dudasytextos.com\/preguntaquees\/que-es-el-deficit-calorico\/#Preguntas_frecuentes_sobre_el_deficit_calorico\" >Preguntas frecuentes sobre el d\u00e9ficit cal\u00f3rico<\/a><ul class='ez-toc-list-level-3' ><li class='ez-toc-heading-level-3'><a class=\"ez-toc-link ez-toc-heading-8\" href=\"https:\/\/dudasytextos.com\/preguntaquees\/que-es-el-deficit-calorico\/#%C2%BFEs_seguro_seguir_un_deficit_calorico\" >\u00bfEs seguro seguir un d\u00e9ficit cal\u00f3rico?<\/a><\/li><li class='ez-toc-page-1 ez-toc-heading-level-3'><a class=\"ez-toc-link ez-toc-heading-9\" href=\"https:\/\/dudasytextos.com\/preguntaquees\/que-es-el-deficit-calorico\/#%C2%BFCuantas_calorias_debo_restar_de_mi_ingesta_diaria_para_crear_un_deficit_calorico\" >\u00bfCu\u00e1ntas calor\u00edas debo restar de mi ingesta diaria para crear un d\u00e9ficit cal\u00f3rico?<\/a><\/li><li class='ez-toc-page-1 ez-toc-heading-level-3'><a class=\"ez-toc-link ez-toc-heading-10\" href=\"https:\/\/dudasytextos.com\/preguntaquees\/que-es-el-deficit-calorico\/#%C2%BFPuedo_seguir_comiendo_alimentos_que_me_gustan_mientras_sigo_un_deficit_calorico\" >\u00bfPuedo seguir comiendo alimentos que me gustan mientras sigo un d\u00e9ficit cal\u00f3rico?<\/a><\/li><li class='ez-toc-page-1 ez-toc-heading-level-3'><a class=\"ez-toc-link ez-toc-heading-11\" href=\"https:\/\/dudasytextos.com\/preguntaquees\/que-es-el-deficit-calorico\/#%C2%BFComo_puedo_asegurarme_de_que_estoy_calculando_correctamente_mi_deficit_calorico\" >\u00bfC\u00f3mo puedo asegurarme de que estoy calculando correctamente mi d\u00e9ficit cal\u00f3rico?<\/a><\/li><\/ul><\/li><\/ul><\/nav><\/div>\n<h2><span class=\"ez-toc-section\" id=\"Que_es_el_deficit_calorico\"><\/span>Qu\u00e9 es el d\u00e9ficit cal\u00f3rico<span class=\"ez-toc-section-end\"><\/span><\/h2>\n<p>Escrito por Ana Gonz\u00e1lez<\/p>\n<section>\n<h2><span class=\"ez-toc-section\" id=\"Curiosidades_sobre_el_deficit_calorico\"><\/span>Curiosidades sobre el d\u00e9ficit cal\u00f3rico<span class=\"ez-toc-section-end\"><\/span><\/h2>\n<ul>\n<li>El d\u00e9ficit cal\u00f3rico es la clave para perder peso de manera efectiva y sostenible.<\/li>\n<li>No es necesario seguir una dieta estricta para lograr un d\u00e9ficit cal\u00f3rico, simplemente debes consumir menos calor\u00edas de las que quemas diariamente.<\/li>\n<li>El d\u00e9ficit cal\u00f3rico tambi\u00e9n puede ser utilizado para ganar masa muscular y mejorar tu composici\u00f3n corporal.<\/li>\n<\/ul>\n<\/section>\n<section>\n<h2><span class=\"ez-toc-section\" id=\"Que_es_el_deficit_calorico-2\"><\/span>Qu\u00e9 es el d\u00e9ficit cal\u00f3rico<span class=\"ez-toc-section-end\"><\/span><\/h2>\n<p>El d\u00e9ficit cal\u00f3rico se refiere al estado en el que consumes menos calor\u00edas de las que quemas en un d\u00eda determinado. Esto es necesario para perder peso, ya que tu cuerpo necesita quemar m\u00e1s calor\u00edas de las que consume con el fin de utilizar la energ\u00eda almacenada en forma de grasa corporal.<\/p>\n<p>Es importante destacar que el d\u00e9ficit cal\u00f3rico no significa pasar hambre o seguir una dieta estricta. De hecho, puedes lograr un d\u00e9ficit cal\u00f3rico simplemente reduciendo el tama\u00f1o de tus porciones y eligiendo opciones m\u00e1s saludables en tus comidas diarias.<\/p>\n<p>Adem\u00e1s, el d\u00e9ficit cal\u00f3rico no es solo \u00fatil para la p\u00e9rdida de peso. Tambi\u00e9n puede ser utilizado para ganar masa muscular y mejorar la composici\u00f3n corporal, siempre y cuando se combine con un entrenamiento adecuado y una dieta equilibrada.<\/p>\n<\/section>\n<section>\n<h2><span class=\"ez-toc-section\" id=\"Como_calcular_el_deficit_calorico\"><\/span>C\u00f3mo calcular el d\u00e9ficit cal\u00f3rico<span class=\"ez-toc-section-end\"><\/span><\/h2>\n<p>Para calcular tu d\u00e9ficit cal\u00f3rico, primero debes determinar tu tasa metab\u00f3lica basal (TMB), es decir, la cantidad de calor\u00edas que tu cuerpo quema en reposo. Luego, debes sumar las calor\u00edas que quemas a trav\u00e9s de tu actividad diaria y ejercicio f\u00edsico.<\/p>\n<p>Una vez que tengas esta informaci\u00f3n, debes restar un n\u00famero determinado de calor\u00edas de tu ingesta diaria para crear un d\u00e9ficit. Esta cantidad puede variar seg\u00fan tus objetivos de p\u00e9rdida de peso o ganancia muscular, tu nivel de actividad f\u00edsica y tu tasa metab\u00f3lica basal.<\/p>\n<p>Es importante destacar que nunca debes reducir tu ingesta cal\u00f3rica por debajo de tus necesidades diarias, ya que esto puede tener efectos negativos en tu salud y tu metabolismo.<\/p>\n<\/section>\n<section>\n<h2><span class=\"ez-toc-section\" id=\"Como_aplicar_el_deficit_calorico_en_tu_rutina_diaria\"><\/span>C\u00f3mo aplicar el d\u00e9ficit cal\u00f3rico en tu rutina diaria<span class=\"ez-toc-section-end\"><\/span><\/h2>\n<p>Una vez que hayas calculado tu d\u00e9ficit cal\u00f3rico, es importante aplicarlo de manera efectiva en tu rutina diaria. Esto puede incluir:<\/p>\n<ul>\n<li>Reducir el tama\u00f1o de tus porciones en las comidas.<\/li>\n<li>Elegir opciones m\u00e1s saludables en tus comidas diarias, como frutas, verduras, prote\u00ednas magras y carbohidratos complejos.<\/li>\n<li>Aumentar tu actividad f\u00edsica diaria, ya sea a trav\u00e9s de caminatas, entrenamiento de fuerza o ejercicio cardiovascular.<\/li>\n<\/ul>\n<p>Es importante tener en cuenta que el d\u00e9ficit cal\u00f3rico no es una soluci\u00f3n r\u00e1pida para la p\u00e9rdida de peso o la ganancia muscular. Es necesario ser constante y paciente para lograr resultados sostenibles a largo plazo.<\/p>\n<p>Adem\u00e1s, es importante consultar con un profesional de la salud o un entrenador personal antes de comenzar cualquier programa de p\u00e9rdida de peso o ganancia muscular para asegurarse de que sea seguro y efectivo para tu cuerpo.<\/p>\n<\/section>\n<section>\n<h2><span class=\"ez-toc-section\" id=\"Mi_experiencia_personal_con_el_deficit_calorico\"><\/span>Mi experiencia personal con el d\u00e9ficit cal\u00f3rico<span class=\"ez-toc-section-end\"><\/span><\/h2>\n<p>Como alguien que ha luchado con su peso durante a\u00f1os, descubrir el d\u00e9ficit cal\u00f3rico ha sido un cambio de juego para m\u00ed. En lugar de seguir dietas estrictas y pasar hambre, he aprendido a controlar mi ingesta cal\u00f3rica de manera efectiva y a elegir opciones m\u00e1s saludables en mis comidas diarias.<\/p>\n<p>Esto me ha permitido perder peso de manera sostenible y mejorar mi composici\u00f3n corporal sin sentir que estoy priv\u00e1ndome de alimentos que me gustan. Adem\u00e1s, he descubierto que el d\u00e9ficit cal\u00f3rico tambi\u00e9n puede ser una herramienta poderosa para ganar masa muscular y mejorar mi rendimiento en el entrenamiento de fuerza.<\/p>\n<\/section>\n<section>\n<h2><span class=\"ez-toc-section\" id=\"Preguntas_frecuentes_sobre_el_deficit_calorico\"><\/span>Preguntas frecuentes sobre el d\u00e9ficit cal\u00f3rico<span class=\"ez-toc-section-end\"><\/span><\/h2>\n<h3><span class=\"ez-toc-section\" id=\"%C2%BFEs_seguro_seguir_un_deficit_calorico\"><\/span>\u00bfEs seguro seguir un d\u00e9ficit cal\u00f3rico?<span class=\"ez-toc-section-end\"><\/span><\/h3>\n<p>S\u00ed, siempre y cuando no reduzcas tu ingesta cal\u00f3rica por debajo de tus necesidades diarias y consultes con un profesional de la salud o un entrenador personal antes de comenzar cualquier programa de p\u00e9rdida de peso o ganancia muscular.<\/p>\n<h3><span class=\"ez-toc-section\" id=\"%C2%BFCuantas_calorias_debo_restar_de_mi_ingesta_diaria_para_crear_un_deficit_calorico\"><\/span>\u00bfCu\u00e1ntas calor\u00edas debo restar de mi ingesta diaria para crear un d\u00e9ficit cal\u00f3rico?<span class=\"ez-toc-section-end\"><\/span><\/h3>\n<p>Esto puede variar seg\u00fan tus objetivos de p\u00e9rdida de peso o ganancia muscular, tu nivel de actividad f\u00edsica y tu tasa metab\u00f3lica basal. Es recomendable consultar con un profesional de la salud o un entrenador personal para determinar la cantidad adecuada de calor\u00edas a reducir.<\/p>\n<h3><span class=\"ez-toc-section\" id=\"%C2%BFPuedo_seguir_comiendo_alimentos_que_me_gustan_mientras_sigo_un_deficit_calorico\"><\/span>\u00bfPuedo seguir comiendo alimentos que me gustan mientras sigo un d\u00e9ficit cal\u00f3rico?<span class=\"ez-toc-section-end\"><\/span><\/h3>\n<p>S\u00ed, siempre y cuando controles tu ingesta cal\u00f3rica y elijas opciones m\u00e1s saludables en tus comidas diarias. No es necesario eliminar completamente los alimentos que te gustan, pero es importante tener en cuenta su valor cal\u00f3rico y su impacto en tu ingesta diaria.<\/p>\n<h3><span class=\"ez-toc-section\" id=\"%C2%BFComo_puedo_asegurarme_de_que_estoy_calculando_correctamente_mi_deficit_calorico\"><\/span>\u00bfC\u00f3mo puedo asegurarme de que estoy calculando correctamente mi d\u00e9ficit cal\u00f3rico?<span class=\"ez-toc-section-end\"><\/span><\/h3>\n<p>Es recomendable utilizar una calculadora en l\u00ednea o consultar con un profesional de la salud o un entrenador personal para obtener una estimaci\u00f3n precisa de tu tasa metab\u00f3lica basal y la cantidad de calor\u00edas que debes consumir diariamente para crear un d\u00e9ficit.<\/p>\n<\/section>\n","protected":false},"excerpt":{"rendered":"<p>Qu\u00e9 es el d\u00e9ficit cal\u00f3rico Escrito por Ana Gonz\u00e1lez Curiosidades sobre el d\u00e9ficit cal\u00f3rico El d\u00e9ficit cal\u00f3rico es la clave para perder peso de manera efectiva y sostenible. No es necesario seguir una dieta estricta para lograr un d\u00e9ficit cal\u00f3rico, simplemente debes consumir menos calor\u00edas de las que quemas diariamente. El d\u00e9ficit cal\u00f3rico tambi\u00e9n puede &#8230; <a title=\"Qu\u00e9 es el deficit calorico\" class=\"read-more\" href=\"https:\/\/dudasytextos.com\/preguntaquees\/que-es-el-deficit-calorico\/\" aria-label=\"M\u00e1s en Qu\u00e9 es el deficit calorico\">Leer m\u00e1s<\/a><\/p>\n","protected":false},"author":1,"featured_media":0,"comment_status":"open","ping_status":"open","sticky":false,"template":"","format":"standard","meta":{"footnotes":""},"categories":[4],"tags":[],"class_list":["post-147861","post","type-post","status-publish","format-standard","hentry","category-que-es"],"aioseo_notices":[],"aioseo_head":"\n\t\t<!-- All in One SEO 5.0.1.1 - aioseo.com -->\n\t<meta name=\"description\" content=\"Qu\u00e9 es el d\u00e9ficit cal\u00f3rico Escrito por Ana Gonz\u00e1lez Curiosidades sobre el d\u00e9ficit cal\u00f3rico El d\u00e9ficit cal\u00f3rico es la clave para perder peso de manera efectiva y sostenible. No es necesario seguir una dieta estricta para lograr un d\u00e9ficit cal\u00f3rico, simplemente debes consumir menos calor\u00edas de las que quemas diariamente. El d\u00e9ficit cal\u00f3rico tambi\u00e9n puede\" \/>\n\t<meta name=\"robots\" content=\"max-snippet:-1, max-image-preview:large, max-video-preview:-1\" \/>\n\t<meta name=\"author\" content=\"Ana Gonz\u00e1lez\"\/>\n\t<link rel=\"canonical\" href=\"https:\/\/dudasytextos.com\/preguntaquees\/que-es-el-deficit-calorico\/\" \/>\n\t<meta name=\"generator\" content=\"All in One SEO (AIOSEO) 5.0.1.1\" \/>\n\n\t\t<!-- Google tag (gtag.js) -->\n<script async src=\"https:\/\/www.googletagmanager.com\/gtag\/js?id=G-QEZWJ7M6T7\"><\/script>\n<script>\n  window.dataLayer = window.dataLayer || [];\n  function gtag(){dataLayer.push(arguments);}\n  gtag('js', new Date());\n\n  gtag('config', 'G-QEZWJ7M6T7');\n<\/script>\n<script async src=\"https:\/\/pagead2.googlesyndication.com\/pagead\/js\/adsbygoogle.js?client=ca-pub-3987500858204711\"\n     crossorigin=\"anonymous\"><\/script>\n\t\t<meta property=\"og:locale\" content=\"es_ES\" \/>\n\t\t<meta property=\"og:site_name\" content=\"\u00bfQu\u00e9 es? - \u00bfQu\u00e9 es?\" \/>\n\t\t<meta property=\"og:type\" content=\"article\" \/>\n\t\t<meta property=\"og:title\" content=\"Qu\u00e9 es el deficit calorico (2026) \u00bfQu\u00e9 es?\" \/>\n\t\t<meta property=\"og:description\" content=\"Qu\u00e9 es el d\u00e9ficit cal\u00f3rico Escrito por Ana Gonz\u00e1lez Curiosidades sobre el d\u00e9ficit cal\u00f3rico El d\u00e9ficit cal\u00f3rico es la clave para perder peso de manera efectiva y sostenible. No es necesario seguir una dieta estricta para lograr un d\u00e9ficit cal\u00f3rico, simplemente debes consumir menos calor\u00edas de las que quemas diariamente. El d\u00e9ficit cal\u00f3rico tambi\u00e9n puede\" \/>\n\t\t<meta property=\"og:url\" content=\"https:\/\/dudasytextos.com\/preguntaquees\/que-es-el-deficit-calorico\/\" \/>\n\t\t<meta property=\"article:published_time\" content=\"2025-02-16T00:45:18+00:00\" \/>\n\t\t<meta property=\"article:modified_time\" content=\"2025-03-13T01:58:17+00:00\" \/>\n\t\t<meta name=\"twitter:card\" content=\"summary_large_image\" \/>\n\t\t<meta name=\"twitter:title\" content=\"Qu\u00e9 es el deficit calorico (2026) \u00bfQu\u00e9 es?\" \/>\n\t\t<meta name=\"twitter:description\" content=\"Qu\u00e9 es el d\u00e9ficit cal\u00f3rico Escrito por Ana Gonz\u00e1lez Curiosidades sobre el d\u00e9ficit cal\u00f3rico El d\u00e9ficit cal\u00f3rico es la clave para perder peso de manera efectiva y sostenible. No es necesario seguir una dieta estricta para lograr un d\u00e9ficit cal\u00f3rico, simplemente debes consumir menos calor\u00edas de las que quemas diariamente. El d\u00e9ficit cal\u00f3rico tambi\u00e9n puede\" \/>\n\t\t<script type=\"application\/ld+json\" class=\"aioseo-schema\">\n\t\t\t{\"@context\":\"https:\\\/\\\/schema.org\",\"@graph\":[{\"@type\":\"BlogPosting\",\"@id\":\"https:\\\/\\\/dudasytextos.com\\\/preguntaquees\\\/que-es-el-deficit-calorico\\\/#blogposting\",\"name\":\"Qu\\u00e9 es el deficit calorico (2026) \\u00bfQu\\u00e9 es?\",\"headline\":\"Qu\\u00e9 es el deficit calorico\",\"author\":{\"@id\":\"https:\\\/\\\/dudasytextos.com\\\/preguntaquees\\\/author\\\/admin44\\\/#author\"},\"publisher\":{\"@id\":\"https:\\\/\\\/dudasytextos.com\\\/preguntaquees\\\/#organization\"},\"datePublished\":\"2025-02-16T00:45:18+00:00\",\"dateModified\":\"2025-03-13T01:58:17+00:00\",\"inLanguage\":\"es-ES\",\"mainEntityOfPage\":{\"@id\":\"https:\\\/\\\/dudasytextos.com\\\/preguntaquees\\\/que-es-el-deficit-calorico\\\/#webpage\"},\"isPartOf\":{\"@id\":\"https:\\\/\\\/dudasytextos.com\\\/preguntaquees\\\/que-es-el-deficit-calorico\\\/#webpage\"},\"articleSection\":\"\\u00bfQu\\u00e9 es?\"},{\"@type\":\"BreadcrumbList\",\"@id\":\"https:\\\/\\\/dudasytextos.com\\\/preguntaquees\\\/que-es-el-deficit-calorico\\\/#breadcrumblist\",\"itemListElement\":[{\"@type\":\"ListItem\",\"@id\":\"https:\\\/\\\/dudasytextos.com\\\/preguntaquees#listItem\",\"position\":1,\"name\":\"Inicio\",\"item\":\"https:\\\/\\\/dudasytextos.com\\\/preguntaquees\",\"nextItem\":{\"@type\":\"ListItem\",\"@id\":\"https:\\\/\\\/dudasytextos.com\\\/preguntaquees\\\/category\\\/que-es\\\/#listItem\",\"name\":\"\\u00bfQu\\u00e9 es?\"}},{\"@type\":\"ListItem\",\"@id\":\"https:\\\/\\\/dudasytextos.com\\\/preguntaquees\\\/category\\\/que-es\\\/#listItem\",\"position\":2,\"name\":\"\\u00bfQu\\u00e9 es?\",\"item\":\"https:\\\/\\\/dudasytextos.com\\\/preguntaquees\\\/category\\\/que-es\\\/\",\"nextItem\":{\"@type\":\"ListItem\",\"@id\":\"https:\\\/\\\/dudasytextos.com\\\/preguntaquees\\\/que-es-el-deficit-calorico\\\/#listItem\",\"name\":\"Qu\\u00e9 es el deficit calorico\"},\"previousItem\":{\"@type\":\"ListItem\",\"@id\":\"https:\\\/\\\/dudasytextos.com\\\/preguntaquees#listItem\",\"name\":\"Inicio\"}},{\"@type\":\"ListItem\",\"@id\":\"https:\\\/\\\/dudasytextos.com\\\/preguntaquees\\\/que-es-el-deficit-calorico\\\/#listItem\",\"position\":3,\"name\":\"Qu\\u00e9 es el deficit calorico\",\"previousItem\":{\"@type\":\"ListItem\",\"@id\":\"https:\\\/\\\/dudasytextos.com\\\/preguntaquees\\\/category\\\/que-es\\\/#listItem\",\"name\":\"\\u00bfQu\\u00e9 es?\"}}]},{\"@type\":\"Organization\",\"@id\":\"https:\\\/\\\/dudasytextos.com\\\/preguntaquees\\\/#organization\",\"name\":\"\\u00bfC\\u00f3mo funciona?\",\"description\":\"\\u00bfQu\\u00e9 es?\",\"url\":\"https:\\\/\\\/dudasytextos.com\\\/preguntaquees\\\/\"},{\"@type\":\"Person\",\"@id\":\"https:\\\/\\\/dudasytextos.com\\\/preguntaquees\\\/author\\\/admin44\\\/#author\",\"url\":\"https:\\\/\\\/dudasytextos.com\\\/preguntaquees\\\/author\\\/admin44\\\/\",\"name\":\"Ana Gonz\\u00e1lez\"},{\"@type\":\"WebPage\",\"@id\":\"https:\\\/\\\/dudasytextos.com\\\/preguntaquees\\\/que-es-el-deficit-calorico\\\/#webpage\",\"url\":\"https:\\\/\\\/dudasytextos.com\\\/preguntaquees\\\/que-es-el-deficit-calorico\\\/\",\"name\":\"Qu\\u00e9 es el deficit calorico (2026) \\u00bfQu\\u00e9 es?\",\"description\":\"Qu\\u00e9 es el d\\u00e9ficit cal\\u00f3rico Escrito por Ana Gonz\\u00e1lez Curiosidades sobre el d\\u00e9ficit cal\\u00f3rico El d\\u00e9ficit cal\\u00f3rico es la clave para perder peso de manera efectiva y sostenible. No es necesario seguir una dieta estricta para lograr un d\\u00e9ficit cal\\u00f3rico, simplemente debes consumir menos calor\\u00edas de las que quemas diariamente. El d\\u00e9ficit cal\\u00f3rico tambi\\u00e9n puede\",\"inLanguage\":\"es-ES\",\"isPartOf\":{\"@id\":\"https:\\\/\\\/dudasytextos.com\\\/preguntaquees\\\/#website\"},\"breadcrumb\":{\"@id\":\"https:\\\/\\\/dudasytextos.com\\\/preguntaquees\\\/que-es-el-deficit-calorico\\\/#breadcrumblist\"},\"author\":{\"@id\":\"https:\\\/\\\/dudasytextos.com\\\/preguntaquees\\\/author\\\/admin44\\\/#author\"},\"creator\":{\"@id\":\"https:\\\/\\\/dudasytextos.com\\\/preguntaquees\\\/author\\\/admin44\\\/#author\"},\"datePublished\":\"2025-02-16T00:45:18+00:00\",\"dateModified\":\"2025-03-13T01:58:17+00:00\"},{\"@type\":\"WebSite\",\"@id\":\"https:\\\/\\\/dudasytextos.com\\\/preguntaquees\\\/#website\",\"url\":\"https:\\\/\\\/dudasytextos.com\\\/preguntaquees\\\/\",\"name\":\"\\u00bfC\\u00f3mo funciona?\",\"description\":\"\\u00bfQu\\u00e9 es?\",\"inLanguage\":\"es-ES\",\"publisher\":{\"@id\":\"https:\\\/\\\/dudasytextos.com\\\/preguntaquees\\\/#organization\"}}]}\n\t\t<\/script>\n\t\t<!-- All in One SEO -->\n\n","aioseo_head_json":{"title":"Qu\u00e9 es el deficit calorico (2026) \u00bfQu\u00e9 es?","description":"Qu\u00e9 es el d\u00e9ficit cal\u00f3rico Escrito por Ana Gonz\u00e1lez Curiosidades sobre el d\u00e9ficit cal\u00f3rico El d\u00e9ficit cal\u00f3rico es la clave para perder peso de manera efectiva y sostenible. No es necesario seguir una dieta estricta para lograr un d\u00e9ficit cal\u00f3rico, simplemente debes consumir menos calor\u00edas de las que quemas diariamente. El d\u00e9ficit cal\u00f3rico tambi\u00e9n puede","canonical_url":"https:\/\/dudasytextos.com\/preguntaquees\/que-es-el-deficit-calorico\/","robots":"max-snippet:-1, max-image-preview:large, max-video-preview:-1","keywords":"","webmasterTools":{"miscellaneous":"&lt;!-- Google tag (gtag.js) --&gt;\n&lt;script async src=\"https:\/\/www.googletagmanager.com\/gtag\/js?id=G-QEZWJ7M6T7\"&gt;&lt;\/script&gt;\n&lt;script&gt;\n  window.dataLayer = window.dataLayer || [];\n  function gtag(){dataLayer.push(arguments);}\n  gtag('js', new Date());\n\n  gtag('config', 'G-QEZWJ7M6T7');\n&lt;\/script&gt;\n&lt;script async src=\"https:\/\/pagead2.googlesyndication.com\/pagead\/js\/adsbygoogle.js?client=ca-pub-3987500858204711\"\n     crossorigin=\"anonymous\"&gt;&lt;\/script&gt;"},"schema":{"@context":"https:\/\/schema.org","@graph":[{"@type":"BlogPosting","@id":"https:\/\/dudasytextos.com\/preguntaquees\/que-es-el-deficit-calorico\/#blogposting","name":"Qu\u00e9 es el deficit calorico (2026) \u00bfQu\u00e9 es?","headline":"Qu\u00e9 es el deficit calorico","author":{"@id":"https:\/\/dudasytextos.com\/preguntaquees\/author\/admin44\/#author"},"publisher":{"@id":"https:\/\/dudasytextos.com\/preguntaquees\/#organization"},"datePublished":"2025-02-16T00:45:18+00:00","dateModified":"2025-03-13T01:58:17+00:00","inLanguage":"es-ES","mainEntityOfPage":{"@id":"https:\/\/dudasytextos.com\/preguntaquees\/que-es-el-deficit-calorico\/#webpage"},"isPartOf":{"@id":"https:\/\/dudasytextos.com\/preguntaquees\/que-es-el-deficit-calorico\/#webpage"},"articleSection":"\u00bfQu\u00e9 es?"},{"@type":"BreadcrumbList","@id":"https:\/\/dudasytextos.com\/preguntaquees\/que-es-el-deficit-calorico\/#breadcrumblist","itemListElement":[{"@type":"ListItem","@id":"https:\/\/dudasytextos.com\/preguntaquees#listItem","position":1,"name":"Inicio","item":"https:\/\/dudasytextos.com\/preguntaquees","nextItem":{"@type":"ListItem","@id":"https:\/\/dudasytextos.com\/preguntaquees\/category\/que-es\/#listItem","name":"\u00bfQu\u00e9 es?"}},{"@type":"ListItem","@id":"https:\/\/dudasytextos.com\/preguntaquees\/category\/que-es\/#listItem","position":2,"name":"\u00bfQu\u00e9 es?","item":"https:\/\/dudasytextos.com\/preguntaquees\/category\/que-es\/","nextItem":{"@type":"ListItem","@id":"https:\/\/dudasytextos.com\/preguntaquees\/que-es-el-deficit-calorico\/#listItem","name":"Qu\u00e9 es el deficit calorico"},"previousItem":{"@type":"ListItem","@id":"https:\/\/dudasytextos.com\/preguntaquees#listItem","name":"Inicio"}},{"@type":"ListItem","@id":"https:\/\/dudasytextos.com\/preguntaquees\/que-es-el-deficit-calorico\/#listItem","position":3,"name":"Qu\u00e9 es el deficit calorico","previousItem":{"@type":"ListItem","@id":"https:\/\/dudasytextos.com\/preguntaquees\/category\/que-es\/#listItem","name":"\u00bfQu\u00e9 es?"}}]},{"@type":"Organization","@id":"https:\/\/dudasytextos.com\/preguntaquees\/#organization","name":"\u00bfC\u00f3mo funciona?","description":"\u00bfQu\u00e9 es?","url":"https:\/\/dudasytextos.com\/preguntaquees\/"},{"@type":"Person","@id":"https:\/\/dudasytextos.com\/preguntaquees\/author\/admin44\/#author","url":"https:\/\/dudasytextos.com\/preguntaquees\/author\/admin44\/","name":"Ana Gonz\u00e1lez"},{"@type":"WebPage","@id":"https:\/\/dudasytextos.com\/preguntaquees\/que-es-el-deficit-calorico\/#webpage","url":"https:\/\/dudasytextos.com\/preguntaquees\/que-es-el-deficit-calorico\/","name":"Qu\u00e9 es el deficit calorico (2026) \u00bfQu\u00e9 es?","description":"Qu\u00e9 es el d\u00e9ficit cal\u00f3rico Escrito por Ana Gonz\u00e1lez Curiosidades sobre el d\u00e9ficit cal\u00f3rico El d\u00e9ficit cal\u00f3rico es la clave para perder peso de manera efectiva y sostenible. No es necesario seguir una dieta estricta para lograr un d\u00e9ficit cal\u00f3rico, simplemente debes consumir menos calor\u00edas de las que quemas diariamente. El d\u00e9ficit cal\u00f3rico tambi\u00e9n puede","inLanguage":"es-ES","isPartOf":{"@id":"https:\/\/dudasytextos.com\/preguntaquees\/#website"},"breadcrumb":{"@id":"https:\/\/dudasytextos.com\/preguntaquees\/que-es-el-deficit-calorico\/#breadcrumblist"},"author":{"@id":"https:\/\/dudasytextos.com\/preguntaquees\/author\/admin44\/#author"},"creator":{"@id":"https:\/\/dudasytextos.com\/preguntaquees\/author\/admin44\/#author"},"datePublished":"2025-02-16T00:45:18+00:00","dateModified":"2025-03-13T01:58:17+00:00"},{"@type":"WebSite","@id":"https:\/\/dudasytextos.com\/preguntaquees\/#website","url":"https:\/\/dudasytextos.com\/preguntaquees\/","name":"\u00bfC\u00f3mo funciona?","description":"\u00bfQu\u00e9 es?","inLanguage":"es-ES","publisher":{"@id":"https:\/\/dudasytextos.com\/preguntaquees\/#organization"}}]},"og:locale":"es_ES","og:site_name":"\u00bfQu\u00e9 es? - \u00bfQu\u00e9 es?","og:type":"article","og:title":"Qu\u00e9 es el deficit calorico (2026) \u00bfQu\u00e9 es?","og:description":"Qu\u00e9 es el d\u00e9ficit cal\u00f3rico Escrito por Ana Gonz\u00e1lez Curiosidades sobre el d\u00e9ficit cal\u00f3rico El d\u00e9ficit cal\u00f3rico es la clave para perder peso de manera efectiva y sostenible. No es necesario seguir una dieta estricta para lograr un d\u00e9ficit cal\u00f3rico, simplemente debes consumir menos calor\u00edas de las que quemas diariamente. El d\u00e9ficit cal\u00f3rico tambi\u00e9n puede","og:url":"https:\/\/dudasytextos.com\/preguntaquees\/que-es-el-deficit-calorico\/","article:published_time":"2025-02-16T00:45:18+00:00","article:modified_time":"2025-03-13T01:58:17+00:00","twitter:card":"summary_large_image","twitter:title":"Qu\u00e9 es el deficit calorico (2026) \u00bfQu\u00e9 es?","twitter:description":"Qu\u00e9 es el d\u00e9ficit cal\u00f3rico Escrito por Ana Gonz\u00e1lez Curiosidades sobre el d\u00e9ficit cal\u00f3rico El d\u00e9ficit cal\u00f3rico es la clave para perder peso de manera efectiva y sostenible. No es necesario seguir una dieta estricta para lograr un d\u00e9ficit cal\u00f3rico, simplemente debes consumir menos calor\u00edas de las que quemas diariamente. El d\u00e9ficit cal\u00f3rico tambi\u00e9n puede"},"aioseo_meta_data":{"post_id":"147861","title":null,"description":null,"keywords":null,"keyphrases":null,"primary_term":null,"canonical_url":null,"og_title":null,"og_description":null,"og_object_type":"default","og_image_type":"default","og_image_url":null,"og_image_width":null,"og_image_height":null,"og_image_custom_url":null,"og_image_custom_fields":null,"og_video":null,"og_custom_url":null,"og_article_section":null,"og_article_tags":null,"twitter_use_og":false,"twitter_card":"default","twitter_image_type":"default","twitter_image_url":null,"twitter_image_custom_url":null,"twitter_image_custom_fields":null,"twitter_title":null,"twitter_description":null,"schema":{"blockGraphs":[],"customGraphs":[],"default":{"data":{"Article":[],"Course":[],"Dataset":[],"FAQPage":[],"Movie":[],"Person":[],"Product":[],"ProductReview":[],"Car":[],"Recipe":[],"Service":[],"SoftwareApplication":[],"WebPage":[]},"graphName":"","isEnabled":true},"graphs":[]},"schema_type":"default","schema_type_options":null,"pillar_content":false,"robots_default":true,"robots_noindex":false,"robots_noarchive":false,"robots_nosnippet":false,"robots_nofollow":false,"robots_noimageindex":false,"robots_noodp":false,"robots_notranslate":false,"robots_max_snippet":null,"robots_max_videopreview":null,"robots_max_imagepreview":"large","priority":null,"frequency":null,"local_seo":null,"breadcrumb_settings":null,"limit_modified_date":false,"ai":null,"created":"2023-05-15 15:34:26","updated":"2025-06-03 19:25:31","seo_analyzer_scan_date":null,"focus_keyword":null,"additional_keywords":null,"truseo_locale":null},"aioseo_breadcrumb":"<div class=\"aioseo-breadcrumbs\"><span class=\"aioseo-breadcrumb\">\n\t\t\t<a href=\"https:\/\/dudasytextos.com\/preguntaquees\" title=\"Inicio\">Inicio<\/a>\n\t\t<\/span><span class=\"aioseo-breadcrumb-separator\">&raquo;<\/span><span class=\"aioseo-breadcrumb\">\n\t\t\t<a href=\"https:\/\/dudasytextos.com\/preguntaquees\/category\/que-es\/\" title=\"\u00bfQu\u00e9 es?\">\u00bfQu\u00e9 es?<\/a>\n\t\t<\/span><span class=\"aioseo-breadcrumb-separator\">&raquo;<\/span><span class=\"aioseo-breadcrumb\">\n\t\t\tQu\u00e9 es el deficit calorico\n\t\t<\/span><\/div>","aioseo_breadcrumb_json":[{"label":"Inicio","link":"https:\/\/dudasytextos.com\/preguntaquees"},{"label":"\u00bfQu\u00e9 es?","link":"https:\/\/dudasytextos.com\/preguntaquees\/category\/que-es\/"},{"label":"Qu\u00e9 es el deficit calorico","link":"https:\/\/dudasytextos.com\/preguntaquees\/que-es-el-deficit-calorico\/"}],"_links":{"self":[{"href":"https:\/\/dudasytextos.com\/preguntaquees\/wp-json\/wp\/v2\/posts\/147861","targetHints":{"allow":["GET"]}}],"collection":[{"href":"https:\/\/dudasytextos.com\/preguntaquees\/wp-json\/wp\/v2\/posts"}],"about":[{"href":"https:\/\/dudasytextos.com\/preguntaquees\/wp-json\/wp\/v2\/types\/post"}],"author":[{"embeddable":true,"href":"https:\/\/dudasytextos.com\/preguntaquees\/wp-json\/wp\/v2\/users\/1"}],"replies":[{"embeddable":true,"href":"https:\/\/dudasytextos.com\/preguntaquees\/wp-json\/wp\/v2\/comments?post=147861"}],"version-history":[{"count":1,"href":"https:\/\/dudasytextos.com\/preguntaquees\/wp-json\/wp\/v2\/posts\/147861\/revisions"}],"predecessor-version":[{"id":158056,"href":"https:\/\/dudasytextos.com\/preguntaquees\/wp-json\/wp\/v2\/posts\/147861\/revisions\/158056"}],"wp:attachment":[{"href":"https:\/\/dudasytextos.com\/preguntaquees\/wp-json\/wp\/v2\/media?parent=147861"}],"wp:term":[{"taxonomy":"category","embeddable":true,"href":"https:\/\/dudasytextos.com\/preguntaquees\/wp-json\/wp\/v2\/categories?post=147861"},{"taxonomy":"post_tag","embeddable":true,"href":"https:\/\/dudasytextos.com\/preguntaquees\/wp-json\/wp\/v2\/tags?post=147861"}],"curies":[{"name":"wp","href":"https:\/\/api.w.org\/{rel}","templated":true}]}}