{"id":148094,"date":"2025-02-18T20:51:23","date_gmt":"2025-02-18T20:51:23","guid":{"rendered":"https:\/\/educacion.cc\/?p=148094"},"modified":"2025-03-13T07:23:07","modified_gmt":"2025-03-13T07:23:07","slug":"que-es-el-alma-para-aristoteles","status":"publish","type":"post","link":"https:\/\/dudasytextos.com\/preguntaquees\/que-es-el-alma-para-aristoteles\/","title":{"rendered":"Qu\u00e9 es el alma para arist\u00f3teles"},"content":{"rendered":"<div id=\"ez-toc-container\" class=\"ez-toc-v2_0_87 counter-hierarchy ez-toc-counter ez-toc-custom ez-toc-container-direction\">\n<div class=\"ez-toc-title-container\">\n<span class=\"ez-toc-title-toggle\"><\/span><\/div>\n<nav><ul class='ez-toc-list ez-toc-list-level-1 ' ><li class='ez-toc-page-1 ez-toc-heading-level-2'><a class=\"ez-toc-link ez-toc-heading-1\" href=\"https:\/\/dudasytextos.com\/preguntaquees\/que-es-el-alma-para-aristoteles\/#%C2%BFQue_es_el_alma_para_Aristoteles\" >\u00bfQu\u00e9 es el alma para Arist\u00f3teles?<\/a><\/li><li class='ez-toc-page-1 ez-toc-heading-level-2'><a class=\"ez-toc-link ez-toc-heading-2\" href=\"https:\/\/dudasytextos.com\/preguntaquees\/que-es-el-alma-para-aristoteles\/#Curiosidades_y_hechos_sobre_el_alma_en_la_filosofia_de_Aristoteles\" >Curiosidades y hechos sobre el alma en la filosof\u00eda de Arist\u00f3teles<\/a><\/li><li class='ez-toc-page-1 ez-toc-heading-level-2'><a class=\"ez-toc-link ez-toc-heading-3\" href=\"https:\/\/dudasytextos.com\/preguntaquees\/que-es-el-alma-para-aristoteles\/#%C2%BFQue_significa_el_alma_para_Aristoteles\" >\u00bfQu\u00e9 significa el alma para Arist\u00f3teles?<\/a><\/li><li class='ez-toc-page-1 ez-toc-heading-level-2'><a class=\"ez-toc-link ez-toc-heading-4\" href=\"https:\/\/dudasytextos.com\/preguntaquees\/que-es-el-alma-para-aristoteles\/#%C2%BFCual_es_el_significado_del_alma_de_Aristoteles_en_la_actualidad\" >\u00bfCu\u00e1l es el significado del alma de Arist\u00f3teles en la actualidad?<\/a><\/li><li class='ez-toc-page-1 ez-toc-heading-level-2'><a class=\"ez-toc-link ez-toc-heading-5\" href=\"https:\/\/dudasytextos.com\/preguntaquees\/que-es-el-alma-para-aristoteles\/#Mis_experiencias_personales_con_la_teoria_del_alma_de_Aristoteles\" >Mis experiencias personales con la teor\u00eda del alma de Arist\u00f3teles<\/a><\/li><li class='ez-toc-page-1 ez-toc-heading-level-2'><a class=\"ez-toc-link ez-toc-heading-6\" href=\"https:\/\/dudasytextos.com\/preguntaquees\/que-es-el-alma-para-aristoteles\/#Preguntas_frecuentes_sobre_el_alma_en_la_filosofia_de_Aristoteles\" >Preguntas frecuentes sobre el alma en la filosof\u00eda de Arist\u00f3teles<\/a><ul class='ez-toc-list-level-3' ><li class='ez-toc-heading-level-3'><a class=\"ez-toc-link ez-toc-heading-7\" href=\"https:\/\/dudasytextos.com\/preguntaquees\/que-es-el-alma-para-aristoteles\/#%C2%BFQue_es_el_alma_para_Aristoteles-2\" >\u00bfQu\u00e9 es el alma para Arist\u00f3teles?<\/a><\/li><li class='ez-toc-page-1 ez-toc-heading-level-3'><a class=\"ez-toc-link ez-toc-heading-8\" href=\"https:\/\/dudasytextos.com\/preguntaquees\/que-es-el-alma-para-aristoteles\/#%C2%BFCual_es_la_importancia_de_la_teoria_del_alma_de_Aristoteles\" >\u00bfCu\u00e1l es la importancia de la teor\u00eda del alma de Arist\u00f3teles?<\/a><\/li><li class='ez-toc-page-1 ez-toc-heading-level-3'><a class=\"ez-toc-link ez-toc-heading-9\" href=\"https:\/\/dudasytextos.com\/preguntaquees\/que-es-el-alma-para-aristoteles\/#%C2%BFComo_se_relaciona_el_alma_con_el_cuerpo_segun_Aristoteles\" >\u00bfC\u00f3mo se relaciona el alma con el cuerpo seg\u00fan Arist\u00f3teles?<\/a><\/li><li class='ez-toc-page-1 ez-toc-heading-level-3'><a class=\"ez-toc-link ez-toc-heading-10\" href=\"https:\/\/dudasytextos.com\/preguntaquees\/que-es-el-alma-para-aristoteles\/#%C2%BFQue_implicaciones_tiene_la_teoria_del_alma_de_Aristoteles_para_la_etica_y_la_psicologia\" >\u00bfQu\u00e9 implicaciones tiene la teor\u00eda del alma de Arist\u00f3teles para la \u00e9tica y la psicolog\u00eda?<\/a><\/li><\/ul><\/li><\/ul><\/nav><\/div>\n<h2><span class=\"ez-toc-section\" id=\"%C2%BFQue_es_el_alma_para_Aristoteles\"><\/span>\u00bfQu\u00e9 es el alma para Arist\u00f3teles?<span class=\"ez-toc-section-end\"><\/span><\/h2>\n<p>Por Ana Gonz\u00e1lez<\/p>\n<section>\n<h2><span class=\"ez-toc-section\" id=\"Curiosidades_y_hechos_sobre_el_alma_en_la_filosofia_de_Aristoteles\"><\/span>Curiosidades y hechos sobre el alma en la filosof\u00eda de Arist\u00f3teles<span class=\"ez-toc-section-end\"><\/span><\/h2>\n<ul>\n<li>Arist\u00f3teles cre\u00eda que el alma es la forma del cuerpo y que cada ser vivo tiene un tipo diferente de alma.<\/li>\n<li>Seg\u00fan Arist\u00f3teles, el alma es la que da vida al cuerpo y es la responsable de sus funciones y movimientos.<\/li>\n<li>Arist\u00f3teles distingue tres tipos de alma: vegetativa, animal y racional.<\/li>\n<li>La teor\u00eda del alma de Arist\u00f3teles ha sido muy influyente en la filosof\u00eda y la ciencia occidentales.<\/li>\n<\/ul>\n<\/section>\n<section>\n<h2><span class=\"ez-toc-section\" id=\"%C2%BFQue_significa_el_alma_para_Aristoteles\"><\/span>\u00bfQu\u00e9 significa el alma para Arist\u00f3teles?<span class=\"ez-toc-section-end\"><\/span><\/h2>\n<p>Para Arist\u00f3teles, el alma es la forma o esencia de un ser vivo, lo que le da vida y lo distingue de la materia inanimada. El alma es la que da unidad y coherencia al cuerpo, y es responsable de sus funciones y movimientos. Seg\u00fan Arist\u00f3teles, cada ser vivo tiene un tipo diferente de alma, que se corresponde con sus caracter\u00edsticas y necesidades espec\u00edficas. <\/p>\n<p>En la filosof\u00eda aristot\u00e9lica, se distinguen tres tipos de alma: vegetativa, animal y racional. El alma vegetativa se encuentra en las plantas y es responsable de sus procesos de crecimiento, nutrici\u00f3n y reproducci\u00f3n. El alma animal se encuentra en los animales y es responsable de sus funciones sensoriales y motoras, as\u00ed como de sus emociones y deseos. Por \u00faltimo, el alma racional se encuentra en los seres humanos y es responsable de su capacidad para razonar, reflexionar y tomar decisiones.<\/p>\n<p>En general, Arist\u00f3teles consideraba que el alma es inseparable del cuerpo y que ambos est\u00e1n en constante interacci\u00f3n. Para \u00e9l, el alma no puede existir sin el cuerpo, pero tampoco es simplemente una propiedad f\u00edsica del cuerpo. En cambio, el alma es la que da vida y coherencia al cuerpo, y es la responsable de sus funciones y movimientos.<\/p>\n<\/section>\n<section>\n<h2><span class=\"ez-toc-section\" id=\"%C2%BFCual_es_el_significado_del_alma_de_Aristoteles_en_la_actualidad\"><\/span>\u00bfCu\u00e1l es el significado del alma de Arist\u00f3teles en la actualidad?<span class=\"ez-toc-section-end\"><\/span><\/h2>\n<p>La teor\u00eda del alma de Arist\u00f3teles ha sido muy influyente en la filosof\u00eda y la ciencia occidentales. Aunque su concepci\u00f3n del alma como forma o esencia ha sido criticada por algunos pensadores modernos, su distinci\u00f3n entre diferentes tipos de almas ha sido \u00fatil para entender las diferencias entre los seres vivos y sus necesidades espec\u00edficas. <\/p>\n<p>Adem\u00e1s, la teor\u00eda del alma de Arist\u00f3teles ha sido relevante en el desarrollo de la \u00e9tica y la psicolog\u00eda. Su idea de que el alma racional es la que nos distingue de los animales y nos da la capacidad de razonar y reflexionar ha sido fundamental para entender la naturaleza humana y nuestras capacidades y limitaciones. <\/p>\n<p>En resumen, aunque la teor\u00eda del alma de Arist\u00f3teles ha sido objeto de debate y cr\u00edtica, sigue siendo relevante para entender la naturaleza de los seres vivos y su relaci\u00f3n con el mundo que les rodea.<\/p>\n<\/section>\n<section>\n<h2><span class=\"ez-toc-section\" id=\"Mis_experiencias_personales_con_la_teoria_del_alma_de_Aristoteles\"><\/span>Mis experiencias personales con la teor\u00eda del alma de Arist\u00f3teles<span class=\"ez-toc-section-end\"><\/span><\/h2>\n<p>Personalmente, he encontrado la teor\u00eda del alma de Arist\u00f3teles muy interesante y \u00fatil para entender la naturaleza humana y nuestras necesidades y capacidades. En particular, su distinci\u00f3n entre el alma vegetativa, animal y racional me ha ayudado a entender las diferencias entre los seres vivos y sus necesidades espec\u00edficas.<\/p>\n<p>Tambi\u00e9n creo que la teor\u00eda del alma de Arist\u00f3teles tiene implicaciones importantes para la \u00e9tica y la psicolog\u00eda. Su idea de que el alma racional es la que nos distingue de los animales y nos da la capacidad de razonar y reflexionar nos obliga a considerar las implicaciones morales de nuestras decisiones y acciones.<\/p>\n<p>En general, creo que la teor\u00eda del alma de Arist\u00f3teles sigue siendo relevante y \u00fatil para entender la naturaleza humana y nuestras capacidades y limitaciones.<\/p>\n<\/section>\n<section>\n<h2><span class=\"ez-toc-section\" id=\"Preguntas_frecuentes_sobre_el_alma_en_la_filosofia_de_Aristoteles\"><\/span>Preguntas frecuentes sobre el alma en la filosof\u00eda de Arist\u00f3teles<span class=\"ez-toc-section-end\"><\/span><\/h2>\n<h3><span class=\"ez-toc-section\" id=\"%C2%BFQue_es_el_alma_para_Aristoteles-2\"><\/span>\u00bfQu\u00e9 es el alma para Arist\u00f3teles?<span class=\"ez-toc-section-end\"><\/span><\/h3>\n<p>Para Arist\u00f3teles, el alma es la forma o esencia de un ser vivo, lo que le da vida y lo distingue de la materia inanimada. El alma es la que da unidad y coherencia al cuerpo, y es responsable de sus funciones y movimientos. Seg\u00fan Arist\u00f3teles, cada ser vivo tiene un tipo diferente de alma, que se corresponde con sus caracter\u00edsticas y necesidades espec\u00edficas.<\/p>\n<h3><span class=\"ez-toc-section\" id=\"%C2%BFCual_es_la_importancia_de_la_teoria_del_alma_de_Aristoteles\"><\/span>\u00bfCu\u00e1l es la importancia de la teor\u00eda del alma de Arist\u00f3teles?<span class=\"ez-toc-section-end\"><\/span><\/h3>\n<p>La teor\u00eda del alma de Arist\u00f3teles ha sido muy influyente en la filosof\u00eda y la ciencia occidentales. Su distinci\u00f3n entre diferentes tipos de alma ha sido \u00fatil para entender las diferencias entre los seres vivos y sus necesidades espec\u00edficas, mientras que su idea de que el alma racional es la que nos distingue de los animales y nos da la capacidad de razonar y reflexionar ha sido fundamental para entender la naturaleza humana y nuestras capacidades y limitaciones.<\/p>\n<h3><span class=\"ez-toc-section\" id=\"%C2%BFComo_se_relaciona_el_alma_con_el_cuerpo_segun_Aristoteles\"><\/span>\u00bfC\u00f3mo se relaciona el alma con el cuerpo seg\u00fan Arist\u00f3teles?<span class=\"ez-toc-section-end\"><\/span><\/h3>\n<p>Para Arist\u00f3teles, el alma es inseparable del cuerpo y ambos est\u00e1n en constante interacci\u00f3n. El alma es la que da vida y coherencia al cuerpo, y es responsable de sus funciones y movimientos. Sin embargo, el alma no es simplemente una propiedad f\u00edsica del cuerpo, sino que es la que le da su forma y esencia.<\/p>\n<h3><span class=\"ez-toc-section\" id=\"%C2%BFQue_implicaciones_tiene_la_teoria_del_alma_de_Aristoteles_para_la_etica_y_la_psicologia\"><\/span>\u00bfQu\u00e9 implicaciones tiene la teor\u00eda del alma de Arist\u00f3teles para la \u00e9tica y la psicolog\u00eda?<span class=\"ez-toc-section-end\"><\/span><\/h3>\n<p>La teor\u00eda del alma de Arist\u00f3teles tiene implicaciones importantes para la \u00e9tica y la psicolog\u00eda. Su idea de que el alma racional es la que nos distingue de los animales y nos da la capacidad de razonar y reflexionar nos obliga a considerar las implicaciones morales de nuestras decisiones y acciones. Adem\u00e1s, su distinci\u00f3n entre diferentes tipos de alma puede ser \u00fatil para entender las necesidades y capacidades espec\u00edficas de los seres vivos.<\/p>\n<\/section>\n","protected":false},"excerpt":{"rendered":"<p>\u00bfQu\u00e9 es el alma para Arist\u00f3teles? Por Ana Gonz\u00e1lez Curiosidades y hechos sobre el alma en la filosof\u00eda de Arist\u00f3teles Arist\u00f3teles cre\u00eda que el alma es la forma del cuerpo y que cada ser vivo tiene un tipo diferente de alma. Seg\u00fan Arist\u00f3teles, el alma es la que da vida al cuerpo y es la &#8230; <a title=\"Qu\u00e9 es el alma para arist\u00f3teles\" class=\"read-more\" href=\"https:\/\/dudasytextos.com\/preguntaquees\/que-es-el-alma-para-aristoteles\/\" aria-label=\"M\u00e1s en Qu\u00e9 es el alma para arist\u00f3teles\">Leer m\u00e1s<\/a><\/p>\n","protected":false},"author":1,"featured_media":0,"comment_status":"open","ping_status":"open","sticky":false,"template":"","format":"standard","meta":{"footnotes":""},"categories":[4],"tags":[],"class_list":["post-148094","post","type-post","status-publish","format-standard","hentry","category-que-es"],"aioseo_notices":[],"aioseo_head":"\n\t\t<!-- All in One SEO 5.0.1.1 - aioseo.com -->\n\t<meta name=\"description\" content=\"\u00bfQu\u00e9 es el alma para Arist\u00f3teles? Por Ana Gonz\u00e1lez Curiosidades y hechos sobre el alma en la filosof\u00eda de Arist\u00f3teles Arist\u00f3teles cre\u00eda que el alma es la forma del cuerpo y que cada ser vivo tiene un tipo diferente de alma. Seg\u00fan Arist\u00f3teles, el alma es la que da vida al cuerpo y es la\" \/>\n\t<meta name=\"robots\" content=\"max-snippet:-1, max-image-preview:large, max-video-preview:-1\" \/>\n\t<meta name=\"author\" content=\"Ana Gonz\u00e1lez\"\/>\n\t<link rel=\"canonical\" href=\"https:\/\/dudasytextos.com\/preguntaquees\/que-es-el-alma-para-aristoteles\/\" \/>\n\t<meta name=\"generator\" content=\"All in One SEO (AIOSEO) 5.0.1.1\" \/>\n\n\t\t<!-- Google tag (gtag.js) -->\n<script async src=\"https:\/\/www.googletagmanager.com\/gtag\/js?id=G-QEZWJ7M6T7\"><\/script>\n<script>\n  window.dataLayer = window.dataLayer || [];\n  function gtag(){dataLayer.push(arguments);}\n  gtag('js', new Date());\n\n  gtag('config', 'G-QEZWJ7M6T7');\n<\/script>\n<script async src=\"https:\/\/pagead2.googlesyndication.com\/pagead\/js\/adsbygoogle.js?client=ca-pub-3987500858204711\"\n     crossorigin=\"anonymous\"><\/script>\n\t\t<meta property=\"og:locale\" content=\"es_ES\" \/>\n\t\t<meta property=\"og:site_name\" content=\"\u00bfQu\u00e9 es? - \u00bfQu\u00e9 es?\" \/>\n\t\t<meta property=\"og:type\" content=\"article\" \/>\n\t\t<meta property=\"og:title\" content=\"Qu\u00e9 es el alma para arist\u00f3teles (2026) \u00bfQu\u00e9 es?\" \/>\n\t\t<meta property=\"og:description\" content=\"\u00bfQu\u00e9 es el alma para Arist\u00f3teles? Por Ana Gonz\u00e1lez Curiosidades y hechos sobre el alma en la filosof\u00eda de Arist\u00f3teles Arist\u00f3teles cre\u00eda que el alma es la forma del cuerpo y que cada ser vivo tiene un tipo diferente de alma. Seg\u00fan Arist\u00f3teles, el alma es la que da vida al cuerpo y es la\" \/>\n\t\t<meta property=\"og:url\" content=\"https:\/\/dudasytextos.com\/preguntaquees\/que-es-el-alma-para-aristoteles\/\" \/>\n\t\t<meta property=\"article:published_time\" content=\"2025-02-18T20:51:23+00:00\" \/>\n\t\t<meta property=\"article:modified_time\" content=\"2025-03-13T07:23:07+00:00\" \/>\n\t\t<meta name=\"twitter:card\" content=\"summary_large_image\" \/>\n\t\t<meta name=\"twitter:title\" content=\"Qu\u00e9 es el alma para arist\u00f3teles (2026) \u00bfQu\u00e9 es?\" \/>\n\t\t<meta name=\"twitter:description\" content=\"\u00bfQu\u00e9 es el alma para Arist\u00f3teles? Por Ana Gonz\u00e1lez Curiosidades y hechos sobre el alma en la filosof\u00eda de Arist\u00f3teles Arist\u00f3teles cre\u00eda que el alma es la forma del cuerpo y que cada ser vivo tiene un tipo diferente de alma. Seg\u00fan Arist\u00f3teles, el alma es la que da vida al cuerpo y es la\" \/>\n\t\t<script type=\"application\/ld+json\" class=\"aioseo-schema\">\n\t\t\t{\"@context\":\"https:\\\/\\\/schema.org\",\"@graph\":[{\"@type\":\"BlogPosting\",\"@id\":\"https:\\\/\\\/dudasytextos.com\\\/preguntaquees\\\/que-es-el-alma-para-aristoteles\\\/#blogposting\",\"name\":\"Qu\\u00e9 es el alma para arist\\u00f3teles (2026) \\u00bfQu\\u00e9 es?\",\"headline\":\"Qu\\u00e9 es el alma para arist\\u00f3teles\",\"author\":{\"@id\":\"https:\\\/\\\/dudasytextos.com\\\/preguntaquees\\\/author\\\/admin44\\\/#author\"},\"publisher\":{\"@id\":\"https:\\\/\\\/dudasytextos.com\\\/preguntaquees\\\/#organization\"},\"datePublished\":\"2025-02-18T20:51:23+00:00\",\"dateModified\":\"2025-03-13T07:23:07+00:00\",\"inLanguage\":\"es-ES\",\"mainEntityOfPage\":{\"@id\":\"https:\\\/\\\/dudasytextos.com\\\/preguntaquees\\\/que-es-el-alma-para-aristoteles\\\/#webpage\"},\"isPartOf\":{\"@id\":\"https:\\\/\\\/dudasytextos.com\\\/preguntaquees\\\/que-es-el-alma-para-aristoteles\\\/#webpage\"},\"articleSection\":\"\\u00bfQu\\u00e9 es?\"},{\"@type\":\"BreadcrumbList\",\"@id\":\"https:\\\/\\\/dudasytextos.com\\\/preguntaquees\\\/que-es-el-alma-para-aristoteles\\\/#breadcrumblist\",\"itemListElement\":[{\"@type\":\"ListItem\",\"@id\":\"https:\\\/\\\/dudasytextos.com\\\/preguntaquees#listItem\",\"position\":1,\"name\":\"Inicio\",\"item\":\"https:\\\/\\\/dudasytextos.com\\\/preguntaquees\",\"nextItem\":{\"@type\":\"ListItem\",\"@id\":\"https:\\\/\\\/dudasytextos.com\\\/preguntaquees\\\/category\\\/que-es\\\/#listItem\",\"name\":\"\\u00bfQu\\u00e9 es?\"}},{\"@type\":\"ListItem\",\"@id\":\"https:\\\/\\\/dudasytextos.com\\\/preguntaquees\\\/category\\\/que-es\\\/#listItem\",\"position\":2,\"name\":\"\\u00bfQu\\u00e9 es?\",\"item\":\"https:\\\/\\\/dudasytextos.com\\\/preguntaquees\\\/category\\\/que-es\\\/\",\"nextItem\":{\"@type\":\"ListItem\",\"@id\":\"https:\\\/\\\/dudasytextos.com\\\/preguntaquees\\\/que-es-el-alma-para-aristoteles\\\/#listItem\",\"name\":\"Qu\\u00e9 es el alma para arist\\u00f3teles\"},\"previousItem\":{\"@type\":\"ListItem\",\"@id\":\"https:\\\/\\\/dudasytextos.com\\\/preguntaquees#listItem\",\"name\":\"Inicio\"}},{\"@type\":\"ListItem\",\"@id\":\"https:\\\/\\\/dudasytextos.com\\\/preguntaquees\\\/que-es-el-alma-para-aristoteles\\\/#listItem\",\"position\":3,\"name\":\"Qu\\u00e9 es el alma para arist\\u00f3teles\",\"previousItem\":{\"@type\":\"ListItem\",\"@id\":\"https:\\\/\\\/dudasytextos.com\\\/preguntaquees\\\/category\\\/que-es\\\/#listItem\",\"name\":\"\\u00bfQu\\u00e9 es?\"}}]},{\"@type\":\"Organization\",\"@id\":\"https:\\\/\\\/dudasytextos.com\\\/preguntaquees\\\/#organization\",\"name\":\"\\u00bfC\\u00f3mo funciona?\",\"description\":\"\\u00bfQu\\u00e9 es?\",\"url\":\"https:\\\/\\\/dudasytextos.com\\\/preguntaquees\\\/\"},{\"@type\":\"Person\",\"@id\":\"https:\\\/\\\/dudasytextos.com\\\/preguntaquees\\\/author\\\/admin44\\\/#author\",\"url\":\"https:\\\/\\\/dudasytextos.com\\\/preguntaquees\\\/author\\\/admin44\\\/\",\"name\":\"Ana Gonz\\u00e1lez\"},{\"@type\":\"WebPage\",\"@id\":\"https:\\\/\\\/dudasytextos.com\\\/preguntaquees\\\/que-es-el-alma-para-aristoteles\\\/#webpage\",\"url\":\"https:\\\/\\\/dudasytextos.com\\\/preguntaquees\\\/que-es-el-alma-para-aristoteles\\\/\",\"name\":\"Qu\\u00e9 es el alma para arist\\u00f3teles (2026) \\u00bfQu\\u00e9 es?\",\"description\":\"\\u00bfQu\\u00e9 es el alma para Arist\\u00f3teles? Por Ana Gonz\\u00e1lez Curiosidades y hechos sobre el alma en la filosof\\u00eda de Arist\\u00f3teles Arist\\u00f3teles cre\\u00eda que el alma es la forma del cuerpo y que cada ser vivo tiene un tipo diferente de alma. Seg\\u00fan Arist\\u00f3teles, el alma es la que da vida al cuerpo y es la\",\"inLanguage\":\"es-ES\",\"isPartOf\":{\"@id\":\"https:\\\/\\\/dudasytextos.com\\\/preguntaquees\\\/#website\"},\"breadcrumb\":{\"@id\":\"https:\\\/\\\/dudasytextos.com\\\/preguntaquees\\\/que-es-el-alma-para-aristoteles\\\/#breadcrumblist\"},\"author\":{\"@id\":\"https:\\\/\\\/dudasytextos.com\\\/preguntaquees\\\/author\\\/admin44\\\/#author\"},\"creator\":{\"@id\":\"https:\\\/\\\/dudasytextos.com\\\/preguntaquees\\\/author\\\/admin44\\\/#author\"},\"datePublished\":\"2025-02-18T20:51:23+00:00\",\"dateModified\":\"2025-03-13T07:23:07+00:00\"},{\"@type\":\"WebSite\",\"@id\":\"https:\\\/\\\/dudasytextos.com\\\/preguntaquees\\\/#website\",\"url\":\"https:\\\/\\\/dudasytextos.com\\\/preguntaquees\\\/\",\"name\":\"\\u00bfC\\u00f3mo funciona?\",\"description\":\"\\u00bfQu\\u00e9 es?\",\"inLanguage\":\"es-ES\",\"publisher\":{\"@id\":\"https:\\\/\\\/dudasytextos.com\\\/preguntaquees\\\/#organization\"}}]}\n\t\t<\/script>\n\t\t<!-- All in One SEO -->\n\n","aioseo_head_json":{"title":"Qu\u00e9 es el alma para arist\u00f3teles (2026) \u00bfQu\u00e9 es?","description":"\u00bfQu\u00e9 es el alma para Arist\u00f3teles? Por Ana Gonz\u00e1lez Curiosidades y hechos sobre el alma en la filosof\u00eda de Arist\u00f3teles Arist\u00f3teles cre\u00eda que el alma es la forma del cuerpo y que cada ser vivo tiene un tipo diferente de alma. Seg\u00fan Arist\u00f3teles, el alma es la que da vida al cuerpo y es la","canonical_url":"https:\/\/dudasytextos.com\/preguntaquees\/que-es-el-alma-para-aristoteles\/","robots":"max-snippet:-1, max-image-preview:large, max-video-preview:-1","keywords":"","webmasterTools":{"miscellaneous":"&lt;!-- Google tag (gtag.js) --&gt;\n&lt;script async src=\"https:\/\/www.googletagmanager.com\/gtag\/js?id=G-QEZWJ7M6T7\"&gt;&lt;\/script&gt;\n&lt;script&gt;\n  window.dataLayer = window.dataLayer || [];\n  function gtag(){dataLayer.push(arguments);}\n  gtag('js', new Date());\n\n  gtag('config', 'G-QEZWJ7M6T7');\n&lt;\/script&gt;\n&lt;script async src=\"https:\/\/pagead2.googlesyndication.com\/pagead\/js\/adsbygoogle.js?client=ca-pub-3987500858204711\"\n     crossorigin=\"anonymous\"&gt;&lt;\/script&gt;"},"schema":{"@context":"https:\/\/schema.org","@graph":[{"@type":"BlogPosting","@id":"https:\/\/dudasytextos.com\/preguntaquees\/que-es-el-alma-para-aristoteles\/#blogposting","name":"Qu\u00e9 es el alma para arist\u00f3teles (2026) \u00bfQu\u00e9 es?","headline":"Qu\u00e9 es el alma para arist\u00f3teles","author":{"@id":"https:\/\/dudasytextos.com\/preguntaquees\/author\/admin44\/#author"},"publisher":{"@id":"https:\/\/dudasytextos.com\/preguntaquees\/#organization"},"datePublished":"2025-02-18T20:51:23+00:00","dateModified":"2025-03-13T07:23:07+00:00","inLanguage":"es-ES","mainEntityOfPage":{"@id":"https:\/\/dudasytextos.com\/preguntaquees\/que-es-el-alma-para-aristoteles\/#webpage"},"isPartOf":{"@id":"https:\/\/dudasytextos.com\/preguntaquees\/que-es-el-alma-para-aristoteles\/#webpage"},"articleSection":"\u00bfQu\u00e9 es?"},{"@type":"BreadcrumbList","@id":"https:\/\/dudasytextos.com\/preguntaquees\/que-es-el-alma-para-aristoteles\/#breadcrumblist","itemListElement":[{"@type":"ListItem","@id":"https:\/\/dudasytextos.com\/preguntaquees#listItem","position":1,"name":"Inicio","item":"https:\/\/dudasytextos.com\/preguntaquees","nextItem":{"@type":"ListItem","@id":"https:\/\/dudasytextos.com\/preguntaquees\/category\/que-es\/#listItem","name":"\u00bfQu\u00e9 es?"}},{"@type":"ListItem","@id":"https:\/\/dudasytextos.com\/preguntaquees\/category\/que-es\/#listItem","position":2,"name":"\u00bfQu\u00e9 es?","item":"https:\/\/dudasytextos.com\/preguntaquees\/category\/que-es\/","nextItem":{"@type":"ListItem","@id":"https:\/\/dudasytextos.com\/preguntaquees\/que-es-el-alma-para-aristoteles\/#listItem","name":"Qu\u00e9 es el alma para arist\u00f3teles"},"previousItem":{"@type":"ListItem","@id":"https:\/\/dudasytextos.com\/preguntaquees#listItem","name":"Inicio"}},{"@type":"ListItem","@id":"https:\/\/dudasytextos.com\/preguntaquees\/que-es-el-alma-para-aristoteles\/#listItem","position":3,"name":"Qu\u00e9 es el alma para arist\u00f3teles","previousItem":{"@type":"ListItem","@id":"https:\/\/dudasytextos.com\/preguntaquees\/category\/que-es\/#listItem","name":"\u00bfQu\u00e9 es?"}}]},{"@type":"Organization","@id":"https:\/\/dudasytextos.com\/preguntaquees\/#organization","name":"\u00bfC\u00f3mo funciona?","description":"\u00bfQu\u00e9 es?","url":"https:\/\/dudasytextos.com\/preguntaquees\/"},{"@type":"Person","@id":"https:\/\/dudasytextos.com\/preguntaquees\/author\/admin44\/#author","url":"https:\/\/dudasytextos.com\/preguntaquees\/author\/admin44\/","name":"Ana Gonz\u00e1lez"},{"@type":"WebPage","@id":"https:\/\/dudasytextos.com\/preguntaquees\/que-es-el-alma-para-aristoteles\/#webpage","url":"https:\/\/dudasytextos.com\/preguntaquees\/que-es-el-alma-para-aristoteles\/","name":"Qu\u00e9 es el alma para arist\u00f3teles (2026) \u00bfQu\u00e9 es?","description":"\u00bfQu\u00e9 es el alma para Arist\u00f3teles? Por Ana Gonz\u00e1lez Curiosidades y hechos sobre el alma en la filosof\u00eda de Arist\u00f3teles Arist\u00f3teles cre\u00eda que el alma es la forma del cuerpo y que cada ser vivo tiene un tipo diferente de alma. Seg\u00fan Arist\u00f3teles, el alma es la que da vida al cuerpo y es la","inLanguage":"es-ES","isPartOf":{"@id":"https:\/\/dudasytextos.com\/preguntaquees\/#website"},"breadcrumb":{"@id":"https:\/\/dudasytextos.com\/preguntaquees\/que-es-el-alma-para-aristoteles\/#breadcrumblist"},"author":{"@id":"https:\/\/dudasytextos.com\/preguntaquees\/author\/admin44\/#author"},"creator":{"@id":"https:\/\/dudasytextos.com\/preguntaquees\/author\/admin44\/#author"},"datePublished":"2025-02-18T20:51:23+00:00","dateModified":"2025-03-13T07:23:07+00:00"},{"@type":"WebSite","@id":"https:\/\/dudasytextos.com\/preguntaquees\/#website","url":"https:\/\/dudasytextos.com\/preguntaquees\/","name":"\u00bfC\u00f3mo funciona?","description":"\u00bfQu\u00e9 es?","inLanguage":"es-ES","publisher":{"@id":"https:\/\/dudasytextos.com\/preguntaquees\/#organization"}}]},"og:locale":"es_ES","og:site_name":"\u00bfQu\u00e9 es? - \u00bfQu\u00e9 es?","og:type":"article","og:title":"Qu\u00e9 es el alma para arist\u00f3teles (2026) \u00bfQu\u00e9 es?","og:description":"\u00bfQu\u00e9 es el alma para Arist\u00f3teles? Por Ana Gonz\u00e1lez Curiosidades y hechos sobre el alma en la filosof\u00eda de Arist\u00f3teles Arist\u00f3teles cre\u00eda que el alma es la forma del cuerpo y que cada ser vivo tiene un tipo diferente de alma. Seg\u00fan Arist\u00f3teles, el alma es la que da vida al cuerpo y es la","og:url":"https:\/\/dudasytextos.com\/preguntaquees\/que-es-el-alma-para-aristoteles\/","article:published_time":"2025-02-18T20:51:23+00:00","article:modified_time":"2025-03-13T07:23:07+00:00","twitter:card":"summary_large_image","twitter:title":"Qu\u00e9 es el alma para arist\u00f3teles (2026) \u00bfQu\u00e9 es?","twitter:description":"\u00bfQu\u00e9 es el alma para Arist\u00f3teles? Por Ana Gonz\u00e1lez Curiosidades y hechos sobre el alma en la filosof\u00eda de Arist\u00f3teles Arist\u00f3teles cre\u00eda que el alma es la forma del cuerpo y que cada ser vivo tiene un tipo diferente de alma. Seg\u00fan Arist\u00f3teles, el alma es la que da vida al cuerpo y es la"},"aioseo_meta_data":{"post_id":"148094","title":null,"description":null,"keywords":null,"keyphrases":null,"primary_term":null,"canonical_url":null,"og_title":null,"og_description":null,"og_object_type":"default","og_image_type":"default","og_image_url":null,"og_image_width":null,"og_image_height":null,"og_image_custom_url":null,"og_image_custom_fields":null,"og_video":null,"og_custom_url":null,"og_article_section":null,"og_article_tags":null,"twitter_use_og":false,"twitter_card":"default","twitter_image_type":"default","twitter_image_url":null,"twitter_image_custom_url":null,"twitter_image_custom_fields":null,"twitter_title":null,"twitter_description":null,"schema":{"blockGraphs":[],"customGraphs":[],"default":{"data":{"Article":[],"Course":[],"Dataset":[],"FAQPage":[],"Movie":[],"Person":[],"Product":[],"ProductReview":[],"Car":[],"Recipe":[],"Service":[],"SoftwareApplication":[],"WebPage":[]},"graphName":"","isEnabled":true},"graphs":[]},"schema_type":"default","schema_type_options":null,"pillar_content":false,"robots_default":true,"robots_noindex":false,"robots_noarchive":false,"robots_nosnippet":false,"robots_nofollow":false,"robots_noimageindex":false,"robots_noodp":false,"robots_notranslate":false,"robots_max_snippet":null,"robots_max_videopreview":null,"robots_max_imagepreview":"large","priority":null,"frequency":null,"local_seo":null,"breadcrumb_settings":null,"limit_modified_date":false,"ai":null,"created":"2023-05-15 13:55:35","updated":"2025-06-03 21:24:01","seo_analyzer_scan_date":null,"focus_keyword":null,"additional_keywords":null,"truseo_locale":null},"aioseo_breadcrumb":"<div class=\"aioseo-breadcrumbs\"><span class=\"aioseo-breadcrumb\">\n\t\t\t<a href=\"https:\/\/dudasytextos.com\/preguntaquees\" title=\"Inicio\">Inicio<\/a>\n\t\t<\/span><span class=\"aioseo-breadcrumb-separator\">&raquo;<\/span><span class=\"aioseo-breadcrumb\">\n\t\t\t<a href=\"https:\/\/dudasytextos.com\/preguntaquees\/category\/que-es\/\" title=\"\u00bfQu\u00e9 es?\">\u00bfQu\u00e9 es?<\/a>\n\t\t<\/span><span class=\"aioseo-breadcrumb-separator\">&raquo;<\/span><span class=\"aioseo-breadcrumb\">\n\t\t\tQu\u00e9 es el alma para arist\u00f3teles\n\t\t<\/span><\/div>","aioseo_breadcrumb_json":[{"label":"Inicio","link":"https:\/\/dudasytextos.com\/preguntaquees"},{"label":"\u00bfQu\u00e9 es?","link":"https:\/\/dudasytextos.com\/preguntaquees\/category\/que-es\/"},{"label":"Qu\u00e9 es el alma para arist\u00f3teles","link":"https:\/\/dudasytextos.com\/preguntaquees\/que-es-el-alma-para-aristoteles\/"}],"_links":{"self":[{"href":"https:\/\/dudasytextos.com\/preguntaquees\/wp-json\/wp\/v2\/posts\/148094","targetHints":{"allow":["GET"]}}],"collection":[{"href":"https:\/\/dudasytextos.com\/preguntaquees\/wp-json\/wp\/v2\/posts"}],"about":[{"href":"https:\/\/dudasytextos.com\/preguntaquees\/wp-json\/wp\/v2\/types\/post"}],"author":[{"embeddable":true,"href":"https:\/\/dudasytextos.com\/preguntaquees\/wp-json\/wp\/v2\/users\/1"}],"replies":[{"embeddable":true,"href":"https:\/\/dudasytextos.com\/preguntaquees\/wp-json\/wp\/v2\/comments?post=148094"}],"version-history":[{"count":1,"href":"https:\/\/dudasytextos.com\/preguntaquees\/wp-json\/wp\/v2\/posts\/148094\/revisions"}],"predecessor-version":[{"id":157823,"href":"https:\/\/dudasytextos.com\/preguntaquees\/wp-json\/wp\/v2\/posts\/148094\/revisions\/157823"}],"wp:attachment":[{"href":"https:\/\/dudasytextos.com\/preguntaquees\/wp-json\/wp\/v2\/media?parent=148094"}],"wp:term":[{"taxonomy":"category","embeddable":true,"href":"https:\/\/dudasytextos.com\/preguntaquees\/wp-json\/wp\/v2\/categories?post=148094"},{"taxonomy":"post_tag","embeddable":true,"href":"https:\/\/dudasytextos.com\/preguntaquees\/wp-json\/wp\/v2\/tags?post=148094"}],"curies":[{"name":"wp","href":"https:\/\/api.w.org\/{rel}","templated":true}]}}