{"id":148147,"date":"2025-02-20T06:19:01","date_gmt":"2025-02-20T06:19:01","guid":{"rendered":"https:\/\/educacion.cc\/?p=148147"},"modified":"2025-03-13T11:20:00","modified_gmt":"2025-03-13T11:20:00","slug":"que-es-lefecte-hivernacle","status":"publish","type":"post","link":"https:\/\/dudasytextos.com\/preguntaquees\/que-es-lefecte-hivernacle\/","title":{"rendered":"Qu\u00e9 es l&#8217;efecte hivernacle"},"content":{"rendered":"<div id=\"ez-toc-container\" class=\"ez-toc-v2_0_87 counter-hierarchy ez-toc-counter ez-toc-custom ez-toc-container-direction\">\n<div class=\"ez-toc-title-container\">\n<span class=\"ez-toc-title-toggle\"><\/span><\/div>\n<nav><ul class='ez-toc-list ez-toc-list-level-1 ' ><li class='ez-toc-page-1 ez-toc-heading-level-2'><a class=\"ez-toc-link ez-toc-heading-1\" href=\"https:\/\/dudasytextos.com\/preguntaquees\/que-es-lefecte-hivernacle\/#Mi_experiencia_con_el_efecto_invernadero\" >Mi experiencia con el efecto invernadero<\/a><\/li><li class='ez-toc-page-1 ez-toc-heading-level-2'><a class=\"ez-toc-link ez-toc-heading-2\" href=\"https:\/\/dudasytextos.com\/preguntaquees\/que-es-lefecte-hivernacle\/#Por_Ana_Gonzalez\" >Por Ana Gonz\u00e1lez<\/a><\/li><li class='ez-toc-page-1 ez-toc-heading-level-2'><a class=\"ez-toc-link ez-toc-heading-3\" href=\"https:\/\/dudasytextos.com\/preguntaquees\/que-es-lefecte-hivernacle\/#Datos_interesantes_sobre_el_efecto_invernadero\" >Datos interesantes sobre el efecto invernadero<\/a><\/li><li class='ez-toc-page-1 ez-toc-heading-level-2'><a class=\"ez-toc-link ez-toc-heading-4\" href=\"https:\/\/dudasytextos.com\/preguntaquees\/que-es-lefecte-hivernacle\/#Mi_experiencia_personal_con_el_efecto_invernadero\" >Mi experiencia personal con el efecto invernadero<\/a><\/li><li class='ez-toc-page-1 ez-toc-heading-level-2'><a class=\"ez-toc-link ez-toc-heading-5\" href=\"https:\/\/dudasytextos.com\/preguntaquees\/que-es-lefecte-hivernacle\/#Que_es_el_efecto_invernadero\" >Qu\u00e9 es el efecto invernadero<\/a><\/li><li class='ez-toc-page-1 ez-toc-heading-level-2'><a class=\"ez-toc-link ez-toc-heading-6\" href=\"https:\/\/dudasytextos.com\/preguntaquees\/que-es-lefecte-hivernacle\/#El_cambio_climatico_y_el_efecto_invernadero\" >El cambio clim\u00e1tico y el efecto invernadero<\/a><\/li><li class='ez-toc-page-1 ez-toc-heading-level-2'><a class=\"ez-toc-link ez-toc-heading-7\" href=\"https:\/\/dudasytextos.com\/preguntaquees\/que-es-lefecte-hivernacle\/#Como_podemos_reducir_el_efecto_invernadero\" >C\u00f3mo podemos reducir el efecto invernadero<\/a><\/li><li class='ez-toc-page-1 ez-toc-heading-level-2'><a class=\"ez-toc-link ez-toc-heading-8\" href=\"https:\/\/dudasytextos.com\/preguntaquees\/que-es-lefecte-hivernacle\/#Preguntas_frecuentes_sobre_el_efecto_invernadero\" >Preguntas frecuentes sobre el efecto invernadero<\/a><ul class='ez-toc-list-level-3' ><li class='ez-toc-heading-level-3'><a class=\"ez-toc-link ez-toc-heading-9\" href=\"https:\/\/dudasytextos.com\/preguntaquees\/que-es-lefecte-hivernacle\/#%C2%BFQue_es_el_efecto_invernadero\" >\u00bfQu\u00e9 es el efecto invernadero?<\/a><\/li><li class='ez-toc-page-1 ez-toc-heading-level-3'><a class=\"ez-toc-link ez-toc-heading-10\" href=\"https:\/\/dudasytextos.com\/preguntaquees\/que-es-lefecte-hivernacle\/#%C2%BFComo_afecta_el_efecto_invernadero_al_clima\" >\u00bfC\u00f3mo afecta el efecto invernadero al clima?<\/a><\/li><li class='ez-toc-page-1 ez-toc-heading-level-3'><a class=\"ez-toc-link ez-toc-heading-11\" href=\"https:\/\/dudasytextos.com\/preguntaquees\/que-es-lefecte-hivernacle\/#%C2%BFComo_puedo_reducir_mi_huella_de_carbono\" >\u00bfC\u00f3mo puedo reducir mi huella de carbono?<\/a><\/li><\/ul><\/li><\/ul><\/nav><\/div>\n<h2><span class=\"ez-toc-section\" id=\"Mi_experiencia_con_el_efecto_invernadero\"><\/span>Mi experiencia con el efecto invernadero<span class=\"ez-toc-section-end\"><\/span><\/h2>\n<h2><span class=\"ez-toc-section\" id=\"Por_Ana_Gonzalez\"><\/span>Por Ana Gonz\u00e1lez<span class=\"ez-toc-section-end\"><\/span><\/h2>\n<section>\n<h2><span class=\"ez-toc-section\" id=\"Datos_interesantes_sobre_el_efecto_invernadero\"><\/span>Datos interesantes sobre el efecto invernadero<span class=\"ez-toc-section-end\"><\/span><\/h2>\n<ul>\n<li>El efecto invernadero es un fen\u00f3meno natural que permite la vida en la tierra.<\/li>\n<li>El di\u00f3xido de carbono es el principal gas de efecto invernadero.<\/li>\n<li>Desde la Revoluci\u00f3n Industrial, la emisi\u00f3n de gases de efecto invernadero ha aumentado significativamente.<\/li>\n<li>El cambio clim\u00e1tico es una de las consecuencias m\u00e1s graves del efecto invernadero.<\/li>\n<\/ul>\n<\/section>\n<section>\n<h2><span class=\"ez-toc-section\" id=\"Mi_experiencia_personal_con_el_efecto_invernadero\"><\/span>Mi experiencia personal con el efecto invernadero<span class=\"ez-toc-section-end\"><\/span><\/h2>\n<p>Hace unos a\u00f1os, comenc\u00e9 a preocuparme por el cambio clim\u00e1tico y c\u00f3mo afectar\u00eda a nuestro planeta. Investigando m\u00e1s, descubr\u00ed el efecto invernadero y c\u00f3mo los gases que emitimos a diario est\u00e1n contribuyendo a este fen\u00f3meno. Me sent\u00ed abrumada por la idea de que nuestras acciones estaban afectando negativamente a nuestro hogar. <\/p>\n<p>Decid\u00ed hacer algunos cambios en mi estilo de vida para reducir mi huella de carbono, como usar menos pl\u00e1sticos, reciclar m\u00e1s y reducir mi consumo de energ\u00eda. Hice esto y me llev\u00f3 a sentirme m\u00e1s comprometida con la causa. Adem\u00e1s, he notado que ahorro dinero en facturas de servicios p\u00fablicos al reducir mi consumo de energ\u00eda. <\/p>\n<\/section>\n<section>\n<h2><span class=\"ez-toc-section\" id=\"Que_es_el_efecto_invernadero\"><\/span>Qu\u00e9 es el efecto invernadero<span class=\"ez-toc-section-end\"><\/span><\/h2>\n<p>El efecto invernadero es un fen\u00f3meno natural que permite que la tierra mantenga una temperatura habitable. Los gases como el di\u00f3xido de carbono, el metano y el vapor de agua atrapan el calor del sol en la atm\u00f3sfera, lo que evita que la temperatura se enfr\u00ede demasiado durante la noche. Sin este fen\u00f3meno, la temperatura media de la tierra ser\u00eda de -18 grados Celsius.<\/p>\n<p>Sin embargo, desde la Revoluci\u00f3n Industrial, la emisi\u00f3n de gases de efecto invernadero ha aumentado significativamente. La quema de combustibles f\u00f3siles, la deforestaci\u00f3n y la agricultura intensiva son algunas de las actividades humanas que emiten grandes cantidades de gases de efecto invernadero a la atm\u00f3sfera. Como resultado, la temperatura de la tierra est\u00e1 aumentando y esto tiene graves consecuencias para el clima y la vida en la tierra.<\/p>\n<\/section>\n<section>\n<h2><span class=\"ez-toc-section\" id=\"El_cambio_climatico_y_el_efecto_invernadero\"><\/span>El cambio clim\u00e1tico y el efecto invernadero<span class=\"ez-toc-section-end\"><\/span><\/h2>\n<p>Uno de los mayores efectos del efecto invernadero es el cambio clim\u00e1tico. El aumento de la temperatura global est\u00e1 provocando cambios en el clima, como sequ\u00edas m\u00e1s intensas, lluvias torrenciales y aumento del nivel del mar. Estos cambios tienen consecuencias graves para la vida en la tierra, incluidas las especies animales y vegetales que se ven afectadas por los cambios en su h\u00e1bitat natural.<\/p>\n<p>El cambio clim\u00e1tico tambi\u00e9n tiene efectos econ\u00f3micos y sociales, como el aumento de los costos de los seguros debido a los desastres naturales m\u00e1s frecuentes y la disminuci\u00f3n de la productividad agr\u00edcola debido a la sequ\u00eda y el calor extremo.<\/p>\n<\/section>\n<section>\n<h2><span class=\"ez-toc-section\" id=\"Como_podemos_reducir_el_efecto_invernadero\"><\/span>C\u00f3mo podemos reducir el efecto invernadero<span class=\"ez-toc-section-end\"><\/span><\/h2>\n<p>Hay muchas formas en que podemos reducir nuestras emisiones de gases de efecto invernadero y reducir nuestro impacto en el medio ambiente. Algunas de las formas m\u00e1s efectivas incluyen:<\/p>\n<ul>\n<li>Reducir el consumo de energ\u00eda en el hogar y en el trabajo.<\/li>\n<li>Usar formas de transporte m\u00e1s sostenibles, como caminar, andar en bicicleta o usar el transporte p\u00fablico.<\/li>\n<li>Reducir el consumo de carne y l\u00e1cteos, ya que la agricultura es una de las principales emisoras de gases de efecto invernadero.<\/li>\n<li>Reciclar y reducir los residuos pl\u00e1sticos.<\/li>\n<\/ul>\n<\/section>\n<section>\n<h2><span class=\"ez-toc-section\" id=\"Preguntas_frecuentes_sobre_el_efecto_invernadero\"><\/span>Preguntas frecuentes sobre el efecto invernadero<span class=\"ez-toc-section-end\"><\/span><\/h2>\n<h3><span class=\"ez-toc-section\" id=\"%C2%BFQue_es_el_efecto_invernadero\"><\/span>\u00bfQu\u00e9 es el efecto invernadero?<span class=\"ez-toc-section-end\"><\/span><\/h3>\n<p>El efecto invernadero es un fen\u00f3meno natural que permite que la tierra mantenga una temperatura habitable. Los gases como el di\u00f3xido de carbono, el metano y el vapor de agua atrapan el calor del sol en la atm\u00f3sfera, lo que evita que la temperatura se enfr\u00ede demasiado durante la noche.<\/p>\n<h3><span class=\"ez-toc-section\" id=\"%C2%BFComo_afecta_el_efecto_invernadero_al_clima\"><\/span>\u00bfC\u00f3mo afecta el efecto invernadero al clima?<span class=\"ez-toc-section-end\"><\/span><\/h3>\n<p>El efecto invernadero contribuye al cambio clim\u00e1tico, que tiene graves consecuencias para el clima y la vida en la tierra. El aumento de la temperatura global est\u00e1 provocando cambios en el clima, como sequ\u00edas m\u00e1s intensas, lluvias torrenciales y aumento del nivel del mar.<\/p>\n<h3><span class=\"ez-toc-section\" id=\"%C2%BFComo_puedo_reducir_mi_huella_de_carbono\"><\/span>\u00bfC\u00f3mo puedo reducir mi huella de carbono?<span class=\"ez-toc-section-end\"><\/span><\/h3>\n<p>Hay muchas formas en que puedes reducir tu huella de carbono, como reducir el consumo de energ\u00eda, usar formas de transporte m\u00e1s sostenibles, reducir el consumo de carne y l\u00e1cteos y reciclar y reducir los residuos pl\u00e1sticos.<\/p>\n<\/section>\n","protected":false},"excerpt":{"rendered":"<p>Mi experiencia con el efecto invernadero Por Ana Gonz\u00e1lez Datos interesantes sobre el efecto invernadero El efecto invernadero es un fen\u00f3meno natural que permite la vida en la tierra. El di\u00f3xido de carbono es el principal gas de efecto invernadero. Desde la Revoluci\u00f3n Industrial, la emisi\u00f3n de gases de efecto invernadero ha aumentado significativamente. El &#8230; <a title=\"Qu\u00e9 es l&#8217;efecte hivernacle\" class=\"read-more\" href=\"https:\/\/dudasytextos.com\/preguntaquees\/que-es-lefecte-hivernacle\/\" aria-label=\"M\u00e1s en Qu\u00e9 es l&#8217;efecte hivernacle\">Leer m\u00e1s<\/a><\/p>\n","protected":false},"author":1,"featured_media":0,"comment_status":"open","ping_status":"open","sticky":false,"template":"","format":"standard","meta":{"footnotes":""},"categories":[4],"tags":[],"class_list":["post-148147","post","type-post","status-publish","format-standard","hentry","category-que-es"],"aioseo_notices":[],"aioseo_head":"\n\t\t<!-- All in One SEO 5.0.1.1 - aioseo.com -->\n\t<meta name=\"description\" content=\"Mi experiencia con el efecto invernadero Por Ana Gonz\u00e1lez Datos interesantes sobre el efecto invernadero El efecto invernadero es un fen\u00f3meno natural que permite la vida en la tierra. El di\u00f3xido de carbono es el principal gas de efecto invernadero. Desde la Revoluci\u00f3n Industrial, la emisi\u00f3n de gases de efecto invernadero ha aumentado significativamente. El\" \/>\n\t<meta name=\"robots\" content=\"max-snippet:-1, max-image-preview:large, max-video-preview:-1\" \/>\n\t<meta name=\"author\" content=\"Ana Gonz\u00e1lez\"\/>\n\t<link rel=\"canonical\" href=\"https:\/\/dudasytextos.com\/preguntaquees\/que-es-lefecte-hivernacle\/\" \/>\n\t<meta name=\"generator\" content=\"All in One SEO (AIOSEO) 5.0.1.1\" \/>\n\n\t\t<!-- Google tag (gtag.js) -->\n<script async src=\"https:\/\/www.googletagmanager.com\/gtag\/js?id=G-QEZWJ7M6T7\"><\/script>\n<script>\n  window.dataLayer = window.dataLayer || [];\n  function gtag(){dataLayer.push(arguments);}\n  gtag('js', new Date());\n\n  gtag('config', 'G-QEZWJ7M6T7');\n<\/script>\n<script async src=\"https:\/\/pagead2.googlesyndication.com\/pagead\/js\/adsbygoogle.js?client=ca-pub-3987500858204711\"\n     crossorigin=\"anonymous\"><\/script>\n\t\t<meta property=\"og:locale\" content=\"es_ES\" \/>\n\t\t<meta property=\"og:site_name\" content=\"\u00bfQu\u00e9 es? - \u00bfQu\u00e9 es?\" \/>\n\t\t<meta property=\"og:type\" content=\"article\" \/>\n\t\t<meta property=\"og:title\" content=\"Qu\u00e9 es l\u2019efecte hivernacle (2026) \u00bfQu\u00e9 es?\" \/>\n\t\t<meta property=\"og:description\" content=\"Mi experiencia con el efecto invernadero Por Ana Gonz\u00e1lez Datos interesantes sobre el efecto invernadero El efecto invernadero es un fen\u00f3meno natural que permite la vida en la tierra. El di\u00f3xido de carbono es el principal gas de efecto invernadero. Desde la Revoluci\u00f3n Industrial, la emisi\u00f3n de gases de efecto invernadero ha aumentado significativamente. El\" \/>\n\t\t<meta property=\"og:url\" content=\"https:\/\/dudasytextos.com\/preguntaquees\/que-es-lefecte-hivernacle\/\" \/>\n\t\t<meta property=\"article:published_time\" content=\"2025-02-20T06:19:01+00:00\" \/>\n\t\t<meta property=\"article:modified_time\" content=\"2025-03-13T11:20:00+00:00\" \/>\n\t\t<meta name=\"twitter:card\" content=\"summary_large_image\" \/>\n\t\t<meta name=\"twitter:title\" content=\"Qu\u00e9 es l\u2019efecte hivernacle (2026) \u00bfQu\u00e9 es?\" \/>\n\t\t<meta name=\"twitter:description\" content=\"Mi experiencia con el efecto invernadero Por Ana Gonz\u00e1lez Datos interesantes sobre el efecto invernadero El efecto invernadero es un fen\u00f3meno natural que permite la vida en la tierra. El di\u00f3xido de carbono es el principal gas de efecto invernadero. Desde la Revoluci\u00f3n Industrial, la emisi\u00f3n de gases de efecto invernadero ha aumentado significativamente. El\" \/>\n\t\t<script type=\"application\/ld+json\" class=\"aioseo-schema\">\n\t\t\t{\"@context\":\"https:\\\/\\\/schema.org\",\"@graph\":[{\"@type\":\"BlogPosting\",\"@id\":\"https:\\\/\\\/dudasytextos.com\\\/preguntaquees\\\/que-es-lefecte-hivernacle\\\/#blogposting\",\"name\":\"Qu\\u00e9 es l\\u2019efecte hivernacle (2026) \\u00bfQu\\u00e9 es?\",\"headline\":\"Qu\\u00e9 es l&#8217;efecte hivernacle\",\"author\":{\"@id\":\"https:\\\/\\\/dudasytextos.com\\\/preguntaquees\\\/author\\\/admin44\\\/#author\"},\"publisher\":{\"@id\":\"https:\\\/\\\/dudasytextos.com\\\/preguntaquees\\\/#organization\"},\"datePublished\":\"2025-02-20T06:19:01+00:00\",\"dateModified\":\"2025-03-13T11:20:00+00:00\",\"inLanguage\":\"es-ES\",\"mainEntityOfPage\":{\"@id\":\"https:\\\/\\\/dudasytextos.com\\\/preguntaquees\\\/que-es-lefecte-hivernacle\\\/#webpage\"},\"isPartOf\":{\"@id\":\"https:\\\/\\\/dudasytextos.com\\\/preguntaquees\\\/que-es-lefecte-hivernacle\\\/#webpage\"},\"articleSection\":\"\\u00bfQu\\u00e9 es?\"},{\"@type\":\"BreadcrumbList\",\"@id\":\"https:\\\/\\\/dudasytextos.com\\\/preguntaquees\\\/que-es-lefecte-hivernacle\\\/#breadcrumblist\",\"itemListElement\":[{\"@type\":\"ListItem\",\"@id\":\"https:\\\/\\\/dudasytextos.com\\\/preguntaquees#listItem\",\"position\":1,\"name\":\"Inicio\",\"item\":\"https:\\\/\\\/dudasytextos.com\\\/preguntaquees\",\"nextItem\":{\"@type\":\"ListItem\",\"@id\":\"https:\\\/\\\/dudasytextos.com\\\/preguntaquees\\\/category\\\/que-es\\\/#listItem\",\"name\":\"\\u00bfQu\\u00e9 es?\"}},{\"@type\":\"ListItem\",\"@id\":\"https:\\\/\\\/dudasytextos.com\\\/preguntaquees\\\/category\\\/que-es\\\/#listItem\",\"position\":2,\"name\":\"\\u00bfQu\\u00e9 es?\",\"item\":\"https:\\\/\\\/dudasytextos.com\\\/preguntaquees\\\/category\\\/que-es\\\/\",\"nextItem\":{\"@type\":\"ListItem\",\"@id\":\"https:\\\/\\\/dudasytextos.com\\\/preguntaquees\\\/que-es-lefecte-hivernacle\\\/#listItem\",\"name\":\"Qu\\u00e9 es l&#8217;efecte hivernacle\"},\"previousItem\":{\"@type\":\"ListItem\",\"@id\":\"https:\\\/\\\/dudasytextos.com\\\/preguntaquees#listItem\",\"name\":\"Inicio\"}},{\"@type\":\"ListItem\",\"@id\":\"https:\\\/\\\/dudasytextos.com\\\/preguntaquees\\\/que-es-lefecte-hivernacle\\\/#listItem\",\"position\":3,\"name\":\"Qu\\u00e9 es l&#8217;efecte hivernacle\",\"previousItem\":{\"@type\":\"ListItem\",\"@id\":\"https:\\\/\\\/dudasytextos.com\\\/preguntaquees\\\/category\\\/que-es\\\/#listItem\",\"name\":\"\\u00bfQu\\u00e9 es?\"}}]},{\"@type\":\"Organization\",\"@id\":\"https:\\\/\\\/dudasytextos.com\\\/preguntaquees\\\/#organization\",\"name\":\"\\u00bfC\\u00f3mo funciona?\",\"description\":\"\\u00bfQu\\u00e9 es?\",\"url\":\"https:\\\/\\\/dudasytextos.com\\\/preguntaquees\\\/\"},{\"@type\":\"Person\",\"@id\":\"https:\\\/\\\/dudasytextos.com\\\/preguntaquees\\\/author\\\/admin44\\\/#author\",\"url\":\"https:\\\/\\\/dudasytextos.com\\\/preguntaquees\\\/author\\\/admin44\\\/\",\"name\":\"Ana Gonz\\u00e1lez\"},{\"@type\":\"WebPage\",\"@id\":\"https:\\\/\\\/dudasytextos.com\\\/preguntaquees\\\/que-es-lefecte-hivernacle\\\/#webpage\",\"url\":\"https:\\\/\\\/dudasytextos.com\\\/preguntaquees\\\/que-es-lefecte-hivernacle\\\/\",\"name\":\"Qu\\u00e9 es l\\u2019efecte hivernacle (2026) \\u00bfQu\\u00e9 es?\",\"description\":\"Mi experiencia con el efecto invernadero Por Ana Gonz\\u00e1lez Datos interesantes sobre el efecto invernadero El efecto invernadero es un fen\\u00f3meno natural que permite la vida en la tierra. El di\\u00f3xido de carbono es el principal gas de efecto invernadero. Desde la Revoluci\\u00f3n Industrial, la emisi\\u00f3n de gases de efecto invernadero ha aumentado significativamente. El\",\"inLanguage\":\"es-ES\",\"isPartOf\":{\"@id\":\"https:\\\/\\\/dudasytextos.com\\\/preguntaquees\\\/#website\"},\"breadcrumb\":{\"@id\":\"https:\\\/\\\/dudasytextos.com\\\/preguntaquees\\\/que-es-lefecte-hivernacle\\\/#breadcrumblist\"},\"author\":{\"@id\":\"https:\\\/\\\/dudasytextos.com\\\/preguntaquees\\\/author\\\/admin44\\\/#author\"},\"creator\":{\"@id\":\"https:\\\/\\\/dudasytextos.com\\\/preguntaquees\\\/author\\\/admin44\\\/#author\"},\"datePublished\":\"2025-02-20T06:19:01+00:00\",\"dateModified\":\"2025-03-13T11:20:00+00:00\"},{\"@type\":\"WebSite\",\"@id\":\"https:\\\/\\\/dudasytextos.com\\\/preguntaquees\\\/#website\",\"url\":\"https:\\\/\\\/dudasytextos.com\\\/preguntaquees\\\/\",\"name\":\"\\u00bfC\\u00f3mo funciona?\",\"description\":\"\\u00bfQu\\u00e9 es?\",\"inLanguage\":\"es-ES\",\"publisher\":{\"@id\":\"https:\\\/\\\/dudasytextos.com\\\/preguntaquees\\\/#organization\"}}]}\n\t\t<\/script>\n\t\t<!-- All in One SEO -->\n\n","aioseo_head_json":{"title":"Qu\u00e9 es l\u2019efecte hivernacle (2026) \u00bfQu\u00e9 es?","description":"Mi experiencia con el efecto invernadero Por Ana Gonz\u00e1lez Datos interesantes sobre el efecto invernadero El efecto invernadero es un fen\u00f3meno natural que permite la vida en la tierra. El di\u00f3xido de carbono es el principal gas de efecto invernadero. Desde la Revoluci\u00f3n Industrial, la emisi\u00f3n de gases de efecto invernadero ha aumentado significativamente. El","canonical_url":"https:\/\/dudasytextos.com\/preguntaquees\/que-es-lefecte-hivernacle\/","robots":"max-snippet:-1, max-image-preview:large, max-video-preview:-1","keywords":"","webmasterTools":{"miscellaneous":"&lt;!-- Google tag (gtag.js) --&gt;\n&lt;script async src=\"https:\/\/www.googletagmanager.com\/gtag\/js?id=G-QEZWJ7M6T7\"&gt;&lt;\/script&gt;\n&lt;script&gt;\n  window.dataLayer = window.dataLayer || [];\n  function gtag(){dataLayer.push(arguments);}\n  gtag('js', new Date());\n\n  gtag('config', 'G-QEZWJ7M6T7');\n&lt;\/script&gt;\n&lt;script async src=\"https:\/\/pagead2.googlesyndication.com\/pagead\/js\/adsbygoogle.js?client=ca-pub-3987500858204711\"\n     crossorigin=\"anonymous\"&gt;&lt;\/script&gt;"},"schema":{"@context":"https:\/\/schema.org","@graph":[{"@type":"BlogPosting","@id":"https:\/\/dudasytextos.com\/preguntaquees\/que-es-lefecte-hivernacle\/#blogposting","name":"Qu\u00e9 es l\u2019efecte hivernacle (2026) \u00bfQu\u00e9 es?","headline":"Qu\u00e9 es l&#8217;efecte hivernacle","author":{"@id":"https:\/\/dudasytextos.com\/preguntaquees\/author\/admin44\/#author"},"publisher":{"@id":"https:\/\/dudasytextos.com\/preguntaquees\/#organization"},"datePublished":"2025-02-20T06:19:01+00:00","dateModified":"2025-03-13T11:20:00+00:00","inLanguage":"es-ES","mainEntityOfPage":{"@id":"https:\/\/dudasytextos.com\/preguntaquees\/que-es-lefecte-hivernacle\/#webpage"},"isPartOf":{"@id":"https:\/\/dudasytextos.com\/preguntaquees\/que-es-lefecte-hivernacle\/#webpage"},"articleSection":"\u00bfQu\u00e9 es?"},{"@type":"BreadcrumbList","@id":"https:\/\/dudasytextos.com\/preguntaquees\/que-es-lefecte-hivernacle\/#breadcrumblist","itemListElement":[{"@type":"ListItem","@id":"https:\/\/dudasytextos.com\/preguntaquees#listItem","position":1,"name":"Inicio","item":"https:\/\/dudasytextos.com\/preguntaquees","nextItem":{"@type":"ListItem","@id":"https:\/\/dudasytextos.com\/preguntaquees\/category\/que-es\/#listItem","name":"\u00bfQu\u00e9 es?"}},{"@type":"ListItem","@id":"https:\/\/dudasytextos.com\/preguntaquees\/category\/que-es\/#listItem","position":2,"name":"\u00bfQu\u00e9 es?","item":"https:\/\/dudasytextos.com\/preguntaquees\/category\/que-es\/","nextItem":{"@type":"ListItem","@id":"https:\/\/dudasytextos.com\/preguntaquees\/que-es-lefecte-hivernacle\/#listItem","name":"Qu\u00e9 es l&#8217;efecte hivernacle"},"previousItem":{"@type":"ListItem","@id":"https:\/\/dudasytextos.com\/preguntaquees#listItem","name":"Inicio"}},{"@type":"ListItem","@id":"https:\/\/dudasytextos.com\/preguntaquees\/que-es-lefecte-hivernacle\/#listItem","position":3,"name":"Qu\u00e9 es l&#8217;efecte hivernacle","previousItem":{"@type":"ListItem","@id":"https:\/\/dudasytextos.com\/preguntaquees\/category\/que-es\/#listItem","name":"\u00bfQu\u00e9 es?"}}]},{"@type":"Organization","@id":"https:\/\/dudasytextos.com\/preguntaquees\/#organization","name":"\u00bfC\u00f3mo funciona?","description":"\u00bfQu\u00e9 es?","url":"https:\/\/dudasytextos.com\/preguntaquees\/"},{"@type":"Person","@id":"https:\/\/dudasytextos.com\/preguntaquees\/author\/admin44\/#author","url":"https:\/\/dudasytextos.com\/preguntaquees\/author\/admin44\/","name":"Ana Gonz\u00e1lez"},{"@type":"WebPage","@id":"https:\/\/dudasytextos.com\/preguntaquees\/que-es-lefecte-hivernacle\/#webpage","url":"https:\/\/dudasytextos.com\/preguntaquees\/que-es-lefecte-hivernacle\/","name":"Qu\u00e9 es l\u2019efecte hivernacle (2026) \u00bfQu\u00e9 es?","description":"Mi experiencia con el efecto invernadero Por Ana Gonz\u00e1lez Datos interesantes sobre el efecto invernadero El efecto invernadero es un fen\u00f3meno natural que permite la vida en la tierra. El di\u00f3xido de carbono es el principal gas de efecto invernadero. Desde la Revoluci\u00f3n Industrial, la emisi\u00f3n de gases de efecto invernadero ha aumentado significativamente. El","inLanguage":"es-ES","isPartOf":{"@id":"https:\/\/dudasytextos.com\/preguntaquees\/#website"},"breadcrumb":{"@id":"https:\/\/dudasytextos.com\/preguntaquees\/que-es-lefecte-hivernacle\/#breadcrumblist"},"author":{"@id":"https:\/\/dudasytextos.com\/preguntaquees\/author\/admin44\/#author"},"creator":{"@id":"https:\/\/dudasytextos.com\/preguntaquees\/author\/admin44\/#author"},"datePublished":"2025-02-20T06:19:01+00:00","dateModified":"2025-03-13T11:20:00+00:00"},{"@type":"WebSite","@id":"https:\/\/dudasytextos.com\/preguntaquees\/#website","url":"https:\/\/dudasytextos.com\/preguntaquees\/","name":"\u00bfC\u00f3mo funciona?","description":"\u00bfQu\u00e9 es?","inLanguage":"es-ES","publisher":{"@id":"https:\/\/dudasytextos.com\/preguntaquees\/#organization"}}]},"og:locale":"es_ES","og:site_name":"\u00bfQu\u00e9 es? - \u00bfQu\u00e9 es?","og:type":"article","og:title":"Qu\u00e9 es l\u2019efecte hivernacle (2026) \u00bfQu\u00e9 es?","og:description":"Mi experiencia con el efecto invernadero Por Ana Gonz\u00e1lez Datos interesantes sobre el efecto invernadero El efecto invernadero es un fen\u00f3meno natural que permite la vida en la tierra. El di\u00f3xido de carbono es el principal gas de efecto invernadero. Desde la Revoluci\u00f3n Industrial, la emisi\u00f3n de gases de efecto invernadero ha aumentado significativamente. El","og:url":"https:\/\/dudasytextos.com\/preguntaquees\/que-es-lefecte-hivernacle\/","article:published_time":"2025-02-20T06:19:01+00:00","article:modified_time":"2025-03-13T11:20:00+00:00","twitter:card":"summary_large_image","twitter:title":"Qu\u00e9 es l\u2019efecte hivernacle (2026) \u00bfQu\u00e9 es?","twitter:description":"Mi experiencia con el efecto invernadero Por Ana Gonz\u00e1lez Datos interesantes sobre el efecto invernadero El efecto invernadero es un fen\u00f3meno natural que permite la vida en la tierra. El di\u00f3xido de carbono es el principal gas de efecto invernadero. Desde la Revoluci\u00f3n Industrial, la emisi\u00f3n de gases de efecto invernadero ha aumentado significativamente. El"},"aioseo_meta_data":{"post_id":"148147","title":null,"description":null,"keywords":null,"keyphrases":null,"primary_term":null,"canonical_url":null,"og_title":null,"og_description":null,"og_object_type":"default","og_image_type":"default","og_image_url":null,"og_image_width":null,"og_image_height":null,"og_image_custom_url":null,"og_image_custom_fields":null,"og_video":null,"og_custom_url":null,"og_article_section":null,"og_article_tags":null,"twitter_use_og":false,"twitter_card":"default","twitter_image_type":"default","twitter_image_url":null,"twitter_image_custom_url":null,"twitter_image_custom_fields":null,"twitter_title":null,"twitter_description":null,"schema":{"blockGraphs":[],"customGraphs":[],"default":{"data":{"Article":[],"Course":[],"Dataset":[],"FAQPage":[],"Movie":[],"Person":[],"Product":[],"ProductReview":[],"Car":[],"Recipe":[],"Service":[],"SoftwareApplication":[],"WebPage":[]},"graphName":"","isEnabled":true},"graphs":[]},"schema_type":"default","schema_type_options":null,"pillar_content":false,"robots_default":true,"robots_noindex":false,"robots_noarchive":false,"robots_nosnippet":false,"robots_nofollow":false,"robots_noimageindex":false,"robots_noodp":false,"robots_notranslate":false,"robots_max_snippet":null,"robots_max_videopreview":null,"robots_max_imagepreview":"large","priority":null,"frequency":null,"local_seo":null,"breadcrumb_settings":null,"limit_modified_date":false,"ai":null,"created":"2023-05-15 13:34:10","updated":"2025-06-03 22:23:31","seo_analyzer_scan_date":null,"focus_keyword":null,"additional_keywords":null,"truseo_locale":null},"aioseo_breadcrumb":"<div class=\"aioseo-breadcrumbs\"><span class=\"aioseo-breadcrumb\">\n\t\t\t<a href=\"https:\/\/dudasytextos.com\/preguntaquees\" title=\"Inicio\">Inicio<\/a>\n\t\t<\/span><span class=\"aioseo-breadcrumb-separator\">&raquo;<\/span><span class=\"aioseo-breadcrumb\">\n\t\t\t<a href=\"https:\/\/dudasytextos.com\/preguntaquees\/category\/que-es\/\" title=\"\u00bfQu\u00e9 es?\">\u00bfQu\u00e9 es?<\/a>\n\t\t<\/span><span class=\"aioseo-breadcrumb-separator\">&raquo;<\/span><span class=\"aioseo-breadcrumb\">\n\t\t\tQu\u00e9 es l\u2019efecte hivernacle\n\t\t<\/span><\/div>","aioseo_breadcrumb_json":[{"label":"Inicio","link":"https:\/\/dudasytextos.com\/preguntaquees"},{"label":"\u00bfQu\u00e9 es?","link":"https:\/\/dudasytextos.com\/preguntaquees\/category\/que-es\/"},{"label":"Qu\u00e9 es l&#8217;efecte hivernacle","link":"https:\/\/dudasytextos.com\/preguntaquees\/que-es-lefecte-hivernacle\/"}],"_links":{"self":[{"href":"https:\/\/dudasytextos.com\/preguntaquees\/wp-json\/wp\/v2\/posts\/148147","targetHints":{"allow":["GET"]}}],"collection":[{"href":"https:\/\/dudasytextos.com\/preguntaquees\/wp-json\/wp\/v2\/posts"}],"about":[{"href":"https:\/\/dudasytextos.com\/preguntaquees\/wp-json\/wp\/v2\/types\/post"}],"author":[{"embeddable":true,"href":"https:\/\/dudasytextos.com\/preguntaquees\/wp-json\/wp\/v2\/users\/1"}],"replies":[{"embeddable":true,"href":"https:\/\/dudasytextos.com\/preguntaquees\/wp-json\/wp\/v2\/comments?post=148147"}],"version-history":[{"count":1,"href":"https:\/\/dudasytextos.com\/preguntaquees\/wp-json\/wp\/v2\/posts\/148147\/revisions"}],"predecessor-version":[{"id":157770,"href":"https:\/\/dudasytextos.com\/preguntaquees\/wp-json\/wp\/v2\/posts\/148147\/revisions\/157770"}],"wp:attachment":[{"href":"https:\/\/dudasytextos.com\/preguntaquees\/wp-json\/wp\/v2\/media?parent=148147"}],"wp:term":[{"taxonomy":"category","embeddable":true,"href":"https:\/\/dudasytextos.com\/preguntaquees\/wp-json\/wp\/v2\/categories?post=148147"},{"taxonomy":"post_tag","embeddable":true,"href":"https:\/\/dudasytextos.com\/preguntaquees\/wp-json\/wp\/v2\/tags?post=148147"}],"curies":[{"name":"wp","href":"https:\/\/api.w.org\/{rel}","templated":true}]}}