{"id":148240,"date":"2025-02-27T04:12:38","date_gmt":"2025-02-27T04:12:38","guid":{"rendered":"https:\/\/educacion.cc\/?p=148240"},"modified":"2025-03-13T02:07:44","modified_gmt":"2025-03-13T02:07:44","slug":"que-es-la-fascitis-plantar","status":"publish","type":"post","link":"https:\/\/dudasytextos.com\/preguntaquees\/que-es-la-fascitis-plantar\/","title":{"rendered":"Qu\u00e9 es la fascitis plantar"},"content":{"rendered":"<div id=\"ez-toc-container\" class=\"ez-toc-v2_0_87 counter-hierarchy ez-toc-counter ez-toc-custom ez-toc-container-direction\">\n<div class=\"ez-toc-title-container\">\n<span class=\"ez-toc-title-toggle\"><\/span><\/div>\n<nav><ul class='ez-toc-list ez-toc-list-level-1 ' ><li class='ez-toc-page-1 ez-toc-heading-level-2'><a class=\"ez-toc-link ez-toc-heading-1\" href=\"https:\/\/dudasytextos.com\/preguntaquees\/que-es-la-fascitis-plantar\/#%C2%BFQue_es_la_fascitis_plantar_Todo_lo_que_debes_saber\" >\u00bfQu\u00e9 es la fascitis plantar? Todo lo que debes saber<\/a><\/li><li class='ez-toc-page-1 ez-toc-heading-level-2'><a class=\"ez-toc-link ez-toc-heading-2\" href=\"https:\/\/dudasytextos.com\/preguntaquees\/que-es-la-fascitis-plantar\/#Por_Ana_Gonzalez\" >Por Ana Gonz\u00e1lez<\/a><\/li><li class='ez-toc-page-1 ez-toc-heading-level-2'><a class=\"ez-toc-link ez-toc-heading-3\" href=\"https:\/\/dudasytextos.com\/preguntaquees\/que-es-la-fascitis-plantar\/#Curiosidades_sobre_la_fascitis_plantar\" >Curiosidades sobre la fascitis plantar<\/a><\/li><li class='ez-toc-page-1 ez-toc-heading-level-2'><a class=\"ez-toc-link ez-toc-heading-4\" href=\"https:\/\/dudasytextos.com\/preguntaquees\/que-es-la-fascitis-plantar\/#Mi_experiencia_personal_con_la_fascitis_plantar\" >Mi experiencia personal con la fascitis plantar<\/a><\/li><li class='ez-toc-page-1 ez-toc-heading-level-2'><a class=\"ez-toc-link ez-toc-heading-5\" href=\"https:\/\/dudasytextos.com\/preguntaquees\/que-es-la-fascitis-plantar\/#Causas_de_la_fascitis_plantar\" >Causas de la fascitis plantar<\/a><\/li><li class='ez-toc-page-1 ez-toc-heading-level-2'><a class=\"ez-toc-link ez-toc-heading-6\" href=\"https:\/\/dudasytextos.com\/preguntaquees\/que-es-la-fascitis-plantar\/#Sintomas_de_la_fascitis_plantar\" >S\u00edntomas de la fascitis plantar<\/a><\/li><li class='ez-toc-page-1 ez-toc-heading-level-2'><a class=\"ez-toc-link ez-toc-heading-7\" href=\"https:\/\/dudasytextos.com\/preguntaquees\/que-es-la-fascitis-plantar\/#Tratamiento_de_la_fascitis_plantar\" >Tratamiento de la fascitis plantar<\/a><\/li><li class='ez-toc-page-1 ez-toc-heading-level-2'><a class=\"ez-toc-link ez-toc-heading-8\" href=\"https:\/\/dudasytextos.com\/preguntaquees\/que-es-la-fascitis-plantar\/#Preguntas_frecuentes_sobre_la_fascitis_plantar\" >Preguntas frecuentes sobre la fascitis plantar<\/a><ul class='ez-toc-list-level-3' ><li class='ez-toc-heading-level-3'><a class=\"ez-toc-link ez-toc-heading-9\" href=\"https:\/\/dudasytextos.com\/preguntaquees\/que-es-la-fascitis-plantar\/#%C2%BFQue_puedo_hacer_para_prevenir_la_fascitis_plantar\" >\u00bfQu\u00e9 puedo hacer para prevenir la fascitis plantar?<\/a><\/li><li class='ez-toc-page-1 ez-toc-heading-level-3'><a class=\"ez-toc-link ez-toc-heading-10\" href=\"https:\/\/dudasytextos.com\/preguntaquees\/que-es-la-fascitis-plantar\/#%C2%BFCuanto_tiempo_tarda_en_sanar_la_fascitis_plantar\" >\u00bfCu\u00e1nto tiempo tarda en sanar la fascitis plantar?<\/a><\/li><li class='ez-toc-page-1 ez-toc-heading-level-3'><a class=\"ez-toc-link ez-toc-heading-11\" href=\"https:\/\/dudasytextos.com\/preguntaquees\/que-es-la-fascitis-plantar\/#%C2%BFEs_la_fascitis_plantar_una_lesion_cronica\" >\u00bfEs la fascitis plantar una lesi\u00f3n cr\u00f3nica?<\/a><\/li><\/ul><\/li><\/ul><\/nav><\/div>\n<h2><span class=\"ez-toc-section\" id=\"%C2%BFQue_es_la_fascitis_plantar_Todo_lo_que_debes_saber\"><\/span>\u00bfQu\u00e9 es la fascitis plantar? Todo lo que debes saber<span class=\"ez-toc-section-end\"><\/span><\/h2>\n<h2><span class=\"ez-toc-section\" id=\"Por_Ana_Gonzalez\"><\/span>Por Ana Gonz\u00e1lez<span class=\"ez-toc-section-end\"><\/span><\/h2>\n<section>\n<h2><span class=\"ez-toc-section\" id=\"Curiosidades_sobre_la_fascitis_plantar\"><\/span>Curiosidades sobre la fascitis plantar<span class=\"ez-toc-section-end\"><\/span><\/h2>\n<ul>\n<li>La fascitis plantar es la causa m\u00e1s com\u00fan de dolor en el tal\u00f3n.<\/li>\n<li>Afecta a millones de personas en todo el mundo, especialmente a corredores y personas mayores de 40 a\u00f1os.<\/li>\n<li>La fascitis plantar se produce cuando la banda de tejido que conecta el tal\u00f3n con los dedos del pie se inflama.<\/li>\n<li>El dolor suele ser m\u00e1s intenso por la ma\u00f1ana o despu\u00e9s de estar sentado o de pie durante un largo per\u00edodo de tiempo.<\/li>\n<\/ul>\n<\/section>\n<section>\n<h2><span class=\"ez-toc-section\" id=\"Mi_experiencia_personal_con_la_fascitis_plantar\"><\/span>Mi experiencia personal con la fascitis plantar<span class=\"ez-toc-section-end\"><\/span><\/h2>\n<p>Hace unos a\u00f1os, comenc\u00e9 a sentir un dolor agudo en el tal\u00f3n despu\u00e9s de correr. Al principio, pens\u00e9 que era una molestia temporal, pero el dolor persisti\u00f3 durante semanas. Finalmente, fui al m\u00e9dico y me diagnosticaron fascitis plantar.<\/p>\n<p>Me recetaron descanso, hielo y estiramientos diarios, y aunque al principio fue dif\u00edcil dejar de correr, segu\u00ed el tratamiento al pie de la letra. Despu\u00e9s de unas semanas, el dolor disminuy\u00f3 y pude volver a correr poco a poco. Desde entonces, siempre me aseguro de estirar adecuadamente antes y despu\u00e9s de correr para prevenir una reca\u00edda.<\/p>\n<\/section>\n<section>\n<h2><span class=\"ez-toc-section\" id=\"Causas_de_la_fascitis_plantar\"><\/span>Causas de la fascitis plantar<span class=\"ez-toc-section-end\"><\/span><\/h2>\n<p>La fascitis plantar puede ser causada por una variedad de factores, como:<\/p>\n<ul>\n<li>Sobrepeso o obesidad.<\/li>\n<li>Uso de calzado inadecuado.<\/li>\n<li>Correr o caminar sobre superficies duras.<\/li>\n<li>Tener los pies planos o arcos altos.<\/li>\n<li>Tener m\u00fasculos de la pantorrilla o del pie tensos o d\u00e9biles.<\/li>\n<\/ul>\n<\/section>\n<section>\n<h2><span class=\"ez-toc-section\" id=\"Sintomas_de_la_fascitis_plantar\"><\/span>S\u00edntomas de la fascitis plantar<span class=\"ez-toc-section-end\"><\/span><\/h2>\n<p>Los s\u00edntomas de la fascitis plantar incluyen:<\/p>\n<ul>\n<li>Dolor en el tal\u00f3n o en la parte inferior del pie.<\/li>\n<li>Dolor al caminar o estar de pie durante largos per\u00edodos de tiempo.<\/li>\n<li>Dolor al levantarse de la cama por la ma\u00f1ana.<\/li>\n<li>Rigidez en el pie.<\/li>\n<\/ul>\n<\/section>\n<section>\n<h2><span class=\"ez-toc-section\" id=\"Tratamiento_de_la_fascitis_plantar\"><\/span>Tratamiento de la fascitis plantar<span class=\"ez-toc-section-end\"><\/span><\/h2>\n<p>El tratamiento de la fascitis plantar incluye:<\/p>\n<ul>\n<li>Descanso y evitar actividades que empeoren el dolor.<\/li>\n<li>Aplicar hielo en el tal\u00f3n para reducir la inflamaci\u00f3n.<\/li>\n<li>Estiramientos diarios de la pantorrilla y la planta del pie.<\/li>\n<li>Uso de plantillas ortop\u00e9dicas o zapatos especiales.<\/li>\n<li>Fisioterapia.<\/li>\n<li>En casos graves, cirug\u00eda.<\/li>\n<\/ul>\n<\/section>\n<section>\n<h2><span class=\"ez-toc-section\" id=\"Preguntas_frecuentes_sobre_la_fascitis_plantar\"><\/span>Preguntas frecuentes sobre la fascitis plantar<span class=\"ez-toc-section-end\"><\/span><\/h2>\n<h3><span class=\"ez-toc-section\" id=\"%C2%BFQue_puedo_hacer_para_prevenir_la_fascitis_plantar\"><\/span>\u00bfQu\u00e9 puedo hacer para prevenir la fascitis plantar?<span class=\"ez-toc-section-end\"><\/span><\/h3>\n<p>Para prevenir la fascitis plantar, es importante:<\/p>\n<ul>\n<li>Mantener un peso saludable.<\/li>\n<li>Usar calzado adecuado y c\u00f3modo para el tipo de actividad que se va a realizar.<\/li>\n<li>Estirar adecuadamente antes y despu\u00e9s del ejercicio.<\/li>\n<li>Fortalecer los m\u00fasculos de la pantorrilla y la planta del pie.<\/li>\n<\/ul>\n<h3><span class=\"ez-toc-section\" id=\"%C2%BFCuanto_tiempo_tarda_en_sanar_la_fascitis_plantar\"><\/span>\u00bfCu\u00e1nto tiempo tarda en sanar la fascitis plantar?<span class=\"ez-toc-section-end\"><\/span><\/h3>\n<p>El tiempo de recuperaci\u00f3n var\u00eda de persona a persona y depende de la gravedad de la lesi\u00f3n. En general, el tratamiento puede durar de unas pocas semanas a varios meses.<\/p>\n<h3><span class=\"ez-toc-section\" id=\"%C2%BFEs_la_fascitis_plantar_una_lesion_cronica\"><\/span>\u00bfEs la fascitis plantar una lesi\u00f3n cr\u00f3nica?<span class=\"ez-toc-section-end\"><\/span><\/h3>\n<p>La fascitis plantar puede convertirse en una lesi\u00f3n cr\u00f3nica si no se trata adecuadamente. Es importante seguir el tratamiento recomendado por el m\u00e9dico y prevenir una reca\u00edda.<\/p>\n<\/section>\n<footer>\n<p>\u00a9 2023 Ana Gonz\u00e1lez. Todos los derechos reservados.<\/p>\n<\/footer>\n","protected":false},"excerpt":{"rendered":"<p>\u00bfQu\u00e9 es la fascitis plantar? Todo lo que debes saber Por Ana Gonz\u00e1lez Curiosidades sobre la fascitis plantar La fascitis plantar es la causa m\u00e1s com\u00fan de dolor en el tal\u00f3n. Afecta a millones de personas en todo el mundo, especialmente a corredores y personas mayores de 40 a\u00f1os. La fascitis plantar se produce cuando &#8230; <a title=\"Qu\u00e9 es la fascitis plantar\" class=\"read-more\" href=\"https:\/\/dudasytextos.com\/preguntaquees\/que-es-la-fascitis-plantar\/\" aria-label=\"M\u00e1s en Qu\u00e9 es la fascitis plantar\">Leer m\u00e1s<\/a><\/p>\n","protected":false},"author":1,"featured_media":0,"comment_status":"open","ping_status":"open","sticky":false,"template":"","format":"standard","meta":{"footnotes":""},"categories":[4],"tags":[],"class_list":["post-148240","post","type-post","status-publish","format-standard","hentry","category-que-es"],"aioseo_notices":[],"aioseo_head":"\n\t\t<!-- All in One SEO 5.0.1.1 - aioseo.com -->\n\t<meta name=\"description\" content=\"\u00bfQu\u00e9 es la fascitis plantar? Todo lo que debes saber Por Ana Gonz\u00e1lez Curiosidades sobre la fascitis plantar La fascitis plantar es la causa m\u00e1s com\u00fan de dolor en el tal\u00f3n. Afecta a millones de personas en todo el mundo, especialmente a corredores y personas mayores de 40 a\u00f1os. La fascitis plantar se produce cuando\" \/>\n\t<meta name=\"robots\" content=\"max-snippet:-1, max-image-preview:large, max-video-preview:-1\" \/>\n\t<meta name=\"author\" content=\"Ana Gonz\u00e1lez\"\/>\n\t<link rel=\"canonical\" href=\"https:\/\/dudasytextos.com\/preguntaquees\/que-es-la-fascitis-plantar\/\" \/>\n\t<meta name=\"generator\" content=\"All in One SEO (AIOSEO) 5.0.1.1\" \/>\n\n\t\t<!-- Google tag (gtag.js) -->\n<script async src=\"https:\/\/www.googletagmanager.com\/gtag\/js?id=G-QEZWJ7M6T7\"><\/script>\n<script>\n  window.dataLayer = window.dataLayer || [];\n  function gtag(){dataLayer.push(arguments);}\n  gtag('js', new Date());\n\n  gtag('config', 'G-QEZWJ7M6T7');\n<\/script>\n<script async src=\"https:\/\/pagead2.googlesyndication.com\/pagead\/js\/adsbygoogle.js?client=ca-pub-3987500858204711\"\n     crossorigin=\"anonymous\"><\/script>\n\t\t<meta property=\"og:locale\" content=\"es_ES\" \/>\n\t\t<meta property=\"og:site_name\" content=\"\u00bfQu\u00e9 es? - \u00bfQu\u00e9 es?\" \/>\n\t\t<meta property=\"og:type\" content=\"article\" \/>\n\t\t<meta property=\"og:title\" content=\"Qu\u00e9 es la fascitis plantar (2026) \u00bfQu\u00e9 es?\" \/>\n\t\t<meta property=\"og:description\" content=\"\u00bfQu\u00e9 es la fascitis plantar? Todo lo que debes saber Por Ana Gonz\u00e1lez Curiosidades sobre la fascitis plantar La fascitis plantar es la causa m\u00e1s com\u00fan de dolor en el tal\u00f3n. Afecta a millones de personas en todo el mundo, especialmente a corredores y personas mayores de 40 a\u00f1os. La fascitis plantar se produce cuando\" \/>\n\t\t<meta property=\"og:url\" content=\"https:\/\/dudasytextos.com\/preguntaquees\/que-es-la-fascitis-plantar\/\" \/>\n\t\t<meta property=\"article:published_time\" content=\"2025-02-27T04:12:38+00:00\" \/>\n\t\t<meta property=\"article:modified_time\" content=\"2025-03-13T02:07:44+00:00\" \/>\n\t\t<meta name=\"twitter:card\" content=\"summary_large_image\" \/>\n\t\t<meta name=\"twitter:title\" content=\"Qu\u00e9 es la fascitis plantar (2026) \u00bfQu\u00e9 es?\" \/>\n\t\t<meta name=\"twitter:description\" content=\"\u00bfQu\u00e9 es la fascitis plantar? Todo lo que debes saber Por Ana Gonz\u00e1lez Curiosidades sobre la fascitis plantar La fascitis plantar es la causa m\u00e1s com\u00fan de dolor en el tal\u00f3n. Afecta a millones de personas en todo el mundo, especialmente a corredores y personas mayores de 40 a\u00f1os. La fascitis plantar se produce cuando\" \/>\n\t\t<script type=\"application\/ld+json\" class=\"aioseo-schema\">\n\t\t\t{\"@context\":\"https:\\\/\\\/schema.org\",\"@graph\":[{\"@type\":\"BlogPosting\",\"@id\":\"https:\\\/\\\/dudasytextos.com\\\/preguntaquees\\\/que-es-la-fascitis-plantar\\\/#blogposting\",\"name\":\"Qu\\u00e9 es la fascitis plantar (2026) \\u00bfQu\\u00e9 es?\",\"headline\":\"Qu\\u00e9 es la fascitis plantar\",\"author\":{\"@id\":\"https:\\\/\\\/dudasytextos.com\\\/preguntaquees\\\/author\\\/admin44\\\/#author\"},\"publisher\":{\"@id\":\"https:\\\/\\\/dudasytextos.com\\\/preguntaquees\\\/#organization\"},\"datePublished\":\"2025-02-27T04:12:38+00:00\",\"dateModified\":\"2025-03-13T02:07:44+00:00\",\"inLanguage\":\"es-ES\",\"mainEntityOfPage\":{\"@id\":\"https:\\\/\\\/dudasytextos.com\\\/preguntaquees\\\/que-es-la-fascitis-plantar\\\/#webpage\"},\"isPartOf\":{\"@id\":\"https:\\\/\\\/dudasytextos.com\\\/preguntaquees\\\/que-es-la-fascitis-plantar\\\/#webpage\"},\"articleSection\":\"\\u00bfQu\\u00e9 es?\"},{\"@type\":\"BreadcrumbList\",\"@id\":\"https:\\\/\\\/dudasytextos.com\\\/preguntaquees\\\/que-es-la-fascitis-plantar\\\/#breadcrumblist\",\"itemListElement\":[{\"@type\":\"ListItem\",\"@id\":\"https:\\\/\\\/dudasytextos.com\\\/preguntaquees#listItem\",\"position\":1,\"name\":\"Inicio\",\"item\":\"https:\\\/\\\/dudasytextos.com\\\/preguntaquees\",\"nextItem\":{\"@type\":\"ListItem\",\"@id\":\"https:\\\/\\\/dudasytextos.com\\\/preguntaquees\\\/category\\\/que-es\\\/#listItem\",\"name\":\"\\u00bfQu\\u00e9 es?\"}},{\"@type\":\"ListItem\",\"@id\":\"https:\\\/\\\/dudasytextos.com\\\/preguntaquees\\\/category\\\/que-es\\\/#listItem\",\"position\":2,\"name\":\"\\u00bfQu\\u00e9 es?\",\"item\":\"https:\\\/\\\/dudasytextos.com\\\/preguntaquees\\\/category\\\/que-es\\\/\",\"nextItem\":{\"@type\":\"ListItem\",\"@id\":\"https:\\\/\\\/dudasytextos.com\\\/preguntaquees\\\/que-es-la-fascitis-plantar\\\/#listItem\",\"name\":\"Qu\\u00e9 es la fascitis plantar\"},\"previousItem\":{\"@type\":\"ListItem\",\"@id\":\"https:\\\/\\\/dudasytextos.com\\\/preguntaquees#listItem\",\"name\":\"Inicio\"}},{\"@type\":\"ListItem\",\"@id\":\"https:\\\/\\\/dudasytextos.com\\\/preguntaquees\\\/que-es-la-fascitis-plantar\\\/#listItem\",\"position\":3,\"name\":\"Qu\\u00e9 es la fascitis plantar\",\"previousItem\":{\"@type\":\"ListItem\",\"@id\":\"https:\\\/\\\/dudasytextos.com\\\/preguntaquees\\\/category\\\/que-es\\\/#listItem\",\"name\":\"\\u00bfQu\\u00e9 es?\"}}]},{\"@type\":\"Organization\",\"@id\":\"https:\\\/\\\/dudasytextos.com\\\/preguntaquees\\\/#organization\",\"name\":\"\\u00bfC\\u00f3mo funciona?\",\"description\":\"\\u00bfQu\\u00e9 es?\",\"url\":\"https:\\\/\\\/dudasytextos.com\\\/preguntaquees\\\/\"},{\"@type\":\"Person\",\"@id\":\"https:\\\/\\\/dudasytextos.com\\\/preguntaquees\\\/author\\\/admin44\\\/#author\",\"url\":\"https:\\\/\\\/dudasytextos.com\\\/preguntaquees\\\/author\\\/admin44\\\/\",\"name\":\"Ana Gonz\\u00e1lez\"},{\"@type\":\"WebPage\",\"@id\":\"https:\\\/\\\/dudasytextos.com\\\/preguntaquees\\\/que-es-la-fascitis-plantar\\\/#webpage\",\"url\":\"https:\\\/\\\/dudasytextos.com\\\/preguntaquees\\\/que-es-la-fascitis-plantar\\\/\",\"name\":\"Qu\\u00e9 es la fascitis plantar (2026) \\u00bfQu\\u00e9 es?\",\"description\":\"\\u00bfQu\\u00e9 es la fascitis plantar? Todo lo que debes saber Por Ana Gonz\\u00e1lez Curiosidades sobre la fascitis plantar La fascitis plantar es la causa m\\u00e1s com\\u00fan de dolor en el tal\\u00f3n. Afecta a millones de personas en todo el mundo, especialmente a corredores y personas mayores de 40 a\\u00f1os. La fascitis plantar se produce cuando\",\"inLanguage\":\"es-ES\",\"isPartOf\":{\"@id\":\"https:\\\/\\\/dudasytextos.com\\\/preguntaquees\\\/#website\"},\"breadcrumb\":{\"@id\":\"https:\\\/\\\/dudasytextos.com\\\/preguntaquees\\\/que-es-la-fascitis-plantar\\\/#breadcrumblist\"},\"author\":{\"@id\":\"https:\\\/\\\/dudasytextos.com\\\/preguntaquees\\\/author\\\/admin44\\\/#author\"},\"creator\":{\"@id\":\"https:\\\/\\\/dudasytextos.com\\\/preguntaquees\\\/author\\\/admin44\\\/#author\"},\"datePublished\":\"2025-02-27T04:12:38+00:00\",\"dateModified\":\"2025-03-13T02:07:44+00:00\"},{\"@type\":\"WebSite\",\"@id\":\"https:\\\/\\\/dudasytextos.com\\\/preguntaquees\\\/#website\",\"url\":\"https:\\\/\\\/dudasytextos.com\\\/preguntaquees\\\/\",\"name\":\"\\u00bfC\\u00f3mo funciona?\",\"description\":\"\\u00bfQu\\u00e9 es?\",\"inLanguage\":\"es-ES\",\"publisher\":{\"@id\":\"https:\\\/\\\/dudasytextos.com\\\/preguntaquees\\\/#organization\"}}]}\n\t\t<\/script>\n\t\t<!-- All in One SEO -->\n\n","aioseo_head_json":{"title":"Qu\u00e9 es la fascitis plantar (2026) \u00bfQu\u00e9 es?","description":"\u00bfQu\u00e9 es la fascitis plantar? Todo lo que debes saber Por Ana Gonz\u00e1lez Curiosidades sobre la fascitis plantar La fascitis plantar es la causa m\u00e1s com\u00fan de dolor en el tal\u00f3n. Afecta a millones de personas en todo el mundo, especialmente a corredores y personas mayores de 40 a\u00f1os. La fascitis plantar se produce cuando","canonical_url":"https:\/\/dudasytextos.com\/preguntaquees\/que-es-la-fascitis-plantar\/","robots":"max-snippet:-1, max-image-preview:large, max-video-preview:-1","keywords":"","webmasterTools":{"miscellaneous":"&lt;!-- Google tag (gtag.js) --&gt;\n&lt;script async src=\"https:\/\/www.googletagmanager.com\/gtag\/js?id=G-QEZWJ7M6T7\"&gt;&lt;\/script&gt;\n&lt;script&gt;\n  window.dataLayer = window.dataLayer || [];\n  function gtag(){dataLayer.push(arguments);}\n  gtag('js', new Date());\n\n  gtag('config', 'G-QEZWJ7M6T7');\n&lt;\/script&gt;\n&lt;script async src=\"https:\/\/pagead2.googlesyndication.com\/pagead\/js\/adsbygoogle.js?client=ca-pub-3987500858204711\"\n     crossorigin=\"anonymous\"&gt;&lt;\/script&gt;"},"schema":{"@context":"https:\/\/schema.org","@graph":[{"@type":"BlogPosting","@id":"https:\/\/dudasytextos.com\/preguntaquees\/que-es-la-fascitis-plantar\/#blogposting","name":"Qu\u00e9 es la fascitis plantar (2026) \u00bfQu\u00e9 es?","headline":"Qu\u00e9 es la fascitis plantar","author":{"@id":"https:\/\/dudasytextos.com\/preguntaquees\/author\/admin44\/#author"},"publisher":{"@id":"https:\/\/dudasytextos.com\/preguntaquees\/#organization"},"datePublished":"2025-02-27T04:12:38+00:00","dateModified":"2025-03-13T02:07:44+00:00","inLanguage":"es-ES","mainEntityOfPage":{"@id":"https:\/\/dudasytextos.com\/preguntaquees\/que-es-la-fascitis-plantar\/#webpage"},"isPartOf":{"@id":"https:\/\/dudasytextos.com\/preguntaquees\/que-es-la-fascitis-plantar\/#webpage"},"articleSection":"\u00bfQu\u00e9 es?"},{"@type":"BreadcrumbList","@id":"https:\/\/dudasytextos.com\/preguntaquees\/que-es-la-fascitis-plantar\/#breadcrumblist","itemListElement":[{"@type":"ListItem","@id":"https:\/\/dudasytextos.com\/preguntaquees#listItem","position":1,"name":"Inicio","item":"https:\/\/dudasytextos.com\/preguntaquees","nextItem":{"@type":"ListItem","@id":"https:\/\/dudasytextos.com\/preguntaquees\/category\/que-es\/#listItem","name":"\u00bfQu\u00e9 es?"}},{"@type":"ListItem","@id":"https:\/\/dudasytextos.com\/preguntaquees\/category\/que-es\/#listItem","position":2,"name":"\u00bfQu\u00e9 es?","item":"https:\/\/dudasytextos.com\/preguntaquees\/category\/que-es\/","nextItem":{"@type":"ListItem","@id":"https:\/\/dudasytextos.com\/preguntaquees\/que-es-la-fascitis-plantar\/#listItem","name":"Qu\u00e9 es la fascitis plantar"},"previousItem":{"@type":"ListItem","@id":"https:\/\/dudasytextos.com\/preguntaquees#listItem","name":"Inicio"}},{"@type":"ListItem","@id":"https:\/\/dudasytextos.com\/preguntaquees\/que-es-la-fascitis-plantar\/#listItem","position":3,"name":"Qu\u00e9 es la fascitis plantar","previousItem":{"@type":"ListItem","@id":"https:\/\/dudasytextos.com\/preguntaquees\/category\/que-es\/#listItem","name":"\u00bfQu\u00e9 es?"}}]},{"@type":"Organization","@id":"https:\/\/dudasytextos.com\/preguntaquees\/#organization","name":"\u00bfC\u00f3mo funciona?","description":"\u00bfQu\u00e9 es?","url":"https:\/\/dudasytextos.com\/preguntaquees\/"},{"@type":"Person","@id":"https:\/\/dudasytextos.com\/preguntaquees\/author\/admin44\/#author","url":"https:\/\/dudasytextos.com\/preguntaquees\/author\/admin44\/","name":"Ana Gonz\u00e1lez"},{"@type":"WebPage","@id":"https:\/\/dudasytextos.com\/preguntaquees\/que-es-la-fascitis-plantar\/#webpage","url":"https:\/\/dudasytextos.com\/preguntaquees\/que-es-la-fascitis-plantar\/","name":"Qu\u00e9 es la fascitis plantar (2026) \u00bfQu\u00e9 es?","description":"\u00bfQu\u00e9 es la fascitis plantar? Todo lo que debes saber Por Ana Gonz\u00e1lez Curiosidades sobre la fascitis plantar La fascitis plantar es la causa m\u00e1s com\u00fan de dolor en el tal\u00f3n. Afecta a millones de personas en todo el mundo, especialmente a corredores y personas mayores de 40 a\u00f1os. La fascitis plantar se produce cuando","inLanguage":"es-ES","isPartOf":{"@id":"https:\/\/dudasytextos.com\/preguntaquees\/#website"},"breadcrumb":{"@id":"https:\/\/dudasytextos.com\/preguntaquees\/que-es-la-fascitis-plantar\/#breadcrumblist"},"author":{"@id":"https:\/\/dudasytextos.com\/preguntaquees\/author\/admin44\/#author"},"creator":{"@id":"https:\/\/dudasytextos.com\/preguntaquees\/author\/admin44\/#author"},"datePublished":"2025-02-27T04:12:38+00:00","dateModified":"2025-03-13T02:07:44+00:00"},{"@type":"WebSite","@id":"https:\/\/dudasytextos.com\/preguntaquees\/#website","url":"https:\/\/dudasytextos.com\/preguntaquees\/","name":"\u00bfC\u00f3mo funciona?","description":"\u00bfQu\u00e9 es?","inLanguage":"es-ES","publisher":{"@id":"https:\/\/dudasytextos.com\/preguntaquees\/#organization"}}]},"og:locale":"es_ES","og:site_name":"\u00bfQu\u00e9 es? - \u00bfQu\u00e9 es?","og:type":"article","og:title":"Qu\u00e9 es la fascitis plantar (2026) \u00bfQu\u00e9 es?","og:description":"\u00bfQu\u00e9 es la fascitis plantar? Todo lo que debes saber Por Ana Gonz\u00e1lez Curiosidades sobre la fascitis plantar La fascitis plantar es la causa m\u00e1s com\u00fan de dolor en el tal\u00f3n. Afecta a millones de personas en todo el mundo, especialmente a corredores y personas mayores de 40 a\u00f1os. La fascitis plantar se produce cuando","og:url":"https:\/\/dudasytextos.com\/preguntaquees\/que-es-la-fascitis-plantar\/","article:published_time":"2025-02-27T04:12:38+00:00","article:modified_time":"2025-03-13T02:07:44+00:00","twitter:card":"summary_large_image","twitter:title":"Qu\u00e9 es la fascitis plantar (2026) \u00bfQu\u00e9 es?","twitter:description":"\u00bfQu\u00e9 es la fascitis plantar? Todo lo que debes saber Por Ana Gonz\u00e1lez Curiosidades sobre la fascitis plantar La fascitis plantar es la causa m\u00e1s com\u00fan de dolor en el tal\u00f3n. Afecta a millones de personas en todo el mundo, especialmente a corredores y personas mayores de 40 a\u00f1os. La fascitis plantar se produce cuando"},"aioseo_meta_data":{"post_id":"148240","title":null,"description":null,"keywords":null,"keyphrases":null,"primary_term":null,"canonical_url":null,"og_title":null,"og_description":null,"og_object_type":"default","og_image_type":"default","og_image_url":null,"og_image_width":null,"og_image_height":null,"og_image_custom_url":null,"og_image_custom_fields":null,"og_video":null,"og_custom_url":null,"og_article_section":null,"og_article_tags":null,"twitter_use_og":false,"twitter_card":"default","twitter_image_type":"default","twitter_image_url":null,"twitter_image_custom_url":null,"twitter_image_custom_fields":null,"twitter_title":null,"twitter_description":null,"schema":{"blockGraphs":[],"customGraphs":[],"default":{"data":{"Article":[],"Course":[],"Dataset":[],"FAQPage":[],"Movie":[],"Person":[],"Product":[],"ProductReview":[],"Car":[],"Recipe":[],"Service":[],"SoftwareApplication":[],"WebPage":[]},"graphName":"","isEnabled":true},"graphs":[]},"schema_type":"default","schema_type_options":null,"pillar_content":false,"robots_default":true,"robots_noindex":false,"robots_noarchive":false,"robots_nosnippet":false,"robots_nofollow":false,"robots_noimageindex":false,"robots_noodp":false,"robots_notranslate":false,"robots_max_snippet":null,"robots_max_videopreview":null,"robots_max_imagepreview":"large","priority":null,"frequency":null,"local_seo":null,"breadcrumb_settings":null,"limit_modified_date":false,"ai":null,"created":"2023-05-15 12:35:40","updated":"2025-06-04 02:37:58","seo_analyzer_scan_date":null,"focus_keyword":null,"additional_keywords":null,"truseo_locale":null},"aioseo_breadcrumb":"<div class=\"aioseo-breadcrumbs\"><span class=\"aioseo-breadcrumb\">\n\t\t\t<a href=\"https:\/\/dudasytextos.com\/preguntaquees\" title=\"Inicio\">Inicio<\/a>\n\t\t<\/span><span class=\"aioseo-breadcrumb-separator\">&raquo;<\/span><span class=\"aioseo-breadcrumb\">\n\t\t\t<a href=\"https:\/\/dudasytextos.com\/preguntaquees\/category\/que-es\/\" title=\"\u00bfQu\u00e9 es?\">\u00bfQu\u00e9 es?<\/a>\n\t\t<\/span><span class=\"aioseo-breadcrumb-separator\">&raquo;<\/span><span class=\"aioseo-breadcrumb\">\n\t\t\tQu\u00e9 es la fascitis plantar\n\t\t<\/span><\/div>","aioseo_breadcrumb_json":[{"label":"Inicio","link":"https:\/\/dudasytextos.com\/preguntaquees"},{"label":"\u00bfQu\u00e9 es?","link":"https:\/\/dudasytextos.com\/preguntaquees\/category\/que-es\/"},{"label":"Qu\u00e9 es la fascitis plantar","link":"https:\/\/dudasytextos.com\/preguntaquees\/que-es-la-fascitis-plantar\/"}],"_links":{"self":[{"href":"https:\/\/dudasytextos.com\/preguntaquees\/wp-json\/wp\/v2\/posts\/148240","targetHints":{"allow":["GET"]}}],"collection":[{"href":"https:\/\/dudasytextos.com\/preguntaquees\/wp-json\/wp\/v2\/posts"}],"about":[{"href":"https:\/\/dudasytextos.com\/preguntaquees\/wp-json\/wp\/v2\/types\/post"}],"author":[{"embeddable":true,"href":"https:\/\/dudasytextos.com\/preguntaquees\/wp-json\/wp\/v2\/users\/1"}],"replies":[{"embeddable":true,"href":"https:\/\/dudasytextos.com\/preguntaquees\/wp-json\/wp\/v2\/comments?post=148240"}],"version-history":[{"count":1,"href":"https:\/\/dudasytextos.com\/preguntaquees\/wp-json\/wp\/v2\/posts\/148240\/revisions"}],"predecessor-version":[{"id":157677,"href":"https:\/\/dudasytextos.com\/preguntaquees\/wp-json\/wp\/v2\/posts\/148240\/revisions\/157677"}],"wp:attachment":[{"href":"https:\/\/dudasytextos.com\/preguntaquees\/wp-json\/wp\/v2\/media?parent=148240"}],"wp:term":[{"taxonomy":"category","embeddable":true,"href":"https:\/\/dudasytextos.com\/preguntaquees\/wp-json\/wp\/v2\/categories?post=148240"},{"taxonomy":"post_tag","embeddable":true,"href":"https:\/\/dudasytextos.com\/preguntaquees\/wp-json\/wp\/v2\/tags?post=148240"}],"curies":[{"name":"wp","href":"https:\/\/api.w.org\/{rel}","templated":true}]}}