{"id":148282,"date":"2025-02-14T00:18:33","date_gmt":"2025-02-14T00:18:33","guid":{"rendered":"https:\/\/educacion.cc\/?p=148282"},"modified":"2025-03-13T00:31:51","modified_gmt":"2025-03-13T00:31:51","slug":"que-es-el-caso-negreira","status":"publish","type":"post","link":"https:\/\/dudasytextos.com\/preguntaquees\/que-es-el-caso-negreira\/","title":{"rendered":"Qu\u00e9 es el caso negreira"},"content":{"rendered":"<div id=\"ez-toc-container\" class=\"ez-toc-v2_0_87 counter-hierarchy ez-toc-counter ez-toc-custom ez-toc-container-direction\">\n<div class=\"ez-toc-title-container\">\n<span class=\"ez-toc-title-toggle\"><\/span><\/div>\n<nav><ul class='ez-toc-list ez-toc-list-level-1 ' ><li class='ez-toc-page-1 ez-toc-heading-level-2'><a class=\"ez-toc-link ez-toc-heading-1\" href=\"https:\/\/dudasytextos.com\/preguntaquees\/que-es-el-caso-negreira\/#%C2%BFQue_es_el_caso_Negreira\" >\u00bfQu\u00e9 es el caso Negreira?<\/a><\/li><li class='ez-toc-page-1 ez-toc-heading-level-2'><a class=\"ez-toc-link ez-toc-heading-2\" href=\"https:\/\/dudasytextos.com\/preguntaquees\/que-es-el-caso-negreira\/#Por_Ana_Gonzalez\" >Por Ana Gonz\u00e1lez<\/a><\/li><li class='ez-toc-page-1 ez-toc-heading-level-2'><a class=\"ez-toc-link ez-toc-heading-3\" href=\"https:\/\/dudasytextos.com\/preguntaquees\/que-es-el-caso-negreira\/#Cosas_interesantes_que_debes_saber_sobre_el_caso_Negreira\" >Cosas interesantes que debes saber sobre el caso Negreira<\/a><\/li><li class='ez-toc-page-1 ez-toc-heading-level-2'><a class=\"ez-toc-link ez-toc-heading-4\" href=\"https:\/\/dudasytextos.com\/preguntaquees\/que-es-el-caso-negreira\/#Mi_experiencia_personal_con_el_caso_Negreira\" >Mi experiencia personal con el caso Negreira<\/a><\/li><li class='ez-toc-page-1 ez-toc-heading-level-2'><a class=\"ez-toc-link ez-toc-heading-5\" href=\"https:\/\/dudasytextos.com\/preguntaquees\/que-es-el-caso-negreira\/#%C2%BFQue_podemos_hacer_para_prevenir_la_corrupcion_en_Espana\" >\u00bfQu\u00e9 podemos hacer para prevenir la corrupci\u00f3n en Espa\u00f1a?<\/a><\/li><li class='ez-toc-page-1 ez-toc-heading-level-2'><a class=\"ez-toc-link ez-toc-heading-6\" href=\"https:\/\/dudasytextos.com\/preguntaquees\/que-es-el-caso-negreira\/#Preguntas_frecuentes_sobre_el_caso_Negreira\" >Preguntas frecuentes sobre el caso Negreira<\/a><ul class='ez-toc-list-level-3' ><li class='ez-toc-heading-level-3'><a class=\"ez-toc-link ez-toc-heading-7\" href=\"https:\/\/dudasytextos.com\/preguntaquees\/que-es-el-caso-negreira\/#%C2%BFQue_es_el_caso_Negreira-2\" >\u00bfQu\u00e9 es el caso Negreira?<\/a><\/li><li class='ez-toc-page-1 ez-toc-heading-level-3'><a class=\"ez-toc-link ez-toc-heading-8\" href=\"https:\/\/dudasytextos.com\/preguntaquees\/que-es-el-caso-negreira\/#%C2%BFPor_que_es_importante_el_caso_Negreira\" >\u00bfPor qu\u00e9 es importante el caso Negreira?<\/a><\/li><li class='ez-toc-page-1 ez-toc-heading-level-3'><a class=\"ez-toc-link ez-toc-heading-9\" href=\"https:\/\/dudasytextos.com\/preguntaquees\/que-es-el-caso-negreira\/#%C2%BFCuando_tendra_lugar_el_juicio_del_caso_Negreira\" >\u00bfCu\u00e1ndo tendr\u00e1 lugar el juicio del caso Negreira?<\/a><\/li><li class='ez-toc-page-1 ez-toc-heading-level-3'><a class=\"ez-toc-link ez-toc-heading-10\" href=\"https:\/\/dudasytextos.com\/preguntaquees\/que-es-el-caso-negreira\/#%C2%BFQue_podemos_hacer_para_prevenir_la_corrupcion_en_Espana-2\" >\u00bfQu\u00e9 podemos hacer para prevenir la corrupci\u00f3n en Espa\u00f1a?<\/a><\/li><\/ul><\/li><\/ul><\/nav><\/div>\n<h2><span class=\"ez-toc-section\" id=\"%C2%BFQue_es_el_caso_Negreira\"><\/span>\u00bfQu\u00e9 es el caso Negreira?<span class=\"ez-toc-section-end\"><\/span><\/h2>\n<h2><span class=\"ez-toc-section\" id=\"Por_Ana_Gonzalez\"><\/span>Por Ana Gonz\u00e1lez<span class=\"ez-toc-section-end\"><\/span><\/h2>\n<section>\n<h2><span class=\"ez-toc-section\" id=\"Cosas_interesantes_que_debes_saber_sobre_el_caso_Negreira\"><\/span>Cosas interesantes que debes saber sobre el caso Negreira<span class=\"ez-toc-section-end\"><\/span><\/h2>\n<ul>\n<li>El caso Negreira es uno de los casos de corrupci\u00f3n m\u00e1s grandes de Espa\u00f1a.<\/li>\n<li>Este caso involucra a pol\u00edticos y empresarios de la ciudad de Negreira, en Galicia.<\/li>\n<li>Se investigan delitos relacionados con la urbanizaci\u00f3n y construcci\u00f3n ilegal de viviendas en la zona.<\/li>\n<li>El caso ha sido muy medi\u00e1tico en Espa\u00f1a, y ha generado mucha controversia.<\/li>\n<li>Se espera que el juicio tenga lugar en los pr\u00f3ximos meses, y que se haga justicia.<\/li>\n<\/ul>\n<\/section>\n<section>\n<h2><span class=\"ez-toc-section\" id=\"Mi_experiencia_personal_con_el_caso_Negreira\"><\/span>Mi experiencia personal con el caso Negreira<span class=\"ez-toc-section-end\"><\/span><\/h2>\n<p>Soy una ciudadana gallega, y he seguido el caso Negreira desde sus inicios. Como muchos espa\u00f1oles, estoy indignada por la corrupci\u00f3n y el abuso de poder que se han descubierto en este caso.<\/p>\n<p>Me preocupa que la justicia no se haga correctamente, y que los responsables no paguen por sus delitos. Creo que es importante que se investigue a fondo este caso, y que se tomen medidas para prevenir la corrupci\u00f3n en el futuro.<\/p>\n<p>Hice una peque\u00f1a investigaci\u00f3n por mi cuenta, y descubr\u00ed que la mayor\u00eda de la gente en Galicia est\u00e1 muy preocupada por este caso. Hay una sensaci\u00f3n generalizada de injusticia y de que los pol\u00edticos y empresarios est\u00e1n por encima de la ley.<\/p>\n<\/section>\n<section>\n<h2><span class=\"ez-toc-section\" id=\"%C2%BFQue_podemos_hacer_para_prevenir_la_corrupcion_en_Espana\"><\/span>\u00bfQu\u00e9 podemos hacer para prevenir la corrupci\u00f3n en Espa\u00f1a?<span class=\"ez-toc-section-end\"><\/span><\/h2>\n<p>Creo que es importante que los ciudadanos est\u00e9n informados y sean cr\u00edticos con los pol\u00edticos y empresarios. Debemos exigir transparencia y responsabilidad en todas las \u00e1reas de la sociedad.<\/p>\n<p>Tambi\u00e9n es importante que se refuercen las leyes y se castigue a los responsables de la corrupci\u00f3n de manera efectiva. No podemos permitir que la corrupci\u00f3n siga siendo un problema en Espa\u00f1a.<\/p>\n<p>Personalmente, prefiero apoyar a pol\u00edticos y partidos que demuestran un compromiso con la honestidad y la justicia. Tambi\u00e9n trato de elegir empresas que tienen una buena reputaci\u00f3n y que no est\u00e1n involucradas en casos de corrupci\u00f3n.<\/p>\n<\/section>\n<section>\n<h2><span class=\"ez-toc-section\" id=\"Preguntas_frecuentes_sobre_el_caso_Negreira\"><\/span>Preguntas frecuentes sobre el caso Negreira<span class=\"ez-toc-section-end\"><\/span><\/h2>\n<h3><span class=\"ez-toc-section\" id=\"%C2%BFQue_es_el_caso_Negreira-2\"><\/span>\u00bfQu\u00e9 es el caso Negreira?<span class=\"ez-toc-section-end\"><\/span><\/h3>\n<p>El caso Negreira es un caso de corrupci\u00f3n que involucra a pol\u00edticos y empresarios de la ciudad de Negreira, en Galicia. Se investigan delitos relacionados con la urbanizaci\u00f3n y construcci\u00f3n ilegal de viviendas en la zona.<\/p>\n<h3><span class=\"ez-toc-section\" id=\"%C2%BFPor_que_es_importante_el_caso_Negreira\"><\/span>\u00bfPor qu\u00e9 es importante el caso Negreira?<span class=\"ez-toc-section-end\"><\/span><\/h3>\n<p>El caso Negreira es importante porque pone de manifiesto la corrupci\u00f3n y el abuso de poder que a menudo ocurren en Espa\u00f1a. Tambi\u00e9n es importante porque puede sentar un precedente y enviar un mensaje claro de que la corrupci\u00f3n no ser\u00e1 tolerada.<\/p>\n<h3><span class=\"ez-toc-section\" id=\"%C2%BFCuando_tendra_lugar_el_juicio_del_caso_Negreira\"><\/span>\u00bfCu\u00e1ndo tendr\u00e1 lugar el juicio del caso Negreira?<span class=\"ez-toc-section-end\"><\/span><\/h3>\n<p>Se espera que el juicio del caso Negreira tenga lugar en los pr\u00f3ximos meses. Sin embargo, esto puede estar sujeto a cambios debido a la pandemia de COVID-19 y otros factores.<\/p>\n<h3><span class=\"ez-toc-section\" id=\"%C2%BFQue_podemos_hacer_para_prevenir_la_corrupcion_en_Espana-2\"><\/span>\u00bfQu\u00e9 podemos hacer para prevenir la corrupci\u00f3n en Espa\u00f1a?<span class=\"ez-toc-section-end\"><\/span><\/h3>\n<p>Para prevenir la corrupci\u00f3n en Espa\u00f1a, es importante que los ciudadanos est\u00e9n informados y sean cr\u00edticos con los pol\u00edticos y empresarios. Tambi\u00e9n es importante que se refuercen las leyes y se castigue a los responsables de la corrupci\u00f3n de manera efectiva.<\/p>\n<\/section>\n<footer>\n<p>\u00a9 Ana Gonz\u00e1lez &#8211; Todos los derechos reservados<\/p>\n<\/footer>\n","protected":false},"excerpt":{"rendered":"<p>\u00bfQu\u00e9 es el caso Negreira? Por Ana Gonz\u00e1lez Cosas interesantes que debes saber sobre el caso Negreira El caso Negreira es uno de los casos de corrupci\u00f3n m\u00e1s grandes de Espa\u00f1a. Este caso involucra a pol\u00edticos y empresarios de la ciudad de Negreira, en Galicia. Se investigan delitos relacionados con la urbanizaci\u00f3n y construcci\u00f3n ilegal &#8230; <a title=\"Qu\u00e9 es el caso negreira\" class=\"read-more\" href=\"https:\/\/dudasytextos.com\/preguntaquees\/que-es-el-caso-negreira\/\" aria-label=\"M\u00e1s en Qu\u00e9 es el caso negreira\">Leer m\u00e1s<\/a><\/p>\n","protected":false},"author":1,"featured_media":0,"comment_status":"open","ping_status":"open","sticky":false,"template":"","format":"standard","meta":{"footnotes":""},"categories":[4],"tags":[],"class_list":["post-148282","post","type-post","status-publish","format-standard","hentry","category-que-es"],"aioseo_notices":[],"aioseo_head":"\n\t\t<!-- All in One SEO 5.0.1.1 - aioseo.com -->\n\t<meta name=\"description\" content=\"\u00bfQu\u00e9 es el caso Negreira? Por Ana Gonz\u00e1lez Cosas interesantes que debes saber sobre el caso Negreira El caso Negreira es uno de los casos de corrupci\u00f3n m\u00e1s grandes de Espa\u00f1a. Este caso involucra a pol\u00edticos y empresarios de la ciudad de Negreira, en Galicia. Se investigan delitos relacionados con la urbanizaci\u00f3n y construcci\u00f3n ilegal\" \/>\n\t<meta name=\"robots\" content=\"max-snippet:-1, max-image-preview:large, max-video-preview:-1\" \/>\n\t<meta name=\"author\" content=\"Ana Gonz\u00e1lez\"\/>\n\t<link rel=\"canonical\" href=\"https:\/\/dudasytextos.com\/preguntaquees\/que-es-el-caso-negreira\/\" \/>\n\t<meta name=\"generator\" content=\"All in One SEO (AIOSEO) 5.0.1.1\" \/>\n\n\t\t<!-- Google tag (gtag.js) -->\n<script async src=\"https:\/\/www.googletagmanager.com\/gtag\/js?id=G-QEZWJ7M6T7\"><\/script>\n<script>\n  window.dataLayer = window.dataLayer || [];\n  function gtag(){dataLayer.push(arguments);}\n  gtag('js', new Date());\n\n  gtag('config', 'G-QEZWJ7M6T7');\n<\/script>\n<script async src=\"https:\/\/pagead2.googlesyndication.com\/pagead\/js\/adsbygoogle.js?client=ca-pub-3987500858204711\"\n     crossorigin=\"anonymous\"><\/script>\n\t\t<meta property=\"og:locale\" content=\"es_ES\" \/>\n\t\t<meta property=\"og:site_name\" content=\"\u00bfQu\u00e9 es? - \u00bfQu\u00e9 es?\" \/>\n\t\t<meta property=\"og:type\" content=\"article\" \/>\n\t\t<meta property=\"og:title\" content=\"Qu\u00e9 es el caso negreira (2026) \u00bfQu\u00e9 es?\" \/>\n\t\t<meta property=\"og:description\" content=\"\u00bfQu\u00e9 es el caso Negreira? Por Ana Gonz\u00e1lez Cosas interesantes que debes saber sobre el caso Negreira El caso Negreira es uno de los casos de corrupci\u00f3n m\u00e1s grandes de Espa\u00f1a. Este caso involucra a pol\u00edticos y empresarios de la ciudad de Negreira, en Galicia. Se investigan delitos relacionados con la urbanizaci\u00f3n y construcci\u00f3n ilegal\" \/>\n\t\t<meta property=\"og:url\" content=\"https:\/\/dudasytextos.com\/preguntaquees\/que-es-el-caso-negreira\/\" \/>\n\t\t<meta property=\"article:published_time\" content=\"2025-02-14T00:18:33+00:00\" \/>\n\t\t<meta property=\"article:modified_time\" content=\"2025-03-13T00:31:51+00:00\" \/>\n\t\t<meta name=\"twitter:card\" content=\"summary_large_image\" \/>\n\t\t<meta name=\"twitter:title\" content=\"Qu\u00e9 es el caso negreira (2026) \u00bfQu\u00e9 es?\" \/>\n\t\t<meta name=\"twitter:description\" content=\"\u00bfQu\u00e9 es el caso Negreira? Por Ana Gonz\u00e1lez Cosas interesantes que debes saber sobre el caso Negreira El caso Negreira es uno de los casos de corrupci\u00f3n m\u00e1s grandes de Espa\u00f1a. Este caso involucra a pol\u00edticos y empresarios de la ciudad de Negreira, en Galicia. Se investigan delitos relacionados con la urbanizaci\u00f3n y construcci\u00f3n ilegal\" \/>\n\t\t<script type=\"application\/ld+json\" class=\"aioseo-schema\">\n\t\t\t{\"@context\":\"https:\\\/\\\/schema.org\",\"@graph\":[{\"@type\":\"BlogPosting\",\"@id\":\"https:\\\/\\\/dudasytextos.com\\\/preguntaquees\\\/que-es-el-caso-negreira\\\/#blogposting\",\"name\":\"Qu\\u00e9 es el caso negreira (2026) \\u00bfQu\\u00e9 es?\",\"headline\":\"Qu\\u00e9 es el caso negreira\",\"author\":{\"@id\":\"https:\\\/\\\/dudasytextos.com\\\/preguntaquees\\\/author\\\/admin44\\\/#author\"},\"publisher\":{\"@id\":\"https:\\\/\\\/dudasytextos.com\\\/preguntaquees\\\/#organization\"},\"datePublished\":\"2025-02-14T00:18:33+00:00\",\"dateModified\":\"2025-03-13T00:31:51+00:00\",\"inLanguage\":\"es-ES\",\"mainEntityOfPage\":{\"@id\":\"https:\\\/\\\/dudasytextos.com\\\/preguntaquees\\\/que-es-el-caso-negreira\\\/#webpage\"},\"isPartOf\":{\"@id\":\"https:\\\/\\\/dudasytextos.com\\\/preguntaquees\\\/que-es-el-caso-negreira\\\/#webpage\"},\"articleSection\":\"\\u00bfQu\\u00e9 es?\"},{\"@type\":\"BreadcrumbList\",\"@id\":\"https:\\\/\\\/dudasytextos.com\\\/preguntaquees\\\/que-es-el-caso-negreira\\\/#breadcrumblist\",\"itemListElement\":[{\"@type\":\"ListItem\",\"@id\":\"https:\\\/\\\/dudasytextos.com\\\/preguntaquees#listItem\",\"position\":1,\"name\":\"Inicio\",\"item\":\"https:\\\/\\\/dudasytextos.com\\\/preguntaquees\",\"nextItem\":{\"@type\":\"ListItem\",\"@id\":\"https:\\\/\\\/dudasytextos.com\\\/preguntaquees\\\/category\\\/que-es\\\/#listItem\",\"name\":\"\\u00bfQu\\u00e9 es?\"}},{\"@type\":\"ListItem\",\"@id\":\"https:\\\/\\\/dudasytextos.com\\\/preguntaquees\\\/category\\\/que-es\\\/#listItem\",\"position\":2,\"name\":\"\\u00bfQu\\u00e9 es?\",\"item\":\"https:\\\/\\\/dudasytextos.com\\\/preguntaquees\\\/category\\\/que-es\\\/\",\"nextItem\":{\"@type\":\"ListItem\",\"@id\":\"https:\\\/\\\/dudasytextos.com\\\/preguntaquees\\\/que-es-el-caso-negreira\\\/#listItem\",\"name\":\"Qu\\u00e9 es el caso negreira\"},\"previousItem\":{\"@type\":\"ListItem\",\"@id\":\"https:\\\/\\\/dudasytextos.com\\\/preguntaquees#listItem\",\"name\":\"Inicio\"}},{\"@type\":\"ListItem\",\"@id\":\"https:\\\/\\\/dudasytextos.com\\\/preguntaquees\\\/que-es-el-caso-negreira\\\/#listItem\",\"position\":3,\"name\":\"Qu\\u00e9 es el caso negreira\",\"previousItem\":{\"@type\":\"ListItem\",\"@id\":\"https:\\\/\\\/dudasytextos.com\\\/preguntaquees\\\/category\\\/que-es\\\/#listItem\",\"name\":\"\\u00bfQu\\u00e9 es?\"}}]},{\"@type\":\"Organization\",\"@id\":\"https:\\\/\\\/dudasytextos.com\\\/preguntaquees\\\/#organization\",\"name\":\"\\u00bfC\\u00f3mo funciona?\",\"description\":\"\\u00bfQu\\u00e9 es?\",\"url\":\"https:\\\/\\\/dudasytextos.com\\\/preguntaquees\\\/\"},{\"@type\":\"Person\",\"@id\":\"https:\\\/\\\/dudasytextos.com\\\/preguntaquees\\\/author\\\/admin44\\\/#author\",\"url\":\"https:\\\/\\\/dudasytextos.com\\\/preguntaquees\\\/author\\\/admin44\\\/\",\"name\":\"Ana Gonz\\u00e1lez\"},{\"@type\":\"WebPage\",\"@id\":\"https:\\\/\\\/dudasytextos.com\\\/preguntaquees\\\/que-es-el-caso-negreira\\\/#webpage\",\"url\":\"https:\\\/\\\/dudasytextos.com\\\/preguntaquees\\\/que-es-el-caso-negreira\\\/\",\"name\":\"Qu\\u00e9 es el caso negreira (2026) \\u00bfQu\\u00e9 es?\",\"description\":\"\\u00bfQu\\u00e9 es el caso Negreira? Por Ana Gonz\\u00e1lez Cosas interesantes que debes saber sobre el caso Negreira El caso Negreira es uno de los casos de corrupci\\u00f3n m\\u00e1s grandes de Espa\\u00f1a. Este caso involucra a pol\\u00edticos y empresarios de la ciudad de Negreira, en Galicia. Se investigan delitos relacionados con la urbanizaci\\u00f3n y construcci\\u00f3n ilegal\",\"inLanguage\":\"es-ES\",\"isPartOf\":{\"@id\":\"https:\\\/\\\/dudasytextos.com\\\/preguntaquees\\\/#website\"},\"breadcrumb\":{\"@id\":\"https:\\\/\\\/dudasytextos.com\\\/preguntaquees\\\/que-es-el-caso-negreira\\\/#breadcrumblist\"},\"author\":{\"@id\":\"https:\\\/\\\/dudasytextos.com\\\/preguntaquees\\\/author\\\/admin44\\\/#author\"},\"creator\":{\"@id\":\"https:\\\/\\\/dudasytextos.com\\\/preguntaquees\\\/author\\\/admin44\\\/#author\"},\"datePublished\":\"2025-02-14T00:18:33+00:00\",\"dateModified\":\"2025-03-13T00:31:51+00:00\"},{\"@type\":\"WebSite\",\"@id\":\"https:\\\/\\\/dudasytextos.com\\\/preguntaquees\\\/#website\",\"url\":\"https:\\\/\\\/dudasytextos.com\\\/preguntaquees\\\/\",\"name\":\"\\u00bfC\\u00f3mo funciona?\",\"description\":\"\\u00bfQu\\u00e9 es?\",\"inLanguage\":\"es-ES\",\"publisher\":{\"@id\":\"https:\\\/\\\/dudasytextos.com\\\/preguntaquees\\\/#organization\"}}]}\n\t\t<\/script>\n\t\t<!-- All in One SEO -->\n\n","aioseo_head_json":{"title":"Qu\u00e9 es el caso negreira (2026) \u00bfQu\u00e9 es?","description":"\u00bfQu\u00e9 es el caso Negreira? Por Ana Gonz\u00e1lez Cosas interesantes que debes saber sobre el caso Negreira El caso Negreira es uno de los casos de corrupci\u00f3n m\u00e1s grandes de Espa\u00f1a. Este caso involucra a pol\u00edticos y empresarios de la ciudad de Negreira, en Galicia. Se investigan delitos relacionados con la urbanizaci\u00f3n y construcci\u00f3n ilegal","canonical_url":"https:\/\/dudasytextos.com\/preguntaquees\/que-es-el-caso-negreira\/","robots":"max-snippet:-1, max-image-preview:large, max-video-preview:-1","keywords":"","webmasterTools":{"miscellaneous":"&lt;!-- Google tag (gtag.js) --&gt;\n&lt;script async src=\"https:\/\/www.googletagmanager.com\/gtag\/js?id=G-QEZWJ7M6T7\"&gt;&lt;\/script&gt;\n&lt;script&gt;\n  window.dataLayer = window.dataLayer || [];\n  function gtag(){dataLayer.push(arguments);}\n  gtag('js', new Date());\n\n  gtag('config', 'G-QEZWJ7M6T7');\n&lt;\/script&gt;\n&lt;script async src=\"https:\/\/pagead2.googlesyndication.com\/pagead\/js\/adsbygoogle.js?client=ca-pub-3987500858204711\"\n     crossorigin=\"anonymous\"&gt;&lt;\/script&gt;"},"schema":{"@context":"https:\/\/schema.org","@graph":[{"@type":"BlogPosting","@id":"https:\/\/dudasytextos.com\/preguntaquees\/que-es-el-caso-negreira\/#blogposting","name":"Qu\u00e9 es el caso negreira (2026) \u00bfQu\u00e9 es?","headline":"Qu\u00e9 es el caso negreira","author":{"@id":"https:\/\/dudasytextos.com\/preguntaquees\/author\/admin44\/#author"},"publisher":{"@id":"https:\/\/dudasytextos.com\/preguntaquees\/#organization"},"datePublished":"2025-02-14T00:18:33+00:00","dateModified":"2025-03-13T00:31:51+00:00","inLanguage":"es-ES","mainEntityOfPage":{"@id":"https:\/\/dudasytextos.com\/preguntaquees\/que-es-el-caso-negreira\/#webpage"},"isPartOf":{"@id":"https:\/\/dudasytextos.com\/preguntaquees\/que-es-el-caso-negreira\/#webpage"},"articleSection":"\u00bfQu\u00e9 es?"},{"@type":"BreadcrumbList","@id":"https:\/\/dudasytextos.com\/preguntaquees\/que-es-el-caso-negreira\/#breadcrumblist","itemListElement":[{"@type":"ListItem","@id":"https:\/\/dudasytextos.com\/preguntaquees#listItem","position":1,"name":"Inicio","item":"https:\/\/dudasytextos.com\/preguntaquees","nextItem":{"@type":"ListItem","@id":"https:\/\/dudasytextos.com\/preguntaquees\/category\/que-es\/#listItem","name":"\u00bfQu\u00e9 es?"}},{"@type":"ListItem","@id":"https:\/\/dudasytextos.com\/preguntaquees\/category\/que-es\/#listItem","position":2,"name":"\u00bfQu\u00e9 es?","item":"https:\/\/dudasytextos.com\/preguntaquees\/category\/que-es\/","nextItem":{"@type":"ListItem","@id":"https:\/\/dudasytextos.com\/preguntaquees\/que-es-el-caso-negreira\/#listItem","name":"Qu\u00e9 es el caso negreira"},"previousItem":{"@type":"ListItem","@id":"https:\/\/dudasytextos.com\/preguntaquees#listItem","name":"Inicio"}},{"@type":"ListItem","@id":"https:\/\/dudasytextos.com\/preguntaquees\/que-es-el-caso-negreira\/#listItem","position":3,"name":"Qu\u00e9 es el caso negreira","previousItem":{"@type":"ListItem","@id":"https:\/\/dudasytextos.com\/preguntaquees\/category\/que-es\/#listItem","name":"\u00bfQu\u00e9 es?"}}]},{"@type":"Organization","@id":"https:\/\/dudasytextos.com\/preguntaquees\/#organization","name":"\u00bfC\u00f3mo funciona?","description":"\u00bfQu\u00e9 es?","url":"https:\/\/dudasytextos.com\/preguntaquees\/"},{"@type":"Person","@id":"https:\/\/dudasytextos.com\/preguntaquees\/author\/admin44\/#author","url":"https:\/\/dudasytextos.com\/preguntaquees\/author\/admin44\/","name":"Ana Gonz\u00e1lez"},{"@type":"WebPage","@id":"https:\/\/dudasytextos.com\/preguntaquees\/que-es-el-caso-negreira\/#webpage","url":"https:\/\/dudasytextos.com\/preguntaquees\/que-es-el-caso-negreira\/","name":"Qu\u00e9 es el caso negreira (2026) \u00bfQu\u00e9 es?","description":"\u00bfQu\u00e9 es el caso Negreira? Por Ana Gonz\u00e1lez Cosas interesantes que debes saber sobre el caso Negreira El caso Negreira es uno de los casos de corrupci\u00f3n m\u00e1s grandes de Espa\u00f1a. Este caso involucra a pol\u00edticos y empresarios de la ciudad de Negreira, en Galicia. Se investigan delitos relacionados con la urbanizaci\u00f3n y construcci\u00f3n ilegal","inLanguage":"es-ES","isPartOf":{"@id":"https:\/\/dudasytextos.com\/preguntaquees\/#website"},"breadcrumb":{"@id":"https:\/\/dudasytextos.com\/preguntaquees\/que-es-el-caso-negreira\/#breadcrumblist"},"author":{"@id":"https:\/\/dudasytextos.com\/preguntaquees\/author\/admin44\/#author"},"creator":{"@id":"https:\/\/dudasytextos.com\/preguntaquees\/author\/admin44\/#author"},"datePublished":"2025-02-14T00:18:33+00:00","dateModified":"2025-03-13T00:31:51+00:00"},{"@type":"WebSite","@id":"https:\/\/dudasytextos.com\/preguntaquees\/#website","url":"https:\/\/dudasytextos.com\/preguntaquees\/","name":"\u00bfC\u00f3mo funciona?","description":"\u00bfQu\u00e9 es?","inLanguage":"es-ES","publisher":{"@id":"https:\/\/dudasytextos.com\/preguntaquees\/#organization"}}]},"og:locale":"es_ES","og:site_name":"\u00bfQu\u00e9 es? - \u00bfQu\u00e9 es?","og:type":"article","og:title":"Qu\u00e9 es el caso negreira (2026) \u00bfQu\u00e9 es?","og:description":"\u00bfQu\u00e9 es el caso Negreira? Por Ana Gonz\u00e1lez Cosas interesantes que debes saber sobre el caso Negreira El caso Negreira es uno de los casos de corrupci\u00f3n m\u00e1s grandes de Espa\u00f1a. Este caso involucra a pol\u00edticos y empresarios de la ciudad de Negreira, en Galicia. Se investigan delitos relacionados con la urbanizaci\u00f3n y construcci\u00f3n ilegal","og:url":"https:\/\/dudasytextos.com\/preguntaquees\/que-es-el-caso-negreira\/","article:published_time":"2025-02-14T00:18:33+00:00","article:modified_time":"2025-03-13T00:31:51+00:00","twitter:card":"summary_large_image","twitter:title":"Qu\u00e9 es el caso negreira (2026) \u00bfQu\u00e9 es?","twitter:description":"\u00bfQu\u00e9 es el caso Negreira? Por Ana Gonz\u00e1lez Cosas interesantes que debes saber sobre el caso Negreira El caso Negreira es uno de los casos de corrupci\u00f3n m\u00e1s grandes de Espa\u00f1a. Este caso involucra a pol\u00edticos y empresarios de la ciudad de Negreira, en Galicia. Se investigan delitos relacionados con la urbanizaci\u00f3n y construcci\u00f3n ilegal"},"aioseo_meta_data":{"post_id":"148282","title":null,"description":null,"keywords":null,"keyphrases":null,"primary_term":null,"canonical_url":null,"og_title":null,"og_description":null,"og_object_type":"default","og_image_type":"default","og_image_url":null,"og_image_width":null,"og_image_height":null,"og_image_custom_url":null,"og_image_custom_fields":null,"og_video":null,"og_custom_url":null,"og_article_section":null,"og_article_tags":null,"twitter_use_og":false,"twitter_card":"default","twitter_image_type":"default","twitter_image_url":null,"twitter_image_custom_url":null,"twitter_image_custom_fields":null,"twitter_title":null,"twitter_description":null,"schema":{"blockGraphs":[],"customGraphs":[],"default":{"data":{"Article":[],"Course":[],"Dataset":[],"FAQPage":[],"Movie":[],"Person":[],"Product":[],"ProductReview":[],"Car":[],"Recipe":[],"Service":[],"SoftwareApplication":[],"WebPage":[]},"graphName":"","isEnabled":true},"graphs":[]},"schema_type":"default","schema_type_options":null,"pillar_content":false,"robots_default":true,"robots_noindex":false,"robots_noarchive":false,"robots_nosnippet":false,"robots_nofollow":false,"robots_noimageindex":false,"robots_noodp":false,"robots_notranslate":false,"robots_max_snippet":null,"robots_max_videopreview":null,"robots_max_imagepreview":"large","priority":null,"frequency":null,"local_seo":null,"breadcrumb_settings":null,"limit_modified_date":false,"ai":null,"created":"2023-05-15 11:40:56","updated":"2025-06-03 18:20:02","seo_analyzer_scan_date":null,"focus_keyword":null,"additional_keywords":null,"truseo_locale":null},"aioseo_breadcrumb":"<div class=\"aioseo-breadcrumbs\"><span class=\"aioseo-breadcrumb\">\n\t\t\t<a href=\"https:\/\/dudasytextos.com\/preguntaquees\" title=\"Inicio\">Inicio<\/a>\n\t\t<\/span><span class=\"aioseo-breadcrumb-separator\">&raquo;<\/span><span class=\"aioseo-breadcrumb\">\n\t\t\t<a href=\"https:\/\/dudasytextos.com\/preguntaquees\/category\/que-es\/\" title=\"\u00bfQu\u00e9 es?\">\u00bfQu\u00e9 es?<\/a>\n\t\t<\/span><span class=\"aioseo-breadcrumb-separator\">&raquo;<\/span><span class=\"aioseo-breadcrumb\">\n\t\t\tQu\u00e9 es el caso negreira\n\t\t<\/span><\/div>","aioseo_breadcrumb_json":[{"label":"Inicio","link":"https:\/\/dudasytextos.com\/preguntaquees"},{"label":"\u00bfQu\u00e9 es?","link":"https:\/\/dudasytextos.com\/preguntaquees\/category\/que-es\/"},{"label":"Qu\u00e9 es el caso negreira","link":"https:\/\/dudasytextos.com\/preguntaquees\/que-es-el-caso-negreira\/"}],"_links":{"self":[{"href":"https:\/\/dudasytextos.com\/preguntaquees\/wp-json\/wp\/v2\/posts\/148282","targetHints":{"allow":["GET"]}}],"collection":[{"href":"https:\/\/dudasytextos.com\/preguntaquees\/wp-json\/wp\/v2\/posts"}],"about":[{"href":"https:\/\/dudasytextos.com\/preguntaquees\/wp-json\/wp\/v2\/types\/post"}],"author":[{"embeddable":true,"href":"https:\/\/dudasytextos.com\/preguntaquees\/wp-json\/wp\/v2\/users\/1"}],"replies":[{"embeddable":true,"href":"https:\/\/dudasytextos.com\/preguntaquees\/wp-json\/wp\/v2\/comments?post=148282"}],"version-history":[{"count":1,"href":"https:\/\/dudasytextos.com\/preguntaquees\/wp-json\/wp\/v2\/posts\/148282\/revisions"}],"predecessor-version":[{"id":157635,"href":"https:\/\/dudasytextos.com\/preguntaquees\/wp-json\/wp\/v2\/posts\/148282\/revisions\/157635"}],"wp:attachment":[{"href":"https:\/\/dudasytextos.com\/preguntaquees\/wp-json\/wp\/v2\/media?parent=148282"}],"wp:term":[{"taxonomy":"category","embeddable":true,"href":"https:\/\/dudasytextos.com\/preguntaquees\/wp-json\/wp\/v2\/categories?post=148282"},{"taxonomy":"post_tag","embeddable":true,"href":"https:\/\/dudasytextos.com\/preguntaquees\/wp-json\/wp\/v2\/tags?post=148282"}],"curies":[{"name":"wp","href":"https:\/\/api.w.org\/{rel}","templated":true}]}}