{"id":148365,"date":"2025-02-24T19:30:47","date_gmt":"2025-02-24T19:30:47","guid":{"rendered":"https:\/\/educacion.cc\/?p=148365"},"modified":"2025-03-13T10:45:08","modified_gmt":"2025-03-13T10:45:08","slug":"que-es-la-marcha-nordica","status":"publish","type":"post","link":"https:\/\/dudasytextos.com\/preguntaquees\/que-es-la-marcha-nordica\/","title":{"rendered":"Qu\u00e9 es la marcha nordica"},"content":{"rendered":"<div id=\"ez-toc-container\" class=\"ez-toc-v2_0_87 counter-hierarchy ez-toc-counter ez-toc-custom ez-toc-container-direction\">\n<div class=\"ez-toc-title-container\">\n<span class=\"ez-toc-title-toggle\"><\/span><\/div>\n<nav><ul class='ez-toc-list ez-toc-list-level-1 ' ><li class='ez-toc-page-1 ez-toc-heading-level-2'><a class=\"ez-toc-link ez-toc-heading-1\" href=\"https:\/\/dudasytextos.com\/preguntaquees\/que-es-la-marcha-nordica\/#%C2%BFQue_es_la_marcha_nordica\" >\u00bfQu\u00e9 es la marcha n\u00f3rdica?<\/a><\/li><li class='ez-toc-page-1 ez-toc-heading-level-2'><a class=\"ez-toc-link ez-toc-heading-2\" href=\"https:\/\/dudasytextos.com\/preguntaquees\/que-es-la-marcha-nordica\/#Curiosidades_sobre_la_marcha_nordica\" >Curiosidades sobre la marcha n\u00f3rdica<\/a><\/li><li class='ez-toc-page-1 ez-toc-heading-level-2'><a class=\"ez-toc-link ez-toc-heading-3\" href=\"https:\/\/dudasytextos.com\/preguntaquees\/que-es-la-marcha-nordica\/#%C2%BFComo_se_practica_la_marcha_nordica\" >\u00bfC\u00f3mo se practica la marcha n\u00f3rdica?<\/a><\/li><li class='ez-toc-page-1 ez-toc-heading-level-2'><a class=\"ez-toc-link ez-toc-heading-4\" href=\"https:\/\/dudasytextos.com\/preguntaquees\/que-es-la-marcha-nordica\/#Beneficios_de_la_marcha_nordica\" >Beneficios de la marcha n\u00f3rdica<\/a><\/li><li class='ez-toc-page-1 ez-toc-heading-level-2'><a class=\"ez-toc-link ez-toc-heading-5\" href=\"https:\/\/dudasytextos.com\/preguntaquees\/que-es-la-marcha-nordica\/#Mi_experiencia_personal_con_la_marcha_nordica\" >Mi experiencia personal con la marcha n\u00f3rdica<\/a><\/li><li class='ez-toc-page-1 ez-toc-heading-level-2'><a class=\"ez-toc-link ez-toc-heading-6\" href=\"https:\/\/dudasytextos.com\/preguntaquees\/que-es-la-marcha-nordica\/#Preguntas_frecuentes_sobre_la_marcha_nordica\" >Preguntas frecuentes sobre la marcha n\u00f3rdica<\/a><ul class='ez-toc-list-level-3' ><li class='ez-toc-heading-level-3'><a class=\"ez-toc-link ez-toc-heading-7\" href=\"https:\/\/dudasytextos.com\/preguntaquees\/que-es-la-marcha-nordica\/#%C2%BFEs_la_marcha_nordica_adecuada_para_personas_mayores\" >\u00bfEs la marcha n\u00f3rdica adecuada para personas mayores?<\/a><\/li><li class='ez-toc-page-1 ez-toc-heading-level-3'><a class=\"ez-toc-link ez-toc-heading-8\" href=\"https:\/\/dudasytextos.com\/preguntaquees\/que-es-la-marcha-nordica\/#%C2%BFEs_necesario_tener_experiencia_previa_en_deportes_para_practicar_la_marcha_nordica\" >\u00bfEs necesario tener experiencia previa en deportes para practicar la marcha n\u00f3rdica?<\/a><\/li><li class='ez-toc-page-1 ez-toc-heading-level-3'><a class=\"ez-toc-link ez-toc-heading-9\" href=\"https:\/\/dudasytextos.com\/preguntaquees\/que-es-la-marcha-nordica\/#%C2%BFEs_la_marcha_nordica_mas_efectiva_que_caminar_sin_bastones\" >\u00bfEs la marcha n\u00f3rdica m\u00e1s efectiva que caminar sin bastones?<\/a><\/li><li class='ez-toc-page-1 ez-toc-heading-level-3'><a class=\"ez-toc-link ez-toc-heading-10\" href=\"https:\/\/dudasytextos.com\/preguntaquees\/que-es-la-marcha-nordica\/#%C2%BFPuedo_practicar_la_marcha_nordica_si_tengo_problemas_de_espalda\" >\u00bfPuedo practicar la marcha n\u00f3rdica si tengo problemas de espalda?<\/a><\/li><\/ul><\/li><\/ul><\/nav><\/div>\n<h2><span class=\"ez-toc-section\" id=\"%C2%BFQue_es_la_marcha_nordica\"><\/span>\u00bfQu\u00e9 es la marcha n\u00f3rdica?<span class=\"ez-toc-section-end\"><\/span><\/h2>\n<p>Por Ana Gonz\u00e1lez<\/p>\n<section>\n<h2><span class=\"ez-toc-section\" id=\"Curiosidades_sobre_la_marcha_nordica\"><\/span>Curiosidades sobre la marcha n\u00f3rdica<span class=\"ez-toc-section-end\"><\/span><\/h2>\n<ul>\n<li>La marcha n\u00f3rdica es una actividad f\u00edsica de origen finland\u00e9s.<\/li>\n<li>Se practica con unos bastones especiales que permiten involucrar la parte superior del cuerpo en el ejercicio.<\/li>\n<li>Es una actividad apta para todas las edades y niveles de condici\u00f3n f\u00edsica.<\/li>\n<li>La marcha n\u00f3rdica se ha popularizado en pa\u00edses como Alemania, Austria, Suiza y Espa\u00f1a.<\/li>\n<li>Seg\u00fan estudios, la marcha n\u00f3rdica quema hasta un 46% m\u00e1s de calor\u00edas que caminar sin bastones.<\/li>\n<\/ul>\n<\/section>\n<section>\n<h2><span class=\"ez-toc-section\" id=\"%C2%BFComo_se_practica_la_marcha_nordica\"><\/span>\u00bfC\u00f3mo se practica la marcha n\u00f3rdica?<span class=\"ez-toc-section-end\"><\/span><\/h2>\n<p>La marcha n\u00f3rdica se practica con unos bastones especiales que permiten involucrar la parte superior del cuerpo en el ejercicio. A diferencia del senderismo o la caminata, en la marcha n\u00f3rdica se apoya primero el tal\u00f3n y luego la punta del pie, generando as\u00ed un movimiento m\u00e1s fluido y natural.<\/p>\n<p>Para practicar la marcha n\u00f3rdica, es importante contar con bastones adecuados y ajustados a nuestra altura. Adem\u00e1s, es recomendable utilizar ropa y calzado c\u00f3modo y transpirable.<\/p>\n<p>La t\u00e9cnica de la marcha n\u00f3rdica puede aprenderse en clases o talleres espec\u00edficos, donde se ense\u00f1a a utilizar los bastones adecuadamente y a realizar los movimientos de forma correcta.<\/p>\n<\/section>\n<section>\n<h2><span class=\"ez-toc-section\" id=\"Beneficios_de_la_marcha_nordica\"><\/span>Beneficios de la marcha n\u00f3rdica<span class=\"ez-toc-section-end\"><\/span><\/h2>\n<p>La marcha n\u00f3rdica es una actividad f\u00edsica muy completa que aporta numerosos beneficios para la salud:<\/p>\n<ul>\n<li>Mejora la resistencia cardiovascular y respiratoria.<\/li>\n<li>Fortalece la musculatura de piernas, brazos, hombros y espalda.<\/li>\n<li>Ayuda a quemar calor\u00edas y a perder peso.<\/li>\n<li>Favorece la circulaci\u00f3n sangu\u00ednea y linf\u00e1tica.<\/li>\n<li>Reduce el estr\u00e9s y la ansiedad.<\/li>\n<li>Mejora la postura corporal y la coordinaci\u00f3n.<\/li>\n<\/ul>\n<\/section>\n<section>\n<h2><span class=\"ez-toc-section\" id=\"Mi_experiencia_personal_con_la_marcha_nordica\"><\/span>Mi experiencia personal con la marcha n\u00f3rdica<span class=\"ez-toc-section-end\"><\/span><\/h2>\n<p>Hace unos meses decid\u00ed probar la marcha n\u00f3rdica por recomendaci\u00f3n de una amiga. Al principio me pareci\u00f3 un poco extra\u00f1o caminar con bastones, pero en seguida not\u00e9 que involucraba m\u00e1s m\u00fasculos y que me cansaba menos que andar sin ellos.<\/p>\n<p>Despu\u00e9s de varias sesiones de pr\u00e1ctica, empec\u00e9 a notar m\u00e1s beneficios en mi cuerpo: ten\u00eda m\u00e1s energ\u00eda, me sent\u00eda menos cansada y not\u00e9 que mis piernas y brazos estaban m\u00e1s tonificados. Adem\u00e1s, me resultaba una actividad muy relajante y disfrutaba de las vistas mientras caminaba.<\/p>\n<p>En definitiva, la marcha n\u00f3rdica se ha convertido en una de mis actividades f\u00edsicas favoritas y la recomiendo a todo el mundo que quiera probar algo diferente y beneficioso para su salud.<\/p>\n<\/section>\n<section>\n<h2><span class=\"ez-toc-section\" id=\"Preguntas_frecuentes_sobre_la_marcha_nordica\"><\/span>Preguntas frecuentes sobre la marcha n\u00f3rdica<span class=\"ez-toc-section-end\"><\/span><\/h2>\n<h3><span class=\"ez-toc-section\" id=\"%C2%BFEs_la_marcha_nordica_adecuada_para_personas_mayores\"><\/span>\u00bfEs la marcha n\u00f3rdica adecuada para personas mayores?<span class=\"ez-toc-section-end\"><\/span><\/h3>\n<p>S\u00ed, la marcha n\u00f3rdica es una actividad f\u00edsica muy recomendable para personas mayores, ya que no supone un impacto fuerte en las articulaciones y mejora la movilidad y la coordinaci\u00f3n.<\/p>\n<h3><span class=\"ez-toc-section\" id=\"%C2%BFEs_necesario_tener_experiencia_previa_en_deportes_para_practicar_la_marcha_nordica\"><\/span>\u00bfEs necesario tener experiencia previa en deportes para practicar la marcha n\u00f3rdica?<span class=\"ez-toc-section-end\"><\/span><\/h3>\n<p>No, la marcha n\u00f3rdica es una actividad apta para personas de todas las edades y niveles de condici\u00f3n f\u00edsica. Adem\u00e1s, la t\u00e9cnica se puede aprender en clases o talleres espec\u00edficos.<\/p>\n<h3><span class=\"ez-toc-section\" id=\"%C2%BFEs_la_marcha_nordica_mas_efectiva_que_caminar_sin_bastones\"><\/span>\u00bfEs la marcha n\u00f3rdica m\u00e1s efectiva que caminar sin bastones?<span class=\"ez-toc-section-end\"><\/span><\/h3>\n<p>S\u00ed, seg\u00fan estudios, la marcha n\u00f3rdica quema hasta un 46% m\u00e1s de calor\u00edas que caminar sin bastones. Adem\u00e1s, involucra m\u00e1s m\u00fasculos y mejora la postura corporal y la coordinaci\u00f3n.<\/p>\n<h3><span class=\"ez-toc-section\" id=\"%C2%BFPuedo_practicar_la_marcha_nordica_si_tengo_problemas_de_espalda\"><\/span>\u00bfPuedo practicar la marcha n\u00f3rdica si tengo problemas de espalda?<span class=\"ez-toc-section-end\"><\/span><\/h3>\n<p>En principio, la marcha n\u00f3rdica es una actividad f\u00edsica que mejora la postura y puede ayudar a reducir los dolores de espalda. No obstante, es recomendable consultar con un especialista antes de practicar cualquier actividad f\u00edsica si se tienen problemas de salud.<\/p>\n<\/section>\n<footer>\n<p>\u00a9 Ana Gonz\u00e1lez &#8211; Todos los derechos reservados<\/p>\n<\/footer>\n","protected":false},"excerpt":{"rendered":"<p>\u00bfQu\u00e9 es la marcha n\u00f3rdica? Por Ana Gonz\u00e1lez Curiosidades sobre la marcha n\u00f3rdica La marcha n\u00f3rdica es una actividad f\u00edsica de origen finland\u00e9s. Se practica con unos bastones especiales que permiten involucrar la parte superior del cuerpo en el ejercicio. Es una actividad apta para todas las edades y niveles de condici\u00f3n f\u00edsica. La marcha &#8230; <a title=\"Qu\u00e9 es la marcha nordica\" class=\"read-more\" href=\"https:\/\/dudasytextos.com\/preguntaquees\/que-es-la-marcha-nordica\/\" aria-label=\"M\u00e1s en Qu\u00e9 es la marcha nordica\">Leer m\u00e1s<\/a><\/p>\n","protected":false},"author":1,"featured_media":0,"comment_status":"open","ping_status":"open","sticky":false,"template":"","format":"standard","meta":{"footnotes":""},"categories":[4],"tags":[],"class_list":["post-148365","post","type-post","status-publish","format-standard","hentry","category-que-es"],"aioseo_notices":[],"aioseo_head":"\n\t\t<!-- All in One SEO 5.0.1.1 - aioseo.com -->\n\t<meta name=\"description\" content=\"\u00bfQu\u00e9 es la marcha n\u00f3rdica? Por Ana Gonz\u00e1lez Curiosidades sobre la marcha n\u00f3rdica La marcha n\u00f3rdica es una actividad f\u00edsica de origen finland\u00e9s. Se practica con unos bastones especiales que permiten involucrar la parte superior del cuerpo en el ejercicio. Es una actividad apta para todas las edades y niveles de condici\u00f3n f\u00edsica. La marcha\" \/>\n\t<meta name=\"robots\" content=\"max-snippet:-1, max-image-preview:large, max-video-preview:-1\" \/>\n\t<meta name=\"author\" content=\"Ana Gonz\u00e1lez\"\/>\n\t<link rel=\"canonical\" href=\"https:\/\/dudasytextos.com\/preguntaquees\/que-es-la-marcha-nordica\/\" \/>\n\t<meta name=\"generator\" content=\"All in One SEO (AIOSEO) 5.0.1.1\" \/>\n\n\t\t<!-- Google tag (gtag.js) -->\n<script async src=\"https:\/\/www.googletagmanager.com\/gtag\/js?id=G-QEZWJ7M6T7\"><\/script>\n<script>\n  window.dataLayer = window.dataLayer || [];\n  function gtag(){dataLayer.push(arguments);}\n  gtag('js', new Date());\n\n  gtag('config', 'G-QEZWJ7M6T7');\n<\/script>\n<script async src=\"https:\/\/pagead2.googlesyndication.com\/pagead\/js\/adsbygoogle.js?client=ca-pub-3987500858204711\"\n     crossorigin=\"anonymous\"><\/script>\n\t\t<meta property=\"og:locale\" content=\"es_ES\" \/>\n\t\t<meta property=\"og:site_name\" content=\"\u00bfQu\u00e9 es? - \u00bfQu\u00e9 es?\" \/>\n\t\t<meta property=\"og:type\" content=\"article\" \/>\n\t\t<meta property=\"og:title\" content=\"Qu\u00e9 es la marcha nordica (2026) \u00bfQu\u00e9 es?\" \/>\n\t\t<meta property=\"og:description\" content=\"\u00bfQu\u00e9 es la marcha n\u00f3rdica? Por Ana Gonz\u00e1lez Curiosidades sobre la marcha n\u00f3rdica La marcha n\u00f3rdica es una actividad f\u00edsica de origen finland\u00e9s. Se practica con unos bastones especiales que permiten involucrar la parte superior del cuerpo en el ejercicio. Es una actividad apta para todas las edades y niveles de condici\u00f3n f\u00edsica. La marcha\" \/>\n\t\t<meta property=\"og:url\" content=\"https:\/\/dudasytextos.com\/preguntaquees\/que-es-la-marcha-nordica\/\" \/>\n\t\t<meta property=\"article:published_time\" content=\"2025-02-24T19:30:47+00:00\" \/>\n\t\t<meta property=\"article:modified_time\" content=\"2025-03-13T10:45:08+00:00\" \/>\n\t\t<meta name=\"twitter:card\" content=\"summary_large_image\" \/>\n\t\t<meta name=\"twitter:title\" content=\"Qu\u00e9 es la marcha nordica (2026) \u00bfQu\u00e9 es?\" \/>\n\t\t<meta name=\"twitter:description\" content=\"\u00bfQu\u00e9 es la marcha n\u00f3rdica? Por Ana Gonz\u00e1lez Curiosidades sobre la marcha n\u00f3rdica La marcha n\u00f3rdica es una actividad f\u00edsica de origen finland\u00e9s. Se practica con unos bastones especiales que permiten involucrar la parte superior del cuerpo en el ejercicio. Es una actividad apta para todas las edades y niveles de condici\u00f3n f\u00edsica. La marcha\" \/>\n\t\t<script type=\"application\/ld+json\" class=\"aioseo-schema\">\n\t\t\t{\"@context\":\"https:\\\/\\\/schema.org\",\"@graph\":[{\"@type\":\"BlogPosting\",\"@id\":\"https:\\\/\\\/dudasytextos.com\\\/preguntaquees\\\/que-es-la-marcha-nordica\\\/#blogposting\",\"name\":\"Qu\\u00e9 es la marcha nordica (2026) \\u00bfQu\\u00e9 es?\",\"headline\":\"Qu\\u00e9 es la marcha nordica\",\"author\":{\"@id\":\"https:\\\/\\\/dudasytextos.com\\\/preguntaquees\\\/author\\\/admin44\\\/#author\"},\"publisher\":{\"@id\":\"https:\\\/\\\/dudasytextos.com\\\/preguntaquees\\\/#organization\"},\"datePublished\":\"2025-02-24T19:30:47+00:00\",\"dateModified\":\"2025-03-13T10:45:08+00:00\",\"inLanguage\":\"es-ES\",\"mainEntityOfPage\":{\"@id\":\"https:\\\/\\\/dudasytextos.com\\\/preguntaquees\\\/que-es-la-marcha-nordica\\\/#webpage\"},\"isPartOf\":{\"@id\":\"https:\\\/\\\/dudasytextos.com\\\/preguntaquees\\\/que-es-la-marcha-nordica\\\/#webpage\"},\"articleSection\":\"\\u00bfQu\\u00e9 es?\"},{\"@type\":\"BreadcrumbList\",\"@id\":\"https:\\\/\\\/dudasytextos.com\\\/preguntaquees\\\/que-es-la-marcha-nordica\\\/#breadcrumblist\",\"itemListElement\":[{\"@type\":\"ListItem\",\"@id\":\"https:\\\/\\\/dudasytextos.com\\\/preguntaquees#listItem\",\"position\":1,\"name\":\"Inicio\",\"item\":\"https:\\\/\\\/dudasytextos.com\\\/preguntaquees\",\"nextItem\":{\"@type\":\"ListItem\",\"@id\":\"https:\\\/\\\/dudasytextos.com\\\/preguntaquees\\\/category\\\/que-es\\\/#listItem\",\"name\":\"\\u00bfQu\\u00e9 es?\"}},{\"@type\":\"ListItem\",\"@id\":\"https:\\\/\\\/dudasytextos.com\\\/preguntaquees\\\/category\\\/que-es\\\/#listItem\",\"position\":2,\"name\":\"\\u00bfQu\\u00e9 es?\",\"item\":\"https:\\\/\\\/dudasytextos.com\\\/preguntaquees\\\/category\\\/que-es\\\/\",\"nextItem\":{\"@type\":\"ListItem\",\"@id\":\"https:\\\/\\\/dudasytextos.com\\\/preguntaquees\\\/que-es-la-marcha-nordica\\\/#listItem\",\"name\":\"Qu\\u00e9 es la marcha nordica\"},\"previousItem\":{\"@type\":\"ListItem\",\"@id\":\"https:\\\/\\\/dudasytextos.com\\\/preguntaquees#listItem\",\"name\":\"Inicio\"}},{\"@type\":\"ListItem\",\"@id\":\"https:\\\/\\\/dudasytextos.com\\\/preguntaquees\\\/que-es-la-marcha-nordica\\\/#listItem\",\"position\":3,\"name\":\"Qu\\u00e9 es la marcha nordica\",\"previousItem\":{\"@type\":\"ListItem\",\"@id\":\"https:\\\/\\\/dudasytextos.com\\\/preguntaquees\\\/category\\\/que-es\\\/#listItem\",\"name\":\"\\u00bfQu\\u00e9 es?\"}}]},{\"@type\":\"Organization\",\"@id\":\"https:\\\/\\\/dudasytextos.com\\\/preguntaquees\\\/#organization\",\"name\":\"\\u00bfC\\u00f3mo funciona?\",\"description\":\"\\u00bfQu\\u00e9 es?\",\"url\":\"https:\\\/\\\/dudasytextos.com\\\/preguntaquees\\\/\"},{\"@type\":\"Person\",\"@id\":\"https:\\\/\\\/dudasytextos.com\\\/preguntaquees\\\/author\\\/admin44\\\/#author\",\"url\":\"https:\\\/\\\/dudasytextos.com\\\/preguntaquees\\\/author\\\/admin44\\\/\",\"name\":\"Ana Gonz\\u00e1lez\"},{\"@type\":\"WebPage\",\"@id\":\"https:\\\/\\\/dudasytextos.com\\\/preguntaquees\\\/que-es-la-marcha-nordica\\\/#webpage\",\"url\":\"https:\\\/\\\/dudasytextos.com\\\/preguntaquees\\\/que-es-la-marcha-nordica\\\/\",\"name\":\"Qu\\u00e9 es la marcha nordica (2026) \\u00bfQu\\u00e9 es?\",\"description\":\"\\u00bfQu\\u00e9 es la marcha n\\u00f3rdica? Por Ana Gonz\\u00e1lez Curiosidades sobre la marcha n\\u00f3rdica La marcha n\\u00f3rdica es una actividad f\\u00edsica de origen finland\\u00e9s. Se practica con unos bastones especiales que permiten involucrar la parte superior del cuerpo en el ejercicio. Es una actividad apta para todas las edades y niveles de condici\\u00f3n f\\u00edsica. La marcha\",\"inLanguage\":\"es-ES\",\"isPartOf\":{\"@id\":\"https:\\\/\\\/dudasytextos.com\\\/preguntaquees\\\/#website\"},\"breadcrumb\":{\"@id\":\"https:\\\/\\\/dudasytextos.com\\\/preguntaquees\\\/que-es-la-marcha-nordica\\\/#breadcrumblist\"},\"author\":{\"@id\":\"https:\\\/\\\/dudasytextos.com\\\/preguntaquees\\\/author\\\/admin44\\\/#author\"},\"creator\":{\"@id\":\"https:\\\/\\\/dudasytextos.com\\\/preguntaquees\\\/author\\\/admin44\\\/#author\"},\"datePublished\":\"2025-02-24T19:30:47+00:00\",\"dateModified\":\"2025-03-13T10:45:08+00:00\"},{\"@type\":\"WebSite\",\"@id\":\"https:\\\/\\\/dudasytextos.com\\\/preguntaquees\\\/#website\",\"url\":\"https:\\\/\\\/dudasytextos.com\\\/preguntaquees\\\/\",\"name\":\"\\u00bfC\\u00f3mo funciona?\",\"description\":\"\\u00bfQu\\u00e9 es?\",\"inLanguage\":\"es-ES\",\"publisher\":{\"@id\":\"https:\\\/\\\/dudasytextos.com\\\/preguntaquees\\\/#organization\"}}]}\n\t\t<\/script>\n\t\t<!-- All in One SEO -->\n\n","aioseo_head_json":{"title":"Qu\u00e9 es la marcha nordica (2026) \u00bfQu\u00e9 es?","description":"\u00bfQu\u00e9 es la marcha n\u00f3rdica? Por Ana Gonz\u00e1lez Curiosidades sobre la marcha n\u00f3rdica La marcha n\u00f3rdica es una actividad f\u00edsica de origen finland\u00e9s. Se practica con unos bastones especiales que permiten involucrar la parte superior del cuerpo en el ejercicio. Es una actividad apta para todas las edades y niveles de condici\u00f3n f\u00edsica. La marcha","canonical_url":"https:\/\/dudasytextos.com\/preguntaquees\/que-es-la-marcha-nordica\/","robots":"max-snippet:-1, max-image-preview:large, max-video-preview:-1","keywords":"","webmasterTools":{"miscellaneous":"&lt;!-- Google tag (gtag.js) --&gt;\n&lt;script async src=\"https:\/\/www.googletagmanager.com\/gtag\/js?id=G-QEZWJ7M6T7\"&gt;&lt;\/script&gt;\n&lt;script&gt;\n  window.dataLayer = window.dataLayer || [];\n  function gtag(){dataLayer.push(arguments);}\n  gtag('js', new Date());\n\n  gtag('config', 'G-QEZWJ7M6T7');\n&lt;\/script&gt;\n&lt;script async src=\"https:\/\/pagead2.googlesyndication.com\/pagead\/js\/adsbygoogle.js?client=ca-pub-3987500858204711\"\n     crossorigin=\"anonymous\"&gt;&lt;\/script&gt;"},"schema":{"@context":"https:\/\/schema.org","@graph":[{"@type":"BlogPosting","@id":"https:\/\/dudasytextos.com\/preguntaquees\/que-es-la-marcha-nordica\/#blogposting","name":"Qu\u00e9 es la marcha nordica (2026) \u00bfQu\u00e9 es?","headline":"Qu\u00e9 es la marcha nordica","author":{"@id":"https:\/\/dudasytextos.com\/preguntaquees\/author\/admin44\/#author"},"publisher":{"@id":"https:\/\/dudasytextos.com\/preguntaquees\/#organization"},"datePublished":"2025-02-24T19:30:47+00:00","dateModified":"2025-03-13T10:45:08+00:00","inLanguage":"es-ES","mainEntityOfPage":{"@id":"https:\/\/dudasytextos.com\/preguntaquees\/que-es-la-marcha-nordica\/#webpage"},"isPartOf":{"@id":"https:\/\/dudasytextos.com\/preguntaquees\/que-es-la-marcha-nordica\/#webpage"},"articleSection":"\u00bfQu\u00e9 es?"},{"@type":"BreadcrumbList","@id":"https:\/\/dudasytextos.com\/preguntaquees\/que-es-la-marcha-nordica\/#breadcrumblist","itemListElement":[{"@type":"ListItem","@id":"https:\/\/dudasytextos.com\/preguntaquees#listItem","position":1,"name":"Inicio","item":"https:\/\/dudasytextos.com\/preguntaquees","nextItem":{"@type":"ListItem","@id":"https:\/\/dudasytextos.com\/preguntaquees\/category\/que-es\/#listItem","name":"\u00bfQu\u00e9 es?"}},{"@type":"ListItem","@id":"https:\/\/dudasytextos.com\/preguntaquees\/category\/que-es\/#listItem","position":2,"name":"\u00bfQu\u00e9 es?","item":"https:\/\/dudasytextos.com\/preguntaquees\/category\/que-es\/","nextItem":{"@type":"ListItem","@id":"https:\/\/dudasytextos.com\/preguntaquees\/que-es-la-marcha-nordica\/#listItem","name":"Qu\u00e9 es la marcha nordica"},"previousItem":{"@type":"ListItem","@id":"https:\/\/dudasytextos.com\/preguntaquees#listItem","name":"Inicio"}},{"@type":"ListItem","@id":"https:\/\/dudasytextos.com\/preguntaquees\/que-es-la-marcha-nordica\/#listItem","position":3,"name":"Qu\u00e9 es la marcha nordica","previousItem":{"@type":"ListItem","@id":"https:\/\/dudasytextos.com\/preguntaquees\/category\/que-es\/#listItem","name":"\u00bfQu\u00e9 es?"}}]},{"@type":"Organization","@id":"https:\/\/dudasytextos.com\/preguntaquees\/#organization","name":"\u00bfC\u00f3mo funciona?","description":"\u00bfQu\u00e9 es?","url":"https:\/\/dudasytextos.com\/preguntaquees\/"},{"@type":"Person","@id":"https:\/\/dudasytextos.com\/preguntaquees\/author\/admin44\/#author","url":"https:\/\/dudasytextos.com\/preguntaquees\/author\/admin44\/","name":"Ana Gonz\u00e1lez"},{"@type":"WebPage","@id":"https:\/\/dudasytextos.com\/preguntaquees\/que-es-la-marcha-nordica\/#webpage","url":"https:\/\/dudasytextos.com\/preguntaquees\/que-es-la-marcha-nordica\/","name":"Qu\u00e9 es la marcha nordica (2026) \u00bfQu\u00e9 es?","description":"\u00bfQu\u00e9 es la marcha n\u00f3rdica? Por Ana Gonz\u00e1lez Curiosidades sobre la marcha n\u00f3rdica La marcha n\u00f3rdica es una actividad f\u00edsica de origen finland\u00e9s. Se practica con unos bastones especiales que permiten involucrar la parte superior del cuerpo en el ejercicio. Es una actividad apta para todas las edades y niveles de condici\u00f3n f\u00edsica. La marcha","inLanguage":"es-ES","isPartOf":{"@id":"https:\/\/dudasytextos.com\/preguntaquees\/#website"},"breadcrumb":{"@id":"https:\/\/dudasytextos.com\/preguntaquees\/que-es-la-marcha-nordica\/#breadcrumblist"},"author":{"@id":"https:\/\/dudasytextos.com\/preguntaquees\/author\/admin44\/#author"},"creator":{"@id":"https:\/\/dudasytextos.com\/preguntaquees\/author\/admin44\/#author"},"datePublished":"2025-02-24T19:30:47+00:00","dateModified":"2025-03-13T10:45:08+00:00"},{"@type":"WebSite","@id":"https:\/\/dudasytextos.com\/preguntaquees\/#website","url":"https:\/\/dudasytextos.com\/preguntaquees\/","name":"\u00bfC\u00f3mo funciona?","description":"\u00bfQu\u00e9 es?","inLanguage":"es-ES","publisher":{"@id":"https:\/\/dudasytextos.com\/preguntaquees\/#organization"}}]},"og:locale":"es_ES","og:site_name":"\u00bfQu\u00e9 es? - \u00bfQu\u00e9 es?","og:type":"article","og:title":"Qu\u00e9 es la marcha nordica (2026) \u00bfQu\u00e9 es?","og:description":"\u00bfQu\u00e9 es la marcha n\u00f3rdica? Por Ana Gonz\u00e1lez Curiosidades sobre la marcha n\u00f3rdica La marcha n\u00f3rdica es una actividad f\u00edsica de origen finland\u00e9s. Se practica con unos bastones especiales que permiten involucrar la parte superior del cuerpo en el ejercicio. Es una actividad apta para todas las edades y niveles de condici\u00f3n f\u00edsica. La marcha","og:url":"https:\/\/dudasytextos.com\/preguntaquees\/que-es-la-marcha-nordica\/","article:published_time":"2025-02-24T19:30:47+00:00","article:modified_time":"2025-03-13T10:45:08+00:00","twitter:card":"summary_large_image","twitter:title":"Qu\u00e9 es la marcha nordica (2026) \u00bfQu\u00e9 es?","twitter:description":"\u00bfQu\u00e9 es la marcha n\u00f3rdica? Por Ana Gonz\u00e1lez Curiosidades sobre la marcha n\u00f3rdica La marcha n\u00f3rdica es una actividad f\u00edsica de origen finland\u00e9s. Se practica con unos bastones especiales que permiten involucrar la parte superior del cuerpo en el ejercicio. Es una actividad apta para todas las edades y niveles de condici\u00f3n f\u00edsica. La marcha"},"aioseo_meta_data":{"post_id":"148365","title":null,"description":null,"keywords":null,"keyphrases":null,"primary_term":null,"canonical_url":null,"og_title":null,"og_description":null,"og_object_type":"default","og_image_type":"default","og_image_url":null,"og_image_width":null,"og_image_height":null,"og_image_custom_url":null,"og_image_custom_fields":null,"og_video":null,"og_custom_url":null,"og_article_section":null,"og_article_tags":null,"twitter_use_og":false,"twitter_card":"default","twitter_image_type":"default","twitter_image_url":null,"twitter_image_custom_url":null,"twitter_image_custom_fields":null,"twitter_title":null,"twitter_description":null,"schema":{"blockGraphs":[],"customGraphs":[],"default":{"data":{"Article":[],"Course":[],"Dataset":[],"FAQPage":[],"Movie":[],"Person":[],"Product":[],"ProductReview":[],"Car":[],"Recipe":[],"Service":[],"SoftwareApplication":[],"WebPage":[]},"graphName":"","isEnabled":true},"graphs":[]},"schema_type":"default","schema_type_options":null,"pillar_content":false,"robots_default":true,"robots_noindex":false,"robots_noarchive":false,"robots_nosnippet":false,"robots_nofollow":false,"robots_noimageindex":false,"robots_noodp":false,"robots_notranslate":false,"robots_max_snippet":null,"robots_max_videopreview":null,"robots_max_imagepreview":"large","priority":null,"frequency":null,"local_seo":null,"breadcrumb_settings":null,"limit_modified_date":false,"ai":null,"created":"2023-05-15 11:17:36","updated":"2025-06-04 01:13:17","seo_analyzer_scan_date":null,"focus_keyword":null,"additional_keywords":null,"truseo_locale":null},"aioseo_breadcrumb":"<div class=\"aioseo-breadcrumbs\"><span class=\"aioseo-breadcrumb\">\n\t\t\t<a href=\"https:\/\/dudasytextos.com\/preguntaquees\" title=\"Inicio\">Inicio<\/a>\n\t\t<\/span><span class=\"aioseo-breadcrumb-separator\">&raquo;<\/span><span class=\"aioseo-breadcrumb\">\n\t\t\t<a href=\"https:\/\/dudasytextos.com\/preguntaquees\/category\/que-es\/\" title=\"\u00bfQu\u00e9 es?\">\u00bfQu\u00e9 es?<\/a>\n\t\t<\/span><span class=\"aioseo-breadcrumb-separator\">&raquo;<\/span><span class=\"aioseo-breadcrumb\">\n\t\t\tQu\u00e9 es la marcha nordica\n\t\t<\/span><\/div>","aioseo_breadcrumb_json":[{"label":"Inicio","link":"https:\/\/dudasytextos.com\/preguntaquees"},{"label":"\u00bfQu\u00e9 es?","link":"https:\/\/dudasytextos.com\/preguntaquees\/category\/que-es\/"},{"label":"Qu\u00e9 es la marcha nordica","link":"https:\/\/dudasytextos.com\/preguntaquees\/que-es-la-marcha-nordica\/"}],"_links":{"self":[{"href":"https:\/\/dudasytextos.com\/preguntaquees\/wp-json\/wp\/v2\/posts\/148365","targetHints":{"allow":["GET"]}}],"collection":[{"href":"https:\/\/dudasytextos.com\/preguntaquees\/wp-json\/wp\/v2\/posts"}],"about":[{"href":"https:\/\/dudasytextos.com\/preguntaquees\/wp-json\/wp\/v2\/types\/post"}],"author":[{"embeddable":true,"href":"https:\/\/dudasytextos.com\/preguntaquees\/wp-json\/wp\/v2\/users\/1"}],"replies":[{"embeddable":true,"href":"https:\/\/dudasytextos.com\/preguntaquees\/wp-json\/wp\/v2\/comments?post=148365"}],"version-history":[{"count":1,"href":"https:\/\/dudasytextos.com\/preguntaquees\/wp-json\/wp\/v2\/posts\/148365\/revisions"}],"predecessor-version":[{"id":157552,"href":"https:\/\/dudasytextos.com\/preguntaquees\/wp-json\/wp\/v2\/posts\/148365\/revisions\/157552"}],"wp:attachment":[{"href":"https:\/\/dudasytextos.com\/preguntaquees\/wp-json\/wp\/v2\/media?parent=148365"}],"wp:term":[{"taxonomy":"category","embeddable":true,"href":"https:\/\/dudasytextos.com\/preguntaquees\/wp-json\/wp\/v2\/categories?post=148365"},{"taxonomy":"post_tag","embeddable":true,"href":"https:\/\/dudasytextos.com\/preguntaquees\/wp-json\/wp\/v2\/tags?post=148365"}],"curies":[{"name":"wp","href":"https:\/\/api.w.org\/{rel}","templated":true}]}}