{"id":148444,"date":"2025-02-26T00:53:42","date_gmt":"2025-02-26T00:53:42","guid":{"rendered":"https:\/\/educacion.cc\/?p=148444"},"modified":"2025-03-13T04:23:27","modified_gmt":"2025-03-13T04:23:27","slug":"que-es-la-perspectiva-de-genero","status":"publish","type":"post","link":"https:\/\/dudasytextos.com\/preguntaquees\/que-es-la-perspectiva-de-genero\/","title":{"rendered":"Qu\u00e9 es la perspectiva de genero"},"content":{"rendered":"<div id=\"ez-toc-container\" class=\"ez-toc-v2_0_87 counter-hierarchy ez-toc-counter ez-toc-custom ez-toc-container-direction\">\n<div class=\"ez-toc-title-container\">\n<span class=\"ez-toc-title-toggle\"><\/span><\/div>\n<nav><ul class='ez-toc-list ez-toc-list-level-1 ' ><li class='ez-toc-page-1 ez-toc-heading-level-2'><a class=\"ez-toc-link ez-toc-heading-1\" href=\"https:\/\/dudasytextos.com\/preguntaquees\/que-es-la-perspectiva-de-genero\/#%C2%BFQue_es_la_perspectiva_de_genero\" >\u00bfQu\u00e9 es la perspectiva de g\u00e9nero?<\/a><\/li><li class='ez-toc-page-1 ez-toc-heading-level-2'><a class=\"ez-toc-link ez-toc-heading-2\" href=\"https:\/\/dudasytextos.com\/preguntaquees\/que-es-la-perspectiva-de-genero\/#Por_Ana_Gonzalez\" >Por Ana Gonz\u00e1lez<\/a><\/li><li class='ez-toc-page-1 ez-toc-heading-level-2'><a class=\"ez-toc-link ez-toc-heading-3\" href=\"https:\/\/dudasytextos.com\/preguntaquees\/que-es-la-perspectiva-de-genero\/#Curiosidades_estadisticas_y_hechos_interesantes\" >Curiosidades, estad\u00edsticas y hechos interesantes<\/a><\/li><li class='ez-toc-page-1 ez-toc-heading-level-2'><a class=\"ez-toc-link ez-toc-heading-4\" href=\"https:\/\/dudasytextos.com\/preguntaquees\/que-es-la-perspectiva-de-genero\/#%C2%BFQue_es_la_perspectiva_de_genero-2\" >\u00bfQu\u00e9 es la perspectiva de g\u00e9nero?<\/a><\/li><li class='ez-toc-page-1 ez-toc-heading-level-2'><a class=\"ez-toc-link ez-toc-heading-5\" href=\"https:\/\/dudasytextos.com\/preguntaquees\/que-es-la-perspectiva-de-genero\/#%C2%BFPor_que_es_importante_la_perspectiva_de_genero\" >\u00bfPor qu\u00e9 es importante la perspectiva de g\u00e9nero?<\/a><\/li><li class='ez-toc-page-1 ez-toc-heading-level-2'><a class=\"ez-toc-link ez-toc-heading-6\" href=\"https:\/\/dudasytextos.com\/preguntaquees\/que-es-la-perspectiva-de-genero\/#Experiencias_personales\" >Experiencias personales<\/a><\/li><li class='ez-toc-page-1 ez-toc-heading-level-2'><a class=\"ez-toc-link ez-toc-heading-7\" href=\"https:\/\/dudasytextos.com\/preguntaquees\/que-es-la-perspectiva-de-genero\/#Preguntas_frecuentes\" >Preguntas frecuentes<\/a><ul class='ez-toc-list-level-3' ><li class='ez-toc-heading-level-3'><a class=\"ez-toc-link ez-toc-heading-8\" href=\"https:\/\/dudasytextos.com\/preguntaquees\/que-es-la-perspectiva-de-genero\/#%C2%BFLa_perspectiva_de_genero_es_solo_para_mujeres\" >\u00bfLa perspectiva de g\u00e9nero es solo para mujeres?<\/a><\/li><li class='ez-toc-page-1 ez-toc-heading-level-3'><a class=\"ez-toc-link ez-toc-heading-9\" href=\"https:\/\/dudasytextos.com\/preguntaquees\/que-es-la-perspectiva-de-genero\/#%C2%BFLa_perspectiva_de_genero_es_solo_para_el_ambito_politico\" >\u00bfLa perspectiva de g\u00e9nero es solo para el \u00e1mbito pol\u00edtico?<\/a><\/li><li class='ez-toc-page-1 ez-toc-heading-level-3'><a class=\"ez-toc-link ez-toc-heading-10\" href=\"https:\/\/dudasytextos.com\/preguntaquees\/que-es-la-perspectiva-de-genero\/#%C2%BFLa_perspectiva_de_genero_es_una_moda\" >\u00bfLa perspectiva de g\u00e9nero es una moda?<\/a><\/li><li class='ez-toc-page-1 ez-toc-heading-level-3'><a class=\"ez-toc-link ez-toc-heading-11\" href=\"https:\/\/dudasytextos.com\/preguntaquees\/que-es-la-perspectiva-de-genero\/#%C2%BFLa_perspectiva_de_genero_es_solo_para_personas_feministas\" >\u00bfLa perspectiva de g\u00e9nero es solo para personas feministas?<\/a><\/li><li class='ez-toc-page-1 ez-toc-heading-level-3'><a class=\"ez-toc-link ez-toc-heading-12\" href=\"https:\/\/dudasytextos.com\/preguntaquees\/que-es-la-perspectiva-de-genero\/#%C2%BFLa_perspectiva_de_genero_es_solo_para_personas_LGBT\" >\u00bfLa perspectiva de g\u00e9nero es solo para personas LGBT?<\/a><\/li><\/ul><\/li><\/ul><\/nav><\/div>\n<h2><span class=\"ez-toc-section\" id=\"%C2%BFQue_es_la_perspectiva_de_genero\"><\/span>\u00bfQu\u00e9 es la perspectiva de g\u00e9nero?<span class=\"ez-toc-section-end\"><\/span><\/h2>\n<h2><span class=\"ez-toc-section\" id=\"Por_Ana_Gonzalez\"><\/span>Por Ana Gonz\u00e1lez<span class=\"ez-toc-section-end\"><\/span><\/h2>\n<section>\n<h2><span class=\"ez-toc-section\" id=\"Curiosidades_estadisticas_y_hechos_interesantes\"><\/span>Curiosidades, estad\u00edsticas y hechos interesantes<span class=\"ez-toc-section-end\"><\/span><\/h2>\n<ul>\n<li>La perspectiva de g\u00e9nero es una herramienta para analizar las desigualdades entre mujeres y hombres en diferentes \u00e1mbitos.<\/li>\n<li>Seg\u00fan el Instituto Nacional de Estad\u00edstica, en Espa\u00f1a, las mujeres ganan un 22% menos que los hombres.<\/li>\n<li>La brecha salarial entre hombres y mujeres se agrava en el caso de las mujeres migrantes y las mujeres con discapacidad.<\/li>\n<li>La perspectiva de g\u00e9nero se aplica en diferentes \u00e1mbitos, como la pol\u00edtica, la educaci\u00f3n, la salud, la cultura y la econom\u00eda.<\/li>\n<li>El objetivo de la perspectiva de g\u00e9nero es lograr la igualdad real entre mujeres y hombres.<\/li>\n<\/ul>\n<\/section>\n<section>\n<h2><span class=\"ez-toc-section\" id=\"%C2%BFQue_es_la_perspectiva_de_genero-2\"><\/span>\u00bfQu\u00e9 es la perspectiva de g\u00e9nero?<span class=\"ez-toc-section-end\"><\/span><\/h2>\n<p>La perspectiva de g\u00e9nero es una herramienta para analizar las desigualdades entre mujeres y hombres en diferentes \u00e1mbitos. Se trata de un enfoque que busca visibilizar las situaciones de discriminaci\u00f3n y exclusi\u00f3n que sufren las mujeres en la sociedad, con el objetivo de lograr la igualdad real entre mujeres y hombres.<\/p>\n<p>La perspectiva de g\u00e9nero se aplica en diferentes \u00e1mbitos, como la pol\u00edtica, la educaci\u00f3n, la salud, la cultura y la econom\u00eda. Se trata de un enfoque transversal, es decir, que debe ser aplicado en todas las pol\u00edticas y acciones que se llevan a cabo en estos \u00e1mbitos.<\/p>\n<p>La perspectiva de g\u00e9nero parte de la premisa de que hombres y mujeres no tienen las mismas oportunidades y que existen desigualdades estructurales en la sociedad que afectan de manera diferente a las mujeres y a los hombres. Por ejemplo, la brecha salarial, la violencia machista, la falta de representaci\u00f3n pol\u00edtica de las mujeres o la carga de trabajo de cuidados que recae mayoritariamente sobre las mujeres.<\/p>\n<\/section>\n<section>\n<h2><span class=\"ez-toc-section\" id=\"%C2%BFPor_que_es_importante_la_perspectiva_de_genero\"><\/span>\u00bfPor qu\u00e9 es importante la perspectiva de g\u00e9nero?<span class=\"ez-toc-section-end\"><\/span><\/h2>\n<p>La perspectiva de g\u00e9nero es importante porque permite visibilizar las desigualdades entre mujeres y hombres y poner en marcha acciones para corregirlas. Adem\u00e1s, la aplicaci\u00f3n de la perspectiva de g\u00e9nero contribuye a construir una sociedad m\u00e1s justa e igualitaria, en la que hombres y mujeres tengan las mismas oportunidades y derechos.<\/p>\n<p>La perspectiva de g\u00e9nero tambi\u00e9n es importante porque permite analizar las pol\u00edticas y acciones que se llevan a cabo en diferentes \u00e1mbitos desde una mirada cr\u00edtica y reflexiva, que tenga en cuenta la realidad de las mujeres y sus necesidades y demandas espec\u00edficas.<\/p>\n<p>La aplicaci\u00f3n de la perspectiva de g\u00e9nero es fundamental para lograr la igualdad real entre mujeres y hombres y para erradicar la violencia machista y todas las formas de discriminaci\u00f3n y exclusi\u00f3n que sufren las mujeres en la sociedad.<\/p>\n<\/section>\n<section>\n<h2><span class=\"ez-toc-section\" id=\"Experiencias_personales\"><\/span>Experiencias personales<span class=\"ez-toc-section-end\"><\/span><\/h2>\n<p>Personalmente, la aplicaci\u00f3n de la perspectiva de g\u00e9nero me ha llevado a analizar mi propia situaci\u00f3n como mujer y a visibilizar situaciones de discriminaci\u00f3n y exclusi\u00f3n que antes no hab\u00eda percibido. Por ejemplo, he podido identificar situaciones de micromachismos en mi entorno laboral y personal, que antes no hab\u00eda reconocido como tales.<\/p>\n<p>Adem\u00e1s, la aplicaci\u00f3n de la perspectiva de g\u00e9nero me ha permitido ser m\u00e1s cr\u00edtica con las pol\u00edticas y acciones que se llevan a cabo en diferentes \u00e1mbitos y exigir que se tengan en cuenta las necesidades y demandas espec\u00edficas de las mujeres.<\/p>\n<p>En definitiva, la perspectiva de g\u00e9nero me ha ayudado a tomar conciencia de la importancia de lograr la igualdad real entre mujeres y hombres y a contribuir, en la medida de mis posibilidades, a construir una sociedad m\u00e1s justa e igualitaria.<\/p>\n<\/section>\n<section>\n<h2><span class=\"ez-toc-section\" id=\"Preguntas_frecuentes\"><\/span>Preguntas frecuentes<span class=\"ez-toc-section-end\"><\/span><\/h2>\n<h3><span class=\"ez-toc-section\" id=\"%C2%BFLa_perspectiva_de_genero_es_solo_para_mujeres\"><\/span>\u00bfLa perspectiva de g\u00e9nero es solo para mujeres?<span class=\"ez-toc-section-end\"><\/span><\/h3>\n<p>No, la perspectiva de g\u00e9nero es una herramienta que debe ser aplicada tanto por mujeres como por hombres. Se trata de un enfoque que busca visibilizar las desigualdades entre mujeres y hombres y lograr la igualdad real entre ambos.<\/p>\n<h3><span class=\"ez-toc-section\" id=\"%C2%BFLa_perspectiva_de_genero_es_solo_para_el_ambito_politico\"><\/span>\u00bfLa perspectiva de g\u00e9nero es solo para el \u00e1mbito pol\u00edtico?<span class=\"ez-toc-section-end\"><\/span><\/h3>\n<p>No, la perspectiva de g\u00e9nero se aplica en diferentes \u00e1mbitos, como la educaci\u00f3n, la salud, la cultura y la econom\u00eda. Se trata de un enfoque transversal que debe ser aplicado en todas las pol\u00edticas y acciones que se llevan a cabo en estos \u00e1mbitos.<\/p>\n<h3><span class=\"ez-toc-section\" id=\"%C2%BFLa_perspectiva_de_genero_es_una_moda\"><\/span>\u00bfLa perspectiva de g\u00e9nero es una moda?<span class=\"ez-toc-section-end\"><\/span><\/h3>\n<p>No, la perspectiva de g\u00e9nero es una herramienta fundamental para lograr la igualdad real entre mujeres y hombres y erradicar la violencia machista y todas las formas de discriminaci\u00f3n y exclusi\u00f3n que sufren las mujeres en la sociedad.<\/p>\n<h3><span class=\"ez-toc-section\" id=\"%C2%BFLa_perspectiva_de_genero_es_solo_para_personas_feministas\"><\/span>\u00bfLa perspectiva de g\u00e9nero es solo para personas feministas?<span class=\"ez-toc-section-end\"><\/span><\/h3>\n<p>No, la perspectiva de g\u00e9nero es una herramienta que debe ser aplicada por todas las personas que creen en la igualdad real entre mujeres y hombres. Se trata de un enfoque que busca visibilizar las desigualdades entre mujeres y hombres y lograr la igualdad real entre ambos.<\/p>\n<h3><span class=\"ez-toc-section\" id=\"%C2%BFLa_perspectiva_de_genero_es_solo_para_personas_LGBT\"><\/span>\u00bfLa perspectiva de g\u00e9nero es solo para personas LGBT?<span class=\"ez-toc-section-end\"><\/span><\/h3>\n<p>No, la perspectiva de g\u00e9nero es una herramienta que debe ser aplicada por todas las personas que creen en la igualdad real entre mujeres y hombres. Se trata de un enfoque que busca visibilizar las desigualdades entre mujeres y hombres y lograr la igualdad real entre ambos.<\/p>\n<\/section>\n","protected":false},"excerpt":{"rendered":"<p>\u00bfQu\u00e9 es la perspectiva de g\u00e9nero? Por Ana Gonz\u00e1lez Curiosidades, estad\u00edsticas y hechos interesantes La perspectiva de g\u00e9nero es una herramienta para analizar las desigualdades entre mujeres y hombres en diferentes \u00e1mbitos. Seg\u00fan el Instituto Nacional de Estad\u00edstica, en Espa\u00f1a, las mujeres ganan un 22% menos que los hombres. La brecha salarial entre hombres y &#8230; <a title=\"Qu\u00e9 es la perspectiva de genero\" class=\"read-more\" href=\"https:\/\/dudasytextos.com\/preguntaquees\/que-es-la-perspectiva-de-genero\/\" aria-label=\"M\u00e1s en Qu\u00e9 es la perspectiva de genero\">Leer m\u00e1s<\/a><\/p>\n","protected":false},"author":1,"featured_media":0,"comment_status":"open","ping_status":"open","sticky":false,"template":"","format":"standard","meta":{"footnotes":""},"categories":[4],"tags":[],"class_list":["post-148444","post","type-post","status-publish","format-standard","hentry","category-que-es"],"aioseo_notices":[],"aioseo_head":"\n\t\t<!-- All in One SEO 5.0.1.1 - aioseo.com -->\n\t<meta name=\"description\" content=\"\u00bfQu\u00e9 es la perspectiva de g\u00e9nero? Por Ana Gonz\u00e1lez Curiosidades, estad\u00edsticas y hechos interesantes La perspectiva de g\u00e9nero es una herramienta para analizar las desigualdades entre mujeres y hombres en diferentes \u00e1mbitos. Seg\u00fan el Instituto Nacional de Estad\u00edstica, en Espa\u00f1a, las mujeres ganan un 22% menos que los hombres. La brecha salarial entre hombres y\" \/>\n\t<meta name=\"robots\" content=\"max-snippet:-1, max-image-preview:large, max-video-preview:-1\" \/>\n\t<meta name=\"author\" content=\"Ana Gonz\u00e1lez\"\/>\n\t<link rel=\"canonical\" href=\"https:\/\/dudasytextos.com\/preguntaquees\/que-es-la-perspectiva-de-genero\/\" \/>\n\t<meta name=\"generator\" content=\"All in One SEO (AIOSEO) 5.0.1.1\" \/>\n\n\t\t<!-- Google tag (gtag.js) -->\n<script async src=\"https:\/\/www.googletagmanager.com\/gtag\/js?id=G-QEZWJ7M6T7\"><\/script>\n<script>\n  window.dataLayer = window.dataLayer || [];\n  function gtag(){dataLayer.push(arguments);}\n  gtag('js', new Date());\n\n  gtag('config', 'G-QEZWJ7M6T7');\n<\/script>\n<script async src=\"https:\/\/pagead2.googlesyndication.com\/pagead\/js\/adsbygoogle.js?client=ca-pub-3987500858204711\"\n     crossorigin=\"anonymous\"><\/script>\n\t\t<meta property=\"og:locale\" content=\"es_ES\" \/>\n\t\t<meta property=\"og:site_name\" content=\"\u00bfQu\u00e9 es? - \u00bfQu\u00e9 es?\" \/>\n\t\t<meta property=\"og:type\" content=\"article\" \/>\n\t\t<meta property=\"og:title\" content=\"Qu\u00e9 es la perspectiva de genero (2026) \u00bfQu\u00e9 es?\" \/>\n\t\t<meta property=\"og:description\" content=\"\u00bfQu\u00e9 es la perspectiva de g\u00e9nero? Por Ana Gonz\u00e1lez Curiosidades, estad\u00edsticas y hechos interesantes La perspectiva de g\u00e9nero es una herramienta para analizar las desigualdades entre mujeres y hombres en diferentes \u00e1mbitos. Seg\u00fan el Instituto Nacional de Estad\u00edstica, en Espa\u00f1a, las mujeres ganan un 22% menos que los hombres. La brecha salarial entre hombres y\" \/>\n\t\t<meta property=\"og:url\" content=\"https:\/\/dudasytextos.com\/preguntaquees\/que-es-la-perspectiva-de-genero\/\" \/>\n\t\t<meta property=\"article:published_time\" content=\"2025-02-26T00:53:42+00:00\" \/>\n\t\t<meta property=\"article:modified_time\" content=\"2025-03-13T04:23:27+00:00\" \/>\n\t\t<meta name=\"twitter:card\" content=\"summary_large_image\" \/>\n\t\t<meta name=\"twitter:title\" content=\"Qu\u00e9 es la perspectiva de genero (2026) \u00bfQu\u00e9 es?\" \/>\n\t\t<meta name=\"twitter:description\" content=\"\u00bfQu\u00e9 es la perspectiva de g\u00e9nero? Por Ana Gonz\u00e1lez Curiosidades, estad\u00edsticas y hechos interesantes La perspectiva de g\u00e9nero es una herramienta para analizar las desigualdades entre mujeres y hombres en diferentes \u00e1mbitos. Seg\u00fan el Instituto Nacional de Estad\u00edstica, en Espa\u00f1a, las mujeres ganan un 22% menos que los hombres. La brecha salarial entre hombres y\" \/>\n\t\t<script type=\"application\/ld+json\" class=\"aioseo-schema\">\n\t\t\t{\"@context\":\"https:\\\/\\\/schema.org\",\"@graph\":[{\"@type\":\"BlogPosting\",\"@id\":\"https:\\\/\\\/dudasytextos.com\\\/preguntaquees\\\/que-es-la-perspectiva-de-genero\\\/#blogposting\",\"name\":\"Qu\\u00e9 es la perspectiva de genero (2026) \\u00bfQu\\u00e9 es?\",\"headline\":\"Qu\\u00e9 es la perspectiva de genero\",\"author\":{\"@id\":\"https:\\\/\\\/dudasytextos.com\\\/preguntaquees\\\/author\\\/admin44\\\/#author\"},\"publisher\":{\"@id\":\"https:\\\/\\\/dudasytextos.com\\\/preguntaquees\\\/#organization\"},\"datePublished\":\"2025-02-26T00:53:42+00:00\",\"dateModified\":\"2025-03-13T04:23:27+00:00\",\"inLanguage\":\"es-ES\",\"mainEntityOfPage\":{\"@id\":\"https:\\\/\\\/dudasytextos.com\\\/preguntaquees\\\/que-es-la-perspectiva-de-genero\\\/#webpage\"},\"isPartOf\":{\"@id\":\"https:\\\/\\\/dudasytextos.com\\\/preguntaquees\\\/que-es-la-perspectiva-de-genero\\\/#webpage\"},\"articleSection\":\"\\u00bfQu\\u00e9 es?\"},{\"@type\":\"BreadcrumbList\",\"@id\":\"https:\\\/\\\/dudasytextos.com\\\/preguntaquees\\\/que-es-la-perspectiva-de-genero\\\/#breadcrumblist\",\"itemListElement\":[{\"@type\":\"ListItem\",\"@id\":\"https:\\\/\\\/dudasytextos.com\\\/preguntaquees#listItem\",\"position\":1,\"name\":\"Inicio\",\"item\":\"https:\\\/\\\/dudasytextos.com\\\/preguntaquees\",\"nextItem\":{\"@type\":\"ListItem\",\"@id\":\"https:\\\/\\\/dudasytextos.com\\\/preguntaquees\\\/category\\\/que-es\\\/#listItem\",\"name\":\"\\u00bfQu\\u00e9 es?\"}},{\"@type\":\"ListItem\",\"@id\":\"https:\\\/\\\/dudasytextos.com\\\/preguntaquees\\\/category\\\/que-es\\\/#listItem\",\"position\":2,\"name\":\"\\u00bfQu\\u00e9 es?\",\"item\":\"https:\\\/\\\/dudasytextos.com\\\/preguntaquees\\\/category\\\/que-es\\\/\",\"nextItem\":{\"@type\":\"ListItem\",\"@id\":\"https:\\\/\\\/dudasytextos.com\\\/preguntaquees\\\/que-es-la-perspectiva-de-genero\\\/#listItem\",\"name\":\"Qu\\u00e9 es la perspectiva de genero\"},\"previousItem\":{\"@type\":\"ListItem\",\"@id\":\"https:\\\/\\\/dudasytextos.com\\\/preguntaquees#listItem\",\"name\":\"Inicio\"}},{\"@type\":\"ListItem\",\"@id\":\"https:\\\/\\\/dudasytextos.com\\\/preguntaquees\\\/que-es-la-perspectiva-de-genero\\\/#listItem\",\"position\":3,\"name\":\"Qu\\u00e9 es la perspectiva de genero\",\"previousItem\":{\"@type\":\"ListItem\",\"@id\":\"https:\\\/\\\/dudasytextos.com\\\/preguntaquees\\\/category\\\/que-es\\\/#listItem\",\"name\":\"\\u00bfQu\\u00e9 es?\"}}]},{\"@type\":\"Organization\",\"@id\":\"https:\\\/\\\/dudasytextos.com\\\/preguntaquees\\\/#organization\",\"name\":\"\\u00bfC\\u00f3mo funciona?\",\"description\":\"\\u00bfQu\\u00e9 es?\",\"url\":\"https:\\\/\\\/dudasytextos.com\\\/preguntaquees\\\/\"},{\"@type\":\"Person\",\"@id\":\"https:\\\/\\\/dudasytextos.com\\\/preguntaquees\\\/author\\\/admin44\\\/#author\",\"url\":\"https:\\\/\\\/dudasytextos.com\\\/preguntaquees\\\/author\\\/admin44\\\/\",\"name\":\"Ana Gonz\\u00e1lez\"},{\"@type\":\"WebPage\",\"@id\":\"https:\\\/\\\/dudasytextos.com\\\/preguntaquees\\\/que-es-la-perspectiva-de-genero\\\/#webpage\",\"url\":\"https:\\\/\\\/dudasytextos.com\\\/preguntaquees\\\/que-es-la-perspectiva-de-genero\\\/\",\"name\":\"Qu\\u00e9 es la perspectiva de genero (2026) \\u00bfQu\\u00e9 es?\",\"description\":\"\\u00bfQu\\u00e9 es la perspectiva de g\\u00e9nero? Por Ana Gonz\\u00e1lez Curiosidades, estad\\u00edsticas y hechos interesantes La perspectiva de g\\u00e9nero es una herramienta para analizar las desigualdades entre mujeres y hombres en diferentes \\u00e1mbitos. Seg\\u00fan el Instituto Nacional de Estad\\u00edstica, en Espa\\u00f1a, las mujeres ganan un 22% menos que los hombres. La brecha salarial entre hombres y\",\"inLanguage\":\"es-ES\",\"isPartOf\":{\"@id\":\"https:\\\/\\\/dudasytextos.com\\\/preguntaquees\\\/#website\"},\"breadcrumb\":{\"@id\":\"https:\\\/\\\/dudasytextos.com\\\/preguntaquees\\\/que-es-la-perspectiva-de-genero\\\/#breadcrumblist\"},\"author\":{\"@id\":\"https:\\\/\\\/dudasytextos.com\\\/preguntaquees\\\/author\\\/admin44\\\/#author\"},\"creator\":{\"@id\":\"https:\\\/\\\/dudasytextos.com\\\/preguntaquees\\\/author\\\/admin44\\\/#author\"},\"datePublished\":\"2025-02-26T00:53:42+00:00\",\"dateModified\":\"2025-03-13T04:23:27+00:00\"},{\"@type\":\"WebSite\",\"@id\":\"https:\\\/\\\/dudasytextos.com\\\/preguntaquees\\\/#website\",\"url\":\"https:\\\/\\\/dudasytextos.com\\\/preguntaquees\\\/\",\"name\":\"\\u00bfC\\u00f3mo funciona?\",\"description\":\"\\u00bfQu\\u00e9 es?\",\"inLanguage\":\"es-ES\",\"publisher\":{\"@id\":\"https:\\\/\\\/dudasytextos.com\\\/preguntaquees\\\/#organization\"}}]}\n\t\t<\/script>\n\t\t<!-- All in One SEO -->\n\n","aioseo_head_json":{"title":"Qu\u00e9 es la perspectiva de genero (2026) \u00bfQu\u00e9 es?","description":"\u00bfQu\u00e9 es la perspectiva de g\u00e9nero? Por Ana Gonz\u00e1lez Curiosidades, estad\u00edsticas y hechos interesantes La perspectiva de g\u00e9nero es una herramienta para analizar las desigualdades entre mujeres y hombres en diferentes \u00e1mbitos. Seg\u00fan el Instituto Nacional de Estad\u00edstica, en Espa\u00f1a, las mujeres ganan un 22% menos que los hombres. La brecha salarial entre hombres y","canonical_url":"https:\/\/dudasytextos.com\/preguntaquees\/que-es-la-perspectiva-de-genero\/","robots":"max-snippet:-1, max-image-preview:large, max-video-preview:-1","keywords":"","webmasterTools":{"miscellaneous":"&lt;!-- Google tag (gtag.js) --&gt;\n&lt;script async src=\"https:\/\/www.googletagmanager.com\/gtag\/js?id=G-QEZWJ7M6T7\"&gt;&lt;\/script&gt;\n&lt;script&gt;\n  window.dataLayer = window.dataLayer || [];\n  function gtag(){dataLayer.push(arguments);}\n  gtag('js', new Date());\n\n  gtag('config', 'G-QEZWJ7M6T7');\n&lt;\/script&gt;\n&lt;script async src=\"https:\/\/pagead2.googlesyndication.com\/pagead\/js\/adsbygoogle.js?client=ca-pub-3987500858204711\"\n     crossorigin=\"anonymous\"&gt;&lt;\/script&gt;"},"schema":{"@context":"https:\/\/schema.org","@graph":[{"@type":"BlogPosting","@id":"https:\/\/dudasytextos.com\/preguntaquees\/que-es-la-perspectiva-de-genero\/#blogposting","name":"Qu\u00e9 es la perspectiva de genero (2026) \u00bfQu\u00e9 es?","headline":"Qu\u00e9 es la perspectiva de genero","author":{"@id":"https:\/\/dudasytextos.com\/preguntaquees\/author\/admin44\/#author"},"publisher":{"@id":"https:\/\/dudasytextos.com\/preguntaquees\/#organization"},"datePublished":"2025-02-26T00:53:42+00:00","dateModified":"2025-03-13T04:23:27+00:00","inLanguage":"es-ES","mainEntityOfPage":{"@id":"https:\/\/dudasytextos.com\/preguntaquees\/que-es-la-perspectiva-de-genero\/#webpage"},"isPartOf":{"@id":"https:\/\/dudasytextos.com\/preguntaquees\/que-es-la-perspectiva-de-genero\/#webpage"},"articleSection":"\u00bfQu\u00e9 es?"},{"@type":"BreadcrumbList","@id":"https:\/\/dudasytextos.com\/preguntaquees\/que-es-la-perspectiva-de-genero\/#breadcrumblist","itemListElement":[{"@type":"ListItem","@id":"https:\/\/dudasytextos.com\/preguntaquees#listItem","position":1,"name":"Inicio","item":"https:\/\/dudasytextos.com\/preguntaquees","nextItem":{"@type":"ListItem","@id":"https:\/\/dudasytextos.com\/preguntaquees\/category\/que-es\/#listItem","name":"\u00bfQu\u00e9 es?"}},{"@type":"ListItem","@id":"https:\/\/dudasytextos.com\/preguntaquees\/category\/que-es\/#listItem","position":2,"name":"\u00bfQu\u00e9 es?","item":"https:\/\/dudasytextos.com\/preguntaquees\/category\/que-es\/","nextItem":{"@type":"ListItem","@id":"https:\/\/dudasytextos.com\/preguntaquees\/que-es-la-perspectiva-de-genero\/#listItem","name":"Qu\u00e9 es la perspectiva de genero"},"previousItem":{"@type":"ListItem","@id":"https:\/\/dudasytextos.com\/preguntaquees#listItem","name":"Inicio"}},{"@type":"ListItem","@id":"https:\/\/dudasytextos.com\/preguntaquees\/que-es-la-perspectiva-de-genero\/#listItem","position":3,"name":"Qu\u00e9 es la perspectiva de genero","previousItem":{"@type":"ListItem","@id":"https:\/\/dudasytextos.com\/preguntaquees\/category\/que-es\/#listItem","name":"\u00bfQu\u00e9 es?"}}]},{"@type":"Organization","@id":"https:\/\/dudasytextos.com\/preguntaquees\/#organization","name":"\u00bfC\u00f3mo funciona?","description":"\u00bfQu\u00e9 es?","url":"https:\/\/dudasytextos.com\/preguntaquees\/"},{"@type":"Person","@id":"https:\/\/dudasytextos.com\/preguntaquees\/author\/admin44\/#author","url":"https:\/\/dudasytextos.com\/preguntaquees\/author\/admin44\/","name":"Ana Gonz\u00e1lez"},{"@type":"WebPage","@id":"https:\/\/dudasytextos.com\/preguntaquees\/que-es-la-perspectiva-de-genero\/#webpage","url":"https:\/\/dudasytextos.com\/preguntaquees\/que-es-la-perspectiva-de-genero\/","name":"Qu\u00e9 es la perspectiva de genero (2026) \u00bfQu\u00e9 es?","description":"\u00bfQu\u00e9 es la perspectiva de g\u00e9nero? Por Ana Gonz\u00e1lez Curiosidades, estad\u00edsticas y hechos interesantes La perspectiva de g\u00e9nero es una herramienta para analizar las desigualdades entre mujeres y hombres en diferentes \u00e1mbitos. Seg\u00fan el Instituto Nacional de Estad\u00edstica, en Espa\u00f1a, las mujeres ganan un 22% menos que los hombres. La brecha salarial entre hombres y","inLanguage":"es-ES","isPartOf":{"@id":"https:\/\/dudasytextos.com\/preguntaquees\/#website"},"breadcrumb":{"@id":"https:\/\/dudasytextos.com\/preguntaquees\/que-es-la-perspectiva-de-genero\/#breadcrumblist"},"author":{"@id":"https:\/\/dudasytextos.com\/preguntaquees\/author\/admin44\/#author"},"creator":{"@id":"https:\/\/dudasytextos.com\/preguntaquees\/author\/admin44\/#author"},"datePublished":"2025-02-26T00:53:42+00:00","dateModified":"2025-03-13T04:23:27+00:00"},{"@type":"WebSite","@id":"https:\/\/dudasytextos.com\/preguntaquees\/#website","url":"https:\/\/dudasytextos.com\/preguntaquees\/","name":"\u00bfC\u00f3mo funciona?","description":"\u00bfQu\u00e9 es?","inLanguage":"es-ES","publisher":{"@id":"https:\/\/dudasytextos.com\/preguntaquees\/#organization"}}]},"og:locale":"es_ES","og:site_name":"\u00bfQu\u00e9 es? - \u00bfQu\u00e9 es?","og:type":"article","og:title":"Qu\u00e9 es la perspectiva de genero (2026) \u00bfQu\u00e9 es?","og:description":"\u00bfQu\u00e9 es la perspectiva de g\u00e9nero? Por Ana Gonz\u00e1lez Curiosidades, estad\u00edsticas y hechos interesantes La perspectiva de g\u00e9nero es una herramienta para analizar las desigualdades entre mujeres y hombres en diferentes \u00e1mbitos. Seg\u00fan el Instituto Nacional de Estad\u00edstica, en Espa\u00f1a, las mujeres ganan un 22% menos que los hombres. La brecha salarial entre hombres y","og:url":"https:\/\/dudasytextos.com\/preguntaquees\/que-es-la-perspectiva-de-genero\/","article:published_time":"2025-02-26T00:53:42+00:00","article:modified_time":"2025-03-13T04:23:27+00:00","twitter:card":"summary_large_image","twitter:title":"Qu\u00e9 es la perspectiva de genero (2026) \u00bfQu\u00e9 es?","twitter:description":"\u00bfQu\u00e9 es la perspectiva de g\u00e9nero? Por Ana Gonz\u00e1lez Curiosidades, estad\u00edsticas y hechos interesantes La perspectiva de g\u00e9nero es una herramienta para analizar las desigualdades entre mujeres y hombres en diferentes \u00e1mbitos. Seg\u00fan el Instituto Nacional de Estad\u00edstica, en Espa\u00f1a, las mujeres ganan un 22% menos que los hombres. La brecha salarial entre hombres y"},"aioseo_meta_data":{"post_id":"148444","title":null,"description":null,"keywords":null,"keyphrases":null,"primary_term":null,"canonical_url":null,"og_title":null,"og_description":null,"og_object_type":"default","og_image_type":"default","og_image_url":null,"og_image_width":null,"og_image_height":null,"og_image_custom_url":null,"og_image_custom_fields":null,"og_video":null,"og_custom_url":null,"og_article_section":null,"og_article_tags":null,"twitter_use_og":false,"twitter_card":"default","twitter_image_type":"default","twitter_image_url":null,"twitter_image_custom_url":null,"twitter_image_custom_fields":null,"twitter_title":null,"twitter_description":null,"schema":{"blockGraphs":[],"customGraphs":[],"default":{"data":{"Article":[],"Course":[],"Dataset":[],"FAQPage":[],"Movie":[],"Person":[],"Product":[],"ProductReview":[],"Car":[],"Recipe":[],"Service":[],"SoftwareApplication":[],"WebPage":[]},"graphName":"","isEnabled":true},"graphs":[]},"schema_type":"default","schema_type_options":null,"pillar_content":false,"robots_default":true,"robots_noindex":false,"robots_noarchive":false,"robots_nosnippet":false,"robots_nofollow":false,"robots_noimageindex":false,"robots_noodp":false,"robots_notranslate":false,"robots_max_snippet":null,"robots_max_videopreview":null,"robots_max_imagepreview":"large","priority":null,"frequency":null,"local_seo":null,"breadcrumb_settings":null,"limit_modified_date":false,"ai":null,"created":"2023-05-15 10:54:17","updated":"2025-06-04 01:50:38","seo_analyzer_scan_date":null,"focus_keyword":null,"additional_keywords":null,"truseo_locale":null},"aioseo_breadcrumb":"<div class=\"aioseo-breadcrumbs\"><span class=\"aioseo-breadcrumb\">\n\t\t\t<a href=\"https:\/\/dudasytextos.com\/preguntaquees\" title=\"Inicio\">Inicio<\/a>\n\t\t<\/span><span class=\"aioseo-breadcrumb-separator\">&raquo;<\/span><span class=\"aioseo-breadcrumb\">\n\t\t\t<a href=\"https:\/\/dudasytextos.com\/preguntaquees\/category\/que-es\/\" title=\"\u00bfQu\u00e9 es?\">\u00bfQu\u00e9 es?<\/a>\n\t\t<\/span><span class=\"aioseo-breadcrumb-separator\">&raquo;<\/span><span class=\"aioseo-breadcrumb\">\n\t\t\tQu\u00e9 es la perspectiva de genero\n\t\t<\/span><\/div>","aioseo_breadcrumb_json":[{"label":"Inicio","link":"https:\/\/dudasytextos.com\/preguntaquees"},{"label":"\u00bfQu\u00e9 es?","link":"https:\/\/dudasytextos.com\/preguntaquees\/category\/que-es\/"},{"label":"Qu\u00e9 es la perspectiva de genero","link":"https:\/\/dudasytextos.com\/preguntaquees\/que-es-la-perspectiva-de-genero\/"}],"_links":{"self":[{"href":"https:\/\/dudasytextos.com\/preguntaquees\/wp-json\/wp\/v2\/posts\/148444","targetHints":{"allow":["GET"]}}],"collection":[{"href":"https:\/\/dudasytextos.com\/preguntaquees\/wp-json\/wp\/v2\/posts"}],"about":[{"href":"https:\/\/dudasytextos.com\/preguntaquees\/wp-json\/wp\/v2\/types\/post"}],"author":[{"embeddable":true,"href":"https:\/\/dudasytextos.com\/preguntaquees\/wp-json\/wp\/v2\/users\/1"}],"replies":[{"embeddable":true,"href":"https:\/\/dudasytextos.com\/preguntaquees\/wp-json\/wp\/v2\/comments?post=148444"}],"version-history":[{"count":1,"href":"https:\/\/dudasytextos.com\/preguntaquees\/wp-json\/wp\/v2\/posts\/148444\/revisions"}],"predecessor-version":[{"id":157473,"href":"https:\/\/dudasytextos.com\/preguntaquees\/wp-json\/wp\/v2\/posts\/148444\/revisions\/157473"}],"wp:attachment":[{"href":"https:\/\/dudasytextos.com\/preguntaquees\/wp-json\/wp\/v2\/media?parent=148444"}],"wp:term":[{"taxonomy":"category","embeddable":true,"href":"https:\/\/dudasytextos.com\/preguntaquees\/wp-json\/wp\/v2\/categories?post=148444"},{"taxonomy":"post_tag","embeddable":true,"href":"https:\/\/dudasytextos.com\/preguntaquees\/wp-json\/wp\/v2\/tags?post=148444"}],"curies":[{"name":"wp","href":"https:\/\/api.w.org\/{rel}","templated":true}]}}