{"id":148690,"date":"2025-03-12T13:13:20","date_gmt":"2025-03-12T13:13:20","guid":{"rendered":"https:\/\/educacion.cc\/?p=148690"},"modified":"2025-03-12T23:18:59","modified_gmt":"2025-03-12T23:18:59","slug":"que-es-una-funda-nordica","status":"publish","type":"post","link":"https:\/\/dudasytextos.com\/preguntaquees\/que-es-una-funda-nordica\/","title":{"rendered":"Qu\u00e9 es una funda nordica"},"content":{"rendered":"<div id=\"ez-toc-container\" class=\"ez-toc-v2_0_87 counter-hierarchy ez-toc-counter ez-toc-custom ez-toc-container-direction\">\n<div class=\"ez-toc-title-container\">\n<span class=\"ez-toc-title-toggle\"><\/span><\/div>\n<nav><ul class='ez-toc-list ez-toc-list-level-1 ' ><li class='ez-toc-page-1 ez-toc-heading-level-2'><a class=\"ez-toc-link ez-toc-heading-1\" href=\"https:\/\/dudasytextos.com\/preguntaquees\/que-es-una-funda-nordica\/#%C2%BFQue_es_una_funda_nordica\" >\u00bfQu\u00e9 es una funda n\u00f3rdica?<\/a><\/li><li class='ez-toc-page-1 ez-toc-heading-level-2'><a class=\"ez-toc-link ez-toc-heading-2\" href=\"https:\/\/dudasytextos.com\/preguntaquees\/que-es-una-funda-nordica\/#Todo_lo_que_necesitas_saber_sobre_esta_prenda_de_cama\" >Todo lo que necesitas saber sobre esta prenda de cama<\/a><\/li><li class='ez-toc-page-1 ez-toc-heading-level-2'><a class=\"ez-toc-link ez-toc-heading-3\" href=\"https:\/\/dudasytextos.com\/preguntaquees\/que-es-una-funda-nordica\/#Curiosidades_y_datos_interesantes_sobre_las_fundas_nordicas\" >Curiosidades y datos interesantes sobre las fundas n\u00f3rdicas<\/a><\/li><li class='ez-toc-page-1 ez-toc-heading-level-2'><a class=\"ez-toc-link ez-toc-heading-4\" href=\"https:\/\/dudasytextos.com\/preguntaquees\/que-es-una-funda-nordica\/#%C2%BFQue_es_una_funda_nordica_y_por_que_deberias_tener_una\" >\u00bfQu\u00e9 es una funda n\u00f3rdica y por qu\u00e9 deber\u00edas tener una?<\/a><\/li><li class='ez-toc-page-1 ez-toc-heading-level-2'><a class=\"ez-toc-link ez-toc-heading-5\" href=\"https:\/\/dudasytextos.com\/preguntaquees\/que-es-una-funda-nordica\/#%C2%BFComo_elegir_la_funda_nordica_adecuada_para_ti\" >\u00bfC\u00f3mo elegir la funda n\u00f3rdica adecuada para ti?<\/a><\/li><li class='ez-toc-page-1 ez-toc-heading-level-2'><a class=\"ez-toc-link ez-toc-heading-6\" href=\"https:\/\/dudasytextos.com\/preguntaquees\/que-es-una-funda-nordica\/#Mi_experiencia_personal_con_las_fundas_nordicas\" >Mi experiencia personal con las fundas n\u00f3rdicas<\/a><\/li><li class='ez-toc-page-1 ez-toc-heading-level-2'><a class=\"ez-toc-link ez-toc-heading-7\" href=\"https:\/\/dudasytextos.com\/preguntaquees\/que-es-una-funda-nordica\/#Preguntas_frecuentes_sobre_las_fundas_nordicas\" >Preguntas frecuentes sobre las fundas n\u00f3rdicas<\/a><ul class='ez-toc-list-level-3' ><li class='ez-toc-heading-level-3'><a class=\"ez-toc-link ez-toc-heading-8\" href=\"https:\/\/dudasytextos.com\/preguntaquees\/que-es-una-funda-nordica\/#%C2%BFComo_se_lavan_las_fundas_nordicas\" >\u00bfC\u00f3mo se lavan las fundas n\u00f3rdicas?<\/a><\/li><li class='ez-toc-page-1 ez-toc-heading-level-3'><a class=\"ez-toc-link ez-toc-heading-9\" href=\"https:\/\/dudasytextos.com\/preguntaquees\/que-es-una-funda-nordica\/#%C2%BFSon_todas_las_fundas_nordicas_hipoalergenicas\" >\u00bfSon todas las fundas n\u00f3rdicas hipoalerg\u00e9nicas?<\/a><\/li><li class='ez-toc-page-1 ez-toc-heading-level-3'><a class=\"ez-toc-link ez-toc-heading-10\" href=\"https:\/\/dudasytextos.com\/preguntaquees\/que-es-una-funda-nordica\/#%C2%BFQue_tipo_de_cierre_es_mejor_botones_o_cremallera\" >\u00bfQu\u00e9 tipo de cierre es mejor: botones o cremallera?<\/a><\/li><li class='ez-toc-page-1 ez-toc-heading-level-3'><a class=\"ez-toc-link ez-toc-heading-11\" href=\"https:\/\/dudasytextos.com\/preguntaquees\/que-es-una-funda-nordica\/#%C2%BFPuedo_utilizar_una_funda_nordica_en_verano\" >\u00bfPuedo utilizar una funda n\u00f3rdica en verano?<\/a><\/li><\/ul><\/li><\/ul><\/nav><\/div>\n<h2><span class=\"ez-toc-section\" id=\"%C2%BFQue_es_una_funda_nordica\"><\/span>\u00bfQu\u00e9 es una funda n\u00f3rdica?<span class=\"ez-toc-section-end\"><\/span><\/h2>\n<h2><span class=\"ez-toc-section\" id=\"Todo_lo_que_necesitas_saber_sobre_esta_prenda_de_cama\"><\/span>Todo lo que necesitas saber sobre esta prenda de cama<span class=\"ez-toc-section-end\"><\/span><\/h2>\n<section>\n<h2><span class=\"ez-toc-section\" id=\"Curiosidades_y_datos_interesantes_sobre_las_fundas_nordicas\"><\/span>Curiosidades y datos interesantes sobre las fundas n\u00f3rdicas<span class=\"ez-toc-section-end\"><\/span><\/h2>\n<ul>\n<li>Las fundas n\u00f3rdicas son una prenda de cama originaria de los pa\u00edses n\u00f3rdicos, donde se utilizan para combatir el fr\u00edo en invierno.<\/li>\n<li>En Espa\u00f1a, las fundas n\u00f3rdicas se han vuelto cada vez m\u00e1s populares en los \u00faltimos a\u00f1os gracias a su comodidad y dise\u00f1o.<\/li>\n<li>Las fundas n\u00f3rdicas pueden ser de diferentes materiales, como algod\u00f3n, poli\u00e9ster o microfibra, y pueden tener estampados o lisas.<\/li>\n<li>Algunas fundas n\u00f3rdicas vienen con cierres de cremallera o botones para facilitar su colocaci\u00f3n y lavado.<\/li>\n<li>Las fundas n\u00f3rdicas son una excelente opci\u00f3n para quienes quieren cambiar la decoraci\u00f3n de su dormitorio de manera f\u00e1cil y econ\u00f3mica.<\/li>\n<\/ul>\n<\/section>\n<section>\n<h2><span class=\"ez-toc-section\" id=\"%C2%BFQue_es_una_funda_nordica_y_por_que_deberias_tener_una\"><\/span>\u00bfQu\u00e9 es una funda n\u00f3rdica y por qu\u00e9 deber\u00edas tener una?<span class=\"ez-toc-section-end\"><\/span><\/h2>\n<p>Una funda n\u00f3rdica es una prenda de cama que se utiliza para cubrir el n\u00f3rdico o edred\u00f3n. A diferencia de las s\u00e1banas convencionales, las fundas n\u00f3rdicas se colocan sobre el relleno y se cierran mediante botones o cremalleras.<\/p>\n<p>Una de las principales ventajas de las fundas n\u00f3rdicas es que son f\u00e1ciles de lavar y mantener, ya que se pueden retirar con facilidad y lavar en la lavadora. Adem\u00e1s, las fundas n\u00f3rdicas permiten cambiar la decoraci\u00f3n del dormitorio de manera r\u00e1pida y econ\u00f3mica, ya que hay una gran variedad de dise\u00f1os y estampados disponibles.<\/p>\n<p>Adem\u00e1s, las fundas n\u00f3rdicas son ideales para el invierno, ya que proporcionan un mayor aislamiento t\u00e9rmico que las s\u00e1banas convencionales, manteniendo el calor del cuerpo y proporcionando un sue\u00f1o m\u00e1s reparador.<\/p>\n<\/section>\n<section>\n<h2><span class=\"ez-toc-section\" id=\"%C2%BFComo_elegir_la_funda_nordica_adecuada_para_ti\"><\/span>\u00bfC\u00f3mo elegir la funda n\u00f3rdica adecuada para ti?<span class=\"ez-toc-section-end\"><\/span><\/h2>\n<p>A la hora de elegir una funda n\u00f3rdica, es importante tener en cuenta varios factores:<\/p>\n<ul>\n<li><strong>Tama\u00f1o:<\/strong> aseg\u00farate de elegir una funda que se ajuste al tama\u00f1o de tu n\u00f3rdico o edred\u00f3n.<\/li>\n<li><strong>Material:<\/strong> elige un material que se adapte a tus necesidades y preferencias. Por ejemplo, si eres al\u00e9rgico, es recomendable optar por materiales hipoalerg\u00e9nicos.<\/li>\n<li><strong>Dise\u00f1o y estampado:<\/strong> elige un dise\u00f1o y estampado que se adapte a la decoraci\u00f3n de tu dormitorio y a tus gustos personales.<\/li>\n<li><strong>Cierre:<\/strong> aseg\u00farate de elegir una funda con un cierre que te resulte c\u00f3modo y f\u00e1cil de utilizar.<\/li>\n<\/ul>\n<\/section>\n<section>\n<h2><span class=\"ez-toc-section\" id=\"Mi_experiencia_personal_con_las_fundas_nordicas\"><\/span>Mi experiencia personal con las fundas n\u00f3rdicas<span class=\"ez-toc-section-end\"><\/span><\/h2>\n<p>Desde que descubr\u00ed las fundas n\u00f3rdicas, no puedo vivir sin ellas. Me encanta la facilidad con la que se pueden lavar y cambiar, y la variedad de dise\u00f1os y estampados disponibles me permite cambiar la decoraci\u00f3n de mi dormitorio cada vez que quiero.<\/p>\n<p>Adem\u00e1s, las fundas n\u00f3rdicas son sumamente c\u00f3modas y c\u00e1lidas, lo que me permite dormir mejor en invierno.<\/p>\n<\/section>\n<section>\n<h2><span class=\"ez-toc-section\" id=\"Preguntas_frecuentes_sobre_las_fundas_nordicas\"><\/span>Preguntas frecuentes sobre las fundas n\u00f3rdicas<span class=\"ez-toc-section-end\"><\/span><\/h2>\n<h3><span class=\"ez-toc-section\" id=\"%C2%BFComo_se_lavan_las_fundas_nordicas\"><\/span>\u00bfC\u00f3mo se lavan las fundas n\u00f3rdicas?<span class=\"ez-toc-section-end\"><\/span><\/h3>\n<p>Las fundas n\u00f3rdicas se pueden lavar en la lavadora siguiendo las instrucciones del fabricante. Es recomendable lavarlas a una temperatura baja y sin utilizar suavizante.<\/p>\n<h3><span class=\"ez-toc-section\" id=\"%C2%BFSon_todas_las_fundas_nordicas_hipoalergenicas\"><\/span>\u00bfSon todas las fundas n\u00f3rdicas hipoalerg\u00e9nicas?<span class=\"ez-toc-section-end\"><\/span><\/h3>\n<p>No todas las fundas n\u00f3rdicas son hipoalerg\u00e9nicas, pero hay muchas opciones en el mercado que est\u00e1n dise\u00f1adas para personas al\u00e9rgicas.<\/p>\n<h3><span class=\"ez-toc-section\" id=\"%C2%BFQue_tipo_de_cierre_es_mejor_botones_o_cremallera\"><\/span>\u00bfQu\u00e9 tipo de cierre es mejor: botones o cremallera?<span class=\"ez-toc-section-end\"><\/span><\/h3>\n<p>El tipo de cierre depende de tus preferencias personales. Algunas personas prefieren los botones porque son m\u00e1s f\u00e1ciles de abrochar, mientras que otras prefieren las cremalleras por su comodidad.<\/p>\n<h3><span class=\"ez-toc-section\" id=\"%C2%BFPuedo_utilizar_una_funda_nordica_en_verano\"><\/span>\u00bfPuedo utilizar una funda n\u00f3rdica en verano?<span class=\"ez-toc-section-end\"><\/span><\/h3>\n<p>S\u00ed, se pueden utilizar fundas n\u00f3rdicas en verano. En este caso, es recomendable elegir materiales m\u00e1s ligeros y transpirables para evitar el exceso de calor.<\/p>\n<\/section>\n<footer>\n<p>Esperamos que este art\u00edculo te haya sido \u00fatil. Si tienes alguna pregunta o comentario, no dudes en escribirnos.<\/p>\n<p>\u00a1Que tengas un buen d\u00eda!<\/p>\n<\/footer>\n","protected":false},"excerpt":{"rendered":"<p>\u00bfQu\u00e9 es una funda n\u00f3rdica? Todo lo que necesitas saber sobre esta prenda de cama Curiosidades y datos interesantes sobre las fundas n\u00f3rdicas Las fundas n\u00f3rdicas son una prenda de cama originaria de los pa\u00edses n\u00f3rdicos, donde se utilizan para combatir el fr\u00edo en invierno. En Espa\u00f1a, las fundas n\u00f3rdicas se han vuelto cada vez &#8230; <a title=\"Qu\u00e9 es una funda nordica\" class=\"read-more\" href=\"https:\/\/dudasytextos.com\/preguntaquees\/que-es-una-funda-nordica\/\" aria-label=\"M\u00e1s en Qu\u00e9 es una funda nordica\">Leer m\u00e1s<\/a><\/p>\n","protected":false},"author":1,"featured_media":0,"comment_status":"open","ping_status":"open","sticky":false,"template":"","format":"standard","meta":{"footnotes":""},"categories":[4],"tags":[],"class_list":["post-148690","post","type-post","status-publish","format-standard","hentry","category-que-es"],"aioseo_notices":[],"aioseo_head":"\n\t\t<!-- All in One SEO 5.0.1.1 - aioseo.com -->\n\t<meta name=\"description\" content=\"\u00bfQu\u00e9 es una funda n\u00f3rdica? Todo lo que necesitas saber sobre esta prenda de cama Curiosidades y datos interesantes sobre las fundas n\u00f3rdicas Las fundas n\u00f3rdicas son una prenda de cama originaria de los pa\u00edses n\u00f3rdicos, donde se utilizan para combatir el fr\u00edo en invierno. En Espa\u00f1a, las fundas n\u00f3rdicas se han vuelto cada vez\" \/>\n\t<meta name=\"robots\" content=\"max-snippet:-1, max-image-preview:large, max-video-preview:-1\" \/>\n\t<meta name=\"author\" content=\"Ana Gonz\u00e1lez\"\/>\n\t<link rel=\"canonical\" href=\"https:\/\/dudasytextos.com\/preguntaquees\/que-es-una-funda-nordica\/\" \/>\n\t<meta name=\"generator\" content=\"All in One SEO (AIOSEO) 5.0.1.1\" \/>\n\n\t\t<!-- Google tag (gtag.js) -->\n<script async src=\"https:\/\/www.googletagmanager.com\/gtag\/js?id=G-QEZWJ7M6T7\"><\/script>\n<script>\n  window.dataLayer = window.dataLayer || [];\n  function gtag(){dataLayer.push(arguments);}\n  gtag('js', new Date());\n\n  gtag('config', 'G-QEZWJ7M6T7');\n<\/script>\n<script async src=\"https:\/\/pagead2.googlesyndication.com\/pagead\/js\/adsbygoogle.js?client=ca-pub-3987500858204711\"\n     crossorigin=\"anonymous\"><\/script>\n\t\t<meta property=\"og:locale\" content=\"es_ES\" \/>\n\t\t<meta property=\"og:site_name\" content=\"\u00bfQu\u00e9 es? - \u00bfQu\u00e9 es?\" \/>\n\t\t<meta property=\"og:type\" content=\"article\" \/>\n\t\t<meta property=\"og:title\" content=\"Qu\u00e9 es una funda nordica (2026) \u00bfQu\u00e9 es?\" \/>\n\t\t<meta property=\"og:description\" content=\"\u00bfQu\u00e9 es una funda n\u00f3rdica? Todo lo que necesitas saber sobre esta prenda de cama Curiosidades y datos interesantes sobre las fundas n\u00f3rdicas Las fundas n\u00f3rdicas son una prenda de cama originaria de los pa\u00edses n\u00f3rdicos, donde se utilizan para combatir el fr\u00edo en invierno. En Espa\u00f1a, las fundas n\u00f3rdicas se han vuelto cada vez\" \/>\n\t\t<meta property=\"og:url\" content=\"https:\/\/dudasytextos.com\/preguntaquees\/que-es-una-funda-nordica\/\" \/>\n\t\t<meta property=\"article:published_time\" content=\"2025-03-12T13:13:20+00:00\" \/>\n\t\t<meta property=\"article:modified_time\" content=\"2025-03-12T23:18:59+00:00\" \/>\n\t\t<meta name=\"twitter:card\" content=\"summary_large_image\" \/>\n\t\t<meta name=\"twitter:title\" content=\"Qu\u00e9 es una funda nordica (2026) \u00bfQu\u00e9 es?\" \/>\n\t\t<meta name=\"twitter:description\" content=\"\u00bfQu\u00e9 es una funda n\u00f3rdica? Todo lo que necesitas saber sobre esta prenda de cama Curiosidades y datos interesantes sobre las fundas n\u00f3rdicas Las fundas n\u00f3rdicas son una prenda de cama originaria de los pa\u00edses n\u00f3rdicos, donde se utilizan para combatir el fr\u00edo en invierno. En Espa\u00f1a, las fundas n\u00f3rdicas se han vuelto cada vez\" \/>\n\t\t<script type=\"application\/ld+json\" class=\"aioseo-schema\">\n\t\t\t{\"@context\":\"https:\\\/\\\/schema.org\",\"@graph\":[{\"@type\":\"BlogPosting\",\"@id\":\"https:\\\/\\\/dudasytextos.com\\\/preguntaquees\\\/que-es-una-funda-nordica\\\/#blogposting\",\"name\":\"Qu\\u00e9 es una funda nordica (2026) \\u00bfQu\\u00e9 es?\",\"headline\":\"Qu\\u00e9 es una funda nordica\",\"author\":{\"@id\":\"https:\\\/\\\/dudasytextos.com\\\/preguntaquees\\\/author\\\/admin44\\\/#author\"},\"publisher\":{\"@id\":\"https:\\\/\\\/dudasytextos.com\\\/preguntaquees\\\/#organization\"},\"datePublished\":\"2025-03-12T13:13:20+00:00\",\"dateModified\":\"2025-03-12T23:18:59+00:00\",\"inLanguage\":\"es-ES\",\"mainEntityOfPage\":{\"@id\":\"https:\\\/\\\/dudasytextos.com\\\/preguntaquees\\\/que-es-una-funda-nordica\\\/#webpage\"},\"isPartOf\":{\"@id\":\"https:\\\/\\\/dudasytextos.com\\\/preguntaquees\\\/que-es-una-funda-nordica\\\/#webpage\"},\"articleSection\":\"\\u00bfQu\\u00e9 es?\"},{\"@type\":\"BreadcrumbList\",\"@id\":\"https:\\\/\\\/dudasytextos.com\\\/preguntaquees\\\/que-es-una-funda-nordica\\\/#breadcrumblist\",\"itemListElement\":[{\"@type\":\"ListItem\",\"@id\":\"https:\\\/\\\/dudasytextos.com\\\/preguntaquees#listItem\",\"position\":1,\"name\":\"Inicio\",\"item\":\"https:\\\/\\\/dudasytextos.com\\\/preguntaquees\",\"nextItem\":{\"@type\":\"ListItem\",\"@id\":\"https:\\\/\\\/dudasytextos.com\\\/preguntaquees\\\/category\\\/que-es\\\/#listItem\",\"name\":\"\\u00bfQu\\u00e9 es?\"}},{\"@type\":\"ListItem\",\"@id\":\"https:\\\/\\\/dudasytextos.com\\\/preguntaquees\\\/category\\\/que-es\\\/#listItem\",\"position\":2,\"name\":\"\\u00bfQu\\u00e9 es?\",\"item\":\"https:\\\/\\\/dudasytextos.com\\\/preguntaquees\\\/category\\\/que-es\\\/\",\"nextItem\":{\"@type\":\"ListItem\",\"@id\":\"https:\\\/\\\/dudasytextos.com\\\/preguntaquees\\\/que-es-una-funda-nordica\\\/#listItem\",\"name\":\"Qu\\u00e9 es una funda nordica\"},\"previousItem\":{\"@type\":\"ListItem\",\"@id\":\"https:\\\/\\\/dudasytextos.com\\\/preguntaquees#listItem\",\"name\":\"Inicio\"}},{\"@type\":\"ListItem\",\"@id\":\"https:\\\/\\\/dudasytextos.com\\\/preguntaquees\\\/que-es-una-funda-nordica\\\/#listItem\",\"position\":3,\"name\":\"Qu\\u00e9 es una funda nordica\",\"previousItem\":{\"@type\":\"ListItem\",\"@id\":\"https:\\\/\\\/dudasytextos.com\\\/preguntaquees\\\/category\\\/que-es\\\/#listItem\",\"name\":\"\\u00bfQu\\u00e9 es?\"}}]},{\"@type\":\"Organization\",\"@id\":\"https:\\\/\\\/dudasytextos.com\\\/preguntaquees\\\/#organization\",\"name\":\"\\u00bfC\\u00f3mo funciona?\",\"description\":\"\\u00bfQu\\u00e9 es?\",\"url\":\"https:\\\/\\\/dudasytextos.com\\\/preguntaquees\\\/\"},{\"@type\":\"Person\",\"@id\":\"https:\\\/\\\/dudasytextos.com\\\/preguntaquees\\\/author\\\/admin44\\\/#author\",\"url\":\"https:\\\/\\\/dudasytextos.com\\\/preguntaquees\\\/author\\\/admin44\\\/\",\"name\":\"Ana Gonz\\u00e1lez\"},{\"@type\":\"WebPage\",\"@id\":\"https:\\\/\\\/dudasytextos.com\\\/preguntaquees\\\/que-es-una-funda-nordica\\\/#webpage\",\"url\":\"https:\\\/\\\/dudasytextos.com\\\/preguntaquees\\\/que-es-una-funda-nordica\\\/\",\"name\":\"Qu\\u00e9 es una funda nordica (2026) \\u00bfQu\\u00e9 es?\",\"description\":\"\\u00bfQu\\u00e9 es una funda n\\u00f3rdica? Todo lo que necesitas saber sobre esta prenda de cama Curiosidades y datos interesantes sobre las fundas n\\u00f3rdicas Las fundas n\\u00f3rdicas son una prenda de cama originaria de los pa\\u00edses n\\u00f3rdicos, donde se utilizan para combatir el fr\\u00edo en invierno. En Espa\\u00f1a, las fundas n\\u00f3rdicas se han vuelto cada vez\",\"inLanguage\":\"es-ES\",\"isPartOf\":{\"@id\":\"https:\\\/\\\/dudasytextos.com\\\/preguntaquees\\\/#website\"},\"breadcrumb\":{\"@id\":\"https:\\\/\\\/dudasytextos.com\\\/preguntaquees\\\/que-es-una-funda-nordica\\\/#breadcrumblist\"},\"author\":{\"@id\":\"https:\\\/\\\/dudasytextos.com\\\/preguntaquees\\\/author\\\/admin44\\\/#author\"},\"creator\":{\"@id\":\"https:\\\/\\\/dudasytextos.com\\\/preguntaquees\\\/author\\\/admin44\\\/#author\"},\"datePublished\":\"2025-03-12T13:13:20+00:00\",\"dateModified\":\"2025-03-12T23:18:59+00:00\"},{\"@type\":\"WebSite\",\"@id\":\"https:\\\/\\\/dudasytextos.com\\\/preguntaquees\\\/#website\",\"url\":\"https:\\\/\\\/dudasytextos.com\\\/preguntaquees\\\/\",\"name\":\"\\u00bfC\\u00f3mo funciona?\",\"description\":\"\\u00bfQu\\u00e9 es?\",\"inLanguage\":\"es-ES\",\"publisher\":{\"@id\":\"https:\\\/\\\/dudasytextos.com\\\/preguntaquees\\\/#organization\"}}]}\n\t\t<\/script>\n\t\t<!-- All in One SEO -->\n\n","aioseo_head_json":{"title":"Qu\u00e9 es una funda nordica (2026) \u00bfQu\u00e9 es?","description":"\u00bfQu\u00e9 es una funda n\u00f3rdica? Todo lo que necesitas saber sobre esta prenda de cama Curiosidades y datos interesantes sobre las fundas n\u00f3rdicas Las fundas n\u00f3rdicas son una prenda de cama originaria de los pa\u00edses n\u00f3rdicos, donde se utilizan para combatir el fr\u00edo en invierno. En Espa\u00f1a, las fundas n\u00f3rdicas se han vuelto cada vez","canonical_url":"https:\/\/dudasytextos.com\/preguntaquees\/que-es-una-funda-nordica\/","robots":"max-snippet:-1, max-image-preview:large, max-video-preview:-1","keywords":"","webmasterTools":{"miscellaneous":"&lt;!-- Google tag (gtag.js) --&gt;\n&lt;script async src=\"https:\/\/www.googletagmanager.com\/gtag\/js?id=G-QEZWJ7M6T7\"&gt;&lt;\/script&gt;\n&lt;script&gt;\n  window.dataLayer = window.dataLayer || [];\n  function gtag(){dataLayer.push(arguments);}\n  gtag('js', new Date());\n\n  gtag('config', 'G-QEZWJ7M6T7');\n&lt;\/script&gt;\n&lt;script async src=\"https:\/\/pagead2.googlesyndication.com\/pagead\/js\/adsbygoogle.js?client=ca-pub-3987500858204711\"\n     crossorigin=\"anonymous\"&gt;&lt;\/script&gt;"},"schema":{"@context":"https:\/\/schema.org","@graph":[{"@type":"BlogPosting","@id":"https:\/\/dudasytextos.com\/preguntaquees\/que-es-una-funda-nordica\/#blogposting","name":"Qu\u00e9 es una funda nordica (2026) \u00bfQu\u00e9 es?","headline":"Qu\u00e9 es una funda nordica","author":{"@id":"https:\/\/dudasytextos.com\/preguntaquees\/author\/admin44\/#author"},"publisher":{"@id":"https:\/\/dudasytextos.com\/preguntaquees\/#organization"},"datePublished":"2025-03-12T13:13:20+00:00","dateModified":"2025-03-12T23:18:59+00:00","inLanguage":"es-ES","mainEntityOfPage":{"@id":"https:\/\/dudasytextos.com\/preguntaquees\/que-es-una-funda-nordica\/#webpage"},"isPartOf":{"@id":"https:\/\/dudasytextos.com\/preguntaquees\/que-es-una-funda-nordica\/#webpage"},"articleSection":"\u00bfQu\u00e9 es?"},{"@type":"BreadcrumbList","@id":"https:\/\/dudasytextos.com\/preguntaquees\/que-es-una-funda-nordica\/#breadcrumblist","itemListElement":[{"@type":"ListItem","@id":"https:\/\/dudasytextos.com\/preguntaquees#listItem","position":1,"name":"Inicio","item":"https:\/\/dudasytextos.com\/preguntaquees","nextItem":{"@type":"ListItem","@id":"https:\/\/dudasytextos.com\/preguntaquees\/category\/que-es\/#listItem","name":"\u00bfQu\u00e9 es?"}},{"@type":"ListItem","@id":"https:\/\/dudasytextos.com\/preguntaquees\/category\/que-es\/#listItem","position":2,"name":"\u00bfQu\u00e9 es?","item":"https:\/\/dudasytextos.com\/preguntaquees\/category\/que-es\/","nextItem":{"@type":"ListItem","@id":"https:\/\/dudasytextos.com\/preguntaquees\/que-es-una-funda-nordica\/#listItem","name":"Qu\u00e9 es una funda nordica"},"previousItem":{"@type":"ListItem","@id":"https:\/\/dudasytextos.com\/preguntaquees#listItem","name":"Inicio"}},{"@type":"ListItem","@id":"https:\/\/dudasytextos.com\/preguntaquees\/que-es-una-funda-nordica\/#listItem","position":3,"name":"Qu\u00e9 es una funda nordica","previousItem":{"@type":"ListItem","@id":"https:\/\/dudasytextos.com\/preguntaquees\/category\/que-es\/#listItem","name":"\u00bfQu\u00e9 es?"}}]},{"@type":"Organization","@id":"https:\/\/dudasytextos.com\/preguntaquees\/#organization","name":"\u00bfC\u00f3mo funciona?","description":"\u00bfQu\u00e9 es?","url":"https:\/\/dudasytextos.com\/preguntaquees\/"},{"@type":"Person","@id":"https:\/\/dudasytextos.com\/preguntaquees\/author\/admin44\/#author","url":"https:\/\/dudasytextos.com\/preguntaquees\/author\/admin44\/","name":"Ana Gonz\u00e1lez"},{"@type":"WebPage","@id":"https:\/\/dudasytextos.com\/preguntaquees\/que-es-una-funda-nordica\/#webpage","url":"https:\/\/dudasytextos.com\/preguntaquees\/que-es-una-funda-nordica\/","name":"Qu\u00e9 es una funda nordica (2026) \u00bfQu\u00e9 es?","description":"\u00bfQu\u00e9 es una funda n\u00f3rdica? Todo lo que necesitas saber sobre esta prenda de cama Curiosidades y datos interesantes sobre las fundas n\u00f3rdicas Las fundas n\u00f3rdicas son una prenda de cama originaria de los pa\u00edses n\u00f3rdicos, donde se utilizan para combatir el fr\u00edo en invierno. En Espa\u00f1a, las fundas n\u00f3rdicas se han vuelto cada vez","inLanguage":"es-ES","isPartOf":{"@id":"https:\/\/dudasytextos.com\/preguntaquees\/#website"},"breadcrumb":{"@id":"https:\/\/dudasytextos.com\/preguntaquees\/que-es-una-funda-nordica\/#breadcrumblist"},"author":{"@id":"https:\/\/dudasytextos.com\/preguntaquees\/author\/admin44\/#author"},"creator":{"@id":"https:\/\/dudasytextos.com\/preguntaquees\/author\/admin44\/#author"},"datePublished":"2025-03-12T13:13:20+00:00","dateModified":"2025-03-12T23:18:59+00:00"},{"@type":"WebSite","@id":"https:\/\/dudasytextos.com\/preguntaquees\/#website","url":"https:\/\/dudasytextos.com\/preguntaquees\/","name":"\u00bfC\u00f3mo funciona?","description":"\u00bfQu\u00e9 es?","inLanguage":"es-ES","publisher":{"@id":"https:\/\/dudasytextos.com\/preguntaquees\/#organization"}}]},"og:locale":"es_ES","og:site_name":"\u00bfQu\u00e9 es? - \u00bfQu\u00e9 es?","og:type":"article","og:title":"Qu\u00e9 es una funda nordica (2026) \u00bfQu\u00e9 es?","og:description":"\u00bfQu\u00e9 es una funda n\u00f3rdica? Todo lo que necesitas saber sobre esta prenda de cama Curiosidades y datos interesantes sobre las fundas n\u00f3rdicas Las fundas n\u00f3rdicas son una prenda de cama originaria de los pa\u00edses n\u00f3rdicos, donde se utilizan para combatir el fr\u00edo en invierno. En Espa\u00f1a, las fundas n\u00f3rdicas se han vuelto cada vez","og:url":"https:\/\/dudasytextos.com\/preguntaquees\/que-es-una-funda-nordica\/","article:published_time":"2025-03-12T13:13:20+00:00","article:modified_time":"2025-03-12T23:18:59+00:00","twitter:card":"summary_large_image","twitter:title":"Qu\u00e9 es una funda nordica (2026) \u00bfQu\u00e9 es?","twitter:description":"\u00bfQu\u00e9 es una funda n\u00f3rdica? Todo lo que necesitas saber sobre esta prenda de cama Curiosidades y datos interesantes sobre las fundas n\u00f3rdicas Las fundas n\u00f3rdicas son una prenda de cama originaria de los pa\u00edses n\u00f3rdicos, donde se utilizan para combatir el fr\u00edo en invierno. En Espa\u00f1a, las fundas n\u00f3rdicas se han vuelto cada vez"},"aioseo_meta_data":{"post_id":"148690","title":null,"description":null,"keywords":null,"keyphrases":null,"primary_term":null,"canonical_url":null,"og_title":null,"og_description":null,"og_object_type":"default","og_image_type":"default","og_image_url":null,"og_image_width":null,"og_image_height":null,"og_image_custom_url":null,"og_image_custom_fields":null,"og_video":null,"og_custom_url":null,"og_article_section":null,"og_article_tags":null,"twitter_use_og":false,"twitter_card":"default","twitter_image_type":"default","twitter_image_url":null,"twitter_image_custom_url":null,"twitter_image_custom_fields":null,"twitter_title":null,"twitter_description":null,"schema":{"blockGraphs":[],"customGraphs":[],"default":{"data":{"Article":[],"Course":[],"Dataset":[],"FAQPage":[],"Movie":[],"Person":[],"Product":[],"ProductReview":[],"Car":[],"Recipe":[],"Service":[],"SoftwareApplication":[],"WebPage":[]},"graphName":"","isEnabled":true},"graphs":[]},"schema_type":"default","schema_type_options":null,"pillar_content":false,"robots_default":true,"robots_noindex":false,"robots_noarchive":false,"robots_nosnippet":false,"robots_nofollow":false,"robots_noimageindex":false,"robots_noodp":false,"robots_notranslate":false,"robots_max_snippet":null,"robots_max_videopreview":null,"robots_max_imagepreview":"large","priority":null,"frequency":null,"local_seo":null,"breadcrumb_settings":null,"limit_modified_date":false,"ai":null,"created":"2023-05-15 09:52:11","updated":"2025-06-04 12:42:53","seo_analyzer_scan_date":null,"focus_keyword":null,"additional_keywords":null,"truseo_locale":null},"aioseo_breadcrumb":"<div class=\"aioseo-breadcrumbs\"><span class=\"aioseo-breadcrumb\">\n\t\t\t<a href=\"https:\/\/dudasytextos.com\/preguntaquees\" title=\"Inicio\">Inicio<\/a>\n\t\t<\/span><span class=\"aioseo-breadcrumb-separator\">&raquo;<\/span><span class=\"aioseo-breadcrumb\">\n\t\t\t<a href=\"https:\/\/dudasytextos.com\/preguntaquees\/category\/que-es\/\" title=\"\u00bfQu\u00e9 es?\">\u00bfQu\u00e9 es?<\/a>\n\t\t<\/span><span class=\"aioseo-breadcrumb-separator\">&raquo;<\/span><span class=\"aioseo-breadcrumb\">\n\t\t\tQu\u00e9 es una funda nordica\n\t\t<\/span><\/div>","aioseo_breadcrumb_json":[{"label":"Inicio","link":"https:\/\/dudasytextos.com\/preguntaquees"},{"label":"\u00bfQu\u00e9 es?","link":"https:\/\/dudasytextos.com\/preguntaquees\/category\/que-es\/"},{"label":"Qu\u00e9 es una funda nordica","link":"https:\/\/dudasytextos.com\/preguntaquees\/que-es-una-funda-nordica\/"}],"_links":{"self":[{"href":"https:\/\/dudasytextos.com\/preguntaquees\/wp-json\/wp\/v2\/posts\/148690","targetHints":{"allow":["GET"]}}],"collection":[{"href":"https:\/\/dudasytextos.com\/preguntaquees\/wp-json\/wp\/v2\/posts"}],"about":[{"href":"https:\/\/dudasytextos.com\/preguntaquees\/wp-json\/wp\/v2\/types\/post"}],"author":[{"embeddable":true,"href":"https:\/\/dudasytextos.com\/preguntaquees\/wp-json\/wp\/v2\/users\/1"}],"replies":[{"embeddable":true,"href":"https:\/\/dudasytextos.com\/preguntaquees\/wp-json\/wp\/v2\/comments?post=148690"}],"version-history":[{"count":1,"href":"https:\/\/dudasytextos.com\/preguntaquees\/wp-json\/wp\/v2\/posts\/148690\/revisions"}],"predecessor-version":[{"id":157144,"href":"https:\/\/dudasytextos.com\/preguntaquees\/wp-json\/wp\/v2\/posts\/148690\/revisions\/157144"}],"wp:attachment":[{"href":"https:\/\/dudasytextos.com\/preguntaquees\/wp-json\/wp\/v2\/media?parent=148690"}],"wp:term":[{"taxonomy":"category","embeddable":true,"href":"https:\/\/dudasytextos.com\/preguntaquees\/wp-json\/wp\/v2\/categories?post=148690"},{"taxonomy":"post_tag","embeddable":true,"href":"https:\/\/dudasytextos.com\/preguntaquees\/wp-json\/wp\/v2\/tags?post=148690"}],"curies":[{"name":"wp","href":"https:\/\/api.w.org\/{rel}","templated":true}]}}