{"id":148766,"date":"2025-03-05T15:13:19","date_gmt":"2025-03-05T15:13:19","guid":{"rendered":"https:\/\/educacion.cc\/?p=148766"},"modified":"2025-03-12T18:41:49","modified_gmt":"2025-03-12T18:41:49","slug":"que-es-el-omicron-silencioso","status":"publish","type":"post","link":"https:\/\/dudasytextos.com\/preguntaquees\/que-es-el-omicron-silencioso\/","title":{"rendered":"Qu\u00e9 es el omicron silencioso"},"content":{"rendered":"<div id=\"ez-toc-container\" class=\"ez-toc-v2_0_87 counter-hierarchy ez-toc-counter ez-toc-custom ez-toc-container-direction\">\n<div class=\"ez-toc-title-container\">\n<span class=\"ez-toc-title-toggle\"><\/span><\/div>\n<nav><ul class='ez-toc-list ez-toc-list-level-1 ' ><li class='ez-toc-page-1 ez-toc-heading-level-2'><a class=\"ez-toc-link ez-toc-heading-1\" href=\"https:\/\/dudasytextos.com\/preguntaquees\/que-es-el-omicron-silencioso\/#Que_es_el_Omicron_Silencioso\" >Qu\u00e9 es el Omicron Silencioso<\/a><\/li><li class='ez-toc-page-1 ez-toc-heading-level-2'><a class=\"ez-toc-link ez-toc-heading-2\" href=\"https:\/\/dudasytextos.com\/preguntaquees\/que-es-el-omicron-silencioso\/#Curiosidades_y_hechos_principales\" >Curiosidades y hechos principales<\/a><\/li><li class='ez-toc-page-1 ez-toc-heading-level-2'><a class=\"ez-toc-link ez-toc-heading-3\" href=\"https:\/\/dudasytextos.com\/preguntaquees\/que-es-el-omicron-silencioso\/#Mi_experiencia_personal\" >Mi experiencia personal<\/a><\/li><li class='ez-toc-page-1 ez-toc-heading-level-2'><a class=\"ez-toc-link ez-toc-heading-4\" href=\"https:\/\/dudasytextos.com\/preguntaquees\/que-es-el-omicron-silencioso\/#%C2%BFComo_se_propaga_el_Omicron_Silencioso\" >\u00bfC\u00f3mo se propaga el Omicron Silencioso?<\/a><\/li><li class='ez-toc-page-1 ez-toc-heading-level-2'><a class=\"ez-toc-link ez-toc-heading-5\" href=\"https:\/\/dudasytextos.com\/preguntaquees\/que-es-el-omicron-silencioso\/#%C2%BFCuales_son_los_sintomas_del_Omicron_Silencioso\" >\u00bfCu\u00e1les son los s\u00edntomas del Omicron Silencioso?<\/a><\/li><li class='ez-toc-page-1 ez-toc-heading-level-2'><a class=\"ez-toc-link ez-toc-heading-6\" href=\"https:\/\/dudasytextos.com\/preguntaquees\/que-es-el-omicron-silencioso\/#%C2%BFComo_puedo_protegerme_del_Omicron_Silencioso\" >\u00bfC\u00f3mo puedo protegerme del Omicron Silencioso?<\/a><\/li><li class='ez-toc-page-1 ez-toc-heading-level-2'><a class=\"ez-toc-link ez-toc-heading-7\" href=\"https:\/\/dudasytextos.com\/preguntaquees\/que-es-el-omicron-silencioso\/#Conclusiones\" >Conclusiones<\/a><\/li><li class='ez-toc-page-1 ez-toc-heading-level-2'><a class=\"ez-toc-link ez-toc-heading-8\" href=\"https:\/\/dudasytextos.com\/preguntaquees\/que-es-el-omicron-silencioso\/#Preguntas_frecuentes\" >Preguntas frecuentes<\/a><ul class='ez-toc-list-level-3' ><li class='ez-toc-heading-level-3'><a class=\"ez-toc-link ez-toc-heading-9\" href=\"https:\/\/dudasytextos.com\/preguntaquees\/que-es-el-omicron-silencioso\/#%C2%BFComo_puedo_saber_si_tengo_Omicron_Silencioso\" >\u00bfC\u00f3mo puedo saber si tengo Omicron Silencioso?<\/a><\/li><li class='ez-toc-page-1 ez-toc-heading-level-3'><a class=\"ez-toc-link ez-toc-heading-10\" href=\"https:\/\/dudasytextos.com\/preguntaquees\/que-es-el-omicron-silencioso\/#%C2%BFSon_efectivas_las_vacunas_actuales_contra_el_Omicron_Silencioso\" >\u00bfSon efectivas las vacunas actuales contra el Omicron Silencioso?<\/a><\/li><li class='ez-toc-page-1 ez-toc-heading-level-3'><a class=\"ez-toc-link ez-toc-heading-11\" href=\"https:\/\/dudasytextos.com\/preguntaquees\/que-es-el-omicron-silencioso\/#%C2%BFDebo_tomar_precauciones_adicionales_si_creo_que_he_estado_expuesto_al_Omicron_Silencioso\" >\u00bfDebo tomar precauciones adicionales si creo que he estado expuesto al Omicron Silencioso?<\/a><\/li><\/ul><\/li><\/ul><\/nav><\/div>\n<h2><span class=\"ez-toc-section\" id=\"Que_es_el_Omicron_Silencioso\"><\/span>Qu\u00e9 es el Omicron Silencioso<span class=\"ez-toc-section-end\"><\/span><\/h2>\n<p>Por Ana Gonz\u00e1lez<\/p>\n<section>\n<h2><span class=\"ez-toc-section\" id=\"Curiosidades_y_hechos_principales\"><\/span>Curiosidades y hechos principales<span class=\"ez-toc-section-end\"><\/span><\/h2>\n<ul>\n<li>El Omicron Silencioso es una variante del COVID-19 que se descubri\u00f3 por primera vez en Sud\u00e1frica en noviembre de 2021.<\/li>\n<li>Esta variante se llama silenciosa porque puede presentar s\u00edntomas muy leves o incluso ning\u00fan s\u00edntoma, lo que la hace dif\u00edcil de detectar.<\/li>\n<li>El Omicron Silencioso se propaga con mayor rapidez que otras variantes del COVID-19.<\/li>\n<li>Los expertos a\u00fan no saben si las vacunas actuales son efectivas contra esta variante.<\/li>\n<\/ul>\n<\/section>\n<section>\n<h2><span class=\"ez-toc-section\" id=\"Mi_experiencia_personal\"><\/span>Mi experiencia personal<span class=\"ez-toc-section-end\"><\/span><\/h2>\n<p>Como muchos de ustedes, durante la pandemia he estado tomando precauciones para protegerme del COVID-19. Pero cuando escuch\u00e9 por primera vez sobre el Omicron Silencioso, me preocup\u00e9 a\u00fan m\u00e1s. Me pregunt\u00e9 si las precauciones que estaba tomando eran suficientes y si deb\u00eda hacer algo m\u00e1s para protegerme.<\/p>\n<p>Decid\u00ed hacer algunas investigaciones y hablar con expertos para obtener respuestas a mis preguntas. Lo que descubr\u00ed fue interesante y, a veces, sorprendente.<\/p>\n<\/section>\n<section>\n<h2><span class=\"ez-toc-section\" id=\"%C2%BFComo_se_propaga_el_Omicron_Silencioso\"><\/span>\u00bfC\u00f3mo se propaga el Omicron Silencioso?<span class=\"ez-toc-section-end\"><\/span><\/h2>\n<p>El Omicron Silencioso se propaga de la misma manera que otras variantes del COVID-19, principalmente a trav\u00e9s de la inhalaci\u00f3n de peque\u00f1as gotas que contienen el virus. Estas gotas se liberan cuando una persona infectada tose, estornuda o habla.<\/p>\n<p>Lo que hace que el Omicron Silencioso sea diferente es que puede propagarse con mayor rapidez que otras variantes. Seg\u00fan un estudio reciente, una persona infectada con Omicron puede contagiar a entre 5 y 7 personas, en comparaci\u00f3n con 2 a 3 personas con otras variantes.<\/p>\n<\/section>\n<section>\n<h2><span class=\"ez-toc-section\" id=\"%C2%BFCuales_son_los_sintomas_del_Omicron_Silencioso\"><\/span>\u00bfCu\u00e1les son los s\u00edntomas del Omicron Silencioso?<span class=\"ez-toc-section-end\"><\/span><\/h2>\n<p>El Omicron Silencioso puede presentar s\u00edntomas muy leves o incluso ning\u00fan s\u00edntoma, lo que la hace dif\u00edcil de detectar. Los s\u00edntomas m\u00e1s comunes incluyen fiebre, tos, dolor de garganta y fatiga.<\/p>\n<p>Es importante tener en cuenta que aunque no presente s\u00edntomas, una persona infectada con Omicron Silencioso a\u00fan puede contagiar a otros.<\/p>\n<\/section>\n<section>\n<h2><span class=\"ez-toc-section\" id=\"%C2%BFComo_puedo_protegerme_del_Omicron_Silencioso\"><\/span>\u00bfC\u00f3mo puedo protegerme del Omicron Silencioso?<span class=\"ez-toc-section-end\"><\/span><\/h2>\n<p>Las precauciones que hemos estado tomando durante la pandemia todav\u00eda son efectivas contra el Omicron Silencioso. Esto incluye el uso de mascarillas, el distanciamiento social y el lavado frecuente de manos.<\/p>\n<p>Tambi\u00e9n es importante considerar la vacunaci\u00f3n. Aunque a\u00fan no se sabe si las vacunas actuales son efectivas contra el Omicron Silencioso, es probable que la vacunaci\u00f3n ayude a reducir la gravedad de la enfermedad en caso de infecci\u00f3n.<\/p>\n<\/section>\n<section>\n<h2><span class=\"ez-toc-section\" id=\"Conclusiones\"><\/span>Conclusiones<span class=\"ez-toc-section-end\"><\/span><\/h2>\n<p>En resumen, el Omicron Silencioso es una variante del COVID-19 que se propaga con rapidez y puede presentar s\u00edntomas muy leves o incluso ning\u00fan s\u00edntoma. Aunque a\u00fan no se sabe si las vacunas actuales son efectivas contra esta variante, las precauciones que hemos estado tomando durante la pandemia todav\u00eda son efectivas. Es importante seguir tomando precauciones y mantenerse informado mientras los expertos contin\u00faan investigando esta variante.<\/p>\n<\/section>\n<section>\n<h2><span class=\"ez-toc-section\" id=\"Preguntas_frecuentes\"><\/span>Preguntas frecuentes<span class=\"ez-toc-section-end\"><\/span><\/h2>\n<h3><span class=\"ez-toc-section\" id=\"%C2%BFComo_puedo_saber_si_tengo_Omicron_Silencioso\"><\/span>\u00bfC\u00f3mo puedo saber si tengo Omicron Silencioso?<span class=\"ez-toc-section-end\"><\/span><\/h3>\n<p>Debido a que el Omicron Silencioso puede presentar s\u00edntomas muy leves o incluso ning\u00fan s\u00edntoma, la \u00fanica forma de saber si lo tienes es mediante una prueba de COVID-19. Si crees que has estado expuesto al virus, es recomendable hacerte la prueba incluso si no presentas s\u00edntomas.<\/p>\n<h3><span class=\"ez-toc-section\" id=\"%C2%BFSon_efectivas_las_vacunas_actuales_contra_el_Omicron_Silencioso\"><\/span>\u00bfSon efectivas las vacunas actuales contra el Omicron Silencioso?<span class=\"ez-toc-section-end\"><\/span><\/h3>\n<p>A\u00fan no se sabe con certeza si las vacunas actuales son efectivas contra el Omicron Silencioso. Los expertos est\u00e1n realizando pruebas para determinar la efectividad de las vacunas y si se necesitan ajustes en las mismas.<\/p>\n<h3><span class=\"ez-toc-section\" id=\"%C2%BFDebo_tomar_precauciones_adicionales_si_creo_que_he_estado_expuesto_al_Omicron_Silencioso\"><\/span>\u00bfDebo tomar precauciones adicionales si creo que he estado expuesto al Omicron Silencioso?<span class=\"ez-toc-section-end\"><\/span><\/h3>\n<p>S\u00ed. Aunque las precauciones que hemos estado tomando durante la pandemia todav\u00eda son efectivas, es recomendable tomar precauciones adicionales si crees que has estado expuesto al Omicron Silencioso. Esto incluye la cuarentena y la realizaci\u00f3n de una prueba de COVID-19.<\/p>\n<\/section>\n","protected":false},"excerpt":{"rendered":"<p>Qu\u00e9 es el Omicron Silencioso Por Ana Gonz\u00e1lez Curiosidades y hechos principales El Omicron Silencioso es una variante del COVID-19 que se descubri\u00f3 por primera vez en Sud\u00e1frica en noviembre de 2021. Esta variante se llama silenciosa porque puede presentar s\u00edntomas muy leves o incluso ning\u00fan s\u00edntoma, lo que la hace dif\u00edcil de detectar. El &#8230; <a title=\"Qu\u00e9 es el omicron silencioso\" class=\"read-more\" href=\"https:\/\/dudasytextos.com\/preguntaquees\/que-es-el-omicron-silencioso\/\" aria-label=\"M\u00e1s en Qu\u00e9 es el omicron silencioso\">Leer m\u00e1s<\/a><\/p>\n","protected":false},"author":1,"featured_media":0,"comment_status":"open","ping_status":"open","sticky":false,"template":"","format":"standard","meta":{"footnotes":""},"categories":[4],"tags":[],"class_list":["post-148766","post","type-post","status-publish","format-standard","hentry","category-que-es"],"aioseo_notices":[],"aioseo_head":"\n\t\t<!-- All in One SEO 5.0.1.1 - aioseo.com -->\n\t<meta name=\"description\" content=\"Qu\u00e9 es el Omicron Silencioso Por Ana Gonz\u00e1lez Curiosidades y hechos principales El Omicron Silencioso es una variante del COVID-19 que se descubri\u00f3 por primera vez en Sud\u00e1frica en noviembre de 2021. Esta variante se llama silenciosa porque puede presentar s\u00edntomas muy leves o incluso ning\u00fan s\u00edntoma, lo que la hace dif\u00edcil de detectar. El\" \/>\n\t<meta name=\"robots\" content=\"max-snippet:-1, max-image-preview:large, max-video-preview:-1\" \/>\n\t<meta name=\"author\" content=\"Ana Gonz\u00e1lez\"\/>\n\t<link rel=\"canonical\" href=\"https:\/\/dudasytextos.com\/preguntaquees\/que-es-el-omicron-silencioso\/\" \/>\n\t<meta name=\"generator\" content=\"All in One SEO (AIOSEO) 5.0.1.1\" \/>\n\n\t\t<!-- Google tag (gtag.js) -->\n<script async src=\"https:\/\/www.googletagmanager.com\/gtag\/js?id=G-QEZWJ7M6T7\"><\/script>\n<script>\n  window.dataLayer = window.dataLayer || [];\n  function gtag(){dataLayer.push(arguments);}\n  gtag('js', new Date());\n\n  gtag('config', 'G-QEZWJ7M6T7');\n<\/script>\n<script async src=\"https:\/\/pagead2.googlesyndication.com\/pagead\/js\/adsbygoogle.js?client=ca-pub-3987500858204711\"\n     crossorigin=\"anonymous\"><\/script>\n\t\t<meta property=\"og:locale\" content=\"es_ES\" \/>\n\t\t<meta property=\"og:site_name\" content=\"\u00bfQu\u00e9 es? - \u00bfQu\u00e9 es?\" \/>\n\t\t<meta property=\"og:type\" content=\"article\" \/>\n\t\t<meta property=\"og:title\" content=\"Qu\u00e9 es el omicron silencioso (2026) \u00bfQu\u00e9 es?\" \/>\n\t\t<meta property=\"og:description\" content=\"Qu\u00e9 es el Omicron Silencioso Por Ana Gonz\u00e1lez Curiosidades y hechos principales El Omicron Silencioso es una variante del COVID-19 que se descubri\u00f3 por primera vez en Sud\u00e1frica en noviembre de 2021. Esta variante se llama silenciosa porque puede presentar s\u00edntomas muy leves o incluso ning\u00fan s\u00edntoma, lo que la hace dif\u00edcil de detectar. El\" \/>\n\t\t<meta property=\"og:url\" content=\"https:\/\/dudasytextos.com\/preguntaquees\/que-es-el-omicron-silencioso\/\" \/>\n\t\t<meta property=\"article:published_time\" content=\"2025-03-05T15:13:19+00:00\" \/>\n\t\t<meta property=\"article:modified_time\" content=\"2025-03-12T18:41:49+00:00\" \/>\n\t\t<meta name=\"twitter:card\" content=\"summary_large_image\" \/>\n\t\t<meta name=\"twitter:title\" content=\"Qu\u00e9 es el omicron silencioso (2026) \u00bfQu\u00e9 es?\" \/>\n\t\t<meta name=\"twitter:description\" content=\"Qu\u00e9 es el Omicron Silencioso Por Ana Gonz\u00e1lez Curiosidades y hechos principales El Omicron Silencioso es una variante del COVID-19 que se descubri\u00f3 por primera vez en Sud\u00e1frica en noviembre de 2021. Esta variante se llama silenciosa porque puede presentar s\u00edntomas muy leves o incluso ning\u00fan s\u00edntoma, lo que la hace dif\u00edcil de detectar. El\" \/>\n\t\t<script type=\"application\/ld+json\" class=\"aioseo-schema\">\n\t\t\t{\"@context\":\"https:\\\/\\\/schema.org\",\"@graph\":[{\"@type\":\"BlogPosting\",\"@id\":\"https:\\\/\\\/dudasytextos.com\\\/preguntaquees\\\/que-es-el-omicron-silencioso\\\/#blogposting\",\"name\":\"Qu\\u00e9 es el omicron silencioso (2026) \\u00bfQu\\u00e9 es?\",\"headline\":\"Qu\\u00e9 es el omicron silencioso\",\"author\":{\"@id\":\"https:\\\/\\\/dudasytextos.com\\\/preguntaquees\\\/author\\\/admin44\\\/#author\"},\"publisher\":{\"@id\":\"https:\\\/\\\/dudasytextos.com\\\/preguntaquees\\\/#organization\"},\"datePublished\":\"2025-03-05T15:13:19+00:00\",\"dateModified\":\"2025-03-12T18:41:49+00:00\",\"inLanguage\":\"es-ES\",\"mainEntityOfPage\":{\"@id\":\"https:\\\/\\\/dudasytextos.com\\\/preguntaquees\\\/que-es-el-omicron-silencioso\\\/#webpage\"},\"isPartOf\":{\"@id\":\"https:\\\/\\\/dudasytextos.com\\\/preguntaquees\\\/que-es-el-omicron-silencioso\\\/#webpage\"},\"articleSection\":\"\\u00bfQu\\u00e9 es?\"},{\"@type\":\"BreadcrumbList\",\"@id\":\"https:\\\/\\\/dudasytextos.com\\\/preguntaquees\\\/que-es-el-omicron-silencioso\\\/#breadcrumblist\",\"itemListElement\":[{\"@type\":\"ListItem\",\"@id\":\"https:\\\/\\\/dudasytextos.com\\\/preguntaquees#listItem\",\"position\":1,\"name\":\"Inicio\",\"item\":\"https:\\\/\\\/dudasytextos.com\\\/preguntaquees\",\"nextItem\":{\"@type\":\"ListItem\",\"@id\":\"https:\\\/\\\/dudasytextos.com\\\/preguntaquees\\\/category\\\/que-es\\\/#listItem\",\"name\":\"\\u00bfQu\\u00e9 es?\"}},{\"@type\":\"ListItem\",\"@id\":\"https:\\\/\\\/dudasytextos.com\\\/preguntaquees\\\/category\\\/que-es\\\/#listItem\",\"position\":2,\"name\":\"\\u00bfQu\\u00e9 es?\",\"item\":\"https:\\\/\\\/dudasytextos.com\\\/preguntaquees\\\/category\\\/que-es\\\/\",\"nextItem\":{\"@type\":\"ListItem\",\"@id\":\"https:\\\/\\\/dudasytextos.com\\\/preguntaquees\\\/que-es-el-omicron-silencioso\\\/#listItem\",\"name\":\"Qu\\u00e9 es el omicron silencioso\"},\"previousItem\":{\"@type\":\"ListItem\",\"@id\":\"https:\\\/\\\/dudasytextos.com\\\/preguntaquees#listItem\",\"name\":\"Inicio\"}},{\"@type\":\"ListItem\",\"@id\":\"https:\\\/\\\/dudasytextos.com\\\/preguntaquees\\\/que-es-el-omicron-silencioso\\\/#listItem\",\"position\":3,\"name\":\"Qu\\u00e9 es el omicron silencioso\",\"previousItem\":{\"@type\":\"ListItem\",\"@id\":\"https:\\\/\\\/dudasytextos.com\\\/preguntaquees\\\/category\\\/que-es\\\/#listItem\",\"name\":\"\\u00bfQu\\u00e9 es?\"}}]},{\"@type\":\"Organization\",\"@id\":\"https:\\\/\\\/dudasytextos.com\\\/preguntaquees\\\/#organization\",\"name\":\"\\u00bfC\\u00f3mo funciona?\",\"description\":\"\\u00bfQu\\u00e9 es?\",\"url\":\"https:\\\/\\\/dudasytextos.com\\\/preguntaquees\\\/\"},{\"@type\":\"Person\",\"@id\":\"https:\\\/\\\/dudasytextos.com\\\/preguntaquees\\\/author\\\/admin44\\\/#author\",\"url\":\"https:\\\/\\\/dudasytextos.com\\\/preguntaquees\\\/author\\\/admin44\\\/\",\"name\":\"Ana Gonz\\u00e1lez\"},{\"@type\":\"WebPage\",\"@id\":\"https:\\\/\\\/dudasytextos.com\\\/preguntaquees\\\/que-es-el-omicron-silencioso\\\/#webpage\",\"url\":\"https:\\\/\\\/dudasytextos.com\\\/preguntaquees\\\/que-es-el-omicron-silencioso\\\/\",\"name\":\"Qu\\u00e9 es el omicron silencioso (2026) \\u00bfQu\\u00e9 es?\",\"description\":\"Qu\\u00e9 es el Omicron Silencioso Por Ana Gonz\\u00e1lez Curiosidades y hechos principales El Omicron Silencioso es una variante del COVID-19 que se descubri\\u00f3 por primera vez en Sud\\u00e1frica en noviembre de 2021. Esta variante se llama silenciosa porque puede presentar s\\u00edntomas muy leves o incluso ning\\u00fan s\\u00edntoma, lo que la hace dif\\u00edcil de detectar. El\",\"inLanguage\":\"es-ES\",\"isPartOf\":{\"@id\":\"https:\\\/\\\/dudasytextos.com\\\/preguntaquees\\\/#website\"},\"breadcrumb\":{\"@id\":\"https:\\\/\\\/dudasytextos.com\\\/preguntaquees\\\/que-es-el-omicron-silencioso\\\/#breadcrumblist\"},\"author\":{\"@id\":\"https:\\\/\\\/dudasytextos.com\\\/preguntaquees\\\/author\\\/admin44\\\/#author\"},\"creator\":{\"@id\":\"https:\\\/\\\/dudasytextos.com\\\/preguntaquees\\\/author\\\/admin44\\\/#author\"},\"datePublished\":\"2025-03-05T15:13:19+00:00\",\"dateModified\":\"2025-03-12T18:41:49+00:00\"},{\"@type\":\"WebSite\",\"@id\":\"https:\\\/\\\/dudasytextos.com\\\/preguntaquees\\\/#website\",\"url\":\"https:\\\/\\\/dudasytextos.com\\\/preguntaquees\\\/\",\"name\":\"\\u00bfC\\u00f3mo funciona?\",\"description\":\"\\u00bfQu\\u00e9 es?\",\"inLanguage\":\"es-ES\",\"publisher\":{\"@id\":\"https:\\\/\\\/dudasytextos.com\\\/preguntaquees\\\/#organization\"}}]}\n\t\t<\/script>\n\t\t<!-- All in One SEO -->\n\n","aioseo_head_json":{"title":"Qu\u00e9 es el omicron silencioso (2026) \u00bfQu\u00e9 es?","description":"Qu\u00e9 es el Omicron Silencioso Por Ana Gonz\u00e1lez Curiosidades y hechos principales El Omicron Silencioso es una variante del COVID-19 que se descubri\u00f3 por primera vez en Sud\u00e1frica en noviembre de 2021. Esta variante se llama silenciosa porque puede presentar s\u00edntomas muy leves o incluso ning\u00fan s\u00edntoma, lo que la hace dif\u00edcil de detectar. El","canonical_url":"https:\/\/dudasytextos.com\/preguntaquees\/que-es-el-omicron-silencioso\/","robots":"max-snippet:-1, max-image-preview:large, max-video-preview:-1","keywords":"","webmasterTools":{"miscellaneous":"&lt;!-- Google tag (gtag.js) --&gt;\n&lt;script async src=\"https:\/\/www.googletagmanager.com\/gtag\/js?id=G-QEZWJ7M6T7\"&gt;&lt;\/script&gt;\n&lt;script&gt;\n  window.dataLayer = window.dataLayer || [];\n  function gtag(){dataLayer.push(arguments);}\n  gtag('js', new Date());\n\n  gtag('config', 'G-QEZWJ7M6T7');\n&lt;\/script&gt;\n&lt;script async src=\"https:\/\/pagead2.googlesyndication.com\/pagead\/js\/adsbygoogle.js?client=ca-pub-3987500858204711\"\n     crossorigin=\"anonymous\"&gt;&lt;\/script&gt;"},"schema":{"@context":"https:\/\/schema.org","@graph":[{"@type":"BlogPosting","@id":"https:\/\/dudasytextos.com\/preguntaquees\/que-es-el-omicron-silencioso\/#blogposting","name":"Qu\u00e9 es el omicron silencioso (2026) \u00bfQu\u00e9 es?","headline":"Qu\u00e9 es el omicron silencioso","author":{"@id":"https:\/\/dudasytextos.com\/preguntaquees\/author\/admin44\/#author"},"publisher":{"@id":"https:\/\/dudasytextos.com\/preguntaquees\/#organization"},"datePublished":"2025-03-05T15:13:19+00:00","dateModified":"2025-03-12T18:41:49+00:00","inLanguage":"es-ES","mainEntityOfPage":{"@id":"https:\/\/dudasytextos.com\/preguntaquees\/que-es-el-omicron-silencioso\/#webpage"},"isPartOf":{"@id":"https:\/\/dudasytextos.com\/preguntaquees\/que-es-el-omicron-silencioso\/#webpage"},"articleSection":"\u00bfQu\u00e9 es?"},{"@type":"BreadcrumbList","@id":"https:\/\/dudasytextos.com\/preguntaquees\/que-es-el-omicron-silencioso\/#breadcrumblist","itemListElement":[{"@type":"ListItem","@id":"https:\/\/dudasytextos.com\/preguntaquees#listItem","position":1,"name":"Inicio","item":"https:\/\/dudasytextos.com\/preguntaquees","nextItem":{"@type":"ListItem","@id":"https:\/\/dudasytextos.com\/preguntaquees\/category\/que-es\/#listItem","name":"\u00bfQu\u00e9 es?"}},{"@type":"ListItem","@id":"https:\/\/dudasytextos.com\/preguntaquees\/category\/que-es\/#listItem","position":2,"name":"\u00bfQu\u00e9 es?","item":"https:\/\/dudasytextos.com\/preguntaquees\/category\/que-es\/","nextItem":{"@type":"ListItem","@id":"https:\/\/dudasytextos.com\/preguntaquees\/que-es-el-omicron-silencioso\/#listItem","name":"Qu\u00e9 es el omicron silencioso"},"previousItem":{"@type":"ListItem","@id":"https:\/\/dudasytextos.com\/preguntaquees#listItem","name":"Inicio"}},{"@type":"ListItem","@id":"https:\/\/dudasytextos.com\/preguntaquees\/que-es-el-omicron-silencioso\/#listItem","position":3,"name":"Qu\u00e9 es el omicron silencioso","previousItem":{"@type":"ListItem","@id":"https:\/\/dudasytextos.com\/preguntaquees\/category\/que-es\/#listItem","name":"\u00bfQu\u00e9 es?"}}]},{"@type":"Organization","@id":"https:\/\/dudasytextos.com\/preguntaquees\/#organization","name":"\u00bfC\u00f3mo funciona?","description":"\u00bfQu\u00e9 es?","url":"https:\/\/dudasytextos.com\/preguntaquees\/"},{"@type":"Person","@id":"https:\/\/dudasytextos.com\/preguntaquees\/author\/admin44\/#author","url":"https:\/\/dudasytextos.com\/preguntaquees\/author\/admin44\/","name":"Ana Gonz\u00e1lez"},{"@type":"WebPage","@id":"https:\/\/dudasytextos.com\/preguntaquees\/que-es-el-omicron-silencioso\/#webpage","url":"https:\/\/dudasytextos.com\/preguntaquees\/que-es-el-omicron-silencioso\/","name":"Qu\u00e9 es el omicron silencioso (2026) \u00bfQu\u00e9 es?","description":"Qu\u00e9 es el Omicron Silencioso Por Ana Gonz\u00e1lez Curiosidades y hechos principales El Omicron Silencioso es una variante del COVID-19 que se descubri\u00f3 por primera vez en Sud\u00e1frica en noviembre de 2021. Esta variante se llama silenciosa porque puede presentar s\u00edntomas muy leves o incluso ning\u00fan s\u00edntoma, lo que la hace dif\u00edcil de detectar. El","inLanguage":"es-ES","isPartOf":{"@id":"https:\/\/dudasytextos.com\/preguntaquees\/#website"},"breadcrumb":{"@id":"https:\/\/dudasytextos.com\/preguntaquees\/que-es-el-omicron-silencioso\/#breadcrumblist"},"author":{"@id":"https:\/\/dudasytextos.com\/preguntaquees\/author\/admin44\/#author"},"creator":{"@id":"https:\/\/dudasytextos.com\/preguntaquees\/author\/admin44\/#author"},"datePublished":"2025-03-05T15:13:19+00:00","dateModified":"2025-03-12T18:41:49+00:00"},{"@type":"WebSite","@id":"https:\/\/dudasytextos.com\/preguntaquees\/#website","url":"https:\/\/dudasytextos.com\/preguntaquees\/","name":"\u00bfC\u00f3mo funciona?","description":"\u00bfQu\u00e9 es?","inLanguage":"es-ES","publisher":{"@id":"https:\/\/dudasytextos.com\/preguntaquees\/#organization"}}]},"og:locale":"es_ES","og:site_name":"\u00bfQu\u00e9 es? - \u00bfQu\u00e9 es?","og:type":"article","og:title":"Qu\u00e9 es el omicron silencioso (2026) \u00bfQu\u00e9 es?","og:description":"Qu\u00e9 es el Omicron Silencioso Por Ana Gonz\u00e1lez Curiosidades y hechos principales El Omicron Silencioso es una variante del COVID-19 que se descubri\u00f3 por primera vez en Sud\u00e1frica en noviembre de 2021. Esta variante se llama silenciosa porque puede presentar s\u00edntomas muy leves o incluso ning\u00fan s\u00edntoma, lo que la hace dif\u00edcil de detectar. El","og:url":"https:\/\/dudasytextos.com\/preguntaquees\/que-es-el-omicron-silencioso\/","article:published_time":"2025-03-05T15:13:19+00:00","article:modified_time":"2025-03-12T18:41:49+00:00","twitter:card":"summary_large_image","twitter:title":"Qu\u00e9 es el omicron silencioso (2026) \u00bfQu\u00e9 es?","twitter:description":"Qu\u00e9 es el Omicron Silencioso Por Ana Gonz\u00e1lez Curiosidades y hechos principales El Omicron Silencioso es una variante del COVID-19 que se descubri\u00f3 por primera vez en Sud\u00e1frica en noviembre de 2021. Esta variante se llama silenciosa porque puede presentar s\u00edntomas muy leves o incluso ning\u00fan s\u00edntoma, lo que la hace dif\u00edcil de detectar. El"},"aioseo_meta_data":{"post_id":"148766","title":null,"description":null,"keywords":null,"keyphrases":null,"primary_term":null,"canonical_url":null,"og_title":null,"og_description":null,"og_object_type":"default","og_image_type":"default","og_image_url":null,"og_image_width":null,"og_image_height":null,"og_image_custom_url":null,"og_image_custom_fields":null,"og_video":null,"og_custom_url":null,"og_article_section":null,"og_article_tags":null,"twitter_use_og":false,"twitter_card":"default","twitter_image_type":"default","twitter_image_url":null,"twitter_image_custom_url":null,"twitter_image_custom_fields":null,"twitter_title":null,"twitter_description":null,"schema":{"blockGraphs":[],"customGraphs":[],"default":{"data":{"Article":[],"Course":[],"Dataset":[],"FAQPage":[],"Movie":[],"Person":[],"Product":[],"ProductReview":[],"Car":[],"Recipe":[],"Service":[],"SoftwareApplication":[],"WebPage":[]},"graphName":"","isEnabled":true},"graphs":[]},"schema_type":"default","schema_type_options":null,"pillar_content":false,"robots_default":true,"robots_noindex":false,"robots_noarchive":false,"robots_nosnippet":false,"robots_nofollow":false,"robots_noimageindex":false,"robots_noodp":false,"robots_notranslate":false,"robots_max_snippet":null,"robots_max_videopreview":null,"robots_max_imagepreview":"large","priority":null,"frequency":null,"local_seo":null,"breadcrumb_settings":null,"limit_modified_date":false,"ai":null,"created":"2023-05-15 09:28:51","updated":"2025-06-04 06:37:07","seo_analyzer_scan_date":null,"focus_keyword":null,"additional_keywords":null,"truseo_locale":null},"aioseo_breadcrumb":"<div class=\"aioseo-breadcrumbs\"><span class=\"aioseo-breadcrumb\">\n\t\t\t<a href=\"https:\/\/dudasytextos.com\/preguntaquees\" title=\"Inicio\">Inicio<\/a>\n\t\t<\/span><span class=\"aioseo-breadcrumb-separator\">&raquo;<\/span><span class=\"aioseo-breadcrumb\">\n\t\t\t<a href=\"https:\/\/dudasytextos.com\/preguntaquees\/category\/que-es\/\" title=\"\u00bfQu\u00e9 es?\">\u00bfQu\u00e9 es?<\/a>\n\t\t<\/span><span class=\"aioseo-breadcrumb-separator\">&raquo;<\/span><span class=\"aioseo-breadcrumb\">\n\t\t\tQu\u00e9 es el omicron silencioso\n\t\t<\/span><\/div>","aioseo_breadcrumb_json":[{"label":"Inicio","link":"https:\/\/dudasytextos.com\/preguntaquees"},{"label":"\u00bfQu\u00e9 es?","link":"https:\/\/dudasytextos.com\/preguntaquees\/category\/que-es\/"},{"label":"Qu\u00e9 es el omicron silencioso","link":"https:\/\/dudasytextos.com\/preguntaquees\/que-es-el-omicron-silencioso\/"}],"_links":{"self":[{"href":"https:\/\/dudasytextos.com\/preguntaquees\/wp-json\/wp\/v2\/posts\/148766","targetHints":{"allow":["GET"]}}],"collection":[{"href":"https:\/\/dudasytextos.com\/preguntaquees\/wp-json\/wp\/v2\/posts"}],"about":[{"href":"https:\/\/dudasytextos.com\/preguntaquees\/wp-json\/wp\/v2\/types\/post"}],"author":[{"embeddable":true,"href":"https:\/\/dudasytextos.com\/preguntaquees\/wp-json\/wp\/v2\/users\/1"}],"replies":[{"embeddable":true,"href":"https:\/\/dudasytextos.com\/preguntaquees\/wp-json\/wp\/v2\/comments?post=148766"}],"version-history":[{"count":1,"href":"https:\/\/dudasytextos.com\/preguntaquees\/wp-json\/wp\/v2\/posts\/148766\/revisions"}],"predecessor-version":[{"id":157063,"href":"https:\/\/dudasytextos.com\/preguntaquees\/wp-json\/wp\/v2\/posts\/148766\/revisions\/157063"}],"wp:attachment":[{"href":"https:\/\/dudasytextos.com\/preguntaquees\/wp-json\/wp\/v2\/media?parent=148766"}],"wp:term":[{"taxonomy":"category","embeddable":true,"href":"https:\/\/dudasytextos.com\/preguntaquees\/wp-json\/wp\/v2\/categories?post=148766"},{"taxonomy":"post_tag","embeddable":true,"href":"https:\/\/dudasytextos.com\/preguntaquees\/wp-json\/wp\/v2\/tags?post=148766"}],"curies":[{"name":"wp","href":"https:\/\/api.w.org\/{rel}","templated":true}]}}