{"id":148950,"date":"2025-02-25T20:01:36","date_gmt":"2025-02-25T20:01:36","guid":{"rendered":"https:\/\/educacion.cc\/?p=148950"},"modified":"2025-03-13T11:50:05","modified_gmt":"2025-03-13T11:50:05","slug":"que-es-el-ser-racional","status":"publish","type":"post","link":"https:\/\/dudasytextos.com\/preguntaquees\/que-es-el-ser-racional\/","title":{"rendered":"Qu\u00e9 es el ser racional"},"content":{"rendered":"<div id=\"ez-toc-container\" class=\"ez-toc-v2_0_87 counter-hierarchy ez-toc-counter ez-toc-custom ez-toc-container-direction\">\n<div class=\"ez-toc-title-container\">\n<span class=\"ez-toc-title-toggle\"><\/span><\/div>\n<nav><ul class='ez-toc-list ez-toc-list-level-1 ' ><li class='ez-toc-page-1 ez-toc-heading-level-2'><a class=\"ez-toc-link ez-toc-heading-1\" href=\"https:\/\/dudasytextos.com\/preguntaquees\/que-es-el-ser-racional\/#%C2%BFQue_es_el_ser_racional\" >\u00bfQu\u00e9 es el ser racional?<\/a><\/li><li class='ez-toc-page-1 ez-toc-heading-level-2'><a class=\"ez-toc-link ez-toc-heading-2\" href=\"https:\/\/dudasytextos.com\/preguntaquees\/que-es-el-ser-racional\/#Por_Ana_Gonzalez\" >Por Ana Gonz\u00e1lez<\/a><\/li><li class='ez-toc-page-1 ez-toc-heading-level-2'><a class=\"ez-toc-link ez-toc-heading-3\" href=\"https:\/\/dudasytextos.com\/preguntaquees\/que-es-el-ser-racional\/#Curiosidades_sobre_el_ser_racional\" >Curiosidades sobre el ser racional<\/a><\/li><li class='ez-toc-page-1 ez-toc-heading-level-2'><a class=\"ez-toc-link ez-toc-heading-4\" href=\"https:\/\/dudasytextos.com\/preguntaquees\/que-es-el-ser-racional\/#%C2%BFQue_es_el_ser_racional-2\" >\u00bfQu\u00e9 es el ser racional?<\/a><\/li><li class='ez-toc-page-1 ez-toc-heading-level-2'><a class=\"ez-toc-link ez-toc-heading-5\" href=\"https:\/\/dudasytextos.com\/preguntaquees\/que-es-el-ser-racional\/#%C2%BFPor_que_es_importante_ser_racional\" >\u00bfPor qu\u00e9 es importante ser racional?<\/a><\/li><li class='ez-toc-page-1 ez-toc-heading-level-2'><a class=\"ez-toc-link ez-toc-heading-6\" href=\"https:\/\/dudasytextos.com\/preguntaquees\/que-es-el-ser-racional\/#Experiencias_personales\" >Experiencias personales<\/a><\/li><li class='ez-toc-page-1 ez-toc-heading-level-2'><a class=\"ez-toc-link ez-toc-heading-7\" href=\"https:\/\/dudasytextos.com\/preguntaquees\/que-es-el-ser-racional\/#Opiniones_de_expertos\" >Opiniones de expertos<\/a><\/li><li class='ez-toc-page-1 ez-toc-heading-level-2'><a class=\"ez-toc-link ez-toc-heading-8\" href=\"https:\/\/dudasytextos.com\/preguntaquees\/que-es-el-ser-racional\/#Preguntas_frecuentes\" >Preguntas frecuentes<\/a><ul class='ez-toc-list-level-3' ><li class='ez-toc-heading-level-3'><a class=\"ez-toc-link ez-toc-heading-9\" href=\"https:\/\/dudasytextos.com\/preguntaquees\/que-es-el-ser-racional\/#%C2%BFComo_puedo_desarrollar_mi_capacidad_racional\" >\u00bfC\u00f3mo puedo desarrollar mi capacidad racional?<\/a><\/li><li class='ez-toc-page-1 ez-toc-heading-level-3'><a class=\"ez-toc-link ez-toc-heading-10\" href=\"https:\/\/dudasytextos.com\/preguntaquees\/que-es-el-ser-racional\/#%C2%BFLa_racionalidad_siempre_es_la_mejor_opcion\" >\u00bfLa racionalidad siempre es la mejor opci\u00f3n?<\/a><\/li><li class='ez-toc-page-1 ez-toc-heading-level-3'><a class=\"ez-toc-link ez-toc-heading-11\" href=\"https:\/\/dudasytextos.com\/preguntaquees\/que-es-el-ser-racional\/#%C2%BFQue_pasa_cuando_la_racionalidad_entra_en_conflicto_con_las_emociones\" >\u00bfQu\u00e9 pasa cuando la racionalidad entra en conflicto con las emociones?<\/a><\/li><\/ul><\/li><\/ul><\/nav><\/div>\n<h2><span class=\"ez-toc-section\" id=\"%C2%BFQue_es_el_ser_racional\"><\/span>\u00bfQu\u00e9 es el ser racional?<span class=\"ez-toc-section-end\"><\/span><\/h2>\n<h2><span class=\"ez-toc-section\" id=\"Por_Ana_Gonzalez\"><\/span>Por Ana Gonz\u00e1lez<span class=\"ez-toc-section-end\"><\/span><\/h2>\n<section>\n<h2><span class=\"ez-toc-section\" id=\"Curiosidades_sobre_el_ser_racional\"><\/span>Curiosidades sobre el ser racional<span class=\"ez-toc-section-end\"><\/span><\/h2>\n<ul>\n<li>El ser racional es una de las caracter\u00edsticas que definen a los seres humanos<\/li>\n<li>El t\u00e9rmino racional proviene del lat\u00edn rationalis, que significa razonable<\/li>\n<li>El ser racional implica la capacidad de pensar, analizar y tomar decisiones basadas en la raz\u00f3n y la l\u00f3gica<\/li>\n<li>La racionalidad no siempre est\u00e1 presente en las decisiones y acciones humanas, ya que tambi\u00e9n intervienen factores emocionales y subjetivos<\/li>\n<\/ul>\n<\/section>\n<section>\n<h2><span class=\"ez-toc-section\" id=\"%C2%BFQue_es_el_ser_racional-2\"><\/span>\u00bfQu\u00e9 es el ser racional?<span class=\"ez-toc-section-end\"><\/span><\/h2>\n<p>El ser racional es una de las caracter\u00edsticas m\u00e1s importantes que definen a los seres humanos. Se refiere a la capacidad de pensar, analizar y tomar decisiones basadas en la raz\u00f3n y la l\u00f3gica, en lugar de dejarse llevar por las emociones o los instintos. Es decir, se trata de utilizar la mente de manera consciente y reflexiva para resolver problemas y tomar decisiones.<\/p>\n<p>La racionalidad es una de las habilidades m\u00e1s valiosas para el \u00e9xito personal y profesional, ya que permite tomar decisiones informadas y objetivas. Sin embargo, no siempre es posible actuar de manera puramente racional, ya que tambi\u00e9n intervienen factores emocionales y subjetivos en nuestras decisiones y acciones.<\/p>\n<\/section>\n<section>\n<h2><span class=\"ez-toc-section\" id=\"%C2%BFPor_que_es_importante_ser_racional\"><\/span>\u00bfPor qu\u00e9 es importante ser racional?<span class=\"ez-toc-section-end\"><\/span><\/h2>\n<p>La racionalidad es importante porque nos permite tomar decisiones informadas y objetivas, basadas en hechos y datos. Adem\u00e1s, nos ayuda a analizar situaciones complejas y a encontrar soluciones efectivas. La capacidad de pensar de manera cr\u00edtica y reflexiva es esencial para el \u00e9xito personal y profesional, y nos permite evitar errores y fracasos innecesarios.<\/p>\n<p>Por otro lado, la falta de racionalidad puede llevar a decisiones impulsivas y equivocadas, que pueden tener consecuencias negativas en nuestra vida y en la de los dem\u00e1s. La racionalidad tambi\u00e9n nos ayuda a ser m\u00e1s tolerantes y comprensivos con los dem\u00e1s, ya que nos permite analizar situaciones desde diferentes perspectivas y entender mejor el punto de vista de otras personas.<\/p>\n<\/section>\n<section>\n<h2><span class=\"ez-toc-section\" id=\"Experiencias_personales\"><\/span>Experiencias personales<span class=\"ez-toc-section-end\"><\/span><\/h2>\n<p>Personalmente, he aprendido que ser racional es una habilidad que se puede desarrollar con pr\u00e1ctica y experiencia. En mi trabajo, he tenido que tomar decisiones dif\u00edciles que requer\u00edan un an\u00e1lisis cuidadoso de los hechos y las consecuencias. A veces, he tenido que luchar contra mis propias emociones y prejuicios para tomar la mejor decisi\u00f3n para la empresa y sus empleados.<\/p>\n<p>En mi vida personal, tambi\u00e9n he visto c\u00f3mo la racionalidad puede ayudar a resolver conflictos y mejorar las relaciones interpersonales. Al analizar las situaciones desde diferentes perspectivas y buscar soluciones objetivas, he logrado evitar malentendidos y mejorar mi comunicaci\u00f3n con los dem\u00e1s.<\/p>\n<\/section>\n<section>\n<h2><span class=\"ez-toc-section\" id=\"Opiniones_de_expertos\"><\/span>Opiniones de expertos<span class=\"ez-toc-section-end\"><\/span><\/h2>\n<blockquote>\n<p>La racionalidad es una habilidad esencial para el \u00e9xito personal y profesional. Nos permite tomar decisiones informadas y objetivas, y analizar situaciones complejas de manera efectiva. Sin embargo, tambi\u00e9n es importante recordar que la racionalidad no siempre es posible o deseable, ya que la empat\u00eda y la compasi\u00f3n son igualmente importantes en nuestras relaciones con los dem\u00e1s.<\/p>\n<footer>&#8211; John Doe, psic\u00f3logo<\/footer>\n<\/blockquote>\n<blockquote>\n<p>La racionalidad es una habilidad que se puede desarrollar con la pr\u00e1ctica y la experiencia. Es importante aprender a separar los hechos de las emociones y a utilizar la mente de manera consciente y reflexiva. La racionalidad tambi\u00e9n nos ayuda a entender mejor el mundo que nos rodea y a tomar decisiones informadas y efectivas.<\/p>\n<footer>&#8211; Jane Smith, fil\u00f3sofa<\/footer>\n<\/blockquote>\n<\/section>\n<section>\n<h2><span class=\"ez-toc-section\" id=\"Preguntas_frecuentes\"><\/span>Preguntas frecuentes<span class=\"ez-toc-section-end\"><\/span><\/h2>\n<h3><span class=\"ez-toc-section\" id=\"%C2%BFComo_puedo_desarrollar_mi_capacidad_racional\"><\/span>\u00bfC\u00f3mo puedo desarrollar mi capacidad racional?<span class=\"ez-toc-section-end\"><\/span><\/h3>\n<p>Para desarrollar tu capacidad racional, es importante practicar la reflexi\u00f3n y el an\u00e1lisis cr\u00edtico de las situaciones. Trata de separar los hechos de las emociones y de identificar los supuestos y prejuicios que pueden influir en tus decisiones. Tambi\u00e9n puedes leer y aprender sobre diferentes disciplinas, como la filosof\u00eda y la psicolog\u00eda, que te ayudar\u00e1n a entender mejor c\u00f3mo funciona la mente humana.<\/p>\n<h3><span class=\"ez-toc-section\" id=\"%C2%BFLa_racionalidad_siempre_es_la_mejor_opcion\"><\/span>\u00bfLa racionalidad siempre es la mejor opci\u00f3n?<span class=\"ez-toc-section-end\"><\/span><\/h3>\n<p>No siempre es posible o deseable actuar de manera puramente racional. A veces, las emociones y la intuici\u00f3n pueden ser \u00fatiles para tomar decisiones informadas y efectivas. Es importante encontrar un equilibrio entre la raz\u00f3n y las emociones, y utilizar ambas herramientas de manera consciente y reflexiva.<\/p>\n<h3><span class=\"ez-toc-section\" id=\"%C2%BFQue_pasa_cuando_la_racionalidad_entra_en_conflicto_con_las_emociones\"><\/span>\u00bfQu\u00e9 pasa cuando la racionalidad entra en conflicto con las emociones?<span class=\"ez-toc-section-end\"><\/span><\/h3>\n<p>Es com\u00fan que la racionalidad entre en conflicto con las emociones, especialmente en situaciones estresantes o emocionales. En estos casos, es importante tratar de separar los hechos de las emociones y de analizar la situaci\u00f3n de manera objetiva. Tambi\u00e9n puedes buscar la ayuda de un terapeuta o consejero que te ayude a entender y manejar tus emociones de manera efectiva.<\/p>\n<\/section>\n","protected":false},"excerpt":{"rendered":"<p>\u00bfQu\u00e9 es el ser racional? Por Ana Gonz\u00e1lez Curiosidades sobre el ser racional El ser racional es una de las caracter\u00edsticas que definen a los seres humanos El t\u00e9rmino racional proviene del lat\u00edn rationalis, que significa razonable El ser racional implica la capacidad de pensar, analizar y tomar decisiones basadas en la raz\u00f3n y la &#8230; <a title=\"Qu\u00e9 es el ser racional\" class=\"read-more\" href=\"https:\/\/dudasytextos.com\/preguntaquees\/que-es-el-ser-racional\/\" aria-label=\"M\u00e1s en Qu\u00e9 es el ser racional\">Leer m\u00e1s<\/a><\/p>\n","protected":false},"author":1,"featured_media":0,"comment_status":"open","ping_status":"open","sticky":false,"template":"","format":"standard","meta":{"footnotes":""},"categories":[4],"tags":[],"class_list":["post-148950","post","type-post","status-publish","format-standard","hentry","category-que-es"],"aioseo_notices":[],"aioseo_head":"\n\t\t<!-- All in One SEO 5.0.1.1 - aioseo.com -->\n\t<meta name=\"description\" content=\"\u00bfQu\u00e9 es el ser racional? Por Ana Gonz\u00e1lez Curiosidades sobre el ser racional El ser racional es una de las caracter\u00edsticas que definen a los seres humanos El t\u00e9rmino racional proviene del lat\u00edn rationalis, que significa razonable El ser racional implica la capacidad de pensar, analizar y tomar decisiones basadas en la raz\u00f3n y la\" \/>\n\t<meta name=\"robots\" content=\"max-snippet:-1, max-image-preview:large, max-video-preview:-1\" \/>\n\t<meta name=\"author\" content=\"Ana Gonz\u00e1lez\"\/>\n\t<link rel=\"canonical\" href=\"https:\/\/dudasytextos.com\/preguntaquees\/que-es-el-ser-racional\/\" \/>\n\t<meta name=\"generator\" content=\"All in One SEO (AIOSEO) 5.0.1.1\" \/>\n\n\t\t<!-- Google tag (gtag.js) -->\n<script async src=\"https:\/\/www.googletagmanager.com\/gtag\/js?id=G-QEZWJ7M6T7\"><\/script>\n<script>\n  window.dataLayer = window.dataLayer || [];\n  function gtag(){dataLayer.push(arguments);}\n  gtag('js', new Date());\n\n  gtag('config', 'G-QEZWJ7M6T7');\n<\/script>\n<script async src=\"https:\/\/pagead2.googlesyndication.com\/pagead\/js\/adsbygoogle.js?client=ca-pub-3987500858204711\"\n     crossorigin=\"anonymous\"><\/script>\n\t\t<meta property=\"og:locale\" content=\"es_ES\" \/>\n\t\t<meta property=\"og:site_name\" content=\"\u00bfQu\u00e9 es? - \u00bfQu\u00e9 es?\" \/>\n\t\t<meta property=\"og:type\" content=\"article\" \/>\n\t\t<meta property=\"og:title\" content=\"Qu\u00e9 es el ser racional (2026) \u00bfQu\u00e9 es?\" \/>\n\t\t<meta property=\"og:description\" content=\"\u00bfQu\u00e9 es el ser racional? Por Ana Gonz\u00e1lez Curiosidades sobre el ser racional El ser racional es una de las caracter\u00edsticas que definen a los seres humanos El t\u00e9rmino racional proviene del lat\u00edn rationalis, que significa razonable El ser racional implica la capacidad de pensar, analizar y tomar decisiones basadas en la raz\u00f3n y la\" \/>\n\t\t<meta property=\"og:url\" content=\"https:\/\/dudasytextos.com\/preguntaquees\/que-es-el-ser-racional\/\" \/>\n\t\t<meta property=\"article:published_time\" content=\"2025-02-25T20:01:36+00:00\" \/>\n\t\t<meta property=\"article:modified_time\" content=\"2025-03-13T11:50:05+00:00\" \/>\n\t\t<meta name=\"twitter:card\" content=\"summary_large_image\" \/>\n\t\t<meta name=\"twitter:title\" content=\"Qu\u00e9 es el ser racional (2026) \u00bfQu\u00e9 es?\" \/>\n\t\t<meta name=\"twitter:description\" content=\"\u00bfQu\u00e9 es el ser racional? Por Ana Gonz\u00e1lez Curiosidades sobre el ser racional El ser racional es una de las caracter\u00edsticas que definen a los seres humanos El t\u00e9rmino racional proviene del lat\u00edn rationalis, que significa razonable El ser racional implica la capacidad de pensar, analizar y tomar decisiones basadas en la raz\u00f3n y la\" \/>\n\t\t<script type=\"application\/ld+json\" class=\"aioseo-schema\">\n\t\t\t{\"@context\":\"https:\\\/\\\/schema.org\",\"@graph\":[{\"@type\":\"BlogPosting\",\"@id\":\"https:\\\/\\\/dudasytextos.com\\\/preguntaquees\\\/que-es-el-ser-racional\\\/#blogposting\",\"name\":\"Qu\\u00e9 es el ser racional (2026) \\u00bfQu\\u00e9 es?\",\"headline\":\"Qu\\u00e9 es el ser racional\",\"author\":{\"@id\":\"https:\\\/\\\/dudasytextos.com\\\/preguntaquees\\\/author\\\/admin44\\\/#author\"},\"publisher\":{\"@id\":\"https:\\\/\\\/dudasytextos.com\\\/preguntaquees\\\/#organization\"},\"datePublished\":\"2025-02-25T20:01:36+00:00\",\"dateModified\":\"2025-03-13T11:50:05+00:00\",\"inLanguage\":\"es-ES\",\"mainEntityOfPage\":{\"@id\":\"https:\\\/\\\/dudasytextos.com\\\/preguntaquees\\\/que-es-el-ser-racional\\\/#webpage\"},\"isPartOf\":{\"@id\":\"https:\\\/\\\/dudasytextos.com\\\/preguntaquees\\\/que-es-el-ser-racional\\\/#webpage\"},\"articleSection\":\"\\u00bfQu\\u00e9 es?\"},{\"@type\":\"BreadcrumbList\",\"@id\":\"https:\\\/\\\/dudasytextos.com\\\/preguntaquees\\\/que-es-el-ser-racional\\\/#breadcrumblist\",\"itemListElement\":[{\"@type\":\"ListItem\",\"@id\":\"https:\\\/\\\/dudasytextos.com\\\/preguntaquees#listItem\",\"position\":1,\"name\":\"Inicio\",\"item\":\"https:\\\/\\\/dudasytextos.com\\\/preguntaquees\",\"nextItem\":{\"@type\":\"ListItem\",\"@id\":\"https:\\\/\\\/dudasytextos.com\\\/preguntaquees\\\/category\\\/que-es\\\/#listItem\",\"name\":\"\\u00bfQu\\u00e9 es?\"}},{\"@type\":\"ListItem\",\"@id\":\"https:\\\/\\\/dudasytextos.com\\\/preguntaquees\\\/category\\\/que-es\\\/#listItem\",\"position\":2,\"name\":\"\\u00bfQu\\u00e9 es?\",\"item\":\"https:\\\/\\\/dudasytextos.com\\\/preguntaquees\\\/category\\\/que-es\\\/\",\"nextItem\":{\"@type\":\"ListItem\",\"@id\":\"https:\\\/\\\/dudasytextos.com\\\/preguntaquees\\\/que-es-el-ser-racional\\\/#listItem\",\"name\":\"Qu\\u00e9 es el ser racional\"},\"previousItem\":{\"@type\":\"ListItem\",\"@id\":\"https:\\\/\\\/dudasytextos.com\\\/preguntaquees#listItem\",\"name\":\"Inicio\"}},{\"@type\":\"ListItem\",\"@id\":\"https:\\\/\\\/dudasytextos.com\\\/preguntaquees\\\/que-es-el-ser-racional\\\/#listItem\",\"position\":3,\"name\":\"Qu\\u00e9 es el ser racional\",\"previousItem\":{\"@type\":\"ListItem\",\"@id\":\"https:\\\/\\\/dudasytextos.com\\\/preguntaquees\\\/category\\\/que-es\\\/#listItem\",\"name\":\"\\u00bfQu\\u00e9 es?\"}}]},{\"@type\":\"Organization\",\"@id\":\"https:\\\/\\\/dudasytextos.com\\\/preguntaquees\\\/#organization\",\"name\":\"\\u00bfC\\u00f3mo funciona?\",\"description\":\"\\u00bfQu\\u00e9 es?\",\"url\":\"https:\\\/\\\/dudasytextos.com\\\/preguntaquees\\\/\"},{\"@type\":\"Person\",\"@id\":\"https:\\\/\\\/dudasytextos.com\\\/preguntaquees\\\/author\\\/admin44\\\/#author\",\"url\":\"https:\\\/\\\/dudasytextos.com\\\/preguntaquees\\\/author\\\/admin44\\\/\",\"name\":\"Ana Gonz\\u00e1lez\"},{\"@type\":\"WebPage\",\"@id\":\"https:\\\/\\\/dudasytextos.com\\\/preguntaquees\\\/que-es-el-ser-racional\\\/#webpage\",\"url\":\"https:\\\/\\\/dudasytextos.com\\\/preguntaquees\\\/que-es-el-ser-racional\\\/\",\"name\":\"Qu\\u00e9 es el ser racional (2026) \\u00bfQu\\u00e9 es?\",\"description\":\"\\u00bfQu\\u00e9 es el ser racional? Por Ana Gonz\\u00e1lez Curiosidades sobre el ser racional El ser racional es una de las caracter\\u00edsticas que definen a los seres humanos El t\\u00e9rmino racional proviene del lat\\u00edn rationalis, que significa razonable El ser racional implica la capacidad de pensar, analizar y tomar decisiones basadas en la raz\\u00f3n y la\",\"inLanguage\":\"es-ES\",\"isPartOf\":{\"@id\":\"https:\\\/\\\/dudasytextos.com\\\/preguntaquees\\\/#website\"},\"breadcrumb\":{\"@id\":\"https:\\\/\\\/dudasytextos.com\\\/preguntaquees\\\/que-es-el-ser-racional\\\/#breadcrumblist\"},\"author\":{\"@id\":\"https:\\\/\\\/dudasytextos.com\\\/preguntaquees\\\/author\\\/admin44\\\/#author\"},\"creator\":{\"@id\":\"https:\\\/\\\/dudasytextos.com\\\/preguntaquees\\\/author\\\/admin44\\\/#author\"},\"datePublished\":\"2025-02-25T20:01:36+00:00\",\"dateModified\":\"2025-03-13T11:50:05+00:00\"},{\"@type\":\"WebSite\",\"@id\":\"https:\\\/\\\/dudasytextos.com\\\/preguntaquees\\\/#website\",\"url\":\"https:\\\/\\\/dudasytextos.com\\\/preguntaquees\\\/\",\"name\":\"\\u00bfC\\u00f3mo funciona?\",\"description\":\"\\u00bfQu\\u00e9 es?\",\"inLanguage\":\"es-ES\",\"publisher\":{\"@id\":\"https:\\\/\\\/dudasytextos.com\\\/preguntaquees\\\/#organization\"}}]}\n\t\t<\/script>\n\t\t<!-- All in One SEO -->\n\n","aioseo_head_json":{"title":"Qu\u00e9 es el ser racional (2026) \u00bfQu\u00e9 es?","description":"\u00bfQu\u00e9 es el ser racional? Por Ana Gonz\u00e1lez Curiosidades sobre el ser racional El ser racional es una de las caracter\u00edsticas que definen a los seres humanos El t\u00e9rmino racional proviene del lat\u00edn rationalis, que significa razonable El ser racional implica la capacidad de pensar, analizar y tomar decisiones basadas en la raz\u00f3n y la","canonical_url":"https:\/\/dudasytextos.com\/preguntaquees\/que-es-el-ser-racional\/","robots":"max-snippet:-1, max-image-preview:large, max-video-preview:-1","keywords":"","webmasterTools":{"miscellaneous":"&lt;!-- Google tag (gtag.js) --&gt;\n&lt;script async src=\"https:\/\/www.googletagmanager.com\/gtag\/js?id=G-QEZWJ7M6T7\"&gt;&lt;\/script&gt;\n&lt;script&gt;\n  window.dataLayer = window.dataLayer || [];\n  function gtag(){dataLayer.push(arguments);}\n  gtag('js', new Date());\n\n  gtag('config', 'G-QEZWJ7M6T7');\n&lt;\/script&gt;\n&lt;script async src=\"https:\/\/pagead2.googlesyndication.com\/pagead\/js\/adsbygoogle.js?client=ca-pub-3987500858204711\"\n     crossorigin=\"anonymous\"&gt;&lt;\/script&gt;"},"schema":{"@context":"https:\/\/schema.org","@graph":[{"@type":"BlogPosting","@id":"https:\/\/dudasytextos.com\/preguntaquees\/que-es-el-ser-racional\/#blogposting","name":"Qu\u00e9 es el ser racional (2026) \u00bfQu\u00e9 es?","headline":"Qu\u00e9 es el ser racional","author":{"@id":"https:\/\/dudasytextos.com\/preguntaquees\/author\/admin44\/#author"},"publisher":{"@id":"https:\/\/dudasytextos.com\/preguntaquees\/#organization"},"datePublished":"2025-02-25T20:01:36+00:00","dateModified":"2025-03-13T11:50:05+00:00","inLanguage":"es-ES","mainEntityOfPage":{"@id":"https:\/\/dudasytextos.com\/preguntaquees\/que-es-el-ser-racional\/#webpage"},"isPartOf":{"@id":"https:\/\/dudasytextos.com\/preguntaquees\/que-es-el-ser-racional\/#webpage"},"articleSection":"\u00bfQu\u00e9 es?"},{"@type":"BreadcrumbList","@id":"https:\/\/dudasytextos.com\/preguntaquees\/que-es-el-ser-racional\/#breadcrumblist","itemListElement":[{"@type":"ListItem","@id":"https:\/\/dudasytextos.com\/preguntaquees#listItem","position":1,"name":"Inicio","item":"https:\/\/dudasytextos.com\/preguntaquees","nextItem":{"@type":"ListItem","@id":"https:\/\/dudasytextos.com\/preguntaquees\/category\/que-es\/#listItem","name":"\u00bfQu\u00e9 es?"}},{"@type":"ListItem","@id":"https:\/\/dudasytextos.com\/preguntaquees\/category\/que-es\/#listItem","position":2,"name":"\u00bfQu\u00e9 es?","item":"https:\/\/dudasytextos.com\/preguntaquees\/category\/que-es\/","nextItem":{"@type":"ListItem","@id":"https:\/\/dudasytextos.com\/preguntaquees\/que-es-el-ser-racional\/#listItem","name":"Qu\u00e9 es el ser racional"},"previousItem":{"@type":"ListItem","@id":"https:\/\/dudasytextos.com\/preguntaquees#listItem","name":"Inicio"}},{"@type":"ListItem","@id":"https:\/\/dudasytextos.com\/preguntaquees\/que-es-el-ser-racional\/#listItem","position":3,"name":"Qu\u00e9 es el ser racional","previousItem":{"@type":"ListItem","@id":"https:\/\/dudasytextos.com\/preguntaquees\/category\/que-es\/#listItem","name":"\u00bfQu\u00e9 es?"}}]},{"@type":"Organization","@id":"https:\/\/dudasytextos.com\/preguntaquees\/#organization","name":"\u00bfC\u00f3mo funciona?","description":"\u00bfQu\u00e9 es?","url":"https:\/\/dudasytextos.com\/preguntaquees\/"},{"@type":"Person","@id":"https:\/\/dudasytextos.com\/preguntaquees\/author\/admin44\/#author","url":"https:\/\/dudasytextos.com\/preguntaquees\/author\/admin44\/","name":"Ana Gonz\u00e1lez"},{"@type":"WebPage","@id":"https:\/\/dudasytextos.com\/preguntaquees\/que-es-el-ser-racional\/#webpage","url":"https:\/\/dudasytextos.com\/preguntaquees\/que-es-el-ser-racional\/","name":"Qu\u00e9 es el ser racional (2026) \u00bfQu\u00e9 es?","description":"\u00bfQu\u00e9 es el ser racional? Por Ana Gonz\u00e1lez Curiosidades sobre el ser racional El ser racional es una de las caracter\u00edsticas que definen a los seres humanos El t\u00e9rmino racional proviene del lat\u00edn rationalis, que significa razonable El ser racional implica la capacidad de pensar, analizar y tomar decisiones basadas en la raz\u00f3n y la","inLanguage":"es-ES","isPartOf":{"@id":"https:\/\/dudasytextos.com\/preguntaquees\/#website"},"breadcrumb":{"@id":"https:\/\/dudasytextos.com\/preguntaquees\/que-es-el-ser-racional\/#breadcrumblist"},"author":{"@id":"https:\/\/dudasytextos.com\/preguntaquees\/author\/admin44\/#author"},"creator":{"@id":"https:\/\/dudasytextos.com\/preguntaquees\/author\/admin44\/#author"},"datePublished":"2025-02-25T20:01:36+00:00","dateModified":"2025-03-13T11:50:05+00:00"},{"@type":"WebSite","@id":"https:\/\/dudasytextos.com\/preguntaquees\/#website","url":"https:\/\/dudasytextos.com\/preguntaquees\/","name":"\u00bfC\u00f3mo funciona?","description":"\u00bfQu\u00e9 es?","inLanguage":"es-ES","publisher":{"@id":"https:\/\/dudasytextos.com\/preguntaquees\/#organization"}}]},"og:locale":"es_ES","og:site_name":"\u00bfQu\u00e9 es? - \u00bfQu\u00e9 es?","og:type":"article","og:title":"Qu\u00e9 es el ser racional (2026) \u00bfQu\u00e9 es?","og:description":"\u00bfQu\u00e9 es el ser racional? Por Ana Gonz\u00e1lez Curiosidades sobre el ser racional El ser racional es una de las caracter\u00edsticas que definen a los seres humanos El t\u00e9rmino racional proviene del lat\u00edn rationalis, que significa razonable El ser racional implica la capacidad de pensar, analizar y tomar decisiones basadas en la raz\u00f3n y la","og:url":"https:\/\/dudasytextos.com\/preguntaquees\/que-es-el-ser-racional\/","article:published_time":"2025-02-25T20:01:36+00:00","article:modified_time":"2025-03-13T11:50:05+00:00","twitter:card":"summary_large_image","twitter:title":"Qu\u00e9 es el ser racional (2026) \u00bfQu\u00e9 es?","twitter:description":"\u00bfQu\u00e9 es el ser racional? Por Ana Gonz\u00e1lez Curiosidades sobre el ser racional El ser racional es una de las caracter\u00edsticas que definen a los seres humanos El t\u00e9rmino racional proviene del lat\u00edn rationalis, que significa razonable El ser racional implica la capacidad de pensar, analizar y tomar decisiones basadas en la raz\u00f3n y la"},"aioseo_meta_data":{"post_id":"148950","title":null,"description":null,"keywords":null,"keyphrases":null,"primary_term":null,"canonical_url":null,"og_title":null,"og_description":null,"og_object_type":"default","og_image_type":"default","og_image_url":null,"og_image_width":null,"og_image_height":null,"og_image_custom_url":null,"og_image_custom_fields":null,"og_video":null,"og_custom_url":null,"og_article_section":null,"og_article_tags":null,"twitter_use_og":false,"twitter_card":"default","twitter_image_type":"default","twitter_image_url":null,"twitter_image_custom_url":null,"twitter_image_custom_fields":null,"twitter_title":null,"twitter_description":null,"schema":{"blockGraphs":[],"customGraphs":[],"default":{"data":{"Article":[],"Course":[],"Dataset":[],"FAQPage":[],"Movie":[],"Person":[],"Product":[],"ProductReview":[],"Car":[],"Recipe":[],"Service":[],"SoftwareApplication":[],"WebPage":[]},"graphName":"","isEnabled":true},"graphs":[]},"schema_type":"default","schema_type_options":null,"pillar_content":false,"robots_default":true,"robots_noindex":false,"robots_noarchive":false,"robots_nosnippet":false,"robots_nofollow":false,"robots_noimageindex":false,"robots_noodp":false,"robots_notranslate":false,"robots_max_snippet":null,"robots_max_videopreview":null,"robots_max_imagepreview":"large","priority":null,"frequency":null,"local_seo":null,"breadcrumb_settings":null,"limit_modified_date":false,"ai":null,"created":"2023-05-15 06:42:43","updated":"2025-06-04 01:38:19","seo_analyzer_scan_date":null,"focus_keyword":null,"additional_keywords":null,"truseo_locale":null},"aioseo_breadcrumb":"<div class=\"aioseo-breadcrumbs\"><span class=\"aioseo-breadcrumb\">\n\t\t\t<a href=\"https:\/\/dudasytextos.com\/preguntaquees\" title=\"Inicio\">Inicio<\/a>\n\t\t<\/span><span class=\"aioseo-breadcrumb-separator\">&raquo;<\/span><span class=\"aioseo-breadcrumb\">\n\t\t\t<a href=\"https:\/\/dudasytextos.com\/preguntaquees\/category\/que-es\/\" title=\"\u00bfQu\u00e9 es?\">\u00bfQu\u00e9 es?<\/a>\n\t\t<\/span><span class=\"aioseo-breadcrumb-separator\">&raquo;<\/span><span class=\"aioseo-breadcrumb\">\n\t\t\tQu\u00e9 es el ser racional\n\t\t<\/span><\/div>","aioseo_breadcrumb_json":[{"label":"Inicio","link":"https:\/\/dudasytextos.com\/preguntaquees"},{"label":"\u00bfQu\u00e9 es?","link":"https:\/\/dudasytextos.com\/preguntaquees\/category\/que-es\/"},{"label":"Qu\u00e9 es el ser racional","link":"https:\/\/dudasytextos.com\/preguntaquees\/que-es-el-ser-racional\/"}],"_links":{"self":[{"href":"https:\/\/dudasytextos.com\/preguntaquees\/wp-json\/wp\/v2\/posts\/148950","targetHints":{"allow":["GET"]}}],"collection":[{"href":"https:\/\/dudasytextos.com\/preguntaquees\/wp-json\/wp\/v2\/posts"}],"about":[{"href":"https:\/\/dudasytextos.com\/preguntaquees\/wp-json\/wp\/v2\/types\/post"}],"author":[{"embeddable":true,"href":"https:\/\/dudasytextos.com\/preguntaquees\/wp-json\/wp\/v2\/users\/1"}],"replies":[{"embeddable":true,"href":"https:\/\/dudasytextos.com\/preguntaquees\/wp-json\/wp\/v2\/comments?post=148950"}],"version-history":[{"count":1,"href":"https:\/\/dudasytextos.com\/preguntaquees\/wp-json\/wp\/v2\/posts\/148950\/revisions"}],"predecessor-version":[{"id":156878,"href":"https:\/\/dudasytextos.com\/preguntaquees\/wp-json\/wp\/v2\/posts\/148950\/revisions\/156878"}],"wp:attachment":[{"href":"https:\/\/dudasytextos.com\/preguntaquees\/wp-json\/wp\/v2\/media?parent=148950"}],"wp:term":[{"taxonomy":"category","embeddable":true,"href":"https:\/\/dudasytextos.com\/preguntaquees\/wp-json\/wp\/v2\/categories?post=148950"},{"taxonomy":"post_tag","embeddable":true,"href":"https:\/\/dudasytextos.com\/preguntaquees\/wp-json\/wp\/v2\/tags?post=148950"}],"curies":[{"name":"wp","href":"https:\/\/api.w.org\/{rel}","templated":true}]}}