{"id":148981,"date":"2025-02-14T03:23:20","date_gmt":"2025-02-14T03:23:20","guid":{"rendered":"https:\/\/educacion.cc\/?p=148981"},"modified":"2025-03-12T15:25:55","modified_gmt":"2025-03-12T15:25:55","slug":"que-es-el-sindrome-de-meniere","status":"publish","type":"post","link":"https:\/\/dudasytextos.com\/preguntaquees\/que-es-el-sindrome-de-meniere\/","title":{"rendered":"Qu\u00e9 es el sindrome de meniere"},"content":{"rendered":"<div id=\"ez-toc-container\" class=\"ez-toc-v2_0_87 counter-hierarchy ez-toc-counter ez-toc-custom ez-toc-container-direction\">\n<div class=\"ez-toc-title-container\">\n<span class=\"ez-toc-title-toggle\"><\/span><\/div>\n<nav><ul class='ez-toc-list ez-toc-list-level-1 ' ><li class='ez-toc-page-1 ez-toc-heading-level-2'><a class=\"ez-toc-link ez-toc-heading-1\" href=\"https:\/\/dudasytextos.com\/preguntaquees\/que-es-el-sindrome-de-meniere\/#%C2%BFQue_es_el_sindrome_de_Meniere\" >\u00bfQu\u00e9 es el s\u00edndrome de Meniere?<\/a><\/li><li class='ez-toc-page-1 ez-toc-heading-level-2'><a class=\"ez-toc-link ez-toc-heading-2\" href=\"https:\/\/dudasytextos.com\/preguntaquees\/que-es-el-sindrome-de-meniere\/#Curiosidades_sobre_el_sindrome_de_Meniere\" >Curiosidades sobre el s\u00edndrome de Meniere<\/a><\/li><li class='ez-toc-page-1 ez-toc-heading-level-2'><a class=\"ez-toc-link ez-toc-heading-3\" href=\"https:\/\/dudasytextos.com\/preguntaquees\/que-es-el-sindrome-de-meniere\/#%C2%BFQue_es_el_sindrome_de_Meniere-2\" >\u00bfQu\u00e9 es el s\u00edndrome de Meniere?<\/a><\/li><li class='ez-toc-page-1 ez-toc-heading-level-2'><a class=\"ez-toc-link ez-toc-heading-4\" href=\"https:\/\/dudasytextos.com\/preguntaquees\/que-es-el-sindrome-de-meniere\/#%C2%BFComo_se_diagnostica_el_sindrome_de_Meniere\" >\u00bfC\u00f3mo se diagnostica el s\u00edndrome de Meniere?<\/a><\/li><li class='ez-toc-page-1 ez-toc-heading-level-2'><a class=\"ez-toc-link ez-toc-heading-5\" href=\"https:\/\/dudasytextos.com\/preguntaquees\/que-es-el-sindrome-de-meniere\/#%C2%BFComo_se_trata_el_sindrome_de_Meniere\" >\u00bfC\u00f3mo se trata el s\u00edndrome de Meniere?<\/a><\/li><li class='ez-toc-page-1 ez-toc-heading-level-2'><a class=\"ez-toc-link ez-toc-heading-6\" href=\"https:\/\/dudasytextos.com\/preguntaquees\/que-es-el-sindrome-de-meniere\/#Mi_experiencia_con_el_sindrome_de_Meniere\" >Mi experiencia con el s\u00edndrome de Meniere<\/a><\/li><li class='ez-toc-page-1 ez-toc-heading-level-2'><a class=\"ez-toc-link ez-toc-heading-7\" href=\"https:\/\/dudasytextos.com\/preguntaquees\/que-es-el-sindrome-de-meniere\/#Preguntas_frecuentes_sobre_el_sindrome_de_Meniere\" >Preguntas frecuentes sobre el s\u00edndrome de Meniere<\/a><ul class='ez-toc-list-level-3' ><li class='ez-toc-heading-level-3'><a class=\"ez-toc-link ez-toc-heading-8\" href=\"https:\/\/dudasytextos.com\/preguntaquees\/que-es-el-sindrome-de-meniere\/#%C2%BFEl_sindrome_de_Meniere_es_hereditario\" >\u00bfEl s\u00edndrome de Meniere es hereditario?<\/a><\/li><li class='ez-toc-page-1 ez-toc-heading-level-3'><a class=\"ez-toc-link ez-toc-heading-9\" href=\"https:\/\/dudasytextos.com\/preguntaquees\/que-es-el-sindrome-de-meniere\/#%C2%BFEl_sindrome_de_Meniere_es_contagioso\" >\u00bfEl s\u00edndrome de Meniere es contagioso?<\/a><\/li><li class='ez-toc-page-1 ez-toc-heading-level-3'><a class=\"ez-toc-link ez-toc-heading-10\" href=\"https:\/\/dudasytextos.com\/preguntaquees\/que-es-el-sindrome-de-meniere\/#%C2%BFEs_posible_vivir_una_vida_normal_con_sindrome_de_Meniere\" >\u00bfEs posible vivir una vida normal con s\u00edndrome de Meniere?<\/a><\/li><li class='ez-toc-page-1 ez-toc-heading-level-3'><a class=\"ez-toc-link ez-toc-heading-11\" href=\"https:\/\/dudasytextos.com\/preguntaquees\/que-es-el-sindrome-de-meniere\/#%C2%BFEl_sindrome_de_Meniere_causa_perdida_auditiva_permanente\" >\u00bfEl s\u00edndrome de Meniere causa p\u00e9rdida auditiva permanente?<\/a><\/li><li class='ez-toc-page-1 ez-toc-heading-level-3'><a class=\"ez-toc-link ez-toc-heading-12\" href=\"https:\/\/dudasytextos.com\/preguntaquees\/que-es-el-sindrome-de-meniere\/#%C2%BFEl_estres_puede_desencadenar_un_episodio_de_sindrome_de_Meniere\" >\u00bfEl estr\u00e9s puede desencadenar un episodio de s\u00edndrome de Meniere?<\/a><\/li><\/ul><\/li><\/ul><\/nav><\/div>\n<h2><span class=\"ez-toc-section\" id=\"%C2%BFQue_es_el_sindrome_de_Meniere\"><\/span>\u00bfQu\u00e9 es el s\u00edndrome de Meniere?<span class=\"ez-toc-section-end\"><\/span><\/h2>\n<p>\u00a1Hola a todos! Soy Ana Gonz\u00e1lez y hoy quiero hablarles sobre el s\u00edndrome de Meniere. Este trastorno del o\u00eddo interno puede ser muy desconcertante para quienes lo sufren, pero con la informaci\u00f3n adecuada, es posible manejarlo y vivir una vida plena. As\u00ed que, \u00a1vamos a explorar juntos este tema! <\/p>\n<section>\n<h2><span class=\"ez-toc-section\" id=\"Curiosidades_sobre_el_sindrome_de_Meniere\"><\/span>Curiosidades sobre el s\u00edndrome de Meniere<span class=\"ez-toc-section-end\"><\/span><\/h2>\n<ul>\n<li>El s\u00edndrome de Meniere fue descubierto por el m\u00e9dico franc\u00e9s Prosper Meniere en 1861.<\/li>\n<li>Se estima que entre 615.000 y 1.000.000 de personas en Espa\u00f1a tienen s\u00edndrome de Meniere.<\/li>\n<li>El s\u00edndrome de Meniere no es contagioso ni hereditario, pero puede tener un componente gen\u00e9tico.<\/li>\n<li>El s\u00edndrome de Meniere puede afectar a cualquier persona, pero es m\u00e1s com\u00fan en personas entre los 40 y 60 a\u00f1os.<\/li>\n<li>El s\u00edndrome de Meniere puede ser invalidante y afectar la calidad de vida de quienes lo padecen.<\/li>\n<\/ul>\n<\/section>\n<section>\n<h2><span class=\"ez-toc-section\" id=\"%C2%BFQue_es_el_sindrome_de_Meniere-2\"><\/span>\u00bfQu\u00e9 es el s\u00edndrome de Meniere?<span class=\"ez-toc-section-end\"><\/span><\/h2>\n<p>El s\u00edndrome de Meniere es un trastorno del o\u00eddo interno que causa episodios de mareo intenso, zumbido en los o\u00eddos, p\u00e9rdida de audici\u00f3n y sensaci\u00f3n de presi\u00f3n en el o\u00eddo afectado. Estos episodios pueden durar desde minutos hasta horas y pueden ser muy debilitantes. Aunque se desconoce la causa exacta del s\u00edndrome de Meniere, se cree que puede ser el resultado de una acumulaci\u00f3n de l\u00edquido en el o\u00eddo interno. <\/p>\n<\/section>\n<section>\n<h2><span class=\"ez-toc-section\" id=\"%C2%BFComo_se_diagnostica_el_sindrome_de_Meniere\"><\/span>\u00bfC\u00f3mo se diagnostica el s\u00edndrome de Meniere?<span class=\"ez-toc-section-end\"><\/span><\/h2>\n<p>El diagn\u00f3stico del s\u00edndrome de Meniere puede ser dif\u00edcil, ya que los s\u00edntomas pueden ser similares a los de otras afecciones del o\u00eddo. El m\u00e9dico puede realizar una serie de pruebas, incluyendo una audiometr\u00eda, una prueba de equilibrio y una resonancia magn\u00e9tica. Estas pruebas pueden ayudar a descartar otras afecciones y confirmar el diagn\u00f3stico de s\u00edndrome de Meniere.<\/p>\n<\/section>\n<section>\n<h2><span class=\"ez-toc-section\" id=\"%C2%BFComo_se_trata_el_sindrome_de_Meniere\"><\/span>\u00bfC\u00f3mo se trata el s\u00edndrome de Meniere?<span class=\"ez-toc-section-end\"><\/span><\/h2>\n<p>El tratamiento del s\u00edndrome de Meniere puede incluir cambios en la dieta, medicamentos para reducir los s\u00edntomas y <a href=\"https:\/\/dudasytextos.com\/preguntaquees\/que-es-la-terapia-ocupacional\/\">terapia<\/a> vestibular para mejorar el equilibrio. En algunos casos, puede ser necesaria la cirug\u00eda para aliviar los s\u00edntomas. Es importante trabajar con un m\u00e9dico especialista en o\u00eddo, nariz y garganta para encontrar el tratamiento adecuado para cada paciente. <\/p>\n<\/section>\n<section>\n<h2><span class=\"ez-toc-section\" id=\"Mi_experiencia_con_el_sindrome_de_Meniere\"><\/span>Mi experiencia con el s\u00edndrome de Meniere<span class=\"ez-toc-section-end\"><\/span><\/h2>\n<p>Personalmente, he tenido episodios de mareo y zumbido en los o\u00eddos durante varios a\u00f1os antes de recibir el diagn\u00f3stico de s\u00edndrome de Meniere. Fue un alivio saber que no estaba sola y que hab\u00eda opciones de tratamiento disponibles. A trav\u00e9s de cambios en la dieta y medicamentos, he logrado controlar los s\u00edntomas y llevar una vida normal. <\/p>\n<\/section>\n<section>\n<h2><span class=\"ez-toc-section\" id=\"Preguntas_frecuentes_sobre_el_sindrome_de_Meniere\"><\/span>Preguntas frecuentes sobre el s\u00edndrome de Meniere<span class=\"ez-toc-section-end\"><\/span><\/h2>\n<h3><span class=\"ez-toc-section\" id=\"%C2%BFEl_sindrome_de_Meniere_es_hereditario\"><\/span>\u00bfEl s\u00edndrome de Meniere es hereditario?<span class=\"ez-toc-section-end\"><\/span><\/h3>\n<p>Aunque no se sabe exactamente qu\u00e9 causa el s\u00edndrome de Meniere, puede haber un componente gen\u00e9tico. Sin embargo, no es una condici\u00f3n hereditaria en el sentido tradicional.<\/p>\n<h3><span class=\"ez-toc-section\" id=\"%C2%BFEl_sindrome_de_Meniere_es_contagioso\"><\/span>\u00bfEl s\u00edndrome de Meniere es contagioso?<span class=\"ez-toc-section-end\"><\/span><\/h3>\n<p>No, el s\u00edndrome de Meniere no es contagioso.<\/p>\n<h3><span class=\"ez-toc-section\" id=\"%C2%BFEs_posible_vivir_una_vida_normal_con_sindrome_de_Meniere\"><\/span>\u00bfEs posible vivir una vida normal con s\u00edndrome de Meniere?<span class=\"ez-toc-section-end\"><\/span><\/h3>\n<p>S\u00ed, es posible vivir una vida normal con s\u00edndrome de Meniere. Con el tratamiento adecuado y los cambios en el estilo de vida, muchos pacientes pueden controlar los s\u00edntomas y llevar una vida normal.<\/p>\n<h3><span class=\"ez-toc-section\" id=\"%C2%BFEl_sindrome_de_Meniere_causa_perdida_auditiva_permanente\"><\/span>\u00bfEl s\u00edndrome de Meniere causa p\u00e9rdida auditiva permanente?<span class=\"ez-toc-section-end\"><\/span><\/h3>\n<p>El s\u00edndrome de Meniere puede causar p\u00e9rdida auditiva permanente, pero no siempre es el caso. Es importante buscar tratamiento tan pronto como aparezcan los s\u00edntomas para minimizar el riesgo de p\u00e9rdida auditiva permanente.<\/p>\n<h3><span class=\"ez-toc-section\" id=\"%C2%BFEl_estres_puede_desencadenar_un_episodio_de_sindrome_de_Meniere\"><\/span>\u00bfEl estr\u00e9s puede desencadenar un episodio de s\u00edndrome de Meniere?<span class=\"ez-toc-section-end\"><\/span><\/h3>\n<p>S\u00ed, el estr\u00e9s puede desencadenar un episodio de s\u00edndrome de Meniere. Es importante mantener el estr\u00e9s bajo control y encontrar formas de manejar el estr\u00e9s para reducir el riesgo de episodios.<\/p>\n<\/section>\n<footer>\n<p>Espero que esta informaci\u00f3n haya sido \u00fatil para ustedes. Si tienen alg\u00fan comentario o pregunta, no duden en dejarlo en los comentarios. \u00a1Gracias por leer!<\/p>\n<\/footer>\n","protected":false},"excerpt":{"rendered":"<p>\u00bfQu\u00e9 es el s\u00edndrome de Meniere? \u00a1Hola a todos! Soy Ana Gonz\u00e1lez y hoy quiero hablarles sobre el s\u00edndrome de Meniere. Este trastorno del o\u00eddo interno puede ser muy desconcertante para quienes lo sufren, pero con la informaci\u00f3n adecuada, es posible manejarlo y vivir una vida plena. As\u00ed que, \u00a1vamos a explorar juntos este tema! &#8230; <a title=\"Qu\u00e9 es el sindrome de meniere\" class=\"read-more\" href=\"https:\/\/dudasytextos.com\/preguntaquees\/que-es-el-sindrome-de-meniere\/\" aria-label=\"M\u00e1s en Qu\u00e9 es el sindrome de meniere\">Leer m\u00e1s<\/a><\/p>\n","protected":false},"author":1,"featured_media":0,"comment_status":"open","ping_status":"open","sticky":false,"template":"","format":"standard","meta":{"footnotes":""},"categories":[4],"tags":[],"class_list":["post-148981","post","type-post","status-publish","format-standard","hentry","category-que-es"],"aioseo_notices":[],"aioseo_head":"\n\t\t<!-- All in One SEO 5.0.1.1 - aioseo.com -->\n\t<meta name=\"description\" content=\"\u00bfQu\u00e9 es el s\u00edndrome de Meniere? \u00a1Hola a todos! Soy Ana Gonz\u00e1lez y hoy quiero hablarles sobre el s\u00edndrome de Meniere. Este trastorno del o\u00eddo interno puede ser muy desconcertante para quienes lo sufren, pero con la informaci\u00f3n adecuada, es posible manejarlo y vivir una vida plena. As\u00ed que, \u00a1vamos a explorar juntos este tema!\" \/>\n\t<meta name=\"robots\" content=\"max-snippet:-1, max-image-preview:large, max-video-preview:-1\" \/>\n\t<meta name=\"author\" content=\"Ana Gonz\u00e1lez\"\/>\n\t<link rel=\"canonical\" href=\"https:\/\/dudasytextos.com\/preguntaquees\/que-es-el-sindrome-de-meniere\/\" \/>\n\t<meta name=\"generator\" content=\"All in One SEO (AIOSEO) 5.0.1.1\" \/>\n\n\t\t<!-- Google tag (gtag.js) -->\n<script async src=\"https:\/\/www.googletagmanager.com\/gtag\/js?id=G-QEZWJ7M6T7\"><\/script>\n<script>\n  window.dataLayer = window.dataLayer || [];\n  function gtag(){dataLayer.push(arguments);}\n  gtag('js', new Date());\n\n  gtag('config', 'G-QEZWJ7M6T7');\n<\/script>\n<script async src=\"https:\/\/pagead2.googlesyndication.com\/pagead\/js\/adsbygoogle.js?client=ca-pub-3987500858204711\"\n     crossorigin=\"anonymous\"><\/script>\n\t\t<meta property=\"og:locale\" content=\"es_ES\" \/>\n\t\t<meta property=\"og:site_name\" content=\"\u00bfQu\u00e9 es? - \u00bfQu\u00e9 es?\" \/>\n\t\t<meta property=\"og:type\" content=\"article\" \/>\n\t\t<meta property=\"og:title\" content=\"Qu\u00e9 es el sindrome de meniere (2026) \u00bfQu\u00e9 es?\" \/>\n\t\t<meta property=\"og:description\" content=\"\u00bfQu\u00e9 es el s\u00edndrome de Meniere? \u00a1Hola a todos! Soy Ana Gonz\u00e1lez y hoy quiero hablarles sobre el s\u00edndrome de Meniere. Este trastorno del o\u00eddo interno puede ser muy desconcertante para quienes lo sufren, pero con la informaci\u00f3n adecuada, es posible manejarlo y vivir una vida plena. As\u00ed que, \u00a1vamos a explorar juntos este tema!\" \/>\n\t\t<meta property=\"og:url\" content=\"https:\/\/dudasytextos.com\/preguntaquees\/que-es-el-sindrome-de-meniere\/\" \/>\n\t\t<meta property=\"article:published_time\" content=\"2025-02-14T03:23:20+00:00\" \/>\n\t\t<meta property=\"article:modified_time\" content=\"2025-03-12T15:25:55+00:00\" \/>\n\t\t<meta name=\"twitter:card\" content=\"summary_large_image\" \/>\n\t\t<meta name=\"twitter:title\" content=\"Qu\u00e9 es el sindrome de meniere (2026) \u00bfQu\u00e9 es?\" \/>\n\t\t<meta name=\"twitter:description\" content=\"\u00bfQu\u00e9 es el s\u00edndrome de Meniere? \u00a1Hola a todos! Soy Ana Gonz\u00e1lez y hoy quiero hablarles sobre el s\u00edndrome de Meniere. Este trastorno del o\u00eddo interno puede ser muy desconcertante para quienes lo sufren, pero con la informaci\u00f3n adecuada, es posible manejarlo y vivir una vida plena. As\u00ed que, \u00a1vamos a explorar juntos este tema!\" \/>\n\t\t<script type=\"application\/ld+json\" class=\"aioseo-schema\">\n\t\t\t{\"@context\":\"https:\\\/\\\/schema.org\",\"@graph\":[{\"@type\":\"BlogPosting\",\"@id\":\"https:\\\/\\\/dudasytextos.com\\\/preguntaquees\\\/que-es-el-sindrome-de-meniere\\\/#blogposting\",\"name\":\"Qu\\u00e9 es el sindrome de meniere (2026) \\u00bfQu\\u00e9 es?\",\"headline\":\"Qu\\u00e9 es el sindrome de meniere\",\"author\":{\"@id\":\"https:\\\/\\\/dudasytextos.com\\\/preguntaquees\\\/author\\\/admin44\\\/#author\"},\"publisher\":{\"@id\":\"https:\\\/\\\/dudasytextos.com\\\/preguntaquees\\\/#organization\"},\"datePublished\":\"2025-02-14T03:23:20+00:00\",\"dateModified\":\"2025-03-12T15:25:55+00:00\",\"inLanguage\":\"es-ES\",\"mainEntityOfPage\":{\"@id\":\"https:\\\/\\\/dudasytextos.com\\\/preguntaquees\\\/que-es-el-sindrome-de-meniere\\\/#webpage\"},\"isPartOf\":{\"@id\":\"https:\\\/\\\/dudasytextos.com\\\/preguntaquees\\\/que-es-el-sindrome-de-meniere\\\/#webpage\"},\"articleSection\":\"\\u00bfQu\\u00e9 es?\"},{\"@type\":\"BreadcrumbList\",\"@id\":\"https:\\\/\\\/dudasytextos.com\\\/preguntaquees\\\/que-es-el-sindrome-de-meniere\\\/#breadcrumblist\",\"itemListElement\":[{\"@type\":\"ListItem\",\"@id\":\"https:\\\/\\\/dudasytextos.com\\\/preguntaquees#listItem\",\"position\":1,\"name\":\"Inicio\",\"item\":\"https:\\\/\\\/dudasytextos.com\\\/preguntaquees\",\"nextItem\":{\"@type\":\"ListItem\",\"@id\":\"https:\\\/\\\/dudasytextos.com\\\/preguntaquees\\\/category\\\/que-es\\\/#listItem\",\"name\":\"\\u00bfQu\\u00e9 es?\"}},{\"@type\":\"ListItem\",\"@id\":\"https:\\\/\\\/dudasytextos.com\\\/preguntaquees\\\/category\\\/que-es\\\/#listItem\",\"position\":2,\"name\":\"\\u00bfQu\\u00e9 es?\",\"item\":\"https:\\\/\\\/dudasytextos.com\\\/preguntaquees\\\/category\\\/que-es\\\/\",\"nextItem\":{\"@type\":\"ListItem\",\"@id\":\"https:\\\/\\\/dudasytextos.com\\\/preguntaquees\\\/que-es-el-sindrome-de-meniere\\\/#listItem\",\"name\":\"Qu\\u00e9 es el sindrome de meniere\"},\"previousItem\":{\"@type\":\"ListItem\",\"@id\":\"https:\\\/\\\/dudasytextos.com\\\/preguntaquees#listItem\",\"name\":\"Inicio\"}},{\"@type\":\"ListItem\",\"@id\":\"https:\\\/\\\/dudasytextos.com\\\/preguntaquees\\\/que-es-el-sindrome-de-meniere\\\/#listItem\",\"position\":3,\"name\":\"Qu\\u00e9 es el sindrome de meniere\",\"previousItem\":{\"@type\":\"ListItem\",\"@id\":\"https:\\\/\\\/dudasytextos.com\\\/preguntaquees\\\/category\\\/que-es\\\/#listItem\",\"name\":\"\\u00bfQu\\u00e9 es?\"}}]},{\"@type\":\"Organization\",\"@id\":\"https:\\\/\\\/dudasytextos.com\\\/preguntaquees\\\/#organization\",\"name\":\"\\u00bfC\\u00f3mo funciona?\",\"description\":\"\\u00bfQu\\u00e9 es?\",\"url\":\"https:\\\/\\\/dudasytextos.com\\\/preguntaquees\\\/\"},{\"@type\":\"Person\",\"@id\":\"https:\\\/\\\/dudasytextos.com\\\/preguntaquees\\\/author\\\/admin44\\\/#author\",\"url\":\"https:\\\/\\\/dudasytextos.com\\\/preguntaquees\\\/author\\\/admin44\\\/\",\"name\":\"Ana Gonz\\u00e1lez\"},{\"@type\":\"WebPage\",\"@id\":\"https:\\\/\\\/dudasytextos.com\\\/preguntaquees\\\/que-es-el-sindrome-de-meniere\\\/#webpage\",\"url\":\"https:\\\/\\\/dudasytextos.com\\\/preguntaquees\\\/que-es-el-sindrome-de-meniere\\\/\",\"name\":\"Qu\\u00e9 es el sindrome de meniere (2026) \\u00bfQu\\u00e9 es?\",\"description\":\"\\u00bfQu\\u00e9 es el s\\u00edndrome de Meniere? \\u00a1Hola a todos! Soy Ana Gonz\\u00e1lez y hoy quiero hablarles sobre el s\\u00edndrome de Meniere. Este trastorno del o\\u00eddo interno puede ser muy desconcertante para quienes lo sufren, pero con la informaci\\u00f3n adecuada, es posible manejarlo y vivir una vida plena. As\\u00ed que, \\u00a1vamos a explorar juntos este tema!\",\"inLanguage\":\"es-ES\",\"isPartOf\":{\"@id\":\"https:\\\/\\\/dudasytextos.com\\\/preguntaquees\\\/#website\"},\"breadcrumb\":{\"@id\":\"https:\\\/\\\/dudasytextos.com\\\/preguntaquees\\\/que-es-el-sindrome-de-meniere\\\/#breadcrumblist\"},\"author\":{\"@id\":\"https:\\\/\\\/dudasytextos.com\\\/preguntaquees\\\/author\\\/admin44\\\/#author\"},\"creator\":{\"@id\":\"https:\\\/\\\/dudasytextos.com\\\/preguntaquees\\\/author\\\/admin44\\\/#author\"},\"datePublished\":\"2025-02-14T03:23:20+00:00\",\"dateModified\":\"2025-03-12T15:25:55+00:00\"},{\"@type\":\"WebSite\",\"@id\":\"https:\\\/\\\/dudasytextos.com\\\/preguntaquees\\\/#website\",\"url\":\"https:\\\/\\\/dudasytextos.com\\\/preguntaquees\\\/\",\"name\":\"\\u00bfC\\u00f3mo funciona?\",\"description\":\"\\u00bfQu\\u00e9 es?\",\"inLanguage\":\"es-ES\",\"publisher\":{\"@id\":\"https:\\\/\\\/dudasytextos.com\\\/preguntaquees\\\/#organization\"}}]}\n\t\t<\/script>\n\t\t<!-- All in One SEO -->\n\n","aioseo_head_json":{"title":"Qu\u00e9 es el sindrome de meniere (2026) \u00bfQu\u00e9 es?","description":"\u00bfQu\u00e9 es el s\u00edndrome de Meniere? \u00a1Hola a todos! Soy Ana Gonz\u00e1lez y hoy quiero hablarles sobre el s\u00edndrome de Meniere. Este trastorno del o\u00eddo interno puede ser muy desconcertante para quienes lo sufren, pero con la informaci\u00f3n adecuada, es posible manejarlo y vivir una vida plena. As\u00ed que, \u00a1vamos a explorar juntos este tema!","canonical_url":"https:\/\/dudasytextos.com\/preguntaquees\/que-es-el-sindrome-de-meniere\/","robots":"max-snippet:-1, max-image-preview:large, max-video-preview:-1","keywords":"","webmasterTools":{"miscellaneous":"&lt;!-- Google tag (gtag.js) --&gt;\n&lt;script async src=\"https:\/\/www.googletagmanager.com\/gtag\/js?id=G-QEZWJ7M6T7\"&gt;&lt;\/script&gt;\n&lt;script&gt;\n  window.dataLayer = window.dataLayer || [];\n  function gtag(){dataLayer.push(arguments);}\n  gtag('js', new Date());\n\n  gtag('config', 'G-QEZWJ7M6T7');\n&lt;\/script&gt;\n&lt;script async src=\"https:\/\/pagead2.googlesyndication.com\/pagead\/js\/adsbygoogle.js?client=ca-pub-3987500858204711\"\n     crossorigin=\"anonymous\"&gt;&lt;\/script&gt;"},"schema":{"@context":"https:\/\/schema.org","@graph":[{"@type":"BlogPosting","@id":"https:\/\/dudasytextos.com\/preguntaquees\/que-es-el-sindrome-de-meniere\/#blogposting","name":"Qu\u00e9 es el sindrome de meniere (2026) \u00bfQu\u00e9 es?","headline":"Qu\u00e9 es el sindrome de meniere","author":{"@id":"https:\/\/dudasytextos.com\/preguntaquees\/author\/admin44\/#author"},"publisher":{"@id":"https:\/\/dudasytextos.com\/preguntaquees\/#organization"},"datePublished":"2025-02-14T03:23:20+00:00","dateModified":"2025-03-12T15:25:55+00:00","inLanguage":"es-ES","mainEntityOfPage":{"@id":"https:\/\/dudasytextos.com\/preguntaquees\/que-es-el-sindrome-de-meniere\/#webpage"},"isPartOf":{"@id":"https:\/\/dudasytextos.com\/preguntaquees\/que-es-el-sindrome-de-meniere\/#webpage"},"articleSection":"\u00bfQu\u00e9 es?"},{"@type":"BreadcrumbList","@id":"https:\/\/dudasytextos.com\/preguntaquees\/que-es-el-sindrome-de-meniere\/#breadcrumblist","itemListElement":[{"@type":"ListItem","@id":"https:\/\/dudasytextos.com\/preguntaquees#listItem","position":1,"name":"Inicio","item":"https:\/\/dudasytextos.com\/preguntaquees","nextItem":{"@type":"ListItem","@id":"https:\/\/dudasytextos.com\/preguntaquees\/category\/que-es\/#listItem","name":"\u00bfQu\u00e9 es?"}},{"@type":"ListItem","@id":"https:\/\/dudasytextos.com\/preguntaquees\/category\/que-es\/#listItem","position":2,"name":"\u00bfQu\u00e9 es?","item":"https:\/\/dudasytextos.com\/preguntaquees\/category\/que-es\/","nextItem":{"@type":"ListItem","@id":"https:\/\/dudasytextos.com\/preguntaquees\/que-es-el-sindrome-de-meniere\/#listItem","name":"Qu\u00e9 es el sindrome de meniere"},"previousItem":{"@type":"ListItem","@id":"https:\/\/dudasytextos.com\/preguntaquees#listItem","name":"Inicio"}},{"@type":"ListItem","@id":"https:\/\/dudasytextos.com\/preguntaquees\/que-es-el-sindrome-de-meniere\/#listItem","position":3,"name":"Qu\u00e9 es el sindrome de meniere","previousItem":{"@type":"ListItem","@id":"https:\/\/dudasytextos.com\/preguntaquees\/category\/que-es\/#listItem","name":"\u00bfQu\u00e9 es?"}}]},{"@type":"Organization","@id":"https:\/\/dudasytextos.com\/preguntaquees\/#organization","name":"\u00bfC\u00f3mo funciona?","description":"\u00bfQu\u00e9 es?","url":"https:\/\/dudasytextos.com\/preguntaquees\/"},{"@type":"Person","@id":"https:\/\/dudasytextos.com\/preguntaquees\/author\/admin44\/#author","url":"https:\/\/dudasytextos.com\/preguntaquees\/author\/admin44\/","name":"Ana Gonz\u00e1lez"},{"@type":"WebPage","@id":"https:\/\/dudasytextos.com\/preguntaquees\/que-es-el-sindrome-de-meniere\/#webpage","url":"https:\/\/dudasytextos.com\/preguntaquees\/que-es-el-sindrome-de-meniere\/","name":"Qu\u00e9 es el sindrome de meniere (2026) \u00bfQu\u00e9 es?","description":"\u00bfQu\u00e9 es el s\u00edndrome de Meniere? \u00a1Hola a todos! Soy Ana Gonz\u00e1lez y hoy quiero hablarles sobre el s\u00edndrome de Meniere. Este trastorno del o\u00eddo interno puede ser muy desconcertante para quienes lo sufren, pero con la informaci\u00f3n adecuada, es posible manejarlo y vivir una vida plena. As\u00ed que, \u00a1vamos a explorar juntos este tema!","inLanguage":"es-ES","isPartOf":{"@id":"https:\/\/dudasytextos.com\/preguntaquees\/#website"},"breadcrumb":{"@id":"https:\/\/dudasytextos.com\/preguntaquees\/que-es-el-sindrome-de-meniere\/#breadcrumblist"},"author":{"@id":"https:\/\/dudasytextos.com\/preguntaquees\/author\/admin44\/#author"},"creator":{"@id":"https:\/\/dudasytextos.com\/preguntaquees\/author\/admin44\/#author"},"datePublished":"2025-02-14T03:23:20+00:00","dateModified":"2025-03-12T15:25:55+00:00"},{"@type":"WebSite","@id":"https:\/\/dudasytextos.com\/preguntaquees\/#website","url":"https:\/\/dudasytextos.com\/preguntaquees\/","name":"\u00bfC\u00f3mo funciona?","description":"\u00bfQu\u00e9 es?","inLanguage":"es-ES","publisher":{"@id":"https:\/\/dudasytextos.com\/preguntaquees\/#organization"}}]},"og:locale":"es_ES","og:site_name":"\u00bfQu\u00e9 es? - \u00bfQu\u00e9 es?","og:type":"article","og:title":"Qu\u00e9 es el sindrome de meniere (2026) \u00bfQu\u00e9 es?","og:description":"\u00bfQu\u00e9 es el s\u00edndrome de Meniere? \u00a1Hola a todos! Soy Ana Gonz\u00e1lez y hoy quiero hablarles sobre el s\u00edndrome de Meniere. Este trastorno del o\u00eddo interno puede ser muy desconcertante para quienes lo sufren, pero con la informaci\u00f3n adecuada, es posible manejarlo y vivir una vida plena. As\u00ed que, \u00a1vamos a explorar juntos este tema!","og:url":"https:\/\/dudasytextos.com\/preguntaquees\/que-es-el-sindrome-de-meniere\/","article:published_time":"2025-02-14T03:23:20+00:00","article:modified_time":"2025-03-12T15:25:55+00:00","twitter:card":"summary_large_image","twitter:title":"Qu\u00e9 es el sindrome de meniere (2026) \u00bfQu\u00e9 es?","twitter:description":"\u00bfQu\u00e9 es el s\u00edndrome de Meniere? \u00a1Hola a todos! Soy Ana Gonz\u00e1lez y hoy quiero hablarles sobre el s\u00edndrome de Meniere. Este trastorno del o\u00eddo interno puede ser muy desconcertante para quienes lo sufren, pero con la informaci\u00f3n adecuada, es posible manejarlo y vivir una vida plena. As\u00ed que, \u00a1vamos a explorar juntos este tema!"},"aioseo_meta_data":{"post_id":"148981","title":null,"description":null,"keywords":null,"keyphrases":null,"primary_term":null,"canonical_url":null,"og_title":null,"og_description":null,"og_object_type":"default","og_image_type":"default","og_image_url":null,"og_image_width":null,"og_image_height":null,"og_image_custom_url":null,"og_image_custom_fields":null,"og_video":null,"og_custom_url":null,"og_article_section":null,"og_article_tags":null,"twitter_use_og":false,"twitter_card":"default","twitter_image_type":"default","twitter_image_url":null,"twitter_image_custom_url":null,"twitter_image_custom_fields":null,"twitter_title":null,"twitter_description":null,"schema":{"blockGraphs":[],"customGraphs":[],"default":{"data":{"Article":[],"Course":[],"Dataset":[],"FAQPage":[],"Movie":[],"Person":[],"Product":[],"ProductReview":[],"Car":[],"Recipe":[],"Service":[],"SoftwareApplication":[],"WebPage":[]},"graphName":"","isEnabled":true},"graphs":[]},"schema_type":"default","schema_type_options":null,"pillar_content":false,"robots_default":true,"robots_noindex":false,"robots_noarchive":false,"robots_nosnippet":false,"robots_nofollow":false,"robots_noimageindex":false,"robots_noodp":false,"robots_notranslate":false,"robots_max_snippet":null,"robots_max_videopreview":null,"robots_max_imagepreview":"large","priority":null,"frequency":null,"local_seo":null,"breadcrumb_settings":null,"limit_modified_date":false,"ai":null,"created":"2023-05-15 04:30:57","updated":"2025-06-03 18:27:06","seo_analyzer_scan_date":null,"focus_keyword":null,"additional_keywords":null,"truseo_locale":null},"aioseo_breadcrumb":"<div class=\"aioseo-breadcrumbs\"><span class=\"aioseo-breadcrumb\">\n\t\t\t<a href=\"https:\/\/dudasytextos.com\/preguntaquees\" title=\"Inicio\">Inicio<\/a>\n\t\t<\/span><span class=\"aioseo-breadcrumb-separator\">&raquo;<\/span><span class=\"aioseo-breadcrumb\">\n\t\t\t<a href=\"https:\/\/dudasytextos.com\/preguntaquees\/category\/que-es\/\" title=\"\u00bfQu\u00e9 es?\">\u00bfQu\u00e9 es?<\/a>\n\t\t<\/span><span class=\"aioseo-breadcrumb-separator\">&raquo;<\/span><span class=\"aioseo-breadcrumb\">\n\t\t\tQu\u00e9 es el sindrome de meniere\n\t\t<\/span><\/div>","aioseo_breadcrumb_json":[{"label":"Inicio","link":"https:\/\/dudasytextos.com\/preguntaquees"},{"label":"\u00bfQu\u00e9 es?","link":"https:\/\/dudasytextos.com\/preguntaquees\/category\/que-es\/"},{"label":"Qu\u00e9 es el sindrome de meniere","link":"https:\/\/dudasytextos.com\/preguntaquees\/que-es-el-sindrome-de-meniere\/"}],"_links":{"self":[{"href":"https:\/\/dudasytextos.com\/preguntaquees\/wp-json\/wp\/v2\/posts\/148981","targetHints":{"allow":["GET"]}}],"collection":[{"href":"https:\/\/dudasytextos.com\/preguntaquees\/wp-json\/wp\/v2\/posts"}],"about":[{"href":"https:\/\/dudasytextos.com\/preguntaquees\/wp-json\/wp\/v2\/types\/post"}],"author":[{"embeddable":true,"href":"https:\/\/dudasytextos.com\/preguntaquees\/wp-json\/wp\/v2\/users\/1"}],"replies":[{"embeddable":true,"href":"https:\/\/dudasytextos.com\/preguntaquees\/wp-json\/wp\/v2\/comments?post=148981"}],"version-history":[{"count":1,"href":"https:\/\/dudasytextos.com\/preguntaquees\/wp-json\/wp\/v2\/posts\/148981\/revisions"}],"predecessor-version":[{"id":156848,"href":"https:\/\/dudasytextos.com\/preguntaquees\/wp-json\/wp\/v2\/posts\/148981\/revisions\/156848"}],"wp:attachment":[{"href":"https:\/\/dudasytextos.com\/preguntaquees\/wp-json\/wp\/v2\/media?parent=148981"}],"wp:term":[{"taxonomy":"category","embeddable":true,"href":"https:\/\/dudasytextos.com\/preguntaquees\/wp-json\/wp\/v2\/categories?post=148981"},{"taxonomy":"post_tag","embeddable":true,"href":"https:\/\/dudasytextos.com\/preguntaquees\/wp-json\/wp\/v2\/tags?post=148981"}],"curies":[{"name":"wp","href":"https:\/\/api.w.org\/{rel}","templated":true}]}}