{"id":149462,"date":"2025-02-21T20:08:15","date_gmt":"2025-02-21T20:08:15","guid":{"rendered":"https:\/\/educacion.cc\/?p=149462"},"modified":"2025-03-13T11:31:31","modified_gmt":"2025-03-13T11:31:31","slug":"que-es-la-brecha-digital","status":"publish","type":"post","link":"https:\/\/dudasytextos.com\/preguntaquees\/que-es-la-brecha-digital\/","title":{"rendered":"Qu\u00e9 es la brecha digital"},"content":{"rendered":"<div id=\"ez-toc-container\" class=\"ez-toc-v2_0_87 counter-hierarchy ez-toc-counter ez-toc-custom ez-toc-container-direction\">\n<div class=\"ez-toc-title-container\">\n<span class=\"ez-toc-title-toggle\"><\/span><\/div>\n<nav><ul class='ez-toc-list ez-toc-list-level-1 ' ><li class='ez-toc-page-1 ez-toc-heading-level-2'><a class=\"ez-toc-link ez-toc-heading-1\" href=\"https:\/\/dudasytextos.com\/preguntaquees\/que-es-la-brecha-digital\/#%C2%BFQue_es_la_brecha_digital_y_como_afecta_a_Espana\" >\u00bfQu\u00e9 es la brecha digital y c\u00f3mo afecta a Espa\u00f1a?<\/a><\/li><li class='ez-toc-page-1 ez-toc-heading-level-2'><a class=\"ez-toc-link ez-toc-heading-2\" href=\"https:\/\/dudasytextos.com\/preguntaquees\/que-es-la-brecha-digital\/#Por_Ana_Gonzalez\" >Por Ana Gonz\u00e1lez<\/a><\/li><li class='ez-toc-page-1 ez-toc-heading-level-2'><a class=\"ez-toc-link ez-toc-heading-3\" href=\"https:\/\/dudasytextos.com\/preguntaquees\/que-es-la-brecha-digital\/#Curiosidades_y_estadisticas_sobre_la_brecha_digital\" >Curiosidades y estad\u00edsticas sobre la brecha digital<\/a><\/li><li class='ez-toc-page-1 ez-toc-heading-level-2'><a class=\"ez-toc-link ez-toc-heading-4\" href=\"https:\/\/dudasytextos.com\/preguntaquees\/que-es-la-brecha-digital\/#Mi_experiencia_personal_con_la_brecha_digital\" >Mi experiencia personal con la brecha digital<\/a><\/li><li class='ez-toc-page-1 ez-toc-heading-level-2'><a class=\"ez-toc-link ez-toc-heading-5\" href=\"https:\/\/dudasytextos.com\/preguntaquees\/que-es-la-brecha-digital\/#%C2%BFComo_podemos_reducir_la_brecha_digital_en_Espana\" >\u00bfC\u00f3mo podemos reducir la brecha digital en Espa\u00f1a?<\/a><\/li><li class='ez-toc-page-1 ez-toc-heading-level-2'><a class=\"ez-toc-link ez-toc-heading-6\" href=\"https:\/\/dudasytextos.com\/preguntaquees\/que-es-la-brecha-digital\/#Preguntas_frecuentes_sobre_la_brecha_digital\" >Preguntas frecuentes sobre la brecha digital<\/a><ul class='ez-toc-list-level-3' ><li class='ez-toc-heading-level-3'><a class=\"ez-toc-link ez-toc-heading-7\" href=\"https:\/\/dudasytextos.com\/preguntaquees\/que-es-la-brecha-digital\/#%C2%BFQue_es_la_brecha_digital\" >\u00bfQu\u00e9 es la brecha digital?<\/a><\/li><li class='ez-toc-page-1 ez-toc-heading-level-3'><a class=\"ez-toc-link ez-toc-heading-8\" href=\"https:\/\/dudasytextos.com\/preguntaquees\/que-es-la-brecha-digital\/#%C2%BFComo_afecta_la_brecha_digital_a_Espana\" >\u00bfC\u00f3mo afecta la brecha digital a Espa\u00f1a?<\/a><\/li><li class='ez-toc-page-1 ez-toc-heading-level-3'><a class=\"ez-toc-link ez-toc-heading-9\" href=\"https:\/\/dudasytextos.com\/preguntaquees\/que-es-la-brecha-digital\/#%C2%BFQuienes_son_los_mas_afectados_por_la_brecha_digital_en_Espana\" >\u00bfQui\u00e9nes son los m\u00e1s afectados por la brecha digital en Espa\u00f1a?<\/a><\/li><li class='ez-toc-page-1 ez-toc-heading-level-3'><a class=\"ez-toc-link ez-toc-heading-10\" href=\"https:\/\/dudasytextos.com\/preguntaquees\/que-es-la-brecha-digital\/#%C2%BFQue_podemos_hacer_para_reducir_la_brecha_digital_en_Espana\" >\u00bfQu\u00e9 podemos hacer para reducir la brecha digital en Espa\u00f1a?<\/a><\/li><\/ul><\/li><\/ul><\/nav><\/div>\n<h2><span class=\"ez-toc-section\" id=\"%C2%BFQue_es_la_brecha_digital_y_como_afecta_a_Espana\"><\/span>\u00bfQu\u00e9 es la brecha digital y c\u00f3mo afecta a Espa\u00f1a?<span class=\"ez-toc-section-end\"><\/span><\/h2>\n<h2><span class=\"ez-toc-section\" id=\"Por_Ana_Gonzalez\"><\/span>Por Ana Gonz\u00e1lez<span class=\"ez-toc-section-end\"><\/span><\/h2>\n<section>\n<h2><span class=\"ez-toc-section\" id=\"Curiosidades_y_estadisticas_sobre_la_brecha_digital\"><\/span>Curiosidades y estad\u00edsticas sobre la brecha digital<span class=\"ez-toc-section-end\"><\/span><\/h2>\n<ul>\n<li>La brecha digital se refiere a la diferencia en el acceso y uso de la tecnolog\u00eda entre diferentes grupos de personas.<\/li>\n<li>En Espa\u00f1a, el 43% de la poblaci\u00f3n no tiene acceso a internet en sus hogares.<\/li>\n<li>Las personas mayores de 65 a\u00f1os son las que m\u00e1s sufren la brecha digital en Espa\u00f1a.<\/li>\n<li>La brecha digital tambi\u00e9n afecta a la educaci\u00f3n, ya que los estudiantes que no tienen acceso a internet en sus hogares tienen m\u00e1s dificultades para completar sus tareas y estudiar.<\/li>\n<\/ul>\n<\/section>\n<section>\n<h2><span class=\"ez-toc-section\" id=\"Mi_experiencia_personal_con_la_brecha_digital\"><\/span>Mi experiencia personal con la brecha digital<span class=\"ez-toc-section-end\"><\/span><\/h2>\n<p>Hace unos a\u00f1os, cuando estaba en la universidad, no ten\u00eda acceso a internet en mi hogar. Esto me caus\u00f3 muchos problemas para completar mis tareas y estudiar para mis ex\u00e1menes. Tuve que ir a la biblioteca o a la casa de amigos para poder usar internet. Finalmente, decid\u00ed pagar por acceso a internet en mi hogar y me di cuenta de lo mucho que me hab\u00eda estado perdiendo.<\/p>\n<p>Desde entonces, me he dado cuenta de lo importante que es tener acceso a la tecnolog\u00eda y de c\u00f3mo puede mejorar nuestras vidas. Por eso, estoy interesada en reducir la brecha digital en Espa\u00f1a y ayudar a m\u00e1s personas a tener acceso a internet.<\/p>\n<\/section>\n<section>\n<h2><span class=\"ez-toc-section\" id=\"%C2%BFComo_podemos_reducir_la_brecha_digital_en_Espana\"><\/span>\u00bfC\u00f3mo podemos reducir la brecha digital en Espa\u00f1a?<span class=\"ez-toc-section-end\"><\/span><\/h2>\n<p>Existen varias medidas que se pueden tomar para reducir la brecha digital en Espa\u00f1a:<\/p>\n<ul>\n<li>Mejorar el acceso a internet en zonas rurales y remotas.<\/li>\n<li>Ofrecer cursos de formaci\u00f3n en tecnolog\u00eda para personas mayores y otros grupos que puedan tener dificultades para usar la tecnolog\u00eda.<\/li>\n<li>Reducir el costo de acceso a internet y dispositivos tecnol\u00f3gicos.<\/li>\n<li>Integrar la tecnolog\u00eda en la educaci\u00f3n y ofrecer dispositivos y acceso a internet a los estudiantes que lo necesiten.<\/li>\n<\/ul>\n<\/section>\n<section>\n<h2><span class=\"ez-toc-section\" id=\"Preguntas_frecuentes_sobre_la_brecha_digital\"><\/span>Preguntas frecuentes sobre la brecha digital<span class=\"ez-toc-section-end\"><\/span><\/h2>\n<h3><span class=\"ez-toc-section\" id=\"%C2%BFQue_es_la_brecha_digital\"><\/span>\u00bfQu\u00e9 es la brecha digital?<span class=\"ez-toc-section-end\"><\/span><\/h3>\n<p>La brecha digital se refiere a la diferencia en el acceso y uso de la tecnolog\u00eda entre diferentes grupos de personas.<\/p>\n<h3><span class=\"ez-toc-section\" id=\"%C2%BFComo_afecta_la_brecha_digital_a_Espana\"><\/span>\u00bfC\u00f3mo afecta la brecha digital a Espa\u00f1a?<span class=\"ez-toc-section-end\"><\/span><\/h3>\n<p>En Espa\u00f1a, la brecha digital afecta a la educaci\u00f3n, la econom\u00eda y la calidad de vida de las personas que no tienen acceso a internet y otros dispositivos tecnol\u00f3gicos.<\/p>\n<h3><span class=\"ez-toc-section\" id=\"%C2%BFQuienes_son_los_mas_afectados_por_la_brecha_digital_en_Espana\"><\/span>\u00bfQui\u00e9nes son los m\u00e1s afectados por la brecha digital en Espa\u00f1a?<span class=\"ez-toc-section-end\"><\/span><\/h3>\n<p>Las personas mayores de 65 a\u00f1os y las que viven en zonas rurales o remotas son las que m\u00e1s sufren la brecha digital en Espa\u00f1a.<\/p>\n<h3><span class=\"ez-toc-section\" id=\"%C2%BFQue_podemos_hacer_para_reducir_la_brecha_digital_en_Espana\"><\/span>\u00bfQu\u00e9 podemos hacer para reducir la brecha digital en Espa\u00f1a?<span class=\"ez-toc-section-end\"><\/span><\/h3>\n<p>Se pueden tomar medidas como mejorar el acceso a internet en zonas rurales, ofrecer cursos de formaci\u00f3n en tecnolog\u00eda para personas mayores y reducir el costo de acceso a internet y dispositivos tecnol\u00f3gicos.<\/p>\n<\/section>\n<footer>\n<p>\u00a9 2023 Ana Gonz\u00e1lez<\/p>\n<\/footer>\n","protected":false},"excerpt":{"rendered":"<p>\u00bfQu\u00e9 es la brecha digital y c\u00f3mo afecta a Espa\u00f1a? Por Ana Gonz\u00e1lez Curiosidades y estad\u00edsticas sobre la brecha digital La brecha digital se refiere a la diferencia en el acceso y uso de la tecnolog\u00eda entre diferentes grupos de personas. En Espa\u00f1a, el 43% de la poblaci\u00f3n no tiene acceso a internet en sus &#8230; <a title=\"Qu\u00e9 es la brecha digital\" class=\"read-more\" href=\"https:\/\/dudasytextos.com\/preguntaquees\/que-es-la-brecha-digital\/\" aria-label=\"M\u00e1s en Qu\u00e9 es la brecha digital\">Leer m\u00e1s<\/a><\/p>\n","protected":false},"author":1,"featured_media":0,"comment_status":"open","ping_status":"open","sticky":false,"template":"","format":"standard","meta":{"footnotes":""},"categories":[4],"tags":[],"class_list":["post-149462","post","type-post","status-publish","format-standard","hentry","category-que-es"],"aioseo_notices":[],"aioseo_head":"\n\t\t<!-- All in One SEO 5.0.1.1 - aioseo.com -->\n\t<meta name=\"description\" content=\"\u00bfQu\u00e9 es la brecha digital y c\u00f3mo afecta a Espa\u00f1a? Por Ana Gonz\u00e1lez Curiosidades y estad\u00edsticas sobre la brecha digital La brecha digital se refiere a la diferencia en el acceso y uso de la tecnolog\u00eda entre diferentes grupos de personas. En Espa\u00f1a, el 43% de la poblaci\u00f3n no tiene acceso a internet en sus\" \/>\n\t<meta name=\"robots\" content=\"max-snippet:-1, max-image-preview:large, max-video-preview:-1\" \/>\n\t<meta name=\"author\" content=\"Ana Gonz\u00e1lez\"\/>\n\t<link rel=\"canonical\" href=\"https:\/\/dudasytextos.com\/preguntaquees\/que-es-la-brecha-digital\/\" \/>\n\t<meta name=\"generator\" content=\"All in One SEO (AIOSEO) 5.0.1.1\" \/>\n\n\t\t<!-- Google tag (gtag.js) -->\n<script async src=\"https:\/\/www.googletagmanager.com\/gtag\/js?id=G-QEZWJ7M6T7\"><\/script>\n<script>\n  window.dataLayer = window.dataLayer || [];\n  function gtag(){dataLayer.push(arguments);}\n  gtag('js', new Date());\n\n  gtag('config', 'G-QEZWJ7M6T7');\n<\/script>\n<script async src=\"https:\/\/pagead2.googlesyndication.com\/pagead\/js\/adsbygoogle.js?client=ca-pub-3987500858204711\"\n     crossorigin=\"anonymous\"><\/script>\n\t\t<meta property=\"og:locale\" content=\"es_ES\" \/>\n\t\t<meta property=\"og:site_name\" content=\"\u00bfQu\u00e9 es? - \u00bfQu\u00e9 es?\" \/>\n\t\t<meta property=\"og:type\" content=\"article\" \/>\n\t\t<meta property=\"og:title\" content=\"Qu\u00e9 es la brecha digital (2026) \u00bfQu\u00e9 es?\" \/>\n\t\t<meta property=\"og:description\" content=\"\u00bfQu\u00e9 es la brecha digital y c\u00f3mo afecta a Espa\u00f1a? Por Ana Gonz\u00e1lez Curiosidades y estad\u00edsticas sobre la brecha digital La brecha digital se refiere a la diferencia en el acceso y uso de la tecnolog\u00eda entre diferentes grupos de personas. En Espa\u00f1a, el 43% de la poblaci\u00f3n no tiene acceso a internet en sus\" \/>\n\t\t<meta property=\"og:url\" content=\"https:\/\/dudasytextos.com\/preguntaquees\/que-es-la-brecha-digital\/\" \/>\n\t\t<meta property=\"article:published_time\" content=\"2025-02-21T20:08:15+00:00\" \/>\n\t\t<meta property=\"article:modified_time\" content=\"2025-03-13T11:31:31+00:00\" \/>\n\t\t<meta name=\"twitter:card\" content=\"summary_large_image\" \/>\n\t\t<meta name=\"twitter:title\" content=\"Qu\u00e9 es la brecha digital (2026) \u00bfQu\u00e9 es?\" \/>\n\t\t<meta name=\"twitter:description\" content=\"\u00bfQu\u00e9 es la brecha digital y c\u00f3mo afecta a Espa\u00f1a? Por Ana Gonz\u00e1lez Curiosidades y estad\u00edsticas sobre la brecha digital La brecha digital se refiere a la diferencia en el acceso y uso de la tecnolog\u00eda entre diferentes grupos de personas. En Espa\u00f1a, el 43% de la poblaci\u00f3n no tiene acceso a internet en sus\" \/>\n\t\t<script type=\"application\/ld+json\" class=\"aioseo-schema\">\n\t\t\t{\"@context\":\"https:\\\/\\\/schema.org\",\"@graph\":[{\"@type\":\"BlogPosting\",\"@id\":\"https:\\\/\\\/dudasytextos.com\\\/preguntaquees\\\/que-es-la-brecha-digital\\\/#blogposting\",\"name\":\"Qu\\u00e9 es la brecha digital (2026) \\u00bfQu\\u00e9 es?\",\"headline\":\"Qu\\u00e9 es la brecha digital\",\"author\":{\"@id\":\"https:\\\/\\\/dudasytextos.com\\\/preguntaquees\\\/author\\\/admin44\\\/#author\"},\"publisher\":{\"@id\":\"https:\\\/\\\/dudasytextos.com\\\/preguntaquees\\\/#organization\"},\"datePublished\":\"2025-02-21T20:08:15+00:00\",\"dateModified\":\"2025-03-13T11:31:31+00:00\",\"inLanguage\":\"es-ES\",\"mainEntityOfPage\":{\"@id\":\"https:\\\/\\\/dudasytextos.com\\\/preguntaquees\\\/que-es-la-brecha-digital\\\/#webpage\"},\"isPartOf\":{\"@id\":\"https:\\\/\\\/dudasytextos.com\\\/preguntaquees\\\/que-es-la-brecha-digital\\\/#webpage\"},\"articleSection\":\"\\u00bfQu\\u00e9 es?\"},{\"@type\":\"BreadcrumbList\",\"@id\":\"https:\\\/\\\/dudasytextos.com\\\/preguntaquees\\\/que-es-la-brecha-digital\\\/#breadcrumblist\",\"itemListElement\":[{\"@type\":\"ListItem\",\"@id\":\"https:\\\/\\\/dudasytextos.com\\\/preguntaquees#listItem\",\"position\":1,\"name\":\"Inicio\",\"item\":\"https:\\\/\\\/dudasytextos.com\\\/preguntaquees\",\"nextItem\":{\"@type\":\"ListItem\",\"@id\":\"https:\\\/\\\/dudasytextos.com\\\/preguntaquees\\\/category\\\/que-es\\\/#listItem\",\"name\":\"\\u00bfQu\\u00e9 es?\"}},{\"@type\":\"ListItem\",\"@id\":\"https:\\\/\\\/dudasytextos.com\\\/preguntaquees\\\/category\\\/que-es\\\/#listItem\",\"position\":2,\"name\":\"\\u00bfQu\\u00e9 es?\",\"item\":\"https:\\\/\\\/dudasytextos.com\\\/preguntaquees\\\/category\\\/que-es\\\/\",\"nextItem\":{\"@type\":\"ListItem\",\"@id\":\"https:\\\/\\\/dudasytextos.com\\\/preguntaquees\\\/que-es-la-brecha-digital\\\/#listItem\",\"name\":\"Qu\\u00e9 es la brecha digital\"},\"previousItem\":{\"@type\":\"ListItem\",\"@id\":\"https:\\\/\\\/dudasytextos.com\\\/preguntaquees#listItem\",\"name\":\"Inicio\"}},{\"@type\":\"ListItem\",\"@id\":\"https:\\\/\\\/dudasytextos.com\\\/preguntaquees\\\/que-es-la-brecha-digital\\\/#listItem\",\"position\":3,\"name\":\"Qu\\u00e9 es la brecha digital\",\"previousItem\":{\"@type\":\"ListItem\",\"@id\":\"https:\\\/\\\/dudasytextos.com\\\/preguntaquees\\\/category\\\/que-es\\\/#listItem\",\"name\":\"\\u00bfQu\\u00e9 es?\"}}]},{\"@type\":\"Organization\",\"@id\":\"https:\\\/\\\/dudasytextos.com\\\/preguntaquees\\\/#organization\",\"name\":\"\\u00bfC\\u00f3mo funciona?\",\"description\":\"\\u00bfQu\\u00e9 es?\",\"url\":\"https:\\\/\\\/dudasytextos.com\\\/preguntaquees\\\/\"},{\"@type\":\"Person\",\"@id\":\"https:\\\/\\\/dudasytextos.com\\\/preguntaquees\\\/author\\\/admin44\\\/#author\",\"url\":\"https:\\\/\\\/dudasytextos.com\\\/preguntaquees\\\/author\\\/admin44\\\/\",\"name\":\"Ana Gonz\\u00e1lez\"},{\"@type\":\"WebPage\",\"@id\":\"https:\\\/\\\/dudasytextos.com\\\/preguntaquees\\\/que-es-la-brecha-digital\\\/#webpage\",\"url\":\"https:\\\/\\\/dudasytextos.com\\\/preguntaquees\\\/que-es-la-brecha-digital\\\/\",\"name\":\"Qu\\u00e9 es la brecha digital (2026) \\u00bfQu\\u00e9 es?\",\"description\":\"\\u00bfQu\\u00e9 es la brecha digital y c\\u00f3mo afecta a Espa\\u00f1a? Por Ana Gonz\\u00e1lez Curiosidades y estad\\u00edsticas sobre la brecha digital La brecha digital se refiere a la diferencia en el acceso y uso de la tecnolog\\u00eda entre diferentes grupos de personas. En Espa\\u00f1a, el 43% de la poblaci\\u00f3n no tiene acceso a internet en sus\",\"inLanguage\":\"es-ES\",\"isPartOf\":{\"@id\":\"https:\\\/\\\/dudasytextos.com\\\/preguntaquees\\\/#website\"},\"breadcrumb\":{\"@id\":\"https:\\\/\\\/dudasytextos.com\\\/preguntaquees\\\/que-es-la-brecha-digital\\\/#breadcrumblist\"},\"author\":{\"@id\":\"https:\\\/\\\/dudasytextos.com\\\/preguntaquees\\\/author\\\/admin44\\\/#author\"},\"creator\":{\"@id\":\"https:\\\/\\\/dudasytextos.com\\\/preguntaquees\\\/author\\\/admin44\\\/#author\"},\"datePublished\":\"2025-02-21T20:08:15+00:00\",\"dateModified\":\"2025-03-13T11:31:31+00:00\"},{\"@type\":\"WebSite\",\"@id\":\"https:\\\/\\\/dudasytextos.com\\\/preguntaquees\\\/#website\",\"url\":\"https:\\\/\\\/dudasytextos.com\\\/preguntaquees\\\/\",\"name\":\"\\u00bfC\\u00f3mo funciona?\",\"description\":\"\\u00bfQu\\u00e9 es?\",\"inLanguage\":\"es-ES\",\"publisher\":{\"@id\":\"https:\\\/\\\/dudasytextos.com\\\/preguntaquees\\\/#organization\"}}]}\n\t\t<\/script>\n\t\t<!-- All in One SEO -->\n\n","aioseo_head_json":{"title":"Qu\u00e9 es la brecha digital (2026) \u00bfQu\u00e9 es?","description":"\u00bfQu\u00e9 es la brecha digital y c\u00f3mo afecta a Espa\u00f1a? Por Ana Gonz\u00e1lez Curiosidades y estad\u00edsticas sobre la brecha digital La brecha digital se refiere a la diferencia en el acceso y uso de la tecnolog\u00eda entre diferentes grupos de personas. En Espa\u00f1a, el 43% de la poblaci\u00f3n no tiene acceso a internet en sus","canonical_url":"https:\/\/dudasytextos.com\/preguntaquees\/que-es-la-brecha-digital\/","robots":"max-snippet:-1, max-image-preview:large, max-video-preview:-1","keywords":"","webmasterTools":{"miscellaneous":"&lt;!-- Google tag (gtag.js) --&gt;\n&lt;script async src=\"https:\/\/www.googletagmanager.com\/gtag\/js?id=G-QEZWJ7M6T7\"&gt;&lt;\/script&gt;\n&lt;script&gt;\n  window.dataLayer = window.dataLayer || [];\n  function gtag(){dataLayer.push(arguments);}\n  gtag('js', new Date());\n\n  gtag('config', 'G-QEZWJ7M6T7');\n&lt;\/script&gt;\n&lt;script async src=\"https:\/\/pagead2.googlesyndication.com\/pagead\/js\/adsbygoogle.js?client=ca-pub-3987500858204711\"\n     crossorigin=\"anonymous\"&gt;&lt;\/script&gt;"},"schema":{"@context":"https:\/\/schema.org","@graph":[{"@type":"BlogPosting","@id":"https:\/\/dudasytextos.com\/preguntaquees\/que-es-la-brecha-digital\/#blogposting","name":"Qu\u00e9 es la brecha digital (2026) \u00bfQu\u00e9 es?","headline":"Qu\u00e9 es la brecha digital","author":{"@id":"https:\/\/dudasytextos.com\/preguntaquees\/author\/admin44\/#author"},"publisher":{"@id":"https:\/\/dudasytextos.com\/preguntaquees\/#organization"},"datePublished":"2025-02-21T20:08:15+00:00","dateModified":"2025-03-13T11:31:31+00:00","inLanguage":"es-ES","mainEntityOfPage":{"@id":"https:\/\/dudasytextos.com\/preguntaquees\/que-es-la-brecha-digital\/#webpage"},"isPartOf":{"@id":"https:\/\/dudasytextos.com\/preguntaquees\/que-es-la-brecha-digital\/#webpage"},"articleSection":"\u00bfQu\u00e9 es?"},{"@type":"BreadcrumbList","@id":"https:\/\/dudasytextos.com\/preguntaquees\/que-es-la-brecha-digital\/#breadcrumblist","itemListElement":[{"@type":"ListItem","@id":"https:\/\/dudasytextos.com\/preguntaquees#listItem","position":1,"name":"Inicio","item":"https:\/\/dudasytextos.com\/preguntaquees","nextItem":{"@type":"ListItem","@id":"https:\/\/dudasytextos.com\/preguntaquees\/category\/que-es\/#listItem","name":"\u00bfQu\u00e9 es?"}},{"@type":"ListItem","@id":"https:\/\/dudasytextos.com\/preguntaquees\/category\/que-es\/#listItem","position":2,"name":"\u00bfQu\u00e9 es?","item":"https:\/\/dudasytextos.com\/preguntaquees\/category\/que-es\/","nextItem":{"@type":"ListItem","@id":"https:\/\/dudasytextos.com\/preguntaquees\/que-es-la-brecha-digital\/#listItem","name":"Qu\u00e9 es la brecha digital"},"previousItem":{"@type":"ListItem","@id":"https:\/\/dudasytextos.com\/preguntaquees#listItem","name":"Inicio"}},{"@type":"ListItem","@id":"https:\/\/dudasytextos.com\/preguntaquees\/que-es-la-brecha-digital\/#listItem","position":3,"name":"Qu\u00e9 es la brecha digital","previousItem":{"@type":"ListItem","@id":"https:\/\/dudasytextos.com\/preguntaquees\/category\/que-es\/#listItem","name":"\u00bfQu\u00e9 es?"}}]},{"@type":"Organization","@id":"https:\/\/dudasytextos.com\/preguntaquees\/#organization","name":"\u00bfC\u00f3mo funciona?","description":"\u00bfQu\u00e9 es?","url":"https:\/\/dudasytextos.com\/preguntaquees\/"},{"@type":"Person","@id":"https:\/\/dudasytextos.com\/preguntaquees\/author\/admin44\/#author","url":"https:\/\/dudasytextos.com\/preguntaquees\/author\/admin44\/","name":"Ana Gonz\u00e1lez"},{"@type":"WebPage","@id":"https:\/\/dudasytextos.com\/preguntaquees\/que-es-la-brecha-digital\/#webpage","url":"https:\/\/dudasytextos.com\/preguntaquees\/que-es-la-brecha-digital\/","name":"Qu\u00e9 es la brecha digital (2026) \u00bfQu\u00e9 es?","description":"\u00bfQu\u00e9 es la brecha digital y c\u00f3mo afecta a Espa\u00f1a? Por Ana Gonz\u00e1lez Curiosidades y estad\u00edsticas sobre la brecha digital La brecha digital se refiere a la diferencia en el acceso y uso de la tecnolog\u00eda entre diferentes grupos de personas. En Espa\u00f1a, el 43% de la poblaci\u00f3n no tiene acceso a internet en sus","inLanguage":"es-ES","isPartOf":{"@id":"https:\/\/dudasytextos.com\/preguntaquees\/#website"},"breadcrumb":{"@id":"https:\/\/dudasytextos.com\/preguntaquees\/que-es-la-brecha-digital\/#breadcrumblist"},"author":{"@id":"https:\/\/dudasytextos.com\/preguntaquees\/author\/admin44\/#author"},"creator":{"@id":"https:\/\/dudasytextos.com\/preguntaquees\/author\/admin44\/#author"},"datePublished":"2025-02-21T20:08:15+00:00","dateModified":"2025-03-13T11:31:31+00:00"},{"@type":"WebSite","@id":"https:\/\/dudasytextos.com\/preguntaquees\/#website","url":"https:\/\/dudasytextos.com\/preguntaquees\/","name":"\u00bfC\u00f3mo funciona?","description":"\u00bfQu\u00e9 es?","inLanguage":"es-ES","publisher":{"@id":"https:\/\/dudasytextos.com\/preguntaquees\/#organization"}}]},"og:locale":"es_ES","og:site_name":"\u00bfQu\u00e9 es? - \u00bfQu\u00e9 es?","og:type":"article","og:title":"Qu\u00e9 es la brecha digital (2026) \u00bfQu\u00e9 es?","og:description":"\u00bfQu\u00e9 es la brecha digital y c\u00f3mo afecta a Espa\u00f1a? Por Ana Gonz\u00e1lez Curiosidades y estad\u00edsticas sobre la brecha digital La brecha digital se refiere a la diferencia en el acceso y uso de la tecnolog\u00eda entre diferentes grupos de personas. En Espa\u00f1a, el 43% de la poblaci\u00f3n no tiene acceso a internet en sus","og:url":"https:\/\/dudasytextos.com\/preguntaquees\/que-es-la-brecha-digital\/","article:published_time":"2025-02-21T20:08:15+00:00","article:modified_time":"2025-03-13T11:31:31+00:00","twitter:card":"summary_large_image","twitter:title":"Qu\u00e9 es la brecha digital (2026) \u00bfQu\u00e9 es?","twitter:description":"\u00bfQu\u00e9 es la brecha digital y c\u00f3mo afecta a Espa\u00f1a? Por Ana Gonz\u00e1lez Curiosidades y estad\u00edsticas sobre la brecha digital La brecha digital se refiere a la diferencia en el acceso y uso de la tecnolog\u00eda entre diferentes grupos de personas. En Espa\u00f1a, el 43% de la poblaci\u00f3n no tiene acceso a internet en sus"},"aioseo_meta_data":{"post_id":"149462","title":null,"description":null,"keywords":null,"keyphrases":null,"primary_term":null,"canonical_url":null,"og_title":null,"og_description":null,"og_object_type":"default","og_image_type":"default","og_image_url":null,"og_image_width":null,"og_image_height":null,"og_image_custom_url":null,"og_image_custom_fields":null,"og_video":null,"og_custom_url":null,"og_article_section":null,"og_article_tags":null,"twitter_use_og":false,"twitter_card":"default","twitter_image_type":"default","twitter_image_url":null,"twitter_image_custom_url":null,"twitter_image_custom_fields":null,"twitter_title":null,"twitter_description":null,"schema":{"blockGraphs":[],"customGraphs":[],"default":{"data":{"Article":[],"Course":[],"Dataset":[],"FAQPage":[],"Movie":[],"Person":[],"Product":[],"ProductReview":[],"Car":[],"Recipe":[],"Service":[],"SoftwareApplication":[],"WebPage":[]},"graphName":"","isEnabled":true},"graphs":[]},"schema_type":"default","schema_type_options":null,"pillar_content":false,"robots_default":true,"robots_noindex":false,"robots_noarchive":false,"robots_nosnippet":false,"robots_nofollow":false,"robots_noimageindex":false,"robots_noodp":false,"robots_notranslate":false,"robots_max_snippet":null,"robots_max_videopreview":null,"robots_max_imagepreview":"large","priority":null,"frequency":null,"local_seo":null,"breadcrumb_settings":null,"limit_modified_date":false,"ai":null,"created":"2023-05-14 03:50:36","updated":"2025-06-03 23:18:37","seo_analyzer_scan_date":null,"focus_keyword":null,"additional_keywords":null,"truseo_locale":null},"aioseo_breadcrumb":"<div class=\"aioseo-breadcrumbs\"><span class=\"aioseo-breadcrumb\">\n\t\t\t<a href=\"https:\/\/dudasytextos.com\/preguntaquees\" title=\"Inicio\">Inicio<\/a>\n\t\t<\/span><span class=\"aioseo-breadcrumb-separator\">&raquo;<\/span><span class=\"aioseo-breadcrumb\">\n\t\t\t<a href=\"https:\/\/dudasytextos.com\/preguntaquees\/category\/que-es\/\" title=\"\u00bfQu\u00e9 es?\">\u00bfQu\u00e9 es?<\/a>\n\t\t<\/span><span class=\"aioseo-breadcrumb-separator\">&raquo;<\/span><span class=\"aioseo-breadcrumb\">\n\t\t\tQu\u00e9 es la brecha digital\n\t\t<\/span><\/div>","aioseo_breadcrumb_json":[{"label":"Inicio","link":"https:\/\/dudasytextos.com\/preguntaquees"},{"label":"\u00bfQu\u00e9 es?","link":"https:\/\/dudasytextos.com\/preguntaquees\/category\/que-es\/"},{"label":"Qu\u00e9 es la brecha digital","link":"https:\/\/dudasytextos.com\/preguntaquees\/que-es-la-brecha-digital\/"}],"_links":{"self":[{"href":"https:\/\/dudasytextos.com\/preguntaquees\/wp-json\/wp\/v2\/posts\/149462","targetHints":{"allow":["GET"]}}],"collection":[{"href":"https:\/\/dudasytextos.com\/preguntaquees\/wp-json\/wp\/v2\/posts"}],"about":[{"href":"https:\/\/dudasytextos.com\/preguntaquees\/wp-json\/wp\/v2\/types\/post"}],"author":[{"embeddable":true,"href":"https:\/\/dudasytextos.com\/preguntaquees\/wp-json\/wp\/v2\/users\/1"}],"replies":[{"embeddable":true,"href":"https:\/\/dudasytextos.com\/preguntaquees\/wp-json\/wp\/v2\/comments?post=149462"}],"version-history":[{"count":1,"href":"https:\/\/dudasytextos.com\/preguntaquees\/wp-json\/wp\/v2\/posts\/149462\/revisions"}],"predecessor-version":[{"id":156367,"href":"https:\/\/dudasytextos.com\/preguntaquees\/wp-json\/wp\/v2\/posts\/149462\/revisions\/156367"}],"wp:attachment":[{"href":"https:\/\/dudasytextos.com\/preguntaquees\/wp-json\/wp\/v2\/media?parent=149462"}],"wp:term":[{"taxonomy":"category","embeddable":true,"href":"https:\/\/dudasytextos.com\/preguntaquees\/wp-json\/wp\/v2\/categories?post=149462"},{"taxonomy":"post_tag","embeddable":true,"href":"https:\/\/dudasytextos.com\/preguntaquees\/wp-json\/wp\/v2\/tags?post=149462"}],"curies":[{"name":"wp","href":"https:\/\/api.w.org\/{rel}","templated":true}]}}