{"id":149505,"date":"2025-03-09T16:17:07","date_gmt":"2025-03-09T16:17:07","guid":{"rendered":"https:\/\/educacion.cc\/?p=149505"},"modified":"2025-03-13T06:02:58","modified_gmt":"2025-03-13T06:02:58","slug":"que-es-la-deriva-continental","status":"publish","type":"post","link":"https:\/\/dudasytextos.com\/preguntaquees\/que-es-la-deriva-continental\/","title":{"rendered":"Qu\u00e9 es la deriva continental"},"content":{"rendered":"<div id=\"ez-toc-container\" class=\"ez-toc-v2_0_87 counter-hierarchy ez-toc-counter ez-toc-custom ez-toc-container-direction\">\n<div class=\"ez-toc-title-container\">\n<span class=\"ez-toc-title-toggle\"><\/span><\/div>\n<nav><ul class='ez-toc-list ez-toc-list-level-1 ' ><li class='ez-toc-page-1 ez-toc-heading-level-2'><a class=\"ez-toc-link ez-toc-heading-1\" href=\"https:\/\/dudasytextos.com\/preguntaquees\/que-es-la-deriva-continental\/#%C2%BFQue_es_la_deriva_continental\" >\u00bfQu\u00e9 es la deriva continental?<\/a><\/li><li class='ez-toc-page-1 ez-toc-heading-level-2'><a class=\"ez-toc-link ez-toc-heading-2\" href=\"https:\/\/dudasytextos.com\/preguntaquees\/que-es-la-deriva-continental\/#Escrito_por_Ana_Gonzalez\" >Escrito por Ana Gonz\u00e1lez<\/a><\/li><li class='ez-toc-page-1 ez-toc-heading-level-2'><a class=\"ez-toc-link ez-toc-heading-3\" href=\"https:\/\/dudasytextos.com\/preguntaquees\/que-es-la-deriva-continental\/#Curiosidades_sobre_la_deriva_continental\" >Curiosidades sobre la deriva continental<\/a><\/li><li class='ez-toc-page-1 ez-toc-heading-level-2'><a class=\"ez-toc-link ez-toc-heading-4\" href=\"https:\/\/dudasytextos.com\/preguntaquees\/que-es-la-deriva-continental\/#%C2%BFQue_es_la_deriva_continental-2\" >\u00bfQu\u00e9 es la deriva continental?<\/a><\/li><li class='ez-toc-page-1 ez-toc-heading-level-2'><a class=\"ez-toc-link ez-toc-heading-5\" href=\"https:\/\/dudasytextos.com\/preguntaquees\/que-es-la-deriva-continental\/#%C2%BFComo_funciona_la_deriva_continental\" >\u00bfC\u00f3mo funciona la deriva continental?<\/a><\/li><li class='ez-toc-page-1 ez-toc-heading-level-2'><a class=\"ez-toc-link ez-toc-heading-6\" href=\"https:\/\/dudasytextos.com\/preguntaquees\/que-es-la-deriva-continental\/#%C2%BFPor_que_es_importante_la_deriva_continental\" >\u00bfPor qu\u00e9 es importante la deriva continental?<\/a><\/li><li class='ez-toc-page-1 ez-toc-heading-level-2'><a class=\"ez-toc-link ez-toc-heading-7\" href=\"https:\/\/dudasytextos.com\/preguntaquees\/que-es-la-deriva-continental\/#Mi_experiencia_personal_con_la_deriva_continental\" >Mi experiencia personal con la deriva continental<\/a><\/li><li class='ez-toc-page-1 ez-toc-heading-level-2'><a class=\"ez-toc-link ez-toc-heading-8\" href=\"https:\/\/dudasytextos.com\/preguntaquees\/que-es-la-deriva-continental\/#Preguntas_frecuentes_sobre_la_deriva_continental\" >Preguntas frecuentes sobre la deriva continental<\/a><ul class='ez-toc-list-level-3' ><li class='ez-toc-heading-level-3'><a class=\"ez-toc-link ez-toc-heading-9\" href=\"https:\/\/dudasytextos.com\/preguntaquees\/que-es-la-deriva-continental\/#%C2%BFComo_se_descubrio_la_deriva_continental\" >\u00bfC\u00f3mo se descubri\u00f3 la deriva continental?<\/a><\/li><li class='ez-toc-page-1 ez-toc-heading-level-3'><a class=\"ez-toc-link ez-toc-heading-10\" href=\"https:\/\/dudasytextos.com\/preguntaquees\/que-es-la-deriva-continental\/#%C2%BFPor_que_la_teoria_de_la_deriva_continental_fue_rechazada_en_un_principio\" >\u00bfPor qu\u00e9 la teor\u00eda de la deriva continental fue rechazada en un principio?<\/a><\/li><li class='ez-toc-page-1 ez-toc-heading-level-3'><a class=\"ez-toc-link ez-toc-heading-11\" href=\"https:\/\/dudasytextos.com\/preguntaquees\/que-es-la-deriva-continental\/#%C2%BFCuales_son_las_consecuencias_de_la_deriva_continental\" >\u00bfCu\u00e1les son las consecuencias de la deriva continental?<\/a><\/li><\/ul><\/li><\/ul><\/nav><\/div>\n<h2><span class=\"ez-toc-section\" id=\"%C2%BFQue_es_la_deriva_continental\"><\/span>\u00bfQu\u00e9 es la deriva continental?<span class=\"ez-toc-section-end\"><\/span><\/h2>\n<h2><span class=\"ez-toc-section\" id=\"Escrito_por_Ana_Gonzalez\"><\/span>Escrito por Ana Gonz\u00e1lez<span class=\"ez-toc-section-end\"><\/span><\/h2>\n<section>\n<h2><span class=\"ez-toc-section\" id=\"Curiosidades_sobre_la_deriva_continental\"><\/span>Curiosidades sobre la deriva continental<span class=\"ez-toc-section-end\"><\/span><\/h2>\n<ul>\n<li>La teor\u00eda de la deriva continental fue propuesta por el ge\u00f3logo alem\u00e1n Alfred Wegener en 1912.<\/li>\n<li>La deriva continental se refiere al movimiento de los continentes a lo largo del tiempo.<\/li>\n<li>La teor\u00eda de la deriva continental fue ampliamente aceptada despu\u00e9s del hallazgo de la evidencia f\u00f3sil y geol\u00f3gica.<\/li>\n<li>La teor\u00eda de la deriva continental es importante para comprender la historia de la Tierra y c\u00f3mo se form\u00f3 el mundo tal como lo conocemos hoy.<\/li>\n<\/ul>\n<\/section>\n<section>\n<h2><span class=\"ez-toc-section\" id=\"%C2%BFQue_es_la_deriva_continental-2\"><\/span>\u00bfQu\u00e9 es la deriva continental?<span class=\"ez-toc-section-end\"><\/span><\/h2>\n<p>La deriva continental es una teor\u00eda que explica c\u00f3mo los continentes se han movido a lo largo del tiempo. Se cree que todos los continentes alguna vez estuvieron unidos en un supercontinente llamado Pangea. Con el tiempo, los continentes se han separado y movido a trav\u00e9s de la superficie de la Tierra.<\/p>\n<p>La teor\u00eda de la deriva continental se basa en la idea de que la corteza terrestre est\u00e1 compuesta por placas tect\u00f3nicas que flotan sobre una capa de magma l\u00edquido. Estas placas se mueven lentamente, impulsadas por las corrientes de convecci\u00f3n en el manto de la Tierra.<\/p>\n<\/section>\n<section>\n<h2><span class=\"ez-toc-section\" id=\"%C2%BFComo_funciona_la_deriva_continental\"><\/span>\u00bfC\u00f3mo funciona la deriva continental?<span class=\"ez-toc-section-end\"><\/span><\/h2>\n<p>La deriva continental funciona gracias a la tect\u00f3nica de placas, un proceso en el que las placas tect\u00f3nicas se mueven y cambian de posici\u00f3n. Las placas tect\u00f3nicas se mueven debido a las corrientes de convecci\u00f3n en el manto terrestre. Estas corrientes de convecci\u00f3n son impulsadas por el calor generado por la desintegraci\u00f3n de los elementos radiactivos en el interior de la Tierra.<\/p>\n<p>Como resultado de la tect\u00f3nica de placas, los continentes se han movido y separado a lo largo del tiempo. Se cree que Pangea se form\u00f3 hace unos 300 millones de a\u00f1os y se dividi\u00f3 hace unos 200 millones de a\u00f1os. Desde entonces, los continentes han seguido movi\u00e9ndose y cambiando de posici\u00f3n.<\/p>\n<\/section>\n<section>\n<h2><span class=\"ez-toc-section\" id=\"%C2%BFPor_que_es_importante_la_deriva_continental\"><\/span>\u00bfPor qu\u00e9 es importante la deriva continental?<span class=\"ez-toc-section-end\"><\/span><\/h2>\n<p>La deriva continental es importante porque nos ayuda a comprender c\u00f3mo se ha formado el mundo tal como lo conocemos hoy. La deriva continental ha afectado la geograf\u00eda, el clima y la vida en la Tierra. Por ejemplo, la separaci\u00f3n de los continentes ha creado oc\u00e9anos y mares, lo que ha tenido un impacto en el clima y en la vida acu\u00e1tica. Adem\u00e1s, los continentes en movimiento han creado monta\u00f1as, volcanes y terremotos.<\/p>\n<p>La teor\u00eda de la deriva continental tambi\u00e9n ha ayudado a explicar la distribuci\u00f3n de los f\u00f3siles y la geolog\u00eda de la Tierra. Por ejemplo, los f\u00f3siles de animales y plantas similares se han encontrado en diferentes continentes, lo que sugiere que estos continentes alguna vez estuvieron unidos.<\/p>\n<\/section>\n<section>\n<h2><span class=\"ez-toc-section\" id=\"Mi_experiencia_personal_con_la_deriva_continental\"><\/span>Mi experiencia personal con la deriva continental<span class=\"ez-toc-section-end\"><\/span><\/h2>\n<p>Hace unos a\u00f1os, tuve la oportunidad de visitar la Isla de Pascua, ubicada en el Oc\u00e9ano Pac\u00edfico. Esta isla es conocida por sus famosas estatuas de piedra, pero lo que me llam\u00f3 la atenci\u00f3n fue la geolog\u00eda de la isla. La isla est\u00e1 formada por una combinaci\u00f3n de lava y roca volc\u00e1nica, lo que sugiere que alguna vez estuvo conectada con la costa de Am\u00e9rica del Sur.<\/p>\n<p>Esta experiencia me llev\u00f3 a investigar m\u00e1s sobre la deriva continental y c\u00f3mo ha afectado la geograf\u00eda y la historia de nuestro planeta.<\/p>\n<\/section>\n<section>\n<h2><span class=\"ez-toc-section\" id=\"Preguntas_frecuentes_sobre_la_deriva_continental\"><\/span>Preguntas frecuentes sobre la deriva continental<span class=\"ez-toc-section-end\"><\/span><\/h2>\n<h3><span class=\"ez-toc-section\" id=\"%C2%BFComo_se_descubrio_la_deriva_continental\"><\/span>\u00bfC\u00f3mo se descubri\u00f3 la deriva continental?<span class=\"ez-toc-section-end\"><\/span><\/h3>\n<p>La teor\u00eda de la deriva continental fue propuesta por Alfred Wegener en 1912. Wegener not\u00f3 que los continentes encajaban como piezas de un rompecabezas y que los f\u00f3siles de animales y plantas similares se encontraban en diferentes continentes.<\/p>\n<h3><span class=\"ez-toc-section\" id=\"%C2%BFPor_que_la_teoria_de_la_deriva_continental_fue_rechazada_en_un_principio\"><\/span>\u00bfPor qu\u00e9 la teor\u00eda de la deriva continental fue rechazada en un principio?<span class=\"ez-toc-section-end\"><\/span><\/h3>\n<p>La teor\u00eda de la deriva continental fue rechazada en un principio porque no hab\u00eda una explicaci\u00f3n clara de c\u00f3mo los continentes se mov\u00edan a trav\u00e9s de la Tierra. Fue hasta despu\u00e9s del descubrimiento de la evidencia geol\u00f3gica y f\u00f3sil que la teor\u00eda fue ampliamente aceptada.<\/p>\n<h3><span class=\"ez-toc-section\" id=\"%C2%BFCuales_son_las_consecuencias_de_la_deriva_continental\"><\/span>\u00bfCu\u00e1les son las consecuencias de la deriva continental?<span class=\"ez-toc-section-end\"><\/span><\/h3>\n<p>La deriva continental ha tenido varias consecuencias, incluyendo la formaci\u00f3n de monta\u00f1as, volcanes y terremotos. Tambi\u00e9n ha creado oc\u00e9anos y mares, lo que ha afectado el clima y la vida acu\u00e1tica en la Tierra.<\/p>\n<\/section>\n<footer>\n<p>\u00a9 2023 Ana Gonz\u00e1lez. Todos los derechos reservados.<\/p>\n<\/footer>\n","protected":false},"excerpt":{"rendered":"<p>\u00bfQu\u00e9 es la deriva continental? Escrito por Ana Gonz\u00e1lez Curiosidades sobre la deriva continental La teor\u00eda de la deriva continental fue propuesta por el ge\u00f3logo alem\u00e1n Alfred Wegener en 1912. La deriva continental se refiere al movimiento de los continentes a lo largo del tiempo. La teor\u00eda de la deriva continental fue ampliamente aceptada despu\u00e9s &#8230; <a title=\"Qu\u00e9 es la deriva continental\" class=\"read-more\" href=\"https:\/\/dudasytextos.com\/preguntaquees\/que-es-la-deriva-continental\/\" aria-label=\"M\u00e1s en Qu\u00e9 es la deriva continental\">Leer m\u00e1s<\/a><\/p>\n","protected":false},"author":1,"featured_media":0,"comment_status":"open","ping_status":"open","sticky":false,"template":"","format":"standard","meta":{"footnotes":""},"categories":[4],"tags":[],"class_list":["post-149505","post","type-post","status-publish","format-standard","hentry","category-que-es"],"aioseo_notices":[],"aioseo_head":"\n\t\t<!-- All in One SEO 5.0.1.1 - aioseo.com -->\n\t<meta name=\"description\" content=\"\u00bfQu\u00e9 es la deriva continental? Escrito por Ana Gonz\u00e1lez Curiosidades sobre la deriva continental La teor\u00eda de la deriva continental fue propuesta por el ge\u00f3logo alem\u00e1n Alfred Wegener en 1912. La deriva continental se refiere al movimiento de los continentes a lo largo del tiempo. La teor\u00eda de la deriva continental fue ampliamente aceptada despu\u00e9s\" \/>\n\t<meta name=\"robots\" content=\"max-snippet:-1, max-image-preview:large, max-video-preview:-1\" \/>\n\t<meta name=\"author\" content=\"Ana Gonz\u00e1lez\"\/>\n\t<link rel=\"canonical\" href=\"https:\/\/dudasytextos.com\/preguntaquees\/que-es-la-deriva-continental\/\" \/>\n\t<meta name=\"generator\" content=\"All in One SEO (AIOSEO) 5.0.1.1\" \/>\n\n\t\t<!-- Google tag (gtag.js) -->\n<script async src=\"https:\/\/www.googletagmanager.com\/gtag\/js?id=G-QEZWJ7M6T7\"><\/script>\n<script>\n  window.dataLayer = window.dataLayer || [];\n  function gtag(){dataLayer.push(arguments);}\n  gtag('js', new Date());\n\n  gtag('config', 'G-QEZWJ7M6T7');\n<\/script>\n<script async src=\"https:\/\/pagead2.googlesyndication.com\/pagead\/js\/adsbygoogle.js?client=ca-pub-3987500858204711\"\n     crossorigin=\"anonymous\"><\/script>\n\t\t<meta property=\"og:locale\" content=\"es_ES\" \/>\n\t\t<meta property=\"og:site_name\" content=\"\u00bfQu\u00e9 es? - \u00bfQu\u00e9 es?\" \/>\n\t\t<meta property=\"og:type\" content=\"article\" \/>\n\t\t<meta property=\"og:title\" content=\"Qu\u00e9 es la deriva continental (2026) \u00bfQu\u00e9 es?\" \/>\n\t\t<meta property=\"og:description\" content=\"\u00bfQu\u00e9 es la deriva continental? Escrito por Ana Gonz\u00e1lez Curiosidades sobre la deriva continental La teor\u00eda de la deriva continental fue propuesta por el ge\u00f3logo alem\u00e1n Alfred Wegener en 1912. La deriva continental se refiere al movimiento de los continentes a lo largo del tiempo. La teor\u00eda de la deriva continental fue ampliamente aceptada despu\u00e9s\" \/>\n\t\t<meta property=\"og:url\" content=\"https:\/\/dudasytextos.com\/preguntaquees\/que-es-la-deriva-continental\/\" \/>\n\t\t<meta property=\"article:published_time\" content=\"2025-03-09T16:17:07+00:00\" \/>\n\t\t<meta property=\"article:modified_time\" content=\"2025-03-13T06:02:58+00:00\" \/>\n\t\t<meta name=\"twitter:card\" content=\"summary_large_image\" \/>\n\t\t<meta name=\"twitter:title\" content=\"Qu\u00e9 es la deriva continental (2026) \u00bfQu\u00e9 es?\" \/>\n\t\t<meta name=\"twitter:description\" content=\"\u00bfQu\u00e9 es la deriva continental? Escrito por Ana Gonz\u00e1lez Curiosidades sobre la deriva continental La teor\u00eda de la deriva continental fue propuesta por el ge\u00f3logo alem\u00e1n Alfred Wegener en 1912. La deriva continental se refiere al movimiento de los continentes a lo largo del tiempo. La teor\u00eda de la deriva continental fue ampliamente aceptada despu\u00e9s\" \/>\n\t\t<script type=\"application\/ld+json\" class=\"aioseo-schema\">\n\t\t\t{\"@context\":\"https:\\\/\\\/schema.org\",\"@graph\":[{\"@type\":\"BlogPosting\",\"@id\":\"https:\\\/\\\/dudasytextos.com\\\/preguntaquees\\\/que-es-la-deriva-continental\\\/#blogposting\",\"name\":\"Qu\\u00e9 es la deriva continental (2026) \\u00bfQu\\u00e9 es?\",\"headline\":\"Qu\\u00e9 es la deriva continental\",\"author\":{\"@id\":\"https:\\\/\\\/dudasytextos.com\\\/preguntaquees\\\/author\\\/admin44\\\/#author\"},\"publisher\":{\"@id\":\"https:\\\/\\\/dudasytextos.com\\\/preguntaquees\\\/#organization\"},\"datePublished\":\"2025-03-09T16:17:07+00:00\",\"dateModified\":\"2025-03-13T06:02:58+00:00\",\"inLanguage\":\"es-ES\",\"mainEntityOfPage\":{\"@id\":\"https:\\\/\\\/dudasytextos.com\\\/preguntaquees\\\/que-es-la-deriva-continental\\\/#webpage\"},\"isPartOf\":{\"@id\":\"https:\\\/\\\/dudasytextos.com\\\/preguntaquees\\\/que-es-la-deriva-continental\\\/#webpage\"},\"articleSection\":\"\\u00bfQu\\u00e9 es?\"},{\"@type\":\"BreadcrumbList\",\"@id\":\"https:\\\/\\\/dudasytextos.com\\\/preguntaquees\\\/que-es-la-deriva-continental\\\/#breadcrumblist\",\"itemListElement\":[{\"@type\":\"ListItem\",\"@id\":\"https:\\\/\\\/dudasytextos.com\\\/preguntaquees#listItem\",\"position\":1,\"name\":\"Inicio\",\"item\":\"https:\\\/\\\/dudasytextos.com\\\/preguntaquees\",\"nextItem\":{\"@type\":\"ListItem\",\"@id\":\"https:\\\/\\\/dudasytextos.com\\\/preguntaquees\\\/category\\\/que-es\\\/#listItem\",\"name\":\"\\u00bfQu\\u00e9 es?\"}},{\"@type\":\"ListItem\",\"@id\":\"https:\\\/\\\/dudasytextos.com\\\/preguntaquees\\\/category\\\/que-es\\\/#listItem\",\"position\":2,\"name\":\"\\u00bfQu\\u00e9 es?\",\"item\":\"https:\\\/\\\/dudasytextos.com\\\/preguntaquees\\\/category\\\/que-es\\\/\",\"nextItem\":{\"@type\":\"ListItem\",\"@id\":\"https:\\\/\\\/dudasytextos.com\\\/preguntaquees\\\/que-es-la-deriva-continental\\\/#listItem\",\"name\":\"Qu\\u00e9 es la deriva continental\"},\"previousItem\":{\"@type\":\"ListItem\",\"@id\":\"https:\\\/\\\/dudasytextos.com\\\/preguntaquees#listItem\",\"name\":\"Inicio\"}},{\"@type\":\"ListItem\",\"@id\":\"https:\\\/\\\/dudasytextos.com\\\/preguntaquees\\\/que-es-la-deriva-continental\\\/#listItem\",\"position\":3,\"name\":\"Qu\\u00e9 es la deriva continental\",\"previousItem\":{\"@type\":\"ListItem\",\"@id\":\"https:\\\/\\\/dudasytextos.com\\\/preguntaquees\\\/category\\\/que-es\\\/#listItem\",\"name\":\"\\u00bfQu\\u00e9 es?\"}}]},{\"@type\":\"Organization\",\"@id\":\"https:\\\/\\\/dudasytextos.com\\\/preguntaquees\\\/#organization\",\"name\":\"\\u00bfC\\u00f3mo funciona?\",\"description\":\"\\u00bfQu\\u00e9 es?\",\"url\":\"https:\\\/\\\/dudasytextos.com\\\/preguntaquees\\\/\"},{\"@type\":\"Person\",\"@id\":\"https:\\\/\\\/dudasytextos.com\\\/preguntaquees\\\/author\\\/admin44\\\/#author\",\"url\":\"https:\\\/\\\/dudasytextos.com\\\/preguntaquees\\\/author\\\/admin44\\\/\",\"name\":\"Ana Gonz\\u00e1lez\"},{\"@type\":\"WebPage\",\"@id\":\"https:\\\/\\\/dudasytextos.com\\\/preguntaquees\\\/que-es-la-deriva-continental\\\/#webpage\",\"url\":\"https:\\\/\\\/dudasytextos.com\\\/preguntaquees\\\/que-es-la-deriva-continental\\\/\",\"name\":\"Qu\\u00e9 es la deriva continental (2026) \\u00bfQu\\u00e9 es?\",\"description\":\"\\u00bfQu\\u00e9 es la deriva continental? Escrito por Ana Gonz\\u00e1lez Curiosidades sobre la deriva continental La teor\\u00eda de la deriva continental fue propuesta por el ge\\u00f3logo alem\\u00e1n Alfred Wegener en 1912. La deriva continental se refiere al movimiento de los continentes a lo largo del tiempo. La teor\\u00eda de la deriva continental fue ampliamente aceptada despu\\u00e9s\",\"inLanguage\":\"es-ES\",\"isPartOf\":{\"@id\":\"https:\\\/\\\/dudasytextos.com\\\/preguntaquees\\\/#website\"},\"breadcrumb\":{\"@id\":\"https:\\\/\\\/dudasytextos.com\\\/preguntaquees\\\/que-es-la-deriva-continental\\\/#breadcrumblist\"},\"author\":{\"@id\":\"https:\\\/\\\/dudasytextos.com\\\/preguntaquees\\\/author\\\/admin44\\\/#author\"},\"creator\":{\"@id\":\"https:\\\/\\\/dudasytextos.com\\\/preguntaquees\\\/author\\\/admin44\\\/#author\"},\"datePublished\":\"2025-03-09T16:17:07+00:00\",\"dateModified\":\"2025-03-13T06:02:58+00:00\"},{\"@type\":\"WebSite\",\"@id\":\"https:\\\/\\\/dudasytextos.com\\\/preguntaquees\\\/#website\",\"url\":\"https:\\\/\\\/dudasytextos.com\\\/preguntaquees\\\/\",\"name\":\"\\u00bfC\\u00f3mo funciona?\",\"description\":\"\\u00bfQu\\u00e9 es?\",\"inLanguage\":\"es-ES\",\"publisher\":{\"@id\":\"https:\\\/\\\/dudasytextos.com\\\/preguntaquees\\\/#organization\"}}]}\n\t\t<\/script>\n\t\t<!-- All in One SEO -->\n\n","aioseo_head_json":{"title":"Qu\u00e9 es la deriva continental (2026) \u00bfQu\u00e9 es?","description":"\u00bfQu\u00e9 es la deriva continental? Escrito por Ana Gonz\u00e1lez Curiosidades sobre la deriva continental La teor\u00eda de la deriva continental fue propuesta por el ge\u00f3logo alem\u00e1n Alfred Wegener en 1912. La deriva continental se refiere al movimiento de los continentes a lo largo del tiempo. La teor\u00eda de la deriva continental fue ampliamente aceptada despu\u00e9s","canonical_url":"https:\/\/dudasytextos.com\/preguntaquees\/que-es-la-deriva-continental\/","robots":"max-snippet:-1, max-image-preview:large, max-video-preview:-1","keywords":"","webmasterTools":{"miscellaneous":"&lt;!-- Google tag (gtag.js) --&gt;\n&lt;script async src=\"https:\/\/www.googletagmanager.com\/gtag\/js?id=G-QEZWJ7M6T7\"&gt;&lt;\/script&gt;\n&lt;script&gt;\n  window.dataLayer = window.dataLayer || [];\n  function gtag(){dataLayer.push(arguments);}\n  gtag('js', new Date());\n\n  gtag('config', 'G-QEZWJ7M6T7');\n&lt;\/script&gt;\n&lt;script async src=\"https:\/\/pagead2.googlesyndication.com\/pagead\/js\/adsbygoogle.js?client=ca-pub-3987500858204711\"\n     crossorigin=\"anonymous\"&gt;&lt;\/script&gt;"},"schema":{"@context":"https:\/\/schema.org","@graph":[{"@type":"BlogPosting","@id":"https:\/\/dudasytextos.com\/preguntaquees\/que-es-la-deriva-continental\/#blogposting","name":"Qu\u00e9 es la deriva continental (2026) \u00bfQu\u00e9 es?","headline":"Qu\u00e9 es la deriva continental","author":{"@id":"https:\/\/dudasytextos.com\/preguntaquees\/author\/admin44\/#author"},"publisher":{"@id":"https:\/\/dudasytextos.com\/preguntaquees\/#organization"},"datePublished":"2025-03-09T16:17:07+00:00","dateModified":"2025-03-13T06:02:58+00:00","inLanguage":"es-ES","mainEntityOfPage":{"@id":"https:\/\/dudasytextos.com\/preguntaquees\/que-es-la-deriva-continental\/#webpage"},"isPartOf":{"@id":"https:\/\/dudasytextos.com\/preguntaquees\/que-es-la-deriva-continental\/#webpage"},"articleSection":"\u00bfQu\u00e9 es?"},{"@type":"BreadcrumbList","@id":"https:\/\/dudasytextos.com\/preguntaquees\/que-es-la-deriva-continental\/#breadcrumblist","itemListElement":[{"@type":"ListItem","@id":"https:\/\/dudasytextos.com\/preguntaquees#listItem","position":1,"name":"Inicio","item":"https:\/\/dudasytextos.com\/preguntaquees","nextItem":{"@type":"ListItem","@id":"https:\/\/dudasytextos.com\/preguntaquees\/category\/que-es\/#listItem","name":"\u00bfQu\u00e9 es?"}},{"@type":"ListItem","@id":"https:\/\/dudasytextos.com\/preguntaquees\/category\/que-es\/#listItem","position":2,"name":"\u00bfQu\u00e9 es?","item":"https:\/\/dudasytextos.com\/preguntaquees\/category\/que-es\/","nextItem":{"@type":"ListItem","@id":"https:\/\/dudasytextos.com\/preguntaquees\/que-es-la-deriva-continental\/#listItem","name":"Qu\u00e9 es la deriva continental"},"previousItem":{"@type":"ListItem","@id":"https:\/\/dudasytextos.com\/preguntaquees#listItem","name":"Inicio"}},{"@type":"ListItem","@id":"https:\/\/dudasytextos.com\/preguntaquees\/que-es-la-deriva-continental\/#listItem","position":3,"name":"Qu\u00e9 es la deriva continental","previousItem":{"@type":"ListItem","@id":"https:\/\/dudasytextos.com\/preguntaquees\/category\/que-es\/#listItem","name":"\u00bfQu\u00e9 es?"}}]},{"@type":"Organization","@id":"https:\/\/dudasytextos.com\/preguntaquees\/#organization","name":"\u00bfC\u00f3mo funciona?","description":"\u00bfQu\u00e9 es?","url":"https:\/\/dudasytextos.com\/preguntaquees\/"},{"@type":"Person","@id":"https:\/\/dudasytextos.com\/preguntaquees\/author\/admin44\/#author","url":"https:\/\/dudasytextos.com\/preguntaquees\/author\/admin44\/","name":"Ana Gonz\u00e1lez"},{"@type":"WebPage","@id":"https:\/\/dudasytextos.com\/preguntaquees\/que-es-la-deriva-continental\/#webpage","url":"https:\/\/dudasytextos.com\/preguntaquees\/que-es-la-deriva-continental\/","name":"Qu\u00e9 es la deriva continental (2026) \u00bfQu\u00e9 es?","description":"\u00bfQu\u00e9 es la deriva continental? Escrito por Ana Gonz\u00e1lez Curiosidades sobre la deriva continental La teor\u00eda de la deriva continental fue propuesta por el ge\u00f3logo alem\u00e1n Alfred Wegener en 1912. La deriva continental se refiere al movimiento de los continentes a lo largo del tiempo. La teor\u00eda de la deriva continental fue ampliamente aceptada despu\u00e9s","inLanguage":"es-ES","isPartOf":{"@id":"https:\/\/dudasytextos.com\/preguntaquees\/#website"},"breadcrumb":{"@id":"https:\/\/dudasytextos.com\/preguntaquees\/que-es-la-deriva-continental\/#breadcrumblist"},"author":{"@id":"https:\/\/dudasytextos.com\/preguntaquees\/author\/admin44\/#author"},"creator":{"@id":"https:\/\/dudasytextos.com\/preguntaquees\/author\/admin44\/#author"},"datePublished":"2025-03-09T16:17:07+00:00","dateModified":"2025-03-13T06:02:58+00:00"},{"@type":"WebSite","@id":"https:\/\/dudasytextos.com\/preguntaquees\/#website","url":"https:\/\/dudasytextos.com\/preguntaquees\/","name":"\u00bfC\u00f3mo funciona?","description":"\u00bfQu\u00e9 es?","inLanguage":"es-ES","publisher":{"@id":"https:\/\/dudasytextos.com\/preguntaquees\/#organization"}}]},"og:locale":"es_ES","og:site_name":"\u00bfQu\u00e9 es? - \u00bfQu\u00e9 es?","og:type":"article","og:title":"Qu\u00e9 es la deriva continental (2026) \u00bfQu\u00e9 es?","og:description":"\u00bfQu\u00e9 es la deriva continental? Escrito por Ana Gonz\u00e1lez Curiosidades sobre la deriva continental La teor\u00eda de la deriva continental fue propuesta por el ge\u00f3logo alem\u00e1n Alfred Wegener en 1912. La deriva continental se refiere al movimiento de los continentes a lo largo del tiempo. La teor\u00eda de la deriva continental fue ampliamente aceptada despu\u00e9s","og:url":"https:\/\/dudasytextos.com\/preguntaquees\/que-es-la-deriva-continental\/","article:published_time":"2025-03-09T16:17:07+00:00","article:modified_time":"2025-03-13T06:02:58+00:00","twitter:card":"summary_large_image","twitter:title":"Qu\u00e9 es la deriva continental (2026) \u00bfQu\u00e9 es?","twitter:description":"\u00bfQu\u00e9 es la deriva continental? Escrito por Ana Gonz\u00e1lez Curiosidades sobre la deriva continental La teor\u00eda de la deriva continental fue propuesta por el ge\u00f3logo alem\u00e1n Alfred Wegener en 1912. La deriva continental se refiere al movimiento de los continentes a lo largo del tiempo. La teor\u00eda de la deriva continental fue ampliamente aceptada despu\u00e9s"},"aioseo_meta_data":{"post_id":"149505","title":null,"description":null,"keywords":null,"keyphrases":null,"primary_term":null,"canonical_url":null,"og_title":null,"og_description":null,"og_object_type":"default","og_image_type":"default","og_image_url":null,"og_image_width":null,"og_image_height":null,"og_image_custom_url":null,"og_image_custom_fields":null,"og_video":null,"og_custom_url":null,"og_article_section":null,"og_article_tags":null,"twitter_use_og":false,"twitter_card":"default","twitter_image_type":"default","twitter_image_url":null,"twitter_image_custom_url":null,"twitter_image_custom_fields":null,"twitter_title":null,"twitter_description":null,"schema":{"blockGraphs":[],"customGraphs":[],"default":{"data":{"Article":[],"Course":[],"Dataset":[],"FAQPage":[],"Movie":[],"Person":[],"Product":[],"ProductReview":[],"Car":[],"Recipe":[],"Service":[],"SoftwareApplication":[],"WebPage":[]},"graphName":"","isEnabled":true},"graphs":[]},"schema_type":"default","schema_type_options":null,"pillar_content":false,"robots_default":true,"robots_noindex":false,"robots_noarchive":false,"robots_nosnippet":false,"robots_nofollow":false,"robots_noimageindex":false,"robots_noodp":false,"robots_notranslate":false,"robots_max_snippet":null,"robots_max_videopreview":null,"robots_max_imagepreview":"large","priority":null,"frequency":null,"local_seo":null,"breadcrumb_settings":null,"limit_modified_date":false,"ai":null,"created":"2023-05-13 21:59:43","updated":"2025-06-04 09:24:01","seo_analyzer_scan_date":null,"focus_keyword":null,"additional_keywords":null,"truseo_locale":null},"aioseo_breadcrumb":"<div class=\"aioseo-breadcrumbs\"><span class=\"aioseo-breadcrumb\">\n\t\t\t<a href=\"https:\/\/dudasytextos.com\/preguntaquees\" title=\"Inicio\">Inicio<\/a>\n\t\t<\/span><span class=\"aioseo-breadcrumb-separator\">&raquo;<\/span><span class=\"aioseo-breadcrumb\">\n\t\t\t<a href=\"https:\/\/dudasytextos.com\/preguntaquees\/category\/que-es\/\" title=\"\u00bfQu\u00e9 es?\">\u00bfQu\u00e9 es?<\/a>\n\t\t<\/span><span class=\"aioseo-breadcrumb-separator\">&raquo;<\/span><span class=\"aioseo-breadcrumb\">\n\t\t\tQu\u00e9 es la deriva continental\n\t\t<\/span><\/div>","aioseo_breadcrumb_json":[{"label":"Inicio","link":"https:\/\/dudasytextos.com\/preguntaquees"},{"label":"\u00bfQu\u00e9 es?","link":"https:\/\/dudasytextos.com\/preguntaquees\/category\/que-es\/"},{"label":"Qu\u00e9 es la deriva continental","link":"https:\/\/dudasytextos.com\/preguntaquees\/que-es-la-deriva-continental\/"}],"_links":{"self":[{"href":"https:\/\/dudasytextos.com\/preguntaquees\/wp-json\/wp\/v2\/posts\/149505","targetHints":{"allow":["GET"]}}],"collection":[{"href":"https:\/\/dudasytextos.com\/preguntaquees\/wp-json\/wp\/v2\/posts"}],"about":[{"href":"https:\/\/dudasytextos.com\/preguntaquees\/wp-json\/wp\/v2\/types\/post"}],"author":[{"embeddable":true,"href":"https:\/\/dudasytextos.com\/preguntaquees\/wp-json\/wp\/v2\/users\/1"}],"replies":[{"embeddable":true,"href":"https:\/\/dudasytextos.com\/preguntaquees\/wp-json\/wp\/v2\/comments?post=149505"}],"version-history":[{"count":1,"href":"https:\/\/dudasytextos.com\/preguntaquees\/wp-json\/wp\/v2\/posts\/149505\/revisions"}],"predecessor-version":[{"id":156324,"href":"https:\/\/dudasytextos.com\/preguntaquees\/wp-json\/wp\/v2\/posts\/149505\/revisions\/156324"}],"wp:attachment":[{"href":"https:\/\/dudasytextos.com\/preguntaquees\/wp-json\/wp\/v2\/media?parent=149505"}],"wp:term":[{"taxonomy":"category","embeddable":true,"href":"https:\/\/dudasytextos.com\/preguntaquees\/wp-json\/wp\/v2\/categories?post=149505"},{"taxonomy":"post_tag","embeddable":true,"href":"https:\/\/dudasytextos.com\/preguntaquees\/wp-json\/wp\/v2\/tags?post=149505"}],"curies":[{"name":"wp","href":"https:\/\/api.w.org\/{rel}","templated":true}]}}