{"id":149566,"date":"2025-02-26T12:08:57","date_gmt":"2025-02-26T12:08:57","guid":{"rendered":"https:\/\/educacion.cc\/?p=149566"},"modified":"2025-03-12T14:03:00","modified_gmt":"2025-03-12T14:03:00","slug":"que-es-el-mal-d-altura","status":"publish","type":"post","link":"https:\/\/dudasytextos.com\/preguntaquees\/que-es-el-mal-d-altura\/","title":{"rendered":"Qu\u00e9 es el mal d altura"},"content":{"rendered":"<div id=\"ez-toc-container\" class=\"ez-toc-v2_0_87 counter-hierarchy ez-toc-counter ez-toc-custom ez-toc-container-direction\">\n<div class=\"ez-toc-title-container\">\n<span class=\"ez-toc-title-toggle\"><\/span><\/div>\n<nav><ul class='ez-toc-list ez-toc-list-level-1 ' ><li class='ez-toc-page-1 ez-toc-heading-level-2'><a class=\"ez-toc-link ez-toc-heading-1\" href=\"https:\/\/dudasytextos.com\/preguntaquees\/que-es-el-mal-d-altura\/#%C2%BFQue_es_el_mal_de_altura\" >\u00bfQu\u00e9 es el mal de altura?<\/a><\/li><li class='ez-toc-page-1 ez-toc-heading-level-2'><a class=\"ez-toc-link ez-toc-heading-2\" href=\"https:\/\/dudasytextos.com\/preguntaquees\/que-es-el-mal-d-altura\/#Todo_lo_que_necesitas_saber\" >Todo lo que necesitas saber<\/a><\/li><li class='ez-toc-page-1 ez-toc-heading-level-2'><a class=\"ez-toc-link ez-toc-heading-3\" href=\"https:\/\/dudasytextos.com\/preguntaquees\/que-es-el-mal-d-altura\/#Curiosidades_sobre_el_mal_de_altura\" >Curiosidades sobre el mal de altura<\/a><\/li><li class='ez-toc-page-1 ez-toc-heading-level-2'><a class=\"ez-toc-link ez-toc-heading-4\" href=\"https:\/\/dudasytextos.com\/preguntaquees\/que-es-el-mal-d-altura\/#%C2%BFQue_es_el_mal_de_altura-2\" >\u00bfQu\u00e9 es el mal de altura?<\/a><\/li><li class='ez-toc-page-1 ez-toc-heading-level-2'><a class=\"ez-toc-link ez-toc-heading-5\" href=\"https:\/\/dudasytextos.com\/preguntaquees\/que-es-el-mal-d-altura\/#%C2%BFCuales_son_las_causas_del_mal_de_altura\" >\u00bfCu\u00e1les son las causas del mal de altura?<\/a><\/li><li class='ez-toc-page-1 ez-toc-heading-level-2'><a class=\"ez-toc-link ez-toc-heading-6\" href=\"https:\/\/dudasytextos.com\/preguntaquees\/que-es-el-mal-d-altura\/#%C2%BFComo_se_puede_prevenir_el_mal_de_altura\" >\u00bfC\u00f3mo se puede prevenir el mal de altura?<\/a><\/li><li class='ez-toc-page-1 ez-toc-heading-level-2'><a class=\"ez-toc-link ez-toc-heading-7\" href=\"https:\/\/dudasytextos.com\/preguntaquees\/que-es-el-mal-d-altura\/#%C2%BFComo_se_trata_el_mal_de_altura\" >\u00bfC\u00f3mo se trata el mal de altura?<\/a><\/li><li class='ez-toc-page-1 ez-toc-heading-level-2'><a class=\"ez-toc-link ez-toc-heading-8\" href=\"https:\/\/dudasytextos.com\/preguntaquees\/que-es-el-mal-d-altura\/#Preguntas_frecuentes_sobre_el_mal_de_altura\" >Preguntas frecuentes sobre el mal de altura<\/a><ul class='ez-toc-list-level-3' ><li class='ez-toc-heading-level-3'><a class=\"ez-toc-link ez-toc-heading-9\" href=\"https:\/\/dudasytextos.com\/preguntaquees\/que-es-el-mal-d-altura\/#%C2%BFQuienes_estan_en_mayor_riesgo_de_sufrir_mal_de_altura\" >\u00bfQui\u00e9nes est\u00e1n en mayor riesgo de sufrir mal de altura?<\/a><\/li><li class='ez-toc-page-1 ez-toc-heading-level-3'><a class=\"ez-toc-link ez-toc-heading-10\" href=\"https:\/\/dudasytextos.com\/preguntaquees\/que-es-el-mal-d-altura\/#%C2%BFQue_puedo_hacer_para_prevenir_el_mal_de_altura\" >\u00bfQu\u00e9 puedo hacer para prevenir el mal de altura?<\/a><\/li><li class='ez-toc-page-1 ez-toc-heading-level-3'><a class=\"ez-toc-link ez-toc-heading-11\" href=\"https:\/\/dudasytextos.com\/preguntaquees\/que-es-el-mal-d-altura\/#%C2%BFComo_se_si_tengo_mal_de_altura\" >\u00bfC\u00f3mo s\u00e9 si tengo mal de altura?<\/a><\/li><li class='ez-toc-page-1 ez-toc-heading-level-3'><a class=\"ez-toc-link ez-toc-heading-12\" href=\"https:\/\/dudasytextos.com\/preguntaquees\/que-es-el-mal-d-altura\/#%C2%BFCuando_debo_buscar_atencion_medica\" >\u00bfCu\u00e1ndo debo buscar atenci\u00f3n m\u00e9dica?<\/a><\/li><\/ul><\/li><\/ul><\/nav><\/div>\n<h2><span class=\"ez-toc-section\" id=\"%C2%BFQue_es_el_mal_de_altura\"><\/span>\u00bfQu\u00e9 es el mal de altura?<span class=\"ez-toc-section-end\"><\/span><\/h2>\n<h2><span class=\"ez-toc-section\" id=\"Todo_lo_que_necesitas_saber\"><\/span>Todo lo que necesitas saber<span class=\"ez-toc-section-end\"><\/span><\/h2>\n<section>\n<h2><span class=\"ez-toc-section\" id=\"Curiosidades_sobre_el_mal_de_altura\"><\/span>Curiosidades sobre el mal de altura<span class=\"ez-toc-section-end\"><\/span><\/h2>\n<ul>\n<li>El mal de altura es una enfermedad com\u00fan entre los monta\u00f1istas y personas que viajan a altitud.<\/li>\n<li>Se estima que afecta a entre el 20% y el 30% de las personas que suben a alturas superiores a los 2500 metros.<\/li>\n<li>El mal de altura es una respuesta del cuerpo a la falta de ox\u00edgeno en el aire a grandes alturas.<\/li>\n<li>Es m\u00e1s com\u00fan en personas que suben r\u00e1pidamente a grandes alturas sin aclimataci\u00f3n previa.<\/li>\n<li>El mal de altura puede ser prevenido y tratado si se detecta a tiempo.<\/li>\n<\/ul>\n<\/section>\n<section>\n<h2><span class=\"ez-toc-section\" id=\"%C2%BFQue_es_el_mal_de_altura-2\"><\/span>\u00bfQu\u00e9 es el mal de altura?<span class=\"ez-toc-section-end\"><\/span><\/h2>\n<p>El mal de altura, tambi\u00e9n conocido como enfermedad de monta\u00f1a, es una afecci\u00f3n que ocurre cuando el cuerpo no recibe suficiente ox\u00edgeno a grandes altitudes. Esto puede ocurrir cuando se sube r\u00e1pidamente a alturas superiores a los 2500 metros sin aclimataci\u00f3n previa.<\/p>\n<p>La falta de ox\u00edgeno puede causar una serie de s\u00edntomas, que incluyen dolor de cabeza, n\u00e1useas, v\u00f3mitos, mareos, fatiga, falta de apetito y dificultad para dormir. En casos graves, el mal de altura puede causar edema pulmonar o cerebral, que pueden ser fatales si no se tratan adecuadamente.<\/p>\n<\/section>\n<section>\n<h2><span class=\"ez-toc-section\" id=\"%C2%BFCuales_son_las_causas_del_mal_de_altura\"><\/span>\u00bfCu\u00e1les son las causas del mal de altura?<span class=\"ez-toc-section-end\"><\/span><\/h2>\n<p>El mal de altura es causado por la falta de ox\u00edgeno en el aire a grandes alturas. El aire contiene menos mol\u00e9culas de ox\u00edgeno a medida que se asciende, lo que significa que el cuerpo no puede obtener la cantidad de ox\u00edgeno que necesita para funcionar correctamente.<\/p>\n<p>Adem\u00e1s de la falta de ox\u00edgeno, existen otros factores que pueden contribuir al mal de altura, como la falta de sue\u00f1o, la deshidrataci\u00f3n y el exceso de esfuerzo f\u00edsico.<\/p>\n<\/section>\n<section>\n<h2><span class=\"ez-toc-section\" id=\"%C2%BFComo_se_puede_prevenir_el_mal_de_altura\"><\/span>\u00bfC\u00f3mo se puede prevenir el mal de altura?<span class=\"ez-toc-section-end\"><\/span><\/h2>\n<p>La mejor manera de prevenir el mal de altura es subir lentamente a alturas superiores a los 2500 metros y permitir que el cuerpo se aclimate gradualmente a la altitud. Es importante beber mucha agua y evitar el alcohol y la cafe\u00edna, ya que pueden deshidratar el cuerpo y empeorar los s\u00edntomas.<\/p>\n<p>Tambi\u00e9n se recomienda evitar el exceso de esfuerzo f\u00edsico, descansar lo suficiente y llevar una dieta equilibrada rica en carbohidratos y baja en grasas.<\/p>\n<\/section>\n<section>\n<h2><span class=\"ez-toc-section\" id=\"%C2%BFComo_se_trata_el_mal_de_altura\"><\/span>\u00bfC\u00f3mo se trata el mal de altura?<span class=\"ez-toc-section-end\"><\/span><\/h2>\n<p>El tratamiento del mal de altura depende de la gravedad de los s\u00edntomas. En casos leves, los s\u00edntomas pueden desaparecer por s\u00ed solos despu\u00e9s de unos d\u00edas de descanso y aclimataci\u00f3n. En casos graves, puede ser necesario descender a altitudes m\u00e1s bajas o recibir ox\u00edgeno suplementario.<\/p>\n<p>En casos extremos, como el edema pulmonar o cerebral, puede ser necesaria la atenci\u00f3n m\u00e9dica inmediata. Siempre es importante informar a los dem\u00e1s miembros del grupo sobre cualquier s\u00edntoma que se experimente para que puedan tomar las medidas necesarias en caso de emergencia.<\/p>\n<\/section>\n<section>\n<h2><span class=\"ez-toc-section\" id=\"Preguntas_frecuentes_sobre_el_mal_de_altura\"><\/span>Preguntas frecuentes sobre el mal de altura<span class=\"ez-toc-section-end\"><\/span><\/h2>\n<h3><span class=\"ez-toc-section\" id=\"%C2%BFQuienes_estan_en_mayor_riesgo_de_sufrir_mal_de_altura\"><\/span>\u00bfQui\u00e9nes est\u00e1n en mayor riesgo de sufrir mal de altura?<span class=\"ez-toc-section-end\"><\/span><\/h3>\n<p>Las personas que suben r\u00e1pidamente a altitudes superiores a los 2500 metros sin aclimataci\u00f3n previa est\u00e1n en mayor riesgo de sufrir mal de altura. Tambi\u00e9n son m\u00e1s susceptibles las personas que tienen antecedentes de mal de altura, fuman o tienen enfermedades card\u00edacas o pulmonares.<\/p>\n<h3><span class=\"ez-toc-section\" id=\"%C2%BFQue_puedo_hacer_para_prevenir_el_mal_de_altura\"><\/span>\u00bfQu\u00e9 puedo hacer para prevenir el mal de altura?<span class=\"ez-toc-section-end\"><\/span><\/h3>\n<p>La mejor manera de prevenir el mal de altura es subir lentamente a alturas superiores a los 2500 metros y permitir que el cuerpo se aclimate gradualmente a la altitud. Es importante beber mucha agua y evitar el alcohol y la cafe\u00edna, ya que pueden deshidratar el cuerpo y empeorar los s\u00edntomas. Tambi\u00e9n se recomienda evitar el exceso de esfuerzo f\u00edsico, descansar lo suficiente y llevar una dieta equilibrada rica en carbohidratos y baja en grasas.<\/p>\n<h3><span class=\"ez-toc-section\" id=\"%C2%BFComo_se_si_tengo_mal_de_altura\"><\/span>\u00bfC\u00f3mo s\u00e9 si tengo mal de altura?<span class=\"ez-toc-section-end\"><\/span><\/h3>\n<p>Los s\u00edntomas comunes del mal de altura incluyen dolor de cabeza, n\u00e1useas, v\u00f3mitos, mareos, fatiga, falta de apetito y dificultad para dormir. Si experimentas alguno de estos s\u00edntomas despu\u00e9s de subir a una gran altitud, es posible que tengas mal de altura. Es importante informar a los dem\u00e1s miembros del grupo sobre cualquier s\u00edntoma que se experimente para que puedan tomar las medidas necesarias en caso de emergencia.<\/p>\n<h3><span class=\"ez-toc-section\" id=\"%C2%BFCuando_debo_buscar_atencion_medica\"><\/span>\u00bfCu\u00e1ndo debo buscar atenci\u00f3n m\u00e9dica?<span class=\"ez-toc-section-end\"><\/span><\/h3>\n<p>Si experimentas s\u00edntomas graves de mal de altura, como dificultad para respirar, confusi\u00f3n, tos con flema rosa o espuma o p\u00e9rdida de conciencia, debes buscar atenci\u00f3n m\u00e9dica inmediata. Tambi\u00e9n es importante informar a los dem\u00e1s miembros del grupo sobre cualquier s\u00edntoma que se experimente para que puedan tomar las medidas necesarias en caso de emergencia.<\/p>\n<\/section>\n<footer>\n<p>Este art\u00edculo fue escrito por Ana Gonz\u00e1lez, una apasionada del monta\u00f1ismo y la aventura. Si tienes alguna pregunta o comentario, no dudes en contactar conmigo a trav\u00e9s de mi p\u00e1gina web.<\/p>\n<\/footer>\n","protected":false},"excerpt":{"rendered":"<p>\u00bfQu\u00e9 es el mal de altura? Todo lo que necesitas saber Curiosidades sobre el mal de altura El mal de altura es una enfermedad com\u00fan entre los monta\u00f1istas y personas que viajan a altitud. Se estima que afecta a entre el 20% y el 30% de las personas que suben a alturas superiores a los &#8230; <a title=\"Qu\u00e9 es el mal d altura\" class=\"read-more\" href=\"https:\/\/dudasytextos.com\/preguntaquees\/que-es-el-mal-d-altura\/\" aria-label=\"M\u00e1s en Qu\u00e9 es el mal d altura\">Leer m\u00e1s<\/a><\/p>\n","protected":false},"author":1,"featured_media":0,"comment_status":"open","ping_status":"open","sticky":false,"template":"","format":"standard","meta":{"footnotes":""},"categories":[4],"tags":[],"class_list":["post-149566","post","type-post","status-publish","format-standard","hentry","category-que-es"],"aioseo_notices":[],"aioseo_head":"\n\t\t<!-- All in One SEO 5.0.1.1 - aioseo.com -->\n\t<meta name=\"description\" content=\"\u00bfQu\u00e9 es el mal de altura? Todo lo que necesitas saber Curiosidades sobre el mal de altura El mal de altura es una enfermedad com\u00fan entre los monta\u00f1istas y personas que viajan a altitud. Se estima que afecta a entre el 20% y el 30% de las personas que suben a alturas superiores a los\" \/>\n\t<meta name=\"robots\" content=\"max-snippet:-1, max-image-preview:large, max-video-preview:-1\" \/>\n\t<meta name=\"author\" content=\"Ana Gonz\u00e1lez\"\/>\n\t<link rel=\"canonical\" href=\"https:\/\/dudasytextos.com\/preguntaquees\/que-es-el-mal-d-altura\/\" \/>\n\t<meta name=\"generator\" content=\"All in One SEO (AIOSEO) 5.0.1.1\" \/>\n\n\t\t<!-- Google tag (gtag.js) -->\n<script async src=\"https:\/\/www.googletagmanager.com\/gtag\/js?id=G-QEZWJ7M6T7\"><\/script>\n<script>\n  window.dataLayer = window.dataLayer || [];\n  function gtag(){dataLayer.push(arguments);}\n  gtag('js', new Date());\n\n  gtag('config', 'G-QEZWJ7M6T7');\n<\/script>\n<script async src=\"https:\/\/pagead2.googlesyndication.com\/pagead\/js\/adsbygoogle.js?client=ca-pub-3987500858204711\"\n     crossorigin=\"anonymous\"><\/script>\n\t\t<meta property=\"og:locale\" content=\"es_ES\" \/>\n\t\t<meta property=\"og:site_name\" content=\"\u00bfQu\u00e9 es? - \u00bfQu\u00e9 es?\" \/>\n\t\t<meta property=\"og:type\" content=\"article\" \/>\n\t\t<meta property=\"og:title\" content=\"Qu\u00e9 es el mal d altura (2026) \u00bfQu\u00e9 es?\" \/>\n\t\t<meta property=\"og:description\" content=\"\u00bfQu\u00e9 es el mal de altura? Todo lo que necesitas saber Curiosidades sobre el mal de altura El mal de altura es una enfermedad com\u00fan entre los monta\u00f1istas y personas que viajan a altitud. Se estima que afecta a entre el 20% y el 30% de las personas que suben a alturas superiores a los\" \/>\n\t\t<meta property=\"og:url\" content=\"https:\/\/dudasytextos.com\/preguntaquees\/que-es-el-mal-d-altura\/\" \/>\n\t\t<meta property=\"article:published_time\" content=\"2025-02-26T12:08:57+00:00\" \/>\n\t\t<meta property=\"article:modified_time\" content=\"2025-03-12T14:03:00+00:00\" \/>\n\t\t<meta name=\"twitter:card\" content=\"summary_large_image\" \/>\n\t\t<meta name=\"twitter:title\" content=\"Qu\u00e9 es el mal d altura (2026) \u00bfQu\u00e9 es?\" \/>\n\t\t<meta name=\"twitter:description\" content=\"\u00bfQu\u00e9 es el mal de altura? Todo lo que necesitas saber Curiosidades sobre el mal de altura El mal de altura es una enfermedad com\u00fan entre los monta\u00f1istas y personas que viajan a altitud. Se estima que afecta a entre el 20% y el 30% de las personas que suben a alturas superiores a los\" \/>\n\t\t<script type=\"application\/ld+json\" class=\"aioseo-schema\">\n\t\t\t{\"@context\":\"https:\\\/\\\/schema.org\",\"@graph\":[{\"@type\":\"BlogPosting\",\"@id\":\"https:\\\/\\\/dudasytextos.com\\\/preguntaquees\\\/que-es-el-mal-d-altura\\\/#blogposting\",\"name\":\"Qu\\u00e9 es el mal d altura (2026) \\u00bfQu\\u00e9 es?\",\"headline\":\"Qu\\u00e9 es el mal d altura\",\"author\":{\"@id\":\"https:\\\/\\\/dudasytextos.com\\\/preguntaquees\\\/author\\\/admin44\\\/#author\"},\"publisher\":{\"@id\":\"https:\\\/\\\/dudasytextos.com\\\/preguntaquees\\\/#organization\"},\"datePublished\":\"2025-02-26T12:08:57+00:00\",\"dateModified\":\"2025-03-12T14:03:00+00:00\",\"inLanguage\":\"es-ES\",\"mainEntityOfPage\":{\"@id\":\"https:\\\/\\\/dudasytextos.com\\\/preguntaquees\\\/que-es-el-mal-d-altura\\\/#webpage\"},\"isPartOf\":{\"@id\":\"https:\\\/\\\/dudasytextos.com\\\/preguntaquees\\\/que-es-el-mal-d-altura\\\/#webpage\"},\"articleSection\":\"\\u00bfQu\\u00e9 es?\"},{\"@type\":\"BreadcrumbList\",\"@id\":\"https:\\\/\\\/dudasytextos.com\\\/preguntaquees\\\/que-es-el-mal-d-altura\\\/#breadcrumblist\",\"itemListElement\":[{\"@type\":\"ListItem\",\"@id\":\"https:\\\/\\\/dudasytextos.com\\\/preguntaquees#listItem\",\"position\":1,\"name\":\"Inicio\",\"item\":\"https:\\\/\\\/dudasytextos.com\\\/preguntaquees\",\"nextItem\":{\"@type\":\"ListItem\",\"@id\":\"https:\\\/\\\/dudasytextos.com\\\/preguntaquees\\\/category\\\/que-es\\\/#listItem\",\"name\":\"\\u00bfQu\\u00e9 es?\"}},{\"@type\":\"ListItem\",\"@id\":\"https:\\\/\\\/dudasytextos.com\\\/preguntaquees\\\/category\\\/que-es\\\/#listItem\",\"position\":2,\"name\":\"\\u00bfQu\\u00e9 es?\",\"item\":\"https:\\\/\\\/dudasytextos.com\\\/preguntaquees\\\/category\\\/que-es\\\/\",\"nextItem\":{\"@type\":\"ListItem\",\"@id\":\"https:\\\/\\\/dudasytextos.com\\\/preguntaquees\\\/que-es-el-mal-d-altura\\\/#listItem\",\"name\":\"Qu\\u00e9 es el mal d altura\"},\"previousItem\":{\"@type\":\"ListItem\",\"@id\":\"https:\\\/\\\/dudasytextos.com\\\/preguntaquees#listItem\",\"name\":\"Inicio\"}},{\"@type\":\"ListItem\",\"@id\":\"https:\\\/\\\/dudasytextos.com\\\/preguntaquees\\\/que-es-el-mal-d-altura\\\/#listItem\",\"position\":3,\"name\":\"Qu\\u00e9 es el mal d altura\",\"previousItem\":{\"@type\":\"ListItem\",\"@id\":\"https:\\\/\\\/dudasytextos.com\\\/preguntaquees\\\/category\\\/que-es\\\/#listItem\",\"name\":\"\\u00bfQu\\u00e9 es?\"}}]},{\"@type\":\"Organization\",\"@id\":\"https:\\\/\\\/dudasytextos.com\\\/preguntaquees\\\/#organization\",\"name\":\"\\u00bfC\\u00f3mo funciona?\",\"description\":\"\\u00bfQu\\u00e9 es?\",\"url\":\"https:\\\/\\\/dudasytextos.com\\\/preguntaquees\\\/\"},{\"@type\":\"Person\",\"@id\":\"https:\\\/\\\/dudasytextos.com\\\/preguntaquees\\\/author\\\/admin44\\\/#author\",\"url\":\"https:\\\/\\\/dudasytextos.com\\\/preguntaquees\\\/author\\\/admin44\\\/\",\"name\":\"Ana Gonz\\u00e1lez\"},{\"@type\":\"WebPage\",\"@id\":\"https:\\\/\\\/dudasytextos.com\\\/preguntaquees\\\/que-es-el-mal-d-altura\\\/#webpage\",\"url\":\"https:\\\/\\\/dudasytextos.com\\\/preguntaquees\\\/que-es-el-mal-d-altura\\\/\",\"name\":\"Qu\\u00e9 es el mal d altura (2026) \\u00bfQu\\u00e9 es?\",\"description\":\"\\u00bfQu\\u00e9 es el mal de altura? Todo lo que necesitas saber Curiosidades sobre el mal de altura El mal de altura es una enfermedad com\\u00fan entre los monta\\u00f1istas y personas que viajan a altitud. Se estima que afecta a entre el 20% y el 30% de las personas que suben a alturas superiores a los\",\"inLanguage\":\"es-ES\",\"isPartOf\":{\"@id\":\"https:\\\/\\\/dudasytextos.com\\\/preguntaquees\\\/#website\"},\"breadcrumb\":{\"@id\":\"https:\\\/\\\/dudasytextos.com\\\/preguntaquees\\\/que-es-el-mal-d-altura\\\/#breadcrumblist\"},\"author\":{\"@id\":\"https:\\\/\\\/dudasytextos.com\\\/preguntaquees\\\/author\\\/admin44\\\/#author\"},\"creator\":{\"@id\":\"https:\\\/\\\/dudasytextos.com\\\/preguntaquees\\\/author\\\/admin44\\\/#author\"},\"datePublished\":\"2025-02-26T12:08:57+00:00\",\"dateModified\":\"2025-03-12T14:03:00+00:00\"},{\"@type\":\"WebSite\",\"@id\":\"https:\\\/\\\/dudasytextos.com\\\/preguntaquees\\\/#website\",\"url\":\"https:\\\/\\\/dudasytextos.com\\\/preguntaquees\\\/\",\"name\":\"\\u00bfC\\u00f3mo funciona?\",\"description\":\"\\u00bfQu\\u00e9 es?\",\"inLanguage\":\"es-ES\",\"publisher\":{\"@id\":\"https:\\\/\\\/dudasytextos.com\\\/preguntaquees\\\/#organization\"}}]}\n\t\t<\/script>\n\t\t<!-- All in One SEO -->\n\n","aioseo_head_json":{"title":"Qu\u00e9 es el mal d altura (2026) \u00bfQu\u00e9 es?","description":"\u00bfQu\u00e9 es el mal de altura? Todo lo que necesitas saber Curiosidades sobre el mal de altura El mal de altura es una enfermedad com\u00fan entre los monta\u00f1istas y personas que viajan a altitud. Se estima que afecta a entre el 20% y el 30% de las personas que suben a alturas superiores a los","canonical_url":"https:\/\/dudasytextos.com\/preguntaquees\/que-es-el-mal-d-altura\/","robots":"max-snippet:-1, max-image-preview:large, max-video-preview:-1","keywords":"","webmasterTools":{"miscellaneous":"&lt;!-- Google tag (gtag.js) --&gt;\n&lt;script async src=\"https:\/\/www.googletagmanager.com\/gtag\/js?id=G-QEZWJ7M6T7\"&gt;&lt;\/script&gt;\n&lt;script&gt;\n  window.dataLayer = window.dataLayer || [];\n  function gtag(){dataLayer.push(arguments);}\n  gtag('js', new Date());\n\n  gtag('config', 'G-QEZWJ7M6T7');\n&lt;\/script&gt;\n&lt;script async src=\"https:\/\/pagead2.googlesyndication.com\/pagead\/js\/adsbygoogle.js?client=ca-pub-3987500858204711\"\n     crossorigin=\"anonymous\"&gt;&lt;\/script&gt;"},"schema":{"@context":"https:\/\/schema.org","@graph":[{"@type":"BlogPosting","@id":"https:\/\/dudasytextos.com\/preguntaquees\/que-es-el-mal-d-altura\/#blogposting","name":"Qu\u00e9 es el mal d altura (2026) \u00bfQu\u00e9 es?","headline":"Qu\u00e9 es el mal d altura","author":{"@id":"https:\/\/dudasytextos.com\/preguntaquees\/author\/admin44\/#author"},"publisher":{"@id":"https:\/\/dudasytextos.com\/preguntaquees\/#organization"},"datePublished":"2025-02-26T12:08:57+00:00","dateModified":"2025-03-12T14:03:00+00:00","inLanguage":"es-ES","mainEntityOfPage":{"@id":"https:\/\/dudasytextos.com\/preguntaquees\/que-es-el-mal-d-altura\/#webpage"},"isPartOf":{"@id":"https:\/\/dudasytextos.com\/preguntaquees\/que-es-el-mal-d-altura\/#webpage"},"articleSection":"\u00bfQu\u00e9 es?"},{"@type":"BreadcrumbList","@id":"https:\/\/dudasytextos.com\/preguntaquees\/que-es-el-mal-d-altura\/#breadcrumblist","itemListElement":[{"@type":"ListItem","@id":"https:\/\/dudasytextos.com\/preguntaquees#listItem","position":1,"name":"Inicio","item":"https:\/\/dudasytextos.com\/preguntaquees","nextItem":{"@type":"ListItem","@id":"https:\/\/dudasytextos.com\/preguntaquees\/category\/que-es\/#listItem","name":"\u00bfQu\u00e9 es?"}},{"@type":"ListItem","@id":"https:\/\/dudasytextos.com\/preguntaquees\/category\/que-es\/#listItem","position":2,"name":"\u00bfQu\u00e9 es?","item":"https:\/\/dudasytextos.com\/preguntaquees\/category\/que-es\/","nextItem":{"@type":"ListItem","@id":"https:\/\/dudasytextos.com\/preguntaquees\/que-es-el-mal-d-altura\/#listItem","name":"Qu\u00e9 es el mal d altura"},"previousItem":{"@type":"ListItem","@id":"https:\/\/dudasytextos.com\/preguntaquees#listItem","name":"Inicio"}},{"@type":"ListItem","@id":"https:\/\/dudasytextos.com\/preguntaquees\/que-es-el-mal-d-altura\/#listItem","position":3,"name":"Qu\u00e9 es el mal d altura","previousItem":{"@type":"ListItem","@id":"https:\/\/dudasytextos.com\/preguntaquees\/category\/que-es\/#listItem","name":"\u00bfQu\u00e9 es?"}}]},{"@type":"Organization","@id":"https:\/\/dudasytextos.com\/preguntaquees\/#organization","name":"\u00bfC\u00f3mo funciona?","description":"\u00bfQu\u00e9 es?","url":"https:\/\/dudasytextos.com\/preguntaquees\/"},{"@type":"Person","@id":"https:\/\/dudasytextos.com\/preguntaquees\/author\/admin44\/#author","url":"https:\/\/dudasytextos.com\/preguntaquees\/author\/admin44\/","name":"Ana Gonz\u00e1lez"},{"@type":"WebPage","@id":"https:\/\/dudasytextos.com\/preguntaquees\/que-es-el-mal-d-altura\/#webpage","url":"https:\/\/dudasytextos.com\/preguntaquees\/que-es-el-mal-d-altura\/","name":"Qu\u00e9 es el mal d altura (2026) \u00bfQu\u00e9 es?","description":"\u00bfQu\u00e9 es el mal de altura? Todo lo que necesitas saber Curiosidades sobre el mal de altura El mal de altura es una enfermedad com\u00fan entre los monta\u00f1istas y personas que viajan a altitud. Se estima que afecta a entre el 20% y el 30% de las personas que suben a alturas superiores a los","inLanguage":"es-ES","isPartOf":{"@id":"https:\/\/dudasytextos.com\/preguntaquees\/#website"},"breadcrumb":{"@id":"https:\/\/dudasytextos.com\/preguntaquees\/que-es-el-mal-d-altura\/#breadcrumblist"},"author":{"@id":"https:\/\/dudasytextos.com\/preguntaquees\/author\/admin44\/#author"},"creator":{"@id":"https:\/\/dudasytextos.com\/preguntaquees\/author\/admin44\/#author"},"datePublished":"2025-02-26T12:08:57+00:00","dateModified":"2025-03-12T14:03:00+00:00"},{"@type":"WebSite","@id":"https:\/\/dudasytextos.com\/preguntaquees\/#website","url":"https:\/\/dudasytextos.com\/preguntaquees\/","name":"\u00bfC\u00f3mo funciona?","description":"\u00bfQu\u00e9 es?","inLanguage":"es-ES","publisher":{"@id":"https:\/\/dudasytextos.com\/preguntaquees\/#organization"}}]},"og:locale":"es_ES","og:site_name":"\u00bfQu\u00e9 es? - \u00bfQu\u00e9 es?","og:type":"article","og:title":"Qu\u00e9 es el mal d altura (2026) \u00bfQu\u00e9 es?","og:description":"\u00bfQu\u00e9 es el mal de altura? Todo lo que necesitas saber Curiosidades sobre el mal de altura El mal de altura es una enfermedad com\u00fan entre los monta\u00f1istas y personas que viajan a altitud. Se estima que afecta a entre el 20% y el 30% de las personas que suben a alturas superiores a los","og:url":"https:\/\/dudasytextos.com\/preguntaquees\/que-es-el-mal-d-altura\/","article:published_time":"2025-02-26T12:08:57+00:00","article:modified_time":"2025-03-12T14:03:00+00:00","twitter:card":"summary_large_image","twitter:title":"Qu\u00e9 es el mal d altura (2026) \u00bfQu\u00e9 es?","twitter:description":"\u00bfQu\u00e9 es el mal de altura? Todo lo que necesitas saber Curiosidades sobre el mal de altura El mal de altura es una enfermedad com\u00fan entre los monta\u00f1istas y personas que viajan a altitud. Se estima que afecta a entre el 20% y el 30% de las personas que suben a alturas superiores a los"},"aioseo_meta_data":{"post_id":"149566","title":null,"description":null,"keywords":null,"keyphrases":null,"primary_term":null,"canonical_url":null,"og_title":null,"og_description":null,"og_object_type":"default","og_image_type":"default","og_image_url":null,"og_image_width":null,"og_image_height":null,"og_image_custom_url":null,"og_image_custom_fields":null,"og_video":null,"og_custom_url":null,"og_article_section":null,"og_article_tags":null,"twitter_use_og":false,"twitter_card":"default","twitter_image_type":"default","twitter_image_url":null,"twitter_image_custom_url":null,"twitter_image_custom_fields":null,"twitter_title":null,"twitter_description":null,"schema":{"blockGraphs":[],"customGraphs":[],"default":{"data":{"Article":[],"Course":[],"Dataset":[],"FAQPage":[],"Movie":[],"Person":[],"Product":[],"ProductReview":[],"Car":[],"Recipe":[],"Service":[],"SoftwareApplication":[],"WebPage":[]},"graphName":"","isEnabled":true},"graphs":[]},"schema_type":"default","schema_type_options":null,"pillar_content":false,"robots_default":true,"robots_noindex":false,"robots_noarchive":false,"robots_nosnippet":false,"robots_nofollow":false,"robots_noimageindex":false,"robots_noodp":false,"robots_notranslate":false,"robots_max_snippet":null,"robots_max_videopreview":null,"robots_max_imagepreview":"large","priority":null,"frequency":null,"local_seo":null,"breadcrumb_settings":null,"limit_modified_date":false,"ai":null,"created":"2023-05-13 19:42:03","updated":"2025-06-04 02:12:39","seo_analyzer_scan_date":null,"focus_keyword":null,"additional_keywords":null,"truseo_locale":null},"aioseo_breadcrumb":"<div class=\"aioseo-breadcrumbs\"><span class=\"aioseo-breadcrumb\">\n\t\t\t<a href=\"https:\/\/dudasytextos.com\/preguntaquees\" title=\"Inicio\">Inicio<\/a>\n\t\t<\/span><span class=\"aioseo-breadcrumb-separator\">&raquo;<\/span><span class=\"aioseo-breadcrumb\">\n\t\t\t<a href=\"https:\/\/dudasytextos.com\/preguntaquees\/category\/que-es\/\" title=\"\u00bfQu\u00e9 es?\">\u00bfQu\u00e9 es?<\/a>\n\t\t<\/span><span class=\"aioseo-breadcrumb-separator\">&raquo;<\/span><span class=\"aioseo-breadcrumb\">\n\t\t\tQu\u00e9 es el mal d altura\n\t\t<\/span><\/div>","aioseo_breadcrumb_json":[{"label":"Inicio","link":"https:\/\/dudasytextos.com\/preguntaquees"},{"label":"\u00bfQu\u00e9 es?","link":"https:\/\/dudasytextos.com\/preguntaquees\/category\/que-es\/"},{"label":"Qu\u00e9 es el mal d altura","link":"https:\/\/dudasytextos.com\/preguntaquees\/que-es-el-mal-d-altura\/"}],"_links":{"self":[{"href":"https:\/\/dudasytextos.com\/preguntaquees\/wp-json\/wp\/v2\/posts\/149566","targetHints":{"allow":["GET"]}}],"collection":[{"href":"https:\/\/dudasytextos.com\/preguntaquees\/wp-json\/wp\/v2\/posts"}],"about":[{"href":"https:\/\/dudasytextos.com\/preguntaquees\/wp-json\/wp\/v2\/types\/post"}],"author":[{"embeddable":true,"href":"https:\/\/dudasytextos.com\/preguntaquees\/wp-json\/wp\/v2\/users\/1"}],"replies":[{"embeddable":true,"href":"https:\/\/dudasytextos.com\/preguntaquees\/wp-json\/wp\/v2\/comments?post=149566"}],"version-history":[{"count":1,"href":"https:\/\/dudasytextos.com\/preguntaquees\/wp-json\/wp\/v2\/posts\/149566\/revisions"}],"predecessor-version":[{"id":156263,"href":"https:\/\/dudasytextos.com\/preguntaquees\/wp-json\/wp\/v2\/posts\/149566\/revisions\/156263"}],"wp:attachment":[{"href":"https:\/\/dudasytextos.com\/preguntaquees\/wp-json\/wp\/v2\/media?parent=149566"}],"wp:term":[{"taxonomy":"category","embeddable":true,"href":"https:\/\/dudasytextos.com\/preguntaquees\/wp-json\/wp\/v2\/categories?post=149566"},{"taxonomy":"post_tag","embeddable":true,"href":"https:\/\/dudasytextos.com\/preguntaquees\/wp-json\/wp\/v2\/tags?post=149566"}],"curies":[{"name":"wp","href":"https:\/\/api.w.org\/{rel}","templated":true}]}}