{"id":149630,"date":"2025-02-24T10:27:03","date_gmt":"2025-02-24T10:27:03","guid":{"rendered":"https:\/\/educacion.cc\/?p=149630"},"modified":"2025-03-13T02:42:12","modified_gmt":"2025-03-13T02:42:12","slug":"que-es-el-congreso-de-viena","status":"publish","type":"post","link":"https:\/\/dudasytextos.com\/preguntaquees\/que-es-el-congreso-de-viena\/","title":{"rendered":"Qu\u00e9 es el congreso de viena"},"content":{"rendered":"<div id=\"ez-toc-container\" class=\"ez-toc-v2_0_87 counter-hierarchy ez-toc-counter ez-toc-custom ez-toc-container-direction\">\n<div class=\"ez-toc-title-container\">\n<span class=\"ez-toc-title-toggle\"><\/span><\/div>\n<nav><ul class='ez-toc-list ez-toc-list-level-1 ' ><li class='ez-toc-page-1 ez-toc-heading-level-2'><a class=\"ez-toc-link ez-toc-heading-1\" href=\"https:\/\/dudasytextos.com\/preguntaquees\/que-es-el-congreso-de-viena\/#%C2%BFQue_es_el_Congreso_de_Viena\" >\u00bfQu\u00e9 es el Congreso de Viena?<\/a><\/li><li class='ez-toc-page-1 ez-toc-heading-level-2'><a class=\"ez-toc-link ez-toc-heading-2\" href=\"https:\/\/dudasytextos.com\/preguntaquees\/que-es-el-congreso-de-viena\/#Curiosidades_sobre_el_Congreso_de_Viena\" >Curiosidades sobre el Congreso de Viena<\/a><\/li><li class='ez-toc-page-1 ez-toc-heading-level-2'><a class=\"ez-toc-link ez-toc-heading-3\" href=\"https:\/\/dudasytextos.com\/preguntaquees\/que-es-el-congreso-de-viena\/#%C2%BFPor_que_se_realizo_el_Congreso_de_Viena\" >\u00bfPor qu\u00e9 se realiz\u00f3 el Congreso de Viena?<\/a><\/li><li class='ez-toc-page-1 ez-toc-heading-level-2'><a class=\"ez-toc-link ez-toc-heading-4\" href=\"https:\/\/dudasytextos.com\/preguntaquees\/que-es-el-congreso-de-viena\/#Consecuencias_del_Congreso_de_Viena\" >Consecuencias del Congreso de Viena<\/a><\/li><li class='ez-toc-page-1 ez-toc-heading-level-2'><a class=\"ez-toc-link ez-toc-heading-5\" href=\"https:\/\/dudasytextos.com\/preguntaquees\/que-es-el-congreso-de-viena\/#Mi_experiencia_personal\" >Mi experiencia personal<\/a><\/li><li class='ez-toc-page-1 ez-toc-heading-level-2'><a class=\"ez-toc-link ez-toc-heading-6\" href=\"https:\/\/dudasytextos.com\/preguntaquees\/que-es-el-congreso-de-viena\/#Preguntas_frecuentes\" >Preguntas frecuentes<\/a><ul class='ez-toc-list-level-3' ><li class='ez-toc-heading-level-3'><a class=\"ez-toc-link ez-toc-heading-7\" href=\"https:\/\/dudasytextos.com\/preguntaquees\/que-es-el-congreso-de-viena\/#%C2%BFQuienes_participaron_en_el_Congreso_de_Viena\" >\u00bfQui\u00e9nes participaron en el Congreso de Viena?<\/a><\/li><li class='ez-toc-page-1 ez-toc-heading-level-3'><a class=\"ez-toc-link ez-toc-heading-8\" href=\"https:\/\/dudasytextos.com\/preguntaquees\/que-es-el-congreso-de-viena\/#%C2%BFCuanto_tiempo_duro_el_Congreso_de_Viena\" >\u00bfCu\u00e1nto tiempo dur\u00f3 el Congreso de Viena?<\/a><\/li><li class='ez-toc-page-1 ez-toc-heading-level-3'><a class=\"ez-toc-link ez-toc-heading-9\" href=\"https:\/\/dudasytextos.com\/preguntaquees\/que-es-el-congreso-de-viena\/#%C2%BFPor_que_es_importante_el_Congreso_de_Viena\" >\u00bfPor qu\u00e9 es importante el Congreso de Viena?<\/a><\/li><\/ul><\/li><\/ul><\/nav><\/div>\n<h2><span class=\"ez-toc-section\" id=\"%C2%BFQue_es_el_Congreso_de_Viena\"><\/span>\u00bfQu\u00e9 es el Congreso de Viena?<span class=\"ez-toc-section-end\"><\/span><\/h2>\n<section>\n<h2><span class=\"ez-toc-section\" id=\"Curiosidades_sobre_el_Congreso_de_Viena\"><\/span>Curiosidades sobre el Congreso de Viena<span class=\"ez-toc-section-end\"><\/span><\/h2>\n<ul>\n<li>El Congreso de Viena se llev\u00f3 a cabo en 1815 despu\u00e9s de la ca\u00edda de Napole\u00f3n Bonaparte.<\/li>\n<li>Fue organizado por los l\u00edderes de las principales potencias europeas de la \u00e9poca, entre ellos Austria, Rusia, Gran Breta\u00f1a y Francia.<\/li>\n<li>El Congreso de Viena fue el primer evento de negociaci\u00f3n internacional en la historia moderna.<\/li>\n<li>Se realiz\u00f3 en la ciudad de Viena, Austria, y dur\u00f3 desde septiembre de 1814 hasta junio de 1815.<\/li>\n<li>El objetivo principal del Congreso de Viena fue reorganizar Europa despu\u00e9s de las Guerras Napole\u00f3nicas.<\/li>\n<\/ul>\n<\/section>\n<section>\n<h2><span class=\"ez-toc-section\" id=\"%C2%BFPor_que_se_realizo_el_Congreso_de_Viena\"><\/span>\u00bfPor qu\u00e9 se realiz\u00f3 el Congreso de Viena?<span class=\"ez-toc-section-end\"><\/span><\/h2>\n<p>El Congreso de Viena se llev\u00f3 a cabo con el objetivo de reorganizar Europa despu\u00e9s de las Guerras Napole\u00f3nicas. En ese momento, Europa estaba en crisis despu\u00e9s de muchos a\u00f1os de conflictos b\u00e9licos y las principales potencias de la \u00e9poca quer\u00edan establecer un nuevo equilibrio de poder. Adem\u00e1s, las Guerras Napole\u00f3nicas hab\u00edan dejado devastadas a muchas naciones europeas y el Congreso de Viena fue una oportunidad para reconstruir el continente.<\/p>\n<p>El Congreso de Viena tambi\u00e9n busc\u00f3 establecer un nuevo orden pol\u00edtico en Europa. Los l\u00edderes europeos quer\u00edan evitar futuras guerras y conflictos y, para ello, decidieron establecer un sistema de equilibrio de poder en el que ninguna naci\u00f3n europea tuviera un poder desmedido.<\/p>\n<\/section>\n<section>\n<h2><span class=\"ez-toc-section\" id=\"Consecuencias_del_Congreso_de_Viena\"><\/span>Consecuencias del Congreso de Viena<span class=\"ez-toc-section-end\"><\/span><\/h2>\n<p>El Congreso de Viena tuvo importantes consecuencias en la historia de Europa. En primer lugar, se estableci\u00f3 un nuevo equilibrio de poder en el que ninguna naci\u00f3n ten\u00eda un poder desmedido. Esto logr\u00f3 evitar futuras guerras en el continente durante muchos a\u00f1os.<\/p>\n<p>Otra consecuencia importante del Congreso de Viena fue la creaci\u00f3n de la Santa Alianza, una alianza formada por Rusia, Austria y Prusia. Esta alianza busc\u00f3 mantener la paz en Europa y luchar contra la propagaci\u00f3n de ideas revolucionarias.<\/p>\n<p>El Congreso de Viena tambi\u00e9n tuvo importantes consecuencias en la pol\u00edtica interna de algunos pa\u00edses europeos. En muchos casos, los l\u00edderes pol\u00edticos de la \u00e9poca se inspiraron en las ideas y decisiones tomadas en Viena para establecer sus propias pol\u00edticas nacionales.<\/p>\n<\/section>\n<section>\n<h2><span class=\"ez-toc-section\" id=\"Mi_experiencia_personal\"><\/span>Mi experiencia personal<span class=\"ez-toc-section-end\"><\/span><\/h2>\n<p>Desde siempre he sido una gran aficionada a la historia y el Congreso de Viena es uno de los eventos que m\u00e1s me han fascinado. Me encanta c\u00f3mo los l\u00edderes europeos de la \u00e9poca lograron establecer un nuevo orden en el continente despu\u00e9s de a\u00f1os de conflictos b\u00e9licos. Adem\u00e1s, considero que el Congreso de Viena es un ejemplo de c\u00f3mo la negociaci\u00f3n y el di\u00e1logo pueden resolver conflictos y evitar futuras guerras.<\/p>\n<p>Creo que el Congreso de Viena es un evento hist\u00f3rico que todos deber\u00edamos conocer. Es una muestra de c\u00f3mo la pol\u00edtica y la diplomacia pueden tener un impacto positivo en el mundo.<\/p>\n<\/section>\n<section>\n<h2><span class=\"ez-toc-section\" id=\"Preguntas_frecuentes\"><\/span>Preguntas frecuentes<span class=\"ez-toc-section-end\"><\/span><\/h2>\n<h3><span class=\"ez-toc-section\" id=\"%C2%BFQuienes_participaron_en_el_Congreso_de_Viena\"><\/span>\u00bfQui\u00e9nes participaron en el Congreso de Viena?<span class=\"ez-toc-section-end\"><\/span><\/h3>\n<p>El Congreso de Viena fue organizado por los l\u00edderes de las principales potencias europeas de la \u00e9poca, entre ellos Austria, Rusia, Gran Breta\u00f1a y Francia. Tambi\u00e9n participaron representantes de otros pa\u00edses europeos y algunos l\u00edderes de la iglesia cat\u00f3lica.<\/p>\n<h3><span class=\"ez-toc-section\" id=\"%C2%BFCuanto_tiempo_duro_el_Congreso_de_Viena\"><\/span>\u00bfCu\u00e1nto tiempo dur\u00f3 el Congreso de Viena?<span class=\"ez-toc-section-end\"><\/span><\/h3>\n<p>El Congreso de Viena se llev\u00f3 a cabo desde septiembre de 1814 hasta junio de 1815, por lo que dur\u00f3 alrededor de 9 meses.<\/p>\n<h3><span class=\"ez-toc-section\" id=\"%C2%BFPor_que_es_importante_el_Congreso_de_Viena\"><\/span>\u00bfPor qu\u00e9 es importante el Congreso de Viena?<span class=\"ez-toc-section-end\"><\/span><\/h3>\n<p>El Congreso de Viena fue un evento hist\u00f3rico que marc\u00f3 el futuro de Europa. En este evento se estableci\u00f3 un nuevo equilibrio de poder en el continente y se busc\u00f3 evitar futuras guerras y conflictos b\u00e9licos. Adem\u00e1s, el Congreso de Viena sent\u00f3 las bases para un nuevo orden pol\u00edtico en Europa y tuvo importantes consecuencias en la pol\u00edtica interna de muchos pa\u00edses europeos.<\/p>\n<\/section>\n<footer>\n<p>\u00a9 2022 Ana Gonz\u00e1lez. Todos los derechos reservados.<\/p>\n<\/footer>\n","protected":false},"excerpt":{"rendered":"<p>\u00bfQu\u00e9 es el Congreso de Viena? Curiosidades sobre el Congreso de Viena El Congreso de Viena se llev\u00f3 a cabo en 1815 despu\u00e9s de la ca\u00edda de Napole\u00f3n Bonaparte. Fue organizado por los l\u00edderes de las principales potencias europeas de la \u00e9poca, entre ellos Austria, Rusia, Gran Breta\u00f1a y Francia. El Congreso de Viena fue &#8230; <a title=\"Qu\u00e9 es el congreso de viena\" class=\"read-more\" href=\"https:\/\/dudasytextos.com\/preguntaquees\/que-es-el-congreso-de-viena\/\" aria-label=\"M\u00e1s en Qu\u00e9 es el congreso de viena\">Leer m\u00e1s<\/a><\/p>\n","protected":false},"author":1,"featured_media":0,"comment_status":"open","ping_status":"open","sticky":false,"template":"","format":"standard","meta":{"footnotes":""},"categories":[4],"tags":[],"class_list":["post-149630","post","type-post","status-publish","format-standard","hentry","category-que-es"],"aioseo_notices":[],"aioseo_head":"\n\t\t<!-- All in One SEO 5.0.1.1 - aioseo.com -->\n\t<meta name=\"description\" content=\"\u00bfQu\u00e9 es el Congreso de Viena? Curiosidades sobre el Congreso de Viena El Congreso de Viena se llev\u00f3 a cabo en 1815 despu\u00e9s de la ca\u00edda de Napole\u00f3n Bonaparte. Fue organizado por los l\u00edderes de las principales potencias europeas de la \u00e9poca, entre ellos Austria, Rusia, Gran Breta\u00f1a y Francia. El Congreso de Viena fue\" \/>\n\t<meta name=\"robots\" content=\"max-snippet:-1, max-image-preview:large, max-video-preview:-1\" \/>\n\t<meta name=\"author\" content=\"Ana Gonz\u00e1lez\"\/>\n\t<link rel=\"canonical\" href=\"https:\/\/dudasytextos.com\/preguntaquees\/que-es-el-congreso-de-viena\/\" \/>\n\t<meta name=\"generator\" content=\"All in One SEO (AIOSEO) 5.0.1.1\" \/>\n\n\t\t<!-- Google tag (gtag.js) -->\n<script async src=\"https:\/\/www.googletagmanager.com\/gtag\/js?id=G-QEZWJ7M6T7\"><\/script>\n<script>\n  window.dataLayer = window.dataLayer || [];\n  function gtag(){dataLayer.push(arguments);}\n  gtag('js', new Date());\n\n  gtag('config', 'G-QEZWJ7M6T7');\n<\/script>\n<script async src=\"https:\/\/pagead2.googlesyndication.com\/pagead\/js\/adsbygoogle.js?client=ca-pub-3987500858204711\"\n     crossorigin=\"anonymous\"><\/script>\n\t\t<meta property=\"og:locale\" content=\"es_ES\" \/>\n\t\t<meta property=\"og:site_name\" content=\"\u00bfQu\u00e9 es? - \u00bfQu\u00e9 es?\" \/>\n\t\t<meta property=\"og:type\" content=\"article\" \/>\n\t\t<meta property=\"og:title\" content=\"Qu\u00e9 es el congreso de viena (2026) \u00bfQu\u00e9 es?\" \/>\n\t\t<meta property=\"og:description\" content=\"\u00bfQu\u00e9 es el Congreso de Viena? Curiosidades sobre el Congreso de Viena El Congreso de Viena se llev\u00f3 a cabo en 1815 despu\u00e9s de la ca\u00edda de Napole\u00f3n Bonaparte. Fue organizado por los l\u00edderes de las principales potencias europeas de la \u00e9poca, entre ellos Austria, Rusia, Gran Breta\u00f1a y Francia. El Congreso de Viena fue\" \/>\n\t\t<meta property=\"og:url\" content=\"https:\/\/dudasytextos.com\/preguntaquees\/que-es-el-congreso-de-viena\/\" \/>\n\t\t<meta property=\"article:published_time\" content=\"2025-02-24T10:27:03+00:00\" \/>\n\t\t<meta property=\"article:modified_time\" content=\"2025-03-13T02:42:12+00:00\" \/>\n\t\t<meta name=\"twitter:card\" content=\"summary_large_image\" \/>\n\t\t<meta name=\"twitter:title\" content=\"Qu\u00e9 es el congreso de viena (2026) \u00bfQu\u00e9 es?\" \/>\n\t\t<meta name=\"twitter:description\" content=\"\u00bfQu\u00e9 es el Congreso de Viena? Curiosidades sobre el Congreso de Viena El Congreso de Viena se llev\u00f3 a cabo en 1815 despu\u00e9s de la ca\u00edda de Napole\u00f3n Bonaparte. Fue organizado por los l\u00edderes de las principales potencias europeas de la \u00e9poca, entre ellos Austria, Rusia, Gran Breta\u00f1a y Francia. El Congreso de Viena fue\" \/>\n\t\t<script type=\"application\/ld+json\" class=\"aioseo-schema\">\n\t\t\t{\"@context\":\"https:\\\/\\\/schema.org\",\"@graph\":[{\"@type\":\"BlogPosting\",\"@id\":\"https:\\\/\\\/dudasytextos.com\\\/preguntaquees\\\/que-es-el-congreso-de-viena\\\/#blogposting\",\"name\":\"Qu\\u00e9 es el congreso de viena (2026) \\u00bfQu\\u00e9 es?\",\"headline\":\"Qu\\u00e9 es el congreso de viena\",\"author\":{\"@id\":\"https:\\\/\\\/dudasytextos.com\\\/preguntaquees\\\/author\\\/admin44\\\/#author\"},\"publisher\":{\"@id\":\"https:\\\/\\\/dudasytextos.com\\\/preguntaquees\\\/#organization\"},\"datePublished\":\"2025-02-24T10:27:03+00:00\",\"dateModified\":\"2025-03-13T02:42:12+00:00\",\"inLanguage\":\"es-ES\",\"mainEntityOfPage\":{\"@id\":\"https:\\\/\\\/dudasytextos.com\\\/preguntaquees\\\/que-es-el-congreso-de-viena\\\/#webpage\"},\"isPartOf\":{\"@id\":\"https:\\\/\\\/dudasytextos.com\\\/preguntaquees\\\/que-es-el-congreso-de-viena\\\/#webpage\"},\"articleSection\":\"\\u00bfQu\\u00e9 es?\"},{\"@type\":\"BreadcrumbList\",\"@id\":\"https:\\\/\\\/dudasytextos.com\\\/preguntaquees\\\/que-es-el-congreso-de-viena\\\/#breadcrumblist\",\"itemListElement\":[{\"@type\":\"ListItem\",\"@id\":\"https:\\\/\\\/dudasytextos.com\\\/preguntaquees#listItem\",\"position\":1,\"name\":\"Inicio\",\"item\":\"https:\\\/\\\/dudasytextos.com\\\/preguntaquees\",\"nextItem\":{\"@type\":\"ListItem\",\"@id\":\"https:\\\/\\\/dudasytextos.com\\\/preguntaquees\\\/category\\\/que-es\\\/#listItem\",\"name\":\"\\u00bfQu\\u00e9 es?\"}},{\"@type\":\"ListItem\",\"@id\":\"https:\\\/\\\/dudasytextos.com\\\/preguntaquees\\\/category\\\/que-es\\\/#listItem\",\"position\":2,\"name\":\"\\u00bfQu\\u00e9 es?\",\"item\":\"https:\\\/\\\/dudasytextos.com\\\/preguntaquees\\\/category\\\/que-es\\\/\",\"nextItem\":{\"@type\":\"ListItem\",\"@id\":\"https:\\\/\\\/dudasytextos.com\\\/preguntaquees\\\/que-es-el-congreso-de-viena\\\/#listItem\",\"name\":\"Qu\\u00e9 es el congreso de viena\"},\"previousItem\":{\"@type\":\"ListItem\",\"@id\":\"https:\\\/\\\/dudasytextos.com\\\/preguntaquees#listItem\",\"name\":\"Inicio\"}},{\"@type\":\"ListItem\",\"@id\":\"https:\\\/\\\/dudasytextos.com\\\/preguntaquees\\\/que-es-el-congreso-de-viena\\\/#listItem\",\"position\":3,\"name\":\"Qu\\u00e9 es el congreso de viena\",\"previousItem\":{\"@type\":\"ListItem\",\"@id\":\"https:\\\/\\\/dudasytextos.com\\\/preguntaquees\\\/category\\\/que-es\\\/#listItem\",\"name\":\"\\u00bfQu\\u00e9 es?\"}}]},{\"@type\":\"Organization\",\"@id\":\"https:\\\/\\\/dudasytextos.com\\\/preguntaquees\\\/#organization\",\"name\":\"\\u00bfC\\u00f3mo funciona?\",\"description\":\"\\u00bfQu\\u00e9 es?\",\"url\":\"https:\\\/\\\/dudasytextos.com\\\/preguntaquees\\\/\"},{\"@type\":\"Person\",\"@id\":\"https:\\\/\\\/dudasytextos.com\\\/preguntaquees\\\/author\\\/admin44\\\/#author\",\"url\":\"https:\\\/\\\/dudasytextos.com\\\/preguntaquees\\\/author\\\/admin44\\\/\",\"name\":\"Ana Gonz\\u00e1lez\"},{\"@type\":\"WebPage\",\"@id\":\"https:\\\/\\\/dudasytextos.com\\\/preguntaquees\\\/que-es-el-congreso-de-viena\\\/#webpage\",\"url\":\"https:\\\/\\\/dudasytextos.com\\\/preguntaquees\\\/que-es-el-congreso-de-viena\\\/\",\"name\":\"Qu\\u00e9 es el congreso de viena (2026) \\u00bfQu\\u00e9 es?\",\"description\":\"\\u00bfQu\\u00e9 es el Congreso de Viena? Curiosidades sobre el Congreso de Viena El Congreso de Viena se llev\\u00f3 a cabo en 1815 despu\\u00e9s de la ca\\u00edda de Napole\\u00f3n Bonaparte. Fue organizado por los l\\u00edderes de las principales potencias europeas de la \\u00e9poca, entre ellos Austria, Rusia, Gran Breta\\u00f1a y Francia. El Congreso de Viena fue\",\"inLanguage\":\"es-ES\",\"isPartOf\":{\"@id\":\"https:\\\/\\\/dudasytextos.com\\\/preguntaquees\\\/#website\"},\"breadcrumb\":{\"@id\":\"https:\\\/\\\/dudasytextos.com\\\/preguntaquees\\\/que-es-el-congreso-de-viena\\\/#breadcrumblist\"},\"author\":{\"@id\":\"https:\\\/\\\/dudasytextos.com\\\/preguntaquees\\\/author\\\/admin44\\\/#author\"},\"creator\":{\"@id\":\"https:\\\/\\\/dudasytextos.com\\\/preguntaquees\\\/author\\\/admin44\\\/#author\"},\"datePublished\":\"2025-02-24T10:27:03+00:00\",\"dateModified\":\"2025-03-13T02:42:12+00:00\"},{\"@type\":\"WebSite\",\"@id\":\"https:\\\/\\\/dudasytextos.com\\\/preguntaquees\\\/#website\",\"url\":\"https:\\\/\\\/dudasytextos.com\\\/preguntaquees\\\/\",\"name\":\"\\u00bfC\\u00f3mo funciona?\",\"description\":\"\\u00bfQu\\u00e9 es?\",\"inLanguage\":\"es-ES\",\"publisher\":{\"@id\":\"https:\\\/\\\/dudasytextos.com\\\/preguntaquees\\\/#organization\"}}]}\n\t\t<\/script>\n\t\t<!-- All in One SEO -->\n\n","aioseo_head_json":{"title":"Qu\u00e9 es el congreso de viena (2026) \u00bfQu\u00e9 es?","description":"\u00bfQu\u00e9 es el Congreso de Viena? Curiosidades sobre el Congreso de Viena El Congreso de Viena se llev\u00f3 a cabo en 1815 despu\u00e9s de la ca\u00edda de Napole\u00f3n Bonaparte. Fue organizado por los l\u00edderes de las principales potencias europeas de la \u00e9poca, entre ellos Austria, Rusia, Gran Breta\u00f1a y Francia. El Congreso de Viena fue","canonical_url":"https:\/\/dudasytextos.com\/preguntaquees\/que-es-el-congreso-de-viena\/","robots":"max-snippet:-1, max-image-preview:large, max-video-preview:-1","keywords":"","webmasterTools":{"miscellaneous":"&lt;!-- Google tag (gtag.js) --&gt;\n&lt;script async src=\"https:\/\/www.googletagmanager.com\/gtag\/js?id=G-QEZWJ7M6T7\"&gt;&lt;\/script&gt;\n&lt;script&gt;\n  window.dataLayer = window.dataLayer || [];\n  function gtag(){dataLayer.push(arguments);}\n  gtag('js', new Date());\n\n  gtag('config', 'G-QEZWJ7M6T7');\n&lt;\/script&gt;\n&lt;script async src=\"https:\/\/pagead2.googlesyndication.com\/pagead\/js\/adsbygoogle.js?client=ca-pub-3987500858204711\"\n     crossorigin=\"anonymous\"&gt;&lt;\/script&gt;"},"schema":{"@context":"https:\/\/schema.org","@graph":[{"@type":"BlogPosting","@id":"https:\/\/dudasytextos.com\/preguntaquees\/que-es-el-congreso-de-viena\/#blogposting","name":"Qu\u00e9 es el congreso de viena (2026) \u00bfQu\u00e9 es?","headline":"Qu\u00e9 es el congreso de viena","author":{"@id":"https:\/\/dudasytextos.com\/preguntaquees\/author\/admin44\/#author"},"publisher":{"@id":"https:\/\/dudasytextos.com\/preguntaquees\/#organization"},"datePublished":"2025-02-24T10:27:03+00:00","dateModified":"2025-03-13T02:42:12+00:00","inLanguage":"es-ES","mainEntityOfPage":{"@id":"https:\/\/dudasytextos.com\/preguntaquees\/que-es-el-congreso-de-viena\/#webpage"},"isPartOf":{"@id":"https:\/\/dudasytextos.com\/preguntaquees\/que-es-el-congreso-de-viena\/#webpage"},"articleSection":"\u00bfQu\u00e9 es?"},{"@type":"BreadcrumbList","@id":"https:\/\/dudasytextos.com\/preguntaquees\/que-es-el-congreso-de-viena\/#breadcrumblist","itemListElement":[{"@type":"ListItem","@id":"https:\/\/dudasytextos.com\/preguntaquees#listItem","position":1,"name":"Inicio","item":"https:\/\/dudasytextos.com\/preguntaquees","nextItem":{"@type":"ListItem","@id":"https:\/\/dudasytextos.com\/preguntaquees\/category\/que-es\/#listItem","name":"\u00bfQu\u00e9 es?"}},{"@type":"ListItem","@id":"https:\/\/dudasytextos.com\/preguntaquees\/category\/que-es\/#listItem","position":2,"name":"\u00bfQu\u00e9 es?","item":"https:\/\/dudasytextos.com\/preguntaquees\/category\/que-es\/","nextItem":{"@type":"ListItem","@id":"https:\/\/dudasytextos.com\/preguntaquees\/que-es-el-congreso-de-viena\/#listItem","name":"Qu\u00e9 es el congreso de viena"},"previousItem":{"@type":"ListItem","@id":"https:\/\/dudasytextos.com\/preguntaquees#listItem","name":"Inicio"}},{"@type":"ListItem","@id":"https:\/\/dudasytextos.com\/preguntaquees\/que-es-el-congreso-de-viena\/#listItem","position":3,"name":"Qu\u00e9 es el congreso de viena","previousItem":{"@type":"ListItem","@id":"https:\/\/dudasytextos.com\/preguntaquees\/category\/que-es\/#listItem","name":"\u00bfQu\u00e9 es?"}}]},{"@type":"Organization","@id":"https:\/\/dudasytextos.com\/preguntaquees\/#organization","name":"\u00bfC\u00f3mo funciona?","description":"\u00bfQu\u00e9 es?","url":"https:\/\/dudasytextos.com\/preguntaquees\/"},{"@type":"Person","@id":"https:\/\/dudasytextos.com\/preguntaquees\/author\/admin44\/#author","url":"https:\/\/dudasytextos.com\/preguntaquees\/author\/admin44\/","name":"Ana Gonz\u00e1lez"},{"@type":"WebPage","@id":"https:\/\/dudasytextos.com\/preguntaquees\/que-es-el-congreso-de-viena\/#webpage","url":"https:\/\/dudasytextos.com\/preguntaquees\/que-es-el-congreso-de-viena\/","name":"Qu\u00e9 es el congreso de viena (2026) \u00bfQu\u00e9 es?","description":"\u00bfQu\u00e9 es el Congreso de Viena? Curiosidades sobre el Congreso de Viena El Congreso de Viena se llev\u00f3 a cabo en 1815 despu\u00e9s de la ca\u00edda de Napole\u00f3n Bonaparte. Fue organizado por los l\u00edderes de las principales potencias europeas de la \u00e9poca, entre ellos Austria, Rusia, Gran Breta\u00f1a y Francia. El Congreso de Viena fue","inLanguage":"es-ES","isPartOf":{"@id":"https:\/\/dudasytextos.com\/preguntaquees\/#website"},"breadcrumb":{"@id":"https:\/\/dudasytextos.com\/preguntaquees\/que-es-el-congreso-de-viena\/#breadcrumblist"},"author":{"@id":"https:\/\/dudasytextos.com\/preguntaquees\/author\/admin44\/#author"},"creator":{"@id":"https:\/\/dudasytextos.com\/preguntaquees\/author\/admin44\/#author"},"datePublished":"2025-02-24T10:27:03+00:00","dateModified":"2025-03-13T02:42:12+00:00"},{"@type":"WebSite","@id":"https:\/\/dudasytextos.com\/preguntaquees\/#website","url":"https:\/\/dudasytextos.com\/preguntaquees\/","name":"\u00bfC\u00f3mo funciona?","description":"\u00bfQu\u00e9 es?","inLanguage":"es-ES","publisher":{"@id":"https:\/\/dudasytextos.com\/preguntaquees\/#organization"}}]},"og:locale":"es_ES","og:site_name":"\u00bfQu\u00e9 es? - \u00bfQu\u00e9 es?","og:type":"article","og:title":"Qu\u00e9 es el congreso de viena (2026) \u00bfQu\u00e9 es?","og:description":"\u00bfQu\u00e9 es el Congreso de Viena? Curiosidades sobre el Congreso de Viena El Congreso de Viena se llev\u00f3 a cabo en 1815 despu\u00e9s de la ca\u00edda de Napole\u00f3n Bonaparte. Fue organizado por los l\u00edderes de las principales potencias europeas de la \u00e9poca, entre ellos Austria, Rusia, Gran Breta\u00f1a y Francia. El Congreso de Viena fue","og:url":"https:\/\/dudasytextos.com\/preguntaquees\/que-es-el-congreso-de-viena\/","article:published_time":"2025-02-24T10:27:03+00:00","article:modified_time":"2025-03-13T02:42:12+00:00","twitter:card":"summary_large_image","twitter:title":"Qu\u00e9 es el congreso de viena (2026) \u00bfQu\u00e9 es?","twitter:description":"\u00bfQu\u00e9 es el Congreso de Viena? Curiosidades sobre el Congreso de Viena El Congreso de Viena se llev\u00f3 a cabo en 1815 despu\u00e9s de la ca\u00edda de Napole\u00f3n Bonaparte. Fue organizado por los l\u00edderes de las principales potencias europeas de la \u00e9poca, entre ellos Austria, Rusia, Gran Breta\u00f1a y Francia. El Congreso de Viena fue"},"aioseo_meta_data":{"post_id":"149630","title":null,"description":null,"keywords":null,"keyphrases":null,"primary_term":null,"canonical_url":null,"og_title":null,"og_description":null,"og_object_type":"default","og_image_type":"default","og_image_url":null,"og_image_width":null,"og_image_height":null,"og_image_custom_url":null,"og_image_custom_fields":null,"og_video":null,"og_custom_url":null,"og_article_section":null,"og_article_tags":null,"twitter_use_og":false,"twitter_card":"default","twitter_image_type":"default","twitter_image_url":null,"twitter_image_custom_url":null,"twitter_image_custom_fields":null,"twitter_title":null,"twitter_description":null,"schema":{"blockGraphs":[],"customGraphs":[],"default":{"data":{"Article":[],"Course":[],"Dataset":[],"FAQPage":[],"Movie":[],"Person":[],"Product":[],"ProductReview":[],"Car":[],"Recipe":[],"Service":[],"SoftwareApplication":[],"WebPage":[]},"graphName":"","isEnabled":true},"graphs":[]},"schema_type":"default","schema_type_options":null,"pillar_content":false,"robots_default":true,"robots_noindex":false,"robots_noarchive":false,"robots_nosnippet":false,"robots_nofollow":false,"robots_noimageindex":false,"robots_noodp":false,"robots_notranslate":false,"robots_max_snippet":null,"robots_max_videopreview":null,"robots_max_imagepreview":"large","priority":null,"frequency":null,"local_seo":null,"breadcrumb_settings":null,"limit_modified_date":false,"ai":null,"created":"2023-05-13 15:21:30","updated":"2025-06-04 00:58:48","seo_analyzer_scan_date":null,"focus_keyword":null,"additional_keywords":null,"truseo_locale":null},"aioseo_breadcrumb":"<div class=\"aioseo-breadcrumbs\"><span class=\"aioseo-breadcrumb\">\n\t\t\t<a href=\"https:\/\/dudasytextos.com\/preguntaquees\" title=\"Inicio\">Inicio<\/a>\n\t\t<\/span><span class=\"aioseo-breadcrumb-separator\">&raquo;<\/span><span class=\"aioseo-breadcrumb\">\n\t\t\t<a href=\"https:\/\/dudasytextos.com\/preguntaquees\/category\/que-es\/\" title=\"\u00bfQu\u00e9 es?\">\u00bfQu\u00e9 es?<\/a>\n\t\t<\/span><span class=\"aioseo-breadcrumb-separator\">&raquo;<\/span><span class=\"aioseo-breadcrumb\">\n\t\t\tQu\u00e9 es el congreso de viena\n\t\t<\/span><\/div>","aioseo_breadcrumb_json":[{"label":"Inicio","link":"https:\/\/dudasytextos.com\/preguntaquees"},{"label":"\u00bfQu\u00e9 es?","link":"https:\/\/dudasytextos.com\/preguntaquees\/category\/que-es\/"},{"label":"Qu\u00e9 es el congreso de viena","link":"https:\/\/dudasytextos.com\/preguntaquees\/que-es-el-congreso-de-viena\/"}],"_links":{"self":[{"href":"https:\/\/dudasytextos.com\/preguntaquees\/wp-json\/wp\/v2\/posts\/149630","targetHints":{"allow":["GET"]}}],"collection":[{"href":"https:\/\/dudasytextos.com\/preguntaquees\/wp-json\/wp\/v2\/posts"}],"about":[{"href":"https:\/\/dudasytextos.com\/preguntaquees\/wp-json\/wp\/v2\/types\/post"}],"author":[{"embeddable":true,"href":"https:\/\/dudasytextos.com\/preguntaquees\/wp-json\/wp\/v2\/users\/1"}],"replies":[{"embeddable":true,"href":"https:\/\/dudasytextos.com\/preguntaquees\/wp-json\/wp\/v2\/comments?post=149630"}],"version-history":[{"count":1,"href":"https:\/\/dudasytextos.com\/preguntaquees\/wp-json\/wp\/v2\/posts\/149630\/revisions"}],"predecessor-version":[{"id":156199,"href":"https:\/\/dudasytextos.com\/preguntaquees\/wp-json\/wp\/v2\/posts\/149630\/revisions\/156199"}],"wp:attachment":[{"href":"https:\/\/dudasytextos.com\/preguntaquees\/wp-json\/wp\/v2\/media?parent=149630"}],"wp:term":[{"taxonomy":"category","embeddable":true,"href":"https:\/\/dudasytextos.com\/preguntaquees\/wp-json\/wp\/v2\/categories?post=149630"},{"taxonomy":"post_tag","embeddable":true,"href":"https:\/\/dudasytextos.com\/preguntaquees\/wp-json\/wp\/v2\/tags?post=149630"}],"curies":[{"name":"wp","href":"https:\/\/api.w.org\/{rel}","templated":true}]}}