{"id":149731,"date":"2025-02-25T16:48:53","date_gmt":"2025-02-25T16:48:53","guid":{"rendered":"https:\/\/educacion.cc\/?p=149731"},"modified":"2025-03-12T14:55:14","modified_gmt":"2025-03-12T14:55:14","slug":"que-es-la-guerra-punica","status":"publish","type":"post","link":"https:\/\/dudasytextos.com\/preguntaquees\/que-es-la-guerra-punica\/","title":{"rendered":"Qu\u00e9 es la guerra punica"},"content":{"rendered":"<div id=\"ez-toc-container\" class=\"ez-toc-v2_0_87 counter-hierarchy ez-toc-counter ez-toc-custom ez-toc-container-direction\">\n<div class=\"ez-toc-title-container\">\n<span class=\"ez-toc-title-toggle\"><\/span><\/div>\n<nav><ul class='ez-toc-list ez-toc-list-level-1 ' ><li class='ez-toc-page-1 ez-toc-heading-level-2'><a class=\"ez-toc-link ez-toc-heading-1\" href=\"https:\/\/dudasytextos.com\/preguntaquees\/que-es-la-guerra-punica\/#%C2%BFQue_es_la_Guerra_Punica\" >\u00bfQu\u00e9 es la Guerra P\u00fanica?<\/a><\/li><li class='ez-toc-page-1 ez-toc-heading-level-2'><a class=\"ez-toc-link ez-toc-heading-2\" href=\"https:\/\/dudasytextos.com\/preguntaquees\/que-es-la-guerra-punica\/#Una_mirada_a_uno_de_los_conflictos_mas_importantes_de_la_historia\" >Una mirada a uno de los conflictos m\u00e1s importantes de la historia<\/a><\/li><li class='ez-toc-page-1 ez-toc-heading-level-2'><a class=\"ez-toc-link ez-toc-heading-3\" href=\"https:\/\/dudasytextos.com\/preguntaquees\/que-es-la-guerra-punica\/#Curiosidades_y_datos_interesantes_sobre_la_Guerra_Punica\" >Curiosidades y datos interesantes sobre la Guerra P\u00fanica<\/a><\/li><li class='ez-toc-page-1 ez-toc-heading-level-2'><a class=\"ez-toc-link ez-toc-heading-4\" href=\"https:\/\/dudasytextos.com\/preguntaquees\/que-es-la-guerra-punica\/#Mi_experiencia_personal_con_la_Guerra_Punica\" >Mi experiencia personal con la Guerra P\u00fanica<\/a><\/li><li class='ez-toc-page-1 ez-toc-heading-level-2'><a class=\"ez-toc-link ez-toc-heading-5\" href=\"https:\/\/dudasytextos.com\/preguntaquees\/que-es-la-guerra-punica\/#%C2%BFPor_que_es_importante_conocer_la_Guerra_Punica\" >\u00bfPor qu\u00e9 es importante conocer la Guerra P\u00fanica?<\/a><\/li><li class='ez-toc-page-1 ez-toc-heading-level-2'><a class=\"ez-toc-link ez-toc-heading-6\" href=\"https:\/\/dudasytextos.com\/preguntaquees\/que-es-la-guerra-punica\/#Preguntas_frecuentes_sobre_la_Guerra_Punica\" >Preguntas frecuentes sobre la Guerra P\u00fanica<\/a><ul class='ez-toc-list-level-3' ><li class='ez-toc-heading-level-3'><a class=\"ez-toc-link ez-toc-heading-7\" href=\"https:\/\/dudasytextos.com\/preguntaquees\/que-es-la-guerra-punica\/#%C2%BFPor_que_se_llamo_Guerra_Punica\" >\u00bfPor qu\u00e9 se llam\u00f3 Guerra P\u00fanica?<\/a><\/li><li class='ez-toc-page-1 ez-toc-heading-level-3'><a class=\"ez-toc-link ez-toc-heading-8\" href=\"https:\/\/dudasytextos.com\/preguntaquees\/que-es-la-guerra-punica\/#%C2%BFQuienes_lucharon_en_la_Guerra_Punica\" >\u00bfQui\u00e9nes lucharon en la Guerra P\u00fanica?<\/a><\/li><li class='ez-toc-page-1 ez-toc-heading-level-3'><a class=\"ez-toc-link ez-toc-heading-9\" href=\"https:\/\/dudasytextos.com\/preguntaquees\/que-es-la-guerra-punica\/#%C2%BFCual_fue_el_resultado_de_la_Guerra_Punica\" >\u00bfCu\u00e1l fue el resultado de la Guerra P\u00fanica?<\/a><\/li><\/ul><\/li><\/ul><\/nav><\/div>\n<h2><span class=\"ez-toc-section\" id=\"%C2%BFQue_es_la_Guerra_Punica\"><\/span>\u00bfQu\u00e9 es la Guerra P\u00fanica?<span class=\"ez-toc-section-end\"><\/span><\/h2>\n<h2><span class=\"ez-toc-section\" id=\"Una_mirada_a_uno_de_los_conflictos_mas_importantes_de_la_historia\"><\/span>Una mirada a uno de los conflictos m\u00e1s importantes de la historia<span class=\"ez-toc-section-end\"><\/span><\/h2>\n<section>\n<h2><span class=\"ez-toc-section\" id=\"Curiosidades_y_datos_interesantes_sobre_la_Guerra_Punica\"><\/span>Curiosidades y datos interesantes sobre la Guerra P\u00fanica<span class=\"ez-toc-section-end\"><\/span><\/h2>\n<ul>\n<li>La Guerra P\u00fanica fue un conflicto que enfrent\u00f3 a las ciudades estado de Roma y Cartago en tres ocasiones, entre los a\u00f1os 264 a.C. y 146 a.C.<\/li>\n<li>El nombre de la guerra proviene de la palabra p\u00fanico, que significa fenicio en lat\u00edn, ya que Cartago fue fundada por colonos fenicios.<\/li>\n<li>La Segunda Guerra P\u00fanica, que tuvo lugar entre los a\u00f1os 218 a.C. y 201 a.C., fue liderada por el general cartagin\u00e9s An\u00edbal, quien llev\u00f3 a cabo una famosa campa\u00f1a militar a trav\u00e9s de los Alpes.<\/li>\n<li>La Guerra P\u00fanica tuvo un gran impacto en la historia de Espa\u00f1a, ya que el territorio de la pen\u00ednsula ib\u00e9rica fue escenario de importantes batallas y fue conquistado por Roma durante este periodo.<\/li>\n<\/ul>\n<\/section>\n<section>\n<h2><span class=\"ez-toc-section\" id=\"Mi_experiencia_personal_con_la_Guerra_Punica\"><\/span>Mi experiencia personal con la Guerra P\u00fanica<span class=\"ez-toc-section-end\"><\/span><\/h2>\n<p>Siempre me ha interesado la historia de Espa\u00f1a y c\u00f3mo los conflictos b\u00e9licos han moldeado la cultura y la sociedad del pa\u00eds. La Guerra P\u00fanica es uno de los eventos m\u00e1s fascinantes de la historia antigua y ha tenido un impacto duradero en la pen\u00ednsula ib\u00e9rica. Estudiar la Guerra P\u00fanica me ha ayudado a entender mejor la evoluci\u00f3n de Espa\u00f1a y su lugar en el mundo.<\/p>\n<p>Adem\u00e1s, visit\u00e9 recientemente el Teatro Romano de Cartagena, uno de los muchos sitios hist\u00f3ricos en Espa\u00f1a relacionados con la Guerra P\u00fanica. Ver los restos de la antigua ciudad cartaginesa y el teatro donde los romanos celebraban sus victorias fue una experiencia \u00fanica y emocionante.<\/p>\n<\/section>\n<section>\n<h2><span class=\"ez-toc-section\" id=\"%C2%BFPor_que_es_importante_conocer_la_Guerra_Punica\"><\/span>\u00bfPor qu\u00e9 es importante conocer la Guerra P\u00fanica?<span class=\"ez-toc-section-end\"><\/span><\/h2>\n<p>La Guerra P\u00fanica es importante porque fue uno de los conflictos m\u00e1s significativos de la historia antigua y tuvo un gran impacto en el mundo mediterr\u00e1neo. Adem\u00e1s, la guerra tuvo un efecto duradero en la cultura y la sociedad de Espa\u00f1a, y a\u00fan se pueden ver sus huellas en el patrimonio hist\u00f3rico y cultural del pa\u00eds.<\/p>\n<p>Conocer la Guerra P\u00fanica tambi\u00e9n nos ayuda a entender mejor la evoluci\u00f3n de la civilizaci\u00f3n occidental y c\u00f3mo los conflictos b\u00e9licos han dado forma al mundo en que vivimos hoy en d\u00eda. La guerra fue un punto de inflexi\u00f3n en la historia de Roma y Cartago, y su legado sigue siendo relevante en la actualidad.<\/p>\n<\/section>\n<section>\n<h2><span class=\"ez-toc-section\" id=\"Preguntas_frecuentes_sobre_la_Guerra_Punica\"><\/span>Preguntas frecuentes sobre la Guerra P\u00fanica<span class=\"ez-toc-section-end\"><\/span><\/h2>\n<h3><span class=\"ez-toc-section\" id=\"%C2%BFPor_que_se_llamo_Guerra_Punica\"><\/span>\u00bfPor qu\u00e9 se llam\u00f3 Guerra P\u00fanica?<span class=\"ez-toc-section-end\"><\/span><\/h3>\n<p>La guerra se llam\u00f3 as\u00ed porque Cartago fue fundada por colonos fenicios, a quienes los romanos llamaban p\u00fanicos. Por lo tanto, la Guerra P\u00fanica se refiere al conflicto entre Roma y Cartago.<\/p>\n<h3><span class=\"ez-toc-section\" id=\"%C2%BFQuienes_lucharon_en_la_Guerra_Punica\"><\/span>\u00bfQui\u00e9nes lucharon en la Guerra P\u00fanica?<span class=\"ez-toc-section-end\"><\/span><\/h3>\n<p>La Guerra P\u00fanica enfrent\u00f3 a las ciudades estado de Roma y Cartago en tres ocasiones. Los l\u00edderes militares m\u00e1s famosos de la guerra fueron An\u00edbal Barca, quien dirigi\u00f3 a las fuerzas cartaginesas en la Segunda Guerra P\u00fanica, y Escipi\u00f3n el Africano, quien lider\u00f3 a las tropas romanas en la misma guerra.<\/p>\n<h3><span class=\"ez-toc-section\" id=\"%C2%BFCual_fue_el_resultado_de_la_Guerra_Punica\"><\/span>\u00bfCu\u00e1l fue el resultado de la Guerra P\u00fanica?<span class=\"ez-toc-section-end\"><\/span><\/h3>\n<p>La Guerra P\u00fanica tuvo tres conflictos distintos, y los resultados variaron en cada uno de ellos. En general, Roma emergi\u00f3 como la potencia dominante del Mediterr\u00e1neo occidental despu\u00e9s de la guerra, y Cartago fue destruida por completo. La guerra tambi\u00e9n tuvo un gran impacto en la pen\u00ednsula ib\u00e9rica, que fue conquistada por los romanos durante el conflicto.<\/p>\n<\/section>\n<footer>\n<p>Escrito por Ana Gonz\u00e1lez<\/p>\n<\/footer>\n","protected":false},"excerpt":{"rendered":"<p>\u00bfQu\u00e9 es la Guerra P\u00fanica? Una mirada a uno de los conflictos m\u00e1s importantes de la historia Curiosidades y datos interesantes sobre la Guerra P\u00fanica La Guerra P\u00fanica fue un conflicto que enfrent\u00f3 a las ciudades estado de Roma y Cartago en tres ocasiones, entre los a\u00f1os 264 a.C. y 146 a.C. El nombre de &#8230; <a title=\"Qu\u00e9 es la guerra punica\" class=\"read-more\" href=\"https:\/\/dudasytextos.com\/preguntaquees\/que-es-la-guerra-punica\/\" aria-label=\"M\u00e1s en Qu\u00e9 es la guerra punica\">Leer m\u00e1s<\/a><\/p>\n","protected":false},"author":1,"featured_media":0,"comment_status":"open","ping_status":"open","sticky":false,"template":"","format":"standard","meta":{"footnotes":""},"categories":[4],"tags":[],"class_list":["post-149731","post","type-post","status-publish","format-standard","hentry","category-que-es"],"aioseo_notices":[],"aioseo_head":"\n\t\t<!-- All in One SEO 5.0.1.1 - aioseo.com -->\n\t<meta name=\"description\" content=\"\u00bfQu\u00e9 es la Guerra P\u00fanica? Una mirada a uno de los conflictos m\u00e1s importantes de la historia Curiosidades y datos interesantes sobre la Guerra P\u00fanica La Guerra P\u00fanica fue un conflicto que enfrent\u00f3 a las ciudades estado de Roma y Cartago en tres ocasiones, entre los a\u00f1os 264 a.C. y 146 a.C. El nombre de\" \/>\n\t<meta name=\"robots\" content=\"max-snippet:-1, max-image-preview:large, max-video-preview:-1\" \/>\n\t<meta name=\"author\" content=\"Ana Gonz\u00e1lez\"\/>\n\t<link rel=\"canonical\" href=\"https:\/\/dudasytextos.com\/preguntaquees\/que-es-la-guerra-punica\/\" \/>\n\t<meta name=\"generator\" content=\"All in One SEO (AIOSEO) 5.0.1.1\" \/>\n\n\t\t<!-- Google tag (gtag.js) -->\n<script async src=\"https:\/\/www.googletagmanager.com\/gtag\/js?id=G-QEZWJ7M6T7\"><\/script>\n<script>\n  window.dataLayer = window.dataLayer || [];\n  function gtag(){dataLayer.push(arguments);}\n  gtag('js', new Date());\n\n  gtag('config', 'G-QEZWJ7M6T7');\n<\/script>\n<script async src=\"https:\/\/pagead2.googlesyndication.com\/pagead\/js\/adsbygoogle.js?client=ca-pub-3987500858204711\"\n     crossorigin=\"anonymous\"><\/script>\n\t\t<meta property=\"og:locale\" content=\"es_ES\" \/>\n\t\t<meta property=\"og:site_name\" content=\"\u00bfQu\u00e9 es? - \u00bfQu\u00e9 es?\" \/>\n\t\t<meta property=\"og:type\" content=\"article\" \/>\n\t\t<meta property=\"og:title\" content=\"Qu\u00e9 es la guerra punica (2026) \u00bfQu\u00e9 es?\" \/>\n\t\t<meta property=\"og:description\" content=\"\u00bfQu\u00e9 es la Guerra P\u00fanica? Una mirada a uno de los conflictos m\u00e1s importantes de la historia Curiosidades y datos interesantes sobre la Guerra P\u00fanica La Guerra P\u00fanica fue un conflicto que enfrent\u00f3 a las ciudades estado de Roma y Cartago en tres ocasiones, entre los a\u00f1os 264 a.C. y 146 a.C. El nombre de\" \/>\n\t\t<meta property=\"og:url\" content=\"https:\/\/dudasytextos.com\/preguntaquees\/que-es-la-guerra-punica\/\" \/>\n\t\t<meta property=\"article:published_time\" content=\"2025-02-25T16:48:53+00:00\" \/>\n\t\t<meta property=\"article:modified_time\" content=\"2025-03-12T14:55:14+00:00\" \/>\n\t\t<meta name=\"twitter:card\" content=\"summary_large_image\" \/>\n\t\t<meta name=\"twitter:title\" content=\"Qu\u00e9 es la guerra punica (2026) \u00bfQu\u00e9 es?\" \/>\n\t\t<meta name=\"twitter:description\" content=\"\u00bfQu\u00e9 es la Guerra P\u00fanica? Una mirada a uno de los conflictos m\u00e1s importantes de la historia Curiosidades y datos interesantes sobre la Guerra P\u00fanica La Guerra P\u00fanica fue un conflicto que enfrent\u00f3 a las ciudades estado de Roma y Cartago en tres ocasiones, entre los a\u00f1os 264 a.C. y 146 a.C. El nombre de\" \/>\n\t\t<script type=\"application\/ld+json\" class=\"aioseo-schema\">\n\t\t\t{\"@context\":\"https:\\\/\\\/schema.org\",\"@graph\":[{\"@type\":\"BlogPosting\",\"@id\":\"https:\\\/\\\/dudasytextos.com\\\/preguntaquees\\\/que-es-la-guerra-punica\\\/#blogposting\",\"name\":\"Qu\\u00e9 es la guerra punica (2026) \\u00bfQu\\u00e9 es?\",\"headline\":\"Qu\\u00e9 es la guerra punica\",\"author\":{\"@id\":\"https:\\\/\\\/dudasytextos.com\\\/preguntaquees\\\/author\\\/admin44\\\/#author\"},\"publisher\":{\"@id\":\"https:\\\/\\\/dudasytextos.com\\\/preguntaquees\\\/#organization\"},\"datePublished\":\"2025-02-25T16:48:53+00:00\",\"dateModified\":\"2025-03-12T14:55:14+00:00\",\"inLanguage\":\"es-ES\",\"mainEntityOfPage\":{\"@id\":\"https:\\\/\\\/dudasytextos.com\\\/preguntaquees\\\/que-es-la-guerra-punica\\\/#webpage\"},\"isPartOf\":{\"@id\":\"https:\\\/\\\/dudasytextos.com\\\/preguntaquees\\\/que-es-la-guerra-punica\\\/#webpage\"},\"articleSection\":\"\\u00bfQu\\u00e9 es?\"},{\"@type\":\"BreadcrumbList\",\"@id\":\"https:\\\/\\\/dudasytextos.com\\\/preguntaquees\\\/que-es-la-guerra-punica\\\/#breadcrumblist\",\"itemListElement\":[{\"@type\":\"ListItem\",\"@id\":\"https:\\\/\\\/dudasytextos.com\\\/preguntaquees#listItem\",\"position\":1,\"name\":\"Inicio\",\"item\":\"https:\\\/\\\/dudasytextos.com\\\/preguntaquees\",\"nextItem\":{\"@type\":\"ListItem\",\"@id\":\"https:\\\/\\\/dudasytextos.com\\\/preguntaquees\\\/category\\\/que-es\\\/#listItem\",\"name\":\"\\u00bfQu\\u00e9 es?\"}},{\"@type\":\"ListItem\",\"@id\":\"https:\\\/\\\/dudasytextos.com\\\/preguntaquees\\\/category\\\/que-es\\\/#listItem\",\"position\":2,\"name\":\"\\u00bfQu\\u00e9 es?\",\"item\":\"https:\\\/\\\/dudasytextos.com\\\/preguntaquees\\\/category\\\/que-es\\\/\",\"nextItem\":{\"@type\":\"ListItem\",\"@id\":\"https:\\\/\\\/dudasytextos.com\\\/preguntaquees\\\/que-es-la-guerra-punica\\\/#listItem\",\"name\":\"Qu\\u00e9 es la guerra punica\"},\"previousItem\":{\"@type\":\"ListItem\",\"@id\":\"https:\\\/\\\/dudasytextos.com\\\/preguntaquees#listItem\",\"name\":\"Inicio\"}},{\"@type\":\"ListItem\",\"@id\":\"https:\\\/\\\/dudasytextos.com\\\/preguntaquees\\\/que-es-la-guerra-punica\\\/#listItem\",\"position\":3,\"name\":\"Qu\\u00e9 es la guerra punica\",\"previousItem\":{\"@type\":\"ListItem\",\"@id\":\"https:\\\/\\\/dudasytextos.com\\\/preguntaquees\\\/category\\\/que-es\\\/#listItem\",\"name\":\"\\u00bfQu\\u00e9 es?\"}}]},{\"@type\":\"Organization\",\"@id\":\"https:\\\/\\\/dudasytextos.com\\\/preguntaquees\\\/#organization\",\"name\":\"\\u00bfC\\u00f3mo funciona?\",\"description\":\"\\u00bfQu\\u00e9 es?\",\"url\":\"https:\\\/\\\/dudasytextos.com\\\/preguntaquees\\\/\"},{\"@type\":\"Person\",\"@id\":\"https:\\\/\\\/dudasytextos.com\\\/preguntaquees\\\/author\\\/admin44\\\/#author\",\"url\":\"https:\\\/\\\/dudasytextos.com\\\/preguntaquees\\\/author\\\/admin44\\\/\",\"name\":\"Ana Gonz\\u00e1lez\"},{\"@type\":\"WebPage\",\"@id\":\"https:\\\/\\\/dudasytextos.com\\\/preguntaquees\\\/que-es-la-guerra-punica\\\/#webpage\",\"url\":\"https:\\\/\\\/dudasytextos.com\\\/preguntaquees\\\/que-es-la-guerra-punica\\\/\",\"name\":\"Qu\\u00e9 es la guerra punica (2026) \\u00bfQu\\u00e9 es?\",\"description\":\"\\u00bfQu\\u00e9 es la Guerra P\\u00fanica? Una mirada a uno de los conflictos m\\u00e1s importantes de la historia Curiosidades y datos interesantes sobre la Guerra P\\u00fanica La Guerra P\\u00fanica fue un conflicto que enfrent\\u00f3 a las ciudades estado de Roma y Cartago en tres ocasiones, entre los a\\u00f1os 264 a.C. y 146 a.C. El nombre de\",\"inLanguage\":\"es-ES\",\"isPartOf\":{\"@id\":\"https:\\\/\\\/dudasytextos.com\\\/preguntaquees\\\/#website\"},\"breadcrumb\":{\"@id\":\"https:\\\/\\\/dudasytextos.com\\\/preguntaquees\\\/que-es-la-guerra-punica\\\/#breadcrumblist\"},\"author\":{\"@id\":\"https:\\\/\\\/dudasytextos.com\\\/preguntaquees\\\/author\\\/admin44\\\/#author\"},\"creator\":{\"@id\":\"https:\\\/\\\/dudasytextos.com\\\/preguntaquees\\\/author\\\/admin44\\\/#author\"},\"datePublished\":\"2025-02-25T16:48:53+00:00\",\"dateModified\":\"2025-03-12T14:55:14+00:00\"},{\"@type\":\"WebSite\",\"@id\":\"https:\\\/\\\/dudasytextos.com\\\/preguntaquees\\\/#website\",\"url\":\"https:\\\/\\\/dudasytextos.com\\\/preguntaquees\\\/\",\"name\":\"\\u00bfC\\u00f3mo funciona?\",\"description\":\"\\u00bfQu\\u00e9 es?\",\"inLanguage\":\"es-ES\",\"publisher\":{\"@id\":\"https:\\\/\\\/dudasytextos.com\\\/preguntaquees\\\/#organization\"}}]}\n\t\t<\/script>\n\t\t<!-- All in One SEO -->\n\n","aioseo_head_json":{"title":"Qu\u00e9 es la guerra punica (2026) \u00bfQu\u00e9 es?","description":"\u00bfQu\u00e9 es la Guerra P\u00fanica? Una mirada a uno de los conflictos m\u00e1s importantes de la historia Curiosidades y datos interesantes sobre la Guerra P\u00fanica La Guerra P\u00fanica fue un conflicto que enfrent\u00f3 a las ciudades estado de Roma y Cartago en tres ocasiones, entre los a\u00f1os 264 a.C. y 146 a.C. El nombre de","canonical_url":"https:\/\/dudasytextos.com\/preguntaquees\/que-es-la-guerra-punica\/","robots":"max-snippet:-1, max-image-preview:large, max-video-preview:-1","keywords":"","webmasterTools":{"miscellaneous":"&lt;!-- Google tag (gtag.js) --&gt;\n&lt;script async src=\"https:\/\/www.googletagmanager.com\/gtag\/js?id=G-QEZWJ7M6T7\"&gt;&lt;\/script&gt;\n&lt;script&gt;\n  window.dataLayer = window.dataLayer || [];\n  function gtag(){dataLayer.push(arguments);}\n  gtag('js', new Date());\n\n  gtag('config', 'G-QEZWJ7M6T7');\n&lt;\/script&gt;\n&lt;script async src=\"https:\/\/pagead2.googlesyndication.com\/pagead\/js\/adsbygoogle.js?client=ca-pub-3987500858204711\"\n     crossorigin=\"anonymous\"&gt;&lt;\/script&gt;"},"schema":{"@context":"https:\/\/schema.org","@graph":[{"@type":"BlogPosting","@id":"https:\/\/dudasytextos.com\/preguntaquees\/que-es-la-guerra-punica\/#blogposting","name":"Qu\u00e9 es la guerra punica (2026) \u00bfQu\u00e9 es?","headline":"Qu\u00e9 es la guerra punica","author":{"@id":"https:\/\/dudasytextos.com\/preguntaquees\/author\/admin44\/#author"},"publisher":{"@id":"https:\/\/dudasytextos.com\/preguntaquees\/#organization"},"datePublished":"2025-02-25T16:48:53+00:00","dateModified":"2025-03-12T14:55:14+00:00","inLanguage":"es-ES","mainEntityOfPage":{"@id":"https:\/\/dudasytextos.com\/preguntaquees\/que-es-la-guerra-punica\/#webpage"},"isPartOf":{"@id":"https:\/\/dudasytextos.com\/preguntaquees\/que-es-la-guerra-punica\/#webpage"},"articleSection":"\u00bfQu\u00e9 es?"},{"@type":"BreadcrumbList","@id":"https:\/\/dudasytextos.com\/preguntaquees\/que-es-la-guerra-punica\/#breadcrumblist","itemListElement":[{"@type":"ListItem","@id":"https:\/\/dudasytextos.com\/preguntaquees#listItem","position":1,"name":"Inicio","item":"https:\/\/dudasytextos.com\/preguntaquees","nextItem":{"@type":"ListItem","@id":"https:\/\/dudasytextos.com\/preguntaquees\/category\/que-es\/#listItem","name":"\u00bfQu\u00e9 es?"}},{"@type":"ListItem","@id":"https:\/\/dudasytextos.com\/preguntaquees\/category\/que-es\/#listItem","position":2,"name":"\u00bfQu\u00e9 es?","item":"https:\/\/dudasytextos.com\/preguntaquees\/category\/que-es\/","nextItem":{"@type":"ListItem","@id":"https:\/\/dudasytextos.com\/preguntaquees\/que-es-la-guerra-punica\/#listItem","name":"Qu\u00e9 es la guerra punica"},"previousItem":{"@type":"ListItem","@id":"https:\/\/dudasytextos.com\/preguntaquees#listItem","name":"Inicio"}},{"@type":"ListItem","@id":"https:\/\/dudasytextos.com\/preguntaquees\/que-es-la-guerra-punica\/#listItem","position":3,"name":"Qu\u00e9 es la guerra punica","previousItem":{"@type":"ListItem","@id":"https:\/\/dudasytextos.com\/preguntaquees\/category\/que-es\/#listItem","name":"\u00bfQu\u00e9 es?"}}]},{"@type":"Organization","@id":"https:\/\/dudasytextos.com\/preguntaquees\/#organization","name":"\u00bfC\u00f3mo funciona?","description":"\u00bfQu\u00e9 es?","url":"https:\/\/dudasytextos.com\/preguntaquees\/"},{"@type":"Person","@id":"https:\/\/dudasytextos.com\/preguntaquees\/author\/admin44\/#author","url":"https:\/\/dudasytextos.com\/preguntaquees\/author\/admin44\/","name":"Ana Gonz\u00e1lez"},{"@type":"WebPage","@id":"https:\/\/dudasytextos.com\/preguntaquees\/que-es-la-guerra-punica\/#webpage","url":"https:\/\/dudasytextos.com\/preguntaquees\/que-es-la-guerra-punica\/","name":"Qu\u00e9 es la guerra punica (2026) \u00bfQu\u00e9 es?","description":"\u00bfQu\u00e9 es la Guerra P\u00fanica? Una mirada a uno de los conflictos m\u00e1s importantes de la historia Curiosidades y datos interesantes sobre la Guerra P\u00fanica La Guerra P\u00fanica fue un conflicto que enfrent\u00f3 a las ciudades estado de Roma y Cartago en tres ocasiones, entre los a\u00f1os 264 a.C. y 146 a.C. El nombre de","inLanguage":"es-ES","isPartOf":{"@id":"https:\/\/dudasytextos.com\/preguntaquees\/#website"},"breadcrumb":{"@id":"https:\/\/dudasytextos.com\/preguntaquees\/que-es-la-guerra-punica\/#breadcrumblist"},"author":{"@id":"https:\/\/dudasytextos.com\/preguntaquees\/author\/admin44\/#author"},"creator":{"@id":"https:\/\/dudasytextos.com\/preguntaquees\/author\/admin44\/#author"},"datePublished":"2025-02-25T16:48:53+00:00","dateModified":"2025-03-12T14:55:14+00:00"},{"@type":"WebSite","@id":"https:\/\/dudasytextos.com\/preguntaquees\/#website","url":"https:\/\/dudasytextos.com\/preguntaquees\/","name":"\u00bfC\u00f3mo funciona?","description":"\u00bfQu\u00e9 es?","inLanguage":"es-ES","publisher":{"@id":"https:\/\/dudasytextos.com\/preguntaquees\/#organization"}}]},"og:locale":"es_ES","og:site_name":"\u00bfQu\u00e9 es? - \u00bfQu\u00e9 es?","og:type":"article","og:title":"Qu\u00e9 es la guerra punica (2026) \u00bfQu\u00e9 es?","og:description":"\u00bfQu\u00e9 es la Guerra P\u00fanica? Una mirada a uno de los conflictos m\u00e1s importantes de la historia Curiosidades y datos interesantes sobre la Guerra P\u00fanica La Guerra P\u00fanica fue un conflicto que enfrent\u00f3 a las ciudades estado de Roma y Cartago en tres ocasiones, entre los a\u00f1os 264 a.C. y 146 a.C. El nombre de","og:url":"https:\/\/dudasytextos.com\/preguntaquees\/que-es-la-guerra-punica\/","article:published_time":"2025-02-25T16:48:53+00:00","article:modified_time":"2025-03-12T14:55:14+00:00","twitter:card":"summary_large_image","twitter:title":"Qu\u00e9 es la guerra punica (2026) \u00bfQu\u00e9 es?","twitter:description":"\u00bfQu\u00e9 es la Guerra P\u00fanica? Una mirada a uno de los conflictos m\u00e1s importantes de la historia Curiosidades y datos interesantes sobre la Guerra P\u00fanica La Guerra P\u00fanica fue un conflicto que enfrent\u00f3 a las ciudades estado de Roma y Cartago en tres ocasiones, entre los a\u00f1os 264 a.C. y 146 a.C. El nombre de"},"aioseo_meta_data":{"post_id":"149731","title":null,"description":null,"keywords":null,"keyphrases":null,"primary_term":null,"canonical_url":null,"og_title":null,"og_description":null,"og_object_type":"default","og_image_type":"default","og_image_url":null,"og_image_width":null,"og_image_height":null,"og_image_custom_url":null,"og_image_custom_fields":null,"og_video":null,"og_custom_url":null,"og_article_section":null,"og_article_tags":null,"twitter_use_og":false,"twitter_card":"default","twitter_image_type":"default","twitter_image_url":null,"twitter_image_custom_url":null,"twitter_image_custom_fields":null,"twitter_title":null,"twitter_description":null,"schema":{"blockGraphs":[],"customGraphs":[],"default":{"data":{"Article":[],"Course":[],"Dataset":[],"FAQPage":[],"Movie":[],"Person":[],"Product":[],"ProductReview":[],"Car":[],"Recipe":[],"Service":[],"SoftwareApplication":[],"WebPage":[]},"graphName":"","isEnabled":true},"graphs":[]},"schema_type":"default","schema_type_options":null,"pillar_content":false,"robots_default":true,"robots_noindex":false,"robots_noarchive":false,"robots_nosnippet":false,"robots_nofollow":false,"robots_noimageindex":false,"robots_noodp":false,"robots_notranslate":false,"robots_max_snippet":null,"robots_max_videopreview":null,"robots_max_imagepreview":"large","priority":null,"frequency":null,"local_seo":null,"breadcrumb_settings":null,"limit_modified_date":false,"ai":null,"created":"2023-05-13 00:48:39","updated":"2025-06-04 01:35:05","seo_analyzer_scan_date":null,"focus_keyword":null,"additional_keywords":null,"truseo_locale":null},"aioseo_breadcrumb":"<div class=\"aioseo-breadcrumbs\"><span class=\"aioseo-breadcrumb\">\n\t\t\t<a href=\"https:\/\/dudasytextos.com\/preguntaquees\" title=\"Inicio\">Inicio<\/a>\n\t\t<\/span><span class=\"aioseo-breadcrumb-separator\">&raquo;<\/span><span class=\"aioseo-breadcrumb\">\n\t\t\t<a href=\"https:\/\/dudasytextos.com\/preguntaquees\/category\/que-es\/\" title=\"\u00bfQu\u00e9 es?\">\u00bfQu\u00e9 es?<\/a>\n\t\t<\/span><span class=\"aioseo-breadcrumb-separator\">&raquo;<\/span><span class=\"aioseo-breadcrumb\">\n\t\t\tQu\u00e9 es la guerra punica\n\t\t<\/span><\/div>","aioseo_breadcrumb_json":[{"label":"Inicio","link":"https:\/\/dudasytextos.com\/preguntaquees"},{"label":"\u00bfQu\u00e9 es?","link":"https:\/\/dudasytextos.com\/preguntaquees\/category\/que-es\/"},{"label":"Qu\u00e9 es la guerra punica","link":"https:\/\/dudasytextos.com\/preguntaquees\/que-es-la-guerra-punica\/"}],"_links":{"self":[{"href":"https:\/\/dudasytextos.com\/preguntaquees\/wp-json\/wp\/v2\/posts\/149731","targetHints":{"allow":["GET"]}}],"collection":[{"href":"https:\/\/dudasytextos.com\/preguntaquees\/wp-json\/wp\/v2\/posts"}],"about":[{"href":"https:\/\/dudasytextos.com\/preguntaquees\/wp-json\/wp\/v2\/types\/post"}],"author":[{"embeddable":true,"href":"https:\/\/dudasytextos.com\/preguntaquees\/wp-json\/wp\/v2\/users\/1"}],"replies":[{"embeddable":true,"href":"https:\/\/dudasytextos.com\/preguntaquees\/wp-json\/wp\/v2\/comments?post=149731"}],"version-history":[{"count":1,"href":"https:\/\/dudasytextos.com\/preguntaquees\/wp-json\/wp\/v2\/posts\/149731\/revisions"}],"predecessor-version":[{"id":156098,"href":"https:\/\/dudasytextos.com\/preguntaquees\/wp-json\/wp\/v2\/posts\/149731\/revisions\/156098"}],"wp:attachment":[{"href":"https:\/\/dudasytextos.com\/preguntaquees\/wp-json\/wp\/v2\/media?parent=149731"}],"wp:term":[{"taxonomy":"category","embeddable":true,"href":"https:\/\/dudasytextos.com\/preguntaquees\/wp-json\/wp\/v2\/categories?post=149731"},{"taxonomy":"post_tag","embeddable":true,"href":"https:\/\/dudasytextos.com\/preguntaquees\/wp-json\/wp\/v2\/tags?post=149731"}],"curies":[{"name":"wp","href":"https:\/\/api.w.org\/{rel}","templated":true}]}}