{"id":149825,"date":"2025-02-28T06:44:41","date_gmt":"2025-02-28T06:44:41","guid":{"rendered":"https:\/\/educacion.cc\/?p=149825"},"modified":"2025-03-13T07:11:50","modified_gmt":"2025-03-13T07:11:50","slug":"que-es-la-magna-de-almeria","status":"publish","type":"post","link":"https:\/\/dudasytextos.com\/preguntaquees\/que-es-la-magna-de-almeria\/","title":{"rendered":"Qu\u00e9 es la magna de almeria"},"content":{"rendered":"<div id=\"ez-toc-container\" class=\"ez-toc-v2_0_87 counter-hierarchy ez-toc-counter ez-toc-custom ez-toc-container-direction\">\n<div class=\"ez-toc-title-container\">\n<span class=\"ez-toc-title-toggle\"><\/span><\/div>\n<nav><ul class='ez-toc-list ez-toc-list-level-1 ' ><li class='ez-toc-page-1 ez-toc-heading-level-2'><a class=\"ez-toc-link ez-toc-heading-1\" href=\"https:\/\/dudasytextos.com\/preguntaquees\/que-es-la-magna-de-almeria\/#La_magna_de_Almeria_una_experiencia_unica_en_Espana\" >La magna de Almer\u00eda: una experiencia \u00fanica en Espa\u00f1a<\/a><\/li><li class='ez-toc-page-1 ez-toc-heading-level-2'><a class=\"ez-toc-link ez-toc-heading-2\" href=\"https:\/\/dudasytextos.com\/preguntaquees\/que-es-la-magna-de-almeria\/#%C2%BFQue_es_la_magna_de_Almeria\" >\u00bfQu\u00e9 es la magna de Almer\u00eda?<\/a><\/li><li class='ez-toc-page-1 ez-toc-heading-level-2'><a class=\"ez-toc-link ez-toc-heading-3\" href=\"https:\/\/dudasytextos.com\/preguntaquees\/que-es-la-magna-de-almeria\/#%C2%BFCual_es_la_historia_de_la_magna_de_Almeria\" >\u00bfCu\u00e1l es la historia de la magna de Almer\u00eda?<\/a><\/li><li class='ez-toc-page-1 ez-toc-heading-level-2'><a class=\"ez-toc-link ez-toc-heading-4\" href=\"https:\/\/dudasytextos.com\/preguntaquees\/que-es-la-magna-de-almeria\/#%C2%BFCuando_se_celebra_la_magna_de_Almeria\" >\u00bfCu\u00e1ndo se celebra la magna de Almer\u00eda?<\/a><\/li><li class='ez-toc-page-1 ez-toc-heading-level-2'><a class=\"ez-toc-link ez-toc-heading-5\" href=\"https:\/\/dudasytextos.com\/preguntaquees\/que-es-la-magna-de-almeria\/#%C2%BFQue_actividades_se_organizan_durante_la_magna_de_Almeria\" >\u00bfQu\u00e9 actividades se organizan durante la magna de Almer\u00eda?<\/a><\/li><li class='ez-toc-page-1 ez-toc-heading-level-2'><a class=\"ez-toc-link ez-toc-heading-6\" href=\"https:\/\/dudasytextos.com\/preguntaquees\/que-es-la-magna-de-almeria\/#%C2%BFPor_que_deberia_asistir_a_la_magna_de_Almeria\" >\u00bfPor qu\u00e9 deber\u00eda asistir a la magna de Almer\u00eda?<\/a><\/li><li class='ez-toc-page-1 ez-toc-heading-level-2'><a class=\"ez-toc-link ez-toc-heading-7\" href=\"https:\/\/dudasytextos.com\/preguntaquees\/que-es-la-magna-de-almeria\/#Mi_experiencia_personal_en_la_magna_de_Almeria\" >Mi experiencia personal en la magna de Almer\u00eda<\/a><\/li><li class='ez-toc-page-1 ez-toc-heading-level-2'><a class=\"ez-toc-link ez-toc-heading-8\" href=\"https:\/\/dudasytextos.com\/preguntaquees\/que-es-la-magna-de-almeria\/#Preguntas_frecuentes\" >Preguntas frecuentes<\/a><ul class='ez-toc-list-level-3' ><li class='ez-toc-heading-level-3'><a class=\"ez-toc-link ez-toc-heading-9\" href=\"https:\/\/dudasytextos.com\/preguntaquees\/que-es-la-magna-de-almeria\/#%C2%BFCuanto_dura_la_magna_de_Almeria\" >\u00bfCu\u00e1nto dura la magna de Almer\u00eda?<\/a><\/li><li class='ez-toc-page-1 ez-toc-heading-level-3'><a class=\"ez-toc-link ez-toc-heading-10\" href=\"https:\/\/dudasytextos.com\/preguntaquees\/que-es-la-magna-de-almeria\/#%C2%BFDonde_puedo_alojarme_durante_la_magna_de_Almeria\" >\u00bfD\u00f3nde puedo alojarme durante la magna de Almer\u00eda?<\/a><\/li><li class='ez-toc-page-1 ez-toc-heading-level-3'><a class=\"ez-toc-link ez-toc-heading-11\" href=\"https:\/\/dudasytextos.com\/preguntaquees\/que-es-la-magna-de-almeria\/#%C2%BFCual_es_el_origen_de_la_Virgen_del_Mar\" >\u00bfCu\u00e1l es el origen de la Virgen del Mar?<\/a><\/li><li class='ez-toc-page-1 ez-toc-heading-level-3'><a class=\"ez-toc-link ez-toc-heading-12\" href=\"https:\/\/dudasytextos.com\/preguntaquees\/que-es-la-magna-de-almeria\/#%C2%BFCuando_se_celebra_la_proxima_magna_de_Almeria\" >\u00bfCu\u00e1ndo se celebra la pr\u00f3xima magna de Almer\u00eda?<\/a><\/li><li class='ez-toc-page-1 ez-toc-heading-level-3'><a class=\"ez-toc-link ez-toc-heading-13\" href=\"https:\/\/dudasytextos.com\/preguntaquees\/que-es-la-magna-de-almeria\/#%C2%BFEs_necesario_ser_creyente_para_disfrutar_de_la_magna_de_Almeria\" >\u00bfEs necesario ser creyente para disfrutar de la magna de Almer\u00eda?<\/a><\/li><\/ul><\/li><\/ul><\/nav><\/div>\n<h2><span class=\"ez-toc-section\" id=\"La_magna_de_Almeria_una_experiencia_unica_en_Espana\"><\/span>La magna de Almer\u00eda: una experiencia \u00fanica en Espa\u00f1a<span class=\"ez-toc-section-end\"><\/span><\/h2>\n<p>Si est\u00e1s buscando una celebraci\u00f3n tradicional y cultural en Espa\u00f1a, no te pierdas la magna de Almer\u00eda. Cada siete a\u00f1os, la ciudad andaluza se engalana para recibir a miles de visitantes que vienen de todas partes del mundo para vivir esta experiencia \u00fanica.<\/p>\n<h2><span class=\"ez-toc-section\" id=\"%C2%BFQue_es_la_magna_de_Almeria\"><\/span>\u00bfQu\u00e9 es la magna de Almer\u00eda?<span class=\"ez-toc-section-end\"><\/span><\/h2>\n<p>La magna de Almer\u00eda es una festividad que se celebra cada siete a\u00f1os en honor a la Virgen del Mar, patrona de la ciudad. Durante varios d\u00edas, se organizan diferentes eventos y actividades que tienen como objetivo homenajear a la Virgen y fomentar la cultura y la tradici\u00f3n de Almer\u00eda.<\/p>\n<h2><span class=\"ez-toc-section\" id=\"%C2%BFCual_es_la_historia_de_la_magna_de_Almeria\"><\/span>\u00bfCu\u00e1l es la historia de la magna de Almer\u00eda?<span class=\"ez-toc-section-end\"><\/span><\/h2>\n<p>La magna de Almer\u00eda tiene sus ra\u00edces en el siglo XVI, cuando la ciudad sufri\u00f3 una epidemia de peste que caus\u00f3 la muerte de miles de personas. Ante esta situaci\u00f3n, los almerienses invocaron a la Virgen del Mar para que les protegiera y les librara de la enfermedad.<\/p>\n<p>Como muestra de su devoci\u00f3n, los habitantes de Almer\u00eda decidieron organizar una procesi\u00f3n en honor a la Virgen. Desde entonces, la magna de Almer\u00eda se ha convertido en una tradici\u00f3n que se celebra cada siete a\u00f1os, y que ha ido evolucionando y adapt\u00e1ndose a los tiempos.<\/p>\n<h2><span class=\"ez-toc-section\" id=\"%C2%BFCuando_se_celebra_la_magna_de_Almeria\"><\/span>\u00bfCu\u00e1ndo se celebra la magna de Almer\u00eda?<span class=\"ez-toc-section-end\"><\/span><\/h2>\n<p>La magna de Almer\u00eda se celebra cada siete a\u00f1os, en el mes de agosto. La \u00faltima edici\u00f3n tuvo lugar en 2015, por lo que la pr\u00f3xima magna de Almer\u00eda est\u00e1 prevista para el a\u00f1o 2022.<\/p>\n<h2><span class=\"ez-toc-section\" id=\"%C2%BFQue_actividades_se_organizan_durante_la_magna_de_Almeria\"><\/span>\u00bfQu\u00e9 actividades se organizan durante la magna de Almer\u00eda?<span class=\"ez-toc-section-end\"><\/span><\/h2>\n<p>Durante la magna de Almer\u00eda, se organizan numerosas actividades y eventos que tienen como objetivo homenajear a la Virgen del Mar y fomentar la cultura y la tradici\u00f3n de la ciudad. Algunas de las actividades m\u00e1s destacadas son:<\/p>\n<ul>\n<li>Procesiones: se organizan varias procesiones en honor a la Virgen del Mar, en las que participan miles de personas vestidas con trajes t\u00edpicos.<\/li>\n<li>Conciertos: se ofrecen conciertos de m\u00fasica tradicional y popular, en los que se pueden escuchar diferentes estilos musicales.<\/li>\n<li>Eventos deportivos: se organizan diferentes competiciones deportivas, como carreras populares o partidos de f\u00fatbol.<\/li>\n<li>Exposiciones: se pueden visitar exposiciones de arte y cultura, en las que se muestran obras de artistas locales y de otras partes del mundo.<\/li>\n<li>Ferias y mercados: se instalan ferias y mercados en diferentes zonas de la ciudad, en los que se pueden comprar productos t\u00edpicos y artesanales.<\/li>\n<\/ul>\n<h2><span class=\"ez-toc-section\" id=\"%C2%BFPor_que_deberia_asistir_a_la_magna_de_Almeria\"><\/span>\u00bfPor qu\u00e9 deber\u00eda asistir a la magna de Almer\u00eda?<span class=\"ez-toc-section-end\"><\/span><\/h2>\n<p>Asistir a la magna de Almer\u00eda es una oportunidad \u00fanica para conocer la cultura y la tradici\u00f3n de una ciudad con una rica historia. Durante varios d\u00edas, podr\u00e1s sumergirte en un ambiente festivo y participar en numerosas actividades y eventos que te permitir\u00e1n conocer de cerca la devoci\u00f3n de los almerienses por su patrona, la Virgen del Mar.<\/p>\n<p>Adem\u00e1s, la magna de Almer\u00eda es una oportunidad para disfrutar de la gastronom\u00eda y los productos t\u00edpicos de la zona, as\u00ed como para conocer a personas de diferentes partes del mundo que comparten tu inter\u00e9s por la cultura y la tradici\u00f3n.<\/p>\n<h2><span class=\"ez-toc-section\" id=\"Mi_experiencia_personal_en_la_magna_de_Almeria\"><\/span>Mi experiencia personal en la magna de Almer\u00eda<span class=\"ez-toc-section-end\"><\/span><\/h2>\n<p>Yo asist\u00ed a la magna de Almer\u00eda en 2015, y fue una experiencia que nunca olvidar\u00e9. Durante varios d\u00edas, pude sumergirme en un ambiente festivo y participar en numerosas actividades y eventos que me permitieron conocer de cerca la cultura y la tradici\u00f3n de Almer\u00eda.<\/p>\n<p>Lo que m\u00e1s me impresion\u00f3 fue la devoci\u00f3n de los almerienses por su patrona, la Virgen del Mar. Durante las procesiones, pude ver c\u00f3mo miles de personas vestidas con trajes t\u00edpicos acompa\u00f1aban a la imagen de la Virgen, cantando y rezando al un\u00edsono.<\/p>\n<p>Tambi\u00e9n disfrut\u00e9 mucho de la gastronom\u00eda de la zona, especialmente de los productos del mar. Los restaurantes y bares de la ciudad ofrec\u00edan una gran variedad de platos t\u00edpicos, como el gazpacho o el pulpo a la gallega, que estaban deliciosos.<\/p>\n<p>En definitiva, la magna de Almer\u00eda es una experiencia que recomiendo a todos aquellos que quieran conocer de cerca la cultura y la tradici\u00f3n de una ciudad con una rica historia.<\/p>\n<h2><span class=\"ez-toc-section\" id=\"Preguntas_frecuentes\"><\/span>Preguntas frecuentes<span class=\"ez-toc-section-end\"><\/span><\/h2>\n<h3><span class=\"ez-toc-section\" id=\"%C2%BFCuanto_dura_la_magna_de_Almeria\"><\/span>\u00bfCu\u00e1nto dura la magna de Almer\u00eda?<span class=\"ez-toc-section-end\"><\/span><\/h3>\n<p>La magna de Almer\u00eda suele durar varios d\u00edas, en los que se organizan diferentes actividades y eventos. La duraci\u00f3n exacta var\u00eda de una edici\u00f3n a otra, pero suele oscilar entre 5 y 7 d\u00edas.<\/p>\n<h3><span class=\"ez-toc-section\" id=\"%C2%BFDonde_puedo_alojarme_durante_la_magna_de_Almeria\"><\/span>\u00bfD\u00f3nde puedo alojarme durante la magna de Almer\u00eda?<span class=\"ez-toc-section-end\"><\/span><\/h3>\n<p>Durante la magna de Almer\u00eda, se suelen habilitar zonas de acampada y se ofrecen diferentes opciones de alojamiento, como hoteles y apartamentos. Es recomendable reservar con antelaci\u00f3n, ya que durante la festividad la demanda es muy alta.<\/p>\n<h3><span class=\"ez-toc-section\" id=\"%C2%BFCual_es_el_origen_de_la_Virgen_del_Mar\"><\/span>\u00bfCu\u00e1l es el origen de la Virgen del Mar?<span class=\"ez-toc-section-end\"><\/span><\/h3>\n<p>La Virgen del Mar es una imagen de la Virgen Mar\u00eda que se encuentra en una ermita situada en la playa de El Zapillo, en Almer\u00eda. Se dice que la imagen apareci\u00f3 en el siglo XVI, en una cueva cercana a la playa, y que fue encontrada por unos pescadores.<\/p>\n<h3><span class=\"ez-toc-section\" id=\"%C2%BFCuando_se_celebra_la_proxima_magna_de_Almeria\"><\/span>\u00bfCu\u00e1ndo se celebra la pr\u00f3xima magna de Almer\u00eda?<span class=\"ez-toc-section-end\"><\/span><\/h3>\n<p>La pr\u00f3xima magna de Almer\u00eda est\u00e1 prevista para el a\u00f1o 2022, aunque a\u00fan no se ha confirmado la fecha exacta.<\/p>\n<h3><span class=\"ez-toc-section\" id=\"%C2%BFEs_necesario_ser_creyente_para_disfrutar_de_la_magna_de_Almeria\"><\/span>\u00bfEs necesario ser creyente para disfrutar de la magna de Almer\u00eda?<span class=\"ez-toc-section-end\"><\/span><\/h3>\n<p>No es necesario ser creyente para disfrutar de la magna de Almer\u00eda. Si bien la festividad tiene un car\u00e1cter religioso, tambi\u00e9n es una oportunidad para conocer la cultura y la tradici\u00f3n de Almer\u00eda, as\u00ed como para disfrutar de la gastronom\u00eda y los productos t\u00edpicos de la zona.<\/p>\n","protected":false},"excerpt":{"rendered":"<p>La magna de Almer\u00eda: una experiencia \u00fanica en Espa\u00f1a Si est\u00e1s buscando una celebraci\u00f3n tradicional y cultural en Espa\u00f1a, no te pierdas la magna de Almer\u00eda. Cada siete a\u00f1os, la ciudad andaluza se engalana para recibir a miles de visitantes que vienen de todas partes del mundo para vivir esta experiencia \u00fanica. \u00bfQu\u00e9 es la &#8230; <a title=\"Qu\u00e9 es la magna de almeria\" class=\"read-more\" href=\"https:\/\/dudasytextos.com\/preguntaquees\/que-es-la-magna-de-almeria\/\" aria-label=\"M\u00e1s en Qu\u00e9 es la magna de almeria\">Leer m\u00e1s<\/a><\/p>\n","protected":false},"author":1,"featured_media":0,"comment_status":"open","ping_status":"open","sticky":false,"template":"","format":"standard","meta":{"footnotes":""},"categories":[4],"tags":[],"class_list":["post-149825","post","type-post","status-publish","format-standard","hentry","category-que-es"],"aioseo_notices":[],"aioseo_head":"\n\t\t<!-- All in One SEO 5.0.1.1 - aioseo.com -->\n\t<meta name=\"description\" content=\"La magna de Almer\u00eda: una experiencia \u00fanica en Espa\u00f1a Si est\u00e1s buscando una celebraci\u00f3n tradicional y cultural en Espa\u00f1a, no te pierdas la magna de Almer\u00eda. Cada siete a\u00f1os, la ciudad andaluza se engalana para recibir a miles de visitantes que vienen de todas partes del mundo para vivir esta experiencia \u00fanica. \u00bfQu\u00e9 es la\" \/>\n\t<meta name=\"robots\" content=\"max-snippet:-1, max-image-preview:large, max-video-preview:-1\" \/>\n\t<meta name=\"author\" content=\"Ana Gonz\u00e1lez\"\/>\n\t<link rel=\"canonical\" href=\"https:\/\/dudasytextos.com\/preguntaquees\/que-es-la-magna-de-almeria\/\" \/>\n\t<meta name=\"generator\" content=\"All in One SEO (AIOSEO) 5.0.1.1\" \/>\n\n\t\t<!-- Google tag (gtag.js) -->\n<script async src=\"https:\/\/www.googletagmanager.com\/gtag\/js?id=G-QEZWJ7M6T7\"><\/script>\n<script>\n  window.dataLayer = window.dataLayer || [];\n  function gtag(){dataLayer.push(arguments);}\n  gtag('js', new Date());\n\n  gtag('config', 'G-QEZWJ7M6T7');\n<\/script>\n<script async src=\"https:\/\/pagead2.googlesyndication.com\/pagead\/js\/adsbygoogle.js?client=ca-pub-3987500858204711\"\n     crossorigin=\"anonymous\"><\/script>\n\t\t<meta property=\"og:locale\" content=\"es_ES\" \/>\n\t\t<meta property=\"og:site_name\" content=\"\u00bfQu\u00e9 es? - \u00bfQu\u00e9 es?\" \/>\n\t\t<meta property=\"og:type\" content=\"article\" \/>\n\t\t<meta property=\"og:title\" content=\"Qu\u00e9 es la magna de almeria (2026) \u00bfQu\u00e9 es?\" \/>\n\t\t<meta property=\"og:description\" content=\"La magna de Almer\u00eda: una experiencia \u00fanica en Espa\u00f1a Si est\u00e1s buscando una celebraci\u00f3n tradicional y cultural en Espa\u00f1a, no te pierdas la magna de Almer\u00eda. Cada siete a\u00f1os, la ciudad andaluza se engalana para recibir a miles de visitantes que vienen de todas partes del mundo para vivir esta experiencia \u00fanica. \u00bfQu\u00e9 es la\" \/>\n\t\t<meta property=\"og:url\" content=\"https:\/\/dudasytextos.com\/preguntaquees\/que-es-la-magna-de-almeria\/\" \/>\n\t\t<meta property=\"article:published_time\" content=\"2025-02-28T06:44:41+00:00\" \/>\n\t\t<meta property=\"article:modified_time\" content=\"2025-03-13T07:11:50+00:00\" \/>\n\t\t<meta name=\"twitter:card\" content=\"summary_large_image\" \/>\n\t\t<meta name=\"twitter:title\" content=\"Qu\u00e9 es la magna de almeria (2026) \u00bfQu\u00e9 es?\" \/>\n\t\t<meta name=\"twitter:description\" content=\"La magna de Almer\u00eda: una experiencia \u00fanica en Espa\u00f1a Si est\u00e1s buscando una celebraci\u00f3n tradicional y cultural en Espa\u00f1a, no te pierdas la magna de Almer\u00eda. Cada siete a\u00f1os, la ciudad andaluza se engalana para recibir a miles de visitantes que vienen de todas partes del mundo para vivir esta experiencia \u00fanica. \u00bfQu\u00e9 es la\" \/>\n\t\t<script type=\"application\/ld+json\" class=\"aioseo-schema\">\n\t\t\t{\"@context\":\"https:\\\/\\\/schema.org\",\"@graph\":[{\"@type\":\"BlogPosting\",\"@id\":\"https:\\\/\\\/dudasytextos.com\\\/preguntaquees\\\/que-es-la-magna-de-almeria\\\/#blogposting\",\"name\":\"Qu\\u00e9 es la magna de almeria (2026) \\u00bfQu\\u00e9 es?\",\"headline\":\"Qu\\u00e9 es la magna de almeria\",\"author\":{\"@id\":\"https:\\\/\\\/dudasytextos.com\\\/preguntaquees\\\/author\\\/admin44\\\/#author\"},\"publisher\":{\"@id\":\"https:\\\/\\\/dudasytextos.com\\\/preguntaquees\\\/#organization\"},\"datePublished\":\"2025-02-28T06:44:41+00:00\",\"dateModified\":\"2025-03-13T07:11:50+00:00\",\"inLanguage\":\"es-ES\",\"mainEntityOfPage\":{\"@id\":\"https:\\\/\\\/dudasytextos.com\\\/preguntaquees\\\/que-es-la-magna-de-almeria\\\/#webpage\"},\"isPartOf\":{\"@id\":\"https:\\\/\\\/dudasytextos.com\\\/preguntaquees\\\/que-es-la-magna-de-almeria\\\/#webpage\"},\"articleSection\":\"\\u00bfQu\\u00e9 es?\"},{\"@type\":\"BreadcrumbList\",\"@id\":\"https:\\\/\\\/dudasytextos.com\\\/preguntaquees\\\/que-es-la-magna-de-almeria\\\/#breadcrumblist\",\"itemListElement\":[{\"@type\":\"ListItem\",\"@id\":\"https:\\\/\\\/dudasytextos.com\\\/preguntaquees#listItem\",\"position\":1,\"name\":\"Inicio\",\"item\":\"https:\\\/\\\/dudasytextos.com\\\/preguntaquees\",\"nextItem\":{\"@type\":\"ListItem\",\"@id\":\"https:\\\/\\\/dudasytextos.com\\\/preguntaquees\\\/category\\\/que-es\\\/#listItem\",\"name\":\"\\u00bfQu\\u00e9 es?\"}},{\"@type\":\"ListItem\",\"@id\":\"https:\\\/\\\/dudasytextos.com\\\/preguntaquees\\\/category\\\/que-es\\\/#listItem\",\"position\":2,\"name\":\"\\u00bfQu\\u00e9 es?\",\"item\":\"https:\\\/\\\/dudasytextos.com\\\/preguntaquees\\\/category\\\/que-es\\\/\",\"nextItem\":{\"@type\":\"ListItem\",\"@id\":\"https:\\\/\\\/dudasytextos.com\\\/preguntaquees\\\/que-es-la-magna-de-almeria\\\/#listItem\",\"name\":\"Qu\\u00e9 es la magna de almeria\"},\"previousItem\":{\"@type\":\"ListItem\",\"@id\":\"https:\\\/\\\/dudasytextos.com\\\/preguntaquees#listItem\",\"name\":\"Inicio\"}},{\"@type\":\"ListItem\",\"@id\":\"https:\\\/\\\/dudasytextos.com\\\/preguntaquees\\\/que-es-la-magna-de-almeria\\\/#listItem\",\"position\":3,\"name\":\"Qu\\u00e9 es la magna de almeria\",\"previousItem\":{\"@type\":\"ListItem\",\"@id\":\"https:\\\/\\\/dudasytextos.com\\\/preguntaquees\\\/category\\\/que-es\\\/#listItem\",\"name\":\"\\u00bfQu\\u00e9 es?\"}}]},{\"@type\":\"Organization\",\"@id\":\"https:\\\/\\\/dudasytextos.com\\\/preguntaquees\\\/#organization\",\"name\":\"\\u00bfC\\u00f3mo funciona?\",\"description\":\"\\u00bfQu\\u00e9 es?\",\"url\":\"https:\\\/\\\/dudasytextos.com\\\/preguntaquees\\\/\"},{\"@type\":\"Person\",\"@id\":\"https:\\\/\\\/dudasytextos.com\\\/preguntaquees\\\/author\\\/admin44\\\/#author\",\"url\":\"https:\\\/\\\/dudasytextos.com\\\/preguntaquees\\\/author\\\/admin44\\\/\",\"name\":\"Ana Gonz\\u00e1lez\"},{\"@type\":\"WebPage\",\"@id\":\"https:\\\/\\\/dudasytextos.com\\\/preguntaquees\\\/que-es-la-magna-de-almeria\\\/#webpage\",\"url\":\"https:\\\/\\\/dudasytextos.com\\\/preguntaquees\\\/que-es-la-magna-de-almeria\\\/\",\"name\":\"Qu\\u00e9 es la magna de almeria (2026) \\u00bfQu\\u00e9 es?\",\"description\":\"La magna de Almer\\u00eda: una experiencia \\u00fanica en Espa\\u00f1a Si est\\u00e1s buscando una celebraci\\u00f3n tradicional y cultural en Espa\\u00f1a, no te pierdas la magna de Almer\\u00eda. Cada siete a\\u00f1os, la ciudad andaluza se engalana para recibir a miles de visitantes que vienen de todas partes del mundo para vivir esta experiencia \\u00fanica. \\u00bfQu\\u00e9 es la\",\"inLanguage\":\"es-ES\",\"isPartOf\":{\"@id\":\"https:\\\/\\\/dudasytextos.com\\\/preguntaquees\\\/#website\"},\"breadcrumb\":{\"@id\":\"https:\\\/\\\/dudasytextos.com\\\/preguntaquees\\\/que-es-la-magna-de-almeria\\\/#breadcrumblist\"},\"author\":{\"@id\":\"https:\\\/\\\/dudasytextos.com\\\/preguntaquees\\\/author\\\/admin44\\\/#author\"},\"creator\":{\"@id\":\"https:\\\/\\\/dudasytextos.com\\\/preguntaquees\\\/author\\\/admin44\\\/#author\"},\"datePublished\":\"2025-02-28T06:44:41+00:00\",\"dateModified\":\"2025-03-13T07:11:50+00:00\"},{\"@type\":\"WebSite\",\"@id\":\"https:\\\/\\\/dudasytextos.com\\\/preguntaquees\\\/#website\",\"url\":\"https:\\\/\\\/dudasytextos.com\\\/preguntaquees\\\/\",\"name\":\"\\u00bfC\\u00f3mo funciona?\",\"description\":\"\\u00bfQu\\u00e9 es?\",\"inLanguage\":\"es-ES\",\"publisher\":{\"@id\":\"https:\\\/\\\/dudasytextos.com\\\/preguntaquees\\\/#organization\"}}]}\n\t\t<\/script>\n\t\t<!-- All in One SEO -->\n\n","aioseo_head_json":{"title":"Qu\u00e9 es la magna de almeria (2026) \u00bfQu\u00e9 es?","description":"La magna de Almer\u00eda: una experiencia \u00fanica en Espa\u00f1a Si est\u00e1s buscando una celebraci\u00f3n tradicional y cultural en Espa\u00f1a, no te pierdas la magna de Almer\u00eda. Cada siete a\u00f1os, la ciudad andaluza se engalana para recibir a miles de visitantes que vienen de todas partes del mundo para vivir esta experiencia \u00fanica. \u00bfQu\u00e9 es la","canonical_url":"https:\/\/dudasytextos.com\/preguntaquees\/que-es-la-magna-de-almeria\/","robots":"max-snippet:-1, max-image-preview:large, max-video-preview:-1","keywords":"","webmasterTools":{"miscellaneous":"&lt;!-- Google tag (gtag.js) --&gt;\n&lt;script async src=\"https:\/\/www.googletagmanager.com\/gtag\/js?id=G-QEZWJ7M6T7\"&gt;&lt;\/script&gt;\n&lt;script&gt;\n  window.dataLayer = window.dataLayer || [];\n  function gtag(){dataLayer.push(arguments);}\n  gtag('js', new Date());\n\n  gtag('config', 'G-QEZWJ7M6T7');\n&lt;\/script&gt;\n&lt;script async src=\"https:\/\/pagead2.googlesyndication.com\/pagead\/js\/adsbygoogle.js?client=ca-pub-3987500858204711\"\n     crossorigin=\"anonymous\"&gt;&lt;\/script&gt;"},"schema":{"@context":"https:\/\/schema.org","@graph":[{"@type":"BlogPosting","@id":"https:\/\/dudasytextos.com\/preguntaquees\/que-es-la-magna-de-almeria\/#blogposting","name":"Qu\u00e9 es la magna de almeria (2026) \u00bfQu\u00e9 es?","headline":"Qu\u00e9 es la magna de almeria","author":{"@id":"https:\/\/dudasytextos.com\/preguntaquees\/author\/admin44\/#author"},"publisher":{"@id":"https:\/\/dudasytextos.com\/preguntaquees\/#organization"},"datePublished":"2025-02-28T06:44:41+00:00","dateModified":"2025-03-13T07:11:50+00:00","inLanguage":"es-ES","mainEntityOfPage":{"@id":"https:\/\/dudasytextos.com\/preguntaquees\/que-es-la-magna-de-almeria\/#webpage"},"isPartOf":{"@id":"https:\/\/dudasytextos.com\/preguntaquees\/que-es-la-magna-de-almeria\/#webpage"},"articleSection":"\u00bfQu\u00e9 es?"},{"@type":"BreadcrumbList","@id":"https:\/\/dudasytextos.com\/preguntaquees\/que-es-la-magna-de-almeria\/#breadcrumblist","itemListElement":[{"@type":"ListItem","@id":"https:\/\/dudasytextos.com\/preguntaquees#listItem","position":1,"name":"Inicio","item":"https:\/\/dudasytextos.com\/preguntaquees","nextItem":{"@type":"ListItem","@id":"https:\/\/dudasytextos.com\/preguntaquees\/category\/que-es\/#listItem","name":"\u00bfQu\u00e9 es?"}},{"@type":"ListItem","@id":"https:\/\/dudasytextos.com\/preguntaquees\/category\/que-es\/#listItem","position":2,"name":"\u00bfQu\u00e9 es?","item":"https:\/\/dudasytextos.com\/preguntaquees\/category\/que-es\/","nextItem":{"@type":"ListItem","@id":"https:\/\/dudasytextos.com\/preguntaquees\/que-es-la-magna-de-almeria\/#listItem","name":"Qu\u00e9 es la magna de almeria"},"previousItem":{"@type":"ListItem","@id":"https:\/\/dudasytextos.com\/preguntaquees#listItem","name":"Inicio"}},{"@type":"ListItem","@id":"https:\/\/dudasytextos.com\/preguntaquees\/que-es-la-magna-de-almeria\/#listItem","position":3,"name":"Qu\u00e9 es la magna de almeria","previousItem":{"@type":"ListItem","@id":"https:\/\/dudasytextos.com\/preguntaquees\/category\/que-es\/#listItem","name":"\u00bfQu\u00e9 es?"}}]},{"@type":"Organization","@id":"https:\/\/dudasytextos.com\/preguntaquees\/#organization","name":"\u00bfC\u00f3mo funciona?","description":"\u00bfQu\u00e9 es?","url":"https:\/\/dudasytextos.com\/preguntaquees\/"},{"@type":"Person","@id":"https:\/\/dudasytextos.com\/preguntaquees\/author\/admin44\/#author","url":"https:\/\/dudasytextos.com\/preguntaquees\/author\/admin44\/","name":"Ana Gonz\u00e1lez"},{"@type":"WebPage","@id":"https:\/\/dudasytextos.com\/preguntaquees\/que-es-la-magna-de-almeria\/#webpage","url":"https:\/\/dudasytextos.com\/preguntaquees\/que-es-la-magna-de-almeria\/","name":"Qu\u00e9 es la magna de almeria (2026) \u00bfQu\u00e9 es?","description":"La magna de Almer\u00eda: una experiencia \u00fanica en Espa\u00f1a Si est\u00e1s buscando una celebraci\u00f3n tradicional y cultural en Espa\u00f1a, no te pierdas la magna de Almer\u00eda. Cada siete a\u00f1os, la ciudad andaluza se engalana para recibir a miles de visitantes que vienen de todas partes del mundo para vivir esta experiencia \u00fanica. \u00bfQu\u00e9 es la","inLanguage":"es-ES","isPartOf":{"@id":"https:\/\/dudasytextos.com\/preguntaquees\/#website"},"breadcrumb":{"@id":"https:\/\/dudasytextos.com\/preguntaquees\/que-es-la-magna-de-almeria\/#breadcrumblist"},"author":{"@id":"https:\/\/dudasytextos.com\/preguntaquees\/author\/admin44\/#author"},"creator":{"@id":"https:\/\/dudasytextos.com\/preguntaquees\/author\/admin44\/#author"},"datePublished":"2025-02-28T06:44:41+00:00","dateModified":"2025-03-13T07:11:50+00:00"},{"@type":"WebSite","@id":"https:\/\/dudasytextos.com\/preguntaquees\/#website","url":"https:\/\/dudasytextos.com\/preguntaquees\/","name":"\u00bfC\u00f3mo funciona?","description":"\u00bfQu\u00e9 es?","inLanguage":"es-ES","publisher":{"@id":"https:\/\/dudasytextos.com\/preguntaquees\/#organization"}}]},"og:locale":"es_ES","og:site_name":"\u00bfQu\u00e9 es? - \u00bfQu\u00e9 es?","og:type":"article","og:title":"Qu\u00e9 es la magna de almeria (2026) \u00bfQu\u00e9 es?","og:description":"La magna de Almer\u00eda: una experiencia \u00fanica en Espa\u00f1a Si est\u00e1s buscando una celebraci\u00f3n tradicional y cultural en Espa\u00f1a, no te pierdas la magna de Almer\u00eda. Cada siete a\u00f1os, la ciudad andaluza se engalana para recibir a miles de visitantes que vienen de todas partes del mundo para vivir esta experiencia \u00fanica. \u00bfQu\u00e9 es la","og:url":"https:\/\/dudasytextos.com\/preguntaquees\/que-es-la-magna-de-almeria\/","article:published_time":"2025-02-28T06:44:41+00:00","article:modified_time":"2025-03-13T07:11:50+00:00","twitter:card":"summary_large_image","twitter:title":"Qu\u00e9 es la magna de almeria (2026) \u00bfQu\u00e9 es?","twitter:description":"La magna de Almer\u00eda: una experiencia \u00fanica en Espa\u00f1a Si est\u00e1s buscando una celebraci\u00f3n tradicional y cultural en Espa\u00f1a, no te pierdas la magna de Almer\u00eda. Cada siete a\u00f1os, la ciudad andaluza se engalana para recibir a miles de visitantes que vienen de todas partes del mundo para vivir esta experiencia \u00fanica. \u00bfQu\u00e9 es la"},"aioseo_meta_data":{"post_id":"149825","title":null,"description":null,"keywords":null,"keyphrases":null,"primary_term":null,"canonical_url":null,"og_title":null,"og_description":null,"og_object_type":"default","og_image_type":"default","og_image_url":null,"og_image_width":null,"og_image_height":null,"og_image_custom_url":null,"og_image_custom_fields":null,"og_video":null,"og_custom_url":null,"og_article_section":null,"og_article_tags":null,"twitter_use_og":false,"twitter_card":"default","twitter_image_type":"default","twitter_image_url":null,"twitter_image_custom_url":null,"twitter_image_custom_fields":null,"twitter_title":null,"twitter_description":null,"schema":{"blockGraphs":[],"customGraphs":[],"default":{"data":{"Article":[],"Course":[],"Dataset":[],"FAQPage":[],"Movie":[],"Person":[],"Product":[],"ProductReview":[],"Car":[],"Recipe":[],"Service":[],"SoftwareApplication":[],"WebPage":[]},"graphName":"","isEnabled":true},"graphs":[]},"schema_type":"default","schema_type_options":null,"pillar_content":false,"robots_default":true,"robots_noindex":false,"robots_noarchive":false,"robots_nosnippet":false,"robots_nofollow":false,"robots_noimageindex":false,"robots_noodp":false,"robots_notranslate":false,"robots_max_snippet":null,"robots_max_videopreview":null,"robots_max_imagepreview":"large","priority":null,"frequency":null,"local_seo":null,"breadcrumb_settings":null,"limit_modified_date":false,"ai":null,"created":"2023-05-12 12:23:58","updated":"2025-06-04 03:14:55","seo_analyzer_scan_date":null,"focus_keyword":null,"additional_keywords":null,"truseo_locale":null},"aioseo_breadcrumb":"<div class=\"aioseo-breadcrumbs\"><span class=\"aioseo-breadcrumb\">\n\t\t\t<a href=\"https:\/\/dudasytextos.com\/preguntaquees\" title=\"Inicio\">Inicio<\/a>\n\t\t<\/span><span class=\"aioseo-breadcrumb-separator\">&raquo;<\/span><span class=\"aioseo-breadcrumb\">\n\t\t\t<a href=\"https:\/\/dudasytextos.com\/preguntaquees\/category\/que-es\/\" title=\"\u00bfQu\u00e9 es?\">\u00bfQu\u00e9 es?<\/a>\n\t\t<\/span><span class=\"aioseo-breadcrumb-separator\">&raquo;<\/span><span class=\"aioseo-breadcrumb\">\n\t\t\tQu\u00e9 es la magna de almeria\n\t\t<\/span><\/div>","aioseo_breadcrumb_json":[{"label":"Inicio","link":"https:\/\/dudasytextos.com\/preguntaquees"},{"label":"\u00bfQu\u00e9 es?","link":"https:\/\/dudasytextos.com\/preguntaquees\/category\/que-es\/"},{"label":"Qu\u00e9 es la magna de almeria","link":"https:\/\/dudasytextos.com\/preguntaquees\/que-es-la-magna-de-almeria\/"}],"_links":{"self":[{"href":"https:\/\/dudasytextos.com\/preguntaquees\/wp-json\/wp\/v2\/posts\/149825","targetHints":{"allow":["GET"]}}],"collection":[{"href":"https:\/\/dudasytextos.com\/preguntaquees\/wp-json\/wp\/v2\/posts"}],"about":[{"href":"https:\/\/dudasytextos.com\/preguntaquees\/wp-json\/wp\/v2\/types\/post"}],"author":[{"embeddable":true,"href":"https:\/\/dudasytextos.com\/preguntaquees\/wp-json\/wp\/v2\/users\/1"}],"replies":[{"embeddable":true,"href":"https:\/\/dudasytextos.com\/preguntaquees\/wp-json\/wp\/v2\/comments?post=149825"}],"version-history":[{"count":1,"href":"https:\/\/dudasytextos.com\/preguntaquees\/wp-json\/wp\/v2\/posts\/149825\/revisions"}],"predecessor-version":[{"id":156004,"href":"https:\/\/dudasytextos.com\/preguntaquees\/wp-json\/wp\/v2\/posts\/149825\/revisions\/156004"}],"wp:attachment":[{"href":"https:\/\/dudasytextos.com\/preguntaquees\/wp-json\/wp\/v2\/media?parent=149825"}],"wp:term":[{"taxonomy":"category","embeddable":true,"href":"https:\/\/dudasytextos.com\/preguntaquees\/wp-json\/wp\/v2\/categories?post=149825"},{"taxonomy":"post_tag","embeddable":true,"href":"https:\/\/dudasytextos.com\/preguntaquees\/wp-json\/wp\/v2\/tags?post=149825"}],"curies":[{"name":"wp","href":"https:\/\/api.w.org\/{rel}","templated":true}]}}