{"id":149910,"date":"2025-03-07T07:07:33","date_gmt":"2025-03-07T07:07:33","guid":{"rendered":"https:\/\/educacion.cc\/?p=149910"},"modified":"2025-03-12T18:03:16","modified_gmt":"2025-03-12T18:03:16","slug":"que-es-el-marco-narrativo","status":"publish","type":"post","link":"https:\/\/dudasytextos.com\/preguntaquees\/que-es-el-marco-narrativo\/","title":{"rendered":"Qu\u00e9 es el marco narrativo"},"content":{"rendered":"<div id=\"ez-toc-container\" class=\"ez-toc-v2_0_87 counter-hierarchy ez-toc-counter ez-toc-custom ez-toc-container-direction\">\n<div class=\"ez-toc-title-container\">\n<span class=\"ez-toc-title-toggle\"><\/span><\/div>\n<nav><ul class='ez-toc-list ez-toc-list-level-1 ' ><li class='ez-toc-page-1 ez-toc-heading-level-2'><a class=\"ez-toc-link ez-toc-heading-1\" href=\"https:\/\/dudasytextos.com\/preguntaquees\/que-es-el-marco-narrativo\/#%C2%BFQue_es_el_marco_narrativo\" >\u00bfQu\u00e9 es el marco narrativo?<\/a><\/li><li class='ez-toc-page-1 ez-toc-heading-level-2'><a class=\"ez-toc-link ez-toc-heading-2\" href=\"https:\/\/dudasytextos.com\/preguntaquees\/que-es-el-marco-narrativo\/#Curiosidades_y_datos_interesantes_sobre_el_marco_narrativo\" >Curiosidades y datos interesantes sobre el marco narrativo<\/a><\/li><li class='ez-toc-page-1 ez-toc-heading-level-2'><a class=\"ez-toc-link ez-toc-heading-3\" href=\"https:\/\/dudasytextos.com\/preguntaquees\/que-es-el-marco-narrativo\/#Mi_experiencia_personal_con_el_marco_narrativo\" >Mi experiencia personal con el marco narrativo<\/a><\/li><li class='ez-toc-page-1 ez-toc-heading-level-2'><a class=\"ez-toc-link ez-toc-heading-4\" href=\"https:\/\/dudasytextos.com\/preguntaquees\/que-es-el-marco-narrativo\/#%C2%BFComo_aplicar_el_marco_narrativo_en_tus_proyectos\" >\u00bfC\u00f3mo aplicar el marco narrativo en tus proyectos?<\/a><\/li><li class='ez-toc-page-1 ez-toc-heading-level-2'><a class=\"ez-toc-link ez-toc-heading-5\" href=\"https:\/\/dudasytextos.com\/preguntaquees\/que-es-el-marco-narrativo\/#Preguntas_frecuentes_sobre_el_marco_narrativo\" >Preguntas frecuentes sobre el marco narrativo<\/a><ul class='ez-toc-list-level-3' ><li class='ez-toc-heading-level-3'><a class=\"ez-toc-link ez-toc-heading-6\" href=\"https:\/\/dudasytextos.com\/preguntaquees\/que-es-el-marco-narrativo\/#%C2%BFQue_es_un_marco_narrativo_no_lineal\" >\u00bfQu\u00e9 es un marco narrativo no lineal?<\/a><\/li><li class='ez-toc-page-1 ez-toc-heading-level-3'><a class=\"ez-toc-link ez-toc-heading-7\" href=\"https:\/\/dudasytextos.com\/preguntaquees\/que-es-el-marco-narrativo\/#%C2%BFComo_puedo_saber_que_tipo_de_marco_narrativo_es_mejor_para_mi_historia\" >\u00bfC\u00f3mo puedo saber qu\u00e9 tipo de marco narrativo es mejor para mi historia?<\/a><\/li><li class='ez-toc-page-1 ez-toc-heading-level-3'><a class=\"ez-toc-link ez-toc-heading-8\" href=\"https:\/\/dudasytextos.com\/preguntaquees\/que-es-el-marco-narrativo\/#%C2%BFQue_importancia_tiene_el_marco_narrativo_en_la_publicidad\" >\u00bfQu\u00e9 importancia tiene el marco narrativo en la publicidad?<\/a><\/li><\/ul><\/li><\/ul><\/nav><\/div>\n<h2><span class=\"ez-toc-section\" id=\"%C2%BFQue_es_el_marco_narrativo\"><\/span>\u00bfQu\u00e9 es el marco narrativo?<span class=\"ez-toc-section-end\"><\/span><\/h2>\n<p>\u00a1Hola a todos! Soy Ana Gonz\u00e1lez y hoy quiero hablarles de un tema muy interesante: el marco narrativo. Si eres un apasionado de la escritura, los guiones o la publicidad, seguro te interesa conocer m\u00e1s sobre este concepto. Pero no te preocupes, si no est\u00e1s familiarizado con \u00e9l, aqu\u00ed te lo explicar\u00e9 de forma clara y sencilla.<\/p>\n<section>\n<h2><span class=\"ez-toc-section\" id=\"Curiosidades_y_datos_interesantes_sobre_el_marco_narrativo\"><\/span>Curiosidades y datos interesantes sobre el marco narrativo<span class=\"ez-toc-section-end\"><\/span><\/h2>\n<ul>\n<li>El marco narrativo es una t\u00e9cnica utilizada en la literatura, el cine, la publicidad y la comunicaci\u00f3n en general.<\/li>\n<li>Se refiere a la estructura que se utiliza para contar una historia, desde el inicio hasta el desenlace.<\/li>\n<li>El marco narrativo puede ser lineal, no lineal o mixto.<\/li>\n<li>Un buen marco narrativo debe ser coherente, l\u00f3gico y atractivo para el p\u00fablico.<\/li>\n<li>El marco narrativo es esencial para enganchar al p\u00fablico y hacer que se identifique con la historia.<\/li>\n<\/ul>\n<\/section>\n<section>\n<h2><span class=\"ez-toc-section\" id=\"Mi_experiencia_personal_con_el_marco_narrativo\"><\/span>Mi experiencia personal con el marco narrativo<span class=\"ez-toc-section-end\"><\/span><\/h2>\n<p>Hace unos a\u00f1os, trabaj\u00e9 en una agencia de publicidad y tuve la oportunidad de aplicar el marco narrativo en varias campa\u00f1as. Fue una experiencia muy enriquecedora, porque aprend\u00ed a utilizar esta t\u00e9cnica de forma efectiva para conectar con el p\u00fablico y transmitir mensajes impactantes.<\/p>\n<p>Recuerdo en particular una campa\u00f1a para una marca de bebidas energ\u00e9ticas, en la que utilizamos un marco narrativo no lineal para contar la historia de un joven que, gracias a la bebida, lograba superar todos los obst\u00e1culos para cumplir su sue\u00f1o de ser un atleta de \u00e9lite. La campa\u00f1a fue un \u00e9xito rotundo y recibimos varios premios por ella.<\/p>\n<p>Desde entonces, he seguido utilizando el marco narrativo en mis escritos y guiones, y siempre me ha dado buenos resultados.<\/p>\n<\/section>\n<section>\n<h2><span class=\"ez-toc-section\" id=\"%C2%BFComo_aplicar_el_marco_narrativo_en_tus_proyectos\"><\/span>\u00bfC\u00f3mo aplicar el marco narrativo en tus proyectos?<span class=\"ez-toc-section-end\"><\/span><\/h2>\n<p>Si est\u00e1s interesado en aplicar el marco narrativo en tus proyectos, te recomiendo seguir estos consejos:<\/p>\n<ul>\n<li>Define claramente la historia que quieres contar y los mensajes que quieres transmitir.<\/li>\n<li>Selecciona el tipo de marco narrativo que mejor se adapte a tu historia y a tu p\u00fablico.<\/li>\n<li>Crea personajes atractivos y bien definidos, que el p\u00fablico pueda identificar f\u00e1cilmente.<\/li>\n<li>Utiliza un lenguaje claro y conciso, que permita al p\u00fablico seguir la historia sin dificultades.<\/li>\n<li>Introduce giros inesperados y sorpresas para mantener la atenci\u00f3n del p\u00fablico.<\/li>\n<li>Cierra la historia de forma satisfactoria para el p\u00fablico, sin dejar cabos sueltos.<\/li>\n<\/ul>\n<\/section>\n<section>\n<h2><span class=\"ez-toc-section\" id=\"Preguntas_frecuentes_sobre_el_marco_narrativo\"><\/span>Preguntas frecuentes sobre el marco narrativo<span class=\"ez-toc-section-end\"><\/span><\/h2>\n<h3><span class=\"ez-toc-section\" id=\"%C2%BFQue_es_un_marco_narrativo_no_lineal\"><\/span>\u00bfQu\u00e9 es un marco narrativo no lineal?<span class=\"ez-toc-section-end\"><\/span><\/h3>\n<p>Un marco narrativo no lineal es aquel en el que la historia no sigue un orden cronol\u00f3gico, sino que se presenta de forma fragmentada o en flashbacks. Este tipo de marco narrativo se utiliza para generar intriga y mantener la atenci\u00f3n del p\u00fablico.<\/p>\n<h3><span class=\"ez-toc-section\" id=\"%C2%BFComo_puedo_saber_que_tipo_de_marco_narrativo_es_mejor_para_mi_historia\"><\/span>\u00bfC\u00f3mo puedo saber qu\u00e9 tipo de marco narrativo es mejor para mi historia?<span class=\"ez-toc-section-end\"><\/span><\/h3>\n<p>La elecci\u00f3n del marco narrativo depender\u00e1 de la historia que quieras contar y del p\u00fablico al que te dirijas. Si quieres contar una historia compleja y con varias tramas, un marco narrativo no lineal puede ser la mejor opci\u00f3n. Si, por el contrario, tu historia es sencilla y lineal, un marco narrativo lineal ser\u00e1 suficiente.<\/p>\n<h3><span class=\"ez-toc-section\" id=\"%C2%BFQue_importancia_tiene_el_marco_narrativo_en_la_publicidad\"><\/span>\u00bfQu\u00e9 importancia tiene el marco narrativo en la publicidad?<span class=\"ez-toc-section-end\"><\/span><\/h3>\n<p>El marco narrativo es esencial en la publicidad, porque permite a las marcas conectar emocionalmente con el p\u00fablico y transmitir mensajes de forma efectiva. Un buen marco narrativo puede hacer que un anuncio sea recordado durante mucho tiempo y genere un impacto positivo en la imagen de la marca.<\/p>\n<\/section>\n<footer>\n<p>Espero que este art\u00edculo te haya sido \u00fatil y que puedas aplicar los consejos que te he dado en tus proyectos. Recuerda que el marco narrativo es una t\u00e9cnica poderosa, que puede marcar la diferencia entre una historia mediocre y una historia inolvidable. \u00a1Hasta la pr\u00f3xima!<\/p>\n<\/footer>\n","protected":false},"excerpt":{"rendered":"<p>\u00bfQu\u00e9 es el marco narrativo? \u00a1Hola a todos! Soy Ana Gonz\u00e1lez y hoy quiero hablarles de un tema muy interesante: el marco narrativo. Si eres un apasionado de la escritura, los guiones o la publicidad, seguro te interesa conocer m\u00e1s sobre este concepto. Pero no te preocupes, si no est\u00e1s familiarizado con \u00e9l, aqu\u00ed te &#8230; <a title=\"Qu\u00e9 es el marco narrativo\" class=\"read-more\" href=\"https:\/\/dudasytextos.com\/preguntaquees\/que-es-el-marco-narrativo\/\" aria-label=\"M\u00e1s en Qu\u00e9 es el marco narrativo\">Leer m\u00e1s<\/a><\/p>\n","protected":false},"author":1,"featured_media":0,"comment_status":"open","ping_status":"open","sticky":false,"template":"","format":"standard","meta":{"footnotes":""},"categories":[4],"tags":[],"class_list":["post-149910","post","type-post","status-publish","format-standard","hentry","category-que-es"],"aioseo_notices":[],"aioseo_head":"\n\t\t<!-- All in One SEO 5.0.1.1 - aioseo.com -->\n\t<meta name=\"description\" content=\"\u00bfQu\u00e9 es el marco narrativo? \u00a1Hola a todos! Soy Ana Gonz\u00e1lez y hoy quiero hablarles de un tema muy interesante: el marco narrativo. Si eres un apasionado de la escritura, los guiones o la publicidad, seguro te interesa conocer m\u00e1s sobre este concepto. Pero no te preocupes, si no est\u00e1s familiarizado con \u00e9l, aqu\u00ed te\" \/>\n\t<meta name=\"robots\" content=\"max-snippet:-1, max-image-preview:large, max-video-preview:-1\" \/>\n\t<meta name=\"author\" content=\"Ana Gonz\u00e1lez\"\/>\n\t<link rel=\"canonical\" href=\"https:\/\/dudasytextos.com\/preguntaquees\/que-es-el-marco-narrativo\/\" \/>\n\t<meta name=\"generator\" content=\"All in One SEO (AIOSEO) 5.0.1.1\" \/>\n\n\t\t<!-- Google tag (gtag.js) -->\n<script async src=\"https:\/\/www.googletagmanager.com\/gtag\/js?id=G-QEZWJ7M6T7\"><\/script>\n<script>\n  window.dataLayer = window.dataLayer || [];\n  function gtag(){dataLayer.push(arguments);}\n  gtag('js', new Date());\n\n  gtag('config', 'G-QEZWJ7M6T7');\n<\/script>\n<script async src=\"https:\/\/pagead2.googlesyndication.com\/pagead\/js\/adsbygoogle.js?client=ca-pub-3987500858204711\"\n     crossorigin=\"anonymous\"><\/script>\n\t\t<meta property=\"og:locale\" content=\"es_ES\" \/>\n\t\t<meta property=\"og:site_name\" content=\"\u00bfQu\u00e9 es? - \u00bfQu\u00e9 es?\" \/>\n\t\t<meta property=\"og:type\" content=\"article\" \/>\n\t\t<meta property=\"og:title\" content=\"Qu\u00e9 es el marco narrativo (2026) \u00bfQu\u00e9 es?\" \/>\n\t\t<meta property=\"og:description\" content=\"\u00bfQu\u00e9 es el marco narrativo? \u00a1Hola a todos! Soy Ana Gonz\u00e1lez y hoy quiero hablarles de un tema muy interesante: el marco narrativo. Si eres un apasionado de la escritura, los guiones o la publicidad, seguro te interesa conocer m\u00e1s sobre este concepto. Pero no te preocupes, si no est\u00e1s familiarizado con \u00e9l, aqu\u00ed te\" \/>\n\t\t<meta property=\"og:url\" content=\"https:\/\/dudasytextos.com\/preguntaquees\/que-es-el-marco-narrativo\/\" \/>\n\t\t<meta property=\"article:published_time\" content=\"2025-03-07T07:07:33+00:00\" \/>\n\t\t<meta property=\"article:modified_time\" content=\"2025-03-12T18:03:16+00:00\" \/>\n\t\t<meta name=\"twitter:card\" content=\"summary_large_image\" \/>\n\t\t<meta name=\"twitter:title\" content=\"Qu\u00e9 es el marco narrativo (2026) \u00bfQu\u00e9 es?\" \/>\n\t\t<meta name=\"twitter:description\" content=\"\u00bfQu\u00e9 es el marco narrativo? \u00a1Hola a todos! Soy Ana Gonz\u00e1lez y hoy quiero hablarles de un tema muy interesante: el marco narrativo. Si eres un apasionado de la escritura, los guiones o la publicidad, seguro te interesa conocer m\u00e1s sobre este concepto. Pero no te preocupes, si no est\u00e1s familiarizado con \u00e9l, aqu\u00ed te\" \/>\n\t\t<script type=\"application\/ld+json\" class=\"aioseo-schema\">\n\t\t\t{\"@context\":\"https:\\\/\\\/schema.org\",\"@graph\":[{\"@type\":\"BlogPosting\",\"@id\":\"https:\\\/\\\/dudasytextos.com\\\/preguntaquees\\\/que-es-el-marco-narrativo\\\/#blogposting\",\"name\":\"Qu\\u00e9 es el marco narrativo (2026) \\u00bfQu\\u00e9 es?\",\"headline\":\"Qu\\u00e9 es el marco narrativo\",\"author\":{\"@id\":\"https:\\\/\\\/dudasytextos.com\\\/preguntaquees\\\/author\\\/admin44\\\/#author\"},\"publisher\":{\"@id\":\"https:\\\/\\\/dudasytextos.com\\\/preguntaquees\\\/#organization\"},\"datePublished\":\"2025-03-07T07:07:33+00:00\",\"dateModified\":\"2025-03-12T18:03:16+00:00\",\"inLanguage\":\"es-ES\",\"mainEntityOfPage\":{\"@id\":\"https:\\\/\\\/dudasytextos.com\\\/preguntaquees\\\/que-es-el-marco-narrativo\\\/#webpage\"},\"isPartOf\":{\"@id\":\"https:\\\/\\\/dudasytextos.com\\\/preguntaquees\\\/que-es-el-marco-narrativo\\\/#webpage\"},\"articleSection\":\"\\u00bfQu\\u00e9 es?\"},{\"@type\":\"BreadcrumbList\",\"@id\":\"https:\\\/\\\/dudasytextos.com\\\/preguntaquees\\\/que-es-el-marco-narrativo\\\/#breadcrumblist\",\"itemListElement\":[{\"@type\":\"ListItem\",\"@id\":\"https:\\\/\\\/dudasytextos.com\\\/preguntaquees#listItem\",\"position\":1,\"name\":\"Inicio\",\"item\":\"https:\\\/\\\/dudasytextos.com\\\/preguntaquees\",\"nextItem\":{\"@type\":\"ListItem\",\"@id\":\"https:\\\/\\\/dudasytextos.com\\\/preguntaquees\\\/category\\\/que-es\\\/#listItem\",\"name\":\"\\u00bfQu\\u00e9 es?\"}},{\"@type\":\"ListItem\",\"@id\":\"https:\\\/\\\/dudasytextos.com\\\/preguntaquees\\\/category\\\/que-es\\\/#listItem\",\"position\":2,\"name\":\"\\u00bfQu\\u00e9 es?\",\"item\":\"https:\\\/\\\/dudasytextos.com\\\/preguntaquees\\\/category\\\/que-es\\\/\",\"nextItem\":{\"@type\":\"ListItem\",\"@id\":\"https:\\\/\\\/dudasytextos.com\\\/preguntaquees\\\/que-es-el-marco-narrativo\\\/#listItem\",\"name\":\"Qu\\u00e9 es el marco narrativo\"},\"previousItem\":{\"@type\":\"ListItem\",\"@id\":\"https:\\\/\\\/dudasytextos.com\\\/preguntaquees#listItem\",\"name\":\"Inicio\"}},{\"@type\":\"ListItem\",\"@id\":\"https:\\\/\\\/dudasytextos.com\\\/preguntaquees\\\/que-es-el-marco-narrativo\\\/#listItem\",\"position\":3,\"name\":\"Qu\\u00e9 es el marco narrativo\",\"previousItem\":{\"@type\":\"ListItem\",\"@id\":\"https:\\\/\\\/dudasytextos.com\\\/preguntaquees\\\/category\\\/que-es\\\/#listItem\",\"name\":\"\\u00bfQu\\u00e9 es?\"}}]},{\"@type\":\"Organization\",\"@id\":\"https:\\\/\\\/dudasytextos.com\\\/preguntaquees\\\/#organization\",\"name\":\"\\u00bfC\\u00f3mo funciona?\",\"description\":\"\\u00bfQu\\u00e9 es?\",\"url\":\"https:\\\/\\\/dudasytextos.com\\\/preguntaquees\\\/\"},{\"@type\":\"Person\",\"@id\":\"https:\\\/\\\/dudasytextos.com\\\/preguntaquees\\\/author\\\/admin44\\\/#author\",\"url\":\"https:\\\/\\\/dudasytextos.com\\\/preguntaquees\\\/author\\\/admin44\\\/\",\"name\":\"Ana Gonz\\u00e1lez\"},{\"@type\":\"WebPage\",\"@id\":\"https:\\\/\\\/dudasytextos.com\\\/preguntaquees\\\/que-es-el-marco-narrativo\\\/#webpage\",\"url\":\"https:\\\/\\\/dudasytextos.com\\\/preguntaquees\\\/que-es-el-marco-narrativo\\\/\",\"name\":\"Qu\\u00e9 es el marco narrativo (2026) \\u00bfQu\\u00e9 es?\",\"description\":\"\\u00bfQu\\u00e9 es el marco narrativo? \\u00a1Hola a todos! Soy Ana Gonz\\u00e1lez y hoy quiero hablarles de un tema muy interesante: el marco narrativo. Si eres un apasionado de la escritura, los guiones o la publicidad, seguro te interesa conocer m\\u00e1s sobre este concepto. Pero no te preocupes, si no est\\u00e1s familiarizado con \\u00e9l, aqu\\u00ed te\",\"inLanguage\":\"es-ES\",\"isPartOf\":{\"@id\":\"https:\\\/\\\/dudasytextos.com\\\/preguntaquees\\\/#website\"},\"breadcrumb\":{\"@id\":\"https:\\\/\\\/dudasytextos.com\\\/preguntaquees\\\/que-es-el-marco-narrativo\\\/#breadcrumblist\"},\"author\":{\"@id\":\"https:\\\/\\\/dudasytextos.com\\\/preguntaquees\\\/author\\\/admin44\\\/#author\"},\"creator\":{\"@id\":\"https:\\\/\\\/dudasytextos.com\\\/preguntaquees\\\/author\\\/admin44\\\/#author\"},\"datePublished\":\"2025-03-07T07:07:33+00:00\",\"dateModified\":\"2025-03-12T18:03:16+00:00\"},{\"@type\":\"WebSite\",\"@id\":\"https:\\\/\\\/dudasytextos.com\\\/preguntaquees\\\/#website\",\"url\":\"https:\\\/\\\/dudasytextos.com\\\/preguntaquees\\\/\",\"name\":\"\\u00bfC\\u00f3mo funciona?\",\"description\":\"\\u00bfQu\\u00e9 es?\",\"inLanguage\":\"es-ES\",\"publisher\":{\"@id\":\"https:\\\/\\\/dudasytextos.com\\\/preguntaquees\\\/#organization\"}}]}\n\t\t<\/script>\n\t\t<!-- All in One SEO -->\n\n","aioseo_head_json":{"title":"Qu\u00e9 es el marco narrativo (2026) \u00bfQu\u00e9 es?","description":"\u00bfQu\u00e9 es el marco narrativo? \u00a1Hola a todos! Soy Ana Gonz\u00e1lez y hoy quiero hablarles de un tema muy interesante: el marco narrativo. Si eres un apasionado de la escritura, los guiones o la publicidad, seguro te interesa conocer m\u00e1s sobre este concepto. Pero no te preocupes, si no est\u00e1s familiarizado con \u00e9l, aqu\u00ed te","canonical_url":"https:\/\/dudasytextos.com\/preguntaquees\/que-es-el-marco-narrativo\/","robots":"max-snippet:-1, max-image-preview:large, max-video-preview:-1","keywords":"","webmasterTools":{"miscellaneous":"&lt;!-- Google tag (gtag.js) --&gt;\n&lt;script async src=\"https:\/\/www.googletagmanager.com\/gtag\/js?id=G-QEZWJ7M6T7\"&gt;&lt;\/script&gt;\n&lt;script&gt;\n  window.dataLayer = window.dataLayer || [];\n  function gtag(){dataLayer.push(arguments);}\n  gtag('js', new Date());\n\n  gtag('config', 'G-QEZWJ7M6T7');\n&lt;\/script&gt;\n&lt;script async src=\"https:\/\/pagead2.googlesyndication.com\/pagead\/js\/adsbygoogle.js?client=ca-pub-3987500858204711\"\n     crossorigin=\"anonymous\"&gt;&lt;\/script&gt;"},"schema":{"@context":"https:\/\/schema.org","@graph":[{"@type":"BlogPosting","@id":"https:\/\/dudasytextos.com\/preguntaquees\/que-es-el-marco-narrativo\/#blogposting","name":"Qu\u00e9 es el marco narrativo (2026) \u00bfQu\u00e9 es?","headline":"Qu\u00e9 es el marco narrativo","author":{"@id":"https:\/\/dudasytextos.com\/preguntaquees\/author\/admin44\/#author"},"publisher":{"@id":"https:\/\/dudasytextos.com\/preguntaquees\/#organization"},"datePublished":"2025-03-07T07:07:33+00:00","dateModified":"2025-03-12T18:03:16+00:00","inLanguage":"es-ES","mainEntityOfPage":{"@id":"https:\/\/dudasytextos.com\/preguntaquees\/que-es-el-marco-narrativo\/#webpage"},"isPartOf":{"@id":"https:\/\/dudasytextos.com\/preguntaquees\/que-es-el-marco-narrativo\/#webpage"},"articleSection":"\u00bfQu\u00e9 es?"},{"@type":"BreadcrumbList","@id":"https:\/\/dudasytextos.com\/preguntaquees\/que-es-el-marco-narrativo\/#breadcrumblist","itemListElement":[{"@type":"ListItem","@id":"https:\/\/dudasytextos.com\/preguntaquees#listItem","position":1,"name":"Inicio","item":"https:\/\/dudasytextos.com\/preguntaquees","nextItem":{"@type":"ListItem","@id":"https:\/\/dudasytextos.com\/preguntaquees\/category\/que-es\/#listItem","name":"\u00bfQu\u00e9 es?"}},{"@type":"ListItem","@id":"https:\/\/dudasytextos.com\/preguntaquees\/category\/que-es\/#listItem","position":2,"name":"\u00bfQu\u00e9 es?","item":"https:\/\/dudasytextos.com\/preguntaquees\/category\/que-es\/","nextItem":{"@type":"ListItem","@id":"https:\/\/dudasytextos.com\/preguntaquees\/que-es-el-marco-narrativo\/#listItem","name":"Qu\u00e9 es el marco narrativo"},"previousItem":{"@type":"ListItem","@id":"https:\/\/dudasytextos.com\/preguntaquees#listItem","name":"Inicio"}},{"@type":"ListItem","@id":"https:\/\/dudasytextos.com\/preguntaquees\/que-es-el-marco-narrativo\/#listItem","position":3,"name":"Qu\u00e9 es el marco narrativo","previousItem":{"@type":"ListItem","@id":"https:\/\/dudasytextos.com\/preguntaquees\/category\/que-es\/#listItem","name":"\u00bfQu\u00e9 es?"}}]},{"@type":"Organization","@id":"https:\/\/dudasytextos.com\/preguntaquees\/#organization","name":"\u00bfC\u00f3mo funciona?","description":"\u00bfQu\u00e9 es?","url":"https:\/\/dudasytextos.com\/preguntaquees\/"},{"@type":"Person","@id":"https:\/\/dudasytextos.com\/preguntaquees\/author\/admin44\/#author","url":"https:\/\/dudasytextos.com\/preguntaquees\/author\/admin44\/","name":"Ana Gonz\u00e1lez"},{"@type":"WebPage","@id":"https:\/\/dudasytextos.com\/preguntaquees\/que-es-el-marco-narrativo\/#webpage","url":"https:\/\/dudasytextos.com\/preguntaquees\/que-es-el-marco-narrativo\/","name":"Qu\u00e9 es el marco narrativo (2026) \u00bfQu\u00e9 es?","description":"\u00bfQu\u00e9 es el marco narrativo? \u00a1Hola a todos! Soy Ana Gonz\u00e1lez y hoy quiero hablarles de un tema muy interesante: el marco narrativo. Si eres un apasionado de la escritura, los guiones o la publicidad, seguro te interesa conocer m\u00e1s sobre este concepto. Pero no te preocupes, si no est\u00e1s familiarizado con \u00e9l, aqu\u00ed te","inLanguage":"es-ES","isPartOf":{"@id":"https:\/\/dudasytextos.com\/preguntaquees\/#website"},"breadcrumb":{"@id":"https:\/\/dudasytextos.com\/preguntaquees\/que-es-el-marco-narrativo\/#breadcrumblist"},"author":{"@id":"https:\/\/dudasytextos.com\/preguntaquees\/author\/admin44\/#author"},"creator":{"@id":"https:\/\/dudasytextos.com\/preguntaquees\/author\/admin44\/#author"},"datePublished":"2025-03-07T07:07:33+00:00","dateModified":"2025-03-12T18:03:16+00:00"},{"@type":"WebSite","@id":"https:\/\/dudasytextos.com\/preguntaquees\/#website","url":"https:\/\/dudasytextos.com\/preguntaquees\/","name":"\u00bfC\u00f3mo funciona?","description":"\u00bfQu\u00e9 es?","inLanguage":"es-ES","publisher":{"@id":"https:\/\/dudasytextos.com\/preguntaquees\/#organization"}}]},"og:locale":"es_ES","og:site_name":"\u00bfQu\u00e9 es? - \u00bfQu\u00e9 es?","og:type":"article","og:title":"Qu\u00e9 es el marco narrativo (2026) \u00bfQu\u00e9 es?","og:description":"\u00bfQu\u00e9 es el marco narrativo? \u00a1Hola a todos! Soy Ana Gonz\u00e1lez y hoy quiero hablarles de un tema muy interesante: el marco narrativo. Si eres un apasionado de la escritura, los guiones o la publicidad, seguro te interesa conocer m\u00e1s sobre este concepto. Pero no te preocupes, si no est\u00e1s familiarizado con \u00e9l, aqu\u00ed te","og:url":"https:\/\/dudasytextos.com\/preguntaquees\/que-es-el-marco-narrativo\/","article:published_time":"2025-03-07T07:07:33+00:00","article:modified_time":"2025-03-12T18:03:16+00:00","twitter:card":"summary_large_image","twitter:title":"Qu\u00e9 es el marco narrativo (2026) \u00bfQu\u00e9 es?","twitter:description":"\u00bfQu\u00e9 es el marco narrativo? \u00a1Hola a todos! Soy Ana Gonz\u00e1lez y hoy quiero hablarles de un tema muy interesante: el marco narrativo. Si eres un apasionado de la escritura, los guiones o la publicidad, seguro te interesa conocer m\u00e1s sobre este concepto. Pero no te preocupes, si no est\u00e1s familiarizado con \u00e9l, aqu\u00ed te"},"aioseo_meta_data":{"post_id":"149910","title":null,"description":null,"keywords":null,"keyphrases":null,"primary_term":null,"canonical_url":null,"og_title":null,"og_description":null,"og_object_type":"default","og_image_type":"default","og_image_url":null,"og_image_width":null,"og_image_height":null,"og_image_custom_url":null,"og_image_custom_fields":null,"og_video":null,"og_custom_url":null,"og_article_section":null,"og_article_tags":null,"twitter_use_og":false,"twitter_card":"default","twitter_image_type":"default","twitter_image_url":null,"twitter_image_custom_url":null,"twitter_image_custom_fields":null,"twitter_title":null,"twitter_description":null,"schema":{"blockGraphs":[],"customGraphs":[],"default":{"data":{"Article":[],"Course":[],"Dataset":[],"FAQPage":[],"Movie":[],"Person":[],"Product":[],"ProductReview":[],"Car":[],"Recipe":[],"Service":[],"SoftwareApplication":[],"WebPage":[]},"graphName":"","isEnabled":true},"graphs":[]},"schema_type":"default","schema_type_options":null,"pillar_content":false,"robots_default":true,"robots_noindex":false,"robots_noarchive":false,"robots_nosnippet":false,"robots_nofollow":false,"robots_noimageindex":false,"robots_noodp":false,"robots_notranslate":false,"robots_max_snippet":null,"robots_max_videopreview":null,"robots_max_imagepreview":"large","priority":null,"frequency":null,"local_seo":null,"breadcrumb_settings":null,"limit_modified_date":false,"ai":null,"created":"2023-05-12 11:29:34","updated":"2025-06-04 07:28:58","seo_analyzer_scan_date":null,"focus_keyword":null,"additional_keywords":null,"truseo_locale":null},"aioseo_breadcrumb":"<div class=\"aioseo-breadcrumbs\"><span class=\"aioseo-breadcrumb\">\n\t\t\t<a href=\"https:\/\/dudasytextos.com\/preguntaquees\" title=\"Inicio\">Inicio<\/a>\n\t\t<\/span><span class=\"aioseo-breadcrumb-separator\">&raquo;<\/span><span class=\"aioseo-breadcrumb\">\n\t\t\t<a href=\"https:\/\/dudasytextos.com\/preguntaquees\/category\/que-es\/\" title=\"\u00bfQu\u00e9 es?\">\u00bfQu\u00e9 es?<\/a>\n\t\t<\/span><span class=\"aioseo-breadcrumb-separator\">&raquo;<\/span><span class=\"aioseo-breadcrumb\">\n\t\t\tQu\u00e9 es el marco narrativo\n\t\t<\/span><\/div>","aioseo_breadcrumb_json":[{"label":"Inicio","link":"https:\/\/dudasytextos.com\/preguntaquees"},{"label":"\u00bfQu\u00e9 es?","link":"https:\/\/dudasytextos.com\/preguntaquees\/category\/que-es\/"},{"label":"Qu\u00e9 es el marco narrativo","link":"https:\/\/dudasytextos.com\/preguntaquees\/que-es-el-marco-narrativo\/"}],"_links":{"self":[{"href":"https:\/\/dudasytextos.com\/preguntaquees\/wp-json\/wp\/v2\/posts\/149910","targetHints":{"allow":["GET"]}}],"collection":[{"href":"https:\/\/dudasytextos.com\/preguntaquees\/wp-json\/wp\/v2\/posts"}],"about":[{"href":"https:\/\/dudasytextos.com\/preguntaquees\/wp-json\/wp\/v2\/types\/post"}],"author":[{"embeddable":true,"href":"https:\/\/dudasytextos.com\/preguntaquees\/wp-json\/wp\/v2\/users\/1"}],"replies":[{"embeddable":true,"href":"https:\/\/dudasytextos.com\/preguntaquees\/wp-json\/wp\/v2\/comments?post=149910"}],"version-history":[{"count":1,"href":"https:\/\/dudasytextos.com\/preguntaquees\/wp-json\/wp\/v2\/posts\/149910\/revisions"}],"predecessor-version":[{"id":155919,"href":"https:\/\/dudasytextos.com\/preguntaquees\/wp-json\/wp\/v2\/posts\/149910\/revisions\/155919"}],"wp:attachment":[{"href":"https:\/\/dudasytextos.com\/preguntaquees\/wp-json\/wp\/v2\/media?parent=149910"}],"wp:term":[{"taxonomy":"category","embeddable":true,"href":"https:\/\/dudasytextos.com\/preguntaquees\/wp-json\/wp\/v2\/categories?post=149910"},{"taxonomy":"post_tag","embeddable":true,"href":"https:\/\/dudasytextos.com\/preguntaquees\/wp-json\/wp\/v2\/tags?post=149910"}],"curies":[{"name":"wp","href":"https:\/\/api.w.org\/{rel}","templated":true}]}}