{"id":149946,"date":"2025-02-25T01:30:31","date_gmt":"2025-02-25T01:30:31","guid":{"rendered":"https:\/\/educacion.cc\/?p=149946"},"modified":"2025-03-12T21:50:43","modified_gmt":"2025-03-12T21:50:43","slug":"que-es-la-pluma-iberica","status":"publish","type":"post","link":"https:\/\/dudasytextos.com\/preguntaquees\/que-es-la-pluma-iberica\/","title":{"rendered":"Qu\u00e9 es la pluma iberica"},"content":{"rendered":"<div id=\"ez-toc-container\" class=\"ez-toc-v2_0_87 counter-hierarchy ez-toc-counter ez-toc-custom ez-toc-container-direction\">\n<div class=\"ez-toc-title-container\">\n<span class=\"ez-toc-title-toggle\"><\/span><\/div>\n<nav><ul class='ez-toc-list ez-toc-list-level-1 ' ><li class='ez-toc-page-1 ez-toc-heading-level-2'><a class=\"ez-toc-link ez-toc-heading-1\" href=\"https:\/\/dudasytextos.com\/preguntaquees\/que-es-la-pluma-iberica\/#Mi_experiencia_con_la_pluma_iberica\" >Mi experiencia con la pluma ib\u00e9rica<\/a><\/li><li class='ez-toc-page-1 ez-toc-heading-level-2'><a class=\"ez-toc-link ez-toc-heading-2\" href=\"https:\/\/dudasytextos.com\/preguntaquees\/que-es-la-pluma-iberica\/#Descubre_lo_que_necesitas_saber_sobre_esta_deliciosa_carne\" >Descubre lo que necesitas saber sobre esta deliciosa carne<\/a><\/li><li class='ez-toc-page-1 ez-toc-heading-level-2'><a class=\"ez-toc-link ez-toc-heading-3\" href=\"https:\/\/dudasytextos.com\/preguntaquees\/que-es-la-pluma-iberica\/#Curiosidades_sobre_la_pluma_iberica\" >Curiosidades sobre la pluma ib\u00e9rica<\/a><\/li><li class='ez-toc-page-1 ez-toc-heading-level-2'><a class=\"ez-toc-link ez-toc-heading-4\" href=\"https:\/\/dudasytextos.com\/preguntaquees\/que-es-la-pluma-iberica\/#Mi_experiencia_personal_con_la_pluma_iberica\" >Mi experiencia personal con la pluma ib\u00e9rica<\/a><\/li><li class='ez-toc-page-1 ez-toc-heading-level-2'><a class=\"ez-toc-link ez-toc-heading-5\" href=\"https:\/\/dudasytextos.com\/preguntaquees\/que-es-la-pluma-iberica\/#%C2%BFQue_hace_que_la_pluma_iberica_sea_tan_especial\" >\u00bfQu\u00e9 hace que la pluma ib\u00e9rica sea tan especial?<\/a><\/li><li class='ez-toc-page-1 ez-toc-heading-level-2'><a class=\"ez-toc-link ez-toc-heading-6\" href=\"https:\/\/dudasytextos.com\/preguntaquees\/que-es-la-pluma-iberica\/#Preguntas_frecuentes_sobre_la_pluma_iberica\" >Preguntas frecuentes sobre la pluma ib\u00e9rica<\/a><ul class='ez-toc-list-level-3' ><li class='ez-toc-heading-level-3'><a class=\"ez-toc-link ez-toc-heading-7\" href=\"https:\/\/dudasytextos.com\/preguntaquees\/que-es-la-pluma-iberica\/#%C2%BFQue_diferencia_hay_entre_la_pluma_iberica_y_la_pluma_de_cerdo_normal\" >\u00bfQu\u00e9 diferencia hay entre la pluma ib\u00e9rica y la pluma de cerdo normal?<\/a><\/li><li class='ez-toc-page-1 ez-toc-heading-level-3'><a class=\"ez-toc-link ez-toc-heading-8\" href=\"https:\/\/dudasytextos.com\/preguntaquees\/que-es-la-pluma-iberica\/#%C2%BFComo_se_debe_cocinar_la_pluma_iberica\" >\u00bfC\u00f3mo se debe cocinar la pluma ib\u00e9rica?<\/a><\/li><li class='ez-toc-page-1 ez-toc-heading-level-3'><a class=\"ez-toc-link ez-toc-heading-9\" href=\"https:\/\/dudasytextos.com\/preguntaquees\/que-es-la-pluma-iberica\/#%C2%BFEs_saludable_la_pluma_iberica\" >\u00bfEs saludable la pluma ib\u00e9rica?<\/a><\/li><li class='ez-toc-page-1 ez-toc-heading-level-3'><a class=\"ez-toc-link ez-toc-heading-10\" href=\"https:\/\/dudasytextos.com\/preguntaquees\/que-es-la-pluma-iberica\/#%C2%BFQue_es_la_denominacion_de_origen_protegida_Pluma_iberica_de_bellota\" >\u00bfQu\u00e9 es la denominaci\u00f3n de origen protegida Pluma ib\u00e9rica de bellota?<\/a><\/li><\/ul><\/li><\/ul><\/nav><\/div>\n<h2><span class=\"ez-toc-section\" id=\"Mi_experiencia_con_la_pluma_iberica\"><\/span>Mi experiencia con la pluma ib\u00e9rica<span class=\"ez-toc-section-end\"><\/span><\/h2>\n<h2><span class=\"ez-toc-section\" id=\"Descubre_lo_que_necesitas_saber_sobre_esta_deliciosa_carne\"><\/span>Descubre lo que necesitas saber sobre esta deliciosa carne<span class=\"ez-toc-section-end\"><\/span><\/h2>\n<section>\n<h2><span class=\"ez-toc-section\" id=\"Curiosidades_sobre_la_pluma_iberica\"><\/span>Curiosidades sobre la pluma ib\u00e9rica<span class=\"ez-toc-section-end\"><\/span><\/h2>\n<ul>\n<li>La pluma ib\u00e9rica es un corte de carne que se encuentra en la parte superior de la paleta del cerdo ib\u00e9rico.<\/li>\n<li>Es una de las partes m\u00e1s valoradas del cerdo ib\u00e9rico debido a su sabor y textura \u00fanicos.<\/li>\n<li>La pluma ib\u00e9rica es una carne grasa, pero su grasa es rica en \u00e1cido oleico, lo que la convierte en una carne saludable.<\/li>\n<li>La pluma ib\u00e9rica es una de las carnes m\u00e1s caras del mercado debido a la alimentaci\u00f3n y crianza del cerdo ib\u00e9rico.<\/li>\n<li>La denominaci\u00f3n de origen protegida Pluma ib\u00e9rica de bellota garantiza que el cerdo ha sido alimentado exclusivamente con bellotas y hierbas naturales.<\/li>\n<\/ul>\n<\/section>\n<section>\n<h2><span class=\"ez-toc-section\" id=\"Mi_experiencia_personal_con_la_pluma_iberica\"><\/span>Mi experiencia personal con la pluma ib\u00e9rica<span class=\"ez-toc-section-end\"><\/span><\/h2>\n<p>Siempre he sido un amante de la carne, pero nunca antes hab\u00eda probado la pluma ib\u00e9rica hasta que visit\u00e9 una peque\u00f1a carnicer\u00eda en el centro de Madrid. Me recomend\u00f3 el carnicero y decid\u00ed probarla.<\/p>\n<p>La primera vez que la prob\u00e9, me sorprendi\u00f3 su sabor intenso y su textura suave. Desde entonces, se ha convertido en una de mis carnes favoritas y la compro cada vez que tengo la oportunidad.<\/p>\n<p>La pluma ib\u00e9rica es una carne que se puede preparar de muchas formas diferentes, pero mi forma favorita de cocinarla es a la parrilla con un poco de sal y pimienta. Cuando est\u00e1 bien hecha, la carne es tierna y jugosa con un sabor delicioso.<\/p>\n<p>Adem\u00e1s, me gusta saber que estoy consumiendo una carne saludable que ha sido alimentada de forma natural y criada con cuidado.<\/p>\n<\/section>\n<section>\n<h2><span class=\"ez-toc-section\" id=\"%C2%BFQue_hace_que_la_pluma_iberica_sea_tan_especial\"><\/span>\u00bfQu\u00e9 hace que la pluma ib\u00e9rica sea tan especial?<span class=\"ez-toc-section-end\"><\/span><\/h2>\n<p>La pluma ib\u00e9rica es una carne \u00fanica debido a la alimentaci\u00f3n y crianza de los cerdos ib\u00e9ricos. Estos cerdos se cr\u00edan en libertad en las dehesas del suroeste de Espa\u00f1a y se alimentan de bellotas y hierbas naturales, lo que les da un sabor y una textura \u00fanicos.<\/p>\n<p>Adem\u00e1s, la grasa de la pluma ib\u00e9rica es rica en \u00e1cido oleico, lo que la convierte en una carne saludable que ayuda a reducir el colesterol malo y a aumentar el bueno.<\/p>\n<p>La pluma ib\u00e9rica tambi\u00e9n es una carne muy valorada por los chefs debido a su versatilidad en la cocina y su sabor intenso. Se puede cocinar de muchas formas diferentes, desde a la parrilla hasta en guisos y estofados.<\/p>\n<\/section>\n<section>\n<h2><span class=\"ez-toc-section\" id=\"Preguntas_frecuentes_sobre_la_pluma_iberica\"><\/span>Preguntas frecuentes sobre la pluma ib\u00e9rica<span class=\"ez-toc-section-end\"><\/span><\/h2>\n<h3><span class=\"ez-toc-section\" id=\"%C2%BFQue_diferencia_hay_entre_la_pluma_iberica_y_la_pluma_de_cerdo_normal\"><\/span>\u00bfQu\u00e9 diferencia hay entre la pluma ib\u00e9rica y la pluma de cerdo normal?<span class=\"ez-toc-section-end\"><\/span><\/h3>\n<p>La pluma ib\u00e9rica proviene del cerdo ib\u00e9rico, mientras que la pluma de cerdo normal proviene de otros tipos de cerdos. La pluma ib\u00e9rica es una carne m\u00e1s cara debido a la alimentaci\u00f3n y crianza del cerdo ib\u00e9rico, que le da un sabor y una textura \u00fanicos.<\/p>\n<h3><span class=\"ez-toc-section\" id=\"%C2%BFComo_se_debe_cocinar_la_pluma_iberica\"><\/span>\u00bfC\u00f3mo se debe cocinar la pluma ib\u00e9rica?<span class=\"ez-toc-section-end\"><\/span><\/h3>\n<p>La pluma ib\u00e9rica se puede cocinar de muchas formas diferentes, pero es importante cocinarla a temperatura media-alta para que quede tierna y jugosa. Se puede cocinar a la parrilla, a la plancha, al horno o en guisos y estofados.<\/p>\n<h3><span class=\"ez-toc-section\" id=\"%C2%BFEs_saludable_la_pluma_iberica\"><\/span>\u00bfEs saludable la pluma ib\u00e9rica?<span class=\"ez-toc-section-end\"><\/span><\/h3>\n<p>S\u00ed, la pluma ib\u00e9rica es una carne saludable debido a la alimentaci\u00f3n y crianza del cerdo ib\u00e9rico. La grasa de la pluma ib\u00e9rica es rica en \u00e1cido oleico, que ayuda a reducir el colesterol malo y a aumentar el bueno.<\/p>\n<h3><span class=\"ez-toc-section\" id=\"%C2%BFQue_es_la_denominacion_de_origen_protegida_Pluma_iberica_de_bellota\"><\/span>\u00bfQu\u00e9 es la denominaci\u00f3n de origen protegida Pluma ib\u00e9rica de bellota?<span class=\"ez-toc-section-end\"><\/span><\/h3>\n<p>La denominaci\u00f3n de origen protegida Pluma ib\u00e9rica de bellota garantiza que el cerdo ha sido alimentado exclusivamente con bellotas y hierbas naturales en las dehesas del suroeste de Espa\u00f1a. Esta alimentaci\u00f3n le da a la carne un sabor y una textura \u00fanicos que la hacen muy valorada.<\/p>\n<\/section>\n","protected":false},"excerpt":{"rendered":"<p>Mi experiencia con la pluma ib\u00e9rica Descubre lo que necesitas saber sobre esta deliciosa carne Curiosidades sobre la pluma ib\u00e9rica La pluma ib\u00e9rica es un corte de carne que se encuentra en la parte superior de la paleta del cerdo ib\u00e9rico. Es una de las partes m\u00e1s valoradas del cerdo ib\u00e9rico debido a su sabor &#8230; <a title=\"Qu\u00e9 es la pluma iberica\" class=\"read-more\" href=\"https:\/\/dudasytextos.com\/preguntaquees\/que-es-la-pluma-iberica\/\" aria-label=\"M\u00e1s en Qu\u00e9 es la pluma iberica\">Leer m\u00e1s<\/a><\/p>\n","protected":false},"author":1,"featured_media":0,"comment_status":"open","ping_status":"open","sticky":false,"template":"","format":"standard","meta":{"footnotes":""},"categories":[4],"tags":[],"class_list":["post-149946","post","type-post","status-publish","format-standard","hentry","category-que-es"],"aioseo_notices":[],"aioseo_head":"\n\t\t<!-- All in One SEO 5.0.1.1 - aioseo.com -->\n\t<meta name=\"description\" content=\"Mi experiencia con la pluma ib\u00e9rica Descubre lo que necesitas saber sobre esta deliciosa carne Curiosidades sobre la pluma ib\u00e9rica La pluma ib\u00e9rica es un corte de carne que se encuentra en la parte superior de la paleta del cerdo ib\u00e9rico. Es una de las partes m\u00e1s valoradas del cerdo ib\u00e9rico debido a su sabor\" \/>\n\t<meta name=\"robots\" content=\"max-snippet:-1, max-image-preview:large, max-video-preview:-1\" \/>\n\t<meta name=\"author\" content=\"Ana Gonz\u00e1lez\"\/>\n\t<link rel=\"canonical\" href=\"https:\/\/dudasytextos.com\/preguntaquees\/que-es-la-pluma-iberica\/\" \/>\n\t<meta name=\"generator\" content=\"All in One SEO (AIOSEO) 5.0.1.1\" \/>\n\n\t\t<!-- Google tag (gtag.js) -->\n<script async src=\"https:\/\/www.googletagmanager.com\/gtag\/js?id=G-QEZWJ7M6T7\"><\/script>\n<script>\n  window.dataLayer = window.dataLayer || [];\n  function gtag(){dataLayer.push(arguments);}\n  gtag('js', new Date());\n\n  gtag('config', 'G-QEZWJ7M6T7');\n<\/script>\n<script async src=\"https:\/\/pagead2.googlesyndication.com\/pagead\/js\/adsbygoogle.js?client=ca-pub-3987500858204711\"\n     crossorigin=\"anonymous\"><\/script>\n\t\t<meta property=\"og:locale\" content=\"es_ES\" \/>\n\t\t<meta property=\"og:site_name\" content=\"\u00bfQu\u00e9 es? - \u00bfQu\u00e9 es?\" \/>\n\t\t<meta property=\"og:type\" content=\"article\" \/>\n\t\t<meta property=\"og:title\" content=\"Qu\u00e9 es la pluma iberica (2026) \u00bfQu\u00e9 es?\" \/>\n\t\t<meta property=\"og:description\" content=\"Mi experiencia con la pluma ib\u00e9rica Descubre lo que necesitas saber sobre esta deliciosa carne Curiosidades sobre la pluma ib\u00e9rica La pluma ib\u00e9rica es un corte de carne que se encuentra en la parte superior de la paleta del cerdo ib\u00e9rico. Es una de las partes m\u00e1s valoradas del cerdo ib\u00e9rico debido a su sabor\" \/>\n\t\t<meta property=\"og:url\" content=\"https:\/\/dudasytextos.com\/preguntaquees\/que-es-la-pluma-iberica\/\" \/>\n\t\t<meta property=\"article:published_time\" content=\"2025-02-25T01:30:31+00:00\" \/>\n\t\t<meta property=\"article:modified_time\" content=\"2025-03-12T21:50:43+00:00\" \/>\n\t\t<meta name=\"twitter:card\" content=\"summary_large_image\" \/>\n\t\t<meta name=\"twitter:title\" content=\"Qu\u00e9 es la pluma iberica (2026) \u00bfQu\u00e9 es?\" \/>\n\t\t<meta name=\"twitter:description\" content=\"Mi experiencia con la pluma ib\u00e9rica Descubre lo que necesitas saber sobre esta deliciosa carne Curiosidades sobre la pluma ib\u00e9rica La pluma ib\u00e9rica es un corte de carne que se encuentra en la parte superior de la paleta del cerdo ib\u00e9rico. Es una de las partes m\u00e1s valoradas del cerdo ib\u00e9rico debido a su sabor\" \/>\n\t\t<script type=\"application\/ld+json\" class=\"aioseo-schema\">\n\t\t\t{\"@context\":\"https:\\\/\\\/schema.org\",\"@graph\":[{\"@type\":\"BlogPosting\",\"@id\":\"https:\\\/\\\/dudasytextos.com\\\/preguntaquees\\\/que-es-la-pluma-iberica\\\/#blogposting\",\"name\":\"Qu\\u00e9 es la pluma iberica (2026) \\u00bfQu\\u00e9 es?\",\"headline\":\"Qu\\u00e9 es la pluma iberica\",\"author\":{\"@id\":\"https:\\\/\\\/dudasytextos.com\\\/preguntaquees\\\/author\\\/admin44\\\/#author\"},\"publisher\":{\"@id\":\"https:\\\/\\\/dudasytextos.com\\\/preguntaquees\\\/#organization\"},\"datePublished\":\"2025-02-25T01:30:31+00:00\",\"dateModified\":\"2025-03-12T21:50:43+00:00\",\"inLanguage\":\"es-ES\",\"mainEntityOfPage\":{\"@id\":\"https:\\\/\\\/dudasytextos.com\\\/preguntaquees\\\/que-es-la-pluma-iberica\\\/#webpage\"},\"isPartOf\":{\"@id\":\"https:\\\/\\\/dudasytextos.com\\\/preguntaquees\\\/que-es-la-pluma-iberica\\\/#webpage\"},\"articleSection\":\"\\u00bfQu\\u00e9 es?\"},{\"@type\":\"BreadcrumbList\",\"@id\":\"https:\\\/\\\/dudasytextos.com\\\/preguntaquees\\\/que-es-la-pluma-iberica\\\/#breadcrumblist\",\"itemListElement\":[{\"@type\":\"ListItem\",\"@id\":\"https:\\\/\\\/dudasytextos.com\\\/preguntaquees#listItem\",\"position\":1,\"name\":\"Inicio\",\"item\":\"https:\\\/\\\/dudasytextos.com\\\/preguntaquees\",\"nextItem\":{\"@type\":\"ListItem\",\"@id\":\"https:\\\/\\\/dudasytextos.com\\\/preguntaquees\\\/category\\\/que-es\\\/#listItem\",\"name\":\"\\u00bfQu\\u00e9 es?\"}},{\"@type\":\"ListItem\",\"@id\":\"https:\\\/\\\/dudasytextos.com\\\/preguntaquees\\\/category\\\/que-es\\\/#listItem\",\"position\":2,\"name\":\"\\u00bfQu\\u00e9 es?\",\"item\":\"https:\\\/\\\/dudasytextos.com\\\/preguntaquees\\\/category\\\/que-es\\\/\",\"nextItem\":{\"@type\":\"ListItem\",\"@id\":\"https:\\\/\\\/dudasytextos.com\\\/preguntaquees\\\/que-es-la-pluma-iberica\\\/#listItem\",\"name\":\"Qu\\u00e9 es la pluma iberica\"},\"previousItem\":{\"@type\":\"ListItem\",\"@id\":\"https:\\\/\\\/dudasytextos.com\\\/preguntaquees#listItem\",\"name\":\"Inicio\"}},{\"@type\":\"ListItem\",\"@id\":\"https:\\\/\\\/dudasytextos.com\\\/preguntaquees\\\/que-es-la-pluma-iberica\\\/#listItem\",\"position\":3,\"name\":\"Qu\\u00e9 es la pluma iberica\",\"previousItem\":{\"@type\":\"ListItem\",\"@id\":\"https:\\\/\\\/dudasytextos.com\\\/preguntaquees\\\/category\\\/que-es\\\/#listItem\",\"name\":\"\\u00bfQu\\u00e9 es?\"}}]},{\"@type\":\"Organization\",\"@id\":\"https:\\\/\\\/dudasytextos.com\\\/preguntaquees\\\/#organization\",\"name\":\"\\u00bfC\\u00f3mo funciona?\",\"description\":\"\\u00bfQu\\u00e9 es?\",\"url\":\"https:\\\/\\\/dudasytextos.com\\\/preguntaquees\\\/\"},{\"@type\":\"Person\",\"@id\":\"https:\\\/\\\/dudasytextos.com\\\/preguntaquees\\\/author\\\/admin44\\\/#author\",\"url\":\"https:\\\/\\\/dudasytextos.com\\\/preguntaquees\\\/author\\\/admin44\\\/\",\"name\":\"Ana Gonz\\u00e1lez\"},{\"@type\":\"WebPage\",\"@id\":\"https:\\\/\\\/dudasytextos.com\\\/preguntaquees\\\/que-es-la-pluma-iberica\\\/#webpage\",\"url\":\"https:\\\/\\\/dudasytextos.com\\\/preguntaquees\\\/que-es-la-pluma-iberica\\\/\",\"name\":\"Qu\\u00e9 es la pluma iberica (2026) \\u00bfQu\\u00e9 es?\",\"description\":\"Mi experiencia con la pluma ib\\u00e9rica Descubre lo que necesitas saber sobre esta deliciosa carne Curiosidades sobre la pluma ib\\u00e9rica La pluma ib\\u00e9rica es un corte de carne que se encuentra en la parte superior de la paleta del cerdo ib\\u00e9rico. Es una de las partes m\\u00e1s valoradas del cerdo ib\\u00e9rico debido a su sabor\",\"inLanguage\":\"es-ES\",\"isPartOf\":{\"@id\":\"https:\\\/\\\/dudasytextos.com\\\/preguntaquees\\\/#website\"},\"breadcrumb\":{\"@id\":\"https:\\\/\\\/dudasytextos.com\\\/preguntaquees\\\/que-es-la-pluma-iberica\\\/#breadcrumblist\"},\"author\":{\"@id\":\"https:\\\/\\\/dudasytextos.com\\\/preguntaquees\\\/author\\\/admin44\\\/#author\"},\"creator\":{\"@id\":\"https:\\\/\\\/dudasytextos.com\\\/preguntaquees\\\/author\\\/admin44\\\/#author\"},\"datePublished\":\"2025-02-25T01:30:31+00:00\",\"dateModified\":\"2025-03-12T21:50:43+00:00\"},{\"@type\":\"WebSite\",\"@id\":\"https:\\\/\\\/dudasytextos.com\\\/preguntaquees\\\/#website\",\"url\":\"https:\\\/\\\/dudasytextos.com\\\/preguntaquees\\\/\",\"name\":\"\\u00bfC\\u00f3mo funciona?\",\"description\":\"\\u00bfQu\\u00e9 es?\",\"inLanguage\":\"es-ES\",\"publisher\":{\"@id\":\"https:\\\/\\\/dudasytextos.com\\\/preguntaquees\\\/#organization\"}}]}\n\t\t<\/script>\n\t\t<!-- All in One SEO -->\n\n","aioseo_head_json":{"title":"Qu\u00e9 es la pluma iberica (2026) \u00bfQu\u00e9 es?","description":"Mi experiencia con la pluma ib\u00e9rica Descubre lo que necesitas saber sobre esta deliciosa carne Curiosidades sobre la pluma ib\u00e9rica La pluma ib\u00e9rica es un corte de carne que se encuentra en la parte superior de la paleta del cerdo ib\u00e9rico. Es una de las partes m\u00e1s valoradas del cerdo ib\u00e9rico debido a su sabor","canonical_url":"https:\/\/dudasytextos.com\/preguntaquees\/que-es-la-pluma-iberica\/","robots":"max-snippet:-1, max-image-preview:large, max-video-preview:-1","keywords":"","webmasterTools":{"miscellaneous":"&lt;!-- Google tag (gtag.js) --&gt;\n&lt;script async src=\"https:\/\/www.googletagmanager.com\/gtag\/js?id=G-QEZWJ7M6T7\"&gt;&lt;\/script&gt;\n&lt;script&gt;\n  window.dataLayer = window.dataLayer || [];\n  function gtag(){dataLayer.push(arguments);}\n  gtag('js', new Date());\n\n  gtag('config', 'G-QEZWJ7M6T7');\n&lt;\/script&gt;\n&lt;script async src=\"https:\/\/pagead2.googlesyndication.com\/pagead\/js\/adsbygoogle.js?client=ca-pub-3987500858204711\"\n     crossorigin=\"anonymous\"&gt;&lt;\/script&gt;"},"schema":{"@context":"https:\/\/schema.org","@graph":[{"@type":"BlogPosting","@id":"https:\/\/dudasytextos.com\/preguntaquees\/que-es-la-pluma-iberica\/#blogposting","name":"Qu\u00e9 es la pluma iberica (2026) \u00bfQu\u00e9 es?","headline":"Qu\u00e9 es la pluma iberica","author":{"@id":"https:\/\/dudasytextos.com\/preguntaquees\/author\/admin44\/#author"},"publisher":{"@id":"https:\/\/dudasytextos.com\/preguntaquees\/#organization"},"datePublished":"2025-02-25T01:30:31+00:00","dateModified":"2025-03-12T21:50:43+00:00","inLanguage":"es-ES","mainEntityOfPage":{"@id":"https:\/\/dudasytextos.com\/preguntaquees\/que-es-la-pluma-iberica\/#webpage"},"isPartOf":{"@id":"https:\/\/dudasytextos.com\/preguntaquees\/que-es-la-pluma-iberica\/#webpage"},"articleSection":"\u00bfQu\u00e9 es?"},{"@type":"BreadcrumbList","@id":"https:\/\/dudasytextos.com\/preguntaquees\/que-es-la-pluma-iberica\/#breadcrumblist","itemListElement":[{"@type":"ListItem","@id":"https:\/\/dudasytextos.com\/preguntaquees#listItem","position":1,"name":"Inicio","item":"https:\/\/dudasytextos.com\/preguntaquees","nextItem":{"@type":"ListItem","@id":"https:\/\/dudasytextos.com\/preguntaquees\/category\/que-es\/#listItem","name":"\u00bfQu\u00e9 es?"}},{"@type":"ListItem","@id":"https:\/\/dudasytextos.com\/preguntaquees\/category\/que-es\/#listItem","position":2,"name":"\u00bfQu\u00e9 es?","item":"https:\/\/dudasytextos.com\/preguntaquees\/category\/que-es\/","nextItem":{"@type":"ListItem","@id":"https:\/\/dudasytextos.com\/preguntaquees\/que-es-la-pluma-iberica\/#listItem","name":"Qu\u00e9 es la pluma iberica"},"previousItem":{"@type":"ListItem","@id":"https:\/\/dudasytextos.com\/preguntaquees#listItem","name":"Inicio"}},{"@type":"ListItem","@id":"https:\/\/dudasytextos.com\/preguntaquees\/que-es-la-pluma-iberica\/#listItem","position":3,"name":"Qu\u00e9 es la pluma iberica","previousItem":{"@type":"ListItem","@id":"https:\/\/dudasytextos.com\/preguntaquees\/category\/que-es\/#listItem","name":"\u00bfQu\u00e9 es?"}}]},{"@type":"Organization","@id":"https:\/\/dudasytextos.com\/preguntaquees\/#organization","name":"\u00bfC\u00f3mo funciona?","description":"\u00bfQu\u00e9 es?","url":"https:\/\/dudasytextos.com\/preguntaquees\/"},{"@type":"Person","@id":"https:\/\/dudasytextos.com\/preguntaquees\/author\/admin44\/#author","url":"https:\/\/dudasytextos.com\/preguntaquees\/author\/admin44\/","name":"Ana Gonz\u00e1lez"},{"@type":"WebPage","@id":"https:\/\/dudasytextos.com\/preguntaquees\/que-es-la-pluma-iberica\/#webpage","url":"https:\/\/dudasytextos.com\/preguntaquees\/que-es-la-pluma-iberica\/","name":"Qu\u00e9 es la pluma iberica (2026) \u00bfQu\u00e9 es?","description":"Mi experiencia con la pluma ib\u00e9rica Descubre lo que necesitas saber sobre esta deliciosa carne Curiosidades sobre la pluma ib\u00e9rica La pluma ib\u00e9rica es un corte de carne que se encuentra en la parte superior de la paleta del cerdo ib\u00e9rico. Es una de las partes m\u00e1s valoradas del cerdo ib\u00e9rico debido a su sabor","inLanguage":"es-ES","isPartOf":{"@id":"https:\/\/dudasytextos.com\/preguntaquees\/#website"},"breadcrumb":{"@id":"https:\/\/dudasytextos.com\/preguntaquees\/que-es-la-pluma-iberica\/#breadcrumblist"},"author":{"@id":"https:\/\/dudasytextos.com\/preguntaquees\/author\/admin44\/#author"},"creator":{"@id":"https:\/\/dudasytextos.com\/preguntaquees\/author\/admin44\/#author"},"datePublished":"2025-02-25T01:30:31+00:00","dateModified":"2025-03-12T21:50:43+00:00"},{"@type":"WebSite","@id":"https:\/\/dudasytextos.com\/preguntaquees\/#website","url":"https:\/\/dudasytextos.com\/preguntaquees\/","name":"\u00bfC\u00f3mo funciona?","description":"\u00bfQu\u00e9 es?","inLanguage":"es-ES","publisher":{"@id":"https:\/\/dudasytextos.com\/preguntaquees\/#organization"}}]},"og:locale":"es_ES","og:site_name":"\u00bfQu\u00e9 es? - \u00bfQu\u00e9 es?","og:type":"article","og:title":"Qu\u00e9 es la pluma iberica (2026) \u00bfQu\u00e9 es?","og:description":"Mi experiencia con la pluma ib\u00e9rica Descubre lo que necesitas saber sobre esta deliciosa carne Curiosidades sobre la pluma ib\u00e9rica La pluma ib\u00e9rica es un corte de carne que se encuentra en la parte superior de la paleta del cerdo ib\u00e9rico. Es una de las partes m\u00e1s valoradas del cerdo ib\u00e9rico debido a su sabor","og:url":"https:\/\/dudasytextos.com\/preguntaquees\/que-es-la-pluma-iberica\/","article:published_time":"2025-02-25T01:30:31+00:00","article:modified_time":"2025-03-12T21:50:43+00:00","twitter:card":"summary_large_image","twitter:title":"Qu\u00e9 es la pluma iberica (2026) \u00bfQu\u00e9 es?","twitter:description":"Mi experiencia con la pluma ib\u00e9rica Descubre lo que necesitas saber sobre esta deliciosa carne Curiosidades sobre la pluma ib\u00e9rica La pluma ib\u00e9rica es un corte de carne que se encuentra en la parte superior de la paleta del cerdo ib\u00e9rico. Es una de las partes m\u00e1s valoradas del cerdo ib\u00e9rico debido a su sabor"},"aioseo_meta_data":{"post_id":"149946","title":null,"description":null,"keywords":null,"keyphrases":null,"primary_term":null,"canonical_url":null,"og_title":null,"og_description":null,"og_object_type":"default","og_image_type":"default","og_image_url":null,"og_image_width":null,"og_image_height":null,"og_image_custom_url":null,"og_image_custom_fields":null,"og_video":null,"og_custom_url":null,"og_article_section":null,"og_article_tags":null,"twitter_use_og":false,"twitter_card":"default","twitter_image_type":"default","twitter_image_url":null,"twitter_image_custom_url":null,"twitter_image_custom_fields":null,"twitter_title":null,"twitter_description":null,"schema":{"blockGraphs":[],"customGraphs":[],"default":{"data":{"Article":[],"Course":[],"Dataset":[],"FAQPage":[],"Movie":[],"Person":[],"Product":[],"ProductReview":[],"Car":[],"Recipe":[],"Service":[],"SoftwareApplication":[],"WebPage":[]},"graphName":"","isEnabled":true},"graphs":[]},"schema_type":"default","schema_type_options":null,"pillar_content":false,"robots_default":true,"robots_noindex":false,"robots_noarchive":false,"robots_nosnippet":false,"robots_nofollow":false,"robots_noimageindex":false,"robots_noodp":false,"robots_notranslate":false,"robots_max_snippet":null,"robots_max_videopreview":null,"robots_max_imagepreview":"large","priority":null,"frequency":null,"local_seo":null,"breadcrumb_settings":null,"limit_modified_date":false,"ai":null,"created":"2023-05-12 10:44:41","updated":"2025-06-04 01:22:02","seo_analyzer_scan_date":null,"focus_keyword":null,"additional_keywords":null,"truseo_locale":null},"aioseo_breadcrumb":"<div class=\"aioseo-breadcrumbs\"><span class=\"aioseo-breadcrumb\">\n\t\t\t<a href=\"https:\/\/dudasytextos.com\/preguntaquees\" title=\"Inicio\">Inicio<\/a>\n\t\t<\/span><span class=\"aioseo-breadcrumb-separator\">&raquo;<\/span><span class=\"aioseo-breadcrumb\">\n\t\t\t<a href=\"https:\/\/dudasytextos.com\/preguntaquees\/category\/que-es\/\" title=\"\u00bfQu\u00e9 es?\">\u00bfQu\u00e9 es?<\/a>\n\t\t<\/span><span class=\"aioseo-breadcrumb-separator\">&raquo;<\/span><span class=\"aioseo-breadcrumb\">\n\t\t\tQu\u00e9 es la pluma iberica\n\t\t<\/span><\/div>","aioseo_breadcrumb_json":[{"label":"Inicio","link":"https:\/\/dudasytextos.com\/preguntaquees"},{"label":"\u00bfQu\u00e9 es?","link":"https:\/\/dudasytextos.com\/preguntaquees\/category\/que-es\/"},{"label":"Qu\u00e9 es la pluma iberica","link":"https:\/\/dudasytextos.com\/preguntaquees\/que-es-la-pluma-iberica\/"}],"_links":{"self":[{"href":"https:\/\/dudasytextos.com\/preguntaquees\/wp-json\/wp\/v2\/posts\/149946","targetHints":{"allow":["GET"]}}],"collection":[{"href":"https:\/\/dudasytextos.com\/preguntaquees\/wp-json\/wp\/v2\/posts"}],"about":[{"href":"https:\/\/dudasytextos.com\/preguntaquees\/wp-json\/wp\/v2\/types\/post"}],"author":[{"embeddable":true,"href":"https:\/\/dudasytextos.com\/preguntaquees\/wp-json\/wp\/v2\/users\/1"}],"replies":[{"embeddable":true,"href":"https:\/\/dudasytextos.com\/preguntaquees\/wp-json\/wp\/v2\/comments?post=149946"}],"version-history":[{"count":1,"href":"https:\/\/dudasytextos.com\/preguntaquees\/wp-json\/wp\/v2\/posts\/149946\/revisions"}],"predecessor-version":[{"id":155883,"href":"https:\/\/dudasytextos.com\/preguntaquees\/wp-json\/wp\/v2\/posts\/149946\/revisions\/155883"}],"wp:attachment":[{"href":"https:\/\/dudasytextos.com\/preguntaquees\/wp-json\/wp\/v2\/media?parent=149946"}],"wp:term":[{"taxonomy":"category","embeddable":true,"href":"https:\/\/dudasytextos.com\/preguntaquees\/wp-json\/wp\/v2\/categories?post=149946"},{"taxonomy":"post_tag","embeddable":true,"href":"https:\/\/dudasytextos.com\/preguntaquees\/wp-json\/wp\/v2\/tags?post=149946"}],"curies":[{"name":"wp","href":"https:\/\/api.w.org\/{rel}","templated":true}]}}