{"id":149999,"date":"2025-02-15T04:56:52","date_gmt":"2025-02-15T04:56:52","guid":{"rendered":"https:\/\/educacion.cc\/?p=149999"},"modified":"2025-03-12T17:02:04","modified_gmt":"2025-03-12T17:02:04","slug":"que-es-la-raza-aria","status":"publish","type":"post","link":"https:\/\/dudasytextos.com\/preguntaquees\/que-es-la-raza-aria\/","title":{"rendered":"Qu\u00e9 es la raza aria"},"content":{"rendered":"<div id=\"ez-toc-container\" class=\"ez-toc-v2_0_87 counter-hierarchy ez-toc-counter ez-toc-custom ez-toc-container-direction\">\n<div class=\"ez-toc-title-container\">\n<span class=\"ez-toc-title-toggle\"><\/span><\/div>\n<nav><ul class='ez-toc-list ez-toc-list-level-1 ' ><li class='ez-toc-page-1 ez-toc-heading-level-2'><a class=\"ez-toc-link ez-toc-heading-1\" href=\"https:\/\/dudasytextos.com\/preguntaquees\/que-es-la-raza-aria\/#%C2%BFQue_es_la_raza_aria\" >\u00bfQu\u00e9 es la raza aria?<\/a><\/li><li class='ez-toc-page-1 ez-toc-heading-level-2'><a class=\"ez-toc-link ez-toc-heading-2\" href=\"https:\/\/dudasytextos.com\/preguntaquees\/que-es-la-raza-aria\/#Por_Ana_Gonzalez\" >Por Ana Gonz\u00e1lez<\/a><\/li><li class='ez-toc-page-1 ez-toc-heading-level-2'><a class=\"ez-toc-link ez-toc-heading-3\" href=\"https:\/\/dudasytextos.com\/preguntaquees\/que-es-la-raza-aria\/#Curiosidades_sobre_la_raza_aria\" >Curiosidades sobre la raza aria<\/a><\/li><li class='ez-toc-page-1 ez-toc-heading-level-2'><a class=\"ez-toc-link ez-toc-heading-4\" href=\"https:\/\/dudasytextos.com\/preguntaquees\/que-es-la-raza-aria\/#%C2%BFQue_es_la_raza_aria-2\" >\u00bfQu\u00e9 es la raza aria?<\/a><\/li><li class='ez-toc-page-1 ez-toc-heading-level-2'><a class=\"ez-toc-link ez-toc-heading-5\" href=\"https:\/\/dudasytextos.com\/preguntaquees\/que-es-la-raza-aria\/#Caracteristicas_de_la_raza_aria\" >Caracter\u00edsticas de la raza aria<\/a><\/li><li class='ez-toc-page-1 ez-toc-heading-level-2'><a class=\"ez-toc-link ez-toc-heading-6\" href=\"https:\/\/dudasytextos.com\/preguntaquees\/que-es-la-raza-aria\/#El_impacto_de_la_teoria_de_la_raza_aria_en_la_historia_del_mundo\" >El impacto de la teor\u00eda de la raza aria en la historia del mundo<\/a><\/li><li class='ez-toc-page-1 ez-toc-heading-level-2'><a class=\"ez-toc-link ez-toc-heading-7\" href=\"https:\/\/dudasytextos.com\/preguntaquees\/que-es-la-raza-aria\/#Mi_experiencia_personal_con_la_teoria_de_la_raza_aria\" >Mi experiencia personal con la teor\u00eda de la raza aria<\/a><\/li><li class='ez-toc-page-1 ez-toc-heading-level-2'><a class=\"ez-toc-link ez-toc-heading-8\" href=\"https:\/\/dudasytextos.com\/preguntaquees\/que-es-la-raza-aria\/#Preguntas_frecuentes_sobre_la_raza_aria\" >Preguntas frecuentes sobre la raza aria<\/a><ul class='ez-toc-list-level-3' ><li class='ez-toc-heading-level-3'><a class=\"ez-toc-link ez-toc-heading-9\" href=\"https:\/\/dudasytextos.com\/preguntaquees\/que-es-la-raza-aria\/#%C2%BFLa_teoria_de_la_raza_aria_es_cierta\" >\u00bfLa teor\u00eda de la raza aria es cierta?<\/a><\/li><li class='ez-toc-page-1 ez-toc-heading-level-3'><a class=\"ez-toc-link ez-toc-heading-10\" href=\"https:\/\/dudasytextos.com\/preguntaquees\/que-es-la-raza-aria\/#%C2%BFQue_impacto_ha_tenido_la_teoria_de_la_raza_aria_en_la_historia_del_mundo\" >\u00bfQu\u00e9 impacto ha tenido la teor\u00eda de la raza aria en la historia del mundo?<\/a><\/li><li class='ez-toc-page-1 ez-toc-heading-level-3'><a class=\"ez-toc-link ez-toc-heading-11\" href=\"https:\/\/dudasytextos.com\/preguntaquees\/que-es-la-raza-aria\/#%C2%BFPor_que_la_teoria_de_la_raza_aria_ha_sido_desacreditada\" >\u00bfPor qu\u00e9 la teor\u00eda de la raza aria ha sido desacreditada?<\/a><\/li><\/ul><\/li><\/ul><\/nav><\/div>\n<h2><span class=\"ez-toc-section\" id=\"%C2%BFQue_es_la_raza_aria\"><\/span>\u00bfQu\u00e9 es la raza aria?<span class=\"ez-toc-section-end\"><\/span><\/h2>\n<h2><span class=\"ez-toc-section\" id=\"Por_Ana_Gonzalez\"><\/span>Por Ana Gonz\u00e1lez<span class=\"ez-toc-section-end\"><\/span><\/h2>\n<section>\n<h2><span class=\"ez-toc-section\" id=\"Curiosidades_sobre_la_raza_aria\"><\/span>Curiosidades sobre la raza aria<span class=\"ez-toc-section-end\"><\/span><\/h2>\n<ul>\n<li>El t\u00e9rmino aria proviene del s\u00e1nscrito y significa noble.<\/li>\n<li>La idea de una raza aria superior fue popularizada por los nazis en la Alemania de la d\u00e9cada de 1930.<\/li>\n<li>La teor\u00eda de la raza aria se basa en la idea de que los pueblos indoeuropeos, como los alemanes, los escandinavos y los iran\u00edes, son superiores a otros grupos \u00e9tnicos.<\/li>\n<li>La teor\u00eda de la raza aria ha sido ampliamente desacreditada por la comunidad cient\u00edfica.<\/li>\n<\/ul>\n<\/section>\n<section>\n<h2><span class=\"ez-toc-section\" id=\"%C2%BFQue_es_la_raza_aria-2\"><\/span>\u00bfQu\u00e9 es la raza aria?<span class=\"ez-toc-section-end\"><\/span><\/h2>\n<p>La raza aria es una idea que se origin\u00f3 en la India antigua y que se populariz\u00f3 en Europa en el siglo XIX. Esta teor\u00eda sostiene que los pueblos indoeuropeos, como los alemanes, los escandinavos y los iran\u00edes, son superiores a otros grupos \u00e9tnicos y que tienen caracter\u00edsticas f\u00edsicas y mentales superiores.<\/p>\n<p>La teor\u00eda de la raza aria fue adoptada por los nazis en la d\u00e9cada de 1930 y se utiliz\u00f3 para justificar la persecuci\u00f3n y el exterminio de jud\u00edos, gitanos y otros grupos \u00e9tnicos considerados inferiores.<\/p>\n<p>Actualmente, la teor\u00eda de la raza aria ha sido ampliamente desacreditada por la comunidad cient\u00edfica y se considera un ejemplo de pseudociencia y racismo.<\/p>\n<\/section>\n<section>\n<h2><span class=\"ez-toc-section\" id=\"Caracteristicas_de_la_raza_aria\"><\/span>Caracter\u00edsticas de la raza aria<span class=\"ez-toc-section-end\"><\/span><\/h2>\n<p>La teor\u00eda de la raza aria sostiene que los pueblos indoeuropeos tienen caracter\u00edsticas f\u00edsicas y mentales superiores a otros grupos \u00e9tnicos. Algunas de estas caracter\u00edsticas incluyen:<\/p>\n<ul>\n<li>Cabello rubio o casta\u00f1o claro<\/li>\n<li>Ojos azules o verdes<\/li>\n<li>Piel clara<\/li>\n<li>Inteligencia superior<\/li>\n<li>Moralidad superior<\/li>\n<\/ul>\n<p>Se cree que estas caracter\u00edsticas son el resultado de una combinaci\u00f3n de factores gen\u00e9ticos y ambientales.<\/p>\n<\/section>\n<section>\n<h2><span class=\"ez-toc-section\" id=\"El_impacto_de_la_teoria_de_la_raza_aria_en_la_historia_del_mundo\"><\/span>El impacto de la teor\u00eda de la raza aria en la historia del mundo<span class=\"ez-toc-section-end\"><\/span><\/h2>\n<p>La teor\u00eda de la raza aria ha tenido un impacto significativo en la historia del mundo. En la d\u00e9cada de 1930, los nazis adoptaron la teor\u00eda de la raza aria y la utilizaron para justificar la persecuci\u00f3n y el exterminio de jud\u00edos, gitanos y otros grupos \u00e9tnicos considerados inferiores.<\/p>\n<p>El resultado fue el Holocausto, uno de los peores genocidios en la historia de la humanidad.<\/p>\n<p>La teor\u00eda de la raza aria tambi\u00e9n ha sido utilizada para justificar la discriminaci\u00f3n y la opresi\u00f3n de otros grupos \u00e9tnicos, como los afroamericanos en los Estados Unidos y los dalits (antes llamados intocables) en la India.<\/p>\n<\/section>\n<section>\n<h2><span class=\"ez-toc-section\" id=\"Mi_experiencia_personal_con_la_teoria_de_la_raza_aria\"><\/span>Mi experiencia personal con la teor\u00eda de la raza aria<span class=\"ez-toc-section-end\"><\/span><\/h2>\n<p>Como hispana, la teor\u00eda de la raza aria nunca ha tenido un impacto directo en mi vida. Sin embargo, he sido testigo de c\u00f3mo esta teor\u00eda ha sido utilizada para justificar la discriminaci\u00f3n y el odio hacia otros grupos \u00e9tnicos.<\/p>\n<p>Creo que es importante desacreditar la teor\u00eda de la raza aria y promover la igualdad y el respeto hacia todas las personas, independientemente de su origen \u00e9tnico.<\/p>\n<\/section>\n<section>\n<h2><span class=\"ez-toc-section\" id=\"Preguntas_frecuentes_sobre_la_raza_aria\"><\/span>Preguntas frecuentes sobre la raza aria<span class=\"ez-toc-section-end\"><\/span><\/h2>\n<h3><span class=\"ez-toc-section\" id=\"%C2%BFLa_teoria_de_la_raza_aria_es_cierta\"><\/span>\u00bfLa teor\u00eda de la raza aria es cierta?<span class=\"ez-toc-section-end\"><\/span><\/h3>\n<p>No, la teor\u00eda de la raza aria ha sido ampliamente desacreditada por la comunidad cient\u00edfica. Se considera un ejemplo de pseudociencia y racismo.<\/p>\n<h3><span class=\"ez-toc-section\" id=\"%C2%BFQue_impacto_ha_tenido_la_teoria_de_la_raza_aria_en_la_historia_del_mundo\"><\/span>\u00bfQu\u00e9 impacto ha tenido la teor\u00eda de la raza aria en la historia del mundo?<span class=\"ez-toc-section-end\"><\/span><\/h3>\n<p>La teor\u00eda de la raza aria ha sido utilizada para justificar la persecuci\u00f3n y el exterminio de jud\u00edos, gitanos y otros grupos \u00e9tnicos considerados inferiores. El resultado fue el Holocausto, uno de los peores genocidios en la historia de la humanidad.<\/p>\n<h3><span class=\"ez-toc-section\" id=\"%C2%BFPor_que_la_teoria_de_la_raza_aria_ha_sido_desacreditada\"><\/span>\u00bfPor qu\u00e9 la teor\u00eda de la raza aria ha sido desacreditada?<span class=\"ez-toc-section-end\"><\/span><\/h3>\n<p>La teor\u00eda de la raza aria se basa en la idea de que los pueblos indoeuropeos son superiores a otros grupos \u00e9tnicos, lo cual carece de evidencia cient\u00edfica. Adem\u00e1s, la teor\u00eda ha sido utilizada para justificar la discriminaci\u00f3n y el odio hacia otros grupos \u00e9tnicos, lo cual es inaceptable moralmente.<\/p>\n<\/section>\n<footer>\n<p>\u00a9 2023 Ana Gonz\u00e1lez. Todos los derechos reservados.<\/p>\n<\/footer>\n","protected":false},"excerpt":{"rendered":"<p>\u00bfQu\u00e9 es la raza aria? Por Ana Gonz\u00e1lez Curiosidades sobre la raza aria El t\u00e9rmino aria proviene del s\u00e1nscrito y significa noble. La idea de una raza aria superior fue popularizada por los nazis en la Alemania de la d\u00e9cada de 1930. La teor\u00eda de la raza aria se basa en la idea de que &#8230; <a title=\"Qu\u00e9 es la raza aria\" class=\"read-more\" href=\"https:\/\/dudasytextos.com\/preguntaquees\/que-es-la-raza-aria\/\" aria-label=\"M\u00e1s en Qu\u00e9 es la raza aria\">Leer m\u00e1s<\/a><\/p>\n","protected":false},"author":1,"featured_media":0,"comment_status":"open","ping_status":"open","sticky":false,"template":"","format":"standard","meta":{"footnotes":""},"categories":[4],"tags":[],"class_list":["post-149999","post","type-post","status-publish","format-standard","hentry","category-que-es"],"aioseo_notices":[],"aioseo_head":"\n\t\t<!-- All in One SEO 5.0.1.1 - aioseo.com -->\n\t<meta name=\"description\" content=\"\u00bfQu\u00e9 es la raza aria? Por Ana Gonz\u00e1lez Curiosidades sobre la raza aria El t\u00e9rmino aria proviene del s\u00e1nscrito y significa noble. La idea de una raza aria superior fue popularizada por los nazis en la Alemania de la d\u00e9cada de 1930. La teor\u00eda de la raza aria se basa en la idea de que\" \/>\n\t<meta name=\"robots\" content=\"max-snippet:-1, max-image-preview:large, max-video-preview:-1\" \/>\n\t<meta name=\"author\" content=\"Ana Gonz\u00e1lez\"\/>\n\t<link rel=\"canonical\" href=\"https:\/\/dudasytextos.com\/preguntaquees\/que-es-la-raza-aria\/\" \/>\n\t<meta name=\"generator\" content=\"All in One SEO (AIOSEO) 5.0.1.1\" \/>\n\n\t\t<!-- Google tag (gtag.js) -->\n<script async src=\"https:\/\/www.googletagmanager.com\/gtag\/js?id=G-QEZWJ7M6T7\"><\/script>\n<script>\n  window.dataLayer = window.dataLayer || [];\n  function gtag(){dataLayer.push(arguments);}\n  gtag('js', new Date());\n\n  gtag('config', 'G-QEZWJ7M6T7');\n<\/script>\n<script async src=\"https:\/\/pagead2.googlesyndication.com\/pagead\/js\/adsbygoogle.js?client=ca-pub-3987500858204711\"\n     crossorigin=\"anonymous\"><\/script>\n\t\t<meta property=\"og:locale\" content=\"es_ES\" \/>\n\t\t<meta property=\"og:site_name\" content=\"\u00bfQu\u00e9 es? - \u00bfQu\u00e9 es?\" \/>\n\t\t<meta property=\"og:type\" content=\"article\" \/>\n\t\t<meta property=\"og:title\" content=\"Qu\u00e9 es la raza aria (2026) \u00bfQu\u00e9 es?\" \/>\n\t\t<meta property=\"og:description\" content=\"\u00bfQu\u00e9 es la raza aria? Por Ana Gonz\u00e1lez Curiosidades sobre la raza aria El t\u00e9rmino aria proviene del s\u00e1nscrito y significa noble. La idea de una raza aria superior fue popularizada por los nazis en la Alemania de la d\u00e9cada de 1930. La teor\u00eda de la raza aria se basa en la idea de que\" \/>\n\t\t<meta property=\"og:url\" content=\"https:\/\/dudasytextos.com\/preguntaquees\/que-es-la-raza-aria\/\" \/>\n\t\t<meta property=\"article:published_time\" content=\"2025-02-15T04:56:52+00:00\" \/>\n\t\t<meta property=\"article:modified_time\" content=\"2025-03-12T17:02:04+00:00\" \/>\n\t\t<meta name=\"twitter:card\" content=\"summary_large_image\" \/>\n\t\t<meta name=\"twitter:title\" content=\"Qu\u00e9 es la raza aria (2026) \u00bfQu\u00e9 es?\" \/>\n\t\t<meta name=\"twitter:description\" content=\"\u00bfQu\u00e9 es la raza aria? Por Ana Gonz\u00e1lez Curiosidades sobre la raza aria El t\u00e9rmino aria proviene del s\u00e1nscrito y significa noble. La idea de una raza aria superior fue popularizada por los nazis en la Alemania de la d\u00e9cada de 1930. La teor\u00eda de la raza aria se basa en la idea de que\" \/>\n\t\t<script type=\"application\/ld+json\" class=\"aioseo-schema\">\n\t\t\t{\"@context\":\"https:\\\/\\\/schema.org\",\"@graph\":[{\"@type\":\"BlogPosting\",\"@id\":\"https:\\\/\\\/dudasytextos.com\\\/preguntaquees\\\/que-es-la-raza-aria\\\/#blogposting\",\"name\":\"Qu\\u00e9 es la raza aria (2026) \\u00bfQu\\u00e9 es?\",\"headline\":\"Qu\\u00e9 es la raza aria\",\"author\":{\"@id\":\"https:\\\/\\\/dudasytextos.com\\\/preguntaquees\\\/author\\\/admin44\\\/#author\"},\"publisher\":{\"@id\":\"https:\\\/\\\/dudasytextos.com\\\/preguntaquees\\\/#organization\"},\"datePublished\":\"2025-02-15T04:56:52+00:00\",\"dateModified\":\"2025-03-12T17:02:04+00:00\",\"inLanguage\":\"es-ES\",\"mainEntityOfPage\":{\"@id\":\"https:\\\/\\\/dudasytextos.com\\\/preguntaquees\\\/que-es-la-raza-aria\\\/#webpage\"},\"isPartOf\":{\"@id\":\"https:\\\/\\\/dudasytextos.com\\\/preguntaquees\\\/que-es-la-raza-aria\\\/#webpage\"},\"articleSection\":\"\\u00bfQu\\u00e9 es?\"},{\"@type\":\"BreadcrumbList\",\"@id\":\"https:\\\/\\\/dudasytextos.com\\\/preguntaquees\\\/que-es-la-raza-aria\\\/#breadcrumblist\",\"itemListElement\":[{\"@type\":\"ListItem\",\"@id\":\"https:\\\/\\\/dudasytextos.com\\\/preguntaquees#listItem\",\"position\":1,\"name\":\"Inicio\",\"item\":\"https:\\\/\\\/dudasytextos.com\\\/preguntaquees\",\"nextItem\":{\"@type\":\"ListItem\",\"@id\":\"https:\\\/\\\/dudasytextos.com\\\/preguntaquees\\\/category\\\/que-es\\\/#listItem\",\"name\":\"\\u00bfQu\\u00e9 es?\"}},{\"@type\":\"ListItem\",\"@id\":\"https:\\\/\\\/dudasytextos.com\\\/preguntaquees\\\/category\\\/que-es\\\/#listItem\",\"position\":2,\"name\":\"\\u00bfQu\\u00e9 es?\",\"item\":\"https:\\\/\\\/dudasytextos.com\\\/preguntaquees\\\/category\\\/que-es\\\/\",\"nextItem\":{\"@type\":\"ListItem\",\"@id\":\"https:\\\/\\\/dudasytextos.com\\\/preguntaquees\\\/que-es-la-raza-aria\\\/#listItem\",\"name\":\"Qu\\u00e9 es la raza aria\"},\"previousItem\":{\"@type\":\"ListItem\",\"@id\":\"https:\\\/\\\/dudasytextos.com\\\/preguntaquees#listItem\",\"name\":\"Inicio\"}},{\"@type\":\"ListItem\",\"@id\":\"https:\\\/\\\/dudasytextos.com\\\/preguntaquees\\\/que-es-la-raza-aria\\\/#listItem\",\"position\":3,\"name\":\"Qu\\u00e9 es la raza aria\",\"previousItem\":{\"@type\":\"ListItem\",\"@id\":\"https:\\\/\\\/dudasytextos.com\\\/preguntaquees\\\/category\\\/que-es\\\/#listItem\",\"name\":\"\\u00bfQu\\u00e9 es?\"}}]},{\"@type\":\"Organization\",\"@id\":\"https:\\\/\\\/dudasytextos.com\\\/preguntaquees\\\/#organization\",\"name\":\"\\u00bfC\\u00f3mo funciona?\",\"description\":\"\\u00bfQu\\u00e9 es?\",\"url\":\"https:\\\/\\\/dudasytextos.com\\\/preguntaquees\\\/\"},{\"@type\":\"Person\",\"@id\":\"https:\\\/\\\/dudasytextos.com\\\/preguntaquees\\\/author\\\/admin44\\\/#author\",\"url\":\"https:\\\/\\\/dudasytextos.com\\\/preguntaquees\\\/author\\\/admin44\\\/\",\"name\":\"Ana Gonz\\u00e1lez\"},{\"@type\":\"WebPage\",\"@id\":\"https:\\\/\\\/dudasytextos.com\\\/preguntaquees\\\/que-es-la-raza-aria\\\/#webpage\",\"url\":\"https:\\\/\\\/dudasytextos.com\\\/preguntaquees\\\/que-es-la-raza-aria\\\/\",\"name\":\"Qu\\u00e9 es la raza aria (2026) \\u00bfQu\\u00e9 es?\",\"description\":\"\\u00bfQu\\u00e9 es la raza aria? Por Ana Gonz\\u00e1lez Curiosidades sobre la raza aria El t\\u00e9rmino aria proviene del s\\u00e1nscrito y significa noble. La idea de una raza aria superior fue popularizada por los nazis en la Alemania de la d\\u00e9cada de 1930. La teor\\u00eda de la raza aria se basa en la idea de que\",\"inLanguage\":\"es-ES\",\"isPartOf\":{\"@id\":\"https:\\\/\\\/dudasytextos.com\\\/preguntaquees\\\/#website\"},\"breadcrumb\":{\"@id\":\"https:\\\/\\\/dudasytextos.com\\\/preguntaquees\\\/que-es-la-raza-aria\\\/#breadcrumblist\"},\"author\":{\"@id\":\"https:\\\/\\\/dudasytextos.com\\\/preguntaquees\\\/author\\\/admin44\\\/#author\"},\"creator\":{\"@id\":\"https:\\\/\\\/dudasytextos.com\\\/preguntaquees\\\/author\\\/admin44\\\/#author\"},\"datePublished\":\"2025-02-15T04:56:52+00:00\",\"dateModified\":\"2025-03-12T17:02:04+00:00\"},{\"@type\":\"WebSite\",\"@id\":\"https:\\\/\\\/dudasytextos.com\\\/preguntaquees\\\/#website\",\"url\":\"https:\\\/\\\/dudasytextos.com\\\/preguntaquees\\\/\",\"name\":\"\\u00bfC\\u00f3mo funciona?\",\"description\":\"\\u00bfQu\\u00e9 es?\",\"inLanguage\":\"es-ES\",\"publisher\":{\"@id\":\"https:\\\/\\\/dudasytextos.com\\\/preguntaquees\\\/#organization\"}}]}\n\t\t<\/script>\n\t\t<!-- All in One SEO -->\n\n","aioseo_head_json":{"title":"Qu\u00e9 es la raza aria (2026) \u00bfQu\u00e9 es?","description":"\u00bfQu\u00e9 es la raza aria? Por Ana Gonz\u00e1lez Curiosidades sobre la raza aria El t\u00e9rmino aria proviene del s\u00e1nscrito y significa noble. La idea de una raza aria superior fue popularizada por los nazis en la Alemania de la d\u00e9cada de 1930. La teor\u00eda de la raza aria se basa en la idea de que","canonical_url":"https:\/\/dudasytextos.com\/preguntaquees\/que-es-la-raza-aria\/","robots":"max-snippet:-1, max-image-preview:large, max-video-preview:-1","keywords":"","webmasterTools":{"miscellaneous":"&lt;!-- Google tag (gtag.js) --&gt;\n&lt;script async src=\"https:\/\/www.googletagmanager.com\/gtag\/js?id=G-QEZWJ7M6T7\"&gt;&lt;\/script&gt;\n&lt;script&gt;\n  window.dataLayer = window.dataLayer || [];\n  function gtag(){dataLayer.push(arguments);}\n  gtag('js', new Date());\n\n  gtag('config', 'G-QEZWJ7M6T7');\n&lt;\/script&gt;\n&lt;script async src=\"https:\/\/pagead2.googlesyndication.com\/pagead\/js\/adsbygoogle.js?client=ca-pub-3987500858204711\"\n     crossorigin=\"anonymous\"&gt;&lt;\/script&gt;"},"schema":{"@context":"https:\/\/schema.org","@graph":[{"@type":"BlogPosting","@id":"https:\/\/dudasytextos.com\/preguntaquees\/que-es-la-raza-aria\/#blogposting","name":"Qu\u00e9 es la raza aria (2026) \u00bfQu\u00e9 es?","headline":"Qu\u00e9 es la raza aria","author":{"@id":"https:\/\/dudasytextos.com\/preguntaquees\/author\/admin44\/#author"},"publisher":{"@id":"https:\/\/dudasytextos.com\/preguntaquees\/#organization"},"datePublished":"2025-02-15T04:56:52+00:00","dateModified":"2025-03-12T17:02:04+00:00","inLanguage":"es-ES","mainEntityOfPage":{"@id":"https:\/\/dudasytextos.com\/preguntaquees\/que-es-la-raza-aria\/#webpage"},"isPartOf":{"@id":"https:\/\/dudasytextos.com\/preguntaquees\/que-es-la-raza-aria\/#webpage"},"articleSection":"\u00bfQu\u00e9 es?"},{"@type":"BreadcrumbList","@id":"https:\/\/dudasytextos.com\/preguntaquees\/que-es-la-raza-aria\/#breadcrumblist","itemListElement":[{"@type":"ListItem","@id":"https:\/\/dudasytextos.com\/preguntaquees#listItem","position":1,"name":"Inicio","item":"https:\/\/dudasytextos.com\/preguntaquees","nextItem":{"@type":"ListItem","@id":"https:\/\/dudasytextos.com\/preguntaquees\/category\/que-es\/#listItem","name":"\u00bfQu\u00e9 es?"}},{"@type":"ListItem","@id":"https:\/\/dudasytextos.com\/preguntaquees\/category\/que-es\/#listItem","position":2,"name":"\u00bfQu\u00e9 es?","item":"https:\/\/dudasytextos.com\/preguntaquees\/category\/que-es\/","nextItem":{"@type":"ListItem","@id":"https:\/\/dudasytextos.com\/preguntaquees\/que-es-la-raza-aria\/#listItem","name":"Qu\u00e9 es la raza aria"},"previousItem":{"@type":"ListItem","@id":"https:\/\/dudasytextos.com\/preguntaquees#listItem","name":"Inicio"}},{"@type":"ListItem","@id":"https:\/\/dudasytextos.com\/preguntaquees\/que-es-la-raza-aria\/#listItem","position":3,"name":"Qu\u00e9 es la raza aria","previousItem":{"@type":"ListItem","@id":"https:\/\/dudasytextos.com\/preguntaquees\/category\/que-es\/#listItem","name":"\u00bfQu\u00e9 es?"}}]},{"@type":"Organization","@id":"https:\/\/dudasytextos.com\/preguntaquees\/#organization","name":"\u00bfC\u00f3mo funciona?","description":"\u00bfQu\u00e9 es?","url":"https:\/\/dudasytextos.com\/preguntaquees\/"},{"@type":"Person","@id":"https:\/\/dudasytextos.com\/preguntaquees\/author\/admin44\/#author","url":"https:\/\/dudasytextos.com\/preguntaquees\/author\/admin44\/","name":"Ana Gonz\u00e1lez"},{"@type":"WebPage","@id":"https:\/\/dudasytextos.com\/preguntaquees\/que-es-la-raza-aria\/#webpage","url":"https:\/\/dudasytextos.com\/preguntaquees\/que-es-la-raza-aria\/","name":"Qu\u00e9 es la raza aria (2026) \u00bfQu\u00e9 es?","description":"\u00bfQu\u00e9 es la raza aria? Por Ana Gonz\u00e1lez Curiosidades sobre la raza aria El t\u00e9rmino aria proviene del s\u00e1nscrito y significa noble. La idea de una raza aria superior fue popularizada por los nazis en la Alemania de la d\u00e9cada de 1930. La teor\u00eda de la raza aria se basa en la idea de que","inLanguage":"es-ES","isPartOf":{"@id":"https:\/\/dudasytextos.com\/preguntaquees\/#website"},"breadcrumb":{"@id":"https:\/\/dudasytextos.com\/preguntaquees\/que-es-la-raza-aria\/#breadcrumblist"},"author":{"@id":"https:\/\/dudasytextos.com\/preguntaquees\/author\/admin44\/#author"},"creator":{"@id":"https:\/\/dudasytextos.com\/preguntaquees\/author\/admin44\/#author"},"datePublished":"2025-02-15T04:56:52+00:00","dateModified":"2025-03-12T17:02:04+00:00"},{"@type":"WebSite","@id":"https:\/\/dudasytextos.com\/preguntaquees\/#website","url":"https:\/\/dudasytextos.com\/preguntaquees\/","name":"\u00bfC\u00f3mo funciona?","description":"\u00bfQu\u00e9 es?","inLanguage":"es-ES","publisher":{"@id":"https:\/\/dudasytextos.com\/preguntaquees\/#organization"}}]},"og:locale":"es_ES","og:site_name":"\u00bfQu\u00e9 es? - \u00bfQu\u00e9 es?","og:type":"article","og:title":"Qu\u00e9 es la raza aria (2026) \u00bfQu\u00e9 es?","og:description":"\u00bfQu\u00e9 es la raza aria? Por Ana Gonz\u00e1lez Curiosidades sobre la raza aria El t\u00e9rmino aria proviene del s\u00e1nscrito y significa noble. La idea de una raza aria superior fue popularizada por los nazis en la Alemania de la d\u00e9cada de 1930. La teor\u00eda de la raza aria se basa en la idea de que","og:url":"https:\/\/dudasytextos.com\/preguntaquees\/que-es-la-raza-aria\/","article:published_time":"2025-02-15T04:56:52+00:00","article:modified_time":"2025-03-12T17:02:04+00:00","twitter:card":"summary_large_image","twitter:title":"Qu\u00e9 es la raza aria (2026) \u00bfQu\u00e9 es?","twitter:description":"\u00bfQu\u00e9 es la raza aria? Por Ana Gonz\u00e1lez Curiosidades sobre la raza aria El t\u00e9rmino aria proviene del s\u00e1nscrito y significa noble. La idea de una raza aria superior fue popularizada por los nazis en la Alemania de la d\u00e9cada de 1930. La teor\u00eda de la raza aria se basa en la idea de que"},"aioseo_meta_data":{"post_id":"149999","title":null,"description":null,"keywords":null,"keyphrases":null,"primary_term":null,"canonical_url":null,"og_title":null,"og_description":null,"og_object_type":"default","og_image_type":"default","og_image_url":null,"og_image_width":null,"og_image_height":null,"og_image_custom_url":null,"og_image_custom_fields":null,"og_video":null,"og_custom_url":null,"og_article_section":null,"og_article_tags":null,"twitter_use_og":false,"twitter_card":"default","twitter_image_type":"default","twitter_image_url":null,"twitter_image_custom_url":null,"twitter_image_custom_fields":null,"twitter_title":null,"twitter_description":null,"schema":{"blockGraphs":[],"customGraphs":[],"default":{"data":{"Article":[],"Course":[],"Dataset":[],"FAQPage":[],"Movie":[],"Person":[],"Product":[],"ProductReview":[],"Car":[],"Recipe":[],"Service":[],"SoftwareApplication":[],"WebPage":[]},"graphName":"","isEnabled":true},"graphs":[]},"schema_type":"default","schema_type_options":null,"pillar_content":false,"robots_default":true,"robots_noindex":false,"robots_noarchive":false,"robots_nosnippet":false,"robots_nofollow":false,"robots_noimageindex":false,"robots_noodp":false,"robots_notranslate":false,"robots_max_snippet":null,"robots_max_videopreview":null,"robots_max_imagepreview":"large","priority":null,"frequency":null,"local_seo":null,"breadcrumb_settings":null,"limit_modified_date":false,"ai":null,"created":"2023-05-12 10:33:28","updated":"2025-06-03 18:59:41","seo_analyzer_scan_date":null,"focus_keyword":null,"additional_keywords":null,"truseo_locale":null},"aioseo_breadcrumb":"<div class=\"aioseo-breadcrumbs\"><span class=\"aioseo-breadcrumb\">\n\t\t\t<a href=\"https:\/\/dudasytextos.com\/preguntaquees\" title=\"Inicio\">Inicio<\/a>\n\t\t<\/span><span class=\"aioseo-breadcrumb-separator\">&raquo;<\/span><span class=\"aioseo-breadcrumb\">\n\t\t\t<a href=\"https:\/\/dudasytextos.com\/preguntaquees\/category\/que-es\/\" title=\"\u00bfQu\u00e9 es?\">\u00bfQu\u00e9 es?<\/a>\n\t\t<\/span><span class=\"aioseo-breadcrumb-separator\">&raquo;<\/span><span class=\"aioseo-breadcrumb\">\n\t\t\tQu\u00e9 es la raza aria\n\t\t<\/span><\/div>","aioseo_breadcrumb_json":[{"label":"Inicio","link":"https:\/\/dudasytextos.com\/preguntaquees"},{"label":"\u00bfQu\u00e9 es?","link":"https:\/\/dudasytextos.com\/preguntaquees\/category\/que-es\/"},{"label":"Qu\u00e9 es la raza aria","link":"https:\/\/dudasytextos.com\/preguntaquees\/que-es-la-raza-aria\/"}],"_links":{"self":[{"href":"https:\/\/dudasytextos.com\/preguntaquees\/wp-json\/wp\/v2\/posts\/149999","targetHints":{"allow":["GET"]}}],"collection":[{"href":"https:\/\/dudasytextos.com\/preguntaquees\/wp-json\/wp\/v2\/posts"}],"about":[{"href":"https:\/\/dudasytextos.com\/preguntaquees\/wp-json\/wp\/v2\/types\/post"}],"author":[{"embeddable":true,"href":"https:\/\/dudasytextos.com\/preguntaquees\/wp-json\/wp\/v2\/users\/1"}],"replies":[{"embeddable":true,"href":"https:\/\/dudasytextos.com\/preguntaquees\/wp-json\/wp\/v2\/comments?post=149999"}],"version-history":[{"count":1,"href":"https:\/\/dudasytextos.com\/preguntaquees\/wp-json\/wp\/v2\/posts\/149999\/revisions"}],"predecessor-version":[{"id":155830,"href":"https:\/\/dudasytextos.com\/preguntaquees\/wp-json\/wp\/v2\/posts\/149999\/revisions\/155830"}],"wp:attachment":[{"href":"https:\/\/dudasytextos.com\/preguntaquees\/wp-json\/wp\/v2\/media?parent=149999"}],"wp:term":[{"taxonomy":"category","embeddable":true,"href":"https:\/\/dudasytextos.com\/preguntaquees\/wp-json\/wp\/v2\/categories?post=149999"},{"taxonomy":"post_tag","embeddable":true,"href":"https:\/\/dudasytextos.com\/preguntaquees\/wp-json\/wp\/v2\/tags?post=149999"}],"curies":[{"name":"wp","href":"https:\/\/api.w.org\/{rel}","templated":true}]}}