{"id":150009,"date":"2025-03-04T17:19:06","date_gmt":"2025-03-04T17:19:06","guid":{"rendered":"https:\/\/educacion.cc\/?p=150009"},"modified":"2025-03-13T08:32:35","modified_gmt":"2025-03-13T08:32:35","slug":"que-es-la-recesion-de-un-pais","status":"publish","type":"post","link":"https:\/\/dudasytextos.com\/preguntaquees\/que-es-la-recesion-de-un-pais\/","title":{"rendered":"Qu\u00e9 es la recesi\u00f3n de un pais"},"content":{"rendered":"<div id=\"ez-toc-container\" class=\"ez-toc-v2_0_87 counter-hierarchy ez-toc-counter ez-toc-custom ez-toc-container-direction\">\n<div class=\"ez-toc-title-container\">\n<span class=\"ez-toc-title-toggle\"><\/span><\/div>\n<nav><ul class='ez-toc-list ez-toc-list-level-1 ' ><li class='ez-toc-page-1 ez-toc-heading-level-2'><a class=\"ez-toc-link ez-toc-heading-1\" href=\"https:\/\/dudasytextos.com\/preguntaquees\/que-es-la-recesion-de-un-pais\/#%C2%BFQue_es_la_recesion_de_un_pais\" >\u00bfQu\u00e9 es la recesi\u00f3n de un pa\u00eds?<\/a><\/li><li class='ez-toc-page-1 ez-toc-heading-level-2'><a class=\"ez-toc-link ez-toc-heading-2\" href=\"https:\/\/dudasytextos.com\/preguntaquees\/que-es-la-recesion-de-un-pais\/#Curiosidades_sobre_la_recesion_de_un_pais\" >Curiosidades sobre la recesi\u00f3n de un pa\u00eds<\/a><\/li><li class='ez-toc-page-1 ez-toc-heading-level-2'><a class=\"ez-toc-link ez-toc-heading-3\" href=\"https:\/\/dudasytextos.com\/preguntaquees\/que-es-la-recesion-de-un-pais\/#%C2%BFComo_afecta_la_recesion_a_la_economia\" >\u00bfC\u00f3mo afecta la recesi\u00f3n a la econom\u00eda?<\/a><\/li><li class='ez-toc-page-1 ez-toc-heading-level-2'><a class=\"ez-toc-link ez-toc-heading-4\" href=\"https:\/\/dudasytextos.com\/preguntaquees\/que-es-la-recesion-de-un-pais\/#%C2%BFComo_puedo_sobrellevar_la_recesion\" >\u00bfC\u00f3mo puedo sobrellevar la recesi\u00f3n?<\/a><\/li><li class='ez-toc-page-1 ez-toc-heading-level-2'><a class=\"ez-toc-link ez-toc-heading-5\" href=\"https:\/\/dudasytextos.com\/preguntaquees\/que-es-la-recesion-de-un-pais\/#Preguntas_frecuentes_sobre_la_recesion_de_un_pais\" >Preguntas frecuentes sobre la recesi\u00f3n de un pa\u00eds<\/a><ul class='ez-toc-list-level-3' ><li class='ez-toc-heading-level-3'><a class=\"ez-toc-link ez-toc-heading-6\" href=\"https:\/\/dudasytextos.com\/preguntaquees\/que-es-la-recesion-de-un-pais\/#%C2%BFQue_causa_una_recesion\" >\u00bfQu\u00e9 causa una recesi\u00f3n?<\/a><\/li><li class='ez-toc-page-1 ez-toc-heading-level-3'><a class=\"ez-toc-link ez-toc-heading-7\" href=\"https:\/\/dudasytextos.com\/preguntaquees\/que-es-la-recesion-de-un-pais\/#%C2%BFCuanto_tiempo_dura_una_recesion\" >\u00bfCu\u00e1nto tiempo dura una recesi\u00f3n?<\/a><\/li><li class='ez-toc-page-1 ez-toc-heading-level-3'><a class=\"ez-toc-link ez-toc-heading-8\" href=\"https:\/\/dudasytextos.com\/preguntaquees\/que-es-la-recesion-de-un-pais\/#%C2%BFQue_puedo_hacer_si_pierdo_mi_trabajo_durante_una_recesion\" >\u00bfQu\u00e9 puedo hacer si pierdo mi trabajo durante una recesi\u00f3n?<\/a><\/li><li class='ez-toc-page-1 ez-toc-heading-level-3'><a class=\"ez-toc-link ez-toc-heading-9\" href=\"https:\/\/dudasytextos.com\/preguntaquees\/que-es-la-recesion-de-un-pais\/#%C2%BFComo_puedo_saber_si_una_recesion_esta_por_llegar\" >\u00bfC\u00f3mo puedo saber si una recesi\u00f3n est\u00e1 por llegar?<\/a><\/li><\/ul><\/li><\/ul><\/nav><\/div>\n<h2><span class=\"ez-toc-section\" id=\"%C2%BFQue_es_la_recesion_de_un_pais\"><\/span>\u00bfQu\u00e9 es la recesi\u00f3n de un pa\u00eds?<span class=\"ez-toc-section-end\"><\/span><\/h2>\n<p>Si vives en Espa\u00f1a, seguramente habr\u00e1s o\u00eddo hablar de la palabra recesi\u00f3n. Pero, \u00bfsabes realmente qu\u00e9 significa? En t\u00e9rminos simples, la recesi\u00f3n es una situaci\u00f3n econ\u00f3mica en la que la producci\u00f3n y el empleo disminuyen durante un per\u00edodo prolongado de tiempo. En este art\u00edculo, te explicar\u00e9 todo lo que necesitas saber sobre la recesi\u00f3n de un pa\u00eds, c\u00f3mo afecta a la econom\u00eda y qu\u00e9 puedes hacer para sobrellevarla.<\/p>\n<h2><span class=\"ez-toc-section\" id=\"Curiosidades_sobre_la_recesion_de_un_pais\"><\/span>Curiosidades sobre la recesi\u00f3n de un pa\u00eds<span class=\"ez-toc-section-end\"><\/span><\/h2>\n<ul>\n<li>La recesi\u00f3n es un t\u00e9rmino que se utiliza para describir una contracci\u00f3n en la econom\u00eda de un pa\u00eds, que dura al menos dos trimestres (seis meses).<\/li>\n<li>La \u00faltima recesi\u00f3n en Espa\u00f1a tuvo lugar entre 2008 y 2013, y fue conocida como la Gran Recesi\u00f3n.<\/li>\n<li>La recesi\u00f3n puede estar acompa\u00f1ada de una ca\u00edda en la bolsa de valores, una disminuci\u00f3n en el valor de la moneda y altas tasas de desempleo.<\/li>\n<li>Las recesiones son c\u00edclicas y se producen cada cierto tiempo, aunque su duraci\u00f3n y gravedad pueden variar.<\/li>\n<li>La recesi\u00f3n no es lo mismo que una depresi\u00f3n, que es una ca\u00edda econ\u00f3mica a\u00fan m\u00e1s profunda y prolongada.<\/li>\n<\/ul>\n<h2><span class=\"ez-toc-section\" id=\"%C2%BFComo_afecta_la_recesion_a_la_economia\"><\/span>\u00bfC\u00f3mo afecta la recesi\u00f3n a la econom\u00eda?<span class=\"ez-toc-section-end\"><\/span><\/h2>\n<p>La recesi\u00f3n puede tener un gran impacto en la econom\u00eda de un pa\u00eds. Cuando la producci\u00f3n disminuye, las empresas tienen menos ingresos y pueden verse obligadas a despedir empleados o incluso cerrar. Esto, a su vez, puede llevar a una disminuci\u00f3n del consumo y una ca\u00edda en la demanda de bienes y servicios. Adem\u00e1s, la recesi\u00f3n puede afectar a la bolsa de valores, el valor de la moneda y la tasa de inter\u00e9s.<\/p>\n<p>Por otro lado, la recesi\u00f3n tambi\u00e9n puede tener un impacto en la vida de las personas. La tasa de desempleo puede aumentar, lo que puede llevar a dificultades financieras y estr\u00e9s emocional. Tambi\u00e9n puede haber una disminuci\u00f3n en la oferta de empleo y una mayor competencia por los puestos de trabajo disponibles.<\/p>\n<h2><span class=\"ez-toc-section\" id=\"%C2%BFComo_puedo_sobrellevar_la_recesion\"><\/span>\u00bfC\u00f3mo puedo sobrellevar la recesi\u00f3n?<span class=\"ez-toc-section-end\"><\/span><\/h2>\n<p>Si est\u00e1s preocupado por la recesi\u00f3n y c\u00f3mo puede afectarte, hay algunas cosas que puedes hacer para prepararte y sobrellevar la situaci\u00f3n:<\/p>\n<ul>\n<li><b>Ahorra dinero:<\/b> Si tienes un trabajo estable, trata de ahorrar una parte de tus ingresos cada mes. De esta manera, tendr\u00e1s un colch\u00f3n financiero en caso de que pierdas tu trabajo o tengas dificultades financieras.<\/li>\n<li><b>Reduce tus gastos:<\/b> Intenta reducir tus gastos en cosas que no son esenciales, como salir a comer o comprar ropa nueva. En su lugar, trata de cocinar en casa y comprar ropa de segunda mano.<\/li>\n<li><b>Formaci\u00f3n y reciclaje:<\/b> Si tienes tiempo libre, considera la posibilidad de aprender nuevas habilidades o mejorar tu formaci\u00f3n. Esto puede ayudarte a conseguir un mejor trabajo o incluso a emprender tu propio negocio.<\/li>\n<li><b>Busca ayuda:<\/b> Si est\u00e1s experimentando dificultades financieras o emocionales debido a la recesi\u00f3n, busca ayuda. Hay muchas organizaciones y programas que pueden ofrecerte asistencia financiera o emocional.<\/li>\n<\/ul>\n<h2><span class=\"ez-toc-section\" id=\"Preguntas_frecuentes_sobre_la_recesion_de_un_pais\"><\/span>Preguntas frecuentes sobre la recesi\u00f3n de un pa\u00eds<span class=\"ez-toc-section-end\"><\/span><\/h2>\n<h3><span class=\"ez-toc-section\" id=\"%C2%BFQue_causa_una_recesion\"><\/span>\u00bfQu\u00e9 causa una recesi\u00f3n?<span class=\"ez-toc-section-end\"><\/span><\/h3>\n<p>Hay muchas causas posibles de una recesi\u00f3n, como una crisis financiera, una disminuci\u00f3n en la demanda de bienes y servicios, una ca\u00edda en los precios de los activos y una disminuci\u00f3n en la inversi\u00f3n. En general, una recesi\u00f3n se produce cuando hay una disminuci\u00f3n en la producci\u00f3n y el empleo durante un per\u00edodo prolongado de tiempo.<\/p>\n<h3><span class=\"ez-toc-section\" id=\"%C2%BFCuanto_tiempo_dura_una_recesion\"><\/span>\u00bfCu\u00e1nto tiempo dura una recesi\u00f3n?<span class=\"ez-toc-section-end\"><\/span><\/h3>\n<p>Una recesi\u00f3n puede durar varios trimestres o incluso a\u00f1os, dependiendo de la gravedad y la causa de la misma. En general, las recesiones tienden a ser m\u00e1s cortas que las depresiones, que pueden durar una d\u00e9cada o m\u00e1s.<\/p>\n<h3><span class=\"ez-toc-section\" id=\"%C2%BFQue_puedo_hacer_si_pierdo_mi_trabajo_durante_una_recesion\"><\/span>\u00bfQu\u00e9 puedo hacer si pierdo mi trabajo durante una recesi\u00f3n?<span class=\"ez-toc-section-end\"><\/span><\/h3>\n<p>Si pierdes tu trabajo durante una recesi\u00f3n, es importante tomar medidas r\u00e1pidas para proteger tu situaci\u00f3n financiera. Trata de ahorrar dinero y reducir tus gastos en cosas que no son esenciales. Tambi\u00e9n puedes considerar la posibilidad de mejorar tu formaci\u00f3n o buscar ayuda para encontrar un nuevo empleo.<\/p>\n<h3><span class=\"ez-toc-section\" id=\"%C2%BFComo_puedo_saber_si_una_recesion_esta_por_llegar\"><\/span>\u00bfC\u00f3mo puedo saber si una recesi\u00f3n est\u00e1 por llegar?<span class=\"ez-toc-section-end\"><\/span><\/h3>\n<p>Es dif\u00edcil predecir exactamente cu\u00e1ndo se producir\u00e1 una recesi\u00f3n, pero hay algunas se\u00f1ales de advertencia que puedes observar. Por ejemplo, una disminuci\u00f3n en la producci\u00f3n o el empleo, una ca\u00edda en la bolsa de valores o una disminuci\u00f3n en el valor de la moneda pueden indicar que se est\u00e1 produciendo una recesi\u00f3n.<\/p>\n<footer>\n<p>Escrito por Ana Gonz\u00e1lez<\/p>\n<\/footer>\n","protected":false},"excerpt":{"rendered":"<p>\u00bfQu\u00e9 es la recesi\u00f3n de un pa\u00eds? Si vives en Espa\u00f1a, seguramente habr\u00e1s o\u00eddo hablar de la palabra recesi\u00f3n. Pero, \u00bfsabes realmente qu\u00e9 significa? En t\u00e9rminos simples, la recesi\u00f3n es una situaci\u00f3n econ\u00f3mica en la que la producci\u00f3n y el empleo disminuyen durante un per\u00edodo prolongado de tiempo. En este art\u00edculo, te explicar\u00e9 todo lo &#8230; <a title=\"Qu\u00e9 es la recesi\u00f3n de un pais\" class=\"read-more\" href=\"https:\/\/dudasytextos.com\/preguntaquees\/que-es-la-recesion-de-un-pais\/\" aria-label=\"M\u00e1s en Qu\u00e9 es la recesi\u00f3n de un pais\">Leer m\u00e1s<\/a><\/p>\n","protected":false},"author":1,"featured_media":0,"comment_status":"open","ping_status":"open","sticky":false,"template":"","format":"standard","meta":{"footnotes":""},"categories":[4],"tags":[],"class_list":["post-150009","post","type-post","status-publish","format-standard","hentry","category-que-es"],"aioseo_notices":[],"aioseo_head":"\n\t\t<!-- All in One SEO 5.0.1.1 - aioseo.com -->\n\t<meta name=\"description\" content=\"\u00bfQu\u00e9 es la recesi\u00f3n de un pa\u00eds? Si vives en Espa\u00f1a, seguramente habr\u00e1s o\u00eddo hablar de la palabra recesi\u00f3n. Pero, \u00bfsabes realmente qu\u00e9 significa? En t\u00e9rminos simples, la recesi\u00f3n es una situaci\u00f3n econ\u00f3mica en la que la producci\u00f3n y el empleo disminuyen durante un per\u00edodo prolongado de tiempo. En este art\u00edculo, te explicar\u00e9 todo lo\" \/>\n\t<meta name=\"robots\" content=\"max-snippet:-1, max-image-preview:large, max-video-preview:-1\" \/>\n\t<meta name=\"author\" content=\"Ana Gonz\u00e1lez\"\/>\n\t<link rel=\"canonical\" href=\"https:\/\/dudasytextos.com\/preguntaquees\/que-es-la-recesion-de-un-pais\/\" \/>\n\t<meta name=\"generator\" content=\"All in One SEO (AIOSEO) 5.0.1.1\" \/>\n\n\t\t<!-- Google tag (gtag.js) -->\n<script async src=\"https:\/\/www.googletagmanager.com\/gtag\/js?id=G-QEZWJ7M6T7\"><\/script>\n<script>\n  window.dataLayer = window.dataLayer || [];\n  function gtag(){dataLayer.push(arguments);}\n  gtag('js', new Date());\n\n  gtag('config', 'G-QEZWJ7M6T7');\n<\/script>\n<script async src=\"https:\/\/pagead2.googlesyndication.com\/pagead\/js\/adsbygoogle.js?client=ca-pub-3987500858204711\"\n     crossorigin=\"anonymous\"><\/script>\n\t\t<meta property=\"og:locale\" content=\"es_ES\" \/>\n\t\t<meta property=\"og:site_name\" content=\"\u00bfQu\u00e9 es? - \u00bfQu\u00e9 es?\" \/>\n\t\t<meta property=\"og:type\" content=\"article\" \/>\n\t\t<meta property=\"og:title\" content=\"Qu\u00e9 es la recesi\u00f3n de un pais (2026) \u00bfQu\u00e9 es?\" \/>\n\t\t<meta property=\"og:description\" content=\"\u00bfQu\u00e9 es la recesi\u00f3n de un pa\u00eds? Si vives en Espa\u00f1a, seguramente habr\u00e1s o\u00eddo hablar de la palabra recesi\u00f3n. Pero, \u00bfsabes realmente qu\u00e9 significa? En t\u00e9rminos simples, la recesi\u00f3n es una situaci\u00f3n econ\u00f3mica en la que la producci\u00f3n y el empleo disminuyen durante un per\u00edodo prolongado de tiempo. En este art\u00edculo, te explicar\u00e9 todo lo\" \/>\n\t\t<meta property=\"og:url\" content=\"https:\/\/dudasytextos.com\/preguntaquees\/que-es-la-recesion-de-un-pais\/\" \/>\n\t\t<meta property=\"article:published_time\" content=\"2025-03-04T17:19:06+00:00\" \/>\n\t\t<meta property=\"article:modified_time\" content=\"2025-03-13T08:32:35+00:00\" \/>\n\t\t<meta name=\"twitter:card\" content=\"summary_large_image\" \/>\n\t\t<meta name=\"twitter:title\" content=\"Qu\u00e9 es la recesi\u00f3n de un pais (2026) \u00bfQu\u00e9 es?\" \/>\n\t\t<meta name=\"twitter:description\" content=\"\u00bfQu\u00e9 es la recesi\u00f3n de un pa\u00eds? Si vives en Espa\u00f1a, seguramente habr\u00e1s o\u00eddo hablar de la palabra recesi\u00f3n. Pero, \u00bfsabes realmente qu\u00e9 significa? En t\u00e9rminos simples, la recesi\u00f3n es una situaci\u00f3n econ\u00f3mica en la que la producci\u00f3n y el empleo disminuyen durante un per\u00edodo prolongado de tiempo. En este art\u00edculo, te explicar\u00e9 todo lo\" \/>\n\t\t<script type=\"application\/ld+json\" class=\"aioseo-schema\">\n\t\t\t{\"@context\":\"https:\\\/\\\/schema.org\",\"@graph\":[{\"@type\":\"BlogPosting\",\"@id\":\"https:\\\/\\\/dudasytextos.com\\\/preguntaquees\\\/que-es-la-recesion-de-un-pais\\\/#blogposting\",\"name\":\"Qu\\u00e9 es la recesi\\u00f3n de un pais (2026) \\u00bfQu\\u00e9 es?\",\"headline\":\"Qu\\u00e9 es la recesi\\u00f3n de un pais\",\"author\":{\"@id\":\"https:\\\/\\\/dudasytextos.com\\\/preguntaquees\\\/author\\\/admin44\\\/#author\"},\"publisher\":{\"@id\":\"https:\\\/\\\/dudasytextos.com\\\/preguntaquees\\\/#organization\"},\"datePublished\":\"2025-03-04T17:19:06+00:00\",\"dateModified\":\"2025-03-13T08:32:35+00:00\",\"inLanguage\":\"es-ES\",\"mainEntityOfPage\":{\"@id\":\"https:\\\/\\\/dudasytextos.com\\\/preguntaquees\\\/que-es-la-recesion-de-un-pais\\\/#webpage\"},\"isPartOf\":{\"@id\":\"https:\\\/\\\/dudasytextos.com\\\/preguntaquees\\\/que-es-la-recesion-de-un-pais\\\/#webpage\"},\"articleSection\":\"\\u00bfQu\\u00e9 es?\"},{\"@type\":\"BreadcrumbList\",\"@id\":\"https:\\\/\\\/dudasytextos.com\\\/preguntaquees\\\/que-es-la-recesion-de-un-pais\\\/#breadcrumblist\",\"itemListElement\":[{\"@type\":\"ListItem\",\"@id\":\"https:\\\/\\\/dudasytextos.com\\\/preguntaquees#listItem\",\"position\":1,\"name\":\"Inicio\",\"item\":\"https:\\\/\\\/dudasytextos.com\\\/preguntaquees\",\"nextItem\":{\"@type\":\"ListItem\",\"@id\":\"https:\\\/\\\/dudasytextos.com\\\/preguntaquees\\\/category\\\/que-es\\\/#listItem\",\"name\":\"\\u00bfQu\\u00e9 es?\"}},{\"@type\":\"ListItem\",\"@id\":\"https:\\\/\\\/dudasytextos.com\\\/preguntaquees\\\/category\\\/que-es\\\/#listItem\",\"position\":2,\"name\":\"\\u00bfQu\\u00e9 es?\",\"item\":\"https:\\\/\\\/dudasytextos.com\\\/preguntaquees\\\/category\\\/que-es\\\/\",\"nextItem\":{\"@type\":\"ListItem\",\"@id\":\"https:\\\/\\\/dudasytextos.com\\\/preguntaquees\\\/que-es-la-recesion-de-un-pais\\\/#listItem\",\"name\":\"Qu\\u00e9 es la recesi\\u00f3n de un pais\"},\"previousItem\":{\"@type\":\"ListItem\",\"@id\":\"https:\\\/\\\/dudasytextos.com\\\/preguntaquees#listItem\",\"name\":\"Inicio\"}},{\"@type\":\"ListItem\",\"@id\":\"https:\\\/\\\/dudasytextos.com\\\/preguntaquees\\\/que-es-la-recesion-de-un-pais\\\/#listItem\",\"position\":3,\"name\":\"Qu\\u00e9 es la recesi\\u00f3n de un pais\",\"previousItem\":{\"@type\":\"ListItem\",\"@id\":\"https:\\\/\\\/dudasytextos.com\\\/preguntaquees\\\/category\\\/que-es\\\/#listItem\",\"name\":\"\\u00bfQu\\u00e9 es?\"}}]},{\"@type\":\"Organization\",\"@id\":\"https:\\\/\\\/dudasytextos.com\\\/preguntaquees\\\/#organization\",\"name\":\"\\u00bfC\\u00f3mo funciona?\",\"description\":\"\\u00bfQu\\u00e9 es?\",\"url\":\"https:\\\/\\\/dudasytextos.com\\\/preguntaquees\\\/\"},{\"@type\":\"Person\",\"@id\":\"https:\\\/\\\/dudasytextos.com\\\/preguntaquees\\\/author\\\/admin44\\\/#author\",\"url\":\"https:\\\/\\\/dudasytextos.com\\\/preguntaquees\\\/author\\\/admin44\\\/\",\"name\":\"Ana Gonz\\u00e1lez\"},{\"@type\":\"WebPage\",\"@id\":\"https:\\\/\\\/dudasytextos.com\\\/preguntaquees\\\/que-es-la-recesion-de-un-pais\\\/#webpage\",\"url\":\"https:\\\/\\\/dudasytextos.com\\\/preguntaquees\\\/que-es-la-recesion-de-un-pais\\\/\",\"name\":\"Qu\\u00e9 es la recesi\\u00f3n de un pais (2026) \\u00bfQu\\u00e9 es?\",\"description\":\"\\u00bfQu\\u00e9 es la recesi\\u00f3n de un pa\\u00eds? Si vives en Espa\\u00f1a, seguramente habr\\u00e1s o\\u00eddo hablar de la palabra recesi\\u00f3n. Pero, \\u00bfsabes realmente qu\\u00e9 significa? En t\\u00e9rminos simples, la recesi\\u00f3n es una situaci\\u00f3n econ\\u00f3mica en la que la producci\\u00f3n y el empleo disminuyen durante un per\\u00edodo prolongado de tiempo. En este art\\u00edculo, te explicar\\u00e9 todo lo\",\"inLanguage\":\"es-ES\",\"isPartOf\":{\"@id\":\"https:\\\/\\\/dudasytextos.com\\\/preguntaquees\\\/#website\"},\"breadcrumb\":{\"@id\":\"https:\\\/\\\/dudasytextos.com\\\/preguntaquees\\\/que-es-la-recesion-de-un-pais\\\/#breadcrumblist\"},\"author\":{\"@id\":\"https:\\\/\\\/dudasytextos.com\\\/preguntaquees\\\/author\\\/admin44\\\/#author\"},\"creator\":{\"@id\":\"https:\\\/\\\/dudasytextos.com\\\/preguntaquees\\\/author\\\/admin44\\\/#author\"},\"datePublished\":\"2025-03-04T17:19:06+00:00\",\"dateModified\":\"2025-03-13T08:32:35+00:00\"},{\"@type\":\"WebSite\",\"@id\":\"https:\\\/\\\/dudasytextos.com\\\/preguntaquees\\\/#website\",\"url\":\"https:\\\/\\\/dudasytextos.com\\\/preguntaquees\\\/\",\"name\":\"\\u00bfC\\u00f3mo funciona?\",\"description\":\"\\u00bfQu\\u00e9 es?\",\"inLanguage\":\"es-ES\",\"publisher\":{\"@id\":\"https:\\\/\\\/dudasytextos.com\\\/preguntaquees\\\/#organization\"}}]}\n\t\t<\/script>\n\t\t<!-- All in One SEO -->\n\n","aioseo_head_json":{"title":"Qu\u00e9 es la recesi\u00f3n de un pais (2026) \u00bfQu\u00e9 es?","description":"\u00bfQu\u00e9 es la recesi\u00f3n de un pa\u00eds? Si vives en Espa\u00f1a, seguramente habr\u00e1s o\u00eddo hablar de la palabra recesi\u00f3n. Pero, \u00bfsabes realmente qu\u00e9 significa? En t\u00e9rminos simples, la recesi\u00f3n es una situaci\u00f3n econ\u00f3mica en la que la producci\u00f3n y el empleo disminuyen durante un per\u00edodo prolongado de tiempo. En este art\u00edculo, te explicar\u00e9 todo lo","canonical_url":"https:\/\/dudasytextos.com\/preguntaquees\/que-es-la-recesion-de-un-pais\/","robots":"max-snippet:-1, max-image-preview:large, max-video-preview:-1","keywords":"","webmasterTools":{"miscellaneous":"&lt;!-- Google tag (gtag.js) --&gt;\n&lt;script async src=\"https:\/\/www.googletagmanager.com\/gtag\/js?id=G-QEZWJ7M6T7\"&gt;&lt;\/script&gt;\n&lt;script&gt;\n  window.dataLayer = window.dataLayer || [];\n  function gtag(){dataLayer.push(arguments);}\n  gtag('js', new Date());\n\n  gtag('config', 'G-QEZWJ7M6T7');\n&lt;\/script&gt;\n&lt;script async src=\"https:\/\/pagead2.googlesyndication.com\/pagead\/js\/adsbygoogle.js?client=ca-pub-3987500858204711\"\n     crossorigin=\"anonymous\"&gt;&lt;\/script&gt;"},"schema":{"@context":"https:\/\/schema.org","@graph":[{"@type":"BlogPosting","@id":"https:\/\/dudasytextos.com\/preguntaquees\/que-es-la-recesion-de-un-pais\/#blogposting","name":"Qu\u00e9 es la recesi\u00f3n de un pais (2026) \u00bfQu\u00e9 es?","headline":"Qu\u00e9 es la recesi\u00f3n de un pais","author":{"@id":"https:\/\/dudasytextos.com\/preguntaquees\/author\/admin44\/#author"},"publisher":{"@id":"https:\/\/dudasytextos.com\/preguntaquees\/#organization"},"datePublished":"2025-03-04T17:19:06+00:00","dateModified":"2025-03-13T08:32:35+00:00","inLanguage":"es-ES","mainEntityOfPage":{"@id":"https:\/\/dudasytextos.com\/preguntaquees\/que-es-la-recesion-de-un-pais\/#webpage"},"isPartOf":{"@id":"https:\/\/dudasytextos.com\/preguntaquees\/que-es-la-recesion-de-un-pais\/#webpage"},"articleSection":"\u00bfQu\u00e9 es?"},{"@type":"BreadcrumbList","@id":"https:\/\/dudasytextos.com\/preguntaquees\/que-es-la-recesion-de-un-pais\/#breadcrumblist","itemListElement":[{"@type":"ListItem","@id":"https:\/\/dudasytextos.com\/preguntaquees#listItem","position":1,"name":"Inicio","item":"https:\/\/dudasytextos.com\/preguntaquees","nextItem":{"@type":"ListItem","@id":"https:\/\/dudasytextos.com\/preguntaquees\/category\/que-es\/#listItem","name":"\u00bfQu\u00e9 es?"}},{"@type":"ListItem","@id":"https:\/\/dudasytextos.com\/preguntaquees\/category\/que-es\/#listItem","position":2,"name":"\u00bfQu\u00e9 es?","item":"https:\/\/dudasytextos.com\/preguntaquees\/category\/que-es\/","nextItem":{"@type":"ListItem","@id":"https:\/\/dudasytextos.com\/preguntaquees\/que-es-la-recesion-de-un-pais\/#listItem","name":"Qu\u00e9 es la recesi\u00f3n de un pais"},"previousItem":{"@type":"ListItem","@id":"https:\/\/dudasytextos.com\/preguntaquees#listItem","name":"Inicio"}},{"@type":"ListItem","@id":"https:\/\/dudasytextos.com\/preguntaquees\/que-es-la-recesion-de-un-pais\/#listItem","position":3,"name":"Qu\u00e9 es la recesi\u00f3n de un pais","previousItem":{"@type":"ListItem","@id":"https:\/\/dudasytextos.com\/preguntaquees\/category\/que-es\/#listItem","name":"\u00bfQu\u00e9 es?"}}]},{"@type":"Organization","@id":"https:\/\/dudasytextos.com\/preguntaquees\/#organization","name":"\u00bfC\u00f3mo funciona?","description":"\u00bfQu\u00e9 es?","url":"https:\/\/dudasytextos.com\/preguntaquees\/"},{"@type":"Person","@id":"https:\/\/dudasytextos.com\/preguntaquees\/author\/admin44\/#author","url":"https:\/\/dudasytextos.com\/preguntaquees\/author\/admin44\/","name":"Ana Gonz\u00e1lez"},{"@type":"WebPage","@id":"https:\/\/dudasytextos.com\/preguntaquees\/que-es-la-recesion-de-un-pais\/#webpage","url":"https:\/\/dudasytextos.com\/preguntaquees\/que-es-la-recesion-de-un-pais\/","name":"Qu\u00e9 es la recesi\u00f3n de un pais (2026) \u00bfQu\u00e9 es?","description":"\u00bfQu\u00e9 es la recesi\u00f3n de un pa\u00eds? Si vives en Espa\u00f1a, seguramente habr\u00e1s o\u00eddo hablar de la palabra recesi\u00f3n. Pero, \u00bfsabes realmente qu\u00e9 significa? En t\u00e9rminos simples, la recesi\u00f3n es una situaci\u00f3n econ\u00f3mica en la que la producci\u00f3n y el empleo disminuyen durante un per\u00edodo prolongado de tiempo. En este art\u00edculo, te explicar\u00e9 todo lo","inLanguage":"es-ES","isPartOf":{"@id":"https:\/\/dudasytextos.com\/preguntaquees\/#website"},"breadcrumb":{"@id":"https:\/\/dudasytextos.com\/preguntaquees\/que-es-la-recesion-de-un-pais\/#breadcrumblist"},"author":{"@id":"https:\/\/dudasytextos.com\/preguntaquees\/author\/admin44\/#author"},"creator":{"@id":"https:\/\/dudasytextos.com\/preguntaquees\/author\/admin44\/#author"},"datePublished":"2025-03-04T17:19:06+00:00","dateModified":"2025-03-13T08:32:35+00:00"},{"@type":"WebSite","@id":"https:\/\/dudasytextos.com\/preguntaquees\/#website","url":"https:\/\/dudasytextos.com\/preguntaquees\/","name":"\u00bfC\u00f3mo funciona?","description":"\u00bfQu\u00e9 es?","inLanguage":"es-ES","publisher":{"@id":"https:\/\/dudasytextos.com\/preguntaquees\/#organization"}}]},"og:locale":"es_ES","og:site_name":"\u00bfQu\u00e9 es? - \u00bfQu\u00e9 es?","og:type":"article","og:title":"Qu\u00e9 es la recesi\u00f3n de un pais (2026) \u00bfQu\u00e9 es?","og:description":"\u00bfQu\u00e9 es la recesi\u00f3n de un pa\u00eds? Si vives en Espa\u00f1a, seguramente habr\u00e1s o\u00eddo hablar de la palabra recesi\u00f3n. Pero, \u00bfsabes realmente qu\u00e9 significa? En t\u00e9rminos simples, la recesi\u00f3n es una situaci\u00f3n econ\u00f3mica en la que la producci\u00f3n y el empleo disminuyen durante un per\u00edodo prolongado de tiempo. En este art\u00edculo, te explicar\u00e9 todo lo","og:url":"https:\/\/dudasytextos.com\/preguntaquees\/que-es-la-recesion-de-un-pais\/","article:published_time":"2025-03-04T17:19:06+00:00","article:modified_time":"2025-03-13T08:32:35+00:00","twitter:card":"summary_large_image","twitter:title":"Qu\u00e9 es la recesi\u00f3n de un pais (2026) \u00bfQu\u00e9 es?","twitter:description":"\u00bfQu\u00e9 es la recesi\u00f3n de un pa\u00eds? Si vives en Espa\u00f1a, seguramente habr\u00e1s o\u00eddo hablar de la palabra recesi\u00f3n. Pero, \u00bfsabes realmente qu\u00e9 significa? En t\u00e9rminos simples, la recesi\u00f3n es una situaci\u00f3n econ\u00f3mica en la que la producci\u00f3n y el empleo disminuyen durante un per\u00edodo prolongado de tiempo. En este art\u00edculo, te explicar\u00e9 todo lo"},"aioseo_meta_data":{"post_id":"150009","title":null,"description":null,"keywords":null,"keyphrases":null,"primary_term":null,"canonical_url":null,"og_title":null,"og_description":null,"og_object_type":"default","og_image_type":"default","og_image_url":null,"og_image_width":null,"og_image_height":null,"og_image_custom_url":null,"og_image_custom_fields":null,"og_video":null,"og_custom_url":null,"og_article_section":null,"og_article_tags":null,"twitter_use_og":false,"twitter_card":"default","twitter_image_type":"default","twitter_image_url":null,"twitter_image_custom_url":null,"twitter_image_custom_fields":null,"twitter_title":null,"twitter_description":null,"schema":{"blockGraphs":[],"customGraphs":[],"default":{"data":{"Article":[],"Course":[],"Dataset":[],"FAQPage":[],"Movie":[],"Person":[],"Product":[],"ProductReview":[],"Car":[],"Recipe":[],"Service":[],"SoftwareApplication":[],"WebPage":[]},"graphName":"","isEnabled":true},"graphs":[]},"schema_type":"default","schema_type_options":null,"pillar_content":false,"robots_default":true,"robots_noindex":false,"robots_noarchive":false,"robots_nosnippet":false,"robots_nofollow":false,"robots_noimageindex":false,"robots_noodp":false,"robots_notranslate":false,"robots_max_snippet":null,"robots_max_videopreview":null,"robots_max_imagepreview":"large","priority":null,"frequency":null,"local_seo":null,"breadcrumb_settings":null,"limit_modified_date":false,"ai":null,"created":"2023-05-12 10:26:48","updated":"2025-06-04 06:17:30","seo_analyzer_scan_date":null,"focus_keyword":null,"additional_keywords":null,"truseo_locale":null},"aioseo_breadcrumb":"<div class=\"aioseo-breadcrumbs\"><span class=\"aioseo-breadcrumb\">\n\t\t\t<a href=\"https:\/\/dudasytextos.com\/preguntaquees\" title=\"Inicio\">Inicio<\/a>\n\t\t<\/span><span class=\"aioseo-breadcrumb-separator\">&raquo;<\/span><span class=\"aioseo-breadcrumb\">\n\t\t\t<a href=\"https:\/\/dudasytextos.com\/preguntaquees\/category\/que-es\/\" title=\"\u00bfQu\u00e9 es?\">\u00bfQu\u00e9 es?<\/a>\n\t\t<\/span><span class=\"aioseo-breadcrumb-separator\">&raquo;<\/span><span class=\"aioseo-breadcrumb\">\n\t\t\tQu\u00e9 es la recesi\u00f3n de un pais\n\t\t<\/span><\/div>","aioseo_breadcrumb_json":[{"label":"Inicio","link":"https:\/\/dudasytextos.com\/preguntaquees"},{"label":"\u00bfQu\u00e9 es?","link":"https:\/\/dudasytextos.com\/preguntaquees\/category\/que-es\/"},{"label":"Qu\u00e9 es la recesi\u00f3n de un pais","link":"https:\/\/dudasytextos.com\/preguntaquees\/que-es-la-recesion-de-un-pais\/"}],"_links":{"self":[{"href":"https:\/\/dudasytextos.com\/preguntaquees\/wp-json\/wp\/v2\/posts\/150009","targetHints":{"allow":["GET"]}}],"collection":[{"href":"https:\/\/dudasytextos.com\/preguntaquees\/wp-json\/wp\/v2\/posts"}],"about":[{"href":"https:\/\/dudasytextos.com\/preguntaquees\/wp-json\/wp\/v2\/types\/post"}],"author":[{"embeddable":true,"href":"https:\/\/dudasytextos.com\/preguntaquees\/wp-json\/wp\/v2\/users\/1"}],"replies":[{"embeddable":true,"href":"https:\/\/dudasytextos.com\/preguntaquees\/wp-json\/wp\/v2\/comments?post=150009"}],"version-history":[{"count":1,"href":"https:\/\/dudasytextos.com\/preguntaquees\/wp-json\/wp\/v2\/posts\/150009\/revisions"}],"predecessor-version":[{"id":155820,"href":"https:\/\/dudasytextos.com\/preguntaquees\/wp-json\/wp\/v2\/posts\/150009\/revisions\/155820"}],"wp:attachment":[{"href":"https:\/\/dudasytextos.com\/preguntaquees\/wp-json\/wp\/v2\/media?parent=150009"}],"wp:term":[{"taxonomy":"category","embeddable":true,"href":"https:\/\/dudasytextos.com\/preguntaquees\/wp-json\/wp\/v2\/categories?post=150009"},{"taxonomy":"post_tag","embeddable":true,"href":"https:\/\/dudasytextos.com\/preguntaquees\/wp-json\/wp\/v2\/tags?post=150009"}],"curies":[{"name":"wp","href":"https:\/\/api.w.org\/{rel}","templated":true}]}}