{"id":150022,"date":"2025-03-04T10:59:56","date_gmt":"2025-03-04T10:59:56","guid":{"rendered":"https:\/\/educacion.cc\/?p=150022"},"modified":"2025-03-13T03:56:12","modified_gmt":"2025-03-13T03:56:12","slug":"que-es-la-regresion-del-sueno","status":"publish","type":"post","link":"https:\/\/dudasytextos.com\/preguntaquees\/que-es-la-regresion-del-sueno\/","title":{"rendered":"Qu\u00e9 es la regresion del sue\u00f1o"},"content":{"rendered":"<div id=\"ez-toc-container\" class=\"ez-toc-v2_0_87 counter-hierarchy ez-toc-counter ez-toc-custom ez-toc-container-direction\">\n<div class=\"ez-toc-title-container\">\n<span class=\"ez-toc-title-toggle\"><\/span><\/div>\n<nav><ul class='ez-toc-list ez-toc-list-level-1 ' ><li class='ez-toc-page-1 ez-toc-heading-level-2'><a class=\"ez-toc-link ez-toc-heading-1\" href=\"https:\/\/dudasytextos.com\/preguntaquees\/que-es-la-regresion-del-sueno\/#Que_es_la_regresion_del_sueno\" >Qu\u00e9 es la regresi\u00f3n del sue\u00f1o<\/a><\/li><li class='ez-toc-page-1 ez-toc-heading-level-2'><a class=\"ez-toc-link ez-toc-heading-2\" href=\"https:\/\/dudasytextos.com\/preguntaquees\/que-es-la-regresion-del-sueno\/#Por_Ana_Gonzalez\" >Por Ana Gonz\u00e1lez<\/a><\/li><li class='ez-toc-page-1 ez-toc-heading-level-2'><a class=\"ez-toc-link ez-toc-heading-3\" href=\"https:\/\/dudasytextos.com\/preguntaquees\/que-es-la-regresion-del-sueno\/#Curiosidades_sobre_la_regresion_del_sueno\" >Curiosidades sobre la regresi\u00f3n del sue\u00f1o<\/a><\/li><li class='ez-toc-page-1 ez-toc-heading-level-2'><a class=\"ez-toc-link ez-toc-heading-4\" href=\"https:\/\/dudasytextos.com\/preguntaquees\/que-es-la-regresion-del-sueno\/#Mi_experiencia_personal_con_la_regresion_del_sueno\" >Mi experiencia personal con la regresi\u00f3n del sue\u00f1o<\/a><\/li><li class='ez-toc-page-1 ez-toc-heading-level-2'><a class=\"ez-toc-link ez-toc-heading-5\" href=\"https:\/\/dudasytextos.com\/preguntaquees\/que-es-la-regresion-del-sueno\/#Causas_de_la_regresion_del_sueno\" >Causas de la regresi\u00f3n del sue\u00f1o<\/a><\/li><li class='ez-toc-page-1 ez-toc-heading-level-2'><a class=\"ez-toc-link ez-toc-heading-6\" href=\"https:\/\/dudasytextos.com\/preguntaquees\/que-es-la-regresion-del-sueno\/#Sintomas_de_la_regresion_del_sueno\" >S\u00edntomas de la regresi\u00f3n del sue\u00f1o<\/a><\/li><li class='ez-toc-page-1 ez-toc-heading-level-2'><a class=\"ez-toc-link ez-toc-heading-7\" href=\"https:\/\/dudasytextos.com\/preguntaquees\/que-es-la-regresion-del-sueno\/#Tratamiento_de_la_regresion_del_sueno\" >Tratamiento de la regresi\u00f3n del sue\u00f1o<\/a><\/li><li class='ez-toc-page-1 ez-toc-heading-level-2'><a class=\"ez-toc-link ez-toc-heading-8\" href=\"https:\/\/dudasytextos.com\/preguntaquees\/que-es-la-regresion-del-sueno\/#Preguntas_frecuentes_sobre_la_regresion_del_sueno\" >Preguntas frecuentes sobre la regresi\u00f3n del sue\u00f1o<\/a><ul class='ez-toc-list-level-3' ><li class='ez-toc-heading-level-3'><a class=\"ez-toc-link ez-toc-heading-9\" href=\"https:\/\/dudasytextos.com\/preguntaquees\/que-es-la-regresion-del-sueno\/#%C2%BFLa_regresion_del_sueno_es_peligrosa\" >\u00bfLa regresi\u00f3n del sue\u00f1o es peligrosa?<\/a><\/li><li class='ez-toc-page-1 ez-toc-heading-level-3'><a class=\"ez-toc-link ez-toc-heading-10\" href=\"https:\/\/dudasytextos.com\/preguntaquees\/que-es-la-regresion-del-sueno\/#%C2%BFCuanto_tiempo_dura_la_regresion_del_sueno\" >\u00bfCu\u00e1nto tiempo dura la regresi\u00f3n del sue\u00f1o?<\/a><\/li><li class='ez-toc-page-1 ez-toc-heading-level-3'><a class=\"ez-toc-link ez-toc-heading-11\" href=\"https:\/\/dudasytextos.com\/preguntaquees\/que-es-la-regresion-del-sueno\/#%C2%BFLa_regresion_del_sueno_afecta_a_los_ninos\" >\u00bfLa regresi\u00f3n del sue\u00f1o afecta a los ni\u00f1os?<\/a><\/li><\/ul><\/li><\/ul><\/nav><\/div>\n<h2><span class=\"ez-toc-section\" id=\"Que_es_la_regresion_del_sueno\"><\/span>Qu\u00e9 es la regresi\u00f3n del sue\u00f1o<span class=\"ez-toc-section-end\"><\/span><\/h2>\n<h2><span class=\"ez-toc-section\" id=\"Por_Ana_Gonzalez\"><\/span>Por Ana Gonz\u00e1lez<span class=\"ez-toc-section-end\"><\/span><\/h2>\n<section>\n<h2><span class=\"ez-toc-section\" id=\"Curiosidades_sobre_la_regresion_del_sueno\"><\/span>Curiosidades sobre la regresi\u00f3n del sue\u00f1o<span class=\"ez-toc-section-end\"><\/span><\/h2>\n<ul>\n<li>La regresi\u00f3n del sue\u00f1o es una condici\u00f3n com\u00fan que afecta tanto a ni\u00f1os como a adultos.<\/li>\n<li>Se caracteriza por despertares nocturnos frecuentes y dificultad para volver a dormir.<\/li>\n<li>La regresi\u00f3n del sue\u00f1o puede estar relacionada con factores emocionales, f\u00edsicos o ambientales.<\/li>\n<\/ul>\n<\/section>\n<section>\n<h2><span class=\"ez-toc-section\" id=\"Mi_experiencia_personal_con_la_regresion_del_sueno\"><\/span>Mi experiencia personal con la regresi\u00f3n del sue\u00f1o<span class=\"ez-toc-section-end\"><\/span><\/h2>\n<p>Como madre de dos hijos peque\u00f1os, he experimentado la regresi\u00f3n del sue\u00f1o en varias ocasiones. Despertarme varias veces por noche para atender a mis hijos, junto con el estr\u00e9s y la ansiedad que conlleva la maternidad, han sido los principales desencadenantes de mi condici\u00f3n.<\/p>\n<p>Hice varios cambios en mi estilo de vida para mejorar mi sue\u00f1o, como establecer una rutina de sue\u00f1o regular, evitar la cafe\u00edna y el alcohol antes de acostarme y crear un ambiente tranquilo y oscuro en mi habitaci\u00f3n. Estas medidas me ayudaron a superar mi regresi\u00f3n del sue\u00f1o y a dormir mejor durante la noche.<\/p>\n<\/section>\n<section>\n<h2><span class=\"ez-toc-section\" id=\"Causas_de_la_regresion_del_sueno\"><\/span>Causas de la regresi\u00f3n del sue\u00f1o<span class=\"ez-toc-section-end\"><\/span><\/h2>\n<p>La regresi\u00f3n del sue\u00f1o puede ser causada por una variedad de factores, como:<\/p>\n<ul>\n<li>Estr\u00e9s y ansiedad<\/li>\n<li>Depresi\u00f3n<\/li>\n<li>Dolor o malestar f\u00edsico<\/li>\n<li>Medicamentos<\/li>\n<li>Cambios en el ambiente o en la rutina de sue\u00f1o<\/li>\n<\/ul>\n<p>Es importante identificar la causa subyacente de la regresi\u00f3n del sue\u00f1o para poder abordarla adecuadamente.<\/p>\n<\/section>\n<section>\n<h2><span class=\"ez-toc-section\" id=\"Sintomas_de_la_regresion_del_sueno\"><\/span>S\u00edntomas de la regresi\u00f3n del sue\u00f1o<span class=\"ez-toc-section-end\"><\/span><\/h2>\n<p>Los s\u00edntomas de la regresi\u00f3n del sue\u00f1o pueden variar de persona a persona, pero algunos de los m\u00e1s comunes incluyen:<\/p>\n<ul>\n<li>Despertares nocturnos frecuentes<\/li>\n<li>Dificultad para volver a dormir<\/li>\n<li>Sue\u00f1o interrumpido o superficial<\/li>\n<li>Fatiga diurna<\/li>\n<li>Irritabilidad o cambios de humor<\/li>\n<\/ul>\n<p>Si experimentas uno o m\u00e1s de estos s\u00edntomas, es posible que est\u00e9s experimentando una regresi\u00f3n del sue\u00f1o.<\/p>\n<\/section>\n<section>\n<h2><span class=\"ez-toc-section\" id=\"Tratamiento_de_la_regresion_del_sueno\"><\/span>Tratamiento de la regresi\u00f3n del sue\u00f1o<span class=\"ez-toc-section-end\"><\/span><\/h2>\n<p>El tratamiento de la regresi\u00f3n del sue\u00f1o depende de la causa subyacente de la condici\u00f3n. Algunas medidas que pueden ayudar incluyen:<\/p>\n<ul>\n<li>Establecer una rutina de sue\u00f1o regular<\/li>\n<li>Crear un ambiente tranquilo y oscuro en la habitaci\u00f3n<\/li>\n<li>Evitar la cafe\u00edna, el alcohol y otros estimulantes antes de acostarse<\/li>\n<li>Hacer ejercicio regularmente<\/li>\n<li>Tratar cualquier condici\u00f3n m\u00e9dica subyacente que pueda estar afectando el sue\u00f1o<\/li>\n<\/ul>\n<p>En algunos casos, puede ser necesario recurrir a medicamentos para ayudar a dormir, pero siempre bajo la supervisi\u00f3n de un m\u00e9dico.<\/p>\n<\/section>\n<section>\n<h2><span class=\"ez-toc-section\" id=\"Preguntas_frecuentes_sobre_la_regresion_del_sueno\"><\/span>Preguntas frecuentes sobre la regresi\u00f3n del sue\u00f1o<span class=\"ez-toc-section-end\"><\/span><\/h2>\n<h3><span class=\"ez-toc-section\" id=\"%C2%BFLa_regresion_del_sueno_es_peligrosa\"><\/span>\u00bfLa regresi\u00f3n del sue\u00f1o es peligrosa?<span class=\"ez-toc-section-end\"><\/span><\/h3>\n<p>Si bien la regresi\u00f3n del sue\u00f1o no es peligrosa en s\u00ed misma, puede afectar negativamente la calidad de vida y la salud a largo plazo si no se trata adecuadamente. La falta de sue\u00f1o puede afectar la memoria, el estado de \u00e1nimo y la capacidad para realizar tareas cotidianas.<\/p>\n<h3><span class=\"ez-toc-section\" id=\"%C2%BFCuanto_tiempo_dura_la_regresion_del_sueno\"><\/span>\u00bfCu\u00e1nto tiempo dura la regresi\u00f3n del sue\u00f1o?<span class=\"ez-toc-section-end\"><\/span><\/h3>\n<p>La duraci\u00f3n de la regresi\u00f3n del sue\u00f1o puede variar de persona a persona y depende de la causa subyacente. Algunas personas pueden experimentar una regresi\u00f3n del sue\u00f1o temporal debido a una situaci\u00f3n estresante, mientras que otros pueden tener una condici\u00f3n m\u00e9dica subyacente que requiere tratamiento a largo plazo.<\/p>\n<h3><span class=\"ez-toc-section\" id=\"%C2%BFLa_regresion_del_sueno_afecta_a_los_ninos\"><\/span>\u00bfLa regresi\u00f3n del sue\u00f1o afecta a los ni\u00f1os?<span class=\"ez-toc-section-end\"><\/span><\/h3>\n<p>S\u00ed, la regresi\u00f3n del sue\u00f1o tambi\u00e9n puede afectar a los ni\u00f1os, especialmente durante los primeros a\u00f1os de vida cuando est\u00e1n experimentando cambios importantes en su desarrollo. Los despertares nocturnos son comunes en los beb\u00e9s y los ni\u00f1os peque\u00f1os, pero si persisten durante un per\u00edodo prolongado de tiempo, puede ser un signo de regresi\u00f3n del sue\u00f1o.<\/p>\n<\/section>\n<footer>\n<p>\u00a9 2023 Ana Gonz\u00e1lez<\/p>\n<\/footer>\n","protected":false},"excerpt":{"rendered":"<p>Qu\u00e9 es la regresi\u00f3n del sue\u00f1o Por Ana Gonz\u00e1lez Curiosidades sobre la regresi\u00f3n del sue\u00f1o La regresi\u00f3n del sue\u00f1o es una condici\u00f3n com\u00fan que afecta tanto a ni\u00f1os como a adultos. Se caracteriza por despertares nocturnos frecuentes y dificultad para volver a dormir. La regresi\u00f3n del sue\u00f1o puede estar relacionada con factores emocionales, f\u00edsicos o &#8230; <a title=\"Qu\u00e9 es la regresion del sue\u00f1o\" class=\"read-more\" href=\"https:\/\/dudasytextos.com\/preguntaquees\/que-es-la-regresion-del-sueno\/\" aria-label=\"M\u00e1s en Qu\u00e9 es la regresion del sue\u00f1o\">Leer m\u00e1s<\/a><\/p>\n","protected":false},"author":1,"featured_media":0,"comment_status":"open","ping_status":"open","sticky":false,"template":"","format":"standard","meta":{"footnotes":""},"categories":[4],"tags":[],"class_list":["post-150022","post","type-post","status-publish","format-standard","hentry","category-que-es"],"aioseo_notices":[],"aioseo_head":"\n\t\t<!-- All in One SEO 5.0.1.1 - aioseo.com -->\n\t<meta name=\"description\" content=\"Qu\u00e9 es la regresi\u00f3n del sue\u00f1o Por Ana Gonz\u00e1lez Curiosidades sobre la regresi\u00f3n del sue\u00f1o La regresi\u00f3n del sue\u00f1o es una condici\u00f3n com\u00fan que afecta tanto a ni\u00f1os como a adultos. Se caracteriza por despertares nocturnos frecuentes y dificultad para volver a dormir. La regresi\u00f3n del sue\u00f1o puede estar relacionada con factores emocionales, f\u00edsicos o\" \/>\n\t<meta name=\"robots\" content=\"max-snippet:-1, max-image-preview:large, max-video-preview:-1\" \/>\n\t<meta name=\"author\" content=\"Ana Gonz\u00e1lez\"\/>\n\t<link rel=\"canonical\" href=\"https:\/\/dudasytextos.com\/preguntaquees\/que-es-la-regresion-del-sueno\/\" \/>\n\t<meta name=\"generator\" content=\"All in One SEO (AIOSEO) 5.0.1.1\" \/>\n\n\t\t<!-- Google tag (gtag.js) -->\n<script async src=\"https:\/\/www.googletagmanager.com\/gtag\/js?id=G-QEZWJ7M6T7\"><\/script>\n<script>\n  window.dataLayer = window.dataLayer || [];\n  function gtag(){dataLayer.push(arguments);}\n  gtag('js', new Date());\n\n  gtag('config', 'G-QEZWJ7M6T7');\n<\/script>\n<script async src=\"https:\/\/pagead2.googlesyndication.com\/pagead\/js\/adsbygoogle.js?client=ca-pub-3987500858204711\"\n     crossorigin=\"anonymous\"><\/script>\n\t\t<meta property=\"og:locale\" content=\"es_ES\" \/>\n\t\t<meta property=\"og:site_name\" content=\"\u00bfQu\u00e9 es? - \u00bfQu\u00e9 es?\" \/>\n\t\t<meta property=\"og:type\" content=\"article\" \/>\n\t\t<meta property=\"og:title\" content=\"Qu\u00e9 es la regresion del sue\u00f1o (2026) \u00bfQu\u00e9 es?\" \/>\n\t\t<meta property=\"og:description\" content=\"Qu\u00e9 es la regresi\u00f3n del sue\u00f1o Por Ana Gonz\u00e1lez Curiosidades sobre la regresi\u00f3n del sue\u00f1o La regresi\u00f3n del sue\u00f1o es una condici\u00f3n com\u00fan que afecta tanto a ni\u00f1os como a adultos. Se caracteriza por despertares nocturnos frecuentes y dificultad para volver a dormir. La regresi\u00f3n del sue\u00f1o puede estar relacionada con factores emocionales, f\u00edsicos o\" \/>\n\t\t<meta property=\"og:url\" content=\"https:\/\/dudasytextos.com\/preguntaquees\/que-es-la-regresion-del-sueno\/\" \/>\n\t\t<meta property=\"article:published_time\" content=\"2025-03-04T10:59:56+00:00\" \/>\n\t\t<meta property=\"article:modified_time\" content=\"2025-03-13T03:56:12+00:00\" \/>\n\t\t<meta name=\"twitter:card\" content=\"summary_large_image\" \/>\n\t\t<meta name=\"twitter:title\" content=\"Qu\u00e9 es la regresion del sue\u00f1o (2026) \u00bfQu\u00e9 es?\" \/>\n\t\t<meta name=\"twitter:description\" content=\"Qu\u00e9 es la regresi\u00f3n del sue\u00f1o Por Ana Gonz\u00e1lez Curiosidades sobre la regresi\u00f3n del sue\u00f1o La regresi\u00f3n del sue\u00f1o es una condici\u00f3n com\u00fan que afecta tanto a ni\u00f1os como a adultos. Se caracteriza por despertares nocturnos frecuentes y dificultad para volver a dormir. La regresi\u00f3n del sue\u00f1o puede estar relacionada con factores emocionales, f\u00edsicos o\" \/>\n\t\t<script type=\"application\/ld+json\" class=\"aioseo-schema\">\n\t\t\t{\"@context\":\"https:\\\/\\\/schema.org\",\"@graph\":[{\"@type\":\"BlogPosting\",\"@id\":\"https:\\\/\\\/dudasytextos.com\\\/preguntaquees\\\/que-es-la-regresion-del-sueno\\\/#blogposting\",\"name\":\"Qu\\u00e9 es la regresion del sue\\u00f1o (2026) \\u00bfQu\\u00e9 es?\",\"headline\":\"Qu\\u00e9 es la regresion del sue\\u00f1o\",\"author\":{\"@id\":\"https:\\\/\\\/dudasytextos.com\\\/preguntaquees\\\/author\\\/admin44\\\/#author\"},\"publisher\":{\"@id\":\"https:\\\/\\\/dudasytextos.com\\\/preguntaquees\\\/#organization\"},\"datePublished\":\"2025-03-04T10:59:56+00:00\",\"dateModified\":\"2025-03-13T03:56:12+00:00\",\"inLanguage\":\"es-ES\",\"mainEntityOfPage\":{\"@id\":\"https:\\\/\\\/dudasytextos.com\\\/preguntaquees\\\/que-es-la-regresion-del-sueno\\\/#webpage\"},\"isPartOf\":{\"@id\":\"https:\\\/\\\/dudasytextos.com\\\/preguntaquees\\\/que-es-la-regresion-del-sueno\\\/#webpage\"},\"articleSection\":\"\\u00bfQu\\u00e9 es?\"},{\"@type\":\"BreadcrumbList\",\"@id\":\"https:\\\/\\\/dudasytextos.com\\\/preguntaquees\\\/que-es-la-regresion-del-sueno\\\/#breadcrumblist\",\"itemListElement\":[{\"@type\":\"ListItem\",\"@id\":\"https:\\\/\\\/dudasytextos.com\\\/preguntaquees#listItem\",\"position\":1,\"name\":\"Inicio\",\"item\":\"https:\\\/\\\/dudasytextos.com\\\/preguntaquees\",\"nextItem\":{\"@type\":\"ListItem\",\"@id\":\"https:\\\/\\\/dudasytextos.com\\\/preguntaquees\\\/category\\\/que-es\\\/#listItem\",\"name\":\"\\u00bfQu\\u00e9 es?\"}},{\"@type\":\"ListItem\",\"@id\":\"https:\\\/\\\/dudasytextos.com\\\/preguntaquees\\\/category\\\/que-es\\\/#listItem\",\"position\":2,\"name\":\"\\u00bfQu\\u00e9 es?\",\"item\":\"https:\\\/\\\/dudasytextos.com\\\/preguntaquees\\\/category\\\/que-es\\\/\",\"nextItem\":{\"@type\":\"ListItem\",\"@id\":\"https:\\\/\\\/dudasytextos.com\\\/preguntaquees\\\/que-es-la-regresion-del-sueno\\\/#listItem\",\"name\":\"Qu\\u00e9 es la regresion del sue\\u00f1o\"},\"previousItem\":{\"@type\":\"ListItem\",\"@id\":\"https:\\\/\\\/dudasytextos.com\\\/preguntaquees#listItem\",\"name\":\"Inicio\"}},{\"@type\":\"ListItem\",\"@id\":\"https:\\\/\\\/dudasytextos.com\\\/preguntaquees\\\/que-es-la-regresion-del-sueno\\\/#listItem\",\"position\":3,\"name\":\"Qu\\u00e9 es la regresion del sue\\u00f1o\",\"previousItem\":{\"@type\":\"ListItem\",\"@id\":\"https:\\\/\\\/dudasytextos.com\\\/preguntaquees\\\/category\\\/que-es\\\/#listItem\",\"name\":\"\\u00bfQu\\u00e9 es?\"}}]},{\"@type\":\"Organization\",\"@id\":\"https:\\\/\\\/dudasytextos.com\\\/preguntaquees\\\/#organization\",\"name\":\"\\u00bfC\\u00f3mo funciona?\",\"description\":\"\\u00bfQu\\u00e9 es?\",\"url\":\"https:\\\/\\\/dudasytextos.com\\\/preguntaquees\\\/\"},{\"@type\":\"Person\",\"@id\":\"https:\\\/\\\/dudasytextos.com\\\/preguntaquees\\\/author\\\/admin44\\\/#author\",\"url\":\"https:\\\/\\\/dudasytextos.com\\\/preguntaquees\\\/author\\\/admin44\\\/\",\"name\":\"Ana Gonz\\u00e1lez\"},{\"@type\":\"WebPage\",\"@id\":\"https:\\\/\\\/dudasytextos.com\\\/preguntaquees\\\/que-es-la-regresion-del-sueno\\\/#webpage\",\"url\":\"https:\\\/\\\/dudasytextos.com\\\/preguntaquees\\\/que-es-la-regresion-del-sueno\\\/\",\"name\":\"Qu\\u00e9 es la regresion del sue\\u00f1o (2026) \\u00bfQu\\u00e9 es?\",\"description\":\"Qu\\u00e9 es la regresi\\u00f3n del sue\\u00f1o Por Ana Gonz\\u00e1lez Curiosidades sobre la regresi\\u00f3n del sue\\u00f1o La regresi\\u00f3n del sue\\u00f1o es una condici\\u00f3n com\\u00fan que afecta tanto a ni\\u00f1os como a adultos. Se caracteriza por despertares nocturnos frecuentes y dificultad para volver a dormir. La regresi\\u00f3n del sue\\u00f1o puede estar relacionada con factores emocionales, f\\u00edsicos o\",\"inLanguage\":\"es-ES\",\"isPartOf\":{\"@id\":\"https:\\\/\\\/dudasytextos.com\\\/preguntaquees\\\/#website\"},\"breadcrumb\":{\"@id\":\"https:\\\/\\\/dudasytextos.com\\\/preguntaquees\\\/que-es-la-regresion-del-sueno\\\/#breadcrumblist\"},\"author\":{\"@id\":\"https:\\\/\\\/dudasytextos.com\\\/preguntaquees\\\/author\\\/admin44\\\/#author\"},\"creator\":{\"@id\":\"https:\\\/\\\/dudasytextos.com\\\/preguntaquees\\\/author\\\/admin44\\\/#author\"},\"datePublished\":\"2025-03-04T10:59:56+00:00\",\"dateModified\":\"2025-03-13T03:56:12+00:00\"},{\"@type\":\"WebSite\",\"@id\":\"https:\\\/\\\/dudasytextos.com\\\/preguntaquees\\\/#website\",\"url\":\"https:\\\/\\\/dudasytextos.com\\\/preguntaquees\\\/\",\"name\":\"\\u00bfC\\u00f3mo funciona?\",\"description\":\"\\u00bfQu\\u00e9 es?\",\"inLanguage\":\"es-ES\",\"publisher\":{\"@id\":\"https:\\\/\\\/dudasytextos.com\\\/preguntaquees\\\/#organization\"}}]}\n\t\t<\/script>\n\t\t<!-- All in One SEO -->\n\n","aioseo_head_json":{"title":"Qu\u00e9 es la regresion del sue\u00f1o (2026) \u00bfQu\u00e9 es?","description":"Qu\u00e9 es la regresi\u00f3n del sue\u00f1o Por Ana Gonz\u00e1lez Curiosidades sobre la regresi\u00f3n del sue\u00f1o La regresi\u00f3n del sue\u00f1o es una condici\u00f3n com\u00fan que afecta tanto a ni\u00f1os como a adultos. Se caracteriza por despertares nocturnos frecuentes y dificultad para volver a dormir. La regresi\u00f3n del sue\u00f1o puede estar relacionada con factores emocionales, f\u00edsicos o","canonical_url":"https:\/\/dudasytextos.com\/preguntaquees\/que-es-la-regresion-del-sueno\/","robots":"max-snippet:-1, max-image-preview:large, max-video-preview:-1","keywords":"","webmasterTools":{"miscellaneous":"&lt;!-- Google tag (gtag.js) --&gt;\n&lt;script async src=\"https:\/\/www.googletagmanager.com\/gtag\/js?id=G-QEZWJ7M6T7\"&gt;&lt;\/script&gt;\n&lt;script&gt;\n  window.dataLayer = window.dataLayer || [];\n  function gtag(){dataLayer.push(arguments);}\n  gtag('js', new Date());\n\n  gtag('config', 'G-QEZWJ7M6T7');\n&lt;\/script&gt;\n&lt;script async src=\"https:\/\/pagead2.googlesyndication.com\/pagead\/js\/adsbygoogle.js?client=ca-pub-3987500858204711\"\n     crossorigin=\"anonymous\"&gt;&lt;\/script&gt;"},"schema":{"@context":"https:\/\/schema.org","@graph":[{"@type":"BlogPosting","@id":"https:\/\/dudasytextos.com\/preguntaquees\/que-es-la-regresion-del-sueno\/#blogposting","name":"Qu\u00e9 es la regresion del sue\u00f1o (2026) \u00bfQu\u00e9 es?","headline":"Qu\u00e9 es la regresion del sue\u00f1o","author":{"@id":"https:\/\/dudasytextos.com\/preguntaquees\/author\/admin44\/#author"},"publisher":{"@id":"https:\/\/dudasytextos.com\/preguntaquees\/#organization"},"datePublished":"2025-03-04T10:59:56+00:00","dateModified":"2025-03-13T03:56:12+00:00","inLanguage":"es-ES","mainEntityOfPage":{"@id":"https:\/\/dudasytextos.com\/preguntaquees\/que-es-la-regresion-del-sueno\/#webpage"},"isPartOf":{"@id":"https:\/\/dudasytextos.com\/preguntaquees\/que-es-la-regresion-del-sueno\/#webpage"},"articleSection":"\u00bfQu\u00e9 es?"},{"@type":"BreadcrumbList","@id":"https:\/\/dudasytextos.com\/preguntaquees\/que-es-la-regresion-del-sueno\/#breadcrumblist","itemListElement":[{"@type":"ListItem","@id":"https:\/\/dudasytextos.com\/preguntaquees#listItem","position":1,"name":"Inicio","item":"https:\/\/dudasytextos.com\/preguntaquees","nextItem":{"@type":"ListItem","@id":"https:\/\/dudasytextos.com\/preguntaquees\/category\/que-es\/#listItem","name":"\u00bfQu\u00e9 es?"}},{"@type":"ListItem","@id":"https:\/\/dudasytextos.com\/preguntaquees\/category\/que-es\/#listItem","position":2,"name":"\u00bfQu\u00e9 es?","item":"https:\/\/dudasytextos.com\/preguntaquees\/category\/que-es\/","nextItem":{"@type":"ListItem","@id":"https:\/\/dudasytextos.com\/preguntaquees\/que-es-la-regresion-del-sueno\/#listItem","name":"Qu\u00e9 es la regresion del sue\u00f1o"},"previousItem":{"@type":"ListItem","@id":"https:\/\/dudasytextos.com\/preguntaquees#listItem","name":"Inicio"}},{"@type":"ListItem","@id":"https:\/\/dudasytextos.com\/preguntaquees\/que-es-la-regresion-del-sueno\/#listItem","position":3,"name":"Qu\u00e9 es la regresion del sue\u00f1o","previousItem":{"@type":"ListItem","@id":"https:\/\/dudasytextos.com\/preguntaquees\/category\/que-es\/#listItem","name":"\u00bfQu\u00e9 es?"}}]},{"@type":"Organization","@id":"https:\/\/dudasytextos.com\/preguntaquees\/#organization","name":"\u00bfC\u00f3mo funciona?","description":"\u00bfQu\u00e9 es?","url":"https:\/\/dudasytextos.com\/preguntaquees\/"},{"@type":"Person","@id":"https:\/\/dudasytextos.com\/preguntaquees\/author\/admin44\/#author","url":"https:\/\/dudasytextos.com\/preguntaquees\/author\/admin44\/","name":"Ana Gonz\u00e1lez"},{"@type":"WebPage","@id":"https:\/\/dudasytextos.com\/preguntaquees\/que-es-la-regresion-del-sueno\/#webpage","url":"https:\/\/dudasytextos.com\/preguntaquees\/que-es-la-regresion-del-sueno\/","name":"Qu\u00e9 es la regresion del sue\u00f1o (2026) \u00bfQu\u00e9 es?","description":"Qu\u00e9 es la regresi\u00f3n del sue\u00f1o Por Ana Gonz\u00e1lez Curiosidades sobre la regresi\u00f3n del sue\u00f1o La regresi\u00f3n del sue\u00f1o es una condici\u00f3n com\u00fan que afecta tanto a ni\u00f1os como a adultos. Se caracteriza por despertares nocturnos frecuentes y dificultad para volver a dormir. La regresi\u00f3n del sue\u00f1o puede estar relacionada con factores emocionales, f\u00edsicos o","inLanguage":"es-ES","isPartOf":{"@id":"https:\/\/dudasytextos.com\/preguntaquees\/#website"},"breadcrumb":{"@id":"https:\/\/dudasytextos.com\/preguntaquees\/que-es-la-regresion-del-sueno\/#breadcrumblist"},"author":{"@id":"https:\/\/dudasytextos.com\/preguntaquees\/author\/admin44\/#author"},"creator":{"@id":"https:\/\/dudasytextos.com\/preguntaquees\/author\/admin44\/#author"},"datePublished":"2025-03-04T10:59:56+00:00","dateModified":"2025-03-13T03:56:12+00:00"},{"@type":"WebSite","@id":"https:\/\/dudasytextos.com\/preguntaquees\/#website","url":"https:\/\/dudasytextos.com\/preguntaquees\/","name":"\u00bfC\u00f3mo funciona?","description":"\u00bfQu\u00e9 es?","inLanguage":"es-ES","publisher":{"@id":"https:\/\/dudasytextos.com\/preguntaquees\/#organization"}}]},"og:locale":"es_ES","og:site_name":"\u00bfQu\u00e9 es? - \u00bfQu\u00e9 es?","og:type":"article","og:title":"Qu\u00e9 es la regresion del sue\u00f1o (2026) \u00bfQu\u00e9 es?","og:description":"Qu\u00e9 es la regresi\u00f3n del sue\u00f1o Por Ana Gonz\u00e1lez Curiosidades sobre la regresi\u00f3n del sue\u00f1o La regresi\u00f3n del sue\u00f1o es una condici\u00f3n com\u00fan que afecta tanto a ni\u00f1os como a adultos. Se caracteriza por despertares nocturnos frecuentes y dificultad para volver a dormir. La regresi\u00f3n del sue\u00f1o puede estar relacionada con factores emocionales, f\u00edsicos o","og:url":"https:\/\/dudasytextos.com\/preguntaquees\/que-es-la-regresion-del-sueno\/","article:published_time":"2025-03-04T10:59:56+00:00","article:modified_time":"2025-03-13T03:56:12+00:00","twitter:card":"summary_large_image","twitter:title":"Qu\u00e9 es la regresion del sue\u00f1o (2026) \u00bfQu\u00e9 es?","twitter:description":"Qu\u00e9 es la regresi\u00f3n del sue\u00f1o Por Ana Gonz\u00e1lez Curiosidades sobre la regresi\u00f3n del sue\u00f1o La regresi\u00f3n del sue\u00f1o es una condici\u00f3n com\u00fan que afecta tanto a ni\u00f1os como a adultos. Se caracteriza por despertares nocturnos frecuentes y dificultad para volver a dormir. La regresi\u00f3n del sue\u00f1o puede estar relacionada con factores emocionales, f\u00edsicos o"},"aioseo_meta_data":{"post_id":"150022","title":null,"description":null,"keywords":null,"keyphrases":null,"primary_term":null,"canonical_url":null,"og_title":null,"og_description":null,"og_object_type":"default","og_image_type":"default","og_image_url":null,"og_image_width":null,"og_image_height":null,"og_image_custom_url":null,"og_image_custom_fields":null,"og_video":null,"og_custom_url":null,"og_article_section":null,"og_article_tags":null,"twitter_use_og":false,"twitter_card":"default","twitter_image_type":"default","twitter_image_url":null,"twitter_image_custom_url":null,"twitter_image_custom_fields":null,"twitter_title":null,"twitter_description":null,"schema":{"blockGraphs":[],"customGraphs":[],"default":{"data":{"Article":[],"Course":[],"Dataset":[],"FAQPage":[],"Movie":[],"Person":[],"Product":[],"ProductReview":[],"Car":[],"Recipe":[],"Service":[],"SoftwareApplication":[],"WebPage":[]},"graphName":"","isEnabled":true},"graphs":[]},"schema_type":"default","schema_type_options":null,"pillar_content":false,"robots_default":true,"robots_noindex":false,"robots_noarchive":false,"robots_nosnippet":false,"robots_nofollow":false,"robots_noimageindex":false,"robots_noodp":false,"robots_notranslate":false,"robots_max_snippet":null,"robots_max_videopreview":null,"robots_max_imagepreview":"large","priority":null,"frequency":null,"local_seo":null,"breadcrumb_settings":null,"limit_modified_date":false,"ai":null,"created":"2023-05-12 10:24:43","updated":"2025-06-04 06:03:48","seo_analyzer_scan_date":null,"focus_keyword":null,"additional_keywords":null,"truseo_locale":null},"aioseo_breadcrumb":"<div class=\"aioseo-breadcrumbs\"><span class=\"aioseo-breadcrumb\">\n\t\t\t<a href=\"https:\/\/dudasytextos.com\/preguntaquees\" title=\"Inicio\">Inicio<\/a>\n\t\t<\/span><span class=\"aioseo-breadcrumb-separator\">&raquo;<\/span><span class=\"aioseo-breadcrumb\">\n\t\t\t<a href=\"https:\/\/dudasytextos.com\/preguntaquees\/category\/que-es\/\" title=\"\u00bfQu\u00e9 es?\">\u00bfQu\u00e9 es?<\/a>\n\t\t<\/span><span class=\"aioseo-breadcrumb-separator\">&raquo;<\/span><span class=\"aioseo-breadcrumb\">\n\t\t\tQu\u00e9 es la regresion del sue\u00f1o\n\t\t<\/span><\/div>","aioseo_breadcrumb_json":[{"label":"Inicio","link":"https:\/\/dudasytextos.com\/preguntaquees"},{"label":"\u00bfQu\u00e9 es?","link":"https:\/\/dudasytextos.com\/preguntaquees\/category\/que-es\/"},{"label":"Qu\u00e9 es la regresion del sue\u00f1o","link":"https:\/\/dudasytextos.com\/preguntaquees\/que-es-la-regresion-del-sueno\/"}],"_links":{"self":[{"href":"https:\/\/dudasytextos.com\/preguntaquees\/wp-json\/wp\/v2\/posts\/150022","targetHints":{"allow":["GET"]}}],"collection":[{"href":"https:\/\/dudasytextos.com\/preguntaquees\/wp-json\/wp\/v2\/posts"}],"about":[{"href":"https:\/\/dudasytextos.com\/preguntaquees\/wp-json\/wp\/v2\/types\/post"}],"author":[{"embeddable":true,"href":"https:\/\/dudasytextos.com\/preguntaquees\/wp-json\/wp\/v2\/users\/1"}],"replies":[{"embeddable":true,"href":"https:\/\/dudasytextos.com\/preguntaquees\/wp-json\/wp\/v2\/comments?post=150022"}],"version-history":[{"count":1,"href":"https:\/\/dudasytextos.com\/preguntaquees\/wp-json\/wp\/v2\/posts\/150022\/revisions"}],"predecessor-version":[{"id":155807,"href":"https:\/\/dudasytextos.com\/preguntaquees\/wp-json\/wp\/v2\/posts\/150022\/revisions\/155807"}],"wp:attachment":[{"href":"https:\/\/dudasytextos.com\/preguntaquees\/wp-json\/wp\/v2\/media?parent=150022"}],"wp:term":[{"taxonomy":"category","embeddable":true,"href":"https:\/\/dudasytextos.com\/preguntaquees\/wp-json\/wp\/v2\/categories?post=150022"},{"taxonomy":"post_tag","embeddable":true,"href":"https:\/\/dudasytextos.com\/preguntaquees\/wp-json\/wp\/v2\/tags?post=150022"}],"curies":[{"name":"wp","href":"https:\/\/api.w.org\/{rel}","templated":true}]}}