{"id":150290,"date":"2025-03-07T08:06:32","date_gmt":"2025-03-07T08:06:32","guid":{"rendered":"https:\/\/educacion.cc\/?p=150290"},"modified":"2025-03-13T08:20:55","modified_gmt":"2025-03-13T08:20:55","slug":"para-que-es-la-amoxicilina","status":"publish","type":"post","link":"https:\/\/dudasytextos.com\/preguntaquees\/para-que-es-la-amoxicilina\/","title":{"rendered":"Para qu\u00e9 es la amoxicilina"},"content":{"rendered":"<div id=\"ez-toc-container\" class=\"ez-toc-v2_0_87 counter-hierarchy ez-toc-counter ez-toc-custom ez-toc-container-direction\">\n<div class=\"ez-toc-title-container\">\n<span class=\"ez-toc-title-toggle\"><\/span><\/div>\n<nav><ul class='ez-toc-list ez-toc-list-level-1 ' ><li class='ez-toc-page-1 ez-toc-heading-level-2'><a class=\"ez-toc-link ez-toc-heading-1\" href=\"https:\/\/dudasytextos.com\/preguntaquees\/para-que-es-la-amoxicilina\/#Para_que_es_la_amoxicilina_%E2%80%93_Guia_completa\" >Para qu\u00e9 es la amoxicilina &#8211; Gu\u00eda completa<\/a><\/li><li class='ez-toc-page-1 ez-toc-heading-level-2'><a class=\"ez-toc-link ez-toc-heading-2\" href=\"https:\/\/dudasytextos.com\/preguntaquees\/para-que-es-la-amoxicilina\/#Por_Ana_Gonzalez\" >Por Ana Gonz\u00e1lez<\/a><\/li><li class='ez-toc-page-1 ez-toc-heading-level-2'><a class=\"ez-toc-link ez-toc-heading-3\" href=\"https:\/\/dudasytextos.com\/preguntaquees\/para-que-es-la-amoxicilina\/#Curiosidades_sobre_la_amoxicilina\" >Curiosidades sobre la amoxicilina<\/a><\/li><li class='ez-toc-page-1 ez-toc-heading-level-2'><a class=\"ez-toc-link ez-toc-heading-4\" href=\"https:\/\/dudasytextos.com\/preguntaquees\/para-que-es-la-amoxicilina\/#%C2%BFQue_es_la_amoxicilina\" >\u00bfQu\u00e9 es la amoxicilina?<\/a><\/li><li class='ez-toc-page-1 ez-toc-heading-level-2'><a class=\"ez-toc-link ez-toc-heading-5\" href=\"https:\/\/dudasytextos.com\/preguntaquees\/para-que-es-la-amoxicilina\/#%C2%BFCual_es_la_dosis_recomendada_de_amoxicilina\" >\u00bfCu\u00e1l es la dosis recomendada de amoxicilina?<\/a><\/li><li class='ez-toc-page-1 ez-toc-heading-level-2'><a class=\"ez-toc-link ez-toc-heading-6\" href=\"https:\/\/dudasytextos.com\/preguntaquees\/para-que-es-la-amoxicilina\/#%C2%BFCuales_son_los_efectos_secundarios_de_la_amoxicilina\" >\u00bfCu\u00e1les son los efectos secundarios de la amoxicilina?<\/a><\/li><li class='ez-toc-page-1 ez-toc-heading-level-2'><a class=\"ez-toc-link ez-toc-heading-7\" href=\"https:\/\/dudasytextos.com\/preguntaquees\/para-que-es-la-amoxicilina\/#Mi_experiencia_personal_con_la_amoxicilina\" >Mi experiencia personal con la amoxicilina<\/a><\/li><li class='ez-toc-page-1 ez-toc-heading-level-2'><a class=\"ez-toc-link ez-toc-heading-8\" href=\"https:\/\/dudasytextos.com\/preguntaquees\/para-que-es-la-amoxicilina\/#Preguntas_frecuentes\" >Preguntas frecuentes<\/a><ul class='ez-toc-list-level-3' ><li class='ez-toc-heading-level-3'><a class=\"ez-toc-link ez-toc-heading-9\" href=\"https:\/\/dudasytextos.com\/preguntaquees\/para-que-es-la-amoxicilina\/#%C2%BFPuedo_tomar_amoxicilina_si_soy_alergico_a_la_penicilina\" >\u00bfPuedo tomar amoxicilina si soy al\u00e9rgico a la penicilina?<\/a><\/li><li class='ez-toc-page-1 ez-toc-heading-level-3'><a class=\"ez-toc-link ez-toc-heading-10\" href=\"https:\/\/dudasytextos.com\/preguntaquees\/para-que-es-la-amoxicilina\/#%C2%BFPuedo_tomar_amoxicilina_durante_el_embarazo\" >\u00bfPuedo tomar amoxicilina durante el embarazo?<\/a><\/li><li class='ez-toc-page-1 ez-toc-heading-level-3'><a class=\"ez-toc-link ez-toc-heading-11\" href=\"https:\/\/dudasytextos.com\/preguntaquees\/para-que-es-la-amoxicilina\/#%C2%BFPuedo_tomar_amoxicilina_con_otros_medicamentos\" >\u00bfPuedo tomar amoxicilina con otros medicamentos?<\/a><\/li><li class='ez-toc-page-1 ez-toc-heading-level-3'><a class=\"ez-toc-link ez-toc-heading-12\" href=\"https:\/\/dudasytextos.com\/preguntaquees\/para-que-es-la-amoxicilina\/#%C2%BFQue_debo_hacer_si_olvido_tomar_una_dosis_de_amoxicilina\" >\u00bfQu\u00e9 debo hacer si olvido tomar una dosis de amoxicilina?<\/a><\/li><\/ul><\/li><\/ul><\/nav><\/div>\n<h2><span class=\"ez-toc-section\" id=\"Para_que_es_la_amoxicilina_%E2%80%93_Guia_completa\"><\/span>Para qu\u00e9 es la amoxicilina &#8211; Gu\u00eda completa<span class=\"ez-toc-section-end\"><\/span><\/h2>\n<h2><span class=\"ez-toc-section\" id=\"Por_Ana_Gonzalez\"><\/span>Por Ana Gonz\u00e1lez<span class=\"ez-toc-section-end\"><\/span><\/h2>\n<section>\n<h2><span class=\"ez-toc-section\" id=\"Curiosidades_sobre_la_amoxicilina\"><\/span>Curiosidades sobre la amoxicilina<span class=\"ez-toc-section-end\"><\/span><\/h2>\n<ul>\n<li>La amoxicilina es uno de los antibi\u00f3ticos m\u00e1s comunes en el mundo.<\/li>\n<li>Es efectiva contra una amplia variedad de bacterias.<\/li>\n<li>La amoxicilina fue descubierta en 1972 por el cient\u00edfico brit\u00e1nico Beecham.<\/li>\n<li>Es un antibi\u00f3tico de amplio espectro, lo que significa que puede tratar varias infecciones diferentes.<\/li>\n<\/ul>\n<\/section>\n<section>\n<h2><span class=\"ez-toc-section\" id=\"%C2%BFQue_es_la_amoxicilina\"><\/span>\u00bfQu\u00e9 es la amoxicilina?<span class=\"ez-toc-section-end\"><\/span><\/h2>\n<p>La amoxicilina es un antibi\u00f3tico que pertenece a la familia de las penicilinas. Se utiliza para tratar infecciones causadas por bacterias, como neumon\u00eda, otitis, infecciones urinarias, entre otras.<\/p>\n<p>La amoxicilina funciona matando las bacterias que causan la infecci\u00f3n. Act\u00faa debilitando la pared celular de las bacterias, lo que las hace m\u00e1s susceptibles a ser eliminadas por el sistema inmunol\u00f3gico del cuerpo.<\/p>\n<\/section>\n<section>\n<h2><span class=\"ez-toc-section\" id=\"%C2%BFCual_es_la_dosis_recomendada_de_amoxicilina\"><\/span>\u00bfCu\u00e1l es la dosis recomendada de amoxicilina?<span class=\"ez-toc-section-end\"><\/span><\/h2>\n<p>La dosis recomendada de amoxicilina puede variar dependiendo de la edad, peso y tipo de infecci\u00f3n que se est\u00e1 tratando. Es importante tomar la dosis completa de amoxicilina, incluso si los s\u00edntomas de la infecci\u00f3n desaparecen antes de que se termine el tratamiento.<\/p>\n<p>Es importante seguir las instrucciones de su m\u00e9dico o farmac\u00e9utico y no ajustar la dosis sin consultar primero con un profesional m\u00e9dico.<\/p>\n<\/section>\n<section>\n<h2><span class=\"ez-toc-section\" id=\"%C2%BFCuales_son_los_efectos_secundarios_de_la_amoxicilina\"><\/span>\u00bfCu\u00e1les son los efectos secundarios de la amoxicilina?<span class=\"ez-toc-section-end\"><\/span><\/h2>\n<p>Como con cualquier medicamento, la amoxicilina puede causar efectos secundarios en algunos pacientes. Los efectos secundarios m\u00e1s comunes incluyen:<\/p>\n<ul>\n<li>Diarrea<\/li>\n<li>N\u00e1useas<\/li>\n<li>Erupci\u00f3n cut\u00e1nea<\/li>\n<li>Dolor de cabeza<\/li>\n<li>V\u00f3mitos<\/li>\n<\/ul>\n<p>En casos raros, la amoxicilina puede causar una reacci\u00f3n al\u00e9rgica grave (anafilaxis). Si experimenta hinchaz\u00f3n de la cara, labios o lengua, dificultad para respirar o urticaria, busque atenci\u00f3n m\u00e9dica de inmediato.<\/p>\n<\/section>\n<section>\n<h2><span class=\"ez-toc-section\" id=\"Mi_experiencia_personal_con_la_amoxicilina\"><\/span>Mi experiencia personal con la amoxicilina<span class=\"ez-toc-section-end\"><\/span><\/h2>\n<p>Recientemente, tuve una infecci\u00f3n de o\u00eddo y mi m\u00e9dico me recet\u00f3 amoxicilina. Al principio, estaba un poco preocupada por los efectos secundarios, pero decid\u00ed seguir las instrucciones de mi m\u00e9dico y tomar el medicamento como se me indic\u00f3.<\/p>\n<p>Despu\u00e9s de unos d\u00edas, comenc\u00e9 a sentirme mejor y los s\u00edntomas de la infecci\u00f3n desaparecieron. No experiment\u00e9 ning\u00fan efecto secundario grave y mi experiencia con la amoxicilina fue positiva en general.<\/p>\n<\/section>\n<section>\n<h2><span class=\"ez-toc-section\" id=\"Preguntas_frecuentes\"><\/span>Preguntas frecuentes<span class=\"ez-toc-section-end\"><\/span><\/h2>\n<h3><span class=\"ez-toc-section\" id=\"%C2%BFPuedo_tomar_amoxicilina_si_soy_alergico_a_la_penicilina\"><\/span>\u00bfPuedo tomar amoxicilina si soy al\u00e9rgico a la penicilina?<span class=\"ez-toc-section-end\"><\/span><\/h3>\n<p>No se recomienda tomar amoxicilina si es al\u00e9rgico a la penicilina. Si tiene una alergia a la penicilina, informe a su m\u00e9dico antes de tomar cualquier medicamento.<\/p>\n<h3><span class=\"ez-toc-section\" id=\"%C2%BFPuedo_tomar_amoxicilina_durante_el_embarazo\"><\/span>\u00bfPuedo tomar amoxicilina durante el embarazo?<span class=\"ez-toc-section-end\"><\/span><\/h3>\n<p>Es importante hablar con su m\u00e9dico antes de tomar cualquier medicamento durante el embarazo. En general, se considera seguro tomar amoxicilina durante el embarazo, pero siempre es mejor consultar con un profesional m\u00e9dico antes de tomar cualquier medicamento.<\/p>\n<h3><span class=\"ez-toc-section\" id=\"%C2%BFPuedo_tomar_amoxicilina_con_otros_medicamentos\"><\/span>\u00bfPuedo tomar amoxicilina con otros medicamentos?<span class=\"ez-toc-section-end\"><\/span><\/h3>\n<p>Es importante informar a su m\u00e9dico o farmac\u00e9utico de todos los medicamentos que est\u00e1 tomando antes de comenzar a tomar amoxicilina. Algunos medicamentos pueden interactuar con la amoxicilina y hacer que sea menos efectiva o aumentar el riesgo de efectos secundarios.<\/p>\n<h3><span class=\"ez-toc-section\" id=\"%C2%BFQue_debo_hacer_si_olvido_tomar_una_dosis_de_amoxicilina\"><\/span>\u00bfQu\u00e9 debo hacer si olvido tomar una dosis de amoxicilina?<span class=\"ez-toc-section-end\"><\/span><\/h3>\n<p>Si olvida tomar una dosis de amoxicilina, t\u00f3mela tan pronto como se acuerde. Si est\u00e1 cerca de la hora de la siguiente dosis, omita la dosis olvidada y contin\u00fae con su horario regular. No tome una dosis doble para compensar la dosis olvidada.<\/p>\n<\/section>\n<footer>\n<p>Este art\u00edculo fue escrito por Ana Gonz\u00e1lez y fue optimizado para Google.<\/p>\n<\/footer>\n","protected":false},"excerpt":{"rendered":"<p>Para qu\u00e9 es la amoxicilina &#8211; Gu\u00eda completa Por Ana Gonz\u00e1lez Curiosidades sobre la amoxicilina La amoxicilina es uno de los antibi\u00f3ticos m\u00e1s comunes en el mundo. Es efectiva contra una amplia variedad de bacterias. La amoxicilina fue descubierta en 1972 por el cient\u00edfico brit\u00e1nico Beecham. Es un antibi\u00f3tico de amplio espectro, lo que significa &#8230; <a title=\"Para qu\u00e9 es la amoxicilina\" class=\"read-more\" href=\"https:\/\/dudasytextos.com\/preguntaquees\/para-que-es-la-amoxicilina\/\" aria-label=\"M\u00e1s en Para qu\u00e9 es la amoxicilina\">Leer m\u00e1s<\/a><\/p>\n","protected":false},"author":1,"featured_media":0,"comment_status":"open","ping_status":"open","sticky":false,"template":"","format":"standard","meta":{"footnotes":""},"categories":[4],"tags":[],"class_list":["post-150290","post","type-post","status-publish","format-standard","hentry","category-que-es"],"aioseo_notices":[],"aioseo_head":"\n\t\t<!-- All in One SEO 5.0.1.1 - aioseo.com -->\n\t<meta name=\"description\" content=\"Para qu\u00e9 es la amoxicilina - Gu\u00eda completa Por Ana Gonz\u00e1lez Curiosidades sobre la amoxicilina La amoxicilina es uno de los antibi\u00f3ticos m\u00e1s comunes en el mundo. Es efectiva contra una amplia variedad de bacterias. La amoxicilina fue descubierta en 1972 por el cient\u00edfico brit\u00e1nico Beecham. Es un antibi\u00f3tico de amplio espectro, lo que significa\" \/>\n\t<meta name=\"robots\" content=\"max-snippet:-1, max-image-preview:large, max-video-preview:-1\" \/>\n\t<meta name=\"author\" content=\"Ana Gonz\u00e1lez\"\/>\n\t<link rel=\"canonical\" href=\"https:\/\/dudasytextos.com\/preguntaquees\/para-que-es-la-amoxicilina\/\" \/>\n\t<meta name=\"generator\" content=\"All in One SEO (AIOSEO) 5.0.1.1\" \/>\n\n\t\t<!-- Google tag (gtag.js) -->\n<script async src=\"https:\/\/www.googletagmanager.com\/gtag\/js?id=G-QEZWJ7M6T7\"><\/script>\n<script>\n  window.dataLayer = window.dataLayer || [];\n  function gtag(){dataLayer.push(arguments);}\n  gtag('js', new Date());\n\n  gtag('config', 'G-QEZWJ7M6T7');\n<\/script>\n<script async src=\"https:\/\/pagead2.googlesyndication.com\/pagead\/js\/adsbygoogle.js?client=ca-pub-3987500858204711\"\n     crossorigin=\"anonymous\"><\/script>\n\t\t<meta property=\"og:locale\" content=\"es_ES\" \/>\n\t\t<meta property=\"og:site_name\" content=\"\u00bfQu\u00e9 es? - \u00bfQu\u00e9 es?\" \/>\n\t\t<meta property=\"og:type\" content=\"article\" \/>\n\t\t<meta property=\"og:title\" content=\"Para qu\u00e9 es la amoxicilina (2026) \u00bfQu\u00e9 es?\" \/>\n\t\t<meta property=\"og:description\" content=\"Para qu\u00e9 es la amoxicilina - Gu\u00eda completa Por Ana Gonz\u00e1lez Curiosidades sobre la amoxicilina La amoxicilina es uno de los antibi\u00f3ticos m\u00e1s comunes en el mundo. Es efectiva contra una amplia variedad de bacterias. La amoxicilina fue descubierta en 1972 por el cient\u00edfico brit\u00e1nico Beecham. Es un antibi\u00f3tico de amplio espectro, lo que significa\" \/>\n\t\t<meta property=\"og:url\" content=\"https:\/\/dudasytextos.com\/preguntaquees\/para-que-es-la-amoxicilina\/\" \/>\n\t\t<meta property=\"article:published_time\" content=\"2025-03-07T08:06:32+00:00\" \/>\n\t\t<meta property=\"article:modified_time\" content=\"2025-03-13T08:20:55+00:00\" \/>\n\t\t<meta name=\"twitter:card\" content=\"summary_large_image\" \/>\n\t\t<meta name=\"twitter:title\" content=\"Para qu\u00e9 es la amoxicilina (2026) \u00bfQu\u00e9 es?\" \/>\n\t\t<meta name=\"twitter:description\" content=\"Para qu\u00e9 es la amoxicilina - Gu\u00eda completa Por Ana Gonz\u00e1lez Curiosidades sobre la amoxicilina La amoxicilina es uno de los antibi\u00f3ticos m\u00e1s comunes en el mundo. Es efectiva contra una amplia variedad de bacterias. La amoxicilina fue descubierta en 1972 por el cient\u00edfico brit\u00e1nico Beecham. Es un antibi\u00f3tico de amplio espectro, lo que significa\" \/>\n\t\t<script type=\"application\/ld+json\" class=\"aioseo-schema\">\n\t\t\t{\"@context\":\"https:\\\/\\\/schema.org\",\"@graph\":[{\"@type\":\"BlogPosting\",\"@id\":\"https:\\\/\\\/dudasytextos.com\\\/preguntaquees\\\/para-que-es-la-amoxicilina\\\/#blogposting\",\"name\":\"Para qu\\u00e9 es la amoxicilina (2026) \\u00bfQu\\u00e9 es?\",\"headline\":\"Para qu\\u00e9 es la amoxicilina\",\"author\":{\"@id\":\"https:\\\/\\\/dudasytextos.com\\\/preguntaquees\\\/author\\\/admin44\\\/#author\"},\"publisher\":{\"@id\":\"https:\\\/\\\/dudasytextos.com\\\/preguntaquees\\\/#organization\"},\"datePublished\":\"2025-03-07T08:06:32+00:00\",\"dateModified\":\"2025-03-13T08:20:55+00:00\",\"inLanguage\":\"es-ES\",\"mainEntityOfPage\":{\"@id\":\"https:\\\/\\\/dudasytextos.com\\\/preguntaquees\\\/para-que-es-la-amoxicilina\\\/#webpage\"},\"isPartOf\":{\"@id\":\"https:\\\/\\\/dudasytextos.com\\\/preguntaquees\\\/para-que-es-la-amoxicilina\\\/#webpage\"},\"articleSection\":\"\\u00bfQu\\u00e9 es?\"},{\"@type\":\"BreadcrumbList\",\"@id\":\"https:\\\/\\\/dudasytextos.com\\\/preguntaquees\\\/para-que-es-la-amoxicilina\\\/#breadcrumblist\",\"itemListElement\":[{\"@type\":\"ListItem\",\"@id\":\"https:\\\/\\\/dudasytextos.com\\\/preguntaquees#listItem\",\"position\":1,\"name\":\"Inicio\",\"item\":\"https:\\\/\\\/dudasytextos.com\\\/preguntaquees\",\"nextItem\":{\"@type\":\"ListItem\",\"@id\":\"https:\\\/\\\/dudasytextos.com\\\/preguntaquees\\\/category\\\/que-es\\\/#listItem\",\"name\":\"\\u00bfQu\\u00e9 es?\"}},{\"@type\":\"ListItem\",\"@id\":\"https:\\\/\\\/dudasytextos.com\\\/preguntaquees\\\/category\\\/que-es\\\/#listItem\",\"position\":2,\"name\":\"\\u00bfQu\\u00e9 es?\",\"item\":\"https:\\\/\\\/dudasytextos.com\\\/preguntaquees\\\/category\\\/que-es\\\/\",\"nextItem\":{\"@type\":\"ListItem\",\"@id\":\"https:\\\/\\\/dudasytextos.com\\\/preguntaquees\\\/para-que-es-la-amoxicilina\\\/#listItem\",\"name\":\"Para qu\\u00e9 es la amoxicilina\"},\"previousItem\":{\"@type\":\"ListItem\",\"@id\":\"https:\\\/\\\/dudasytextos.com\\\/preguntaquees#listItem\",\"name\":\"Inicio\"}},{\"@type\":\"ListItem\",\"@id\":\"https:\\\/\\\/dudasytextos.com\\\/preguntaquees\\\/para-que-es-la-amoxicilina\\\/#listItem\",\"position\":3,\"name\":\"Para qu\\u00e9 es la amoxicilina\",\"previousItem\":{\"@type\":\"ListItem\",\"@id\":\"https:\\\/\\\/dudasytextos.com\\\/preguntaquees\\\/category\\\/que-es\\\/#listItem\",\"name\":\"\\u00bfQu\\u00e9 es?\"}}]},{\"@type\":\"Organization\",\"@id\":\"https:\\\/\\\/dudasytextos.com\\\/preguntaquees\\\/#organization\",\"name\":\"\\u00bfC\\u00f3mo funciona?\",\"description\":\"\\u00bfQu\\u00e9 es?\",\"url\":\"https:\\\/\\\/dudasytextos.com\\\/preguntaquees\\\/\"},{\"@type\":\"Person\",\"@id\":\"https:\\\/\\\/dudasytextos.com\\\/preguntaquees\\\/author\\\/admin44\\\/#author\",\"url\":\"https:\\\/\\\/dudasytextos.com\\\/preguntaquees\\\/author\\\/admin44\\\/\",\"name\":\"Ana Gonz\\u00e1lez\"},{\"@type\":\"WebPage\",\"@id\":\"https:\\\/\\\/dudasytextos.com\\\/preguntaquees\\\/para-que-es-la-amoxicilina\\\/#webpage\",\"url\":\"https:\\\/\\\/dudasytextos.com\\\/preguntaquees\\\/para-que-es-la-amoxicilina\\\/\",\"name\":\"Para qu\\u00e9 es la amoxicilina (2026) \\u00bfQu\\u00e9 es?\",\"description\":\"Para qu\\u00e9 es la amoxicilina - Gu\\u00eda completa Por Ana Gonz\\u00e1lez Curiosidades sobre la amoxicilina La amoxicilina es uno de los antibi\\u00f3ticos m\\u00e1s comunes en el mundo. Es efectiva contra una amplia variedad de bacterias. La amoxicilina fue descubierta en 1972 por el cient\\u00edfico brit\\u00e1nico Beecham. Es un antibi\\u00f3tico de amplio espectro, lo que significa\",\"inLanguage\":\"es-ES\",\"isPartOf\":{\"@id\":\"https:\\\/\\\/dudasytextos.com\\\/preguntaquees\\\/#website\"},\"breadcrumb\":{\"@id\":\"https:\\\/\\\/dudasytextos.com\\\/preguntaquees\\\/para-que-es-la-amoxicilina\\\/#breadcrumblist\"},\"author\":{\"@id\":\"https:\\\/\\\/dudasytextos.com\\\/preguntaquees\\\/author\\\/admin44\\\/#author\"},\"creator\":{\"@id\":\"https:\\\/\\\/dudasytextos.com\\\/preguntaquees\\\/author\\\/admin44\\\/#author\"},\"datePublished\":\"2025-03-07T08:06:32+00:00\",\"dateModified\":\"2025-03-13T08:20:55+00:00\"},{\"@type\":\"WebSite\",\"@id\":\"https:\\\/\\\/dudasytextos.com\\\/preguntaquees\\\/#website\",\"url\":\"https:\\\/\\\/dudasytextos.com\\\/preguntaquees\\\/\",\"name\":\"\\u00bfC\\u00f3mo funciona?\",\"description\":\"\\u00bfQu\\u00e9 es?\",\"inLanguage\":\"es-ES\",\"publisher\":{\"@id\":\"https:\\\/\\\/dudasytextos.com\\\/preguntaquees\\\/#organization\"}}]}\n\t\t<\/script>\n\t\t<!-- All in One SEO -->\n\n","aioseo_head_json":{"title":"Para qu\u00e9 es la amoxicilina (2026) \u00bfQu\u00e9 es?","description":"Para qu\u00e9 es la amoxicilina - Gu\u00eda completa Por Ana Gonz\u00e1lez Curiosidades sobre la amoxicilina La amoxicilina es uno de los antibi\u00f3ticos m\u00e1s comunes en el mundo. Es efectiva contra una amplia variedad de bacterias. La amoxicilina fue descubierta en 1972 por el cient\u00edfico brit\u00e1nico Beecham. Es un antibi\u00f3tico de amplio espectro, lo que significa","canonical_url":"https:\/\/dudasytextos.com\/preguntaquees\/para-que-es-la-amoxicilina\/","robots":"max-snippet:-1, max-image-preview:large, max-video-preview:-1","keywords":"","webmasterTools":{"miscellaneous":"&lt;!-- Google tag (gtag.js) --&gt;\n&lt;script async src=\"https:\/\/www.googletagmanager.com\/gtag\/js?id=G-QEZWJ7M6T7\"&gt;&lt;\/script&gt;\n&lt;script&gt;\n  window.dataLayer = window.dataLayer || [];\n  function gtag(){dataLayer.push(arguments);}\n  gtag('js', new Date());\n\n  gtag('config', 'G-QEZWJ7M6T7');\n&lt;\/script&gt;\n&lt;script async src=\"https:\/\/pagead2.googlesyndication.com\/pagead\/js\/adsbygoogle.js?client=ca-pub-3987500858204711\"\n     crossorigin=\"anonymous\"&gt;&lt;\/script&gt;"},"schema":{"@context":"https:\/\/schema.org","@graph":[{"@type":"BlogPosting","@id":"https:\/\/dudasytextos.com\/preguntaquees\/para-que-es-la-amoxicilina\/#blogposting","name":"Para qu\u00e9 es la amoxicilina (2026) \u00bfQu\u00e9 es?","headline":"Para qu\u00e9 es la amoxicilina","author":{"@id":"https:\/\/dudasytextos.com\/preguntaquees\/author\/admin44\/#author"},"publisher":{"@id":"https:\/\/dudasytextos.com\/preguntaquees\/#organization"},"datePublished":"2025-03-07T08:06:32+00:00","dateModified":"2025-03-13T08:20:55+00:00","inLanguage":"es-ES","mainEntityOfPage":{"@id":"https:\/\/dudasytextos.com\/preguntaquees\/para-que-es-la-amoxicilina\/#webpage"},"isPartOf":{"@id":"https:\/\/dudasytextos.com\/preguntaquees\/para-que-es-la-amoxicilina\/#webpage"},"articleSection":"\u00bfQu\u00e9 es?"},{"@type":"BreadcrumbList","@id":"https:\/\/dudasytextos.com\/preguntaquees\/para-que-es-la-amoxicilina\/#breadcrumblist","itemListElement":[{"@type":"ListItem","@id":"https:\/\/dudasytextos.com\/preguntaquees#listItem","position":1,"name":"Inicio","item":"https:\/\/dudasytextos.com\/preguntaquees","nextItem":{"@type":"ListItem","@id":"https:\/\/dudasytextos.com\/preguntaquees\/category\/que-es\/#listItem","name":"\u00bfQu\u00e9 es?"}},{"@type":"ListItem","@id":"https:\/\/dudasytextos.com\/preguntaquees\/category\/que-es\/#listItem","position":2,"name":"\u00bfQu\u00e9 es?","item":"https:\/\/dudasytextos.com\/preguntaquees\/category\/que-es\/","nextItem":{"@type":"ListItem","@id":"https:\/\/dudasytextos.com\/preguntaquees\/para-que-es-la-amoxicilina\/#listItem","name":"Para qu\u00e9 es la amoxicilina"},"previousItem":{"@type":"ListItem","@id":"https:\/\/dudasytextos.com\/preguntaquees#listItem","name":"Inicio"}},{"@type":"ListItem","@id":"https:\/\/dudasytextos.com\/preguntaquees\/para-que-es-la-amoxicilina\/#listItem","position":3,"name":"Para qu\u00e9 es la amoxicilina","previousItem":{"@type":"ListItem","@id":"https:\/\/dudasytextos.com\/preguntaquees\/category\/que-es\/#listItem","name":"\u00bfQu\u00e9 es?"}}]},{"@type":"Organization","@id":"https:\/\/dudasytextos.com\/preguntaquees\/#organization","name":"\u00bfC\u00f3mo funciona?","description":"\u00bfQu\u00e9 es?","url":"https:\/\/dudasytextos.com\/preguntaquees\/"},{"@type":"Person","@id":"https:\/\/dudasytextos.com\/preguntaquees\/author\/admin44\/#author","url":"https:\/\/dudasytextos.com\/preguntaquees\/author\/admin44\/","name":"Ana Gonz\u00e1lez"},{"@type":"WebPage","@id":"https:\/\/dudasytextos.com\/preguntaquees\/para-que-es-la-amoxicilina\/#webpage","url":"https:\/\/dudasytextos.com\/preguntaquees\/para-que-es-la-amoxicilina\/","name":"Para qu\u00e9 es la amoxicilina (2026) \u00bfQu\u00e9 es?","description":"Para qu\u00e9 es la amoxicilina - Gu\u00eda completa Por Ana Gonz\u00e1lez Curiosidades sobre la amoxicilina La amoxicilina es uno de los antibi\u00f3ticos m\u00e1s comunes en el mundo. Es efectiva contra una amplia variedad de bacterias. La amoxicilina fue descubierta en 1972 por el cient\u00edfico brit\u00e1nico Beecham. Es un antibi\u00f3tico de amplio espectro, lo que significa","inLanguage":"es-ES","isPartOf":{"@id":"https:\/\/dudasytextos.com\/preguntaquees\/#website"},"breadcrumb":{"@id":"https:\/\/dudasytextos.com\/preguntaquees\/para-que-es-la-amoxicilina\/#breadcrumblist"},"author":{"@id":"https:\/\/dudasytextos.com\/preguntaquees\/author\/admin44\/#author"},"creator":{"@id":"https:\/\/dudasytextos.com\/preguntaquees\/author\/admin44\/#author"},"datePublished":"2025-03-07T08:06:32+00:00","dateModified":"2025-03-13T08:20:55+00:00"},{"@type":"WebSite","@id":"https:\/\/dudasytextos.com\/preguntaquees\/#website","url":"https:\/\/dudasytextos.com\/preguntaquees\/","name":"\u00bfC\u00f3mo funciona?","description":"\u00bfQu\u00e9 es?","inLanguage":"es-ES","publisher":{"@id":"https:\/\/dudasytextos.com\/preguntaquees\/#organization"}}]},"og:locale":"es_ES","og:site_name":"\u00bfQu\u00e9 es? - \u00bfQu\u00e9 es?","og:type":"article","og:title":"Para qu\u00e9 es la amoxicilina (2026) \u00bfQu\u00e9 es?","og:description":"Para qu\u00e9 es la amoxicilina - Gu\u00eda completa Por Ana Gonz\u00e1lez Curiosidades sobre la amoxicilina La amoxicilina es uno de los antibi\u00f3ticos m\u00e1s comunes en el mundo. Es efectiva contra una amplia variedad de bacterias. La amoxicilina fue descubierta en 1972 por el cient\u00edfico brit\u00e1nico Beecham. Es un antibi\u00f3tico de amplio espectro, lo que significa","og:url":"https:\/\/dudasytextos.com\/preguntaquees\/para-que-es-la-amoxicilina\/","article:published_time":"2025-03-07T08:06:32+00:00","article:modified_time":"2025-03-13T08:20:55+00:00","twitter:card":"summary_large_image","twitter:title":"Para qu\u00e9 es la amoxicilina (2026) \u00bfQu\u00e9 es?","twitter:description":"Para qu\u00e9 es la amoxicilina - Gu\u00eda completa Por Ana Gonz\u00e1lez Curiosidades sobre la amoxicilina La amoxicilina es uno de los antibi\u00f3ticos m\u00e1s comunes en el mundo. Es efectiva contra una amplia variedad de bacterias. La amoxicilina fue descubierta en 1972 por el cient\u00edfico brit\u00e1nico Beecham. Es un antibi\u00f3tico de amplio espectro, lo que significa"},"aioseo_meta_data":{"post_id":"150290","title":null,"description":null,"keywords":null,"keyphrases":null,"primary_term":null,"canonical_url":null,"og_title":null,"og_description":null,"og_object_type":"default","og_image_type":"default","og_image_url":null,"og_image_width":null,"og_image_height":null,"og_image_custom_url":null,"og_image_custom_fields":null,"og_video":null,"og_custom_url":null,"og_article_section":null,"og_article_tags":null,"twitter_use_og":false,"twitter_card":"default","twitter_image_type":"default","twitter_image_url":null,"twitter_image_custom_url":null,"twitter_image_custom_fields":null,"twitter_title":null,"twitter_description":null,"schema":{"blockGraphs":[],"customGraphs":[],"default":{"data":{"Article":[],"Course":[],"Dataset":[],"FAQPage":[],"Movie":[],"Person":[],"Product":[],"ProductReview":[],"Car":[],"Recipe":[],"Service":[],"SoftwareApplication":[],"WebPage":[]},"graphName":"","isEnabled":true},"graphs":[]},"schema_type":"default","schema_type_options":null,"pillar_content":false,"robots_default":true,"robots_noindex":false,"robots_noarchive":false,"robots_nosnippet":false,"robots_nofollow":false,"robots_noimageindex":false,"robots_noodp":false,"robots_notranslate":false,"robots_max_snippet":null,"robots_max_videopreview":null,"robots_max_imagepreview":"large","priority":null,"frequency":null,"local_seo":null,"breadcrumb_settings":null,"limit_modified_date":false,"ai":null,"created":"2023-05-12 06:07:04","updated":"2025-06-04 07:30:14","seo_analyzer_scan_date":null,"focus_keyword":null,"additional_keywords":null,"truseo_locale":null},"aioseo_breadcrumb":"<div class=\"aioseo-breadcrumbs\"><span class=\"aioseo-breadcrumb\">\n\t\t\t<a href=\"https:\/\/dudasytextos.com\/preguntaquees\" title=\"Inicio\">Inicio<\/a>\n\t\t<\/span><span class=\"aioseo-breadcrumb-separator\">&raquo;<\/span><span class=\"aioseo-breadcrumb\">\n\t\t\t<a href=\"https:\/\/dudasytextos.com\/preguntaquees\/category\/que-es\/\" title=\"\u00bfQu\u00e9 es?\">\u00bfQu\u00e9 es?<\/a>\n\t\t<\/span><span class=\"aioseo-breadcrumb-separator\">&raquo;<\/span><span class=\"aioseo-breadcrumb\">\n\t\t\tPara qu\u00e9 es la amoxicilina\n\t\t<\/span><\/div>","aioseo_breadcrumb_json":[{"label":"Inicio","link":"https:\/\/dudasytextos.com\/preguntaquees"},{"label":"\u00bfQu\u00e9 es?","link":"https:\/\/dudasytextos.com\/preguntaquees\/category\/que-es\/"},{"label":"Para qu\u00e9 es la amoxicilina","link":"https:\/\/dudasytextos.com\/preguntaquees\/para-que-es-la-amoxicilina\/"}],"_links":{"self":[{"href":"https:\/\/dudasytextos.com\/preguntaquees\/wp-json\/wp\/v2\/posts\/150290","targetHints":{"allow":["GET"]}}],"collection":[{"href":"https:\/\/dudasytextos.com\/preguntaquees\/wp-json\/wp\/v2\/posts"}],"about":[{"href":"https:\/\/dudasytextos.com\/preguntaquees\/wp-json\/wp\/v2\/types\/post"}],"author":[{"embeddable":true,"href":"https:\/\/dudasytextos.com\/preguntaquees\/wp-json\/wp\/v2\/users\/1"}],"replies":[{"embeddable":true,"href":"https:\/\/dudasytextos.com\/preguntaquees\/wp-json\/wp\/v2\/comments?post=150290"}],"version-history":[{"count":1,"href":"https:\/\/dudasytextos.com\/preguntaquees\/wp-json\/wp\/v2\/posts\/150290\/revisions"}],"predecessor-version":[{"id":155539,"href":"https:\/\/dudasytextos.com\/preguntaquees\/wp-json\/wp\/v2\/posts\/150290\/revisions\/155539"}],"wp:attachment":[{"href":"https:\/\/dudasytextos.com\/preguntaquees\/wp-json\/wp\/v2\/media?parent=150290"}],"wp:term":[{"taxonomy":"category","embeddable":true,"href":"https:\/\/dudasytextos.com\/preguntaquees\/wp-json\/wp\/v2\/categories?post=150290"},{"taxonomy":"post_tag","embeddable":true,"href":"https:\/\/dudasytextos.com\/preguntaquees\/wp-json\/wp\/v2\/tags?post=150290"}],"curies":[{"name":"wp","href":"https:\/\/api.w.org\/{rel}","templated":true}]}}