{"id":150381,"date":"2025-02-21T05:04:01","date_gmt":"2025-02-21T05:04:01","guid":{"rendered":"https:\/\/educacion.cc\/?p=150381"},"modified":"2025-03-13T00:30:17","modified_gmt":"2025-03-13T00:30:17","slug":"que-es-la-comunicacion-asertiva","status":"publish","type":"post","link":"https:\/\/dudasytextos.com\/preguntaquees\/que-es-la-comunicacion-asertiva\/","title":{"rendered":"Qu\u00e9 es la comunicacion asertiva"},"content":{"rendered":"<div id=\"ez-toc-container\" class=\"ez-toc-v2_0_87 counter-hierarchy ez-toc-counter ez-toc-custom ez-toc-container-direction\">\n<div class=\"ez-toc-title-container\">\n<span class=\"ez-toc-title-toggle\"><\/span><\/div>\n<nav><ul class='ez-toc-list ez-toc-list-level-1 ' ><li class='ez-toc-page-1 ez-toc-heading-level-2'><a class=\"ez-toc-link ez-toc-heading-1\" href=\"https:\/\/dudasytextos.com\/preguntaquees\/que-es-la-comunicacion-asertiva\/#Mi_experiencia_con_la_comunicacion_asertiva\" >Mi experiencia con la comunicaci\u00f3n asertiva<\/a><\/li><li class='ez-toc-page-1 ez-toc-heading-level-2'><a class=\"ez-toc-link ez-toc-heading-2\" href=\"https:\/\/dudasytextos.com\/preguntaquees\/que-es-la-comunicacion-asertiva\/#Que_es_la_comunicacion_asertiva\" >Qu\u00e9 es la comunicaci\u00f3n asertiva<\/a><\/li><li class='ez-toc-page-1 ez-toc-heading-level-2'><a class=\"ez-toc-link ez-toc-heading-3\" href=\"https:\/\/dudasytextos.com\/preguntaquees\/que-es-la-comunicacion-asertiva\/#Mi_experiencia_con_la_comunicacion_asertiva-2\" >Mi experiencia con la comunicaci\u00f3n asertiva<\/a><\/li><li class='ez-toc-page-1 ez-toc-heading-level-2'><a class=\"ez-toc-link ez-toc-heading-4\" href=\"https:\/\/dudasytextos.com\/preguntaquees\/que-es-la-comunicacion-asertiva\/#Beneficios_de_la_comunicacion_asertiva\" >Beneficios de la comunicaci\u00f3n asertiva<\/a><\/li><li class='ez-toc-page-1 ez-toc-heading-level-2'><a class=\"ez-toc-link ez-toc-heading-5\" href=\"https:\/\/dudasytextos.com\/preguntaquees\/que-es-la-comunicacion-asertiva\/#Consejos_para_mejorar_la_comunicacion_asertiva\" >Consejos para mejorar la comunicaci\u00f3n asertiva<\/a><\/li><li class='ez-toc-page-1 ez-toc-heading-level-2'><a class=\"ez-toc-link ez-toc-heading-6\" href=\"https:\/\/dudasytextos.com\/preguntaquees\/que-es-la-comunicacion-asertiva\/#Preguntas_frecuentes_sobre_la_comunicacion_asertiva\" >Preguntas frecuentes sobre la comunicaci\u00f3n asertiva<\/a><ul class='ez-toc-list-level-3' ><li class='ez-toc-heading-level-3'><a class=\"ez-toc-link ez-toc-heading-7\" href=\"https:\/\/dudasytextos.com\/preguntaquees\/que-es-la-comunicacion-asertiva\/#%C2%BFLa_comunicacion_asertiva_es_lo_mismo_que_la_empatia\" >\u00bfLa comunicaci\u00f3n asertiva es lo mismo que la empat\u00eda?<\/a><\/li><li class='ez-toc-page-1 ez-toc-heading-level-3'><a class=\"ez-toc-link ez-toc-heading-8\" href=\"https:\/\/dudasytextos.com\/preguntaquees\/que-es-la-comunicacion-asertiva\/#%C2%BFLa_comunicacion_asertiva_es_siempre_efectiva\" >\u00bfLa comunicaci\u00f3n asertiva es siempre efectiva?<\/a><\/li><li class='ez-toc-page-1 ez-toc-heading-level-3'><a class=\"ez-toc-link ez-toc-heading-9\" href=\"https:\/\/dudasytextos.com\/preguntaquees\/que-es-la-comunicacion-asertiva\/#%C2%BFLa_comunicacion_asertiva_es_util_en_el_ambito_laboral\" >\u00bfLa comunicaci\u00f3n asertiva es \u00fatil en el \u00e1mbito laboral?<\/a><\/li><\/ul><\/li><\/ul><\/nav><\/div>\n<h2><span class=\"ez-toc-section\" id=\"Mi_experiencia_con_la_comunicacion_asertiva\"><\/span>Mi experiencia con la comunicaci\u00f3n asertiva<span class=\"ez-toc-section-end\"><\/span><\/h2>\n<p>Por Ana Gonz\u00e1lez<\/p>\n<section>\n<h2><span class=\"ez-toc-section\" id=\"Que_es_la_comunicacion_asertiva\"><\/span>Qu\u00e9 es la comunicaci\u00f3n asertiva<span class=\"ez-toc-section-end\"><\/span><\/h2>\n<p>La comunicaci\u00f3n asertiva es una habilidad social que consiste en expresar nuestros pensamientos, sentimientos y necesidades de manera clara y respetuosa, sin agredir ni ser agredidos por los dem\u00e1s. Se trata de una forma de comunicaci\u00f3n efectiva y saludable que nos permite establecer relaciones interpersonales satisfactorias y evitar conflictos innecesarios.<\/p>\n<ul>\n<li>La comunicaci\u00f3n asertiva se basa en el respeto mutuo y la empat\u00eda.<\/li>\n<li>La comunicaci\u00f3n asertiva no es lo mismo que la pasividad, la agresividad o la manipulaci\u00f3n.<\/li>\n<li>La comunicaci\u00f3n asertiva implica ser honestos con nosotros mismos y con los dem\u00e1s.<\/li>\n<\/ul>\n<\/section>\n<section>\n<h2><span class=\"ez-toc-section\" id=\"Mi_experiencia_con_la_comunicacion_asertiva-2\"><\/span>Mi experiencia con la comunicaci\u00f3n asertiva<span class=\"ez-toc-section-end\"><\/span><\/h2>\n<p>Antes de conocer la comunicaci\u00f3n asertiva, sol\u00eda ser muy pasiva en mis relaciones interpersonales. Ten\u00eda miedo de expresar mi opini\u00f3n por temor a ser rechazada o incomprendida. Tambi\u00e9n sol\u00eda ser v\u00edctima de la agresividad de otras personas que no respetaban mis l\u00edmites.<\/p>\n<p>Gracias a la comunicaci\u00f3n asertiva, aprend\u00ed a ser m\u00e1s firme y a expresar mis necesidades de manera clara y respetuosa. Esto me ha permitido establecer relaciones m\u00e1s saludables y satisfactorias, tanto en mi vida personal como profesional.<\/p>\n<ul>\n<li>La comunicaci\u00f3n asertiva me ha ayudado a mejorar mi autoestima y confianza.<\/li>\n<li>La comunicaci\u00f3n asertiva me ha permitido establecer l\u00edmites claros en mis relaciones interpersonales.<\/li>\n<li>La comunicaci\u00f3n asertiva me ha ense\u00f1ado a ser m\u00e1s consciente de mis emociones y a expresarlas de manera adecuada.<\/li>\n<\/ul>\n<\/section>\n<section>\n<h2><span class=\"ez-toc-section\" id=\"Beneficios_de_la_comunicacion_asertiva\"><\/span>Beneficios de la comunicaci\u00f3n asertiva<span class=\"ez-toc-section-end\"><\/span><\/h2>\n<p>La comunicaci\u00f3n asertiva tiene numerosos beneficios para nuestra vida personal y profesional:<\/p>\n<ul>\n<li>Nos permite establecer relaciones interpersonales m\u00e1s saludables y satisfactorias.<\/li>\n<li>Nos ayuda a expresar nuestros sentimientos y necesidades de manera clara y respetuosa.<\/li>\n<li>Nos permite establecer l\u00edmites claros y evitar situaciones de abuso o manipulaci\u00f3n.<\/li>\n<li>Nos ayuda a resolver conflictos de manera efectiva y pac\u00edfica.<\/li>\n<li>Nos permite mejorar nuestra autoestima y confianza.<\/li>\n<\/ul>\n<\/section>\n<section>\n<h2><span class=\"ez-toc-section\" id=\"Consejos_para_mejorar_la_comunicacion_asertiva\"><\/span>Consejos para mejorar la comunicaci\u00f3n asertiva<span class=\"ez-toc-section-end\"><\/span><\/h2>\n<p>Si quieres mejorar tus habilidades de comunicaci\u00f3n asertiva, aqu\u00ed te dejo algunos consejos \u00fatiles:<\/p>\n<ul>\n<li>Aprende a escuchar activamente a los dem\u00e1s y a empatizar con sus sentimientos y necesidades.<\/li>\n<li>Practica la expresi\u00f3n de tus propios sentimientos y necesidades de manera clara y respetuosa.<\/li>\n<li>Aprende a establecer l\u00edmites claros y a decir no de manera adecuada.<\/li>\n<li>Evita la manipulaci\u00f3n, la agresividad y la pasividad en tus relaciones interpersonales.<\/li>\n<li>Busca ayuda profesional si tienes dificultades para comunicarte de manera efectiva.<\/li>\n<\/ul>\n<\/section>\n<section>\n<h2><span class=\"ez-toc-section\" id=\"Preguntas_frecuentes_sobre_la_comunicacion_asertiva\"><\/span>Preguntas frecuentes sobre la comunicaci\u00f3n asertiva<span class=\"ez-toc-section-end\"><\/span><\/h2>\n<ul>\n<li>\n<h3><span class=\"ez-toc-section\" id=\"%C2%BFLa_comunicacion_asertiva_es_lo_mismo_que_la_empatia\"><\/span>\u00bfLa comunicaci\u00f3n asertiva es lo mismo que la empat\u00eda?<span class=\"ez-toc-section-end\"><\/span><\/h3>\n<p>No, aunque la empat\u00eda es un elemento importante de la comunicaci\u00f3n asertiva. La empat\u00eda implica ponerse en el lugar del otro y entender sus sentimientos y necesidades, mientras que la comunicaci\u00f3n asertiva implica expresar nuestros propios sentimientos y necesidades de manera clara y respetuosa.<\/p>\n<\/li>\n<li>\n<h3><span class=\"ez-toc-section\" id=\"%C2%BFLa_comunicacion_asertiva_es_siempre_efectiva\"><\/span>\u00bfLa comunicaci\u00f3n asertiva es siempre efectiva?<span class=\"ez-toc-section-end\"><\/span><\/h3>\n<p>No necesariamente. Aunque la comunicaci\u00f3n asertiva es una forma saludable y efectiva de comunicaci\u00f3n, no siempre garantiza que los dem\u00e1s vayan a responder de manera positiva o que se resuelvan todos los conflictos. Sin embargo, es una herramienta valiosa para mejorar nuestras relaciones interpersonales y resolver conflictos de manera pac\u00edfica.<\/p>\n<\/li>\n<li>\n<h3><span class=\"ez-toc-section\" id=\"%C2%BFLa_comunicacion_asertiva_es_util_en_el_ambito_laboral\"><\/span>\u00bfLa comunicaci\u00f3n asertiva es \u00fatil en el \u00e1mbito laboral?<span class=\"ez-toc-section-end\"><\/span><\/h3>\n<p>S\u00ed, la comunicaci\u00f3n asertiva es una habilidad importante en cualquier \u00e1mbito, incluyendo el laboral. La comunicaci\u00f3n asertiva nos permite establecer relaciones profesionales m\u00e1s efectivas y satisfactorias, resolver conflictos de manera pac\u00edfica y expresar nuestras necesidades y opiniones de manera clara y respetuosa.<\/p>\n<\/li>\n<\/ul>\n<\/section>\n","protected":false},"excerpt":{"rendered":"<p>Mi experiencia con la comunicaci\u00f3n asertiva Por Ana Gonz\u00e1lez Qu\u00e9 es la comunicaci\u00f3n asertiva La comunicaci\u00f3n asertiva es una habilidad social que consiste en expresar nuestros pensamientos, sentimientos y necesidades de manera clara y respetuosa, sin agredir ni ser agredidos por los dem\u00e1s. Se trata de una forma de comunicaci\u00f3n efectiva y saludable que nos &#8230; <a title=\"Qu\u00e9 es la comunicacion asertiva\" class=\"read-more\" href=\"https:\/\/dudasytextos.com\/preguntaquees\/que-es-la-comunicacion-asertiva\/\" aria-label=\"M\u00e1s en Qu\u00e9 es la comunicacion asertiva\">Leer m\u00e1s<\/a><\/p>\n","protected":false},"author":1,"featured_media":0,"comment_status":"open","ping_status":"open","sticky":false,"template":"","format":"standard","meta":{"footnotes":""},"categories":[4],"tags":[],"class_list":["post-150381","post","type-post","status-publish","format-standard","hentry","category-que-es"],"aioseo_notices":[],"aioseo_head":"\n\t\t<!-- All in One SEO 5.0.1.1 - aioseo.com -->\n\t<meta name=\"description\" content=\"Mi experiencia con la comunicaci\u00f3n asertiva Por Ana Gonz\u00e1lez Qu\u00e9 es la comunicaci\u00f3n asertiva La comunicaci\u00f3n asertiva es una habilidad social que consiste en expresar nuestros pensamientos, sentimientos y necesidades de manera clara y respetuosa, sin agredir ni ser agredidos por los dem\u00e1s. Se trata de una forma de comunicaci\u00f3n efectiva y saludable que nos\" \/>\n\t<meta name=\"robots\" content=\"max-snippet:-1, max-image-preview:large, max-video-preview:-1\" \/>\n\t<meta name=\"author\" content=\"Ana Gonz\u00e1lez\"\/>\n\t<link rel=\"canonical\" href=\"https:\/\/dudasytextos.com\/preguntaquees\/que-es-la-comunicacion-asertiva\/\" \/>\n\t<meta name=\"generator\" content=\"All in One SEO (AIOSEO) 5.0.1.1\" \/>\n\n\t\t<!-- Google tag (gtag.js) -->\n<script async src=\"https:\/\/www.googletagmanager.com\/gtag\/js?id=G-QEZWJ7M6T7\"><\/script>\n<script>\n  window.dataLayer = window.dataLayer || [];\n  function gtag(){dataLayer.push(arguments);}\n  gtag('js', new Date());\n\n  gtag('config', 'G-QEZWJ7M6T7');\n<\/script>\n<script async src=\"https:\/\/pagead2.googlesyndication.com\/pagead\/js\/adsbygoogle.js?client=ca-pub-3987500858204711\"\n     crossorigin=\"anonymous\"><\/script>\n\t\t<meta property=\"og:locale\" content=\"es_ES\" \/>\n\t\t<meta property=\"og:site_name\" content=\"\u00bfQu\u00e9 es? - \u00bfQu\u00e9 es?\" \/>\n\t\t<meta property=\"og:type\" content=\"article\" \/>\n\t\t<meta property=\"og:title\" content=\"Qu\u00e9 es la comunicacion asertiva (2026) \u00bfQu\u00e9 es?\" \/>\n\t\t<meta property=\"og:description\" content=\"Mi experiencia con la comunicaci\u00f3n asertiva Por Ana Gonz\u00e1lez Qu\u00e9 es la comunicaci\u00f3n asertiva La comunicaci\u00f3n asertiva es una habilidad social que consiste en expresar nuestros pensamientos, sentimientos y necesidades de manera clara y respetuosa, sin agredir ni ser agredidos por los dem\u00e1s. Se trata de una forma de comunicaci\u00f3n efectiva y saludable que nos\" \/>\n\t\t<meta property=\"og:url\" content=\"https:\/\/dudasytextos.com\/preguntaquees\/que-es-la-comunicacion-asertiva\/\" \/>\n\t\t<meta property=\"article:published_time\" content=\"2025-02-21T05:04:01+00:00\" \/>\n\t\t<meta property=\"article:modified_time\" content=\"2025-03-13T00:30:17+00:00\" \/>\n\t\t<meta name=\"twitter:card\" content=\"summary_large_image\" \/>\n\t\t<meta name=\"twitter:title\" content=\"Qu\u00e9 es la comunicacion asertiva (2026) \u00bfQu\u00e9 es?\" \/>\n\t\t<meta name=\"twitter:description\" content=\"Mi experiencia con la comunicaci\u00f3n asertiva Por Ana Gonz\u00e1lez Qu\u00e9 es la comunicaci\u00f3n asertiva La comunicaci\u00f3n asertiva es una habilidad social que consiste en expresar nuestros pensamientos, sentimientos y necesidades de manera clara y respetuosa, sin agredir ni ser agredidos por los dem\u00e1s. Se trata de una forma de comunicaci\u00f3n efectiva y saludable que nos\" \/>\n\t\t<script type=\"application\/ld+json\" class=\"aioseo-schema\">\n\t\t\t{\"@context\":\"https:\\\/\\\/schema.org\",\"@graph\":[{\"@type\":\"BlogPosting\",\"@id\":\"https:\\\/\\\/dudasytextos.com\\\/preguntaquees\\\/que-es-la-comunicacion-asertiva\\\/#blogposting\",\"name\":\"Qu\\u00e9 es la comunicacion asertiva (2026) \\u00bfQu\\u00e9 es?\",\"headline\":\"Qu\\u00e9 es la comunicacion asertiva\",\"author\":{\"@id\":\"https:\\\/\\\/dudasytextos.com\\\/preguntaquees\\\/author\\\/admin44\\\/#author\"},\"publisher\":{\"@id\":\"https:\\\/\\\/dudasytextos.com\\\/preguntaquees\\\/#organization\"},\"datePublished\":\"2025-02-21T05:04:01+00:00\",\"dateModified\":\"2025-03-13T00:30:17+00:00\",\"inLanguage\":\"es-ES\",\"mainEntityOfPage\":{\"@id\":\"https:\\\/\\\/dudasytextos.com\\\/preguntaquees\\\/que-es-la-comunicacion-asertiva\\\/#webpage\"},\"isPartOf\":{\"@id\":\"https:\\\/\\\/dudasytextos.com\\\/preguntaquees\\\/que-es-la-comunicacion-asertiva\\\/#webpage\"},\"articleSection\":\"\\u00bfQu\\u00e9 es?\"},{\"@type\":\"BreadcrumbList\",\"@id\":\"https:\\\/\\\/dudasytextos.com\\\/preguntaquees\\\/que-es-la-comunicacion-asertiva\\\/#breadcrumblist\",\"itemListElement\":[{\"@type\":\"ListItem\",\"@id\":\"https:\\\/\\\/dudasytextos.com\\\/preguntaquees#listItem\",\"position\":1,\"name\":\"Inicio\",\"item\":\"https:\\\/\\\/dudasytextos.com\\\/preguntaquees\",\"nextItem\":{\"@type\":\"ListItem\",\"@id\":\"https:\\\/\\\/dudasytextos.com\\\/preguntaquees\\\/category\\\/que-es\\\/#listItem\",\"name\":\"\\u00bfQu\\u00e9 es?\"}},{\"@type\":\"ListItem\",\"@id\":\"https:\\\/\\\/dudasytextos.com\\\/preguntaquees\\\/category\\\/que-es\\\/#listItem\",\"position\":2,\"name\":\"\\u00bfQu\\u00e9 es?\",\"item\":\"https:\\\/\\\/dudasytextos.com\\\/preguntaquees\\\/category\\\/que-es\\\/\",\"nextItem\":{\"@type\":\"ListItem\",\"@id\":\"https:\\\/\\\/dudasytextos.com\\\/preguntaquees\\\/que-es-la-comunicacion-asertiva\\\/#listItem\",\"name\":\"Qu\\u00e9 es la comunicacion asertiva\"},\"previousItem\":{\"@type\":\"ListItem\",\"@id\":\"https:\\\/\\\/dudasytextos.com\\\/preguntaquees#listItem\",\"name\":\"Inicio\"}},{\"@type\":\"ListItem\",\"@id\":\"https:\\\/\\\/dudasytextos.com\\\/preguntaquees\\\/que-es-la-comunicacion-asertiva\\\/#listItem\",\"position\":3,\"name\":\"Qu\\u00e9 es la comunicacion asertiva\",\"previousItem\":{\"@type\":\"ListItem\",\"@id\":\"https:\\\/\\\/dudasytextos.com\\\/preguntaquees\\\/category\\\/que-es\\\/#listItem\",\"name\":\"\\u00bfQu\\u00e9 es?\"}}]},{\"@type\":\"Organization\",\"@id\":\"https:\\\/\\\/dudasytextos.com\\\/preguntaquees\\\/#organization\",\"name\":\"\\u00bfC\\u00f3mo funciona?\",\"description\":\"\\u00bfQu\\u00e9 es?\",\"url\":\"https:\\\/\\\/dudasytextos.com\\\/preguntaquees\\\/\"},{\"@type\":\"Person\",\"@id\":\"https:\\\/\\\/dudasytextos.com\\\/preguntaquees\\\/author\\\/admin44\\\/#author\",\"url\":\"https:\\\/\\\/dudasytextos.com\\\/preguntaquees\\\/author\\\/admin44\\\/\",\"name\":\"Ana Gonz\\u00e1lez\"},{\"@type\":\"WebPage\",\"@id\":\"https:\\\/\\\/dudasytextos.com\\\/preguntaquees\\\/que-es-la-comunicacion-asertiva\\\/#webpage\",\"url\":\"https:\\\/\\\/dudasytextos.com\\\/preguntaquees\\\/que-es-la-comunicacion-asertiva\\\/\",\"name\":\"Qu\\u00e9 es la comunicacion asertiva (2026) \\u00bfQu\\u00e9 es?\",\"description\":\"Mi experiencia con la comunicaci\\u00f3n asertiva Por Ana Gonz\\u00e1lez Qu\\u00e9 es la comunicaci\\u00f3n asertiva La comunicaci\\u00f3n asertiva es una habilidad social que consiste en expresar nuestros pensamientos, sentimientos y necesidades de manera clara y respetuosa, sin agredir ni ser agredidos por los dem\\u00e1s. Se trata de una forma de comunicaci\\u00f3n efectiva y saludable que nos\",\"inLanguage\":\"es-ES\",\"isPartOf\":{\"@id\":\"https:\\\/\\\/dudasytextos.com\\\/preguntaquees\\\/#website\"},\"breadcrumb\":{\"@id\":\"https:\\\/\\\/dudasytextos.com\\\/preguntaquees\\\/que-es-la-comunicacion-asertiva\\\/#breadcrumblist\"},\"author\":{\"@id\":\"https:\\\/\\\/dudasytextos.com\\\/preguntaquees\\\/author\\\/admin44\\\/#author\"},\"creator\":{\"@id\":\"https:\\\/\\\/dudasytextos.com\\\/preguntaquees\\\/author\\\/admin44\\\/#author\"},\"datePublished\":\"2025-02-21T05:04:01+00:00\",\"dateModified\":\"2025-03-13T00:30:17+00:00\"},{\"@type\":\"WebSite\",\"@id\":\"https:\\\/\\\/dudasytextos.com\\\/preguntaquees\\\/#website\",\"url\":\"https:\\\/\\\/dudasytextos.com\\\/preguntaquees\\\/\",\"name\":\"\\u00bfC\\u00f3mo funciona?\",\"description\":\"\\u00bfQu\\u00e9 es?\",\"inLanguage\":\"es-ES\",\"publisher\":{\"@id\":\"https:\\\/\\\/dudasytextos.com\\\/preguntaquees\\\/#organization\"}}]}\n\t\t<\/script>\n\t\t<!-- All in One SEO -->\n\n","aioseo_head_json":{"title":"Qu\u00e9 es la comunicacion asertiva (2026) \u00bfQu\u00e9 es?","description":"Mi experiencia con la comunicaci\u00f3n asertiva Por Ana Gonz\u00e1lez Qu\u00e9 es la comunicaci\u00f3n asertiva La comunicaci\u00f3n asertiva es una habilidad social que consiste en expresar nuestros pensamientos, sentimientos y necesidades de manera clara y respetuosa, sin agredir ni ser agredidos por los dem\u00e1s. Se trata de una forma de comunicaci\u00f3n efectiva y saludable que nos","canonical_url":"https:\/\/dudasytextos.com\/preguntaquees\/que-es-la-comunicacion-asertiva\/","robots":"max-snippet:-1, max-image-preview:large, max-video-preview:-1","keywords":"","webmasterTools":{"miscellaneous":"&lt;!-- Google tag (gtag.js) --&gt;\n&lt;script async src=\"https:\/\/www.googletagmanager.com\/gtag\/js?id=G-QEZWJ7M6T7\"&gt;&lt;\/script&gt;\n&lt;script&gt;\n  window.dataLayer = window.dataLayer || [];\n  function gtag(){dataLayer.push(arguments);}\n  gtag('js', new Date());\n\n  gtag('config', 'G-QEZWJ7M6T7');\n&lt;\/script&gt;\n&lt;script async src=\"https:\/\/pagead2.googlesyndication.com\/pagead\/js\/adsbygoogle.js?client=ca-pub-3987500858204711\"\n     crossorigin=\"anonymous\"&gt;&lt;\/script&gt;"},"schema":{"@context":"https:\/\/schema.org","@graph":[{"@type":"BlogPosting","@id":"https:\/\/dudasytextos.com\/preguntaquees\/que-es-la-comunicacion-asertiva\/#blogposting","name":"Qu\u00e9 es la comunicacion asertiva (2026) \u00bfQu\u00e9 es?","headline":"Qu\u00e9 es la comunicacion asertiva","author":{"@id":"https:\/\/dudasytextos.com\/preguntaquees\/author\/admin44\/#author"},"publisher":{"@id":"https:\/\/dudasytextos.com\/preguntaquees\/#organization"},"datePublished":"2025-02-21T05:04:01+00:00","dateModified":"2025-03-13T00:30:17+00:00","inLanguage":"es-ES","mainEntityOfPage":{"@id":"https:\/\/dudasytextos.com\/preguntaquees\/que-es-la-comunicacion-asertiva\/#webpage"},"isPartOf":{"@id":"https:\/\/dudasytextos.com\/preguntaquees\/que-es-la-comunicacion-asertiva\/#webpage"},"articleSection":"\u00bfQu\u00e9 es?"},{"@type":"BreadcrumbList","@id":"https:\/\/dudasytextos.com\/preguntaquees\/que-es-la-comunicacion-asertiva\/#breadcrumblist","itemListElement":[{"@type":"ListItem","@id":"https:\/\/dudasytextos.com\/preguntaquees#listItem","position":1,"name":"Inicio","item":"https:\/\/dudasytextos.com\/preguntaquees","nextItem":{"@type":"ListItem","@id":"https:\/\/dudasytextos.com\/preguntaquees\/category\/que-es\/#listItem","name":"\u00bfQu\u00e9 es?"}},{"@type":"ListItem","@id":"https:\/\/dudasytextos.com\/preguntaquees\/category\/que-es\/#listItem","position":2,"name":"\u00bfQu\u00e9 es?","item":"https:\/\/dudasytextos.com\/preguntaquees\/category\/que-es\/","nextItem":{"@type":"ListItem","@id":"https:\/\/dudasytextos.com\/preguntaquees\/que-es-la-comunicacion-asertiva\/#listItem","name":"Qu\u00e9 es la comunicacion asertiva"},"previousItem":{"@type":"ListItem","@id":"https:\/\/dudasytextos.com\/preguntaquees#listItem","name":"Inicio"}},{"@type":"ListItem","@id":"https:\/\/dudasytextos.com\/preguntaquees\/que-es-la-comunicacion-asertiva\/#listItem","position":3,"name":"Qu\u00e9 es la comunicacion asertiva","previousItem":{"@type":"ListItem","@id":"https:\/\/dudasytextos.com\/preguntaquees\/category\/que-es\/#listItem","name":"\u00bfQu\u00e9 es?"}}]},{"@type":"Organization","@id":"https:\/\/dudasytextos.com\/preguntaquees\/#organization","name":"\u00bfC\u00f3mo funciona?","description":"\u00bfQu\u00e9 es?","url":"https:\/\/dudasytextos.com\/preguntaquees\/"},{"@type":"Person","@id":"https:\/\/dudasytextos.com\/preguntaquees\/author\/admin44\/#author","url":"https:\/\/dudasytextos.com\/preguntaquees\/author\/admin44\/","name":"Ana Gonz\u00e1lez"},{"@type":"WebPage","@id":"https:\/\/dudasytextos.com\/preguntaquees\/que-es-la-comunicacion-asertiva\/#webpage","url":"https:\/\/dudasytextos.com\/preguntaquees\/que-es-la-comunicacion-asertiva\/","name":"Qu\u00e9 es la comunicacion asertiva (2026) \u00bfQu\u00e9 es?","description":"Mi experiencia con la comunicaci\u00f3n asertiva Por Ana Gonz\u00e1lez Qu\u00e9 es la comunicaci\u00f3n asertiva La comunicaci\u00f3n asertiva es una habilidad social que consiste en expresar nuestros pensamientos, sentimientos y necesidades de manera clara y respetuosa, sin agredir ni ser agredidos por los dem\u00e1s. Se trata de una forma de comunicaci\u00f3n efectiva y saludable que nos","inLanguage":"es-ES","isPartOf":{"@id":"https:\/\/dudasytextos.com\/preguntaquees\/#website"},"breadcrumb":{"@id":"https:\/\/dudasytextos.com\/preguntaquees\/que-es-la-comunicacion-asertiva\/#breadcrumblist"},"author":{"@id":"https:\/\/dudasytextos.com\/preguntaquees\/author\/admin44\/#author"},"creator":{"@id":"https:\/\/dudasytextos.com\/preguntaquees\/author\/admin44\/#author"},"datePublished":"2025-02-21T05:04:01+00:00","dateModified":"2025-03-13T00:30:17+00:00"},{"@type":"WebSite","@id":"https:\/\/dudasytextos.com\/preguntaquees\/#website","url":"https:\/\/dudasytextos.com\/preguntaquees\/","name":"\u00bfC\u00f3mo funciona?","description":"\u00bfQu\u00e9 es?","inLanguage":"es-ES","publisher":{"@id":"https:\/\/dudasytextos.com\/preguntaquees\/#organization"}}]},"og:locale":"es_ES","og:site_name":"\u00bfQu\u00e9 es? - \u00bfQu\u00e9 es?","og:type":"article","og:title":"Qu\u00e9 es la comunicacion asertiva (2026) \u00bfQu\u00e9 es?","og:description":"Mi experiencia con la comunicaci\u00f3n asertiva Por Ana Gonz\u00e1lez Qu\u00e9 es la comunicaci\u00f3n asertiva La comunicaci\u00f3n asertiva es una habilidad social que consiste en expresar nuestros pensamientos, sentimientos y necesidades de manera clara y respetuosa, sin agredir ni ser agredidos por los dem\u00e1s. Se trata de una forma de comunicaci\u00f3n efectiva y saludable que nos","og:url":"https:\/\/dudasytextos.com\/preguntaquees\/que-es-la-comunicacion-asertiva\/","article:published_time":"2025-02-21T05:04:01+00:00","article:modified_time":"2025-03-13T00:30:17+00:00","twitter:card":"summary_large_image","twitter:title":"Qu\u00e9 es la comunicacion asertiva (2026) \u00bfQu\u00e9 es?","twitter:description":"Mi experiencia con la comunicaci\u00f3n asertiva Por Ana Gonz\u00e1lez Qu\u00e9 es la comunicaci\u00f3n asertiva La comunicaci\u00f3n asertiva es una habilidad social que consiste en expresar nuestros pensamientos, sentimientos y necesidades de manera clara y respetuosa, sin agredir ni ser agredidos por los dem\u00e1s. Se trata de una forma de comunicaci\u00f3n efectiva y saludable que nos"},"aioseo_meta_data":{"post_id":"150381","title":null,"description":null,"keywords":null,"keyphrases":null,"primary_term":null,"canonical_url":null,"og_title":null,"og_description":null,"og_object_type":"default","og_image_type":"default","og_image_url":null,"og_image_width":null,"og_image_height":null,"og_image_custom_url":null,"og_image_custom_fields":null,"og_video":null,"og_custom_url":null,"og_article_section":null,"og_article_tags":null,"twitter_use_og":false,"twitter_card":"default","twitter_image_type":"default","twitter_image_url":null,"twitter_image_custom_url":null,"twitter_image_custom_fields":null,"twitter_title":null,"twitter_description":null,"schema":{"blockGraphs":[],"customGraphs":[],"default":{"data":{"Article":[],"Course":[],"Dataset":[],"FAQPage":[],"Movie":[],"Person":[],"Product":[],"ProductReview":[],"Car":[],"Recipe":[],"Service":[],"SoftwareApplication":[],"WebPage":[]},"graphName":"","isEnabled":true},"graphs":[]},"schema_type":"default","schema_type_options":null,"pillar_content":false,"robots_default":true,"robots_noindex":false,"robots_noarchive":false,"robots_nosnippet":false,"robots_nofollow":false,"robots_noimageindex":false,"robots_noodp":false,"robots_notranslate":false,"robots_max_snippet":null,"robots_max_videopreview":null,"robots_max_imagepreview":"large","priority":null,"frequency":null,"local_seo":null,"breadcrumb_settings":null,"limit_modified_date":false,"ai":null,"created":"2023-05-12 01:46:21","updated":"2025-06-03 22:53:05","seo_analyzer_scan_date":null,"focus_keyword":null,"additional_keywords":null,"truseo_locale":null},"aioseo_breadcrumb":"<div class=\"aioseo-breadcrumbs\"><span class=\"aioseo-breadcrumb\">\n\t\t\t<a href=\"https:\/\/dudasytextos.com\/preguntaquees\" title=\"Inicio\">Inicio<\/a>\n\t\t<\/span><span class=\"aioseo-breadcrumb-separator\">&raquo;<\/span><span class=\"aioseo-breadcrumb\">\n\t\t\t<a href=\"https:\/\/dudasytextos.com\/preguntaquees\/category\/que-es\/\" title=\"\u00bfQu\u00e9 es?\">\u00bfQu\u00e9 es?<\/a>\n\t\t<\/span><span class=\"aioseo-breadcrumb-separator\">&raquo;<\/span><span class=\"aioseo-breadcrumb\">\n\t\t\tQu\u00e9 es la comunicacion asertiva\n\t\t<\/span><\/div>","aioseo_breadcrumb_json":[{"label":"Inicio","link":"https:\/\/dudasytextos.com\/preguntaquees"},{"label":"\u00bfQu\u00e9 es?","link":"https:\/\/dudasytextos.com\/preguntaquees\/category\/que-es\/"},{"label":"Qu\u00e9 es la comunicacion asertiva","link":"https:\/\/dudasytextos.com\/preguntaquees\/que-es-la-comunicacion-asertiva\/"}],"_links":{"self":[{"href":"https:\/\/dudasytextos.com\/preguntaquees\/wp-json\/wp\/v2\/posts\/150381","targetHints":{"allow":["GET"]}}],"collection":[{"href":"https:\/\/dudasytextos.com\/preguntaquees\/wp-json\/wp\/v2\/posts"}],"about":[{"href":"https:\/\/dudasytextos.com\/preguntaquees\/wp-json\/wp\/v2\/types\/post"}],"author":[{"embeddable":true,"href":"https:\/\/dudasytextos.com\/preguntaquees\/wp-json\/wp\/v2\/users\/1"}],"replies":[{"embeddable":true,"href":"https:\/\/dudasytextos.com\/preguntaquees\/wp-json\/wp\/v2\/comments?post=150381"}],"version-history":[{"count":1,"href":"https:\/\/dudasytextos.com\/preguntaquees\/wp-json\/wp\/v2\/posts\/150381\/revisions"}],"predecessor-version":[{"id":155448,"href":"https:\/\/dudasytextos.com\/preguntaquees\/wp-json\/wp\/v2\/posts\/150381\/revisions\/155448"}],"wp:attachment":[{"href":"https:\/\/dudasytextos.com\/preguntaquees\/wp-json\/wp\/v2\/media?parent=150381"}],"wp:term":[{"taxonomy":"category","embeddable":true,"href":"https:\/\/dudasytextos.com\/preguntaquees\/wp-json\/wp\/v2\/categories?post=150381"},{"taxonomy":"post_tag","embeddable":true,"href":"https:\/\/dudasytextos.com\/preguntaquees\/wp-json\/wp\/v2\/tags?post=150381"}],"curies":[{"name":"wp","href":"https:\/\/api.w.org\/{rel}","templated":true}]}}