{"id":150429,"date":"2025-03-01T22:11:25","date_gmt":"2025-03-01T22:11:25","guid":{"rendered":"https:\/\/educacion.cc\/?p=150429"},"modified":"2025-03-13T04:14:15","modified_gmt":"2025-03-13T04:14:15","slug":"que-es-riesgo-de-exclusion-social","status":"publish","type":"post","link":"https:\/\/dudasytextos.com\/preguntaquees\/que-es-riesgo-de-exclusion-social\/","title":{"rendered":"Qu\u00e9 es riesgo de exclusion social"},"content":{"rendered":"<div id=\"ez-toc-container\" class=\"ez-toc-v2_0_87 counter-hierarchy ez-toc-counter ez-toc-custom ez-toc-container-direction\">\n<div class=\"ez-toc-title-container\">\n<span class=\"ez-toc-title-toggle\"><\/span><\/div>\n<nav><ul class='ez-toc-list ez-toc-list-level-1 ' ><li class='ez-toc-page-1 ez-toc-heading-level-2'><a class=\"ez-toc-link ez-toc-heading-1\" href=\"https:\/\/dudasytextos.com\/preguntaquees\/que-es-riesgo-de-exclusion-social\/#Mi_experiencia_con_el_riesgo_de_exclusion_social\" >Mi experiencia con el riesgo de exclusi\u00f3n social<\/a><\/li><li class='ez-toc-page-1 ez-toc-heading-level-2'><a class=\"ez-toc-link ez-toc-heading-2\" href=\"https:\/\/dudasytextos.com\/preguntaquees\/que-es-riesgo-de-exclusion-social\/#Curiosidades_y_estadisticas_sobre_el_riesgo_de_exclusion_social\" >Curiosidades y estad\u00edsticas sobre el riesgo de exclusi\u00f3n social<\/a><\/li><li class='ez-toc-page-1 ez-toc-heading-level-2'><a class=\"ez-toc-link ez-toc-heading-3\" href=\"https:\/\/dudasytextos.com\/preguntaquees\/que-es-riesgo-de-exclusion-social\/#%C2%BFQue_es_el_riesgo_de_exclusion_social\" >\u00bfQu\u00e9 es el riesgo de exclusi\u00f3n social?<\/a><\/li><li class='ez-toc-page-1 ez-toc-heading-level-2'><a class=\"ez-toc-link ez-toc-heading-4\" href=\"https:\/\/dudasytextos.com\/preguntaquees\/que-es-riesgo-de-exclusion-social\/#%C2%BFComo_afecta_el_riesgo_de_exclusion_social_a_las_personas\" >\u00bfC\u00f3mo afecta el riesgo de exclusi\u00f3n social a las personas?<\/a><\/li><li class='ez-toc-page-1 ez-toc-heading-level-2'><a class=\"ez-toc-link ez-toc-heading-5\" href=\"https:\/\/dudasytextos.com\/preguntaquees\/que-es-riesgo-de-exclusion-social\/#%C2%BFComo_prevenir_el_riesgo_de_exclusion_social\" >\u00bfC\u00f3mo prevenir el riesgo de exclusi\u00f3n social?<\/a><\/li><li class='ez-toc-page-1 ez-toc-heading-level-2'><a class=\"ez-toc-link ez-toc-heading-6\" href=\"https:\/\/dudasytextos.com\/preguntaquees\/que-es-riesgo-de-exclusion-social\/#%C2%BFComo_puede_ayudar_cada_uno_de_nosotros_a_prevenir_la_exclusion_social\" >\u00bfC\u00f3mo puede ayudar cada uno de nosotros a prevenir la exclusi\u00f3n social?<\/a><\/li><li class='ez-toc-page-1 ez-toc-heading-level-2'><a class=\"ez-toc-link ez-toc-heading-7\" href=\"https:\/\/dudasytextos.com\/preguntaquees\/que-es-riesgo-de-exclusion-social\/#Preguntas_frecuentes_sobre_el_riesgo_de_exclusion_social\" >Preguntas frecuentes sobre el riesgo de exclusi\u00f3n social<\/a><ul class='ez-toc-list-level-3' ><li class='ez-toc-heading-level-3'><a class=\"ez-toc-link ez-toc-heading-8\" href=\"https:\/\/dudasytextos.com\/preguntaquees\/que-es-riesgo-de-exclusion-social\/#%C2%BFPor_que_hay_personas_en_riesgo_de_exclusion_social\" >\u00bfPor qu\u00e9 hay personas en riesgo de exclusi\u00f3n social?<\/a><\/li><li class='ez-toc-page-1 ez-toc-heading-level-3'><a class=\"ez-toc-link ez-toc-heading-9\" href=\"https:\/\/dudasytextos.com\/preguntaquees\/que-es-riesgo-de-exclusion-social\/#%C2%BFQuienes_son_las_personas_mas_afectadas_por_el_riesgo_de_exclusion_social\" >\u00bfQui\u00e9nes son las personas m\u00e1s afectadas por el riesgo de exclusi\u00f3n social?<\/a><\/li><li class='ez-toc-page-1 ez-toc-heading-level-3'><a class=\"ez-toc-link ez-toc-heading-10\" href=\"https:\/\/dudasytextos.com\/preguntaquees\/que-es-riesgo-de-exclusion-social\/#%C2%BFQue_consecuencias_tiene_la_exclusion_social\" >\u00bfQu\u00e9 consecuencias tiene la exclusi\u00f3n social?<\/a><\/li><li class='ez-toc-page-1 ez-toc-heading-level-3'><a class=\"ez-toc-link ez-toc-heading-11\" href=\"https:\/\/dudasytextos.com\/preguntaquees\/que-es-riesgo-de-exclusion-social\/#%C2%BFComo_puedo_contribuir_a_prevenir_el_riesgo_de_exclusion_social\" >\u00bfC\u00f3mo puedo contribuir a prevenir el riesgo de exclusi\u00f3n social?<\/a><\/li><\/ul><\/li><\/ul><\/nav><\/div>\n<h2><span class=\"ez-toc-section\" id=\"Mi_experiencia_con_el_riesgo_de_exclusion_social\"><\/span>Mi experiencia con el riesgo de exclusi\u00f3n social<span class=\"ez-toc-section-end\"><\/span><\/h2>\n<p>Por Ana Gonz\u00e1lez<\/p>\n<section>\n<h2><span class=\"ez-toc-section\" id=\"Curiosidades_y_estadisticas_sobre_el_riesgo_de_exclusion_social\"><\/span>Curiosidades y estad\u00edsticas sobre el riesgo de exclusi\u00f3n social<span class=\"ez-toc-section-end\"><\/span><\/h2>\n<ul>\n<li>En Espa\u00f1a, cerca del 25% de la poblaci\u00f3n est\u00e1 en riesgo de exclusi\u00f3n social<\/li>\n<li>El desempleo y la precariedad laboral son los principales factores que aumentan el riesgo de exclusi\u00f3n social<\/li>\n<li>El 33,4% de los hogares monoparentales encabezados por mujeres en Espa\u00f1a se encuentran en riesgo de exclusi\u00f3n social<\/li>\n<li>La exclusi\u00f3n social no afecta solo a la econom\u00eda, sino tambi\u00e9n a la participaci\u00f3n social y pol\u00edtica, la educaci\u00f3n y la salud<\/li>\n<\/ul>\n<\/section>\n<section>\n<h2><span class=\"ez-toc-section\" id=\"%C2%BFQue_es_el_riesgo_de_exclusion_social\"><\/span>\u00bfQu\u00e9 es el riesgo de exclusi\u00f3n social?<span class=\"ez-toc-section-end\"><\/span><\/h2>\n<p>El riesgo de exclusi\u00f3n social es una situaci\u00f3n en la que una persona o grupo de personas se encuentran en una posici\u00f3n de desventaja en la sociedad y tienen dificultades para acceder a los derechos y servicios b\u00e1sicos, como la educaci\u00f3n, la salud, la vivienda, el empleo y la participaci\u00f3n social y pol\u00edtica. La exclusi\u00f3n social se debe a una combinaci\u00f3n de factores, como la pobreza, el desempleo, la discriminaci\u00f3n, la falta de habilidades y la falta de apoyo social. En definitiva, la exclusi\u00f3n social genera una brecha entre las personas que tienen acceso a los recursos y servicios b\u00e1sicos y aquellas que no los tienen, lo que aumenta las desigualdades y la injusticia social.<\/p>\n<\/section>\n<section>\n<h2><span class=\"ez-toc-section\" id=\"%C2%BFComo_afecta_el_riesgo_de_exclusion_social_a_las_personas\"><\/span>\u00bfC\u00f3mo afecta el riesgo de exclusi\u00f3n social a las personas?<span class=\"ez-toc-section-end\"><\/span><\/h2>\n<p>La exclusi\u00f3n social tiene consecuencias negativas en la vida de las personas y en la sociedad en general. Las personas que se encuentran en riesgo de exclusi\u00f3n social tienen menos oportunidades de acceso a la educaci\u00f3n, la vivienda y el empleo, lo que limita su desarrollo personal y profesional. Adem\u00e1s, la exclusi\u00f3n social puede tener efectos negativos en la salud f\u00edsica y mental, ya que las personas en riesgo de exclusi\u00f3n social tienen menos acceso a servicios de salud y sufren mayores niveles de estr\u00e9s y ansiedad. Finalmente, la exclusi\u00f3n social puede generar desigualdades y conflictos sociales, lo que afecta negativamente a la cohesi\u00f3n y la estabilidad de la sociedad.<\/p>\n<\/section>\n<section>\n<h2><span class=\"ez-toc-section\" id=\"%C2%BFComo_prevenir_el_riesgo_de_exclusion_social\"><\/span>\u00bfC\u00f3mo prevenir el riesgo de exclusi\u00f3n social?<span class=\"ez-toc-section-end\"><\/span><\/h2>\n<p>Para prevenir el riesgo de exclusi\u00f3n social, es necesario abordar las causas estructurales que generan la exclusi\u00f3n social, como la pobreza, el desempleo y la discriminaci\u00f3n. Algunas medidas para prevenir el riesgo de exclusi\u00f3n social son:<\/p>\n<ul>\n<li>Implementar pol\u00edticas de empleo y formaci\u00f3n que fomenten la inclusi\u00f3n laboral de las personas en riesgo de exclusi\u00f3n social<\/li>\n<li>Garantizar el acceso universal a los servicios b\u00e1sicos, como la educaci\u00f3n, la salud y la vivienda<\/li>\n<li>Promover la igualdad de oportunidades y la no discriminaci\u00f3n en todas las esferas de la vida<\/li>\n<li>Fomentar la participaci\u00f3n social y pol\u00edtica de las personas en riesgo de exclusi\u00f3n social<\/li>\n<li>Desarrollar redes de apoyo social y comunitario que promuevan la solidaridad y la cooperaci\u00f3n entre las personas<\/li>\n<\/ul>\n<\/section>\n<section>\n<h2><span class=\"ez-toc-section\" id=\"%C2%BFComo_puede_ayudar_cada_uno_de_nosotros_a_prevenir_la_exclusion_social\"><\/span>\u00bfC\u00f3mo puede ayudar cada uno de nosotros a prevenir la exclusi\u00f3n social?<span class=\"ez-toc-section-end\"><\/span><\/h2>\n<p>Aunque la exclusi\u00f3n social es un problema estructural que requiere soluciones a nivel pol\u00edtico y social, cada uno de nosotros puede contribuir a prevenir el riesgo de exclusi\u00f3n social en nuestra comunidad. Algunas formas en las que podemos ayudar son:<\/p>\n<ul>\n<li>Participar en actividades y organizaciones comunitarias que promuevan la inclusi\u00f3n social y la solidaridad<\/li>\n<li>Apoyar a las personas en situaci\u00f3n de vulnerabilidad, ofreciendo ayuda y recursos cuando sea posible<\/li>\n<li>Promover la igualdad y la no discriminaci\u00f3n en nuestras relaciones personales y profesionales<\/li>\n<li>Mantener una actitud cr\u00edtica y reflexiva sobre las desigualdades y la injusticia social, y actuar en consecuencia<\/li>\n<\/ul>\n<\/section>\n<section>\n<h2><span class=\"ez-toc-section\" id=\"Preguntas_frecuentes_sobre_el_riesgo_de_exclusion_social\"><\/span>Preguntas frecuentes sobre el riesgo de exclusi\u00f3n social<span class=\"ez-toc-section-end\"><\/span><\/h2>\n<h3><span class=\"ez-toc-section\" id=\"%C2%BFPor_que_hay_personas_en_riesgo_de_exclusion_social\"><\/span>\u00bfPor qu\u00e9 hay personas en riesgo de exclusi\u00f3n social?<span class=\"ez-toc-section-end\"><\/span><\/h3>\n<p>El riesgo de exclusi\u00f3n social se debe a una combinaci\u00f3n de factores, como la pobreza, el desempleo, la discriminaci\u00f3n, la falta de habilidades y la falta de apoyo social. Estos factores generan una brecha entre las personas que tienen acceso a los recursos y servicios b\u00e1sicos y aquellas que no los tienen, lo que aumenta las desigualdades y la injusticia social.<\/p>\n<h3><span class=\"ez-toc-section\" id=\"%C2%BFQuienes_son_las_personas_mas_afectadas_por_el_riesgo_de_exclusion_social\"><\/span>\u00bfQui\u00e9nes son las personas m\u00e1s afectadas por el riesgo de exclusi\u00f3n social?<span class=\"ez-toc-section-end\"><\/span><\/h3>\n<p>Las personas m\u00e1s afectadas por el riesgo de exclusi\u00f3n social son aquellas que tienen menos recursos y oportunidades para acceder a los servicios b\u00e1sicos, como la educaci\u00f3n, la salud, la vivienda y el empleo. Entre los grupos m\u00e1s vulnerables se encuentran las personas mayores, los ni\u00f1os y ni\u00f1as, las personas con discapacidad, los migrantes, las personas en situaci\u00f3n de sin hogar y las mujeres.<\/p>\n<h3><span class=\"ez-toc-section\" id=\"%C2%BFQue_consecuencias_tiene_la_exclusion_social\"><\/span>\u00bfQu\u00e9 consecuencias tiene la exclusi\u00f3n social?<span class=\"ez-toc-section-end\"><\/span><\/h3>\n<p>La exclusi\u00f3n social tiene consecuencias negativas en la vida de las personas y en la sociedad en general. Las personas que se encuentran en riesgo de exclusi\u00f3n social tienen menos oportunidades de acceso a la educaci\u00f3n, la vivienda y el empleo, lo que limita su desarrollo personal y profesional. Adem\u00e1s, la exclusi\u00f3n social puede tener efectos negativos en la salud f\u00edsica y mental, ya que las personas en riesgo de exclusi\u00f3n social tienen menos acceso a servicios de salud y sufren mayores niveles de estr\u00e9s y ansiedad. Finalmente, la exclusi\u00f3n social puede generar desigualdades y conflictos sociales, lo que afecta negativamente a la cohesi\u00f3n y la estabilidad de la sociedad.<\/p>\n<h3><span class=\"ez-toc-section\" id=\"%C2%BFComo_puedo_contribuir_a_prevenir_el_riesgo_de_exclusion_social\"><\/span>\u00bfC\u00f3mo puedo contribuir a prevenir el riesgo de exclusi\u00f3n social?<span class=\"ez-toc-section-end\"><\/span><\/h3>\n<p>Cada uno de nosotros puede contribuir a prevenir el riesgo de exclusi\u00f3n social en nuestra comunidad, promoviendo la inclusi\u00f3n social, la igualdad y la solidaridad. Algunas formas en las que podemos ayudar son participando en actividades y organizaciones comunitarias que promuevan la inclusi\u00f3n social y la solidaridad, apoyando a las personas en situaci\u00f3n de vulnerabilidad, promoviendo la igualdad y la no discriminaci\u00f3n en nuestras relaciones personales y profesionales, y manteniendo una actitud cr\u00edtica y reflexiva sobre las desigualdades y la injusticia social.<\/p>\n<\/section>\n<footer>\n<p>\u00a9 Ana Gonz\u00e1lez, 2021<\/p>\n<\/footer>\n","protected":false},"excerpt":{"rendered":"<p>Mi experiencia con el riesgo de exclusi\u00f3n social Por Ana Gonz\u00e1lez Curiosidades y estad\u00edsticas sobre el riesgo de exclusi\u00f3n social En Espa\u00f1a, cerca del 25% de la poblaci\u00f3n est\u00e1 en riesgo de exclusi\u00f3n social El desempleo y la precariedad laboral son los principales factores que aumentan el riesgo de exclusi\u00f3n social El 33,4% de los &#8230; <a title=\"Qu\u00e9 es riesgo de exclusion social\" class=\"read-more\" href=\"https:\/\/dudasytextos.com\/preguntaquees\/que-es-riesgo-de-exclusion-social\/\" aria-label=\"M\u00e1s en Qu\u00e9 es riesgo de exclusion social\">Leer m\u00e1s<\/a><\/p>\n","protected":false},"author":1,"featured_media":0,"comment_status":"open","ping_status":"open","sticky":false,"template":"","format":"standard","meta":{"footnotes":""},"categories":[4],"tags":[],"class_list":["post-150429","post","type-post","status-publish","format-standard","hentry","category-que-es"],"aioseo_notices":[],"aioseo_head":"\n\t\t<!-- All in One SEO 5.0.1.1 - aioseo.com -->\n\t<meta name=\"description\" content=\"Mi experiencia con el riesgo de exclusi\u00f3n social Por Ana Gonz\u00e1lez Curiosidades y estad\u00edsticas sobre el riesgo de exclusi\u00f3n social En Espa\u00f1a, cerca del 25% de la poblaci\u00f3n est\u00e1 en riesgo de exclusi\u00f3n social El desempleo y la precariedad laboral son los principales factores que aumentan el riesgo de exclusi\u00f3n social El 33,4% de los\" \/>\n\t<meta name=\"robots\" content=\"max-snippet:-1, max-image-preview:large, max-video-preview:-1\" \/>\n\t<meta name=\"author\" content=\"Ana Gonz\u00e1lez\"\/>\n\t<link rel=\"canonical\" href=\"https:\/\/dudasytextos.com\/preguntaquees\/que-es-riesgo-de-exclusion-social\/\" \/>\n\t<meta name=\"generator\" content=\"All in One SEO (AIOSEO) 5.0.1.1\" \/>\n\n\t\t<!-- Google tag (gtag.js) -->\n<script async src=\"https:\/\/www.googletagmanager.com\/gtag\/js?id=G-QEZWJ7M6T7\"><\/script>\n<script>\n  window.dataLayer = window.dataLayer || [];\n  function gtag(){dataLayer.push(arguments);}\n  gtag('js', new Date());\n\n  gtag('config', 'G-QEZWJ7M6T7');\n<\/script>\n<script async src=\"https:\/\/pagead2.googlesyndication.com\/pagead\/js\/adsbygoogle.js?client=ca-pub-3987500858204711\"\n     crossorigin=\"anonymous\"><\/script>\n\t\t<meta property=\"og:locale\" content=\"es_ES\" \/>\n\t\t<meta property=\"og:site_name\" content=\"\u00bfQu\u00e9 es? - \u00bfQu\u00e9 es?\" \/>\n\t\t<meta property=\"og:type\" content=\"article\" \/>\n\t\t<meta property=\"og:title\" content=\"Qu\u00e9 es riesgo de exclusion social (2026) \u00bfQu\u00e9 es?\" \/>\n\t\t<meta property=\"og:description\" content=\"Mi experiencia con el riesgo de exclusi\u00f3n social Por Ana Gonz\u00e1lez Curiosidades y estad\u00edsticas sobre el riesgo de exclusi\u00f3n social En Espa\u00f1a, cerca del 25% de la poblaci\u00f3n est\u00e1 en riesgo de exclusi\u00f3n social El desempleo y la precariedad laboral son los principales factores que aumentan el riesgo de exclusi\u00f3n social El 33,4% de los\" \/>\n\t\t<meta property=\"og:url\" content=\"https:\/\/dudasytextos.com\/preguntaquees\/que-es-riesgo-de-exclusion-social\/\" \/>\n\t\t<meta property=\"article:published_time\" content=\"2025-03-01T22:11:25+00:00\" \/>\n\t\t<meta property=\"article:modified_time\" content=\"2025-03-13T04:14:15+00:00\" \/>\n\t\t<meta name=\"twitter:card\" content=\"summary_large_image\" \/>\n\t\t<meta name=\"twitter:title\" content=\"Qu\u00e9 es riesgo de exclusion social (2026) \u00bfQu\u00e9 es?\" \/>\n\t\t<meta name=\"twitter:description\" content=\"Mi experiencia con el riesgo de exclusi\u00f3n social Por Ana Gonz\u00e1lez Curiosidades y estad\u00edsticas sobre el riesgo de exclusi\u00f3n social En Espa\u00f1a, cerca del 25% de la poblaci\u00f3n est\u00e1 en riesgo de exclusi\u00f3n social El desempleo y la precariedad laboral son los principales factores que aumentan el riesgo de exclusi\u00f3n social El 33,4% de los\" \/>\n\t\t<script type=\"application\/ld+json\" class=\"aioseo-schema\">\n\t\t\t{\"@context\":\"https:\\\/\\\/schema.org\",\"@graph\":[{\"@type\":\"BlogPosting\",\"@id\":\"https:\\\/\\\/dudasytextos.com\\\/preguntaquees\\\/que-es-riesgo-de-exclusion-social\\\/#blogposting\",\"name\":\"Qu\\u00e9 es riesgo de exclusion social (2026) \\u00bfQu\\u00e9 es?\",\"headline\":\"Qu\\u00e9 es riesgo de exclusion social\",\"author\":{\"@id\":\"https:\\\/\\\/dudasytextos.com\\\/preguntaquees\\\/author\\\/admin44\\\/#author\"},\"publisher\":{\"@id\":\"https:\\\/\\\/dudasytextos.com\\\/preguntaquees\\\/#organization\"},\"datePublished\":\"2025-03-01T22:11:25+00:00\",\"dateModified\":\"2025-03-13T04:14:15+00:00\",\"inLanguage\":\"es-ES\",\"mainEntityOfPage\":{\"@id\":\"https:\\\/\\\/dudasytextos.com\\\/preguntaquees\\\/que-es-riesgo-de-exclusion-social\\\/#webpage\"},\"isPartOf\":{\"@id\":\"https:\\\/\\\/dudasytextos.com\\\/preguntaquees\\\/que-es-riesgo-de-exclusion-social\\\/#webpage\"},\"articleSection\":\"\\u00bfQu\\u00e9 es?\"},{\"@type\":\"BreadcrumbList\",\"@id\":\"https:\\\/\\\/dudasytextos.com\\\/preguntaquees\\\/que-es-riesgo-de-exclusion-social\\\/#breadcrumblist\",\"itemListElement\":[{\"@type\":\"ListItem\",\"@id\":\"https:\\\/\\\/dudasytextos.com\\\/preguntaquees#listItem\",\"position\":1,\"name\":\"Inicio\",\"item\":\"https:\\\/\\\/dudasytextos.com\\\/preguntaquees\",\"nextItem\":{\"@type\":\"ListItem\",\"@id\":\"https:\\\/\\\/dudasytextos.com\\\/preguntaquees\\\/category\\\/que-es\\\/#listItem\",\"name\":\"\\u00bfQu\\u00e9 es?\"}},{\"@type\":\"ListItem\",\"@id\":\"https:\\\/\\\/dudasytextos.com\\\/preguntaquees\\\/category\\\/que-es\\\/#listItem\",\"position\":2,\"name\":\"\\u00bfQu\\u00e9 es?\",\"item\":\"https:\\\/\\\/dudasytextos.com\\\/preguntaquees\\\/category\\\/que-es\\\/\",\"nextItem\":{\"@type\":\"ListItem\",\"@id\":\"https:\\\/\\\/dudasytextos.com\\\/preguntaquees\\\/que-es-riesgo-de-exclusion-social\\\/#listItem\",\"name\":\"Qu\\u00e9 es riesgo de exclusion social\"},\"previousItem\":{\"@type\":\"ListItem\",\"@id\":\"https:\\\/\\\/dudasytextos.com\\\/preguntaquees#listItem\",\"name\":\"Inicio\"}},{\"@type\":\"ListItem\",\"@id\":\"https:\\\/\\\/dudasytextos.com\\\/preguntaquees\\\/que-es-riesgo-de-exclusion-social\\\/#listItem\",\"position\":3,\"name\":\"Qu\\u00e9 es riesgo de exclusion social\",\"previousItem\":{\"@type\":\"ListItem\",\"@id\":\"https:\\\/\\\/dudasytextos.com\\\/preguntaquees\\\/category\\\/que-es\\\/#listItem\",\"name\":\"\\u00bfQu\\u00e9 es?\"}}]},{\"@type\":\"Organization\",\"@id\":\"https:\\\/\\\/dudasytextos.com\\\/preguntaquees\\\/#organization\",\"name\":\"\\u00bfC\\u00f3mo funciona?\",\"description\":\"\\u00bfQu\\u00e9 es?\",\"url\":\"https:\\\/\\\/dudasytextos.com\\\/preguntaquees\\\/\"},{\"@type\":\"Person\",\"@id\":\"https:\\\/\\\/dudasytextos.com\\\/preguntaquees\\\/author\\\/admin44\\\/#author\",\"url\":\"https:\\\/\\\/dudasytextos.com\\\/preguntaquees\\\/author\\\/admin44\\\/\",\"name\":\"Ana Gonz\\u00e1lez\"},{\"@type\":\"WebPage\",\"@id\":\"https:\\\/\\\/dudasytextos.com\\\/preguntaquees\\\/que-es-riesgo-de-exclusion-social\\\/#webpage\",\"url\":\"https:\\\/\\\/dudasytextos.com\\\/preguntaquees\\\/que-es-riesgo-de-exclusion-social\\\/\",\"name\":\"Qu\\u00e9 es riesgo de exclusion social (2026) \\u00bfQu\\u00e9 es?\",\"description\":\"Mi experiencia con el riesgo de exclusi\\u00f3n social Por Ana Gonz\\u00e1lez Curiosidades y estad\\u00edsticas sobre el riesgo de exclusi\\u00f3n social En Espa\\u00f1a, cerca del 25% de la poblaci\\u00f3n est\\u00e1 en riesgo de exclusi\\u00f3n social El desempleo y la precariedad laboral son los principales factores que aumentan el riesgo de exclusi\\u00f3n social El 33,4% de los\",\"inLanguage\":\"es-ES\",\"isPartOf\":{\"@id\":\"https:\\\/\\\/dudasytextos.com\\\/preguntaquees\\\/#website\"},\"breadcrumb\":{\"@id\":\"https:\\\/\\\/dudasytextos.com\\\/preguntaquees\\\/que-es-riesgo-de-exclusion-social\\\/#breadcrumblist\"},\"author\":{\"@id\":\"https:\\\/\\\/dudasytextos.com\\\/preguntaquees\\\/author\\\/admin44\\\/#author\"},\"creator\":{\"@id\":\"https:\\\/\\\/dudasytextos.com\\\/preguntaquees\\\/author\\\/admin44\\\/#author\"},\"datePublished\":\"2025-03-01T22:11:25+00:00\",\"dateModified\":\"2025-03-13T04:14:15+00:00\"},{\"@type\":\"WebSite\",\"@id\":\"https:\\\/\\\/dudasytextos.com\\\/preguntaquees\\\/#website\",\"url\":\"https:\\\/\\\/dudasytextos.com\\\/preguntaquees\\\/\",\"name\":\"\\u00bfC\\u00f3mo funciona?\",\"description\":\"\\u00bfQu\\u00e9 es?\",\"inLanguage\":\"es-ES\",\"publisher\":{\"@id\":\"https:\\\/\\\/dudasytextos.com\\\/preguntaquees\\\/#organization\"}}]}\n\t\t<\/script>\n\t\t<!-- All in One SEO -->\n\n","aioseo_head_json":{"title":"Qu\u00e9 es riesgo de exclusion social (2026) \u00bfQu\u00e9 es?","description":"Mi experiencia con el riesgo de exclusi\u00f3n social Por Ana Gonz\u00e1lez Curiosidades y estad\u00edsticas sobre el riesgo de exclusi\u00f3n social En Espa\u00f1a, cerca del 25% de la poblaci\u00f3n est\u00e1 en riesgo de exclusi\u00f3n social El desempleo y la precariedad laboral son los principales factores que aumentan el riesgo de exclusi\u00f3n social El 33,4% de los","canonical_url":"https:\/\/dudasytextos.com\/preguntaquees\/que-es-riesgo-de-exclusion-social\/","robots":"max-snippet:-1, max-image-preview:large, max-video-preview:-1","keywords":"","webmasterTools":{"miscellaneous":"&lt;!-- Google tag (gtag.js) --&gt;\n&lt;script async src=\"https:\/\/www.googletagmanager.com\/gtag\/js?id=G-QEZWJ7M6T7\"&gt;&lt;\/script&gt;\n&lt;script&gt;\n  window.dataLayer = window.dataLayer || [];\n  function gtag(){dataLayer.push(arguments);}\n  gtag('js', new Date());\n\n  gtag('config', 'G-QEZWJ7M6T7');\n&lt;\/script&gt;\n&lt;script async src=\"https:\/\/pagead2.googlesyndication.com\/pagead\/js\/adsbygoogle.js?client=ca-pub-3987500858204711\"\n     crossorigin=\"anonymous\"&gt;&lt;\/script&gt;"},"schema":{"@context":"https:\/\/schema.org","@graph":[{"@type":"BlogPosting","@id":"https:\/\/dudasytextos.com\/preguntaquees\/que-es-riesgo-de-exclusion-social\/#blogposting","name":"Qu\u00e9 es riesgo de exclusion social (2026) \u00bfQu\u00e9 es?","headline":"Qu\u00e9 es riesgo de exclusion social","author":{"@id":"https:\/\/dudasytextos.com\/preguntaquees\/author\/admin44\/#author"},"publisher":{"@id":"https:\/\/dudasytextos.com\/preguntaquees\/#organization"},"datePublished":"2025-03-01T22:11:25+00:00","dateModified":"2025-03-13T04:14:15+00:00","inLanguage":"es-ES","mainEntityOfPage":{"@id":"https:\/\/dudasytextos.com\/preguntaquees\/que-es-riesgo-de-exclusion-social\/#webpage"},"isPartOf":{"@id":"https:\/\/dudasytextos.com\/preguntaquees\/que-es-riesgo-de-exclusion-social\/#webpage"},"articleSection":"\u00bfQu\u00e9 es?"},{"@type":"BreadcrumbList","@id":"https:\/\/dudasytextos.com\/preguntaquees\/que-es-riesgo-de-exclusion-social\/#breadcrumblist","itemListElement":[{"@type":"ListItem","@id":"https:\/\/dudasytextos.com\/preguntaquees#listItem","position":1,"name":"Inicio","item":"https:\/\/dudasytextos.com\/preguntaquees","nextItem":{"@type":"ListItem","@id":"https:\/\/dudasytextos.com\/preguntaquees\/category\/que-es\/#listItem","name":"\u00bfQu\u00e9 es?"}},{"@type":"ListItem","@id":"https:\/\/dudasytextos.com\/preguntaquees\/category\/que-es\/#listItem","position":2,"name":"\u00bfQu\u00e9 es?","item":"https:\/\/dudasytextos.com\/preguntaquees\/category\/que-es\/","nextItem":{"@type":"ListItem","@id":"https:\/\/dudasytextos.com\/preguntaquees\/que-es-riesgo-de-exclusion-social\/#listItem","name":"Qu\u00e9 es riesgo de exclusion social"},"previousItem":{"@type":"ListItem","@id":"https:\/\/dudasytextos.com\/preguntaquees#listItem","name":"Inicio"}},{"@type":"ListItem","@id":"https:\/\/dudasytextos.com\/preguntaquees\/que-es-riesgo-de-exclusion-social\/#listItem","position":3,"name":"Qu\u00e9 es riesgo de exclusion social","previousItem":{"@type":"ListItem","@id":"https:\/\/dudasytextos.com\/preguntaquees\/category\/que-es\/#listItem","name":"\u00bfQu\u00e9 es?"}}]},{"@type":"Organization","@id":"https:\/\/dudasytextos.com\/preguntaquees\/#organization","name":"\u00bfC\u00f3mo funciona?","description":"\u00bfQu\u00e9 es?","url":"https:\/\/dudasytextos.com\/preguntaquees\/"},{"@type":"Person","@id":"https:\/\/dudasytextos.com\/preguntaquees\/author\/admin44\/#author","url":"https:\/\/dudasytextos.com\/preguntaquees\/author\/admin44\/","name":"Ana Gonz\u00e1lez"},{"@type":"WebPage","@id":"https:\/\/dudasytextos.com\/preguntaquees\/que-es-riesgo-de-exclusion-social\/#webpage","url":"https:\/\/dudasytextos.com\/preguntaquees\/que-es-riesgo-de-exclusion-social\/","name":"Qu\u00e9 es riesgo de exclusion social (2026) \u00bfQu\u00e9 es?","description":"Mi experiencia con el riesgo de exclusi\u00f3n social Por Ana Gonz\u00e1lez Curiosidades y estad\u00edsticas sobre el riesgo de exclusi\u00f3n social En Espa\u00f1a, cerca del 25% de la poblaci\u00f3n est\u00e1 en riesgo de exclusi\u00f3n social El desempleo y la precariedad laboral son los principales factores que aumentan el riesgo de exclusi\u00f3n social El 33,4% de los","inLanguage":"es-ES","isPartOf":{"@id":"https:\/\/dudasytextos.com\/preguntaquees\/#website"},"breadcrumb":{"@id":"https:\/\/dudasytextos.com\/preguntaquees\/que-es-riesgo-de-exclusion-social\/#breadcrumblist"},"author":{"@id":"https:\/\/dudasytextos.com\/preguntaquees\/author\/admin44\/#author"},"creator":{"@id":"https:\/\/dudasytextos.com\/preguntaquees\/author\/admin44\/#author"},"datePublished":"2025-03-01T22:11:25+00:00","dateModified":"2025-03-13T04:14:15+00:00"},{"@type":"WebSite","@id":"https:\/\/dudasytextos.com\/preguntaquees\/#website","url":"https:\/\/dudasytextos.com\/preguntaquees\/","name":"\u00bfC\u00f3mo funciona?","description":"\u00bfQu\u00e9 es?","inLanguage":"es-ES","publisher":{"@id":"https:\/\/dudasytextos.com\/preguntaquees\/#organization"}}]},"og:locale":"es_ES","og:site_name":"\u00bfQu\u00e9 es? - \u00bfQu\u00e9 es?","og:type":"article","og:title":"Qu\u00e9 es riesgo de exclusion social (2026) \u00bfQu\u00e9 es?","og:description":"Mi experiencia con el riesgo de exclusi\u00f3n social Por Ana Gonz\u00e1lez Curiosidades y estad\u00edsticas sobre el riesgo de exclusi\u00f3n social En Espa\u00f1a, cerca del 25% de la poblaci\u00f3n est\u00e1 en riesgo de exclusi\u00f3n social El desempleo y la precariedad laboral son los principales factores que aumentan el riesgo de exclusi\u00f3n social El 33,4% de los","og:url":"https:\/\/dudasytextos.com\/preguntaquees\/que-es-riesgo-de-exclusion-social\/","article:published_time":"2025-03-01T22:11:25+00:00","article:modified_time":"2025-03-13T04:14:15+00:00","twitter:card":"summary_large_image","twitter:title":"Qu\u00e9 es riesgo de exclusion social (2026) \u00bfQu\u00e9 es?","twitter:description":"Mi experiencia con el riesgo de exclusi\u00f3n social Por Ana Gonz\u00e1lez Curiosidades y estad\u00edsticas sobre el riesgo de exclusi\u00f3n social En Espa\u00f1a, cerca del 25% de la poblaci\u00f3n est\u00e1 en riesgo de exclusi\u00f3n social El desempleo y la precariedad laboral son los principales factores que aumentan el riesgo de exclusi\u00f3n social El 33,4% de los"},"aioseo_meta_data":{"post_id":"150429","title":null,"description":null,"keywords":null,"keyphrases":null,"primary_term":null,"canonical_url":null,"og_title":null,"og_description":null,"og_object_type":"default","og_image_type":"default","og_image_url":null,"og_image_width":null,"og_image_height":null,"og_image_custom_url":null,"og_image_custom_fields":null,"og_video":null,"og_custom_url":null,"og_article_section":null,"og_article_tags":null,"twitter_use_og":false,"twitter_card":"default","twitter_image_type":"default","twitter_image_url":null,"twitter_image_custom_url":null,"twitter_image_custom_fields":null,"twitter_title":null,"twitter_description":null,"schema":{"blockGraphs":[],"customGraphs":[],"default":{"data":{"Article":[],"Course":[],"Dataset":[],"FAQPage":[],"Movie":[],"Person":[],"Product":[],"ProductReview":[],"Car":[],"Recipe":[],"Service":[],"SoftwareApplication":[],"WebPage":[]},"graphName":"","isEnabled":true},"graphs":[]},"schema_type":"default","schema_type_options":null,"pillar_content":false,"robots_default":true,"robots_noindex":false,"robots_noarchive":false,"robots_nosnippet":false,"robots_nofollow":false,"robots_noimageindex":false,"robots_noodp":false,"robots_notranslate":false,"robots_max_snippet":null,"robots_max_videopreview":null,"robots_max_imagepreview":"large","priority":null,"frequency":null,"local_seo":null,"breadcrumb_settings":null,"limit_modified_date":false,"ai":null,"created":"2023-05-12 01:21:20","updated":"2025-06-04 04:16:28","seo_analyzer_scan_date":null,"focus_keyword":null,"additional_keywords":null,"truseo_locale":null},"aioseo_breadcrumb":"<div class=\"aioseo-breadcrumbs\"><span class=\"aioseo-breadcrumb\">\n\t\t\t<a href=\"https:\/\/dudasytextos.com\/preguntaquees\" title=\"Inicio\">Inicio<\/a>\n\t\t<\/span><span class=\"aioseo-breadcrumb-separator\">&raquo;<\/span><span class=\"aioseo-breadcrumb\">\n\t\t\t<a href=\"https:\/\/dudasytextos.com\/preguntaquees\/category\/que-es\/\" title=\"\u00bfQu\u00e9 es?\">\u00bfQu\u00e9 es?<\/a>\n\t\t<\/span><span class=\"aioseo-breadcrumb-separator\">&raquo;<\/span><span class=\"aioseo-breadcrumb\">\n\t\t\tQu\u00e9 es riesgo de exclusion social\n\t\t<\/span><\/div>","aioseo_breadcrumb_json":[{"label":"Inicio","link":"https:\/\/dudasytextos.com\/preguntaquees"},{"label":"\u00bfQu\u00e9 es?","link":"https:\/\/dudasytextos.com\/preguntaquees\/category\/que-es\/"},{"label":"Qu\u00e9 es riesgo de exclusion social","link":"https:\/\/dudasytextos.com\/preguntaquees\/que-es-riesgo-de-exclusion-social\/"}],"_links":{"self":[{"href":"https:\/\/dudasytextos.com\/preguntaquees\/wp-json\/wp\/v2\/posts\/150429","targetHints":{"allow":["GET"]}}],"collection":[{"href":"https:\/\/dudasytextos.com\/preguntaquees\/wp-json\/wp\/v2\/posts"}],"about":[{"href":"https:\/\/dudasytextos.com\/preguntaquees\/wp-json\/wp\/v2\/types\/post"}],"author":[{"embeddable":true,"href":"https:\/\/dudasytextos.com\/preguntaquees\/wp-json\/wp\/v2\/users\/1"}],"replies":[{"embeddable":true,"href":"https:\/\/dudasytextos.com\/preguntaquees\/wp-json\/wp\/v2\/comments?post=150429"}],"version-history":[{"count":1,"href":"https:\/\/dudasytextos.com\/preguntaquees\/wp-json\/wp\/v2\/posts\/150429\/revisions"}],"predecessor-version":[{"id":155400,"href":"https:\/\/dudasytextos.com\/preguntaquees\/wp-json\/wp\/v2\/posts\/150429\/revisions\/155400"}],"wp:attachment":[{"href":"https:\/\/dudasytextos.com\/preguntaquees\/wp-json\/wp\/v2\/media?parent=150429"}],"wp:term":[{"taxonomy":"category","embeddable":true,"href":"https:\/\/dudasytextos.com\/preguntaquees\/wp-json\/wp\/v2\/categories?post=150429"},{"taxonomy":"post_tag","embeddable":true,"href":"https:\/\/dudasytextos.com\/preguntaquees\/wp-json\/wp\/v2\/tags?post=150429"}],"curies":[{"name":"wp","href":"https:\/\/api.w.org\/{rel}","templated":true}]}}